{"id":4077,"date":"2021-04-19T10:57:08","date_gmt":"2021-04-19T10:57:08","guid":{"rendered":"http:\/\/desteptati.ro\/?p=4077"},"modified":"2021-04-19T10:57:08","modified_gmt":"2021-04-19T10:57:08","slug":"criza-planetara-bnr-si-finantele-mondiale","status":"publish","type":"post","link":"https:\/\/desteptati-va.ro\/index.php\/2021\/04\/19\/criza-planetara-bnr-si-finantele-mondiale\/","title":{"rendered":"Criza planetar\u0103, BNR \u015fi Finan\u0163ele Mondiale"},"content":{"rendered":"<div class=\"post-content\"><div class='booster-block booster-read-block'>\n                <div class=\"twp-read-time\">\n                \t<i class=\"booster-icon twp-clock\"><\/i> <span>Read Time:<\/span>16 Minute, 34 Second                <\/div>\n\n            <\/div><div id=\"yui_3_2_0_1_1316593914075264\" style=\"text-align: justify;\">\r\n<h4>Coinciden\u0163\u0103 sau nu, mai toate organismele financiare mondiale sunt conduse de evrei. Dorin\u0163a evreilor de a conduce finan\u0163ele lumii se poate reg\u0103si \u00een ambi\u0163ia de a conduce finan\u0163ele fiec\u0103rui popor \u00een parte, ale fiec\u0103rei na\u0163iuni sau ale fiec\u0103rui stat, astfel \u00eenc\u00e2t s\u0103 se constituie \u00eentr-o oligarhie dominant\u0103, \u00eentr-o aristocra\u0163ie a banului sau, mai nou, a tuturor valorilor mobile. Este un fapt cunoscut c\u0103 Banca Federal\u0103 a Statelor Unite ale Americii, care are rolul de banc\u0103 de emisie a monedei na\u0163ionale, dolarul american, este format\u0103 din b\u0103nci evreie\u015fti, precum B\u0103ncile Rothschild din Londra sau Paris.<\/h4>\r\n<h4>S\u0103 fie oare at\u00e2t de capabili ace\u015fti fii ai lui Israel ca s\u0103 \u00ee\u015fi aroge rolul de conduc\u0103tori mondiali? P\u00e2n\u0103 acum se pare c\u0103 da, pentru c\u0103 \u00een lipsa unei riposte ferme din partea celor care s-au aflat vremelnic la conducerea unor \u0163\u0103ri puternice din punct de vedere economic, precum SUA, Germania sau Fran\u0163a, ace\u015ftia au reu\u015fit, prin politici bine ticluite, s\u0103-\u015fi strecoare oamenii, astfel \u00eenc\u00e2t s\u0103 ajung\u0103 ei la putere. Pentru acest lucru, serviciile lor specializate \u00een jocuri operative merg pe cel pu\u0163in dou\u0103 linii, astfel \u00eenc\u00e2t, la final, s\u0103 aib\u0103 c\u00e2\u015ftig de cauz\u0103 cu una din ele.<\/h4>\r\n<figure id=\"attachment_2458\" aria-describedby=\"caption-attachment-2458\" style=\"width: 195px\" class=\"wp-caption aligncenter\"><a href=\"http:\/\/www.desteptati-va.ro\/wp-content\/uploads\/2011\/09\/Flickr_-_europeanpeoplesparty_-_EPP_Summit_October_2010_105.jpg\"><img loading=\"lazy\" decoding=\"async\" class=\"size-medium wp-image-2458\" title=\"Nicolas Paul St\u00e9phane S\u00e1rk\u00f6zy Nagy B\u00f3csa\" src=\"http:\/\/www.desteptati-va.ro\/wp-content\/uploads\/2011\/09\/Flickr_-_europeanpeoplesparty_-_EPP_Summit_October_2010_105-195x300.jpg\" alt=\"Nicolas Paul St\u00e9phane S\u00e1rk\u00f6zy Nagy B\u00f3csa\" width=\"195\" height=\"300\" \/><\/a><figcaption id=\"caption-attachment-2458\" class=\"wp-caption-text\">Nicolas Paul St\u00e9phane S\u00e1rk\u00f6zy Nagy B\u00f3csa<\/figcaption><\/figure>\r\n<h4 id=\"yui_3_2_0_1_1316593914075378\">Iat\u0103 numai un exemplu de acest gen, pe care \u00eel ofer\u0103 chiar Fran\u0163a la alegerile preziden\u0163iale din anul 2007. \u00cen ianuarie, Uniunea pentru o Mi\u015fcare Popular\u0103 (UMP) \u00eel desemneaz\u0103 pe Nicolas Sarkozy, pe numele s\u0103u adev\u0103rat Nicolas Paul St\u00e9phane S\u00e1rk\u00f6zy Nagy B\u00f3csa, evreu dup\u0103 mam\u0103, drept candidat oficial la alegerile preziden\u0163iale. Mama sa este Andr\u00e9e S\u00e1rk\u00f6zy, n\u0103scut\u0103 Mallah, fiica unui medic evreu sefard originar din Salonic. \u00cen Partidul Socialist, \u00een schimb, au loc lupte grele \u00eentre fran\u0163uzoaica S\u00e9gol\u00e8ne Royal \u015fi Dominique Strauss-Kahn. Acesta din urm\u0103 s-a n\u0103scut pe 25 aprilie 1949 din p\u0103rin\u0163i evrei \u2013 Gilbert Strauss-Kahn \u015fi Jacqueline Fellus \u2013 \u00een Neuilly-sur-Seine, o suburbie bogat\u0103 a Parisului. Aici, francezii din Partidul Socialist au fost foarte bine orienta\u0163i \u015fi au dejucat un plan care se configura \u00een perspectiva alegerii noului \u015fef al statului \u00eentre doi evrei, numai c\u0103 \u00een final efortul acestora s-a dovedit neeficient. Este foarte posibil ca victoria \u00een alegerile preziden\u0163iale din Fran\u0163a s\u0103 fi fost substan\u0163ial influen\u0163at\u0103 de evreii stabili\u0163i aici, pentru c\u0103 ace\u015ftia, dup\u0103 cum se cunoa\u015fte, r\u0103spund apelului serviciilor lor de informa\u0163ii oriunde s-ar afla pe mapamond.<\/h4>\r\n<figure id=\"attachment_2459\" aria-describedby=\"caption-attachment-2459\" style=\"width: 267px\" class=\"wp-caption aligncenter\"><a href=\"http:\/\/www.desteptati-va.ro\/wp-content\/uploads\/2011\/09\/Dominique-Strauss-Kahn.jpg\"><img loading=\"lazy\" decoding=\"async\" class=\"size-medium wp-image-2459\" title=\"Dominique Strauss-Kahn\" src=\"http:\/\/www.desteptati-va.ro\/wp-content\/uploads\/2011\/09\/Dominique-Strauss-Kahn-267x300.jpg\" alt=\"Dominique Strauss-Kahn\" width=\"267\" height=\"300\" \/><\/a><figcaption id=\"caption-attachment-2459\" class=\"wp-caption-text\">Dominique Strauss-Kahn<\/figcaption><\/figure>\r\n<h4>\u00cen acest fel se explic\u0103 \u015fi de ce, la pu\u0163in timp dup\u0103 confirmarea s\u0103 ca pre\u015fedinte al Fran\u0163ei, Nicolas Sarkozy l-a propus chiar pe rivalul s\u0103u politic Dominique Stauss-Kahn s\u0103 preia conducerea uneia din cele mai importante institu\u0163ii ale Noii Ordini Mondiale, \u015fi anume Fondul Monetar Interna\u0163ional, \u00eencep\u00e2nd cu 1 noiembrie 2007. \u015ei astfel este numit \u00een func\u0163ia de director un militant al Noii Ordini Mondiale, un propagandist al teoriilor Grupului Bilderberg de reformare a lumii financiare mondiale dup\u0103 regulile stabilite de ei. Se completeaz\u0103 astfel, dup\u0103 caz, activitatea mondial\u0103 a clanurilor evreie\u015fti Rothschild \u015fi Rockefeller, implicate \u00een tutelarea organismelor mondialiste, precum Comisia Trilateral\u0103 \u015fi Council on Foreign Relations (S.U.A.), precum \u015fi \u00een The Round Table.<\/h4>\r\n<figure id=\"attachment_2460\" aria-describedby=\"caption-attachment-2460\" style=\"width: 300px\" class=\"wp-caption aligncenter\"><a href=\"http:\/\/www.desteptati-va.ro\/wp-content\/uploads\/2011\/09\/cfr.png\"><img loading=\"lazy\" decoding=\"async\" class=\"size-medium wp-image-2460\" title=\"Sigla Council on Foreign Relations\" src=\"http:\/\/www.desteptati-va.ro\/wp-content\/uploads\/2011\/09\/cfr-300x166.png\" alt=\"Sigla Council on Foreign Relations\" width=\"300\" height=\"166\" \/><\/a><figcaption id=\"caption-attachment-2460\" class=\"wp-caption-text\">Sigla Council on Foreign Relations<\/figcaption><\/figure>\r\n<h4>Rom\u00e2nia, din p\u0103cate, din cauza politicilor antina\u0163ionale duse de actuala putere, \u00een frunte cu Traian B\u0103sescu, a c\u0103zut \u015fi ea \u00een capcana acestei oligarhii mondiale evreie\u015fti, pierz\u00e2ndu-\u015fi astfel independen\u0163a. De pe vremea lui Cuza nu s-a mai \u00eent\u00e2mplat ca finan\u0163ele \u0163\u0103rii s\u0103 fie controlate a\u015fa cum sunt controlate \u00een prezent de oamenii marii finan\u0163e mondiale.<\/h4>\r\n<\/div>\r\n\u00cen cazul \u0162\u0103rilor Rom\u00e2ne, crearea unei b\u0103nci centrale sub controlul \u201efiilor lui Israel\u201d a reprezentat o preocupare permanent\u0103 a organiza\u0163iilor evreie\u015fti. \u00cencep\u00e2nd cu anul 1866, la Bucure\u015fti, \u00een urma actului de concesiune semnat de domnitorul Alexandru Ioan Cuza, s-a \u00eenfiin\u0163at de c\u0103tre evreii englezi \u015fi francezi Banca Rom\u00e2niei. Concesiunea era valabil\u0103 p\u00e2n\u0103 \u00een 1903, dar, din ra\u0163iuni de Stat, dup\u0103 cucerirea Independen\u0163ei, la 1877, rom\u00e2nii au avut curajul s\u0103 creeze o alternativ\u0103, prin \u00eenfiin\u0163area unei b\u0103nci na\u0163ionale centrale, care s\u0103 sprijine efectiv dezvoltarea economic\u0103 a \u0163\u0103rii.\r\n\r\nBanca Rom\u00e2niei, creat\u0103 la 1866, conform concesiunii acordate de Cuza, avea \u00een componen\u0163a sa, ca principali ac\u0163ionari, pe E. Grenfell, asociat al celebrului bancher evreu londonez Morgan, precum \u015fi pe evreul francez Isaac Pereire, creatorul cartelului bancar francez Soci\u00e9t\u00e9 G\u00e9n\u00e9rale. Ace\u015ftia \u0163ineau sub control \u015fi Banque Imp\u00e9riale Ottomane din Istanbul, motiv pentru care Banca Rom\u00e2niei ap\u0103rea ca afiliat\u0103 (sau \u201efilial\u0103\u201d) a b\u0103ncii de la Istanbul. Ob\u0163inerea Independen\u0163ei Rom\u00e2niei la 1877 \u015fi ie\u015firea de sub tutela Imperiului Otoman, constituirea sa ca stat modern s-au lovit de o acerb\u0103 opozi\u0163ie a Alian\u0163ei Israelite, organiza\u0163ie evreiasc\u0103 mondial\u0103 cu sediul \u00een Fran\u0163a. Alian\u0163a Israelit\u0103 invoca la toate Marile Puteri abuzurile la care ar fi supu\u015fi evreii de c\u0103tre rom\u00e2ni. Nu este lipsit de semnifica\u0163ie faptul c\u0103 tocmai un israelit francez, evreul Isaac Pereire, de\u0163inea banca central\u0103 a Rom\u00e2niei, institu\u0163ie ce avea atribu\u0163ii de banc\u0103 de emisiune \u015fi de scont, iar Independen\u0163a Rom\u00e2niei \u00eel putea face s\u0103 piard\u0103 privilegiul emiterii de moned\u0103 rom\u00e2neasc\u0103, ceea ce s-a \u015fi \u00eent\u00e2mplat, p\u00e2n\u0103 la urm\u0103, rom\u00e2nii v\u0103z\u00e2nd c\u00e2t de pu\u0163in le-au vrut binele evreii.\r\n\r\n<figure id=\"attachment_2461\" aria-describedby=\"caption-attachment-2461\" style=\"width: 162px\" class=\"wp-caption aligncenter\"><a href=\"http:\/\/www.desteptati-va.ro\/wp-content\/uploads\/2011\/09\/3dk3btq5.png\"><img loading=\"lazy\" decoding=\"async\" class=\"size-full wp-image-2461\" title=\"Isaac Pereire\" src=\"http:\/\/www.desteptati-va.ro\/wp-content\/uploads\/2011\/09\/3dk3btq5.png\" alt=\"Isaac Pereire\" width=\"162\" height=\"184\" \/><\/a><figcaption id=\"caption-attachment-2461\" class=\"wp-caption-text\">Isaac Pereire<\/figcaption><\/figure>\r\n\r\nChiar dup\u0103 c\u00e2\u015ftigarea, cu jertfe grele, a Independen\u0163ei de c\u0103tre rom\u00e2ni, evreii \u015fi-au folosit toat\u0103 influen\u0163a pentru a impune politicienilor no\u015ftri ideea c\u0103 banca na\u0163ional\u0103, av\u00e2nd prerogativa de emitent al bancnotei, trebuie s\u0103 fie creat\u0103 de institu\u0163ii financiare str\u0103ine, iar capitalul s\u0103u s\u0103 r\u0103m\u00e2n\u0103 preponderent sau total str\u0103in. \u201eUn punct de vedere total opus, care a triumfat, apar\u0163ine oamenilor politici patrio\u0163i \u015fi const\u0103 \u00een folosirea exclusiv\u0103 a capitalului autohton, pentru evitarea controlului str\u0103in asupra pivotului \u00eentregii activit\u0103\u0163i b\u0103ne\u015fti din \u0163ar\u0103\u201d, scrie Radu Negrea (\u201eBanul \u015fi Puterea\u201d, Bucure\u015fti 1990, Ed. Humanitas).\r\n\r\nAstfel, Parlamentul Rom\u00e2n a votat, la 17 aprilie 1880, Legea privind \u201einstituirea unei b\u0103nci de scont \u015fi circula\u0163iune, sub denumirea de Banca Na\u0163ional\u0103 a Rom\u00e2niei, cu dreptul exclusiv de a emite bilete de banc\u0103 la purt\u0103tor\u201d. Aceasta a fost o lovitur\u0103 puternic\u0103 dat\u0103 israeli\u0163ilor lui Morgan. Banca Na\u0163ional\u0103 a Rom\u00e2niei, de\u0163inut\u0103 de Stat (33%) \u015fi de frunta\u015fii liberali (67%), a \u00eensemnat pasul emancip\u0103rii financiare a \u0163\u0103rii, al ob\u0163inerii de credite ne\u00eempov\u0103r\u0103toare pentru rom\u00e2ni. Ea mai exist\u0103 \u015fi ast\u0103zi, av\u00e2nd (\u00eenc\u0103!) un capital integral de Stat, \u015fi ar trebui s\u0103 mai fie (\u00eenc\u0103!) un simbol al suveranit\u0103\u0163ii na\u0163ionale. Dup\u0103 1989, \u00eens\u0103, guvernator al B\u0103ncii Na\u0163ionale a Rom\u00e2niei a fost, aproape f\u0103r\u0103 \u00eentrerupere, Mugur Is\u0103rescu, un agent al mondialismului sionist.<em> (mai multe despre Mugur Isarescu gasiti <a title=\"Sistemul bancar si Mugur Isarescu\" href=\"http:\/\/www.desteptati-va.ro\/index.php\/2011\/06\/14\/sistemul-bancar-si-mugur-isarescu-2\/\" target=\"_blank\" rel=\"noopener\">aici<\/a>)<\/em>\r\n\r\n<figure id=\"attachment_2474\" aria-describedby=\"caption-attachment-2474\" style=\"width: 300px\" class=\"wp-caption aligncenter\"><a href=\"http:\/\/www.desteptati-va.ro\/index.php\/2011\/06\/14\/sistemul-bancar-si-mugur-isarescu-2\/\"><img loading=\"lazy\" decoding=\"async\" class=\"size-medium wp-image-2474 \" title=\"Mugur Isarescu\" src=\"http:\/\/www.desteptati-va.ro\/wp-content\/uploads\/2011\/09\/Mugur-Isarescu-600x448-163kb-media-5693-media-126873-1197504739-300x224.jpg\" alt=\"Mugur Isarescu\" width=\"300\" height=\"224\" \/><\/a><figcaption id=\"caption-attachment-2474\" class=\"wp-caption-text\">Mugur Isarescu<\/figcaption><\/figure>\r\n\r\nDespre acesta s-a afirmat c\u0103 are leg\u0103tur\u0103 cu comenzile ocultei financiare interna\u0163ionale. Mugur Is\u0103rescu ar fi fost recrutat de c\u0103tre Council on Foreign Relations (C.F.R.) \u00een 1990, la New York. Recrutarea s-ar fi produs la Institutul pentru Studiul Economiei Mondiale din New York, pe c\u00e2nd Is\u0103rescu se afla la post. Conducerea C.F.R. (organiza\u0163ie controlat\u0103 de familiile bancherilor evrei Rockefeller \u015fi Rothschild, sus\u0163inu\u0163i de J.P. Morgan) a recrutat destui speciali\u015fti, poten\u0163iali \u00eenlocuitori ai celor care guvernau la vremea respectiv\u0103 \u00een \u0163\u0103rile est-europene. Pasul cel mai important f\u0103cut de Mugur Is\u0103rescu, \u00een conformitate cu dispozi\u0163iile C.F.R., a fost devalorizarea masiv\u0103 a monedei na\u0163ionale ca politic\u0103 monetar\u0103 \u015fi \u00eempr\u0103\u015ftierea la o rat\u0103 derizorie a tuturor crean\u0163elor Rom\u00e2niei (ex.: Egipt, Irak), pas sus\u0163inut \u015fi de prim-ministrul momentului, Theodor Stolojan, impus, de fapt, de oculta financiar\u0103, r\u0103spl\u0103tit ulterior cu un post la Banca Mondial\u0103.\r\n\r\n<figure id=\"attachment_2462\" aria-describedby=\"caption-attachment-2462\" style=\"width: 250px\" class=\"wp-caption aligncenter\"><a href=\"http:\/\/www.desteptati-va.ro\/wp-content\/uploads\/2011\/09\/Theodor-Stolojan-2.jpg\"><img loading=\"lazy\" decoding=\"async\" class=\"size-full wp-image-2462\" title=\"Theodor Stolojan\" src=\"http:\/\/www.desteptati-va.ro\/wp-content\/uploads\/2011\/09\/Theodor-Stolojan-2.jpg\" alt=\"Theodor Stolojan\" width=\"250\" height=\"216\" \/><\/a><figcaption id=\"caption-attachment-2462\" class=\"wp-caption-text\">Theodor Stolojan<\/figcaption><\/figure>\r\n\r\nPentru \u00eendep\u0103rtarea eventualilor investitori necontrola\u0163i de C.F.R., \u00een 1991, Th. Stolojan a na\u0163ionalizat valuta aflat\u0103 \u00een b\u0103nci, ceea ce a dus la un adev\u0103rat recul pentru investi\u0163iile str\u0103ine sc\u0103pate de sub controlul \u015fi manipularea ocultei de la New York. Un alt aspect demn de men\u0163ionat l-au constituit jocurile interbancare \u201epermise \u015fi \u00eencurajate\u201d de Mugur Is\u0103rescu, derulate prin b\u0103ncile aflate sub tutela C.F.R. (Chase Manhattan Ro, ING Barings, ABN AMRO), prin intermediul c\u0103rora importante fonduri valutare au p\u0103r\u0103sit Rom\u00e2nia. Faptul c\u0103 el este singurul rom\u00e2n membru al Comisiei Trilaterale, dar \u015fi cea mai \u201elongeviv\u0103\u201d personalitate \u00eentr-o func\u0163ie important\u0103 din Rom\u00e2nia dovede\u015fte multe \u00een acest sens. De altfel, el s-a \u015fi pronun\u0163at la sesiunea organizat\u0103 de Academia Rom\u00e2n\u0103, \u00een 2009, despre actuala criz\u0103 cu care se confunt\u0103 SUA, \u00een sensul celor sus\u0163inute de st\u0103p\u00e2nii s\u0103i din America: \u201eExist\u0103 ceva ce va schimba definitiv lumea \u00een aceast\u0103 criz\u0103.\u201d\r\n\r\nDa, a\u015fa este, ELITELE au creat, de mai bine de 200 de ani, crize majore de fiecare dat\u0103 c\u00e2nd doreau, pentru ca mai apoi s\u0103 vin\u0103 cu \u201esolu\u0163ii\u201d salvatoare. \u015ei de fiecare dat\u0103 astfel de solu\u0163ii s-au dovedit a fi etape \u00een crearea GUVERNULUI MONDIAL al NOII ORDINI MONDIALE. Acum asist\u0103m la faza final\u0103 a planului lor \u015fi, prin urmare, \u015fi megacriza de cur\u00e2nd declan\u015fat\u0103 va fi cea mai mare din istoria omenirii, reprezent\u00e2nd un cumul de crize: economic\u0103, foamete, ample mi\u015fc\u0103ri de strad\u0103, r\u0103zboaie cumplite. Dac\u0103 se urm\u0103re\u015fte cu aten\u0163ie evolu\u0163ia economiei mondiale se va constata c\u0103 are o singur\u0103 direc\u0163ie, spre dezastru, iar solu\u0163ia oferit\u0103 este GUVERNUL MONDIAL al NOII ORDINI MONDIALE.\r\n\r\nNivelul datoriei mondiale urmeaz\u0103 s\u0103 ating\u0103 49.500 de miliarde de dolari p\u00e2n\u0103 la sf\u00e2r\u015fitul acestui an, \u00een cre\u015ftere cu 45% fa\u0163\u0103 de anul 2007, fapt ce a marcat \u00eenceputul crizei, estimeaz\u0103 agen\u0163ia de evaluare financiar\u0103 Moody\u2019s Investors Service, citat\u0103 de \u201eLes Echos\u201d. Potrivit Moody\u2019s, cre\u015fterea \u00eenregistrat\u0103 de datoria mondial\u0103 \u00een acest an, de 15.300 de miliarde de dolari, este de 100 de ori mai mare dec\u00e2t planul Marshall, ajustat la infla\u0163ie. Cre\u015fterea datoriei mondiale se explic\u0103 prin planurile masive de relansare aplicate de guvernele din \u00eentreaga lume, pentru a dep\u0103\u015fi criza financiar\u0103. \u201eF\u0103r\u0103 nicio surpriz\u0103, \u0163\u0103rile din cadrul G7 au contribuit cu 78% la aceast\u0103 cre\u015ftere, bugetele lor fiind atinse cel mai grav de criza financiar\u0103\u201d, a precizat Jaime Reusche, analist \u00een cadrul Moody\u2019s.\r\n\r\nDatoria mondial\u0103 va reprezenta 80% din Produsul Intern Brut (PIB) mondial \u00een 2010, fa\u0163\u0103 de 63% \u00een 2008. SUA sunt \u0163ara cu cea mai mare datorie extern\u0103, de 13.454 miliarde de dolari, adic\u0103 94,3% din PIB. \u0162ara cu cea mai mare datorie extern\u0103 raportat\u0103 la Produsul Intern Brut este, la ora actual\u0103, Irlanda, cu o datorie de peste 12 ori mai mare dec\u00e2t PIB-ul, adic\u0103 2.386 de miliarde de dolari. Dup\u0103 ce au creat-o, au \u00eenceput s\u0103 lanseze semnale de alarm\u0103. Astfel, directorul general al Fondului Monetar Interna\u0163ional (FMI), Dominique Strauss-Kahn, a avertizat la Davos, pe 30 ianuarie 2009, c\u0103 datoria public\u0103 va fi \u201euna dintre cele mai mari probleme, poate cea mai mare din anii urm\u0103tori\u201d. Acesta a reafirmat pe 23 martie 2009, la Geneva, c\u0103 \u201edac\u0103 nu vor fi luate m\u0103suri suplimentare, criza va duce milioane de oameni \u00een s\u0103r\u0103cie, risc\u00e2nd tulbur\u0103ri sociale \u015fi chiar r\u0103zboi.\u201d\r\n\r\n<figure id=\"attachment_2463\" aria-describedby=\"caption-attachment-2463\" style=\"width: 217px\" class=\"wp-caption aligncenter\"><a href=\"http:\/\/www.desteptati-va.ro\/wp-content\/uploads\/2011\/09\/Lawrence_Summers_Treasury_portrait.jpg\"><img loading=\"lazy\" decoding=\"async\" class=\"size-medium wp-image-2463\" title=\"Lawrence Summers\" src=\"http:\/\/www.desteptati-va.ro\/wp-content\/uploads\/2011\/09\/Lawrence_Summers_Treasury_portrait-217x300.jpg\" alt=\"Lawrence Summers\" width=\"217\" height=\"300\" \/><\/a><figcaption id=\"caption-attachment-2463\" class=\"wp-caption-text\">Lawrence Summers<\/figcaption><\/figure>\r\n\r\n\u00centr-un interviu acordat ziarului \u201eFinancial Times\u201d, un alt evreu, Lawrence Henry (\u201eLarry\u201d) Summers, \u015feful National Economic Council al pre\u015fedintelui Barack Obama, a sugerat liderilor Planetei s\u0103 pompeze mult mai mul\u0163i bani publici \u00een economie, \u00een ceea ce zice el c\u0103 ar fi un efort coordonat de ie\u015fire din recesiune. Acesta este economist \u015fi a fost Secretarul Trezoreriei \u015fi economist \u015fef la Banca Mondial\u0103 \u00eentre 1991-1993. Este membru al Council on Foreign Relations \u015fi participant la \u00eentruniri ale Bilderberg Group.\r\n\r\n<figure id=\"attachment_2464\" aria-describedby=\"caption-attachment-2464\" style=\"width: 300px\" class=\"wp-caption aligncenter\"><a href=\"http:\/\/www.desteptati-va.ro\/wp-content\/uploads\/2011\/09\/paul_volcker.jpg\"><img loading=\"lazy\" decoding=\"async\" class=\"size-medium wp-image-2464\" title=\"Paul Volcker\" src=\"http:\/\/www.desteptati-va.ro\/wp-content\/uploads\/2011\/09\/paul_volcker-300x175.jpg\" alt=\"Paul Volcker\" width=\"300\" height=\"175\" \/><\/a><figcaption id=\"caption-attachment-2464\" class=\"wp-caption-text\">Paul Volcker<\/figcaption><\/figure>\r\n\r\nGa\u015fca este \u00eentregit\u0103 de Paul Volcker, evreu, numit de pre\u015fedintele Barack Obama \u00een fruntea Economic Recovery Advisory Board, dup\u0103 ce acesta i-a fost consilier economic \u00een campania electoral\u0103. El a afirmat c\u0103 economia global\u0103 s-ar putea deterioara chiar mai rapid dec\u00e2t \u00een cazul Marii Depresiuni din anii \u201830. Volcker a remarcat c\u0103 produc\u0163ia industrial\u0103 la nivel mondial se afl\u0103 \u00eentr-o sc\u0103dere mai accelerat\u0103 dec\u00e2t \u00een SUA, care are, oricum, probleme grave. \u201eNu \u0163in minte nicio perioad\u0103, poate nici m\u0103car \u00een timpul Marii Crize, \u00een care economia scade \u00eentr-un ritm at\u00e2t de alert \u015fi at\u00e2t de uniform \u00een lume\u201d, a declarat Volcker.\r\n\r\nN\u0103scut \u00een 1927, Paul Adolph Volcker a fost Chairman of the Federal Reserve sub Jimmy Carter \u015fi Ronald Reagan. A mai fost Director of Financial U.S., Department Treasury, unde a jucat un rol determinant pentru decizia de suspendare a gold convertibility \u00een 1971, vicepre\u015fedinte \u015fi Director of Planning la Chase Manhattan Bank, pre\u015fedinte al B\u0103ncii de Investi\u0163ii J. Rothschild, Wolfensohn &amp; Co. (James D.Wolfensohn va deveni mai t\u00e2rziu pre\u015fedinte al World Bank), Chairman of the Board of Trustees, al Group of Thirty. L-a ajutat pe David Rockefeller la crearea \u00een 1973 a Trilateral Commission, av\u00e2nd o lung\u0103 asociere cu familia Rockefeller, inclusiv \u00een calitate de membru al Trust Comitte al Rockefeller Group Inc.\r\n\r\n<figure id=\"attachment_2465\" aria-describedby=\"caption-attachment-2465\" style=\"width: 300px\" class=\"wp-caption aligncenter\"><a href=\"http:\/\/www.desteptati-va.ro\/wp-content\/uploads\/2011\/09\/Zoellick_Robert_official_portrait_2008.jpg\"><img loading=\"lazy\" decoding=\"async\" class=\"size-medium wp-image-2465\" title=\"Robert Zoellick\" src=\"http:\/\/www.desteptati-va.ro\/wp-content\/uploads\/2011\/09\/Zoellick_Robert_official_portrait_2008-300x225.jpg\" alt=\"Robert Zoellick\" width=\"300\" height=\"225\" \/><\/a><figcaption id=\"caption-attachment-2465\" class=\"wp-caption-text\">Robert Zoellick<\/figcaption><\/figure>\r\n\r\nUn alt evreu component de frunte al finan\u0163ei mondiale este Robert Zoellick, membru al Council on Foreign Relations \u015fi Bohemian Grove, numit pe 1 iulie 2007 de c\u0103tre George W. Bush pre\u015fedinte al B\u0103ncii Mondiale, unde l-a \u00eenlocuit pe un alt evreu, Paul Wolfowitz. \u00centr-un interviu acordat \u201eDaily Mail\u201d, fiind \u00een concordan\u0163\u0103 cu cei men\u0163iona\u0163i anterior, estimeaz\u0103 c\u0103 economia global\u0103 va suferi o contrac\u0163ie de la 1% la 2% \u00een acest an, nivel nemai\u00eent\u00e2lnit din 1930, ad\u0103ug\u00e2nd c\u0103 schimburile comerciale interna\u0163ionale vor \u00eenregistra la r\u00e2ndul lor o sc\u0103dere dramatic\u0103. Acest pronostic vine \u00een completarea declara\u0163iei pre\u015fedintelui FMI, Dominique Strauss-Kahn, are sus\u0163inea c\u0103 economia global\u0103 va \u00eenregistra prima sa contrac\u0163ie dup\u0103 60 de ani. \u201e Prin urmare, acestea sunt timpuri grave \u015fi periculoase\u201d, a spus la final pre\u015fedintele B\u0103ncii Mondiale.\r\n\r\nParticipant la Bilderberg Group, Robert Zoellick a fost Deputy (Adjunct) Secretary of State, Senior International Advisor Goldman Sachs. Provenind dintr-o familie de evrei din Germania, a fost membru Phi Beta Kappa, reprezentantul personal al lui Bush-senior la G7 (1991, 1992), fost \u015fef al Center for Strategic and International Studies, fost membru al German Marshall Fund, World Wildlife Fund, membru \u00een Comisia Trilateral\u0103. A semnat \u00een 1998, al\u0103turi de Donald Rumsfeld, Paul Wolfowitz, Richard Pearl, Elliot Abrams, Zalmay Khalilzad, John R. Bolton, Richard Armitage \u015fi Bill Kristol, documentul Project for the New American Century pentru \u00eenl\u0103turarea de la putere a lui Saddam Hussein.\r\n\r\n<figure id=\"attachment_2466\" aria-describedby=\"caption-attachment-2466\" style=\"width: 240px\" class=\"wp-caption aligncenter\"><img loading=\"lazy\" decoding=\"async\" class=\"size-medium wp-image-2466\" title=\"Ben Bernanke\" src=\"http:\/\/www.desteptati-va.ro\/wp-content\/uploads\/2011\/09\/Ben_Bernanke_official_portrait-240x300.jpg\" alt=\"Ben Bernanke\" width=\"240\" height=\"300\" \/><figcaption id=\"caption-attachment-2466\" class=\"wp-caption-text\">Ben Bernanke<\/figcaption><\/figure>\r\n\r\nLista este continuat\u0103 de Ben Shalom Bernanke, n\u0103scut \u00een 1953, evreu, pre\u015fedintele consiliului guvernatorilor, Federal Reserve, func\u0163ie \u00een care l-a succedat pe Alan Greenspan. \u00cen cadrul unei Conferin\u0163e de Pres\u0103 \u0163inut\u0103 la Council on Foreign Relations, fiind \u00een concordan\u0163\u0103 cu colegii s\u0103i, a afirmat referitor la Marea Depresiune urm\u0103toarele: \u201e Ave\u0163i dreptate, noi am f\u0103cut-o\u201d, ad\u0103ug\u00e2nd c\u0103 \u00een prea multe \u0163\u0103ri exist\u0103 prea multe reguli \u015fi pentru a putea rezolva criza \u015fi a evita o alta viitoare este nevoie de un set de reguli unitare. Personajul figureaz\u0103 a fi un specialist \u00een crize, scriind inclusiv despre Great Depression.\r\n\r\n<figure id=\"attachment_2467\" aria-describedby=\"caption-attachment-2467\" style=\"width: 234px\" class=\"wp-caption aligncenter\"><a href=\"http:\/\/www.desteptati-va.ro\/wp-content\/uploads\/2011\/09\/George_Soros_-_World_Economic_Forum_Annual_Meeting_Davos_2010.jpg\"><img loading=\"lazy\" decoding=\"async\" class=\"size-medium wp-image-2467\" title=\"George Soros\" src=\"http:\/\/www.desteptati-va.ro\/wp-content\/uploads\/2011\/09\/George_Soros_-_World_Economic_Forum_Annual_Meeting_Davos_2010-234x300.jpg\" alt=\"George Soros\" width=\"234\" height=\"300\" \/><\/a><figcaption id=\"caption-attachment-2467\" class=\"wp-caption-text\">George Soros<\/figcaption><\/figure>\r\n\r\nPotrivit speciali\u015ftilor, cel mai tare dintre to\u0163i este \u00eens\u0103 la ora actual\u0103 evreul George S\u00f6r\u00f6s. \u00cen v\u00e2rst\u0103 de 80 de ani, se afirm\u0103 c\u0103 este principalul p\u0103pu\u015far al pre\u015fedintelui Barack Obama. Potrivit \u201eWall Street Journal\u201d (WSJ), acesta este unul dintre marii opozan\u0163i ai monedei unice europene, \u00eempotriva acestuia mobiliz\u00e2ndu-se de c\u00e2teva s\u0103pt\u0103m\u00e2ni \u00eentreaga Uniune European\u0103, ambi\u0163ia sa \u015fi a celorlalte fonduri care mizeaz\u0103 pe c\u0103derea euro fiind s\u0103 aduc\u0103 paritatea euro-dolar la 1:1, fa\u0163\u0103 de 1:1,36, c\u00e2t este \u00een prezent. Decizia de a ataca moneda unic\u0103 european\u0103 s-ar fi luat \u00een cadrul unei cine de afaceri la sediul unei institu\u0163ii financiare din Manhattan. Tot potrivit acelora\u015fi ziari\u015fti, dup\u0103 \u201e lovitura\u201d dat\u0103 monedei euro de criza din Grecia, atacurile speculative adaug\u0103 presiuni suplimentare asupra monedei unice, care trebuie s\u0103 fac\u0103 fa\u0163\u0103 celei mai mari crize din istoria sa.\r\n\r\nAtacul asupra euro nu vine oric\u00e2nd, ci vine, ca din \u00eent\u00e2mplare, la scurt timp dup\u0103 ce miliardarul american \u015fi-a f\u0103cut publice opiniile sale cu privire la criza prin care trece spa\u0163iul european, \u00eencep\u00e2nd cu Grecia. S\u00f6r\u00f6s merge pe aceea\u015fi idee cu cei men\u0163iona\u0163i mai sus, din care rezult\u0103 c\u0103 zona euro are o serie de lipsuri fundamentale: absen\u0163a unor politici economice \u015fi bugetare comune \u015fi a unor mecanisme institu\u0163ionale de r\u0103spuns la criz\u0103. Iat\u0103, de exemplu, ce a afirmat \u015fi directorul FMI cu ocazia vizitei de acum c\u00e2teve zile \u00een Rom\u00e2nia: liderii UE nu fac eforturi suficiente pentru introducerea unor m\u0103suri de management \u015fi rezolvare a viitoarelor crize financiare, fiind necesar\u0103 o autoritate european\u0103 de interven\u0163ie pentru b\u0103nci. \u201eUE face eforturi \u00een domeniul reglement\u0103rilor trans-frontaliere \u015fi de supraveghere, dar nu \u00een aceea\u015fi m\u0103sur\u0103 \u015fi \u00een cazul managementului crizelor \u015fi al rezolv\u0103rii acestora\u201d, a declarat Strauss-Kahn. \u201e Solu\u0163iile actuale s-au dovedit nepotrivite, iar UE ar trebui s\u0103 analizeze crearea unei autorit\u0103\u0163i care s\u0103 rezolve problema falimentului unei b\u0103nci, care poate avea impact asupra mai multor \u0163\u0103ri\u201d, a mai spus \u015feful FMI. Obiectivul unui astfel de sistem trebuie s\u0103 fie eficien\u0163a costului, minimizarea contagiunii, a daunelor colaterale asupra economiei, a pierderilor deponen\u0163ilor \u015fi a costurilor bugetare, a ar\u0103tat el.\r\n\u201ePentru a fi solid, un astfel de sistem are nevoie de acces la finan\u0163are \u015fi de un mecanism de sus\u0163inere de la buget\u201d, a ad\u0103ugat Strauss-Kahn. Potrivit acestuia, liderii UE trebuie s\u0103 ajung\u0103 la timp la un compromis referitor la propunerile de \u00eembun\u0103t\u0103\u0163ire a reglement\u0103rii \u015fi supravegherii, astfel \u00eenc\u00e2t s\u0103 previn\u0103 declan\u015farea unor crize. De altfel, S\u00f6r\u00f6s este cunoscut pentru propunerile sale de \u201ereformare\u201d \u00een economia mondial\u0103. Similar celor pentru spa\u0163iul european, propunerile sale merg spre \u00eent\u0103rirea rolului FMI, c\u00e2t mai mult\u0103 reglementare \u015fi c\u00e2t mai strict\u0103 supraveghere central\u0103 \u015fi chiar \u201estabilizarea fluctua\u0163iilor de pre\u0163 ale m\u0103rfurilor\u201d. Sunt de men\u0163ionat aici afirma\u0163iile de un cinism absolut, cu care a \u015focat opinia public\u0103 \u00een 2009: \u201eActuala criz\u0103 este punctul culminant al muncii mele de o via\u0163\u0103\u201d \u015fi \u201eAm parte de o criz\u0103 foarte bun\u0103 (excelent\u0103)\u201d, recunosc\u00e2nd c\u0103 a c\u00e2\u015ftigat 2,9 miliarde de dolari de la declan\u015farea recesiunii. \u201eEste finalul unei ere. Cei care se a\u015fteapt\u0103 s\u0103 \u00ee\u015fi reia afacerile ca p\u00e2n\u0103 acum este clar c\u0103 nu \u00een\u0163eleg ce se \u00eent\u00e2mpl\u0103\u201d.\r\n\r\n\u00cen februarie 2009 declara pentru Reuters: \u201eSuntem martorii colapsului sistemului financiar \u015fi nu e nici un semn c\u0103 s-ar vedea cap\u0103tul acestei crize\u201d. A\u015fadar, observ\u0103m un model comun al acestor lovituri. Ele nu sunt luate \u00eentr-un context de \u201ejungl\u0103\u201d a pie\u0163ei, unde animalul mai \u015firet \u015fi mai puternic \u00eel doboar\u0103 pe cel mai slab. Ele sunt luate dup\u0103 \u201ep\u00e2ndirea\u201d acelor decizii pe care v\u00e2rfurile sistemului globalist financiar le iau, anticip\u00e2ndu-se consecin\u0163ele induse \u00een pie\u0163e de aceste decizii. Cu alte cuvinte, ceea ce nu putem ob\u0163ine \u00een condi\u0163ii de libertate, adic\u0103 certitudine \u015fi predictibilitate a ac\u0163iunii umane, putem ob\u0163ine \u00een condi\u0163ii de coerci\u0163ie, deoarece este evident c\u0103 \u00een condi\u0163ii de libertate nu putem avea certitudinea viitorului, acesta depinz\u00e2nd \u00een totalitate de ac\u0163iunile persoanelor, greu de prev\u0103zut \u00een mod normal. Tocmai aceast\u0103 imposibilitate a certitudinii, tocmai aceast\u0103 imprevizibilitate \u2013 relativ\u0103 \u2013 a ac\u0163iunii umane este pus\u0103 \u00een discu\u0163ie de S\u00f6r\u00f6s \u015fi de sus\u0163in\u0103torii structurilor globale de guvernare.\r\n\r\nMai trebuie amintit \u015fi c\u0103 tot el este cel care, \u00eenc\u0103 de la Forumul Economic de la Davos din ianuarie 1995, spunea: \u201eLumea are nevoie de o Nou\u0103 Ordine Mondial\u0103 \u015fi v\u0103 avertizez c\u0103 urmeaz\u0103 o perioad\u0103 de puternic\u0103 dezordine \u00een \u00eentreaga lume\u201d. S\u00f6r\u00f6s a f\u0103cut parte din boardul director al Council on Foreign Relations \u015fi este afiliat \u00een continuare acestei structuri de maxim\u0103 influen\u0163\u0103 asupra direc\u0163iilor politicilor interna\u0163ionale.\r\n<h4 style=\"text-align: justify;\">Analiz\u00e2nd aceste date \u015fi informa\u0163ii, este incredibil c\u00e2t tupeu au cei ce au b\u0103gat Planeta \u00een criz\u0103 \u015fi nu se las\u0103 p\u00e2n\u0103 nu o afund\u0103 cu totul, cu un sigur scop: s\u0103 aduc\u0103 omenirea \u00een pragul disper\u0103rii, pentru ca mai apoi s\u0103 vin\u0103 cu \u201esolu\u0163ia salvatoare\u201d: Guvernul Mondial al Noii Ordini Mondiale.<\/h4>\r\n<h4 style=\"text-align: justify;\"><em>Sursa: <a href=\"http:\/\/www.ioncoja.ro\/2010\/11\/planul-ocuparii-romaniei-de-catre-evrei\/\" target=\"_blank\" rel=\"noopener\">http:\/\/www.ioncoja.ro\/<\/a><\/em><\/h4>        <div class=\"booster-block booster-reactions-block\">\n            <div class=\"twp-reactions-icons\">\n                \n                <div class=\"twp-reacts-wrap\">\n                    <a react-data=\"be-react-1\" post-id=\"4077\" class=\"be-face-icons un-reacted\" href=\"javascript:void(0)\">\n                        <img decoding=\"async\" src=\"https:\/\/desteptati-va.ro\/wp-content\/plugins\/booster-extension\/\/assets\/icon\/happy.svg\" alt=\"Happy\">\n                    <\/a>\n                    <div class=\"twp-reaction-title\">\n                        Happy                    <\/div>\n                    <div class=\"twp-count-percent\">\n                                                    <span style=\"display: none;\" class=\"twp-react-count\">0<\/span>\n                        \n                                                <span class=\"twp-react-percent\"><span>0<\/span> %<\/span>\n                                            <\/div>\n                <\/div>\n\n                <div class=\"twp-reacts-wrap\">\n                    <a react-data=\"be-react-2\" post-id=\"4077\" class=\"be-face-icons un-reacted\" href=\"javascript:void(0)\">\n                        <img decoding=\"async\" src=\"https:\/\/desteptati-va.ro\/wp-content\/plugins\/booster-extension\/\/assets\/icon\/sad.svg\" alt=\"Sad\">\n                    <\/a>\n                    <div class=\"twp-reaction-title\">\n                        Sad                    <\/div>\n                    <div class=\"twp-count-percent\">\n                                                    <span style=\"display: none;\" class=\"twp-react-count\">0<\/span>\n                                                                        <span class=\"twp-react-percent\"><span>0<\/span> %<\/span>\n                                            <\/div>\n                <\/div>\n\n                <div class=\"twp-reacts-wrap\">\n                    <a react-data=\"be-react-3\" post-id=\"4077\" class=\"be-face-icons un-reacted\" href=\"javascript:void(0)\">\n                        <img decoding=\"async\" src=\"https:\/\/desteptati-va.ro\/wp-content\/plugins\/booster-extension\/\/assets\/icon\/excited.svg\" alt=\"Excited\">\n                    <\/a>\n                    <div class=\"twp-reaction-title\">\n                        Excited                    <\/div>\n                    <div class=\"twp-count-percent\">\n                                                    <span style=\"display: none;\" class=\"twp-react-count\">0<\/span>\n                                                                        <span class=\"twp-react-percent\"><span>0<\/span> %<\/span>\n                                            <\/div>\n                <\/div>\n\n                <div class=\"twp-reacts-wrap\">\n                    <a react-data=\"be-react-6\" post-id=\"4077\" class=\"be-face-icons un-reacted\" href=\"javascript:void(0)\">\n                        <img decoding=\"async\" src=\"https:\/\/desteptati-va.ro\/wp-content\/plugins\/booster-extension\/\/assets\/icon\/sleepy.svg\" alt=\"Sleepy\">\n                    <\/a>\n                    <div class=\"twp-reaction-title\">\n                        Sleepy                    <\/div>\n                    <div class=\"twp-count-percent\">\n                                                    <span style=\"display: none;\" class=\"twp-react-count\">0<\/span>\n                        \n                                                <span class=\"twp-react-percent\"><span>0<\/span> %<\/span>\n                                            <\/div>\n                <\/div>\n\n                <div class=\"twp-reacts-wrap\">\n                    <a react-data=\"be-react-4\" post-id=\"4077\" class=\"be-face-icons un-reacted\" href=\"javascript:void(0)\">\n                        <img decoding=\"async\" src=\"https:\/\/desteptati-va.ro\/wp-content\/plugins\/booster-extension\/\/assets\/icon\/angry.svg\" alt=\"Angry\">\n                    <\/a>\n                    <div class=\"twp-reaction-title\">Angry<\/div>\n                    <div class=\"twp-count-percent\">\n                                                    <span style=\"display: none;\" class=\"twp-react-count\">0<\/span>\n                                                                        <span class=\"twp-react-percent\"><span>0<\/span> %<\/span>\n                        \n                    <\/div>\n                <\/div>\n\n                <div class=\"twp-reacts-wrap\">\n                    <a react-data=\"be-react-5\" post-id=\"4077\" class=\"be-face-icons un-reacted\" href=\"javascript:void(0)\">\n                        <img decoding=\"async\" src=\"https:\/\/desteptati-va.ro\/wp-content\/plugins\/booster-extension\/\/assets\/icon\/surprise.svg\" alt=\"Surprise\">\n                    <\/a>\n                    <div class=\"twp-reaction-title\">Surprise<\/div>\n                    <div class=\"twp-count-percent\">\n                                                    <span style=\"display: none;\" class=\"twp-react-count\">0<\/span>\n                                                                        <span class=\"twp-react-percent\"><span>0<\/span> %<\/span>\n                                            <\/div>\n                <\/div>\n\n            <\/div>\n        <\/div>\n\n    <\/div>","protected":false},"excerpt":{"rendered":"<p>Coinciden\u0163\u0103 sau nu, mai toate organismele financiare mondiale sunt conduse de evrei. Dorin\u0163a evreilor de a conduce finan\u0163ele lumii se<a href=\"https:\/\/desteptati-va.ro\/index.php\/2021\/04\/19\/criza-planetara-bnr-si-finantele-mondiale\/\">Read More<i class=\"fa fa-long-arrow-right\" aria-hidden=\"true\"><\/i><\/a><\/p>\n","protected":false},"author":1,"featured_media":2059,"comment_status":"open","ping_status":"open","sticky":false,"template":"","format":"standard","meta":{"_crdt_document":"","footnotes":""},"categories":[16],"tags":[1459,1319,1460,1461,1462,59,60,1463,432,886,1464,1465,1466],"class_list":["post-4077","post","type-post","status-publish","format-standard","has-post-thumbnail","hentry","category-o-tara-furata","tag-banca-mondiala","tag-banci","tag-bnr","tag-cfr","tag-criza","tag-desteptati","tag-desteptati-va","tag-financiare","tag-finante","tag-fmi","tag-mondiale","tag-organisme","tag-rothschild"],"rise-blocks_total_comments":0,"rise-blocks_categories":[{"term_id":16,"name":"O tara furata","slug":"o-tara-furata","term_group":0,"term_taxonomy_id":16,"taxonomy":"category","description":"","parent":0,"count":19,"filter":"raw"}],"rise-blocks_excerpt":"Coinciden\u0163\u0103 sau nu, mai toate organismele financiare mondiale sunt conduse de evrei. Dorin\u0163a evreilor de a conduce finan\u0163ele lumii se poate reg\u0103si \u00een ambi\u0163ia de a conduce finan\u0163ele fiec\u0103rui popor \u00een parte, ale fiec\u0103rei na\u0163iuni sau ale fiec\u0103rui stat, astfel \u00eenc\u00e2t s\u0103 se constituie \u00eentr-o oligarhie dominant\u0103, \u00eentr-o aristocra\u0163ie a banului sau, mai nou, a tuturor valorilor mobile. Este un..","yoast_head":"<!-- This site is optimized with the Yoast SEO plugin v26.9 - https:\/\/yoast.com\/product\/yoast-seo-wordpress\/ -->\r\n<title>Criza planetar\u0103, BNR \u015fi Finan\u0163ele Mondiale -<\/title>\r\n<meta name=\"robots\" content=\"index, follow, max-snippet:-1, max-image-preview:large, max-video-preview:-1\" \/>\r\n<link rel=\"canonical\" href=\"https:\/\/desteptati-va.ro\/index.php\/2021\/04\/19\/criza-planetara-bnr-si-finantele-mondiale\/\" \/>\r\n<meta property=\"og:locale\" content=\"ro_RO\" \/>\r\n<meta property=\"og:type\" content=\"article\" \/>\r\n<meta property=\"og:title\" content=\"Criza planetar\u0103, BNR \u015fi Finan\u0163ele Mondiale -\" \/>\r\n<meta property=\"og:description\" content=\"Coinciden\u0163\u0103 sau nu, mai toate organismele financiare mondiale sunt conduse de evrei. Dorin\u0163a evreilor de a conduce finan\u0163ele lumii seRead More\" \/>\r\n<meta property=\"og:url\" content=\"https:\/\/desteptati-va.ro\/index.php\/2021\/04\/19\/criza-planetara-bnr-si-finantele-mondiale\/\" \/>\r\n<meta property=\"article:published_time\" content=\"2021-04-19T10:57:08+00:00\" \/>\r\n<meta property=\"og:image\" content=\"https:\/\/desteptati-va.ro\/wp-content\/uploads\/2021\/04\/pozaBNR-scaled-e1618829667916.jpg\" \/>\r\n\t<meta property=\"og:image:width\" content=\"336\" \/>\r\n\t<meta property=\"og:image:height\" content=\"201\" \/>\r\n\t<meta property=\"og:image:type\" content=\"image\/jpeg\" \/>\r\n<meta name=\"author\" content=\"wolfsoftcompany\" \/>\r\n<meta name=\"twitter:card\" content=\"summary_large_image\" \/>\r\n<meta name=\"twitter:label1\" content=\"Scris de\" \/>\n\t<meta name=\"twitter:data1\" content=\"wolfsoftcompany\" \/>\n\t<meta name=\"twitter:label2\" content=\"Timp estimat pentru citire\" \/>\n\t<meta name=\"twitter:data2\" content=\"18 minute\" \/>\r\n<script type=\"application\/ld+json\" class=\"yoast-schema-graph\">{\"@context\":\"https:\/\/schema.org\",\"@graph\":[{\"@type\":\"Article\",\"@id\":\"https:\/\/desteptati-va.ro\/index.php\/2021\/04\/19\/criza-planetara-bnr-si-finantele-mondiale\/#article\",\"isPartOf\":{\"@id\":\"https:\/\/desteptati-va.ro\/index.php\/2021\/04\/19\/criza-planetara-bnr-si-finantele-mondiale\/\"},\"author\":{\"name\":\"wolfsoftcompany\",\"@id\":\"https:\/\/desteptati-va.ro\/#\/schema\/person\/13182deeebd44920914899f7bb262d6b\"},\"headline\":\"Criza planetar\u0103, BNR \u015fi Finan\u0163ele Mondiale\",\"datePublished\":\"2021-04-19T10:57:08+00:00\",\"mainEntityOfPage\":{\"@id\":\"https:\/\/desteptati-va.ro\/index.php\/2021\/04\/19\/criza-planetara-bnr-si-finantele-mondiale\/\"},\"wordCount\":3603,\"commentCount\":0,\"image\":{\"@id\":\"https:\/\/desteptati-va.ro\/index.php\/2021\/04\/19\/criza-planetara-bnr-si-finantele-mondiale\/#primaryimage\"},\"thumbnailUrl\":\"https:\/\/desteptati-va.ro\/wp-content\/uploads\/2021\/04\/pozaBNR-scaled-e1618829667916.jpg\",\"keywords\":[\"Banca Mondiala\",\"banci\",\"BNR\",\"CFR\",\"criza\",\"desteptati\",\"desteptati-va\",\"financiare\",\"finante\",\"FMI\",\"mondiale\",\"organisme\",\"Rothschild\"],\"articleSection\":[\"O tara furata\"],\"inLanguage\":\"ro-RO\",\"potentialAction\":[{\"@type\":\"CommentAction\",\"name\":\"Comment\",\"target\":[\"https:\/\/desteptati-va.ro\/index.php\/2021\/04\/19\/criza-planetara-bnr-si-finantele-mondiale\/#respond\"]}]},{\"@type\":\"WebPage\",\"@id\":\"https:\/\/desteptati-va.ro\/index.php\/2021\/04\/19\/criza-planetara-bnr-si-finantele-mondiale\/\",\"url\":\"https:\/\/desteptati-va.ro\/index.php\/2021\/04\/19\/criza-planetara-bnr-si-finantele-mondiale\/\",\"name\":\"Criza planetar\u0103, BNR \u015fi Finan\u0163ele Mondiale -\",\"isPartOf\":{\"@id\":\"https:\/\/desteptati-va.ro\/#website\"},\"primaryImageOfPage\":{\"@id\":\"https:\/\/desteptati-va.ro\/index.php\/2021\/04\/19\/criza-planetara-bnr-si-finantele-mondiale\/#primaryimage\"},\"image\":{\"@id\":\"https:\/\/desteptati-va.ro\/index.php\/2021\/04\/19\/criza-planetara-bnr-si-finantele-mondiale\/#primaryimage\"},\"thumbnailUrl\":\"https:\/\/desteptati-va.ro\/wp-content\/uploads\/2021\/04\/pozaBNR-scaled-e1618829667916.jpg\",\"datePublished\":\"2021-04-19T10:57:08+00:00\",\"author\":{\"@id\":\"https:\/\/desteptati-va.ro\/#\/schema\/person\/13182deeebd44920914899f7bb262d6b\"},\"breadcrumb\":{\"@id\":\"https:\/\/desteptati-va.ro\/index.php\/2021\/04\/19\/criza-planetara-bnr-si-finantele-mondiale\/#breadcrumb\"},\"inLanguage\":\"ro-RO\",\"potentialAction\":[{\"@type\":\"ReadAction\",\"target\":[\"https:\/\/desteptati-va.ro\/index.php\/2021\/04\/19\/criza-planetara-bnr-si-finantele-mondiale\/\"]}]},{\"@type\":\"ImageObject\",\"inLanguage\":\"ro-RO\",\"@id\":\"https:\/\/desteptati-va.ro\/index.php\/2021\/04\/19\/criza-planetara-bnr-si-finantele-mondiale\/#primaryimage\",\"url\":\"https:\/\/desteptati-va.ro\/wp-content\/uploads\/2021\/04\/pozaBNR-scaled-e1618829667916.jpg\",\"contentUrl\":\"https:\/\/desteptati-va.ro\/wp-content\/uploads\/2021\/04\/pozaBNR-scaled-e1618829667916.jpg\",\"width\":336,\"height\":201},{\"@type\":\"BreadcrumbList\",\"@id\":\"https:\/\/desteptati-va.ro\/index.php\/2021\/04\/19\/criza-planetara-bnr-si-finantele-mondiale\/#breadcrumb\",\"itemListElement\":[{\"@type\":\"ListItem\",\"position\":1,\"name\":\"Prima pagin\u0103\",\"item\":\"https:\/\/desteptati-va.ro\/\"},{\"@type\":\"ListItem\",\"position\":2,\"name\":\"Criza planetar\u0103, BNR \u015fi Finan\u0163ele Mondiale\"}]},{\"@type\":\"WebSite\",\"@id\":\"https:\/\/desteptati-va.ro\/#website\",\"url\":\"https:\/\/desteptati-va.ro\/\",\"name\":\"\",\"description\":\"\",\"potentialAction\":[{\"@type\":\"SearchAction\",\"target\":{\"@type\":\"EntryPoint\",\"urlTemplate\":\"https:\/\/desteptati-va.ro\/?s={search_term_string}\"},\"query-input\":{\"@type\":\"PropertyValueSpecification\",\"valueRequired\":true,\"valueName\":\"search_term_string\"}}],\"inLanguage\":\"ro-RO\"},{\"@type\":\"Person\",\"@id\":\"https:\/\/desteptati-va.ro\/#\/schema\/person\/13182deeebd44920914899f7bb262d6b\",\"name\":\"wolfsoftcompany\",\"image\":{\"@type\":\"ImageObject\",\"inLanguage\":\"ro-RO\",\"@id\":\"https:\/\/desteptati-va.ro\/#\/schema\/person\/image\/\",\"url\":\"https:\/\/secure.gravatar.com\/avatar\/a6cce9b6d101d27d91690e7073e300fed94c0899890bf998e082cb9d2c3d121e?s=96&d=mm&r=g\",\"contentUrl\":\"https:\/\/secure.gravatar.com\/avatar\/a6cce9b6d101d27d91690e7073e300fed94c0899890bf998e082cb9d2c3d121e?s=96&d=mm&r=g\",\"caption\":\"wolfsoftcompany\"},\"sameAs\":[\"http:\/\/desteptati-va.ro\"],\"url\":\"https:\/\/desteptati-va.ro\/index.php\/author\/wolfsoftcompany\/\"}]}<\/script>\r\n<!-- \/ Yoast SEO plugin. -->","yoast_head_json":{"title":"Criza planetar\u0103, BNR \u015fi Finan\u0163ele Mondiale -","robots":{"index":"index","follow":"follow","max-snippet":"max-snippet:-1","max-image-preview":"max-image-preview:large","max-video-preview":"max-video-preview:-1"},"canonical":"https:\/\/desteptati-va.ro\/index.php\/2021\/04\/19\/criza-planetara-bnr-si-finantele-mondiale\/","og_locale":"ro_RO","og_type":"article","og_title":"Criza planetar\u0103, BNR \u015fi Finan\u0163ele Mondiale -","og_description":"Coinciden\u0163\u0103 sau nu, mai toate organismele financiare mondiale sunt conduse de evrei. Dorin\u0163a evreilor de a conduce finan\u0163ele lumii seRead More","og_url":"https:\/\/desteptati-va.ro\/index.php\/2021\/04\/19\/criza-planetara-bnr-si-finantele-mondiale\/","article_published_time":"2021-04-19T10:57:08+00:00","og_image":[{"width":336,"height":201,"url":"https:\/\/desteptati-va.ro\/wp-content\/uploads\/2021\/04\/pozaBNR-scaled-e1618829667916.jpg","type":"image\/jpeg"}],"author":"wolfsoftcompany","twitter_card":"summary_large_image","twitter_misc":{"Scris de":"wolfsoftcompany","Timp estimat pentru citire":"18 minute"},"schema":{"@context":"https:\/\/schema.org","@graph":[{"@type":"Article","@id":"https:\/\/desteptati-va.ro\/index.php\/2021\/04\/19\/criza-planetara-bnr-si-finantele-mondiale\/#article","isPartOf":{"@id":"https:\/\/desteptati-va.ro\/index.php\/2021\/04\/19\/criza-planetara-bnr-si-finantele-mondiale\/"},"author":{"name":"wolfsoftcompany","@id":"https:\/\/desteptati-va.ro\/#\/schema\/person\/13182deeebd44920914899f7bb262d6b"},"headline":"Criza planetar\u0103, BNR \u015fi Finan\u0163ele Mondiale","datePublished":"2021-04-19T10:57:08+00:00","mainEntityOfPage":{"@id":"https:\/\/desteptati-va.ro\/index.php\/2021\/04\/19\/criza-planetara-bnr-si-finantele-mondiale\/"},"wordCount":3603,"commentCount":0,"image":{"@id":"https:\/\/desteptati-va.ro\/index.php\/2021\/04\/19\/criza-planetara-bnr-si-finantele-mondiale\/#primaryimage"},"thumbnailUrl":"https:\/\/desteptati-va.ro\/wp-content\/uploads\/2021\/04\/pozaBNR-scaled-e1618829667916.jpg","keywords":["Banca Mondiala","banci","BNR","CFR","criza","desteptati","desteptati-va","financiare","finante","FMI","mondiale","organisme","Rothschild"],"articleSection":["O tara furata"],"inLanguage":"ro-RO","potentialAction":[{"@type":"CommentAction","name":"Comment","target":["https:\/\/desteptati-va.ro\/index.php\/2021\/04\/19\/criza-planetara-bnr-si-finantele-mondiale\/#respond"]}]},{"@type":"WebPage","@id":"https:\/\/desteptati-va.ro\/index.php\/2021\/04\/19\/criza-planetara-bnr-si-finantele-mondiale\/","url":"https:\/\/desteptati-va.ro\/index.php\/2021\/04\/19\/criza-planetara-bnr-si-finantele-mondiale\/","name":"Criza planetar\u0103, BNR \u015fi Finan\u0163ele Mondiale -","isPartOf":{"@id":"https:\/\/desteptati-va.ro\/#website"},"primaryImageOfPage":{"@id":"https:\/\/desteptati-va.ro\/index.php\/2021\/04\/19\/criza-planetara-bnr-si-finantele-mondiale\/#primaryimage"},"image":{"@id":"https:\/\/desteptati-va.ro\/index.php\/2021\/04\/19\/criza-planetara-bnr-si-finantele-mondiale\/#primaryimage"},"thumbnailUrl":"https:\/\/desteptati-va.ro\/wp-content\/uploads\/2021\/04\/pozaBNR-scaled-e1618829667916.jpg","datePublished":"2021-04-19T10:57:08+00:00","author":{"@id":"https:\/\/desteptati-va.ro\/#\/schema\/person\/13182deeebd44920914899f7bb262d6b"},"breadcrumb":{"@id":"https:\/\/desteptati-va.ro\/index.php\/2021\/04\/19\/criza-planetara-bnr-si-finantele-mondiale\/#breadcrumb"},"inLanguage":"ro-RO","potentialAction":[{"@type":"ReadAction","target":["https:\/\/desteptati-va.ro\/index.php\/2021\/04\/19\/criza-planetara-bnr-si-finantele-mondiale\/"]}]},{"@type":"ImageObject","inLanguage":"ro-RO","@id":"https:\/\/desteptati-va.ro\/index.php\/2021\/04\/19\/criza-planetara-bnr-si-finantele-mondiale\/#primaryimage","url":"https:\/\/desteptati-va.ro\/wp-content\/uploads\/2021\/04\/pozaBNR-scaled-e1618829667916.jpg","contentUrl":"https:\/\/desteptati-va.ro\/wp-content\/uploads\/2021\/04\/pozaBNR-scaled-e1618829667916.jpg","width":336,"height":201},{"@type":"BreadcrumbList","@id":"https:\/\/desteptati-va.ro\/index.php\/2021\/04\/19\/criza-planetara-bnr-si-finantele-mondiale\/#breadcrumb","itemListElement":[{"@type":"ListItem","position":1,"name":"Prima pagin\u0103","item":"https:\/\/desteptati-va.ro\/"},{"@type":"ListItem","position":2,"name":"Criza planetar\u0103, BNR \u015fi Finan\u0163ele Mondiale"}]},{"@type":"WebSite","@id":"https:\/\/desteptati-va.ro\/#website","url":"https:\/\/desteptati-va.ro\/","name":"","description":"","potentialAction":[{"@type":"SearchAction","target":{"@type":"EntryPoint","urlTemplate":"https:\/\/desteptati-va.ro\/?s={search_term_string}"},"query-input":{"@type":"PropertyValueSpecification","valueRequired":true,"valueName":"search_term_string"}}],"inLanguage":"ro-RO"},{"@type":"Person","@id":"https:\/\/desteptati-va.ro\/#\/schema\/person\/13182deeebd44920914899f7bb262d6b","name":"wolfsoftcompany","image":{"@type":"ImageObject","inLanguage":"ro-RO","@id":"https:\/\/desteptati-va.ro\/#\/schema\/person\/image\/","url":"https:\/\/secure.gravatar.com\/avatar\/a6cce9b6d101d27d91690e7073e300fed94c0899890bf998e082cb9d2c3d121e?s=96&d=mm&r=g","contentUrl":"https:\/\/secure.gravatar.com\/avatar\/a6cce9b6d101d27d91690e7073e300fed94c0899890bf998e082cb9d2c3d121e?s=96&d=mm&r=g","caption":"wolfsoftcompany"},"sameAs":["http:\/\/desteptati-va.ro"],"url":"https:\/\/desteptati-va.ro\/index.php\/author\/wolfsoftcompany\/"}]}},"_links":{"self":[{"href":"https:\/\/desteptati-va.ro\/index.php\/wp-json\/wp\/v2\/posts\/4077","targetHints":{"allow":["GET"]}}],"collection":[{"href":"https:\/\/desteptati-va.ro\/index.php\/wp-json\/wp\/v2\/posts"}],"about":[{"href":"https:\/\/desteptati-va.ro\/index.php\/wp-json\/wp\/v2\/types\/post"}],"author":[{"embeddable":true,"href":"https:\/\/desteptati-va.ro\/index.php\/wp-json\/wp\/v2\/users\/1"}],"replies":[{"embeddable":true,"href":"https:\/\/desteptati-va.ro\/index.php\/wp-json\/wp\/v2\/comments?post=4077"}],"version-history":[{"count":1,"href":"https:\/\/desteptati-va.ro\/index.php\/wp-json\/wp\/v2\/posts\/4077\/revisions"}],"predecessor-version":[{"id":4079,"href":"https:\/\/desteptati-va.ro\/index.php\/wp-json\/wp\/v2\/posts\/4077\/revisions\/4079"}],"wp:featuredmedia":[{"embeddable":true,"href":"https:\/\/desteptati-va.ro\/index.php\/wp-json\/wp\/v2\/media\/2059"}],"wp:attachment":[{"href":"https:\/\/desteptati-va.ro\/index.php\/wp-json\/wp\/v2\/media?parent=4077"}],"wp:term":[{"taxonomy":"category","embeddable":true,"href":"https:\/\/desteptati-va.ro\/index.php\/wp-json\/wp\/v2\/categories?post=4077"},{"taxonomy":"post_tag","embeddable":true,"href":"https:\/\/desteptati-va.ro\/index.php\/wp-json\/wp\/v2\/tags?post=4077"}],"curies":[{"name":"wp","href":"https:\/\/api.w.org\/{rel}","templated":true}]}}