{"id":4080,"date":"2021-04-19T11:01:34","date_gmt":"2021-04-19T11:01:34","guid":{"rendered":"http:\/\/desteptati.ro\/?p=4080"},"modified":"2021-04-19T11:01:34","modified_gmt":"2021-04-19T11:01:34","slug":"scurt-istoric-al-f-m-i-si-efectele-dezastruoase-pentru-economiile-nationale","status":"publish","type":"post","link":"https:\/\/desteptati-va.ro\/index.php\/2021\/04\/19\/scurt-istoric-al-f-m-i-si-efectele-dezastruoase-pentru-economiile-nationale\/","title":{"rendered":"Scurt istoric al F.M.I. \u015fi efectele dezastruoase pentru economiile na\u0163ionale"},"content":{"rendered":"<div class=\"post-content\"><div class='booster-block booster-read-block'>\n                <div class=\"twp-read-time\">\n                \t<i class=\"booster-icon twp-clock\"><\/i> <span>Read Time:<\/span>5 Minute, 51 Second                <\/div>\n\n            <\/div><h4 style=\"text-align: justify;\">Incompeten\u0163a Cabinetului Boc a afundat Rom\u00e2nia \u00eentr-o situa\u0163ie economic\u0103 f\u0103r\u0103 precedent. Reprezentan\u0163ii FMI ne cer m\u0103suri extreme, aproape de cele pe care le-au solicitat Executivului de la Atena. Jeffrey Franks, \u015feful misiunii FMI \u00een Rom\u00e2nia, a ajuns zilele acestea adev\u0103ratul premier al Rom\u00e2niei.<\/h4>\r\n<h4 style=\"text-align: justify;\">Dup\u0103 un an de acord cu Fondul Monetar International, Rom\u00e2nia are cu aproape 250.000 mai mul\u0163i \u015fomeri \u015fi datorii ce vor ap\u0103sa pe um\u0103rul pl\u0103titorilor de taxe.<\/h4>\r\n<figure id=\"attachment_2406\" aria-describedby=\"caption-attachment-2406\" style=\"width: 300px\" class=\"wp-caption aligncenter\"><a href=\"http:\/\/www.desteptati-va.ro\/wp-content\/uploads\/2011\/09\/stiglitz_395.jpg\"><img loading=\"lazy\" decoding=\"async\" class=\"size-medium wp-image-2406\" title=\"Joseph Eugene Stiglitz\" src=\"http:\/\/www.desteptati-va.ro\/wp-content\/uploads\/2011\/09\/stiglitz_395-300x180.jpg\" alt=\"Joseph Eugene Stiglitz\" width=\"300\" height=\"180\" \/><\/a><figcaption id=\"caption-attachment-2406\" class=\"wp-caption-text\">Joseph Eugene Stiglitz<\/figcaption><\/figure>\r\n<h4 style=\"text-align: justify;\"><strong>Joseph Eugene Stiglitz<\/strong> este un economist american, profesor la Universitatea Columbia si laureat al premiului Nobel in Economie (2001). Este fost senior vice presedinte si economist sef la Banca Mondiala. In cartea sa, \u201cGlobalization and Its Discontents\u201d, el indica FMI ca avand vina majora pentru teoriile economice nocive, lipsa transparentei si responsabilitatii publice si urmarirea intereselor marilor corporatii din SUA.<\/h4>\r\n<h4 style=\"text-align: justify;\">Polonia, singura tara din Europa cu crestere economica pozitiva in 2009,\u00a0 a <strong>REFUZAT un imprumut FMI si scutul anti-racheta american<\/strong>. Lech Kaczynski a avut viziunea unei tari puternice si independente si impreuna cu ceilalti lideri polonezi au dat o lectie de economie Uniunii Europene chiar in primul an de criza!!!<strong> Timp de 6 ani privatizarile companiilor de stat au fost blocate. Criticat\u0103 intens pentru privatizarea lent\u0103, Polonia are acum la dispozi\u021bie o surs\u0103 major\u0103 de venituri, o bun\u0103 parte din economia local\u0103 fiind controlat\u0103 \u00eenc\u0103 de stat.<\/strong><\/h4>\r\n<h4 style=\"text-align: justify;\">La \u00eenceputul lunii noiembrie 2008, c\u00e2nd \u00een Rom\u00e2nia criza economic\u0103 era negata oficial (la cel mai inalt nivel), cabinetul de la Var\u0219ovia anun\u021ba un plan anticriz\u0103 \u00een valoare de aproape 20 mld. euro. Nici una dintre m\u0103suri nu este spectaculoas\u0103: garan\u021bii guvernamentale pentru creditele luate de IMM\u2011uri, asisten\u021b\u0103 financiar\u0103 pentru companiile care \u00eenregistreaz\u0103 sc\u0103deri ale cererii, relaxarea temporar\u0103 a restric\u021biilor din Codul Muncii, ridicarea plafonului de neimpozitare a profitului reinvestit \u0219i un pachet de m\u0103suri sociale, de genul subven\u021bion\u0103rii ipotecilor pentru polonezii r\u0103ma\u0219i f\u0103r\u0103 loc de munc\u0103.<\/h4>\r\n<figure id=\"attachment_2409\" aria-describedby=\"caption-attachment-2409\" style=\"width: 300px\" class=\"wp-caption aligncenter\"><a href=\"http:\/\/www.desteptati-va.ro\/wp-content\/uploads\/2011\/09\/hampl11.jpg\"><img loading=\"lazy\" decoding=\"async\" class=\"size-full wp-image-2409\" title=\"Mojmir Hampl\" src=\"http:\/\/www.desteptati-va.ro\/wp-content\/uploads\/2011\/09\/hampl11.jpg\" alt=\"Mojmir Hampl\" width=\"300\" height=\"208\" \/><\/a><figcaption id=\"caption-attachment-2409\" class=\"wp-caption-text\">Mojmir Hampl<\/figcaption><\/figure>\r\n<h4 style=\"text-align: justify;\"><strong>Mojmir Hampl<\/strong>, viceguvernatorul bancii centrale a Cehiei, intr-un interviu acordat cotidianului Der Standard si preluat de Reuters: \u201cFondul Monetar International (FMI) a alimentat anul trecut criza economica din Europa emergenta, pentru a crea o situatie care sa determine statele din regiune sa ceara ajutorul institutiei, care a oferit fonduri de urgenta Ungariei, Letoniei, Ucrainei si Romaniei, a interpretat in mod gresit anumite date deoarece cauta de lucru dupa schimbarea conducerii.<\/h4>\r\n<h4 style=\"text-align: justify;\">\u201cEste ridicol ca tocmai FMI a accelerat criza. A fost o incercare de a provoca bail-out-ul intregii regiuni. Inaintea crizei, FMI nu avea practic niciun client. Odata cu aceasta criza si cu noua conducere in frunte cu Dominique Strauss-Kahn, Fondul si-a gasit de lucru si a obtinut mai multi bani. Interpretarea gresita de catre FMI a fost neplacuta si au corectat aceste date dupa ce am intervenit\u201d.<\/h4>\r\n<h4 style=\"text-align: justify;\">Hampl a mai spus ca \u201cnu e nicio graba\u201d ca Cehia sa intre in zona euro, nici din partea autoritatilor de la Praga, nici din partea membrilor uniunii monetare.<\/h4>\r\n<h4 style=\"text-align: justify;\">\u201cCererea de membri noi in zona euro a cazut in criza. Decizia privind Estonia va arata calea. Ar putea fi mai complicat decat a fost pentru Slovenia si Slovacia\u201d, a afirmat el.<\/h4>\r\n<h4 style=\"text-align: justify;\">Oficialul ceh a avertizat insa ca adoptarea euro nu reprezinta \u201cun leac universal\u201d pentru statele emergente.<\/h4>\r\n<h4 style=\"text-align: justify;\">Unii cred ca isi vor putea trage sufletul odata ce au intrat in zona euro. Aceasta atitudine conduce direct la scenariul grec. Parintii monedei euro credeau ca adoptarea acesteia ar accelera reformele structurale. Exemplul Greciei arata ca opusul acestei afirmatii este adevarat\u201d, a explicat Hampl.<\/h4>\r\n<h4 style=\"text-align: justify;\">De la infiintarea acestuia in 1944 si pana in prezent, Fondul Monetar International are o lunga istorie de suport a dictaturilor militare care promoveaza, pe tot Globul, interesele corporatiilor americane. (a se vedea tabelul din imaginea de mai jos cu lista partiala).<\/h4>\r\n<h4 style=\"text-align: justify;\"><a href=\"http:\/\/www.desteptati-va.ro\/wp-content\/uploads\/2011\/09\/fmi_dictaturi_militare.jpg\"><img loading=\"lazy\" decoding=\"async\" class=\"aligncenter size-medium wp-image-2411\" title=\"fmi_dictaturi_militare\" src=\"http:\/\/www.desteptati-va.ro\/wp-content\/uploads\/2011\/09\/fmi_dictaturi_militare-300x218.jpg\" alt=\"\" width=\"300\" height=\"218\" \/><\/a>Tot mai multi economisti sunt de acord ca politicile FMI aplicate in tarile client (tinte economice) scad drastic stabilitatea sociala si inhiba obiectivele aparent benefice, facute public de organizatie, iar Programele de Adjustare Structurala (SAP) conduc la o saracire accelerata a populatiei.<\/h4>\r\n<h4 style=\"text-align: justify;\">Argentina a fost considerata o tara model prin aplicarea politicilor propuse de FMI: restrictiile bugetare au dus la imposibilitatea guvernului de a sustine infrastructura nationala in zone critice ca sanatate, educatie si securitate (FMI a impus privatizarea acestora, subevaluate in interesul corporatiilor SUA). Efectul a fost o criza economica catastrofica care a lovit Argentina in 2001.<\/h4>\r\n<h4 style=\"text-align: justify;\">In septembrie 2007, FMI a spus \u201cavand in vedere ca Irlanda are indicii fundamentali si motivatia autoritatilor pentru politici fezabile, avem asteptarile unei cresteri economice robuste pe term mediu\u201d. 17 luni mai tarziu, in aprilie 2009, New York Times a citat pe laureatul premiului Nobel in Economie, Paul Krugman, care a identificat Irlanda ca cel mai grav scenariu pentru economia globala.<\/h4>\r\n<h4 style=\"text-align: justify;\">Incepand cu anii 1980, mai mult de 100 de tari au experimentat un colaps al sistemului bancar sau au avut o scadere a produsului intern brut cu cel putin 4%, in urma aplicarii politicilor FMI (sursa: <em>Enough is Enough: Dear Mr. Camdessus\u2026 Open Letter to the Managing Director of the International Monetary Fund<\/em>. New York: New Horizons Press, 1990).<\/h4>\r\n<h4 style=\"text-align: justify;\">In data de 16 octombrie 2008, fostul presedinte american Bill Clinton, a criticat modul in care FMI si Banca Mondiala a stabilit politicile legate de agricultura si comertul cu alimente. Astfel el a etichetat aceste politici ca dezastruoase in ultimii 30 de ani si a cerut o abordare radical diferita, responsabila si sustenabila, a agriculturii la nivel mondial.<\/h4>\r\n<h4 style=\"text-align: justify;\">In 2008, un studiu al analistilor universitatilor Cambridge si Yale publicat in libraria cu acces liber, Public Library of Science, a avut concluziile: \u201cConditiile stricte ale imprumuturilor internationale ale Fondului Monetar International au rezultat in mii de morti in Europa de Est din cauza slabirii sistemului medical. In 21 de tari in care FMI a dat imprumuturi, tuberculoza a crescut cu 16.6%\u201d.<\/h4>\r\n<h4 style=\"text-align: justify;\">\u201cLife and Debt\u201d, este un film documentar care prezinta relatia Jamaica-FMI intre anii 1978-1995. In anul 1979, un dolar jamaican era cotat mai sus decat un dolar SUA, urmand ca in anul 1995, cand Jamaica a incheiat relatia cu FMI, un dolar jamaican sa fie cotat la mai putin de 2 centi!<\/h4>\r\n<h4 style=\"text-align: justify;\">Un alt film documentar, \u201cDebt of Dictators\u201d, arata cum FMI, Banca Mondiala si alte institutii si corporatii internationale au sustinut dictatori sangerosi de pe Glob, dar care promovau interesele corporatiilor multinationale.<\/h4>\r\n<h4 style=\"text-align: justify;\">Declaratie facuta de fostul premier, Calin Popescu Tariceanu in 2008: \u201c\u201d<strong>Fondul Monetar Interna\u0163ional<\/strong>, din 2005, a f\u0103cut gre\u015feli <strong>constante<\/strong> de apreciere a evolu\u0163iei economice \u00een ceea ce prive\u015fte Rom\u00e2nia. Toate aprecierile lor au fost <strong>infirmate<\/strong>, toate \u00eengrijor\u0103rile au fost clar infirmate \u015fi nejustificate ulterior. FMI a <strong>gre\u015fit<\/strong> \u00een momentul \u00een care a considerat c\u0103 Rom\u00e2nia nu este capabil\u0103 sa-\u015fi gestioneze prob\u015flemele de natur\u0103 macroeconomic\u0103 singur\u0103 \u015fi, \u00een 2006, au venit \u015fi au recunoscut c\u0103 dac\u0103 ar fi \u015ftiut c\u0103 2005 se va \u00eencheia cu a\u015fa rezultate bune, ar fi semnat acordul stand-by\u201d.<\/h4>\r\n<h4 style=\"text-align: justify;\"><em>Articol publicat la la <a href=\"http:\/\/pndc.com.ro\/2010\/05\/06\/scurt-istoric-al-activitatii-fondului-monetar-international-si-efectele-dezastruoase-pentru-economiile-nationale\/index.html\" target=\"_blank\" rel=\"noopener\">http:\/\/pndc.com.ro\/<\/a> in data de 06-05-2010<\/em><\/h4>        <div class=\"booster-block booster-reactions-block\">\n            <div class=\"twp-reactions-icons\">\n                \n                <div class=\"twp-reacts-wrap\">\n                    <a react-data=\"be-react-1\" post-id=\"4080\" class=\"be-face-icons un-reacted\" href=\"javascript:void(0)\">\n                        <img decoding=\"async\" src=\"https:\/\/desteptati-va.ro\/wp-content\/plugins\/booster-extension\/\/assets\/icon\/happy.svg\" alt=\"Happy\">\n                    <\/a>\n                    <div class=\"twp-reaction-title\">\n                        Happy                    <\/div>\n                    <div class=\"twp-count-percent\">\n                                                    <span style=\"display: none;\" class=\"twp-react-count\">0<\/span>\n                        \n                                                <span class=\"twp-react-percent\"><span>0<\/span> %<\/span>\n                                            <\/div>\n                <\/div>\n\n                <div class=\"twp-reacts-wrap\">\n                    <a react-data=\"be-react-2\" post-id=\"4080\" class=\"be-face-icons un-reacted\" href=\"javascript:void(0)\">\n                        <img decoding=\"async\" src=\"https:\/\/desteptati-va.ro\/wp-content\/plugins\/booster-extension\/\/assets\/icon\/sad.svg\" alt=\"Sad\">\n                    <\/a>\n                    <div class=\"twp-reaction-title\">\n                        Sad                    <\/div>\n                    <div class=\"twp-count-percent\">\n                                                    <span style=\"display: none;\" class=\"twp-react-count\">0<\/span>\n                                                                        <span class=\"twp-react-percent\"><span>0<\/span> %<\/span>\n                                            <\/div>\n                <\/div>\n\n                <div class=\"twp-reacts-wrap\">\n                    <a react-data=\"be-react-3\" post-id=\"4080\" class=\"be-face-icons un-reacted\" href=\"javascript:void(0)\">\n                        <img decoding=\"async\" src=\"https:\/\/desteptati-va.ro\/wp-content\/plugins\/booster-extension\/\/assets\/icon\/excited.svg\" alt=\"Excited\">\n                    <\/a>\n                    <div class=\"twp-reaction-title\">\n                        Excited                    <\/div>\n                    <div class=\"twp-count-percent\">\n                                                    <span style=\"display: none;\" class=\"twp-react-count\">0<\/span>\n                                                                        <span class=\"twp-react-percent\"><span>0<\/span> %<\/span>\n                                            <\/div>\n                <\/div>\n\n                <div class=\"twp-reacts-wrap\">\n                    <a react-data=\"be-react-6\" post-id=\"4080\" class=\"be-face-icons un-reacted\" href=\"javascript:void(0)\">\n                        <img decoding=\"async\" src=\"https:\/\/desteptati-va.ro\/wp-content\/plugins\/booster-extension\/\/assets\/icon\/sleepy.svg\" alt=\"Sleepy\">\n                    <\/a>\n                    <div class=\"twp-reaction-title\">\n                        Sleepy                    <\/div>\n                    <div class=\"twp-count-percent\">\n                                                    <span style=\"display: none;\" class=\"twp-react-count\">0<\/span>\n                        \n                                                <span class=\"twp-react-percent\"><span>0<\/span> %<\/span>\n                                            <\/div>\n                <\/div>\n\n                <div class=\"twp-reacts-wrap\">\n                    <a react-data=\"be-react-4\" post-id=\"4080\" class=\"be-face-icons un-reacted\" href=\"javascript:void(0)\">\n                        <img decoding=\"async\" src=\"https:\/\/desteptati-va.ro\/wp-content\/plugins\/booster-extension\/\/assets\/icon\/angry.svg\" alt=\"Angry\">\n                    <\/a>\n                    <div class=\"twp-reaction-title\">Angry<\/div>\n                    <div class=\"twp-count-percent\">\n                                                    <span style=\"display: none;\" class=\"twp-react-count\">0<\/span>\n                                                                        <span class=\"twp-react-percent\"><span>0<\/span> %<\/span>\n                        \n                    <\/div>\n                <\/div>\n\n                <div class=\"twp-reacts-wrap\">\n                    <a react-data=\"be-react-5\" post-id=\"4080\" class=\"be-face-icons un-reacted\" href=\"javascript:void(0)\">\n                        <img decoding=\"async\" src=\"https:\/\/desteptati-va.ro\/wp-content\/plugins\/booster-extension\/\/assets\/icon\/surprise.svg\" alt=\"Surprise\">\n                    <\/a>\n                    <div class=\"twp-reaction-title\">Surprise<\/div>\n                    <div class=\"twp-count-percent\">\n                                                    <span style=\"display: none;\" class=\"twp-react-count\">0<\/span>\n                                                                        <span class=\"twp-react-percent\"><span>0<\/span> %<\/span>\n                                            <\/div>\n                <\/div>\n\n            <\/div>\n        <\/div>\n\n    <\/div>","protected":false},"excerpt":{"rendered":"<p>Incompeten\u0163a Cabinetului Boc a afundat Rom\u00e2nia \u00eentr-o situa\u0163ie economic\u0103 f\u0103r\u0103 precedent. Reprezentan\u0163ii FMI ne cer m\u0103suri extreme, aproape de cele<a href=\"https:\/\/desteptati-va.ro\/index.php\/2021\/04\/19\/scurt-istoric-al-f-m-i-si-efectele-dezastruoase-pentru-economiile-nationale\/\">Read More<i class=\"fa fa-long-arrow-right\" aria-hidden=\"true\"><\/i><\/a><\/p>\n","protected":false},"author":1,"featured_media":4082,"comment_status":"open","ping_status":"open","sticky":false,"template":"","format":"standard","meta":{"_crdt_document":"","footnotes":""},"categories":[16],"tags":[758,1321,1467,1462,885,59,60,1468,886,1469,1325,1470,1471,1472,1473,1474,545],"class_list":["post-4080","post","type-post","status-publish","format-standard","has-post-thumbnail","hentry","category-o-tara-furata","tag-boc","tag-colaps","tag-corporatii","tag-criza","tag-datorie","tag-desteptati","tag-desteptati-va","tag-economica","tag-fmi","tag-grecia","tag-incompetenta","tag-multinationala","tag-refuz","tag-situatie","tag-somaj","tag-someri","tag-sua"],"rise-blocks_total_comments":3,"rise-blocks_categories":[{"term_id":16,"name":"O tara furata","slug":"o-tara-furata","term_group":0,"term_taxonomy_id":16,"taxonomy":"category","description":"","parent":0,"count":19,"filter":"raw"}],"rise-blocks_excerpt":"Incompeten\u0163a Cabinetului Boc a afundat Rom\u00e2nia \u00eentr-o situa\u0163ie economic\u0103 f\u0103r\u0103 precedent. Reprezentan\u0163ii FMI ne cer m\u0103suri extreme, aproape de cele pe care le-au solicitat Executivului de la Atena. Jeffrey Franks, \u015feful misiunii FMI \u00een Rom\u00e2nia, a ajuns zilele acestea adev\u0103ratul premier al Rom\u00e2niei. Dup\u0103 un an de acord cu Fondul Monetar International, Rom\u00e2nia are cu aproape 250.000 mai mul\u0163i \u015fomeri..","yoast_head":"<!-- This site is optimized with the Yoast SEO plugin v26.9 - https:\/\/yoast.com\/product\/yoast-seo-wordpress\/ -->\r\n<title>Scurt istoric al F.M.I. \u015fi efectele dezastruoase pentru economiile na\u0163ionale -<\/title>\r\n<meta name=\"robots\" content=\"index, follow, max-snippet:-1, max-image-preview:large, max-video-preview:-1\" \/>\r\n<link rel=\"canonical\" href=\"https:\/\/desteptati-va.ro\/index.php\/2021\/04\/19\/scurt-istoric-al-f-m-i-si-efectele-dezastruoase-pentru-economiile-nationale\/\" \/>\r\n<meta property=\"og:locale\" content=\"ro_RO\" \/>\r\n<meta property=\"og:type\" content=\"article\" \/>\r\n<meta property=\"og:title\" content=\"Scurt istoric al F.M.I. \u015fi efectele dezastruoase pentru economiile na\u0163ionale -\" \/>\r\n<meta property=\"og:description\" content=\"Incompeten\u0163a Cabinetului Boc a afundat Rom\u00e2nia \u00eentr-o situa\u0163ie economic\u0103 f\u0103r\u0103 precedent. Reprezentan\u0163ii FMI ne cer m\u0103suri extreme, aproape de celeRead More\" \/>\r\n<meta property=\"og:url\" content=\"https:\/\/desteptati-va.ro\/index.php\/2021\/04\/19\/scurt-istoric-al-f-m-i-si-efectele-dezastruoase-pentru-economiile-nationale\/\" \/>\r\n<meta property=\"article:published_time\" content=\"2021-04-19T11:01:34+00:00\" \/>\r\n<meta property=\"og:image\" content=\"https:\/\/desteptati-va.ro\/wp-content\/uploads\/2021\/04\/Intalnirea-dintre-Jeffrey-Franks-si-Emil-Boc-a-avut-caracter-informal-1.jpg\" \/>\r\n\t<meta property=\"og:image:width\" content=\"326\" \/>\r\n\t<meta property=\"og:image:height\" content=\"201\" \/>\r\n\t<meta property=\"og:image:type\" content=\"image\/jpeg\" \/>\r\n<meta name=\"author\" content=\"wolfsoftcompany\" \/>\r\n<meta name=\"twitter:card\" content=\"summary_large_image\" \/>\r\n<meta name=\"twitter:label1\" content=\"Scris de\" \/>\n\t<meta name=\"twitter:data1\" content=\"wolfsoftcompany\" \/>\n\t<meta name=\"twitter:label2\" content=\"Timp estimat pentru citire\" \/>\n\t<meta name=\"twitter:data2\" content=\"6 minute\" \/>\r\n<script type=\"application\/ld+json\" class=\"yoast-schema-graph\">{\"@context\":\"https:\/\/schema.org\",\"@graph\":[{\"@type\":\"Article\",\"@id\":\"https:\/\/desteptati-va.ro\/index.php\/2021\/04\/19\/scurt-istoric-al-f-m-i-si-efectele-dezastruoase-pentru-economiile-nationale\/#article\",\"isPartOf\":{\"@id\":\"https:\/\/desteptati-va.ro\/index.php\/2021\/04\/19\/scurt-istoric-al-f-m-i-si-efectele-dezastruoase-pentru-economiile-nationale\/\"},\"author\":{\"name\":\"wolfsoftcompany\",\"@id\":\"https:\/\/desteptati-va.ro\/#\/schema\/person\/13182deeebd44920914899f7bb262d6b\"},\"headline\":\"Scurt istoric al F.M.I. \u015fi efectele dezastruoase pentru economiile na\u0163ionale\",\"datePublished\":\"2021-04-19T11:01:34+00:00\",\"mainEntityOfPage\":{\"@id\":\"https:\/\/desteptati-va.ro\/index.php\/2021\/04\/19\/scurt-istoric-al-f-m-i-si-efectele-dezastruoase-pentru-economiile-nationale\/\"},\"wordCount\":1177,\"commentCount\":0,\"image\":{\"@id\":\"https:\/\/desteptati-va.ro\/index.php\/2021\/04\/19\/scurt-istoric-al-f-m-i-si-efectele-dezastruoase-pentru-economiile-nationale\/#primaryimage\"},\"thumbnailUrl\":\"https:\/\/desteptati-va.ro\/wp-content\/uploads\/2021\/04\/Intalnirea-dintre-Jeffrey-Franks-si-Emil-Boc-a-avut-caracter-informal-1.jpg\",\"keywords\":[\"Boc\",\"colaps\",\"corporatii\",\"criza\",\"datorie\",\"desteptati\",\"desteptati-va\",\"economica\",\"FMI\",\"Grecia\",\"incompetenta\",\"multinationala\",\"refuz\",\"situatie\",\"somaj\",\"someri\",\"SUA\"],\"articleSection\":[\"O tara furata\"],\"inLanguage\":\"ro-RO\",\"potentialAction\":[{\"@type\":\"CommentAction\",\"name\":\"Comment\",\"target\":[\"https:\/\/desteptati-va.ro\/index.php\/2021\/04\/19\/scurt-istoric-al-f-m-i-si-efectele-dezastruoase-pentru-economiile-nationale\/#respond\"]}]},{\"@type\":\"WebPage\",\"@id\":\"https:\/\/desteptati-va.ro\/index.php\/2021\/04\/19\/scurt-istoric-al-f-m-i-si-efectele-dezastruoase-pentru-economiile-nationale\/\",\"url\":\"https:\/\/desteptati-va.ro\/index.php\/2021\/04\/19\/scurt-istoric-al-f-m-i-si-efectele-dezastruoase-pentru-economiile-nationale\/\",\"name\":\"Scurt istoric al F.M.I. \u015fi efectele dezastruoase pentru economiile na\u0163ionale -\",\"isPartOf\":{\"@id\":\"https:\/\/desteptati-va.ro\/#website\"},\"primaryImageOfPage\":{\"@id\":\"https:\/\/desteptati-va.ro\/index.php\/2021\/04\/19\/scurt-istoric-al-f-m-i-si-efectele-dezastruoase-pentru-economiile-nationale\/#primaryimage\"},\"image\":{\"@id\":\"https:\/\/desteptati-va.ro\/index.php\/2021\/04\/19\/scurt-istoric-al-f-m-i-si-efectele-dezastruoase-pentru-economiile-nationale\/#primaryimage\"},\"thumbnailUrl\":\"https:\/\/desteptati-va.ro\/wp-content\/uploads\/2021\/04\/Intalnirea-dintre-Jeffrey-Franks-si-Emil-Boc-a-avut-caracter-informal-1.jpg\",\"datePublished\":\"2021-04-19T11:01:34+00:00\",\"author\":{\"@id\":\"https:\/\/desteptati-va.ro\/#\/schema\/person\/13182deeebd44920914899f7bb262d6b\"},\"breadcrumb\":{\"@id\":\"https:\/\/desteptati-va.ro\/index.php\/2021\/04\/19\/scurt-istoric-al-f-m-i-si-efectele-dezastruoase-pentru-economiile-nationale\/#breadcrumb\"},\"inLanguage\":\"ro-RO\",\"potentialAction\":[{\"@type\":\"ReadAction\",\"target\":[\"https:\/\/desteptati-va.ro\/index.php\/2021\/04\/19\/scurt-istoric-al-f-m-i-si-efectele-dezastruoase-pentru-economiile-nationale\/\"]}]},{\"@type\":\"ImageObject\",\"inLanguage\":\"ro-RO\",\"@id\":\"https:\/\/desteptati-va.ro\/index.php\/2021\/04\/19\/scurt-istoric-al-f-m-i-si-efectele-dezastruoase-pentru-economiile-nationale\/#primaryimage\",\"url\":\"https:\/\/desteptati-va.ro\/wp-content\/uploads\/2021\/04\/Intalnirea-dintre-Jeffrey-Franks-si-Emil-Boc-a-avut-caracter-informal-1.jpg\",\"contentUrl\":\"https:\/\/desteptati-va.ro\/wp-content\/uploads\/2021\/04\/Intalnirea-dintre-Jeffrey-Franks-si-Emil-Boc-a-avut-caracter-informal-1.jpg\",\"width\":326,\"height\":201},{\"@type\":\"BreadcrumbList\",\"@id\":\"https:\/\/desteptati-va.ro\/index.php\/2021\/04\/19\/scurt-istoric-al-f-m-i-si-efectele-dezastruoase-pentru-economiile-nationale\/#breadcrumb\",\"itemListElement\":[{\"@type\":\"ListItem\",\"position\":1,\"name\":\"Prima pagin\u0103\",\"item\":\"https:\/\/desteptati-va.ro\/\"},{\"@type\":\"ListItem\",\"position\":2,\"name\":\"Scurt istoric al F.M.I. \u015fi efectele dezastruoase pentru economiile na\u0163ionale\"}]},{\"@type\":\"WebSite\",\"@id\":\"https:\/\/desteptati-va.ro\/#website\",\"url\":\"https:\/\/desteptati-va.ro\/\",\"name\":\"\",\"description\":\"\",\"potentialAction\":[{\"@type\":\"SearchAction\",\"target\":{\"@type\":\"EntryPoint\",\"urlTemplate\":\"https:\/\/desteptati-va.ro\/?s={search_term_string}\"},\"query-input\":{\"@type\":\"PropertyValueSpecification\",\"valueRequired\":true,\"valueName\":\"search_term_string\"}}],\"inLanguage\":\"ro-RO\"},{\"@type\":\"Person\",\"@id\":\"https:\/\/desteptati-va.ro\/#\/schema\/person\/13182deeebd44920914899f7bb262d6b\",\"name\":\"wolfsoftcompany\",\"image\":{\"@type\":\"ImageObject\",\"inLanguage\":\"ro-RO\",\"@id\":\"https:\/\/desteptati-va.ro\/#\/schema\/person\/image\/\",\"url\":\"https:\/\/secure.gravatar.com\/avatar\/a6cce9b6d101d27d91690e7073e300fed94c0899890bf998e082cb9d2c3d121e?s=96&d=mm&r=g\",\"contentUrl\":\"https:\/\/secure.gravatar.com\/avatar\/a6cce9b6d101d27d91690e7073e300fed94c0899890bf998e082cb9d2c3d121e?s=96&d=mm&r=g\",\"caption\":\"wolfsoftcompany\"},\"sameAs\":[\"http:\/\/desteptati-va.ro\"],\"url\":\"https:\/\/desteptati-va.ro\/index.php\/author\/wolfsoftcompany\/\"}]}<\/script>\r\n<!-- \/ Yoast SEO plugin. -->","yoast_head_json":{"title":"Scurt istoric al F.M.I. \u015fi efectele dezastruoase pentru economiile na\u0163ionale -","robots":{"index":"index","follow":"follow","max-snippet":"max-snippet:-1","max-image-preview":"max-image-preview:large","max-video-preview":"max-video-preview:-1"},"canonical":"https:\/\/desteptati-va.ro\/index.php\/2021\/04\/19\/scurt-istoric-al-f-m-i-si-efectele-dezastruoase-pentru-economiile-nationale\/","og_locale":"ro_RO","og_type":"article","og_title":"Scurt istoric al F.M.I. \u015fi efectele dezastruoase pentru economiile na\u0163ionale -","og_description":"Incompeten\u0163a Cabinetului Boc a afundat Rom\u00e2nia \u00eentr-o situa\u0163ie economic\u0103 f\u0103r\u0103 precedent. Reprezentan\u0163ii FMI ne cer m\u0103suri extreme, aproape de celeRead More","og_url":"https:\/\/desteptati-va.ro\/index.php\/2021\/04\/19\/scurt-istoric-al-f-m-i-si-efectele-dezastruoase-pentru-economiile-nationale\/","article_published_time":"2021-04-19T11:01:34+00:00","og_image":[{"width":326,"height":201,"url":"https:\/\/desteptati-va.ro\/wp-content\/uploads\/2021\/04\/Intalnirea-dintre-Jeffrey-Franks-si-Emil-Boc-a-avut-caracter-informal-1.jpg","type":"image\/jpeg"}],"author":"wolfsoftcompany","twitter_card":"summary_large_image","twitter_misc":{"Scris de":"wolfsoftcompany","Timp estimat pentru citire":"6 minute"},"schema":{"@context":"https:\/\/schema.org","@graph":[{"@type":"Article","@id":"https:\/\/desteptati-va.ro\/index.php\/2021\/04\/19\/scurt-istoric-al-f-m-i-si-efectele-dezastruoase-pentru-economiile-nationale\/#article","isPartOf":{"@id":"https:\/\/desteptati-va.ro\/index.php\/2021\/04\/19\/scurt-istoric-al-f-m-i-si-efectele-dezastruoase-pentru-economiile-nationale\/"},"author":{"name":"wolfsoftcompany","@id":"https:\/\/desteptati-va.ro\/#\/schema\/person\/13182deeebd44920914899f7bb262d6b"},"headline":"Scurt istoric al F.M.I. \u015fi efectele dezastruoase pentru economiile na\u0163ionale","datePublished":"2021-04-19T11:01:34+00:00","mainEntityOfPage":{"@id":"https:\/\/desteptati-va.ro\/index.php\/2021\/04\/19\/scurt-istoric-al-f-m-i-si-efectele-dezastruoase-pentru-economiile-nationale\/"},"wordCount":1177,"commentCount":0,"image":{"@id":"https:\/\/desteptati-va.ro\/index.php\/2021\/04\/19\/scurt-istoric-al-f-m-i-si-efectele-dezastruoase-pentru-economiile-nationale\/#primaryimage"},"thumbnailUrl":"https:\/\/desteptati-va.ro\/wp-content\/uploads\/2021\/04\/Intalnirea-dintre-Jeffrey-Franks-si-Emil-Boc-a-avut-caracter-informal-1.jpg","keywords":["Boc","colaps","corporatii","criza","datorie","desteptati","desteptati-va","economica","FMI","Grecia","incompetenta","multinationala","refuz","situatie","somaj","someri","SUA"],"articleSection":["O tara furata"],"inLanguage":"ro-RO","potentialAction":[{"@type":"CommentAction","name":"Comment","target":["https:\/\/desteptati-va.ro\/index.php\/2021\/04\/19\/scurt-istoric-al-f-m-i-si-efectele-dezastruoase-pentru-economiile-nationale\/#respond"]}]},{"@type":"WebPage","@id":"https:\/\/desteptati-va.ro\/index.php\/2021\/04\/19\/scurt-istoric-al-f-m-i-si-efectele-dezastruoase-pentru-economiile-nationale\/","url":"https:\/\/desteptati-va.ro\/index.php\/2021\/04\/19\/scurt-istoric-al-f-m-i-si-efectele-dezastruoase-pentru-economiile-nationale\/","name":"Scurt istoric al F.M.I. \u015fi efectele dezastruoase pentru economiile na\u0163ionale -","isPartOf":{"@id":"https:\/\/desteptati-va.ro\/#website"},"primaryImageOfPage":{"@id":"https:\/\/desteptati-va.ro\/index.php\/2021\/04\/19\/scurt-istoric-al-f-m-i-si-efectele-dezastruoase-pentru-economiile-nationale\/#primaryimage"},"image":{"@id":"https:\/\/desteptati-va.ro\/index.php\/2021\/04\/19\/scurt-istoric-al-f-m-i-si-efectele-dezastruoase-pentru-economiile-nationale\/#primaryimage"},"thumbnailUrl":"https:\/\/desteptati-va.ro\/wp-content\/uploads\/2021\/04\/Intalnirea-dintre-Jeffrey-Franks-si-Emil-Boc-a-avut-caracter-informal-1.jpg","datePublished":"2021-04-19T11:01:34+00:00","author":{"@id":"https:\/\/desteptati-va.ro\/#\/schema\/person\/13182deeebd44920914899f7bb262d6b"},"breadcrumb":{"@id":"https:\/\/desteptati-va.ro\/index.php\/2021\/04\/19\/scurt-istoric-al-f-m-i-si-efectele-dezastruoase-pentru-economiile-nationale\/#breadcrumb"},"inLanguage":"ro-RO","potentialAction":[{"@type":"ReadAction","target":["https:\/\/desteptati-va.ro\/index.php\/2021\/04\/19\/scurt-istoric-al-f-m-i-si-efectele-dezastruoase-pentru-economiile-nationale\/"]}]},{"@type":"ImageObject","inLanguage":"ro-RO","@id":"https:\/\/desteptati-va.ro\/index.php\/2021\/04\/19\/scurt-istoric-al-f-m-i-si-efectele-dezastruoase-pentru-economiile-nationale\/#primaryimage","url":"https:\/\/desteptati-va.ro\/wp-content\/uploads\/2021\/04\/Intalnirea-dintre-Jeffrey-Franks-si-Emil-Boc-a-avut-caracter-informal-1.jpg","contentUrl":"https:\/\/desteptati-va.ro\/wp-content\/uploads\/2021\/04\/Intalnirea-dintre-Jeffrey-Franks-si-Emil-Boc-a-avut-caracter-informal-1.jpg","width":326,"height":201},{"@type":"BreadcrumbList","@id":"https:\/\/desteptati-va.ro\/index.php\/2021\/04\/19\/scurt-istoric-al-f-m-i-si-efectele-dezastruoase-pentru-economiile-nationale\/#breadcrumb","itemListElement":[{"@type":"ListItem","position":1,"name":"Prima pagin\u0103","item":"https:\/\/desteptati-va.ro\/"},{"@type":"ListItem","position":2,"name":"Scurt istoric al F.M.I. \u015fi efectele dezastruoase pentru economiile na\u0163ionale"}]},{"@type":"WebSite","@id":"https:\/\/desteptati-va.ro\/#website","url":"https:\/\/desteptati-va.ro\/","name":"","description":"","potentialAction":[{"@type":"SearchAction","target":{"@type":"EntryPoint","urlTemplate":"https:\/\/desteptati-va.ro\/?s={search_term_string}"},"query-input":{"@type":"PropertyValueSpecification","valueRequired":true,"valueName":"search_term_string"}}],"inLanguage":"ro-RO"},{"@type":"Person","@id":"https:\/\/desteptati-va.ro\/#\/schema\/person\/13182deeebd44920914899f7bb262d6b","name":"wolfsoftcompany","image":{"@type":"ImageObject","inLanguage":"ro-RO","@id":"https:\/\/desteptati-va.ro\/#\/schema\/person\/image\/","url":"https:\/\/secure.gravatar.com\/avatar\/a6cce9b6d101d27d91690e7073e300fed94c0899890bf998e082cb9d2c3d121e?s=96&d=mm&r=g","contentUrl":"https:\/\/secure.gravatar.com\/avatar\/a6cce9b6d101d27d91690e7073e300fed94c0899890bf998e082cb9d2c3d121e?s=96&d=mm&r=g","caption":"wolfsoftcompany"},"sameAs":["http:\/\/desteptati-va.ro"],"url":"https:\/\/desteptati-va.ro\/index.php\/author\/wolfsoftcompany\/"}]}},"_links":{"self":[{"href":"https:\/\/desteptati-va.ro\/index.php\/wp-json\/wp\/v2\/posts\/4080","targetHints":{"allow":["GET"]}}],"collection":[{"href":"https:\/\/desteptati-va.ro\/index.php\/wp-json\/wp\/v2\/posts"}],"about":[{"href":"https:\/\/desteptati-va.ro\/index.php\/wp-json\/wp\/v2\/types\/post"}],"author":[{"embeddable":true,"href":"https:\/\/desteptati-va.ro\/index.php\/wp-json\/wp\/v2\/users\/1"}],"replies":[{"embeddable":true,"href":"https:\/\/desteptati-va.ro\/index.php\/wp-json\/wp\/v2\/comments?post=4080"}],"version-history":[{"count":1,"href":"https:\/\/desteptati-va.ro\/index.php\/wp-json\/wp\/v2\/posts\/4080\/revisions"}],"predecessor-version":[{"id":4083,"href":"https:\/\/desteptati-va.ro\/index.php\/wp-json\/wp\/v2\/posts\/4080\/revisions\/4083"}],"wp:featuredmedia":[{"embeddable":true,"href":"https:\/\/desteptati-va.ro\/index.php\/wp-json\/wp\/v2\/media\/4082"}],"wp:attachment":[{"href":"https:\/\/desteptati-va.ro\/index.php\/wp-json\/wp\/v2\/media?parent=4080"}],"wp:term":[{"taxonomy":"category","embeddable":true,"href":"https:\/\/desteptati-va.ro\/index.php\/wp-json\/wp\/v2\/categories?post=4080"},{"taxonomy":"post_tag","embeddable":true,"href":"https:\/\/desteptati-va.ro\/index.php\/wp-json\/wp\/v2\/tags?post=4080"}],"curies":[{"name":"wp","href":"https:\/\/api.w.org\/{rel}","templated":true}]}}