{"id":4087,"date":"2021-04-19T11:07:21","date_gmt":"2021-04-19T11:07:21","guid":{"rendered":"http:\/\/desteptati.ro\/?p=4087"},"modified":"2021-04-19T11:07:21","modified_gmt":"2021-04-19T11:07:21","slug":"sunt-cetatean-al-unei-foste-tari","status":"publish","type":"post","link":"https:\/\/desteptati-va.ro\/index.php\/2021\/04\/19\/sunt-cetatean-al-unei-foste-tari\/","title":{"rendered":"Sunt cet\u0103\u0163ean al unei foste \u0163\u0103ri"},"content":{"rendered":"<div class=\"post-content\"><div class='booster-block booster-read-block'>\n                <div class=\"twp-read-time\">\n                \t<i class=\"booster-icon twp-clock\"><\/i> <span>Read Time:<\/span>3 Minute, 57 Second                <\/div>\n\n            <\/div><h3 style=\"text-align: justify;\"><strong>\u00centr-o \u0163ar\u0103 moart\u0103, cu un popor care nu mai exist\u0103, totul este perfect realizabil.<\/strong><\/h3>\r\n<h4 style=\"text-align: justify;\">Tr\u0103iesc, din ce \u00een ce mai ap\u0103s\u0103tor, g\u00e2ndul\u00a0 c\u0103\u00a0 buletinul na\u015fterii mele este\u00a0 fals. M-am\u00a0 n\u0103scut \u00eentr-o \u0163ar\u0103 care nu mai e. <strong>Rom\u00e2nia am zis? Care Rom\u00e2nia?<\/strong> <strong>La 21 de ani de la f\u0103tarea, prin s\u00e2ngeroas\u0103 cezarian\u0103, a democra\u0163iei, \u0163ara mea a reu\u015fit, economic \u015fi moral, performan\u0163a de a muri. <\/strong>Satul meu, <strong>S\u00e2ngeru<\/strong>, nu mai e, nu mai figureaz\u0103 \u00een nimic, <strong>jude\u0163ul meu, Prahova,<\/strong> desenat \u00eentr-o hart\u0103 care mi se p\u0103rea etern\u0103 \u015fi osoas\u0103 ca un schelet de dinozaur, nu mai joac\u0103 \u00een \u015fotronul planetar. <strong>Rom\u00e2nia a murit grafic din toate desenele \u015fi geografic de tot.<\/strong> Doar c\u00e2te o crim\u0103 sc\u00e2rboas\u0103 sau c\u00e2te un viol, petrecut prin nu \u015ftiu ce italii sau americi, mai a\u015faz\u0103 \u00een supratitluri porecla odioas\u0103 de rom\u00e2n \u00een gazetele universului. M-a sunat un prieten, cu disperare, s\u0103 m\u0103 uit la un interviu\u00a0 televizat, pe nu \u015ftiu ce program, cu <strong>istoricul Giurescu<\/strong>. N-am fost pe faz\u0103. <strong>Dinu C. Giurescu<\/strong>, des\u00adcendent al unei familii cu trei ge\u00adnera\u0163ii de academici ai istoriei na\u0163ionale, cu originea \u00een Chiojdul Prahovei, vorbea \u2013 am \u00een\u0163eles mai \u00eencolo \u2013 despre falsa \u00eemp\u0103r\u0163ire a \u0163\u0103rii \u00een \u0163inuturi secuie\u015fti \u015fi t\u0103t\u0103re\u015fti \u015fi vietnameze \u015fi intergalactice. <strong>Despre porc\u0103ria pe care o cloce\u015fte regimul mafiot B\u0103sescu de a repom\u0103da dicta\u00adtul hitlerist de la Viena, pre\u0163 pl\u0103tit pentru a-\u015fi men\u0163ine curvele \u00een capul mesei cu bun\u0103t\u0103\u0163i. Giurescu vorbe\u015fte, din p\u0103cate, unui popor surd. Chiar surdomut. Unui popor care deja nu mai e. Cui te adresezi, domnule savant al istoriei na\u0163ionale? Nu vezi c\u0103 suntem mor\u0163i? <\/strong>C\u00e2teva milioane de oameni, zice-se vii, singurii b\u0103nui\u0163i de a fi vii, au plecat unde-au v\u0103zut cu ochii. \u015ei-au uitat aici casele, mormintele, amintirile. Unii \u015fi-au uitat chiar \u015fi copiii minori. Mamele \u015fi-au uitat copiii \u00een leag\u0103ne, leag\u0103ne mi\u015fcate de scheletice m\u00e2ini de bu\u00adnici, mor\u0163i \u015fi ei de nu se \u015ftie c\u00e2nd, r\u0103ma\u015fi \u00eentr-o iner\u0163ie a datoriei. <strong>E cea mai ampl\u0103 \u015fi \u00eensp\u0103im\u00e2nt\u0103toare p\u0103r\u0103sire de \u0163ar\u0103 care s-a petrecut vreodat\u0103.<\/strong><\/h4>\r\n<h4 style=\"text-align: justify;\">M\u0103 uit la dealul \u015fi v\u0103ioagele \u015fi c\u0103rpini\u015ftile oable care continu\u0103 poza ferestrei mele \u015fi realizez c\u0103 locuiesc o iluzie. <strong>C\u00e2t cost\u0103 \u00eentre\u0163inerea \u00een odaia unei iluzii? La c\u00e2t a ajuns gigacaloria \u00eentr-o iluzie?<\/strong> Dealul\u00a0 pare acela\u015fi din strofa de poem rustic a copil\u0103riei mele. <strong>Numai c\u0103 dealul nu mai e al meu. Iarba a fost \u00eenstr\u0103inat\u0103.<\/strong> Roua nu-mi mai apar\u0163ine. V\u0103 contrazic, domnule academician Giurescu. Mafia de azi nu reface, unicame\u00adral, doar hot\u0103r\u00e2rea lui Stalin din 1946, a\u015fa cum a\u0163i scris \u00eentr-o revist\u0103, insult\u00e2nd partidele istorice \u015fi rega\u00adlitatea, pentru omor\u00e2rea parlamentului. <strong>Mafia de azi, cea mai par\u015fiv\u0103 probabil din\u00a0 univers, nu d\u0103 doar Ardealul. Mafia de azi, prin capul ei diabolic \u015fi chel, nu d\u0103 doar c\u00e2teva jude\u0163e ardelene\u015fti, acelea\u015fi \u00een\u00adt\u00e2mpl\u0103tor luate de Hitler, ci d\u0103 Ro\u00adm\u00e2nia. Nu observa\u0163i c\u0103 Rom\u00e2nia nu mai e? Trimisul special al pre\u015fedintelui \u0163\u0103rii la Bruxelles, pe numele lui \u00eentreg Laszlo T\u00f6kes, a uitat cum se cheam\u0103 \u0163ara pe care o reprezint\u0103. Drept pentru care i-a zis \u0162inutul Secuiesc. \u00centruc\u00e2t cea mai mare aglomerare de maghiari e \u00een Bu\u00adcure\u015fti, presupun c\u0103 \u0162inutul Secuiesc se \u00eentinde \u015fi peste fosta capital\u0103 a fostei Rom\u00e2nii, p\u00e2n\u0103 la Dun\u0103re \u015fi la Mare. Observa\u0163i vreo zv\u00e2cnire de orgoliu na\u0163ional? S\u0103 fim serio\u015fi. Vreun patriot nimerit prin accident \u00een v\u00e2rfurile puterii? A\u015f!<\/strong><\/h4>\r\n<h4 style=\"text-align: justify;\">\u00cen\u0163eleg c\u0103 <strong>regimului B\u0103sescu<\/strong> \u00eei lipsesc iar\u0103\u015fi ni\u015fte miliarde de euro \u015fi alearg\u0103 s\u0103-i \u00eemprumute. <strong>Vrea s\u0103 c\u00e2\u015ftige \u015fi urm\u0103toarele alegeri. \u00centr-o \u0163ar\u0103 moart\u0103, cu un popor care nu mai exist\u0103, totul este perfect realizabil.<\/strong> <strong>Cineva mi-a repro\u015fat ieri c\u0103 nu-i recunosc lui B\u0103sescu m\u0103car meritul de a fi realizat reforma administrativ\u0103.<\/strong> Da, i-l recunosc. Chiar \u015fi me\u00adri\u00adtul de a fi reformat s\u0103n\u0103tatea. Am alergat, duminic\u0103, jum\u0103tate din ju\u00adde\u0163ul Prahova s\u0103 g\u0103sesc o singur\u0103 farmacie deschis\u0103. <strong>Spitalele zonale au disp\u0103rut \u015fi ele \u00eempreun\u0103 cu medicii de comun\u0103 \u015fi cu moa\u015fele care \u015ftiau s\u0103 lege un buric de nou-n\u0103scut.<\/strong> <strong>Cele 300 de spitale desfiin\u0163ate sunt doar partea cuantificabil\u0103 a reformei b\u0103siste din s\u0103n\u0103tate.<\/strong> \u00cei recunosc \u015fi meritul concentr\u0103rii \u00eenv\u0103\u0163\u0103m\u00e2ntului la ora\u015f. <strong>S\u0103 \u00eenchizi 3.000 de \u015fcoli pentru care au asudat \u00eenainta\u015fii, spre \u00eenv\u0103\u0163area alfabetului \u00een \u00eendep\u0103rtate c\u0103tune, e \u00eentr-adev\u0103r o reform\u0103 istoric\u0103. Prin reforma B\u0103sescu, n-ar mai fi fost \u015fcoal\u0103 \u00een Ipote\u015ftii lui Eminescu, \u00een Humule\u015ftii lui Creang\u0103, \u00een Hobi\u0163a lui Br\u00e2ncu\u015fi. Da, \u00eei recunosc re\u00adalesului toate meritele reformiste.<\/strong><\/h4>\r\n<h4 style=\"text-align: justify;\"><strong>Poate c\u0103 Rom\u00e2nia merita omor\u00e2t\u0103 \u015fi nimeni p\u00e2n\u0103 la B\u0103sescu n-a observat aceast\u0103 trebuin\u0163\u0103 istoric\u0103. Ei bine, el a reu\u015fit.Iar dac\u0103 muribunda mai mi\u015fc\u0103 un pic, \u00een cur\u00e2nd \u00eei va face de petrecanie. Conta\u0163i pe el!<\/strong><\/h4>\r\n<h4 style=\"text-align: right;\"><a href=\"http:\/\/www.jurnalul.ro\/opinii\/editorial\/sunt-cetatean-al-unei-foste-tari-579767.html\" target=\"_blank\" rel=\"noopener\"><strong>Autor <em>Lucian Avramescu<\/em><\/strong><\/a><\/h4>        <div class=\"booster-block booster-reactions-block\">\n            <div class=\"twp-reactions-icons\">\n                \n                <div class=\"twp-reacts-wrap\">\n                    <a react-data=\"be-react-1\" post-id=\"4087\" class=\"be-face-icons un-reacted\" href=\"javascript:void(0)\">\n                        <img decoding=\"async\" src=\"https:\/\/desteptati-va.ro\/wp-content\/plugins\/booster-extension\/\/assets\/icon\/happy.svg\" alt=\"Happy\">\n                    <\/a>\n                    <div class=\"twp-reaction-title\">\n                        Happy                    <\/div>\n                    <div class=\"twp-count-percent\">\n                                                    <span style=\"display: none;\" class=\"twp-react-count\">0<\/span>\n                        \n                                                <span class=\"twp-react-percent\"><span>0<\/span> %<\/span>\n                                            <\/div>\n                <\/div>\n\n                <div class=\"twp-reacts-wrap\">\n                    <a react-data=\"be-react-2\" post-id=\"4087\" class=\"be-face-icons un-reacted\" href=\"javascript:void(0)\">\n                        <img decoding=\"async\" src=\"https:\/\/desteptati-va.ro\/wp-content\/plugins\/booster-extension\/\/assets\/icon\/sad.svg\" alt=\"Sad\">\n                    <\/a>\n                    <div class=\"twp-reaction-title\">\n                        Sad                    <\/div>\n                    <div class=\"twp-count-percent\">\n                                                    <span style=\"display: none;\" class=\"twp-react-count\">0<\/span>\n                                                                        <span class=\"twp-react-percent\"><span>0<\/span> %<\/span>\n                                            <\/div>\n                <\/div>\n\n                <div class=\"twp-reacts-wrap\">\n                    <a react-data=\"be-react-3\" post-id=\"4087\" class=\"be-face-icons un-reacted\" href=\"javascript:void(0)\">\n                        <img decoding=\"async\" src=\"https:\/\/desteptati-va.ro\/wp-content\/plugins\/booster-extension\/\/assets\/icon\/excited.svg\" alt=\"Excited\">\n                    <\/a>\n                    <div class=\"twp-reaction-title\">\n                        Excited                    <\/div>\n                    <div class=\"twp-count-percent\">\n                                                    <span style=\"display: none;\" class=\"twp-react-count\">0<\/span>\n                                                                        <span class=\"twp-react-percent\"><span>0<\/span> %<\/span>\n                                            <\/div>\n                <\/div>\n\n                <div class=\"twp-reacts-wrap\">\n                    <a react-data=\"be-react-6\" post-id=\"4087\" class=\"be-face-icons un-reacted\" href=\"javascript:void(0)\">\n                        <img decoding=\"async\" src=\"https:\/\/desteptati-va.ro\/wp-content\/plugins\/booster-extension\/\/assets\/icon\/sleepy.svg\" alt=\"Sleepy\">\n                    <\/a>\n                    <div class=\"twp-reaction-title\">\n                        Sleepy                    <\/div>\n                    <div class=\"twp-count-percent\">\n                                                    <span style=\"display: none;\" class=\"twp-react-count\">0<\/span>\n                        \n                                                <span class=\"twp-react-percent\"><span>0<\/span> %<\/span>\n                                            <\/div>\n                <\/div>\n\n                <div class=\"twp-reacts-wrap\">\n                    <a react-data=\"be-react-4\" post-id=\"4087\" class=\"be-face-icons un-reacted\" href=\"javascript:void(0)\">\n                        <img decoding=\"async\" src=\"https:\/\/desteptati-va.ro\/wp-content\/plugins\/booster-extension\/\/assets\/icon\/angry.svg\" alt=\"Angry\">\n                    <\/a>\n                    <div class=\"twp-reaction-title\">Angry<\/div>\n                    <div class=\"twp-count-percent\">\n                                                    <span style=\"display: none;\" class=\"twp-react-count\">0<\/span>\n                                                                        <span class=\"twp-react-percent\"><span>0<\/span> %<\/span>\n                        \n                    <\/div>\n                <\/div>\n\n                <div class=\"twp-reacts-wrap\">\n                    <a react-data=\"be-react-5\" post-id=\"4087\" class=\"be-face-icons un-reacted\" href=\"javascript:void(0)\">\n                        <img decoding=\"async\" src=\"https:\/\/desteptati-va.ro\/wp-content\/plugins\/booster-extension\/\/assets\/icon\/surprise.svg\" alt=\"Surprise\">\n                    <\/a>\n                    <div class=\"twp-reaction-title\">Surprise<\/div>\n                    <div class=\"twp-count-percent\">\n                                                    <span style=\"display: none;\" class=\"twp-react-count\">0<\/span>\n                                                                        <span class=\"twp-react-percent\"><span>0<\/span> %<\/span>\n                                            <\/div>\n                <\/div>\n\n            <\/div>\n        <\/div>\n\n    <\/div>","protected":false},"excerpt":{"rendered":"<p>\u00centr-o \u0163ar\u0103 moart\u0103, cu un popor care nu mai exist\u0103, totul este perfect realizabil. Tr\u0103iesc, din ce \u00een ce mai<a href=\"https:\/\/desteptati-va.ro\/index.php\/2021\/04\/19\/sunt-cetatean-al-unei-foste-tari\/\">Read More<i class=\"fa fa-long-arrow-right\" aria-hidden=\"true\"><\/i><\/a><\/p>\n","protected":false},"author":1,"featured_media":1731,"comment_status":"open","ping_status":"open","sticky":false,"template":"","format":"standard","meta":{"_crdt_document":"","footnotes":""},"categories":[16],"tags":[1476,713,419,59,60,829,1477,175,888,1450,512,1478,1479,363,634,148,179,1480,225,742,526,210,732],"class_list":["post-4087","post","type-post","status-publish","format-standard","has-post-thumbnail","hentry","category-o-tara-furata","tag-academician","tag-basescu","tag-democratie","tag-desteptati","tag-desteptati-va","tag-dictatul-de-la-viena","tag-giurescu","tag-hitler","tag-imprumut","tag-istoric","tag-laszlo","tag-moarta","tag-mut","tag-popor","tag-regim","tag-revolutie","tag-romania","tag-surd","tag-tara","tag-tinutul-secuiesc","tag-tokes","tag-traian","tag-traian-basescu"],"rise-blocks_total_comments":1,"rise-blocks_categories":[{"term_id":16,"name":"O tara furata","slug":"o-tara-furata","term_group":0,"term_taxonomy_id":16,"taxonomy":"category","description":"","parent":0,"count":19,"filter":"raw"}],"rise-blocks_excerpt":"\u00centr-o \u0163ar\u0103 moart\u0103, cu un popor care nu mai exist\u0103, totul este perfect realizabil. Tr\u0103iesc, din ce \u00een ce mai ap\u0103s\u0103tor, g\u00e2ndul\u00a0 c\u0103\u00a0 buletinul na\u015fterii mele este\u00a0 fals. M-am\u00a0 n\u0103scut \u00eentr-o \u0163ar\u0103 care nu mai e. Rom\u00e2nia am zis? Care Rom\u00e2nia? La 21 de ani de la f\u0103tarea, prin s\u00e2ngeroas\u0103 cezarian\u0103, a democra\u0163iei, \u0163ara mea a reu\u015fit, economic \u015fi moral,..","yoast_head":"<!-- This site is optimized with the Yoast SEO plugin v26.9 - https:\/\/yoast.com\/product\/yoast-seo-wordpress\/ -->\r\n<title>Sunt cet\u0103\u0163ean al unei foste \u0163\u0103ri -<\/title>\r\n<meta name=\"robots\" content=\"index, follow, max-snippet:-1, max-image-preview:large, max-video-preview:-1\" \/>\r\n<link rel=\"canonical\" href=\"https:\/\/desteptati-va.ro\/index.php\/2021\/04\/19\/sunt-cetatean-al-unei-foste-tari\/\" \/>\r\n<meta property=\"og:locale\" content=\"ro_RO\" \/>\r\n<meta property=\"og:type\" content=\"article\" \/>\r\n<meta property=\"og:title\" content=\"Sunt cet\u0103\u0163ean al unei foste \u0163\u0103ri -\" \/>\r\n<meta property=\"og:description\" content=\"\u00centr-o \u0163ar\u0103 moart\u0103, cu un popor care nu mai exist\u0103, totul este perfect realizabil. Tr\u0103iesc, din ce \u00een ce maiRead More\" \/>\r\n<meta property=\"og:url\" content=\"https:\/\/desteptati-va.ro\/index.php\/2021\/04\/19\/sunt-cetatean-al-unei-foste-tari\/\" \/>\r\n<meta property=\"article:published_time\" content=\"2021-04-19T11:07:21+00:00\" \/>\r\n<meta property=\"og:image\" content=\"https:\/\/desteptati-va.ro\/wp-content\/uploads\/2021\/04\/crucea_caraiman_in_noapte.jpg\" \/>\r\n\t<meta property=\"og:image:width\" content=\"400\" \/>\r\n\t<meta property=\"og:image:height\" content=\"266\" \/>\r\n\t<meta property=\"og:image:type\" content=\"image\/jpeg\" \/>\r\n<meta name=\"author\" content=\"wolfsoftcompany\" \/>\r\n<meta name=\"twitter:card\" content=\"summary_large_image\" \/>\r\n<meta name=\"twitter:label1\" content=\"Scris de\" \/>\n\t<meta name=\"twitter:data1\" content=\"wolfsoftcompany\" \/>\n\t<meta name=\"twitter:label2\" content=\"Timp estimat pentru citire\" \/>\n\t<meta name=\"twitter:data2\" content=\"5 minute\" \/>\r\n<script type=\"application\/ld+json\" class=\"yoast-schema-graph\">{\"@context\":\"https:\/\/schema.org\",\"@graph\":[{\"@type\":\"Article\",\"@id\":\"https:\/\/desteptati-va.ro\/index.php\/2021\/04\/19\/sunt-cetatean-al-unei-foste-tari\/#article\",\"isPartOf\":{\"@id\":\"https:\/\/desteptati-va.ro\/index.php\/2021\/04\/19\/sunt-cetatean-al-unei-foste-tari\/\"},\"author\":{\"name\":\"wolfsoftcompany\",\"@id\":\"https:\/\/desteptati-va.ro\/#\/schema\/person\/13182deeebd44920914899f7bb262d6b\"},\"headline\":\"Sunt cet\u0103\u0163ean al unei foste \u0163\u0103ri\",\"datePublished\":\"2021-04-19T11:07:21+00:00\",\"mainEntityOfPage\":{\"@id\":\"https:\/\/desteptati-va.ro\/index.php\/2021\/04\/19\/sunt-cetatean-al-unei-foste-tari\/\"},\"wordCount\":909,\"commentCount\":0,\"image\":{\"@id\":\"https:\/\/desteptati-va.ro\/index.php\/2021\/04\/19\/sunt-cetatean-al-unei-foste-tari\/#primaryimage\"},\"thumbnailUrl\":\"https:\/\/desteptati-va.ro\/wp-content\/uploads\/2021\/04\/crucea_caraiman_in_noapte.jpg\",\"keywords\":[\"academician\",\"Basescu\",\"democratie\",\"desteptati\",\"desteptati-va\",\"dictatul de la viena\",\"Giurescu\",\"Hitler\",\"imprumut\",\"istoric\",\"Laszlo\",\"moarta\",\"mut\",\"popor\",\"regim\",\"revolutie\",\"Romania\",\"surd\",\"tara\",\"Tinutul Secuiesc\",\"Tokes\",\"Traian\",\"Traian Basescu\"],\"articleSection\":[\"O tara furata\"],\"inLanguage\":\"ro-RO\",\"potentialAction\":[{\"@type\":\"CommentAction\",\"name\":\"Comment\",\"target\":[\"https:\/\/desteptati-va.ro\/index.php\/2021\/04\/19\/sunt-cetatean-al-unei-foste-tari\/#respond\"]}]},{\"@type\":\"WebPage\",\"@id\":\"https:\/\/desteptati-va.ro\/index.php\/2021\/04\/19\/sunt-cetatean-al-unei-foste-tari\/\",\"url\":\"https:\/\/desteptati-va.ro\/index.php\/2021\/04\/19\/sunt-cetatean-al-unei-foste-tari\/\",\"name\":\"Sunt cet\u0103\u0163ean al unei foste \u0163\u0103ri -\",\"isPartOf\":{\"@id\":\"https:\/\/desteptati-va.ro\/#website\"},\"primaryImageOfPage\":{\"@id\":\"https:\/\/desteptati-va.ro\/index.php\/2021\/04\/19\/sunt-cetatean-al-unei-foste-tari\/#primaryimage\"},\"image\":{\"@id\":\"https:\/\/desteptati-va.ro\/index.php\/2021\/04\/19\/sunt-cetatean-al-unei-foste-tari\/#primaryimage\"},\"thumbnailUrl\":\"https:\/\/desteptati-va.ro\/wp-content\/uploads\/2021\/04\/crucea_caraiman_in_noapte.jpg\",\"datePublished\":\"2021-04-19T11:07:21+00:00\",\"author\":{\"@id\":\"https:\/\/desteptati-va.ro\/#\/schema\/person\/13182deeebd44920914899f7bb262d6b\"},\"breadcrumb\":{\"@id\":\"https:\/\/desteptati-va.ro\/index.php\/2021\/04\/19\/sunt-cetatean-al-unei-foste-tari\/#breadcrumb\"},\"inLanguage\":\"ro-RO\",\"potentialAction\":[{\"@type\":\"ReadAction\",\"target\":[\"https:\/\/desteptati-va.ro\/index.php\/2021\/04\/19\/sunt-cetatean-al-unei-foste-tari\/\"]}]},{\"@type\":\"ImageObject\",\"inLanguage\":\"ro-RO\",\"@id\":\"https:\/\/desteptati-va.ro\/index.php\/2021\/04\/19\/sunt-cetatean-al-unei-foste-tari\/#primaryimage\",\"url\":\"https:\/\/desteptati-va.ro\/wp-content\/uploads\/2021\/04\/crucea_caraiman_in_noapte.jpg\",\"contentUrl\":\"https:\/\/desteptati-va.ro\/wp-content\/uploads\/2021\/04\/crucea_caraiman_in_noapte.jpg\",\"width\":400,\"height\":266},{\"@type\":\"BreadcrumbList\",\"@id\":\"https:\/\/desteptati-va.ro\/index.php\/2021\/04\/19\/sunt-cetatean-al-unei-foste-tari\/#breadcrumb\",\"itemListElement\":[{\"@type\":\"ListItem\",\"position\":1,\"name\":\"Prima pagin\u0103\",\"item\":\"https:\/\/desteptati-va.ro\/\"},{\"@type\":\"ListItem\",\"position\":2,\"name\":\"Sunt cet\u0103\u0163ean al unei foste \u0163\u0103ri\"}]},{\"@type\":\"WebSite\",\"@id\":\"https:\/\/desteptati-va.ro\/#website\",\"url\":\"https:\/\/desteptati-va.ro\/\",\"name\":\"\",\"description\":\"\",\"potentialAction\":[{\"@type\":\"SearchAction\",\"target\":{\"@type\":\"EntryPoint\",\"urlTemplate\":\"https:\/\/desteptati-va.ro\/?s={search_term_string}\"},\"query-input\":{\"@type\":\"PropertyValueSpecification\",\"valueRequired\":true,\"valueName\":\"search_term_string\"}}],\"inLanguage\":\"ro-RO\"},{\"@type\":\"Person\",\"@id\":\"https:\/\/desteptati-va.ro\/#\/schema\/person\/13182deeebd44920914899f7bb262d6b\",\"name\":\"wolfsoftcompany\",\"image\":{\"@type\":\"ImageObject\",\"inLanguage\":\"ro-RO\",\"@id\":\"https:\/\/desteptati-va.ro\/#\/schema\/person\/image\/\",\"url\":\"https:\/\/secure.gravatar.com\/avatar\/a6cce9b6d101d27d91690e7073e300fed94c0899890bf998e082cb9d2c3d121e?s=96&d=mm&r=g\",\"contentUrl\":\"https:\/\/secure.gravatar.com\/avatar\/a6cce9b6d101d27d91690e7073e300fed94c0899890bf998e082cb9d2c3d121e?s=96&d=mm&r=g\",\"caption\":\"wolfsoftcompany\"},\"sameAs\":[\"http:\/\/desteptati-va.ro\"],\"url\":\"https:\/\/desteptati-va.ro\/index.php\/author\/wolfsoftcompany\/\"}]}<\/script>\r\n<!-- \/ Yoast SEO plugin. -->","yoast_head_json":{"title":"Sunt cet\u0103\u0163ean al unei foste \u0163\u0103ri -","robots":{"index":"index","follow":"follow","max-snippet":"max-snippet:-1","max-image-preview":"max-image-preview:large","max-video-preview":"max-video-preview:-1"},"canonical":"https:\/\/desteptati-va.ro\/index.php\/2021\/04\/19\/sunt-cetatean-al-unei-foste-tari\/","og_locale":"ro_RO","og_type":"article","og_title":"Sunt cet\u0103\u0163ean al unei foste \u0163\u0103ri -","og_description":"\u00centr-o \u0163ar\u0103 moart\u0103, cu un popor care nu mai exist\u0103, totul este perfect realizabil. Tr\u0103iesc, din ce \u00een ce maiRead More","og_url":"https:\/\/desteptati-va.ro\/index.php\/2021\/04\/19\/sunt-cetatean-al-unei-foste-tari\/","article_published_time":"2021-04-19T11:07:21+00:00","og_image":[{"width":400,"height":266,"url":"https:\/\/desteptati-va.ro\/wp-content\/uploads\/2021\/04\/crucea_caraiman_in_noapte.jpg","type":"image\/jpeg"}],"author":"wolfsoftcompany","twitter_card":"summary_large_image","twitter_misc":{"Scris de":"wolfsoftcompany","Timp estimat pentru citire":"5 minute"},"schema":{"@context":"https:\/\/schema.org","@graph":[{"@type":"Article","@id":"https:\/\/desteptati-va.ro\/index.php\/2021\/04\/19\/sunt-cetatean-al-unei-foste-tari\/#article","isPartOf":{"@id":"https:\/\/desteptati-va.ro\/index.php\/2021\/04\/19\/sunt-cetatean-al-unei-foste-tari\/"},"author":{"name":"wolfsoftcompany","@id":"https:\/\/desteptati-va.ro\/#\/schema\/person\/13182deeebd44920914899f7bb262d6b"},"headline":"Sunt cet\u0103\u0163ean al unei foste \u0163\u0103ri","datePublished":"2021-04-19T11:07:21+00:00","mainEntityOfPage":{"@id":"https:\/\/desteptati-va.ro\/index.php\/2021\/04\/19\/sunt-cetatean-al-unei-foste-tari\/"},"wordCount":909,"commentCount":0,"image":{"@id":"https:\/\/desteptati-va.ro\/index.php\/2021\/04\/19\/sunt-cetatean-al-unei-foste-tari\/#primaryimage"},"thumbnailUrl":"https:\/\/desteptati-va.ro\/wp-content\/uploads\/2021\/04\/crucea_caraiman_in_noapte.jpg","keywords":["academician","Basescu","democratie","desteptati","desteptati-va","dictatul de la viena","Giurescu","Hitler","imprumut","istoric","Laszlo","moarta","mut","popor","regim","revolutie","Romania","surd","tara","Tinutul Secuiesc","Tokes","Traian","Traian Basescu"],"articleSection":["O tara furata"],"inLanguage":"ro-RO","potentialAction":[{"@type":"CommentAction","name":"Comment","target":["https:\/\/desteptati-va.ro\/index.php\/2021\/04\/19\/sunt-cetatean-al-unei-foste-tari\/#respond"]}]},{"@type":"WebPage","@id":"https:\/\/desteptati-va.ro\/index.php\/2021\/04\/19\/sunt-cetatean-al-unei-foste-tari\/","url":"https:\/\/desteptati-va.ro\/index.php\/2021\/04\/19\/sunt-cetatean-al-unei-foste-tari\/","name":"Sunt cet\u0103\u0163ean al unei foste \u0163\u0103ri -","isPartOf":{"@id":"https:\/\/desteptati-va.ro\/#website"},"primaryImageOfPage":{"@id":"https:\/\/desteptati-va.ro\/index.php\/2021\/04\/19\/sunt-cetatean-al-unei-foste-tari\/#primaryimage"},"image":{"@id":"https:\/\/desteptati-va.ro\/index.php\/2021\/04\/19\/sunt-cetatean-al-unei-foste-tari\/#primaryimage"},"thumbnailUrl":"https:\/\/desteptati-va.ro\/wp-content\/uploads\/2021\/04\/crucea_caraiman_in_noapte.jpg","datePublished":"2021-04-19T11:07:21+00:00","author":{"@id":"https:\/\/desteptati-va.ro\/#\/schema\/person\/13182deeebd44920914899f7bb262d6b"},"breadcrumb":{"@id":"https:\/\/desteptati-va.ro\/index.php\/2021\/04\/19\/sunt-cetatean-al-unei-foste-tari\/#breadcrumb"},"inLanguage":"ro-RO","potentialAction":[{"@type":"ReadAction","target":["https:\/\/desteptati-va.ro\/index.php\/2021\/04\/19\/sunt-cetatean-al-unei-foste-tari\/"]}]},{"@type":"ImageObject","inLanguage":"ro-RO","@id":"https:\/\/desteptati-va.ro\/index.php\/2021\/04\/19\/sunt-cetatean-al-unei-foste-tari\/#primaryimage","url":"https:\/\/desteptati-va.ro\/wp-content\/uploads\/2021\/04\/crucea_caraiman_in_noapte.jpg","contentUrl":"https:\/\/desteptati-va.ro\/wp-content\/uploads\/2021\/04\/crucea_caraiman_in_noapte.jpg","width":400,"height":266},{"@type":"BreadcrumbList","@id":"https:\/\/desteptati-va.ro\/index.php\/2021\/04\/19\/sunt-cetatean-al-unei-foste-tari\/#breadcrumb","itemListElement":[{"@type":"ListItem","position":1,"name":"Prima pagin\u0103","item":"https:\/\/desteptati-va.ro\/"},{"@type":"ListItem","position":2,"name":"Sunt cet\u0103\u0163ean al unei foste \u0163\u0103ri"}]},{"@type":"WebSite","@id":"https:\/\/desteptati-va.ro\/#website","url":"https:\/\/desteptati-va.ro\/","name":"","description":"","potentialAction":[{"@type":"SearchAction","target":{"@type":"EntryPoint","urlTemplate":"https:\/\/desteptati-va.ro\/?s={search_term_string}"},"query-input":{"@type":"PropertyValueSpecification","valueRequired":true,"valueName":"search_term_string"}}],"inLanguage":"ro-RO"},{"@type":"Person","@id":"https:\/\/desteptati-va.ro\/#\/schema\/person\/13182deeebd44920914899f7bb262d6b","name":"wolfsoftcompany","image":{"@type":"ImageObject","inLanguage":"ro-RO","@id":"https:\/\/desteptati-va.ro\/#\/schema\/person\/image\/","url":"https:\/\/secure.gravatar.com\/avatar\/a6cce9b6d101d27d91690e7073e300fed94c0899890bf998e082cb9d2c3d121e?s=96&d=mm&r=g","contentUrl":"https:\/\/secure.gravatar.com\/avatar\/a6cce9b6d101d27d91690e7073e300fed94c0899890bf998e082cb9d2c3d121e?s=96&d=mm&r=g","caption":"wolfsoftcompany"},"sameAs":["http:\/\/desteptati-va.ro"],"url":"https:\/\/desteptati-va.ro\/index.php\/author\/wolfsoftcompany\/"}]}},"_links":{"self":[{"href":"https:\/\/desteptati-va.ro\/index.php\/wp-json\/wp\/v2\/posts\/4087","targetHints":{"allow":["GET"]}}],"collection":[{"href":"https:\/\/desteptati-va.ro\/index.php\/wp-json\/wp\/v2\/posts"}],"about":[{"href":"https:\/\/desteptati-va.ro\/index.php\/wp-json\/wp\/v2\/types\/post"}],"author":[{"embeddable":true,"href":"https:\/\/desteptati-va.ro\/index.php\/wp-json\/wp\/v2\/users\/1"}],"replies":[{"embeddable":true,"href":"https:\/\/desteptati-va.ro\/index.php\/wp-json\/wp\/v2\/comments?post=4087"}],"version-history":[{"count":1,"href":"https:\/\/desteptati-va.ro\/index.php\/wp-json\/wp\/v2\/posts\/4087\/revisions"}],"predecessor-version":[{"id":4089,"href":"https:\/\/desteptati-va.ro\/index.php\/wp-json\/wp\/v2\/posts\/4087\/revisions\/4089"}],"wp:featuredmedia":[{"embeddable":true,"href":"https:\/\/desteptati-va.ro\/index.php\/wp-json\/wp\/v2\/media\/1731"}],"wp:attachment":[{"href":"https:\/\/desteptati-va.ro\/index.php\/wp-json\/wp\/v2\/media?parent=4087"}],"wp:term":[{"taxonomy":"category","embeddable":true,"href":"https:\/\/desteptati-va.ro\/index.php\/wp-json\/wp\/v2\/categories?post=4087"},{"taxonomy":"post_tag","embeddable":true,"href":"https:\/\/desteptati-va.ro\/index.php\/wp-json\/wp\/v2\/tags?post=4087"}],"curies":[{"name":"wp","href":"https:\/\/api.w.org\/{rel}","templated":true}]}}