{"id":4096,"date":"2021-04-19T11:22:07","date_gmt":"2021-04-19T11:22:07","guid":{"rendered":"http:\/\/desteptati.ro\/?p=4096"},"modified":"2021-04-19T11:22:07","modified_gmt":"2021-04-19T11:22:07","slug":"alungati-turma-acestor-netrebnici","status":"publish","type":"post","link":"https:\/\/desteptati-va.ro\/index.php\/2021\/04\/19\/alungati-turma-acestor-netrebnici\/","title":{"rendered":"Alunga\u021bi turma acestor netrebnici!"},"content":{"rendered":"<div class=\"post-content\"><div class='booster-block booster-read-block'>\n                <div class=\"twp-read-time\">\n                \t<i class=\"booster-icon twp-clock\"><\/i> <span>Read Time:<\/span>2 Minute, 37 Second                <\/div>\n\n            <\/div><h4 style=\"text-align: left;\">Ce caut\u0103 aceste elemente nes\u0103n\u0103toase \u00een via\u021ba public\u0103 a statului?&#8230; Ce sunt aceste p\u0103pu\u0219i care doresc a tr\u0103i f\u0103r\u0103 munc\u0103, f\u0103r\u0103 \u0219tiin\u021b\u0103, f\u0103r\u0103 avere mo\u0219tenit\u0103, cumul\u00e2nd c\u00e2te trei, patru \u00eens\u0103rcin\u0103ri publice dintre care n-ar putea s\u0103 indeplineasc\u0103 nici pe una \u00een deplin\u0103 constiin\u021b\u0103? Ce c\u0103uta dl X profesor de universitate, care nu \u0219tie a scrie un sir de limb\u0103 rom\u00e2neasc\u0103, care n-are \u00a0at\u00e2tea cuno\u0219tin\u021be pozitive din \u021b\u0103rile vecine \u0219i care, cu toate acestea, pretinde a fi mare politic si om de stat?<\/h4>\r\n<h4 style=\"text-align: left;\">Ciudat\u0103 \u021bar\u0103, \u00eentr-adev\u0103r! Pe cei mai mul\u021bi din ace\u0219ti domni statul i-a crescut, adic\u0103 i-a hr\u0103nit prin internate, ca dup\u0103 aceea s\u0103-\u0219i c\u00e2\u0219tige, printr-un me\u0219te\u0219ug cinstit, p\u00e2inea de toate zilele\u2026 Dup\u0103 ce ace\u0219ti domni \u0219i-au m\u00e2ntuit a\u0219a-numitele studii, vin iar la stat \u0219i cer s\u0103-I c\u0103p\u0103tuiasc\u0103, adic\u0103 s\u0103-i hr\u0103neasc\u0103 p\u00e2n\u0103 la sf\u00e2r\u0219itul vie\u021bii. Dar nu-i numai at\u00e2ta. \u021a\u0103rani? Nu sunt. Proprietari nu, \u00eenv\u0103\u021ba\u021bi, nici c\u00e2t negrul sub unghie, fabrican\u021bi, numai de palavre, me\u0219eria\u0219i nu, breasl\u0103 cinstit\u0103 n-au\u2026ce sunt dar? Uzurpatori, demagogi, capete de\u0219arte, lene\u0219i, ciocoi boiero\u0219i \u0219i fudui mult mai \u00eenfumura\u021bi dec\u00eet cobor\u00e2torii din neamurile cele mai vechi ale \u021b\u0103rii. De acolo pizma cumplita pe care o nutresc aceste nulit\u0103\u021bi pentru orice sc\u00e2nteie de merit adev\u0103rat \u0219i goana \u00eenver\u0219unat\u0103 asupra elementelor intelectuale s\u0103n\u0103toase ale \u021b\u0103rii\u2026 Ia sta\u021bi, oameni buni! Voi pl\u0103ti\u021bi profesori care nici nu v\u0103 \u00eenva\u021b\u0103 copiii, nici carte nu \u0219tiu; pl\u0103ti\u021bi judec\u0103tori nedrep\u021bi \u0219i administratori care v\u0103 fur\u0103\u2026 v\u0103 ame\u021besc cu vorbe \u0219i v\u0103 \u00eembat\u0103 cu ap\u0103 rece\u2026 Nefiind \u00a0st\u0103p\u00e2n care s\u0103-I \u021bin\u0103 \u00een fr\u00e2u, ei \u00ee\u0219i fac mendrele \u0219i v\u0103 s\u0103r\u0103cesc, cre\u00e2ndu-\u0219i locuri \u0219i locu\u0219oare, deput\u0103\u021bii, prim\u0103rii, comisii \u0219i multe altele pe care voi le pl\u0103ti\u021bi pe\u0219in, pe c\u00e2nd ei nu v\u0103 dau nimic, absolut nimic \u00een schimb, ci din contr\u0103 v\u0103 mai si dezbrac\u0103, dup\u0103 ce voi i-a\u021bi \u00een\u021bolit\u2026 De aceea, alunga\u021bi turma acestor netrebnici, care nu muncesc nimic \u0219i n-au nimic \u0219i vor s\u0103 tr\u0103iasc\u0103 ca oamenii cei mai boga\u021bi, nu \u0219tiu nimic \u0219i vreau s\u0103 v\u0103 \u00eenve\u021be copiii\u2026 n-au destul\u0103 minte pentru a se economisi pe sine \u0219i voiesc s\u0103 v\u0103 economiseasc\u0103 pe voi to\u021bi.<\/h4>\r\n<h4 style=\"text-align: left;\">Dup\u0103 cum, probabil, cei \u00a0mai multi dintre dumneavoastr\u0103, cei care a\u021bi avut rabdare s\u0103 ajunge\u021bi cu lectura p\u00e2n\u0103 aici, v-a\u021bi dat seama, r\u00e2ndurile acestea n-au fost scrise \u00een august 2014, ci acum aproape un secol \u0219i jumatate. Ele au v\u0103zut lumina tiparului intr-o gazet\u0103 a vremii, pe nume \u201d Timpul\u201d. De\u0219i s-ar p\u0103rea ca autorul articolului pe care mi-am permis a-l reproduce, par\u021bial, aici e contemporan cu noi, fizice\u0219te vorbind, el nu mai e de vreo 125 de ani printer noi. Avea doar 27 de ani c\u00e2nd a scris r\u00e2ndurile de dinainte. Il chema Mihai Eminescu. \u0218i dac\u0103 tot am recurs la textele de pres\u0103 ale unor poe\u021bi, \u00eel las s\u0103 pun\u0103 concluzia pe poetul p\u0103timirii noastre, Octavian Goga. Acesta conchidea, la finele unui articol publicat, pare-mi-se, \u00een revista \u201d\u021aara noastr\u0103\u201d, \u00een anul 1916:<\/h4>\r\n<h4 style=\"text-align: left;\">\u201d Aici ne-au adus politicienii ordinari, ho\u021bii improviza\u021bi ast\u0103zi \u00een morali\u0219ti, ministrii care s-au v\u00e2ndut o via\u021b\u0103 \u00eentreag\u0103, deputatii contrabandi\u0219ti\u2026\u201d<\/h4>\r\n<h4 style=\"text-align: left;\"><em>Surs\u0103:Arge\u0219ul<\/em><\/h4>        <div class=\"booster-block booster-reactions-block\">\n            <div class=\"twp-reactions-icons\">\n                \n                <div class=\"twp-reacts-wrap\">\n                    <a react-data=\"be-react-1\" post-id=\"4096\" class=\"be-face-icons un-reacted\" href=\"javascript:void(0)\">\n                        <img decoding=\"async\" src=\"https:\/\/desteptati-va.ro\/wp-content\/plugins\/booster-extension\/\/assets\/icon\/happy.svg\" alt=\"Happy\">\n                    <\/a>\n                    <div class=\"twp-reaction-title\">\n                        Happy                    <\/div>\n                    <div class=\"twp-count-percent\">\n                                                    <span style=\"display: none;\" class=\"twp-react-count\">0<\/span>\n                        \n                                                <span class=\"twp-react-percent\"><span>0<\/span> %<\/span>\n                                            <\/div>\n                <\/div>\n\n                <div class=\"twp-reacts-wrap\">\n                    <a react-data=\"be-react-2\" post-id=\"4096\" class=\"be-face-icons un-reacted\" href=\"javascript:void(0)\">\n                        <img decoding=\"async\" src=\"https:\/\/desteptati-va.ro\/wp-content\/plugins\/booster-extension\/\/assets\/icon\/sad.svg\" alt=\"Sad\">\n                    <\/a>\n                    <div class=\"twp-reaction-title\">\n                        Sad                    <\/div>\n                    <div class=\"twp-count-percent\">\n                                                    <span style=\"display: none;\" class=\"twp-react-count\">0<\/span>\n                                                                        <span class=\"twp-react-percent\"><span>0<\/span> %<\/span>\n                                            <\/div>\n                <\/div>\n\n                <div class=\"twp-reacts-wrap\">\n                    <a react-data=\"be-react-3\" post-id=\"4096\" class=\"be-face-icons un-reacted\" href=\"javascript:void(0)\">\n                        <img decoding=\"async\" src=\"https:\/\/desteptati-va.ro\/wp-content\/plugins\/booster-extension\/\/assets\/icon\/excited.svg\" alt=\"Excited\">\n                    <\/a>\n                    <div class=\"twp-reaction-title\">\n                        Excited                    <\/div>\n                    <div class=\"twp-count-percent\">\n                                                    <span style=\"display: none;\" class=\"twp-react-count\">0<\/span>\n                                                                        <span class=\"twp-react-percent\"><span>0<\/span> %<\/span>\n                                            <\/div>\n                <\/div>\n\n                <div class=\"twp-reacts-wrap\">\n                    <a react-data=\"be-react-6\" post-id=\"4096\" class=\"be-face-icons un-reacted\" href=\"javascript:void(0)\">\n                        <img decoding=\"async\" src=\"https:\/\/desteptati-va.ro\/wp-content\/plugins\/booster-extension\/\/assets\/icon\/sleepy.svg\" alt=\"Sleepy\">\n                    <\/a>\n                    <div class=\"twp-reaction-title\">\n                        Sleepy                    <\/div>\n                    <div class=\"twp-count-percent\">\n                                                    <span style=\"display: none;\" class=\"twp-react-count\">0<\/span>\n                        \n                                                <span class=\"twp-react-percent\"><span>0<\/span> %<\/span>\n                                            <\/div>\n                <\/div>\n\n                <div class=\"twp-reacts-wrap\">\n                    <a react-data=\"be-react-4\" post-id=\"4096\" class=\"be-face-icons un-reacted\" href=\"javascript:void(0)\">\n                        <img decoding=\"async\" src=\"https:\/\/desteptati-va.ro\/wp-content\/plugins\/booster-extension\/\/assets\/icon\/angry.svg\" alt=\"Angry\">\n                    <\/a>\n                    <div class=\"twp-reaction-title\">Angry<\/div>\n                    <div class=\"twp-count-percent\">\n                                                    <span style=\"display: none;\" class=\"twp-react-count\">0<\/span>\n                                                                        <span class=\"twp-react-percent\"><span>0<\/span> %<\/span>\n                        \n                    <\/div>\n                <\/div>\n\n                <div class=\"twp-reacts-wrap\">\n                    <a react-data=\"be-react-5\" post-id=\"4096\" class=\"be-face-icons un-reacted\" href=\"javascript:void(0)\">\n                        <img decoding=\"async\" src=\"https:\/\/desteptati-va.ro\/wp-content\/plugins\/booster-extension\/\/assets\/icon\/surprise.svg\" alt=\"Surprise\">\n                    <\/a>\n                    <div class=\"twp-reaction-title\">Surprise<\/div>\n                    <div class=\"twp-count-percent\">\n                                                    <span style=\"display: none;\" class=\"twp-react-count\">0<\/span>\n                                                                        <span class=\"twp-react-percent\"><span>0<\/span> %<\/span>\n                                            <\/div>\n                <\/div>\n\n            <\/div>\n        <\/div>\n\n    <\/div>","protected":false},"excerpt":{"rendered":"<p>Ce caut\u0103 aceste elemente nes\u0103n\u0103toase \u00een via\u021ba public\u0103 a statului?&#8230; Ce sunt aceste p\u0103pu\u0219i care doresc a tr\u0103i f\u0103r\u0103 munc\u0103,<a href=\"https:\/\/desteptati-va.ro\/index.php\/2021\/04\/19\/alungati-turma-acestor-netrebnici\/\">Read More<i class=\"fa fa-long-arrow-right\" aria-hidden=\"true\"><\/i><\/a><\/p>\n","protected":false},"author":1,"featured_media":4098,"comment_status":"open","ping_status":"open","sticky":false,"template":"","format":"standard","meta":{"_crdt_document":"","footnotes":""},"categories":[17],"tags":[270],"class_list":["post-4096","post","type-post","status-publish","format-standard","has-post-thumbnail","hentry","category-pareri-si-pozitii-publice","tag-politicieni"],"rise-blocks_total_comments":0,"rise-blocks_categories":[{"term_id":17,"name":"Pareri si pozitii publice","slug":"pareri-si-pozitii-publice","term_group":0,"term_taxonomy_id":17,"taxonomy":"category","description":"","parent":0,"count":18,"filter":"raw"}],"rise-blocks_excerpt":"Ce caut\u0103 aceste elemente nes\u0103n\u0103toase \u00een via\u021ba public\u0103 a statului?&#8230; Ce sunt aceste p\u0103pu\u0219i care doresc a tr\u0103i f\u0103r\u0103 munc\u0103, f\u0103r\u0103 \u0219tiin\u021b\u0103, f\u0103r\u0103 avere mo\u0219tenit\u0103, cumul\u00e2nd c\u00e2te trei, patru \u00eens\u0103rcin\u0103ri publice dintre care n-ar putea s\u0103 indeplineasc\u0103 nici pe una \u00een deplin\u0103 constiin\u021b\u0103? Ce c\u0103uta dl X profesor de universitate, care nu \u0219tie a scrie un sir de limb\u0103 rom\u00e2neasc\u0103,..","yoast_head":"<!-- This site is optimized with the Yoast SEO plugin v26.9 - https:\/\/yoast.com\/product\/yoast-seo-wordpress\/ -->\r\n<title>Alunga\u021bi turma acestor netrebnici! -<\/title>\r\n<meta name=\"robots\" content=\"index, follow, max-snippet:-1, max-image-preview:large, max-video-preview:-1\" \/>\r\n<link rel=\"canonical\" href=\"https:\/\/desteptati-va.ro\/index.php\/2021\/04\/19\/alungati-turma-acestor-netrebnici\/\" \/>\r\n<meta property=\"og:locale\" content=\"ro_RO\" \/>\r\n<meta property=\"og:type\" content=\"article\" \/>\r\n<meta property=\"og:title\" content=\"Alunga\u021bi turma acestor netrebnici! -\" \/>\r\n<meta property=\"og:description\" content=\"Ce caut\u0103 aceste elemente nes\u0103n\u0103toase \u00een via\u021ba public\u0103 a statului?&#8230; Ce sunt aceste p\u0103pu\u0219i care doresc a tr\u0103i f\u0103r\u0103 munc\u0103,Read More\" \/>\r\n<meta property=\"og:url\" content=\"https:\/\/desteptati-va.ro\/index.php\/2021\/04\/19\/alungati-turma-acestor-netrebnici\/\" \/>\r\n<meta property=\"article:published_time\" content=\"2021-04-19T11:22:07+00:00\" \/>\r\n<meta property=\"og:image\" content=\"https:\/\/desteptati-va.ro\/wp-content\/uploads\/2021\/04\/Eminescu.png\" \/>\r\n\t<meta property=\"og:image:width\" content=\"201\" \/>\r\n\t<meta property=\"og:image:height\" content=\"284\" \/>\r\n\t<meta property=\"og:image:type\" content=\"image\/png\" \/>\r\n<meta name=\"author\" content=\"wolfsoftcompany\" \/>\r\n<meta name=\"twitter:card\" content=\"summary_large_image\" \/>\r\n<meta name=\"twitter:label1\" content=\"Scris de\" \/>\n\t<meta name=\"twitter:data1\" content=\"wolfsoftcompany\" \/>\n\t<meta name=\"twitter:label2\" content=\"Timp estimat pentru citire\" \/>\n\t<meta name=\"twitter:data2\" content=\"3 minute\" \/>\r\n<script type=\"application\/ld+json\" class=\"yoast-schema-graph\">{\"@context\":\"https:\/\/schema.org\",\"@graph\":[{\"@type\":\"Article\",\"@id\":\"https:\/\/desteptati-va.ro\/index.php\/2021\/04\/19\/alungati-turma-acestor-netrebnici\/#article\",\"isPartOf\":{\"@id\":\"https:\/\/desteptati-va.ro\/index.php\/2021\/04\/19\/alungati-turma-acestor-netrebnici\/\"},\"author\":{\"name\":\"wolfsoftcompany\",\"@id\":\"https:\/\/desteptati-va.ro\/#\/schema\/person\/13182deeebd44920914899f7bb262d6b\"},\"headline\":\"Alunga\u021bi turma acestor netrebnici!\",\"datePublished\":\"2021-04-19T11:22:07+00:00\",\"mainEntityOfPage\":{\"@id\":\"https:\/\/desteptati-va.ro\/index.php\/2021\/04\/19\/alungati-turma-acestor-netrebnici\/\"},\"wordCount\":610,\"commentCount\":0,\"image\":{\"@id\":\"https:\/\/desteptati-va.ro\/index.php\/2021\/04\/19\/alungati-turma-acestor-netrebnici\/#primaryimage\"},\"thumbnailUrl\":\"https:\/\/desteptati-va.ro\/wp-content\/uploads\/2021\/04\/Eminescu.png\",\"keywords\":[\"politicieni\"],\"articleSection\":[\"Pareri si pozitii publice\"],\"inLanguage\":\"ro-RO\",\"potentialAction\":[{\"@type\":\"CommentAction\",\"name\":\"Comment\",\"target\":[\"https:\/\/desteptati-va.ro\/index.php\/2021\/04\/19\/alungati-turma-acestor-netrebnici\/#respond\"]}]},{\"@type\":\"WebPage\",\"@id\":\"https:\/\/desteptati-va.ro\/index.php\/2021\/04\/19\/alungati-turma-acestor-netrebnici\/\",\"url\":\"https:\/\/desteptati-va.ro\/index.php\/2021\/04\/19\/alungati-turma-acestor-netrebnici\/\",\"name\":\"Alunga\u021bi turma acestor netrebnici! -\",\"isPartOf\":{\"@id\":\"https:\/\/desteptati-va.ro\/#website\"},\"primaryImageOfPage\":{\"@id\":\"https:\/\/desteptati-va.ro\/index.php\/2021\/04\/19\/alungati-turma-acestor-netrebnici\/#primaryimage\"},\"image\":{\"@id\":\"https:\/\/desteptati-va.ro\/index.php\/2021\/04\/19\/alungati-turma-acestor-netrebnici\/#primaryimage\"},\"thumbnailUrl\":\"https:\/\/desteptati-va.ro\/wp-content\/uploads\/2021\/04\/Eminescu.png\",\"datePublished\":\"2021-04-19T11:22:07+00:00\",\"author\":{\"@id\":\"https:\/\/desteptati-va.ro\/#\/schema\/person\/13182deeebd44920914899f7bb262d6b\"},\"breadcrumb\":{\"@id\":\"https:\/\/desteptati-va.ro\/index.php\/2021\/04\/19\/alungati-turma-acestor-netrebnici\/#breadcrumb\"},\"inLanguage\":\"ro-RO\",\"potentialAction\":[{\"@type\":\"ReadAction\",\"target\":[\"https:\/\/desteptati-va.ro\/index.php\/2021\/04\/19\/alungati-turma-acestor-netrebnici\/\"]}]},{\"@type\":\"ImageObject\",\"inLanguage\":\"ro-RO\",\"@id\":\"https:\/\/desteptati-va.ro\/index.php\/2021\/04\/19\/alungati-turma-acestor-netrebnici\/#primaryimage\",\"url\":\"https:\/\/desteptati-va.ro\/wp-content\/uploads\/2021\/04\/Eminescu.png\",\"contentUrl\":\"https:\/\/desteptati-va.ro\/wp-content\/uploads\/2021\/04\/Eminescu.png\",\"width\":201,\"height\":284},{\"@type\":\"BreadcrumbList\",\"@id\":\"https:\/\/desteptati-va.ro\/index.php\/2021\/04\/19\/alungati-turma-acestor-netrebnici\/#breadcrumb\",\"itemListElement\":[{\"@type\":\"ListItem\",\"position\":1,\"name\":\"Prima pagin\u0103\",\"item\":\"https:\/\/desteptati-va.ro\/\"},{\"@type\":\"ListItem\",\"position\":2,\"name\":\"Alunga\u021bi turma acestor netrebnici!\"}]},{\"@type\":\"WebSite\",\"@id\":\"https:\/\/desteptati-va.ro\/#website\",\"url\":\"https:\/\/desteptati-va.ro\/\",\"name\":\"\",\"description\":\"\",\"potentialAction\":[{\"@type\":\"SearchAction\",\"target\":{\"@type\":\"EntryPoint\",\"urlTemplate\":\"https:\/\/desteptati-va.ro\/?s={search_term_string}\"},\"query-input\":{\"@type\":\"PropertyValueSpecification\",\"valueRequired\":true,\"valueName\":\"search_term_string\"}}],\"inLanguage\":\"ro-RO\"},{\"@type\":\"Person\",\"@id\":\"https:\/\/desteptati-va.ro\/#\/schema\/person\/13182deeebd44920914899f7bb262d6b\",\"name\":\"wolfsoftcompany\",\"image\":{\"@type\":\"ImageObject\",\"inLanguage\":\"ro-RO\",\"@id\":\"https:\/\/desteptati-va.ro\/#\/schema\/person\/image\/\",\"url\":\"https:\/\/secure.gravatar.com\/avatar\/a6cce9b6d101d27d91690e7073e300fed94c0899890bf998e082cb9d2c3d121e?s=96&d=mm&r=g\",\"contentUrl\":\"https:\/\/secure.gravatar.com\/avatar\/a6cce9b6d101d27d91690e7073e300fed94c0899890bf998e082cb9d2c3d121e?s=96&d=mm&r=g\",\"caption\":\"wolfsoftcompany\"},\"sameAs\":[\"http:\/\/desteptati-va.ro\"],\"url\":\"https:\/\/desteptati-va.ro\/index.php\/author\/wolfsoftcompany\/\"}]}<\/script>\r\n<!-- \/ Yoast SEO plugin. -->","yoast_head_json":{"title":"Alunga\u021bi turma acestor netrebnici! -","robots":{"index":"index","follow":"follow","max-snippet":"max-snippet:-1","max-image-preview":"max-image-preview:large","max-video-preview":"max-video-preview:-1"},"canonical":"https:\/\/desteptati-va.ro\/index.php\/2021\/04\/19\/alungati-turma-acestor-netrebnici\/","og_locale":"ro_RO","og_type":"article","og_title":"Alunga\u021bi turma acestor netrebnici! -","og_description":"Ce caut\u0103 aceste elemente nes\u0103n\u0103toase \u00een via\u021ba public\u0103 a statului?&#8230; Ce sunt aceste p\u0103pu\u0219i care doresc a tr\u0103i f\u0103r\u0103 munc\u0103,Read More","og_url":"https:\/\/desteptati-va.ro\/index.php\/2021\/04\/19\/alungati-turma-acestor-netrebnici\/","article_published_time":"2021-04-19T11:22:07+00:00","og_image":[{"width":201,"height":284,"url":"https:\/\/desteptati-va.ro\/wp-content\/uploads\/2021\/04\/Eminescu.png","type":"image\/png"}],"author":"wolfsoftcompany","twitter_card":"summary_large_image","twitter_misc":{"Scris de":"wolfsoftcompany","Timp estimat pentru citire":"3 minute"},"schema":{"@context":"https:\/\/schema.org","@graph":[{"@type":"Article","@id":"https:\/\/desteptati-va.ro\/index.php\/2021\/04\/19\/alungati-turma-acestor-netrebnici\/#article","isPartOf":{"@id":"https:\/\/desteptati-va.ro\/index.php\/2021\/04\/19\/alungati-turma-acestor-netrebnici\/"},"author":{"name":"wolfsoftcompany","@id":"https:\/\/desteptati-va.ro\/#\/schema\/person\/13182deeebd44920914899f7bb262d6b"},"headline":"Alunga\u021bi turma acestor netrebnici!","datePublished":"2021-04-19T11:22:07+00:00","mainEntityOfPage":{"@id":"https:\/\/desteptati-va.ro\/index.php\/2021\/04\/19\/alungati-turma-acestor-netrebnici\/"},"wordCount":610,"commentCount":0,"image":{"@id":"https:\/\/desteptati-va.ro\/index.php\/2021\/04\/19\/alungati-turma-acestor-netrebnici\/#primaryimage"},"thumbnailUrl":"https:\/\/desteptati-va.ro\/wp-content\/uploads\/2021\/04\/Eminescu.png","keywords":["politicieni"],"articleSection":["Pareri si pozitii publice"],"inLanguage":"ro-RO","potentialAction":[{"@type":"CommentAction","name":"Comment","target":["https:\/\/desteptati-va.ro\/index.php\/2021\/04\/19\/alungati-turma-acestor-netrebnici\/#respond"]}]},{"@type":"WebPage","@id":"https:\/\/desteptati-va.ro\/index.php\/2021\/04\/19\/alungati-turma-acestor-netrebnici\/","url":"https:\/\/desteptati-va.ro\/index.php\/2021\/04\/19\/alungati-turma-acestor-netrebnici\/","name":"Alunga\u021bi turma acestor netrebnici! -","isPartOf":{"@id":"https:\/\/desteptati-va.ro\/#website"},"primaryImageOfPage":{"@id":"https:\/\/desteptati-va.ro\/index.php\/2021\/04\/19\/alungati-turma-acestor-netrebnici\/#primaryimage"},"image":{"@id":"https:\/\/desteptati-va.ro\/index.php\/2021\/04\/19\/alungati-turma-acestor-netrebnici\/#primaryimage"},"thumbnailUrl":"https:\/\/desteptati-va.ro\/wp-content\/uploads\/2021\/04\/Eminescu.png","datePublished":"2021-04-19T11:22:07+00:00","author":{"@id":"https:\/\/desteptati-va.ro\/#\/schema\/person\/13182deeebd44920914899f7bb262d6b"},"breadcrumb":{"@id":"https:\/\/desteptati-va.ro\/index.php\/2021\/04\/19\/alungati-turma-acestor-netrebnici\/#breadcrumb"},"inLanguage":"ro-RO","potentialAction":[{"@type":"ReadAction","target":["https:\/\/desteptati-va.ro\/index.php\/2021\/04\/19\/alungati-turma-acestor-netrebnici\/"]}]},{"@type":"ImageObject","inLanguage":"ro-RO","@id":"https:\/\/desteptati-va.ro\/index.php\/2021\/04\/19\/alungati-turma-acestor-netrebnici\/#primaryimage","url":"https:\/\/desteptati-va.ro\/wp-content\/uploads\/2021\/04\/Eminescu.png","contentUrl":"https:\/\/desteptati-va.ro\/wp-content\/uploads\/2021\/04\/Eminescu.png","width":201,"height":284},{"@type":"BreadcrumbList","@id":"https:\/\/desteptati-va.ro\/index.php\/2021\/04\/19\/alungati-turma-acestor-netrebnici\/#breadcrumb","itemListElement":[{"@type":"ListItem","position":1,"name":"Prima pagin\u0103","item":"https:\/\/desteptati-va.ro\/"},{"@type":"ListItem","position":2,"name":"Alunga\u021bi turma acestor netrebnici!"}]},{"@type":"WebSite","@id":"https:\/\/desteptati-va.ro\/#website","url":"https:\/\/desteptati-va.ro\/","name":"","description":"","potentialAction":[{"@type":"SearchAction","target":{"@type":"EntryPoint","urlTemplate":"https:\/\/desteptati-va.ro\/?s={search_term_string}"},"query-input":{"@type":"PropertyValueSpecification","valueRequired":true,"valueName":"search_term_string"}}],"inLanguage":"ro-RO"},{"@type":"Person","@id":"https:\/\/desteptati-va.ro\/#\/schema\/person\/13182deeebd44920914899f7bb262d6b","name":"wolfsoftcompany","image":{"@type":"ImageObject","inLanguage":"ro-RO","@id":"https:\/\/desteptati-va.ro\/#\/schema\/person\/image\/","url":"https:\/\/secure.gravatar.com\/avatar\/a6cce9b6d101d27d91690e7073e300fed94c0899890bf998e082cb9d2c3d121e?s=96&d=mm&r=g","contentUrl":"https:\/\/secure.gravatar.com\/avatar\/a6cce9b6d101d27d91690e7073e300fed94c0899890bf998e082cb9d2c3d121e?s=96&d=mm&r=g","caption":"wolfsoftcompany"},"sameAs":["http:\/\/desteptati-va.ro"],"url":"https:\/\/desteptati-va.ro\/index.php\/author\/wolfsoftcompany\/"}]}},"_links":{"self":[{"href":"https:\/\/desteptati-va.ro\/index.php\/wp-json\/wp\/v2\/posts\/4096","targetHints":{"allow":["GET"]}}],"collection":[{"href":"https:\/\/desteptati-va.ro\/index.php\/wp-json\/wp\/v2\/posts"}],"about":[{"href":"https:\/\/desteptati-va.ro\/index.php\/wp-json\/wp\/v2\/types\/post"}],"author":[{"embeddable":true,"href":"https:\/\/desteptati-va.ro\/index.php\/wp-json\/wp\/v2\/users\/1"}],"replies":[{"embeddable":true,"href":"https:\/\/desteptati-va.ro\/index.php\/wp-json\/wp\/v2\/comments?post=4096"}],"version-history":[{"count":1,"href":"https:\/\/desteptati-va.ro\/index.php\/wp-json\/wp\/v2\/posts\/4096\/revisions"}],"predecessor-version":[{"id":4099,"href":"https:\/\/desteptati-va.ro\/index.php\/wp-json\/wp\/v2\/posts\/4096\/revisions\/4099"}],"wp:featuredmedia":[{"embeddable":true,"href":"https:\/\/desteptati-va.ro\/index.php\/wp-json\/wp\/v2\/media\/4098"}],"wp:attachment":[{"href":"https:\/\/desteptati-va.ro\/index.php\/wp-json\/wp\/v2\/media?parent=4096"}],"wp:term":[{"taxonomy":"category","embeddable":true,"href":"https:\/\/desteptati-va.ro\/index.php\/wp-json\/wp\/v2\/categories?post=4096"},{"taxonomy":"post_tag","embeddable":true,"href":"https:\/\/desteptati-va.ro\/index.php\/wp-json\/wp\/v2\/tags?post=4096"}],"curies":[{"name":"wp","href":"https:\/\/api.w.org\/{rel}","templated":true}]}}