{"id":4103,"date":"2021-04-19T11:27:16","date_gmt":"2021-04-19T11:27:16","guid":{"rendered":"http:\/\/desteptati.ro\/?p=4103"},"modified":"2021-04-19T11:27:16","modified_gmt":"2021-04-19T11:27:16","slug":"cartea-neagra-a-udmr-1998-2001","status":"publish","type":"post","link":"https:\/\/desteptati-va.ro\/index.php\/2021\/04\/19\/cartea-neagra-a-udmr-1998-2001\/","title":{"rendered":"Cartea neagr\u0103 a UDMR 1998-2001"},"content":{"rendered":"<div class=\"post-content\"><div class='booster-block booster-read-block'>\n                <div class=\"twp-read-time\">\n                \t<i class=\"booster-icon twp-clock\"><\/i> <span>Read Time:<\/span>39 Minute, 34 Second                <\/div>\n\n            <\/div><h3><strong>1998<\/strong><\/h3>\r\n<h3>Ianuarie<\/h3>\r\n<h4>7 ianuarie \u2013 Pre\u015fedintele UDMR, Bela Marko, se arat\u0103 nemul\u0163umit de bilan\u0163ul primului an de guvernare: \u201e\u00cen compara\u0163ie cu speran\u0163ele noastre de acum un an, trebuie s\u0103 spun c\u0103 am realizat mult mai pu\u0163in dec\u00e2t am planificat&#8221;, evident \u00een ceea ce prive\u015fte minoritatea maghiar\u0103.\r\n12 ianuarie &#8211; Agen\u0163ia de Pres\u0103 <em>France Press<\/em> difuzeaz\u0103 o \u015ftire sub titlul \u201eMaghiarii din Transilvania \u00een r\u0103zboi deschis cu miliardarii ro\u015fii rom\u00e2ni&#8221;, ultimii fiind rom\u00e2nii care au deschis afaceri \u00een Transilvania \u015fi \u00eei concureaz\u0103 pe unguri.<\/h4>\r\n<h3>Februarie<\/h3>\r\n<h4>4 februarie \u2013 UDMR propune separarea pe criterii etnice \u00een asisten\u0163a medical\u0103 primar\u0103, \u00eendemn\u00e2nd persoanele de na\u0163ionalitate maghiar\u0103 s\u0103 se \u00eenscrie la medici de familie maghiari, \u00een acest sens desf\u0103\u015fur\u00e2nd o ampl\u0103 campanie propagandistic\u0103 \u00een \u00eentreaga Transilvanie, \u00eendeosebi \u00een jude\u0163ele Harghita, Covasna \u015fi Mure\u015f.<\/h4>\r\n<h4>10 februarie &#8211; Deputatul Sandor Tama\u015f, din Tg. Secuiesc, l-a \u00eenjurat violent pe deputatul rom\u00e2n care informase Parlamentul Rom\u00e2niei de manifest\u0103rile extremiste ale UDMR, acuz\u00e2ndu-l de \u201e\u015fovinism&#8221;, de \u201exenofobie&#8221; \u015fi de \u201eextremism&#8221;. Este o mostr\u0103 de \u201ediscurs&#8221; UDMR-ist, caracterizat prin r\u0103st\u0103lm\u0103cirea adev\u0103rului.<\/h4>\r\n<h4>27 februarie &#8211; UDMR a schimbat \u00een ora\u015ful Sf. Gheorghe numele str\u0103zii\u00a0\u00a0\u00a0 <em>1 Decembrie 1918<\/em>, dat\u0103 care marcheaz\u0103 desp\u0103r\u0163irea Transilvaniei de Austro-Ungaria, \u00een <em>Pet\u00f6fi Sandor<\/em>, ceea ce indic\u0103, dincolo de excesivul na\u0163ionalism, \u015fi o tendin\u0163\u0103 de restaurare a \u201eUngariei Mari\u201c.Senatorul UDMR Peter Kovacs-Eckstein a fost desemnat de UDMR ca avocat \u00een procesul contra m\u0103icutelor greco-catolice de la Orfelinatul rom\u00e2nesc \u201eInimi neprih\u0103nite&#8221; din Odorhei.<\/h4>\r\n<h3>Martie<\/h3>\r\n<h4>3 martie \u2013 F\u0103pta\u015fi necunoscu\u0163i au furat firma Consulatului general al Rom\u00e2niei de la Szeged, acest act reprezent\u00e2nd o provocare antirom\u00e2neasc\u0103.<\/h4>\r\n<h4>11 martie \u2013 Filiala Mure\u015f a Uniunii Ziari\u015ftilor Profesioni\u015fti protesteaz\u0103 prin boicot \u00eempotriva \u00eencerc\u0103rii reprezentantilor puterii de etnie maghiar\u0103 de a folosi limba maghiar\u0103 \u00een dialogul cu ziaristii rom\u00e2ni, pretinz\u00e2nd acestora s\u0103 \u00eenvete limba maghiar\u0103. Protestul \u015fi boicotarea conferin\u0163elor de pres\u0103 au avut succes, renun\u0163\u00e2ndu-se la aceast\u0103 preten\u0163ie absurd\u0103.<\/h4>\r\n<h4>12 martie \u2013 La T\u00e2rgu Mure\u015f, primarul UDMR Imre Fodor a introdus inscrip\u0163ionarea bilingv\u0103 a ecusoanelor func\u0163ionarilor Prim\u0103riei, provoc\u00e2nd un val de proteste vehemente.<\/h4>\r\n<h4>13 martie \u2013 Judec\u0103toarea Erszebet Adorjan, de la Judec\u0103toria T\u00e2rgu Mure\u015f, a audiat inculpa\u0163ii \u015fi o parte a martorilor din c\u00e2teva procese \u00een limba maghiar\u0103, pun\u00e2nd procurorul \u00een penibila situa\u0163ie de a solicita un interpret.<\/h4>\r\n<h4>15 martie &#8211; Guvernul Rom\u00e2niei, conform \u00een\u0163elegerii cu UDMR, aloc\u0103 sume considerabile pentru ziua revolu\u0163iei ungare, uit\u00e2nd, \u00eens\u0103, de s\u0103rb\u0103torirea revolu\u0163iei rom\u00e2ne, care \u00eemplinea \u015fi ea 150 de ani \u00een 1998 \u015fi avusese idealuri potrivnice celei ungure\u015fti, care voia cu orice pre\u0163 Transilvania.<\/h4>\r\n<figure id=\"attachment_3759\" aria-describedby=\"caption-attachment-3759\" style=\"width: 273px\" class=\"wp-caption aligncenter\"><a href=\"http:\/\/www.desteptati-va.ro\/wp-content\/uploads\/2012\/06\/user_11631930_1198419864355_profile.jpg\"><img loading=\"lazy\" decoding=\"async\" class=\"size-full wp-image-3759\" title=\"user_11631930_1198419864355_profile\" src=\"http:\/\/www.desteptati-va.ro\/wp-content\/uploads\/2012\/06\/user_11631930_1198419864355_profile.jpg\" alt=\"Santha Pal Vilmos \" width=\"273\" height=\"205\" \/><\/a><figcaption id=\"caption-attachment-3759\" class=\"wp-caption-text\">Santha Pal Vilmos<\/figcaption><\/figure>\r\n<h4><\/h4>\r\n<h4>Cu ocazia s\u0103rb\u0103toririi Zilei na\u0163ionale a Ungariei, \u00een Rom\u00e2nia, Santha Pal Vilmos declara: \u201eNu mai suport\u0103m militari str\u0103ini, func\u0163ionari str\u0103ini, preo\u0163i str\u0103ini \u015fi c\u0103lug\u0103ri\u0163e str\u0103ine pe p\u0103m\u00e2ntul nostru str\u0103mo\u015fesc.&#8221;<\/h4>\r\n<h4>22 martie\u00a0 &#8211; PN\u0162CD \u00eel exclude din partid pe senatorul George Pruteanu, pre\u015fedintele Comisiei pentru minorit\u0103\u0163i din Senat, ca urmare a opozi\u0163iei sale la Ordonan\u0163a de Urgen\u0163\u0103 36\/1997, care viza drepturi suplimentare pentru \u00eenv\u0103\u0163\u0103m\u00e2ntul minoritar.<\/h4>\r\n<h4>30 martie \u2013 Primul ministru Victor Ciorbea \u015fi-a dat demisia at\u00e2t din func\u0163ia de premier, c\u00e2t \u015fi din cea de primar general al Capitalei.<\/h4>\r\n<h4>Aprilie<\/h4>\r\n<h4>Udemeristul Francisc Barany este numit \u00een Guvernul Radu Vasile ministru al S\u0103n\u0103t\u0103\u0163ii, dar fiind dezv\u0103luit (prin c\u0103pitanul SRI Constantin Alexa) ca agent al Securit\u0103\u0163ii \u015fi al unor interese str\u0103ine Rom\u00e2niei, e obligat s\u0103-\u015fi dea demisia. Francisc Barany ilustreaz\u0103 elocvent calitatea politic\u0103 a membrilor UDMR \u015fi scopurile organiza\u0163iei .<\/h4>\r\n<h4>Iulie<\/h4>\r\n<h4>8 iulie \u2013 UDMR se opune construirii unei biserici ortodoxe la Vl\u0103hi\u0163a, \u00eentr-o zon\u0103 \u00een care nu exist\u0103 un loca\u015f de cult ortodox.<\/h4>\r\n<h4>14 iulie &#8211; Un poli\u0163st rom\u00e2n a fost b\u0103tut de c\u0103tre un cunoscut infractor ungur, timp \u00een care deputatul Robert Raduly, aflat de fa\u0163\u0103, \u00eei incita pe maghiarii prezen\u0163i \u00eempotriva poli\u0163istului.<\/h4>\r\n<h4>24 iulie \u2013 Societatea pentru cultur\u0103 maghiar\u0103 din Transilvania, \u00eempreun\u0103 cu UDMR fac presiuni pentru amplasarea unei pl\u0103ci comemorative pe casa \u00een care a tr\u0103it scriitorul horthyst Lorand Daday, alias Csaba D\u00fccso, autorul c\u0103rtii \u201e<em>Nincs kegyelem<\/em>&#8221; (<em>F\u0103r\u0103 mil\u0103<\/em>), o carte abominabil\u0103 prin con\u0163inutul ei, \u00een care cheam\u0103 la exterminarea tuturor rom\u00e2nilor din Transilvania. El este unul dintre autorii morali ai genocidului din Ardealul de Nord, \u00eentre anii 1940-1944. Dup\u0103 r\u0103zboi s-a convertit fulger\u0103tor de la fascism la comunism, ajung\u00e2nd primar al Dejului, apoi membru al Uniunii Scriitorilor din Rom\u00e2nia.<\/h4>\r\n<h4>28 iulie \u2013 Premierul ungar Viktor Orban nu vrea s\u0103 mai aud\u0103 de multiculturalitate \u015fi \u00ee\u015fi afirm\u0103 dorin\u0163a de a se re\u00eenfiin\u0163a Universitatea Bolyai la Cluj-Napoca.<\/h4>\r\n<h4>29 iulie \u2013 Presa ungar\u0103 vorbe\u015fte de un ambi\u0163ios proiect de \u00eenfiin\u0163are la T\u00e2rguMure\u015f, pe un teren de 20 ha, a unei facult\u0103\u0163i de medicin\u0103 \u015fi a unui colegiu universitar \u00een limba maghiar\u0103.<\/h4>\r\n<h4><\/h4>\r\n<figure id=\"attachment_3760\" aria-describedby=\"caption-attachment-3760\" style=\"width: 298px\" class=\"wp-caption aligncenter\"><a href=\"http:\/\/www.desteptati-va.ro\/wp-content\/uploads\/2012\/06\/LSZL-T11.jpg\"><img loading=\"lazy\" decoding=\"async\" class=\" wp-image-3760\" title=\"LASZLO TOKES - PE\" src=\"http:\/\/www.desteptati-va.ro\/wp-content\/uploads\/2012\/06\/LSZL-T11.jpg\" alt=\"LASZLO TOKES\" width=\"298\" height=\"223\" \/><\/a><figcaption id=\"caption-attachment-3760\" class=\"wp-caption-text\">Laszlo Tokes<\/figcaption><\/figure>\r\n<h4>August<\/h4>\r\n<h4>20 august \u2013 Viktor Orban, premier al Ungariei, a organizat o \u00eent\u00e2lnire cu liderii politici ai minorit\u0103\u0163ii maghiare de dincolo de grani\u0163e, declar\u00e2nd cu aceast\u0103 ocazie c\u0103 se consider\u0103 primul ministru al tuturor maghiarilor \u015fi c\u0103 va sprijini \u00een cel mai \u00eenalt grad aspira\u0163iile maghiarilor din afara grani\u0163elor.<\/h4>\r\n<h4>28 august \u2013 Laszlo T\u00f6kes, pre\u015fedintele de onoare al UDMR, convoac\u0103 la Cernat, jud. Covasna, pentru 12 septembrie 1998 \u201eForumul secuiesc&#8221;, \u00een vederea re\u00eennoirii UDMR; el intr\u0103, astfel, \u00eentr-un aparent conflict cu Bela Marko.\r\nSeptembrie<\/h4>\r\n<h4>8 septembrie \u2013 UDMR amenin\u0163\u0103 Coali\u0163ia cu ie\u015firea de la guvernare, dac\u0103 nu se va \u00eenfiin\u0163a universitatea maghiar\u0103.<\/h4>\r\n<h4>11 septembrie &#8211; UDMR reu\u015fe\u015fte s\u0103-l determine pe comisarul european Max Van derStoel s\u0103 declare, la Viena, c\u0103 o universitate multicultural\u0103 nu ajunge \u00een Rom\u00e2nia, singura solu\u0163ie fiind doar una pur maghiar\u0103.<\/h4>\r\n<h4>12 septembrie \u2013 La ini\u0163iativa episcopului Laszlo T\u00f6kes, ultraradicalii din UDMR s-au \u00eent\u00e2lnit \u00een localitatea Cernatul de Jos, judetul Covasna, la manifestarea \u201eForumul Secuiesc pentru re\u00eennoirea UDMR&#8221;. S-a propus adoptarea documentului \u201eCharta autodetermin\u0103rii&#8221;, \u00een perspectiva autonomiei pe criterii etnice.<\/h4>\r\n<h4>16 septembrie \u2013 Presa rom\u00e2n\u0103 abordeaz\u0103 pe larg subiectul \u00eent\u00e2lnirii de la Cernatul de Jos \u015fi al documentului adoptat, consider\u00e2nd aceasta ca o \u00eencercare f\u0103\u0163i\u015f\u0103 de federalizare \u015fi enclavizare a Rom\u00e2niei.<\/h4>\r\n<h4>19 septembrie\u00a0 &#8211; La Miercurea Nirajului, judetul Mure\u015f, \u00een aplauzele frenetice ale unei s\u0103li arhipline, Eva Maria Barki, campioan\u0103 a iredentismului maghiar, \u0163ine un discurs fulminant despre necesitatea federaliz\u0103rii Rom\u00e2niei \u015fi autonomiei Ardealului.<\/h4>\r\n<h4><\/h4>\r\n<figure id=\"attachment_3761\" aria-describedby=\"caption-attachment-3761\" style=\"width: 372px\" class=\"wp-caption aligncenter\"><a href=\"http:\/\/www.desteptati-va.ro\/wp-content\/uploads\/2012\/06\/269106038_640.jpg\"><img loading=\"lazy\" decoding=\"async\" class=\" wp-image-3761\" title=\"269106038_640\" src=\"http:\/\/www.desteptati-va.ro\/wp-content\/uploads\/2012\/06\/269106038_640.jpg\" alt=\"Eva Barki\" width=\"372\" height=\"208\" \/><\/a><figcaption id=\"caption-attachment-3761\" class=\"wp-caption-text\">Eva Barki<\/figcaption><\/figure>\r\n<h4>Octombrie<\/h4>\r\n<h4>3 octombrie \u2013 Cabinetul Vasile Radu aprob\u0103 \u00eenfiin\u0163area universit\u0103\u0163ii maghiaro-germane Petofi-Schiller, st\u00e2rnind puternice proteste \u00een presa rom\u00e2neasc\u0103, \u00een special \u00een Ardeal.<\/h4>\r\n<h4>6 octombrie \u2013 UDMR scoate Coali\u0163ia din starea de \u015foc. <strong>Eva Maria Barki,<\/strong> avocat\u0103 austriac\u0103 de origine ungar\u0103,<strong>a fost declarat\u0103 persoan\u0103 indezirabil\u0103 pe teritoriul Rom\u00e2niei timp de 3 ani<\/strong>. La 6 octombrie 1994, aceleia\u015fi persoane\u00eei fusese interzis\u0103 intrarea \u00een Rom\u00e2nia printr-un ordin al Guvernului V\u0103c\u0103roiu.<\/h4>\r\n<h4>27 octombrie \u2013 Pre\u015fedintele de onoare al UDMR, Laszlo T\u00f6kes, organizeaz\u0103 un forum cet\u0103\u0163enesc la Valea lui Mihai, jude\u0163ul Bihor, al doilea dup\u0103 cel de la Cernat; de data aceasta participarea din partea maghiarilor fiind mult mai slab\u0103.<\/h4>\r\n<h4>29 octombrie \u2013 Sabin Gherman, personaj cunoscut pentru expresia \u201eM-am s\u0103turat de Rom\u00e2nia&#8221;, militant pentru federalizarea Rom\u00e2niei, este repudiat \u015fi dezaprobat de c\u0103tre cons\u0103tenii s\u0103i din comuna Z\u0103ul de C\u00e2mpie, jude\u0163ul Mure\u015f.<\/h4>\r\n<h4>Noiembrie<\/h4>\r\n<h4>Pre\u015fedintele UDMR cere Guvernului ca secretarul de stat din Ministerul Educatiei Na\u0163ionale, Mihai Korca, potrivnic Ordonan\u0163ei 37\/1997, s\u0103 fie demis, sau s\u0103 demisioneze \u00eentreg Guvernul, \u015fantaj\u00e2ndu-l cu ie\u015firea de la guvernare. Mihai Korca va demisiona prin constr\u00e2ngere.<\/h4>\r\n<h4>11 noiembrie \u2013 Cererea de asigurare de \u00eenv\u0103t\u0103m\u00e2nt pe criterii etnice a fost respins\u0103 de rectorii universit\u0103\u0163ilor din Rom\u00e2nia.<\/h4>\r\n<h4>Decembrie<\/h4>\r\n<h4>UDMR ob\u0163ine de la Guvernul Radu Vasile \u00eenfiin\u0163area unei Comisii pentru Universitatea maghiar\u0103.<\/h4>\r\n<h4>1 decembrie \u2013 Ca \u00een fiecare an, UDMR nu depune de Ziua Na\u0163ional\u0103 a Rom\u00e2niei o jerb\u0103 sau coroan\u0103 cu panglic\u0103 tricolor\u0103.<\/h4>\r\n<h4><strong>1999<\/strong><\/h4>\r\n<h4>Ianuarie<\/h4>\r\n<h4>6 ianuarie \u2013 Autoguvernarea din Harghita se opune hot\u0103r\u00e2rii Guvernului Rom\u00e2niei de construire a unui important obiectiv, respectiv alimentarea cu ap\u0103 Zetea-Cop\u015fa Mic\u0103, motiv\u00e2nd c\u0103 nimeni (cu excep\u0163ia ei) nu are voie s\u0103 se ating\u0103 de apele judetului Harghita.<\/h4>\r\n<h4>15 ianuarie \u2013 Guvernul Ungariei sprijin\u0103 UDMR \u00een vederea \u00eenfiin\u0163\u0103rii unei universit\u0103\u0163i independente \u00een Rom\u00e2nia.<\/h4>\r\n<h4>20 ianuarie &#8211; UDMR convoac\u0103 pe to\u0163i reprezentan\u0163ii s\u0103i din administra\u0163ia local\u0103, prefec\u0163i, subprefec\u0163i \u015fi parlamentari, la Ilieni, judetul Covasna, unde se ia decizia monitoriz\u0103rii activit\u0103\u0163ii Guvernului \u00een problema minorit\u0103\u0163ilor.<\/h4>\r\n<h4>Februarie<\/h4>\r\n<h4>16 februarie \u2013 La Miercurea Niraj are loc cel de-al treilea Forum al maghiarilor, la care Zsolt Borbely a subliniat c\u0103 interesele fundamentale ale maghiarimii trebuie ap\u0103rate chiar cu riscul unor conflicte.<\/h4>\r\n<h4>23 februarie \u2013 Congrega\u0163ia greco-catolic\u0103 \u201eInimi neprih\u0103nite&#8221; este \u00eempiedicat\u0103 \u00een continuu de Consiliul local Odorheiul Secuiesc s\u0103-\u015fi \u00eendeplineasc\u0103 misiunea asumat\u0103.<\/h4>\r\n<h4>Martie<\/h4>\r\n<h4>9 martie \u2013 Dueluri de fa\u0163ad\u0103 \u00een UDMR: Laszlo Tokes \u00eel acuz\u0103 pe Marko Bela c\u0103 \u201ea renun\u0163at s\u0103 mai reprezinte comunitatea maghiar\u0103&#8221;.<\/h4>\r\n<h4>18 martie \u2013 La \u015fedin\u0163a Consiliului Reprezentantilor ai UDMR de la T\u00e2rgu Mure\u015f s-a adus \u00een discu\u0163ie o nou\u0103 denumire a minorit\u0103\u0163ii maghiare din Rom\u00e2nia, cea de \u201epopor maghiar din Transilvania&#8221;, inven\u0163ie a senatorului UDMR Joszef Csapo.<\/h4>\r\n<h4>31 martie \u2013 Pretext\u00e2nd \u00eenc\u0103lcarea regimului construc\u0163iilor, Consiliul local Odorheiul Secuiesc \u00eempiedic\u0103 lucr\u0103rile la Asez\u0103m\u00e2ntul pentru \u00eengrijirea copiilor handicapati din toat\u0103 \u0163ara, donat congregatiei greco-catolice \u201eInimi neprih\u0103nite&#8221;\u00a0 de c\u0103tre funda\u0163ia elve\u0163ian\u0103 <em>Basel Hilft<\/em>.<\/h4>\r\n<h4>Aprilie<\/h4>\r\n<h4>La Sf. Gheorghe este profanat monumentul lui Mihai Viteazul.<\/h4>\r\n<h4>19 aprilie \u2013 Aripa extremist\u0103 preia conducerea filialei Mure\u015f a UDMR.<\/h4>\r\n<h4>23 aprilie \u2013 Bela Marko atac\u0103 clasa politic\u0103 din Rom\u00e2nia cu prilejul unei declara\u0163ii f\u0103cute Agen\u0163iei maghiare de pres\u0103 MTI, afirm\u00e2nd c\u0103 aceasta trateaz\u0103 \u00een mod iresponsabil problema minorit\u0103\u0163ilor.<\/h4>\r\n<h4>23-24 aprilie &#8211; Un grup de membri ai UDMR au spart cu bolovani sediul PUNR din Sf. Gheorghe, unde-\u015fi avea biroul parlamentar deputatul Petre \u0162urlea, atacat adesea \u00een Camera Deputatilor de membrii UDMR, pentru declara\u0163iile sale parlamentare ce demascau UDMR-ul.<\/h4>\r\n<h4>28 aprilie \u2013 Lideri ai UDMR se laud\u0103 c\u0103 Odorheiul Secuiesc este cel mai pur ora\u015f maghiar, realizare a politicii de epurarea etnic\u0103 sistematic\u0103 a rom\u00e2nilor existen\u0163i \u00een localitate, \u00een ultimul deceniu.<\/h4>\r\n<h4>Mai<\/h4>\r\n<h4>15 mai &#8211; La \u00eemplinirea unui deceniu de activitate, se convoac\u0103 la Miercurea Ciuc un Congres special, al VI-lea al UDMR, care va modifica programul \u015fi Statutul. Pentru prima dat\u0103 se lanseaz\u0103 ideea unui parteneriat strategic al ungurilor cu rom\u00e2nii din Transilvania.La acest congres un num\u0103r de 150 de participanti au adresat o scrisoare lui Bill Clinton, plin\u0103 de acuza\u0163ii la adresa Statului Rom\u00e2n, ceea ce a produs vii nemul\u0163umiri \u00een \u0163ar\u0103. Cu acest prilej, Laszlo T\u00f6kes a declarat c\u0103 \u201esub conducerea lui Marko Bela, UDMR s-a transformat \u00eentr-un\u00a0 partid comunist&#8221;.<\/h4>\r\n<h4>26 mai \u2013 Opozi\u0163ia din Senat (PDSR, PUNR, PRM) s-a retras de la votarea Legii administra\u0163iei publice locale motiv\u00e2nd c\u0103 reprezint\u0103 o modalitate de introducere for\u0163at\u0103 a limbii minorit\u0103\u0163ilor \u00een administra\u0163ia public\u0103 local\u0103.\r\nUDMR cere PNTCD-ului ca senatorul George Pruteanu, care se opusese la votarea Ordonan\u0163ei 36\/1997 Ministerului \u00cenv\u0103\u0163\u0103m\u00e2ntului, s\u0103 fie exclus din PN\u0162CD; se ob\u0163ine aceast\u0103 satisfac\u0163ie.<\/h4>\r\n<figure id=\"attachment_3762\" aria-describedby=\"caption-attachment-3762\" style=\"width: 341px\" class=\"wp-caption aligncenter\"><a href=\"http:\/\/www.desteptati-va.ro\/wp-content\/uploads\/2012\/06\/marton-arpad-stefan-micsik.jpg\"><img loading=\"lazy\" decoding=\"async\" class=\" wp-image-3762\" title=\"marton-arpad-stefan-micsik\" src=\"http:\/\/www.desteptati-va.ro\/wp-content\/uploads\/2012\/06\/marton-arpad-stefan-micsik.jpg\" alt=\"Marton Arpad\" width=\"341\" height=\"256\" \/><\/a><figcaption id=\"caption-attachment-3762\" class=\"wp-caption-text\">Marton Arpad<\/figcaption><\/figure>\r\n<h4>Iunie<\/h4>\r\n<h4>Deputatul UDMR Marton Arpad a cerut, \u00eentr-o \u015fedin\u0163\u0103 a Organiza\u0163iei Teritoriale UDMR Trei Scaune, declararea drept <em>persona non grata<\/em>\u015fi expulzarea din judetul Covasna a urm\u0103torilor lideri rom\u00e2ni jude\u0163eni: Gic\u0103 Agrigoroaiei, pre\u015fedinte PRM, Maria Peligrad, pre\u015fedinte PUNR, Ioan Bumbu, vicepre\u015fedinte PUNR. Epurarea etnic\u0103 a r\u0103mas, \u015fi dup\u0103 decembrie 1989, unul din scopurile UDMR.<\/h4>\r\n<h4>5 iunie \u2013 Are loc Congresul al IV-lea al Partidului Cre\u015ftin Democrat Maghiar din Rom\u00e2nia, copie fidel\u0103 a UDMR, \u00eenfiin\u0163at \u00een 1990 pentru ca argument pentru \u201epluripartidismul maghiar&#8221;.<\/h4>\r\n<h4>12 iunie \u2013 Primarul UDMR Imre Fodor a f\u0103cut demersuri pentru str\u0103mutarea statuii lui Nicolae B\u0103lcescu din centru municipiului T\u00eerguMure\u015f.<\/h4>\r\n<h4>Iulie<\/h4>\r\n<h4>\u00cen Harghita \u015fi Covasna se introduc de c\u0103tre oamenii UDMR, prin bisericile reformate \u015fi catolice din Transilvania (parohiile din Cluj-Napoca, Dej, Timi\u015foara, Odorhei etc.) manuale tip\u0103rite la Budapesta, cu o optic\u0103 revizionist\u0103, potrivit c\u0103rora Transilvania apar\u0163ine Ungariei. Filtrul de vam\u0103 al acestor transporturi clandestine a fost protejat de UDMR, av\u00e2nd concursul \u015fefului liberal al v\u0103milor, Nini S\u0103punaru.<\/h4>\r\n<h4>21 iulie \u2013 \u00cen drum spre Universitatea de var\u0103 din Balvanyos, premierul ungar Viktor Orban se opre\u015fte la T\u00e2rgu Mures, unde are o \u00eentrevedere cu premierul Radu Vasile, apoi este invitat la domiciliul pre\u015fedintelui UDMR, Bela Marko.<\/h4>\r\n<h4>29 iulie \u2013 Vicepre\u015fedintele PDSR Sorin Oprescu este de p\u0103rere c\u0103 premierul Victor Orban este un puternic adept al separatismului \u00een Rom\u00e2nia, prin ac\u0163iunile sale \u00eencuraj\u00e2nd separa\u0163ia minorit\u0103\u0163ii maghiare de cea rom\u00e2n\u0103.<\/h4>\r\n<h4>August<\/h4>\r\n<h4>17 august \u2013 La Trei Sate, \u00een jude\u0163ul Mure\u015f, a fost comemorat Sf\u00e2ntul \u015etefan, \u00eentemeietorul Ungariei istorice. Reprezentan\u0163ii Budapestei care au participat le-au cerut maghiarilor s\u0103 dea la o parte pesimismul \u015fi lamenta\u0163ia, c\u0103ci vor veni vremuri mai bune pentru to\u0163i maghiarii.<\/h4>\r\n<h4>25 august \u2013 UDMR inten\u0163ioneaz\u0103 s\u0103 \u00eenfiin\u0163eze Liceul teoretic reformat din T\u00e2rgu Mure\u015f, \u00een cl\u0103direa actualului Liceu teoretic Farkas Bolyai.<\/h4>\r\n<h4>27 august \u2013 Viktor Orban afirm\u0103 c\u0103 modificarea grani\u0163elor nu figureaz\u0103 \u00een politica ungar\u0103.<\/h4>\r\n<h4>Septembrie<\/h4>\r\n<h4>UDMR reu\u015fe\u015fte s\u0103 ob\u0163in\u0103, prin interven\u0163ia primului-ministru ungur Viktor Orban la primul-ministru rom\u00e2n Radu Vasile, reamplasarea monumentului celor 13 comandanti ai armatei ungare de la Arad, executa\u0163i de armata austriac\u0103 \u00een 1849. Guvernul de la Bucure\u015fti, \u00een c\u00e2rd\u0103\u015fie cu cel de la Budapesta, a scos dintr-o cazarm\u0103 militar\u0103 grupul statuar \u015fi l-a donat Ordinului Minoritelor pentru instalare, care, sub presiunea opiniei publice rom\u00e2ne\u015fti nu s-a mai produs.<\/h4>\r\n<figure id=\"attachment_3763\" aria-describedby=\"caption-attachment-3763\" style=\"width: 200px\" class=\"wp-caption aligncenter\"><a href=\"http:\/\/www.desteptati-va.ro\/wp-content\/uploads\/2012\/06\/2083kolumban.jpg\"><img loading=\"lazy\" decoding=\"async\" class=\"size-full wp-image-3763\" title=\"2083kolumban\" src=\"http:\/\/www.desteptati-va.ro\/wp-content\/uploads\/2012\/06\/2083kolumban.jpg\" alt=\"Gabor Kolumban\" width=\"200\" height=\"250\" \/><\/a><figcaption id=\"caption-attachment-3763\" class=\"wp-caption-text\">Gabor Kolumban<\/figcaption><\/figure>\r\n<h4>UDMR \u00eencearc\u0103 din nou \u00eenfiintarea unei universit\u0103\u0163i maghiare \u00een Rom\u00e2nia .<\/h4>\r\n<h4>19 septembrie &#8211; Adam Katona reia proiectul de autonomie al maghiarilor, iar Gabor Kolumban lanseaz\u0103 ideea constituirii \u201e\u0162inutului Secuilor&#8221;.<\/h4>\r\n<h4>21 septembrie \u2013 UDMR face eforturi disperate pentru a ob\u0163ine de la Coali\u0163ia guvernamental\u0103 ceea ce mai poate fi ob\u0163inut.<\/h4>\r\n<h4>22 septembrie \u2013 Dup\u0103 o perioad\u0103 de lini\u015fte, UDMR scoate din nou de la naftalin\u0103 proiectul senatorului Jozsef Csapo de autonomie a maghiarilor: discutarea lui \u00een Consiliul Reprezentan\u0163ilor Uniunii s-a f\u0103cut la cererea lui Adam Katona, pre\u015fedintele \u201eInitia\u0163ivei Maghiare\u201c din Transilvania.<\/h4>\r\n<h4>Octombrie.<\/h4>\r\n<h4>5 octombrie \u2013 UDMR Odorheiul Secuiesc continu\u0103 tracasarea \u00een justi\u0163ie a c\u0103lug\u0103ri\u0163elor greco-catolice din congregatia \u201eInimi neprih\u0103nite&#8221; pentru a renun\u0163a la imobil \u015fi trecerea acestuia \u00een administratia Consiliului local.<\/h4>\r\n<h4>9 octombrie \u2013 Inaugurarea \u201eParcului prieteniei rom\u00e2no-ungare&#8221; la Arad a e\u015fuat; acesta fusese preg\u0103tit pentru amplasarea unui monument destinat comemor\u0103rii \u00eemplinirii a 150 de ani de la executarea celor 13 generali unguri vinova\u0163i de moartea a 40.000 de rom\u00e2ni \u00een timpul revolutiei de la 1848. Reac\u0163ia ferm\u0103 a presei rom\u00e2ne\u015fti, care a condamnat acest gest, a \u00eempiedicat amplasarea monumentului.<\/h4>\r\n<h4>20 octombrie \u2013 Cu prilejul campaniei iredentiste desf\u0103\u015furate la Miercurea Nirajului, \u00een jude\u0163ul Mure\u015f, ca de altfel \u015fi la Balvanyos, Cernat \u2013 jud. Covasna sau Valea lui Mihai \u2013 jud. Bihor, s-a acreditat ideea c\u0103 \u00een cazul Rom\u00e2niei \u201ef\u0103r\u0103 o mentalitate de tip Kosovo, minoritatea maghiar\u0103 nu va ob\u0163ine nici un rezultat&#8221;.<\/h4>\r\n<h4>23 octombrie \u2013 Ministerul de Externe Ungar consider\u0103, la insistentele UDMR, c\u0103 reinstalarea monumentului de la Arad al celor 13 generali a devenit\u00a0 \u201eo problema diplomatic\u0103&#8221;.<\/h4>\r\n<h4>28 octombrie &#8211; Se desf\u0103\u015foar\u0103 la Timi\u015foara Conferin\u0163a european\u0103 asupra regiunilor frontaliere, la care Gabor Kolumban declar\u0103 c\u0103 \u201eUngaria nu este vecin\u0103 cu Rom\u00e2nia, ci cu maghiarii din Rom\u00e2nia&#8221;.<\/h4>\r\n<h4>Noiembrie<\/h4>\r\n<h4>6 noiembrie \u2013 \u00cen UDMR se practic\u0103 tot mai des jocul dezbin\u0103rii ilustrat prin schimbul de replici \u00eentre liderii \u201eradicali\u201c din UDMR, reprezenta\u0163i de Tokes laszlo, \u015fi cei \u201emodera\u0163i\u201c, reprezenta\u0163i de Bela Marko.<\/h4>\r\n<h4>13 noiembrie \u2013 Reuniunea de la Budapesta a Consiliului permanent ungar, care se ocup\u0103 cu ungurii de peste grani\u0163\u0103, a scos \u00een eviden\u0163\u0103 opinii diferite asupra minorit\u0103\u0163ii maghiare. Partidele de opozi\u0163ie nu accept\u0103 ideea ca minorit\u0103\u0163ile maghiare s\u0103 aib\u0103 un statut legal special \u00een Ungaria (vezi mai recenta legitima\u0163ie de maghiar).<\/h4>\r\n<h4>Decembrie<\/h4>\r\n<h4>10 decembrie \u2013 Partidul liber democrat Maghiar se prezint\u0103 ca o alternativ\u0103 maghiar\u0103 viabil\u0103 la politica UDMR.<\/h4>\r\n<h4>Primarul UDMR de la Sf. Gheorghe, Albert Almos, l-a amendat cu 7 milioane lei pe\u00a0 Horia Grama, prefectul judetului Covasna, pentru c\u0103 a arborat la Prefectur\u0103 steagul tricolor rom\u00e2nesc.<\/h4>\r\n<h4><strong>2000<\/strong><\/h4>\r\n<h4>Ianuarie<\/h4>\r\n<h4>1 ianuarie \u2013 Cu ocazia transfer\u0103rii Sfintei Coroane ungare \u015fi a simbolurilor \u00eencoron\u0103rii de la Muzeul Na\u0163ional la Parlament, premierul Viktor Orban s-a exprimat: \u201cSf\u00e2nta Coroan\u0103 \u00eentruchipeaz\u0103 unitatea na\u0163iunii\u201d.\r\n4 ianuarie \u2013 Sabin Gherman, controversatul lider al organizatiei Pro Transilvania, autorul dubiosului apel \u201cM-am s\u0103turat de Rom\u00e2nia\u201d, a primit o ofert\u0103 de a preda o materie intitulat\u0103 \u201eRelatiile rom\u00e2no-maghiare\u201c, la universitatea particular\u0103 \u201eKaroly Gaspar\u201c din Budapesta. Sabin Gherman nu exclude posibilitatea ca \u00een viitor Transilvania s\u0103 devin\u0103 un stat independent.<\/h4>\r\n<h4>7 ianuarie \u2013 Pre\u015fedintele UDMR, Bela Marko, consider\u0103 c\u0103 partidul aflat la guvernare \u00een Ungaria \u00eei favorizeaz\u0103 pe adversarii s\u0103i din blocul radical.<\/h4>\r\n<h4>La Conferin\u0163a de pres\u0103 de \u00eenceput de an, ministrul de Externe al Ungariei, Janos Martonyi, a declarat c\u0103, \u00een acest an, \u00een rela\u0163iile cu Rom\u00e2nia, se vor axa pe deschiderea unui consulat la Miercurea Ciuc, modernizarea unor puncte de trecere a frontierei, restituirea imobilelor bisericilor maghiare \u015fi \u00eenfiintareaUniversit\u0103tii \u201ePetofi-Schiller\u201c.<\/h4>\r\n<h4>Gh. Funar, primarul municipiului Cluj-Napoca \u015fi secretar general al PRM, i-a solicitat \u00een scris premierului Mugur Is\u0103rescu s\u0103 depun\u0103 o pl\u00e2ngere penal\u0103 la Parchetul general de pe l\u00e2ng\u0103 Curtea Suprem\u0103 de Justi\u0163ie \u00eempotriva presedintelui Consiliului Judetean Harghita, Gabor Kolumban, pentru atentat \u00eempotriva \u0163\u0103rii, a ordinii de stat, a lini\u015ftii \u015fi siguran\u0163ei cet\u0103\u0163enilor (acesta declarase c\u0103 \u00een \u0162inutul Secuiesc se pot stabili rom\u00e2ni doar dac\u0103 \u015ftiu limba maghiar\u0103).<\/h4>\r\n<h4>8 ianuarie &#8211; Cu ocazia anivers\u0103rii unui deceniu de activitate, deputatul UDMR de Cluj, Jeno Matis, s-a pl\u00e2ns de ne\u00eenfiin\u0163area universit\u0103\u0163ii de stat cu predare \u00een limba maghiar\u0103 la Cluj-Napoca, de neadoptarea unei legi a minorit\u0103\u0163ilor na\u0163ionale \u015fi a comunit\u0103tilor autonome, a drepturilor individuale, colective \u015fi cele privind teritoriile autonome. Ca urmare, politica UDMR \u00een acest an va trebui \u00eendreptat\u0103 \u00een aceast\u0103 direc\u0163ie.<\/h4>\r\n<h4>10 ianuarie \u2013 Ca urmare a inten\u0163iei primarului Clujului de a ridica o statuie \u201edictatorului fascist\u201c Ion Antonescu, \u00een cotidianul maghiar <em>Nepszava<\/em>, ziarista Maria Gal apreciaz\u0103 c\u0103: \u201eFascismul \u00eembr\u0103cat \u00een straie religioase a ren\u0103scut \u015fi cucere\u015fte teritorii tot mai \u00eentinse \u00een Rom\u00e2nia\u201c.<\/h4>\r\n<h4>15 ianuarie \u2013 UDMR a s\u0103rb\u0103torit la Tg. Mure\u015f 10 ani de existen\u0163\u0103, la aniversarea jubiliar\u0103 particip\u00e2nd \u015fi Ibolya David \u2013 ministrul de Justi\u0163ie al Ungariei, Ferenc Sz\u00f6cs \u2013 ambasadorul Ungariei la Bucure\u015fti \u015fi consulul general al Ungariei la Cluj-Napoca, L\u00e1szl\u00f6 Alf\u00f6ldi. Cu aceast\u0103 ocazie s-a citi mesajul de felicitare al pre\u015fedintelui Emil Constantinescu, care s-a referit la contribu\u0163ia UDMR la democratizarea Rom\u00e2niei.<\/h4>\r\n<h4>17 ianuarie \u2013 \u00centr-o conferin\u0163\u0103 de pres\u0103 a PN\u0162CD, Andrei Marga, ministrul Educa\u0163iei Na\u0163ionale, a declarat c\u0103 nu are \u00een vedere \u00eenfiin\u0163area unei universit\u0103ti maghiare, ci \u201econsolidarea Universit\u0103\u0163ii Babe\u015f-Bolyai din Cluj\u201c pe sistemul multiculturalit\u0103\u0163ii.<\/h4>\r\n<h4>27 ianuarie \u2013 La Budapesta s-a deschis un biroul de informa\u0163ii al UDMR, unde cei interesati pot primi am\u0103nunte cu privire la Legea funciar\u0103 din Rom\u00e2nia, care a intrat \u00een vigoare la 12 ianuarie 2000.<\/h4>\r\n<h4>27 ianuarie &#8211; UDMR public\u0103 o bro\u015fur\u0103 cu \u201eindica\u0163ii practice\u201d \u015fi \u201emetode\u201d pentru \u00eendrumarea ungurilor care doresc s\u0103 revendice terenuri \u00een baza Legii 1\/2000, asa zisa lege \u201eLupu\u201c.<\/h4>\r\n<h4>Februarie<\/h4>\r\n<h4>12 februarie \u2013 Uniunea Mondial\u0103 a Maghiarilor (UMM) a lansat un apel c\u0103tre maghiarii de pretutindeni s\u0103 comemoreze la 20 iunie, 80 de ani de la semnarea Tratatului de la Trianon, m\u0103r\u015f\u0103luind pe str\u0103zile orasului \u00een care locuiesc, cu c\u00e2te o lum\u00e2nare aprins\u0103 \u00een m\u00e2n\u0103 la ora 16<sup>30<\/sup> (ora semn\u0103rii Tratatului).<\/h4>\r\n<h4>A\u015fa dup\u0103 cum se stie, UMM \u0163inte\u015fte reunificarea na\u0163iunii maghiare.<\/h4>\r\n<h4>16 februarie \u2013 Av\u00e2nd \u00een frunte pe preotul reformat Bela Szatmari, medicii \u015fi asistentele medicale de etnie rom\u00e2n\u0103,din comuna clujean\u0103 Luna de Sus au fost alunga\u0163i de s\u0103tenii de etnie maghiar\u0103 \u015fi \u00eenlocui\u0163i cu un medic \u015fi o asistent\u0103 maghiari adu\u015fi din jude\u0163ul Harghita.<\/h4>\r\n<h4>Odat\u0103 cu \u00eenceperea negocierilor de aderare a Rom\u00e2niei la UE, Ungaria face mare t\u0103r\u0103boi pe tema dezastrului ecologic de la Baia Mare, provocat de poluarea cu cianur\u0103 a r\u00e2urilor Some\u015f \u015fi Tisa de c\u0103tre SC \u201cAurul\u201d SA Baia Mare.<\/h4>\r\n<h4>Delega\u0163ia ungar\u0103, condus\u0103 de secretarul de stat al Ministerului de Externe, Zsolt Nemeth, a aflat c\u0103 ceang\u0103ii nu \u00eenteleg nici un cuv\u00e2nt \u00een limba maghiar\u0103.<\/h4>\r\n<h4>Persoane necunoscute au spart peste noapte geamurile Ambasadei Rom\u00e2ne din Budapesta, cu borcane.<\/h4>\r\n<h4>21 februarie \u2013 Pre\u015fedintele Emil Constantinescu a promulgat Legea Referendumului, care permite ungurilor din secuime s\u0103-\u015fi hot\u0103rasc\u0103 singuri soarta.<\/h4>\r\n<h4><strong>Martie <\/strong><\/h4>\r\n<h4>3 martie \u2013 Pre\u015fedintele UDMR, Marko Bela, a anun\u0163at c\u0103 este nemul\u0163umit de rezultatele vizitei \u00cenaltului Comisar OSCE pentru minorit\u0103\u0163i na\u0163ionale, Max Von DerStoel, pentru c\u0103 nu a f\u0103cut nimic \u00een Rom\u00e2nia privind transformarea Universit\u0103tii Babe\u015f-Bolyai din Cluj-Napoca \u00een universitate multicultural\u0103.<\/h4>\r\n<h4>5 martie \u2013 Senatorul UDMR Gy\u00f6rgy Frunda, candidatul UDMR la pre\u015fedin\u0163ia Rom\u00e2niei \u00een 1996, \u00eentr-un amplu interviu acordat postului de radio <em>Kossuth<\/em> din Budapesta, a afirmat c\u0103 UDMR \u00eel va sus\u0163ine pe Emil Constantinescu pentru intrarea \u00een turul II al alegerilor preziden\u0163iale.<\/h4>\r\n<h4>11 martie \u2013 Pre\u015fedintele Societ\u0103tii Transilvane a Ungarilor de Pretutindeni (STUP), Miklos Patrubanyi, a declarat c\u0103 la Congresul Mondial al Maghiarilor, din luna mai de la Budapesta, va cere acordarea cet\u0103\u0163eniei ungare pentru maghiarii din Ardeal chiar dac\u0103 ace\u015ftia tr\u0103iesc pe teritoriul unui alt stat (Rom\u00e2nia).<\/h4>\r\n<h4>14 martie \u2013 Secretarul de stat \u00een Ministerul Lucr\u0103rilor Publice \u015fi Administra\u0163iei Teritoriale (MLPAT), Laszlo Borbely, a avizat favorabil solicitarea Prim\u0103riei Cluj-Napoca de a ridica o statuie lui Samu Fenyes, autorul lucr\u0103rii \u201eUngaria revizionist\u0103\u201d.<\/h4>\r\n<h4>25 martie \u2013 Pre\u015fedintele UDMR, Bela Marko, a declarat la Cluj c\u0103 UDMR se simte un partid de rangul doi, deoarece se simte \u201erespins\u0103 dur\u201c de regimul Constantinescu.<\/h4>\r\n<h4>Aprilie<\/h4>\r\n<h4>1 aprilie \u2013 La Tg. Mure\u015f, cu ocazia \u015fedintei CRU, pre\u015fedintele UDMR, Bela Marko, a afirmat c\u0103 este mul\u0163umit de bilan\u0163ul celor 4 ani de guvernare \u015fi c\u0103 nu vede o guvernare al\u0103turi de PDSR, av\u00e2nd \u00een vedere retorica, programul \u015fi atitudinea acestuia fa\u0163\u0103 de Uniune.<\/h4>\r\n<h4>4 aprilie \u2013 \u00centr-un interviu acordat postului radio <em>Kossuth<\/em> din Budapesta, pre\u015fedintele UDMR, Bela Marko, declar\u0103 c\u0103 PDSR \u00eencearc\u0103 s\u0103 coopereze cu UDMR.<\/h4>\r\n<h4>13 aprilie \u2013 Un sondaj realizat la solicitarea UDMR de c\u0103tre Centrul de Cercetare a Rela\u0163iilor Interetnice legitimeaz\u0103 strategia conducerii UDMR: 82, 6 a sut\u0103 dintre maghiari cred c\u0103 UDMR ar trebui s\u0103 intre la guvernare \u015fi dup\u0103 anul 2000.<\/h4>\r\n<h4>Adrian N\u0103stase a dat o declara\u0163ie \u00een care \u00ee\u015fi exprim\u0103 profunda \u00eengrijorare fa\u0163\u0103 de constr\u00e2ngerile \u015fi \u00eengr\u0103direa drepturilor fire\u015fti ale popula\u0163iei rom\u00e2ne\u015fti din jude\u0163ele Covasna \u015fi Harghita, \u00een ceea ce prive\u015fte identitatea cultural\u0103 \u015fi spiritual\u0103. El apeleaz\u0103 la toate for\u0163ele politice rom\u00e2ne\u015fti s\u0103 elaboreze un sistem legislativ care s\u0103 sanc\u0163ioneze ac\u0163iunile autonomist-separatiste. Cere UDMR-ului s\u0103-\u015fi defineasc\u0103 pozi\u0163ia fa\u0163\u0103 de astfel de ac\u0163iuni.<\/h4>\r\n<h4>14 aprilie \u2013 Venit pentru o zi la Bucure\u015fti, premierul ungar, Viktor Orban, a declarat c\u0103 va face totul ca Ungaria s\u0103-\u015fi recupereze pagubele produse de poluarea Tisei \u015fi c\u0103 va sus\u0163ine toate dezideratele maghiarimii, aflate \u00een portofoliul UDMR.<\/h4>\r\n<h4>15 aprilie \u2013 Presa maghiar\u0103 apreciaz\u0103 c\u0103 vizita lui Viktor Orban la Bucure\u015fti a fost un insucces.<\/h4>\r\n<h4>21 aprilie \u2013 \u00cen vizita sa la Tg. Mure\u015f, pre\u015fedintele Emil Constantinescu i-a f\u0103cut o vizit\u0103 acas\u0103 lui Gy\u00f6rgy Frunda.<\/h4>\r\n<h4>26 aprilie \u2013 Funda\u0163ia curatoriului Sapientia a hot\u0103r\u00e2t ca sediul administrativ s\u0103 fie la Cluj, iar 2-3 facult\u0103\u0163i se vor \u00eenfiin\u0163a \u00een secuime \u015fi la Tg. Mure\u015f. Amintim c\u0103 Parlamentul Ungar a alocat deja 2 mld. de forin\u0163i (150 mld. lei), pentru o prim\u0103 sus\u0163inere financiar\u0103 a universit\u0103tii.<\/h4>\r\n<figure id=\"attachment_3764\" aria-describedby=\"caption-attachment-3764\" style=\"width: 359px\" class=\"wp-caption aligncenter\"><a href=\"http:\/\/www.desteptati-va.ro\/wp-content\/uploads\/2012\/06\/Csibi-Barna-si-dorintele-ungurilor-din-Romania-moarte-lui-Avram-Iancu.jpg\"><img loading=\"lazy\" decoding=\"async\" class=\" wp-image-3764\" title=\"Csibi-Barna-si-dorintele-ungurilor-din-Romania-moarte-lui-Avram-Iancu\" src=\"http:\/\/www.desteptati-va.ro\/wp-content\/uploads\/2012\/06\/Csibi-Barna-si-dorintele-ungurilor-din-Romania-moarte-lui-Avram-Iancu.jpg\" alt=\"Dorin\u021ba ungurilor din Rom\u00e2nia\" width=\"359\" height=\"270\" \/><\/a><figcaption id=\"caption-attachment-3764\" class=\"wp-caption-text\">Dorin\u021ba ungurilor din Rom\u00e2nia<\/figcaption><\/figure>\r\n<h4>Mai<\/h4>\r\n<h4>5 mai \u2013 Dup\u0103 ce a ars \u015fi distrus steagul Tricolor rom\u00e2nesc, un t\u00e2n\u0103r maghiar, Attila Andras Jakab, muncitor la \u201cCarbid fox\u201d din Mun. T\u00e2rn\u0103veni, jud. Mure\u015f, s-a sinucis din cauza mustr\u0103rilor de con\u015ftiin\u0163\u0103. \u00cen scrisoarea l\u0103sat\u0103, acesta motiveaz\u0103 gestul cum c\u0103 a fost inoculat cu ur\u0103 \u015fi \u00eei este ru\u015fine de cons\u0103tenii lui rom\u00e2ni din satul Deaj, com. Mica, jud. Mure\u015f. Iat\u0103 unde duce politica UDMR \u015fi a bisericilor maghiare!<\/h4>\r\n<h4>8 mai \u2013 Consiliul operativ al UDMR anun\u0163\u0103, printr-un comunicat remis presei, suspendarea din functie a pre\u015fedintelui Organiza\u0163iei Mure\u015f, El\u00f6d Kincses, pentru \u00eenc\u0103lcarea cu regularitate a deciziei Consiliului Reprezentan\u0163ilor Uniunii (CRU) \u015fi ale Consiliului Reprezentan\u0163ilor Teritoriali (CRT). \u00cen locul lui a fost numit interimar deputatul Attila Kelemen. El\u00f6d Kincses a fost contracandidatul lui Bela Marko la pre\u015fedin\u0163ia Uniunii.<\/h4>\r\n<h4>12 mai \u2013 Comentatorii politicii budapestani apreciaz\u0103 c\u0103 revenirea lui Iliescu la putere ar tensiona rela\u0163iile dintre Rom\u00e2nia \u015fi Ungaria, fapt care ar putea afecta prestigiul Ungariei \u00een fa\u0163a Europei Occidentale \u015fi a SUA. Totodat\u0103, premierul Orban a prev\u0103zut \u00een programul Ministerului Afacerilor Externe ca dat\u0103 a deschiderii consulatelor la Miercurea Ciuc \u015fi Constan\u0163a, 20 august, precum \u015fi sumele necesare.<\/h4>\r\n<h4>15 mai \u2013 Episcopii maghiari condi\u0163ioneaz\u0103 semnarea documentului care prezint\u0103 strategia de integrare \u00een Uniunea European\u0103 de introducere a angajamentului guvernului de restituire a propriet\u0103tilor biserice\u015fti \u015fi \u00eenv\u0103\u0163\u0103m\u00e2ntului confesional. Situa\u0163ia e dificil\u0103, fiindc\u0103 majoritatea imobilelor ad\u0103postesc \u00een prezent \u015fcoli, spitale sau sunt sedii ale autorit\u0103\u0163ilor locale.<\/h4>\r\n<h4>16 mai \u2013 La Palatul Snagov, reprezentan\u0163ii bisericilor maghiare ob\u0163in ceea ce au cerut \u015fi, \u00een consecint\u0103, semneaz\u0103 Declara\u0163ia de sus\u0163inere a Rom\u00e2nei pentru integrarea \u00een UE.<\/h4>\r\n<h4>17 mai \u2013 Redactorul-\u015fef al Departamentului emisiunilor \u00een limba maghiar\u0103 al TVR, Zoltan Boros, adreseaz\u0103 o scrisoare deschis\u0103 pre\u015fedintelui UDMR, Bela Marko, prin care \u00eei cere s\u0103 aib\u0103 grij\u0103 s\u0103 nu se destrame unitatea Uniunii \u015fi s\u0103 respecte \u00eentru-totul democratia intern\u0103.<\/h4>\r\n<h4>19 mai \u2013 Coali\u0163ia nu g\u0103se\u015fte o cale de comunicare, lucru exemplificat de PD, care exclude asumarea r\u0103spunderii guvernamentale pe legile propuse de PN\u0162CD, PNL \u015fi UDMR, deoarece acestea sunt prea importante.<\/h4>\r\n<h4>24 mai \u2013 Sigur\u0103 de victoria \u00een alegerile din 2002, opozi\u0163ia ungar\u0103 condi\u0163ioneaz\u0103 sprijinirea integr\u0103rii Rom\u00e2niei \u00een UE de rezultatul alegerilor. Pre\u015fedintele Comisiei de Politic\u0103 extern\u0103 a Parlamentului ungar, Istvan Szent-Ivanyi, a precizat c\u0103 dac\u0103 viitorul Guvern al Rom\u00e2niei se va constitui din \u201efor\u0163e extremiste sau fost comuniste, integrarea Rom\u00e2niei va fi periclitat\u0103\u201c.<\/h4>\r\n<h4><strong>Iunie <\/strong><\/h4>\r\n<h4>Groful Albert Wass, cunoscut criminal de r\u0103zboi, condamnat la moarte \u00een 1946 de Tribunalul din Cluj, are parte de o plac\u0103 comemorativ\u0103, pe zidul \u015fcolii din Mugeni (Harghita), pus\u0103 de UDMR. Cererea Ministerului Educatiei Na\u0163ionale de a se anula ceremonia n-a fost respectat\u0103 nici de directoarea \u015fcolii, Ema Laszl\u00f3, nici de inspectorul \u015fcolar al jude\u0163ului Harghita, Ferenc Astalosz. Ac\u0163iunea a fost in\u0163tiat\u0103 de UDMR, contest\u00e2nd, astfel, autoritatea statului rom\u00e2n.<\/h4>\r\n<h4>19 iunie \u2013 Valuri \u00een UDMR. Senatorul UDMR, Attila Verestoy, d\u0103 un comunicat \u00een numele Organiza\u0163iei teritoriale Odorheiul Secuiesc, \u00een care declar\u0103 c\u0103 Jeno Szasz \u2013 primarul ales al Odorheiului, vicepresedinte al Blocului Reformist din UDMR \u2013, a manipulat popula\u0163ia, implic\u00e2nd sprijinul Guvernului ungar folosind prezen\u0163a unor \u00eenal\u0163i demnitari ai acestuia. Pre\u015fedintele Blocului Reformat al UDMR, Tibor T. Toro, respinge afirma\u0163iile lui Verestoy.<\/h4>\r\n<h4>22 iunie \u2013 Cu sprijinul celor 5 consilieri jude\u0163eni PDSR, cei 17 consilieri jude\u0163eni UDMR din Consiliul Jude\u0163ean Mure\u015f aleg ca pre\u015fedinte al Consiliului Judetean Mure\u015f un membru al UDMR, Gy\u00f6rgy Virag. Mention\u0103m c\u0103 cei 17 consilieri UDMR \u015fi-au c\u00e2\u015ftigat postul \u00eentr-un Consiliu Jude\u0163ean compus din 41 de persoane. El\u00f6d Kincses, fostul pre\u015fedinte al Organizatiei UDMR Mure\u015f, fugit la Budapesta pentru implicarea sa \u00een evenimentele din martie 1990 de la Tg. Mure\u015f \u015fi de cur\u00e2nd repatriat, a anun\u0163at \u00een \u015fedintele Consiliului Reprezentan\u0163ilor Uniunii (CRU) de la Tg. Mure\u015f cu actionare \u00een instant\u0103 a deputatului Attila Kelemen pentru nereguli \u00een organizarea campaniei electorale. Ar fi fost pentru prima dat\u0103 c\u00e2nd UDMR s-ar confrunta \u00eentr-un proces public cu un membru al organiza\u0163iei. De fapt, \u00eentreaga \u015fedint\u0103 a fost foarte furtunoas\u0103, Bela Marko fiind acuzat de dictatur\u0103.<\/h4>\r\n<h4>Iulie<\/h4>\r\n<h4>12 iulie &#8211; \u00centr-un interviu acordat agen\u0163iei Mediafax, pre\u015fedintele UDMR, Bela Marko, a anun\u0163at c\u0103 la 22 iulie vor hot\u0103r\u00ee dac\u0103 UDMR va avea un candidat la pre\u015fedintie, dar este posibil\u0103 \u015fi o colaborare cu PDSR, dac\u0103 acesta \u00ee\u015fi va revizui programul \u00een ceea ce priveste problemele na\u0163ionale.<\/h4>\r\n<h4>15 iulie &#8211; Deputatul Atilla Kelemen a fost ales pre\u015fedinte al UDMR-Mure\u015f, \u00een locul fostului pre\u015fedinte, El\u00f6d Kincse, care s-a retras din curs\u0103.<\/h4>\r\n<h4>21 iulie &#8211; Conform unui sondaj realizat \u00een Ungaria \u015fi comandat de Guvernul Orban, se arat\u0103 c\u0103 50 la sut\u0103 dintre maghiari vor drepturi speciale pentru cona\u0163ionalii lor din afara grani\u0163elor, ceea ce justific\u0103 viitoarea lege a statutului maghiarilor din afara granitelor, pe care guvernul Ungariei dore\u015fte s\u0103 o promoveze.<\/h4>\r\n<h4>Fostul pre\u015fedinte al Consiliului Jude\u0163ean Harghita, Gabor Kolumb\u00e1n, s-a retras temporar din UDMR, nemul\u0163umit de \u201epracticile nedemocratice\u201c ale conducerii.<\/h4>\r\n<h4>22 iulie &#8211; Consiliul Reprezentan\u0163ilor Uniunii (CRU) a hot\u0103r\u00e2t ca UDMR s\u0103 aib\u0103 un candidat la pre\u015fedintie. Numele s\u0103u va fi anun\u0163at la \u00eenceputul lunii septembrie.<\/h4>\r\n<h4>24 iulie &#8211; La lucr\u0103rile inaugurale ale celei de-a XI-a Universit\u0103\u0163i de Var\u0103 de la Balvanyos a participat Laszl\u00f3K\u00f6ver, pre\u015fedintele partidului de guvern\u0103m\u00e2nt din Ungaria, FIDESZ, care a cerut ca UDMR s\u0103 fie unit\u0103.<\/h4>\r\n<h4>28 iulie &#8211; Ministrul de Externe ungar, Janos Martonyi, prezent la Universitatea de Var\u0103 Balvanyos, a declarat c\u0103 Tratatul de pace rom\u00e2no-ungar este incomplet, lipsind problema \u00eenv\u0103\u0163\u0103m\u00e2ntului superior \u00een limba maghiar\u0103 \u015fi retrocedarea bunurilor comunitare. Totodat\u0103, Martonyi a afirmat c\u0103 investitorii nu vin \u00een Transilvania deoarece nu exist\u0103 o infrastructur\u0103 \u015fi a pledat pentru \u00eembun\u0103t\u0103tirea leg\u0103turii dintre secuime \u015fi Ungaria.<\/h4>\r\n<h4>29 iulie &#8211; Premierul maghiar Viktor Orban, prezent \u015fi el la Universitatea de Var\u0103 Balvanyos, a anun\u0163at la Tu\u015fnad c\u0103 extinderea NATO nu se mai afl\u0103 pe agenda Alian\u0163ei. La \u00eencheierea lucr\u0103rilor universit\u0103\u0163ii au participat \u015fi Adrian Severin \u2013 care a pledat pentru o Europ\u0103 regionalizat\u0103 a Statelor Unite \u2013 \u015fi Nicolae Manolescu.<\/h4>\r\n<h4>August<\/h4>\r\n<h4>2 august &#8211; Judec\u0103toria sectorului 2 Bucure\u015fti a cerut dosarul de securitate al lui Laszl\u00f3T\u00f6kes \u00een procesul intentat de episcop corespondentei <em>Associoted Press<\/em> (AP) \u2013 AlisonMutler.<\/h4>\r\n<h4>10 august &#8211; Episcopul reformat Laszl\u00f3T\u00f6kes recunoa\u015fte c\u0103 a scris un angajament de informator al Securit\u0103\u0163ii, dar nu l-a semnat. Totodat\u0103, acesta a recunoscut c\u0103 a primit \u00een aprilie 1989 suma de 20.000 lei din partea serviciilor secrete ungare, ne\u015ftiind, \u00eens\u0103, de la cine (?!)!<\/h4>\r\n<h4>25 august &#8211; La manifesta\u0163ia \u201eFestival \u00een grani\u0163a 2000\u201c, din localitatea ungar\u0103 Koszeg, episcopul Laszl\u00f3T\u00f6kes a declarat c\u0103 \u201emaghiarii din Transilvania se vor transforma \u00eentr-un popor servil\u201c.<\/h4>\r\n<h4>27 august &#8211; Conform unui proiect elaborat de Uniunea Mondial\u0103 a Maghiarilor, maghiarii de peste hotare vor deveni \u201ecet\u0103teni externi\u201c ai Ungariei. Legea cet\u0103\u0163eniei va fi o completare la Legea Statutului.<\/h4>\r\n<h4>28 august &#8211; Ministrul minorit\u0103\u0163ilor, Peter Kovacs-Ekstein, a declarat c\u0103 UDMR prime\u015fte nenum\u0103rate semnale din partea unor cancelarii europene, conform c\u0103rora ar trebui s\u0103 participe la un Guvern care include UDMR, condus de Ion Iliescu, pentru a r\u0103m\u00e2ne mai departe la guvernare. Un sondaj efectuat \u00een lunile mai-iunie ar\u0103ta c\u0103 95 la sut\u0103 dintre maghiarii din Rom\u00e2nia doreau acest lucru.<\/h4>\r\n<h4>30 august &#8211; Pre\u015fedintele de onoare al UDMR, episcopul Laszl\u00f3T\u00f6kes, confirm\u0103 cele relatate de Peter Kovacs-Ekstein.<\/h4>\r\n<h4>31 august &#8211; Pentru a nu da impresia c\u0103 PDSR are nevoie de sprijin pentru viitoarea guvernare, Adrian N\u0103stase a asociat UDMR cu Organizatia pentru Eliberarea Palestinei \u015fi a criticat dur politica UDMR. \u00cen acest fel el caut\u0103 s\u0103 atrag\u0103 electoratul lui Funar la Iliescu.<\/h4>\r\n<h4>Septembrie<\/h4>\r\n<h4>2 septembrie &#8211; Adrian N\u0103stase declar\u0103 \u00eentr-o conferin\u0163\u0103 de pres\u0103 c\u0103 turul al II-lea al alegerilor preziden\u0163iale se va desf\u0103\u015fura \u00eentre Ion Iliescu \u015fi Corneliu Vadim Tudor.<\/h4>\r\n<h4>7 septembrie &#8211; UDMR este singurul care a semnat Protocolul de neagresiune propus de PNL partenerilor de coali\u0163ie.<\/h4>\r\n<h4>8 septembrie &#8211; UDMR Cluj \u00eel propune de Laszl\u00f3T\u00f6kes pentru a candida la pre\u015fedintia Rom\u00e2niei.<\/h4>\r\n<h4>10 septembrie &#8211; UDMR definitiveaz\u0103 solu\u0163ia \u015fi decide ca Gy\u00f6rgy Frunda s\u0103 candideze pentru pre\u015fedintia Rom\u00e2niei. Laszl\u00f3T\u00f6kes l-a aten\u0163ionat pe Frunda s\u0103 nu spun\u0103 ce ar dori s\u0103 aud\u0103 rom\u00e2nii, ci ceea ce i-ar mobiliza pe maghiari.<\/h4>\r\n<h4>15 septembrie &#8211; UDMR a declan\u015fat campania de str\u00e2ngere a celor 300.000 de semn\u0103turi pentru sus\u0163inerea lui Gy\u00f6rgy Frunda la pre\u015fedin\u0163ie.<\/h4>\r\n<h4>26 septembrie &#8211; Theodor Stolojan \u2013 candidatul PNL la pre\u015fedin\u0163ia Rom\u00e2niei \u2013 \u00een cadrul turneului electoral efectuat \u00een Transilvania, a declar\u0103 c\u0103 nu are nici o obiec\u0163ie pentru \u00eenfiin\u0163area universit\u0103\u0163ii maghiare.<\/h4>\r\n<h4>26 septembrie &#8211; Consiliul operativ al UDMR a decis s\u0103 sprijine ac\u0163iunea de \u00eenfiin\u0163are a institu\u0163iei cet\u0103\u0163eniei ungare cu reziden\u0163\u0103 extern\u0103.<\/h4>\r\n<h4>Octombrie<\/h4>\r\n<h4>6 octombrie &#8211; Gheorghe Funar, primarul municipiului Cluj-Napoca \u015fi secretar general al PRM, \u00eel anun\u0163\u0103 \u00een scris pe primarul general al Budapestei, Gabor Demszky, c\u0103 \u00een data de 21 octombrie va fi acolo \u00eensotit de cei 31 de consilieri locali, arheologi \u015fi ziari\u015fti, pentru a se \u00eemp\u0103rt\u0103\u015fi din experien\u0163a ungurilor \u00een materie de conservare a vestigiilor romane descoperite \u00een Budapesta.<\/h4>\r\n<h4>9 octombrie &#8211; Poli\u0163ia din Cluj-Napoca l-a re\u0163inut pe Joszef Vincze, care, \u00eenarmat cu un pistol,\u00a0 inten\u0163iona s\u0103 \u00eel asasineze pe Gh. Funar. Totodat\u0103, Gh. Funar a dat publicit\u0103\u0163ii o scrisoare de amenin\u0163are cu moartea, primit\u0103 de la un cet\u0103\u0163ean maghiar din Budapesta.<\/h4>\r\n<h4>11 octombrie &#8211; PDSR \u015fi UDMR fac declara\u0163ii vagi privind o viitoare alian\u0163\u0103 la o guvernare, post-electoral\u0103.<\/h4>\r\n<h4>15 octombrie &#8211; Candidatul UDMR la pre\u015fedintia Rom\u00e2niei, Gy\u00f6rgy Frunda, s-a lansat \u00een cursa electoral\u0103 la Satu Mare. Cu un program bazat pe dezvoltare regional\u0103, el a promis adoptarea unui statut cultural al minorit\u0103\u0163ilor.<\/h4>\r\n<h4>23 octombrie &#8211; UDMR, prin candidatul s\u0103u la pre\u015fedintia Rom\u00e2niei, Gy\u00f6rgy Frunda, declar\u0103 c\u0103 nu exclude o colaborare cu PDSR la o viitoare guvernare.<\/h4>\r\n<h4>24 octombrie &#8211; \u00centr-o conferint\u0103 de pres\u0103, pre\u015fedintele PNL, Valeriu Stoica, o \u00eentoarce, declar\u00e2nd c\u0103 \u00eenfiin\u0163area universit\u0103tii maghiare nu reprezint\u0103 o prioritate pentru PNL.<\/h4>\r\n<h4>30 octombrie &#8211; Secretarul general al PRM, Gh. Funar, i-a adresat o scrisoare presedintelui PDSR, Ion Iliescu, cer\u00e2ndu-i s\u0103 declare \u201epublic \u015fi f\u0103r\u0103 echivoc\u201d dac\u0103, \u00een cazul c\u0103 va fi ales \u201epentru al treilea mandat\u201c, pre\u015fedinte al Rom\u00e2niei, va men\u0163ine sau nu UDMR la guvernare \u015fi ce pozitie va lua fa\u0163\u0103 de ac\u0163iunile antirom\u00e2ne\u015fti ale uniunii.<\/h4>\r\n<h4>Noiembrie<\/h4>\r\n<h4>3 noiembrie \u2013 Gy\u00f6rgy Frunda a declarat la Cluj-Napoca c\u0103 UDMR \u00eenc\u0103 nu a negociat cu PDSR, dar nici cu alte partide.<\/h4>\r\n<h4>10 noiembrie \u2013 Marko Bela, pre\u015fedintele UDMR, declar\u0103 c\u0103 UDMR nu este mul\u0163umit\u0103 de oferta PDSR. Uniunea cere angajamente ferme pentru universitatea maghiar\u0103 \u015fi retrocedarea imobilelor biserice\u015fti.<\/h4>\r\n<h4>21 noiembrie &#8211; Marko Bela, pre\u015fedintele UDMR, declar\u0103 c\u0103 UDMR se preg\u0103te\u015fte pentru Opozi\u0163ie, \u00eentruc\u00e2t nu se \u00eentrevede o posibilitate de intrare \u00een viitorul Guvern.<\/h4>\r\n<h4>22 noiembrie \u2013 Gy\u00f6rgy Frunda lanseaz\u0103 un apel c\u0103tre \u201etoti cet\u0103\u0163enii democra\u0163i\u201c s\u0103 conlucreze pentru izolarea pre\u015fedintelui PRM, Corneliu Vadim Tudor, \u015fi a extremismului \u00een Rom\u00e2nia.<\/h4>\r\n<h4>Decembrie<\/h4>\r\n<h4>21 decembrie \u2013 PDSR promite marea cu sarea maghiarilor din Rom\u00e2nia, numai pentru a ob\u0163ine sprijin parlamentar.<\/h4>\r\n<h4><\/h4>\r\n<figure id=\"attachment_3765\" aria-describedby=\"caption-attachment-3765\" style=\"width: 364px\" class=\"wp-caption aligncenter\"><a href=\"http:\/\/www.desteptati-va.ro\/wp-content\/uploads\/2012\/06\/funda_fc76e27bf6.jpg\"><img loading=\"lazy\" decoding=\"async\" class=\" wp-image-3765\" title=\"funda_fc76e27bf6\" src=\"http:\/\/www.desteptati-va.ro\/wp-content\/uploads\/2012\/06\/funda_fc76e27bf6.jpg\" alt=\"Gyorgy Frunda\" width=\"364\" height=\"241\" \/><\/a><figcaption id=\"caption-attachment-3765\" class=\"wp-caption-text\">Gy\u00f6rgy Frunda<\/figcaption><\/figure>\r\n<h4><strong>2001<\/strong><\/h4>\r\n<h4>Ianuarie<\/h4>\r\n<h4>UDMR l-a ales ca avocat al uciga\u015filor maghiari din decembrie 1989, \u00een Harghita \u015fi Covasna, pe senatorul UDMR Gy\u00f6rgy Frunda, care s-a prezentat la proces \u00eenso\u0163it permanent de echipe ale televiziunii budapestane, Duna TV, sfid\u00e2nd judec\u0103torii \u015fi publicul. La aflarea verdictului Cur\u0163ii Supreme de Justi\u0163ie, senatorul-avocat al UDMR, Gy\u00f6rgy Frunda, a plecat spumeg\u00e2nd de furie \u015fi strig\u00e2nd c\u0103 aceast\u0103 condamnare \u00eenseamn\u0103 condamnarea minorit\u0103\u0163ii maghiare din Rom\u00e2nia.\r\nUDMR este chemat\u0103 la guvernare de c\u0103tre un PDSR aflat \u00een c\u0103utarea unei imagini \u201eeuropene\u201c. Pactul de guvernare este \u0163inut secret, dar, din \u201erealiz\u0103rile\u201c celor dou\u0103 partide aflate \u00een c\u00e2rd\u0103\u015fie, se pot deduce concesiile f\u0103cute hibridului politico-civico-hungarist:\r\n1)\u00a0Universitate maghiar\u0103 de stat;\r\n2)\u00a0Ridicarea limbii maghiare la rangul de limb\u0103 oficial\u0103 \u00een administra\u0163ia public\u0103 local\u0103;\r\n3)\u00a0\u00cempropriet\u0103riri din avu\u0163ia national\u0103 pentru etnicii maghiari \u015fi organiza\u0163iile ungure\u015fti.<\/h4>\r\n<h4>PDSR promoveaz\u0103 Legea administratiei publice locale prin care, \u00een contradic\u0163ie cu interesele na\u0163ionale ale Rom\u00e2niei, limba maghiar\u0103 este ridicat\u0103 la rangul de limb\u0103 oficial\u0103 \u00een administra\u0163ia public\u0103 local\u0103 din teritoriile locuite de maghiari \u015fi secui.\r\nCurtea Constitu\u0163ional\u0103, obedient\u0103 Puterii, respinge sesizarea de neconstitu\u0163ionalitate a Legii administra\u0163iei publice locale formulat\u0103 de c\u0103tre PRM.<\/h4>\r\n<h4>PDSR promoveaz\u0103 Legea restituirii imobilelor na\u0163ionalizate, prin care face cadou popula\u0163iei ungure\u015fti din Ardeal un num\u0103r imens de imobile trecute \u00een patrimoniul Statului Rom\u00e2n pe c\u0103i legale.\r\nAceast\u0103 lege creeaz\u0103 pericolul ca toate centrele oraselor transilv\u0103nene s\u0103 fie trecute \u00een proprietatea unor organiza\u0163ii sau cet\u0103\u0163eni de origine maghiar\u0103.\r\nSesizarea de neconstitu\u0163ionalitate a legii, formulat\u0103 de c\u0103tre PRM, a fost respins\u0103 de aceea\u015fi Curte Constitu\u0163ional\u0103 aservit\u0103 Puterii.\r\nGuvernul de la Bucure\u015fti recompenseaz\u0103 UDMR, pentru participarea la guvernare, cu importante propriet\u0103\u0163i scoase din avu\u0163ia na\u0163ional\u0103.\r\nAstfel, sta\u0163iunea Sovata (4 hoteluri, 105 vile, 2 lacuri, baza de tratament, numeroase depozite, 200 ha de p\u0103m\u00e2nt) este f\u0103cut\u0103 cadou serviciilor secrete ungure\u015fti, fiind v\u00e2ndut\u0103 la un pre\u0163 ridicol de mic(1,5 milioane dolari) \u015fi, printr-o procedur\u0103 ilegal\u0103, prejudicind statul rom\u00e2n cu circa 233 milioane dolari.\r\nSeria actelor antina\u0163ionale comise de c\u0103tre PSD \u00een beneficiul concubinei politice UDMR continu\u0103\u2026<\/h4>\r\n<h4>Parlamentul de la Budapesta adopt\u0103 Legea Statutului maghiarilor din afara grani\u0163elor Ungariei, \u00eendreptat\u0103 \u00eempotriva Slovaciei \u015fi Rom\u00e2niei.\r\nLegea este criticat\u0103 de toate forurile europene, \u00eens\u0103\u015fi Comisia Consiliului Europei de la Vene\u0163ia o consider\u0103 contrar\u0103 spiritului \u015fi practicii europene.\r\nAdunarea Parlamentar\u0103 a Consiliului Europei aprob\u0103 o Rezolu\u0163ie ini\u0163iat\u0103 de senatorul Corneliu Vadim Tudor, prin care se respinge Legea Statutului maghiarilor din afara grani\u0163elor Ungariei ca fiind o lege neeuropean\u0103.\r\nAdrian N\u0103stase, pre\u015fedintele PDSR, n\u0103p\u00e2rlit \u00een PSD, manifest\u0103 o atitudine ambigu\u0103. Liderul PSD utilizeaz\u0103 trei tipuri de discursuri, \u00een func\u0163ie de auditor: un discurs na\u0163ionalist pentru Rom\u00e2nia, unul pro-maghiar \u00een rela\u0163ia cu UDMR \u015fi Ungaria \u015fi unul european pe la cur\u0163ile Europei sau \u00een buc\u0103t\u0103ria Casei Albe.\r\nPentru a le face pe plac ungurilor, Adrian N\u0103stase \u015focheaz\u0103 opinia public\u0103 rom\u00e2neasc\u0103, dar \u015fi pe liderii modera\u0163i ai PSD, cu declara\u0163ia de sus\u0163inere a Legii legitima\u0163iei de maghiar, dac\u0103 aceasta va fi aplicat\u0103 pe teritoriul Rom\u00e2niei de c\u0103tre UDMR.<\/h4>\r\n<h4>Februarie<\/h4>\r\n<h4>16 februarie \u2013 UDMR solicit\u0103 deschiderea de consulate maghiare la Miercurea Ciuc \u015fi Constan\u0163a \u015fi anun\u0163\u0103 vizita lui Zsolt Nemeth, subsecretar de stat ungar.<\/h4>\r\n<h4>20 februarie \u2013 UDMR promoveaz\u0103 un proiect de lege privind \u00eenfiin\u0163area unei universit\u0103\u0163i pur maghiare la Cluj-Napoca, f\u0103r\u0103 linie de studiu \u00een limba rom\u00e2n\u0103.<\/h4>\r\n<h4>22 februarie \u2013 Partidul Rom\u00e2nia Mare transmite un comunicat prin care acuz\u0103 tandemul PDSR-UDMR de oficializarea limbii maghiare ca a doua limb\u0103 \u00een stat, \u00een urma introducerii ei \u00een administra\u0163ia public\u0103 local\u0103.<\/h4>\r\n<h4>26 februarie \u2013 UDMR amenin\u0163\u0103 cu retragerea sus\u0163inerii acordate partidului de guvern\u0103m\u00e2nt \u00een cazul \u00een care nu vor primi p\u0103durile cerute p\u00e2n\u0103 \u00een luna iunie 2001.<\/h4>\r\n<h4>28 februarie \u2013 \u00centr-un interviu dat ziarului <em>Magyar Hirlap<\/em>, Ion Iliescu recunoa\u015fte c\u0103 UDMR este la guvernare. Marko Bela, \u00een schimb, se declar\u0103 \u00een continuare \u00een opozi\u0163ie, argument\u00e2nd c\u0103 nu au mini\u015ftri sau secretari de stat.\r\nMartie<\/h4>\r\n<h4>2 martie \u2013 Afla\u0163i \u00een vizit\u0103 privat\u0103 \u00een jude\u0163ele Alba, Arad, Harghita, Covasna, doi demnitari unguri, ministrul Justi\u0163iei Ibolya David \u015fi secretarul de stat al MAE ungar Zsolt Nemeth, au avut \u00eent\u00e2lniri oficiale cu autorit\u0103\u0163ile locale, f\u0103r\u0103 \u00een\u015ftiin\u0163area Bucure\u015ftiului.<\/h4>\r\n<h4>3 martie \u2013 Senatorul Peter Kovacs-Eckstein cere \u00een cadrul unei conferin\u0163e de pres\u0103 retrocedarea imediat\u0103 a imobilelor apar\u0163in\u00e2nd bisericilor reformate.<\/h4>\r\n<h4>5 martie \u2013 UDMR Sf\u00e2ntu Gheorghe solicit\u0103 demiterea prefectului judetului Covasna,Horia Grama, motiv\u00e2nd c\u0103 acesta dispune numiri \u00een func\u0163ii de conducere f\u0103r\u0103 acordul prealabil al parlamentarilor UDMR. Aceea\u015fi situa\u0163ie se \u00eent\u00e2lne\u015fte \u00een jude\u0163ul Harghita, \u00een cazul prefectului Mircea Du\u015fa.<\/h4>\r\n<h4>6 martie \u2013 Marko Bela, Adrian N\u0103stase \u015fi Ion Iliescu cad de acord \u00een privin\u0163a vizitei demnitarilor maghiari f\u0103r\u0103 anun\u0163area oficialit\u0103\u0163ilor rom\u00e2ne de la Bucure\u015fti, afirm\u00e2nd c\u0103 discu\u0163iile purtate de ace\u015ftia cu autorit\u0103\u0163ile locale \u201enu \u0163in de marea politic\u0103\u201c.<\/h4>\r\n<h4>26 martie \u2013 Curtea Suprem\u0103 de Justi\u0163ie condamn\u0103 cinci dintre asasinii maiorului Aurel Agache, \u00een decembrie 1989, la T\u00e2rgu Secuiesc, pentru lovituri cauzatoare de moarte.\r\nDintre ace\u015ftia, trei3 inculpa\u0163i deja p\u0103r\u0103siser\u0103 legal Rom\u00e2nia, \u00eentruc\u00e2t instan\u0163a de judecat\u0103 nu luase m\u0103suri de interdic\u0163ie.<\/h4>\r\n<h4>28 martie \u2013 Marko Bela se pl\u00e2nge la Budapesta c\u0103 rela\u0163iile cu PDSR nu sunt cele a\u015fteptate.<\/h4>\r\n<h4>30 martie \u2013 UDMR Cluj avertizeaz\u0103 PDSR cu rezilierea protocolului dintre ace\u015ftia.<\/h4>\r\n<h4>Aprilie<\/h4>\r\n<h4>11 aprilie \u2013 Condi\u0163ionat de sprijinul acordat pentru votarea Legii Bugetului, UDMR \u015fi PDSR \u00eencep negocieri \u00een vederea modific\u0103rii Legii 1\/2000 privind restituirea terenurilor agricole \u015fi forestiere.<\/h4>\r\n<h4>26 aprilie \u2013 Episcopul reformat Laszlo Tokes, pre\u015fedintele de onoare al UDMR, aflat \u00een vizit\u0103 \u00een SUA, afirm\u0103 c\u0103 maghiarimea este \u00een continuare asuprit\u0103 \u00een Rom\u00e2nia. El este sus\u0163inut de episcopul catolic Joszef Templi, care efectua un turneu \u00een SUA \u015fi Canada, \u00eenso\u0163ind ansamblul coral al Universit\u0103tii Cre\u015ftine Maghiare Partium, \u00een scopul ob\u0163inerii de sprijin material, moral \u015fi politic pentru universit\u0103\u0163ile maghiare din Transilvania.\r\nMai<\/h4>\r\n<h4>1 mai \u2013 Ion Iliescu declar\u0103 c\u0103 a\u015fteapt\u0103 clarific\u0103ri din partea Ungariei privind proiectul legislativ asupra Statutului maghiarilor din afara grani\u0163elor statului ungar.<\/h4>\r\n<h4>2 mai \u2013 Ministrul de externe Mircea Geoan\u0103 afirm\u0103 \u00eenceperea consult\u0103rilor cu omologul ungar. Tibor Toro \u015fi Atila Verestoy dau asigur\u0103ri c\u0103 protocolul nu este \u00een pericol \u015fi c\u0103 nu exist\u0103 probleme majore.<\/h4>\r\n<h4>3 mai \u2013 UDMR \u015fi-a impus la Camera Deputa\u0163ilor amendamentele la Legea Regimului Silvic.<\/h4>\r\n<h4>8 mai \u2013 Senatorul Gheorghi Pris\u0103caru, pre\u015fedintele Comisiei de politic\u0103 extern\u0103 a Senatului, ia atitudine \u00een problema legii statutului maghiarilor din afara grani\u0163elor.<\/h4>\r\n<h4>11 mai \u2013 Premierul Adrian N\u0103stase declar\u0103 c\u0103 legea statutului maghiarilor va fi blocat\u0103 \u00een Rom\u00e2nia at\u00e2t timp c\u00e2t autorit\u0103\u0163ile de la Bucure\u015fti nu vor fi consultate de c\u0103tre cele de la Budapesta.<\/h4>\r\n<h4>14-15 mai \u2013 Sunt schimbate mesaje aprinse \u00eentre Budapesta \u015fi Bucure\u015fti, pe aceea\u015fi tem\u0103.\r\nIunie<\/h4>\r\n<h4>2 iunie \u2013 PDSR anun\u0163\u0103 \u00eencheierea unui protocol cu Partidul Socialist Maghiar.<\/h4>\r\n<h4>4 iunie \u2013 Guvernul ungar, condus de premierul Viktor Orban, amplaseaz\u0103 \u00een localitatea Zebeny, din apropierea grani\u0163ei de nord-vest a Rom\u00e2niei, un clopot, numit \u201eClopotul reamintirii&#8221;, a\u015fezat pe \u201eMuntele Calvarului\u201c, care bate zilnic la ora 16:30 (ora semn\u0103rii Tratatului de la Trianon), p\u00e2n\u0103 c\u00e2nd consecin\u0163ele acestuia vor disp\u0103rea \u015fi Transilvania va reveni la Ungaria.<\/h4>\r\n<h4>19 iunie \u2013 Parlamentul Ungariei voteaz\u0103 Legea statutului cu intrare \u00een vigoare de la 1 ianuarie 2002. Adrian N\u0103stase declar\u0103 c\u0103 Ungaria nu a \u0163inut cont de observa\u0163iile Bucure\u015ftiului \u015fi, \u00een consecin\u0163\u0103, va bloca aplicarea ei \u00een Rom\u00e2nia.<\/h4>\r\n<h4>20 iunie \u2013 UDMR \u00ee\u015fi exprim\u0103 speran\u0163a c\u0103 legea se va aplica.<\/h4>\r\n<h4>21 iunie \u2013 Guvernul e dispus s\u0103 renun\u0163e la cooperare cu UDMR.<\/h4>\r\n<h4>25 iunie \u2013 Consiliul Europei dezaprob\u0103 legea statutului. PRM cere \u00een Camera Deputa\u0163ilor interzicerea aplic\u0103rii acestei legi \u00een Rom\u00e2nia.<\/h4>\r\n<h4>26 iunie \u2013 UDMR cere ca politi\u015ftii s\u0103 fie obliga\u0163i s\u0103 cunoasc\u0103 limba maghiar\u0103 \u00een localit\u0103\u0163ile \u00een care etnicii maghiari dep\u0103\u015fesc 20 la sut\u0103 din popula\u0163ie.<\/h4>\r\n<h4>29 iunie \u2013 Ministrul administra\u0163iei publice locale, Octav Cozm\u00e2nc\u0103, recunoa\u015fte c\u0103 \u00een \u0163ar\u0103 se aplic\u0103 inscrip\u0163ionarea bilingv\u0103 a numelor localit\u0103\u0163ilor cu peste 20 la sut\u0103 popula\u0163ie maghiar\u0103, dar cere autorit\u0103\u0163ilor jude\u0163ene s\u0103 nu se gr\u0103beasc\u0103.<\/h4>\r\n<h4>Iulie<\/h4>\r\n<h4>Senatorul Karoly Szabo, vorbind \u00een numele UDMR, afirm\u0103 c\u0103 se impune modificarea Constitu\u0163iei.<\/h4>\r\n<h4>5 iulie \u2013 Viktor Orban declar\u0103 c\u0103 a informat statele vecine Ungariei referitor la prevederile legii statutului maghiarilor din afara grani\u0163elor.<\/h4>\r\n<h4>17 iulie \u2013 Monumentul eroilor rom\u00e2ni din comuna Cr\u0103ciune\u015fti, jude\u0163ul Mure\u015f, cu o popula\u0163ie format\u0103 \u00een majoritate de rromi \u015fi maghiari, a fost profanat.<\/h4>\r\n<h4>28 iulie \u2013 La T\u00e2rgu Mure\u015f, premierii Viktor Orban \u015fi Adrian N\u0103stase se \u00eent\u00e2lnesc pentru a dezbate Legea statutului maghiarilor; nu se ajunge la un acord, am\u00e2n\u00e2ndu-se rezolvarea pentru luna septembrie, prin o comisie mixt\u0103 rom\u00e2no-ungar\u0103.<\/h4>\r\n<h4>30 iulie \u2013 4 august \u2013 Au loc lucr\u0103rile Universit\u0103\u0163ii de var\u0103 Balvanyos la Tu\u015fnad, unde temele predilect discutate au fost autonomia teritorial\u0103 \u015fi cultural\u0103, problema \u00eenv\u0103\u0163\u0103m\u00e2ntului \u00een limba maghiar\u0103, legea statutului \u015fi modificarea textului din Constitu\u0163ie\u00a0 privitor la Rom\u00e2nia \u201estat na\u0163ional unitar\u201c.\r\nAugust<\/h4>\r\n<h4>10 august \u2013 Se lanseaz\u0103 cartea <em>Na\u0163ionalistul<\/em>, a deputatului PRM Vlad Hogea.<\/h4>\r\n<h4>12 august \u2013 La Reghin, \u00een curtea Bisericii romano-catolice a fost dezvelit bustul lui Albert Wass, criminal de r\u0103zboi \u00een Al Doilea R\u0103zboi Mondial, condamnat la moarte \u00een contumacie (lips\u0103) de c\u0103tre Tribunalul Popular de la Cluj pentru uciderea, \u00een localitatea Sucutard, a rom\u00e2nilor \u015fi evreilor, sentin\u0163\u0103 confirmat\u0103 de Tribunalul Interna\u0163ional pentru Crime de R\u0103zboi.<\/h4>\r\n<h4>14 august \u2013 Pentru a contrabalansa ac\u0163iunile UDMR, la Izvorul Mure\u015f are loc o Universitate de Var\u0103. Organiza\u0163iile rom\u00e2ne\u015fti din jude\u0163ele Harghita \u015fi Covasna au decis, cu aceast\u0103 ocazie, s\u0103 se uneasc\u0103 \u00eentr-un for civic \u201eForumul civic al rom\u00e2nilor din secuime&#8221;. Ion Iliescu a refuzat invita\u0163ia adresat\u0103 de a participa la lucr\u0103rile Universit\u0103\u0163ii de Var\u0103.<\/h4>\r\n<h4>Septembrie<\/h4>\r\n<h4>5 septembrie \u2013 La \u201eCasa maghiar\u0103&#8221; din Budapesta, sediul Uniunii Mondiale a Maghiarilor, are loc comemorarea festiv\u0103 a lui Miklos Horthy, amiralul f\u0103r\u0103 flot\u0103, fost regent al Ungariei, de al c\u0103rui nume se leag\u0103 crimele \u015fi persecu\u0163iile \u00eempotriva rom\u00e2nilor din timpul ocupa\u0163iei maghiare a NorduluiArdealului, \u00een timpul celui de-AlDoilea R\u0103zboi Mondial.<\/h4>\r\n<h4>28 septembrie \u2013 Delega\u0163iile maghiar\u0103 \u015fi rom\u00e2n\u0103 nu au ajuns la un acord privind aplicarea Legii statutului maghiarilor din afara grani\u0163elor, problema fiind pasat\u0103 unui Comitet Special.<\/h4>\r\n<h4>29 septembrie \u2013 Consiliul Reprezentan\u0163ilor UDMR la T\u00e2rgu Mure\u015f a discutat despre condamna\u0163ii \u00een cazul Agache. Bela Mark\u00f3 a trecut \u00een revist\u0103 realiz\u0103rile \u015fi nerealiz\u0103rile UDMR. Senatorul Gy\u00f6rgy Frunda a fost ales pre\u015fedinte al CRU, iar episcopul L\u00e1szl\u00f3 T\u00f6kes, pre\u015fedintele de onoare al UDMR, a fost sanc\u0163ionat cu mustrare scris\u0103.<\/h4>\r\n<figure id=\"attachment_3766\" aria-describedby=\"caption-attachment-3766\" style=\"width: 300px\" class=\"wp-caption aligncenter\"><a href=\"http:\/\/www.desteptati-va.ro\/wp-content\/uploads\/2012\/06\/palinkas_jozsef1.jpg\"><img loading=\"lazy\" decoding=\"async\" class=\"size-full wp-image-3766\" title=\"palinkas_jozsef1\" src=\"http:\/\/www.desteptati-va.ro\/wp-content\/uploads\/2012\/06\/palinkas_jozsef1.jpg\" alt=\"Palinkas Jozsef\" width=\"300\" height=\"199\" \/><\/a><figcaption id=\"caption-attachment-3766\" class=\"wp-caption-text\">Palinkas Jozsef<\/figcaption><\/figure>\r\n<h4>Octombrie<\/h4>\r\n<h4>3 octombrie \u2013 La T\u00e2rgu Mure\u015f s-a inaugurat prima universitate particular\u0103\u00a0 maghiar\u0103 din Rom\u00e2nia \u201eSapientia&#8221;,\u00a0 cu sediul central la Cluj-Napoca. Ministrul \u00eenv\u0103\u0163\u0103m\u00e2ntului din Ungaria, Jozsef P\u00e1link\u00e1s, prezent la inaugurare, a asigurat de tot sprijinul Ungariei, guvernul ungar aloc\u00e2nd \u00een acest sens 3 x 2 miliarde de forin\u0163i, adic\u0103 aproximativ 700 miliarde de lei.\r\n\u00cen declara\u0163iile f\u0103cute cu acest prilej s-a afirmat c\u0103 anul 2001 este anul comunit\u0103\u0163ii maghiare din Transilvania \u015fi \u00eentreg Bazinul Carpatic.\r\nInvitat\u0103 s\u0103 participe, la o manifesta\u0163ie organizat\u0103 pe teritoriul Rom\u00e2niei de c\u0103tre Ungaria, ministrul \u00eenv\u0103\u0163\u0103m\u00e2ntului din Rom\u00e2nia, d-na Ecaterina Andronescu a declinat invita\u0163ia.<\/h4>\r\n<h4>12 octombrie \u2013 Liga Transilvania-Banat, \u00eenfiin\u0163at\u0103 de Sabin Gherman (cel care \u201es-a s\u0103turat de Rom\u00e2nia&#8221;) \u015fi-a prezentat programul \u00een cadrul unei conferin\u0163e de pres\u0103 la T\u00e2rgu Mure\u015f.<\/h4>\r\n<h4>19 octombrie \u2013 Comisia European\u0103 pentru democratie\u015fi drept a Consiliului Europei a admis c\u0103 Rom\u00e2nia are dreptate \u00een argumentele prezentate referitor la Legea statutului maghiarilor din afara grani\u0163elor Ungariei.<\/h4>\r\n<h4>25 octombrie \u2013 Adrian N\u0103stase propune ca legitimatia de ungur s\u0103 fie echivalent\u0103 cu calitatea de membru al UDMR. Kiss Kalman, pre\u015fedintele Partidului Liber Democrat Maghiar protesteaz\u0103, afirm\u00e2nd c\u0103 dintr-o uniune f\u0103r\u0103 cotizan\u0163i (UDMR), se va ajunge ca \u00een contul lui Marko Bela s\u0103 cotizeze at\u00e2t maghiarii, c\u00e2t \u015fi rom\u00e2nii.<\/h4>\r\n<h4>30 octombrie \u2013 \u00cen Harghita \u015fi Covasna se folosesc manuale \u015fcolare tip\u0103rite \u00een Ungaria. Comisia Ministerului Educa\u0163iei \u015fi Culturii a descoperit 90.000 de astfel de manuale folosite \u00een Covasna. P\u00e1l L\u00e1szlofi, pre\u015fedintele Uniunii Cadrelor Didactice Maghiare din Rom\u00e2nia, cu sediul la Miercurea Ciuc, declar\u0103 c\u0103 \u201enu vor renun\u0163a la manualele tip\u0103rite \u00een Ungaria!&#8221;.\r\nNoiembrie<\/h4>\r\n<h4>Se editeaz\u0103 la Budapesta, de c\u0103tre Asocia\u0163ia Tinerilor Ungari cu finantare din partea Parlamentului si Guvernului Ungariei, un CD intitulat \u201eC\u00e2ntece revizioniste actualizate&#8221;.<\/h4>\r\n<h4>1 noiembrie \u2013 Guvernul Orban decide s\u0103 nu se modifice legea statutului.<\/h4>\r\n<h4>3-4 noiembrie \u2013 La Sf\u00e2ntu Gheorghe, sub conducerea lui Adam Katona are loc un \u201eForum civic&#8221; despre dubla cet\u0103\u0163enie, \u201eafacerea\u201c Agache, modificarea Constitu\u0163iei \u015fi sc\u0103derea nivelului economic \u015fi social al \u0163inutului secuiesc.<\/h4>\r\n<h4>16 noiembrie \u2013 La \u015eedin\u0163a Consiliului Suprem de Ap\u0103rare al \u0162\u0103rii (CSAT), Radu Timofte, directorul SRI, sus\u0163ine afirma\u0163ia ministrului de interne Ion Rus referitoare la faptul c\u0103 \u00een jude\u0163ele Harghita \u015fi Covasna statul rom\u00e2n \u015fi-a pierdut autoritatea.<\/h4>\r\n<h4>21 noiembrie \u2013 La Odorheiul Secuiesc, Asocia\u0163ia civic\u0103 \u201ePro Odorhei&#8221; condus\u0103 de Adam Katona, a organizat un miting \u201eanti-UDMR&#8221; la care a participat Laszlo Tokes, Tibor Toro \u015fi Sabin Gherman, urmat de discu\u0163ii pe baza statutului, la care lui Sabin Gherman nu i s-a permis s\u0103 participe.<\/h4>\r\n<h4>28 noiembrie \u2013 Postul de televiziune din Budapesta, Duna TV, prezint\u0103 emisiunea \u201eExpansiunea Bisericii Ortodoxe Rom\u00e2ne pe p\u0103m\u00e2ntul secuiesc&#8221;, \u00een care se depl\u00e2ng \u201enedrept\u0103\u0163ile Trianonului, se contest\u0103 formarea \u015fi continuitatea poporului rom\u00e2n pe aceste meleaguri&#8221;.\r\nDecembrie<\/h4>\r\n<h4>1 decembrie \u2013 La Miercurea Ciuc, senatorul Csaba Sogor, primarul Csaba Csedo\u015fi conducerea UDMR Harghita cer localnicilor s\u0103 boicoteze Ziua Na\u0163ional\u0103 a Rom\u00e2niei \u015fi s\u0103 poarte banderole negre pe bra\u0163 \u00een semn de doliu, afirm\u00e2nd c\u0103 \u201eceea ce pentru un popor este s\u0103rb\u0103toare, pentru altul poate fi uneori prilej de doliu&#8221;.\r\nLa T\u00e2rgu Mure\u015f, coroana de flori depus\u0103 de senatorul Gy\u00f6rgy Frunda \u015fi deputatul Laszl\u00f3 Borbely din partea UDMR, avea o panglic\u0103 alb\u0103 \u015fi scris\u0103 cu negru, \u00een semn de doliu.\r\nLa Sf\u00e2ntu Gheorghe, oficialit\u0103\u0163ile de etnie maghiar\u0103, primarul Albert Almos, pre\u015fedintele Consiliului Jude\u0163ean , Janos Demeter, c\u00e2t \u015fi parlamentarii maghiari, au refuzat s\u0103 participe la s\u0103rb\u0103torirea Zilei Na\u0163ionale a Rom\u00e2niei.<\/h4>\r\n<h4>15 decembrie \u2013 Cu ocazia unei \u00eentruniri a Consiliului Reprezentan\u0163ilor al UDMR de la T\u00e2rgu Mure\u015f, se intoneaz\u0103 imnul de stat al Ungariei. Parchetul de pe l\u00e2ng\u0103 Curtea Superioar\u0103 de Justi\u0163ie se autosesizeaz\u0103 \u00een acest caz.<\/h4>\r\n<h4>16 decembrie \u2013 UDMR a refuzat s\u0103 semneze la Cluj-Napoca \u201eDeclara\u0163ia minorit\u0103\u0163ilor na\u0163ionale de sus\u0163inere a ader\u0103rii Rom\u00e2niei la Uniunea European\u0103&#8221;. Reprezentantul UDMR, Gyula Szek a spus c\u0103 Rom\u00e2nia nu poate fi un model pentru c\u0103 se \u00eent\u00e2rzie restituirea imobilelor biserice\u015fti \u015fi \u00eenfiin\u0163area unei universit\u0103\u0163i de stat doar \u00een limba maghiar\u0103.<\/h4>\r\n<h4>28 decembrie \u2013 Premierii Adrian N\u0103stase \u015fi Viktor Orban semneaz\u0103 la Budapesta memorandumul de \u00een\u0163elegere privind aplicarea Legii statutului maghiarilor din afara grani\u0163elor Ungariei, din care spicuim c\u00e2teva prevederi: documentul administrativ care se va elibera se va numi certificat unguresc, organiza\u0163iile reprezentative ale maghiarilor de pe teritoriul Rom\u00e2niei pot furniza informa\u0163ii \u00een absen\u0163a unor documente doveditoare cu caracter oficial, dar nu vor emite nici un fel de recomand\u0103ri privind originea etnic\u0103 sau alte criterii, iar procedura de acordare a certificatelor de maghiar va avea loc cu\r\nprec\u0103dere pe teritoriul Republicii Ungare.<\/h4>\r\n<h4><\/h4>\r\n<h4><\/h4>\r\n<h4><span style=\"color: #c0c0c0;\"><em>Surs\u0103: www.cybcity.com\/udmr<\/em><\/span><\/h4>        <div class=\"booster-block booster-reactions-block\">\n            <div class=\"twp-reactions-icons\">\n                \n                <div class=\"twp-reacts-wrap\">\n                    <a react-data=\"be-react-1\" post-id=\"4103\" class=\"be-face-icons un-reacted\" href=\"javascript:void(0)\">\n                        <img decoding=\"async\" src=\"https:\/\/desteptati-va.ro\/wp-content\/plugins\/booster-extension\/\/assets\/icon\/happy.svg\" alt=\"Happy\">\n                    <\/a>\n                    <div class=\"twp-reaction-title\">\n                        Happy                    <\/div>\n                    <div class=\"twp-count-percent\">\n                                                    <span style=\"display: none;\" class=\"twp-react-count\">0<\/span>\n                        \n                                                <span class=\"twp-react-percent\"><span>0<\/span> %<\/span>\n                                            <\/div>\n                <\/div>\n\n                <div class=\"twp-reacts-wrap\">\n                    <a react-data=\"be-react-2\" post-id=\"4103\" class=\"be-face-icons un-reacted\" href=\"javascript:void(0)\">\n                        <img decoding=\"async\" src=\"https:\/\/desteptati-va.ro\/wp-content\/plugins\/booster-extension\/\/assets\/icon\/sad.svg\" alt=\"Sad\">\n                    <\/a>\n                    <div class=\"twp-reaction-title\">\n                        Sad                    <\/div>\n                    <div class=\"twp-count-percent\">\n                                                    <span style=\"display: none;\" class=\"twp-react-count\">0<\/span>\n                                                                        <span class=\"twp-react-percent\"><span>0<\/span> %<\/span>\n                                            <\/div>\n                <\/div>\n\n                <div class=\"twp-reacts-wrap\">\n                    <a react-data=\"be-react-3\" post-id=\"4103\" class=\"be-face-icons un-reacted\" href=\"javascript:void(0)\">\n                        <img decoding=\"async\" src=\"https:\/\/desteptati-va.ro\/wp-content\/plugins\/booster-extension\/\/assets\/icon\/excited.svg\" alt=\"Excited\">\n                    <\/a>\n                    <div class=\"twp-reaction-title\">\n                        Excited                    <\/div>\n                    <div class=\"twp-count-percent\">\n                                                    <span style=\"display: none;\" class=\"twp-react-count\">0<\/span>\n                                                                        <span class=\"twp-react-percent\"><span>0<\/span> %<\/span>\n                                            <\/div>\n                <\/div>\n\n                <div class=\"twp-reacts-wrap\">\n                    <a react-data=\"be-react-6\" post-id=\"4103\" class=\"be-face-icons un-reacted\" href=\"javascript:void(0)\">\n                        <img decoding=\"async\" src=\"https:\/\/desteptati-va.ro\/wp-content\/plugins\/booster-extension\/\/assets\/icon\/sleepy.svg\" alt=\"Sleepy\">\n                    <\/a>\n                    <div class=\"twp-reaction-title\">\n                        Sleepy                    <\/div>\n                    <div class=\"twp-count-percent\">\n                                                    <span style=\"display: none;\" class=\"twp-react-count\">0<\/span>\n                        \n                                                <span class=\"twp-react-percent\"><span>0<\/span> %<\/span>\n                                            <\/div>\n                <\/div>\n\n                <div class=\"twp-reacts-wrap\">\n                    <a react-data=\"be-react-4\" post-id=\"4103\" class=\"be-face-icons un-reacted\" href=\"javascript:void(0)\">\n                        <img decoding=\"async\" src=\"https:\/\/desteptati-va.ro\/wp-content\/plugins\/booster-extension\/\/assets\/icon\/angry.svg\" alt=\"Angry\">\n                    <\/a>\n                    <div class=\"twp-reaction-title\">Angry<\/div>\n                    <div class=\"twp-count-percent\">\n                                                    <span style=\"display: none;\" class=\"twp-react-count\">0<\/span>\n                                                                        <span class=\"twp-react-percent\"><span>0<\/span> %<\/span>\n                        \n                    <\/div>\n                <\/div>\n\n                <div class=\"twp-reacts-wrap\">\n                    <a react-data=\"be-react-5\" post-id=\"4103\" class=\"be-face-icons un-reacted\" href=\"javascript:void(0)\">\n                        <img decoding=\"async\" src=\"https:\/\/desteptati-va.ro\/wp-content\/plugins\/booster-extension\/\/assets\/icon\/surprise.svg\" alt=\"Surprise\">\n                    <\/a>\n                    <div class=\"twp-reaction-title\">Surprise<\/div>\n                    <div class=\"twp-count-percent\">\n                                                    <span style=\"display: none;\" class=\"twp-react-count\">0<\/span>\n                                                                        <span class=\"twp-react-percent\"><span>0<\/span> %<\/span>\n                                            <\/div>\n                <\/div>\n\n            <\/div>\n        <\/div>\n\n    <\/div>","protected":false},"excerpt":{"rendered":"<p>1998 Ianuarie 7 ianuarie \u2013 Pre\u015fedintele UDMR, Bela Marko, se arat\u0103 nemul\u0163umit de bilan\u0163ul primului an de guvernare: \u201e\u00cen compara\u0163ie<a href=\"https:\/\/desteptati-va.ro\/index.php\/2021\/04\/19\/cartea-neagra-a-udmr-1998-2001\/\">Read More<i class=\"fa fa-long-arrow-right\" aria-hidden=\"true\"><\/i><\/a><\/p>\n","protected":false},"author":1,"featured_media":2793,"comment_status":"open","ping_status":"open","sticky":false,"template":"","format":"standard","meta":{"_crdt_document":"","footnotes":""},"categories":[17],"tags":[1483,1484,60,515,123,135,1485,1486,1487,772,171],"class_list":["post-4103","post","type-post","status-publish","format-standard","has-post-thumbnail","hentry","category-pareri-si-pozitii-publice","tag-barki","tag-belo","tag-desteptati-va","tag-marko","tag-mihai-viteazul","tag-transilvania","tag-trezirea","tag-tricolor","tag-turlea","tag-udmr","tag-unguri"],"rise-blocks_total_comments":0,"rise-blocks_categories":[{"term_id":17,"name":"Pareri si pozitii publice","slug":"pareri-si-pozitii-publice","term_group":0,"term_taxonomy_id":17,"taxonomy":"category","description":"","parent":0,"count":18,"filter":"raw"}],"rise-blocks_excerpt":"1998 Ianuarie 7 ianuarie \u2013 Pre\u015fedintele UDMR, Bela Marko, se arat\u0103 nemul\u0163umit de bilan\u0163ul primului an de guvernare: \u201e\u00cen compara\u0163ie cu speran\u0163ele noastre de acum un an, trebuie s\u0103 spun c\u0103 am realizat mult mai pu\u0163in dec\u00e2t am planificat&#8221;, evident \u00een ceea ce prive\u015fte minoritatea maghiar\u0103. 12 ianuarie &#8211; Agen\u0163ia de Pres\u0103 France Press difuzeaz\u0103 o \u015ftire sub titlul \u201eMaghiarii..","yoast_head":"<!-- This site is optimized with the Yoast SEO plugin v26.9 - https:\/\/yoast.com\/product\/yoast-seo-wordpress\/ -->\r\n<title>Cartea neagr\u0103 a UDMR 1998-2001 -<\/title>\r\n<meta name=\"robots\" content=\"index, follow, max-snippet:-1, max-image-preview:large, max-video-preview:-1\" \/>\r\n<link rel=\"canonical\" href=\"https:\/\/desteptati-va.ro\/index.php\/2021\/04\/19\/cartea-neagra-a-udmr-1998-2001\/\" \/>\r\n<meta property=\"og:locale\" content=\"ro_RO\" \/>\r\n<meta property=\"og:type\" content=\"article\" \/>\r\n<meta property=\"og:title\" content=\"Cartea neagr\u0103 a UDMR 1998-2001 -\" \/>\r\n<meta property=\"og:description\" content=\"1998 Ianuarie 7 ianuarie \u2013 Pre\u015fedintele UDMR, Bela Marko, se arat\u0103 nemul\u0163umit de bilan\u0163ul primului an de guvernare: \u201e\u00cen compara\u0163ieRead More\" \/>\r\n<meta property=\"og:url\" content=\"https:\/\/desteptati-va.ro\/index.php\/2021\/04\/19\/cartea-neagra-a-udmr-1998-2001\/\" \/>\r\n<meta property=\"article:published_time\" content=\"2021-04-19T11:27:16+00:00\" \/>\r\n<meta property=\"og:image\" content=\"https:\/\/desteptati-va.ro\/wp-content\/uploads\/2021\/04\/marko-bela2.jpg\" \/>\r\n\t<meta property=\"og:image:width\" content=\"211\" \/>\r\n\t<meta property=\"og:image:height\" content=\"246\" \/>\r\n\t<meta property=\"og:image:type\" content=\"image\/jpeg\" \/>\r\n<meta name=\"author\" content=\"wolfsoftcompany\" \/>\r\n<meta name=\"twitter:card\" content=\"summary_large_image\" \/>\r\n<meta name=\"twitter:label1\" content=\"Scris de\" \/>\n\t<meta name=\"twitter:data1\" content=\"wolfsoftcompany\" \/>\n\t<meta name=\"twitter:label2\" content=\"Timp estimat pentru citire\" \/>\n\t<meta name=\"twitter:data2\" content=\"43 de minute\" \/>\r\n<script type=\"application\/ld+json\" class=\"yoast-schema-graph\">{\"@context\":\"https:\/\/schema.org\",\"@graph\":[{\"@type\":\"Article\",\"@id\":\"https:\/\/desteptati-va.ro\/index.php\/2021\/04\/19\/cartea-neagra-a-udmr-1998-2001\/#article\",\"isPartOf\":{\"@id\":\"https:\/\/desteptati-va.ro\/index.php\/2021\/04\/19\/cartea-neagra-a-udmr-1998-2001\/\"},\"author\":{\"name\":\"wolfsoftcompany\",\"@id\":\"https:\/\/desteptati-va.ro\/#\/schema\/person\/13182deeebd44920914899f7bb262d6b\"},\"headline\":\"Cartea neagr\u0103 a UDMR 1998-2001\",\"datePublished\":\"2021-04-19T11:27:16+00:00\",\"mainEntityOfPage\":{\"@id\":\"https:\/\/desteptati-va.ro\/index.php\/2021\/04\/19\/cartea-neagra-a-udmr-1998-2001\/\"},\"wordCount\":8670,\"commentCount\":0,\"image\":{\"@id\":\"https:\/\/desteptati-va.ro\/index.php\/2021\/04\/19\/cartea-neagra-a-udmr-1998-2001\/#primaryimage\"},\"thumbnailUrl\":\"https:\/\/desteptati-va.ro\/wp-content\/uploads\/2021\/04\/marko-bela2.jpg\",\"keywords\":[\"Barki\",\"Belo\",\"desteptati-va\",\"Marko\",\"mihai viteazul\",\"Transilvania\",\"trezirea\",\"tricolor\",\"Turlea\",\"UDMR\",\"unguri\"],\"articleSection\":[\"Pareri si pozitii publice\"],\"inLanguage\":\"ro-RO\",\"potentialAction\":[{\"@type\":\"CommentAction\",\"name\":\"Comment\",\"target\":[\"https:\/\/desteptati-va.ro\/index.php\/2021\/04\/19\/cartea-neagra-a-udmr-1998-2001\/#respond\"]}]},{\"@type\":\"WebPage\",\"@id\":\"https:\/\/desteptati-va.ro\/index.php\/2021\/04\/19\/cartea-neagra-a-udmr-1998-2001\/\",\"url\":\"https:\/\/desteptati-va.ro\/index.php\/2021\/04\/19\/cartea-neagra-a-udmr-1998-2001\/\",\"name\":\"Cartea neagr\u0103 a UDMR 1998-2001 -\",\"isPartOf\":{\"@id\":\"https:\/\/desteptati-va.ro\/#website\"},\"primaryImageOfPage\":{\"@id\":\"https:\/\/desteptati-va.ro\/index.php\/2021\/04\/19\/cartea-neagra-a-udmr-1998-2001\/#primaryimage\"},\"image\":{\"@id\":\"https:\/\/desteptati-va.ro\/index.php\/2021\/04\/19\/cartea-neagra-a-udmr-1998-2001\/#primaryimage\"},\"thumbnailUrl\":\"https:\/\/desteptati-va.ro\/wp-content\/uploads\/2021\/04\/marko-bela2.jpg\",\"datePublished\":\"2021-04-19T11:27:16+00:00\",\"author\":{\"@id\":\"https:\/\/desteptati-va.ro\/#\/schema\/person\/13182deeebd44920914899f7bb262d6b\"},\"breadcrumb\":{\"@id\":\"https:\/\/desteptati-va.ro\/index.php\/2021\/04\/19\/cartea-neagra-a-udmr-1998-2001\/#breadcrumb\"},\"inLanguage\":\"ro-RO\",\"potentialAction\":[{\"@type\":\"ReadAction\",\"target\":[\"https:\/\/desteptati-va.ro\/index.php\/2021\/04\/19\/cartea-neagra-a-udmr-1998-2001\/\"]}]},{\"@type\":\"ImageObject\",\"inLanguage\":\"ro-RO\",\"@id\":\"https:\/\/desteptati-va.ro\/index.php\/2021\/04\/19\/cartea-neagra-a-udmr-1998-2001\/#primaryimage\",\"url\":\"https:\/\/desteptati-va.ro\/wp-content\/uploads\/2021\/04\/marko-bela2.jpg\",\"contentUrl\":\"https:\/\/desteptati-va.ro\/wp-content\/uploads\/2021\/04\/marko-bela2.jpg\",\"width\":211,\"height\":246},{\"@type\":\"BreadcrumbList\",\"@id\":\"https:\/\/desteptati-va.ro\/index.php\/2021\/04\/19\/cartea-neagra-a-udmr-1998-2001\/#breadcrumb\",\"itemListElement\":[{\"@type\":\"ListItem\",\"position\":1,\"name\":\"Prima pagin\u0103\",\"item\":\"https:\/\/desteptati-va.ro\/\"},{\"@type\":\"ListItem\",\"position\":2,\"name\":\"Cartea neagr\u0103 a UDMR 1998-2001\"}]},{\"@type\":\"WebSite\",\"@id\":\"https:\/\/desteptati-va.ro\/#website\",\"url\":\"https:\/\/desteptati-va.ro\/\",\"name\":\"\",\"description\":\"\",\"potentialAction\":[{\"@type\":\"SearchAction\",\"target\":{\"@type\":\"EntryPoint\",\"urlTemplate\":\"https:\/\/desteptati-va.ro\/?s={search_term_string}\"},\"query-input\":{\"@type\":\"PropertyValueSpecification\",\"valueRequired\":true,\"valueName\":\"search_term_string\"}}],\"inLanguage\":\"ro-RO\"},{\"@type\":\"Person\",\"@id\":\"https:\/\/desteptati-va.ro\/#\/schema\/person\/13182deeebd44920914899f7bb262d6b\",\"name\":\"wolfsoftcompany\",\"image\":{\"@type\":\"ImageObject\",\"inLanguage\":\"ro-RO\",\"@id\":\"https:\/\/desteptati-va.ro\/#\/schema\/person\/image\/\",\"url\":\"https:\/\/secure.gravatar.com\/avatar\/a6cce9b6d101d27d91690e7073e300fed94c0899890bf998e082cb9d2c3d121e?s=96&d=mm&r=g\",\"contentUrl\":\"https:\/\/secure.gravatar.com\/avatar\/a6cce9b6d101d27d91690e7073e300fed94c0899890bf998e082cb9d2c3d121e?s=96&d=mm&r=g\",\"caption\":\"wolfsoftcompany\"},\"sameAs\":[\"http:\/\/desteptati-va.ro\"],\"url\":\"https:\/\/desteptati-va.ro\/index.php\/author\/wolfsoftcompany\/\"}]}<\/script>\r\n<!-- \/ Yoast SEO plugin. -->","yoast_head_json":{"title":"Cartea neagr\u0103 a UDMR 1998-2001 -","robots":{"index":"index","follow":"follow","max-snippet":"max-snippet:-1","max-image-preview":"max-image-preview:large","max-video-preview":"max-video-preview:-1"},"canonical":"https:\/\/desteptati-va.ro\/index.php\/2021\/04\/19\/cartea-neagra-a-udmr-1998-2001\/","og_locale":"ro_RO","og_type":"article","og_title":"Cartea neagr\u0103 a UDMR 1998-2001 -","og_description":"1998 Ianuarie 7 ianuarie \u2013 Pre\u015fedintele UDMR, Bela Marko, se arat\u0103 nemul\u0163umit de bilan\u0163ul primului an de guvernare: \u201e\u00cen compara\u0163ieRead More","og_url":"https:\/\/desteptati-va.ro\/index.php\/2021\/04\/19\/cartea-neagra-a-udmr-1998-2001\/","article_published_time":"2021-04-19T11:27:16+00:00","og_image":[{"width":211,"height":246,"url":"https:\/\/desteptati-va.ro\/wp-content\/uploads\/2021\/04\/marko-bela2.jpg","type":"image\/jpeg"}],"author":"wolfsoftcompany","twitter_card":"summary_large_image","twitter_misc":{"Scris de":"wolfsoftcompany","Timp estimat pentru citire":"43 de minute"},"schema":{"@context":"https:\/\/schema.org","@graph":[{"@type":"Article","@id":"https:\/\/desteptati-va.ro\/index.php\/2021\/04\/19\/cartea-neagra-a-udmr-1998-2001\/#article","isPartOf":{"@id":"https:\/\/desteptati-va.ro\/index.php\/2021\/04\/19\/cartea-neagra-a-udmr-1998-2001\/"},"author":{"name":"wolfsoftcompany","@id":"https:\/\/desteptati-va.ro\/#\/schema\/person\/13182deeebd44920914899f7bb262d6b"},"headline":"Cartea neagr\u0103 a UDMR 1998-2001","datePublished":"2021-04-19T11:27:16+00:00","mainEntityOfPage":{"@id":"https:\/\/desteptati-va.ro\/index.php\/2021\/04\/19\/cartea-neagra-a-udmr-1998-2001\/"},"wordCount":8670,"commentCount":0,"image":{"@id":"https:\/\/desteptati-va.ro\/index.php\/2021\/04\/19\/cartea-neagra-a-udmr-1998-2001\/#primaryimage"},"thumbnailUrl":"https:\/\/desteptati-va.ro\/wp-content\/uploads\/2021\/04\/marko-bela2.jpg","keywords":["Barki","Belo","desteptati-va","Marko","mihai viteazul","Transilvania","trezirea","tricolor","Turlea","UDMR","unguri"],"articleSection":["Pareri si pozitii publice"],"inLanguage":"ro-RO","potentialAction":[{"@type":"CommentAction","name":"Comment","target":["https:\/\/desteptati-va.ro\/index.php\/2021\/04\/19\/cartea-neagra-a-udmr-1998-2001\/#respond"]}]},{"@type":"WebPage","@id":"https:\/\/desteptati-va.ro\/index.php\/2021\/04\/19\/cartea-neagra-a-udmr-1998-2001\/","url":"https:\/\/desteptati-va.ro\/index.php\/2021\/04\/19\/cartea-neagra-a-udmr-1998-2001\/","name":"Cartea neagr\u0103 a UDMR 1998-2001 -","isPartOf":{"@id":"https:\/\/desteptati-va.ro\/#website"},"primaryImageOfPage":{"@id":"https:\/\/desteptati-va.ro\/index.php\/2021\/04\/19\/cartea-neagra-a-udmr-1998-2001\/#primaryimage"},"image":{"@id":"https:\/\/desteptati-va.ro\/index.php\/2021\/04\/19\/cartea-neagra-a-udmr-1998-2001\/#primaryimage"},"thumbnailUrl":"https:\/\/desteptati-va.ro\/wp-content\/uploads\/2021\/04\/marko-bela2.jpg","datePublished":"2021-04-19T11:27:16+00:00","author":{"@id":"https:\/\/desteptati-va.ro\/#\/schema\/person\/13182deeebd44920914899f7bb262d6b"},"breadcrumb":{"@id":"https:\/\/desteptati-va.ro\/index.php\/2021\/04\/19\/cartea-neagra-a-udmr-1998-2001\/#breadcrumb"},"inLanguage":"ro-RO","potentialAction":[{"@type":"ReadAction","target":["https:\/\/desteptati-va.ro\/index.php\/2021\/04\/19\/cartea-neagra-a-udmr-1998-2001\/"]}]},{"@type":"ImageObject","inLanguage":"ro-RO","@id":"https:\/\/desteptati-va.ro\/index.php\/2021\/04\/19\/cartea-neagra-a-udmr-1998-2001\/#primaryimage","url":"https:\/\/desteptati-va.ro\/wp-content\/uploads\/2021\/04\/marko-bela2.jpg","contentUrl":"https:\/\/desteptati-va.ro\/wp-content\/uploads\/2021\/04\/marko-bela2.jpg","width":211,"height":246},{"@type":"BreadcrumbList","@id":"https:\/\/desteptati-va.ro\/index.php\/2021\/04\/19\/cartea-neagra-a-udmr-1998-2001\/#breadcrumb","itemListElement":[{"@type":"ListItem","position":1,"name":"Prima pagin\u0103","item":"https:\/\/desteptati-va.ro\/"},{"@type":"ListItem","position":2,"name":"Cartea neagr\u0103 a UDMR 1998-2001"}]},{"@type":"WebSite","@id":"https:\/\/desteptati-va.ro\/#website","url":"https:\/\/desteptati-va.ro\/","name":"","description":"","potentialAction":[{"@type":"SearchAction","target":{"@type":"EntryPoint","urlTemplate":"https:\/\/desteptati-va.ro\/?s={search_term_string}"},"query-input":{"@type":"PropertyValueSpecification","valueRequired":true,"valueName":"search_term_string"}}],"inLanguage":"ro-RO"},{"@type":"Person","@id":"https:\/\/desteptati-va.ro\/#\/schema\/person\/13182deeebd44920914899f7bb262d6b","name":"wolfsoftcompany","image":{"@type":"ImageObject","inLanguage":"ro-RO","@id":"https:\/\/desteptati-va.ro\/#\/schema\/person\/image\/","url":"https:\/\/secure.gravatar.com\/avatar\/a6cce9b6d101d27d91690e7073e300fed94c0899890bf998e082cb9d2c3d121e?s=96&d=mm&r=g","contentUrl":"https:\/\/secure.gravatar.com\/avatar\/a6cce9b6d101d27d91690e7073e300fed94c0899890bf998e082cb9d2c3d121e?s=96&d=mm&r=g","caption":"wolfsoftcompany"},"sameAs":["http:\/\/desteptati-va.ro"],"url":"https:\/\/desteptati-va.ro\/index.php\/author\/wolfsoftcompany\/"}]}},"_links":{"self":[{"href":"https:\/\/desteptati-va.ro\/index.php\/wp-json\/wp\/v2\/posts\/4103","targetHints":{"allow":["GET"]}}],"collection":[{"href":"https:\/\/desteptati-va.ro\/index.php\/wp-json\/wp\/v2\/posts"}],"about":[{"href":"https:\/\/desteptati-va.ro\/index.php\/wp-json\/wp\/v2\/types\/post"}],"author":[{"embeddable":true,"href":"https:\/\/desteptati-va.ro\/index.php\/wp-json\/wp\/v2\/users\/1"}],"replies":[{"embeddable":true,"href":"https:\/\/desteptati-va.ro\/index.php\/wp-json\/wp\/v2\/comments?post=4103"}],"version-history":[{"count":1,"href":"https:\/\/desteptati-va.ro\/index.php\/wp-json\/wp\/v2\/posts\/4103\/revisions"}],"predecessor-version":[{"id":4105,"href":"https:\/\/desteptati-va.ro\/index.php\/wp-json\/wp\/v2\/posts\/4103\/revisions\/4105"}],"wp:featuredmedia":[{"embeddable":true,"href":"https:\/\/desteptati-va.ro\/index.php\/wp-json\/wp\/v2\/media\/2793"}],"wp:attachment":[{"href":"https:\/\/desteptati-va.ro\/index.php\/wp-json\/wp\/v2\/media?parent=4103"}],"wp:term":[{"taxonomy":"category","embeddable":true,"href":"https:\/\/desteptati-va.ro\/index.php\/wp-json\/wp\/v2\/categories?post=4103"},{"taxonomy":"post_tag","embeddable":true,"href":"https:\/\/desteptati-va.ro\/index.php\/wp-json\/wp\/v2\/tags?post=4103"}],"curies":[{"name":"wp","href":"https:\/\/api.w.org\/{rel}","templated":true}]}}