{"id":4106,"date":"2021-04-19T11:28:52","date_gmt":"2021-04-19T11:28:52","guid":{"rendered":"http:\/\/desteptati.ro\/?p=4106"},"modified":"2021-04-19T11:28:52","modified_gmt":"2021-04-19T11:28:52","slug":"cartea-neagra-a-udmr-1993-1997","status":"publish","type":"post","link":"https:\/\/desteptati-va.ro\/index.php\/2021\/04\/19\/cartea-neagra-a-udmr-1993-1997\/","title":{"rendered":"Cartea neagr\u0103 a UDMR 1993-1997"},"content":{"rendered":"<div class=\"post-content\"><div class='booster-block booster-read-block'>\n                <div class=\"twp-read-time\">\n                \t<i class=\"booster-icon twp-clock\"><\/i> <span>Read Time:<\/span>31 Minute, 37 Second                <\/div>\n\n            <\/div><h3><span style=\"color: #ff0000;\"><strong>1993<\/strong><\/span><\/h3>\r\n<h3>Ianuarie<\/h3>\r\n<h4>UDMR propune o Lege a minorit\u0103\u0163ilor na\u0163ionale prin care se cerea: autodeterminare, identitate colectiv\u0103, drepturi colective, dreptul comunitar al minorit\u0103\u0163ilor, drepturi specifice ale minorit\u0103\u0163ilor, utilizarea liber\u0103 a simbolurilor na\u0163ionale minoritare coinciz\u00e2nd cu ale unor state str\u0103ine, separarea integral\u0103 a \u00eenv\u0103\u0163\u0103m\u00e2ntului minoritar de cel rom\u00e2n etc., adic\u0103 revendic\u0103ri potrivnice standardelor europene. Legea nu intr\u0103 \u00een dezbaterea parlamentar\u0103.<\/h4>\r\n<h4>10 ianuarie \u2013 La Cluj-Napoca au loc ac\u0163iuni provocatoare ale UDMR. \u00cen cursul nop\u0163ii, tabla indicatoare oficial\u0103 a denumirii localit\u0103\u0163ii a fost \u00eenlocuit\u0103 cu una ungureasc\u0103. \u00cen locul denumirii Cluj-Napoca a ap\u0103rut Kolozsvari.<\/h4>\r\n<h4>18 ianuarie &#8211; Este difuzat\u0103 la emisiunea \u00een limba maghiar\u0103 a TVR, declara\u0163ia d-lui Gyorgy Tokay, f\u0103cut\u0103 cu ocazia celui de-al treilea congres al UDMR, care se \u00eencheiase cu o zi \u00een urm\u0103, declara\u0163ie care nu a fost subtitrat\u0103 \u00een rom\u00e2ne\u015fte pe motiv c\u0103 \u201enu a existat timpul necesar efectu\u0103rii traducerii\u201d. Iat\u0103 ce declara la congres d-l Tokay: \u201eAcuz \u00een bloc parlamentarii UDMR pentru vina de a nu fi reu\u015fit s\u0103 \u00eempiedice consfin\u0163irea \u00een Constitu\u0163ie a atributului de stat na\u0163ional unitar al Rom\u00e2niei. Acest atribut pune bazele statului na\u0163ional-comunist. [\u2026] \u00cen fa\u0163a noastr\u0103 stau dou\u0103 obiective prioritare: s\u0103 ne organiz\u0103m ca na\u0163iune \u015fi s\u0103 lupt\u0103m \u00eempotriva Constitu\u0163iei\u201d.<\/h4>\r\n<h4>27 ianuarie \u2013 Apare \u00een peisajul politic antirom\u00e2nesc jurista austriac\u0103 de origine maghiar\u0103, Eva Maria Barki, n\u0103scut\u0103 \u00een Rom\u00e2nia, Transilvania. Este autoarea \u015fi sus\u0163in\u0103toarea teoriei federaliz\u0103rii Rom\u00e2niei \u015fi autonomiei Transilvaniei.<\/h4>\r\n<h4>Februarie<\/h4>\r\n<h4>2 februarie \u2013 Rom\u00e2nia devine membru asociat al Comunit\u0103\u0163ii Europene, dup\u0103 Polonia, Ungaria \u015fi Cehia.<\/h4>\r\n<h4>4 februarie\u00a0 &#8211; Ziarul <em>New York Times<\/em> d\u0103 publicit\u0103\u0163ii o \u015ftire conform c\u0103reia oficialit\u0103\u0163ile ungare vorbesc de un sprijin sus\u0163inut \u00een efortul de autonomie al minorit\u0103\u0163ii maghiare din statele \u00eenvecinate. Se vorbe\u015fte chiar de un posibil conflict etnic \u00een aceast\u0103 zon\u0103, inclusiv \u00een Rom\u00e2nia.<\/h4>\r\n<h4>10 februarie \u2013 Se semnaleaz\u0103 ac\u0163iuni ale UDMR \u00een zona ceang\u0103ilor din Moldova \u00een vederea maghiariz\u0103rii lor.<\/h4>\r\n<h4>Martie<\/h4>\r\n<h4>2 martie \u2013 La T\u00e2rgu Mure\u015f are loc o consf\u0103tuire secret\u0103 a UDMR pe tema autoguvern\u0103rii Transilvaniei.<\/h4>\r\n<h4>3 martie \u2013 Parlamentul Rom\u00e2niei condamn\u0103 declara\u0163iile mincinoase ale liderului UDMR, Laszlo Tokes, privind \u201econtinuarea \u00een Rom\u00e2nia a purific\u0103rii etnice a maghiarilor&#8221;. Declara\u0163ia a fost f\u0103cut\u0103 la o conferin\u0163\u0103 de pres\u0103 \u00een SUA \u015fi la sediul Guvernului Ungariei.<\/h4>\r\n<h4>Aprilie<\/h4>\r\n<h4>6 aprilie \u2013 UDMR nu este de acord, conform declara\u0163iei lui Marko Bela, ca \u00een fruntea jude\u0163elor Harghita \u015fi Covasna s\u0103 fie prefec\u0163i rom\u00e2ni.<\/h4>\r\n<h4>8 aprilie \u2013 Guvernul Rom\u00e2niei \u00eel nume\u015fte pe Vlad Adrian C\u0103\u015funeanu prefect de Covasna. UDMR protesteaz\u0103 prin incitare la nesupunere civic\u0103, iar Laszlo Tokes cere interna\u0163ionalizarea cazului.<\/h4>\r\n<h4>23 aprilie \u2013 Premierul maghiar Joszef Antal condi\u0163ioneaz\u0103 semnarea tratatului de baz\u0103 cu Rom\u00e2nia de \u00eenfiin\u0163area la Cluj-Napoca a Consulatului maghiar \u015fi a Universit\u0103\u0163ii Bolyai. Declara\u0163ia a fost f\u0103cut\u0103 \u00een urma vizitei lui Marko Bela la Budapesta.<\/h4>\r\n<h4>29 aprilie \u2013 Are loc scandalul \u201eAfacerea sugarilor&#8221;, prilejuit de deplasarea unor femei gravide din Harghita si Covasna s\u0103 nasc\u0103 \u00een Ungaria la Szeged. Motivul deplas\u0103rii a fost c\u0103 \u00een Rom\u00e2nia nu le sunt acordate condi\u0163iile necesare. Femeile \u015fi-au abandonat, apoi, copii pentru \u00eenfiere.<\/h4>\r\n<h4>Mai<\/h4>\r\n<h4>13 mai \u2013 Continu\u0103 manifest\u0103rile organizate de UDMR la Gheorgheni \u00eempotriva prefectului rom\u00e2n.<\/h4>\r\n<h4>29 mai \u2013 Arpad Goncz, pre\u015fedintele Ungariei, nu este de acord cu principiul inviolabilit\u0103\u0163ii grani\u0163ei cu Rom\u00e2nia, cuprins \u00een Tratat.<\/h4>\r\n<h4>Iunie<\/h4>\r\n<h4>UDMR, prin reprezentan\u0163ii ei \u00een conducerea Prim\u0103riei Tg. Mure\u015f, se opune , \u00een mod abuziv, ridic\u0103rii bustului mare\u015falului Ion Antonescu \u00een ora\u015f.<\/h4>\r\n<h4>7 iunie \u2013 Curtea Suprem\u0103 de Justi\u0163ie s-a pronun\u0163at \u00eempotriva inculpatului Pal Csersneyes, l\u0103s\u00e2nd definitiv\u0103 sentin\u0163a Tribunalului Jude\u0163ean Mure\u015f de condamnare la 10 ani \u00eenchisoare pentru agresarea criminal\u0103 \u00een 20 martie a lui Mih\u0103il\u0103 Cofariu.<\/h4>\r\n<h4>16 iunie \u2013 El\u00f6d Kincses, cunoscut pentru atitudinea sa antirom\u00e2neasc\u0103 \u015fi pentru pogromul organizat la T\u00e2rgu Mure\u015f \u00een martie 1990, d\u0103 ultimatul Poli\u0163iei Rom\u00e2ne pentru \u00eencetarea urm\u0103ririi sale penale \u00een vederea \u00eentoarcerii \u00een \u0163ar\u0103.<\/h4>\r\n<h4>August<\/h4>\r\n<h4>5 august &#8211; UDMR trimite un \u201eMemorandum&#8221; la Consiliul Europei, prin care se opune admiterii Rom\u00e2niei \u00een acest for, deoarece \u00een \u0163ar\u0103 se manifest\u0103 un \u201ena\u0163ionalism exacerbat&#8221;, existen\u0163a unor partide \u201ena\u0163ionalist-extremiste&#8221; \u015fi a \u201emi\u015fc\u0103rii legionare&#8221;. Denatur\u00e2nd realit\u0103\u0163ile, UDMR a comis un atac la Statul rom\u00e2n.\r\nNoul pre\u015fedinte al UDMR, Marko Bela, prezideaz\u0103 redactarea. Memorandumului \u00een care UDMR reclama Rom\u00e2nia Consiliului Europei, datorit\u0103 extremismului unor partide \u015fi Constitu\u0163iei intolerante cu minorit\u0103\u0163ile. Un documentar, \u201eSitua\u0163ia maghiarilor \u00een statul rom\u00e2n (1918-1993)&#8221; dubla Memorandumul, care cerea ca Rom\u00e2nia s\u0103 nu fie primit\u0103 \u00een Consiliul Europei. Marko Bela se afi\u015feaz\u0103 ca un adversar al Statului rom\u00e2n.<\/h4>\r\n<h4>Septembrie<\/h4>\r\n<h4>9 septembrie\u00a0 &#8211; Deputa\u0163ii UDMR Arpad Marton \u015fi Imre Andras au \u00eencercat s\u0103 blocheze criticarea Memorandumuluisemnat de pre\u015fedintele UDMR, Marko Bela, \u00een Camera Deputa\u0163ilor, rezultatul fiind o masiv\u0103 deplasare a vorbitorilor, din aproape toate partidele, \u00eempotriva Memorandumului.<\/h4>\r\n<h4>Octombrie<\/h4>\r\n<h4>4 octombrie \u2013 Rom\u00e2nia a fost admis\u0103 \u00een Consiliul Europei la Strasbourg, cu o singur\u0103 ab\u0163inere: Ungaria.<\/h4>\r\n<h4>5-6 octombrie \u2013 Deputatul Imre Borbely \u015fi senatorul Lajos Magyari au solicitat \u00een Camera Deputa\u0163ilor, respectiv, Senat p\u0103strarea unui moment de reculegere \u00een memoria celor 13 generali executa\u0163i la Arad \u00een 1848 de c\u0103tre trupele imperiale austriece.<\/h4>\r\n<h4>15 octombrie \u2013 Marko Bela anun\u0163\u0103 un proiect de lege a minorit\u0103\u0163ilor din Rom\u00e2nia.<\/h4>\r\n<h4>16-17 octombrie \u2013 La Eger, Ungaria, are loc Conferin\u0163a Uniunii Mondiale Ardelene, \u201ePrezentul \u015fi viitorul Ardealului&#8221;. Printre ideile iredentiste promovate a fost: \u201eGuvernul ungar trebuie s\u0103 garanteze frontierele Rom\u00e2niei \u015fi s\u0103 creeze premize pentru desfiin\u0163area acelor hotare care au desp\u0103r\u0163it poporul ungar.&#8221;<\/h4>\r\n<h4><\/h4>\r\n<figure id=\"attachment_3745\" aria-describedby=\"caption-attachment-3745\" style=\"width: 310px\" class=\"wp-caption aligncenter\"><a href=\"http:\/\/www.desteptati-va.ro\/wp-content\/uploads\/2012\/06\/laszlo-tokes.jpg\"><img loading=\"lazy\" decoding=\"async\" class=\" wp-image-3745\" title=\"laszlo-tokes\" src=\"http:\/\/www.desteptati-va.ro\/wp-content\/uploads\/2012\/06\/laszlo-tokes.jpg\" alt=\"Laszlo Tokes\" width=\"310\" height=\"235\" \/><\/a><figcaption id=\"caption-attachment-3745\" class=\"wp-caption-text\">Laszlo Tokes<\/figcaption><\/figure>\r\n<h4><strong>1994<\/strong><\/h4>\r\n<h4>Februarie<\/h4>\r\n<h4>1 februarie \u2013 La T\u00e2rgu Mure\u015f, episcopul Laszlo Tokes, pre\u015fedintele de onoare al UDMR, organizeaz\u0103 \u00een cetatea ora\u015fului un miting \u201ereligios&#8221; \u00een care ruga credincio\u015fii s\u0103 nu uite c\u0103 \u00een anumite locuri din Transilvania sunt majoritari, dar nu au drepturi. Alte asemenea manifest\u0103ri \u201ereligioase&#8221; au avut loc la Aiud, Oradea, Miercurea Nirajului, Baraolt.\r\n5 februarie \u2013 Fostul demnitar comunist \u015fi lider UDMR, Karoly Kiraly \u015fi-a prezentat memoriile \u201eAmintiri din revolu\u0163ie&#8221;, o lucrare cu foarte multe denatur\u0103ri \u015fi accente antirom\u00e2ne\u015fti.<\/h4>\r\n<h4>9 februarie &#8211; UDMR s-a opus din r\u0103sputeri vot\u0103rii Legea \u00cenv\u0103\u0163\u0103m\u00e2ntului, definitivat\u0103 \u00eenc\u0103 din 1992, contribuind din plin la am\u00e2narea adopt\u0103rii ei. Benedict Nagy (UDMR) declar\u0103 \u00een Comisia de \u00cenv\u0103\u0163\u0103m\u00e2nt a Camerei Deputa\u0163ilor c\u0103 \u201epentru copilul maghiar \u00eenv\u0103\u0163area limbii rom\u00e2ne este ca o traum\u0103.&#8221; UDMR cere ca formula \u201eobligativitatea \u00eensu\u015firii limbii rom\u00e2ne&#8221; s\u0103 fie \u00eenlocuit\u0103 cu \u201eobligativitatea studiului limbii rom\u00e2ne&#8221;, de\u015fi limba rom\u00e2n\u0103 era, prin Constitu\u0163ia Rom\u00e2niei, limb\u0103 de stat. Studiere \u00een loc de \u00eensu\u015fire este o subtilitate de duzin\u0103, dar acestea sunt armele UDMR.<\/h4>\r\n<h4>23 februarie \u2013 \u00cen ora\u015ful Gyor din Ungaria a luat fiin\u0163\u0103 Societatea Miklos Horthy, al c\u0103rui obiectiv declarat este lupta \u00eempotriva Tratatului de la Trianon.<\/h4>\r\n<h4>Martie<\/h4>\r\n<h4>2 martie \u2013 \u00centr-o scrisoare semnat\u0103 de Laszlo Tokes, pre\u015fedintele de onoare al UDMR, acesta se pl\u00e2nge Consiliului Europei c\u0103\u00a0 \u201eRom\u00e2nia nu a \u00eendeplinit p\u00e2n\u0103 la aceast\u0103 dat\u0103 nici una din obliga\u0163iile asumate \u00een problema minorit\u0103\u0163ilor. Mai mult, autorit\u0103\u0163ile rom\u00e2ne practic\u0103 politica regimului comunist&#8221;.<\/h4>\r\n<h4>4 martie \u2013 Ministerul de Externe al Rom\u00e2niei ia atitudine fa\u0163\u0103 de scrisoarea lui Laszlo Tokes.<\/h4>\r\n<h4>24 martie \u2013 \u00cen municipiul Tg.Mure\u015f, un consilier UDMR cere \u00eenscrierea pe ordinea de zi a unui proiect de hot\u0103r\u00e2re privind introducerea inscrip\u0163iilor bilingve.<\/h4>\r\n<h4>29 martie \u2013 Pre\u015fedintele Ion Iliescu gra\u0163iaz\u0103 printr-un decret preziden\u0163ial opt maghiari condamna\u0163i pentru crimele oribile s\u0103v\u00e2r\u015fite \u00een localit\u0103\u0163ile Zetea \u015fi Dealu din jude\u0163ul Harghita, \u00een decembrie 1989.<\/h4>\r\n<h4>Aprilie<\/h4>\r\n<h4>29 aprilie \u2013 \u00centr-un interviu televizat difuzat pe canalul 4 Budapesta, fostul ministru de externe al Ungariei, Gyula Horn, recunoa\u015fte c\u0103 \u00een decembrie 1989 Ungaria preg\u0103tea o interven\u0163ie armat\u0103 \u00een Rom\u00e2nia.<\/h4>\r\n<h4>Mai<\/h4>\r\n<h4>8 mai \u2013 UDMR \u00eencepe \u00een Parlamentul Rom\u00e2niei ofensiva \u00eempotriva proiectului Legii \u00cenv\u0103\u0163\u0103m\u00e2ntului, cer\u00e2nd dreptul de a studia \u00een limba matern\u0103 la toate nivelurile.<\/h4>\r\n<h4>11 mai \u2013 Uniunea Mondial\u0103 a Ziari\u015ftilor Unguri, \u00eentruni\u0163i la Budapesta \u00eentr-o conferin\u0163\u0103, \u00eenainteaz\u0103 Consiliului Europei o scrisoare prin care \u00eel reclam\u0103 pe pre\u015fedintele Rom\u00e2niei, Ion Iliescu, pentru c\u0103 n-a gra\u0163iat dec\u00e2t o parte dintre maghiarii care au comis crime \u00een decembrie 1989 \u00een secuime, ar\u0103t\u00e2nd c\u0103 Pal Cseresnyes, cel care a \u00eencercat s\u0103 \u00eel omoare pe Mihai Cofariu pe 20 martie 1990 la T\u00e2rgu Mure\u015f, se mai afl\u0103 \u00een \u00eenchisoare.<\/h4>\r\n<h4>23 mai &#8211; Deputatul UDMR L\u00e1szlo Borb\u00e9ly a prezentat \u00een Camer\u0103 un protest \u00eempotriva hot\u0103r\u00e2rii judec\u0103tore\u015fti definitive \u00een favoarea ridic\u0103rii bustului mare\u015falului Ion Antonescu la Tg. Mure\u015f.<\/h4>\r\n<h4>Iunie<\/h4>\r\n<h4>10 iunie &#8211; Datorit\u0103 \u00eempotrivirii \u015fi a apelurilor UDMR, Ion Iliescu, pre\u015fedintele Rom\u00e2niei la aceast\u0103 dat\u0103, convoac\u0103 o \u00eent\u00e2lnire cu parlamentarii PDSR la Cotroceni, unde partizanii UDMR din PDSR (gruparea Dan Mar\u0163ian) sunt domina\u0163i de ap\u0103r\u0103torii Constitu\u0163iei Rom\u00e2niei (Liviu Maior, Petru T\u0103nase).<\/h4>\r\n<h4>16 iunie \u2013 \u00cen jude\u0163ele Harghita \u015fi Covasna autorit\u0103\u0163ile locale iau m\u0103suri anticonstitu\u0163ionale care au drept scop accentuarea autonomiei pe criterii etnice. \u00cen Harghita, Consiliul Jude\u0163ean cere ca gardienii publici s\u0103 aib\u0103 domiciliul stabil \u00een locul unde \u00ee\u015fi desf\u0103\u015foar\u0103 activitatea \u015fi s\u0103 cunoasc\u0103 \u00een mod obligatoriu limba maghiar\u0103. La Gheorgheni, consiliul local se autointituleaz\u0103 \u201eorgan legislativ decizional&#8221;.<\/h4>\r\n<h4>22 iunie &#8211; \u00cen \u015fedin\u0163a din aceast\u0103 zi, UDMR propune, prin Pre\u015fedintele Camerei, Dan Mar\u0163ian, predarea \u00een maghiar\u0103 a geografiei \u015fi\u00a0educa\u0163iei cet\u0103\u0163ene\u015fti \u015fi doar istoria \u00een limba rom\u00e2n\u0103.<\/h4>\r\n<h4>30 iunie \u2013 Primul ministru, Nicolae V\u0103c\u0103roiu, este interpelat \u00een Parlamentul Rom\u00e2niei pentru acordul dat \u00een favoarea r\u0103sp\u00e2ndirii \u00een Transilvania a inscrip\u0163iilor bilingve.<\/h4>\r\n<h4>Iulie<\/h4>\r\n<h4>2 iulie \u2013 Presa maghiar\u0103 ia atitudine \u00eempotriva ac\u0163iunii Poli\u0163iei \u015fi a Direc\u0163iei de Drumuri \u015fi Poduri de \u00eendep\u0103rtare a indicatoarelor bilingve instalate neoficial. UDMR trimite pe aceast\u0103 tem\u0103 o pl\u00e2ngere Consiliului Europei, afirm\u00e2nd c\u0103 s-a \u00eenc\u0103lcat, astfel, voin\u0163a colectiv\u0103 a comunit\u0103\u0163ilor s\u0103te\u015fti.<\/h4>\r\n<h4>5 iulie \u2013 Demonstra\u0163ii de protest la Cluj-Napoca \u00eempotriva deciziei prim\u0103riei de a organiza un \u015fantier arheologic \u00een centrul municipiului, \u00een apropiere de statuia lui Matei Corvin.<\/h4>\r\n<h4>6 iulie &#8211; Votarea Legii \u00cenv\u0103\u0163\u0103m\u00e2ntului \u00een Camera Deputa\u0163ilor f\u0103r\u0103 amendamentele UDMR aduce dup\u0103 sine proteste UDMR la tribuna Camerei, dar \u015fi \u00een strad\u0103. La Cluj-Napoca o manifesta\u0163ie a UDMR, \u00een pia\u0163a central\u0103, anunt\u0103 un boicot \u015fcolar contra proiectului Legii \u00eenv\u0103\u0163\u0103m\u00e2ntului, acuz\u00e2nd autorit\u0103\u0163ile rom\u00e2ne c\u0103 duc o politic\u0103 de\u00a0 dezna\u0163ionalizare.\r\nVicepre\u015fedintele UDMR este acuzat de ai s\u0103i de deturnarea a milioane de forin\u0163i proveni\u0163i din Ungaria \u015fi destina\u0163i maghiarimii din Ardeal.<\/h4>\r\n<h4>16 iulie \u2013 \u00centrunit la Cluj-Napoca, Consiliul reprezentan\u0163ilor UDMR a hot\u0103r\u00e2t luarea unor m\u0103suri ferme \u00eempotriva proiectului Legii \u00cenv\u0103\u0163\u0103m\u00e2ntului aprobat de Camera Deputa\u0163ilor. \u00cen acest sens a decis declan\u015farea unui boicot al cursurilor \u015fcolare, chem\u00e2ndu-\u015fi etnicii la nesupunere civic\u0103.<\/h4>\r\n<h4>19 iulie \u2013 Ion Iliescu, pre\u015fedintele \u0163\u0103rii, ia atitudine fa\u0163\u0103 de chemarea la nesupunere civic\u0103 a UDMR, afirm\u00e2nd c\u0103 aceasta este o form\u0103 de amenin\u0163are la adresa institu\u0163iilor de drept.<\/h4>\r\n<h4>20 iulie \u2013 Postul de televiziune, DUNA TV din Budapesta, \u00eentr-o emisiune a Funda\u0163iei culturale a maghiarilor, difuzeaz\u0103 comentarii tenden\u0163ioase cu grave inexactit\u0103\u0163i privind procesele intentate de justi\u0163ia rom\u00e2n\u0103 criminalilor din decembrie 1989 de la Zetea, Dealu, Cristuru Secuiesc, jude\u0163ul Harghita.<\/h4>\r\n<figure id=\"attachment_3746\" aria-describedby=\"caption-attachment-3746\" style=\"width: 253px\" class=\"wp-caption aligncenter\"><a href=\"http:\/\/www.desteptati-va.ro\/wp-content\/uploads\/2012\/06\/laszlo-borbely.jpg\"><img loading=\"lazy\" decoding=\"async\" class=\" wp-image-3746\" title=\"SEDINTA DE GUVERN\" src=\"http:\/\/www.desteptati-va.ro\/wp-content\/uploads\/2012\/06\/laszlo-borbely.jpg\" alt=\"Laszlo Borbely\" width=\"253\" height=\"189\" \/><\/a><figcaption id=\"caption-attachment-3746\" class=\"wp-caption-text\">Laszlo Borbely<\/figcaption><\/figure>\r\n<h4>August<\/h4>\r\n<h4>18-20 august \u2013 \u00cen localitatea Trei Sate, jude\u0163ul Mure\u015f, au loc manifest\u0103ri prilejuite de s\u0103rb\u0103torirea zilei Sf\u00e2ntului \u015etefan. Uniunea Mondial\u0103 a Maghiarilor a fost reprezentat\u0103 de \u00eensu\u015fi pre\u015fedintele ei, MiklosDuray, din Slovacia. Au mai participat reprezentan\u0163ii Societ\u0103\u0163ii EMKE \u015fi ai UDMR. A fost evocat\u0103 for\u0163a civilizatoare pentru Europa a regelui \u015etefan.\r\nSeptembrie<\/h4>\r\n<h4>9 septembrie &#8211; UDMR protesteaz\u0103 \u00een Parlamentul Rom\u00e2niei, prin deputa\u0163ii Ervin Szekely, Gy\u00f6rgy Tokay, Laszlo Borbely, \u00eempotriva amendamentelor la Legea 75\/1994, care introducea sanc\u0163iuni pentru cei care nu respectau obligativitatea arbor\u0103rii Imnului Rom\u00e2niei \u015fi a Stemei Rom\u00e2niei, dezv\u0103luindu-\u015fi, din nou, tendin\u0163ele autonomiste, revizioniste.<\/h4>\r\n<h4>25 septembrie &#8211; A fost instalat la Miercurea Ciuc episcopul Ioan S\u0103l\u0103jan. Cu toate c\u0103 aceast\u0103 ceremonie a fost sobr\u0103 \u015fi s-a desf\u0103\u015furat \u00eentr-o atmosfer\u0103 civilizat\u0103, <em>mass media<\/em> ungure\u015fti au prezentat acest eveniment \u00een termeni jignitori pentru participan\u0163i.\r\nUDMR a dat o \u201eDeclara\u0163ie&#8221; \u00een care \u00eensc\u0103unarea episcopului era considerat\u0103: \u201eo demonstra\u0163ie de for\u0163\u0103&#8221;, \u201e\u00eendreptat\u0103 \u00eempotriva maghiarimii locale&#8221;, \u201eo demonstra\u0163ie arogant\u0103&#8221;, \u201ebrutalitatea cu care puterea ne-a impus s\u0103rb\u0103toarea\u2026 nesolicit\u00e2nd aprobarea, abuz\u00e2nd \u00een mod ar\u0163\u0103gos de puterea pe care au primit-o temporar&#8221;, dovedindu-\u015fi, din nou, intoleran\u0163a \u015fi extremismul.<\/h4>\r\n<figure id=\"attachment_3747\" aria-describedby=\"caption-attachment-3747\" style=\"width: 345px\" class=\"wp-caption aligncenter\"><a href=\"http:\/\/www.desteptati-va.ro\/wp-content\/uploads\/2012\/06\/corneliu-vadim-tudor.jpg\"><img loading=\"lazy\" decoding=\"async\" class=\" wp-image-3747\" title=\"corneliu-vadim-tudor\" src=\"http:\/\/www.desteptati-va.ro\/wp-content\/uploads\/2012\/06\/corneliu-vadim-tudor.jpg\" alt=\"Corneliu Vadim Tudor\" width=\"345\" height=\"238\" \/><\/a><figcaption id=\"caption-attachment-3747\" class=\"wp-caption-text\">Corneliu Vadim Tudor<\/figcaption><\/figure>\r\n<h4>26 septembrie &#8211; Senatorii UDMR Karoly Ferencz Szabo \u015fiGy\u00f6rgy\u00a0Frunda\u00a0s-au opus cu violen\u0163\u0103 discut\u0103rii \u00een Senat a Declara\u0163iei UDMR din 25 septembrie, st\u00e2rnind riposte aspre.\r\nLiderul PRM, senatorul Corneliu Vadim Tudor, condamn\u0103 \u00een termeni duri, \u00een plenul Senatului, \u201eDeclara\u0163ia UDMR&#8221;: \u201edeclara\u0163ia provocatoare \u015fi iresponsabil\u0103, ce umple paharul obr\u0103zniciilor \u015fovinismului maghiar\u2026 Prea ne-am obi\u015fnuit s\u0103 consider\u0103m drept teribilism, manifest\u0103ri izolate, locale nespecifice, nereprezentative, \u2026 toate ie\u015firile necontrolate ale unor lideri ai UDMR\u2026 Ceea ce s-a f\u0103cut la Miercurea Ciuc este una dintre cele mai scandaloase ie\u015firi din b\u00e2rlog ale fiarei revizionist-horthyste a UDMR-ului \u015fi eu voi refuza s\u0103 particip la lucr\u0103rile Senatului Rom\u00e2niei, dac\u0103 nu vom pune cu botul pe labe aceast\u0103 fiar\u0103 fascist\u0103 care vrea sf\u00e2rtecarea teritorial\u0103 a Rom\u00e2niei&#8221;. \u00cen finalul \u015fedin\u0163ei, senatorul Corneliu Vadim Tudor a cerut scoaterea UDMR \u00een afara legii.<\/h4>\r\n<h4>Octombrie<\/h4>\r\n<h4>\u00cen mai multe ora\u015fe din Transilvania, UDMR a scos \u00een strad\u0103 copii maghiari, de la \u015fcoal\u0103, pentru a protesta \u00eempotriva proiectului Legii \u00cenv\u0103\u0163\u0103m\u00e2ntului, practic \u00eempotriva limbii rom\u00e2ne.<\/h4>\r\n<h4>5 octombrie \u2013\u00a0 \u00centr-o conferin\u0163\u0103 \u0163inut\u0103 la Gyor, ministrul de Externe ungar Laszlo Kovacs a afirmat c\u0103 Ungaria nu renun\u0163\u0103 la principiul modific\u0103rii grani\u0163elor pe cale pa\u015fnic\u0103.<\/h4>\r\n<h4>6 octombrie \u2013 Avocata Eva Maria Barki din Viena, pre\u015fedinta \u201eComitetului Interna\u0163ional pentru Transilvania\u201c, particip\u0103 la T\u00e2rguMure\u015f, la biserica unitarian\u0103, la o \u00eent\u00e2lnire cu liderii UDMR, vorbind despre \u201eSitua\u0163ia grupurilor de popoare din noua Europ\u0103&#8221;, propun\u00e2nd federalizarea Rom\u00e2niei, pentru a deveni mai atractiv\u0103 Europei.<\/h4>\r\n<h4>8 octombrie \u2013 Proteste ale UDMR pentru inscrip\u0163ionarea bilingv\u0103 de c\u0103tre Inspectoratul General al Poli\u0163iei a inscrip\u0163iilor de pe fa\u0163adele posturilor de poli\u0163ie din jude\u0163ul Harghita.<\/h4>\r\n<h4>26 octombrie \u2013 UDMR promoveaz\u0103 tot mai mult \u00een eter principiile autoguvern\u0103rii \u015fi ale autodetermin\u0103rii, ca ac\u0163iuni premerg\u0103toare ale procesului de federalizare a Rom\u00e2niei.<\/h4>\r\n<h4>Noiembrie<\/h4>\r\n<h4>4 noiembrie &#8211; Pre\u015fedintele UDMR, Marko Bela, declar\u0103 ziarului newyorkez <em>Amerikai Magyar Nepszava<\/em> c\u0103 \u201eDacorom\u00e2nismul este fascismul actual rom\u00e2nesc, care a luat form\u0103 concret\u0103 prin Vatra Rom\u00e2neasc\u0103\u2026 Dacorom\u00e2nismul este o ideologie rasist\u0103\u2026 cine este apostolul dacorom\u00e2nismului acela este criminal\u201c. O mostr\u0103 de intoleran\u0163\u0103 \u015fi de extremism tipic UDMR, care arunc\u0103 blamul unei etichete politice negative asupra \u00eentregii na\u0163iuni rom\u00e2ne.\r\nUra fat\u0103 de Vatra Rom\u00e2neasc\u0103, formul\u0103 incomod\u0103 pentru unguri, pleac\u0103 de la e\u015fecul loviturii de stat pus\u0103 la cale de UDMR, pe 15 martie 1990, la T\u00e2rgul Mure\u015f.<\/h4>\r\n<h4>10 noiembrie &#8211; Unul din liderii t\u00e2rgumure\u015feni ai UDMR, fugit \u00een Ungaria dup\u0103 evenimentele din martie 1990, DenesCzire, public\u0103 \u00een<em>ErdelyMagyorsag<\/em>, un articol \u00een care batjocore\u015fte \u00eentreaga noastr\u0103 istorie, relu\u00e2nd teza imigr\u0103rii noastre din sudul Dun\u0103rii.<\/h4>\r\n<h4>Decembrie<\/h4>\r\n<h4>11 decembrie &#8211; Consiliul Reprezentan\u0163ilor UDMR lanseaz\u0103 la Cluj-Napoca un \u201e Apel c\u0103tre opinia public\u0103 european\u0103, c\u0103tre to\u0163i confra\u0163ii no\u015ftri care doresc f\u0103urirea democra\u0163iei \u015fi a unei vie\u0163i libere, pa\u015fnice \u015fi drepte&#8221;. Din contextul acestui Apel cit\u0103m: \u201eNe-am \u00een\u015felat \u00eenzecit \u00een speran\u0163ele noastre\u2026 \u00een locul ideologiei comuniste disp\u0103rute, au ap\u0103rut neototalitarismul, na\u0163ionalismul, \u015fovinismul, xenofobia \u015fi, din lada de gunoi a istoriei, a reap\u0103rut ideea de stat na\u0163ional&#8221;.\r\nConsiliul Reprezentan\u0163ilor al UDMR adopt\u0103 o \u201eDeclara\u0163ie&#8221; \u00een care se sus\u0163ine c\u0103 SRI ar fi \u00eentocmit o \u201elist\u0103 neagr\u0103&#8221; cu persoanele care urmeaz\u0103 s\u0103 fie lichidate, printre care se num\u0103r\u0103 \u015fi Laszlo T\u00f6kes.UDMR este partenerul intern care a contribuit din plin la fabricarea unei rele imagini a Rom\u00e2niei peste hotare.<\/h4>\r\n<h4>23 decembrie &#8211;\u00a0 La dezbaterea mo\u0163iunii de cenzur\u0103 \u201eRe\u015fi\u0163a&#8221;, Corneliu Vadim Tudor a cerut din nou scoaterea \u00een afara legii a UDMR \u015fi a condamnat alian\u0163a cu UDMR a PN\u0162CD \u015fi PL&#8217;93.\r\nPrimarul UDMR, Jen\u00f6Szasz, cere funda\u0163iei elve\u0163iene <em>Basel Hilft<\/em> schimbarea destina\u0163iei cl\u0103dirii Orfelinatului din Odorhei, ocrotirea copiilor rom\u00e2ni cu handicap, \u00een care inten\u0163ioneaz\u0103 s\u0103 \u00eenfiin\u0163eze o universitate maghiar\u0103. Funda\u0163ia <em>Basel Hilft<\/em>, pentru a sc\u0103pa de presiunea \u015fi agresivitatea udemerist\u0103, doneaz\u0103 cl\u0103direa unei Congrega\u0163ii de maici greco-catolice subordonate Mitropoliei greco-catolice de Alba Iulia \u2013 F\u0103g\u0103ra\u015f. Refuzul Asocia\u0163iei elve\u0163iene va declan\u015fa o adev\u0103rat\u0103 campanie represiv\u0103 udemerist\u0103 \u00eempotriva ei.<\/h4>\r\n<figure id=\"attachment_3758\" aria-describedby=\"caption-attachment-3758\" style=\"width: 325px\" class=\"wp-caption aligncenter\"><img loading=\"lazy\" decoding=\"async\" class=\" wp-image-3758\" src=\"http:\/\/www.desteptati-va.ro\/wp-content\/uploads\/2012\/06\/marko-bela2.jpg\" alt=\"Marko Bela\" width=\"325\" height=\"380\" \/><figcaption id=\"caption-attachment-3758\" class=\"wp-caption-text\">Marko Bela<\/figcaption><\/figure>\r\n<h4><strong>1996<\/strong><\/h4>\r\n<h4>\u00cencep\u00e2nd din acest an, Uniunea Cerceta\u015filor Maghiari din Rom\u00e2nia, \u00een colaborare cu cea din Ungaria \u015fi cu Uniunea Mondial\u0103 a Cerceta\u015filor Maghiari (SUA), finan\u0163at\u0103 de Guvernul Ungariei \u015fi de funda\u0163iile \u201eS\u00f6r\u00f6s&#8221;, organizeaz\u0103 tabere de tip paramilitar \u00een Transilvania (Zizin, Z\u0103rne\u015fti-Bra\u015fov, Pe\u015ftera Mere\u015fti-Harghita etc.), unde se exerseaz\u0103 orientarea \u00een teren, supravie\u0163uirea \u00een condi\u0163ii grele, radiotelegrafia, artele mar\u0163iale etc., \u00een uniforme de tip militar. \u00cen Carpa\u0163ii Estici \u015fi Sudici, membrii acestor tabere identific\u0103 vechea grani\u0163\u0103 a Austro-Ungariei cu Rom\u00e2nia \u015fi ridic\u0103 uneori borne cu culorile drapelului Ungariei. Uniunea Cerceta\u015filor Maghiari din Rom\u00e2nia este o \u015fcoal\u0103 de preg\u0103tire militar\u0103 \u015fi politic\u0103 \u00een slujba revizionismului Ungariei.<\/h4>\r\n<h4>Ianuarie<\/h4>\r\n<h4>La reclama\u0163iile externe ale UDMR, Consiliul Europei \u00eel trimite pe Comisarul european pentru minorit\u0103\u0163i na\u0163ionale, Max Van derStoel, \u00een Rom\u00e2nia, pentru a verifica dac\u0103 Legea \u00cenv\u0103\u0163\u0103m\u00e2ntului din Rom\u00e2nia corespunde standardelor europene. Prima vizit\u0103 cu acest scop a avut loc \u00een toamna lui 1995, a doua \u00een ianuarie 1996, iar concluzia a fost aceea\u015fi de dou\u0103 ori: legea reclamat\u0103 corespundea standardelor interna\u0163ionale.<\/h4>\r\n<h4>9 ianuarie \u2013 Se intensific\u0103 contactele \u00een vederea semn\u0103rii Tratatului de baz\u0103 rom\u00e2no-ungar. Ministrul de externe ungar, L\u00e1szl\u00f3 Kov\u00e1cs, insist\u0103 pentru includerea prevederilor Recomand\u0103rii 1201 a Consiliului Europei \u015fi \u00een acest tratat.<\/h4>\r\n<h4>10 ianuarie \u2013 Pre\u015fedintele UDMR, Marko Bela, afirm\u0103 c\u0103 \u201eDacorom\u00e2nismul este o ideologie rasist\u0103, dar nu apare a\u015fa, fiind camuflat\u0103 de ea \u00eens\u0103\u015fi.&#8221;<\/h4>\r\n<h4>12 ianuarie &#8211; Consiliul Reprezentan\u0163ilor Unionali (CRU) UDMR, \u00eentrunit la Odorhei, condamn\u0103 ideile extremiste ale lui Adam Katona, despre puritatea maghiarimii . Cu acela\u015fi prilej, senatorul Jozsef Csapo a prezentat Proiectul statutului de autonomie personal\u0103 a comunit\u0103\u0163ii maghiare din Rom\u00e2nia, cer\u00e2nd nu egalitate \u015fi drepturi, ci \u201eegalitate real\u0103 \u015fi total\u0103&#8221; a minorit\u0103\u0163ii maghiare.<\/h4>\r\n<h4>17 ianuarie \u2013 \u00centr-un interviu acordat de deputatul UDMR Imre Borbely, cu ocazia \u00eentrunirii la Odorheiul Secuiesc a Consiliului reprezentan\u0163ilor UDMR, acesta a sus\u0163inut: \u201e\u00cen Rom\u00e2nia nu exist\u0103 numai condi\u0163ii, ci \u015fi necesitatea federaliz\u0103rii. Istoria \u015fi geografia \u0163\u0103rii sunt de a\u015fa natur\u0103 \u00eenc\u00e2t mentalit\u0103\u0163i diferite s-au concentrat \u00een entit\u0103\u0163i geografice separate&#8221;.<\/h4>\r\n<h4>23 ianuarie \u2013 Lec\u0163ii de maghiarizare: la Televiziunea Rom\u00e2n\u0103 se continu\u0103 o politic\u0103 vehement antirom\u00e2neasc\u0103.<\/h4>\r\n<h4>30 ianuarie &#8211; UDMR refuz\u0103, \u00eempotriva eviden\u0163ei, concluziile Comisarului european Max Van derStoel\u015fi protesteaz\u0103, prin Uniunea cadrelor didactice maghiare, care d\u0103 la Sovata un comunicat, afirm\u00e2nd c\u0103 presa a inventat concluziile comisarului european despre Legea \u00cenv\u0103\u0163\u0103m\u00e2ntului, ceea ce nu era adev\u0103rat.<\/h4>\r\n<h4>Februarie<\/h4>\r\n<h4>6 februarie \u2013 Opinii ungure\u015fti ap\u0103rute \u00een ziarele budapestane, cu ocazia negocierii\u00a0 Tratatului rom\u00e2no-ungar: \u201ePrin Tratatul de la Trianon, Rom\u00e2niei i-a fost atribuit un teritoriu locuit \u00een majoritate de maghiari, ca \u015fi por\u0163iuni din partea de r\u0103s\u0103rit a Ungariei&#8221;.<\/h4>\r\n<h4>17 februarie \u2013 Semnarea Tratatului rom\u00e2no-ungar este condi\u0163ionat\u0103 de partea ungar\u0103 de participarea UDMR la negocieri.<\/h4>\r\n<h4>Martie<\/h4>\r\n<h4>Primarul municipiului Cluj-Napoca, Gheorghe Funar (PUNR), a dezvelit o plac\u0103 comemorativ\u0103 \u00een amintirea lui George Bari\u0163 \u015fi Nicolae B\u0103lcescu, \u00een care se men\u0163ioneaz\u0103 cei 40.000 de rom\u00e2ni uci\u015fi de armata ungar\u0103 \u00een 1848-1849 \u015fi cele 230 de sate rom\u00e2ne\u015fti distruse de trupele revolu\u0163iei ungare. UDMR reac\u0163ioneaz\u0103 prin proteste la toate ini\u0163iativele culturale identitare ale primarului Gheorghe Funar.<\/h4>\r\n<h4>3 martie &#8211; Marko Bela cere Guvernului Ungariei s\u0103 includ\u0103 \u00een Tratatul de baz\u0103 cu Rom\u00e2nia toate cererile UDMR.<\/h4>\r\n<h4>6 martie \u2013 Apare \u00een Rom\u00e2nia cartea \u201eAnaliza unui masacru \u2013 S\u0103rma\u015f 1944&#8243;, autorul, Nicholas M. Nagy-Talavera, n\u0103scut l\u00e2ng\u0103 T\u00e2rgul L\u0103pu\u015f, fiind sigurul supravie\u0163uitor al unei familii de evrei s\u0103raci ucis\u0103 de horthy\u015fti prin \u00eempu\u015fcare.<\/h4>\r\n<h4>12 martie \u2013 Scandal de propor\u0163ii \u00een UDMR: L\u00e1szl\u00f3 T\u00f6kes a adus \u00een discu\u0163ie momentul UDMR din 1993, c\u00e2nd deputa\u0163ii Frunda, Borbely, Verestoy, f\u0103r\u0103 acceptul UDMR, dar cu \u015ftirea lui Marko Bela, au purtat tratative cu reprezentan\u0163ii Puterii, ab\u0103t\u00e2ndu-se, dup\u0103 opinia lui, de la linia UDMR.<\/h4>\r\n<h4>13 martie \u2013 Apar tot mai des opinii \u00een pres\u0103 cu privire la existen\u0163a unei \u00een\u0163elegeri \u00eentre PDSR \u015fi UDMR.<\/h4>\r\n<h4>15 martie &#8211; Ziua declan\u015f\u0103rii revolu\u0163iei ungare de la 1848 a fost s\u0103rb\u0103torit\u0103, sub \u00eendrumarea UDMR, peste tot \u00een Transilvania cu steaguri ale Ungariei, cu imnul Ungariei, cu declara\u0163ii revizioniste \u015fi amenin\u0163\u0103ri la adresa Statului Rom\u00e2n. \u00cen aceast\u0103 zi, Transilvania a fost pur \u015fi simplu invadat\u0103 de demnitari din Ungaria, fo\u015fti sau \u00een func\u0163ie, care cereau, \u00eentre altele, \u201erespectarea simbolurilor istorice maghiare&#8221;. Presiunea exercitat\u0103 avea rostul din partea UDMR de a determina partea rom\u00e2n\u0103 s\u0103 accepte toate cererile maghiare legate de Tratatul cu Ungaria, care intra \u00eentr-o faz\u0103 final\u0103.<\/h4>\r\n<h4>19 martie &#8211; UDMR ob\u0163ine, cu concursul PN\u0162CD, PNL &#8217;93, PD, PSDR, ca \u00een Legea partidelor s\u0103 nu fie interzise partidele etnice.<\/h4>\r\n<h4>Aprilie<\/h4>\r\n<h4>8 aprilie &#8211; Subofi\u0163erul de poli\u0163ie rom\u00e2n Nicolae Ion Bonta\u015f este asasinat la Odorhei de c\u0103tre \u015fase huligani unguri, membri ai UDMR.<\/h4>\r\n<h4>15 aprilie \u2013 La T\u00e2rgu Mure\u015f ia fiin\u0163\u0103 Postul local de Televiziune cu text bilingv.<\/h4>\r\n<h4>Mai<\/h4>\r\n<h4>Guvernul Rom\u00e2niei a finalizat un acord de comer\u0163 liber cu Ungaria, viz\u00e2nd desfiin\u0163area taxelor vamale \u00eentre Rom\u00e2nia \u015fi Ungaria din data de 1 ianuarie 1997.<\/h4>\r\n<h4>20 mai &#8211; La cel de-al 41-lea Congres al Uniunii Federaliste a Minorit\u0103\u0163ilor Na\u0163ionale Europene, care a avut loc la Timi\u015foara, L\u00e1szl\u00f3 T\u00f6kes declar\u0103 c\u0103 \u201eautonomia etnic\u0103 este unica solu\u0163ie&#8221;.<\/h4>\r\n<h4>22 mai \u2013 Conducerea UDMR-ului a adoptat hot\u0103r\u00e2rea 108 privind \u201eProiectul de statut pentru autonomia social\u0103 \u015fi cultural\u0103 a maghiarilor&#8221;.<\/h4>\r\n<h4>Iunie<\/h4>\r\n<h4>UDMR se face vinovat de blocarea construirii unui edificiu pentru copiii orfani la Odorhei, de c\u0103tre funda\u0163ia elve\u0163ian\u0103 <em>Basel Hilft<\/em>, care a donat cl\u0103direa unor c\u0103lug\u0103rite greco-catolice .\r\nConsiliul local Odorhei, compus din membri UDMR, transmite constructorului orfelinatului cererea ca noua cl\u0103dire s\u0103 fie dat\u0103 \u00een proprietatea \u015fi administrarea Asocia\u0163iei de binefacere <em>Caritas<\/em> din Odorhei, aflat\u0103 sub egid\u0103 udemerist\u0103 .<\/h4>\r\n<h4>6 iunie\u00a0 \u2013 Au loc alegeri locale. La T\u00e2rgu Mure\u015f, c\u00e2\u015ftig\u0103 postul de primar Imre Fodor, un exponent de baz\u0103 al UDMR, cu 52,4 la sut\u0103.<\/h4>\r\n<h4>8 iunie \u2013 Miting \u00een Pia\u0163a Eroilor din Budapesta \u00eempotriva Tratatului de la Trianon \u015fi \u00een favoarea revizuirii grani\u0163ei cu Rom\u00e2nia.<\/h4>\r\n<h4>14 iunie \u2013 El\u00f6d Kincses, frunta\u015f UDMR implicat \u00een evenimentele din martie 1990, se \u00eentoarce legal de la Budapesta la T\u00e2rgu Mure\u015f, dup\u0103 \u015fase ani.<\/h4>\r\n<h4>22 iunie \u2013 La sesiunea Consiliului Reprezentan\u0163ilor UDMR, desf\u0103\u015furat\u0103 la Sf\u00e2ntu Gheorghe, problematica autonomiei trece pe un plan secund.<\/h4>\r\n<h4>23 iunie &#8211; La Oradea este dezvelit\u0103 statuia principesei Lor\u00e1ntffy, pe locul statuii lui Mihai Eminescu, distrus\u0103 \u015fi aruncat\u0103 \u00een r\u00e2ul Cri\u015f de c\u0103tre horthy\u015fti \u00een timpul ocupa\u0163iei ungare (1940-1944) .<\/h4>\r\n<h4>28 iunie \u2013 Agen\u0163ia lituanian\u0103 de pres\u0103 ELTA anun\u0163\u0103 c\u0103 raportorul pentru Consiliul Europei, <strong>Gy\u00f6rgy Frunda, a fost declarat <\/strong><em><strong>persona non grata<\/strong><\/em><strong> \u00een Lituania<\/strong>, datorit\u0103 marilor inexactit\u0103\u0163i ale raportului de \u0163ar\u0103 pe care l-a \u00eentocmit, autorul fiind catalogat \u201esubiectiv, p\u0103rtinitor \u015fi incompetent&#8221;.<\/h4>\r\n<h4>Iulie<\/h4>\r\n<h4>4 iulie &#8211; Se organizeaz\u0103 la Budapesta o conferin\u0163\u0103 cu tema \u201eUngaria \u015fi minorit\u0103\u0163ile maghiare din str\u0103in\u0103tate&#8221;, cu participarea Guvernului maghiar. Participan\u0163ii au adoptat o Declara\u0163ie \u00een 11 puncte, prin care Guvernul Ungariei se angajeaz\u0103 s\u0103 sprijine tendin\u0163ele de separatism \u015fi segrega\u0163ie ale minoritarilor unguri de oriunde, prin promovarea conceptului antidemocratic de autonomie pe baze etnice ale ungurilor din afara Ungariei. Evident primul stat vizat este Statul rom\u00e2n. Guvernul Rom\u00e2niei protesteaz\u0103 energic \u00eempotriva declara\u0163iei printr-o scrisoare diplomatic\u0103.<\/h4>\r\n<h4>5 iulie &#8211; Declara\u0163ia de la Budapesta este semnat\u0103 de ministrul de Externe al Ungariei, L\u00e1szl\u00f3 Kov\u00e1cs, de reprezentan\u0163i ai partidelor parlamentare din Ungaria \u015fi ai organiza\u0163iilor reprezentative ale maghiarilor de peste hotare .\r\nDin Rom\u00e2nia au fost prezen\u0163i pre\u015fedintele UDMR, Marko Bela, pre\u015fedintele de onoare al UDMR, Laszlo T\u00f6kes, Csaba Takacs, Zoltan Dezsi\u015fi al\u0163ii .<\/h4>\r\n<h4>13 iulie &#8211; UDMR, prin Consiliul Reprezentan\u0163ilor s\u0103i, a decis \u00een unanimitate s\u0103-\u015fi asume acest document revizionist \u015fi antirom\u00e2nesc.\r\nTot acum se stabile\u015fte candidatul UDMR la Pre\u015fedin\u0163ia Rom\u00e2niei,\u00een persoana senatorului Gy\u00f6rgy Frunda, \u00een al c\u0103rui program UDMR decide s\u0103 includ\u0103 tezele Declara\u0163iei de la Budapesta.\r\nCorneliu Vadim Tudor declara: Declara\u0163ia de la Budapesta este \u201eo declara\u0163ie de r\u0103zboi \u00eempotriva Rom\u00e2niei&#8221;.<\/h4>\r\n<h4>16 iulie \u2013 La dezbaterile de la Sf\u00e2ntu Gheorghe privind desemnarea candidatului UDMR la pre\u015fedin\u0163ia Rom\u00e2niei, Gyorgy Frunda a afirmat c\u0103, \u00een eventuala c\u00e2\u015ftigare a alegerilor, UDMR va desemna ca prim-ministru pe Smaranda Enache, pre\u015fedinta Ligii Pro-Europa, cunoscut\u0103 pentru atitudinea ei antirom\u00e2neasc\u0103.<\/h4>\r\n<h4>18 iulie \u2013 Este dat\u0103 publicit\u0103\u0163ii \u201eDeclara\u0163ia de la Budapesta&#8221;, document prin care statul ungar sus\u0163ine politica autonomist\u0103 a minorit\u0103\u0163ii maghiare din afara grani\u0163elor Ungariei, deci \u015fi din Rom\u00e2nia.<\/h4>\r\n<h4>August<\/h4>\r\n<h4>7 august \u2013 Presa semnaleaz\u0103 un complot politic \u00eentre PDSR \u015fi UDMR la T\u00e2rgu Mure\u015f,\u00a0 care urmeaz\u0103 s\u0103 se sus\u0163in\u0103 reciproc la alegerile din cadrul Consiliului Local, excluz\u00e2nd celelalte partide.<\/h4>\r\n<h4>16 august \u2013 Gheorghe Funar, pre\u015fedintele PUNR, propune ca proiectul de Tratat rom\u00e2no-ungar s\u0103 fie supus referendumului.<\/h4>\r\n<h4>14 august &#8211; Consiliul local Odorhei sigileaz\u0103 \u015fi \u00eencuie cu lac\u0103te, prin abuz, cl\u0103direa Orfelinatului rom\u00e2nesc, confisc\u00e2nd o proprietate particular\u0103.<\/h4>\r\n<h4>24 august \u2013 \u00cen pres\u0103 apar articole \u00een care se ia atitudine \u00eempotriva introducerii Recomand\u0103rii 1201 \u00een Tratatul rom\u00e2no-ungar.<\/h4>\r\n<h4>28 august \u2013 UDMR face presiuni asupra guvernului ungar pentru punerea unui accent mai mare \u00een Tratatul rom\u00e2no-ungar pe autonomia etnic\u0103.<\/h4>\r\n<h4>Septembrie<\/h4>\r\n<h4>UDMR agit\u0103 spiritele din Odorhei, sindicatele din Odorhei anun\u0163\u00e2nd c\u0103 vor demola Orfelinatul rom\u00e2nesc, pentru a nu permite \u201ecolonizarea c\u0103lug\u0103ritelor rom\u00e2nce&#8221;. Acestea erau doar patru la num\u0103r.<\/h4>\r\n<h4>3 septembrie \u2013 Presa rom\u00e2neasc\u0103, \u00een special cea din Ardeal, consider\u0103 Tratatul rom\u00e2no-ungar ca fiind un tratat pentru nelini\u015ftea Transilvaniei.<\/h4>\r\n<h4>Cu ocazia discut\u0103rii Tratatului bilateral cu Rom\u00e2nia, politicienii din parlamentul ungar au f\u0103cut urm\u0103toarele declara\u0163ii: Viktor Orban (FIDESZ) \u2013 \u201eUn tratat care nu rezolv\u0103 situa\u0163ia celor dou\u0103 milioane de unguri pe care dou\u0103 diktate i-au aservit Rom\u00e2niei, nu poate ameliora rela\u0163iile dintre cele dou\u0103 \u0163\u0103ri. Oricum, pentru orice tratat bilateral, condi\u0163ia este autonomia secuilor\u201c; MihalyKapronczy (MDF) \u2013 \u201eUnul din principalele defecte ale tratatului este c\u0103 nu prevede posibilitatea modific\u0103rii pa\u015fnice a grani\u0163elor\u201c.<\/h4>\r\n<h4>4 septembrie \u2013 PUNR este exclus din coali\u0163ia guvernamental\u0103. PRM consider\u0103 Tratatul rom\u00e2no-ungar ca un pact pentru dezmembrarea Rom\u00e2niei.<\/h4>\r\n<h4>11 septembrie \u2013 \u00centr-un comunicat oficial, Partidul Liber Democrat Maghiar din Rom\u00e2nia se declar\u0103 pentru o reconciliere istoric\u0103 deplin\u0103 \u00eentre Ungaria \u015fi Rom\u00e2nia.<\/h4>\r\n<h4>16 septembrie \u2013 Se semneaz\u0103 Tratatul de \u00een\u0163elegere, cooperare \u015fi bun\u0103 vecin\u0103tate dintre Rom\u00e2nia \u015fi Ungaria.\r\n\u00cen timp ce, la Timi\u015foara, Ion Iliescu semneaz\u0103 Tratatul cu Ungaria, la Cluj-Napoca patru gropari, purt\u00e2nd m\u0103\u015ftile lui Ion Iliescu, Gyula Horn, Nicolae V\u0103c\u0103roiu \u015fi Teodor Mele\u015fcanu, purtau un sicriu \u00een care se g\u0103sea o inim\u0103 de plu\u015f str\u0103puns\u0103 de un cu\u0163it. Ini\u0163iatorul par\u0103zii mortuare: primarul Gheorghe Funar.\r\nExplica\u0163ia: Tratatul cu Ungaria a fost receptat ca o cedare \u00een fa\u0163a preten\u0163iilor revizioniste ale Ungariei \u015fi UDMR.<\/h4>\r\n<h4>24 septembrie \u2013 \u00cen \u015fedin\u0163a de validare a consilierilor membri ai consiliului local Miercurea Ciuc a fost invalidat de c\u0103tre UDMR consilierul PUNR Ioan Mastan, pe motiv c\u0103 a fost colonel \u00een cadrul Inspectoratului de Poli\u0163ie al jude\u0163ului Harghita.<\/h4>\r\n<h4>26 septembrie\u00a0 &#8211; Senatul Rom\u00e2niei aprob\u0103, cu o grab\u0103 suspect\u0103, Tratatul cu Ungaria.\r\nSub presiunea UDMR, dar \u015fi a for\u0163elor politice externe care o sus\u0163ineau, Guvernul Rom\u00e2niei \u00eencalc\u0103 procedurile parlamentare, Regulamentul Senatului, introduc\u00e2nd \u00een procedur\u0103 de urgen\u0163\u0103 dezbaterea Tratatului cu Ungaria.\r\n\u00cencercarea unor parlamentari de a introduce o doz\u0103 de ra\u0163iune \u00een chestiunea vot\u0103rii unui Tratat cu Ungaria, at\u00e2t de concesiv fa\u0163\u0103 de Ungaria \u015fi minoritatea maghiar\u0103 din Rom\u00e2nia, a r\u0103mas f\u0103r\u0103 rezultat, deoarece ma\u015fina oarb\u0103 de vot a PDSR a func\u0163ionat.\r\nRom\u00e2nia a semnat o pagin\u0103 de capitulare a propriei diploma\u0163ii, iar UDMR a ob\u0163inut o mare satisfac\u0163ie.\r\n\u00cen pres\u0103 apar articole tot mai numeroase privind situa\u0163ia dramatic\u0103 a rom\u00e2nilor minoritari din jude\u0163ele Harghita \u015fi Covasna.<\/h4>\r\n<h4>Octombrie<\/h4>\r\n<h4>3 octombrie &#8211; Camera Deputa\u0163ilor aprob\u0103 \u015fi ea Tratatul cu Ungaria, pecetluind aceast\u0103 pagin\u0103 ru\u015finoas\u0103 a diploma\u0163iei rom\u00e2ne\u015fti.<\/h4>\r\n<h4>4 octombrie \u2013 GezaSz\u00f6cs, economist, disident UDMR, afirm\u0103 c\u0103 \u00een fruntea organiza\u0163iei mure\u015fene a UDMR se afl\u0103 doar oameni extremi\u015fti, intoleran\u0163i \u015fi antidemocra\u0163i.<\/h4>\r\n<h4>Noiembrie<\/h4>\r\n<h4>4 noiembrie \u2013 La emisiunea \u00een limba maghiar\u0103 a TVR, Marko Bela declara: \u201eVom merge cu aceia care ne vor asigura independen\u0163a individual\u0103 \u015fi colectiv\u0103 \u015fi ne vor garanta dreptul de a decide \u00een toate problemele ce privesc comunitatea maghiar\u0103 din Rom\u00e2nia\u201d. Iat\u0103, deci, oferta de colaborare din partea UDMR.<\/h4>\r\n<h4><strong>Decembrie <\/strong><\/h4>\r\n<h4>6 decembrie \u2013 Politicienii Opozi\u0163iei din Ungaria critic\u0103 faptul c\u0103 \u00een Tratat nu se specific\u0103 modificarea pa\u015fnic\u0103 a frontierelor.<\/h4>\r\n<h4>10 decembrie \u2013 Parlamentul Ungariei ratific\u0103 Tratatul cu Rom\u00e2nia.<\/h4>\r\n<h4>12 decembrie &#8211; Guvernul coali\u0163iei de dreapta, centrat\u0103 pe PN\u0162CD, urm\u00e2nd linia lui Corneliu Coposu, a introdus \u00een Guvern doi mini\u015ftri unguri: Birtalan \u00c1kos la turism \u015fi Gy\u00f6rgy Tokay pentru minorit\u0103\u0163i. UDMR, organiza\u0163ie ostil\u0103 Statului Rom\u00e2n \u015fi Constitu\u0163iei Rom\u00e2niei, a fost acceptat\u0103 la guvernare.<\/h4>\r\n<h4>18 decembrie \u2013 Karoly Kir\u00e1ly, fostul disident comunist \u015fi activist de frunte al UDMR, aflat \u00een retragere, le spune noilor ale\u015fi ai minorit\u0103\u0163ii maghiare c\u0103 \u201ela ad\u0103postul legilor din Rom\u00e2nia se poate ac\u0163iona \u00een voie\u201c!<\/h4>\r\n<h4>19 decembrie \u2013 Eva Maria B\u00e1rki, militant\u0103 pentru federalizarea Rom\u00e2niei, atrage aten\u0163ia noului pre\u015fedinte al Rom\u00e2niei, Emil Constantinescu, s\u0103 nu uite c\u0103 alegerea sa se datoreaz\u0103 \u015fi votului minorit\u0103\u0163ii maghiare.<\/h4>\r\n<h4>Sf\u00e2r\u015fitul anului 1996 aduce la cuno\u015ftin\u0163a opiniei publice declara\u0163iile unor membri cunoscu\u0163i ai UDMR, precum \u00c1dam Katona, care cer modificarea articolului 1 din Constitu\u0163ia Rom\u00e2niei, cer\u00e2nd ca Rom\u00e2nia s\u0103 fie declarat\u0103 stat multina\u0163ional \u015fi, deci, divizibil.\r\nAjuns\u0103 la guvernare, UDMR relanseaz\u0103 ofensiva pentru ocuparea orfelinatului, oprit\u0103 de interven\u0163ia Ministerului de Externe al Fran\u0163ei, prin primarul Odorheiului, Jen\u00f6Szasz.<\/h4>\r\n<figure id=\"attachment_3751\" aria-describedby=\"caption-attachment-3751\" style=\"width: 366px\" class=\"wp-caption aligncenter\"><a href=\"http:\/\/www.desteptati-va.ro\/wp-content\/uploads\/2012\/06\/Ciorbea_Victor_014_b1b05af4ce.jpg\"><img loading=\"lazy\" decoding=\"async\" class=\" wp-image-3751\" title=\"Ciorbea_Victor_014_b1b05af4ce\" src=\"http:\/\/www.desteptati-va.ro\/wp-content\/uploads\/2012\/06\/Ciorbea_Victor_014_b1b05af4ce.jpg\" alt=\"Victor Ciorbea\" width=\"366\" height=\"507\" \/><\/a><figcaption id=\"caption-attachment-3751\" class=\"wp-caption-text\">Victor Ciorbea<\/figcaption><\/figure>\r\n<h4><strong>1997<\/strong><\/h4>\r\n<h4>UDMR, ajuns\u0103 la guvernare al\u0103turi de CDR, \u00eel determin\u0103 pe Victor Ciorbea, primul-ministru al Rom\u00e2niei, s\u0103 dea Ordonan\u0163a 36\/1997, prin care profesorii rom\u00e2ni din jude\u0163ele Harghita \u015fi Covasna aveau datoria s\u0103 predea \u00een limba maghiar\u0103.\r\nOrdonan\u0163a satisf\u0103cea o mai veche revendicare a UDMR, prin care cerea nu \u201e\u00eensu\u015firea&#8221;, ci \u201eobligativitatea studierii limbii rom\u00e2ne&#8221;, text introdus \u00een Ordonan\u0163\u0103 de Ministrul \u00cenv\u0103\u0163\u0103m\u00e2ntului, Virgil Petrescu (PN\u0162CD).<\/h4>\r\n<h4>Ianuarie<\/h4>\r\n<h4>Consiliul local al ora\u015fului Sf\u00e2ntu Gheorghe, dominat de UDMR, \u00eempiedic\u0103 amplasarea unei troi\u0163e comemorative a eroilor rom\u00e2ni \u00een centrul ora\u015fului.<\/h4>\r\n<h4><\/h4>\r\n<h4>15 ianuarie \u2013 Conducerea prim\u0103riei municipiului Cluj-Napoca, \u00een frunte cu primarul Gheorghe Funar, dau publicit\u0103\u0163ii o declara\u0163ie \u00een care protesteaz\u0103 \u00eempotriva deschiderii Consulatului maghiar la Cluj-Napoca. \u00cen declara\u0163ie se arat\u0103 c\u0103 acest consulat a func\u0163ionat \u00een Cluj, \u00eentre anii 1980-1988, fiind desfiin\u0163at de guvernul Rom\u00e2niei \u00eentruc\u00e2t\u00a0 lucr\u0103torii lui desf\u0103\u015furau activit\u0103\u0163i de spionaj \u015fi propagand\u0103 antirom\u00e2neasc\u0103.<\/h4>\r\n<h4>22 ianuarie \u2013 Datorit\u0103 epur\u0103rii etnice, \u00een Odorheiul Secuiesc au r\u0103mas doar 2 la sut\u0103 rom\u00e2ni. La Liceul <em>Marin Preda<\/em> din localitate, doar 12 cadre didactice sunt de na\u0163ionalitate rom\u00e2n\u0103, fa\u0163\u0103 de peste 100 c\u00e2te erau \u00eenainte de 1989.<\/h4>\r\n<h4>Februarie<\/h4>\r\n<h4>11 februarie \u2013 La Cluj-Napoca se str\u00e2ng semn\u0103turi, la ini\u0163iativa primarului Gheorghe Funar, pentru interzicerea deschiderii Consulatului ungar.<\/h4>\r\n<h4>12 februarie \u2013 Aflat la guvernare, UDMR face presiuni \u00een vederea urgent\u0103rii rezolv\u0103rii problemelor de autonomie etnic\u0103 \u00een Rom\u00e2nia.<\/h4>\r\n<h4>21 februarie \u2013 Deputatul M\u0103d\u0103lin Voicu, de la Partida Romilor, \u00eel acuz\u0103 pe Gyorgy Tokay, ministrul minorit\u0103\u0163ilor, c\u0103 duce o politic\u0103 de maghiarizare \u00een ministerul s\u0103u, unde se vorbe\u015fte aproape numai ungure\u015fte.<\/h4>\r\n<h4>Martie<\/h4>\r\n<h4>15 martie \u2013 La Odorheiul Secuiesc a avut loc o adev\u0103rat\u0103 demonstra\u0163ie de for\u0163\u0103 cu prilejul s\u0103rb\u0103toririi zilei na\u0163ionale a Ungariei. Participan\u0163ii au fost \u00eembr\u0103ca\u0163i \u00een costume de epoc\u0103: uniforme militare, s\u0103bii, bonete, pentru evocarea mai fidel\u0103 a momentului de la 1848.<\/h4>\r\n<h4>16 martie \u2013 \u00cen timp ce \u0163ara este \u00een mizerie, primul ministru Victor Ciorbea se preocup\u0103 de aplicarea programului UDMR de permeabilizare (destr\u0103mare) a societ\u0103\u0163ii rom\u00e2ne\u015fti.<\/h4>\r\n<h4>25 martie \u2013 Presa mure\u015fean\u0103 semnaleaz\u0103 continuarea maghiariz\u0103rii numelor prin facturile de plat\u0103 ale energiei electrice; exemple: Alexandru Coci\u015f devine Kocsis Sandor, Ioan Socaciu devine Szakacs Janos etc.\r\nUDMR d\u0103 publicit\u0103\u0163ii o list\u0103 de 1600 de localit\u0103\u0163i din Ardeal \u00een care cere introducerea inscrip\u0163ion\u0103rilor bilingve.<\/h4>\r\n<h4>Aprilie<\/h4>\r\n<h4>4 aprilie \u2013 Sunt prezentate \u00een pres\u0103\u00a0noi ac\u0163iuni de maghiarizare a numelor rom\u00e2ne\u015fti, mai ales acolo unde func\u0163ionarii st\u0103rii civile sunt maghiari.<\/h4>\r\n<h4>5 aprilie \u2013 Controversele privind divizarea Universit\u0103\u0163ii Babe\u015f-Bolyai agit\u0103 spiritele la Cluj-Napoca.<\/h4>\r\n<h4>14 aprilie &#8211; Primarul UDMR, Jen\u00f6Szasz, organizeaz\u0103 manifesta\u0163ii maghiare \u00eempotriva c\u0103lug\u0103ritelor greco-catolice de la Orfelinatul din Odorhei.<\/h4>\r\n<h4>Mai<\/h4>\r\n<h4>2 mai \u2013 Ministrul pentru minorit\u0103\u0163i, Gyorgy Tokay, \u00eentr-o \u00eencercare de a controla autorit\u0103\u0163ile statului, anun\u0163\u0103 \u00eenfiin\u0163area la Cluj-Napoca a unui Birou teritorial menit de a culege date \u015fi informa\u0163ii din teritoriu \u00een privin\u0163a modului \u00een care autorit\u0103\u0163ile asigur\u0103 protec\u0163ia minorit\u0103\u0163ilor.<\/h4>\r\n<h4>6 mai \u2013 Reac\u0163ii dure ale UDMR la Raportul SRI, prezentat de la tribuna Parlamentului Rom\u00e2niei.<\/h4>\r\n<h4>20 mai \u2013 La Cernat, \u00een jude\u0163ul Covasna, a fost elaborat\u0103 de c\u0103tre fostul demnitar comunist Karoly Kiraly \u201eCartea autodetermin\u0103rii Transilvaniei&#8221; \u015fi este \u201edenun\u0163at\u0103&#8221; Poli\u0163ia rom\u00e2n\u0103, calificat\u0103 drept \u201exenofob\u0103, antiminoritar\u0103\u015fi agresiv\u0103&#8221;.\r\n\u00cen ora\u015ful Covasna, consilierii UDMR au propus schimbarea a 35 de nume rom\u00e2ne\u015fti de ast\u0103zi, folosind Legea 100\/1990, care, \u00eens\u0103, se referea doar la numele unor str\u0103zi de origini \u015fi de aspect comunist. Str\u0103zi cu numele Luceaf\u0103rul, Trandafirul, Unirii, Prietenia, \u015etefan cel Mare, Podul, Brazilor au fost schimbate cu nume maghiare ca: J\u00f3kai Mor, Rakoczi Ferenc, Ady Endre, Huniady Janos, Miklos Kelemen, Bethlen Gabor, Tamasi Aron etc. Este evident\u0103 for\u0163area Legii 100\/1990 \u015fi procesul de maghiarizare prezidat de UDMR. \u00cen plus, Aron Tamasi este unul din scriitorii cu manifest\u0103ri extremiste antirom\u00e2ne\u015fti \u00een anul 1940 \u00een Nordul Transilvaniei ocupate de armata ungar\u0103.<\/h4>\r\n<h4>21 mai \u2013 UDMR, reprezentat\u0103 de c\u0103tre deputatul Istvan Antal la tribuna Camerei Deputa\u0163ilor, dezinformeaz\u0103 opinia public\u0103 \u00een leg\u0103tur\u0103 cu abuzurile UDMR \u00een Odorhei.<\/h4>\r\n<h4>27 mai &#8211; Gabor Kolumban, pre\u015fedintele Consiliului Jude\u0163ean Harghita, membru UDMR, amenin\u0163\u0103 c\u0103lug\u0103ri\u0163ele greco-catolice de la Orfelinatul rom\u00e2nesc din Odorhei c\u0103 vor avea de a face cu furia mul\u0163imii.\r\nPre\u015fedintele Ungariei, Arpad Goncz,\u015fi pre\u015fedintele Rom\u00e2niei, Emil Constantinescu, s-au \u00eent\u00e2lnit la T\u00e2rgu Mure\u015f. Vizita s-a desf\u0103\u015furat f\u0103r\u0103 incidente \u015fi a reprezentat o \u00eencercare de reconciliere istoric\u0103.<\/h4>\r\n<h4>Iunie<\/h4>\r\n<h4>Primarul Sandor Farkas, dintr-o comun\u0103 din secuime, a refuzat, printr-o adres\u0103 oficial\u0103, ridicarea unei cruci comemorative pe locul unei biserici distruse de unguri \u00een anul 1940.<\/h4>\r\n<h4>11 iunie \u2013\u00a0 Ministrul Culturii \u015fi \u00cenv\u0103\u0163\u0103m\u00e2ntului din Ungaria a f\u0103cut o vizit\u0103 la Tg.Mure\u015f, ocazie cu care s-au abordat probleme legate de re\u00eenfiin\u0163area facult\u0103\u0163ii de medicin\u0103-farmacie \u00een limba maghiar\u0103 \u00een acest municipiu.<\/h4>\r\n<h4>18 iunie\u00a0 &#8211; Liderul UDMR, Marko Bela, a declarat c\u0103 are un contract cu UDMR \u015fi nu cu Rom\u00e2nia\u015fi, \u00een consecin\u0163\u0103, el ap\u0103r\u0103 interesele UDMR-ului \u015fi nu pe cele ale Rom\u00e2niei.<\/h4>\r\n<h4>20 iunie \u2013 Consilierul jude\u0163ean UDMR, Csaba Bardoczy, incit\u0103 pe postul local de radio\u00a0locuitorii ora\u015fului Odorheiul Secuiesc \u015fi 3.000 de maghiari iau cu asalt cl\u0103direa orfelinatului, sparg u\u015fa, agreseaz\u0103 \u015fi arunc\u0103-n strad\u0103 pe cele 4 c\u0103lug\u0103rite greco-catolice ale Congrega\u0163iei \u201eInimi neprih\u0103nite&#8221; \u015fi pe CyrillBurgel, pre\u015fedintele Asocia\u0163iei umanitare<em> Basel Hilft<\/em>, cet\u0103\u0163ean elve\u0163ian.\r\nPresa maghiar\u0103 a prezentat cu m\u00e2ndrie, \u00een fotografii, asaltul udemerist \u00eempotriva celor 4 c\u0103lug\u0103rite greco-catolice.<\/h4>\r\n<h4>30 iunie\u00a0 &#8211; Sose\u015fte la T\u00e2rgu Mure\u015f ambasadorul Ungariei, Ferenc Sz\u00f6cs, pentru a aduce mul\u0163umiri executivului mure\u015fean pentru modul \u00een care a fost preg\u0103tit\u0103 \u015fi s-a desf\u0103\u015furat vizita pre\u015fedintelui Arpad G\u00f6ncz. Prefectul Dorin Florea \u015fi primarul Imre Fodor nu au participat, ei fiind chema\u0163i la Bucure\u015fti de c\u0103tre premierul Victor Ciorbea \u00een problema pl\u0103cu\u0163elor bilingve.<\/h4>\r\n<h4>Iulie<\/h4>\r\n<h4>18 iulie \u2013 Noul Executiv, \u00een frunte cu Ciorbea, d\u0103 o Ordonan\u0163\u0103 de Guvern pentru modificarea \u201eLegii \u00cenv\u0103\u0163\u0103m\u00e2ntului&#8221; \u00een vederea elimin\u0103rii unor \u201egrave erori de con\u0163inut sesizate mai ales la capitolul \u00eenv\u0103\u0163\u0103m\u00e2nt minoritar\u201c. Aceasta \u00een urma presiunilor UDMR, aflat\u0103 \u00een coali\u0163ia de guvernare.<\/h4>\r\n<h4>21 iulie \u2013 La T\u00e2rgu Mure\u015f se na\u015fte o puternic\u0103 opozi\u0163ie rom\u00e2neasc\u0103 \u00eempotriva inscrip\u0163ion\u0103rii bilingve a t\u0103bli\u0163elor de intrare \u00een municipiu.<\/h4>\r\n<h4>23 iulie \u2013 \u00cen ciuda opozi\u0163iei primarului Gheorghe Funar la Cluj-Napoca, are loc deschiderea oficial\u0103 a Consulatului general al Ungariei.<\/h4>\r\n<h4>26 iulie \u2013 La Odorheiul Secuiesc s-a organizat un miting al UDMR \u00een vederea alung\u0103rii din localitate a Congrega\u0163iei greco-catolice \u201eInimi neprih\u0103nite&#8221;, ale c\u0103rei c\u0103lug\u0103ri\u0163e au fost maltratate la \u00eendemnul consilierului local Csaba Bardoczi.<\/h4>\r\n<h4>Septembrie<\/h4>\r\n<h4>UDMR \u00eel \u015fantajeaz\u0103 pe pre\u015fedintele Emil Constantinescu (CDR) cu ie\u015firea de la guvernare, \u00eent\u00e2rziind dezbaterea Ordonan\u0163ei 37\/1997 \u00een Senat. UDMR se aliaz\u0103 \u00een Senat cu ApR, care \u00eei sus\u0163ine toate cererile.\r\n\u00cen acest timp, Ordonan\u0163a 37\/1997 se aplic\u0103, iar UDMR c\u00e2\u015ftig\u0103 timp.<\/h4>\r\n<h4>4 septembrie \u2013 \u00centr-o declara\u0163ie f\u0103cut\u0103 la Consulatul ungar de la Cluj-Napoca, \u015feful diploma\u0163iei ungare a afirmat c\u0103 Ungaria va intra \u00een Uniunea European\u0103, dar nu \u015fi Rom\u00e2nia.<\/h4>\r\n<h4>5 septembrie &#8211; Consiliul Reprezentan\u0163ilor UDMR, \u00eentrunit la Cluj-Napoca, hot\u0103r\u0103\u015fte ie\u015firea de la guvernare, dac\u0103 p\u00e2n\u0103 la 30 septembrie nu se adopt\u0103 \u00een Senat Ordonan\u0163a 37\/1997 f\u0103r\u0103 modific\u0103ri.\r\nUDMR cere capul lui George Pruteanu, senatorul care s-a opus privilegiilor maghiare \u00een \u00eenv\u0103\u0163\u0103m\u00e2nt \u015fi via\u0163a social\u0103.<\/h4>\r\n<h4>12 septembrie &#8211; La Cernatul de Jos, jud. Covasna, \u201eradicalii\u201c UDMR (Laszlo T\u00f6kes, Imre Borbely \u015fi altii) \u0163in sub presiune Guvernul Rom\u00e2niei, cer\u00e2nd \u201eautonomie pentru secui&#8221;, \u201edubl\u0103 cet\u0103\u0163enie&#8221;\u00a0etc. Pre\u015fedintele de onoare al UDMR, L\u00e1szl\u00f3 T\u00f6kes, cere ca Transilvania s\u0103 fie o unitate\r\nteritorial\u0103 independent\u0103 \u00een cadrul Statului Rom\u00e2n.<\/h4>\r\n<h4>17 septembrie -\u00cenPia\u0163a <em>Avram Iancu<\/em> din Cluj-Napoca, pre\u015fedintele PRM, Corneliu Vadim Tudor, \u0163ine un discurs\u00a0\u00eempotriva \u201eStatutului de autonomie al \u0162inutului Secuilor\u201c elaborat de Jozsef Csap\u00f3, senator UDMR, prin care judetele Harghita \u015fi Covasna \u015fi o parte din jude\u0163ul Mure\u015f se prevede c\u0103 vor deveni o regiune autonom\u0103 maghiar\u0103.<\/h4>\r\n<h4>Octombrie<\/h4>\r\n<h4>1 octombrie \u2013 Se profileaz\u0103 un puci la Congresul al V-lea al UDMR, relu\u00e2ndu-se o veche disput\u0103 \u00eentre aripa \u201emodera\u0163ilor\u201c\u015fi a hiperextremistului \u00c1d\u00e1m Katona, \u015feful \u201eIni\u0163iativei Maghiare\u201c din Ardeal.<\/h4>\r\n<h4>7 octombrie \u2013 La Congresul UDMR, cele dou\u0103 aripi, a \u201emodera\u0163ilor\u201c \u00een frunte cu Bel\u00e1 Marko \u015fi a \u201eradicalilor\u201c \u00een frunte cu L\u00e1szl\u00f3 T\u00f6kes, \u00ee\u015fi manifest\u0103 o singur\u0103 voin\u0163\u0103 \u00een ceea ce prive\u015fte obiectivele fundamentale ale UDMR.<\/h4>\r\n<h4>23 octombrie \u2013 Premierul ungar Gyula Horn, aflat \u00een vizit\u0103 \u00een Rom\u00e2nia, ob\u0163ine de la Victor Ciorbea promisiunea de a se \u00eenfiin\u0163a o universitate maghiar\u0103 \u00een Rom\u00e2nia, \u00een alt ora\u015f dec\u00e2t Clujul.\r\nUDMR \u015fi consilierii s\u0103i din Odorhei pun la punct, cu prilejul vizitei premierului Gyula Horn \u00een Rom\u00e2nia, un plan privind ocuparea Orfelinatului rom\u00e2nesc \u015fi a schimb\u0103rii destina\u0163iei cl\u0103dirii conform intereselor maghiare, cu concursul Budapestei.<\/h4>\r\n<h4>28 octombrie \u2013 O delega\u0163ie parlamentar\u0103 PDSR-PUNR-PRM, condus\u0103 de vicepre\u015fedintele Camerei Deputatilor, Adrian N\u0103stase, a efectuat o vizit\u0103 \u00een jude\u0163ele Harghita \u015fi Covasna. Cu acest prilej, episcopul Covasnei \u015fi Harghitei, IPS Ioan Selejan declara: \u201eDac\u0103 nu vom fi sus\u0163inu\u0163i, teritoriul se pustie\u015fte. Avem de-a face cu o Insul\u0103 a \u015eerpilor, nu \u00een Marea Neagr\u0103, ci \u00een inima Rom\u00e2niei. O vom pierde oare \u015fi pe aceasta?!\u201c<\/h4>\r\n<h4>Noiembrie<\/h4>\r\n<h4>19 noiembrie \u2013 \u00cencep \u00een Senat dezbaterile pe marginea Legii \u00cenv\u0103\u0163\u0103m\u00e2ntului.<\/h4>\r\n<h4>Decembrie<\/h4>\r\n<h4>Inspectoratul \u015fcolar din jud. Covasna a comandat \u00een Ungaria o hart\u0103 a Rom\u00e2niei cu denumirile ungure\u015fti \u015fi a distribuit-o, apoi, tuturor \u015fcolilor din Covasna, cheltuind 639 milioane lei din Bugetul Statului Rom\u00e2n, pe un material didactic revizionist .<\/h4>\r\n<h4>4 decembrie \u2013 \u201eInitia\u0163iva maghiar\u0103 din Ardeal\u201c se pronun\u0163\u0103 pentru un sistem de \u00eenv\u0103t\u0103m\u00e2nt independent \u00een limba maghiar\u0103, ar\u0103t\u00e2nd c\u0103 guvernul Ciorbea nu prevede nimic \u201epe termen lung&#8221; \u00een acest sens.<\/h4>\r\n<h4>8 decembrie &#8211; Autorit\u0103\u0163ile locale din Odorhei, alc\u0103tuite din udemeri\u015fti, \u00eel las\u0103, efectiv, \u00een strad\u0103 pe secretarul general al Guvernului Rom\u00e2niei, Remus Opri\u015f, deplasat la fa\u0163a locului \u00een mod oficial. UDMR a voit s\u0103 arate c\u0103 Guvernul Rom\u00e2niei nu are nici o autoritate \u00een Covasna \u015fi a demonstrat-o.<\/h4>\r\n<h4>11 decembrie &#8211; La Tg. Secuiesc, membrii UDMR din Consiliul local au adoptat trei Hot\u0103r\u00e2ri \u2013 94, 95, 96 \u2013 prin care se schimbau 25 de nume rom\u00e2ne\u015fti de str\u0103zi, se impunea limba maghiar\u0103 ca limb\u0103 unic\u0103 pentru func\u0163ionarii Prim\u0103riei, iar documentele Prim\u0103riei s\u0103 fie scrise \u00een limba maghiar\u0103. Numele rom\u00e2ne\u015fti de str\u0103zi ca <em>Independen\u0163a<\/em>\u015fi <em>1 Decembrie 1918<\/em> au fost \u00eenlocuite cu nume istorice exclusiv ungure\u015fti. Tendin\u0163a separatist\u0103 este evident\u0103.<\/h4>\r\n<h4><\/h4>\r\n<h4><\/h4>\r\n<h4><em><span style=\"color: #c0c0c0;\">Surs\u0103: <a href=\"http:\/\/www.cycity.com\/udmr\"><span style=\"color: #c0c0c0;\">www.cycity.com\/udmr<\/span><\/a><\/span><\/em><\/h4>        <div class=\"booster-block booster-reactions-block\">\n            <div class=\"twp-reactions-icons\">\n                \n                <div class=\"twp-reacts-wrap\">\n                    <a react-data=\"be-react-1\" post-id=\"4106\" class=\"be-face-icons un-reacted\" href=\"javascript:void(0)\">\n                        <img decoding=\"async\" src=\"https:\/\/desteptati-va.ro\/wp-content\/plugins\/booster-extension\/\/assets\/icon\/happy.svg\" alt=\"Happy\">\n                    <\/a>\n                    <div class=\"twp-reaction-title\">\n                        Happy                    <\/div>\n                    <div class=\"twp-count-percent\">\n                                                    <span style=\"display: none;\" class=\"twp-react-count\">0<\/span>\n                        \n                                                <span class=\"twp-react-percent\"><span>0<\/span> %<\/span>\n                                            <\/div>\n                <\/div>\n\n                <div class=\"twp-reacts-wrap\">\n                    <a react-data=\"be-react-2\" post-id=\"4106\" class=\"be-face-icons un-reacted\" href=\"javascript:void(0)\">\n                        <img decoding=\"async\" src=\"https:\/\/desteptati-va.ro\/wp-content\/plugins\/booster-extension\/\/assets\/icon\/sad.svg\" alt=\"Sad\">\n                    <\/a>\n                    <div class=\"twp-reaction-title\">\n                        Sad                    <\/div>\n                    <div class=\"twp-count-percent\">\n                                                    <span style=\"display: none;\" class=\"twp-react-count\">0<\/span>\n                                                                        <span class=\"twp-react-percent\"><span>0<\/span> %<\/span>\n                                            <\/div>\n                <\/div>\n\n                <div class=\"twp-reacts-wrap\">\n                    <a react-data=\"be-react-3\" post-id=\"4106\" class=\"be-face-icons un-reacted\" href=\"javascript:void(0)\">\n                        <img decoding=\"async\" src=\"https:\/\/desteptati-va.ro\/wp-content\/plugins\/booster-extension\/\/assets\/icon\/excited.svg\" alt=\"Excited\">\n                    <\/a>\n                    <div class=\"twp-reaction-title\">\n                        Excited                    <\/div>\n                    <div class=\"twp-count-percent\">\n                                                    <span style=\"display: none;\" class=\"twp-react-count\">0<\/span>\n                                                                        <span class=\"twp-react-percent\"><span>0<\/span> %<\/span>\n                                            <\/div>\n                <\/div>\n\n                <div class=\"twp-reacts-wrap\">\n                    <a react-data=\"be-react-6\" post-id=\"4106\" class=\"be-face-icons un-reacted\" href=\"javascript:void(0)\">\n                        <img decoding=\"async\" src=\"https:\/\/desteptati-va.ro\/wp-content\/plugins\/booster-extension\/\/assets\/icon\/sleepy.svg\" alt=\"Sleepy\">\n                    <\/a>\n                    <div class=\"twp-reaction-title\">\n                        Sleepy                    <\/div>\n                    <div class=\"twp-count-percent\">\n                                                    <span style=\"display: none;\" class=\"twp-react-count\">0<\/span>\n                        \n                                                <span class=\"twp-react-percent\"><span>0<\/span> %<\/span>\n                                            <\/div>\n                <\/div>\n\n                <div class=\"twp-reacts-wrap\">\n                    <a react-data=\"be-react-4\" post-id=\"4106\" class=\"be-face-icons un-reacted\" href=\"javascript:void(0)\">\n                        <img decoding=\"async\" src=\"https:\/\/desteptati-va.ro\/wp-content\/plugins\/booster-extension\/\/assets\/icon\/angry.svg\" alt=\"Angry\">\n                    <\/a>\n                    <div class=\"twp-reaction-title\">Angry<\/div>\n                    <div class=\"twp-count-percent\">\n                                                    <span style=\"display: none;\" class=\"twp-react-count\">0<\/span>\n                                                                        <span class=\"twp-react-percent\"><span>0<\/span> %<\/span>\n                        \n                    <\/div>\n                <\/div>\n\n                <div class=\"twp-reacts-wrap\">\n                    <a react-data=\"be-react-5\" post-id=\"4106\" class=\"be-face-icons un-reacted\" href=\"javascript:void(0)\">\n                        <img decoding=\"async\" src=\"https:\/\/desteptati-va.ro\/wp-content\/plugins\/booster-extension\/\/assets\/icon\/surprise.svg\" alt=\"Surprise\">\n                    <\/a>\n                    <div class=\"twp-reaction-title\">Surprise<\/div>\n                    <div class=\"twp-count-percent\">\n                                                    <span style=\"display: none;\" class=\"twp-react-count\">0<\/span>\n                                                                        <span class=\"twp-react-percent\"><span>0<\/span> %<\/span>\n                                            <\/div>\n                <\/div>\n\n            <\/div>\n        <\/div>\n\n    <\/div>","protected":false},"excerpt":{"rendered":"<p>1993 Ianuarie UDMR propune o Lege a minorit\u0103\u0163ilor na\u0163ionale prin care se cerea: autodeterminare, identitate colectiv\u0103, drepturi colective, dreptul comunitar<a href=\"https:\/\/desteptati-va.ro\/index.php\/2021\/04\/19\/cartea-neagra-a-udmr-1993-1997\/\">Read More<i class=\"fa fa-long-arrow-right\" aria-hidden=\"true\"><\/i><\/a><\/p>\n","protected":false},"author":1,"featured_media":2772,"comment_status":"open","ping_status":"open","sticky":false,"template":"","format":"standard","meta":{"_crdt_document":"","footnotes":""},"categories":[218,17],"tags":[509],"class_list":["post-4106","post","type-post","status-publish","format-standard","has-post-thumbnail","hentry","category-general","category-pareri-si-pozitii-publice","tag-iredentism"],"rise-blocks_total_comments":1,"rise-blocks_categories":[{"term_id":17,"name":"Pareri si pozitii publice","slug":"pareri-si-pozitii-publice","term_group":0,"term_taxonomy_id":17,"taxonomy":"category","description":"","parent":0,"count":18,"filter":"raw"}],"rise-blocks_excerpt":"1993 Ianuarie UDMR propune o Lege a minorit\u0103\u0163ilor na\u0163ionale prin care se cerea: autodeterminare, identitate colectiv\u0103, drepturi colective, dreptul comunitar al minorit\u0103\u0163ilor, drepturi specifice ale minorit\u0103\u0163ilor, utilizarea liber\u0103 a simbolurilor na\u0163ionale minoritare coinciz\u00e2nd cu ale unor state str\u0103ine, separarea integral\u0103 a \u00eenv\u0103\u0163\u0103m\u00e2ntului minoritar de cel rom\u00e2n etc., adic\u0103 revendic\u0103ri potrivnice standardelor europene. Legea nu intr\u0103 \u00een dezbaterea parlamentar\u0103. 10 ianuarie..","yoast_head":"<!-- This site is optimized with the Yoast SEO plugin v26.9 - https:\/\/yoast.com\/product\/yoast-seo-wordpress\/ -->\r\n<title>Cartea neagr\u0103 a UDMR 1993-1997 -<\/title>\r\n<meta name=\"robots\" content=\"index, follow, max-snippet:-1, max-image-preview:large, max-video-preview:-1\" \/>\r\n<link rel=\"canonical\" href=\"https:\/\/desteptati-va.ro\/index.php\/2021\/04\/19\/cartea-neagra-a-udmr-1993-1997\/\" \/>\r\n<meta property=\"og:locale\" content=\"ro_RO\" \/>\r\n<meta property=\"og:type\" content=\"article\" \/>\r\n<meta property=\"og:title\" content=\"Cartea neagr\u0103 a UDMR 1993-1997 -\" \/>\r\n<meta property=\"og:description\" content=\"1993 Ianuarie UDMR propune o Lege a minorit\u0103\u0163ilor na\u0163ionale prin care se cerea: autodeterminare, identitate colectiv\u0103, drepturi colective, dreptul comunitarRead More\" \/>\r\n<meta property=\"og:url\" content=\"https:\/\/desteptati-va.ro\/index.php\/2021\/04\/19\/cartea-neagra-a-udmr-1993-1997\/\" \/>\r\n<meta property=\"article:published_time\" content=\"2021-04-19T11:28:52+00:00\" \/>\r\n<meta property=\"og:image\" content=\"https:\/\/desteptati-va.ro\/wp-content\/uploads\/2021\/04\/barki-e1618831715243.jpg\" \/>\r\n\t<meta property=\"og:image:width\" content=\"255\" \/>\r\n\t<meta property=\"og:image:height\" content=\"201\" \/>\r\n\t<meta property=\"og:image:type\" content=\"image\/jpeg\" \/>\r\n<meta name=\"author\" content=\"wolfsoftcompany\" \/>\r\n<meta name=\"twitter:card\" content=\"summary_large_image\" \/>\r\n<meta name=\"twitter:label1\" content=\"Scris de\" \/>\n\t<meta name=\"twitter:data1\" content=\"wolfsoftcompany\" \/>\n\t<meta name=\"twitter:label2\" content=\"Timp estimat pentru citire\" \/>\n\t<meta name=\"twitter:data2\" content=\"35 de minute\" \/>\r\n<script type=\"application\/ld+json\" class=\"yoast-schema-graph\">{\"@context\":\"https:\/\/schema.org\",\"@graph\":[{\"@type\":\"Article\",\"@id\":\"https:\/\/desteptati-va.ro\/index.php\/2021\/04\/19\/cartea-neagra-a-udmr-1993-1997\/#article\",\"isPartOf\":{\"@id\":\"https:\/\/desteptati-va.ro\/index.php\/2021\/04\/19\/cartea-neagra-a-udmr-1993-1997\/\"},\"author\":{\"name\":\"wolfsoftcompany\",\"@id\":\"https:\/\/desteptati-va.ro\/#\/schema\/person\/13182deeebd44920914899f7bb262d6b\"},\"headline\":\"Cartea neagr\u0103 a UDMR 1993-1997\",\"datePublished\":\"2021-04-19T11:28:52+00:00\",\"mainEntityOfPage\":{\"@id\":\"https:\/\/desteptati-va.ro\/index.php\/2021\/04\/19\/cartea-neagra-a-udmr-1993-1997\/\"},\"wordCount\":7090,\"commentCount\":0,\"image\":{\"@id\":\"https:\/\/desteptati-va.ro\/index.php\/2021\/04\/19\/cartea-neagra-a-udmr-1993-1997\/#primaryimage\"},\"thumbnailUrl\":\"https:\/\/desteptati-va.ro\/wp-content\/uploads\/2021\/04\/barki-e1618831715243.jpg\",\"keywords\":[\"iredentism\"],\"articleSection\":[\"General\",\"Pareri si pozitii publice\"],\"inLanguage\":\"ro-RO\",\"potentialAction\":[{\"@type\":\"CommentAction\",\"name\":\"Comment\",\"target\":[\"https:\/\/desteptati-va.ro\/index.php\/2021\/04\/19\/cartea-neagra-a-udmr-1993-1997\/#respond\"]}]},{\"@type\":\"WebPage\",\"@id\":\"https:\/\/desteptati-va.ro\/index.php\/2021\/04\/19\/cartea-neagra-a-udmr-1993-1997\/\",\"url\":\"https:\/\/desteptati-va.ro\/index.php\/2021\/04\/19\/cartea-neagra-a-udmr-1993-1997\/\",\"name\":\"Cartea neagr\u0103 a UDMR 1993-1997 -\",\"isPartOf\":{\"@id\":\"https:\/\/desteptati-va.ro\/#website\"},\"primaryImageOfPage\":{\"@id\":\"https:\/\/desteptati-va.ro\/index.php\/2021\/04\/19\/cartea-neagra-a-udmr-1993-1997\/#primaryimage\"},\"image\":{\"@id\":\"https:\/\/desteptati-va.ro\/index.php\/2021\/04\/19\/cartea-neagra-a-udmr-1993-1997\/#primaryimage\"},\"thumbnailUrl\":\"https:\/\/desteptati-va.ro\/wp-content\/uploads\/2021\/04\/barki-e1618831715243.jpg\",\"datePublished\":\"2021-04-19T11:28:52+00:00\",\"author\":{\"@id\":\"https:\/\/desteptati-va.ro\/#\/schema\/person\/13182deeebd44920914899f7bb262d6b\"},\"breadcrumb\":{\"@id\":\"https:\/\/desteptati-va.ro\/index.php\/2021\/04\/19\/cartea-neagra-a-udmr-1993-1997\/#breadcrumb\"},\"inLanguage\":\"ro-RO\",\"potentialAction\":[{\"@type\":\"ReadAction\",\"target\":[\"https:\/\/desteptati-va.ro\/index.php\/2021\/04\/19\/cartea-neagra-a-udmr-1993-1997\/\"]}]},{\"@type\":\"ImageObject\",\"inLanguage\":\"ro-RO\",\"@id\":\"https:\/\/desteptati-va.ro\/index.php\/2021\/04\/19\/cartea-neagra-a-udmr-1993-1997\/#primaryimage\",\"url\":\"https:\/\/desteptati-va.ro\/wp-content\/uploads\/2021\/04\/barki-e1618831715243.jpg\",\"contentUrl\":\"https:\/\/desteptati-va.ro\/wp-content\/uploads\/2021\/04\/barki-e1618831715243.jpg\",\"width\":255,\"height\":201},{\"@type\":\"BreadcrumbList\",\"@id\":\"https:\/\/desteptati-va.ro\/index.php\/2021\/04\/19\/cartea-neagra-a-udmr-1993-1997\/#breadcrumb\",\"itemListElement\":[{\"@type\":\"ListItem\",\"position\":1,\"name\":\"Prima pagin\u0103\",\"item\":\"https:\/\/desteptati-va.ro\/\"},{\"@type\":\"ListItem\",\"position\":2,\"name\":\"Cartea neagr\u0103 a UDMR 1993-1997\"}]},{\"@type\":\"WebSite\",\"@id\":\"https:\/\/desteptati-va.ro\/#website\",\"url\":\"https:\/\/desteptati-va.ro\/\",\"name\":\"\",\"description\":\"\",\"potentialAction\":[{\"@type\":\"SearchAction\",\"target\":{\"@type\":\"EntryPoint\",\"urlTemplate\":\"https:\/\/desteptati-va.ro\/?s={search_term_string}\"},\"query-input\":{\"@type\":\"PropertyValueSpecification\",\"valueRequired\":true,\"valueName\":\"search_term_string\"}}],\"inLanguage\":\"ro-RO\"},{\"@type\":\"Person\",\"@id\":\"https:\/\/desteptati-va.ro\/#\/schema\/person\/13182deeebd44920914899f7bb262d6b\",\"name\":\"wolfsoftcompany\",\"image\":{\"@type\":\"ImageObject\",\"inLanguage\":\"ro-RO\",\"@id\":\"https:\/\/desteptati-va.ro\/#\/schema\/person\/image\/\",\"url\":\"https:\/\/secure.gravatar.com\/avatar\/a6cce9b6d101d27d91690e7073e300fed94c0899890bf998e082cb9d2c3d121e?s=96&d=mm&r=g\",\"contentUrl\":\"https:\/\/secure.gravatar.com\/avatar\/a6cce9b6d101d27d91690e7073e300fed94c0899890bf998e082cb9d2c3d121e?s=96&d=mm&r=g\",\"caption\":\"wolfsoftcompany\"},\"sameAs\":[\"http:\/\/desteptati-va.ro\"],\"url\":\"https:\/\/desteptati-va.ro\/index.php\/author\/wolfsoftcompany\/\"}]}<\/script>\r\n<!-- \/ Yoast SEO plugin. -->","yoast_head_json":{"title":"Cartea neagr\u0103 a UDMR 1993-1997 -","robots":{"index":"index","follow":"follow","max-snippet":"max-snippet:-1","max-image-preview":"max-image-preview:large","max-video-preview":"max-video-preview:-1"},"canonical":"https:\/\/desteptati-va.ro\/index.php\/2021\/04\/19\/cartea-neagra-a-udmr-1993-1997\/","og_locale":"ro_RO","og_type":"article","og_title":"Cartea neagr\u0103 a UDMR 1993-1997 -","og_description":"1993 Ianuarie UDMR propune o Lege a minorit\u0103\u0163ilor na\u0163ionale prin care se cerea: autodeterminare, identitate colectiv\u0103, drepturi colective, dreptul comunitarRead More","og_url":"https:\/\/desteptati-va.ro\/index.php\/2021\/04\/19\/cartea-neagra-a-udmr-1993-1997\/","article_published_time":"2021-04-19T11:28:52+00:00","og_image":[{"width":255,"height":201,"url":"https:\/\/desteptati-va.ro\/wp-content\/uploads\/2021\/04\/barki-e1618831715243.jpg","type":"image\/jpeg"}],"author":"wolfsoftcompany","twitter_card":"summary_large_image","twitter_misc":{"Scris de":"wolfsoftcompany","Timp estimat pentru citire":"35 de minute"},"schema":{"@context":"https:\/\/schema.org","@graph":[{"@type":"Article","@id":"https:\/\/desteptati-va.ro\/index.php\/2021\/04\/19\/cartea-neagra-a-udmr-1993-1997\/#article","isPartOf":{"@id":"https:\/\/desteptati-va.ro\/index.php\/2021\/04\/19\/cartea-neagra-a-udmr-1993-1997\/"},"author":{"name":"wolfsoftcompany","@id":"https:\/\/desteptati-va.ro\/#\/schema\/person\/13182deeebd44920914899f7bb262d6b"},"headline":"Cartea neagr\u0103 a UDMR 1993-1997","datePublished":"2021-04-19T11:28:52+00:00","mainEntityOfPage":{"@id":"https:\/\/desteptati-va.ro\/index.php\/2021\/04\/19\/cartea-neagra-a-udmr-1993-1997\/"},"wordCount":7090,"commentCount":0,"image":{"@id":"https:\/\/desteptati-va.ro\/index.php\/2021\/04\/19\/cartea-neagra-a-udmr-1993-1997\/#primaryimage"},"thumbnailUrl":"https:\/\/desteptati-va.ro\/wp-content\/uploads\/2021\/04\/barki-e1618831715243.jpg","keywords":["iredentism"],"articleSection":["General","Pareri si pozitii publice"],"inLanguage":"ro-RO","potentialAction":[{"@type":"CommentAction","name":"Comment","target":["https:\/\/desteptati-va.ro\/index.php\/2021\/04\/19\/cartea-neagra-a-udmr-1993-1997\/#respond"]}]},{"@type":"WebPage","@id":"https:\/\/desteptati-va.ro\/index.php\/2021\/04\/19\/cartea-neagra-a-udmr-1993-1997\/","url":"https:\/\/desteptati-va.ro\/index.php\/2021\/04\/19\/cartea-neagra-a-udmr-1993-1997\/","name":"Cartea neagr\u0103 a UDMR 1993-1997 -","isPartOf":{"@id":"https:\/\/desteptati-va.ro\/#website"},"primaryImageOfPage":{"@id":"https:\/\/desteptati-va.ro\/index.php\/2021\/04\/19\/cartea-neagra-a-udmr-1993-1997\/#primaryimage"},"image":{"@id":"https:\/\/desteptati-va.ro\/index.php\/2021\/04\/19\/cartea-neagra-a-udmr-1993-1997\/#primaryimage"},"thumbnailUrl":"https:\/\/desteptati-va.ro\/wp-content\/uploads\/2021\/04\/barki-e1618831715243.jpg","datePublished":"2021-04-19T11:28:52+00:00","author":{"@id":"https:\/\/desteptati-va.ro\/#\/schema\/person\/13182deeebd44920914899f7bb262d6b"},"breadcrumb":{"@id":"https:\/\/desteptati-va.ro\/index.php\/2021\/04\/19\/cartea-neagra-a-udmr-1993-1997\/#breadcrumb"},"inLanguage":"ro-RO","potentialAction":[{"@type":"ReadAction","target":["https:\/\/desteptati-va.ro\/index.php\/2021\/04\/19\/cartea-neagra-a-udmr-1993-1997\/"]}]},{"@type":"ImageObject","inLanguage":"ro-RO","@id":"https:\/\/desteptati-va.ro\/index.php\/2021\/04\/19\/cartea-neagra-a-udmr-1993-1997\/#primaryimage","url":"https:\/\/desteptati-va.ro\/wp-content\/uploads\/2021\/04\/barki-e1618831715243.jpg","contentUrl":"https:\/\/desteptati-va.ro\/wp-content\/uploads\/2021\/04\/barki-e1618831715243.jpg","width":255,"height":201},{"@type":"BreadcrumbList","@id":"https:\/\/desteptati-va.ro\/index.php\/2021\/04\/19\/cartea-neagra-a-udmr-1993-1997\/#breadcrumb","itemListElement":[{"@type":"ListItem","position":1,"name":"Prima pagin\u0103","item":"https:\/\/desteptati-va.ro\/"},{"@type":"ListItem","position":2,"name":"Cartea neagr\u0103 a UDMR 1993-1997"}]},{"@type":"WebSite","@id":"https:\/\/desteptati-va.ro\/#website","url":"https:\/\/desteptati-va.ro\/","name":"","description":"","potentialAction":[{"@type":"SearchAction","target":{"@type":"EntryPoint","urlTemplate":"https:\/\/desteptati-va.ro\/?s={search_term_string}"},"query-input":{"@type":"PropertyValueSpecification","valueRequired":true,"valueName":"search_term_string"}}],"inLanguage":"ro-RO"},{"@type":"Person","@id":"https:\/\/desteptati-va.ro\/#\/schema\/person\/13182deeebd44920914899f7bb262d6b","name":"wolfsoftcompany","image":{"@type":"ImageObject","inLanguage":"ro-RO","@id":"https:\/\/desteptati-va.ro\/#\/schema\/person\/image\/","url":"https:\/\/secure.gravatar.com\/avatar\/a6cce9b6d101d27d91690e7073e300fed94c0899890bf998e082cb9d2c3d121e?s=96&d=mm&r=g","contentUrl":"https:\/\/secure.gravatar.com\/avatar\/a6cce9b6d101d27d91690e7073e300fed94c0899890bf998e082cb9d2c3d121e?s=96&d=mm&r=g","caption":"wolfsoftcompany"},"sameAs":["http:\/\/desteptati-va.ro"],"url":"https:\/\/desteptati-va.ro\/index.php\/author\/wolfsoftcompany\/"}]}},"_links":{"self":[{"href":"https:\/\/desteptati-va.ro\/index.php\/wp-json\/wp\/v2\/posts\/4106","targetHints":{"allow":["GET"]}}],"collection":[{"href":"https:\/\/desteptati-va.ro\/index.php\/wp-json\/wp\/v2\/posts"}],"about":[{"href":"https:\/\/desteptati-va.ro\/index.php\/wp-json\/wp\/v2\/types\/post"}],"author":[{"embeddable":true,"href":"https:\/\/desteptati-va.ro\/index.php\/wp-json\/wp\/v2\/users\/1"}],"replies":[{"embeddable":true,"href":"https:\/\/desteptati-va.ro\/index.php\/wp-json\/wp\/v2\/comments?post=4106"}],"version-history":[{"count":1,"href":"https:\/\/desteptati-va.ro\/index.php\/wp-json\/wp\/v2\/posts\/4106\/revisions"}],"predecessor-version":[{"id":4108,"href":"https:\/\/desteptati-va.ro\/index.php\/wp-json\/wp\/v2\/posts\/4106\/revisions\/4108"}],"wp:featuredmedia":[{"embeddable":true,"href":"https:\/\/desteptati-va.ro\/index.php\/wp-json\/wp\/v2\/media\/2772"}],"wp:attachment":[{"href":"https:\/\/desteptati-va.ro\/index.php\/wp-json\/wp\/v2\/media?parent=4106"}],"wp:term":[{"taxonomy":"category","embeddable":true,"href":"https:\/\/desteptati-va.ro\/index.php\/wp-json\/wp\/v2\/categories?post=4106"},{"taxonomy":"post_tag","embeddable":true,"href":"https:\/\/desteptati-va.ro\/index.php\/wp-json\/wp\/v2\/tags?post=4106"}],"curies":[{"name":"wp","href":"https:\/\/api.w.org\/{rel}","templated":true}]}}