{"id":4109,"date":"2021-04-19T11:30:40","date_gmt":"2021-04-19T11:30:40","guid":{"rendered":"http:\/\/desteptati.ro\/?p=4109"},"modified":"2022-02-01T10:38:59","modified_gmt":"2022-02-01T08:38:59","slug":"cartea-neagra-a-udmr-1989-1992","status":"publish","type":"post","link":"https:\/\/desteptati-va.ro\/index.php\/2021\/04\/19\/cartea-neagra-a-udmr-1989-1992\/","title":{"rendered":"Cartea neagr\u0103 a UDMR 1989-1992"},"content":{"rendered":"<div class=\"post-content\"><div class='booster-block booster-read-block'>\n                <div class=\"twp-read-time\">\n                \t<i class=\"booster-icon twp-clock\"><\/i> <span>Read Time:<\/span>32 Minute, 1 Second                <\/div>\n\n            <\/div><h3><span style=\"color: #ff0000;\"><strong>1989, <\/strong>25 decembrie<\/span><\/h3>\n<h4>\u00cen jude\u0163ele Harghita \u015fi Covasna, demonstra\u0163iile violente ale maghiarilor se desf\u0103\u015foar\u0103 \u00eempotriva sediilor Mili\u0163iei \u015fi Securit\u0103\u0163ii \u015fi a simbolurilor na\u0163ionale ale statului rom\u00e2n, cu sloganuri ca: &#8222;Horthy, Horthy!&#8221;, &#8222;Tr\u0103iasc\u0103 Ungaria!&#8221;, &#8222;Ardealul la Ungaria!&#8221;, &#8222;Acum ori niciodat\u0103!&#8221;, &#8222;Afar\u0103 cu rom\u00e2nii \u00eempu\u0163i\u0163i!&#8221;. Manifestan\u0163ii au atacat predilect sediile de mili\u0163ie, 38 dintre ele fiind ocupate \u015fi devastate. Ofi\u0163eri \u015fi subofi\u0163eri \u00een uniforma statului rom\u00e2n au fost batjocori\u0163i, maltrata\u0163i, \u015fase dintre ei fiind uci\u015fi \u00een mod barbar.<\/h4>\n<h4>Colonelul Dumitru Coman (Odorheiu Secuiesc), plutonierul major Liviu Teofil Cheuchi\u015fan (com. Dealu Harghita), maiorul Aurel Agache (T\u00e2rgu Secuiesc), plutonierul Gabi D\u0103nil\u0103 (Zetea Harghita), de\u015fi n-au folosit armele de foc \u015fi s-au purtat pa\u015fnic, au fost uci\u015fi public cu s\u0103lb\u0103ticie.<\/h4>\n<h4>O soart\u0103 similar\u0103 au avut-o \u015fi Ferencz Emeric (Cristuru Secuiesc) \u015fi Gavril&nbsp;Szekely (Odorhei), \u015fi ei ofi\u0163eri de mili\u0163ie, pentru c\u0103 s-au opus la maltratarea \u015fi uciderea colegilor lor rom\u00e2ni.<\/h4>\n<h4>Asasinatele au avut caracter ritual, de intimidare a rom\u00e2nilor. Maiorul Aurel Agache a fost ucis demonstrativ \u00een centrul ora\u015fului Tg. Secuiesc, fiind lovit \u015fi scuipat ore \u00eentregi de to\u0163i maghiarii prezen\u0163i la crim\u0103. \u00centr-un ochi i s-a implantat o moned\u0103 cu simbolurile rom\u00e2ne\u015fti, \u00een cel\u0103lalt emblema (simbol de stat) de la cascheta uniformei. \u00cen gur\u0103 i s-a pus un \u015fobolan, iar \u00eencercarea de a-i da foc s-a soldat doar cu arderea uniformei, \u00eentruc\u00e2t hainele \u00eei erau \u00eembibate cu s\u00e2nge.<\/h4>\n<h4>\u00cen comuna Dealu a fost lin\u015fat de unguri Liviu Teofil Cheuchi\u015fan, pe care au \u00eencercat s\u0103-l jupoaie folosind o furculi\u0163\u0103, sub ochii familiei, mam\u0103 \u015fi copii, dar \u015fi \u00een prezenta \u00eentregii comunit\u0103\u0163i maghiare, care era de fa\u0163\u0103.<\/h4>\n<h4>Sute de mili\u0163ieni rom\u00e2ni, din Harghita \u015fi Covasna au fost crunt maltrata\u0163i \u015fi traumatiza\u0163i, mul\u0163i fiind spitaliza\u0163i, dup\u0103 aceea, luni de zile. S-au furat circa 400 de arme automate, cu muni\u0163ie, dintre care 72 nu s-au mai recuperat, \u015fi nici 3832 de cartu\u015fe. Mili\u0163ienii maghiari, cu cele dou\u0103 excep\u0163ii amintite, au fost scuti\u0163i de acest tratament, ceea ce indic\u0103 ostilitatea fa\u0163\u0103 de Statul Rom\u00e2n \u015fi simbolurile sale \u015fi fa\u0163\u0103 de reprezentan\u0163ii rom\u00e2ni ai autorit\u0103\u021bii de stat.<\/h4>\n<h4><\/h4>\n<h4>Au fost profanate, vandalizate \u015fi distruse monumente dedicate Armatei Rom\u00e2ne, eroilor rom\u00e2ni, personalit\u0103\u0163ilor istorice rom\u00e2ne\u015fti de seam\u0103.<\/h4>\n<h4>Bisericile ortodoxe au fost atacate, profanate, geamurile sparte, preo\u0163ii \u015fi credincio\u015fii acestor biserici fiind insulta\u0163i, amenin\u021ba\u021bi \u015fi lovi\u0163i, a\u0219a cum s-a \u00eent\u00e2mplat la Baraolt (Covasna), unde s-a profanat \u015fi cimitirul ortodox. Preotul Ciprian Manea a fost amenin\u0163at \u00een repetate r\u00e2nduri cu moartea la Gheorghieni \u015fi la Praid.<\/h4>\n<h4>Biserica ortodox\u0103 din Tg. Secuiesc a fost asediat\u0103 de manifestan\u0163i maghiari, iar preotul parohiei, Ioan Bercu, amenin\u0163at cu moartea luni \u00een \u015fir cu vorbele: \u201eUnde-i preotul rom\u00e2n s\u0103-i t\u0103iem g\u00e2tul?&#8221;. Preotul Ioan Bercu s-a refugiat \u00een comuna Z\u0103bala, iar alt preot, Dumitru Merlu\u015fc\u0103 (Ciceu), \u00een urma atac\u0103rii casei cu bolovani \u015fi amenin\u021b\u0103rilor cu cu\u0163itul, s-a refugiat \u00een Moldova. Al\u0163i preo\u0163i: Dumitru Apostol (Vl\u0103hi\u0163a), Eugen Micu (Praid), Traian F\u00e2nt\u00e2naru (Gheorghieni), protopopul Dumitru Gherman (Miercurea Ciuc) \u015fi al\u0163ii au fost obliga\u0163i s\u0103 fug\u0103 din localit\u0103\u0163ile lor, sub presiunea unor localnici maghiari, organiza\u0163i \u015fi instiga\u0163i de U.D.M.R.<\/h4>\n<h4>\u00cen timpul manifesta\u0163iilor maghiare din Harghita \u015fi Covasna s-au arborat steaguri ale Ungariei Mari \u015fi s-au strigat lozinci antirom\u00e2ne\u015fti, \u015fovine.<\/h4>\n<h4>S-au \u0163inut discursuri revizioniste viz\u00e2nd schimbarea hotarelor dintre Ungaria \u015fi Rom\u00e2nia.<\/h4>\n<h4>Sub deviza \u201eepurarea comuni\u015ftilor&#8221;, de fapt o purificare etnic\u0103 mascat\u0103, au fost \u00eenl\u0103tura\u0163i din func\u0163iile de conducere ale organelor locale \u015fi ale administra\u0163iei de stat, ca \u015fi a unit\u0103\u0163ilor economice, numero\u015fi rom\u00e2ni, \u00een timp ce vechii comuni\u015fti maghiari, stalini\u015fti, au fost men\u0163inu\u0163i \u00een func\u0163ii. Rom\u00e2nii au fost \u00eenl\u0103tura\u0163i \u015fi alunga\u0163i din func\u0163iile publice sau din localit\u0103\u0163i doar pentru c\u0103 erau rom\u00e2ni.<\/h4>\n<h4>\u00cen Harghita, sub \u00eendrumarea UDMR, s-a vorbit despre un jude\u0163 secuiesc, sustras autorit\u0103\u0163ii de stat a Rom\u00e2niei.<\/h4>\n<h4>La Sovata, \u00een zilele de 22 \u015fi 23 decembrie au fost devastate locuin\u0163ele a 5 cet\u0103\u0163eni: a fostului primar, a 3 mili\u0163ieni, iar casei fostei secretare cu propaganda i s-a dat foc \u015fi a ars. De asemenea, s-au produs mari stric\u0103ciuni sediului Prim\u0103riei. Proprietarii acestor imobile au sc\u0103pat cu via\u0163\u0103 datorit\u0103 ac\u0163iunii unor oameni de bine, rom\u00e2ni \u015fi maghiari din localitate. Prin amploarea lor, aceste acte au provocat panic\u0103 \u00een r\u00e2ndul popula\u0163iei rom\u00e2ne din \u00eentreg jude\u0163ul Mure\u015f.<\/h4>\n<h4><strong>1990<\/strong><\/h4>\n<h4>Ianuarie<\/h4>\n<h4>La \u00eenceputul anului 1990, UDMR a ini\u0163iat reorganizarea \u00eenv\u0103\u0163\u0103m\u00e2ntului \u00een jude\u0163ele Mure\u015f, Harghita \u015fi Covasna, pe principiul segreg\u0103rii, al separ\u0103rii de rom\u00e2ni, promov\u00e2nd numai \u00eenv\u0103\u0163\u0103m\u00e2ntul \u00een limba maghiar\u0103 \u015fi refuz\u00e2nd orice subordonare fa\u0163\u0103 de institu\u0163iile Statului Rom\u00e2n.<\/h4>\n<h4>Profesorii rom\u00e2ni au fost sco\u015fi din \u015fcolile maghiare \u201epurificate&#8221; \u015fi obliga\u0163i s\u0103-\u015fi p\u0103r\u0103seasc\u0103 func\u0163iile de\u0163inute \u015fi chiar jude\u0163ul. Elevii rom\u00e2ni, minoritari, au fost supu\u015fi maltrat\u0103rilor \u015fi violen\u0163elor fizice de c\u0103tre colegii lor maghiari, majoritari.<\/h4>\n<h4>Centrul de greutate al ac\u0163iunilor UDMR-ului este \u00een jude\u0163ul Mure\u015f, la Tg. Mure\u015f.<\/h4>\n<h4>Debutul a avut loc la 19 ianuarie, c\u00e2nd Consiliul jude\u0163ean Mure\u015f al Frontului Salv\u0103rii Na\u0163ionale a hot\u0103r\u00e2t ca, \u00eencep\u00e2nd cu aceast\u0103 dat\u0103, s\u0103 aib\u0103 loc separarea etnic\u0103 a liceelor mure\u015fene, Liceul \u201eAlexandru Papiu Ilarian&#8221; din Tg. Mure\u015f s\u0103 fie declarat liceu cu limb\u0103 de predare rom\u00e2n\u0103, iar Liceul &#8222;Bolyai Farkas&#8221; s\u0103 fie liceu cu limb\u0103 de predare maghiar\u0103, ceea ce a generat nenum\u0103rate tensiuni \u015fi convulsii sociale.<\/h4>\n<h4>UDMR a trecut la scoaterea cu for\u0163a a profesorilor rom\u00e2ni din \u015fcoli, ac\u0163iune care a atins cote dramatice la Liceul Farkas Bolyai din Tg. Mure\u015f. Oribilul gest \u015fi altele similare au indus o puternic\u0103 nemul\u0163umire \u00een r\u00e2ndul popula\u0163iei rom\u00e2ne\u015fti.<\/h4>\n<h4>Separatismul etnic \u00een \u00eenv\u0103\u0163\u0103m\u00e2nt nu promoveaz\u0103 iubirea \u015fi buna \u00een\u0163elegere \u00eentre oameni, ci duce la izola\u0163ionism, exclusivism \u015fi, astfel, la \u00eenveninarea rela\u0163iilor \u00een via\u0163a de toate zilele. Pentru luarea de decizii pe cont propriu privind separarea \u00eenv\u0103\u0163\u0103m\u00e2ntului \u00een limb\u0103 maghiar\u0103 de cel \u00een limba rom\u00e2n\u0103, Attila P\u00e1lfalvyi a fost eliberat din func\u0163ia de adjunct al ministrului \u00eenv\u0103\u0163\u0103m\u00e2ntului.<\/h4>\n<h4>Prin atitudinea separatist\u0103 adoptat\u0103 \u015fi prin implicarea sa pentru acordarea unor drepturi necuvenite minorit\u0103\u0163ii maghiare, apare \u015fi se remarc\u0103 pe scena politic\u0103 rom\u00e2neasc\u0103 Smaranda Enache.<\/h4>\n<h4>Prin \u201eeforturile&#8221; domnilor El\u00f6d Kincses \u015fi Attila Jakobffi, virusul separatismului s-a extins \u015fi la Institutul de Medicin\u0103 \u015fi Farmacie din Tg. Mure\u015f, unde studen\u0163ii \u015fi cadrele didactice maghiare au solicitat scindarea administrativ\u0103 a acestuia \u015fi predare exclusiv \u00een limba maghiar\u0103.<\/h4>\n<h4>Februarie<\/h4>\n<h4>La \u00eenceputul anului 1990, din 197 de posturi de directori \u015fi directori adjunc\u0163i de \u015fcoal\u0103 (\u00een Harghita) 32 erau ocupate de rom\u00e2ni, dintre care doar 12 erau directori.<\/h4>\n<h4>\u00cen Baraolt, minerii maghiari din localitate au avut rolul de a-i insulta, batjocori, amenin\u0163a \u015fi agresa \u00een public pe profesorii rom\u00e2ni. Elevii rom\u00e2ni sco\u015fi din \u015fcolile maghiare au fost plasa\u0163i \u00een spa\u0163ii complet inadecvate procesului de \u00eenv\u0103\u0163\u0103m\u00e2nt. La fel s-a \u00eent\u00e2mplat la Sf. Gheorghe, la Odorheiul Secuiesc, la Tg. Secuiesc (unde elevii rom\u00e2ni au fost repartiza\u0163i \u00een cl\u0103direa unor foste grajduri) \u015fi la Miercurea Ciuc.<\/h4>\n<figure id=\"attachment_3730\" aria-describedby=\"caption-attachment-3730\" style=\"width: 280px\" class=\"wp-caption aligncenter\"><a href=\"http:\/\/www.desteptati-va.ro\/wp-content\/uploads\/2012\/06\/criminalul_de_razboi_albert_wass.jpg\"><img loading=\"lazy\" decoding=\"async\" class=\"size-full wp-image-3730\" title=\"criminalul_de_razboi_albert_wass\" src=\"http:\/\/www.desteptati-va.ro\/wp-content\/uploads\/2012\/06\/criminalul_de_razboi_albert_wass.jpg\" alt=\"Criminalul de r\u0103zboi Albert Wass\" width=\"280\" height=\"280\"><\/a><figcaption id=\"caption-attachment-3730\" class=\"wp-caption-text\">Criminalul de r\u0103zboi Albert Wass<\/figcaption><\/figure>\n<h4>Numele rom\u00e2ne\u015fti ale \u015fcolilor au fost \u00eenlocuite cu nume ungure\u015fti, prefer\u00e2ndu-se chiar numele unui cunoscut criminal de r\u0103zboi ungur, Albert Wass, vinovat, \u00een septembrie 1940, de moartea a 14 rom\u00e2ni din Sucutard \u015fi Mure\u0219enii de C\u00e2mpie \u00eentre care un preot \u015fi o feti\u0163\u0103 de patru ani.<\/h4>\n<h4>Dup\u0103 eliminarea elevilor \u015fi profesorilor rom\u00e2ni din \u015fcolile ungure\u015fti, unde urma s\u0103 se foloseasc\u0103 doar limba maghiar\u0103, au fost aduse manuale \u015fcolare din Ungaria, de orientare revizionist\u0103. Aceast\u0103 ac\u0163iune coordonat\u0103 de UDMR a fost \u00een mod v\u0103dit separatist\u0103, sfid\u00e2nd Statul Rom\u00e2n, \u015fi a fost sus\u0163inut\u0103 de reprezentan\u0163i ai Guvernului provizoriu de la Bucure\u015fti, care au ac\u0163ionat \u00een consens cu UDMR.<\/h4>\n<h4>\u00cencerc\u0103rile de segregare pentru func\u0163ionarea unor \u015fcoli cu elevi exclusiv maghiari \u015fi folosirea limbii de predare exclusiv maghiar\u0103, au continuat \u015fi \u00een jude\u0163ul Mure\u015f, unde rom\u00e2nii, fiind paritari ca num\u0103r cu maghiarii, ac\u0163iunea a e\u015fuat. Urmarea a fost organizarea de c\u0103tre UDMR a rebeliunii de la 20 martie 1990, prin care se \u00eencerca scoaterea de sub jurisdic\u0163ia Statului Rom\u00e2n a teritoriilor locuite majoritar de unguri \u015fi secui.<\/h4>\n<h4>7 februarie &#8211;&nbsp; Are loc mitingul elevilor rom\u00e2ni de la Liceul Farkas Bolyai din Tg. Mure\u015f, care se termin\u0103 cu un mar\u015f al acestora prin centrul ora\u015fului, scand\u00e2nd lozinci semnificative pentru idealul tinerei genera\u0163ii de a tr\u0103i \u00een deplin\u0103 fr\u0103\u021bie \u015fi armonie: \u201eSuntem fra\u0163i, nu ne separa\u0163i!&#8221;, &#8222;Vrem licee mixte, nu separatiste&#8221;, &#8222;Unde-i democra\u0163ia, dac\u0103 s-a distrus fr\u0103\u0163ia?&#8221;.<\/h4>\n<h4>8 februarie &#8211;&nbsp; \u00cen prezen\u0163a a 15.000 de cet\u0103\u0163eni din jude\u0163ul Mure\u015f, la Sala sporturilor din Tg. Mure\u015f s-a constituit Uniunea Na\u0163ional\u0103 Vatra Rom\u00e2neasc\u0103, forma\u0163iune de atitudine civic\u0103 \u015fi cultural\u0103 cu pronun\u0163at\u0103 orientare umanist\u0103 de sus\u0163inere a fiin\u0163ei na\u0163ionale \u015fi de combatere a manifest\u0103rilor str\u0103ine democra\u0163iei reale. Ea a reprezentat o st\u00e2nc\u0103 puternic\u0103 ce a spart valul iredentist. Scopul ei imediat a fost \u00eenl\u0103turarea vidului de putere ap\u0103rut din cauza nefunc\u0163ion\u0103rii institu\u0163iilor statului, prin mobilizarea popula\u0163iei rom\u00e2ne\u015fti \u00een vederea contracar\u0103rii ac\u0163iunilor agresive ale UDMR, care destabilizase aceast\u0103 zona a \u0163\u0103rii. Datorit\u0103 z\u0103d\u0103rnicirii ac\u0163iunilor m\u00e2r\u015fave ale UDMR, Uniunea Vatra Rom\u00e2neasc\u0103 a fost catalogat\u0103 de c\u0103tre acesta drept o organiza\u0163ie fascist\u0103.<\/h4>\n<h4>9 februarie &#8211; Se deplaseaz\u0103 la Tg. Mure\u015f pentru a analiza situa\u0163ia critic\u0103 a \u00eenv\u0103\u0163\u0103m\u00e2ntului mure\u015fean, destabilizat\u0103 de elementele extremiste ale UDMR prim-adjunctul ministrului \u00eenv\u0103\u0163\u0103m\u00e2ntului, prof. dr. Octavian St\u0103n\u0103\u015fil\u0103, \u015fi adjunc\u0163ii dr. Lajos D\u00e9menyi \u015fi prof. Hans-Otto Stamp. \u00cen urma analizei situa\u0163iei, conducerea ministerului s-a pronun\u0163at \u00eempotriva separatismului \u00een \u015fcoli.<\/h4>\n<h4>14 februarie \u2013 La sala de festivit\u0103\u0163i a Casei Universitarilor din Cluj-Napoca, \u00eentr-o atmosfer\u0103 emo\u0163ionant\u0103, se \u00eenfiin\u021beaz\u0103 filiala din Cluj-Napoca a Uniunii Vatra Rom\u00e2neasc\u0103.<\/h4>\n<h4>15 februarie \u2013 \u00cen cotidianul <em>Cuv\u00e2ntul liber<\/em> din Tg. Mure\u015f sunt prezentate c\u0103r\u0163i de istorie \u00een limba maghiar\u0103 cu&nbsp; con\u0163inut iredentist, introduse \u015fi distribuite \u00een mod ilegal \u00een \u0163ar\u0103.<\/h4>\n<h4>16 februarie &#8211; Se \u00eenfiin\u0163eaz\u0103 filiale ale Uniunii Vatra Rom\u00e2neasc\u0103 la Baia Mare, Satu Mare \u015fi Alba Iulia \u015fi, apoi, \u00een toate jude\u0163ele \u0163\u0103rii.<\/h4>\n<h4>27 februarie \u2013 Statuia lui Avram Iancu din Tg. Mure\u015f este profanat\u0103.<\/h4>\n<h4>28 februarie \u2013 1 martie \u2013 Datorit\u0103 situa\u0163iei create \u00een Transilvania, care punea \u00een pericol integritatea Rom\u00e2niei, Uniunea Vatra Rom\u00e2neasc\u0103 a trimis la Bucure\u015fti o delega\u0163ie puternic\u0103 format\u0103 din personalit\u0103\u0163i locale din Tg. Mure\u015f, Cluj-Napoca, Miercurea Ciuc cu scopul de a informa conducerea statului \u015fi partidele politice asupra pericolului deosebit de grav al ac\u0163iunilor \u00een for\u0163\u0103 ale UDMR. Timp de 2 zile, delega\u0163ia amintit\u0103 a avut convorbiri cu Ion Iliescu \u2013 pre\u015fedintele CPUN \u2013, Radu C\u00e2mpeanu \u2013 pre\u015fedintele PNL, \u00eentreaga conducere a PN\u0162CD, Ion M\u00e2nzatu \u2013 vicepre\u015fedinte al CPUN \u015fi pre\u015fedintele Partidului Republican, Athanasie St\u0103nculescu \u2013 ministrul Ap\u0103r\u0103rii Na\u0163ionale, Ion Chi\u0163ac \u2013 ministrul de Interne, conducerea ziarelor <em>Rom\u00e2nia liber\u0103<\/em> \u015fi <em>Tineretul liber<\/em>. De la aceasta dat\u0103, partidele politice de\u0163ineau suficiente dovezi pe baz\u0103 de fapte \u015fi documente cu privire la inten\u0163iile UDMR, informa\u0163ii, din p\u0103cate \u00eensu\u015fite de unii factori de r\u0103spundere doar par\u0163ial \u015fi ignorate de c\u0103tre al\u0163ii.<\/h4>\n<h4>Martie<\/h4>\n<h4>7 martie \u2013 Ca urmare a sensibiliz\u0103rii factorilor politici \u00een problema Transilvaniei, conducerea CPUN a acceptat la lucr\u0103rile acestui forum a pre\u015fedintelui Uniunii Vatra Rom\u00e2neasc\u0103, Radu Ciontea, m\u0103sur\u0103 contramandat\u0103 \u00een grab\u0103 la protestele UDMR, pe motiv, afirma acesta, c\u0103 Uniunea Vatra Rom\u00e2neasc\u0103 nu este o organiza\u0163ie politic\u0103, ci cultural\u0103.<\/h4>\n<h4>9 martie \u2013 Din partea \u201eComitetului pentru Transilvania\u201c al rom\u00e2nilor din New York se prime\u015fte o scrisoare din care cit\u0103m: &#8222;Radioul unguresc din New York a condamnat guvernul unguresc pentru c\u0103 nu a profitat de ocazie atunci c\u00e2nd Rom\u00e2nia a fost \u00een plin\u0103 revolt\u0103, s\u0103 fi invadat Transilvania \u015fi s-o anexeze Ungariei. La 7 ianuarie Asocia\u0163ia ungurilor americani, discut\u00e2nd problema Ardealului, declar\u0103: &#8222;Ceau\u015fescu a c\u0103zut cu s\u00e2nge unguresc, dar sacrificiul acesta nu este destul. Ungurii din Transilvania trebuie s\u0103 fie elibera\u0163i \u015fi anexa\u0163i la Ungaria. \u00cen orice caz trebuie s\u0103 \u00eencerc\u0103m \u00eent\u00e2i rezolvarea pe cale pa\u015fnic\u0103. Sunt trei posibilit\u0103\u021bi: 1. Un verdict interna\u0163ional 2. O Transilvanie independent\u0103 de tipul Elve\u0163iei 3. Toat\u0103 Transilvania trebuie luat\u0103 cu for\u0163a \u015fi anexat\u0103 Ungariei. Ungurii din America sunt gata s\u0103 discute cu guvernul ungar ce este de f\u0103cut. Tibor Demeter, pre\u015fedintele Asocia\u0163iei.&#8221;<\/h4>\n<h4>\u00cen noaptea de 10 spre 11 martie autori r\u0103ma\u015fi necunoscu\u0163i p\u00e2n\u0103 ast\u0103zi r\u0103stoarn\u0103 bustul lui Nicolae B\u0103lcescu de pe soclul s\u0103u din parcul sta\u0163iunii Sovata.<\/h4>\n<h4>14 martie \u2013 \u00cen ziarul&nbsp; <em>Cuv\u00e2ntul liber<\/em> din Tg. Mure\u015f apare apelul comitetului californian al drepturilor omului pentru unguri \u015fi alte minorit\u0103\u0163i din Rom\u00e2nia, care a fost afi\u015fat pe zidurile Bisericii reformate din Los Angeles \u00een care se scrie: &#8222;B\u0103rba\u0163i \u015fi femei, liberi, ai Americii, Ajuta\u0163i \u00een oprirea genocidului! Ajuta\u0163i cele trei milioane de unguri s\u0103 supravie\u0163uiasc\u0103, \u00een \u0163ara lor str\u0103bun\u0103. Guvernul \u015fovinist-stalinist din Rom\u00e2nia ac\u0163ioneaz\u0103 sistematic pentru distrugerea popula\u0163iei maghiare native. \u00cen Transilvania se comit urm\u0103toarele atrocit\u0103\u0163i de c\u0103tre rom\u00e2ni \u00eempotriva ungurilor: \u00eenchiderea for\u0163at\u0103 a \u015fcolilor \u015fi universit\u0103\u0163ilor ungure\u015fti, ei nu pot vorbi limba proprie, \u00eencearc\u0103 deportarea ungurilor cinsti\u0163i din locurile lor de ba\u015ftin\u0103\u201c etc.<\/h4>\n<h4>15 martie \u2013 Sub pretextul s\u0103rb\u0103toririi zilei de 15 martie 1848, \u00een Transilvania au sosit numeroase autobuze cu turi\u015fti unguri, fapt acceptat cu u\u015furin\u0163\u0103 de conduc\u0103torii provizorii ai Statului Rom\u00e2n, care, se \u015ftie, deschiseser\u0103 larg grani\u0163ele \u0163\u0103rii \u00eencep\u00e2nd cu decembrie 1989. \u00cen acest context, c\u00e2\u0163iva membri ai CPUN Mure\u015f au propus oficial unirea jude\u0163elor Mure\u015f, Covasna \u015fi Harghita \u00eentr-o regiune autonom\u0103 maghiar\u0103.<\/h4>\n<h4>La Albe\u015fti, F\u00e2nt\u00e2nele, Sovata, Tg. Mure\u015f \u015fi alte multe localit\u0103\u0163i are loc aniversarea a 142 de ani de la revolu\u0163ia ini\u0163iat\u0103 \u00een Ungaria, c\u00e2nd Lajos Kossuth a proclamat actul samavolnic de unire al Transilvaniei cu Ungaria, eveniment soldat cu distrugerea a 230 de sate rom\u00e2ne\u015fti \u015fi asasinarea a 40.000 de rom\u00e2ni. Se arboreaz\u0103 \u00eensemnele de stat ungare \u015fi se intoneaz\u0103 c\u00e2ntece care lezeaz\u0103 sentimentele na\u0163ionale ale rom\u00e2nilor.<\/h4>\n<h4>La Satu Mare, aproape 4000 de cet\u0103\u0163eni unguri au participat la arborarea drapelului unguresc pe edificiul catedralei catolice, precum \u015fi la profanarea statuii lui Nicolae B\u0103lcescu.<\/h4>\n<h4>Are loc o nou\u0103 profanare a statuii lui Avram Iancu din Tg. Mure\u015f.<\/h4>\n<h4>Situa\u0163ia de la IMF Tg. Mure\u015f este tot mai tensionat\u0103 ca urmare a grevei studen\u0163ilor maghiari, care refuz\u0103 s\u0103 intre la cursuri al\u0103turi de colegii lor rom\u00e2ni.<\/h4>\n<figure id=\"attachment_3713\" aria-describedby=\"caption-attachment-3713\" style=\"width: 350px\" class=\"wp-caption aligncenter\"><img loading=\"lazy\" decoding=\"async\" class=\"size-full wp-image-3713\" src=\"http:\/\/www.desteptati-va.ro\/wp-content\/uploads\/2012\/06\/kincses-elod.jpg\" alt=\"Elod Kincses\" width=\"350\" height=\"263\"><figcaption id=\"caption-attachment-3713\" class=\"wp-caption-text\">Elod Kincses<\/figcaption><\/figure>\n<h4>Ia fiin\u0163\u0103 Partidul Unit\u0103\u0163ii Na\u0163ionale a Rom\u00e2nilor din Transilvania, transformat, apoi, \u00een PUNR, care, \u00een decursul anilor, al\u0103turi de Partidul Rom\u00e2nia Mare, \u00eenfiin\u0163at un an mai t\u00e2rziu, s-au aflat \u00een fruntea luptei \u00eempotriva ac\u0163iunilor antirom\u00e2ne\u015fti ale UDMR.<\/h4>\n<h4>16 martie \u2013 Un Trabant condus de un element iresponsabil, extremist, de na\u0163ionalitate maghiar\u0103 intr\u0103 \u00eentr-o coloan\u0103 de manifestan\u0163i din Tg. Mure\u015f, accident\u00e2nd 14 persoane.<\/h4>\n<h4>La Farmacia nr. 28 din Tg. Mure\u015f personalul de na\u0163ionalitate maghiar\u0103 refuz\u0103 s\u0103 serveasc\u0103 clien\u0163ii de na\u0163ionalitate rom\u00e2n\u0103, arboreaz\u0103 drapelul maghiar \u015fi \u00eencearc\u0103 s\u0103 expun\u0103 o firm\u0103 bilingv\u0103.<\/h4>\n<h4>17 martie \u2013 Are loc mar\u015ful \u015fi mitingul de protest al studen\u0163ilor \u015fi cadrelor didactice de la IMF Tg. Mure\u015f \u00eempotriva grevei declan\u015fate cu 10 zile \u00een urm\u0103 de studen\u0163ii maghiari ai institutului.<\/h4>\n<h4>19 martie \u2013 O manifesta\u0163ie organizat\u0103 de Uniune Vatra Rom\u00e2neasc\u0103 cere demisia din CPUN Mure\u015f a celor care avansaser\u0103 propunerea \u00eenfiin\u0163\u0103rii unei regiuni autonome maghiare (El\u00f6d Kincses, K\u00e1roly Kir\u00e1ly, Attila Jakobffy, Andr\u00e1s T\u00f6k\u00e9s, Smaranda Enache), dintre care El\u00f6d Kincses \u00ee\u015fi depune demisia. \u00cen seara zilei, la Tg. Mure\u015f au loc confrunt\u0103ri violente, \u00een urma c\u0103rora au suferit v\u0103t\u0103m\u0103ri fizice at\u00e2t rom\u00e2ni, c\u00e2t \u015fi maghiari, \u00eentre care \u015fi scriitorul S\u00fcto Andras.<\/h4>\n<h4>20 martie \u2013 \u00cen replic\u0103, se produce o manifesta\u0163ie maghiar\u0103 cu oameni \u00eenarma\u0163i \u015fi bine organiza\u0163i, accesul \u00een ora\u015f al manifestan\u0163ilor rom\u00e2ni fiind blocat. Trei autobuze cu \u0163\u0103rani rom\u00e2ni din jude\u0163 sunt l\u0103sate s\u0103 p\u0103trund\u0103 dincolo de cordoanele care \u00eenchideau ora\u015ful, pasagerii lor devenind practic victimele manifestan\u0163ilor unguri, bine preg\u0103ti\u0163i pentru represiune.<\/h4>\n<h4>Dup\u0103 amiaza, la Tg. Mure\u015f au loc noi confrunt\u0103ri violente soldate cu 6 mor\u0163i \u015fi 263 de r\u0103ni\u0163i \u00een cea mai mare parte rom\u00e2ni (4 mor\u0163i \u015fi 198 r\u0103ni\u0163i). La Ernei, Dumbr\u0103vioara, S\u00e2ngeorgiul de Mure\u015f se ridic\u0103 bariere, rom\u00e2nii sunt agresa\u0163i cu furci, lope\u0163i, bare, pietre etc. Fabrica de p\u00e2ine las\u0103 f\u0103r\u0103 p\u00e2ine popula\u0163ia rom\u00e2n\u0103 a municipiului, \u00een timp ce maghiarii primesc p\u00e2ine distribuit\u0103 prin bisericile reformate \u015fi romano-catolice.<\/h4>\n<h4>De\u015fi s-a \u00eencercat ascunderea adev\u0103rului, el iese la iveal\u0103 chiar din aceste cifre: preg\u0103tirea insurec\u0163iei este evident de partea celor care au avut mai pu\u0163ine pagube. La fel de elocvent\u0103 este prezenta unor echipe de filmare din Occident, compuse mai ales din unguri extremi\u015fti, care erau bine preg\u0103tite \u015fi plasate pentru a filma evenimentul.<\/h4>\n<h4>Acestea au f\u0103cut reportaje partizane, transform\u00e2ndu-i cinic \u00een comentariile lor pe unguri din agresori \u00een c\u0103l\u0103i. A\u015fa se face c\u0103 o victim\u0103 care a fost prezentat\u0103 pe toate ecranele lumii, ca ungur ucis \u00een b\u0103taie de rom\u00e2ni, era rom\u00e2nul Mihai Cofariu, maltratat s\u0103lbatic de unguri. Mihai Cofariu, din comuna Ib\u0103ne\u015fti, a sc\u0103pat cu via\u0163\u0103, dar cu grave infirmit\u0103\u0163i.<\/h4>\n<h4>Toate acestea ne indic\u0103 un plan de dezinformare preg\u0103tit la nivel intern \u015fi interna\u0163ional, \u00een favoarea p\u0103r\u0163ii maghiare. Scopul pare a fi fost de a interna\u0163ionaliza chestiunea maghiar\u0103 din Rom\u00e2nia \u015fi a ob\u0163ine un rezultat favorabil autonomiei jude\u0163elor maghiare sau chiar a Transilvaniei. Sunt indicii c\u0103&nbsp; aceast\u0103 insurec\u0163ie ungureasc\u0103 urm\u0103rea, de fapt, refacerea Regiunii Autonome Maghiare. De\u015fi planul UDMR n-a izbutit, aceasta se datoreaz\u0103 mai pu\u0163in conducerii provizorii a Rom\u00e2niei, concesive \u015fi capitularde fat\u0103 de UDMR \u015fi Ungaria, ci popula\u0163iei civile rom\u00e2ne\u015fti, care a reac\u0163ionat risc\u00e2ndu-\u015fi via\u0163a s\u0103 dezamorseze un puci preg\u0103tit \u00eempotriva Statului Rom\u00e2n. Atunci Uniunea cultural\u0103 Vatra Rom\u00e2neasc\u0103 \u015fi-a dovedit rolul de zid ce a oprit valul, interpun\u00e2ndu-se \u00eentre Statul Rom\u00e2n \u015fi agresiunea patronat\u0103 de UDMR.<\/h4>\n<h4>\u00cen noaptea de 20-21 martie biserica ortodox\u0103 din lemn din satul Valea (Iob\u0103geni) este incendiat\u0103 de autori neidentifica\u0163i.<\/h4>\n<h4>21 martie \u2013 Biroul executiv al CPUN&nbsp; \u00eenfiin\u0163eaz\u0103 o comisie central\u0103 de anchet\u0103 a evenimentelor care au avut loc la Tg. Mure\u015f, condus\u0103 de Gelu Voican Voiculescu, viceprim-ministru al guvernului.<\/h4>\n<h4>La ora 18 este profanat\u0103 Ambasada Rom\u00e2niei de la Budapesta. Manifest\u0103rile ostile antirom\u00e2ne\u015fti au continuat la Budapesta \u015fi \u00een zilele urm\u0103toare.<\/h4>\n<h4>25 \u2013 31 martie \u2013 \u00cen zona Gheorghieni-Miercurea Ciuc, c\u0103l\u0103torii rom\u00e2ni sunt agresa\u0163i \u00een trenurile locale.<\/h4>\n<h4>Aprilie<\/h4>\n<h4>6 aprilie 1990 &#8211; UDMR public\u0103 \u00een ziarul <em>Erdely Hirado<\/em> Platforma Program \u00een care \u00ee\u015fi afirm\u0103 urm\u0103toarele scopuri:&nbsp;&#8222;drepturi individuale \u015fi colective pentru minorit\u0103\u0163ile na\u0163ionale, sistem local de autoguvernare a minorit\u0103\u0163ii maghiare \u2013 \u00abnoi ne hot\u0103r\u00e2m singuri soarta\u00bb&nbsp;; autonomia ob\u015ftilor s\u0103te\u015fti, dezvoltarea unei re\u0163ele sanitare proprii; libertate total\u0103 pentru cercetarea \u015ftiin\u0163ific\u0103 \u00een limba matern\u0103&nbsp;; re\u0163ea independent\u0103 de \u00eenv\u0103\u0163\u0103m\u00e2nt \u00een limba matern\u0103, de la cre\u015f\u0103 p\u00e2n\u0103 la universitate; ca parte a na\u0163iunii maghiare, leg\u0103turi str\u00e2nse cu na\u0163iunea mam\u0103&#8221;.<\/h4>\n<h4>29 aprilie \u2013 Ia na\u015ftere asocia\u0163ia <em>Pro Transilvania<\/em>, av\u00e2ndu-i printre membrii fondatori pe Laszlo Tokes, Andras S\u00fcto, Miklos Nemeth; deviza ei este&nbsp;: \u00abNici un ungur s\u0103 nu mai plece din Ardeal, cei pleca\u0163i s\u0103 se \u00eentoarc\u0103\u00bb.<\/h4>\n<h4>Iunie<\/h4>\n<h4>5 iunie \u2013 Se \u00eencearc\u0103 din nou separarea \u015fcolar\u0103 a elevilor maghiari de cei rom\u00e2ni.<\/h4>\n<h4>13-14 iunie \u2013 La Miercurea Ciuc, elemente de etnie maghiar\u0103 atac\u0103 \u015fi devasteaz\u0103 sediul Poli\u0163iei Municipale, sustr\u0103g\u00e2nd acte, arme \u015fi sta\u0163ii de radio-emisie.<\/h4>\n<figure id=\"attachment_3732\" aria-describedby=\"caption-attachment-3732\" style=\"width: 298px\" class=\"wp-caption aligncenter\"><a href=\"http:\/\/www.desteptati-va.ro\/wp-content\/uploads\/2012\/06\/imagesCA40OC8C.jpg\"><img loading=\"lazy\" decoding=\"async\" class=\"size-full wp-image-3732\" title=\"imagesCA40OC8C\" src=\"http:\/\/www.desteptati-va.ro\/wp-content\/uploads\/2012\/06\/imagesCA40OC8C.jpg\" alt=\"Geza Szocs\" width=\"298\" height=\"169\"><\/a><figcaption id=\"caption-attachment-3732\" class=\"wp-caption-text\">Geza Szocs<\/figcaption><\/figure>\n<h4><\/h4>\n<h4>Cu ocazia primului congres na\u0163ional al UDMR, Geza Szocs, omul nr. 2 \u00een partid la acea vreme, a declarat referitor la evenimentele din martie 1990 de la Tg. Mure\u015f: \u00abNu este o \u00eenfr\u00e2ngere, ci o victorie, nu este un sf\u00e2r\u015fit, ci un \u00eenceput\u00bb.<\/h4>\n<h4>Octombrie<\/h4>\n<h4>14 octombrie \u2013 Andras Suto, \u00eentr-un discurs \u0163inut la Viena \u00eentr-o biseric\u0103 evanghelic\u0103, declara: \u201eM\u0103 adresez dumneavoastr\u0103 \u00eentre dou\u0103 pogromuri\u201d.<\/h4>\n<h4>18-20 octombrie \u2013 Un grup de trei tineri maghiari profaneaz\u0103 statuia ecvestr\u0103 a lui Avram Iancu din Tg. Mure\u015f, sustr\u0103g\u00e2ndu-i \u00een acela\u015fi timp tricolorul arborat. Acest act provocator a st\u00e2rnit o reac\u0163ie vie \u00een r\u00e2ndul popula\u0163iei rom\u00e2ne\u015fti. Tribunalul Tg. Mure\u015f, judec\u00e2ndu-i pe cei trei profanatori \u00een regim de urgen\u0163\u0103, \u00eei condamn\u0103 la c\u00e2te doi ani \u015fi jum\u0103tate \u00eenchisoare.<\/h4>\n<h4>23 octombrie \u2013 Ziarul <em>Cuv\u00e2ntul Liber<\/em> din Tg. Mure\u015f face dezv\u0103luiri privind practica ne\u00eencetat\u0103 a maghiariz\u0103rii for\u0163ate a numelor rom\u00e2ne\u015fti \u00een facturile de electricitate \u015fi telefonice.<\/h4>\n<h4>26 octombrie \u2013 Extremi\u015fti maghiari au profanat monumentul poetului na\u0163ional Mihai Eminescu din centrul ora\u015fului Topli\u0163a, jude\u0163ul Harghita. P\u00e2ng\u0103ritorii au desprins placa de marmur\u0103, au m\u00e2njit cu vopsea bustul poetului \u015fi au scris cuvinte insult\u0103toare pe soclul statuii.<\/h4>\n<h4>31 octombrie si 3 noiembrie &#8211; Prin Hot\u0103r\u00e2rea nr. 28 \u015fi prin Hot\u0103r\u00e2rea nr. 29, Senatul \u015fi, respectiv, Camera Deputa\u0163ilor, hot\u0103r\u0103sc alc\u0103tuirea unei Comisii parlamentare de audiere a persoanelor alungate dup\u0103 22 decembrie 1989 din jude\u0163ele Harghita-Covasna (pre\u015fedinte Mihai Teodorescu).<\/h4>\n<h4>Noiembrie<\/h4>\n<h4>1 noiembrie \u2013 Cu prilejul unui turneu la Tg. Mure\u015f al unei forma\u0163ii de muzic\u0103 rock din Ungaria, la Sala Polivalent\u0103 din acest ora\u015f are loc o manifestare antirom\u00e2neasc\u0103.<\/h4>\n<h4>Incitarea tinerilor s-a soldat cu distrugeri de mai multe zeci de milioane de lei \u015fi cu strigarea unor lozinci antirom\u00e2ne\u015fti: &#8222;Tr\u0103iasc\u0103 Ungaria! Ardealul este unguresc! Ridic\u0103-te \u00een picioare ungure! \u00cenainte!&#8221;<\/h4>\n<h4>Decembrie<\/h4>\n<h4>1 decembrie \u2013 De Ziua Na\u0163ional\u0103 a Rom\u00e2niei care a fost s\u0103rb\u0103torit\u0103 la Alba Iulia, reprezentantul UDMR, Geza Sz\u00f6cs cere aplicarea pentru minoritatea maghiar\u0103 &#8222;asuprit\u0103&#8221; de Rom\u00e2nia a Declara\u0163iei solemne din 1918 de la Alba Iulia. El a numit Transilvania &#8222;Ungaria de Est&#8221; \u015fi purta \u00een piept o cocard\u0103 ro\u015fu-alb-verde, ceea ce a dus la incitarea publicului.<\/h4>\n<h4>16 decembrie \u2013 Se \u00eentoarce acas\u0103 \u00een satul Ib\u0103ne\u015fti, jude\u0163ul Mure\u015f, Mih\u0103il\u0103 Cofariu, victim\u0103 a \u015fovinilor \u015fi iredenti\u015ftilor maghiari din 20 martie 1990, dintr-un spital din K\u00f6ln, Germania, unde a fost spitalizat pentru multiple interven\u0163ii neurochirurgicale.<\/h4>\n<h4>21 decembrie \u2013 Poli\u0163ia jud. Mure\u015f a descoperit \u015fi dejucat un al doilea plan de ac\u0163iune al UDMR de minilovitur\u0103 de stat la Tg. Mure\u015f, programat\u0103 pentru aceast\u0103 zi, cu ocazia comemor\u0103rii eroilor c\u0103zu\u0163i \u00een timpul evenimentelor din decembrie 1989. Aceasta prevedea: 1. Ocuparea Prefecturii, Prim\u0103riei, Po\u015ftei \u015fi Radioului \u015fi declararea municipiului Tg. Mure\u015f drept ora\u015f independent. 2. Blocarea tuturor c\u0103ilor principale de acces \u00een municipiul Tg. Mure\u015f. 3. Constituire imediat\u0103 de trupe de ordine locale \u015fi a unui comandament provizoriu. 4. Judecarea \u00een fa\u0163a unui tribunal revolu\u0163ionar a celor care nu respect\u0103 ordinea. 5. Anihilarea Uniunii Vatra Rom\u00e2neasc\u0103 \u015fi a reprezentan\u0163ilor acesteia.<\/h4>\n<h4>Revista <em>Rom\u00e2nia Mare<\/em> tip\u0103re\u015fte o serie de analize \u00een mai multe numere intitulate \u201eAten\u0163ie la Ungaria&#8221; semnate de Corneliu Vadim Tudor, care se dovedesc pline de clarviziune asupra raporturilor ungaro-rom\u00e2ne dup\u0103 decembrie 1989.<\/h4>\n<h4><strong>1991<\/strong><\/h4>\n<h4>Ianuarie<\/h4>\n<h4>T\u00f6kes Laszlo,&nbsp; Sz\u00f6cz Geza, Domokos Geza, membri marcan\u0163i ai UDMR, au dat declara\u0163ii \u00een pres\u0103 despre constituirea unei \u201eUngarii de Est&#8221; pe l\u00e2ng\u0103 o \u201eUngarie de Vest&#8221; \u015fi despre necesitatea ca noua Constitu\u021bie a Rom\u00e2niei s\u0103 declare Statul Rom\u00e2n&nbsp; \u201estat multina\u0163ional&#8221;. 15 ianuarie \u2013 Se prezint\u0103 \u00een Parlamentul Rom\u00e2niei raportul Comisiei de anchet\u0103 instituit\u0103 \u00een vederea cercet\u0103rii evenimentelor petrecute \u00een municipiul Tg. Mure\u015f \u00een zilele de 19-20 martie 1990, de c\u0103tre profesorul Ion M\u00e2nzatu, pre\u015fedintele comisiei.Raportul a avut ca obiect analiza cauzelor, stabilirea solu\u0163iilor \u00een vederea restabilirii ordinii \u015fi lini\u015ftii publice, identificarea persoanelor care s-au f\u0103cut vinovate de acest tragic eveniment.<\/h4>\n<h4>18 ianuarie \u2013 Sus\u0163inerea \u00een Parlamentul Rom\u00e2niei a pseudoraportului Harghita-Covasna al lui N. S. Dumitru, care mistific\u0103 adev\u0103rul \u015fi cuprinde doar punctul de vedere al UDMR-ului privind evenimentele din 19-20 martie 1990 de la Tg. Mure\u015f.<\/h4>\n<h4>19 ianuarie \u2013 \u015eeful Poli\u0163iei Jude\u0163ene Mure\u015f, col. Gheorghe Gambra, anun\u0163\u0103 arestarea lui Pal Cseresnyes, de 49 de ani, agresorul lui Mih\u0103il\u0103 Cofariu, r\u0103nit grav la 20 martie 1990 \u00een fa\u0163a hotelului Grand din Tg. Mure\u015f.<\/h4>\n<h4>Februarie<\/h4>\n<h4>6 februarie \u2013 Senatorul Karoly Kiraly adreseaz\u0103 o scrisoare deschis\u0103 lui Petre Roman, prim-ministru al Rom\u00e2niei, prin care \u00eei cere drepturi pentru minorit\u0103\u0163i.<\/h4>\n<h4>13 februarie &#8211; UDMR coordoneaz\u0103 ac\u0163iunea propriei Uniuni, dar \u015fi a altor minorit\u0103\u0163i prezente \u00een Adunarea Constituant\u0103 \u00eempotriva acelor articole din proiect care declarau Rom\u00e2nia stat na\u0163ional unitar. Geza Domokos, pre\u015fedinte UDMR, s-a pronun\u0163at deschis \u00eempotriva Statului Na\u0163ional Rom\u00e2n, sus\u0163in\u00e2nd c\u0103 \u00een Europa nu mai exist\u0103 state care s\u0103 se declare na\u0163ionale. Deputatul UDMR Gy\u00f6rgy Tokay a atacat \u015fi el ideea de \u201estat na\u0163ional&#8221; din proiectul de Constitu\u0163ie a Rom\u00e2niei, sus\u0163in\u00e2nd c\u0103 se urm\u0103re\u015fte dezna\u0163ionalizarea minorit\u0103\u0163ilor.<\/h4>\n<h4>27 februarie &#8211; Deputatul UDMR Zoltan Hosszu a cerut ca noua Constitu\u0163ie a Rom\u00e2niei s\u0103 recunoasc\u0103 limbile minorit\u0103\u0163ilor ca limbi cu acelea\u015fi drepturi ca \u015fi limba rom\u00e2n\u0103.<\/h4>\n<h4>Martie<\/h4>\n<h4>12 martie &#8211; Deputatul UDMR Gabor Kozsokar a afirmat \u00een Parlamentul Rom\u00e2niei c\u0103 nu era cazul s\u0103 se cear\u0103 \u201edrepturi speciale&#8221; pentru minorit\u0103\u0163i, pentru ca dup\u0103 aceea UDMR s\u0103 cear\u0103, incorect, \u201edrepturi colective&#8221; pentru minorit\u0103\u0163i, \u00een locul celor \u201eindividuale&#8221; admise \u00een practica european\u0103. Tentativa UDMR a e\u015fuat, dup\u0103 dezbateri tensionate \u00een Adunarea Constituant\u0103, c\u0103z\u00e2nd la vot.<\/h4>\n<h4>13 martie &#8211; Deputa\u0163ii Attila Varga \u015fi Lajos D\u00e9m\u00e9ny au cerut, \u00een numele UDMR, ca textul proiectului Constitu\u0163iei Rom\u00e2niei, care cerea interzicerea \u201e\u00eendemnului la exclusivism \u015fi la separatism na\u0163ional, etnic, lingvistic&#8221; s\u0103 fie eliminat.<\/h4>\n<h4>14 martie \u2013 O subcomisie parlamentar\u0103 a sosit la Tg. Mure\u015f pentru audierea persoanelor obligate s\u0103 p\u0103r\u0103seasc\u0103 jude\u0163ele Harghita \u015fi Covasna datorit\u0103 ac\u0163iunilor de epurare etnic\u0103 a UDMR-ului.<\/h4>\n<h4>15 martie \u2013 Stare tensionat\u0103 la Tg. Mure\u015f. Pentru a pune cap\u0103t oric\u0103rei provoc\u0103ri a UDMR-ului, prilejuit\u0103 de aniversarea zilei na\u0163ionale a Ungariei, Prefectura jude\u0163ului Mure\u015f interzice orice manifestare stradal\u0103 sau \u00een locuri publice \u00een perioada 15-22 martie.<\/h4>\n<h4>Aprilie<\/h4>\n<h4>20 aprilie \u2013 Preotul Ioan Tob\u0103 \u015fi o parte din enoria\u015fii ortodoc\u015fi sunt alunga\u0163i din Cristuru Secuiesc, jude\u0163ul Harghita. Pentru a-i determina pe ace\u015ftia s\u0103 plece, iredenti\u015ftii locali au dus un adev\u0103rat r\u0103zboi psihologic. \u00cen urma acestei epur\u0103ri etnice, \u00een ora\u015ful Cristuru Secuiesc au mai r\u0103mas 26 de familii mixte.<\/h4>\n<h4>30 aprilie \u2013 La Eger&nbsp; \u00een Ungaria, are loc Simpozionul Interna\u0163ional al maghiarimii cu tema &#8222;Trecutul \u015fi viitorul Transilvaniei&#8221;, la care au participat reprezentan\u0163ii UDMR. Acesta a constituit o \u00eencercare de interna\u0163ionalizare a problemei Transilvaniei, parte integrant\u0103 \u015fi indisolubil\u0103 a Rom\u00e2niei.<\/h4>\n<figure id=\"attachment_3734\" aria-describedby=\"caption-attachment-3734\" style=\"width: 342px\" class=\"wp-caption aligncenter\"><a href=\"http:\/\/www.desteptati-va.ro\/wp-content\/uploads\/2012\/06\/LSZL-T1.jpg\"><img loading=\"lazy\" decoding=\"async\" class=\" wp-image-3734\" title=\"LASZLO TOKES - PE\" src=\"http:\/\/www.desteptati-va.ro\/wp-content\/uploads\/2012\/06\/LSZL-T1.jpg\" alt=\"Laszlo Tokes\" width=\"342\" height=\"241\"><\/a><figcaption id=\"caption-attachment-3734\" class=\"wp-caption-text\">Laszlo Tokes<\/figcaption><\/figure>\n<h4>Mai<\/h4>\n<h4>3 mai \u2013 Un grup de cinci tineri maghiari de 18-25 de ani, lucr\u0103tori ai Teatrului maghiar din Timi\u015foara, ajun\u015fi la Tg.Mure\u015f dup\u0103 un spectacol organizat la Odorheiul Secuiesc, dau jos tricolorul de pe statuia ecvestr\u0103 a lui Avram Iancu din centrul municipiului Tg. Mure\u015f.<\/h4>\n<h4>La TVR sunt transmise c\u00e2teva fragmente din \u201eReuniunea de la Eger\u201d dedicat\u0103 trecutului \u015fi viitorului Ardealului, preluate de la televiziunea maghiar\u0103, \u00een care pastorul reformat Laszlo Tokes, pre\u015fedintele de onoare al UDMR, afirma: \u201eArdealul este \u00een pericol de moarte. Este vorba de iminen\u0163a pierderii definitive a Ardealului. [\u2026] To\u0163i ungurii ardeleni s\u0103 r\u0103m\u00e2n\u0103 pe loc, cei pleca\u0163i s\u0103 se \u00eentoarc\u0103, altfel lupta pentru Ardeal \u00ee\u015fi pierde rostul. [\u2026] Avem drepturi istorice sacre asupra Ardealului.\u201d<\/h4>\n<h4>15 mai \u2013 La Bra\u015fov s-a re\u00eenfiin\u0163at EMKE \u2013 Societatea pentru Cultur\u0103 din Transilvania. Ini\u0163ial, societatea fusese \u00eenfiin\u0163at\u0103 la Cluj, \u00een 1855,\u015fi avusese un efect negativ major asupra rom\u00e2nilor din Transilvania.<\/h4>\n<h4>20 mai \u2013 Pre\u015fedintele Iliescu face o vizit\u0103 la Tg. Mure\u015f.<\/h4>\n<h4>24-26 mai \u2013 Cu riscul de a escalada tensiunile existente, la Tg. Mure\u015f se organizeaz\u0103 congresul UDMR-ului.\nIunie<\/h4>\n<h4>6 iunie &#8211; Conducerea UDMR a aprobat, la Cluj-Napoca, trei documente:<\/h4>\n<h4>1.&nbsp;Hot\u0103r\u00e2rile Consiliului unional al delega\u0163ilor;<\/h4>\n<h4>2.&nbsp;Propunere \u00een problema minorit\u0103\u0163ilor din Rom\u00e2nia;<\/h4>\n<h4>3.&nbsp;Apel c\u0103tre Conferin\u0163a OSCE privind minorit\u0103\u0163ile.<\/h4>\n<h4>\u00cen Hot\u0103r\u00e2rile Consiliului se exprima convingerea c\u0103 Pactele Marilor Puteri nu pot s\u0103 mai aib\u0103 un rol \u00een&nbsp;actualitate (viz\u00e2ndu-se Tratatul de la Trianon). \u00cen Apelul c\u0103tre Conferin\u0163a OSCE se contest\u0103 dreptul Guvernului Rom\u00e2niei de a-i reprezenta \u00een raporturile externe pe to\u0163i cet\u0103\u0163enii \u0163\u0103rii, maghiarii din Rom\u00e2nia dorind a fi reprezenta\u0163i, conform documentului invocat, doar de UDMR.<\/h4>\n<h4>12 iunie \u2013 &#8222;La Tg. Mure\u015f via\u0163a mea este \u00een pericol&#8221; a declarat scriitorul Gyoz\u00f6 Hajdu, fondatorul <em>Asocia\u021biei Egyutt \u2013 \u00cempreun\u0103<\/em>, consacrat\u0103 fr\u0103\u0163iet\u0103\u0163ii rom\u00e2no-maghiare, amenin\u0163at \u00een repetate r\u00e2nduri de UDMR.<\/h4>\n<h4>Septembrie<\/h4>\n<h4>11 septembrie &#8211; UDMR se opune ferm textului din proiectul de Constitu\u0163ie a Rom\u00e2niei, care afirma c\u0103: \u201ePe teritoriul Statului Rom\u00e2n nu pot fi str\u0103mutate sau colonizate popula\u0163ii str\u0103ine&#8221;, dar textul este votat de majoritatea parlamentar\u0103. Ziarele din Ungaria anun\u0163\u0103 constituirea la Budapesta a unui guvern al Transilvaniei \u00een emigra\u0163ie. \u015eeful acestui grup era un vorbitor de limb\u0103 rom\u00e2n\u0103, Dan Zaharia, fost pu\u015fc\u0103ria\u015f de drept comun.<\/h4>\n<h4>Octombrie<\/h4>\n<h4>9 octombrie &#8211; Deputatul UDMR Gy\u00f6rgy Tokay&nbsp;a afirmat c\u0103 UDMR nu se g\u00e2nde\u015fte s\u0103 atenteze la \u201eintegritatea \u015fi unitatea Rom\u00e2niei&#8221;, afirma\u0163ie pe care a contrazis-o, vorbind ulterior, de pe pozi\u0163ii opuse.\nDeputatul UDMR Zoltan Hosszu se opune articolului 41 din proiectul Legii privind regimul investi\u0163iilor str\u0103ine, care <strong>stabilea c\u0103 apatrizii \u015fi cet\u0103\u0163enii str\u0103ini n-au drept de proprietate asupra terenurilor \u00een Rom\u00e2nia<\/strong>. UDMR solicit\u0103 \u00een Parlament ocuparea a 3 posturi de mini\u015ftri plini: \u00eenv\u0103\u0163\u0103m\u00e2nt, cultur\u0103 \u015fi justi\u0163ie.<\/h4>\n<h4>11 octombrie \u2013 Apare \u00een cotidianul de limb\u0103 maghiar\u0103 <em>Rom\u00e1nyai Magyar Sz\u00f3<\/em> comunicatul grupului politic din secuime, condus de vicepre\u015fedintele UDMR Adam Katona. Din grup mai fac parte Geza Sz\u00f6cs, G\u00e1bor Kolumb\u00e1n, Laszlo T\u00f6k\u00e9s, Doina Cornea.<\/h4>\n<h4>15 octombrie \u2013 Uniunea Vatra Rom\u00e2neasc\u0103 protesteaz\u0103 \u00eempotriva cererii grupului politic al UDMR, exprimat\u0103 de Adam Katona, de transformare a jude\u0163elor Harghita \u015fi Covasna \u00eentr-o enclav\u0103 denumit\u0103 \u201e\u0162ara Secuilor\u201d.<\/h4>\n<h4>17 octombrie &#8211; Se prezint\u0103 \u00een Parlament Raportul Harghita-Covasna (pre\u015fedinte de comisie Mihai Teodorescu), \u00een care sunt eviden\u0163iate ac\u0163iunile de purificare etnic\u0103 ini\u0163iate de UDMR, \u00een aceste jude\u0163e, ca \u015fi sensul antina\u0163ional \u015fi separatist al manifesta\u0163iilor maghiare din decembrie 1989, \u00eencheiate cu devast\u0103ri ale sediilor de mili\u0163ie \u015fi securitate \u015fi cu uciderea unor ofi\u0163eri ai Statului Rom\u00e2n \u00een exerci\u0163iul func\u0163iunii.\n\u00cen numele UDMR, deputatul Gy\u00f6rgy Tokay \u015fi al\u0163i deputa\u0163i UDMR au f\u0103cut apel, r\u00e2nd pe r\u00e2nd, la Consiliul consultativ pentru problemele minorit\u0103\u0163ilor, la Guvern, la Pre\u015fedin\u0163ia Rom\u00e2niei, la pre\u015fedintele Camerei Deputa\u0163ilor, \u00een scopul am\u00e2n\u0103rii cu o s\u0103pt\u0103m\u00e2n\u0103 a dezbaterii Raportului sau a interzicerii transmisiei la TV a \u015fedin\u0163ei parlamentare privind Raportul Harghita-Covasna, dar au fost refuza\u0163i. \u00cen replic\u0103, parlamentarii UDMR au&nbsp; p\u0103r\u0103sit sala dezbaterilor parlamentare.<\/h4>\n<h4>19 octombrie &#8211; Mai mul\u0163i membri UDMR \u00een frunte cu Adam Katona, \u201egrupul politic al UDMR din \u0162inutul Secuiesc&#8221;, au lansat ideea proclam\u0103rii unei \u201e\u0162\u0103ri a secuilor&#8221; pe data de 19 octombrie la Luti\u0163a (localitate din care au pornit represiunile antirom\u00e2ne\u015fti ale revolu\u0163iei maghiare), st\u00e2rnind rumoare \u00een opinia public\u0103 rom\u00e2neasc\u0103.<\/h4>\n<h4>20 octombrie \u2013 Echipa de raportori ai UDMR-ului din Parlamentul Rom\u00e2niei, prin Zsolt Szilagyi, afirm\u0103 la Consiliul Europei c\u0103 &#8222;minoritatea maghiar\u0103 nu are drepturi \u00een Rom\u00e2nia&#8221;.<\/h4>\n<h4>21 octombrie&nbsp; &#8211; Comisia Harghita-Covasna a fost solicitat\u0103 pentru o \u00eent\u00e2lnire cu un reprezentant al ONU pentru Drepturile Omului prezent la Bucure\u015fti.O impozant\u0103 delega\u0163ie a Consiliului Europei, care avea \u00eentre cei 7 membri ai s\u0103i \u015fi pe L\u00e1szlo Kovacs, s-a deplasat la Bucure\u015fti, interesat\u0103 \u015fi ea de Raportul Harghita-Covasna.\nO delega\u0163ie a Guvernului de la Budapesta a cerut o \u00eent\u00e2lnire cu Comisia pentru Harghita-Covasna, pe care autorit\u0103\u0163ile rom\u00e2ne\u015fti au acceptat-o. Toate aceste interven\u0163ii (\u015fi altele asemenea) s-au produs datorit\u0103 agita\u0163iei membrilor UDMR (Geza Sz\u00f6cs, Gy\u00f6rgy Tokay, Geza Domokos \u015fi al\u0163ii), \u00een \u0163ar\u0103 \u015fi peste hotare, \u00een cadrul c\u0103reia minoritatea maghiar\u0103 era prezentat\u0103 de UDMR drept victim\u0103, iar partea rom\u00e2neasc\u0103 drept asupritoare a minorit\u0103\u0163ii ungure\u015fti.<\/h4>\n<h4>Noiembrie<\/h4>\n<h4>1 noiembrie \u2013 Senatorul Karoly Kiraly cere introducerea \u00een Constitu\u0163ia Rom\u00e2niei a prevederii de folosire a limbii maghiare \u00een administra\u0163ie, \u00een acele localit\u0103\u0163i \u00een care procentajul de maghiari este de peste 10 la sut\u0103 inclusiv.<\/h4>\n<h4>4 noiembrie &#8211; De la tribuna Parlamentului, reprezentan\u0163ii UDMR Francisc Baranyi, Zoltan Hosszu, Ladislau Pillich contest\u0103 rezultatele audierilor prezentate \u00een Raportul Harghita-Covasna, neag\u0103 toate faptele \u015fi argumentele care dovedesc c\u0103 UDMR a ini\u0163iat purificarea etnic\u0103 \u00een aceste jude\u0163e sau c\u0103 maghiarii au comis crime, contest\u00e2nd \u015fi \u00eentreaga ac\u0163iune a Comisiei parlamentare, atac\u00e2nd Guvernul, Parlamentul, Pre\u015fedin\u0163ia Rom\u00e2niei \u015fi Televiziunea Rom\u00e2n\u0103. UDMR \u00eencearc\u0103 astfel, prin orice mijloace s\u0103-\u015fi disimuleze adev\u0103rata sa natur\u0103 \u015fi inten\u0163iile subversive, s\u0103-\u015fi creeze o imagine deorganiza\u0163ie democratic\u0103.<\/h4>\n<figure id=\"attachment_3733\" aria-describedby=\"caption-attachment-3733\" style=\"width: 334px\" class=\"wp-caption aligncenter\"><a href=\"http:\/\/www.desteptati-va.ro\/wp-content\/uploads\/2012\/06\/04kerekes-karoly-ml.jpg\"><img loading=\"lazy\" decoding=\"async\" class=\" wp-image-3733\" title=\"04kerekes-karoly-ml\" src=\"http:\/\/www.desteptati-va.ro\/wp-content\/uploads\/2012\/06\/04kerekes-karoly-ml.jpg\" alt=\"Kerekes Karoly\" width=\"334\" height=\"220\"><\/a><figcaption id=\"caption-attachment-3733\" class=\"wp-caption-text\">Kerekes Karoly<\/figcaption><\/figure>\n<h4>6 noiembrie &#8211; Dup\u0103 dezbateri tensionate, \u00een Adunarea Constituant\u0103, UDMR a \u00eencercat, din nou, prin deputatul&nbsp; K\u00e1roly Kerekes, s\u0103 ob\u0163in\u0103 dreptul de a folosi limba maghiar\u0103 ca o a doua limb\u0103 \u00een stat&nbsp; \u201e\u00een rela\u0163iile cu autorit\u0103\u0163ile comunale \u015fi or\u0103\u015fene\u015fti&#8221;. <strong>Grupul Petre Roman-Adrian Severin, din cadrul FSN, a sus\u0163inut acest amendament<\/strong>. Prin votul Camerei Deputa\u0163ilor a fost respins amendamentul UDMR \u015fi al grup\u0103rii Petre Roman-Adrian Severin \u015fi s-a promovat art. 13 din Constitu\u0163ia Rom\u00e2niei, potrivit c\u0103ruia \u201e\u00cen Rom\u00e2nia, limba oficial\u0103 este limba rom\u00e2n\u0103&#8221;.<\/h4>\n<h4>18 noiembrie &#8211; UDMR reu\u015fe\u015fte, sprijinit\u0103 de Pre\u015fedintele Camerei, Dan Mar\u0163ian, \u015fi de grupul FSN Petre Roman-Adrian Severin, s\u0103 impun\u0103&nbsp; \u00een proiectul Constitu\u0163iei Rom\u00e2niei ca \u201eprocedura juridic\u0103&#8221; s\u0103 se desf\u0103\u015foare \u015fi \u00een alte limbi dec\u00e2t limba rom\u00e2n\u0103, ceea ce intra \u00een contradic\u0163ie cu art. 13 din acela\u015fi proiect al Constitu\u0163iei. Un amendament&nbsp; ini\u0163iat de parlamentari rom\u00e2ni din mai multe partide cerea eliminarea acestui alineat, dar votarea lui a fost sabotat\u0103 de UDMR, prin instrumentele ei din FSN \u015fi din conducerea Camerei, dup\u0103 dispute aprinse, care au eviden\u0163iat nu numai direc\u0163ia antistatal\u0103 a UDMR, dar \u015fi rolul de complici al unor importan\u0163i membrii FSN. \u00cen 12 \u015fi 18 noiembrie, sub presiunea majorit\u0103\u0163ii parlamentare, alineatul introdus de UDMR \u00eempotriva limbii rom\u00e2ne, ca singura&nbsp; limb\u0103&nbsp;de stat a fost, totu\u015fi, respins.\n\u00cen aceast\u0103 etap\u0103 UDMR, dezaprobat\u0103 de majoritatea parlamentarilor, lucreaz\u0103 \u00eempotriva ideii de Stat Na\u0163ional, fiind sus\u0163inut\u0103 de parlamentari F.S.N. care le reprezentau interesele.<\/h4>\n<h4>21 noiembrie \u2013 Parlamentul Rom\u00e2niei voteaz\u0103 Constitu\u0163ia, grupul parlamentar UDMR vot\u00e2nd \u00eempotriv\u0103.<\/h4>\n<h4>Decembrie<\/h4>\n<h4>1 decembrie &#8211; \u00cen publica\u0163ia <em>Romaniai Magyar Szo<\/em> a ap\u0103rut un articol \u00een care era condamnat\u0103 declara\u0163ia de loialitate a unui conduc\u0103tor al UDMR din jude\u0163ul Alba, exprimat\u0103 cu ocazia s\u0103rb\u0103toririi Zilei Na\u0163ionale a Rom\u00e2niei, iar peste 10 zile, \u201epentru lini\u015ftirea cititorilor\u201d, se preciza c\u0103, de fapt, \u201erespectivul vicepre\u015fedinte al UDMR nu a exprimat punctul de vedere al UDMR \u015fi s-a g\u00e2ndit exclusiv la loialitatea local\u0103 dictat\u0103 de bunele rela\u0163ii interetnice din jude\u0163\u201c.<\/h4>\n<h4>8 decembrie- La Referendumul pentru Constitu\u0163ia Rom\u00e2niei desf\u0103\u015furat la aceast\u0103 dat\u0103, cet\u0103\u0163enii de etnie maghiar\u0103, la incitarea UDMR, au votat \u00eempotriv\u0103.<\/h4>\n<h4><strong>1992<\/strong><\/h4>\n<h4>\u00cen publica\u0163ia <em>Erdely Magyorsag<\/em>, \u00eentr-un num\u0103r special, apare articolul intitulat \u201eRom\u00e2nia, ultimul imperiu colonial\u201c, \u00een care se afirm\u0103: \u201eDup\u0103 dezmembrarea URSS, dezmembrarea Iugoslaviei \u015fi ruperea \u00een dou\u0103 a Cehoslovaciei, ar urma la r\u00e2nd ultimul stat format \u00een mod artificial: Rom\u00e2nia. [\u2026] Rom\u00e2nia este ultimul imperiu colonial al Europei. Deasupra ei plute\u015fte c\u00e2ntarea prohodului.\u201c<\/h4>\n<h4>Ianuarie &#8211; martie<\/h4>\n<h4>Presiuni ale UDMR, care nu dore\u015fte prefec\u0163i rom\u00e2ni \u00een Covasna \u015fi Harghita.\nGuvernul V\u0103c\u0103roiu nume\u015fte cu \u00eent\u00e2rziere pe Adrian Vlad&nbsp;C\u0103\u015funeanu prefect \u00een Covasna \u015fi pe Ioan Vosloban, \u00een Harghita, dar dubla\u0163i de doi subprefec\u0163i maghiari.<\/h4>\n<h4>Februarie<\/h4>\n<h4>12 februarie &#8211; Se voteaz\u0103, \u00een Parlament, Hot\u0103r\u00e2rea pe marginea Raportului Harghita-Covasna, \u00een care nu s-a folosit formula parlamentar\u0103 clasic\u0103: \u201eParlamentul aprob\u0103 Raportul Harghita-Covasna&#8221;, ci \u201eParlamentul ia act&#8221;, ceea ce arat\u0103 c\u0103 ac\u0163iunile UDMR de sabotare a Hot\u0103r\u00e2rii au avut efect, mai ales apelul la factorii de presiune externi, \u015fi c\u0103 factorii de decizie din Parlamentul Rom\u00e2niei au intrat \u00eentr-un joc de concesii \u015fi complicit\u0103\u0163i cu UDMR. Raportul Harghita-Covasna, care trebuia s\u0103 reimpun\u0103 autoritatea Statului Rom\u00e2n \u00een jude\u0163ele Covasna \u015fi Harghita, a r\u0103mas f\u0103r\u0103 efect.<\/h4>\n<h4>18 februarie \u2013 Candidatul \u201eindependent\u201c la Prim\u0103ria Municipiului Tg. Mure\u015f, Stefan Pokorny, sus\u0163inut de UDMR, este prins cu falsuri. \u00cen urma probelor prezentate, Curtea Suprem\u0103 de Justi\u0163ie anuleaz\u0103 alegerile locale \u015fi acestea sunt reprogramate.<\/h4>\n<h4>20 februarie \u2013 Un grup de turi\u015fti rom\u00e2ni au fost tortura\u0163i de Poli\u0163ia din Debre\u0163in, \u00een Ungaria. Din cei 14 turi\u015fti afla\u0163i \u00een grup, cei 3 turi\u015fti maghiari au fost l\u0103sa\u0163i s\u0103 plece, \u00een timp ce rom\u00e2nii au fost \u00eenc\u0103tu\u015fa\u0163i \u015fi tortura\u0163i.<\/h4>\n<h4>Martie<\/h4>\n<h4>UDMR organizeaz\u0103 o demonstra\u0163ie de protest la Sf. Gheorghe, \u00een pia\u0163a central\u0103, \u00eempotriva prefectului rom\u00e2n numit, cu sloganul : \u201eMurim, lupt\u0103m, prefect maghiar ap\u0103r\u0103m!&#8221;<\/h4>\n<h4>14 martie \u2013 11 elevi rom\u00e2ni din Cluj-Napoca, repartiza\u0163i la practic\u0103 la \u015ecoala UCECOM din Odorheiul Secuiesc, au fost b\u0103tu\u0163i de maghiari pentru c\u0103 vorbeau pe strad\u0103 rom\u00e2ne\u015fte. Infractorii \u015fovini le-au spus: &#8222;Dec\u00e2t s\u0103 vorbi\u0163i rom\u00e2ne\u015fte, mai bine t\u0103ce\u0163i!&#8221;<\/h4>\n<h4>19 martie \u2013 Asocia\u0163ia &#8222;Steagul \u0162\u0103rii&#8221; din Ungaria \u015fi-a propus s\u0103 construiasc\u0103 \u00een fiecare localitate din Transilvania \u015fi Banat c\u00e2te un obelisc dedicat solda\u0163ilor unguri c\u0103zu\u0163i \u00een Primul R\u0103zboi Mondial. Emblema Asocia\u0163iei reprezint\u0103 conturul Ungariei Mari.<\/h4>\n<h4>21 martie \u2013 A fost distrus obeliscul din Ditr\u0103u (jud. Harghita), dedicat eroilor rom\u00e2ni din Primul R\u0103zboi Mondial. \u00cen schimb, la S\u00e2ncr\u0103ieni \u015fi S\u00e2ntimbru, au fost construite dou\u0103 obeliscuri iredentiste dedicate solda\u0163ilor maghiari c\u0103zu\u0163i \u00een cele dou\u0103 r\u0103zboaie.<\/h4>\n<h4>26 martie \u2013 UDMR r\u0103sp\u00e2nde\u015fte \u00een \u0163ar\u0103 &#8222;Manifestul lui Anderson Vod\u0103&#8221; , din Los Angeles, care declara independen\u0163a Transilvaniei sub custodia Ungariei.<\/h4>\n<h4>Aprilie<\/h4>\n<h4>8 aprilie \u2013 La Miercurea Ciuc, \u00een organizarea lui Laszl\u00f3 T\u00f6k\u00e9s, are loc un miting &#8222;ecumenic&#8221; la care particip\u0103 25.000 de locuitori.<\/h4>\n<h4>Mai<\/h4>\n<h4>13 mai \u2013 Oficiul central FIDESZ din Budapesta a inten\u0163ionat s\u0103 organizeze cu ajutorul UDMR la Cluj-Napoca o conferin\u0163\u0103 interna\u0163ional\u0103 pe tema autoguvern\u0103rii \u00een Ardeal, f\u0103r\u0103 participare rom\u00e2neasc\u0103. Primarul municipiului Cluj-Napoca, Gheorghe Funar, a dispus suspendarea acesteia.<\/h4>\n<h4>29 mai \u2013 UDMR cere dreptul de a participa la tratativele diplomatice rom\u00e2no-ungare. \u00cen acest sens conducerea acesteia face demersuri c\u0103tre cele dou\u0103 guverne. Partea rom\u00e2n\u0103 respinge propunerea.<\/h4>\n<h4>Iunie<\/h4>\n<h4>29 iunie \u2013 \u00cen jude\u0163ul Harghita se renun\u0163\u0103 la formula un prefect \u015fi doi subprefec\u0163i, noul prefect al jude\u0163ului este Doru Ioan Osloban, iar subprefect Gy\u00f6rgy V\u00e1rdai. Nemul\u0163umit\u0103, UDMR organizeaz\u0103 la Miercurea Ciuc manifesta\u0163ii de strad\u0103, iar \u00een Parlament contest\u0103 schimb\u0103rile efectuate \u00een cele dou\u0103 jude\u0163e.<\/h4>\n<h4>La Oradea are loc cel de-al congres na\u0163ional al UDMR, ale c\u0103rui concluzii publicate \u00een presa vremii au fost: \u201eMinoritatea maghiar\u0103 din Rom\u00e2nia este mai asuprit\u0103 dec\u00e2t pe vremea dictaturii ceau\u015fiste; drepturi egale \u00eenseamn\u0103 pentru o minoritate asimilare; minorit\u0103\u0163ii maghiare trebuie s\u0103 i se asigure drepturi colective; maghiarii din Rom\u00e2nia se declar\u0103 subiect politic de sine st\u0103t\u0103tor, parte constitutiv\u0103 de stat, na\u0163iune copartener\u0103, asociindu-se la putere na\u0163iunii rom\u00e2ne; numai un arbitraj interna\u0163ional poate da o solu\u0163ie modern\u0103 problemei Transilvaniei, solu\u0163ie preg\u0103tit\u0103 pentru momentul c\u00e2nd va ajunge la putere Opozi\u0163ia democratic\u0103.<\/h4>\n<h4>August<\/h4>\n<h4>27 august \u2013 Are loc la Budapesta Congresul Uniunii Mondiale a Ungurilor din Ardeal.<\/h4>\n<h4>28 august \u2013 Scriitorul dizident Gy\u00f6zo Hajdu prezint\u0103 \u00een revista <em>Totu\u0219i iubirea<\/em> declara\u0163ia unui membru marcant al UDMR din secuime: &#8222;Ia aminte, pe noi rom\u00e2nii nu ne intereseaz\u0103. Noi vrem s\u0103 ne desp\u0103r\u0163im de ei, vrem s\u0103 tr\u0103im separat de ei. Rom\u00e2nii ne pot mul\u0163umi c\u0103 \u00een decembrie 1989, de\u015fi aveam armele \u00een m\u00e2n\u0103 \u015fi puteam ocupa Transilvania, noi n-am f\u0103cut-o, totu\u015fi!&#8221;<\/h4>\n<figure id=\"attachment_3736\" aria-describedby=\"caption-attachment-3736\" style=\"width: 145px\" class=\"wp-caption aligncenter\"><a href=\"http:\/\/www.desteptati-va.ro\/wp-content\/uploads\/2012\/06\/baranyi.jpg\"><img loading=\"lazy\" decoding=\"async\" class=\"size-full wp-image-3736\" title=\"baranyi\" src=\"http:\/\/www.desteptati-va.ro\/wp-content\/uploads\/2012\/06\/baranyi.jpg\" alt=\"Francisc Baranyi\" width=\"145\" height=\"171\"><\/a><figcaption id=\"caption-attachment-3736\" class=\"wp-caption-text\">Francisc Baranyi<\/figcaption><\/figure>\n<h4>Septembrie<\/h4>\n<h4><strong>15 septembrie &#8211; Candidatul la Pre\u015fedin\u0163ia Rom\u00e2niei, Gheorghe Funar, a fost agresat la Timi\u015foara. Cercet\u0103rile Poli\u0163iei au identificat prezen\u0163a printre agresori a deputatului UDMR Francisc Baranyi.<\/strong><\/h4>\n<h4>\u00cen Camera Reprezentan\u0163ilor din Congresul SUA, congresman-ul american de origine maghiar\u0103 Tom Lantos cere ca Rom\u00e2niei s\u0103 nu i se acorde clauza na\u0163iunii celei mai favorizate, motiv\u00e2nd c\u0103 \u00een Rom\u00e2nia sunt \u00eenc\u0103lcate \u00een mod consecvent libert\u0103\u0163ile confesionale \u015fi drepturile minorit\u0103\u0163ilor, \u00een special ale celei maghiare.<\/h4>\n<h4>Octombrie<\/h4>\n<h4>Cotidianul <em>Rom\u00e1nyai Magyar Sz\u00f3<\/em> \u015fi revista <em>Erdely Magyarsz\u00e1g<\/em> public\u0103, \u00een mod repetat, articole denigratoare la adresa Rom\u00e2niei, incit\u0103 la ac\u0163iuni \u00eendreptate \u00eempotriva intereselor fundamentale ale \u0163\u0103rii.<\/h4>\n<h4>25 octombrie \u2013 Parlamentarii UDMR ale\u015fi \u00een Parlamentul Rom\u00e2niei jur\u0103 \u00een Catedrala Sf. Mihail din Cluj-Napoca credin\u0163\u0103 &#8222;poporului care le-a \u00eencredin\u0163at mandatul, slujirea drepturilor colective&#8221; \u015fi se angajeaz\u0103 s\u0103 militeze pentru autoadministrarea pe baza principiului autonomiei comunitare.<\/h4>\n<h4>Decembrie<\/h4>\n<h4>2 decembrie\u2013 Are loc profanarea Bisericii ortodoxe din Cenadul Unguresc, din Ungaria.\nDeputatul UDMR Stefan Sinko protesteaz\u0103 violent contra repunerii pl\u0103cii cu textul lui Nicolae Iorga pe soclul grupului statuar Matei Corvin din pia\u0163a central\u0103 a ora\u015fului Cluj-Napoca, de c\u0103tre primarul Gheorghe Funar.<\/h4>\n<h4><\/h4>\n<h4><span style=\"color: #c0c0c0;\"><em>Surs\u0103:&nbsp;<a title=\"sursa\" href=\"http:\/\/piatza.net\/cartea-neagra-a-udmr-1989-1992\/\">http:\/\/piatza.net<\/a><\/em><\/span><\/h4>        <div class=\"booster-block booster-reactions-block\">\n            <div class=\"twp-reactions-icons\">\n                \n                <div class=\"twp-reacts-wrap\">\n                    <a react-data=\"be-react-1\" post-id=\"4109\" class=\"be-face-icons un-reacted\" href=\"javascript:void(0)\">\n                        <img decoding=\"async\" src=\"https:\/\/desteptati-va.ro\/wp-content\/plugins\/booster-extension\/\/assets\/icon\/happy.svg\" alt=\"Happy\">\n                    <\/a>\n                    <div class=\"twp-reaction-title\">\n                        Happy                    <\/div>\n                    <div class=\"twp-count-percent\">\n                                                    <span style=\"display: none;\" class=\"twp-react-count\">0<\/span>\n                        \n                                                <span class=\"twp-react-percent\"><span>0<\/span> %<\/span>\n                                            <\/div>\n                <\/div>\n\n                <div class=\"twp-reacts-wrap\">\n                    <a react-data=\"be-react-2\" post-id=\"4109\" class=\"be-face-icons un-reacted\" href=\"javascript:void(0)\">\n                        <img decoding=\"async\" src=\"https:\/\/desteptati-va.ro\/wp-content\/plugins\/booster-extension\/\/assets\/icon\/sad.svg\" alt=\"Sad\">\n                    <\/a>\n                    <div class=\"twp-reaction-title\">\n                        Sad                    <\/div>\n                    <div class=\"twp-count-percent\">\n                                                    <span style=\"display: none;\" class=\"twp-react-count\">0<\/span>\n                                                                        <span class=\"twp-react-percent\"><span>0<\/span> %<\/span>\n                                            <\/div>\n                <\/div>\n\n                <div class=\"twp-reacts-wrap\">\n                    <a react-data=\"be-react-3\" post-id=\"4109\" class=\"be-face-icons un-reacted\" href=\"javascript:void(0)\">\n                        <img decoding=\"async\" src=\"https:\/\/desteptati-va.ro\/wp-content\/plugins\/booster-extension\/\/assets\/icon\/excited.svg\" alt=\"Excited\">\n                    <\/a>\n                    <div class=\"twp-reaction-title\">\n                        Excited                    <\/div>\n                    <div class=\"twp-count-percent\">\n                                                    <span style=\"display: none;\" class=\"twp-react-count\">0<\/span>\n                                                                        <span class=\"twp-react-percent\"><span>0<\/span> %<\/span>\n                                            <\/div>\n                <\/div>\n\n                <div class=\"twp-reacts-wrap\">\n                    <a react-data=\"be-react-6\" post-id=\"4109\" class=\"be-face-icons un-reacted\" href=\"javascript:void(0)\">\n                        <img decoding=\"async\" src=\"https:\/\/desteptati-va.ro\/wp-content\/plugins\/booster-extension\/\/assets\/icon\/sleepy.svg\" alt=\"Sleepy\">\n                    <\/a>\n                    <div class=\"twp-reaction-title\">\n                        Sleepy                    <\/div>\n                    <div class=\"twp-count-percent\">\n                                                    <span style=\"display: none;\" class=\"twp-react-count\">0<\/span>\n                        \n                                                <span class=\"twp-react-percent\"><span>0<\/span> %<\/span>\n                                            <\/div>\n                <\/div>\n\n                <div class=\"twp-reacts-wrap\">\n                    <a react-data=\"be-react-4\" post-id=\"4109\" class=\"be-face-icons un-reacted\" href=\"javascript:void(0)\">\n                        <img decoding=\"async\" src=\"https:\/\/desteptati-va.ro\/wp-content\/plugins\/booster-extension\/\/assets\/icon\/angry.svg\" alt=\"Angry\">\n                    <\/a>\n                    <div class=\"twp-reaction-title\">Angry<\/div>\n                    <div class=\"twp-count-percent\">\n                                                    <span style=\"display: none;\" class=\"twp-react-count\">0<\/span>\n                                                                        <span class=\"twp-react-percent\"><span>0<\/span> %<\/span>\n                        \n                    <\/div>\n                <\/div>\n\n                <div class=\"twp-reacts-wrap\">\n                    <a react-data=\"be-react-5\" post-id=\"4109\" class=\"be-face-icons un-reacted\" href=\"javascript:void(0)\">\n                        <img decoding=\"async\" src=\"https:\/\/desteptati-va.ro\/wp-content\/plugins\/booster-extension\/\/assets\/icon\/surprise.svg\" alt=\"Surprise\">\n                    <\/a>\n                    <div class=\"twp-reaction-title\">Surprise<\/div>\n                    <div class=\"twp-count-percent\">\n                                                    <span style=\"display: none;\" class=\"twp-react-count\">0<\/span>\n                                                                        <span class=\"twp-react-percent\"><span>0<\/span> %<\/span>\n                                            <\/div>\n                <\/div>\n\n            <\/div>\n        <\/div>\n\n    <\/div>","protected":false},"excerpt":{"rendered":"<p>1989, 25 decembrie \u00cen jude\u0163ele Harghita \u015fi Covasna, demonstra\u0163iile violente ale maghiarilor se desf\u0103\u015foar\u0103 \u00eempotriva sediilor Mili\u0163iei \u015fi Securit\u0103\u0163ii \u015fi<a href=\"https:\/\/desteptati-va.ro\/index.php\/2021\/04\/19\/cartea-neagra-a-udmr-1989-1992\/\">Read More<i class=\"fa fa-long-arrow-right\" aria-hidden=\"true\"><\/i><\/a><\/p>\n","protected":false},"author":1,"featured_media":4662,"comment_status":"open","ping_status":"open","sticky":false,"template":"","format":"standard","meta":{"_crdt_document":"","footnotes":""},"categories":[218,17],"tags":[1488,1489,1490,1150,1491,1492,1493,1494,1495,780],"class_list":["post-4109","post","type-post","status-publish","format-standard","has-post-thumbnail","hentry","category-general","category-pareri-si-pozitii-publice","tag-agache","tag-batjocori","tag-coman","tag-covasna","tag-danila","tag-farkas","tag-geza","tag-hargita","tag-kincsestokes","tag-ungur"],"rise-blocks_total_comments":1,"rise-blocks_categories":[{"term_id":17,"name":"Pareri si pozitii publice","slug":"pareri-si-pozitii-publice","term_group":0,"term_taxonomy_id":17,"taxonomy":"category","description":"","parent":0,"count":18,"filter":"raw"}],"rise-blocks_excerpt":"1989, 25 decembrie \u00cen jude\u0163ele Harghita \u015fi Covasna, demonstra\u0163iile violente ale maghiarilor se desf\u0103\u015foar\u0103 \u00eempotriva sediilor Mili\u0163iei \u015fi Securit\u0103\u0163ii \u015fi a simbolurilor na\u0163ionale ale statului rom\u00e2n, cu sloganuri ca: &#8222;Horthy, Horthy!&#8221;, &#8222;Tr\u0103iasc\u0103 Ungaria!&#8221;, &#8222;Ardealul la Ungaria!&#8221;, &#8222;Acum ori niciodat\u0103!&#8221;, &#8222;Afar\u0103 cu rom\u00e2nii \u00eempu\u0163i\u0163i!&#8221;. Manifestan\u0163ii au atacat predilect sediile de mili\u0163ie, 38 dintre ele fiind ocupate \u015fi devastate. Ofi\u0163eri \u015fi subofi\u0163eri..","yoast_head":"<!-- This site is optimized with the Yoast SEO plugin v26.9 - https:\/\/yoast.com\/product\/yoast-seo-wordpress\/ -->\r\n<title>Cartea neagr\u0103 a UDMR 1989-1992 -<\/title>\r\n<meta name=\"robots\" content=\"index, follow, max-snippet:-1, max-image-preview:large, max-video-preview:-1\" \/>\r\n<link rel=\"canonical\" href=\"https:\/\/desteptati-va.ro\/index.php\/2021\/04\/19\/cartea-neagra-a-udmr-1989-1992\/\" \/>\r\n<meta property=\"og:locale\" content=\"ro_RO\" \/>\r\n<meta property=\"og:type\" content=\"article\" \/>\r\n<meta property=\"og:title\" content=\"Cartea neagr\u0103 a UDMR 1989-1992 -\" \/>\r\n<meta property=\"og:description\" content=\"1989, 25 decembrie \u00cen jude\u0163ele Harghita \u015fi Covasna, demonstra\u0163iile violente ale maghiarilor se desf\u0103\u015foar\u0103 \u00eempotriva sediilor Mili\u0163iei \u015fi Securit\u0103\u0163ii \u015fiRead More\" \/>\r\n<meta property=\"og:url\" content=\"https:\/\/desteptati-va.ro\/index.php\/2021\/04\/19\/cartea-neagra-a-udmr-1989-1992\/\" \/>\r\n<meta property=\"article:published_time\" content=\"2021-04-19T11:30:40+00:00\" \/>\r\n<meta property=\"article:modified_time\" content=\"2022-02-01T08:38:59+00:00\" \/>\r\n<meta property=\"og:image\" content=\"https:\/\/desteptati-va.ro\/wp-content\/uploads\/2021\/04\/horty.jpg\" \/>\r\n\t<meta property=\"og:image:width\" content=\"276\" \/>\r\n\t<meta property=\"og:image:height\" content=\"182\" \/>\r\n\t<meta property=\"og:image:type\" content=\"image\/jpeg\" \/>\r\n<meta name=\"author\" content=\"wolfsoftcompany\" \/>\r\n<meta name=\"twitter:card\" content=\"summary_large_image\" \/>\r\n<meta name=\"twitter:label1\" content=\"Scris de\" \/>\n\t<meta name=\"twitter:data1\" content=\"wolfsoftcompany\" \/>\n\t<meta name=\"twitter:label2\" content=\"Timp estimat pentru citire\" \/>\n\t<meta name=\"twitter:data2\" content=\"36 de minute\" \/>\r\n<script type=\"application\/ld+json\" class=\"yoast-schema-graph\">{\"@context\":\"https:\/\/schema.org\",\"@graph\":[{\"@type\":\"Article\",\"@id\":\"https:\/\/desteptati-va.ro\/index.php\/2021\/04\/19\/cartea-neagra-a-udmr-1989-1992\/#article\",\"isPartOf\":{\"@id\":\"https:\/\/desteptati-va.ro\/index.php\/2021\/04\/19\/cartea-neagra-a-udmr-1989-1992\/\"},\"author\":{\"name\":\"wolfsoftcompany\",\"@id\":\"https:\/\/desteptati-va.ro\/#\/schema\/person\/13182deeebd44920914899f7bb262d6b\"},\"headline\":\"Cartea neagr\u0103 a UDMR 1989-1992\",\"datePublished\":\"2021-04-19T11:30:40+00:00\",\"dateModified\":\"2022-02-01T08:38:59+00:00\",\"mainEntityOfPage\":{\"@id\":\"https:\/\/desteptati-va.ro\/index.php\/2021\/04\/19\/cartea-neagra-a-udmr-1989-1992\/\"},\"wordCount\":7250,\"commentCount\":0,\"image\":{\"@id\":\"https:\/\/desteptati-va.ro\/index.php\/2021\/04\/19\/cartea-neagra-a-udmr-1989-1992\/#primaryimage\"},\"thumbnailUrl\":\"https:\/\/desteptati-va.ro\/wp-content\/uploads\/2021\/04\/horty.jpg\",\"keywords\":[\"agache\",\"batjocori\",\"Coman\",\"covasna\",\"Danila\",\"Farkas\",\"Geza\",\"Hargita\",\"KincsesTokes\",\"ungur\"],\"articleSection\":[\"General\",\"Pareri si pozitii publice\"],\"inLanguage\":\"ro-RO\",\"potentialAction\":[{\"@type\":\"CommentAction\",\"name\":\"Comment\",\"target\":[\"https:\/\/desteptati-va.ro\/index.php\/2021\/04\/19\/cartea-neagra-a-udmr-1989-1992\/#respond\"]}]},{\"@type\":\"WebPage\",\"@id\":\"https:\/\/desteptati-va.ro\/index.php\/2021\/04\/19\/cartea-neagra-a-udmr-1989-1992\/\",\"url\":\"https:\/\/desteptati-va.ro\/index.php\/2021\/04\/19\/cartea-neagra-a-udmr-1989-1992\/\",\"name\":\"Cartea neagr\u0103 a UDMR 1989-1992 -\",\"isPartOf\":{\"@id\":\"https:\/\/desteptati-va.ro\/#website\"},\"primaryImageOfPage\":{\"@id\":\"https:\/\/desteptati-va.ro\/index.php\/2021\/04\/19\/cartea-neagra-a-udmr-1989-1992\/#primaryimage\"},\"image\":{\"@id\":\"https:\/\/desteptati-va.ro\/index.php\/2021\/04\/19\/cartea-neagra-a-udmr-1989-1992\/#primaryimage\"},\"thumbnailUrl\":\"https:\/\/desteptati-va.ro\/wp-content\/uploads\/2021\/04\/horty.jpg\",\"datePublished\":\"2021-04-19T11:30:40+00:00\",\"dateModified\":\"2022-02-01T08:38:59+00:00\",\"author\":{\"@id\":\"https:\/\/desteptati-va.ro\/#\/schema\/person\/13182deeebd44920914899f7bb262d6b\"},\"breadcrumb\":{\"@id\":\"https:\/\/desteptati-va.ro\/index.php\/2021\/04\/19\/cartea-neagra-a-udmr-1989-1992\/#breadcrumb\"},\"inLanguage\":\"ro-RO\",\"potentialAction\":[{\"@type\":\"ReadAction\",\"target\":[\"https:\/\/desteptati-va.ro\/index.php\/2021\/04\/19\/cartea-neagra-a-udmr-1989-1992\/\"]}]},{\"@type\":\"ImageObject\",\"inLanguage\":\"ro-RO\",\"@id\":\"https:\/\/desteptati-va.ro\/index.php\/2021\/04\/19\/cartea-neagra-a-udmr-1989-1992\/#primaryimage\",\"url\":\"https:\/\/desteptati-va.ro\/wp-content\/uploads\/2021\/04\/horty.jpg\",\"contentUrl\":\"https:\/\/desteptati-va.ro\/wp-content\/uploads\/2021\/04\/horty.jpg\",\"width\":276,\"height\":182},{\"@type\":\"BreadcrumbList\",\"@id\":\"https:\/\/desteptati-va.ro\/index.php\/2021\/04\/19\/cartea-neagra-a-udmr-1989-1992\/#breadcrumb\",\"itemListElement\":[{\"@type\":\"ListItem\",\"position\":1,\"name\":\"Prima pagin\u0103\",\"item\":\"https:\/\/desteptati-va.ro\/\"},{\"@type\":\"ListItem\",\"position\":2,\"name\":\"Cartea neagr\u0103 a UDMR 1989-1992\"}]},{\"@type\":\"WebSite\",\"@id\":\"https:\/\/desteptati-va.ro\/#website\",\"url\":\"https:\/\/desteptati-va.ro\/\",\"name\":\"\",\"description\":\"\",\"potentialAction\":[{\"@type\":\"SearchAction\",\"target\":{\"@type\":\"EntryPoint\",\"urlTemplate\":\"https:\/\/desteptati-va.ro\/?s={search_term_string}\"},\"query-input\":{\"@type\":\"PropertyValueSpecification\",\"valueRequired\":true,\"valueName\":\"search_term_string\"}}],\"inLanguage\":\"ro-RO\"},{\"@type\":\"Person\",\"@id\":\"https:\/\/desteptati-va.ro\/#\/schema\/person\/13182deeebd44920914899f7bb262d6b\",\"name\":\"wolfsoftcompany\",\"image\":{\"@type\":\"ImageObject\",\"inLanguage\":\"ro-RO\",\"@id\":\"https:\/\/desteptati-va.ro\/#\/schema\/person\/image\/\",\"url\":\"https:\/\/secure.gravatar.com\/avatar\/a6cce9b6d101d27d91690e7073e300fed94c0899890bf998e082cb9d2c3d121e?s=96&d=mm&r=g\",\"contentUrl\":\"https:\/\/secure.gravatar.com\/avatar\/a6cce9b6d101d27d91690e7073e300fed94c0899890bf998e082cb9d2c3d121e?s=96&d=mm&r=g\",\"caption\":\"wolfsoftcompany\"},\"sameAs\":[\"http:\/\/desteptati-va.ro\"],\"url\":\"https:\/\/desteptati-va.ro\/index.php\/author\/wolfsoftcompany\/\"}]}<\/script>\r\n<!-- \/ Yoast SEO plugin. -->","yoast_head_json":{"title":"Cartea neagr\u0103 a UDMR 1989-1992 -","robots":{"index":"index","follow":"follow","max-snippet":"max-snippet:-1","max-image-preview":"max-image-preview:large","max-video-preview":"max-video-preview:-1"},"canonical":"https:\/\/desteptati-va.ro\/index.php\/2021\/04\/19\/cartea-neagra-a-udmr-1989-1992\/","og_locale":"ro_RO","og_type":"article","og_title":"Cartea neagr\u0103 a UDMR 1989-1992 -","og_description":"1989, 25 decembrie \u00cen jude\u0163ele Harghita \u015fi Covasna, demonstra\u0163iile violente ale maghiarilor se desf\u0103\u015foar\u0103 \u00eempotriva sediilor Mili\u0163iei \u015fi Securit\u0103\u0163ii \u015fiRead More","og_url":"https:\/\/desteptati-va.ro\/index.php\/2021\/04\/19\/cartea-neagra-a-udmr-1989-1992\/","article_published_time":"2021-04-19T11:30:40+00:00","article_modified_time":"2022-02-01T08:38:59+00:00","og_image":[{"width":276,"height":182,"url":"https:\/\/desteptati-va.ro\/wp-content\/uploads\/2021\/04\/horty.jpg","type":"image\/jpeg"}],"author":"wolfsoftcompany","twitter_card":"summary_large_image","twitter_misc":{"Scris de":"wolfsoftcompany","Timp estimat pentru citire":"36 de minute"},"schema":{"@context":"https:\/\/schema.org","@graph":[{"@type":"Article","@id":"https:\/\/desteptati-va.ro\/index.php\/2021\/04\/19\/cartea-neagra-a-udmr-1989-1992\/#article","isPartOf":{"@id":"https:\/\/desteptati-va.ro\/index.php\/2021\/04\/19\/cartea-neagra-a-udmr-1989-1992\/"},"author":{"name":"wolfsoftcompany","@id":"https:\/\/desteptati-va.ro\/#\/schema\/person\/13182deeebd44920914899f7bb262d6b"},"headline":"Cartea neagr\u0103 a UDMR 1989-1992","datePublished":"2021-04-19T11:30:40+00:00","dateModified":"2022-02-01T08:38:59+00:00","mainEntityOfPage":{"@id":"https:\/\/desteptati-va.ro\/index.php\/2021\/04\/19\/cartea-neagra-a-udmr-1989-1992\/"},"wordCount":7250,"commentCount":0,"image":{"@id":"https:\/\/desteptati-va.ro\/index.php\/2021\/04\/19\/cartea-neagra-a-udmr-1989-1992\/#primaryimage"},"thumbnailUrl":"https:\/\/desteptati-va.ro\/wp-content\/uploads\/2021\/04\/horty.jpg","keywords":["agache","batjocori","Coman","covasna","Danila","Farkas","Geza","Hargita","KincsesTokes","ungur"],"articleSection":["General","Pareri si pozitii publice"],"inLanguage":"ro-RO","potentialAction":[{"@type":"CommentAction","name":"Comment","target":["https:\/\/desteptati-va.ro\/index.php\/2021\/04\/19\/cartea-neagra-a-udmr-1989-1992\/#respond"]}]},{"@type":"WebPage","@id":"https:\/\/desteptati-va.ro\/index.php\/2021\/04\/19\/cartea-neagra-a-udmr-1989-1992\/","url":"https:\/\/desteptati-va.ro\/index.php\/2021\/04\/19\/cartea-neagra-a-udmr-1989-1992\/","name":"Cartea neagr\u0103 a UDMR 1989-1992 -","isPartOf":{"@id":"https:\/\/desteptati-va.ro\/#website"},"primaryImageOfPage":{"@id":"https:\/\/desteptati-va.ro\/index.php\/2021\/04\/19\/cartea-neagra-a-udmr-1989-1992\/#primaryimage"},"image":{"@id":"https:\/\/desteptati-va.ro\/index.php\/2021\/04\/19\/cartea-neagra-a-udmr-1989-1992\/#primaryimage"},"thumbnailUrl":"https:\/\/desteptati-va.ro\/wp-content\/uploads\/2021\/04\/horty.jpg","datePublished":"2021-04-19T11:30:40+00:00","dateModified":"2022-02-01T08:38:59+00:00","author":{"@id":"https:\/\/desteptati-va.ro\/#\/schema\/person\/13182deeebd44920914899f7bb262d6b"},"breadcrumb":{"@id":"https:\/\/desteptati-va.ro\/index.php\/2021\/04\/19\/cartea-neagra-a-udmr-1989-1992\/#breadcrumb"},"inLanguage":"ro-RO","potentialAction":[{"@type":"ReadAction","target":["https:\/\/desteptati-va.ro\/index.php\/2021\/04\/19\/cartea-neagra-a-udmr-1989-1992\/"]}]},{"@type":"ImageObject","inLanguage":"ro-RO","@id":"https:\/\/desteptati-va.ro\/index.php\/2021\/04\/19\/cartea-neagra-a-udmr-1989-1992\/#primaryimage","url":"https:\/\/desteptati-va.ro\/wp-content\/uploads\/2021\/04\/horty.jpg","contentUrl":"https:\/\/desteptati-va.ro\/wp-content\/uploads\/2021\/04\/horty.jpg","width":276,"height":182},{"@type":"BreadcrumbList","@id":"https:\/\/desteptati-va.ro\/index.php\/2021\/04\/19\/cartea-neagra-a-udmr-1989-1992\/#breadcrumb","itemListElement":[{"@type":"ListItem","position":1,"name":"Prima pagin\u0103","item":"https:\/\/desteptati-va.ro\/"},{"@type":"ListItem","position":2,"name":"Cartea neagr\u0103 a UDMR 1989-1992"}]},{"@type":"WebSite","@id":"https:\/\/desteptati-va.ro\/#website","url":"https:\/\/desteptati-va.ro\/","name":"","description":"","potentialAction":[{"@type":"SearchAction","target":{"@type":"EntryPoint","urlTemplate":"https:\/\/desteptati-va.ro\/?s={search_term_string}"},"query-input":{"@type":"PropertyValueSpecification","valueRequired":true,"valueName":"search_term_string"}}],"inLanguage":"ro-RO"},{"@type":"Person","@id":"https:\/\/desteptati-va.ro\/#\/schema\/person\/13182deeebd44920914899f7bb262d6b","name":"wolfsoftcompany","image":{"@type":"ImageObject","inLanguage":"ro-RO","@id":"https:\/\/desteptati-va.ro\/#\/schema\/person\/image\/","url":"https:\/\/secure.gravatar.com\/avatar\/a6cce9b6d101d27d91690e7073e300fed94c0899890bf998e082cb9d2c3d121e?s=96&d=mm&r=g","contentUrl":"https:\/\/secure.gravatar.com\/avatar\/a6cce9b6d101d27d91690e7073e300fed94c0899890bf998e082cb9d2c3d121e?s=96&d=mm&r=g","caption":"wolfsoftcompany"},"sameAs":["http:\/\/desteptati-va.ro"],"url":"https:\/\/desteptati-va.ro\/index.php\/author\/wolfsoftcompany\/"}]}},"_links":{"self":[{"href":"https:\/\/desteptati-va.ro\/index.php\/wp-json\/wp\/v2\/posts\/4109","targetHints":{"allow":["GET"]}}],"collection":[{"href":"https:\/\/desteptati-va.ro\/index.php\/wp-json\/wp\/v2\/posts"}],"about":[{"href":"https:\/\/desteptati-va.ro\/index.php\/wp-json\/wp\/v2\/types\/post"}],"author":[{"embeddable":true,"href":"https:\/\/desteptati-va.ro\/index.php\/wp-json\/wp\/v2\/users\/1"}],"replies":[{"embeddable":true,"href":"https:\/\/desteptati-va.ro\/index.php\/wp-json\/wp\/v2\/comments?post=4109"}],"version-history":[{"count":2,"href":"https:\/\/desteptati-va.ro\/index.php\/wp-json\/wp\/v2\/posts\/4109\/revisions"}],"predecessor-version":[{"id":4663,"href":"https:\/\/desteptati-va.ro\/index.php\/wp-json\/wp\/v2\/posts\/4109\/revisions\/4663"}],"wp:featuredmedia":[{"embeddable":true,"href":"https:\/\/desteptati-va.ro\/index.php\/wp-json\/wp\/v2\/media\/4662"}],"wp:attachment":[{"href":"https:\/\/desteptati-va.ro\/index.php\/wp-json\/wp\/v2\/media?parent=4109"}],"wp:term":[{"taxonomy":"category","embeddable":true,"href":"https:\/\/desteptati-va.ro\/index.php\/wp-json\/wp\/v2\/categories?post=4109"},{"taxonomy":"post_tag","embeddable":true,"href":"https:\/\/desteptati-va.ro\/index.php\/wp-json\/wp\/v2\/tags?post=4109"}],"curies":[{"name":"wp","href":"https:\/\/api.w.org\/{rel}","templated":true}]}}