{"id":4115,"date":"2021-04-19T11:33:31","date_gmt":"2021-04-19T11:33:31","guid":{"rendered":"http:\/\/desteptati.ro\/?p=4115"},"modified":"2022-02-01T10:33:21","modified_gmt":"2022-02-01T08:33:21","slug":"pensionari-vt-ordon-treceti-stixul","status":"publish","type":"post","link":"https:\/\/desteptati-va.ro\/index.php\/2021\/04\/19\/pensionari-vt-ordon-treceti-stixul\/","title":{"rendered":"&#8222;Pensionari! V\u0103 ordon, trece\u0163i Stixul!&#8221;"},"content":{"rendered":"<div class=\"post-content\"><div class='booster-block booster-read-block'>\n                <div class=\"twp-read-time\">\n                \t<i class=\"booster-icon twp-clock\"><\/i> <span>Read Time:<\/span>5 Minute, 46 Second                <\/div>\n\n            <\/div><h4 style=\"text-align: justify;\">Tr\u0103iesc cu convingerea c\u0103, la nivel planetar, \u00a0cet\u0103\u0163enii rom\u00e2ni au fost \u201eselecta\u0163i\u201d pe post de cobai pentru diverse experimente, \u00een cazul de fa\u0163\u0103 pentru urm\u0103rirea modului de reac\u0163ie la impact. Ca s\u0103 fiu mai explicit, pe \u201eplaiurile mioritice\u201d s-au pus \u00een practic\u0103 proiecte \u015fi scenarii cu caracter criminal. Da, a\u0163i citit bine: CRIMINAL. Ceea ce se \u00eent\u00e2mpl\u0103 ast\u0103zi \u00een Rom\u00e2nia, nu doar prin mizerabila administrare a \u0163\u0103rii, ci \u015fi prin metodele aplicate, sunt acte de factur\u0103 criminal\u0103, crime \u00eempotriva oamenilor, a faunei \u015fi a florei Rom\u00e2niei. Nelegiuirile administratorilor vremelnici \u015fi nevrednici ai \u0163\u0103rii agreseaz\u0103 sistematic propriul popor. Legi nepotrivite, hot\u0103r\u00e2ri de guvern \u015fi ordonan\u0163e de \u201eurgen\u0163\u0103\u201d \u00eendreptate \u00eempotriva intereselor na\u0163ionale, se voteaz\u0103 pe band\u0103 rulant\u0103 \u015fi se aplic\u0103 f\u0103r\u0103 discern\u0103m\u00e2nt, cu o premeditare diabolic\u0103. Tr\u0103iesc sentimentul c\u0103 \u201ecineva\u201d vrea s\u0103 verifice unde se afl\u0103 limita r\u0103bd\u0103rii rom\u00e2nilor \u015fi a\u015fteap\u0103 momentul c\u00e2nd se va produce \u201eexplozia m\u0103m\u0103ligii\u201d.<\/h4>\n<h3><strong><em>\u201eReforma disper\u0103rii\u201d<\/em><\/strong><\/h3>\n<h4 style=\"text-align: justify;\">P\u00e2n\u0103 la adoptarea Hot\u0103r\u00e2rii de Guvern 345 din 31 martie 2011, listele spitalelor care urmau s\u0103 fie desfiin\u0163ate s-au\u00a0 schimbat de nenum\u0103rate ori, numai \u00een func\u0163ie de influen\u0163\u0103, de insisten\u0163\u0103 \u015fi de interese politicianiste, nicidecum \u00een interesul cet\u0103\u0163eanului rom\u00e2n. La ordinele ministrului U.D.M.R. Cseke Attila (clon\u0103\u00a0postum\u0103 a doctorului Mengele), 67 de spitale rom\u00e2ne\u015fti au fost \u00eenchise. Cele mai multe se afl\u0103 \u00een jude\u0163ele Arge\u015f \u015fi Prahova. \u00cen regimul unei \u201eurgen\u0163e\u201d de\u00a0 ne\u00een\u0163eles, justificat numai \u00een cazul evacu\u0103rilor for\u0163ate, survenite \u00een urma unor\u00a0 calamit\u0103\u0163i naturale sau &#8211; Doamne fere\u015fte! &#8211; a uneia nucleare, nou-n\u0103scu\u0163ii au fost sco\u015fi din incubatoare \u015fi expedia\u0163i la domiciliul p\u0103rin\u0163ilor sau prin alte spitale \u00eenc\u0103 \u00een func\u0163ionare. Cu \u201econtribu\u0163ia\u201d Jandarmeriei \u015fi a Poli\u0163iei Rom\u00e2ne, mame-l\u0103uze abia \u0163in\u00e2ndu-se pe picioare, bolnavi cu sondele \u015fi furtuna\u015fele perfuziilor \u00een m\u00e2n\u0103, b\u0103tr\u00e2ni cu afec\u0163iuni grave au fost evacua\u0163i din saloane \u015fi alunga\u0163i din spitale mai abitir dec\u0103t infractorii de drept comun. Dezorienta\u0163i\u00a0\u015fi dispera\u0163i unii dintre ace\u015ftia au plecat s\u0103-\u015fi a\u015ftepte inevitabilul sf\u00e2r\u015fit acas\u0103. Bolnavilor de cancer le-a fost limitat accesul la medicamentele vitale. Interna\u0163ilor li se cere plata spitaliz\u0103rii, f\u0103r\u0103 a mai amiti de medicamente pe care sunt obliga\u0163i s\u0103 \u015fi le cumpere singuri, de la farmacii. Acesta este filmul apocaliptic al\u00a0<strong>reformei disper\u0103rii<\/strong>, al aplic\u0103rii ordinelor\u00a0Guvernului criminal al Rom\u00e2niei \u015fi pus \u00een practic\u0103 de Cseke Attila, sub adapostul Hot\u0103r\u00e2rii de Guvern, ie\u015fit\u0103 de la tipografia Monitorului Oficial pe data de\u00a0<strong>1 APRILIE<\/strong>. (Coinciden\u0163\u0103 sau \u201ep\u0103c\u0103leal\u0103\u201d sinistr\u0103?)\u00a0\u00a0<em>\u201eNu pot s\u0103 nu observ, cu mirare, cu mare \u015fi deosebit\u0103 mirare, chiar cu stupoare, c\u0103\u00a0<strong>nici un spital din jude\u0163ele Covasna \u015fi Harghita nu se afl\u0103 printre cele 67 de spitale <\/strong>din care bolnavii au fost sco\u015fi pe br\u00e2nci. [&#8230;] Haosul, oric\u00e2t v-a\u0163i sp\u0103la dumneavoastr\u0103 pe m\u00e2ini, ca Pilat din Pont, v\u0103 apar\u0163ine \u00een totalitate, fiindc\u0103 ar fi trebuit s\u0103 v\u0103 implica\u0163i direct \u015fi s\u0103 coordona\u0163i \u00een totalitate acest proces delicat \u015fi dureros, \u00een a\u015fa fel \u00eenc\u00e2t el s\u0103 nu afecteze bolnavii \u015fi a\u015fa suferinzi \u015fi dispera\u0163i c\u0103 nu se pot trata cum trebuie din cauza lipsei de bani \u015fi din cauza m\u0103surilor tot mai restrictive pe care le practica\u0163i c\u00e2nd vine vorba de s\u0103n\u0103tatea\u00a0<strong>rom\u00e2nilor<\/strong>. Dar \u015ftiu c\u0103 nu o s\u0103 l\u0103sa\u0163i ciolanul gras din care mai ave\u0163i de ros, pentru c\u0103, nu-i a\u015fa, domnule Cseke, n-a\u0163i ajuns \u00eenc\u0103 la os, a\u015fa cum a ajuns cu\u0163itul, pentru rom\u00e2nii de a c\u0103ror s\u0103n\u0103tate nici \u00een cot nu v\u0103 doare!\u201d<\/em>(Maria Petra\u015fcu &#8211; Ziare.ro)<\/h4>\n<h4 style=\"text-align: justify;\"><a href=\"http:\/\/www.desteptati-va.ro\/wp-content\/uploads\/2011\/07\/Untitled.png\"><img loading=\"lazy\" decoding=\"async\" class=\"aligncenter size-medium wp-image-2297\" title=\"Untitled\" src=\"http:\/\/www.desteptati-va.ro\/wp-content\/uploads\/2011\/07\/Untitled-300x229.png\" alt=\"\" width=\"300\" height=\"229\" \/><\/a><\/h4>\n<h4 style=\"text-align: justify;\">Federa\u0163ia Na\u0163ionala a Sindicatelor Tesa din S\u0103n\u0103tate sus\u0163ine c\u0103 declara\u0163ia f\u0103cut\u0103 de ministrul Cseke Attila \u00eentr-o conferin\u0163a de pres\u0103 este neadev\u0103rat\u0103 \u015fi \u00eel acuz\u0103 pe ministrul S\u0103n\u0103t\u0103\u0163ii, de dezinformare.\u00a0<em>\u201eNu exist\u0103 un acord al sindicatelor privind desfiin\u0163area \u015fi comasarea a 182 de unit\u0103\u0163i sanitare. Federa\u0163ia Tesa s-a opus \u015fi se opune \u00een continuare acestui stil de \u00abreform\u0103\u00bb \u00een care consultarea cu sindicatele este mimat\u0103 iar deciziile se iau brutal f\u0103r\u0103 a se face analize corecte. Este vorba mai degrab\u0103 de un mod perfid de a da oamenii afar\u0103 \u00eentr-un mod iresponsabil, \u00een primul r\u00e2nd din localit\u0103\u0163i mici unde este \u00een fapt mai mult\u0103 nevoie de locuri de munc\u0103 \u015fi de servicii sanitare\u201d,<\/em> se men\u0163ioneaz\u0103\u00a0 \u00eentr-un comunicat remis, agen\u0163iei Mediafax. Un cunoscut jurnalist, Cristian Tudor Popescu, referindu-se la \u201ereforma sistemului de s\u0103n\u0103tate\u201d, arat\u0103 c\u0103:\u00a0<em>\u201eNu este nicio mare inteligen\u0163\u0103 s\u0103 \u00eenchizi spitale sau s\u0103 tai lefuri \u015fi pensii\u201d, competen\u0163a \u00een materie de reform\u0103 m\u0103sur\u00e2ndu-se prin minimizarea suferin\u0163elor oamenilor, care sunt totu\u015fi obiectul acestei reforme. Ideea este c\u0103 reforma se face&#8230; cu un mouse pe ecranul calculatorului; spitalul e o c\u0103su\u0163\u0103, mi\u015fti mouse-ul \u015fi \u00eel \u015ftergi. <\/em><em>A\u015fa se face reforma,\u00a0<strong>oamenii care se g\u0103sesc prin acele spitale nu exist\u0103<\/strong>\u201d.<\/em><\/h4>\n<h4 style=\"text-align: justify;\"><em><a href=\"http:\/\/www.desteptati-va.ro\/wp-content\/uploads\/2011\/07\/Untitled2.png\"><img loading=\"lazy\" decoding=\"async\" class=\"aligncenter size-medium wp-image-2298\" title=\"Untitled2\" src=\"http:\/\/www.desteptati-va.ro\/wp-content\/uploads\/2011\/07\/Untitled2-300x186.png\" alt=\"\" width=\"300\" height=\"186\" \/><\/a><\/em><\/h4>\n<h4 style=\"text-align: justify;\"><em>\u201eSpitalele vor fi transformate \u00een c\u0103mine <\/em>(lag\u0103re de exteminare lent\u0103 a celor \u00een v\u00e2rst\u0103, pe banii \u201ebeneficiarilor\u201d).\u00a0<em>Conform programului reprofil\u0103rii unit\u0103\u0163ilor sanitare, comas\u0103rile vor fi f\u0103cute dup\u0103 ce se va analiza clasificarea acestor unit\u0103\u0163i, iar<\/em> <em>dup\u0103 stabilirea strategiei de clasificare a spitalelor vor fi definitivate \u015fi comas\u0103rile\u201d<\/em>, a cuv\u00e2ntat, ministrul S\u0103n\u0103t\u0103\u0163ii, Cseke Attila.\u00a0\u00a0Ministerul S\u0103n\u0103t\u0103\u0163ii a publicat, listele cu posturile vacante, pe specialit\u0103\u0163i \u015fi categorii, la nivel jude\u0163ean \u015fi na\u0163ional pentru care personalul medical, dar \u015fi cel auxiliar va putea opta \u00een urm\u0103toarea perioad\u0103. Redistribuirea personalului din unit\u0103\u0163ile sanitare care se vor reprofila \u00een\u00a0<em>c\u0103mine pentru persoane v\u00e2rstnice<\/em>(direct spus,\u00a0<strong>azile de b\u0103tr\u00e2ni<\/strong>)\u00a0se va face \u00een trei etape, \u015fi se va realiza \u00een baza op\u0163iunii personale. \u00cencep\u00e2nd cu momentul pred\u0103rii spitalelor c\u0103tre administra\u0163iile locale Ministerul S\u0103n\u0103t\u0103\u0163ii nu mai are nici un drept s\u0103 ordone schimb\u0103ri \u00een conducerea \u015fi \u00een administrarea spitalelor. La asta nu s-a g\u00e2ndit domnul ministru? Misiunea lui a luat sf\u00e2r\u015fit \u015fi \u00een momentul de fa\u0163\u0103 \u00ee\u015fi dep\u0103\u015fe\u015fte atribu\u0163iile. M\u0103 \u00eentreb pentru ce mai exist\u0103 postul de Ministru al S\u0103n\u0103t\u0103\u0163ii, dar s\u0103 nu uit\u0103m: Rom\u00e2nia este \u0163ara tuturor absurdit\u0103\u0163ilor unde func\u0163ioneaz\u0103 impecabil doar legea f\u0103r\u0103delegii \u015fi a incompatibilit\u0103\u0163ii.<\/h4>\n<h4><a href=\"http:\/\/www.desteptati-va.ro\/wp-content\/uploads\/2011\/07\/Untitled3.png\"><img loading=\"lazy\" decoding=\"async\" class=\"aligncenter  wp-image-2299\" title=\"Untitled3\" src=\"http:\/\/www.desteptati-va.ro\/wp-content\/uploads\/2011\/07\/Untitled3-300x159.png\" alt=\"\" width=\"574\" height=\"304\" \/><\/a><\/h4>\n<h3><strong><em>\u201ePensionari! V\u0103 ordon, Trece\u0163i Stixul!\u201d<\/em><\/strong><\/h3>\n<h4 style=\"text-align: justify;\">M\u0103surile recente deconspir\u0103 modul de g\u00e2ndire al conduc\u0103torilor actuali fa\u0163\u0103 de poporul rom\u00e2n, ajuns victim\u0103 a incompeten\u0163ei \u015fi al dispre\u0163ului conduc\u0103torilor fa\u0163\u0103 de om. V\u0103 rog s\u0103 v\u0103 aminti\u0163i de atitudinea \u015fefului statului c\u00e2nd, \u00een 2010, anun\u0163a sc\u0103derea pensiilor \u015fi a salariilor cu 25%:\u00a0<strong><em>\u201eAsta e, dac\u0103 v\u0103 convine &#8211; bine, dac\u0103 nu &#8211; s\u0103 fi\u0163i s\u0103n\u0103to\u015fi\u201d<\/em><\/strong>. Nicolae Ceau\u015fescu a avut \u015fi merite \u015fi gre\u015feli, nu vorbea elevat, dar o astfel de \u201eperl\u0103\u201d nu i-a ie\u015fit pe gur\u0103 \u015fi \u00eentrebarea fireasc\u0103 vine de la sine: dintre cei doi \u015fefi de stat, care-i \u201edictatorul\u201d? Compara\u0163ia era inevitabil\u0103! Oare ce va mai spune dicta-escu \u00een septembie, c\u00e2nd c\u0103l\u0103ii vor decapita cu securea pensile de stat? Le va ordona: \u201ePensionari! V\u0103 ordon, trece\u0163i Stixul!?\u201d P\u0103i unde, domn pre\u015fedinte, \u015fi pentru ce? Stixul desparte P\u0103m\u00e2ntul de Infern. Sunt nedumerit: pentru ce s\u0103 ne mai irosim puterile ca s\u0103 trecem Stixul, dac\u0103 a\u0163i transformat Rom\u00e2nia \u00een Infern? Imaginea Auschwitzului va p\u0103li \u00een fa\u0163a\u00a0<em>holocaustului<\/em> basboccian practicat \u00een secolul XXI. Referindu-m\u0103 la TO\u0162I guvernan\u0163ii postdecembri\u015fti, dar \u00een special la cei actuali, veni-va vremea c\u00e2nd, parafraz\u00e2ndu-l pe Negruzzi:\u00a0<strong><em>\u201eVe\u0163i da seama, domnilor!\u201d<\/em><\/strong><\/h4>\n<h4 style=\"text-align: right;\"><em>de Ion Maldarescu<\/em> <strong><em>\n<\/em><\/strong><\/h4>        <div class=\"booster-block booster-reactions-block\">\n            <div class=\"twp-reactions-icons\">\n                \n                <div class=\"twp-reacts-wrap\">\n                    <a react-data=\"be-react-1\" post-id=\"4115\" class=\"be-face-icons un-reacted\" href=\"javascript:void(0)\">\n                        <img decoding=\"async\" src=\"https:\/\/desteptati-va.ro\/wp-content\/plugins\/booster-extension\/\/assets\/icon\/happy.svg\" alt=\"Happy\">\n                    <\/a>\n                    <div class=\"twp-reaction-title\">\n                        Happy                    <\/div>\n                    <div class=\"twp-count-percent\">\n                                                    <span style=\"display: none;\" class=\"twp-react-count\">0<\/span>\n                        \n                                                <span class=\"twp-react-percent\"><span>0<\/span> %<\/span>\n                                            <\/div>\n                <\/div>\n\n                <div class=\"twp-reacts-wrap\">\n                    <a react-data=\"be-react-2\" post-id=\"4115\" class=\"be-face-icons un-reacted\" href=\"javascript:void(0)\">\n                        <img decoding=\"async\" src=\"https:\/\/desteptati-va.ro\/wp-content\/plugins\/booster-extension\/\/assets\/icon\/sad.svg\" alt=\"Sad\">\n                    <\/a>\n                    <div class=\"twp-reaction-title\">\n                        Sad                    <\/div>\n                    <div class=\"twp-count-percent\">\n                                                    <span style=\"display: none;\" class=\"twp-react-count\">0<\/span>\n                                                                        <span class=\"twp-react-percent\"><span>0<\/span> %<\/span>\n                                            <\/div>\n                <\/div>\n\n                <div class=\"twp-reacts-wrap\">\n                    <a react-data=\"be-react-3\" post-id=\"4115\" class=\"be-face-icons un-reacted\" href=\"javascript:void(0)\">\n                        <img decoding=\"async\" src=\"https:\/\/desteptati-va.ro\/wp-content\/plugins\/booster-extension\/\/assets\/icon\/excited.svg\" alt=\"Excited\">\n                    <\/a>\n                    <div class=\"twp-reaction-title\">\n                        Excited                    <\/div>\n                    <div class=\"twp-count-percent\">\n                                                    <span style=\"display: none;\" class=\"twp-react-count\">0<\/span>\n                                                                        <span class=\"twp-react-percent\"><span>0<\/span> %<\/span>\n                                            <\/div>\n                <\/div>\n\n                <div class=\"twp-reacts-wrap\">\n                    <a react-data=\"be-react-6\" post-id=\"4115\" class=\"be-face-icons un-reacted\" href=\"javascript:void(0)\">\n                        <img decoding=\"async\" src=\"https:\/\/desteptati-va.ro\/wp-content\/plugins\/booster-extension\/\/assets\/icon\/sleepy.svg\" alt=\"Sleepy\">\n                    <\/a>\n                    <div class=\"twp-reaction-title\">\n                        Sleepy                    <\/div>\n                    <div class=\"twp-count-percent\">\n                                                    <span style=\"display: none;\" class=\"twp-react-count\">0<\/span>\n                        \n                                                <span class=\"twp-react-percent\"><span>0<\/span> %<\/span>\n                                            <\/div>\n                <\/div>\n\n                <div class=\"twp-reacts-wrap\">\n                    <a react-data=\"be-react-4\" post-id=\"4115\" class=\"be-face-icons un-reacted\" href=\"javascript:void(0)\">\n                        <img decoding=\"async\" src=\"https:\/\/desteptati-va.ro\/wp-content\/plugins\/booster-extension\/\/assets\/icon\/angry.svg\" alt=\"Angry\">\n                    <\/a>\n                    <div class=\"twp-reaction-title\">Angry<\/div>\n                    <div class=\"twp-count-percent\">\n                                                    <span style=\"display: none;\" class=\"twp-react-count\">0<\/span>\n                                                                        <span class=\"twp-react-percent\"><span>0<\/span> %<\/span>\n                        \n                    <\/div>\n                <\/div>\n\n                <div class=\"twp-reacts-wrap\">\n                    <a react-data=\"be-react-5\" post-id=\"4115\" class=\"be-face-icons un-reacted\" href=\"javascript:void(0)\">\n                        <img decoding=\"async\" src=\"https:\/\/desteptati-va.ro\/wp-content\/plugins\/booster-extension\/\/assets\/icon\/surprise.svg\" alt=\"Surprise\">\n                    <\/a>\n                    <div class=\"twp-reaction-title\">Surprise<\/div>\n                    <div class=\"twp-count-percent\">\n                                                    <span style=\"display: none;\" class=\"twp-react-count\">0<\/span>\n                                                                        <span class=\"twp-react-percent\"><span>0<\/span> %<\/span>\n                                            <\/div>\n                <\/div>\n\n            <\/div>\n        <\/div>\n\n    <\/div>","protected":false},"excerpt":{"rendered":"<p>Tr\u0103iesc cu convingerea c\u0103, la nivel planetar, \u00a0cet\u0103\u0163enii rom\u00e2ni au fost \u201eselecta\u0163i\u201d pe post de cobai pentru diverse experimente, \u00een<a href=\"https:\/\/desteptati-va.ro\/index.php\/2021\/04\/19\/pensionari-vt-ordon-treceti-stixul\/\">Read More<i class=\"fa fa-long-arrow-right\" aria-hidden=\"true\"><\/i><\/a><\/p>\n","protected":false},"author":1,"featured_media":1936,"comment_status":"open","ping_status":"open","sticky":false,"template":"","format":"standard","meta":{"_crdt_document":"","footnotes":""},"categories":[17],"tags":[59,60,1499,961,1500,1121,1298,1501,1300,179,1502],"class_list":["post-4115","post","type-post","status-publish","format-standard","has-post-thumbnail","hentry","category-pareri-si-pozitii-publice","tag-desteptati","tag-desteptati-va","tag-disperare","tag-genocid","tag-micsorare","tag-moarte","tag-pensii","tag-pensionari","tag-reforma","tag-romania","tag-scadere"],"rise-blocks_total_comments":0,"rise-blocks_categories":[{"term_id":17,"name":"Pareri si pozitii publice","slug":"pareri-si-pozitii-publice","term_group":0,"term_taxonomy_id":17,"taxonomy":"category","description":"","parent":0,"count":18,"filter":"raw"}],"rise-blocks_excerpt":"Tr\u0103iesc cu convingerea c\u0103, la nivel planetar, \u00a0cet\u0103\u0163enii rom\u00e2ni au fost \u201eselecta\u0163i\u201d pe post de cobai pentru diverse experimente, \u00een cazul de fa\u0163\u0103 pentru urm\u0103rirea modului de reac\u0163ie la impact. Ca s\u0103 fiu mai explicit, pe \u201eplaiurile mioritice\u201d s-au pus \u00een practic\u0103 proiecte \u015fi scenarii cu caracter criminal. Da, a\u0163i citit bine: CRIMINAL. Ceea ce se \u00eent\u00e2mpl\u0103 ast\u0103zi \u00een Rom\u00e2nia,..","yoast_head":"<!-- This site is optimized with the Yoast SEO plugin v26.9 - https:\/\/yoast.com\/product\/yoast-seo-wordpress\/ -->\r\n<title>&quot;Pensionari! V\u0103 ordon, trece\u0163i Stixul!&quot; -<\/title>\r\n<meta name=\"robots\" content=\"index, follow, max-snippet:-1, max-image-preview:large, max-video-preview:-1\" \/>\r\n<link rel=\"canonical\" href=\"https:\/\/desteptati-va.ro\/index.php\/2021\/04\/19\/pensionari-vt-ordon-treceti-stixul\/\" \/>\r\n<meta property=\"og:locale\" content=\"ro_RO\" \/>\r\n<meta property=\"og:type\" content=\"article\" \/>\r\n<meta property=\"og:title\" content=\"&quot;Pensionari! V\u0103 ordon, trece\u0163i Stixul!&quot; -\" \/>\r\n<meta property=\"og:description\" content=\"Tr\u0103iesc cu convingerea c\u0103, la nivel planetar, \u00a0cet\u0103\u0163enii rom\u00e2ni au fost \u201eselecta\u0163i\u201d pe post de cobai pentru diverse experimente, \u00eenRead More\" \/>\r\n<meta property=\"og:url\" content=\"https:\/\/desteptati-va.ro\/index.php\/2021\/04\/19\/pensionari-vt-ordon-treceti-stixul\/\" \/>\r\n<meta property=\"article:published_time\" content=\"2021-04-19T11:33:31+00:00\" \/>\r\n<meta property=\"article:modified_time\" content=\"2022-02-01T08:33:21+00:00\" \/>\r\n<meta property=\"og:image\" content=\"https:\/\/desteptati-va.ro\/wp-content\/uploads\/2021\/04\/Untitled3.png\" \/>\r\n\t<meta property=\"og:image:width\" content=\"800\" \/>\r\n\t<meta property=\"og:image:height\" content=\"425\" \/>\r\n\t<meta property=\"og:image:type\" content=\"image\/png\" \/>\r\n<meta name=\"author\" content=\"wolfsoftcompany\" \/>\r\n<meta name=\"twitter:card\" content=\"summary_large_image\" \/>\r\n<meta name=\"twitter:label1\" content=\"Scris de\" \/>\n\t<meta name=\"twitter:data1\" content=\"wolfsoftcompany\" \/>\n\t<meta name=\"twitter:label2\" content=\"Timp estimat pentru citire\" \/>\n\t<meta name=\"twitter:data2\" content=\"7 minute\" \/>\r\n<script type=\"application\/ld+json\" class=\"yoast-schema-graph\">{\"@context\":\"https:\/\/schema.org\",\"@graph\":[{\"@type\":\"Article\",\"@id\":\"https:\/\/desteptati-va.ro\/index.php\/2021\/04\/19\/pensionari-vt-ordon-treceti-stixul\/#article\",\"isPartOf\":{\"@id\":\"https:\/\/desteptati-va.ro\/index.php\/2021\/04\/19\/pensionari-vt-ordon-treceti-stixul\/\"},\"author\":{\"name\":\"wolfsoftcompany\",\"@id\":\"https:\/\/desteptati-va.ro\/#\/schema\/person\/13182deeebd44920914899f7bb262d6b\"},\"headline\":\"&#8222;Pensionari! V\u0103 ordon, trece\u0163i Stixul!&#8221;\",\"datePublished\":\"2021-04-19T11:33:31+00:00\",\"dateModified\":\"2022-02-01T08:33:21+00:00\",\"mainEntityOfPage\":{\"@id\":\"https:\/\/desteptati-va.ro\/index.php\/2021\/04\/19\/pensionari-vt-ordon-treceti-stixul\/\"},\"wordCount\":1368,\"commentCount\":0,\"image\":{\"@id\":\"https:\/\/desteptati-va.ro\/index.php\/2021\/04\/19\/pensionari-vt-ordon-treceti-stixul\/#primaryimage\"},\"thumbnailUrl\":\"https:\/\/desteptati-va.ro\/wp-content\/uploads\/2021\/04\/Untitled3.png\",\"keywords\":[\"desteptati\",\"desteptati-va\",\"disperare\",\"genocid\",\"micsorare\",\"moarte\",\"pensii\",\"pensionari\",\"reforma\",\"Romania\",\"scadere\"],\"articleSection\":[\"Pareri si pozitii publice\"],\"inLanguage\":\"ro-RO\",\"potentialAction\":[{\"@type\":\"CommentAction\",\"name\":\"Comment\",\"target\":[\"https:\/\/desteptati-va.ro\/index.php\/2021\/04\/19\/pensionari-vt-ordon-treceti-stixul\/#respond\"]}]},{\"@type\":\"WebPage\",\"@id\":\"https:\/\/desteptati-va.ro\/index.php\/2021\/04\/19\/pensionari-vt-ordon-treceti-stixul\/\",\"url\":\"https:\/\/desteptati-va.ro\/index.php\/2021\/04\/19\/pensionari-vt-ordon-treceti-stixul\/\",\"name\":\"\\\"Pensionari! V\u0103 ordon, trece\u0163i Stixul!\\\" -\",\"isPartOf\":{\"@id\":\"https:\/\/desteptati-va.ro\/#website\"},\"primaryImageOfPage\":{\"@id\":\"https:\/\/desteptati-va.ro\/index.php\/2021\/04\/19\/pensionari-vt-ordon-treceti-stixul\/#primaryimage\"},\"image\":{\"@id\":\"https:\/\/desteptati-va.ro\/index.php\/2021\/04\/19\/pensionari-vt-ordon-treceti-stixul\/#primaryimage\"},\"thumbnailUrl\":\"https:\/\/desteptati-va.ro\/wp-content\/uploads\/2021\/04\/Untitled3.png\",\"datePublished\":\"2021-04-19T11:33:31+00:00\",\"dateModified\":\"2022-02-01T08:33:21+00:00\",\"author\":{\"@id\":\"https:\/\/desteptati-va.ro\/#\/schema\/person\/13182deeebd44920914899f7bb262d6b\"},\"breadcrumb\":{\"@id\":\"https:\/\/desteptati-va.ro\/index.php\/2021\/04\/19\/pensionari-vt-ordon-treceti-stixul\/#breadcrumb\"},\"inLanguage\":\"ro-RO\",\"potentialAction\":[{\"@type\":\"ReadAction\",\"target\":[\"https:\/\/desteptati-va.ro\/index.php\/2021\/04\/19\/pensionari-vt-ordon-treceti-stixul\/\"]}]},{\"@type\":\"ImageObject\",\"inLanguage\":\"ro-RO\",\"@id\":\"https:\/\/desteptati-va.ro\/index.php\/2021\/04\/19\/pensionari-vt-ordon-treceti-stixul\/#primaryimage\",\"url\":\"https:\/\/desteptati-va.ro\/wp-content\/uploads\/2021\/04\/Untitled3.png\",\"contentUrl\":\"https:\/\/desteptati-va.ro\/wp-content\/uploads\/2021\/04\/Untitled3.png\",\"width\":800,\"height\":425},{\"@type\":\"BreadcrumbList\",\"@id\":\"https:\/\/desteptati-va.ro\/index.php\/2021\/04\/19\/pensionari-vt-ordon-treceti-stixul\/#breadcrumb\",\"itemListElement\":[{\"@type\":\"ListItem\",\"position\":1,\"name\":\"Prima pagin\u0103\",\"item\":\"https:\/\/desteptati-va.ro\/\"},{\"@type\":\"ListItem\",\"position\":2,\"name\":\"&#8220;Pensionari! V\u0103 ordon, trece\u0163i Stixul!&#8221;\"}]},{\"@type\":\"WebSite\",\"@id\":\"https:\/\/desteptati-va.ro\/#website\",\"url\":\"https:\/\/desteptati-va.ro\/\",\"name\":\"\",\"description\":\"\",\"potentialAction\":[{\"@type\":\"SearchAction\",\"target\":{\"@type\":\"EntryPoint\",\"urlTemplate\":\"https:\/\/desteptati-va.ro\/?s={search_term_string}\"},\"query-input\":{\"@type\":\"PropertyValueSpecification\",\"valueRequired\":true,\"valueName\":\"search_term_string\"}}],\"inLanguage\":\"ro-RO\"},{\"@type\":\"Person\",\"@id\":\"https:\/\/desteptati-va.ro\/#\/schema\/person\/13182deeebd44920914899f7bb262d6b\",\"name\":\"wolfsoftcompany\",\"image\":{\"@type\":\"ImageObject\",\"inLanguage\":\"ro-RO\",\"@id\":\"https:\/\/desteptati-va.ro\/#\/schema\/person\/image\/\",\"url\":\"https:\/\/secure.gravatar.com\/avatar\/a6cce9b6d101d27d91690e7073e300fed94c0899890bf998e082cb9d2c3d121e?s=96&d=mm&r=g\",\"contentUrl\":\"https:\/\/secure.gravatar.com\/avatar\/a6cce9b6d101d27d91690e7073e300fed94c0899890bf998e082cb9d2c3d121e?s=96&d=mm&r=g\",\"caption\":\"wolfsoftcompany\"},\"sameAs\":[\"http:\/\/desteptati-va.ro\"],\"url\":\"https:\/\/desteptati-va.ro\/index.php\/author\/wolfsoftcompany\/\"}]}<\/script>\r\n<!-- \/ Yoast SEO plugin. -->","yoast_head_json":{"title":"\"Pensionari! V\u0103 ordon, trece\u0163i Stixul!\" -","robots":{"index":"index","follow":"follow","max-snippet":"max-snippet:-1","max-image-preview":"max-image-preview:large","max-video-preview":"max-video-preview:-1"},"canonical":"https:\/\/desteptati-va.ro\/index.php\/2021\/04\/19\/pensionari-vt-ordon-treceti-stixul\/","og_locale":"ro_RO","og_type":"article","og_title":"\"Pensionari! V\u0103 ordon, trece\u0163i Stixul!\" -","og_description":"Tr\u0103iesc cu convingerea c\u0103, la nivel planetar, \u00a0cet\u0103\u0163enii rom\u00e2ni au fost \u201eselecta\u0163i\u201d pe post de cobai pentru diverse experimente, \u00eenRead More","og_url":"https:\/\/desteptati-va.ro\/index.php\/2021\/04\/19\/pensionari-vt-ordon-treceti-stixul\/","article_published_time":"2021-04-19T11:33:31+00:00","article_modified_time":"2022-02-01T08:33:21+00:00","og_image":[{"width":800,"height":425,"url":"https:\/\/desteptati-va.ro\/wp-content\/uploads\/2021\/04\/Untitled3.png","type":"image\/png"}],"author":"wolfsoftcompany","twitter_card":"summary_large_image","twitter_misc":{"Scris de":"wolfsoftcompany","Timp estimat pentru citire":"7 minute"},"schema":{"@context":"https:\/\/schema.org","@graph":[{"@type":"Article","@id":"https:\/\/desteptati-va.ro\/index.php\/2021\/04\/19\/pensionari-vt-ordon-treceti-stixul\/#article","isPartOf":{"@id":"https:\/\/desteptati-va.ro\/index.php\/2021\/04\/19\/pensionari-vt-ordon-treceti-stixul\/"},"author":{"name":"wolfsoftcompany","@id":"https:\/\/desteptati-va.ro\/#\/schema\/person\/13182deeebd44920914899f7bb262d6b"},"headline":"&#8222;Pensionari! V\u0103 ordon, trece\u0163i Stixul!&#8221;","datePublished":"2021-04-19T11:33:31+00:00","dateModified":"2022-02-01T08:33:21+00:00","mainEntityOfPage":{"@id":"https:\/\/desteptati-va.ro\/index.php\/2021\/04\/19\/pensionari-vt-ordon-treceti-stixul\/"},"wordCount":1368,"commentCount":0,"image":{"@id":"https:\/\/desteptati-va.ro\/index.php\/2021\/04\/19\/pensionari-vt-ordon-treceti-stixul\/#primaryimage"},"thumbnailUrl":"https:\/\/desteptati-va.ro\/wp-content\/uploads\/2021\/04\/Untitled3.png","keywords":["desteptati","desteptati-va","disperare","genocid","micsorare","moarte","pensii","pensionari","reforma","Romania","scadere"],"articleSection":["Pareri si pozitii publice"],"inLanguage":"ro-RO","potentialAction":[{"@type":"CommentAction","name":"Comment","target":["https:\/\/desteptati-va.ro\/index.php\/2021\/04\/19\/pensionari-vt-ordon-treceti-stixul\/#respond"]}]},{"@type":"WebPage","@id":"https:\/\/desteptati-va.ro\/index.php\/2021\/04\/19\/pensionari-vt-ordon-treceti-stixul\/","url":"https:\/\/desteptati-va.ro\/index.php\/2021\/04\/19\/pensionari-vt-ordon-treceti-stixul\/","name":"\"Pensionari! V\u0103 ordon, trece\u0163i Stixul!\" -","isPartOf":{"@id":"https:\/\/desteptati-va.ro\/#website"},"primaryImageOfPage":{"@id":"https:\/\/desteptati-va.ro\/index.php\/2021\/04\/19\/pensionari-vt-ordon-treceti-stixul\/#primaryimage"},"image":{"@id":"https:\/\/desteptati-va.ro\/index.php\/2021\/04\/19\/pensionari-vt-ordon-treceti-stixul\/#primaryimage"},"thumbnailUrl":"https:\/\/desteptati-va.ro\/wp-content\/uploads\/2021\/04\/Untitled3.png","datePublished":"2021-04-19T11:33:31+00:00","dateModified":"2022-02-01T08:33:21+00:00","author":{"@id":"https:\/\/desteptati-va.ro\/#\/schema\/person\/13182deeebd44920914899f7bb262d6b"},"breadcrumb":{"@id":"https:\/\/desteptati-va.ro\/index.php\/2021\/04\/19\/pensionari-vt-ordon-treceti-stixul\/#breadcrumb"},"inLanguage":"ro-RO","potentialAction":[{"@type":"ReadAction","target":["https:\/\/desteptati-va.ro\/index.php\/2021\/04\/19\/pensionari-vt-ordon-treceti-stixul\/"]}]},{"@type":"ImageObject","inLanguage":"ro-RO","@id":"https:\/\/desteptati-va.ro\/index.php\/2021\/04\/19\/pensionari-vt-ordon-treceti-stixul\/#primaryimage","url":"https:\/\/desteptati-va.ro\/wp-content\/uploads\/2021\/04\/Untitled3.png","contentUrl":"https:\/\/desteptati-va.ro\/wp-content\/uploads\/2021\/04\/Untitled3.png","width":800,"height":425},{"@type":"BreadcrumbList","@id":"https:\/\/desteptati-va.ro\/index.php\/2021\/04\/19\/pensionari-vt-ordon-treceti-stixul\/#breadcrumb","itemListElement":[{"@type":"ListItem","position":1,"name":"Prima pagin\u0103","item":"https:\/\/desteptati-va.ro\/"},{"@type":"ListItem","position":2,"name":"&#8220;Pensionari! V\u0103 ordon, trece\u0163i Stixul!&#8221;"}]},{"@type":"WebSite","@id":"https:\/\/desteptati-va.ro\/#website","url":"https:\/\/desteptati-va.ro\/","name":"","description":"","potentialAction":[{"@type":"SearchAction","target":{"@type":"EntryPoint","urlTemplate":"https:\/\/desteptati-va.ro\/?s={search_term_string}"},"query-input":{"@type":"PropertyValueSpecification","valueRequired":true,"valueName":"search_term_string"}}],"inLanguage":"ro-RO"},{"@type":"Person","@id":"https:\/\/desteptati-va.ro\/#\/schema\/person\/13182deeebd44920914899f7bb262d6b","name":"wolfsoftcompany","image":{"@type":"ImageObject","inLanguage":"ro-RO","@id":"https:\/\/desteptati-va.ro\/#\/schema\/person\/image\/","url":"https:\/\/secure.gravatar.com\/avatar\/a6cce9b6d101d27d91690e7073e300fed94c0899890bf998e082cb9d2c3d121e?s=96&d=mm&r=g","contentUrl":"https:\/\/secure.gravatar.com\/avatar\/a6cce9b6d101d27d91690e7073e300fed94c0899890bf998e082cb9d2c3d121e?s=96&d=mm&r=g","caption":"wolfsoftcompany"},"sameAs":["http:\/\/desteptati-va.ro"],"url":"https:\/\/desteptati-va.ro\/index.php\/author\/wolfsoftcompany\/"}]}},"_links":{"self":[{"href":"https:\/\/desteptati-va.ro\/index.php\/wp-json\/wp\/v2\/posts\/4115","targetHints":{"allow":["GET"]}}],"collection":[{"href":"https:\/\/desteptati-va.ro\/index.php\/wp-json\/wp\/v2\/posts"}],"about":[{"href":"https:\/\/desteptati-va.ro\/index.php\/wp-json\/wp\/v2\/types\/post"}],"author":[{"embeddable":true,"href":"https:\/\/desteptati-va.ro\/index.php\/wp-json\/wp\/v2\/users\/1"}],"replies":[{"embeddable":true,"href":"https:\/\/desteptati-va.ro\/index.php\/wp-json\/wp\/v2\/comments?post=4115"}],"version-history":[{"count":2,"href":"https:\/\/desteptati-va.ro\/index.php\/wp-json\/wp\/v2\/posts\/4115\/revisions"}],"predecessor-version":[{"id":4660,"href":"https:\/\/desteptati-va.ro\/index.php\/wp-json\/wp\/v2\/posts\/4115\/revisions\/4660"}],"wp:featuredmedia":[{"embeddable":true,"href":"https:\/\/desteptati-va.ro\/index.php\/wp-json\/wp\/v2\/media\/1936"}],"wp:attachment":[{"href":"https:\/\/desteptati-va.ro\/index.php\/wp-json\/wp\/v2\/media?parent=4115"}],"wp:term":[{"taxonomy":"category","embeddable":true,"href":"https:\/\/desteptati-va.ro\/index.php\/wp-json\/wp\/v2\/categories?post=4115"},{"taxonomy":"post_tag","embeddable":true,"href":"https:\/\/desteptati-va.ro\/index.php\/wp-json\/wp\/v2\/tags?post=4115"}],"curies":[{"name":"wp","href":"https:\/\/api.w.org\/{rel}","templated":true}]}}