{"id":4124,"date":"2021-04-19T11:37:24","date_gmt":"2021-04-19T11:37:24","guid":{"rendered":"http:\/\/desteptati.ro\/?p=4124"},"modified":"2021-04-19T11:37:24","modified_gmt":"2021-04-19T11:37:24","slug":"interviu-paul-niculescu-mizil-2006","status":"publish","type":"post","link":"https:\/\/desteptati-va.ro\/index.php\/2021\/04\/19\/interviu-paul-niculescu-mizil-2006\/","title":{"rendered":"Interviu Paul Niculescu-Mizil, 2006"},"content":{"rendered":"<div class=\"post-content\"><div class='booster-block booster-read-block'>\n                <div class=\"twp-read-time\">\n                \t<i class=\"booster-icon twp-clock\"><\/i> <span>Read Time:<\/span>10 Minute, 13 Second                <\/div>\n\n            <\/div><h4 style=\"text-align: justify;\">Paul Niculescu &#8211; Mizil a fost unul din politicienii marcan\u0163i ai Rom\u00e2niei. \u00centr-o epoc\u0103 \u00een care majoritatea conduc\u0103torilor erau ur\u00ee\u0163i de o \u0163ar\u0103 \u00eentreag\u0103, el a reu\u015fit s\u0103 fie perceput drept &#8222;comunist de bine&#8221;. Absolvent al \u015fcolii militare \u015fi facult\u0103\u0163ii de \u015ftiin\u0163e economice, Niculescu &#8211; Mizil a condus \u015fcoala de partid &#8222;\u015etefan Gheorghiu&#8221;, a fost ministru al \u00eenv\u0103\u0163\u0103m\u00eentului \u015fi al finan\u0163elor. \u00cen 1981, \u00een urma unor divergen\u0163e cu Nicolae Ceau\u015fescu, a cerut eliberarea din toate func\u0163iile de partid \u015fi de stat, \u00eens\u0103 a fost refuzat, fiind numit pre\u015fedinte la Centrocoop. Pentru c\u00eeteva luni, dup\u0103 revolu\u0163ie a fost numit ministru al comer\u0163ului interior. Din biroul de ministru a ajuns direct la Jilava, fiind condamnat la \u00eenchisoare pentru fapte s\u0103v\u00eer\u015fite \u00een perioada comunist\u0103. La 83 de ani \u00eenc\u0103 mai contest\u0103 condamnarea de dup\u0103 revolu\u0163ie.<\/h4>\r\n<h4 style=\"text-align: justify;\">&#8211; Cum reg\u0103si\u0163i Rom\u00e2nia la aproape 17 ani de la revolu\u0163ie? Schimbat\u0103 \u00een bine, \u00een r\u0103u?<\/h4>\r\n<h4 style=\"text-align: justify;\">&#8211; Este o \u00eentrebare pe care \u015fi-o pune orice om de bun sim\u0163 care vrea s\u0103 \u015ftie \u00een ce situa\u0163ie se afl\u0103 \u0163ara noastr\u0103. Cei 17 ani s\u00eent de involu\u0163ie. Exist\u0103 obiceiul s\u0103 se spun\u0103 c\u0103 la noi a fost o revolu\u0163ie. Nu s\u00eent un chi\u0163ibu\u015far al defini\u0163iilor, nu asta m\u0103 intereseaz\u0103, dac\u0103 a fost revolu\u0163ie sau lovitur\u0103 de stat, eu vreau s\u0103 abordez lucrurile \u00een fond. O revolu\u0163ie \u00eenseamn\u0103 a \u00eempinge societate \u00een fa\u0163\u0103, ori societatea rom\u00e2neasc\u0103 dup\u0103 1989 nu a fost \u00eempins\u0103 \u00eenainte, ci a dat \u00eenapoi. \u015ei asta \u00een toate domeniile \u015fi a\u015f \u00eencepe cu cel extrem de important, care v\u0103de\u015fte for\u0163a de existen\u0163\u0103 a unui popor, e vorba de activitatea productiv\u0103. Rom\u00e2nia \u015fi-a redus produc\u0163ia \u00een toate domeniile.<\/h4>\r\n<h4 style=\"text-align: justify;\">&#8211; Dar s-a spus c\u0103 se reduce produc\u0163ia pentru c\u0103 avem o energie energofag\u0103, c\u0103 industria era un morman de fiare vechi.<\/h4>\r\n<h4 style=\"text-align: justify;\">&#8211; Astea-s basme. Care industrie energofag\u0103? Hai s\u0103 iau combinatul de la Gala\u0163i. P\u0103i combinatul \u0103sta ce reprezenta? Era o \u00eentreprindere, cump\u0103ram de la sovietici gaze, fier, o\u0163el, \u00eel prelucram \u015fi \u00eel vindeam \u00een cel mai r\u0103u caz \u00een Uniunea Sovietic\u0103. C\u00ee\u015ftigau sute de oameni de pe urma acestuia. Gala\u0163iul dac\u0103 a tr\u0103it, a tr\u0103it de pe urma combinatului, iar industrie energofag\u0103 &#8230; s\u0103 nu mi se spun\u0103 pove\u015fti. Am avut o flot\u0103 de pescuit oceanic. Unde este?<\/h4>\r\n<h4 style=\"text-align: justify;\">&#8211; De flot\u0103 poate trebuie s\u0103-l \u00eentreb\u0103m pe actualul pre\u015fedinte al Rom\u00e2niei.<\/h4>\r\n<h4 style=\"text-align: justify;\">&#8211; Nu vreau s\u0103 \u00eentreb pe nimeni, nu vreau s\u0103 judec, vreau s\u0103 constat. \u00cen 1978-1979 am fost trimis de \u0163ara asta ca \u015fef al unei delega\u0163ii la inaugurarea unei rafin\u0103rii rom\u00e2ne\u015fti de petrol \u00een &#8230; nu Pakistan, \u0163ara cealalt\u0103 de l\u00eeng\u0103 Pakistan &#8230; \u015fi am participat la o adunare. A venit la mine un cet\u0103\u0163ean care nu-l cuno\u015fteam, \u00een uniform\u0103 de constructor \u015fi mi-a zis: \u00abd-le Niculescu Mizil v\u0103 felicit. S\u00eent inginer american \u015fi am participat \u00een 1959-1960 la construirea rafin\u0103riei de la Brazi, f\u0103cut\u0103 cu utilaje importate. V\u0103 felicit pentru faptul c\u0103 \u00een 18 ani a\u0163i fost capabili, nu numai s\u0103 o pune\u0163i \u00een func\u0163iune, dar \u015fi s\u0103 crea\u0163i acolo produse de cel mai \u00eenalt nive \u00bb&#8221;. Pre\u015fedintele \u0163\u0103rii gazd\u0103 a r\u0103mas cu gura c\u0103scat\u0103. Unde-i industria asta acum? Am produs tractoare. Tractoarele rom\u00e2ne\u015fti, a\u015fa cum erau ele, erau v\u00eendute \u00een nenum\u0103rate \u0163\u0103ri, chiar \u00een America. Ce-a fost r\u0103u? Am avut o industrie constructoare de ma\u015fini, de tehnic\u0103 de calcul, unde s\u00eent toate astea?<\/h4>\r\n<h4 style=\"text-align: justify;\">&#8211; Totu\u015fi, dac\u0103 aveam o industrie bun\u0103, de ce nu se d\u0103dea la oameni de m\u00eencare, de ce trebuiau s\u0103 se bat\u0103 oamenii pentru un kilogram de carne, pentru c\u00eeteva portocale?<\/h4>\r\n<h4 style=\"text-align: justify;\">&#8211; Asta-i alt\u0103 problem\u0103. \u00ce\u0163i pun \u00eentrebarea, azi nu se bat oamenii pentru a\u015fa ceva?<\/h4>\r\n<h4 style=\"text-align: justify;\">&#8211; Acum se g\u0103sesc \u00een toate magazinele&#8230;<\/h4>\r\n<h4 style=\"text-align: justify;\">&#8211; Se g\u0103sesc, dar pentru \u0103ia care au bani. Azi societatea rom\u00e2neasc\u0103 e \u00eemp\u0103r\u0163it\u0103 \u00een oameni cu bani, care au dreptul s\u0103 tr\u0103iasc\u0103, s\u0103 chefuiasc\u0103 \u015fi oamenii f\u0103r\u0103 bani, care au doar dreptul s\u0103 moar\u0103. \u015ei c\u00eend mor nu au posibilitatea s\u0103 fie \u00eengropa\u0163i ca lumea. Mai bine este s\u0103 cre\u0103m o societate dreapt\u0103, \u00een care oamenii s\u0103 aib\u0103 toate drepturile. Vezi, acum ne l\u0103ud\u0103m c\u0103 avem drept de vot, televiziune. S\u00eent de acord, e bine, cu toate c\u0103 astea au \u015fi aspectele lor negative. \u00cen ce prive\u015fte dreptul de vot nu \u00een\u0163eleg nimic. V\u0103d doar c\u0103 politicienii care conduc \u0163ara, inclusiv primul ministru \u015fi pre\u015fedintele se \u00eenjur\u0103 unul pe altul. Asta este singura fericire pe care o dau rom\u00e2nilor. \u00cen ce prive\u015fte televiziunea, e \u015fi r\u0103u c\u0103 o avem pentru c\u0103 e un mijloc de intoxicare a popula\u0163iei, de manevrare \u015fi mi-e fric\u0103 mai ales de manevrarea tineretului.<\/h4>\r\n<h4 style=\"text-align: justify;\">\u00ab Ceau\u015fescu se considera zeul poporului rom\u00e2n. C\u00eend a fost \u00eempu\u015fcat spunea c\u0103 nu d\u0103 socoteal\u0103 dec\u00eet Marii Adun\u0103ri Na\u0163ionale. El credea c\u0103 ceea ce face este corect, bun. Dar nu putem s\u0103 arunc\u0103m totul \u00een spatele lui Ceau\u015fescu. E suficient c\u0103 a fost asasinat \u00een mod ordinar \u00bb.<\/h4>\r\n<h4 style=\"text-align: justify;\">&#8211; Sa spus \u00een nenum\u0103rate r\u00eenduri c\u0103 doctrina comunist\u0103 nu e una profund negativ\u0103, dar c\u0103 a fost aplicat\u0103 r\u0103u \u00een Rom\u00e2nia.<\/h4>\r\n<h4 style=\"text-align: justify;\">&#8211; N-a\u015f putea s\u0103 spun c\u0103 a fost aplicat\u0103 r\u0103u. Doctrina comunist\u0103 trebuie s\u0103 o analiz\u0103m istoric, una a fost cea pe care au elaborat-o Marx, Engels \u015fi al\u0163ii, care bun\u0103 sau rea nu poate fi scoas\u0103 din istorie. Problema este de modul \u00een care s-a realizat \u00een via\u0163\u0103. La noi marxismul s-a realizat \u00een via\u0163\u0103 prin intermediul experien\u0163ei sovietice, care nu a fost benefic\u0103 pentru marxism, socialism, ideile progresiste.<\/h4>\r\n<h4 style=\"text-align: justify;\">&#8211; \u00censeamn\u0103 c\u0103 au aplicat-o prost sovieticii \u015fi noi am preluat-o de acolo?<\/h4>\r\n<h4 style=\"text-align: justify;\">&#8211; Nu au aplicat-o prost, ci potrivit condi\u0163iilor lor. Ei au avut o revolu\u0163ie militar\u0103, r\u0103zboi civil, statul sovietic e rezultatul continu\u0103rii unui imperiu \u00een care domnea pumnul de fier al \u0163arului. Toate astea \u015fi-au pus amprenta pe societatea nou\u0103 care s-a f\u0103cut. Eroarea istoric\u0103 care s-a produs dup\u0103 aceea e c\u0103 \u00een \u0163\u0103rile din estul Europei s-a aplicat ad-litteram aceast\u0103 experin\u0163\u0103 care nu corespundea condi\u0163iilor concrete din aceste \u0163\u0103ri, iar dac\u0103 cineva vroia s\u0103 ias\u0103 c\u00eet de c\u00eet din cadrul acestei experien\u0163e era pus la punct. A \u00eencercat Tito s\u0103 ias\u0103, a fost pus la punct, au \u00eencercat nem\u0163ii, polonii, au fost pu\u015fi la punct. Au \u00eencercat cehii \u00een &#8217;68, au fost trimise tancurile \u015fi i-au \u00een\u0103bu\u015fit. C\u00eend a \u00eencercat Rom\u00e2nia s\u0103 fac\u0103 o abatere, pentru c\u0103 noi am militat foarte mult pentru un socialism na\u0163ional, au fost presiuni economice, politice, militare ca s\u0103 intr\u0103m \u00eenapoi \u00een r\u00eenduri. Deci, dac\u0103 n-au mers bine lucrurile cu construc\u0163ia socialist\u0103 sau dac\u0103 au fost \u015fi e\u015fecuri se datoreaz\u0103 nu concep\u0163iilor socialiste, ci faptului c\u0103 s-a aplicat o doctrin\u0103 care nu se potriveau rela\u0163iilor din \u0163\u0103rile respective, impus\u0103 cu tancul.<\/h4>\r\n<h4 style=\"text-align: justify;\">&#8211; S-a vehiculat \u015fi ideea c\u0103 Nicolae Ceau\u015fescu n-ar fi cunoscut situa\u0163ia adev\u0103rat\u0103 din \u0163ar\u0103. A\u0163i stat mai mult timp \u00een preajma lui. Chiar nu cuno\u015ftea ce se \u00eent\u00eempl\u0103?<\/h4>\r\n<h4 style=\"text-align: justify;\">&#8211; Nu pot s\u0103 spun c\u0103 nu cuno\u015ftea. Ceau\u015fescu cuno\u015ftea foarte bine ce se \u00eent\u00eempl\u0103 \u00een Rom\u00e2nia, dar avea o optic\u0103 gre\u015fit\u0103.<\/h4>\r\n<h4 style=\"text-align: justify;\">&#8211; S-a mai spus c\u0103 tovar\u0103\u015fa de la cabinetul doi a avut o influen\u0163\u0103 negativ\u0103 asupra lui.<\/h4>\r\n<h4 style=\"text-align: justify;\">&#8211; Da, so\u0163ia lui a avut o influen\u0163\u0103 malefic\u0103, dar nu condamn so\u0163ia pentru asta, eu \u00a0il condamn pe el pentru c\u0103 a acceptat aceast\u0103 influen\u0163\u0103.<\/h4>\r\n<h4 style=\"text-align: justify;\">&#8211; \u015ei a\u0163i \u00eencercat s\u0103-i spune\u0163i c\u0103 gre\u015fe\u015fte?<\/h4>\r\n<h4 style=\"text-align: justify;\">&#8211; De nenum\u0103rate ori, dar n-are rost acum s\u0103 m\u0103 laud cu asta c\u0103 oamenii o s\u0103 spun\u0103 c\u0103 \u00absigur, acum \u00ee\u0163i convine s\u0103 spui\u00bb.<\/h4>\r\n<h4 style=\"text-align: justify;\">\u00ab Am urm\u0103rit o mul\u0163ime de emisiuni anticomuniste, antisocialiste, \u00eempotriva Securit\u0103\u0163ii, pentru ca s\u0103 constat c\u0103 cei care le f\u0103ceau erau fo\u015fti securi\u015fti. Nu vreau s\u0103 dau nume, lua\u0163i lista celor care au dat cel mai tare \u00een Securitate \u00een ultimul timp \u015fi descoperi\u0163i c\u0103 au fost fie ofi\u0163eri de Securitate, fie informatori \u00bb<\/h4>\r\n<h4 style=\"text-align: justify;\">&#8211; Rom\u00e2nia traverseaz\u0103 \u00een aceste zile o adev\u0103rat\u0103 isterie securist\u0103. \u00cen fiecare zi apar noi \u015fi noi nume de informatori. Crede\u0163i c\u0103 aceast\u0103 campanie o s\u0103 duc\u0103 la deconspirarea adev\u0103ratei Securit\u0103\u0163i?<\/h4>\r\n<h4 style=\"text-align: justify;\">&#8211; Despre Securitate se vorbe\u015fte \u00eentr-un anume fel, care nu corespunde adev\u0103rului. Nu exist\u0103 \u0163ar\u0103, or\u00eenduire social\u0103, care s\u0103 se lipseasc\u0103 de o asemenea institu\u0163ie. Ce se \u00eent\u00eempl\u0103 la noi acum: ni se serve\u015fte o mare minciun\u0103, o mare tragedie. Ideea scotocirii \u00een trecutul oamenilor este nefast\u0103 pentru poporul rom\u00e2n. Noi nu avem nevoie acum s\u0103 ne ad\u0103ug\u0103m momente de \u00eencordare \u015fi de ne\u00eencredere. \u00cen situa\u0163ia \u00een care este \u0163ara avem nevoie de \u00eencredere \u00eentre oameni, de unirea eforturilor, nu de \u00eemp\u0103r\u0163irea \u00een partide \u015fi o lupt\u0103 \u00eentre partide. Avem nevoie de o coeziune na\u0163ional\u0103 pentru a scoate \u0163ara din situa\u0163ia \u00een care se afl\u0103.<\/h4>\r\n<h4 style=\"text-align: justify;\">&#8211; Bine, dar poporul rom\u00e2n n-are dreptul s\u0103 \u015ftie care au fost securi\u015ftii, colaboratorii? Deconspirarea fostei Securit\u0103\u0163i s-a f\u0103cut \u00een celelalte state comuniste \u00een unu, doi, trei ani dup\u0103 revolu\u0163ie.<\/h4>\r\n<h4 style=\"text-align: justify;\">&#8211; Nu \u015ftiu ce s-a f\u0103cut \u00een alte \u0163\u0103ri, fiecare s\u0103 fac\u0103 ce vrea, dar nu a existat \u00een alte \u0163\u0103ri, sau poate nu \u00een toate, o asemenea atmosfer\u0103 de \u00eencordare, de ur\u0103, de a\u0163\u00ee\u0163are a oamenilor, \u00een Cehoslovacia, Polonia, Ungaria. \u015ei ce c\u00ee\u015ftigi tu dac\u0103 m\u00eeine ai s\u0103 afli c\u0103 so\u0163ia, fratele sau prietenul a fost informator?<\/h4>\r\n<h4 style=\"text-align: justify;\">&#8211; Nu e vorba de un c\u00ee\u015ftig personal, ci de unul al \u0163\u0103rii. Ar ap\u0103rea o nou\u0103 clas\u0103 politic\u0103.<\/h4>\r\n<h4 style=\"text-align: justify;\">&#8211; Nu e adev\u0103rat. P\u0103i nu vezi clasa politic\u0103? Este aia care o vezi ast\u0103zi.<\/h4>\r\n<h4 style=\"text-align: justify;\">&#8211; Majoritatea fo\u015ftilor comuni\u015fti au fost pu\u015fi la zid. Cum de a\u0163i reu\u015fit ca \u015fi \u00eenainte \u015fi dup\u0103 revolu\u0163ie s\u0103 fi\u0163i perceput ca un comunist de bine?<\/h4>\r\n<h4 style=\"text-align: justify;\">&#8211; Nu \u015ftiu cum. Am fost \u015fi eu condamnat \u00eentr-un proces nejust, pentru c\u0103 toate procesele astea au fost o r\u0103fuial\u0103 cu oamenii care au fost indezirabili, \u00een primul r\u00eend cu cei care s-au situat pe pozi\u0163ii na\u0163ionale, de a nu recunoa\u015fte impunerea de c\u0103tre Uniunea Sovietic\u0103 a unei politici str\u0103ine. Dac\u0103 eu nu m\u0103 aveam r\u0103u cu tovar\u0103\u015fii sovietici nu eram nici condamnat, nici judecat, cum s-a \u00eent\u00eemplat cu al\u0163ii dintre noi care au fost sco\u015fi din proces. Din cauza asta am fost arestat, condamnat, judecat. Nu exist\u0103 nici o dovad\u0103 juridic\u0103 pertinent\u0103 pentru pedeaps\u0103. Dac\u0103 oamenii m\u0103 v\u0103d a\u015fa cum m\u0103 v\u0103d e pentru c\u0103 \u015fi eu i-am v\u0103zut toat\u0103 via\u0163a mea bine. C\u00eend am ie\u015fit \u00een \u00eenchisoare, dup\u0103 trei ani de pu\u015fc\u0103rie, au venit copiii s\u0103 m\u0103 ia cu o ma\u015fin\u0103 \u015fi le-am spus s\u0103 m\u0103 lase \u00een Pia\u0163a Universit\u0103\u0163ii \u015fi am pornit-o pe jos de acolo. Dup\u0103 trei ani \u015fi ceva de pu\u015fc\u0103rie, c\u00eend s-a scris \u00een ziare \u00eempotriva mea \u015fi nimeni nu m-a \u00eenjurat. P\u00een\u0103 la Pia\u0163a Roman\u0103 m-au salutat 28 de oameni, opt m-au luat \u00een bra\u0163e, m-au s\u0103rutat. Mi-a fost suficient.<\/h4>\r\n<h4 style=\"text-align: justify;\">&#8211; Ar mai fi fost posibil comunismul \u00een Rom\u00e2nia \u00eentr-o epoc\u0103 a telefoanelor mobile 3G, a laptopurilor, a calculatoarelor tot mai performante?<\/h4>\r\n<h4 style=\"text-align: justify;\">&#8211; P\u0103i care este \u0163ara cea mai performant\u0103 \u00een aceste domenii \u00een momentul de fa\u0163\u0103? China. Nu numai c\u0103 au industrie propriu-zis\u0103, dar au pus m\u00eena pe industria american\u0103. Acolo e un comunism na\u0163ional \u015fi \u0163i-am spus de ce au ie\u015fit prost comuni\u015ftii din Europa. China n-a fost a\u015fa, c\u00eend sovieticii au vrut s\u0103 \u00eei impun\u0103 o anumit\u0103 politic\u0103 nu au reu\u015fit. Au avut o politic\u0103 na\u0163ional\u0103. V\u0103 spun din propria experien\u0163\u0103. Eu l-am cunoscut pe Mau Tze Dun, am scris despre astea.<\/h4>\r\n<h4 style=\"text-align: justify;\">&#8211; Regreta\u0163i comunismul din Rom\u00e2nia, epoca dinainte de &#8217;89?<\/h4>\r\n<h4 style=\"text-align: justify;\">&#8211; Vede\u0163i, acum exist\u0103 un termen, nostalgic. Odat\u0103 un ziar din Bucure\u015fti a scris c\u0103 eu s\u00eent nostalgic sau criptocomunist. Le-am zis: \u00abdomnilor, nu mai c\u0103uta\u0163i at\u00ee\u0163ia termeni, eu s\u00eent comunist\u00bb. \u00cen ce prive\u015fte nostalgia, da s\u00eent nostalgic. Chiar \u015fi pentru simplul fapt c\u0103 aveam 25 de ani \u015fi oftez dup\u0103 acea v\u00eerst\u0103. Dar dac\u0103 m\u0103 \u00eentreba\u0163i dac\u0103 vreau s\u0103 se \u00eentoarc\u0103 acest trecut, pot s\u0103 spun clar \u015fi categoric: nu, nu vreau, nu este posibil \u00een istorie s\u0103 se \u00eentoarc\u0103 trecutul. Ceea ce vreau eu este s\u0103 construim o societate mai dreapt\u0103, vreau s\u0103 nu ne mai \u00eenjur\u0103m unii pe al\u0163ii, s\u0103 nu mai prolifer\u0103m ura dintre noi pe diferite motive: Securitate, comuni\u015fti, nomenclaturi\u015fti. Vreau s\u0103 ne adun\u0103m rom\u00e2nii, s\u0103 termin\u0103m cu imbecilisimele astea care se produc. Ne \u00eenchin\u0103m ca la un sf\u00eent la un senator sau deputat \u015fi deodat\u0103 afl\u0103m c\u0103 sf\u00eentul \u0103sta de deputat ne-a min\u0163it tot timpul. Asta nu vreau, vreau ca oamenii s\u0103 se \u00een\u0163eleag\u0103 \u00eentre ei.<\/h4>\r\n<h4><em>Interviu realizat \u00een august 2006<\/em><\/h4>\r\n<h4 style=\"text-align: justify;\"><em>Sursa: <a href=\"http:\/\/sergheiniculescumizil.blogspot.com\/\">sergheiniculescumizil.blogspot.com<\/a><\/em><\/h4>        <div class=\"booster-block booster-reactions-block\">\n            <div class=\"twp-reactions-icons\">\n                \n                <div class=\"twp-reacts-wrap\">\n                    <a react-data=\"be-react-1\" post-id=\"4124\" class=\"be-face-icons un-reacted\" href=\"javascript:void(0)\">\n                        <img decoding=\"async\" src=\"https:\/\/desteptati-va.ro\/wp-content\/plugins\/booster-extension\/\/assets\/icon\/happy.svg\" alt=\"Happy\">\n                    <\/a>\n                    <div class=\"twp-reaction-title\">\n                        Happy                    <\/div>\n                    <div class=\"twp-count-percent\">\n                                                    <span style=\"display: none;\" class=\"twp-react-count\">0<\/span>\n                        \n                                                <span class=\"twp-react-percent\"><span>0<\/span> %<\/span>\n                                            <\/div>\n                <\/div>\n\n                <div class=\"twp-reacts-wrap\">\n                    <a react-data=\"be-react-2\" post-id=\"4124\" class=\"be-face-icons un-reacted\" href=\"javascript:void(0)\">\n                        <img decoding=\"async\" src=\"https:\/\/desteptati-va.ro\/wp-content\/plugins\/booster-extension\/\/assets\/icon\/sad.svg\" alt=\"Sad\">\n                    <\/a>\n                    <div class=\"twp-reaction-title\">\n                        Sad                    <\/div>\n                    <div class=\"twp-count-percent\">\n                                                    <span style=\"display: none;\" class=\"twp-react-count\">0<\/span>\n                                                                        <span class=\"twp-react-percent\"><span>0<\/span> %<\/span>\n                                            <\/div>\n                <\/div>\n\n                <div class=\"twp-reacts-wrap\">\n                    <a react-data=\"be-react-3\" post-id=\"4124\" class=\"be-face-icons un-reacted\" href=\"javascript:void(0)\">\n                        <img decoding=\"async\" src=\"https:\/\/desteptati-va.ro\/wp-content\/plugins\/booster-extension\/\/assets\/icon\/excited.svg\" alt=\"Excited\">\n                    <\/a>\n                    <div class=\"twp-reaction-title\">\n                        Excited                    <\/div>\n                    <div class=\"twp-count-percent\">\n                                                    <span style=\"display: none;\" class=\"twp-react-count\">0<\/span>\n                                                                        <span class=\"twp-react-percent\"><span>0<\/span> %<\/span>\n                                            <\/div>\n                <\/div>\n\n                <div class=\"twp-reacts-wrap\">\n                    <a react-data=\"be-react-6\" post-id=\"4124\" class=\"be-face-icons un-reacted\" href=\"javascript:void(0)\">\n                        <img decoding=\"async\" src=\"https:\/\/desteptati-va.ro\/wp-content\/plugins\/booster-extension\/\/assets\/icon\/sleepy.svg\" alt=\"Sleepy\">\n                    <\/a>\n                    <div class=\"twp-reaction-title\">\n                        Sleepy                    <\/div>\n                    <div class=\"twp-count-percent\">\n                                                    <span style=\"display: none;\" class=\"twp-react-count\">0<\/span>\n                        \n                                                <span class=\"twp-react-percent\"><span>0<\/span> %<\/span>\n                                            <\/div>\n                <\/div>\n\n                <div class=\"twp-reacts-wrap\">\n                    <a react-data=\"be-react-4\" post-id=\"4124\" class=\"be-face-icons un-reacted\" href=\"javascript:void(0)\">\n                        <img decoding=\"async\" src=\"https:\/\/desteptati-va.ro\/wp-content\/plugins\/booster-extension\/\/assets\/icon\/angry.svg\" alt=\"Angry\">\n                    <\/a>\n                    <div class=\"twp-reaction-title\">Angry<\/div>\n                    <div class=\"twp-count-percent\">\n                                                    <span style=\"display: none;\" class=\"twp-react-count\">0<\/span>\n                                                                        <span class=\"twp-react-percent\"><span>0<\/span> %<\/span>\n                        \n                    <\/div>\n                <\/div>\n\n                <div class=\"twp-reacts-wrap\">\n                    <a react-data=\"be-react-5\" post-id=\"4124\" class=\"be-face-icons un-reacted\" href=\"javascript:void(0)\">\n                        <img decoding=\"async\" src=\"https:\/\/desteptati-va.ro\/wp-content\/plugins\/booster-extension\/\/assets\/icon\/surprise.svg\" alt=\"Surprise\">\n                    <\/a>\n                    <div class=\"twp-reaction-title\">Surprise<\/div>\n                    <div class=\"twp-count-percent\">\n                                                    <span style=\"display: none;\" class=\"twp-react-count\">0<\/span>\n                                                                        <span class=\"twp-react-percent\"><span>0<\/span> %<\/span>\n                                            <\/div>\n                <\/div>\n\n            <\/div>\n        <\/div>\n\n    <\/div>","protected":false},"excerpt":{"rendered":"<p>Paul Niculescu &#8211; Mizil a fost unul din politicienii marcan\u0163i ai Rom\u00e2niei. \u00centr-o epoc\u0103 \u00een care majoritatea conduc\u0103torilor erau ur\u00ee\u0163i<a href=\"https:\/\/desteptati-va.ro\/index.php\/2021\/04\/19\/interviu-paul-niculescu-mizil-2006\/\">Read More<i class=\"fa fa-long-arrow-right\" aria-hidden=\"true\"><\/i><\/a><\/p>\n","protected":false},"author":1,"featured_media":1574,"comment_status":"open","ping_status":"open","sticky":false,"template":"","format":"standard","meta":{"_crdt_document":"","footnotes":""},"categories":[17],"tags":[911,855,59,60,725,1515,1107,256,659,1516,1049,1517,861,1241,1518,1519,789],"class_list":["post-4124","post","type-post","status-publish","format-standard","has-post-thumbnail","hentry","category-pareri-si-pozitii-publice","tag-comunism","tag-cpex","tag-desteptati","tag-desteptati-va","tag-dosar","tag-interventie","tag-invazie","tag-lovitura","tag-militar","tag-mizil","tag-nicolae-ceausescu","tag-niculescu-mizil","tag-nomenclatura","tag-onu","tag-paul","tag-paul-niculescu-mizil","tag-pcr"],"rise-blocks_total_comments":4,"rise-blocks_categories":[{"term_id":17,"name":"Pareri si pozitii publice","slug":"pareri-si-pozitii-publice","term_group":0,"term_taxonomy_id":17,"taxonomy":"category","description":"","parent":0,"count":18,"filter":"raw"}],"rise-blocks_excerpt":"Paul Niculescu &#8211; Mizil a fost unul din politicienii marcan\u0163i ai Rom\u00e2niei. \u00centr-o epoc\u0103 \u00een care majoritatea conduc\u0103torilor erau ur\u00ee\u0163i de o \u0163ar\u0103 \u00eentreag\u0103, el a reu\u015fit s\u0103 fie perceput drept &#8222;comunist de bine&#8221;. Absolvent al \u015fcolii militare \u015fi facult\u0103\u0163ii de \u015ftiin\u0163e economice, Niculescu &#8211; Mizil a condus \u015fcoala de partid &#8222;\u015etefan Gheorghiu&#8221;, a fost ministru al \u00eenv\u0103\u0163\u0103m\u00eentului \u015fi al..","yoast_head":"<!-- This site is optimized with the Yoast SEO plugin v26.9 - https:\/\/yoast.com\/product\/yoast-seo-wordpress\/ -->\r\n<title>Interviu Paul Niculescu-Mizil, 2006 -<\/title>\r\n<meta name=\"robots\" content=\"index, follow, max-snippet:-1, max-image-preview:large, max-video-preview:-1\" \/>\r\n<link rel=\"canonical\" href=\"https:\/\/desteptati-va.ro\/index.php\/2021\/04\/19\/interviu-paul-niculescu-mizil-2006\/\" \/>\r\n<meta property=\"og:locale\" content=\"ro_RO\" \/>\r\n<meta property=\"og:type\" content=\"article\" \/>\r\n<meta property=\"og:title\" content=\"Interviu Paul Niculescu-Mizil, 2006 -\" \/>\r\n<meta property=\"og:description\" content=\"Paul Niculescu &#8211; Mizil a fost unul din politicienii marcan\u0163i ai Rom\u00e2niei. \u00centr-o epoc\u0103 \u00een care majoritatea conduc\u0103torilor erau ur\u00ee\u0163iRead More\" \/>\r\n<meta property=\"og:url\" content=\"https:\/\/desteptati-va.ro\/index.php\/2021\/04\/19\/interviu-paul-niculescu-mizil-2006\/\" \/>\r\n<meta property=\"article:published_time\" content=\"2021-04-19T11:37:24+00:00\" \/>\r\n<meta property=\"og:image\" content=\"https:\/\/desteptati-va.ro\/wp-content\/uploads\/2021\/04\/paulniculescumizil.jpg\" \/>\r\n\t<meta property=\"og:image:width\" content=\"282\" \/>\r\n\t<meta property=\"og:image:height\" content=\"265\" \/>\r\n\t<meta property=\"og:image:type\" content=\"image\/jpeg\" \/>\r\n<meta name=\"author\" content=\"wolfsoftcompany\" \/>\r\n<meta name=\"twitter:card\" content=\"summary_large_image\" \/>\r\n<meta name=\"twitter:label1\" content=\"Scris de\" \/>\n\t<meta name=\"twitter:data1\" content=\"wolfsoftcompany\" \/>\n\t<meta name=\"twitter:label2\" content=\"Timp estimat pentru citire\" \/>\n\t<meta name=\"twitter:data2\" content=\"12 minute\" \/>\r\n<script type=\"application\/ld+json\" class=\"yoast-schema-graph\">{\"@context\":\"https:\/\/schema.org\",\"@graph\":[{\"@type\":\"Article\",\"@id\":\"https:\/\/desteptati-va.ro\/index.php\/2021\/04\/19\/interviu-paul-niculescu-mizil-2006\/#article\",\"isPartOf\":{\"@id\":\"https:\/\/desteptati-va.ro\/index.php\/2021\/04\/19\/interviu-paul-niculescu-mizil-2006\/\"},\"author\":{\"name\":\"wolfsoftcompany\",\"@id\":\"https:\/\/desteptati-va.ro\/#\/schema\/person\/13182deeebd44920914899f7bb262d6b\"},\"headline\":\"Interviu Paul Niculescu-Mizil, 2006\",\"datePublished\":\"2021-04-19T11:37:24+00:00\",\"mainEntityOfPage\":{\"@id\":\"https:\/\/desteptati-va.ro\/index.php\/2021\/04\/19\/interviu-paul-niculescu-mizil-2006\/\"},\"wordCount\":2303,\"commentCount\":0,\"image\":{\"@id\":\"https:\/\/desteptati-va.ro\/index.php\/2021\/04\/19\/interviu-paul-niculescu-mizil-2006\/#primaryimage\"},\"thumbnailUrl\":\"https:\/\/desteptati-va.ro\/wp-content\/uploads\/2021\/04\/paulniculescumizil.jpg\",\"keywords\":[\"comunism\",\"CPEx\",\"desteptati\",\"desteptati-va\",\"dosar\",\"interventie\",\"invazie\",\"lovitura\",\"militar\",\"Mizil\",\"Nicolae Ceausescu\",\"Niculescu-Mizil\",\"nomenclatura\",\"ONU\",\"Paul\",\"Paul Niculescu-Mizil\",\"PCR\"],\"articleSection\":[\"Pareri si pozitii publice\"],\"inLanguage\":\"ro-RO\",\"potentialAction\":[{\"@type\":\"CommentAction\",\"name\":\"Comment\",\"target\":[\"https:\/\/desteptati-va.ro\/index.php\/2021\/04\/19\/interviu-paul-niculescu-mizil-2006\/#respond\"]}]},{\"@type\":\"WebPage\",\"@id\":\"https:\/\/desteptati-va.ro\/index.php\/2021\/04\/19\/interviu-paul-niculescu-mizil-2006\/\",\"url\":\"https:\/\/desteptati-va.ro\/index.php\/2021\/04\/19\/interviu-paul-niculescu-mizil-2006\/\",\"name\":\"Interviu Paul Niculescu-Mizil, 2006 -\",\"isPartOf\":{\"@id\":\"https:\/\/desteptati-va.ro\/#website\"},\"primaryImageOfPage\":{\"@id\":\"https:\/\/desteptati-va.ro\/index.php\/2021\/04\/19\/interviu-paul-niculescu-mizil-2006\/#primaryimage\"},\"image\":{\"@id\":\"https:\/\/desteptati-va.ro\/index.php\/2021\/04\/19\/interviu-paul-niculescu-mizil-2006\/#primaryimage\"},\"thumbnailUrl\":\"https:\/\/desteptati-va.ro\/wp-content\/uploads\/2021\/04\/paulniculescumizil.jpg\",\"datePublished\":\"2021-04-19T11:37:24+00:00\",\"author\":{\"@id\":\"https:\/\/desteptati-va.ro\/#\/schema\/person\/13182deeebd44920914899f7bb262d6b\"},\"breadcrumb\":{\"@id\":\"https:\/\/desteptati-va.ro\/index.php\/2021\/04\/19\/interviu-paul-niculescu-mizil-2006\/#breadcrumb\"},\"inLanguage\":\"ro-RO\",\"potentialAction\":[{\"@type\":\"ReadAction\",\"target\":[\"https:\/\/desteptati-va.ro\/index.php\/2021\/04\/19\/interviu-paul-niculescu-mizil-2006\/\"]}]},{\"@type\":\"ImageObject\",\"inLanguage\":\"ro-RO\",\"@id\":\"https:\/\/desteptati-va.ro\/index.php\/2021\/04\/19\/interviu-paul-niculescu-mizil-2006\/#primaryimage\",\"url\":\"https:\/\/desteptati-va.ro\/wp-content\/uploads\/2021\/04\/paulniculescumizil.jpg\",\"contentUrl\":\"https:\/\/desteptati-va.ro\/wp-content\/uploads\/2021\/04\/paulniculescumizil.jpg\",\"width\":282,\"height\":265},{\"@type\":\"BreadcrumbList\",\"@id\":\"https:\/\/desteptati-va.ro\/index.php\/2021\/04\/19\/interviu-paul-niculescu-mizil-2006\/#breadcrumb\",\"itemListElement\":[{\"@type\":\"ListItem\",\"position\":1,\"name\":\"Prima pagin\u0103\",\"item\":\"https:\/\/desteptati-va.ro\/\"},{\"@type\":\"ListItem\",\"position\":2,\"name\":\"Interviu Paul Niculescu-Mizil, 2006\"}]},{\"@type\":\"WebSite\",\"@id\":\"https:\/\/desteptati-va.ro\/#website\",\"url\":\"https:\/\/desteptati-va.ro\/\",\"name\":\"\",\"description\":\"\",\"potentialAction\":[{\"@type\":\"SearchAction\",\"target\":{\"@type\":\"EntryPoint\",\"urlTemplate\":\"https:\/\/desteptati-va.ro\/?s={search_term_string}\"},\"query-input\":{\"@type\":\"PropertyValueSpecification\",\"valueRequired\":true,\"valueName\":\"search_term_string\"}}],\"inLanguage\":\"ro-RO\"},{\"@type\":\"Person\",\"@id\":\"https:\/\/desteptati-va.ro\/#\/schema\/person\/13182deeebd44920914899f7bb262d6b\",\"name\":\"wolfsoftcompany\",\"image\":{\"@type\":\"ImageObject\",\"inLanguage\":\"ro-RO\",\"@id\":\"https:\/\/desteptati-va.ro\/#\/schema\/person\/image\/\",\"url\":\"https:\/\/secure.gravatar.com\/avatar\/a6cce9b6d101d27d91690e7073e300fed94c0899890bf998e082cb9d2c3d121e?s=96&d=mm&r=g\",\"contentUrl\":\"https:\/\/secure.gravatar.com\/avatar\/a6cce9b6d101d27d91690e7073e300fed94c0899890bf998e082cb9d2c3d121e?s=96&d=mm&r=g\",\"caption\":\"wolfsoftcompany\"},\"sameAs\":[\"http:\/\/desteptati-va.ro\"],\"url\":\"https:\/\/desteptati-va.ro\/index.php\/author\/wolfsoftcompany\/\"}]}<\/script>\r\n<!-- \/ Yoast SEO plugin. -->","yoast_head_json":{"title":"Interviu Paul Niculescu-Mizil, 2006 -","robots":{"index":"index","follow":"follow","max-snippet":"max-snippet:-1","max-image-preview":"max-image-preview:large","max-video-preview":"max-video-preview:-1"},"canonical":"https:\/\/desteptati-va.ro\/index.php\/2021\/04\/19\/interviu-paul-niculescu-mizil-2006\/","og_locale":"ro_RO","og_type":"article","og_title":"Interviu Paul Niculescu-Mizil, 2006 -","og_description":"Paul Niculescu &#8211; Mizil a fost unul din politicienii marcan\u0163i ai Rom\u00e2niei. \u00centr-o epoc\u0103 \u00een care majoritatea conduc\u0103torilor erau ur\u00ee\u0163iRead More","og_url":"https:\/\/desteptati-va.ro\/index.php\/2021\/04\/19\/interviu-paul-niculescu-mizil-2006\/","article_published_time":"2021-04-19T11:37:24+00:00","og_image":[{"width":282,"height":265,"url":"https:\/\/desteptati-va.ro\/wp-content\/uploads\/2021\/04\/paulniculescumizil.jpg","type":"image\/jpeg"}],"author":"wolfsoftcompany","twitter_card":"summary_large_image","twitter_misc":{"Scris de":"wolfsoftcompany","Timp estimat pentru citire":"12 minute"},"schema":{"@context":"https:\/\/schema.org","@graph":[{"@type":"Article","@id":"https:\/\/desteptati-va.ro\/index.php\/2021\/04\/19\/interviu-paul-niculescu-mizil-2006\/#article","isPartOf":{"@id":"https:\/\/desteptati-va.ro\/index.php\/2021\/04\/19\/interviu-paul-niculescu-mizil-2006\/"},"author":{"name":"wolfsoftcompany","@id":"https:\/\/desteptati-va.ro\/#\/schema\/person\/13182deeebd44920914899f7bb262d6b"},"headline":"Interviu Paul Niculescu-Mizil, 2006","datePublished":"2021-04-19T11:37:24+00:00","mainEntityOfPage":{"@id":"https:\/\/desteptati-va.ro\/index.php\/2021\/04\/19\/interviu-paul-niculescu-mizil-2006\/"},"wordCount":2303,"commentCount":0,"image":{"@id":"https:\/\/desteptati-va.ro\/index.php\/2021\/04\/19\/interviu-paul-niculescu-mizil-2006\/#primaryimage"},"thumbnailUrl":"https:\/\/desteptati-va.ro\/wp-content\/uploads\/2021\/04\/paulniculescumizil.jpg","keywords":["comunism","CPEx","desteptati","desteptati-va","dosar","interventie","invazie","lovitura","militar","Mizil","Nicolae Ceausescu","Niculescu-Mizil","nomenclatura","ONU","Paul","Paul Niculescu-Mizil","PCR"],"articleSection":["Pareri si pozitii publice"],"inLanguage":"ro-RO","potentialAction":[{"@type":"CommentAction","name":"Comment","target":["https:\/\/desteptati-va.ro\/index.php\/2021\/04\/19\/interviu-paul-niculescu-mizil-2006\/#respond"]}]},{"@type":"WebPage","@id":"https:\/\/desteptati-va.ro\/index.php\/2021\/04\/19\/interviu-paul-niculescu-mizil-2006\/","url":"https:\/\/desteptati-va.ro\/index.php\/2021\/04\/19\/interviu-paul-niculescu-mizil-2006\/","name":"Interviu Paul Niculescu-Mizil, 2006 -","isPartOf":{"@id":"https:\/\/desteptati-va.ro\/#website"},"primaryImageOfPage":{"@id":"https:\/\/desteptati-va.ro\/index.php\/2021\/04\/19\/interviu-paul-niculescu-mizil-2006\/#primaryimage"},"image":{"@id":"https:\/\/desteptati-va.ro\/index.php\/2021\/04\/19\/interviu-paul-niculescu-mizil-2006\/#primaryimage"},"thumbnailUrl":"https:\/\/desteptati-va.ro\/wp-content\/uploads\/2021\/04\/paulniculescumizil.jpg","datePublished":"2021-04-19T11:37:24+00:00","author":{"@id":"https:\/\/desteptati-va.ro\/#\/schema\/person\/13182deeebd44920914899f7bb262d6b"},"breadcrumb":{"@id":"https:\/\/desteptati-va.ro\/index.php\/2021\/04\/19\/interviu-paul-niculescu-mizil-2006\/#breadcrumb"},"inLanguage":"ro-RO","potentialAction":[{"@type":"ReadAction","target":["https:\/\/desteptati-va.ro\/index.php\/2021\/04\/19\/interviu-paul-niculescu-mizil-2006\/"]}]},{"@type":"ImageObject","inLanguage":"ro-RO","@id":"https:\/\/desteptati-va.ro\/index.php\/2021\/04\/19\/interviu-paul-niculescu-mizil-2006\/#primaryimage","url":"https:\/\/desteptati-va.ro\/wp-content\/uploads\/2021\/04\/paulniculescumizil.jpg","contentUrl":"https:\/\/desteptati-va.ro\/wp-content\/uploads\/2021\/04\/paulniculescumizil.jpg","width":282,"height":265},{"@type":"BreadcrumbList","@id":"https:\/\/desteptati-va.ro\/index.php\/2021\/04\/19\/interviu-paul-niculescu-mizil-2006\/#breadcrumb","itemListElement":[{"@type":"ListItem","position":1,"name":"Prima pagin\u0103","item":"https:\/\/desteptati-va.ro\/"},{"@type":"ListItem","position":2,"name":"Interviu Paul Niculescu-Mizil, 2006"}]},{"@type":"WebSite","@id":"https:\/\/desteptati-va.ro\/#website","url":"https:\/\/desteptati-va.ro\/","name":"","description":"","potentialAction":[{"@type":"SearchAction","target":{"@type":"EntryPoint","urlTemplate":"https:\/\/desteptati-va.ro\/?s={search_term_string}"},"query-input":{"@type":"PropertyValueSpecification","valueRequired":true,"valueName":"search_term_string"}}],"inLanguage":"ro-RO"},{"@type":"Person","@id":"https:\/\/desteptati-va.ro\/#\/schema\/person\/13182deeebd44920914899f7bb262d6b","name":"wolfsoftcompany","image":{"@type":"ImageObject","inLanguage":"ro-RO","@id":"https:\/\/desteptati-va.ro\/#\/schema\/person\/image\/","url":"https:\/\/secure.gravatar.com\/avatar\/a6cce9b6d101d27d91690e7073e300fed94c0899890bf998e082cb9d2c3d121e?s=96&d=mm&r=g","contentUrl":"https:\/\/secure.gravatar.com\/avatar\/a6cce9b6d101d27d91690e7073e300fed94c0899890bf998e082cb9d2c3d121e?s=96&d=mm&r=g","caption":"wolfsoftcompany"},"sameAs":["http:\/\/desteptati-va.ro"],"url":"https:\/\/desteptati-va.ro\/index.php\/author\/wolfsoftcompany\/"}]}},"_links":{"self":[{"href":"https:\/\/desteptati-va.ro\/index.php\/wp-json\/wp\/v2\/posts\/4124","targetHints":{"allow":["GET"]}}],"collection":[{"href":"https:\/\/desteptati-va.ro\/index.php\/wp-json\/wp\/v2\/posts"}],"about":[{"href":"https:\/\/desteptati-va.ro\/index.php\/wp-json\/wp\/v2\/types\/post"}],"author":[{"embeddable":true,"href":"https:\/\/desteptati-va.ro\/index.php\/wp-json\/wp\/v2\/users\/1"}],"replies":[{"embeddable":true,"href":"https:\/\/desteptati-va.ro\/index.php\/wp-json\/wp\/v2\/comments?post=4124"}],"version-history":[{"count":1,"href":"https:\/\/desteptati-va.ro\/index.php\/wp-json\/wp\/v2\/posts\/4124\/revisions"}],"predecessor-version":[{"id":4126,"href":"https:\/\/desteptati-va.ro\/index.php\/wp-json\/wp\/v2\/posts\/4124\/revisions\/4126"}],"wp:featuredmedia":[{"embeddable":true,"href":"https:\/\/desteptati-va.ro\/index.php\/wp-json\/wp\/v2\/media\/1574"}],"wp:attachment":[{"href":"https:\/\/desteptati-va.ro\/index.php\/wp-json\/wp\/v2\/media?parent=4124"}],"wp:term":[{"taxonomy":"category","embeddable":true,"href":"https:\/\/desteptati-va.ro\/index.php\/wp-json\/wp\/v2\/categories?post=4124"},{"taxonomy":"post_tag","embeddable":true,"href":"https:\/\/desteptati-va.ro\/index.php\/wp-json\/wp\/v2\/tags?post=4124"}],"curies":[{"name":"wp","href":"https:\/\/api.w.org\/{rel}","templated":true}]}}