{"id":4130,"date":"2021-04-19T11:39:58","date_gmt":"2021-04-19T11:39:58","guid":{"rendered":"http:\/\/desteptati.ro\/?p=4130"},"modified":"2021-04-19T11:39:58","modified_gmt":"2021-04-19T11:39:58","slug":"mihai-eminescu-despre-politicienii-romani","status":"publish","type":"post","link":"https:\/\/desteptati-va.ro\/index.php\/2021\/04\/19\/mihai-eminescu-despre-politicienii-romani\/","title":{"rendered":"Mihai Eminescu &#8211; despre politicienii rom\u00e2ni"},"content":{"rendered":"<div class=\"post-content\"><div class='booster-block booster-read-block'>\n                <div class=\"twp-read-time\">\n                \t<i class=\"booster-icon twp-clock\"><\/i> <span>Read Time:<\/span>2 Minute, 17 Second                <\/div>\n\n            <\/div><h4 style=\"text-align: justify;\">De c\u00e2nd lumea nu s-a v\u0103zut ca un popor s\u0103 stea politice\u0219te sus \u0219i economice\u0219te jos; am\u00e2ndou\u0103 ordinele de lucruri stau \u00eentr-o leg\u0103tur\u0103 str\u00e2ns\u0103; civiliza\u0163ia economic\u0103 e muma celei politice. Dac\u0103 \u00een timpul c\u00e2nd ni se promitea domnia virtu\u0163ii, cineva ar fi prezis ceea ce are s\u0103 se \u00eent\u00e2mple peste c\u00e2\u0163iva ani, desigur ar fi fost declarat proroc mincinos.<\/h4>\r\n<h4 style=\"text-align: justify;\">S\u0103 fi zis cineva c\u0103 cei ce promiteau economii vor spori bugetul cheltuielilor cu 40%; c\u0103 cei ce combat func\u0163ionarismul vor spori num\u0103rul posturilor cu sutele; c\u0103 cei ce sunt pentru independen\u0163a aleg\u0103torilor vor face pe func\u0163ionar s\u0103 at\u00e2rne at\u00e2t de mult de autorit\u0103\u0163ile supreme \u00eenc\u00e2t aceste mii de oameni s\u0103 voteze conform comandei din Bucuresti; c\u0103 se vor da 17 milioane pe drumul de fier Cernavod\u0103-Chiustenge (Constan\u0163a n.r.), care nu face nici cinci, si c\u0103 patru milioane din pre\u0163ul de cump\u0103r\u0103tur\u0103 se va \u00eemp\u0103r\u0163i \u00eentre membrii Adun\u0103rilor; c\u0103\u00a0<strong>se va constata&#8230; cum\u00a0c\u0103 o seam\u0103 de judec\u0103tori si de administratori \u00een Rom\u00e2nia, sunt tovar\u0103si de c\u00e2stig ca bandi\u0163ii de codru<\/strong>.<\/h4>\r\n<h4 style=\"text-align: justify;\">Daca cineva ar fi prezis toate acestea lumea ar fi r\u00e2s de d\u00e2nsul si totu\u0219i nu numai acestea, ci multe altele s-au \u00eent\u00e2mplat \u0219i se \u00eent\u00e2mpl\u0103 zilnic, f\u0103r\u0103 ca opiniunea public\u0103 s\u0103 se mai poat\u0103 irita m\u0103car. Nu exist\u0103 alt izvor de avu\u0163ie dec\u00e2t munca, fie actual\u0103, fie capitalizat\u0103, sau sustragerea, furtul. C\u00e2nd vedem milionari f\u0103c\u00e2nd avere f\u0103r\u0103 munc\u0103 si f\u0103r\u0103 capital nu mai e \u00eendoial\u0103 c\u0103 ceea ce au ei a pierdut cineva.<\/h4>\r\n<h4 style=\"text-align: justify;\">Mita e-n stare s\u0103 p\u0103trunz\u0103 ori\u0219iunde \u00een \u0163ara aceasta,\u00a0<strong>pentru mit\u0103 capetele cele mai de sus ale administra\u0163iei v\u00e2nd s\u00e2ngele si averea unei genera\u0163ii<\/strong>.<\/h4>\r\n<h4 style=\"text-align: justify;\">Oameni care au comis crime grave se plimb\u0103 pe strade, ocup\u0103 func\u0163iuni \u00eenalte, \u00een loc de a-si petrece via\u0163a la pusc\u0103rie. Func\u0163iunile publice sunt, adesea, \u00een m\u00e2inile unor oameni strica\u0163i, lovi\u0163i de sentin\u0163e judec\u0103toresti. Acei ce compun grosul acestei armate de flibustieri politici sunt bugetofagii, gheseftarii de toat\u0103 m\u00e2na, care, \u00een schimbul foloaselor lor individuale, dau conduc\u0103torilor lor o supunere mai mult dec\u00e2t oarb\u0103.<\/h4>\r\n<h3 style=\"text-align: justify;\"><strong>Justi\u0163ia, subordonat\u0103 politicii, a devenit o fic\u0163iune<\/strong>.<\/h3>\r\n<h4 style=\"text-align: justify;\">Spre exemplu: un om e implicat \u00eentr-o mare afacere pe c\u00e2t se poate de scandaloas\u0103, care se denun\u0163\u0103.\u00a0 Acest om este men\u0163inut \u00een func\u0163ie, dirijaz\u0103 \u00eensusi cercet\u0103rile f\u0103cute contra sa; partidul \u0163ine mor\u0163is a-l reabilita, aleg\u00e2ndu-l \u00een Senat. Partidele, la noi, nu sunt partide de principii, ci de interese personale care calc\u0103 f\u0103g\u0103duielile f\u0103cute na\u0163iei \u00een ajunul alegerilor si trec, totusi, drept reprezentan\u0163i ai voin\u0163ei legale si sincere a \u0163\u0103rii. <strong>Cauza acestei organiz\u0103ri stricte e interesul b\u0103nesc, nu comunitatea de idei, organizare egal\u0103 cu aceea a partidei ilustre Mafia<\/strong> si\u00a0Camorra, care miroase de departe a pusc\u0103rie.<\/h4>\r\n<h4 style=\"text-align: justify;\"><em><strong>Un articol scris de Mihai Eminescu\u00a0(in presa anilor 1870-1889)<\/strong><\/em><\/h4>        <div class=\"booster-block booster-reactions-block\">\n            <div class=\"twp-reactions-icons\">\n                \n                <div class=\"twp-reacts-wrap\">\n                    <a react-data=\"be-react-1\" post-id=\"4130\" class=\"be-face-icons un-reacted\" href=\"javascript:void(0)\">\n                        <img decoding=\"async\" src=\"https:\/\/desteptati-va.ro\/wp-content\/plugins\/booster-extension\/\/assets\/icon\/happy.svg\" alt=\"Happy\">\n                    <\/a>\n                    <div class=\"twp-reaction-title\">\n                        Happy                    <\/div>\n                    <div class=\"twp-count-percent\">\n                                                    <span style=\"display: none;\" class=\"twp-react-count\">0<\/span>\n                        \n                                                <span class=\"twp-react-percent\"><span>0<\/span> %<\/span>\n                                            <\/div>\n                <\/div>\n\n                <div class=\"twp-reacts-wrap\">\n                    <a react-data=\"be-react-2\" post-id=\"4130\" class=\"be-face-icons un-reacted\" href=\"javascript:void(0)\">\n                        <img decoding=\"async\" src=\"https:\/\/desteptati-va.ro\/wp-content\/plugins\/booster-extension\/\/assets\/icon\/sad.svg\" alt=\"Sad\">\n                    <\/a>\n                    <div class=\"twp-reaction-title\">\n                        Sad                    <\/div>\n                    <div class=\"twp-count-percent\">\n                                                    <span style=\"display: none;\" class=\"twp-react-count\">0<\/span>\n                                                                        <span class=\"twp-react-percent\"><span>0<\/span> %<\/span>\n                                            <\/div>\n                <\/div>\n\n                <div class=\"twp-reacts-wrap\">\n                    <a react-data=\"be-react-3\" post-id=\"4130\" class=\"be-face-icons un-reacted\" href=\"javascript:void(0)\">\n                        <img decoding=\"async\" src=\"https:\/\/desteptati-va.ro\/wp-content\/plugins\/booster-extension\/\/assets\/icon\/excited.svg\" alt=\"Excited\">\n                    <\/a>\n                    <div class=\"twp-reaction-title\">\n                        Excited                    <\/div>\n                    <div class=\"twp-count-percent\">\n                                                    <span style=\"display: none;\" class=\"twp-react-count\">0<\/span>\n                                                                        <span class=\"twp-react-percent\"><span>0<\/span> %<\/span>\n                                            <\/div>\n                <\/div>\n\n                <div class=\"twp-reacts-wrap\">\n                    <a react-data=\"be-react-6\" post-id=\"4130\" class=\"be-face-icons un-reacted\" href=\"javascript:void(0)\">\n                        <img decoding=\"async\" src=\"https:\/\/desteptati-va.ro\/wp-content\/plugins\/booster-extension\/\/assets\/icon\/sleepy.svg\" alt=\"Sleepy\">\n                    <\/a>\n                    <div class=\"twp-reaction-title\">\n                        Sleepy                    <\/div>\n                    <div class=\"twp-count-percent\">\n                                                    <span style=\"display: none;\" class=\"twp-react-count\">0<\/span>\n                        \n                                                <span class=\"twp-react-percent\"><span>0<\/span> %<\/span>\n                                            <\/div>\n                <\/div>\n\n                <div class=\"twp-reacts-wrap\">\n                    <a react-data=\"be-react-4\" post-id=\"4130\" class=\"be-face-icons un-reacted\" href=\"javascript:void(0)\">\n                        <img decoding=\"async\" src=\"https:\/\/desteptati-va.ro\/wp-content\/plugins\/booster-extension\/\/assets\/icon\/angry.svg\" alt=\"Angry\">\n                    <\/a>\n                    <div class=\"twp-reaction-title\">Angry<\/div>\n                    <div class=\"twp-count-percent\">\n                                                    <span style=\"display: none;\" class=\"twp-react-count\">0<\/span>\n                                                                        <span class=\"twp-react-percent\"><span>0<\/span> %<\/span>\n                        \n                    <\/div>\n                <\/div>\n\n                <div class=\"twp-reacts-wrap\">\n                    <a react-data=\"be-react-5\" post-id=\"4130\" class=\"be-face-icons un-reacted\" href=\"javascript:void(0)\">\n                        <img decoding=\"async\" src=\"https:\/\/desteptati-va.ro\/wp-content\/plugins\/booster-extension\/\/assets\/icon\/surprise.svg\" alt=\"Surprise\">\n                    <\/a>\n                    <div class=\"twp-reaction-title\">Surprise<\/div>\n                    <div class=\"twp-count-percent\">\n                                                    <span style=\"display: none;\" class=\"twp-react-count\">0<\/span>\n                                                                        <span class=\"twp-react-percent\"><span>0<\/span> %<\/span>\n                                            <\/div>\n                <\/div>\n\n            <\/div>\n        <\/div>\n\n    <\/div>","protected":false},"excerpt":{"rendered":"<p>De c\u00e2nd lumea nu s-a v\u0103zut ca un popor s\u0103 stea politice\u0219te sus \u0219i economice\u0219te jos; am\u00e2ndou\u0103 ordinele de lucruri<a href=\"https:\/\/desteptati-va.ro\/index.php\/2021\/04\/19\/mihai-eminescu-despre-politicienii-romani\/\">Read More<i class=\"fa fa-long-arrow-right\" aria-hidden=\"true\"><\/i><\/a><\/p>\n","protected":false},"author":1,"featured_media":1550,"comment_status":"open","ping_status":"open","sticky":false,"template":"","format":"standard","meta":{"_crdt_document":"","footnotes":""},"categories":[17],"tags":[913,59,60,1323,1520,247,1521,727,968,1028,72,270,395],"class_list":["post-4130","post","type-post","status-publish","format-standard","has-post-thumbnail","hentry","category-pareri-si-pozitii-publice","tag-despre","tag-desteptati","tag-desteptati-va","tag-economie","tag-eminescu","tag-furt","tag-interes","tag-justitie","tag-mihai-eminescu","tag-minciuna","tag-politica","tag-politicieni","tag-romani"],"rise-blocks_total_comments":4,"rise-blocks_categories":[{"term_id":17,"name":"Pareri si pozitii publice","slug":"pareri-si-pozitii-publice","term_group":0,"term_taxonomy_id":17,"taxonomy":"category","description":"","parent":0,"count":18,"filter":"raw"}],"rise-blocks_excerpt":"De c\u00e2nd lumea nu s-a v\u0103zut ca un popor s\u0103 stea politice\u0219te sus \u0219i economice\u0219te jos; am\u00e2ndou\u0103 ordinele de lucruri stau \u00eentr-o leg\u0103tur\u0103 str\u00e2ns\u0103; civiliza\u0163ia economic\u0103 e muma celei politice. Dac\u0103 \u00een timpul c\u00e2nd ni se promitea domnia virtu\u0163ii, cineva ar fi prezis ceea ce are s\u0103 se \u00eent\u00e2mple peste c\u00e2\u0163iva ani, desigur ar fi fost declarat proroc mincinos. S\u0103..","yoast_head":"<!-- This site is optimized with the Yoast SEO plugin v26.9 - https:\/\/yoast.com\/product\/yoast-seo-wordpress\/ -->\r\n<title>Mihai Eminescu - despre politicienii rom\u00e2ni -<\/title>\r\n<meta name=\"robots\" content=\"index, follow, max-snippet:-1, max-image-preview:large, max-video-preview:-1\" \/>\r\n<link rel=\"canonical\" href=\"https:\/\/desteptati-va.ro\/index.php\/2021\/04\/19\/mihai-eminescu-despre-politicienii-romani\/\" \/>\r\n<meta property=\"og:locale\" content=\"ro_RO\" \/>\r\n<meta property=\"og:type\" content=\"article\" \/>\r\n<meta property=\"og:title\" content=\"Mihai Eminescu - despre politicienii rom\u00e2ni -\" \/>\r\n<meta property=\"og:description\" content=\"De c\u00e2nd lumea nu s-a v\u0103zut ca un popor s\u0103 stea politice\u0219te sus \u0219i economice\u0219te jos; am\u00e2ndou\u0103 ordinele de lucruriRead More\" \/>\r\n<meta property=\"og:url\" content=\"https:\/\/desteptati-va.ro\/index.php\/2021\/04\/19\/mihai-eminescu-despre-politicienii-romani\/\" \/>\r\n<meta property=\"article:published_time\" content=\"2021-04-19T11:39:58+00:00\" \/>\r\n<meta property=\"og:image\" content=\"https:\/\/desteptati-va.ro\/wp-content\/uploads\/2021\/04\/mihai_eminescu-210x300-1.jpg\" \/>\r\n\t<meta property=\"og:image:width\" content=\"210\" \/>\r\n\t<meta property=\"og:image:height\" content=\"300\" \/>\r\n\t<meta property=\"og:image:type\" content=\"image\/jpeg\" \/>\r\n<meta name=\"author\" content=\"wolfsoftcompany\" \/>\r\n<meta name=\"twitter:card\" content=\"summary_large_image\" \/>\r\n<meta name=\"twitter:label1\" content=\"Scris de\" \/>\n\t<meta name=\"twitter:data1\" content=\"wolfsoftcompany\" \/>\n\t<meta name=\"twitter:label2\" content=\"Timp estimat pentru citire\" \/>\n\t<meta name=\"twitter:data2\" content=\"3 minute\" \/>\r\n<script type=\"application\/ld+json\" class=\"yoast-schema-graph\">{\"@context\":\"https:\/\/schema.org\",\"@graph\":[{\"@type\":\"Article\",\"@id\":\"https:\/\/desteptati-va.ro\/index.php\/2021\/04\/19\/mihai-eminescu-despre-politicienii-romani\/#article\",\"isPartOf\":{\"@id\":\"https:\/\/desteptati-va.ro\/index.php\/2021\/04\/19\/mihai-eminescu-despre-politicienii-romani\/\"},\"author\":{\"name\":\"wolfsoftcompany\",\"@id\":\"https:\/\/desteptati-va.ro\/#\/schema\/person\/13182deeebd44920914899f7bb262d6b\"},\"headline\":\"Mihai Eminescu &#8211; despre politicienii rom\u00e2ni\",\"datePublished\":\"2021-04-19T11:39:58+00:00\",\"mainEntityOfPage\":{\"@id\":\"https:\/\/desteptati-va.ro\/index.php\/2021\/04\/19\/mihai-eminescu-despre-politicienii-romani\/\"},\"wordCount\":536,\"commentCount\":0,\"image\":{\"@id\":\"https:\/\/desteptati-va.ro\/index.php\/2021\/04\/19\/mihai-eminescu-despre-politicienii-romani\/#primaryimage\"},\"thumbnailUrl\":\"https:\/\/desteptati-va.ro\/wp-content\/uploads\/2021\/04\/mihai_eminescu-210x300-1.jpg\",\"keywords\":[\"despre\",\"desteptati\",\"desteptati-va\",\"economie\",\"Eminescu\",\"furt\",\"interes\",\"justitie\",\"Mihai Eminescu\",\"minciuna\",\"politica\",\"politicieni\",\"romani\"],\"articleSection\":[\"Pareri si pozitii publice\"],\"inLanguage\":\"ro-RO\",\"potentialAction\":[{\"@type\":\"CommentAction\",\"name\":\"Comment\",\"target\":[\"https:\/\/desteptati-va.ro\/index.php\/2021\/04\/19\/mihai-eminescu-despre-politicienii-romani\/#respond\"]}]},{\"@type\":\"WebPage\",\"@id\":\"https:\/\/desteptati-va.ro\/index.php\/2021\/04\/19\/mihai-eminescu-despre-politicienii-romani\/\",\"url\":\"https:\/\/desteptati-va.ro\/index.php\/2021\/04\/19\/mihai-eminescu-despre-politicienii-romani\/\",\"name\":\"Mihai Eminescu - despre politicienii rom\u00e2ni -\",\"isPartOf\":{\"@id\":\"https:\/\/desteptati-va.ro\/#website\"},\"primaryImageOfPage\":{\"@id\":\"https:\/\/desteptati-va.ro\/index.php\/2021\/04\/19\/mihai-eminescu-despre-politicienii-romani\/#primaryimage\"},\"image\":{\"@id\":\"https:\/\/desteptati-va.ro\/index.php\/2021\/04\/19\/mihai-eminescu-despre-politicienii-romani\/#primaryimage\"},\"thumbnailUrl\":\"https:\/\/desteptati-va.ro\/wp-content\/uploads\/2021\/04\/mihai_eminescu-210x300-1.jpg\",\"datePublished\":\"2021-04-19T11:39:58+00:00\",\"author\":{\"@id\":\"https:\/\/desteptati-va.ro\/#\/schema\/person\/13182deeebd44920914899f7bb262d6b\"},\"breadcrumb\":{\"@id\":\"https:\/\/desteptati-va.ro\/index.php\/2021\/04\/19\/mihai-eminescu-despre-politicienii-romani\/#breadcrumb\"},\"inLanguage\":\"ro-RO\",\"potentialAction\":[{\"@type\":\"ReadAction\",\"target\":[\"https:\/\/desteptati-va.ro\/index.php\/2021\/04\/19\/mihai-eminescu-despre-politicienii-romani\/\"]}]},{\"@type\":\"ImageObject\",\"inLanguage\":\"ro-RO\",\"@id\":\"https:\/\/desteptati-va.ro\/index.php\/2021\/04\/19\/mihai-eminescu-despre-politicienii-romani\/#primaryimage\",\"url\":\"https:\/\/desteptati-va.ro\/wp-content\/uploads\/2021\/04\/mihai_eminescu-210x300-1.jpg\",\"contentUrl\":\"https:\/\/desteptati-va.ro\/wp-content\/uploads\/2021\/04\/mihai_eminescu-210x300-1.jpg\",\"width\":210,\"height\":300},{\"@type\":\"BreadcrumbList\",\"@id\":\"https:\/\/desteptati-va.ro\/index.php\/2021\/04\/19\/mihai-eminescu-despre-politicienii-romani\/#breadcrumb\",\"itemListElement\":[{\"@type\":\"ListItem\",\"position\":1,\"name\":\"Prima pagin\u0103\",\"item\":\"https:\/\/desteptati-va.ro\/\"},{\"@type\":\"ListItem\",\"position\":2,\"name\":\"Mihai Eminescu &#8211; despre politicienii rom\u00e2ni\"}]},{\"@type\":\"WebSite\",\"@id\":\"https:\/\/desteptati-va.ro\/#website\",\"url\":\"https:\/\/desteptati-va.ro\/\",\"name\":\"\",\"description\":\"\",\"potentialAction\":[{\"@type\":\"SearchAction\",\"target\":{\"@type\":\"EntryPoint\",\"urlTemplate\":\"https:\/\/desteptati-va.ro\/?s={search_term_string}\"},\"query-input\":{\"@type\":\"PropertyValueSpecification\",\"valueRequired\":true,\"valueName\":\"search_term_string\"}}],\"inLanguage\":\"ro-RO\"},{\"@type\":\"Person\",\"@id\":\"https:\/\/desteptati-va.ro\/#\/schema\/person\/13182deeebd44920914899f7bb262d6b\",\"name\":\"wolfsoftcompany\",\"image\":{\"@type\":\"ImageObject\",\"inLanguage\":\"ro-RO\",\"@id\":\"https:\/\/desteptati-va.ro\/#\/schema\/person\/image\/\",\"url\":\"https:\/\/secure.gravatar.com\/avatar\/a6cce9b6d101d27d91690e7073e300fed94c0899890bf998e082cb9d2c3d121e?s=96&d=mm&r=g\",\"contentUrl\":\"https:\/\/secure.gravatar.com\/avatar\/a6cce9b6d101d27d91690e7073e300fed94c0899890bf998e082cb9d2c3d121e?s=96&d=mm&r=g\",\"caption\":\"wolfsoftcompany\"},\"sameAs\":[\"http:\/\/desteptati-va.ro\"],\"url\":\"https:\/\/desteptati-va.ro\/index.php\/author\/wolfsoftcompany\/\"}]}<\/script>\r\n<!-- \/ Yoast SEO plugin. -->","yoast_head_json":{"title":"Mihai Eminescu - despre politicienii rom\u00e2ni -","robots":{"index":"index","follow":"follow","max-snippet":"max-snippet:-1","max-image-preview":"max-image-preview:large","max-video-preview":"max-video-preview:-1"},"canonical":"https:\/\/desteptati-va.ro\/index.php\/2021\/04\/19\/mihai-eminescu-despre-politicienii-romani\/","og_locale":"ro_RO","og_type":"article","og_title":"Mihai Eminescu - despre politicienii rom\u00e2ni -","og_description":"De c\u00e2nd lumea nu s-a v\u0103zut ca un popor s\u0103 stea politice\u0219te sus \u0219i economice\u0219te jos; am\u00e2ndou\u0103 ordinele de lucruriRead More","og_url":"https:\/\/desteptati-va.ro\/index.php\/2021\/04\/19\/mihai-eminescu-despre-politicienii-romani\/","article_published_time":"2021-04-19T11:39:58+00:00","og_image":[{"width":210,"height":300,"url":"https:\/\/desteptati-va.ro\/wp-content\/uploads\/2021\/04\/mihai_eminescu-210x300-1.jpg","type":"image\/jpeg"}],"author":"wolfsoftcompany","twitter_card":"summary_large_image","twitter_misc":{"Scris de":"wolfsoftcompany","Timp estimat pentru citire":"3 minute"},"schema":{"@context":"https:\/\/schema.org","@graph":[{"@type":"Article","@id":"https:\/\/desteptati-va.ro\/index.php\/2021\/04\/19\/mihai-eminescu-despre-politicienii-romani\/#article","isPartOf":{"@id":"https:\/\/desteptati-va.ro\/index.php\/2021\/04\/19\/mihai-eminescu-despre-politicienii-romani\/"},"author":{"name":"wolfsoftcompany","@id":"https:\/\/desteptati-va.ro\/#\/schema\/person\/13182deeebd44920914899f7bb262d6b"},"headline":"Mihai Eminescu &#8211; despre politicienii rom\u00e2ni","datePublished":"2021-04-19T11:39:58+00:00","mainEntityOfPage":{"@id":"https:\/\/desteptati-va.ro\/index.php\/2021\/04\/19\/mihai-eminescu-despre-politicienii-romani\/"},"wordCount":536,"commentCount":0,"image":{"@id":"https:\/\/desteptati-va.ro\/index.php\/2021\/04\/19\/mihai-eminescu-despre-politicienii-romani\/#primaryimage"},"thumbnailUrl":"https:\/\/desteptati-va.ro\/wp-content\/uploads\/2021\/04\/mihai_eminescu-210x300-1.jpg","keywords":["despre","desteptati","desteptati-va","economie","Eminescu","furt","interes","justitie","Mihai Eminescu","minciuna","politica","politicieni","romani"],"articleSection":["Pareri si pozitii publice"],"inLanguage":"ro-RO","potentialAction":[{"@type":"CommentAction","name":"Comment","target":["https:\/\/desteptati-va.ro\/index.php\/2021\/04\/19\/mihai-eminescu-despre-politicienii-romani\/#respond"]}]},{"@type":"WebPage","@id":"https:\/\/desteptati-va.ro\/index.php\/2021\/04\/19\/mihai-eminescu-despre-politicienii-romani\/","url":"https:\/\/desteptati-va.ro\/index.php\/2021\/04\/19\/mihai-eminescu-despre-politicienii-romani\/","name":"Mihai Eminescu - despre politicienii rom\u00e2ni -","isPartOf":{"@id":"https:\/\/desteptati-va.ro\/#website"},"primaryImageOfPage":{"@id":"https:\/\/desteptati-va.ro\/index.php\/2021\/04\/19\/mihai-eminescu-despre-politicienii-romani\/#primaryimage"},"image":{"@id":"https:\/\/desteptati-va.ro\/index.php\/2021\/04\/19\/mihai-eminescu-despre-politicienii-romani\/#primaryimage"},"thumbnailUrl":"https:\/\/desteptati-va.ro\/wp-content\/uploads\/2021\/04\/mihai_eminescu-210x300-1.jpg","datePublished":"2021-04-19T11:39:58+00:00","author":{"@id":"https:\/\/desteptati-va.ro\/#\/schema\/person\/13182deeebd44920914899f7bb262d6b"},"breadcrumb":{"@id":"https:\/\/desteptati-va.ro\/index.php\/2021\/04\/19\/mihai-eminescu-despre-politicienii-romani\/#breadcrumb"},"inLanguage":"ro-RO","potentialAction":[{"@type":"ReadAction","target":["https:\/\/desteptati-va.ro\/index.php\/2021\/04\/19\/mihai-eminescu-despre-politicienii-romani\/"]}]},{"@type":"ImageObject","inLanguage":"ro-RO","@id":"https:\/\/desteptati-va.ro\/index.php\/2021\/04\/19\/mihai-eminescu-despre-politicienii-romani\/#primaryimage","url":"https:\/\/desteptati-va.ro\/wp-content\/uploads\/2021\/04\/mihai_eminescu-210x300-1.jpg","contentUrl":"https:\/\/desteptati-va.ro\/wp-content\/uploads\/2021\/04\/mihai_eminescu-210x300-1.jpg","width":210,"height":300},{"@type":"BreadcrumbList","@id":"https:\/\/desteptati-va.ro\/index.php\/2021\/04\/19\/mihai-eminescu-despre-politicienii-romani\/#breadcrumb","itemListElement":[{"@type":"ListItem","position":1,"name":"Prima pagin\u0103","item":"https:\/\/desteptati-va.ro\/"},{"@type":"ListItem","position":2,"name":"Mihai Eminescu &#8211; despre politicienii rom\u00e2ni"}]},{"@type":"WebSite","@id":"https:\/\/desteptati-va.ro\/#website","url":"https:\/\/desteptati-va.ro\/","name":"","description":"","potentialAction":[{"@type":"SearchAction","target":{"@type":"EntryPoint","urlTemplate":"https:\/\/desteptati-va.ro\/?s={search_term_string}"},"query-input":{"@type":"PropertyValueSpecification","valueRequired":true,"valueName":"search_term_string"}}],"inLanguage":"ro-RO"},{"@type":"Person","@id":"https:\/\/desteptati-va.ro\/#\/schema\/person\/13182deeebd44920914899f7bb262d6b","name":"wolfsoftcompany","image":{"@type":"ImageObject","inLanguage":"ro-RO","@id":"https:\/\/desteptati-va.ro\/#\/schema\/person\/image\/","url":"https:\/\/secure.gravatar.com\/avatar\/a6cce9b6d101d27d91690e7073e300fed94c0899890bf998e082cb9d2c3d121e?s=96&d=mm&r=g","contentUrl":"https:\/\/secure.gravatar.com\/avatar\/a6cce9b6d101d27d91690e7073e300fed94c0899890bf998e082cb9d2c3d121e?s=96&d=mm&r=g","caption":"wolfsoftcompany"},"sameAs":["http:\/\/desteptati-va.ro"],"url":"https:\/\/desteptati-va.ro\/index.php\/author\/wolfsoftcompany\/"}]}},"_links":{"self":[{"href":"https:\/\/desteptati-va.ro\/index.php\/wp-json\/wp\/v2\/posts\/4130","targetHints":{"allow":["GET"]}}],"collection":[{"href":"https:\/\/desteptati-va.ro\/index.php\/wp-json\/wp\/v2\/posts"}],"about":[{"href":"https:\/\/desteptati-va.ro\/index.php\/wp-json\/wp\/v2\/types\/post"}],"author":[{"embeddable":true,"href":"https:\/\/desteptati-va.ro\/index.php\/wp-json\/wp\/v2\/users\/1"}],"replies":[{"embeddable":true,"href":"https:\/\/desteptati-va.ro\/index.php\/wp-json\/wp\/v2\/comments?post=4130"}],"version-history":[{"count":1,"href":"https:\/\/desteptati-va.ro\/index.php\/wp-json\/wp\/v2\/posts\/4130\/revisions"}],"predecessor-version":[{"id":4132,"href":"https:\/\/desteptati-va.ro\/index.php\/wp-json\/wp\/v2\/posts\/4130\/revisions\/4132"}],"wp:featuredmedia":[{"embeddable":true,"href":"https:\/\/desteptati-va.ro\/index.php\/wp-json\/wp\/v2\/media\/1550"}],"wp:attachment":[{"href":"https:\/\/desteptati-va.ro\/index.php\/wp-json\/wp\/v2\/media?parent=4130"}],"wp:term":[{"taxonomy":"category","embeddable":true,"href":"https:\/\/desteptati-va.ro\/index.php\/wp-json\/wp\/v2\/categories?post=4130"},{"taxonomy":"post_tag","embeddable":true,"href":"https:\/\/desteptati-va.ro\/index.php\/wp-json\/wp\/v2\/tags?post=4130"}],"curies":[{"name":"wp","href":"https:\/\/api.w.org\/{rel}","templated":true}]}}