{"id":4143,"date":"2021-04-19T11:47:44","date_gmt":"2021-04-19T11:47:44","guid":{"rendered":"http:\/\/desteptati.ro\/?p=4143"},"modified":"2021-04-19T11:47:44","modified_gmt":"2021-04-19T11:47:44","slug":"ne-am-saturat-nu-ne-mai-este-teama","status":"publish","type":"post","link":"https:\/\/desteptati-va.ro\/index.php\/2021\/04\/19\/ne-am-saturat-nu-ne-mai-este-teama\/","title":{"rendered":"Ne-am s\u0103turat! Nu ne mai este team\u0103!"},"content":{"rendered":"<div class=\"post-content\"><div class='booster-block booster-read-block'>\n                <div class=\"twp-read-time\">\n                \t<i class=\"booster-icon twp-clock\"><\/i> <span>Read Time:<\/span>2 Minute, 40 Second                <\/div>\n\n            <\/div><h3 style=\"text-align: center;\"><strong><em>Ne-am s\u0103turat! Nu ne mai este team\u0103!<\/em><\/strong><\/h3>\r\n<h4 style=\"text-align: center;\"><strong><em>de Costinel PETRACHE<\/em><\/strong><\/h4>\r\n<h4 style=\"text-align: center;\"><strong><em>~ <\/em><\/strong><strong><em>derbedeului\u00a0 suprem <\/em><\/strong><strong><em>~<\/em><\/strong><\/h4>\r\n<h4><strong><em>\u00a0<\/em><\/strong><\/h4>\r\n<h4 style=\"text-align: center;\"><strong><em>lep\u0103d\u0103tur\u0103 ordinar\u0103, <\/em><\/strong><strong><em>ai f\u0103cut astfel, \u00eenc\u00e2t s\u0103 ne temem de tot \u015fi de toate&#8230;<\/em><\/strong><\/h4>\r\n<h4><strong><em>\u00a0<\/em><\/strong><\/h4>\r\n<h4 style=\"text-align: center;\"><em>ne este team\u0103 de omul de l\u00e2ng\u0103 noi, dar \u015fi de umbra noastr\u0103 \u00eentruc\u00e2t nu suntem\u00a0\u00a0\u00a0 tocmai siguri dac\u0103-i a noastr\u0103 sau nu&#8230;<\/em><\/h4>\r\n<h4><em>\u00a0<\/em><\/h4>\r\n<h4 style=\"text-align: center;\"><em>ne este team\u0103 de cuvintele bl\u00e2nde de care suntem \u00een stare pentru c\u0103, am v\u0103zut, bl\u00e2nde\u0163ea ne \u00eengroap\u0103 \u015fi mai mult&#8230;<\/em><\/h4>\r\n<h4><em>\u00a0<\/em><\/h4>\r\n<h4 style=\"text-align: center;\"><em>ne este team\u0103 de ziua de m\u00e2ine, aflat\u0103, dintr-o grav\u0103 \u015fi nefericit\u0103 \u00eent\u00e2mplare istoric\u0103, \u00een poftele demente ale min\u0163ii tale bolnave&#8230;<\/em><\/h4>\r\n<h4><em>\u00a0<\/em><\/h4>\r\n<h4 style=\"text-align: center;\"><em>de\u015fi ne-ai \u00eempov\u0103rat via\u0163a\u00a0 mult peste anii pe care-i purt\u0103m, ne este team\u0103 s\u0103 \u00eemb\u0103tr\u00e2nim pentru c\u0103 ne-ai ucis speran\u0163a \u00eentr-un apus lini\u015ftit&#8230;<\/em><\/h4>\r\n<h4><em>\u00a0<\/em><\/h4>\r\n<h4 style=\"text-align: center;\"><em>ne este team\u0103 ca nu cumva s\u0103 ne ating\u0103 vreo boal\u0103, pentru c\u0103 ne-ai decimat puterea s\u0103 i ne opunem&#8230;<\/em><\/h4>\r\n<h4><em>\u00a0<\/em><\/h4>\r\n<h4 style=\"text-align: center;\"><em>ne este team\u0103 s\u0103 ie\u015fim din cas\u0103; stafia ta beh\u0103ind\u0103 b\u00e2ntuie fiece c\u0103rare, fiece privire, fiece \u00eent\u00e2lnire, amenin\u0163\u00e2ndu-ne c\u0103 este posibil s\u0103 nu ne mai \u00eentoarcem&#8230;<\/em><\/h4>\r\n<h4><em>\u00a0<\/em><\/h4>\r\n<h4 style=\"text-align: center;\"><em>ne este team\u0103 s\u0103 trecem strada, pentru c\u0103 \u00een jocul netrebnic al min\u0163ii tale demente\u00a0 lumina verde nu este dec\u00e2t masca luminii ro\u015fii&#8230;<\/em><\/h4>\r\n<h4><em>\u00a0<\/em><\/h4>\r\n<h4 style=\"text-align: center;\"><em>ne este team\u0103 de vecinul de dincolo de gard, cu care ne \u015ftim de-o via\u0163\u0103, deoarece l-ai convins c\u0103 fiecare dintre noi \u00eei este du\u015fman de temut&#8230;<\/em><\/h4>\r\n<h4><em>\u00a0<\/em><\/h4>\r\n<h4 style=\"text-align: center;\"><em>ne este team\u0103 s\u0103 tr\u0103im cultiv\u00e2nd apropierea \u015fi iubirea; mintea ta bolnav\u0103 a declarat \u00een\u0163elegerea dintre oameni infrac\u0163iune de risc maxim la adresa existen\u0163ei tale odioase, asociat\u0103 paranoic securit\u0103\u0163ii na\u0163ionale&#8230;<\/em><\/h4>\r\n<h4><em>\u00a0<\/em><\/h4>\r\n<h4 style=\"text-align: center;\"><em>ne este team\u0103 de anotimpurile care ne-au \u00eemplinit\u00a0 \u015fi ne \u00eemplinesc rotitor\u00a0 rostul \u015fi via\u0163a; le-ai anulat cu brutalitate sensul \u015fi bucuria revenirii&#8230;<\/em><\/h4>\r\n<h4><em>\u00a0<\/em><\/h4>\r\n<h4 style=\"text-align: center;\"><em>ne este team\u0103 s\u0103 tr\u0103im sigur \u015fi decent; ne vrei doar supravie\u0163uind dintr-un ceas \u00eentr-altul, cu m\u00e2inile \u00eentinse spre-a cere sau \u00eempreunate a diperare \u015fi rug\u0103&#8230;<\/em><\/h4>\r\n<h4><em>\u00a0<\/em><\/h4>\r\n<h4 style=\"text-align: center;\"><em>ne este team\u0103 s\u0103 murim; nu \u015ftim dac\u0103 r\u0103ma\u015fii au puterea s\u0103 ne duc\u0103 spre groap\u0103, dup\u0103 cum ne este team\u0103 ca nu cumva fantoma spiritului t\u0103u malefic s\u0103 nu ne dea pace nici Dincolo&#8230;<\/em><\/h4>\r\n<h4><em>\u00a0<\/em><\/h4>\r\n<h4 style=\"text-align: center;\"><em>ne este team\u0103 s\u0103 ne bucur\u0103m de ivirea Prim\u0103verii; rena\u015fterea de orice fel dezl\u0103n\u0163uie \u00een tine ura descrerierat\u0103 a pierzaniei&#8230;<\/em><\/h4>\r\n<h4><em>\u00a0<\/em><\/h4>\r\n<h4 style=\"text-align: center;\"><em>ne este team\u0103 de bucuriile cele mai fire\u015fti deoarece vezi \u00een ele un pericol mortal la adresa supravie\u0163uirii noastre condi\u0163ionate;<\/em><\/h4>\r\n<h4><em>\u00a0<\/em><\/h4>\r\n<h4 style=\"text-align: center;\"><em>ne este team\u0103 s\u0103 spunem cuiva c\u0103 suntem doctori, ofi\u0163eri, profesori, muncitori, ingineri, arti\u015fti&#8230; ne este team\u0103 c\u0103 nu putem fi ho\u0163i, derbedei, tr\u0103d\u0103tori, impostori&#8230; canalie, doar pe ace\u015ftia contezi, doar \u00een ei ai \u00eencredere, ei sunt uneltele cu care ne-ai decimat libertatea, demnitatea, lini\u015ftea \u00a0\u015fi speran\u0163a&#8230;<\/em><\/h4>\r\n<h4><em>\u00a0<\/em><\/h4>\r\n<h4 style=\"text-align: center;\"><em>ne este team\u0103 de ajungerea dimine\u0163ii; ne vrei de-a pururea \u00een bra\u0163ele unei nop\u0163i care s\u0103 nu se mai termine&#8230;<\/em><\/h4>\r\n<h4><em>\u00a0<\/em><\/h4>\r\n<h4 style=\"text-align: center;\"><em>ne este team\u0103 s\u0103 ne l\u0103s\u0103m iubirea \u00een \u00eemplinirea unui copil; mercenarii t\u0103i \u00eentru decimarea\u00a0 fiin\u0163\u0103rii\u00a0 noastre na\u0163ionale \u00eei p\u00e2ndesc respira\u0163ia, somnul \u015fi lumina spre a i le reteza la ordinul t\u0103u, canalie nenorocit\u0103&#8230;<\/em><\/h4>\r\n<h4 style=\"text-align: center;\"><\/h4>\r\n<h4 style=\"text-align: center;\"><strong><em>de toate astea \u00a0\u015fi de multe altele ne-ai f\u0103cut s\u0103 ne temem&#8230; este ceva, \u00eens\u0103, bestie\u00a0 mutant\u0103, \u00a0de care nu ne este team\u0103&#8230; de tine, lep\u0103d\u0103tur\u0103 netrebnic\u0103, de tine nu ne este team\u0103&#8230; ia \u00een seam\u0103 aceast\u0103 eviden\u0163\u0103&#8230;<\/em><\/strong><\/h4>\r\n<h4 style=\"text-align: justify;\"><\/h4>\r\n<h4 style=\"text-align: justify;\"><em>Material preluat de la\u00a0<\/em><em>de Costinel PETRACHE, imagine realizata de\u00a0<a href=\"http:\/\/www.personality.com.ro\/basescu_omagiu_2.htm\" target=\"_blank\" rel=\"noopener\">Nicolae Ioni\u0163\u0103<\/a><\/em><\/h4>        <div class=\"booster-block booster-reactions-block\">\n            <div class=\"twp-reactions-icons\">\n                \n                <div class=\"twp-reacts-wrap\">\n                    <a react-data=\"be-react-1\" post-id=\"4143\" class=\"be-face-icons un-reacted\" href=\"javascript:void(0)\">\n                        <img decoding=\"async\" src=\"https:\/\/desteptati-va.ro\/wp-content\/plugins\/booster-extension\/\/assets\/icon\/happy.svg\" alt=\"Happy\">\n                    <\/a>\n                    <div class=\"twp-reaction-title\">\n                        Happy                    <\/div>\n                    <div class=\"twp-count-percent\">\n                                                    <span style=\"display: none;\" class=\"twp-react-count\">0<\/span>\n                        \n                                                <span class=\"twp-react-percent\"><span>0<\/span> %<\/span>\n                                            <\/div>\n                <\/div>\n\n                <div class=\"twp-reacts-wrap\">\n                    <a react-data=\"be-react-2\" post-id=\"4143\" class=\"be-face-icons un-reacted\" href=\"javascript:void(0)\">\n                        <img decoding=\"async\" src=\"https:\/\/desteptati-va.ro\/wp-content\/plugins\/booster-extension\/\/assets\/icon\/sad.svg\" alt=\"Sad\">\n                    <\/a>\n                    <div class=\"twp-reaction-title\">\n                        Sad                    <\/div>\n                    <div class=\"twp-count-percent\">\n                                                    <span style=\"display: none;\" class=\"twp-react-count\">0<\/span>\n                                                                        <span class=\"twp-react-percent\"><span>0<\/span> %<\/span>\n                                            <\/div>\n                <\/div>\n\n                <div class=\"twp-reacts-wrap\">\n                    <a react-data=\"be-react-3\" post-id=\"4143\" class=\"be-face-icons un-reacted\" href=\"javascript:void(0)\">\n                        <img decoding=\"async\" src=\"https:\/\/desteptati-va.ro\/wp-content\/plugins\/booster-extension\/\/assets\/icon\/excited.svg\" alt=\"Excited\">\n                    <\/a>\n                    <div class=\"twp-reaction-title\">\n                        Excited                    <\/div>\n                    <div class=\"twp-count-percent\">\n                                                    <span style=\"display: none;\" class=\"twp-react-count\">0<\/span>\n                                                                        <span class=\"twp-react-percent\"><span>0<\/span> %<\/span>\n                                            <\/div>\n                <\/div>\n\n                <div class=\"twp-reacts-wrap\">\n                    <a react-data=\"be-react-6\" post-id=\"4143\" class=\"be-face-icons un-reacted\" href=\"javascript:void(0)\">\n                        <img decoding=\"async\" src=\"https:\/\/desteptati-va.ro\/wp-content\/plugins\/booster-extension\/\/assets\/icon\/sleepy.svg\" alt=\"Sleepy\">\n                    <\/a>\n                    <div class=\"twp-reaction-title\">\n                        Sleepy                    <\/div>\n                    <div class=\"twp-count-percent\">\n                                                    <span style=\"display: none;\" class=\"twp-react-count\">0<\/span>\n                        \n                                                <span class=\"twp-react-percent\"><span>0<\/span> %<\/span>\n                                            <\/div>\n                <\/div>\n\n                <div class=\"twp-reacts-wrap\">\n                    <a react-data=\"be-react-4\" post-id=\"4143\" class=\"be-face-icons un-reacted\" href=\"javascript:void(0)\">\n                        <img decoding=\"async\" src=\"https:\/\/desteptati-va.ro\/wp-content\/plugins\/booster-extension\/\/assets\/icon\/angry.svg\" alt=\"Angry\">\n                    <\/a>\n                    <div class=\"twp-reaction-title\">Angry<\/div>\n                    <div class=\"twp-count-percent\">\n                                                    <span style=\"display: none;\" class=\"twp-react-count\">0<\/span>\n                                                                        <span class=\"twp-react-percent\"><span>0<\/span> %<\/span>\n                        \n                    <\/div>\n                <\/div>\n\n                <div class=\"twp-reacts-wrap\">\n                    <a react-data=\"be-react-5\" post-id=\"4143\" class=\"be-face-icons un-reacted\" href=\"javascript:void(0)\">\n                        <img decoding=\"async\" src=\"https:\/\/desteptati-va.ro\/wp-content\/plugins\/booster-extension\/\/assets\/icon\/surprise.svg\" alt=\"Surprise\">\n                    <\/a>\n                    <div class=\"twp-reaction-title\">Surprise<\/div>\n                    <div class=\"twp-count-percent\">\n                                                    <span style=\"display: none;\" class=\"twp-react-count\">0<\/span>\n                                                                        <span class=\"twp-react-percent\"><span>0<\/span> %<\/span>\n                                            <\/div>\n                <\/div>\n\n            <\/div>\n        <\/div>\n\n    <\/div>","protected":false},"excerpt":{"rendered":"<p>Ne-am s\u0103turat! Nu ne mai este team\u0103! de Costinel PETRACHE ~ derbedeului\u00a0 suprem ~ \u00a0 lep\u0103d\u0103tur\u0103 ordinar\u0103, ai f\u0103cut astfel,<a href=\"https:\/\/desteptati-va.ro\/index.php\/2021\/04\/19\/ne-am-saturat-nu-ne-mai-este-teama\/\">Read More<i class=\"fa fa-long-arrow-right\" aria-hidden=\"true\"><\/i><\/a><\/p>\n","protected":false},"author":1,"featured_media":4145,"comment_status":"open","ping_status":"open","sticky":false,"template":"","format":"standard","meta":{"_crdt_document":"","footnotes":""},"categories":[17],"tags":[1535,59,60,1536,1537,1538,1539,1540,1337,1541,156,732,1542],"class_list":["post-4143","post","type-post","status-publish","format-standard","has-post-thumbnail","hentry","category-pareri-si-pozitii-publice","tag-derbedei","tag-desteptati","tag-desteptati-va","tag-hoti","tag-impostori","tag-lepadatura-ordinara","tag-saturat","tag-speranta","tag-supravietuire","tag-teama","tag-tradatori","tag-traian-basescu","tag-ura"],"rise-blocks_total_comments":3,"rise-blocks_categories":[{"term_id":17,"name":"Pareri si pozitii publice","slug":"pareri-si-pozitii-publice","term_group":0,"term_taxonomy_id":17,"taxonomy":"category","description":"","parent":0,"count":18,"filter":"raw"}],"rise-blocks_excerpt":"Ne-am s\u0103turat! Nu ne mai este team\u0103! de Costinel PETRACHE ~ derbedeului\u00a0 suprem ~ \u00a0 lep\u0103d\u0103tur\u0103 ordinar\u0103, ai f\u0103cut astfel, \u00eenc\u00e2t s\u0103 ne temem de tot \u015fi de toate&#8230; \u00a0 ne este team\u0103 de omul de l\u00e2ng\u0103 noi, dar \u015fi de umbra noastr\u0103 \u00eentruc\u00e2t nu suntem\u00a0\u00a0\u00a0 tocmai siguri dac\u0103-i a noastr\u0103 sau nu&#8230; \u00a0 ne este team\u0103 de cuvintele bl\u00e2nde..","yoast_head":"<!-- This site is optimized with the Yoast SEO plugin v26.9 - https:\/\/yoast.com\/product\/yoast-seo-wordpress\/ -->\r\n<title>Ne-am s\u0103turat! Nu ne mai este team\u0103! -<\/title>\r\n<meta name=\"robots\" content=\"index, follow, max-snippet:-1, max-image-preview:large, max-video-preview:-1\" \/>\r\n<link rel=\"canonical\" href=\"https:\/\/desteptati-va.ro\/index.php\/2021\/04\/19\/ne-am-saturat-nu-ne-mai-este-teama\/\" \/>\r\n<meta property=\"og:locale\" content=\"ro_RO\" \/>\r\n<meta property=\"og:type\" content=\"article\" \/>\r\n<meta property=\"og:title\" content=\"Ne-am s\u0103turat! Nu ne mai este team\u0103! -\" \/>\r\n<meta property=\"og:description\" content=\"Ne-am s\u0103turat! Nu ne mai este team\u0103! de Costinel PETRACHE ~ derbedeului\u00a0 suprem ~ \u00a0 lep\u0103d\u0103tur\u0103 ordinar\u0103, ai f\u0103cut astfel,Read More\" \/>\r\n<meta property=\"og:url\" content=\"https:\/\/desteptati-va.ro\/index.php\/2021\/04\/19\/ne-am-saturat-nu-ne-mai-este-teama\/\" \/>\r\n<meta property=\"article:published_time\" content=\"2021-04-19T11:47:44+00:00\" \/>\r\n<meta property=\"og:image\" content=\"https:\/\/desteptati-va.ro\/wp-content\/uploads\/2021\/04\/basescu_68-e1609756075881-1.gif\" \/>\r\n\t<meta property=\"og:image:width\" content=\"253\" \/>\r\n\t<meta property=\"og:image:height\" content=\"201\" \/>\r\n\t<meta property=\"og:image:type\" content=\"image\/gif\" \/>\r\n<meta name=\"author\" content=\"wolfsoftcompany\" \/>\r\n<meta name=\"twitter:card\" content=\"summary_large_image\" \/>\r\n<meta name=\"twitter:label1\" content=\"Scris de\" \/>\n\t<meta name=\"twitter:data1\" content=\"wolfsoftcompany\" \/>\n\t<meta name=\"twitter:label2\" content=\"Timp estimat pentru citire\" \/>\n\t<meta name=\"twitter:data2\" content=\"3 minute\" \/>\r\n<script type=\"application\/ld+json\" class=\"yoast-schema-graph\">{\"@context\":\"https:\/\/schema.org\",\"@graph\":[{\"@type\":\"Article\",\"@id\":\"https:\/\/desteptati-va.ro\/index.php\/2021\/04\/19\/ne-am-saturat-nu-ne-mai-este-teama\/#article\",\"isPartOf\":{\"@id\":\"https:\/\/desteptati-va.ro\/index.php\/2021\/04\/19\/ne-am-saturat-nu-ne-mai-este-teama\/\"},\"author\":{\"name\":\"wolfsoftcompany\",\"@id\":\"https:\/\/desteptati-va.ro\/#\/schema\/person\/13182deeebd44920914899f7bb262d6b\"},\"headline\":\"Ne-am s\u0103turat! Nu ne mai este team\u0103!\",\"datePublished\":\"2021-04-19T11:47:44+00:00\",\"mainEntityOfPage\":{\"@id\":\"https:\/\/desteptati-va.ro\/index.php\/2021\/04\/19\/ne-am-saturat-nu-ne-mai-este-teama\/\"},\"wordCount\":600,\"commentCount\":0,\"image\":{\"@id\":\"https:\/\/desteptati-va.ro\/index.php\/2021\/04\/19\/ne-am-saturat-nu-ne-mai-este-teama\/#primaryimage\"},\"thumbnailUrl\":\"https:\/\/desteptati-va.ro\/wp-content\/uploads\/2021\/04\/basescu_68-e1609756075881-1.gif\",\"keywords\":[\"derbedei\",\"desteptati\",\"desteptati-va\",\"hoti\",\"impostori\",\"lepadatura ordinara\",\"saturat\",\"speranta\",\"supravietuire\",\"teama\",\"tradatori\",\"Traian Basescu\",\"ura\"],\"articleSection\":[\"Pareri si pozitii publice\"],\"inLanguage\":\"ro-RO\",\"potentialAction\":[{\"@type\":\"CommentAction\",\"name\":\"Comment\",\"target\":[\"https:\/\/desteptati-va.ro\/index.php\/2021\/04\/19\/ne-am-saturat-nu-ne-mai-este-teama\/#respond\"]}]},{\"@type\":\"WebPage\",\"@id\":\"https:\/\/desteptati-va.ro\/index.php\/2021\/04\/19\/ne-am-saturat-nu-ne-mai-este-teama\/\",\"url\":\"https:\/\/desteptati-va.ro\/index.php\/2021\/04\/19\/ne-am-saturat-nu-ne-mai-este-teama\/\",\"name\":\"Ne-am s\u0103turat! Nu ne mai este team\u0103! -\",\"isPartOf\":{\"@id\":\"https:\/\/desteptati-va.ro\/#website\"},\"primaryImageOfPage\":{\"@id\":\"https:\/\/desteptati-va.ro\/index.php\/2021\/04\/19\/ne-am-saturat-nu-ne-mai-este-teama\/#primaryimage\"},\"image\":{\"@id\":\"https:\/\/desteptati-va.ro\/index.php\/2021\/04\/19\/ne-am-saturat-nu-ne-mai-este-teama\/#primaryimage\"},\"thumbnailUrl\":\"https:\/\/desteptati-va.ro\/wp-content\/uploads\/2021\/04\/basescu_68-e1609756075881-1.gif\",\"datePublished\":\"2021-04-19T11:47:44+00:00\",\"author\":{\"@id\":\"https:\/\/desteptati-va.ro\/#\/schema\/person\/13182deeebd44920914899f7bb262d6b\"},\"breadcrumb\":{\"@id\":\"https:\/\/desteptati-va.ro\/index.php\/2021\/04\/19\/ne-am-saturat-nu-ne-mai-este-teama\/#breadcrumb\"},\"inLanguage\":\"ro-RO\",\"potentialAction\":[{\"@type\":\"ReadAction\",\"target\":[\"https:\/\/desteptati-va.ro\/index.php\/2021\/04\/19\/ne-am-saturat-nu-ne-mai-este-teama\/\"]}]},{\"@type\":\"ImageObject\",\"inLanguage\":\"ro-RO\",\"@id\":\"https:\/\/desteptati-va.ro\/index.php\/2021\/04\/19\/ne-am-saturat-nu-ne-mai-este-teama\/#primaryimage\",\"url\":\"https:\/\/desteptati-va.ro\/wp-content\/uploads\/2021\/04\/basescu_68-e1609756075881-1.gif\",\"contentUrl\":\"https:\/\/desteptati-va.ro\/wp-content\/uploads\/2021\/04\/basescu_68-e1609756075881-1.gif\",\"width\":253,\"height\":201},{\"@type\":\"BreadcrumbList\",\"@id\":\"https:\/\/desteptati-va.ro\/index.php\/2021\/04\/19\/ne-am-saturat-nu-ne-mai-este-teama\/#breadcrumb\",\"itemListElement\":[{\"@type\":\"ListItem\",\"position\":1,\"name\":\"Prima pagin\u0103\",\"item\":\"https:\/\/desteptati-va.ro\/\"},{\"@type\":\"ListItem\",\"position\":2,\"name\":\"Ne-am s\u0103turat! Nu ne mai este team\u0103!\"}]},{\"@type\":\"WebSite\",\"@id\":\"https:\/\/desteptati-va.ro\/#website\",\"url\":\"https:\/\/desteptati-va.ro\/\",\"name\":\"\",\"description\":\"\",\"potentialAction\":[{\"@type\":\"SearchAction\",\"target\":{\"@type\":\"EntryPoint\",\"urlTemplate\":\"https:\/\/desteptati-va.ro\/?s={search_term_string}\"},\"query-input\":{\"@type\":\"PropertyValueSpecification\",\"valueRequired\":true,\"valueName\":\"search_term_string\"}}],\"inLanguage\":\"ro-RO\"},{\"@type\":\"Person\",\"@id\":\"https:\/\/desteptati-va.ro\/#\/schema\/person\/13182deeebd44920914899f7bb262d6b\",\"name\":\"wolfsoftcompany\",\"image\":{\"@type\":\"ImageObject\",\"inLanguage\":\"ro-RO\",\"@id\":\"https:\/\/desteptati-va.ro\/#\/schema\/person\/image\/\",\"url\":\"https:\/\/secure.gravatar.com\/avatar\/a6cce9b6d101d27d91690e7073e300fed94c0899890bf998e082cb9d2c3d121e?s=96&d=mm&r=g\",\"contentUrl\":\"https:\/\/secure.gravatar.com\/avatar\/a6cce9b6d101d27d91690e7073e300fed94c0899890bf998e082cb9d2c3d121e?s=96&d=mm&r=g\",\"caption\":\"wolfsoftcompany\"},\"sameAs\":[\"http:\/\/desteptati-va.ro\"],\"url\":\"https:\/\/desteptati-va.ro\/index.php\/author\/wolfsoftcompany\/\"}]}<\/script>\r\n<!-- \/ Yoast SEO plugin. -->","yoast_head_json":{"title":"Ne-am s\u0103turat! Nu ne mai este team\u0103! -","robots":{"index":"index","follow":"follow","max-snippet":"max-snippet:-1","max-image-preview":"max-image-preview:large","max-video-preview":"max-video-preview:-1"},"canonical":"https:\/\/desteptati-va.ro\/index.php\/2021\/04\/19\/ne-am-saturat-nu-ne-mai-este-teama\/","og_locale":"ro_RO","og_type":"article","og_title":"Ne-am s\u0103turat! Nu ne mai este team\u0103! -","og_description":"Ne-am s\u0103turat! Nu ne mai este team\u0103! de Costinel PETRACHE ~ derbedeului\u00a0 suprem ~ \u00a0 lep\u0103d\u0103tur\u0103 ordinar\u0103, ai f\u0103cut astfel,Read More","og_url":"https:\/\/desteptati-va.ro\/index.php\/2021\/04\/19\/ne-am-saturat-nu-ne-mai-este-teama\/","article_published_time":"2021-04-19T11:47:44+00:00","og_image":[{"width":253,"height":201,"url":"https:\/\/desteptati-va.ro\/wp-content\/uploads\/2021\/04\/basescu_68-e1609756075881-1.gif","type":"image\/gif"}],"author":"wolfsoftcompany","twitter_card":"summary_large_image","twitter_misc":{"Scris de":"wolfsoftcompany","Timp estimat pentru citire":"3 minute"},"schema":{"@context":"https:\/\/schema.org","@graph":[{"@type":"Article","@id":"https:\/\/desteptati-va.ro\/index.php\/2021\/04\/19\/ne-am-saturat-nu-ne-mai-este-teama\/#article","isPartOf":{"@id":"https:\/\/desteptati-va.ro\/index.php\/2021\/04\/19\/ne-am-saturat-nu-ne-mai-este-teama\/"},"author":{"name":"wolfsoftcompany","@id":"https:\/\/desteptati-va.ro\/#\/schema\/person\/13182deeebd44920914899f7bb262d6b"},"headline":"Ne-am s\u0103turat! Nu ne mai este team\u0103!","datePublished":"2021-04-19T11:47:44+00:00","mainEntityOfPage":{"@id":"https:\/\/desteptati-va.ro\/index.php\/2021\/04\/19\/ne-am-saturat-nu-ne-mai-este-teama\/"},"wordCount":600,"commentCount":0,"image":{"@id":"https:\/\/desteptati-va.ro\/index.php\/2021\/04\/19\/ne-am-saturat-nu-ne-mai-este-teama\/#primaryimage"},"thumbnailUrl":"https:\/\/desteptati-va.ro\/wp-content\/uploads\/2021\/04\/basescu_68-e1609756075881-1.gif","keywords":["derbedei","desteptati","desteptati-va","hoti","impostori","lepadatura ordinara","saturat","speranta","supravietuire","teama","tradatori","Traian Basescu","ura"],"articleSection":["Pareri si pozitii publice"],"inLanguage":"ro-RO","potentialAction":[{"@type":"CommentAction","name":"Comment","target":["https:\/\/desteptati-va.ro\/index.php\/2021\/04\/19\/ne-am-saturat-nu-ne-mai-este-teama\/#respond"]}]},{"@type":"WebPage","@id":"https:\/\/desteptati-va.ro\/index.php\/2021\/04\/19\/ne-am-saturat-nu-ne-mai-este-teama\/","url":"https:\/\/desteptati-va.ro\/index.php\/2021\/04\/19\/ne-am-saturat-nu-ne-mai-este-teama\/","name":"Ne-am s\u0103turat! Nu ne mai este team\u0103! -","isPartOf":{"@id":"https:\/\/desteptati-va.ro\/#website"},"primaryImageOfPage":{"@id":"https:\/\/desteptati-va.ro\/index.php\/2021\/04\/19\/ne-am-saturat-nu-ne-mai-este-teama\/#primaryimage"},"image":{"@id":"https:\/\/desteptati-va.ro\/index.php\/2021\/04\/19\/ne-am-saturat-nu-ne-mai-este-teama\/#primaryimage"},"thumbnailUrl":"https:\/\/desteptati-va.ro\/wp-content\/uploads\/2021\/04\/basescu_68-e1609756075881-1.gif","datePublished":"2021-04-19T11:47:44+00:00","author":{"@id":"https:\/\/desteptati-va.ro\/#\/schema\/person\/13182deeebd44920914899f7bb262d6b"},"breadcrumb":{"@id":"https:\/\/desteptati-va.ro\/index.php\/2021\/04\/19\/ne-am-saturat-nu-ne-mai-este-teama\/#breadcrumb"},"inLanguage":"ro-RO","potentialAction":[{"@type":"ReadAction","target":["https:\/\/desteptati-va.ro\/index.php\/2021\/04\/19\/ne-am-saturat-nu-ne-mai-este-teama\/"]}]},{"@type":"ImageObject","inLanguage":"ro-RO","@id":"https:\/\/desteptati-va.ro\/index.php\/2021\/04\/19\/ne-am-saturat-nu-ne-mai-este-teama\/#primaryimage","url":"https:\/\/desteptati-va.ro\/wp-content\/uploads\/2021\/04\/basescu_68-e1609756075881-1.gif","contentUrl":"https:\/\/desteptati-va.ro\/wp-content\/uploads\/2021\/04\/basescu_68-e1609756075881-1.gif","width":253,"height":201},{"@type":"BreadcrumbList","@id":"https:\/\/desteptati-va.ro\/index.php\/2021\/04\/19\/ne-am-saturat-nu-ne-mai-este-teama\/#breadcrumb","itemListElement":[{"@type":"ListItem","position":1,"name":"Prima pagin\u0103","item":"https:\/\/desteptati-va.ro\/"},{"@type":"ListItem","position":2,"name":"Ne-am s\u0103turat! Nu ne mai este team\u0103!"}]},{"@type":"WebSite","@id":"https:\/\/desteptati-va.ro\/#website","url":"https:\/\/desteptati-va.ro\/","name":"","description":"","potentialAction":[{"@type":"SearchAction","target":{"@type":"EntryPoint","urlTemplate":"https:\/\/desteptati-va.ro\/?s={search_term_string}"},"query-input":{"@type":"PropertyValueSpecification","valueRequired":true,"valueName":"search_term_string"}}],"inLanguage":"ro-RO"},{"@type":"Person","@id":"https:\/\/desteptati-va.ro\/#\/schema\/person\/13182deeebd44920914899f7bb262d6b","name":"wolfsoftcompany","image":{"@type":"ImageObject","inLanguage":"ro-RO","@id":"https:\/\/desteptati-va.ro\/#\/schema\/person\/image\/","url":"https:\/\/secure.gravatar.com\/avatar\/a6cce9b6d101d27d91690e7073e300fed94c0899890bf998e082cb9d2c3d121e?s=96&d=mm&r=g","contentUrl":"https:\/\/secure.gravatar.com\/avatar\/a6cce9b6d101d27d91690e7073e300fed94c0899890bf998e082cb9d2c3d121e?s=96&d=mm&r=g","caption":"wolfsoftcompany"},"sameAs":["http:\/\/desteptati-va.ro"],"url":"https:\/\/desteptati-va.ro\/index.php\/author\/wolfsoftcompany\/"}]}},"_links":{"self":[{"href":"https:\/\/desteptati-va.ro\/index.php\/wp-json\/wp\/v2\/posts\/4143","targetHints":{"allow":["GET"]}}],"collection":[{"href":"https:\/\/desteptati-va.ro\/index.php\/wp-json\/wp\/v2\/posts"}],"about":[{"href":"https:\/\/desteptati-va.ro\/index.php\/wp-json\/wp\/v2\/types\/post"}],"author":[{"embeddable":true,"href":"https:\/\/desteptati-va.ro\/index.php\/wp-json\/wp\/v2\/users\/1"}],"replies":[{"embeddable":true,"href":"https:\/\/desteptati-va.ro\/index.php\/wp-json\/wp\/v2\/comments?post=4143"}],"version-history":[{"count":1,"href":"https:\/\/desteptati-va.ro\/index.php\/wp-json\/wp\/v2\/posts\/4143\/revisions"}],"predecessor-version":[{"id":4146,"href":"https:\/\/desteptati-va.ro\/index.php\/wp-json\/wp\/v2\/posts\/4143\/revisions\/4146"}],"wp:featuredmedia":[{"embeddable":true,"href":"https:\/\/desteptati-va.ro\/index.php\/wp-json\/wp\/v2\/media\/4145"}],"wp:attachment":[{"href":"https:\/\/desteptati-va.ro\/index.php\/wp-json\/wp\/v2\/media?parent=4143"}],"wp:term":[{"taxonomy":"category","embeddable":true,"href":"https:\/\/desteptati-va.ro\/index.php\/wp-json\/wp\/v2\/categories?post=4143"},{"taxonomy":"post_tag","embeddable":true,"href":"https:\/\/desteptati-va.ro\/index.php\/wp-json\/wp\/v2\/tags?post=4143"}],"curies":[{"name":"wp","href":"https:\/\/api.w.org\/{rel}","templated":true}]}}