{"id":4147,"date":"2021-04-19T11:49:38","date_gmt":"2021-04-19T11:49:38","guid":{"rendered":"http:\/\/desteptati.ro\/?p=4147"},"modified":"2022-02-01T10:59:47","modified_gmt":"2022-02-01T08:59:47","slug":"cersetorul-de-solidaritate","status":"publish","type":"post","link":"https:\/\/desteptati-va.ro\/index.php\/2021\/04\/19\/cersetorul-de-solidaritate\/","title":{"rendered":"Cer\u015fetorul de solidaritate"},"content":{"rendered":"<div class=\"post-content\"><div class='booster-block booster-read-block'>\n                <div class=\"twp-read-time\">\n                \t<i class=\"booster-icon twp-clock\"><\/i> <span>Read Time:<\/span>2 Minute, 52 Second                <\/div>\n\n            <\/div><h4 style=\"text-align: justify;\">Te \u015ftiu de mult, mi te ag\u0103\u0163i \u00een fiecare zi de picioare, umil \u015fi mieros ca un cer\u015fetor. \u00centorc \u00eengre\u0163o\u015fat capul \u015fi te aud cum m\u0103 \u00eenjuri pe la spate de mam\u0103. N-ai nevoie de banul meu, obrazul \u0103la gros \u00ee\u0163i plesne\u015fte de s\u0103n\u0103tate, dar a\u015fa te-ai \u00eenv\u0103\u0163at: s\u0103 m\u0103 buzun\u0103re\u015fti, s\u0103 m\u0103 fraiere\u015fti, <strong><em>s\u0103 m\u0103 faci<\/em><\/strong>. Pentru tine, am fost \u00eentotdeauna un prost bun de jefuit. Ai mei m-au \u00eenv\u0103\u0163at s\u0103 las de la mine, s\u0103 \u00eenv\u0103\u0163, s\u0103 las loc de bun\u0103 ziua \u015fi chiar s\u0103 fiu c\u0103pos ca s\u0103 r\u0103zbesc, dar nu mi-au zis nimic despre tupeu.<\/h4>\n<h4 style=\"text-align: justify;\">Tu, maestru al tuturor \u015fmecheriilor, ai tupeu din plin. Ce altceva dec\u00e2t tupeul te \u00eempinge s\u0103 cer\u015fe\u015fti azi <strong><em>solidaritatea <\/em><\/strong>mea? Spui c\u0103 \u0163i-e greu, c\u0103 trebuie s\u0103 fim solidari \u00een fa\u0163a crizei. Eu, solidar cu tine?! N-am nimic de-a face nici cu ho\u0163ia, nici cu prostia ta. C\u00e2nd tu te-ndopai, eu str\u00e2ngeam cureaua. C\u00e2nd tu petreceai la iarb\u0103 verde cu mici \u015fi bere, eu str\u00e2ngeam gunoiul \u00een urma ta. C\u00e2nd tu \u00eencingeai folcloristele de toate s\u0103rb\u0103torile legale, eu f\u0103ceam ore peste program. C\u00e2nd tu te uitai la filme porno pe o poal\u0103 de bani la stat, eu b\u0103gam s\u00e2mbete \u015fi duminici la privat ca disperatul. \u015etiu c\u0103 nu-n\u0163elegi cum e cu privatul dec\u00e2t dac\u0103 are \u015fi un Channel \u00een coad\u0103.<\/h4>\n<h4 style=\"text-align: justify;\">Acum descoperi c\u0103 e criz\u0103 \u015fi-mi ceri sacrificii, f\u0103c\u00e2ndu-mi parad\u0103 de austeritate. Economise\u015fti foile din imprimant\u0103 sau stingi un bec \u00een camer\u0103, ca s\u0103 te vad\u0103 strada c\u0103 \u015fi tu te restr\u00e2ngi. Promi\u0163i s\u0103-i miluie\u015fti pe s\u0103raci cu leafa ta p\u00e2n\u0103 la sf\u00e2r\u015fitul anului, ca s\u0103 m\u0103 convingi c\u0103 \u015fi tu suferi. Ce-\u0163i lua s\u0103 te g\u00e2nde\u015fti la &#8222;austeritate&#8221; anul trecut, c\u00e2nd te sp\u0103rgeai \u00een chermeze electorale? Acum \u00eemi vinzi chifla c\u0103 faci reform\u0103, c\u00e2nd, de fapt, tu m\u0103 scobe\u015fti \u00een buzunar s\u0103-\u0163i achit nota de plat\u0103.<\/h4>\n<h4 style=\"text-align: justify;\">Cau\u0163i s\u0103 sco\u0163i bani din piatr\u0103 seac\u0103, de la mame \u015fi b\u0103tr\u00e2ni, \u00een loc s\u0103-i pui pe boga\u0163ii t\u0103i, \u00eenavu\u0163i\u0163i din contracte cu statul, s\u0103 fie ei solidari cu tine. Un singur sfat \u00ee\u0163i dau: s\u0103 nu te atingi de pamper\u015fii lui fi-miu. E spre binele t\u0103u, crede-m\u0103!<\/h4>\n<h4 style=\"text-align: justify;\">Doar pl\u0103cerea de a m\u0103 umili este pe m\u0103sura tupeului t\u0103u monstruos. M\u0103 umile\u015fti la circa financiar\u0103, c\u00e2nd m\u0103 plimbi pe la cinci ghi\u015fee ca s\u0103-mi iei banii, cu aceea\u015fi pl\u0103cere cu care m\u0103 umile\u015fti \u00een spital, c\u00e2nd \u00eemi ar\u0103\u0163i buzunarul halatului sau c\u00e2nd m\u0103 trimi\u0163i s\u0103-mi aduc medicamentele de acas\u0103.<\/h4>\n<h4 style=\"text-align: justify;\">Te-ai obi\u015fnuit s\u0103 tac, s\u0103 bag capul \u00een p\u0103m\u00e2nt, s\u0103 trec cu vederea, c\u00e2nd m\u0103 claxonezi isteric pe trecerea de pietoni. Printr-o glum\u0103 nefericit\u0103 a istoriei, m-ai luat \u00een primire \u00eenc\u0103 de la na\u015ftere. M-ai condamnat s\u0103 fiu solidar cu tine, oric\u00e2t de solitar a\u015f fi vrut eu s\u0103 fiu. A\u015f fi avut posibilitatea s\u0103 fug, dar, din fric\u0103 sau la\u015fitate, am r\u0103mas, ca s\u0103 m\u0103 faci tu mioritic \u00een talk-show-uri \u015fi \u00een gazete.<\/h4>\n<h4 style=\"text-align: justify;\">Ai o mie de fe\u0163e, e\u015fti peste tot, pe strad\u0103 \u015fi la televizor. Nu \u015ftiu cum s\u0103-\u0163i zic: ar fi prea pu\u0163in s\u0103 te numesc Stat, prea mult s\u0103-\u0163i spun Rom\u00e2nia. E\u015fti Fratele meu mai mare, manelistul. \u015etiu c\u0103 nu vei \u00een\u0163elege, dar din partea mea nu vei avea solidaritate, ci doar dispre\u0163.<\/h4>\n<h4 style=\"text-align: justify;\"><em>Articol publicat in &nbsp;<a href=\"http:\/\/www.gandul.info\/puterea-gandului\/cersetorul-de-solidaritate-6114249\" target=\"_blank\" rel=\"noopener\">gandul.info<\/a> de&nbsp;Florin NEGRU\u0162IU \u00een data de 12 mai 2010<\/em><\/h4>        <div class=\"booster-block booster-reactions-block\">\n            <div class=\"twp-reactions-icons\">\n                \n                <div class=\"twp-reacts-wrap\">\n                    <a react-data=\"be-react-1\" post-id=\"4147\" class=\"be-face-icons un-reacted\" href=\"javascript:void(0)\">\n                        <img decoding=\"async\" src=\"https:\/\/desteptati-va.ro\/wp-content\/plugins\/booster-extension\/\/assets\/icon\/happy.svg\" alt=\"Happy\">\n                    <\/a>\n                    <div class=\"twp-reaction-title\">\n                        Happy                    <\/div>\n                    <div class=\"twp-count-percent\">\n                                                    <span style=\"display: none;\" class=\"twp-react-count\">0<\/span>\n                        \n                                                <span class=\"twp-react-percent\"><span>0<\/span> %<\/span>\n                                            <\/div>\n                <\/div>\n\n                <div class=\"twp-reacts-wrap\">\n                    <a react-data=\"be-react-2\" post-id=\"4147\" class=\"be-face-icons un-reacted\" href=\"javascript:void(0)\">\n                        <img decoding=\"async\" src=\"https:\/\/desteptati-va.ro\/wp-content\/plugins\/booster-extension\/\/assets\/icon\/sad.svg\" alt=\"Sad\">\n                    <\/a>\n                    <div class=\"twp-reaction-title\">\n                        Sad                    <\/div>\n                    <div class=\"twp-count-percent\">\n                                                    <span style=\"display: none;\" class=\"twp-react-count\">0<\/span>\n                                                                        <span class=\"twp-react-percent\"><span>0<\/span> %<\/span>\n                                            <\/div>\n                <\/div>\n\n                <div class=\"twp-reacts-wrap\">\n                    <a react-data=\"be-react-3\" post-id=\"4147\" class=\"be-face-icons un-reacted\" href=\"javascript:void(0)\">\n                        <img decoding=\"async\" src=\"https:\/\/desteptati-va.ro\/wp-content\/plugins\/booster-extension\/\/assets\/icon\/excited.svg\" alt=\"Excited\">\n                    <\/a>\n                    <div class=\"twp-reaction-title\">\n                        Excited                    <\/div>\n                    <div class=\"twp-count-percent\">\n                                                    <span style=\"display: none;\" class=\"twp-react-count\">0<\/span>\n                                                                        <span class=\"twp-react-percent\"><span>0<\/span> %<\/span>\n                                            <\/div>\n                <\/div>\n\n                <div class=\"twp-reacts-wrap\">\n                    <a react-data=\"be-react-6\" post-id=\"4147\" class=\"be-face-icons un-reacted\" href=\"javascript:void(0)\">\n                        <img decoding=\"async\" src=\"https:\/\/desteptati-va.ro\/wp-content\/plugins\/booster-extension\/\/assets\/icon\/sleepy.svg\" alt=\"Sleepy\">\n                    <\/a>\n                    <div class=\"twp-reaction-title\">\n                        Sleepy                    <\/div>\n                    <div class=\"twp-count-percent\">\n                                                    <span style=\"display: none;\" class=\"twp-react-count\">0<\/span>\n                        \n                                                <span class=\"twp-react-percent\"><span>0<\/span> %<\/span>\n                                            <\/div>\n                <\/div>\n\n                <div class=\"twp-reacts-wrap\">\n                    <a react-data=\"be-react-4\" post-id=\"4147\" class=\"be-face-icons un-reacted\" href=\"javascript:void(0)\">\n                        <img decoding=\"async\" src=\"https:\/\/desteptati-va.ro\/wp-content\/plugins\/booster-extension\/\/assets\/icon\/angry.svg\" alt=\"Angry\">\n                    <\/a>\n                    <div class=\"twp-reaction-title\">Angry<\/div>\n                    <div class=\"twp-count-percent\">\n                                                    <span style=\"display: none;\" class=\"twp-react-count\">0<\/span>\n                                                                        <span class=\"twp-react-percent\"><span>0<\/span> %<\/span>\n                        \n                    <\/div>\n                <\/div>\n\n                <div class=\"twp-reacts-wrap\">\n                    <a react-data=\"be-react-5\" post-id=\"4147\" class=\"be-face-icons un-reacted\" href=\"javascript:void(0)\">\n                        <img decoding=\"async\" src=\"https:\/\/desteptati-va.ro\/wp-content\/plugins\/booster-extension\/\/assets\/icon\/surprise.svg\" alt=\"Surprise\">\n                    <\/a>\n                    <div class=\"twp-reaction-title\">Surprise<\/div>\n                    <div class=\"twp-count-percent\">\n                                                    <span style=\"display: none;\" class=\"twp-react-count\">0<\/span>\n                                                                        <span class=\"twp-react-percent\"><span>0<\/span> %<\/span>\n                                            <\/div>\n                <\/div>\n\n            <\/div>\n        <\/div>\n\n    <\/div>","protected":false},"excerpt":{"rendered":"<p>Te \u015ftiu de mult, mi te ag\u0103\u0163i \u00een fiecare zi de picioare, umil \u015fi mieros ca un cer\u015fetor. \u00centorc \u00eengre\u0163o\u015fat<a href=\"https:\/\/desteptati-va.ro\/index.php\/2021\/04\/19\/cersetorul-de-solidaritate\/\">Read More<i class=\"fa fa-long-arrow-right\" aria-hidden=\"true\"><\/i><\/a><\/p>\n","protected":false},"author":1,"featured_media":4680,"comment_status":"open","ping_status":"open","sticky":false,"template":"","format":"standard","meta":{"_crdt_document":"","footnotes":""},"categories":[218,17],"tags":[1543,1544,59,60,247,1545,1546,1547,709],"class_list":["post-4147","post","type-post","status-publish","format-standard","has-post-thumbnail","hentry","category-general","category-pareri-si-pozitii-publice","tag-cersetor","tag-criza-financiara","tag-desteptati","tag-desteptati-va","tag-furt","tag-manelist","tag-saraci","tag-solidaritate","tag-stat"],"rise-blocks_total_comments":0,"rise-blocks_categories":[{"term_id":17,"name":"Pareri si pozitii publice","slug":"pareri-si-pozitii-publice","term_group":0,"term_taxonomy_id":17,"taxonomy":"category","description":"","parent":0,"count":18,"filter":"raw"}],"rise-blocks_excerpt":"Te \u015ftiu de mult, mi te ag\u0103\u0163i \u00een fiecare zi de picioare, umil \u015fi mieros ca un cer\u015fetor. \u00centorc \u00eengre\u0163o\u015fat capul \u015fi te aud cum m\u0103 \u00eenjuri pe la spate de mam\u0103. N-ai nevoie de banul meu, obrazul \u0103la gros \u00ee\u0163i plesne\u015fte de s\u0103n\u0103tate, dar a\u015fa te-ai \u00eenv\u0103\u0163at: s\u0103 m\u0103 buzun\u0103re\u015fti, s\u0103 m\u0103 fraiere\u015fti, s\u0103 m\u0103 faci. Pentru tine, am..","yoast_head":"<!-- This site is optimized with the Yoast SEO plugin v26.9 - https:\/\/yoast.com\/product\/yoast-seo-wordpress\/ -->\r\n<title>Cer\u015fetorul de solidaritate -<\/title>\r\n<meta name=\"robots\" content=\"index, follow, max-snippet:-1, max-image-preview:large, max-video-preview:-1\" \/>\r\n<link rel=\"canonical\" href=\"https:\/\/desteptati-va.ro\/index.php\/2021\/04\/19\/cersetorul-de-solidaritate\/\" \/>\r\n<meta property=\"og:locale\" content=\"ro_RO\" \/>\r\n<meta property=\"og:type\" content=\"article\" \/>\r\n<meta property=\"og:title\" content=\"Cer\u015fetorul de solidaritate -\" \/>\r\n<meta property=\"og:description\" content=\"Te \u015ftiu de mult, mi te ag\u0103\u0163i \u00een fiecare zi de picioare, umil \u015fi mieros ca un cer\u015fetor. \u00centorc \u00eengre\u0163o\u015fatRead More\" \/>\r\n<meta property=\"og:url\" content=\"https:\/\/desteptati-va.ro\/index.php\/2021\/04\/19\/cersetorul-de-solidaritate\/\" \/>\r\n<meta property=\"article:published_time\" content=\"2021-04-19T11:49:38+00:00\" \/>\r\n<meta property=\"article:modified_time\" content=\"2022-02-01T08:59:47+00:00\" \/>\r\n<meta property=\"og:image\" content=\"https:\/\/desteptati-va.ro\/wp-content\/uploads\/2021\/04\/solidaritate.jpg\" \/>\r\n\t<meta property=\"og:image:width\" content=\"281\" \/>\r\n\t<meta property=\"og:image:height\" content=\"180\" \/>\r\n\t<meta property=\"og:image:type\" content=\"image\/jpeg\" \/>\r\n<meta name=\"author\" content=\"wolfsoftcompany\" \/>\r\n<meta name=\"twitter:card\" content=\"summary_large_image\" \/>\r\n<meta name=\"twitter:label1\" content=\"Scris de\" \/>\n\t<meta name=\"twitter:data1\" content=\"wolfsoftcompany\" \/>\n\t<meta name=\"twitter:label2\" content=\"Timp estimat pentru citire\" \/>\n\t<meta name=\"twitter:data2\" content=\"3 minute\" \/>\r\n<script type=\"application\/ld+json\" class=\"yoast-schema-graph\">{\"@context\":\"https:\/\/schema.org\",\"@graph\":[{\"@type\":\"Article\",\"@id\":\"https:\/\/desteptati-va.ro\/index.php\/2021\/04\/19\/cersetorul-de-solidaritate\/#article\",\"isPartOf\":{\"@id\":\"https:\/\/desteptati-va.ro\/index.php\/2021\/04\/19\/cersetorul-de-solidaritate\/\"},\"author\":{\"name\":\"wolfsoftcompany\",\"@id\":\"https:\/\/desteptati-va.ro\/#\/schema\/person\/13182deeebd44920914899f7bb262d6b\"},\"headline\":\"Cer\u015fetorul de solidaritate\",\"datePublished\":\"2021-04-19T11:49:38+00:00\",\"dateModified\":\"2022-02-01T08:59:47+00:00\",\"mainEntityOfPage\":{\"@id\":\"https:\/\/desteptati-va.ro\/index.php\/2021\/04\/19\/cersetorul-de-solidaritate\/\"},\"wordCount\":648,\"commentCount\":0,\"image\":{\"@id\":\"https:\/\/desteptati-va.ro\/index.php\/2021\/04\/19\/cersetorul-de-solidaritate\/#primaryimage\"},\"thumbnailUrl\":\"https:\/\/desteptati-va.ro\/wp-content\/uploads\/2021\/04\/solidaritate.jpg\",\"keywords\":[\"cersetor\",\"criza financiara\",\"desteptati\",\"desteptati-va\",\"furt\",\"manelist\",\"saraci\",\"solidaritate\",\"stat\"],\"articleSection\":[\"General\",\"Pareri si pozitii publice\"],\"inLanguage\":\"ro-RO\",\"potentialAction\":[{\"@type\":\"CommentAction\",\"name\":\"Comment\",\"target\":[\"https:\/\/desteptati-va.ro\/index.php\/2021\/04\/19\/cersetorul-de-solidaritate\/#respond\"]}]},{\"@type\":\"WebPage\",\"@id\":\"https:\/\/desteptati-va.ro\/index.php\/2021\/04\/19\/cersetorul-de-solidaritate\/\",\"url\":\"https:\/\/desteptati-va.ro\/index.php\/2021\/04\/19\/cersetorul-de-solidaritate\/\",\"name\":\"Cer\u015fetorul de solidaritate -\",\"isPartOf\":{\"@id\":\"https:\/\/desteptati-va.ro\/#website\"},\"primaryImageOfPage\":{\"@id\":\"https:\/\/desteptati-va.ro\/index.php\/2021\/04\/19\/cersetorul-de-solidaritate\/#primaryimage\"},\"image\":{\"@id\":\"https:\/\/desteptati-va.ro\/index.php\/2021\/04\/19\/cersetorul-de-solidaritate\/#primaryimage\"},\"thumbnailUrl\":\"https:\/\/desteptati-va.ro\/wp-content\/uploads\/2021\/04\/solidaritate.jpg\",\"datePublished\":\"2021-04-19T11:49:38+00:00\",\"dateModified\":\"2022-02-01T08:59:47+00:00\",\"author\":{\"@id\":\"https:\/\/desteptati-va.ro\/#\/schema\/person\/13182deeebd44920914899f7bb262d6b\"},\"breadcrumb\":{\"@id\":\"https:\/\/desteptati-va.ro\/index.php\/2021\/04\/19\/cersetorul-de-solidaritate\/#breadcrumb\"},\"inLanguage\":\"ro-RO\",\"potentialAction\":[{\"@type\":\"ReadAction\",\"target\":[\"https:\/\/desteptati-va.ro\/index.php\/2021\/04\/19\/cersetorul-de-solidaritate\/\"]}]},{\"@type\":\"ImageObject\",\"inLanguage\":\"ro-RO\",\"@id\":\"https:\/\/desteptati-va.ro\/index.php\/2021\/04\/19\/cersetorul-de-solidaritate\/#primaryimage\",\"url\":\"https:\/\/desteptati-va.ro\/wp-content\/uploads\/2021\/04\/solidaritate.jpg\",\"contentUrl\":\"https:\/\/desteptati-va.ro\/wp-content\/uploads\/2021\/04\/solidaritate.jpg\",\"width\":281,\"height\":180},{\"@type\":\"BreadcrumbList\",\"@id\":\"https:\/\/desteptati-va.ro\/index.php\/2021\/04\/19\/cersetorul-de-solidaritate\/#breadcrumb\",\"itemListElement\":[{\"@type\":\"ListItem\",\"position\":1,\"name\":\"Prima pagin\u0103\",\"item\":\"https:\/\/desteptati-va.ro\/\"},{\"@type\":\"ListItem\",\"position\":2,\"name\":\"Cer\u015fetorul de solidaritate\"}]},{\"@type\":\"WebSite\",\"@id\":\"https:\/\/desteptati-va.ro\/#website\",\"url\":\"https:\/\/desteptati-va.ro\/\",\"name\":\"\",\"description\":\"\",\"potentialAction\":[{\"@type\":\"SearchAction\",\"target\":{\"@type\":\"EntryPoint\",\"urlTemplate\":\"https:\/\/desteptati-va.ro\/?s={search_term_string}\"},\"query-input\":{\"@type\":\"PropertyValueSpecification\",\"valueRequired\":true,\"valueName\":\"search_term_string\"}}],\"inLanguage\":\"ro-RO\"},{\"@type\":\"Person\",\"@id\":\"https:\/\/desteptati-va.ro\/#\/schema\/person\/13182deeebd44920914899f7bb262d6b\",\"name\":\"wolfsoftcompany\",\"image\":{\"@type\":\"ImageObject\",\"inLanguage\":\"ro-RO\",\"@id\":\"https:\/\/desteptati-va.ro\/#\/schema\/person\/image\/\",\"url\":\"https:\/\/secure.gravatar.com\/avatar\/a6cce9b6d101d27d91690e7073e300fed94c0899890bf998e082cb9d2c3d121e?s=96&d=mm&r=g\",\"contentUrl\":\"https:\/\/secure.gravatar.com\/avatar\/a6cce9b6d101d27d91690e7073e300fed94c0899890bf998e082cb9d2c3d121e?s=96&d=mm&r=g\",\"caption\":\"wolfsoftcompany\"},\"sameAs\":[\"http:\/\/desteptati-va.ro\"],\"url\":\"https:\/\/desteptati-va.ro\/index.php\/author\/wolfsoftcompany\/\"}]}<\/script>\r\n<!-- \/ Yoast SEO plugin. -->","yoast_head_json":{"title":"Cer\u015fetorul de solidaritate -","robots":{"index":"index","follow":"follow","max-snippet":"max-snippet:-1","max-image-preview":"max-image-preview:large","max-video-preview":"max-video-preview:-1"},"canonical":"https:\/\/desteptati-va.ro\/index.php\/2021\/04\/19\/cersetorul-de-solidaritate\/","og_locale":"ro_RO","og_type":"article","og_title":"Cer\u015fetorul de solidaritate -","og_description":"Te \u015ftiu de mult, mi te ag\u0103\u0163i \u00een fiecare zi de picioare, umil \u015fi mieros ca un cer\u015fetor. \u00centorc \u00eengre\u0163o\u015fatRead More","og_url":"https:\/\/desteptati-va.ro\/index.php\/2021\/04\/19\/cersetorul-de-solidaritate\/","article_published_time":"2021-04-19T11:49:38+00:00","article_modified_time":"2022-02-01T08:59:47+00:00","og_image":[{"width":281,"height":180,"url":"https:\/\/desteptati-va.ro\/wp-content\/uploads\/2021\/04\/solidaritate.jpg","type":"image\/jpeg"}],"author":"wolfsoftcompany","twitter_card":"summary_large_image","twitter_misc":{"Scris de":"wolfsoftcompany","Timp estimat pentru citire":"3 minute"},"schema":{"@context":"https:\/\/schema.org","@graph":[{"@type":"Article","@id":"https:\/\/desteptati-va.ro\/index.php\/2021\/04\/19\/cersetorul-de-solidaritate\/#article","isPartOf":{"@id":"https:\/\/desteptati-va.ro\/index.php\/2021\/04\/19\/cersetorul-de-solidaritate\/"},"author":{"name":"wolfsoftcompany","@id":"https:\/\/desteptati-va.ro\/#\/schema\/person\/13182deeebd44920914899f7bb262d6b"},"headline":"Cer\u015fetorul de solidaritate","datePublished":"2021-04-19T11:49:38+00:00","dateModified":"2022-02-01T08:59:47+00:00","mainEntityOfPage":{"@id":"https:\/\/desteptati-va.ro\/index.php\/2021\/04\/19\/cersetorul-de-solidaritate\/"},"wordCount":648,"commentCount":0,"image":{"@id":"https:\/\/desteptati-va.ro\/index.php\/2021\/04\/19\/cersetorul-de-solidaritate\/#primaryimage"},"thumbnailUrl":"https:\/\/desteptati-va.ro\/wp-content\/uploads\/2021\/04\/solidaritate.jpg","keywords":["cersetor","criza financiara","desteptati","desteptati-va","furt","manelist","saraci","solidaritate","stat"],"articleSection":["General","Pareri si pozitii publice"],"inLanguage":"ro-RO","potentialAction":[{"@type":"CommentAction","name":"Comment","target":["https:\/\/desteptati-va.ro\/index.php\/2021\/04\/19\/cersetorul-de-solidaritate\/#respond"]}]},{"@type":"WebPage","@id":"https:\/\/desteptati-va.ro\/index.php\/2021\/04\/19\/cersetorul-de-solidaritate\/","url":"https:\/\/desteptati-va.ro\/index.php\/2021\/04\/19\/cersetorul-de-solidaritate\/","name":"Cer\u015fetorul de solidaritate -","isPartOf":{"@id":"https:\/\/desteptati-va.ro\/#website"},"primaryImageOfPage":{"@id":"https:\/\/desteptati-va.ro\/index.php\/2021\/04\/19\/cersetorul-de-solidaritate\/#primaryimage"},"image":{"@id":"https:\/\/desteptati-va.ro\/index.php\/2021\/04\/19\/cersetorul-de-solidaritate\/#primaryimage"},"thumbnailUrl":"https:\/\/desteptati-va.ro\/wp-content\/uploads\/2021\/04\/solidaritate.jpg","datePublished":"2021-04-19T11:49:38+00:00","dateModified":"2022-02-01T08:59:47+00:00","author":{"@id":"https:\/\/desteptati-va.ro\/#\/schema\/person\/13182deeebd44920914899f7bb262d6b"},"breadcrumb":{"@id":"https:\/\/desteptati-va.ro\/index.php\/2021\/04\/19\/cersetorul-de-solidaritate\/#breadcrumb"},"inLanguage":"ro-RO","potentialAction":[{"@type":"ReadAction","target":["https:\/\/desteptati-va.ro\/index.php\/2021\/04\/19\/cersetorul-de-solidaritate\/"]}]},{"@type":"ImageObject","inLanguage":"ro-RO","@id":"https:\/\/desteptati-va.ro\/index.php\/2021\/04\/19\/cersetorul-de-solidaritate\/#primaryimage","url":"https:\/\/desteptati-va.ro\/wp-content\/uploads\/2021\/04\/solidaritate.jpg","contentUrl":"https:\/\/desteptati-va.ro\/wp-content\/uploads\/2021\/04\/solidaritate.jpg","width":281,"height":180},{"@type":"BreadcrumbList","@id":"https:\/\/desteptati-va.ro\/index.php\/2021\/04\/19\/cersetorul-de-solidaritate\/#breadcrumb","itemListElement":[{"@type":"ListItem","position":1,"name":"Prima pagin\u0103","item":"https:\/\/desteptati-va.ro\/"},{"@type":"ListItem","position":2,"name":"Cer\u015fetorul de solidaritate"}]},{"@type":"WebSite","@id":"https:\/\/desteptati-va.ro\/#website","url":"https:\/\/desteptati-va.ro\/","name":"","description":"","potentialAction":[{"@type":"SearchAction","target":{"@type":"EntryPoint","urlTemplate":"https:\/\/desteptati-va.ro\/?s={search_term_string}"},"query-input":{"@type":"PropertyValueSpecification","valueRequired":true,"valueName":"search_term_string"}}],"inLanguage":"ro-RO"},{"@type":"Person","@id":"https:\/\/desteptati-va.ro\/#\/schema\/person\/13182deeebd44920914899f7bb262d6b","name":"wolfsoftcompany","image":{"@type":"ImageObject","inLanguage":"ro-RO","@id":"https:\/\/desteptati-va.ro\/#\/schema\/person\/image\/","url":"https:\/\/secure.gravatar.com\/avatar\/a6cce9b6d101d27d91690e7073e300fed94c0899890bf998e082cb9d2c3d121e?s=96&d=mm&r=g","contentUrl":"https:\/\/secure.gravatar.com\/avatar\/a6cce9b6d101d27d91690e7073e300fed94c0899890bf998e082cb9d2c3d121e?s=96&d=mm&r=g","caption":"wolfsoftcompany"},"sameAs":["http:\/\/desteptati-va.ro"],"url":"https:\/\/desteptati-va.ro\/index.php\/author\/wolfsoftcompany\/"}]}},"_links":{"self":[{"href":"https:\/\/desteptati-va.ro\/index.php\/wp-json\/wp\/v2\/posts\/4147","targetHints":{"allow":["GET"]}}],"collection":[{"href":"https:\/\/desteptati-va.ro\/index.php\/wp-json\/wp\/v2\/posts"}],"about":[{"href":"https:\/\/desteptati-va.ro\/index.php\/wp-json\/wp\/v2\/types\/post"}],"author":[{"embeddable":true,"href":"https:\/\/desteptati-va.ro\/index.php\/wp-json\/wp\/v2\/users\/1"}],"replies":[{"embeddable":true,"href":"https:\/\/desteptati-va.ro\/index.php\/wp-json\/wp\/v2\/comments?post=4147"}],"version-history":[{"count":2,"href":"https:\/\/desteptati-va.ro\/index.php\/wp-json\/wp\/v2\/posts\/4147\/revisions"}],"predecessor-version":[{"id":4681,"href":"https:\/\/desteptati-va.ro\/index.php\/wp-json\/wp\/v2\/posts\/4147\/revisions\/4681"}],"wp:featuredmedia":[{"embeddable":true,"href":"https:\/\/desteptati-va.ro\/index.php\/wp-json\/wp\/v2\/media\/4680"}],"wp:attachment":[{"href":"https:\/\/desteptati-va.ro\/index.php\/wp-json\/wp\/v2\/media?parent=4147"}],"wp:term":[{"taxonomy":"category","embeddable":true,"href":"https:\/\/desteptati-va.ro\/index.php\/wp-json\/wp\/v2\/categories?post=4147"},{"taxonomy":"post_tag","embeddable":true,"href":"https:\/\/desteptati-va.ro\/index.php\/wp-json\/wp\/v2\/tags?post=4147"}],"curies":[{"name":"wp","href":"https:\/\/api.w.org\/{rel}","templated":true}]}}