{"id":4150,"date":"2021-04-19T11:53:47","date_gmt":"2021-04-19T11:53:47","guid":{"rendered":"http:\/\/desteptati.ro\/?p=4150"},"modified":"2021-04-19T11:53:47","modified_gmt":"2021-04-19T11:53:47","slug":"dor-de-romania-un-text-care-doare","status":"publish","type":"post","link":"https:\/\/desteptati-va.ro\/index.php\/2021\/04\/19\/dor-de-romania-un-text-care-doare\/","title":{"rendered":"Dor de Rom\u00e2nia?!? &#8211; un text care doare"},"content":{"rendered":"<div class=\"post-content\"><div class='booster-block booster-read-block'>\n                <div class=\"twp-read-time\">\n                \t<i class=\"booster-icon twp-clock\"><\/i> <span>Read Time:<\/span>8 Minute, 7 Second                <\/div>\n\n            <\/div><h4 style=\"text-align: justify;\">&#8222;NOTA: Am primit acest text printre multele mesaje care circula pe Internet. Nu l-as fi citit, daca nu as fi cunoscut expeditorul. L-am citit si m-a durut. Ca unul care se afla printre cei plecati, nu pot sa ma pronunt fara a intra intr-un &#8222;conflict de interese&#8221;. Daca am refuzat acuzatiile celor\u00a0 care sustin ca nu pot vorbi despre realitatile din Romania daca nu (prea mai) locuiesc acolo, refuz si sa ma transform in acuzator. Textul, insa, merita citit. Doare pana la prasele, credeti-ma.<\/h4>\r\n<h4 style=\"text-align: justify;\">Te arde. \u015etiu c\u0103 te arde. Dar dac\u0103 vii \u00een Rom\u00e2nia, a\u015fteapt\u0103-te s\u0103 g\u0103se\u015fti aici o societate profund polarizat\u0103, profund schizoid\u0103. Din ce \u00een ce mai polarizat\u0103 \u015fi mai schizoid\u0103 de la an la an. M\u0103 tem c\u0103 ai s\u0103 g\u0103se\u015fti &#8211; ca \u015fi mine &#8211; o majoritate ponosit\u0103, subjugat\u0103 compromisului \u015fi lipsit\u0103 de drepturi, despuiat\u0103 p\u00een\u0103 \u015fi de propriile poten\u0163ialit\u0103\u0163i, peste care troneaz\u0103 vulgar \u015fi arogant o minoritate, \u00eendr\u0103znesc s\u0103 spun uciga\u015f\u0103, cu &#8222;gipane&#8221; supradimensionate, gata s\u0103 te spulbere cu zile pentru singura vin\u0103 de a te fi aflat \u00een fa\u0163a scumpilor lor bolizi, gata s\u0103 te st\u00eelceasc\u0103 \u00een b\u0103taie pentru simplul moft de a-i fi \u00eencurcat \u00een grandomania lor f\u0103r\u0103 limite.<\/h4>\r\n<h4 style=\"text-align: justify;\">S\u00eent indivizi care \u015fi-au pierdut orice reper nu doar cre\u015ftin, ci uman. Iar lege nu exist\u0103. Dec\u00eet, poate, pentru pro\u015fti, \u00een fond, asta e \u015fi ideea. S\u0103rmanii \u00eei ur\u0103sc pe boga\u0163i, \u00eei dispre\u0163uiesc pentru comportamentul lor, dar \u00een ad\u00eencul inimii \u00eei invidiaz\u0103, le admir\u0103 via\u0163a \u015fi ar vrea s\u0103 fie ca ei. S\u0103 po\u0163i ajunge din terorizat terorist, iat\u0103 visul ce merit\u0103 visat!. Oamenii au uitat s\u0103(-\u015fi) vorbeasc\u0103 \u015fi latr\u0103. Se comunic\u0103 aproape monosilabic: b\u0103i, m\u0103i, vino, du-te, hai, m\u0103-ta; toate formulele de polite\u0163e, de bun\u0103voin\u0163\u0103, cuvintele acelea galante, cu consisten\u0163\u0103, noim\u0103 \u015fi duh, care te \u00eembog\u0103\u0163esc, care \u00ee\u0163i descre\u0163esc fruntea \u015fi \u00ee\u0163i fac ziua agreabil\u0103 &#8211; mul\u0163umesc, bun\u0103 ziua, ce mai face\u0163i, m\u0103 bucur pentru dumneavoastr\u0103 &#8211; par s\u0103 fi ie\u015fit din uz. Tr\u0103iesc numai \u00een dic\u0163ionare \u015fi, din c\u00eete \u00eemi dau seama, dic\u0163ionare nu prea mai folose\u015fte nimeni.<\/h4>\r\n<h4 style=\"text-align: justify;\">Lumea se \u00eembulze\u015fte \u00een zona ta privat\u0103 la banc\u0103, la po\u015ft\u0103, la magazin. Lumea nu e senin\u0103 \u015fi demn\u0103. Lumea care &#8222;se descurc\u0103&#8221; e mereu gr\u0103bit\u0103, repezit\u0103, agresiv\u0103. \u00cen realitate, se fu\u015fere\u015fte la greu, \u015fi totul pare dus numai p\u00een\u0103 la jum\u0103tate. Hai, maximum p\u00een\u0103 la trei-sferturi, dup\u0103 care &#8222;e bine \u015fi a\u015fa&#8221;, se schimb\u0103 brusc direc\u0163ia, viziunea, prioritatea. Fidelitatea fa\u0163\u0103 de un principiu asumat e taxat\u0103 drept rigiditate, criteriile-s bune doar \u00een teorie.<\/h4>\r\n<h4 style=\"text-align: justify;\">Flexibilitatea e cuv\u00eentul de ordine azi, mai ales cea moral\u0103. Se practic\u0103, \u00een plus, o exhibare degradant\u0103, gre\u0163oas\u0103 a sexualit\u0103\u0163ii; senzualitatea femeii nu mai e cu perdea, e pornografie; machiajul e greu, decolteurile &#8211; ad\u00eenci, b\u0103rba\u0163ii &#8211; a\u0163\u00ee\u0163a\u0163i \u00een animalicul lor. Lucrurile sfinte s\u00eent subiect de banc, iar spa\u0163iul public este nesp\u0103lat.<\/h4>\r\n<h4 style=\"text-align: justify;\">De gura adolescen\u0163ilor s\u0103 te fere\u015fti. Mul\u0163i dintre ei nu mai respecta nimic \u015fi pe nimeni, nici chiar (de fapt, asta \u00een primul r\u00eend) pe ei \u00een\u015fi\u015fi.<\/h4>\r\n<h4 style=\"text-align: justify;\">Ru\u015finea a murit, cuviin\u0163a \u00ee\u015fi d\u0103 ultima suflare. Prin cartiere, cofet\u0103riile s-au transformat \u00een cazinouri.<\/h4>\r\n<h4 style=\"text-align: justify;\">Manelele au evadat din muzic\u0103 \u015fi s-au instalat \u00een haine, \u00een arhitectur\u0103, \u00een mald\u0103rele de gunoaie din mijlocul parcurilor na\u0163ionale, \u00een drujbe \u015fi \u00een termopane. Kitsch-ul acoper\u0103 ultimele bastioane ale solemnit\u0103\u0163ii \u015fi ale decen\u0163ei. Piese de o frumuse\u0163e elegant trasat\u0103 cad \u00een m\u00eeinile unor demolatori nu doar f\u0103r\u0103 cultur\u0103, ci lipsi\u0163i chiar \u015fi de acea \u00eenn\u0103scut\u0103 delicate\u0163e \u00een fa\u0163a purit\u0103\u0163ii simple. Unii demoleaz\u0103 chiar construind. Demoleaz\u0103 autenticul \u015fi frumosul, slu\u0163esc peisajul \u015fi handicapeaz\u0103 sufletele privitorilor. Natura, crea\u0163ie a lui Dumnezeu, e incendiat\u0103, braconat\u0103, furat\u0103, retezat\u0103 la p\u0103m\u00eent, l\u0103sat\u0103 s\u0103 se iroseasc\u0103 sub scaie\u0163i. A\u015fa trateaz\u0103 mai-marii darul. \u0162ara-i un SRL. Al lor.<\/h4>\r\n<h4 style=\"text-align: justify;\">Preo\u0163ia se vinde \u015fi se cump\u0103r\u0103, mo\u015fiile suflete\u015fti se tran\u015feaz\u0103 ca \u015fi imobiliarele. Spiritul trebuie ancorat cu lan\u0163uri \u00een trotuar, ca nu cumva s\u0103 leviteze. Trebuie \u00eendesat cu talismane din pleu. Crucile trebuie \u00eemp\u0103nate ca ni\u015fte \u0163oape ale tranzi\u0163iei, cu flori de plastic \u00eendesate \u00een jum\u0103t\u0103\u0163i de PET-uri pline de praf. Evlavia se exprim\u0103 \u00een doze mari de beton, \u00een pseudo-icoane \u015fi \u00een podele sclipicioase. Lucrurile bune trebuie s\u0103 fie mari. Bigotismul a devenit virtute \u015fi vorbe\u015fte \u00een citate aproximative. Ai senza\u0163ia c\u0103 sufletele r\u0103t\u0103cesc r\u0103zle\u0163e undeva \u00eentr-un gulag invizibil, iar trupurile derutate, tracasate de griji, se preumbl\u0103 singure, pustii \u015fi pline de riduri de colo p\u00een\u0103 colo, pun\u00eendu-\u015fi ca unic \u0163el banul &#8211; f\u0103r\u0103 de care e\u015fti nimeni. Dac\u0103 nu ai bani, nu ai drepturi, nu prime\u015fti respect, nici \u00eengrijire, demnitatea persoanei umane st\u0103 \u00een dimensiunea portofelului, \u00een succes, \u00een num\u0103rul de plec\u0103ciuni efectuate periodic fa\u0163\u0103 de pile suspuse. La cantitatea de munc\u0103 \u015fi de stres pe care o presupune, o minim\u0103 prosperitate te cost\u0103 s\u0103n\u0103tatea, c\u0103snicia \u015fi via\u0163a personal\u0103. To\u0163i vor s\u0103 ajung\u0103 boga\u0163i repede, doar o via\u0163\u0103 au, \u015fi ea se consum\u0103 integral aici, \u00eentre ho\u0163i \u015fi \u015fmecheri, \u00een aceast\u0103 perpetu\u0103 senza\u0163ie de nesiguran\u0163\u0103. Da, a\u015fteapt\u0103-te ca \u00een Rom\u00e2nia s\u0103 te sim\u0163i \u00een nesiguran\u0163\u0103. A\u015fteapt\u0103-te de asemenea s\u0103 g\u0103se\u015fti lucruri mai proaste dec\u00eet &#8222;dincolo&#8221; la pre\u0163uri mai mari dec\u00eet &#8222;dincolo&#8221;, la salarii mai mici dec\u00eet &#8222;dincolo&#8221;.<\/h4>\r\n<h4 style=\"text-align: justify;\">Cine mai are oare instinctul de a produce realmente ceva, \u015fi \u00eenc\u0103 lucruri de calitate? O mai fi viu instinctul acela al \u0163\u0103ranului harnic \u015fi cu scaun la cap de a diversifica, de a fi preg\u0103tit, de a umple hambarul cu lucrul m\u00eeinilor lui? Ori pasiunea me\u015fte\u015fugarului de a l\u0103sa ceva solid \u00een urm\u0103, peste genera\u0163ii? Mai \u0163ine cineva la ideea lucrului durabil \u015fi bine f\u0103cut ca la o satisfac\u0163ie personal\u0103? Nu pot s\u0103 \u00ee\u0163i dau mari speran\u0163e. Se practic\u0103 intermedierea, comer\u0163ul, mutatul dintr-o parte \u00eentr-alta a lucrurilor produse de al\u0163ii. Se practic\u0103 mulsul. Mulsul de bani de la stat, mulsul din fonduri europene. Toat\u0103 \u0163ara pare o \u0163eap\u0103. Totul pare gestionat, legiferat \u015fi administrat, de parc\u0103 ar avea \u00een vedere un unic obiectiv: \u0163eapa. C\u00eet mai mare \u015fi c\u00eet mai repede.<\/h4>\r\n<h4 style=\"text-align: justify;\">A\u015fteapt\u0103-te ca acela care a comis o ilegalitate s\u0103 \u00ee\u0163i pretind\u0103 s\u0103 pl\u0103te\u015fti \u00een locul lui, iar dac\u0103 refuzi s\u0103 o faci, s\u0103 se indigneze c\u0103 &#8222;nu e drept&#8221;.<\/h4>\r\n<h4 style=\"text-align: justify;\">\u015emecheria e numai a lui, dar vinov\u0103\u0163ia e la comun, ca la comuni\u015fti. C\u00eend e de luat, s\u0103 ia singur, dar c\u00eend e de dat, s\u0103 dea to\u0163i. Pretutindeni manipulare, dezinformare, naivitate \u00eentre\u0163inut\u0103, s\u0103r\u0103cie. Democra\u0163ia nu func\u0163ioneaz\u0103, fiindc\u0103 dac\u0103 ar func\u0163iona ar \u00eensemna c\u0103 poporul ar avea puterea, or eu nu v\u0103d asta niciunde. Educa\u0163ia e dinamitat\u0103, dup\u0103 cum e \u015fi familia. Copiii r\u0103m\u00een de izbeli\u015fte, devora\u0163i de oboseala, precaritatea material\u0103, visele consumiste sau ambi\u0163iile de carier\u0103 ale p\u0103rin\u0163ilor.<\/h4>\r\n<h4 style=\"text-align: justify;\">S\u0103n\u0103tatea e un cadavru \u00een putrefac\u0163ie, iar &#8211; dac\u0103-mi permi\u0163i metafora &#8211; la morg\u0103 nu func\u0163ioneaz\u0103 nici frigiderele, nici aerul condi\u0163ionat.<\/h4>\r\n<h4 style=\"text-align: justify;\">Agricultura e \u00een colaps; turismul e o glum\u0103 sinistr\u0103 (avem brand, dar n-avem produsul propriu-zis); sportul e cvasi-inexistent. Drumurile s\u00eent omor cu premeditare.<\/h4>\r\n<h4 style=\"text-align: justify;\">Ai senza\u0163ia c\u0103 \u0163ara nu e guvernat\u0103. Ai senza\u0163ia c\u0103 singurul care mai duce la o coeziune de vreun fel e fotbalul. Vei resim\u0163i cu o acuitate dureroas\u0103 dezagregarea, disolu\u0163ia, absen\u0163a oric\u0103rei strategii a poporului rom\u00e2n pentru poporul rom\u00e2n. Cine s\u00eentem? Cine vrem s\u0103 fim?<\/h4>\r\n<h4 style=\"text-align: justify;\">Dac\u0103 \u00ee\u0163i pui asemenea \u00eentreb\u0103ri, dac\u0103 te intereseaz\u0103 ce cerem noi de la noi \u00een\u015fine ca neam \u015fi ca stat, unde anume avem de g\u00eend s\u0103 ne pozi\u0163ion\u0103m \u00een matricea na\u0163iunilor, din punct de vedere cultural, politic, economic, unde ne vedem peste zece ani \u015fi ce \u00eentreprindem, concret, pentru asta, m\u0103 \u00eendoiesc c\u0103 vei afla \u00een \u0163ar\u0103 un r\u0103spuns.<\/h4>\r\n<h4 style=\"text-align: justify;\">Oamenii nu mai cred, nu mai sper\u0103, nu \u00eei mai motiveaz\u0103 nimic dec\u00eet interesul propriu, chinurile \u015fi frustrarea acumulat\u0103, dar zac iner\u0163i civic, vocifer\u00eend inutil \u00een fa\u0163a televizorului sau pur \u015fi simplu epuiza\u0163i, prefer\u00eend s\u0103 se lase condu\u015fi. \u00a0Direct \u00een st\u00eelp sau \u00een \u015fan\u0163.Pare c\u0103 nu-i mai \u015focheaz\u0103 nimic, nu-i mai oripileaz\u0103 nimic, nimic nu li se mai pare strig\u0103tor la cer.<\/h4>\r\n<h4 style=\"text-align: justify;\">Patria e enclavizat\u0103. C\u0103ci da, singurele care mai tr\u0103iesc, care mai respir\u0103 c\u00eet de c\u00eet normal, care mai \u0163intesc c\u0103tre ceva, care nu au fost carbonizate \u00eenc\u0103 \u00een acest r\u0103zboi civil mocnit, dar generalizat s\u00eent c\u00eeteva discrete enclave de dreapt\u0103 judecat\u0103, de deschidere, de ini\u0163iativ\u0103, de profesionalism, de activitate creatoare, de revolt\u0103 \u015fi construc\u0163ie, de demnitate, de m\u0103rturisire, de cre\u015ftinism autentic, de delicate\u0163e revigorant\u0103, de d\u0103ruire \u015fi bun\u0103tate, de g\u00eendire pe termen lung, de convingere \u00een ni\u015fte valori perene, clare \u015fi nenegociabile. \u00cen fa\u0163a acestor oameni, care se \u00eenc\u0103p\u0103\u0163\u00e2neaz\u0103 s\u0103 dea ce au mai bun din ei \u00een aceste condi\u0163ii (pe care tu abia reu\u015fe\u015fti s\u0103 le supor\u0163i \u00een trecere), \u00ee\u0163i vei pleca fruntea \u015fi te vei sim\u0163i inferior. Unii zic c\u0103 enclavele s\u00e2nt majoritare \u015fi probabil c\u0103 e adev\u0103rat. Dar nemaiput\u00eend comunica \u00eentre ele, neput\u00e2ndu-se uni \u015fi ac\u0163iona \u00een front comun, s\u00eent, practic, anihilate. Urletul ubicuu al imposturii \u00eei ascunde, vr\u00e2nd s\u0103 \u00eei fac\u0103 mu\u0163i \u015fi invizibili. Caut\u0103 s\u0103 le discrediteze eforturile, \u00eei bruiaz\u0103 \u015fi descurajeaz\u0103 sistematic, ca \u00eentr-un plan perfid menit s\u0103 conving\u0103 c\u0103 verticalitatea aici e imposibilitate \u015fi povar\u0103. Uneori reu\u015fe\u015fte. Enclavele bine-crescute \u00ee\u015fi accepta marginalitatea, efectu\u00eend mi\u015fc\u0103ri retractile c\u0103tre forul interior al propriei fiin\u0163e, refugiindu-se \u00een anonimat ca s\u0103 se salveze m\u0103car pe sine.<\/h4>\r\n<h4 style=\"text-align: justify;\">\u00cen\u0163elepciunea lor proasp\u0103t\u0103, r\u0103bdarea lor purificatoare se transmite ca alchimia numai pe filiere de ini\u0163ia\u0163i, iar copiii lor vor suferi precum ciuda\u0163ii \u015fi inadapta\u0163ii societ\u0103\u0163ii.<\/h4>\r\n<h4 style=\"text-align: justify;\">Vino, dac\u0103 \u00eensetezi tare, dar ai s\u0103 pleci mai \u00eendurerat \u015fi mai confuz, realiz\u00e2nd c\u0103, de fapt, alternativa perpetu\u0103 \u00een care tr\u0103ie\u015fti, dulcele intangibil, posibilitatea acelui acas\u0103 la care visezi mereu \u015fi-n care, ca emigrant rom\u00e2n, e\u015fti suspendat o via\u0163\u0103 \u00eentreag\u0103, de fapt nu exist\u0103.<\/h4>\r\n<h4 style=\"text-align: justify;\">A murit \u015fi, \u00eencet-\u00eencet, va muri \u015fi \u00een tine.&#8221;<\/h4>\r\n<h4 style=\"text-align: justify;\"><strong>&#8230; impotriva prostiei zeii insisi lupta in zadar &#8230;<\/strong><\/h4>\r\n<h4 style=\"text-align: left;\"><em>Articol scris de Alin Fumurescu &#8211; profesor de filosofie politica la Indiana University-Bloomington.<\/em><\/h4>        <div class=\"booster-block booster-reactions-block\">\n            <div class=\"twp-reactions-icons\">\n                \n                <div class=\"twp-reacts-wrap\">\n                    <a react-data=\"be-react-1\" post-id=\"4150\" class=\"be-face-icons un-reacted\" href=\"javascript:void(0)\">\n                        <img decoding=\"async\" src=\"https:\/\/desteptati-va.ro\/wp-content\/plugins\/booster-extension\/\/assets\/icon\/happy.svg\" alt=\"Happy\">\n                    <\/a>\n                    <div class=\"twp-reaction-title\">\n                        Happy                    <\/div>\n                    <div class=\"twp-count-percent\">\n                                                    <span style=\"display: none;\" class=\"twp-react-count\">0<\/span>\n                        \n                                                <span class=\"twp-react-percent\"><span>0<\/span> %<\/span>\n                                            <\/div>\n                <\/div>\n\n                <div class=\"twp-reacts-wrap\">\n                    <a react-data=\"be-react-2\" post-id=\"4150\" class=\"be-face-icons un-reacted\" href=\"javascript:void(0)\">\n                        <img decoding=\"async\" src=\"https:\/\/desteptati-va.ro\/wp-content\/plugins\/booster-extension\/\/assets\/icon\/sad.svg\" alt=\"Sad\">\n                    <\/a>\n                    <div class=\"twp-reaction-title\">\n                        Sad                    <\/div>\n                    <div class=\"twp-count-percent\">\n                                                    <span style=\"display: none;\" class=\"twp-react-count\">0<\/span>\n                                                                        <span class=\"twp-react-percent\"><span>0<\/span> %<\/span>\n                                            <\/div>\n                <\/div>\n\n                <div class=\"twp-reacts-wrap\">\n                    <a react-data=\"be-react-3\" post-id=\"4150\" class=\"be-face-icons un-reacted\" href=\"javascript:void(0)\">\n                        <img decoding=\"async\" src=\"https:\/\/desteptati-va.ro\/wp-content\/plugins\/booster-extension\/\/assets\/icon\/excited.svg\" alt=\"Excited\">\n                    <\/a>\n                    <div class=\"twp-reaction-title\">\n                        Excited                    <\/div>\n                    <div class=\"twp-count-percent\">\n                                                    <span style=\"display: none;\" class=\"twp-react-count\">0<\/span>\n                                                                        <span class=\"twp-react-percent\"><span>0<\/span> %<\/span>\n                                            <\/div>\n                <\/div>\n\n                <div class=\"twp-reacts-wrap\">\n                    <a react-data=\"be-react-6\" post-id=\"4150\" class=\"be-face-icons un-reacted\" href=\"javascript:void(0)\">\n                        <img decoding=\"async\" src=\"https:\/\/desteptati-va.ro\/wp-content\/plugins\/booster-extension\/\/assets\/icon\/sleepy.svg\" alt=\"Sleepy\">\n                    <\/a>\n                    <div class=\"twp-reaction-title\">\n                        Sleepy                    <\/div>\n                    <div class=\"twp-count-percent\">\n                                                    <span style=\"display: none;\" class=\"twp-react-count\">0<\/span>\n                        \n                                                <span class=\"twp-react-percent\"><span>0<\/span> %<\/span>\n                                            <\/div>\n                <\/div>\n\n                <div class=\"twp-reacts-wrap\">\n                    <a react-data=\"be-react-4\" post-id=\"4150\" class=\"be-face-icons un-reacted\" href=\"javascript:void(0)\">\n                        <img decoding=\"async\" src=\"https:\/\/desteptati-va.ro\/wp-content\/plugins\/booster-extension\/\/assets\/icon\/angry.svg\" alt=\"Angry\">\n                    <\/a>\n                    <div class=\"twp-reaction-title\">Angry<\/div>\n                    <div class=\"twp-count-percent\">\n                                                    <span style=\"display: none;\" class=\"twp-react-count\">0<\/span>\n                                                                        <span class=\"twp-react-percent\"><span>0<\/span> %<\/span>\n                        \n                    <\/div>\n                <\/div>\n\n                <div class=\"twp-reacts-wrap\">\n                    <a react-data=\"be-react-5\" post-id=\"4150\" class=\"be-face-icons un-reacted\" href=\"javascript:void(0)\">\n                        <img decoding=\"async\" src=\"https:\/\/desteptati-va.ro\/wp-content\/plugins\/booster-extension\/\/assets\/icon\/surprise.svg\" alt=\"Surprise\">\n                    <\/a>\n                    <div class=\"twp-reaction-title\">Surprise<\/div>\n                    <div class=\"twp-count-percent\">\n                                                    <span style=\"display: none;\" class=\"twp-react-count\">0<\/span>\n                                                                        <span class=\"twp-react-percent\"><span>0<\/span> %<\/span>\n                                            <\/div>\n                <\/div>\n\n            <\/div>\n        <\/div>\n\n    <\/div>","protected":false},"excerpt":{"rendered":"<p>&#8222;NOTA: Am primit acest text printre multele mesaje care circula pe Internet. Nu l-as fi citit, daca nu as fi<a href=\"https:\/\/desteptati-va.ro\/index.php\/2021\/04\/19\/dor-de-romania-un-text-care-doare\/\">Read More<i class=\"fa fa-long-arrow-right\" aria-hidden=\"true\"><\/i><\/a><\/p>\n","protected":false},"author":1,"featured_media":4152,"comment_status":"open","ping_status":"open","sticky":false,"template":"","format":"standard","meta":{"_crdt_document":"","footnotes":""},"categories":[17],"tags":[222,1319,1548,1549,1550,1551,1321,59,60,1552,1553,1554,1555,1556,1557,1558,1559,1560,1561,1562,1563,1564,179,1565,1546],"class_list":["post-4150","post","type-post","status-publish","format-standard","has-post-thumbnail","hentry","category-pareri-si-pozitii-publice","tag-agricultura","tag-banci","tag-bogati","tag-capra-vecinului","tag-cazinou","tag-cofetari","tag-colaps","tag-desteptati","tag-desteptati-va","tag-drumuri","tag-dumnezeu","tag-durere","tag-ilegalitati","tag-manele","tag-marlani","tag-mizerie","tag-morala","tag-natura","tag-patria","tag-politete","tag-realitate-romaneasca","tag-respect","tag-romania","tag-rusine","tag-saraci"],"rise-blocks_total_comments":3,"rise-blocks_categories":[{"term_id":17,"name":"Pareri si pozitii publice","slug":"pareri-si-pozitii-publice","term_group":0,"term_taxonomy_id":17,"taxonomy":"category","description":"","parent":0,"count":18,"filter":"raw"}],"rise-blocks_excerpt":"&#8222;NOTA: Am primit acest text printre multele mesaje care circula pe Internet. Nu l-as fi citit, daca nu as fi cunoscut expeditorul. L-am citit si m-a durut. Ca unul care se afla printre cei plecati, nu pot sa ma pronunt fara a intra intr-un &#8222;conflict de interese&#8221;. Daca am refuzat acuzatiile celor\u00a0 care sustin ca nu pot vorbi despre realitatile..","yoast_head":"<!-- This site is optimized with the Yoast SEO plugin v26.9 - https:\/\/yoast.com\/product\/yoast-seo-wordpress\/ -->\r\n<title>Dor de Rom\u00e2nia?!? - un text care doare -<\/title>\r\n<meta name=\"robots\" content=\"index, follow, max-snippet:-1, max-image-preview:large, max-video-preview:-1\" \/>\r\n<link rel=\"canonical\" href=\"https:\/\/desteptati-va.ro\/index.php\/2021\/04\/19\/dor-de-romania-un-text-care-doare\/\" \/>\r\n<meta property=\"og:locale\" content=\"ro_RO\" \/>\r\n<meta property=\"og:type\" content=\"article\" \/>\r\n<meta property=\"og:title\" content=\"Dor de Rom\u00e2nia?!? - un text care doare -\" \/>\r\n<meta property=\"og:description\" content=\"&#8222;NOTA: Am primit acest text printre multele mesaje care circula pe Internet. Nu l-as fi citit, daca nu as fiRead More\" \/>\r\n<meta property=\"og:url\" content=\"https:\/\/desteptati-va.ro\/index.php\/2021\/04\/19\/dor-de-romania-un-text-care-doare\/\" \/>\r\n<meta property=\"article:published_time\" content=\"2021-04-19T11:53:47+00:00\" \/>\r\n<meta property=\"og:image\" content=\"https:\/\/desteptati-va.ro\/wp-content\/uploads\/2021\/04\/romania1-e1609756190792-1.jpg\" \/>\r\n\t<meta property=\"og:image:width\" content=\"267\" \/>\r\n\t<meta property=\"og:image:height\" content=\"201\" \/>\r\n\t<meta property=\"og:image:type\" content=\"image\/jpeg\" \/>\r\n<meta name=\"author\" content=\"wolfsoftcompany\" \/>\r\n<meta name=\"twitter:card\" content=\"summary_large_image\" \/>\r\n<meta name=\"twitter:label1\" content=\"Scris de\" \/>\n\t<meta name=\"twitter:data1\" content=\"wolfsoftcompany\" \/>\n\t<meta name=\"twitter:label2\" content=\"Timp estimat pentru citire\" \/>\n\t<meta name=\"twitter:data2\" content=\"9 minute\" \/>\r\n<script type=\"application\/ld+json\" class=\"yoast-schema-graph\">{\"@context\":\"https:\/\/schema.org\",\"@graph\":[{\"@type\":\"Article\",\"@id\":\"https:\/\/desteptati-va.ro\/index.php\/2021\/04\/19\/dor-de-romania-un-text-care-doare\/#article\",\"isPartOf\":{\"@id\":\"https:\/\/desteptati-va.ro\/index.php\/2021\/04\/19\/dor-de-romania-un-text-care-doare\/\"},\"author\":{\"name\":\"wolfsoftcompany\",\"@id\":\"https:\/\/desteptati-va.ro\/#\/schema\/person\/13182deeebd44920914899f7bb262d6b\"},\"headline\":\"Dor de Rom\u00e2nia?!? &#8211; un text care doare\",\"datePublished\":\"2021-04-19T11:53:47+00:00\",\"mainEntityOfPage\":{\"@id\":\"https:\/\/desteptati-va.ro\/index.php\/2021\/04\/19\/dor-de-romania-un-text-care-doare\/\"},\"wordCount\":1865,\"commentCount\":0,\"image\":{\"@id\":\"https:\/\/desteptati-va.ro\/index.php\/2021\/04\/19\/dor-de-romania-un-text-care-doare\/#primaryimage\"},\"thumbnailUrl\":\"https:\/\/desteptati-va.ro\/wp-content\/uploads\/2021\/04\/romania1-e1609756190792-1.jpg\",\"keywords\":[\"agricultura\",\"banci\",\"bogati\",\"capra vecinului\",\"cazinou\",\"cofetari\",\"colaps\",\"desteptati\",\"desteptati-va\",\"drumuri\",\"Dumnezeu\",\"durere\",\"ilegalitati\",\"manele\",\"marlani\",\"mizerie\",\"morala\",\"natura\",\"patria\",\"politete\",\"realitate romaneasca\",\"respect\",\"Romania\",\"rusine\",\"saraci\"],\"articleSection\":[\"Pareri si pozitii publice\"],\"inLanguage\":\"ro-RO\",\"potentialAction\":[{\"@type\":\"CommentAction\",\"name\":\"Comment\",\"target\":[\"https:\/\/desteptati-va.ro\/index.php\/2021\/04\/19\/dor-de-romania-un-text-care-doare\/#respond\"]}]},{\"@type\":\"WebPage\",\"@id\":\"https:\/\/desteptati-va.ro\/index.php\/2021\/04\/19\/dor-de-romania-un-text-care-doare\/\",\"url\":\"https:\/\/desteptati-va.ro\/index.php\/2021\/04\/19\/dor-de-romania-un-text-care-doare\/\",\"name\":\"Dor de Rom\u00e2nia?!? - un text care doare -\",\"isPartOf\":{\"@id\":\"https:\/\/desteptati-va.ro\/#website\"},\"primaryImageOfPage\":{\"@id\":\"https:\/\/desteptati-va.ro\/index.php\/2021\/04\/19\/dor-de-romania-un-text-care-doare\/#primaryimage\"},\"image\":{\"@id\":\"https:\/\/desteptati-va.ro\/index.php\/2021\/04\/19\/dor-de-romania-un-text-care-doare\/#primaryimage\"},\"thumbnailUrl\":\"https:\/\/desteptati-va.ro\/wp-content\/uploads\/2021\/04\/romania1-e1609756190792-1.jpg\",\"datePublished\":\"2021-04-19T11:53:47+00:00\",\"author\":{\"@id\":\"https:\/\/desteptati-va.ro\/#\/schema\/person\/13182deeebd44920914899f7bb262d6b\"},\"breadcrumb\":{\"@id\":\"https:\/\/desteptati-va.ro\/index.php\/2021\/04\/19\/dor-de-romania-un-text-care-doare\/#breadcrumb\"},\"inLanguage\":\"ro-RO\",\"potentialAction\":[{\"@type\":\"ReadAction\",\"target\":[\"https:\/\/desteptati-va.ro\/index.php\/2021\/04\/19\/dor-de-romania-un-text-care-doare\/\"]}]},{\"@type\":\"ImageObject\",\"inLanguage\":\"ro-RO\",\"@id\":\"https:\/\/desteptati-va.ro\/index.php\/2021\/04\/19\/dor-de-romania-un-text-care-doare\/#primaryimage\",\"url\":\"https:\/\/desteptati-va.ro\/wp-content\/uploads\/2021\/04\/romania1-e1609756190792-1.jpg\",\"contentUrl\":\"https:\/\/desteptati-va.ro\/wp-content\/uploads\/2021\/04\/romania1-e1609756190792-1.jpg\",\"width\":267,\"height\":201},{\"@type\":\"BreadcrumbList\",\"@id\":\"https:\/\/desteptati-va.ro\/index.php\/2021\/04\/19\/dor-de-romania-un-text-care-doare\/#breadcrumb\",\"itemListElement\":[{\"@type\":\"ListItem\",\"position\":1,\"name\":\"Prima pagin\u0103\",\"item\":\"https:\/\/desteptati-va.ro\/\"},{\"@type\":\"ListItem\",\"position\":2,\"name\":\"Dor de Rom\u00e2nia?!? &#8211; un text care doare\"}]},{\"@type\":\"WebSite\",\"@id\":\"https:\/\/desteptati-va.ro\/#website\",\"url\":\"https:\/\/desteptati-va.ro\/\",\"name\":\"\",\"description\":\"\",\"potentialAction\":[{\"@type\":\"SearchAction\",\"target\":{\"@type\":\"EntryPoint\",\"urlTemplate\":\"https:\/\/desteptati-va.ro\/?s={search_term_string}\"},\"query-input\":{\"@type\":\"PropertyValueSpecification\",\"valueRequired\":true,\"valueName\":\"search_term_string\"}}],\"inLanguage\":\"ro-RO\"},{\"@type\":\"Person\",\"@id\":\"https:\/\/desteptati-va.ro\/#\/schema\/person\/13182deeebd44920914899f7bb262d6b\",\"name\":\"wolfsoftcompany\",\"image\":{\"@type\":\"ImageObject\",\"inLanguage\":\"ro-RO\",\"@id\":\"https:\/\/desteptati-va.ro\/#\/schema\/person\/image\/\",\"url\":\"https:\/\/secure.gravatar.com\/avatar\/a6cce9b6d101d27d91690e7073e300fed94c0899890bf998e082cb9d2c3d121e?s=96&d=mm&r=g\",\"contentUrl\":\"https:\/\/secure.gravatar.com\/avatar\/a6cce9b6d101d27d91690e7073e300fed94c0899890bf998e082cb9d2c3d121e?s=96&d=mm&r=g\",\"caption\":\"wolfsoftcompany\"},\"sameAs\":[\"http:\/\/desteptati-va.ro\"],\"url\":\"https:\/\/desteptati-va.ro\/index.php\/author\/wolfsoftcompany\/\"}]}<\/script>\r\n<!-- \/ Yoast SEO plugin. -->","yoast_head_json":{"title":"Dor de Rom\u00e2nia?!? - un text care doare -","robots":{"index":"index","follow":"follow","max-snippet":"max-snippet:-1","max-image-preview":"max-image-preview:large","max-video-preview":"max-video-preview:-1"},"canonical":"https:\/\/desteptati-va.ro\/index.php\/2021\/04\/19\/dor-de-romania-un-text-care-doare\/","og_locale":"ro_RO","og_type":"article","og_title":"Dor de Rom\u00e2nia?!? - un text care doare -","og_description":"&#8222;NOTA: Am primit acest text printre multele mesaje care circula pe Internet. Nu l-as fi citit, daca nu as fiRead More","og_url":"https:\/\/desteptati-va.ro\/index.php\/2021\/04\/19\/dor-de-romania-un-text-care-doare\/","article_published_time":"2021-04-19T11:53:47+00:00","og_image":[{"width":267,"height":201,"url":"https:\/\/desteptati-va.ro\/wp-content\/uploads\/2021\/04\/romania1-e1609756190792-1.jpg","type":"image\/jpeg"}],"author":"wolfsoftcompany","twitter_card":"summary_large_image","twitter_misc":{"Scris de":"wolfsoftcompany","Timp estimat pentru citire":"9 minute"},"schema":{"@context":"https:\/\/schema.org","@graph":[{"@type":"Article","@id":"https:\/\/desteptati-va.ro\/index.php\/2021\/04\/19\/dor-de-romania-un-text-care-doare\/#article","isPartOf":{"@id":"https:\/\/desteptati-va.ro\/index.php\/2021\/04\/19\/dor-de-romania-un-text-care-doare\/"},"author":{"name":"wolfsoftcompany","@id":"https:\/\/desteptati-va.ro\/#\/schema\/person\/13182deeebd44920914899f7bb262d6b"},"headline":"Dor de Rom\u00e2nia?!? &#8211; un text care doare","datePublished":"2021-04-19T11:53:47+00:00","mainEntityOfPage":{"@id":"https:\/\/desteptati-va.ro\/index.php\/2021\/04\/19\/dor-de-romania-un-text-care-doare\/"},"wordCount":1865,"commentCount":0,"image":{"@id":"https:\/\/desteptati-va.ro\/index.php\/2021\/04\/19\/dor-de-romania-un-text-care-doare\/#primaryimage"},"thumbnailUrl":"https:\/\/desteptati-va.ro\/wp-content\/uploads\/2021\/04\/romania1-e1609756190792-1.jpg","keywords":["agricultura","banci","bogati","capra vecinului","cazinou","cofetari","colaps","desteptati","desteptati-va","drumuri","Dumnezeu","durere","ilegalitati","manele","marlani","mizerie","morala","natura","patria","politete","realitate romaneasca","respect","Romania","rusine","saraci"],"articleSection":["Pareri si pozitii publice"],"inLanguage":"ro-RO","potentialAction":[{"@type":"CommentAction","name":"Comment","target":["https:\/\/desteptati-va.ro\/index.php\/2021\/04\/19\/dor-de-romania-un-text-care-doare\/#respond"]}]},{"@type":"WebPage","@id":"https:\/\/desteptati-va.ro\/index.php\/2021\/04\/19\/dor-de-romania-un-text-care-doare\/","url":"https:\/\/desteptati-va.ro\/index.php\/2021\/04\/19\/dor-de-romania-un-text-care-doare\/","name":"Dor de Rom\u00e2nia?!? - un text care doare -","isPartOf":{"@id":"https:\/\/desteptati-va.ro\/#website"},"primaryImageOfPage":{"@id":"https:\/\/desteptati-va.ro\/index.php\/2021\/04\/19\/dor-de-romania-un-text-care-doare\/#primaryimage"},"image":{"@id":"https:\/\/desteptati-va.ro\/index.php\/2021\/04\/19\/dor-de-romania-un-text-care-doare\/#primaryimage"},"thumbnailUrl":"https:\/\/desteptati-va.ro\/wp-content\/uploads\/2021\/04\/romania1-e1609756190792-1.jpg","datePublished":"2021-04-19T11:53:47+00:00","author":{"@id":"https:\/\/desteptati-va.ro\/#\/schema\/person\/13182deeebd44920914899f7bb262d6b"},"breadcrumb":{"@id":"https:\/\/desteptati-va.ro\/index.php\/2021\/04\/19\/dor-de-romania-un-text-care-doare\/#breadcrumb"},"inLanguage":"ro-RO","potentialAction":[{"@type":"ReadAction","target":["https:\/\/desteptati-va.ro\/index.php\/2021\/04\/19\/dor-de-romania-un-text-care-doare\/"]}]},{"@type":"ImageObject","inLanguage":"ro-RO","@id":"https:\/\/desteptati-va.ro\/index.php\/2021\/04\/19\/dor-de-romania-un-text-care-doare\/#primaryimage","url":"https:\/\/desteptati-va.ro\/wp-content\/uploads\/2021\/04\/romania1-e1609756190792-1.jpg","contentUrl":"https:\/\/desteptati-va.ro\/wp-content\/uploads\/2021\/04\/romania1-e1609756190792-1.jpg","width":267,"height":201},{"@type":"BreadcrumbList","@id":"https:\/\/desteptati-va.ro\/index.php\/2021\/04\/19\/dor-de-romania-un-text-care-doare\/#breadcrumb","itemListElement":[{"@type":"ListItem","position":1,"name":"Prima pagin\u0103","item":"https:\/\/desteptati-va.ro\/"},{"@type":"ListItem","position":2,"name":"Dor de Rom\u00e2nia?!? &#8211; un text care doare"}]},{"@type":"WebSite","@id":"https:\/\/desteptati-va.ro\/#website","url":"https:\/\/desteptati-va.ro\/","name":"","description":"","potentialAction":[{"@type":"SearchAction","target":{"@type":"EntryPoint","urlTemplate":"https:\/\/desteptati-va.ro\/?s={search_term_string}"},"query-input":{"@type":"PropertyValueSpecification","valueRequired":true,"valueName":"search_term_string"}}],"inLanguage":"ro-RO"},{"@type":"Person","@id":"https:\/\/desteptati-va.ro\/#\/schema\/person\/13182deeebd44920914899f7bb262d6b","name":"wolfsoftcompany","image":{"@type":"ImageObject","inLanguage":"ro-RO","@id":"https:\/\/desteptati-va.ro\/#\/schema\/person\/image\/","url":"https:\/\/secure.gravatar.com\/avatar\/a6cce9b6d101d27d91690e7073e300fed94c0899890bf998e082cb9d2c3d121e?s=96&d=mm&r=g","contentUrl":"https:\/\/secure.gravatar.com\/avatar\/a6cce9b6d101d27d91690e7073e300fed94c0899890bf998e082cb9d2c3d121e?s=96&d=mm&r=g","caption":"wolfsoftcompany"},"sameAs":["http:\/\/desteptati-va.ro"],"url":"https:\/\/desteptati-va.ro\/index.php\/author\/wolfsoftcompany\/"}]}},"_links":{"self":[{"href":"https:\/\/desteptati-va.ro\/index.php\/wp-json\/wp\/v2\/posts\/4150","targetHints":{"allow":["GET"]}}],"collection":[{"href":"https:\/\/desteptati-va.ro\/index.php\/wp-json\/wp\/v2\/posts"}],"about":[{"href":"https:\/\/desteptati-va.ro\/index.php\/wp-json\/wp\/v2\/types\/post"}],"author":[{"embeddable":true,"href":"https:\/\/desteptati-va.ro\/index.php\/wp-json\/wp\/v2\/users\/1"}],"replies":[{"embeddable":true,"href":"https:\/\/desteptati-va.ro\/index.php\/wp-json\/wp\/v2\/comments?post=4150"}],"version-history":[{"count":1,"href":"https:\/\/desteptati-va.ro\/index.php\/wp-json\/wp\/v2\/posts\/4150\/revisions"}],"predecessor-version":[{"id":4153,"href":"https:\/\/desteptati-va.ro\/index.php\/wp-json\/wp\/v2\/posts\/4150\/revisions\/4153"}],"wp:featuredmedia":[{"embeddable":true,"href":"https:\/\/desteptati-va.ro\/index.php\/wp-json\/wp\/v2\/media\/4152"}],"wp:attachment":[{"href":"https:\/\/desteptati-va.ro\/index.php\/wp-json\/wp\/v2\/media?parent=4150"}],"wp:term":[{"taxonomy":"category","embeddable":true,"href":"https:\/\/desteptati-va.ro\/index.php\/wp-json\/wp\/v2\/categories?post=4150"},{"taxonomy":"post_tag","embeddable":true,"href":"https:\/\/desteptati-va.ro\/index.php\/wp-json\/wp\/v2\/tags?post=4150"}],"curies":[{"name":"wp","href":"https:\/\/api.w.org\/{rel}","templated":true}]}}