{"id":4157,"date":"2021-04-20T06:08:51","date_gmt":"2021-04-20T06:08:51","guid":{"rendered":"http:\/\/desteptati.ro\/?p=4157"},"modified":"2021-04-20T06:08:51","modified_gmt":"2021-04-20T06:08:51","slug":"romani-dezromanizati-sunt-majoritatea-conducatorilor-nostri-politici","status":"publish","type":"post","link":"https:\/\/desteptati-va.ro\/index.php\/2021\/04\/20\/romani-dezromanizati-sunt-majoritatea-conducatorilor-nostri-politici\/","title":{"rendered":"Rom\u00e2ni dezrom\u00e2niza\u0163i- sunt majoritatea conduc\u0103torilor no\u015ftri politici"},"content":{"rendered":"<div class=\"post-content\"><div class='booster-block booster-read-block'>\n                <div class=\"twp-read-time\">\n                \t<i class=\"booster-icon twp-clock\"><\/i> <span>Read Time:<\/span>3 Minute, 31 Second                <\/div>\n\n            <\/div><h4>A fi na\u0163ionalist \u00een Rom\u00e2nia, adic\u0103 a-\u0163i \u00eenchina via\u0163a ridic\u0103rii neamului \u015fi a \u0163\u0103rii tale, \u00eenseamn\u0103 a te a\u015feza pe un pisc \u00een b\u0103taia tuturor furtunilor urii \u015fi a tr\u0103snetelor r\u0103zbun\u0103rii. Nimic nu e mai ur\u00e2t\u0103, nimic mai prigonit\u0103 \u015fi mai lovit\u0103 dec\u00e2t dragostea suprem\u0103 de rom\u00e2nism. O via\u0163\u0103 \u00eentreag\u0103 de lupt\u0103 \u00eenseamn\u0103 o via\u0163\u0103 \u00eentreag\u0103 de s\u00e2nger\u0103ri. Nu s-a \u00eenchis bine o ran\u0103 \u015fi alta se casc\u0103 mai ad\u00e2nc \u00een faptura ta moral\u0103. A cui e aceast\u0103 \u0163ar\u0103 \u015fi care e destinul ei c\u0103 rom\u00e2nii, care se ridic\u0103 p\u00e2n\u0103 la cons\u0163iin\u0163a superioar\u0103 a unei misiuni rom\u00e2ne\u015fti sunt izola\u0163i ca ni\u015fte nelegui\u0163i \u015fi ar\u0103ta\u0163i cu degetul ca ni\u015fte n\u0103uci? \u00cen Rom\u00e2nia tr\u0103ie\u015fte mai bine numai cine face tranzac\u0163ii cu str\u0103inismul. \u00cen Rom\u00e2nia duce existen\u0163\u0103 muceniceasc\u0103 numai cine, refuz\u00e2nd aceste tranzac\u0163ii, pulseaz\u0103 \u00een ritmul s\u00eengelui acestui neam nenorocit.<\/h4>\r\n<h4><\/h4>\r\n<figure id=\"attachment_4057\" aria-describedby=\"caption-attachment-4057\" style=\"width: 404px\" class=\"wp-caption aligncenter\"><a href=\"http:\/\/www.desteptati-va.ro\/wp-content\/uploads\/2013\/11\/balcescu.png\"><img loading=\"lazy\" decoding=\"async\" class=\" wp-image-4057\" title=\"balcescu\" src=\"http:\/\/www.desteptati-va.ro\/wp-content\/uploads\/2013\/11\/balcescu.png\" alt=\"N.Balcescu\" width=\"404\" height=\"581\" \/><\/a><figcaption id=\"caption-attachment-4057\" class=\"wp-caption-text\">N.Balcescu<\/figcaption><\/figure>\r\n<h4>Un B\u0103lcescu a trebuit s\u0103 moar\u0103 ofticos \u00een exil. Un Kog\u0103lniceanu, un Alecsandri au trebui s\u0103 pribegeasc\u0103 peste hotare. Un Eminescu a dus o via\u0163\u0103 de martir \u015fi a murit p\u0103r\u0103sit \u015fi nebun. Un N. P\u0103ulescu a fost boicotat toat\u0103 via\u0163a, \u00een primul r\u00e2nd de colegii s\u0103i de la medicin\u0103. Un N.Iorga a fost declarat nebun \u00een anii s\u0103i de superb na\u0163ionalism. Un A.C.Cuza a trebuit s\u0103 treac\u0103 printr-o mie de injurii \u015fi prin purgatoriul unei mari \u00eenscen\u0103ri juridice, acuzat de plagiat de c\u0103tre un armean iudaizat , care nu cuno\u015ftea nici limba din care pretindea c\u0103 profesorul ie\u015fean ar fi plagiat.<\/h4>\r\n<figure id=\"attachment_4058\" aria-describedby=\"caption-attachment-4058\" style=\"width: 325px\" class=\"wp-caption aligncenter\"><a href=\"http:\/\/www.desteptati-va.ro\/wp-content\/uploads\/2013\/11\/kogal.png\"><img loading=\"lazy\" decoding=\"async\" class=\" wp-image-4058\" title=\"kogal\" src=\"http:\/\/www.desteptati-va.ro\/wp-content\/uploads\/2013\/11\/kogal.png\" alt=\"Kogalniceanu\" width=\"325\" height=\"438\" \/><\/a><figcaption id=\"caption-attachment-4058\" class=\"wp-caption-text\">Kogalniceanu<\/figcaption><\/figure>\r\n<h4>O formidabil\u0103 ac\u0163iune de compromitere se organizeaz\u0103 imediat \u00een jurul unei personalit\u0103\u0163i, din moment ce ea devine motor moral sau ideologic al rom\u00e2nismului. S\u0103 nu mai vorbim de cei extermina\u0163i fizice\u015fte. Constat\u0103rile acestea duc la una \u015fi aceea\u015fi concluzie: c\u0103 p\u0103tura noastr\u0103 conduc\u0103toare e corupt\u0103 p\u00e2n\u0103 \u00een m\u0103duva oaselor. \u00cen suprastratul conduc\u0103tor s-a \u00eencuibat un virus permanent, care roade energia moral\u0103 a mai tuturor celor care se ridic\u0103 sus. E adev\u0103rat ca acest suprastrat a fost alc\u0103tuit mult\u0103 vreme din scursura Levantului. Semin\u0163ia aceea a disp\u0103rut, dar virusul a r\u0103mas. Optimi\u015ftii au sperat c\u0103 for\u0163ele ridicate din s\u0103n\u0103tatea \u0163\u0103r\u0103neasc\u0103 vor schimba fa\u0163a lucrurilor cu vigoarea lor moral\u0103, proasp\u0103t\u0103. Dar s-au \u00een\u015felat. Au urm\u0103rit ani de zile procesul de trasformare a na\u0163ional-t\u0103r\u0103ni\u015ftilor, bun\u0103oar\u0103. Oameni ridica\u0163i din popor \u00een cea mai mare parte, fiii \u015fi nepo\u0163ii de \u0163\u0103ran. Avalan\u015fa lor \u00een loc s\u0103 schimbe fa\u0163a moral\u0103 a statului a sf\u00e2r\u015fit printr-o asimilare a oamenilor acestora \u00een structura corupt\u0103 a statului. Din exponen\u0163i ai t\u0103r\u0103nimii, au devenit uzurpatori \u015fi du\u015fmani ai rom\u00e2nismului. Pentru oameni de felul acestora, drumul puterii duce prin complicitatea cu str\u0103inismul parazitar. A conduce Rom\u00e2nia \u00een sensul curent presupune condi\u0163ia prealabil\u0103 de a tr\u0103da. Politicianul se simte puternic numai \u00een actul de prigonire a rom\u00e2nismului \u015fi \u00een\u0163elept numai \u00een lep\u0103darea de specificul spiritual al str\u0103mo\u015filor lui. Rom\u00e2nii dezrom\u00e2niza\u0163i-iat\u0103 ce sunt \u00een majoritatea lor conduc\u0103torii no\u015ftri politici. Pu\u015fi \u00een fa\u0163a na\u0163ionalismului, au imediat sentimentul intim al propriei lor turpitudini \u015fi ca s\u0103 se elibereze de aceast\u0103 stare sufleteasc\u0103, \u00eel prigonesc cu zv\u0103p\u0103ial\u0103 de aposta\u0163i. C\u0103ci numai apostazia cunoa\u015fte \u00eenver\u015funarea nimicitoare \u00eempotriva credin\u0163ei p\u0103r\u0103site si numai tr\u0103darea alimenteaz\u0103 ura celor tr\u0103da\u0163i. Prigonitorii na\u0163ionalismului sunt unelte ale str\u0103inismului \u00eempotriva propriului lor neam.<\/h4>\r\n<h4>A face na\u0163ionalism \u00een asemenea condi\u0163ii implic\u0103 doua sarcini deopotriva de grele. Una, s\u0103 lumineze necontenit pe cons\u00e2ngeni asupra chem\u0103rii lor \u00een propria lor istorie \u015fi alta, s\u0103 te aperi necontenit de loviturile aposta\u0163ilor \u015fi ale tr\u0103d\u0103torilor. Cu o m\u00e2n\u0103 s\u0103 ar\u0103\u0163i drumul spre zorile neamului, cu cealalt\u0103 s\u0103 \u0163ii spada \u00eempotriva loviturilor din spate. Din punct de vedere omenesc, \u00een sensul obi\u015fnuit, evident nu e o existen\u0163\u0103 de invidiat. Dar din clipa \u00een care te sim\u0163i rom\u00e2n \u015fi nu alt\u0103 lighioan\u0103 sub soarele lui Dumnezeu, ai datoria s\u0103 por\u0163i aceast\u0103 existen\u0163\u0103 cu sudoare de s\u00eenge. Descriind oric\u00e2t de palid nepl\u0103cerile \u00eendurate, nu-mi vin nici lacrimile babei \u00een gene, \u015fi nici regretul c\u0103 n-am tr\u0103it altfel de cum am tr\u0103it. C\u00e2inii nu latr\u0103 \u015fi nu mu\u015fc\u0103 pe cine \u00eel adulmec\u0103 prieten. Iar eu am \u00een\u0163eles o existen\u0163\u0103 f\u0103r\u0103 prietenia aposta\u0163ilor \u015fi a tr\u0103d\u0103torilor neamului meu.<\/h4>\r\n<h4><\/h4>\r\n<h4><\/h4>\r\n<h4><\/h4>\r\n<h4><em><span style=\"color: #c0c0c0;\">Sursa: \u00a0Nichifor Crainic- extras din \u201eZILE ALBE-ZILE NEGRE\u201d<\/span><\/em><\/h4>        <div class=\"booster-block booster-reactions-block\">\n            <div class=\"twp-reactions-icons\">\n                \n                <div class=\"twp-reacts-wrap\">\n                    <a react-data=\"be-react-1\" post-id=\"4157\" class=\"be-face-icons un-reacted\" href=\"javascript:void(0)\">\n                        <img decoding=\"async\" src=\"https:\/\/desteptati-va.ro\/wp-content\/plugins\/booster-extension\/\/assets\/icon\/happy.svg\" alt=\"Happy\">\n                    <\/a>\n                    <div class=\"twp-reaction-title\">\n                        Happy                    <\/div>\n                    <div class=\"twp-count-percent\">\n                                                    <span style=\"display: none;\" class=\"twp-react-count\">0<\/span>\n                        \n                                                <span class=\"twp-react-percent\"><span>0<\/span> %<\/span>\n                                            <\/div>\n                <\/div>\n\n                <div class=\"twp-reacts-wrap\">\n                    <a react-data=\"be-react-2\" post-id=\"4157\" class=\"be-face-icons un-reacted\" href=\"javascript:void(0)\">\n                        <img decoding=\"async\" src=\"https:\/\/desteptati-va.ro\/wp-content\/plugins\/booster-extension\/\/assets\/icon\/sad.svg\" alt=\"Sad\">\n                    <\/a>\n                    <div class=\"twp-reaction-title\">\n                        Sad                    <\/div>\n                    <div class=\"twp-count-percent\">\n                                                    <span style=\"display: none;\" class=\"twp-react-count\">0<\/span>\n                                                                        <span class=\"twp-react-percent\"><span>0<\/span> %<\/span>\n                                            <\/div>\n                <\/div>\n\n                <div class=\"twp-reacts-wrap\">\n                    <a react-data=\"be-react-3\" post-id=\"4157\" class=\"be-face-icons un-reacted\" href=\"javascript:void(0)\">\n                        <img decoding=\"async\" src=\"https:\/\/desteptati-va.ro\/wp-content\/plugins\/booster-extension\/\/assets\/icon\/excited.svg\" alt=\"Excited\">\n                    <\/a>\n                    <div class=\"twp-reaction-title\">\n                        Excited                    <\/div>\n                    <div class=\"twp-count-percent\">\n                                                    <span style=\"display: none;\" class=\"twp-react-count\">0<\/span>\n                                                                        <span class=\"twp-react-percent\"><span>0<\/span> %<\/span>\n                                            <\/div>\n                <\/div>\n\n                <div class=\"twp-reacts-wrap\">\n                    <a react-data=\"be-react-6\" post-id=\"4157\" class=\"be-face-icons un-reacted\" href=\"javascript:void(0)\">\n                        <img decoding=\"async\" src=\"https:\/\/desteptati-va.ro\/wp-content\/plugins\/booster-extension\/\/assets\/icon\/sleepy.svg\" alt=\"Sleepy\">\n                    <\/a>\n                    <div class=\"twp-reaction-title\">\n                        Sleepy                    <\/div>\n                    <div class=\"twp-count-percent\">\n                                                    <span style=\"display: none;\" class=\"twp-react-count\">0<\/span>\n                        \n                                                <span class=\"twp-react-percent\"><span>0<\/span> %<\/span>\n                                            <\/div>\n                <\/div>\n\n                <div class=\"twp-reacts-wrap\">\n                    <a react-data=\"be-react-4\" post-id=\"4157\" class=\"be-face-icons un-reacted\" href=\"javascript:void(0)\">\n                        <img decoding=\"async\" src=\"https:\/\/desteptati-va.ro\/wp-content\/plugins\/booster-extension\/\/assets\/icon\/angry.svg\" alt=\"Angry\">\n                    <\/a>\n                    <div class=\"twp-reaction-title\">Angry<\/div>\n                    <div class=\"twp-count-percent\">\n                                                    <span style=\"display: none;\" class=\"twp-react-count\">0<\/span>\n                                                                        <span class=\"twp-react-percent\"><span>0<\/span> %<\/span>\n                        \n                    <\/div>\n                <\/div>\n\n                <div class=\"twp-reacts-wrap\">\n                    <a react-data=\"be-react-5\" post-id=\"4157\" class=\"be-face-icons un-reacted\" href=\"javascript:void(0)\">\n                        <img decoding=\"async\" src=\"https:\/\/desteptati-va.ro\/wp-content\/plugins\/booster-extension\/\/assets\/icon\/surprise.svg\" alt=\"Surprise\">\n                    <\/a>\n                    <div class=\"twp-reaction-title\">Surprise<\/div>\n                    <div class=\"twp-count-percent\">\n                                                    <span style=\"display: none;\" class=\"twp-react-count\">0<\/span>\n                                                                        <span class=\"twp-react-percent\"><span>0<\/span> %<\/span>\n                                            <\/div>\n                <\/div>\n\n            <\/div>\n        <\/div>\n\n    <\/div>","protected":false},"excerpt":{"rendered":"<p>A fi na\u0163ionalist \u00een Rom\u00e2nia, adic\u0103 a-\u0163i \u00eenchina via\u0163a ridic\u0103rii neamului \u015fi a \u0163\u0103rii tale, \u00eenseamn\u0103 a te a\u015feza pe<a href=\"https:\/\/desteptati-va.ro\/index.php\/2021\/04\/20\/romani-dezromanizati-sunt-majoritatea-conducatorilor-nostri-politici\/\">Read More<i class=\"fa fa-long-arrow-right\" aria-hidden=\"true\"><\/i><\/a><\/p>\n","protected":false},"author":1,"featured_media":4159,"comment_status":"open","ping_status":"open","sticky":false,"template":"","format":"standard","meta":{"_crdt_document":"","footnotes":""},"categories":[18],"tags":[1566,1437],"class_list":["post-4157","post","type-post","status-publish","format-standard","has-post-thumbnail","hentry","category-perioada-interbelica","tag-nichifor-crainic","tag-patrioti"],"rise-blocks_total_comments":0,"rise-blocks_categories":[{"term_id":18,"name":"Perioada Interbelica","slug":"perioada-interbelica","term_group":0,"term_taxonomy_id":18,"taxonomy":"category","description":"","parent":0,"count":8,"filter":"raw"}],"rise-blocks_excerpt":"A fi na\u0163ionalist \u00een Rom\u00e2nia, adic\u0103 a-\u0163i \u00eenchina via\u0163a ridic\u0103rii neamului \u015fi a \u0163\u0103rii tale, \u00eenseamn\u0103 a te a\u015feza pe un pisc \u00een b\u0103taia tuturor furtunilor urii \u015fi a tr\u0103snetelor r\u0103zbun\u0103rii. Nimic nu e mai ur\u00e2t\u0103, nimic mai prigonit\u0103 \u015fi mai lovit\u0103 dec\u00e2t dragostea suprem\u0103 de rom\u00e2nism. O via\u0163\u0103 \u00eentreag\u0103 de lupt\u0103 \u00eenseamn\u0103 o via\u0163\u0103 \u00eentreag\u0103 de s\u00e2nger\u0103ri. Nu s-a..","yoast_head":"<!-- This site is optimized with the Yoast SEO plugin v26.9 - https:\/\/yoast.com\/product\/yoast-seo-wordpress\/ -->\r\n<title>Rom\u00e2ni dezrom\u00e2niza\u0163i- sunt majoritatea conduc\u0103torilor no\u015ftri politici -<\/title>\r\n<meta name=\"robots\" content=\"index, follow, max-snippet:-1, max-image-preview:large, max-video-preview:-1\" \/>\r\n<link rel=\"canonical\" href=\"https:\/\/desteptati-va.ro\/index.php\/2021\/04\/20\/romani-dezromanizati-sunt-majoritatea-conducatorilor-nostri-politici\/\" \/>\r\n<meta property=\"og:locale\" content=\"ro_RO\" \/>\r\n<meta property=\"og:type\" content=\"article\" \/>\r\n<meta property=\"og:title\" content=\"Rom\u00e2ni dezrom\u00e2niza\u0163i- sunt majoritatea conduc\u0103torilor no\u015ftri politici -\" \/>\r\n<meta property=\"og:description\" content=\"A fi na\u0163ionalist \u00een Rom\u00e2nia, adic\u0103 a-\u0163i \u00eenchina via\u0163a ridic\u0103rii neamului \u015fi a \u0163\u0103rii tale, \u00eenseamn\u0103 a te a\u015feza peRead More\" \/>\r\n<meta property=\"og:url\" content=\"https:\/\/desteptati-va.ro\/index.php\/2021\/04\/20\/romani-dezromanizati-sunt-majoritatea-conducatorilor-nostri-politici\/\" \/>\r\n<meta property=\"article:published_time\" content=\"2021-04-20T06:08:51+00:00\" \/>\r\n<meta property=\"og:image\" content=\"https:\/\/desteptati-va.ro\/wp-content\/uploads\/2021\/04\/nichifor-1.png\" \/>\r\n\t<meta property=\"og:image:width\" content=\"201\" \/>\r\n\t<meta property=\"og:image:height\" content=\"256\" \/>\r\n\t<meta property=\"og:image:type\" content=\"image\/png\" \/>\r\n<meta name=\"author\" content=\"wolfsoftcompany\" \/>\r\n<meta name=\"twitter:card\" content=\"summary_large_image\" \/>\r\n<meta name=\"twitter:label1\" content=\"Scris de\" \/>\n\t<meta name=\"twitter:data1\" content=\"wolfsoftcompany\" \/>\n\t<meta name=\"twitter:label2\" content=\"Timp estimat pentru citire\" \/>\n\t<meta name=\"twitter:data2\" content=\"4 minute\" \/>\r\n<script type=\"application\/ld+json\" class=\"yoast-schema-graph\">{\"@context\":\"https:\/\/schema.org\",\"@graph\":[{\"@type\":\"Article\",\"@id\":\"https:\/\/desteptati-va.ro\/index.php\/2021\/04\/20\/romani-dezromanizati-sunt-majoritatea-conducatorilor-nostri-politici\/#article\",\"isPartOf\":{\"@id\":\"https:\/\/desteptati-va.ro\/index.php\/2021\/04\/20\/romani-dezromanizati-sunt-majoritatea-conducatorilor-nostri-politici\/\"},\"author\":{\"name\":\"wolfsoftcompany\",\"@id\":\"https:\/\/desteptati-va.ro\/#\/schema\/person\/13182deeebd44920914899f7bb262d6b\"},\"headline\":\"Rom\u00e2ni dezrom\u00e2niza\u0163i- sunt majoritatea conduc\u0103torilor no\u015ftri politici\",\"datePublished\":\"2021-04-20T06:08:51+00:00\",\"mainEntityOfPage\":{\"@id\":\"https:\/\/desteptati-va.ro\/index.php\/2021\/04\/20\/romani-dezromanizati-sunt-majoritatea-conducatorilor-nostri-politici\/\"},\"wordCount\":852,\"commentCount\":0,\"image\":{\"@id\":\"https:\/\/desteptati-va.ro\/index.php\/2021\/04\/20\/romani-dezromanizati-sunt-majoritatea-conducatorilor-nostri-politici\/#primaryimage\"},\"thumbnailUrl\":\"https:\/\/desteptati-va.ro\/wp-content\/uploads\/2021\/04\/nichifor-1.png\",\"keywords\":[\"Nichifor Crainic\",\"patrioti\"],\"articleSection\":[\"Perioada Interbelica\"],\"inLanguage\":\"ro-RO\",\"potentialAction\":[{\"@type\":\"CommentAction\",\"name\":\"Comment\",\"target\":[\"https:\/\/desteptati-va.ro\/index.php\/2021\/04\/20\/romani-dezromanizati-sunt-majoritatea-conducatorilor-nostri-politici\/#respond\"]}]},{\"@type\":\"WebPage\",\"@id\":\"https:\/\/desteptati-va.ro\/index.php\/2021\/04\/20\/romani-dezromanizati-sunt-majoritatea-conducatorilor-nostri-politici\/\",\"url\":\"https:\/\/desteptati-va.ro\/index.php\/2021\/04\/20\/romani-dezromanizati-sunt-majoritatea-conducatorilor-nostri-politici\/\",\"name\":\"Rom\u00e2ni dezrom\u00e2niza\u0163i- sunt majoritatea conduc\u0103torilor no\u015ftri politici -\",\"isPartOf\":{\"@id\":\"https:\/\/desteptati-va.ro\/#website\"},\"primaryImageOfPage\":{\"@id\":\"https:\/\/desteptati-va.ro\/index.php\/2021\/04\/20\/romani-dezromanizati-sunt-majoritatea-conducatorilor-nostri-politici\/#primaryimage\"},\"image\":{\"@id\":\"https:\/\/desteptati-va.ro\/index.php\/2021\/04\/20\/romani-dezromanizati-sunt-majoritatea-conducatorilor-nostri-politici\/#primaryimage\"},\"thumbnailUrl\":\"https:\/\/desteptati-va.ro\/wp-content\/uploads\/2021\/04\/nichifor-1.png\",\"datePublished\":\"2021-04-20T06:08:51+00:00\",\"author\":{\"@id\":\"https:\/\/desteptati-va.ro\/#\/schema\/person\/13182deeebd44920914899f7bb262d6b\"},\"breadcrumb\":{\"@id\":\"https:\/\/desteptati-va.ro\/index.php\/2021\/04\/20\/romani-dezromanizati-sunt-majoritatea-conducatorilor-nostri-politici\/#breadcrumb\"},\"inLanguage\":\"ro-RO\",\"potentialAction\":[{\"@type\":\"ReadAction\",\"target\":[\"https:\/\/desteptati-va.ro\/index.php\/2021\/04\/20\/romani-dezromanizati-sunt-majoritatea-conducatorilor-nostri-politici\/\"]}]},{\"@type\":\"ImageObject\",\"inLanguage\":\"ro-RO\",\"@id\":\"https:\/\/desteptati-va.ro\/index.php\/2021\/04\/20\/romani-dezromanizati-sunt-majoritatea-conducatorilor-nostri-politici\/#primaryimage\",\"url\":\"https:\/\/desteptati-va.ro\/wp-content\/uploads\/2021\/04\/nichifor-1.png\",\"contentUrl\":\"https:\/\/desteptati-va.ro\/wp-content\/uploads\/2021\/04\/nichifor-1.png\",\"width\":201,\"height\":256},{\"@type\":\"BreadcrumbList\",\"@id\":\"https:\/\/desteptati-va.ro\/index.php\/2021\/04\/20\/romani-dezromanizati-sunt-majoritatea-conducatorilor-nostri-politici\/#breadcrumb\",\"itemListElement\":[{\"@type\":\"ListItem\",\"position\":1,\"name\":\"Prima pagin\u0103\",\"item\":\"https:\/\/desteptati-va.ro\/\"},{\"@type\":\"ListItem\",\"position\":2,\"name\":\"Rom\u00e2ni dezrom\u00e2niza\u0163i- sunt majoritatea conduc\u0103torilor no\u015ftri politici\"}]},{\"@type\":\"WebSite\",\"@id\":\"https:\/\/desteptati-va.ro\/#website\",\"url\":\"https:\/\/desteptati-va.ro\/\",\"name\":\"\",\"description\":\"\",\"potentialAction\":[{\"@type\":\"SearchAction\",\"target\":{\"@type\":\"EntryPoint\",\"urlTemplate\":\"https:\/\/desteptati-va.ro\/?s={search_term_string}\"},\"query-input\":{\"@type\":\"PropertyValueSpecification\",\"valueRequired\":true,\"valueName\":\"search_term_string\"}}],\"inLanguage\":\"ro-RO\"},{\"@type\":\"Person\",\"@id\":\"https:\/\/desteptati-va.ro\/#\/schema\/person\/13182deeebd44920914899f7bb262d6b\",\"name\":\"wolfsoftcompany\",\"image\":{\"@type\":\"ImageObject\",\"inLanguage\":\"ro-RO\",\"@id\":\"https:\/\/desteptati-va.ro\/#\/schema\/person\/image\/\",\"url\":\"https:\/\/secure.gravatar.com\/avatar\/a6cce9b6d101d27d91690e7073e300fed94c0899890bf998e082cb9d2c3d121e?s=96&d=mm&r=g\",\"contentUrl\":\"https:\/\/secure.gravatar.com\/avatar\/a6cce9b6d101d27d91690e7073e300fed94c0899890bf998e082cb9d2c3d121e?s=96&d=mm&r=g\",\"caption\":\"wolfsoftcompany\"},\"sameAs\":[\"http:\/\/desteptati-va.ro\"],\"url\":\"https:\/\/desteptati-va.ro\/index.php\/author\/wolfsoftcompany\/\"}]}<\/script>\r\n<!-- \/ Yoast SEO plugin. -->","yoast_head_json":{"title":"Rom\u00e2ni dezrom\u00e2niza\u0163i- sunt majoritatea conduc\u0103torilor no\u015ftri politici -","robots":{"index":"index","follow":"follow","max-snippet":"max-snippet:-1","max-image-preview":"max-image-preview:large","max-video-preview":"max-video-preview:-1"},"canonical":"https:\/\/desteptati-va.ro\/index.php\/2021\/04\/20\/romani-dezromanizati-sunt-majoritatea-conducatorilor-nostri-politici\/","og_locale":"ro_RO","og_type":"article","og_title":"Rom\u00e2ni dezrom\u00e2niza\u0163i- sunt majoritatea conduc\u0103torilor no\u015ftri politici -","og_description":"A fi na\u0163ionalist \u00een Rom\u00e2nia, adic\u0103 a-\u0163i \u00eenchina via\u0163a ridic\u0103rii neamului \u015fi a \u0163\u0103rii tale, \u00eenseamn\u0103 a te a\u015feza peRead More","og_url":"https:\/\/desteptati-va.ro\/index.php\/2021\/04\/20\/romani-dezromanizati-sunt-majoritatea-conducatorilor-nostri-politici\/","article_published_time":"2021-04-20T06:08:51+00:00","og_image":[{"width":201,"height":256,"url":"https:\/\/desteptati-va.ro\/wp-content\/uploads\/2021\/04\/nichifor-1.png","type":"image\/png"}],"author":"wolfsoftcompany","twitter_card":"summary_large_image","twitter_misc":{"Scris de":"wolfsoftcompany","Timp estimat pentru citire":"4 minute"},"schema":{"@context":"https:\/\/schema.org","@graph":[{"@type":"Article","@id":"https:\/\/desteptati-va.ro\/index.php\/2021\/04\/20\/romani-dezromanizati-sunt-majoritatea-conducatorilor-nostri-politici\/#article","isPartOf":{"@id":"https:\/\/desteptati-va.ro\/index.php\/2021\/04\/20\/romani-dezromanizati-sunt-majoritatea-conducatorilor-nostri-politici\/"},"author":{"name":"wolfsoftcompany","@id":"https:\/\/desteptati-va.ro\/#\/schema\/person\/13182deeebd44920914899f7bb262d6b"},"headline":"Rom\u00e2ni dezrom\u00e2niza\u0163i- sunt majoritatea conduc\u0103torilor no\u015ftri politici","datePublished":"2021-04-20T06:08:51+00:00","mainEntityOfPage":{"@id":"https:\/\/desteptati-va.ro\/index.php\/2021\/04\/20\/romani-dezromanizati-sunt-majoritatea-conducatorilor-nostri-politici\/"},"wordCount":852,"commentCount":0,"image":{"@id":"https:\/\/desteptati-va.ro\/index.php\/2021\/04\/20\/romani-dezromanizati-sunt-majoritatea-conducatorilor-nostri-politici\/#primaryimage"},"thumbnailUrl":"https:\/\/desteptati-va.ro\/wp-content\/uploads\/2021\/04\/nichifor-1.png","keywords":["Nichifor Crainic","patrioti"],"articleSection":["Perioada Interbelica"],"inLanguage":"ro-RO","potentialAction":[{"@type":"CommentAction","name":"Comment","target":["https:\/\/desteptati-va.ro\/index.php\/2021\/04\/20\/romani-dezromanizati-sunt-majoritatea-conducatorilor-nostri-politici\/#respond"]}]},{"@type":"WebPage","@id":"https:\/\/desteptati-va.ro\/index.php\/2021\/04\/20\/romani-dezromanizati-sunt-majoritatea-conducatorilor-nostri-politici\/","url":"https:\/\/desteptati-va.ro\/index.php\/2021\/04\/20\/romani-dezromanizati-sunt-majoritatea-conducatorilor-nostri-politici\/","name":"Rom\u00e2ni dezrom\u00e2niza\u0163i- sunt majoritatea conduc\u0103torilor no\u015ftri politici -","isPartOf":{"@id":"https:\/\/desteptati-va.ro\/#website"},"primaryImageOfPage":{"@id":"https:\/\/desteptati-va.ro\/index.php\/2021\/04\/20\/romani-dezromanizati-sunt-majoritatea-conducatorilor-nostri-politici\/#primaryimage"},"image":{"@id":"https:\/\/desteptati-va.ro\/index.php\/2021\/04\/20\/romani-dezromanizati-sunt-majoritatea-conducatorilor-nostri-politici\/#primaryimage"},"thumbnailUrl":"https:\/\/desteptati-va.ro\/wp-content\/uploads\/2021\/04\/nichifor-1.png","datePublished":"2021-04-20T06:08:51+00:00","author":{"@id":"https:\/\/desteptati-va.ro\/#\/schema\/person\/13182deeebd44920914899f7bb262d6b"},"breadcrumb":{"@id":"https:\/\/desteptati-va.ro\/index.php\/2021\/04\/20\/romani-dezromanizati-sunt-majoritatea-conducatorilor-nostri-politici\/#breadcrumb"},"inLanguage":"ro-RO","potentialAction":[{"@type":"ReadAction","target":["https:\/\/desteptati-va.ro\/index.php\/2021\/04\/20\/romani-dezromanizati-sunt-majoritatea-conducatorilor-nostri-politici\/"]}]},{"@type":"ImageObject","inLanguage":"ro-RO","@id":"https:\/\/desteptati-va.ro\/index.php\/2021\/04\/20\/romani-dezromanizati-sunt-majoritatea-conducatorilor-nostri-politici\/#primaryimage","url":"https:\/\/desteptati-va.ro\/wp-content\/uploads\/2021\/04\/nichifor-1.png","contentUrl":"https:\/\/desteptati-va.ro\/wp-content\/uploads\/2021\/04\/nichifor-1.png","width":201,"height":256},{"@type":"BreadcrumbList","@id":"https:\/\/desteptati-va.ro\/index.php\/2021\/04\/20\/romani-dezromanizati-sunt-majoritatea-conducatorilor-nostri-politici\/#breadcrumb","itemListElement":[{"@type":"ListItem","position":1,"name":"Prima pagin\u0103","item":"https:\/\/desteptati-va.ro\/"},{"@type":"ListItem","position":2,"name":"Rom\u00e2ni dezrom\u00e2niza\u0163i- sunt majoritatea conduc\u0103torilor no\u015ftri politici"}]},{"@type":"WebSite","@id":"https:\/\/desteptati-va.ro\/#website","url":"https:\/\/desteptati-va.ro\/","name":"","description":"","potentialAction":[{"@type":"SearchAction","target":{"@type":"EntryPoint","urlTemplate":"https:\/\/desteptati-va.ro\/?s={search_term_string}"},"query-input":{"@type":"PropertyValueSpecification","valueRequired":true,"valueName":"search_term_string"}}],"inLanguage":"ro-RO"},{"@type":"Person","@id":"https:\/\/desteptati-va.ro\/#\/schema\/person\/13182deeebd44920914899f7bb262d6b","name":"wolfsoftcompany","image":{"@type":"ImageObject","inLanguage":"ro-RO","@id":"https:\/\/desteptati-va.ro\/#\/schema\/person\/image\/","url":"https:\/\/secure.gravatar.com\/avatar\/a6cce9b6d101d27d91690e7073e300fed94c0899890bf998e082cb9d2c3d121e?s=96&d=mm&r=g","contentUrl":"https:\/\/secure.gravatar.com\/avatar\/a6cce9b6d101d27d91690e7073e300fed94c0899890bf998e082cb9d2c3d121e?s=96&d=mm&r=g","caption":"wolfsoftcompany"},"sameAs":["http:\/\/desteptati-va.ro"],"url":"https:\/\/desteptati-va.ro\/index.php\/author\/wolfsoftcompany\/"}]}},"_links":{"self":[{"href":"https:\/\/desteptati-va.ro\/index.php\/wp-json\/wp\/v2\/posts\/4157","targetHints":{"allow":["GET"]}}],"collection":[{"href":"https:\/\/desteptati-va.ro\/index.php\/wp-json\/wp\/v2\/posts"}],"about":[{"href":"https:\/\/desteptati-va.ro\/index.php\/wp-json\/wp\/v2\/types\/post"}],"author":[{"embeddable":true,"href":"https:\/\/desteptati-va.ro\/index.php\/wp-json\/wp\/v2\/users\/1"}],"replies":[{"embeddable":true,"href":"https:\/\/desteptati-va.ro\/index.php\/wp-json\/wp\/v2\/comments?post=4157"}],"version-history":[{"count":1,"href":"https:\/\/desteptati-va.ro\/index.php\/wp-json\/wp\/v2\/posts\/4157\/revisions"}],"predecessor-version":[{"id":4160,"href":"https:\/\/desteptati-va.ro\/index.php\/wp-json\/wp\/v2\/posts\/4157\/revisions\/4160"}],"wp:featuredmedia":[{"embeddable":true,"href":"https:\/\/desteptati-va.ro\/index.php\/wp-json\/wp\/v2\/media\/4159"}],"wp:attachment":[{"href":"https:\/\/desteptati-va.ro\/index.php\/wp-json\/wp\/v2\/media?parent=4157"}],"wp:term":[{"taxonomy":"category","embeddable":true,"href":"https:\/\/desteptati-va.ro\/index.php\/wp-json\/wp\/v2\/categories?post=4157"},{"taxonomy":"post_tag","embeddable":true,"href":"https:\/\/desteptati-va.ro\/index.php\/wp-json\/wp\/v2\/tags?post=4157"}],"curies":[{"name":"wp","href":"https:\/\/api.w.org\/{rel}","templated":true}]}}