{"id":4165,"date":"2021-04-20T06:15:13","date_gmt":"2021-04-20T06:15:13","guid":{"rendered":"http:\/\/desteptati.ro\/?p=4165"},"modified":"2021-04-20T06:15:13","modified_gmt":"2021-04-20T06:15:13","slug":"1940-primul-manifest-impotriva-diktatului-de-la-viena","status":"publish","type":"post","link":"https:\/\/desteptati-va.ro\/index.php\/2021\/04\/20\/1940-primul-manifest-impotriva-diktatului-de-la-viena\/","title":{"rendered":"1940: Primul manifest \u00eempotriva diktatului de la Viena"},"content":{"rendered":"<div class=\"post-content\"><div class='booster-block booster-read-block'>\n                <div class=\"twp-read-time\">\n                \t<i class=\"booster-icon twp-clock\"><\/i> <span>Read Time:<\/span>3 Minute, 47 Second                <\/div>\n\n            <\/div><h4 style=\"text-align: justify;\">La sf\u00e2r\u015fitul lui august 1940 \u015fi \u00eenceputul lui septembrie, \u00een toat\u0103 Transilvania a fost r\u0103sp\u00e2ndit, \u00een mii de exemplare, un manifest al tineretului rom\u00e2n ardelean \u00eempotriva cotropirii horthyste ce se preg\u0103tea. De existen\u0163a lui, Poli\u0163ia \u015fi Siguran\u0163a au informat conducerea Rom\u00e2niei. Manifestul este ilustrativ pentru d\u00e2rzenia cu care rom\u00e2nii transilv\u0103neni \u00ee\u015fi afirmau drepturile asupra p\u0103m\u00e2nturilor lor str\u0103mo\u015fe\u015fti, \u015fi dorin\u0163a de a le ap\u0103ra; este \u015fi o condamnare a autorit\u0103\u0163ilor de la Bucure\u015fti, conduse de la\u015fitatea nevolnicului rege Carol al II-lea. M-am g\u00e2ndit c\u0103 documentul respectiv, aflat \u00een Arhiva Istoric\u0103 Central\u0103 \u2013 inedit p\u00e2n\u0103 acum \u2013 merit\u0103 cunoscut \u015fi pentru c\u0103 vremurile se aseam\u0103n\u0103: \u015fi ast\u0103zi \u015fovini\u015ftii maghiari cer Transilvania; \u015fi ast\u0103zi autorit\u0103\u0163ile de la Bucure\u015fti nu fac nimic pentru a stopa ofensiva acestora, l\u0103s\u00e2ndu-i pe rom\u00e2nii transilv\u0103neni s\u0103 se apere singuri. Ca s\u0103 nu ajungem din nou la momente ca acel din 1940, documente precum manifestul tineretului rom\u00e2n ardelean trebuie larg cunoscute. Astfel, se poate \u00eent\u0103ri ideea necesit\u0103\u0163ii unei depline solidariz\u0103ri na\u0163ionale, pentru a bloca orice pas spre ruperea unit\u0103\u0163ii Statului Rom\u00e2n, \u00eencep\u00e2nd cu blocarea \u201eautonomiei secuilor\u201d.<\/h4>\r\n<h4 style=\"text-align: justify;\"><em>\u201eROM\u00c2NI ARDELENI, R\u0103scrucea istoric\u0103 la care se g\u0103se\u015fte ast\u0103zi Neamul \u015fi \u0162ara noastr\u0103 cere mai mult ca oric\u00e2nd s\u0103 \u015ftim ce vrem. De hot\u0103r\u00e2rea noastr\u0103 at\u00e2rn\u0103 pe veci de veci destinul Neamului nostru. Dac\u0103 \u00een aceste clipe de m\u0103rea\u0163\u0103 gravitate istoric\u0103 nu ne vom \u00een\u0163elege menirea pe p\u0103m\u00e2nt, nu suntem vrednici s\u0103 tr\u0103im. \u00centrebarea se pune r\u0103spicat: Se poate ciunti Ardealul? Ardealul, pentru libertatea c\u0103ruia s-au jertfit genera\u0163ii dup\u0103 genera\u0163ii, Ardealul unde s-a pl\u0103m\u0103dit destinul nostru istoric, citadela culturii \u015fi spiritului rom\u00e2nesc. Semea\u0163a \u015fi glorioasa lui istorie ne arat\u0103 drumul de urmat. Sacrificiul \u015fi mormintele eroilor lui au format spiritul intransigen\u0163ei noastre milenare. \u00centreba\u0163i pe Horea \u015fi pe Avram Iancu, \u00eentreba\u0163i miile de mucenici \u015fi de eroi care au fr\u0103m\u00e2ntat cu s\u00e2ngele lor fierbinte acest p\u0103m\u00e2nt rom\u00e2nesc, \u00eentreba\u0163i masele de \u0163\u0103rani \u015fi lucr\u0103tori, cari cu sudoarea frun\u0163ilor lor ne dau p\u00e2inea de toate zilele, \u00eentreba\u0163i genera\u0163iile viitoare, \u00eentreba\u0163i \u015fi v\u0103ile \u015fi cu toate au s\u0103 strige cu glas de tunet, care va zgudui temelia cerului: Ardealul nu se d\u0103! Nu!!! Cine vrea s\u0103-l ia s\u0103 trag\u0103 sabia \u015fi s\u0103 \u015fi-o \u00eencruci\u015feze cu a noastr\u0103. Vechiul spirit ardelean, c\u0103lit \u00een foc \u015fi s\u00e2nge, este gata s\u0103 se lupte. Noi nu trat\u0103m dac\u0103 vindem sau nu vindem trupul \u0162\u0103rii. Cine trateaz\u0103&#8230; tr\u0103deaz\u0103. Dar, dac\u0103 sunt printre noi de aceia cari nu \u015ftiu s\u0103 moar\u0103 pentru \u0162ar\u0103, vor \u00eenv\u0103\u0163a s\u0103 moar\u0103 de m\u00e2n\u0103 de frate. Ni se cere s\u0103 mul\u0163umim pe al\u0163ii, nemul\u0163umindu-ne pe noi. Ni se cere s\u0103 ne leg\u0103m cu m\u00e2inile proprii lan\u0163ul de g\u00e2t, s\u0103 punem jugul pe grumazul Neamului \u015fi s\u0103 tragem la plug pentru aceia cari 1000 de ani ne-au supt s\u00e2ngele. Asta este dreptatea pe care vor s\u0103 ne-o impun\u0103? Iar dac\u0103 ne amenin\u0163\u0103 cu dezastre, \u0163inem s\u0103 le declar\u0103m f\u0103\u0163i\u015fi c\u0103 nu numai destinul Neamului rom\u00e2nesc e \u00een m\u00e2na\u00a0noastr\u0103, ci \u015fi al acelora care r\u00e2vnesc avutul \u0162\u0103rei noastre sau ajut\u0103 pe acei care \u00eel r\u00e2vnesc. (&#8230;) Vor pace \u00een Balcani? Atunci s\u0103 ne respecte. Noi am luptat veacuri pentru Ardeal \u015fi nu \u00een\u0163\u0103legem s\u0103-l facem cadou nim\u0103nui. Noi \u015ftim c\u0103 cel care va \u00eencerca s\u0103-l ia \u00ee\u015fi va semna singur sentin\u0163a de moarte. Rom\u00e2nia are cheia situa\u0163iei \u00een Europa. C\u00e2nd fl\u0103c\u0103rile petrolu-lui rom\u00e2nesc se vor vedea din Budapesta \u015fi din mari dep\u0103rt\u0103ri, s\u0103 se \u015ftie c\u0103 a sosit ceasul din urm\u0103 pentru cei care vor s\u0103 ne ciunteasc\u0103. <\/em><\/h4>\r\n<h4 style=\"text-align: justify;\"><em>ROM\u00c2NI ARDELENI, La r\u0103sp\u00e2ntii istorice spiritul ardelean d\u00e2rz \u015fi categoric a luat hot\u0103r\u00e2ri care l-au dus la realizarea idealului s\u0103u na\u0163ional. Pe vechea linie a destinului nostru transilv\u0103nean, pe linia genera\u0163iilor creatoare de istorie, pe linia luptei intransigente pentru libertate! A sunat ceasul luptei pentru ap\u0103rarea eternelor noastre idealuri. Nu ced\u0103m o palm\u0103 de p\u0103m\u00e2nt din sfintele noastre ogoare. ST\u0102M GATA DE LUPT\u0102!\u201d<\/em><\/h4>\r\n<h4 style=\"text-align: justify;\">Dup\u0103 70 de ani de la cotropirea horthyst\u0103, tot aceasta este chemarea: \u201eS\u0103 st\u0103m gata de lupt\u0103!\u201d. \u00cempotriva celor ce vor s\u0103-\u015fi fac\u0103 autonomii \u2013 pe p\u0103m\u00e2ntul nostru, \u00een casa noastr\u0103, unde au intrat nepofti\u0163i, cu sabia \u2013, pentru ca mai t\u00e2rziu s\u0103 trag\u0103 noi grani\u0163e; \u015fi \u00eempotriva acelor partide rom\u00e2ne\u015fti \u015fi a pre\u015fedintelui Rom\u00e2niei, care vor s\u0103 c\u00e2\u015ftige capital electoral prin afi\u015farea unei false d\u00e2rzenii \u00een problema na\u0163ional\u0103, d\u00e2rzenie care, totdeauna, dup\u0103 alegeri r\u0103m\u00e2ne la stadiul de vorbe goale. La fel ca \u00een 1940, n\u0103dejdea d\u0103inuirii Neamului \u015fi \u0162\u0103rii este \u00een noi, oamenii de r\u00e2nd!<\/h4>\r\n<h4 style=\"text-align: justify;\"><em>Articol realizat de Petre \u0162URLEA \u0219i publicat \u00een PROMEMORIA 1940-1945 Nr. 3(26) septembrie 2010 Cluj-Napoca<\/em><\/h4>        <div class=\"booster-block booster-reactions-block\">\n            <div class=\"twp-reactions-icons\">\n                \n                <div class=\"twp-reacts-wrap\">\n                    <a react-data=\"be-react-1\" post-id=\"4165\" class=\"be-face-icons un-reacted\" href=\"javascript:void(0)\">\n                        <img decoding=\"async\" src=\"https:\/\/desteptati-va.ro\/wp-content\/plugins\/booster-extension\/\/assets\/icon\/happy.svg\" alt=\"Happy\">\n                    <\/a>\n                    <div class=\"twp-reaction-title\">\n                        Happy                    <\/div>\n                    <div class=\"twp-count-percent\">\n                                                    <span style=\"display: none;\" class=\"twp-react-count\">0<\/span>\n                        \n                                                <span class=\"twp-react-percent\"><span>0<\/span> %<\/span>\n                                            <\/div>\n                <\/div>\n\n                <div class=\"twp-reacts-wrap\">\n                    <a react-data=\"be-react-2\" post-id=\"4165\" class=\"be-face-icons un-reacted\" href=\"javascript:void(0)\">\n                        <img decoding=\"async\" src=\"https:\/\/desteptati-va.ro\/wp-content\/plugins\/booster-extension\/\/assets\/icon\/sad.svg\" alt=\"Sad\">\n                    <\/a>\n                    <div class=\"twp-reaction-title\">\n                        Sad                    <\/div>\n                    <div class=\"twp-count-percent\">\n                                                    <span style=\"display: none;\" class=\"twp-react-count\">0<\/span>\n                                                                        <span class=\"twp-react-percent\"><span>0<\/span> %<\/span>\n                                            <\/div>\n                <\/div>\n\n                <div class=\"twp-reacts-wrap\">\n                    <a react-data=\"be-react-3\" post-id=\"4165\" class=\"be-face-icons un-reacted\" href=\"javascript:void(0)\">\n                        <img decoding=\"async\" src=\"https:\/\/desteptati-va.ro\/wp-content\/plugins\/booster-extension\/\/assets\/icon\/excited.svg\" alt=\"Excited\">\n                    <\/a>\n                    <div class=\"twp-reaction-title\">\n                        Excited                    <\/div>\n                    <div class=\"twp-count-percent\">\n                                                    <span style=\"display: none;\" class=\"twp-react-count\">0<\/span>\n                                                                        <span class=\"twp-react-percent\"><span>0<\/span> %<\/span>\n                                            <\/div>\n                <\/div>\n\n                <div class=\"twp-reacts-wrap\">\n                    <a react-data=\"be-react-6\" post-id=\"4165\" class=\"be-face-icons un-reacted\" href=\"javascript:void(0)\">\n                        <img decoding=\"async\" src=\"https:\/\/desteptati-va.ro\/wp-content\/plugins\/booster-extension\/\/assets\/icon\/sleepy.svg\" alt=\"Sleepy\">\n                    <\/a>\n                    <div class=\"twp-reaction-title\">\n                        Sleepy                    <\/div>\n                    <div class=\"twp-count-percent\">\n                                                    <span style=\"display: none;\" class=\"twp-react-count\">0<\/span>\n                        \n                                                <span class=\"twp-react-percent\"><span>0<\/span> %<\/span>\n                                            <\/div>\n                <\/div>\n\n                <div class=\"twp-reacts-wrap\">\n                    <a react-data=\"be-react-4\" post-id=\"4165\" class=\"be-face-icons un-reacted\" href=\"javascript:void(0)\">\n                        <img decoding=\"async\" src=\"https:\/\/desteptati-va.ro\/wp-content\/plugins\/booster-extension\/\/assets\/icon\/angry.svg\" alt=\"Angry\">\n                    <\/a>\n                    <div class=\"twp-reaction-title\">Angry<\/div>\n                    <div class=\"twp-count-percent\">\n                                                    <span style=\"display: none;\" class=\"twp-react-count\">0<\/span>\n                                                                        <span class=\"twp-react-percent\"><span>0<\/span> %<\/span>\n                        \n                    <\/div>\n                <\/div>\n\n                <div class=\"twp-reacts-wrap\">\n                    <a react-data=\"be-react-5\" post-id=\"4165\" class=\"be-face-icons un-reacted\" href=\"javascript:void(0)\">\n                        <img decoding=\"async\" src=\"https:\/\/desteptati-va.ro\/wp-content\/plugins\/booster-extension\/\/assets\/icon\/surprise.svg\" alt=\"Surprise\">\n                    <\/a>\n                    <div class=\"twp-reaction-title\">Surprise<\/div>\n                    <div class=\"twp-count-percent\">\n                                                    <span style=\"display: none;\" class=\"twp-react-count\">0<\/span>\n                                                                        <span class=\"twp-react-percent\"><span>0<\/span> %<\/span>\n                                            <\/div>\n                <\/div>\n\n            <\/div>\n        <\/div>\n\n    <\/div>","protected":false},"excerpt":{"rendered":"<p>La sf\u00e2r\u015fitul lui august 1940 \u015fi \u00eenceputul lui septembrie, \u00een toat\u0103 Transilvania a fost r\u0103sp\u00e2ndit, \u00een mii de exemplare, un<a href=\"https:\/\/desteptati-va.ro\/index.php\/2021\/04\/20\/1940-primul-manifest-impotriva-diktatului-de-la-viena\/\">Read More<i class=\"fa fa-long-arrow-right\" aria-hidden=\"true\"><\/i><\/a><\/p>\n","protected":false},"author":1,"featured_media":4167,"comment_status":"open","ping_status":"open","sticky":false,"template":"","format":"standard","meta":{"_crdt_document":"","footnotes":""},"categories":[18],"tags":[1579,1580,1581,59,60,804,1582,626,890,1583,990,395,225,135,346],"class_list":["post-4165","post","type-post","status-publish","format-standard","has-post-thumbnail","hentry","category-perioada-interbelica","tag-1579","tag-cotropire","tag-darzenie","tag-desteptati","tag-desteptati-va","tag-dictat","tag-diktat","tag-horthy","tag-lasitate","tag-manifest","tag-neam","tag-romani","tag-tara","tag-transilvania","tag-viena"],"rise-blocks_total_comments":0,"rise-blocks_categories":[{"term_id":18,"name":"Perioada Interbelica","slug":"perioada-interbelica","term_group":0,"term_taxonomy_id":18,"taxonomy":"category","description":"","parent":0,"count":8,"filter":"raw"}],"rise-blocks_excerpt":"La sf\u00e2r\u015fitul lui august 1940 \u015fi \u00eenceputul lui septembrie, \u00een toat\u0103 Transilvania a fost r\u0103sp\u00e2ndit, \u00een mii de exemplare, un manifest al tineretului rom\u00e2n ardelean \u00eempotriva cotropirii horthyste ce se preg\u0103tea. De existen\u0163a lui, Poli\u0163ia \u015fi Siguran\u0163a au informat conducerea Rom\u00e2niei. Manifestul este ilustrativ pentru d\u00e2rzenia cu care rom\u00e2nii transilv\u0103neni \u00ee\u015fi afirmau drepturile asupra p\u0103m\u00e2nturilor lor str\u0103mo\u015fe\u015fti, \u015fi dorin\u0163a de..","yoast_head":"<!-- This site is optimized with the Yoast SEO plugin v26.9 - https:\/\/yoast.com\/product\/yoast-seo-wordpress\/ -->\r\n<title>1940: Primul manifest \u00eempotriva diktatului de la Viena -<\/title>\r\n<meta name=\"robots\" content=\"index, follow, max-snippet:-1, max-image-preview:large, max-video-preview:-1\" \/>\r\n<link rel=\"canonical\" href=\"https:\/\/desteptati-va.ro\/index.php\/2021\/04\/20\/1940-primul-manifest-impotriva-diktatului-de-la-viena\/\" \/>\r\n<meta property=\"og:locale\" content=\"ro_RO\" \/>\r\n<meta property=\"og:type\" content=\"article\" \/>\r\n<meta property=\"og:title\" content=\"1940: Primul manifest \u00eempotriva diktatului de la Viena -\" \/>\r\n<meta property=\"og:description\" content=\"La sf\u00e2r\u015fitul lui august 1940 \u015fi \u00eenceputul lui septembrie, \u00een toat\u0103 Transilvania a fost r\u0103sp\u00e2ndit, \u00een mii de exemplare, unRead More\" \/>\r\n<meta property=\"og:url\" content=\"https:\/\/desteptati-va.ro\/index.php\/2021\/04\/20\/1940-primul-manifest-impotriva-diktatului-de-la-viena\/\" \/>\r\n<meta property=\"article:published_time\" content=\"2021-04-20T06:15:13+00:00\" \/>\r\n<meta property=\"og:image\" content=\"https:\/\/desteptati-va.ro\/wp-content\/uploads\/2021\/04\/imagesCAZQCR24-1.jpg\" \/>\r\n\t<meta property=\"og:image:width\" content=\"281\" \/>\r\n\t<meta property=\"og:image:height\" content=\"201\" \/>\r\n\t<meta property=\"og:image:type\" content=\"image\/jpeg\" \/>\r\n<meta name=\"author\" content=\"wolfsoftcompany\" \/>\r\n<meta name=\"twitter:card\" content=\"summary_large_image\" \/>\r\n<meta name=\"twitter:label1\" content=\"Scris de\" \/>\n\t<meta name=\"twitter:data1\" content=\"wolfsoftcompany\" \/>\n\t<meta name=\"twitter:label2\" content=\"Timp estimat pentru citire\" \/>\n\t<meta name=\"twitter:data2\" content=\"4 minute\" \/>\r\n<script type=\"application\/ld+json\" class=\"yoast-schema-graph\">{\"@context\":\"https:\/\/schema.org\",\"@graph\":[{\"@type\":\"Article\",\"@id\":\"https:\/\/desteptati-va.ro\/index.php\/2021\/04\/20\/1940-primul-manifest-impotriva-diktatului-de-la-viena\/#article\",\"isPartOf\":{\"@id\":\"https:\/\/desteptati-va.ro\/index.php\/2021\/04\/20\/1940-primul-manifest-impotriva-diktatului-de-la-viena\/\"},\"author\":{\"name\":\"wolfsoftcompany\",\"@id\":\"https:\/\/desteptati-va.ro\/#\/schema\/person\/13182deeebd44920914899f7bb262d6b\"},\"headline\":\"1940: Primul manifest \u00eempotriva diktatului de la Viena\",\"datePublished\":\"2021-04-20T06:15:13+00:00\",\"mainEntityOfPage\":{\"@id\":\"https:\/\/desteptati-va.ro\/index.php\/2021\/04\/20\/1940-primul-manifest-impotriva-diktatului-de-la-viena\/\"},\"wordCount\":894,\"commentCount\":0,\"image\":{\"@id\":\"https:\/\/desteptati-va.ro\/index.php\/2021\/04\/20\/1940-primul-manifest-impotriva-diktatului-de-la-viena\/#primaryimage\"},\"thumbnailUrl\":\"https:\/\/desteptati-va.ro\/wp-content\/uploads\/2021\/04\/imagesCAZQCR24-1.jpg\",\"keywords\":[\"1940\",\"cotropire\",\"darzenie\",\"desteptati\",\"desteptati-va\",\"dictat\",\"diktat\",\"horthy\",\"lasitate\",\"manifest\",\"neam\",\"romani\",\"tara\",\"Transilvania\",\"Viena\"],\"articleSection\":[\"Perioada Interbelica\"],\"inLanguage\":\"ro-RO\",\"potentialAction\":[{\"@type\":\"CommentAction\",\"name\":\"Comment\",\"target\":[\"https:\/\/desteptati-va.ro\/index.php\/2021\/04\/20\/1940-primul-manifest-impotriva-diktatului-de-la-viena\/#respond\"]}]},{\"@type\":\"WebPage\",\"@id\":\"https:\/\/desteptati-va.ro\/index.php\/2021\/04\/20\/1940-primul-manifest-impotriva-diktatului-de-la-viena\/\",\"url\":\"https:\/\/desteptati-va.ro\/index.php\/2021\/04\/20\/1940-primul-manifest-impotriva-diktatului-de-la-viena\/\",\"name\":\"1940: Primul manifest \u00eempotriva diktatului de la Viena -\",\"isPartOf\":{\"@id\":\"https:\/\/desteptati-va.ro\/#website\"},\"primaryImageOfPage\":{\"@id\":\"https:\/\/desteptati-va.ro\/index.php\/2021\/04\/20\/1940-primul-manifest-impotriva-diktatului-de-la-viena\/#primaryimage\"},\"image\":{\"@id\":\"https:\/\/desteptati-va.ro\/index.php\/2021\/04\/20\/1940-primul-manifest-impotriva-diktatului-de-la-viena\/#primaryimage\"},\"thumbnailUrl\":\"https:\/\/desteptati-va.ro\/wp-content\/uploads\/2021\/04\/imagesCAZQCR24-1.jpg\",\"datePublished\":\"2021-04-20T06:15:13+00:00\",\"author\":{\"@id\":\"https:\/\/desteptati-va.ro\/#\/schema\/person\/13182deeebd44920914899f7bb262d6b\"},\"breadcrumb\":{\"@id\":\"https:\/\/desteptati-va.ro\/index.php\/2021\/04\/20\/1940-primul-manifest-impotriva-diktatului-de-la-viena\/#breadcrumb\"},\"inLanguage\":\"ro-RO\",\"potentialAction\":[{\"@type\":\"ReadAction\",\"target\":[\"https:\/\/desteptati-va.ro\/index.php\/2021\/04\/20\/1940-primul-manifest-impotriva-diktatului-de-la-viena\/\"]}]},{\"@type\":\"ImageObject\",\"inLanguage\":\"ro-RO\",\"@id\":\"https:\/\/desteptati-va.ro\/index.php\/2021\/04\/20\/1940-primul-manifest-impotriva-diktatului-de-la-viena\/#primaryimage\",\"url\":\"https:\/\/desteptati-va.ro\/wp-content\/uploads\/2021\/04\/imagesCAZQCR24-1.jpg\",\"contentUrl\":\"https:\/\/desteptati-va.ro\/wp-content\/uploads\/2021\/04\/imagesCAZQCR24-1.jpg\",\"width\":281,\"height\":201},{\"@type\":\"BreadcrumbList\",\"@id\":\"https:\/\/desteptati-va.ro\/index.php\/2021\/04\/20\/1940-primul-manifest-impotriva-diktatului-de-la-viena\/#breadcrumb\",\"itemListElement\":[{\"@type\":\"ListItem\",\"position\":1,\"name\":\"Prima pagin\u0103\",\"item\":\"https:\/\/desteptati-va.ro\/\"},{\"@type\":\"ListItem\",\"position\":2,\"name\":\"1940: Primul manifest \u00eempotriva diktatului de la Viena\"}]},{\"@type\":\"WebSite\",\"@id\":\"https:\/\/desteptati-va.ro\/#website\",\"url\":\"https:\/\/desteptati-va.ro\/\",\"name\":\"\",\"description\":\"\",\"potentialAction\":[{\"@type\":\"SearchAction\",\"target\":{\"@type\":\"EntryPoint\",\"urlTemplate\":\"https:\/\/desteptati-va.ro\/?s={search_term_string}\"},\"query-input\":{\"@type\":\"PropertyValueSpecification\",\"valueRequired\":true,\"valueName\":\"search_term_string\"}}],\"inLanguage\":\"ro-RO\"},{\"@type\":\"Person\",\"@id\":\"https:\/\/desteptati-va.ro\/#\/schema\/person\/13182deeebd44920914899f7bb262d6b\",\"name\":\"wolfsoftcompany\",\"image\":{\"@type\":\"ImageObject\",\"inLanguage\":\"ro-RO\",\"@id\":\"https:\/\/desteptati-va.ro\/#\/schema\/person\/image\/\",\"url\":\"https:\/\/secure.gravatar.com\/avatar\/a6cce9b6d101d27d91690e7073e300fed94c0899890bf998e082cb9d2c3d121e?s=96&d=mm&r=g\",\"contentUrl\":\"https:\/\/secure.gravatar.com\/avatar\/a6cce9b6d101d27d91690e7073e300fed94c0899890bf998e082cb9d2c3d121e?s=96&d=mm&r=g\",\"caption\":\"wolfsoftcompany\"},\"sameAs\":[\"http:\/\/desteptati-va.ro\"],\"url\":\"https:\/\/desteptati-va.ro\/index.php\/author\/wolfsoftcompany\/\"}]}<\/script>\r\n<!-- \/ Yoast SEO plugin. -->","yoast_head_json":{"title":"1940: Primul manifest \u00eempotriva diktatului de la Viena -","robots":{"index":"index","follow":"follow","max-snippet":"max-snippet:-1","max-image-preview":"max-image-preview:large","max-video-preview":"max-video-preview:-1"},"canonical":"https:\/\/desteptati-va.ro\/index.php\/2021\/04\/20\/1940-primul-manifest-impotriva-diktatului-de-la-viena\/","og_locale":"ro_RO","og_type":"article","og_title":"1940: Primul manifest \u00eempotriva diktatului de la Viena -","og_description":"La sf\u00e2r\u015fitul lui august 1940 \u015fi \u00eenceputul lui septembrie, \u00een toat\u0103 Transilvania a fost r\u0103sp\u00e2ndit, \u00een mii de exemplare, unRead More","og_url":"https:\/\/desteptati-va.ro\/index.php\/2021\/04\/20\/1940-primul-manifest-impotriva-diktatului-de-la-viena\/","article_published_time":"2021-04-20T06:15:13+00:00","og_image":[{"width":281,"height":201,"url":"https:\/\/desteptati-va.ro\/wp-content\/uploads\/2021\/04\/imagesCAZQCR24-1.jpg","type":"image\/jpeg"}],"author":"wolfsoftcompany","twitter_card":"summary_large_image","twitter_misc":{"Scris de":"wolfsoftcompany","Timp estimat pentru citire":"4 minute"},"schema":{"@context":"https:\/\/schema.org","@graph":[{"@type":"Article","@id":"https:\/\/desteptati-va.ro\/index.php\/2021\/04\/20\/1940-primul-manifest-impotriva-diktatului-de-la-viena\/#article","isPartOf":{"@id":"https:\/\/desteptati-va.ro\/index.php\/2021\/04\/20\/1940-primul-manifest-impotriva-diktatului-de-la-viena\/"},"author":{"name":"wolfsoftcompany","@id":"https:\/\/desteptati-va.ro\/#\/schema\/person\/13182deeebd44920914899f7bb262d6b"},"headline":"1940: Primul manifest \u00eempotriva diktatului de la Viena","datePublished":"2021-04-20T06:15:13+00:00","mainEntityOfPage":{"@id":"https:\/\/desteptati-va.ro\/index.php\/2021\/04\/20\/1940-primul-manifest-impotriva-diktatului-de-la-viena\/"},"wordCount":894,"commentCount":0,"image":{"@id":"https:\/\/desteptati-va.ro\/index.php\/2021\/04\/20\/1940-primul-manifest-impotriva-diktatului-de-la-viena\/#primaryimage"},"thumbnailUrl":"https:\/\/desteptati-va.ro\/wp-content\/uploads\/2021\/04\/imagesCAZQCR24-1.jpg","keywords":["1940","cotropire","darzenie","desteptati","desteptati-va","dictat","diktat","horthy","lasitate","manifest","neam","romani","tara","Transilvania","Viena"],"articleSection":["Perioada Interbelica"],"inLanguage":"ro-RO","potentialAction":[{"@type":"CommentAction","name":"Comment","target":["https:\/\/desteptati-va.ro\/index.php\/2021\/04\/20\/1940-primul-manifest-impotriva-diktatului-de-la-viena\/#respond"]}]},{"@type":"WebPage","@id":"https:\/\/desteptati-va.ro\/index.php\/2021\/04\/20\/1940-primul-manifest-impotriva-diktatului-de-la-viena\/","url":"https:\/\/desteptati-va.ro\/index.php\/2021\/04\/20\/1940-primul-manifest-impotriva-diktatului-de-la-viena\/","name":"1940: Primul manifest \u00eempotriva diktatului de la Viena -","isPartOf":{"@id":"https:\/\/desteptati-va.ro\/#website"},"primaryImageOfPage":{"@id":"https:\/\/desteptati-va.ro\/index.php\/2021\/04\/20\/1940-primul-manifest-impotriva-diktatului-de-la-viena\/#primaryimage"},"image":{"@id":"https:\/\/desteptati-va.ro\/index.php\/2021\/04\/20\/1940-primul-manifest-impotriva-diktatului-de-la-viena\/#primaryimage"},"thumbnailUrl":"https:\/\/desteptati-va.ro\/wp-content\/uploads\/2021\/04\/imagesCAZQCR24-1.jpg","datePublished":"2021-04-20T06:15:13+00:00","author":{"@id":"https:\/\/desteptati-va.ro\/#\/schema\/person\/13182deeebd44920914899f7bb262d6b"},"breadcrumb":{"@id":"https:\/\/desteptati-va.ro\/index.php\/2021\/04\/20\/1940-primul-manifest-impotriva-diktatului-de-la-viena\/#breadcrumb"},"inLanguage":"ro-RO","potentialAction":[{"@type":"ReadAction","target":["https:\/\/desteptati-va.ro\/index.php\/2021\/04\/20\/1940-primul-manifest-impotriva-diktatului-de-la-viena\/"]}]},{"@type":"ImageObject","inLanguage":"ro-RO","@id":"https:\/\/desteptati-va.ro\/index.php\/2021\/04\/20\/1940-primul-manifest-impotriva-diktatului-de-la-viena\/#primaryimage","url":"https:\/\/desteptati-va.ro\/wp-content\/uploads\/2021\/04\/imagesCAZQCR24-1.jpg","contentUrl":"https:\/\/desteptati-va.ro\/wp-content\/uploads\/2021\/04\/imagesCAZQCR24-1.jpg","width":281,"height":201},{"@type":"BreadcrumbList","@id":"https:\/\/desteptati-va.ro\/index.php\/2021\/04\/20\/1940-primul-manifest-impotriva-diktatului-de-la-viena\/#breadcrumb","itemListElement":[{"@type":"ListItem","position":1,"name":"Prima pagin\u0103","item":"https:\/\/desteptati-va.ro\/"},{"@type":"ListItem","position":2,"name":"1940: Primul manifest \u00eempotriva diktatului de la Viena"}]},{"@type":"WebSite","@id":"https:\/\/desteptati-va.ro\/#website","url":"https:\/\/desteptati-va.ro\/","name":"","description":"","potentialAction":[{"@type":"SearchAction","target":{"@type":"EntryPoint","urlTemplate":"https:\/\/desteptati-va.ro\/?s={search_term_string}"},"query-input":{"@type":"PropertyValueSpecification","valueRequired":true,"valueName":"search_term_string"}}],"inLanguage":"ro-RO"},{"@type":"Person","@id":"https:\/\/desteptati-va.ro\/#\/schema\/person\/13182deeebd44920914899f7bb262d6b","name":"wolfsoftcompany","image":{"@type":"ImageObject","inLanguage":"ro-RO","@id":"https:\/\/desteptati-va.ro\/#\/schema\/person\/image\/","url":"https:\/\/secure.gravatar.com\/avatar\/a6cce9b6d101d27d91690e7073e300fed94c0899890bf998e082cb9d2c3d121e?s=96&d=mm&r=g","contentUrl":"https:\/\/secure.gravatar.com\/avatar\/a6cce9b6d101d27d91690e7073e300fed94c0899890bf998e082cb9d2c3d121e?s=96&d=mm&r=g","caption":"wolfsoftcompany"},"sameAs":["http:\/\/desteptati-va.ro"],"url":"https:\/\/desteptati-va.ro\/index.php\/author\/wolfsoftcompany\/"}]}},"_links":{"self":[{"href":"https:\/\/desteptati-va.ro\/index.php\/wp-json\/wp\/v2\/posts\/4165","targetHints":{"allow":["GET"]}}],"collection":[{"href":"https:\/\/desteptati-va.ro\/index.php\/wp-json\/wp\/v2\/posts"}],"about":[{"href":"https:\/\/desteptati-va.ro\/index.php\/wp-json\/wp\/v2\/types\/post"}],"author":[{"embeddable":true,"href":"https:\/\/desteptati-va.ro\/index.php\/wp-json\/wp\/v2\/users\/1"}],"replies":[{"embeddable":true,"href":"https:\/\/desteptati-va.ro\/index.php\/wp-json\/wp\/v2\/comments?post=4165"}],"version-history":[{"count":1,"href":"https:\/\/desteptati-va.ro\/index.php\/wp-json\/wp\/v2\/posts\/4165\/revisions"}],"predecessor-version":[{"id":4168,"href":"https:\/\/desteptati-va.ro\/index.php\/wp-json\/wp\/v2\/posts\/4165\/revisions\/4168"}],"wp:featuredmedia":[{"embeddable":true,"href":"https:\/\/desteptati-va.ro\/index.php\/wp-json\/wp\/v2\/media\/4167"}],"wp:attachment":[{"href":"https:\/\/desteptati-va.ro\/index.php\/wp-json\/wp\/v2\/media?parent=4165"}],"wp:term":[{"taxonomy":"category","embeddable":true,"href":"https:\/\/desteptati-va.ro\/index.php\/wp-json\/wp\/v2\/categories?post=4165"},{"taxonomy":"post_tag","embeddable":true,"href":"https:\/\/desteptati-va.ro\/index.php\/wp-json\/wp\/v2\/tags?post=4165"}],"curies":[{"name":"wp","href":"https:\/\/api.w.org\/{rel}","templated":true}]}}