{"id":4169,"date":"2021-04-20T06:31:17","date_gmt":"2021-04-20T06:31:17","guid":{"rendered":"http:\/\/desteptati.ro\/?p=4169"},"modified":"2021-04-20T06:31:17","modified_gmt":"2021-04-20T06:31:17","slug":"afacerea-skoda","status":"publish","type":"post","link":"https:\/\/desteptati-va.ro\/index.php\/2021\/04\/20\/afacerea-skoda\/","title":{"rendered":"Afacerea Skoda"},"content":{"rendered":"<div class=\"post-content\"><div class='booster-block booster-read-block'>\n                <div class=\"twp-read-time\">\n                \t<i class=\"booster-icon twp-clock\"><\/i> <span>Read Time:<\/span>17 Minute, 24 Second                <\/div>\n\n            <\/div><h4 style=\"text-align: justify;\">Timp de mai bine de un an, \u00eencep\u00e2nd din prim\u0103vara lui 1933, presa din \u021bara noastr\u0103 a publicat cu lux de am\u0103nunte numeroase materiale cu privire la scandalul izbucnit \u00een jurul reprezentantului Uzinelor Skoda la Bucure\u0219ti, Bruno Seletzki. Afacerea Skoda \u2013 cum a fost numit\u0103 \u00een presa vremii \u2013 a fost una dintre afacerile tipice din acele timpuri, prin care unii politicieni rom\u00e2ni \u00ee\u0219i rotunjeau averile f\u0103r\u0103 scrupule, submin\u00e2nd interesele \u021b\u0103rii. Referindu-se la aceast\u0103 situa\u021bie deplorabil\u0103, generalul Gheorghe Rujinski nu se sfia s\u0103 afirme \u00eentr-o \u0219edin\u021b\u0103 a Senatului, la \u00eenceputul lunii aprilie 1933, c\u0103 \u201d&#8230;oriunde exist\u0103 comand\u0103 exist\u0103 un samsar, oriunde exist\u0103 un samsar exist\u0103 un \u0219per\u021b, oriunde exist\u0103 un \u0219per\u021b, sunt \u0219i oameni slabi care pot fi la \u00eendem\u00e2na acestui \u0219per\u021bar.\u201d<\/h4>\r\n<h4 style=\"text-align: justify;\">\u00cen cazul afacerii Skoda \u201doamenii slabi\u201d erau cei din Partidul na\u021bional-\u021b\u0103r\u0103nist, \u0219i nu numai ei, iar sl\u0103biciunea acestora se manifesta doar atunci c\u00e2nd era vorba de banii statului, nu de propriul lor buzunar. Printre ace\u0219tia mi\u0219unau fel de fel de \u0219per\u021bari, mai mari sau mai mici, care au furnizat numeroase informa\u021bii cu caracter economic \u0219i militar, au ingnorat interesele industriei na\u021bionale rom\u00e2ne\u0219ti \u0219i \u2013 cel mai important lucru \u2013 interesele legate de ap\u0103rarea \u021b\u0103rii. Evident, se pune \u00eentrebarea: cum a fost posibil acest lucru \u0219i ce a urm\u0103rit Seletzki, reprezentantul Uzinelor Skoda?<\/h4>\r\n<h4 style=\"text-align: justify;\">Uzinele Skoda aveau \u00een capitala \u021b\u0103rii noastre o reprezentan\u021b\u0103 economic\u0103, \u00een fruntea c\u0103reia fusese numit, \u00eenc\u0103 de la sf\u00e2r\u0219itul anului 1922, Bruno Seletzki. \u00centreprinz\u0103tor din fire, acesta s-a str\u0103duiit s\u0103 culeag\u0103 c\u00e2t mai multe informa\u021b\u0103\u0103 pe care a \u0219tiut s\u0103 le fructifice cu succes atunci c\u00e2nd guvernul rom\u00e2n contracta comenzi la uzinele Skoda. El a reu\u0219it s\u0103 ob\u021bin\u0103 pre\u021buri exagerat de mari, s\u0103 impun\u0103 tipuri de armament mai pu\u021bin c\u0103utate aiurea sau refuzate de alte \u021b\u0103ri. La prima vedere s-ar p\u0103rea c\u0103 n-a fost vorba dec\u00e2t de o tipic\u0103 afacere comercial\u0103, de spionaj economic evident. Dar oare a\u0219a au stat lucrurile?<\/h4>\r\n<h4 style=\"text-align: justify;\">\u00cenc\u0103 de la venirea sa \u00een \u021bar\u0103, Bruno Seletzki a atras aten\u021bia organelor contrainformative rom\u00e2ne. N\u0103scut \u00een Polonia, la Zakopane, Bruno Seletzki \u2013 reprezentant al Skodei, important\u0103 uzin\u0103 de armament din Plezen (Cehoslovacia) \u2013 era cet\u0103\u021bean austriac. El a refuzat cet\u0103\u021benia statului cehoslovac, iar mai t\u00e2rziu a l\u0103sat s\u0103 se \u00een\u021beleag\u0103 c\u0103 ar dori s\u0103 devin\u0103 cet\u0103\u021bean rom\u00e2n. \u00cen cercurile politice \u0219i militare din Bucure\u0219ti Bruno Seletzki s-a impus repede, c\u0103ut\u00e2nd s\u0103 se fac\u0103 util, a l\u0103sat \u00een permanen\u021b\u0103 impresia c\u0103 nu contravine intereselor economice \u0219i militare rom\u00e2ne\u0219ti, c\u0103 este un bun cunosc\u0103tor al tehnicii militare. \u00cen scurt timp el a devenit indispensabil pentru autorit\u0103\u021bile militare \u00een ac\u021biunea de recondi\u021bionare a tipurilor vechi de armament sau \u00een contractarea unor tipuri noi. Dup\u0103 ce \u0219i-a creat numeroase rela\u021bii printre ofi\u021beri, Bruno Seletzki a fost invitat de ace\u0219tia s\u0103 viziteze depozite de armament, Pirotehnia \u0219i Arsenalul armatei, oferindu-i-se astfel posibilitatea s\u0103 afle tot ce dorea, inclusiv unele secrete legate de \u00eenzestrarea armatei rom\u00e2ne. Cu abilitatea-i cunoscut\u0103, el a reu\u0219it s\u0103-\u0219i ascund\u0103 adev\u0103ratele sentimente, s\u0103-\u0219i camufleze inten\u021biile. \u00cen aceste condi\u021bii reprezentantul Skodei s-a lansat \u00een importante afaceri veroase, \u00eenc\u0103lc\u00e2nd adeseori legile statului rom\u00e2n \u0219i cauz\u00e2nd \u00een cele din urm\u0103, \u021b\u0103rii noastre pagube de seam\u0103. \u00cencrederea de care se bucura printre delega\u021bii guvernului rom\u00e2n printre reprezentan\u021bii Marelui Stat Major sau ai Ministerului Ap\u0103r\u0103rii Na\u021bionale, printre unii politicieni de vaz\u0103 ai acelor timpuri i-a facilitat nu numai culegerea a numeroase date cu privire la dotarea armatei rom\u00e2ne \u0219i la nevoile curente ale acesteia, ci \u0219i a unro informa\u021bii precise privind \u201dtoate demersurile care se f\u0103ceaui pentru satisfacerea acestor nevoi\u201d. Pe timpul anchetei s-a stabilit c\u0103 \u201dscopul m\u0103rturisit al acestor proceduri era crearea unui monopol \u00een favoarea Skodei, a furniturilor de armament, interne \u0219i a altor firme de afar\u0103.\u201d Pentru a-\u0219i atinge scopul, Seletzki s-a interesat \u00eendeaproape despre necesarul \u00een armament greu \u0219i \u00een muni\u021bii, despre nevoile de repara\u021bii, str\u0103duindu-se s\u0103 pareze orice \u00eencercare de concuren\u021b\u0103 din partea industriei rom\u00e2ne\u0219ti.<\/h4>\r\n<h4 style=\"text-align: justify;\">Cum au reac\u021bionat \u00eens\u0103 reprezentan\u021bii armatei \u00een momentul \u00een care au aflat adev\u0103rul cu privire la Seletzki? Acela\u0219i general Rujinski recuno\u0219tea, \u00een plin\u0103 \u0219edin\u021b\u0103 a Senatului, c\u0103 \u201dla Seletzki s-au g\u0103sit date foarte complete asupra nevoilor armatei noastre, dar aceste date le aveau \u0219i al\u021bii(&#8230;) care cuno\u0219teau tot a\u0219a de bine nevoile de materiale ale armatei noastre.\u201d Interesant\u0103 optic\u0103 pentru un general al armatei rom\u00e2ne. Dar acest mod de a privi lucrurile \u2013 inclusiv \u00een cazul afacerii Skoda \u2013 era caracteristic \u0219i pentru al\u021bi militari \u0219i politicieni rom\u00e2ni.<\/h4>\r\n<h4 style=\"text-align: justify;\"><a href=\"http:\/\/www.desteptati-va.ro\/wp-content\/uploads\/2011\/03\/afacerea_skoda.jpg\"><img loading=\"lazy\" decoding=\"async\" class=\"aligncenter size-medium wp-image-1398\" title=\"Afacerea Skoda\" src=\"http:\/\/www.desteptati-va.ro\/wp-content\/uploads\/2011\/03\/afacerea_skoda-300x263.jpg\" alt=\"Afacerea Skoda\" width=\"300\" height=\"263\" \/><\/a><\/h4>\r\n<h4 style=\"text-align: justify;\">Cu toate c\u0103 spionajul desf\u0103\u0219urat de reprezentantul uzinelor Skoda era evident, cauz\u00e2nd grave prejudicii economiei noastre na\u021bionale \u0219i submin\u00e2nd capacitatea de ap\u0103rare a \u021b\u0103rii, ancheta \u00een cazul afacerii Skoda s-a desf\u0103\u0219urat cu o \u00eencetineal\u0103 condamnabil\u0103, iar inculpatul principal, Seletzki, a primit o pedeaps\u0103 deosebit de bl\u00e2nd\u0103. Ceilal\u021bi colaboratori apropia\u021bi ai lui Seletzki, care tr\u0103daser\u0103 interesele \u021b\u0103rii \u00een schimbul unor \u0219per\u021buri substan\u021biale, s-au ales doar cu blamul opiniei publice, f\u0103r\u0103 a primi nici o pedeaps\u0103. Acest lucru a fost posibil, \u00eentruc\u00e2t reprezentantul uzinelor Skoda a \u00eemp\u0103r\u021bit comisioane nu numai func\u021bionarilor \u0219i tehnicienilor civili \u0219i militari \u00eens\u0103rcina\u021bi cu urm\u0103rirea contractelor \u00eencheiate cu uzinele Skoda, ci \u0219i altor persoane care ocupau func\u021bii importante \u00een aportul de stat sau \u00een organele de conducere ale unor partide politice. Iar \u00een aceast\u0103 perioad\u0103 cu uzinele Skoda au fost \u00eencheiate numeroase contracte: \u00een 1922, 1925, 1927 (un num\u0103r de patru comenzi), 1929, 1930. La \u00eencheierea fiec\u0103rei comenzi s-au g\u0103sit \u0219i profitori care nu s-au sfiit s\u0103-\u0219i rotunjeasc\u0103 averile pe seama statului rom\u00e2n.<\/h4>\r\n<h4 style=\"text-align: justify;\">Prin contractul nr. 6102 din 17 martie 1930 uzinele Skoda se angajau sa furnizeze armatei rom\u00e2ne tunuri de c\u00e2mp \u0219i tunuri antiaeriene de 75mm, obuziere de 100mm model 1928 \u0219i obuziere de 150mm, precum \u0219i 181138 proiectile. La toate acestea se mai adaug\u0103 444 chesoane, 688 care de transport, 180 c\u0103ru\u021be port\u021beav\u0103 etc. acest contract \u2013 unul dintre numeroasele contracte \u00eencheiate \u00een anii din perioada interbelic\u0103 \u2013 a adus statului rom\u00e2n un prejudiciu de 900 milioane de lei, \u00een compara\u021bie cu valoarea unui alt contract similar \u00eencheiat de Uzinele Skoda cu Iugoslavia \u00een aceea\u0219i perioad\u0103 sau \u021bin\u00e2nd seama de \u00eens\u0103\u0219i oferta ini\u021bial\u0103 f\u0103cut\u0103 statului rom\u00e2n cu opt luni \u00eenainte. \u00cen compara\u021bie cu contractul iugoslav, furniturile de armament pentru armata rom\u00e2n\u0103 erau cu 18-20% mai scumpe. Acest lucru a fost posibil, deoarece Seletzki \u201d\u0219tia\u201d, iar \u201dPalaelibus\u201d \u2013 nume codificat sub care erau trecute sumele acordate drept mituire \u2013 accepta. Seletzki cuno\u0219tea nevoile de armament, demersurile ce se f\u0103ceau, discu\u021biile ultrasecrete purtate la Marele Stat Major \u0219i avea, \u00een acela\u0219i timp, acceptul unui mare num\u0103r de \u201dPalaelibus\u201d. Din acetele \u00eentocmite de Seletzki rezult\u0103 c\u0103 numele de \u201dPalaelibus\u201d \u00eenghi\u021bise 19219335 lei, sum\u0103 cu mult inferioar\u0103 celei reale, dac\u0103 \u021binem seama c\u0103 de la reprezentan\u021ba Skoda au fost ridicate doar o parte din aceste acte, celelalte fiind distruse sau dosite.<\/h4>\r\n<h4 style=\"text-align: justify;\">Prejudiciile aduse statului rom\u00e2n nu se datorau lipsei de interes sau ignoran\u021bei. Semnificativ \u00een acest sens este documentul compromi\u021b\u0103tor publicat de ziarul \u201dDiminea\u021ba\u201d din 22 septembrie 1933 sub titlul <em>Un document \u00een afacerea Skoda<\/em>, de fapt, o scrisoare adresat\u0103 de Seletzki conducerii uzinelor Skoda la 1 septembrie 1931, \u00een care se ar\u0103ta c\u0103 \u201dMinisterul de r\u0103zboi s-a convins c\u0103 subsemnatul este \u00eensufle\u021bit de cele mai bune inten\u021biuni \u0219i nu va face nimic \u00een chestiunea armamentului pentru armat\u0103 \u0219i marin\u0103, precum \u0219i pentru avia\u021bie, f\u0103r\u0103 a cere sfatul meu.\u201d \u00cen aceast\u0103 scrisoare se repetau adeseori cuvintele \u201dromiman\u201d (comision), ministerul de finan\u021be ap\u0103rea sub numele de \u201dreprezentant al cauciucului\u201d, iar Ministerul Ap\u0103r\u0103rii Na\u021bionale era men\u021bionat ca \u201dreprezentant al lemnului\u201d. Ultimul era convins c\u0103 Seletzki \u2013 dup\u0103 cum relata \u00een scrisoare \u2013 <em>era \u00eensufle\u021bit de cele mai bune inten\u021biuni.<\/em> Epistola mai cuprindea \u0219i termenul \u201dAkyfxcsyafsyxhe\u201d, nume atribuit colonelului C. Georgescu care fusese delegat de Ministerul Ap\u0103r\u0103rii Na\u021bionale pe l\u00e2ng\u0103 reprezentan\u021ba Skoda. Dup\u0103 cum se men\u021biona \u00een articolul publicat \u00een ziarul \u201dDiminea\u021ba\u201d, acesta a beneficiat de un comision de peste 100000 lei drept recompens\u0103 pentru activitatea desf\u0103\u0219urat\u0103 \u00een defavoarea statului rom\u00e2n, adic\u0103 aceea de a informa \u201ddespre inten\u021biile Ministerului Ap\u0103r\u0103rii Na\u021bionale \u00een leg\u0103tur\u0103 cu comenzile, astfel \u00eenc\u00e2t s\u0103 fim \u00eentotdeauna la curent cu comenzile de material pentru armat\u0103.\u201d Semnificativ este \u0219i faptul c\u0103 \u00een perioada \u00een care Seletzki era \u00eenchis la Jilava, colonelul Georgescu nu a ezitat s\u0103-l viziteze.<\/h4>\r\n<h4 style=\"text-align: justify;\">Un alt colonel, Aristide T\u0103n\u0103sescu, care lucra la Direc\u021bia armamentului, sustr\u0103gea \u00een permanen\u021b\u0103 acte de la aceast\u0103 institu\u021bie, iar dup\u0103 ce a fost transferat \u00een alt\u0103 parte a continuat s\u0103 procure documente secrete prin intermediul domni\u0219oarei Doiu, dactilografa direc\u021biei, care avea grij\u0103 s\u0103-i pun\u0103 la dispozi\u021bie c\u00e2te o copie dup\u0103 documentele cele mai importante. \u00cen cele din urm\u0103, pentru a nu fi divulgat, colonelul T\u0103n\u0103sescu a fost nevoit s\u0103 o ia de so\u021bie pe \u201dserviabila\u201d dactilograf\u0103.<\/h4>\r\n<h4 style=\"text-align: justify;\">Scandalul \u00een jurul reprezentantului Skoda a izbucnit \u00een perioada guvern\u0103rii partidului Na\u021bional-\u021a\u0103r\u0103nist, ceea ce nu este de mirare, pentru c\u0103 tot atunci s-au f\u0103cut unele afaceri ce au st\u00e2rnit mult\u0103 v\u00e2lv\u0103. Este suficient s\u0103 ar\u0103t\u0103m c\u0103 \u00een perioada crizei economice, c\u00e2nd muncitorilor nu li se pl\u0103teau salariile \u0219i fuser\u0103 introduse a\u0219a-numitele curbe de sacrificiu, c\u00e2nd numero\u0219i func\u021bionari nu-\u0219i primeau salariile cuvenite, frunta\u0219ii na\u021bional-\u021b\u0103r\u0103ni\u0219ti \u0219i-au rotunjit averile \u00een numai \u0219ase luni. Romulus Boil\u0103, unul din frunta\u0219ii P.N.\u021a. \u0219i omul de \u00eencredere \u0219i de afaceri al lui Iuliu Maniu, era \u00een anul 1929 posesorul unei averi ne\u00eensemnate \u0219i avea datorii ce se ridicau la circa 42 milioane de lei. \u00cen anii de criz\u0103 Romului Boil\u0103 \u0219i-a achitat datoriile, \u0219i-a rotunjit averea p\u00e2n\u0103 la 10 milioane de lei, iar \u00een ziua de 5 septembrie 1930 a \u00eencasat de la un oarecare Wilhelm Radermacher, delegat al unui grup financiar fantomatic, colosala sum\u0103 de 71 milioane de lei. Cercetat de comisia pentru controlul averilor care func\u021biona pe l\u00e2ng\u0103 Curtea de Apel din Cluj, Romulus Boil\u0103 nu a putut justifica \u00eembog\u0103\u021birea sa ultrarapid\u0103 \u0219i nici banii pe care-i opera prin conturi fictive, iar Randermacher, audiat \u00een aceast\u0103 problem\u0103 de Comisia rogatorie de pe l\u00e2ngp Tribunalul din Weisbaden, a refuzat s\u0103 divulge \u201dgrupul secret\u201d \u00een numele c\u0103ruia pretindea c\u0103 a lucrat \u0219i care \u00eei oferise lui Boil\u0103, \u00een acoperire, suma de 71 milioane de lei. Pe bun\u0103 dreptate, liberalii, afla\u021bi pe atunci \u00een opozi\u021bie, se \u00eentrebau dac\u0103 nu cumva Romulus Boil\u0103 era \u0219i el un \u201dPalaelibus\u201d, \u0219i \u00eenc\u0103 unul dintre cei mari, dar totu\u0219i un intermediar.<\/h4>\r\n<h4 style=\"text-align: justify;\">La procesul celor implica\u021bi \u00een afacerea Skoda, care a avut loc \u00een Capital\u0103, a fost adeseori pronun\u021bat \u0219i numele lui Iuliu Maniu, dar s-a vorbit \u0219i despre al\u021bi demnitari care purtau, \u00eentr-un fel sau altul, vina celor \u00eent\u00e2mplate: Mihai Popovici, ministrul justi\u021biei, generalul Cihoschi, ministrul Ap\u0103r\u0103rii Na\u021bionale, generalul \u0218tef\u0103nescu Amza, care a urmat la conducerea ministerului etc.<\/h4>\r\n<h4 style=\"text-align: justify;\">Afacerea Skoda a intrat pe rol \u00een zorii zilei de 10 martie 1933, c\u00e2nd, la reprezentan\u021ba uzinelor din Bucure\u0219ti, agen\u021bi ai Ministerului de Finan\u021be, sesiza\u021bi de unele nereguli fiscale, de faptul c\u0103 Seletzki se sustr\u0103gea \u00een mod sistematic de la plata impozitelor care la sf\u00e2r\u0219itul anului 1932 se ridicau la circa 69 milioane de lei, au efectuat o descindere. Cercet\u0103rile \u00eentreprinse de organele financialre la sediul de pe strada Brati\u0219tei nr. 6 au relevat numeroase nereguli fiscale, dar, pe l\u00e2ng\u0103 acestea, studiul minu\u021bios al dosarelor a scos \u00een eviden\u021b\u0103 \u0219i activitatea de spionaj desf\u0103\u0219urat\u0103 de Seletzki. Chiar de la \u00eenceput aten\u021bia celor de la Ministerul de Finan\u021be a fost atras\u0103 de sumele cu care jongla reprezentantul Skodei, mult mai mari dec\u00e2t veniturile sale. E suficient s\u0103 men\u021bion\u0103m c\u0103 la salariul de 20000 de lei pe care Seletzki \u00eel primea pe lun\u0103 numai chiria pl\u0103tit\u0103 de el se ridica la 300000 de lei anual. De unde at\u00e2\u021bia bani? s-au \u00eentrebat organele financiare \u0219i au \u00eenceput s\u0103 r\u0103scoleasc\u0103 prin dosare, prin actele p\u0103strate \u00een casele de fier. \u00centruc\u00e2t \u00een urma studierii acestor acte a fost dovedit\u0103, f\u0103r\u0103 putin\u021b\u0103 de t\u0103gad\u0103, activitatea antistatal\u0103 a lui Seletzki, inspectorii fiscali au sesizat Siguran\u021ba general\u0103, Prefectura poli\u021biei \u0219i Parchetul militar. Ei au fost \u00eenlocui\u021bi cu ofi\u021beri de poli\u021bie, jandarmi \u0219i comisari regali; ace\u0219tia au extins cercet\u0103rile \u0219i la locuin\u021ba lui Seletzki, \u00een jurul c\u0103reia fuseser\u0103 instalate for\u021be de paz\u0103. Ancheta scotea treptat la iveal\u0103 fapte uluitoare. Pe m\u0103sur\u0103 ce r\u0103scoleau actele adunate de Seletzki, cei peste 20 de anchetatori descopereau afacerile veroase f\u0103ptuite de reprezentantul Skodei, spionajului practicat cu abilitate \u00eempotriva intereselor \u021b\u0103rii noastre. \u00cen fa\u021ba anchetatorilor se aflau acte \u0219i documente strict secrete, sustrase \u00een copie de la Ministerul Ap\u0103r\u0103rii Na\u021bionale, de la Marele Stat Major, de la Direc\u021bia armamentului. Vinov\u0103\u021bia lui Seletzki, precum \u0219i a celor care \u00eel sprijiniser\u0103 \u0219i \u00eei furnizaser\u0103 informa\u021bii era evident\u0103. Anchetatorii au comis \u00eens\u0103 o grav\u0103 gre\u0219eal\u0103: l-au neglijat pe cel anchetat. Seletzki \u00een persoan\u0103 a ap\u0103rut la locuin\u021ba sa, s-a strecurat p\u00e2n\u0103 la fereastr\u0103, de unde \u0219i-a aruncat o privire la spectacolul pe care i-l oferea ancheta, iar dup\u0103 aceea s-a f\u0103cut nev\u0103zut. La pu\u021bin timp dup\u0103 dispari\u021bia lui Seletzki, comisarul regal a fost chemat la telefon de Mihai Popovici, ministrul justi\u021biei, care, pretext\u00e2nd un \u00eenalt ordin, a dispus s\u0103 \u00eenceteze cercet\u0103rile \u0219i s\u0103 fie ridicate sentinelele, amenin\u021b\u00e2ndu-i totodat\u0103 pe cei care declan\u0219aser\u0103 ancheta. Un asemenea ordin nu putea fi dat dec\u00e2t de rege sau de primul ministru, Vaida-Voievod. Mai t\u00e2rziu Vaida-Voievod avea s\u0103 nege orice interven\u021bie, av\u00e2nd chiar un alibi: \u00een acel moment se afla \u00eempreun\u0103 cu Titulescu la doctorul Angelescu.<\/h4>\r\n<h4 style=\"text-align: justify;\"><\/h4>\r\n<figure id=\"attachment_1399\" aria-describedby=\"caption-attachment-1399\" style=\"width: 221px\" class=\"wp-caption aligncenter\"><a href=\"http:\/\/www.desteptati-va.ro\/wp-content\/uploads\/2011\/03\/442px-AlVaidaVoievod.jpg\"><img loading=\"lazy\" decoding=\"async\" class=\"size-medium wp-image-1399\" title=\"Alexandru Vaida-Voievod\" src=\"http:\/\/www.desteptati-va.ro\/wp-content\/uploads\/2011\/03\/442px-AlVaidaVoievod-221x300.jpg\" alt=\"Alexandru Vaida-Voievod\" width=\"221\" height=\"300\" \/><\/a><figcaption id=\"caption-attachment-1399\" class=\"wp-caption-text\">Alexandru Vaida-Voievod<\/figcaption><\/figure>\r\n<h4 style=\"text-align: justify;\">Anchetatorii au renun\u021bat cu greu la efectuarea cercet\u0103rilor. \u00cen cele din urm\u0103 ei s-au retras, nu \u00eenainte de a sigila casele de bani \u0219i arhivele, de a asigura birourile. Acelea\u0219i m\u0103suri au fost loate \u0219i la locuin\u021ba lui Seletzki. Dar \u00een noaptea urm\u0103toare, sfid\u00e2nd cu neru\u0219inare pe anchetatori, acesta a rupt sigiliile, a distrus \u0219i a dosit o parte dintre actele compromi\u021b\u0103toare. \u00cen aceast\u0103 ac\u021biune nes\u0103buit\u0103 Seletzki a mizat pe sprijinul celor pe care-i acoperea prin fapta sa, fiind con\u0219tient de importan\u021ba actelor sustrase, deosebit de compromi\u021b\u0103toare nu numai pentru el, pentru uzinele pe care le reprezenta, ci \u0219i pentru numero\u0219ii \u201dPalaelibus\u201d cu care lucrase, unii dintre ei \u00eendeajuns de puternici ca s\u0103-l poat\u0103 salva. Nu lipsit de semnifica\u021bie este \u0219i faptul c\u0103 \u00een seara zilei de 10 martie, dup\u0103 \u00eentreruperea cercet\u0103rilor, c\u00e2nd anchetatorii s-au \u00eendreptat spre cl\u0103direa Corpului 2 armat\u0103, pentru a prezenta generalului Uic\u0103 o parte din cocumentele ridicate de Seletzki, precum \u0219i protestul lor \u00eempotriva ordinului de \u00eencetare a cercet\u0103rilor, l-au \u00eent\u00e2lnit la intrare pe Seletzki care tocmai p\u0103r\u0103sea comandamentul. Acesta i-a privit cu mult\u0103 impertinen\u021b\u0103 iar fa\u021ba sa a shi\u021bat un z\u00e2mbet sfid\u0103tor.<\/h4>\r\n<h4 style=\"text-align: justify;\">\u00cen ziua urm\u0103toare, dup\u0103 discu\u021bii interminabile purtate \u00eentre parchetul militar, comandamentul Corpului 2 armat\u0103 \u0219i membrii guvernului, a fost dat\u0103 autoriza\u021bia pentru reluarea perchezi\u021biei. Mult prea t\u00e2rziu \u00eens\u0103. Continu\u00e2ndu-\u0219i cercet\u0103rile \u00een ziua de 12 martie, comisia de anchetp a constatat dispari\u021bia unor documente importante, dispari\u021bia principalelor probe.<\/h4>\r\n<h4 style=\"text-align: justify;\">Dac\u0103 \u00een diminea\u021ba zilei de 10 martie, anchetatorii \u00eencepuser\u0103 lucrul cu mult zel \u0219i se p\u0103rea c\u0103 vor fi descoperite toate firele agen\u021biei de spionaj, dup\u0103 reluarea anchetei cercet\u0103rile s-au desf\u0103\u0219urat greoi, iar principalii vinova\u021bi nu au fost sau nu au putut fi descoperi\u021bi. Generalului N. Samsonovici, pe atunci ministru al Ap\u0103r\u0103rii Na\u021bionale, nu-i r\u0103m\u00e2nea dec\u00e2t s\u0103 recunoasc\u0103, \u00eentr-o \u0219edin\u021b\u0103 a Senatului, c\u0103 \u201deste foarte regretabil, c\u0103 diferite acte g\u0103site la acest domn Seletzki au putut fi sustrase de la Ministerul Ap\u0103r\u0103rii Na\u021bionale.\u201d Sustragerea actelor a fost facilitat\u0103 de frecventele schimb\u0103ri ce au avut loc la acest minister (numai \u00een intervalul 1927-1932 la conducerea MapN s-au perindat \u0219ase mini\u0219tri), de u\u0219urin\u021ba cu care ofi\u021beri din conducerea deferitelor departamente au furnizat numeroase informa\u021bii ced\u00e2nd tenta\u021biei de a primi sume importante, oferite cu d\u0103rnicie de Seletzki. Ancheta \u00een cazul Seletzki a scos \u00een eviden\u021b\u0103 tocmai acest proces de corup\u021bie \u0219i de descompunere moral\u0103 existent la unii frunta\u0219i ai burgheziei rom\u00e2ne\u0219ti din acele vremuri, a relevat caren\u021bele de ordin contrainformativ existente \u00een \u00eens\u0103\u0219i conducerea Ministerului Ap\u0103r\u0103rii Na\u021bionale.<\/h4>\r\n<h4 style=\"text-align: justify;\">Probele concludente pe care le-a administrat comisia de anchet\u0103 au determinat arestarea lui Seletzki, care a fost apoi deferit justi\u021biei. Dar \u00eenainte de arestarea sa au fost luate toate m\u0103surile pentru a pre\u00eent\u00e2mpina izbucnirea unui conflict diplomatic cu Cehoslovacia, \u021bar\u0103 \u00een care \u00ee\u0219i aveau sediu uzinele Skoda. \u00cen acest scop, ministrul de externe al Rom\u00e2niei, Nicolae Titulescu, s-a consultat cu ambasadorul Cehoslovaciei la Bucure\u0219ti \u0219i cu Eduard Bene\u0219, omologul s\u0103u, explic\u00e2ndu-le situa\u021bia \u00een detaliu. \u00cen fa\u021ba probelor evidente prezeuntate de ministrul rom\u00e2n de externe, ace\u0219tia au fost de acord ca reprezentantul Skodei s\u0103 fie arestat \u0219i deferit justi\u021biei.<\/h4>\r\n<h4 style=\"text-align: justify;\">Seletzki nu \u0219i-a pierdut \u00eens\u0103 speran\u021belor, nu a dezn\u0103d\u0103jduit. El spera s\u0103 fie salvat \u00een primul r\u00e2nd de persoanele sus-puse cu care venise \u00een contact \u0219i cu care f\u0103cuse afaceri. De aceea pe timpul desf\u0103\u0219ur\u0103rii anchetei el a refuzat s\u0103 dea orice rela\u021bii despre aceste persoane. Totodat\u0103 Seletzki spera sa poat\u0103 \u00eemp\u0103r\u021bi \u00een continuare sume importante pentru a-\u0219i salva pielea. Dealtfel, \u00een timp ce se afla \u00eenchis la Jilava, el a \u00eencercat s\u0103-l mituiasc\u0103 pe comisarul regal, c\u0103ruia i-a promis nu mai pu\u021bin de un milion de lei, \u0219i pe generalul Uic\u0103, comandantul Corpului 2 de armat\u0103, c\u0103ruia \u00eei rezervase suma de 20 milioane de lei. \u00cen schimbul sumelor oferite Seletzki nu le cerea dec\u00e2t s\u0103-l scoat\u0103 de sub \u00eenvinuire, s\u0103-l elibereze. Dar de data aceasta el s-a \u00een\u0219elat.<\/h4>\r\n<h4 style=\"text-align: justify;\">Cercet\u0103rile \u0219i-au urmat cursul, fiind constituit\u0103 \u0219i o comisie de anchet\u0103 din partea Camerei Deputa\u021bilor \u0219i a Senatului. Aceast\u0103 comisie parlamentar\u0103, din care f\u0103ceau parte reprezentan\u021bi ai tuturor partidelor politice, \u0219i-a desf\u0103\u0219urat activitatea timp de o jum\u0103tate de an, reu\u0219ind s\u0103 adune cu minu\u021biozitate numeroase dovezi, s\u0103 culeag\u0103 probe \u0219i informa\u021bii, s\u0103 audieze un num\u0103r mare de martori. Totodat\u0103, comisia a procedat la verificarea provenien\u021bei averilor unor persoane implicate \u00een aceast\u0103 afacere. Dosarele \u00eentocmite de comisia parlamentar\u0103 de anchet\u0103 num\u0103rau peste 6000 de file, iar cele opt dosare ridicare de la Seletzki cuprindeau, de asemenea, mii de pagini, dovezi de necontestat, ale activit\u0103\u021bii antistatale desf\u0103\u0219urate de reprezentantul uzinei Skoda. Este suficient s\u0103 amintim c\u0103 printre documentele de dosar se aflau tabele cu calibrele tunurilor din \u00eenzestrarea armatei rom\u00e2ne, copii dup\u0103 contractele MapN \u00eencheiate cu uzinele furnizoare de armament \u0219i muni\u021bii din \u021bar\u0103 \u0219i din str\u0103in\u0103tate, copii dup\u0103 foile calificative ale ministerului \u0219i ale unor generali \u0219i ofi\u021beri superiori, copia raportului secret nr. 38 al \u0219efului Marelui Stat Major \u0219i alte rapoarte cu caracter secret, care interesau ap\u0103rarea \u021b\u0103rii. Prin urmare, Seletzki a investit sume importante \u00een scopul procur\u0103rii actelor necesare desf\u0103\u0219ur\u0103rii ac\u021biunilor de spionaj, pentru a putea impune apoi statului rom\u00e2n pre\u021buri exagerate, atunci c\u00e2nd era vorba de contractarea comenzilor cu uzinele Skoda.<\/h4>\r\n<h4 style=\"text-align: justify;\">O problem\u0103 important\u0103, cu impica\u021bii \u00een domeniul rela\u021biilor interna\u021bionale, a fost aceea a scoaterii din cauz\u0103 a uzinelor Skoda. Implicarea uzinelor Skoda \u00een procesul intentat lui Seletzki ar fi afectat nu numai rela\u021biile noastre cu Cehoslovacia, aliata Rom\u00e2niei \u00een cadrul Micii \u00centelegeri ci \u0219i cu Fran\u021ba, deoarece 60% din ac\u021biuni erau de\u021binute capitalul francez. Prin urmare, politicienii vremii aveau tot interesul s\u0103 scoat\u0103 din culp\u0103 Uzinele Skoda \u0219i s\u0103 treac\u0103 \u00eentreaga vin\u0103 pe seama lui Seletzki. Semnificativ\u0103 este \u00een acest sens p\u0103rerea primului ministru Alexandru Vaida-Voievod care spunea: \u201dCasa Skoda nu este \u00een chestiune \u0219i trebuie s\u0103 vorbim despre afacerea Seletzki, despre scandalul Seletzki, dar nu este permis s\u0103 confund\u0103m un om cu casa Skoda, c\u0103reia \u00eei datoram recuno\u0219tin\u021b\u0103 pentru trecut \u0219i a c\u0103rei reputa\u021bie trebuie s\u0103 fie ridicat\u0103 peste orice suspec\u021bie\u201d. Potrivit p\u0103rerii aceluia\u0219i prim-ministru, singura culp\u0103 a uzinelor Skoda a constat \u00een faptul c\u0103 nu a \u0219tiut \u201ds\u0103-\u0219i aleag\u0103 omul\u201d. Dar, dup\u0103 cum putem constata, uzinele \u0219i-au ales bine omul, care, potrivit p\u0103rerii unui alt deputat, \u201da reu\u0219it s\u0103 \u00eenfr\u0103\u021beasc\u0103 reprezentan\u021ba \u00een ordine economic\u0103 cu reprezentan\u021ba \u00een ordine de spionaj\u201d, \u00een timp ce pe\u0219tele cel mare revenea uzinelor, din care se \u00eenfrupta \u0219i Seletzki. Ceilal\u021bi \u2013 \u201dPalaelibus\u201d, \u201dGrias\u201d, \u201dArias\u201d, cum erau trecu\u021bi \u00een registre \u2013 \u00ee\u0219i primeau \u201dromimanul\u201d (comisionul) \u00een raport cu pozi\u021bia sau func\u021bia ocupat\u0103, cu gradul de tr\u0103dare, cu cantitatea de informa\u021bii furnizate reprezentantului uzinei Skoda. Dar nu numai uzinele Skoda ci \u0219i complicii lui Seletzki \u2013 militari \u0219i civili \u2013 au fost sco\u0219i din culp\u0103. Nu a r\u0103mas dec\u00e2t Seletzki, care s-a ales doar cu o pedeaps\u0103 de 5 ani.<\/h4>\r\n<h4 style=\"text-align: justify;\">Afacerea Skoda a relevat totodat\u0103 faptul c\u0103 Seletzki, prin manevre iscusite, dar \u0219i cu concursul generalului Henry Cihoschi, ministrul Ap\u0103r\u0103rii Na\u021bionale, \u0219i al altor politicieni \u0219i militari, care s-au pretat la comisioane substan\u021biale, a urm\u0103rit nu numai s\u0103 \u00eenl\u0103ture concuren\u021ba str\u0103in\u0103, ci \u0219i s\u0103 loveasc\u0103 f\u0103r\u0103 cru\u021bare \u00een uzinele rom\u00e2ne\u0219ti produc\u0103toare de armament, care se aflau la primele \u00eenceputuri.<\/h4>\r\n<h4 style=\"text-align: justify;\">Opinia public\u0103 din \u021bara noastr\u0103 a condamnat cu vehemen\u021b\u0103 actul de tr\u0103dare \u0219i a cerut cu hot\u0103r\u00e2re ca to\u021bi vinova\u021bii s\u0103 fie pedepsi\u021bi exemplar. Numai datorit\u0103 faptului c\u0103 \u00een aceast\u0103 afacere au fost implica\u021bi reprezenta\u021bi ai unor cercuri influente din \u021bar\u0103, vinova\u021bii \u2013 cu excep\u021bia lui Seletzki \u2013 au fost g\u0103si\u021bi nevinova\u021bi.<\/h4>\r\n<h4 style=\"text-align: justify;\"><em>Doctor \u00een drept Ion Bodunescu si profesor Ion Rusu-Sirianu, Descifrarea unei istorii necunoscute<\/em><\/h4>        <div class=\"booster-block booster-reactions-block\">\n            <div class=\"twp-reactions-icons\">\n                \n                <div class=\"twp-reacts-wrap\">\n                    <a react-data=\"be-react-1\" post-id=\"4169\" class=\"be-face-icons un-reacted\" href=\"javascript:void(0)\">\n                        <img decoding=\"async\" src=\"https:\/\/desteptati-va.ro\/wp-content\/plugins\/booster-extension\/\/assets\/icon\/happy.svg\" alt=\"Happy\">\n                    <\/a>\n                    <div class=\"twp-reaction-title\">\n                        Happy                    <\/div>\n                    <div class=\"twp-count-percent\">\n                                                    <span style=\"display: none;\" class=\"twp-react-count\">0<\/span>\n                        \n                                                <span class=\"twp-react-percent\"><span>0<\/span> %<\/span>\n                                            <\/div>\n                <\/div>\n\n                <div class=\"twp-reacts-wrap\">\n                    <a react-data=\"be-react-2\" post-id=\"4169\" class=\"be-face-icons un-reacted\" href=\"javascript:void(0)\">\n                        <img decoding=\"async\" src=\"https:\/\/desteptati-va.ro\/wp-content\/plugins\/booster-extension\/\/assets\/icon\/sad.svg\" alt=\"Sad\">\n                    <\/a>\n                    <div class=\"twp-reaction-title\">\n                        Sad                    <\/div>\n                    <div class=\"twp-count-percent\">\n                                                    <span style=\"display: none;\" class=\"twp-react-count\">0<\/span>\n                                                                        <span class=\"twp-react-percent\"><span>0<\/span> %<\/span>\n                                            <\/div>\n                <\/div>\n\n                <div class=\"twp-reacts-wrap\">\n                    <a react-data=\"be-react-3\" post-id=\"4169\" class=\"be-face-icons un-reacted\" href=\"javascript:void(0)\">\n                        <img decoding=\"async\" src=\"https:\/\/desteptati-va.ro\/wp-content\/plugins\/booster-extension\/\/assets\/icon\/excited.svg\" alt=\"Excited\">\n                    <\/a>\n                    <div class=\"twp-reaction-title\">\n                        Excited                    <\/div>\n                    <div class=\"twp-count-percent\">\n                                                    <span style=\"display: none;\" class=\"twp-react-count\">0<\/span>\n                                                                        <span class=\"twp-react-percent\"><span>0<\/span> %<\/span>\n                                            <\/div>\n                <\/div>\n\n                <div class=\"twp-reacts-wrap\">\n                    <a react-data=\"be-react-6\" post-id=\"4169\" class=\"be-face-icons un-reacted\" href=\"javascript:void(0)\">\n                        <img decoding=\"async\" src=\"https:\/\/desteptati-va.ro\/wp-content\/plugins\/booster-extension\/\/assets\/icon\/sleepy.svg\" alt=\"Sleepy\">\n                    <\/a>\n                    <div class=\"twp-reaction-title\">\n                        Sleepy                    <\/div>\n                    <div class=\"twp-count-percent\">\n                                                    <span style=\"display: none;\" class=\"twp-react-count\">0<\/span>\n                        \n                                                <span class=\"twp-react-percent\"><span>0<\/span> %<\/span>\n                                            <\/div>\n                <\/div>\n\n                <div class=\"twp-reacts-wrap\">\n                    <a react-data=\"be-react-4\" post-id=\"4169\" class=\"be-face-icons un-reacted\" href=\"javascript:void(0)\">\n                        <img decoding=\"async\" src=\"https:\/\/desteptati-va.ro\/wp-content\/plugins\/booster-extension\/\/assets\/icon\/angry.svg\" alt=\"Angry\">\n                    <\/a>\n                    <div class=\"twp-reaction-title\">Angry<\/div>\n                    <div class=\"twp-count-percent\">\n                                                    <span style=\"display: none;\" class=\"twp-react-count\">0<\/span>\n                                                                        <span class=\"twp-react-percent\"><span>0<\/span> %<\/span>\n                        \n                    <\/div>\n                <\/div>\n\n                <div class=\"twp-reacts-wrap\">\n                    <a react-data=\"be-react-5\" post-id=\"4169\" class=\"be-face-icons un-reacted\" href=\"javascript:void(0)\">\n                        <img decoding=\"async\" src=\"https:\/\/desteptati-va.ro\/wp-content\/plugins\/booster-extension\/\/assets\/icon\/surprise.svg\" alt=\"Surprise\">\n                    <\/a>\n                    <div class=\"twp-reaction-title\">Surprise<\/div>\n                    <div class=\"twp-count-percent\">\n                                                    <span style=\"display: none;\" class=\"twp-react-count\">0<\/span>\n                                                                        <span class=\"twp-react-percent\"><span>0<\/span> %<\/span>\n                                            <\/div>\n                <\/div>\n\n            <\/div>\n        <\/div>\n\n    <\/div>","protected":false},"excerpt":{"rendered":"<p>Timp de mai bine de un an, \u00eencep\u00e2nd din prim\u0103vara lui 1933, presa din \u021bara noastr\u0103 a publicat cu lux<a href=\"https:\/\/desteptati-va.ro\/index.php\/2021\/04\/20\/afacerea-skoda\/\">Read More<i class=\"fa fa-long-arrow-right\" aria-hidden=\"true\"><\/i><\/a><\/p>\n","protected":false},"author":1,"featured_media":4171,"comment_status":"open","ping_status":"open","sticky":false,"template":"","format":"standard","meta":{"_crdt_document":"","footnotes":""},"categories":[18],"tags":[1584,954,173,59,60,1585,258,1225,1586,310,1587,1588,1589,1590,1591,1592],"class_list":["post-4169","post","type-post","status-publish","format-standard","has-post-thumbnail","hentry","category-perioada-interbelica","tag-bruno-seletzki","tag-bucuresti","tag-cehoslovacia","tag-desteptati","tag-desteptati-va","tag-gheorghe-rujinski","tag-maniu","tag-mapn","tag-palaelibus","tag-pnt","tag-seletzki","tag-skoda","tag-tehnica-militara","tag-titulescu","tag-uzinele-skoda","tag-vaida-voievod"],"rise-blocks_total_comments":3,"rise-blocks_categories":[{"term_id":18,"name":"Perioada Interbelica","slug":"perioada-interbelica","term_group":0,"term_taxonomy_id":18,"taxonomy":"category","description":"","parent":0,"count":8,"filter":"raw"}],"rise-blocks_excerpt":"Timp de mai bine de un an, \u00eencep\u00e2nd din prim\u0103vara lui 1933, presa din \u021bara noastr\u0103 a publicat cu lux de am\u0103nunte numeroase materiale cu privire la scandalul izbucnit \u00een jurul reprezentantului Uzinelor Skoda la Bucure\u0219ti, Bruno Seletzki. Afacerea Skoda \u2013 cum a fost numit\u0103 \u00een presa vremii \u2013 a fost una dintre afacerile tipice din acele timpuri, prin care..","yoast_head":"<!-- This site is optimized with the Yoast SEO plugin v26.9 - https:\/\/yoast.com\/product\/yoast-seo-wordpress\/ -->\r\n<title>Afacerea Skoda -<\/title>\r\n<meta name=\"robots\" content=\"index, follow, max-snippet:-1, max-image-preview:large, max-video-preview:-1\" \/>\r\n<link rel=\"canonical\" href=\"https:\/\/desteptati-va.ro\/index.php\/2021\/04\/20\/afacerea-skoda\/\" \/>\r\n<meta property=\"og:locale\" content=\"ro_RO\" \/>\r\n<meta property=\"og:type\" content=\"article\" \/>\r\n<meta property=\"og:title\" content=\"Afacerea Skoda -\" \/>\r\n<meta property=\"og:description\" content=\"Timp de mai bine de un an, \u00eencep\u00e2nd din prim\u0103vara lui 1933, presa din \u021bara noastr\u0103 a publicat cu luxRead More\" \/>\r\n<meta property=\"og:url\" content=\"https:\/\/desteptati-va.ro\/index.php\/2021\/04\/20\/afacerea-skoda\/\" \/>\r\n<meta property=\"article:published_time\" content=\"2021-04-20T06:31:17+00:00\" \/>\r\n<meta property=\"og:image\" content=\"https:\/\/desteptati-va.ro\/wp-content\/uploads\/2021\/04\/aa2-1.jpg\" \/>\r\n\t<meta property=\"og:image:width\" content=\"394\" \/>\r\n\t<meta property=\"og:image:height\" content=\"201\" \/>\r\n\t<meta property=\"og:image:type\" content=\"image\/jpeg\" \/>\r\n<meta name=\"author\" content=\"wolfsoftcompany\" \/>\r\n<meta name=\"twitter:card\" content=\"summary_large_image\" \/>\r\n<meta name=\"twitter:label1\" content=\"Scris de\" \/>\n\t<meta name=\"twitter:data1\" content=\"wolfsoftcompany\" \/>\n\t<meta name=\"twitter:label2\" content=\"Timp estimat pentru citire\" \/>\n\t<meta name=\"twitter:data2\" content=\"19 minute\" \/>\r\n<script type=\"application\/ld+json\" class=\"yoast-schema-graph\">{\"@context\":\"https:\/\/schema.org\",\"@graph\":[{\"@type\":\"Article\",\"@id\":\"https:\/\/desteptati-va.ro\/index.php\/2021\/04\/20\/afacerea-skoda\/#article\",\"isPartOf\":{\"@id\":\"https:\/\/desteptati-va.ro\/index.php\/2021\/04\/20\/afacerea-skoda\/\"},\"author\":{\"name\":\"wolfsoftcompany\",\"@id\":\"https:\/\/desteptati-va.ro\/#\/schema\/person\/13182deeebd44920914899f7bb262d6b\"},\"headline\":\"Afacerea Skoda\",\"datePublished\":\"2021-04-20T06:31:17+00:00\",\"mainEntityOfPage\":{\"@id\":\"https:\/\/desteptati-va.ro\/index.php\/2021\/04\/20\/afacerea-skoda\/\"},\"wordCount\":3845,\"commentCount\":0,\"image\":{\"@id\":\"https:\/\/desteptati-va.ro\/index.php\/2021\/04\/20\/afacerea-skoda\/#primaryimage\"},\"thumbnailUrl\":\"https:\/\/desteptati-va.ro\/wp-content\/uploads\/2021\/04\/aa2-1.jpg\",\"keywords\":[\"Bruno Seletzki\",\"Bucuresti\",\"Cehoslovacia\",\"desteptati\",\"desteptati-va\",\"Gheorghe Rujinski\",\"Maniu\",\"MAPN\",\"Palaelibus\",\"PNT\",\"Seletzki\",\"Skoda\",\"tehnica militara\",\"Titulescu\",\"Uzinele Skoda\",\"Vaida-Voievod\"],\"articleSection\":[\"Perioada Interbelica\"],\"inLanguage\":\"ro-RO\",\"potentialAction\":[{\"@type\":\"CommentAction\",\"name\":\"Comment\",\"target\":[\"https:\/\/desteptati-va.ro\/index.php\/2021\/04\/20\/afacerea-skoda\/#respond\"]}]},{\"@type\":\"WebPage\",\"@id\":\"https:\/\/desteptati-va.ro\/index.php\/2021\/04\/20\/afacerea-skoda\/\",\"url\":\"https:\/\/desteptati-va.ro\/index.php\/2021\/04\/20\/afacerea-skoda\/\",\"name\":\"Afacerea Skoda -\",\"isPartOf\":{\"@id\":\"https:\/\/desteptati-va.ro\/#website\"},\"primaryImageOfPage\":{\"@id\":\"https:\/\/desteptati-va.ro\/index.php\/2021\/04\/20\/afacerea-skoda\/#primaryimage\"},\"image\":{\"@id\":\"https:\/\/desteptati-va.ro\/index.php\/2021\/04\/20\/afacerea-skoda\/#primaryimage\"},\"thumbnailUrl\":\"https:\/\/desteptati-va.ro\/wp-content\/uploads\/2021\/04\/aa2-1.jpg\",\"datePublished\":\"2021-04-20T06:31:17+00:00\",\"author\":{\"@id\":\"https:\/\/desteptati-va.ro\/#\/schema\/person\/13182deeebd44920914899f7bb262d6b\"},\"breadcrumb\":{\"@id\":\"https:\/\/desteptati-va.ro\/index.php\/2021\/04\/20\/afacerea-skoda\/#breadcrumb\"},\"inLanguage\":\"ro-RO\",\"potentialAction\":[{\"@type\":\"ReadAction\",\"target\":[\"https:\/\/desteptati-va.ro\/index.php\/2021\/04\/20\/afacerea-skoda\/\"]}]},{\"@type\":\"ImageObject\",\"inLanguage\":\"ro-RO\",\"@id\":\"https:\/\/desteptati-va.ro\/index.php\/2021\/04\/20\/afacerea-skoda\/#primaryimage\",\"url\":\"https:\/\/desteptati-va.ro\/wp-content\/uploads\/2021\/04\/aa2-1.jpg\",\"contentUrl\":\"https:\/\/desteptati-va.ro\/wp-content\/uploads\/2021\/04\/aa2-1.jpg\",\"width\":394,\"height\":201},{\"@type\":\"BreadcrumbList\",\"@id\":\"https:\/\/desteptati-va.ro\/index.php\/2021\/04\/20\/afacerea-skoda\/#breadcrumb\",\"itemListElement\":[{\"@type\":\"ListItem\",\"position\":1,\"name\":\"Prima pagin\u0103\",\"item\":\"https:\/\/desteptati-va.ro\/\"},{\"@type\":\"ListItem\",\"position\":2,\"name\":\"Afacerea Skoda\"}]},{\"@type\":\"WebSite\",\"@id\":\"https:\/\/desteptati-va.ro\/#website\",\"url\":\"https:\/\/desteptati-va.ro\/\",\"name\":\"\",\"description\":\"\",\"potentialAction\":[{\"@type\":\"SearchAction\",\"target\":{\"@type\":\"EntryPoint\",\"urlTemplate\":\"https:\/\/desteptati-va.ro\/?s={search_term_string}\"},\"query-input\":{\"@type\":\"PropertyValueSpecification\",\"valueRequired\":true,\"valueName\":\"search_term_string\"}}],\"inLanguage\":\"ro-RO\"},{\"@type\":\"Person\",\"@id\":\"https:\/\/desteptati-va.ro\/#\/schema\/person\/13182deeebd44920914899f7bb262d6b\",\"name\":\"wolfsoftcompany\",\"image\":{\"@type\":\"ImageObject\",\"inLanguage\":\"ro-RO\",\"@id\":\"https:\/\/desteptati-va.ro\/#\/schema\/person\/image\/\",\"url\":\"https:\/\/secure.gravatar.com\/avatar\/a6cce9b6d101d27d91690e7073e300fed94c0899890bf998e082cb9d2c3d121e?s=96&d=mm&r=g\",\"contentUrl\":\"https:\/\/secure.gravatar.com\/avatar\/a6cce9b6d101d27d91690e7073e300fed94c0899890bf998e082cb9d2c3d121e?s=96&d=mm&r=g\",\"caption\":\"wolfsoftcompany\"},\"sameAs\":[\"http:\/\/desteptati-va.ro\"],\"url\":\"https:\/\/desteptati-va.ro\/index.php\/author\/wolfsoftcompany\/\"}]}<\/script>\r\n<!-- \/ Yoast SEO plugin. -->","yoast_head_json":{"title":"Afacerea Skoda -","robots":{"index":"index","follow":"follow","max-snippet":"max-snippet:-1","max-image-preview":"max-image-preview:large","max-video-preview":"max-video-preview:-1"},"canonical":"https:\/\/desteptati-va.ro\/index.php\/2021\/04\/20\/afacerea-skoda\/","og_locale":"ro_RO","og_type":"article","og_title":"Afacerea Skoda -","og_description":"Timp de mai bine de un an, \u00eencep\u00e2nd din prim\u0103vara lui 1933, presa din \u021bara noastr\u0103 a publicat cu luxRead More","og_url":"https:\/\/desteptati-va.ro\/index.php\/2021\/04\/20\/afacerea-skoda\/","article_published_time":"2021-04-20T06:31:17+00:00","og_image":[{"width":394,"height":201,"url":"https:\/\/desteptati-va.ro\/wp-content\/uploads\/2021\/04\/aa2-1.jpg","type":"image\/jpeg"}],"author":"wolfsoftcompany","twitter_card":"summary_large_image","twitter_misc":{"Scris de":"wolfsoftcompany","Timp estimat pentru citire":"19 minute"},"schema":{"@context":"https:\/\/schema.org","@graph":[{"@type":"Article","@id":"https:\/\/desteptati-va.ro\/index.php\/2021\/04\/20\/afacerea-skoda\/#article","isPartOf":{"@id":"https:\/\/desteptati-va.ro\/index.php\/2021\/04\/20\/afacerea-skoda\/"},"author":{"name":"wolfsoftcompany","@id":"https:\/\/desteptati-va.ro\/#\/schema\/person\/13182deeebd44920914899f7bb262d6b"},"headline":"Afacerea Skoda","datePublished":"2021-04-20T06:31:17+00:00","mainEntityOfPage":{"@id":"https:\/\/desteptati-va.ro\/index.php\/2021\/04\/20\/afacerea-skoda\/"},"wordCount":3845,"commentCount":0,"image":{"@id":"https:\/\/desteptati-va.ro\/index.php\/2021\/04\/20\/afacerea-skoda\/#primaryimage"},"thumbnailUrl":"https:\/\/desteptati-va.ro\/wp-content\/uploads\/2021\/04\/aa2-1.jpg","keywords":["Bruno Seletzki","Bucuresti","Cehoslovacia","desteptati","desteptati-va","Gheorghe Rujinski","Maniu","MAPN","Palaelibus","PNT","Seletzki","Skoda","tehnica militara","Titulescu","Uzinele Skoda","Vaida-Voievod"],"articleSection":["Perioada Interbelica"],"inLanguage":"ro-RO","potentialAction":[{"@type":"CommentAction","name":"Comment","target":["https:\/\/desteptati-va.ro\/index.php\/2021\/04\/20\/afacerea-skoda\/#respond"]}]},{"@type":"WebPage","@id":"https:\/\/desteptati-va.ro\/index.php\/2021\/04\/20\/afacerea-skoda\/","url":"https:\/\/desteptati-va.ro\/index.php\/2021\/04\/20\/afacerea-skoda\/","name":"Afacerea Skoda -","isPartOf":{"@id":"https:\/\/desteptati-va.ro\/#website"},"primaryImageOfPage":{"@id":"https:\/\/desteptati-va.ro\/index.php\/2021\/04\/20\/afacerea-skoda\/#primaryimage"},"image":{"@id":"https:\/\/desteptati-va.ro\/index.php\/2021\/04\/20\/afacerea-skoda\/#primaryimage"},"thumbnailUrl":"https:\/\/desteptati-va.ro\/wp-content\/uploads\/2021\/04\/aa2-1.jpg","datePublished":"2021-04-20T06:31:17+00:00","author":{"@id":"https:\/\/desteptati-va.ro\/#\/schema\/person\/13182deeebd44920914899f7bb262d6b"},"breadcrumb":{"@id":"https:\/\/desteptati-va.ro\/index.php\/2021\/04\/20\/afacerea-skoda\/#breadcrumb"},"inLanguage":"ro-RO","potentialAction":[{"@type":"ReadAction","target":["https:\/\/desteptati-va.ro\/index.php\/2021\/04\/20\/afacerea-skoda\/"]}]},{"@type":"ImageObject","inLanguage":"ro-RO","@id":"https:\/\/desteptati-va.ro\/index.php\/2021\/04\/20\/afacerea-skoda\/#primaryimage","url":"https:\/\/desteptati-va.ro\/wp-content\/uploads\/2021\/04\/aa2-1.jpg","contentUrl":"https:\/\/desteptati-va.ro\/wp-content\/uploads\/2021\/04\/aa2-1.jpg","width":394,"height":201},{"@type":"BreadcrumbList","@id":"https:\/\/desteptati-va.ro\/index.php\/2021\/04\/20\/afacerea-skoda\/#breadcrumb","itemListElement":[{"@type":"ListItem","position":1,"name":"Prima pagin\u0103","item":"https:\/\/desteptati-va.ro\/"},{"@type":"ListItem","position":2,"name":"Afacerea Skoda"}]},{"@type":"WebSite","@id":"https:\/\/desteptati-va.ro\/#website","url":"https:\/\/desteptati-va.ro\/","name":"","description":"","potentialAction":[{"@type":"SearchAction","target":{"@type":"EntryPoint","urlTemplate":"https:\/\/desteptati-va.ro\/?s={search_term_string}"},"query-input":{"@type":"PropertyValueSpecification","valueRequired":true,"valueName":"search_term_string"}}],"inLanguage":"ro-RO"},{"@type":"Person","@id":"https:\/\/desteptati-va.ro\/#\/schema\/person\/13182deeebd44920914899f7bb262d6b","name":"wolfsoftcompany","image":{"@type":"ImageObject","inLanguage":"ro-RO","@id":"https:\/\/desteptati-va.ro\/#\/schema\/person\/image\/","url":"https:\/\/secure.gravatar.com\/avatar\/a6cce9b6d101d27d91690e7073e300fed94c0899890bf998e082cb9d2c3d121e?s=96&d=mm&r=g","contentUrl":"https:\/\/secure.gravatar.com\/avatar\/a6cce9b6d101d27d91690e7073e300fed94c0899890bf998e082cb9d2c3d121e?s=96&d=mm&r=g","caption":"wolfsoftcompany"},"sameAs":["http:\/\/desteptati-va.ro"],"url":"https:\/\/desteptati-va.ro\/index.php\/author\/wolfsoftcompany\/"}]}},"_links":{"self":[{"href":"https:\/\/desteptati-va.ro\/index.php\/wp-json\/wp\/v2\/posts\/4169","targetHints":{"allow":["GET"]}}],"collection":[{"href":"https:\/\/desteptati-va.ro\/index.php\/wp-json\/wp\/v2\/posts"}],"about":[{"href":"https:\/\/desteptati-va.ro\/index.php\/wp-json\/wp\/v2\/types\/post"}],"author":[{"embeddable":true,"href":"https:\/\/desteptati-va.ro\/index.php\/wp-json\/wp\/v2\/users\/1"}],"replies":[{"embeddable":true,"href":"https:\/\/desteptati-va.ro\/index.php\/wp-json\/wp\/v2\/comments?post=4169"}],"version-history":[{"count":1,"href":"https:\/\/desteptati-va.ro\/index.php\/wp-json\/wp\/v2\/posts\/4169\/revisions"}],"predecessor-version":[{"id":4172,"href":"https:\/\/desteptati-va.ro\/index.php\/wp-json\/wp\/v2\/posts\/4169\/revisions\/4172"}],"wp:featuredmedia":[{"embeddable":true,"href":"https:\/\/desteptati-va.ro\/index.php\/wp-json\/wp\/v2\/media\/4171"}],"wp:attachment":[{"href":"https:\/\/desteptati-va.ro\/index.php\/wp-json\/wp\/v2\/media?parent=4169"}],"wp:term":[{"taxonomy":"category","embeddable":true,"href":"https:\/\/desteptati-va.ro\/index.php\/wp-json\/wp\/v2\/categories?post=4169"},{"taxonomy":"post_tag","embeddable":true,"href":"https:\/\/desteptati-va.ro\/index.php\/wp-json\/wp\/v2\/tags?post=4169"}],"curies":[{"name":"wp","href":"https:\/\/api.w.org\/{rel}","templated":true}]}}