{"id":4176,"date":"2021-04-20T06:36:16","date_gmt":"2021-04-20T06:36:16","guid":{"rendered":"http:\/\/desteptati.ro\/?p=4176"},"modified":"2021-04-20T06:36:16","modified_gmt":"2021-04-20T06:36:16","slug":"opinca-romaneasca-pe-parlamentul-de-la-budapesta","status":"publish","type":"post","link":"https:\/\/desteptati-va.ro\/index.php\/2021\/04\/20\/opinca-romaneasca-pe-parlamentul-de-la-budapesta\/","title":{"rendered":"Opinca rom\u00e2neasc\u0103 pe Parlamentul de la Budapesta"},"content":{"rendered":"<div class=\"post-content\"><div class='booster-block booster-read-block'>\n                <div class=\"twp-read-time\">\n                \t<i class=\"booster-icon twp-clock\"><\/i> <span>Read Time:<\/span>6 Minute, 35 Second                <\/div>\n\n            <\/div><h4 style=\"text-align: justify;\"><em>Acest episod, intrat deja \u00een folclor, este unul real \u015fi redau aici descrierea lui f\u0103cut\u0103 de generalul Marcel Olteanu, fost guvernator al Budapestei \u00een timpul ocupa\u0163iei rom\u00e2ne\u015fti a Ungariei, \u00eentre august \u015fi noiembrie 1919. A ap\u0103rut ini\u0163ial \u00een cartea sa \u201cHuzarul negru\u201d, 1926, \u015fi a fost preluat \u00een reeditarea c\u0103r\u0163ii generalului Gheorghe M\u0103rd\u0103rescu (foto, pe terasa hotelului Ghelert din Budapesta), \u201cCampania pentru desrobirea Ardealului \u015fi ocuparea Budapestei\u201d, 1922, realizat\u0103 de Editura Marist sub titlul \u201cCampania pentru desrobirea Ardealului \u015fi ocuparea Budapestei \u2013 \u015fi alte m\u0103rturii\u201d, 2010.<\/em><\/h4>\r\n<h4 style=\"text-align: justify;\">\u2026\u015ei-au intrat trupele noastre \u00een Budapesta la \u00eenceputul lunii august 1919.\r\nPalatul Parlamentului maghiar a fost pus sub paza unui pluton de v\u00e2n\u0103tori. \u015eeful g\u0103rzii de la intrarea principal\u0103 era sergentul Iordan, un oltean de la Craiova, potrivit de stat, negru, uscat \u015fi foarte vioi.\r\nDeasupra palatului a v\u0103zut Iordan cum f\u00e2lf\u00e2ia \u00een v\u00e2nt flamura ungureasc\u0103, ro\u015fu-verde-alb.\r\nFaptul acesta nu l-a sup\u0103rat prea tare, dar nici nu i-a pl\u0103cut\u2026 D\u00e2ndu-\u015fi capela pe ceaf\u0103 \u015fi sc\u0103rpin\u00eendu-se dup\u0103 ureche \u015fi-a zis: \u201cS\u0103 dau jos steagul unguresc \u015fi s\u0103 pun fanionul de la companie?\u2026 Asta ar \u015fti \u015fi madama de la popota domnilor ofi\u0163eri s-o fac\u0103\u2026\u201d\r\n\u201cDar am s\u0103 chibzuiesc \u00een a\u015fa fel ca s\u0103 r\u0103m\u00e2n\u0103 de pomin\u0103 \u015fi s\u0103 fie \u015fi talpa Rom\u00e2niei r\u0103zbunat\u0103\u2026\u201d\r\nZis \u015fi f\u0103cut.\r\nChem\u00e2nd pe c\u0103prarul Bivolaru, s-au suit \u00een norii Budapestei \u015fi au cobor\u00e2t steagul \u00een lungul sforii, drept la jum\u0103tatea steajerului \u015fi, lu\u00e2nd apoi opinca r\u0103suflat\u0103 a c\u0103prarului, s-a urcat ca un pui de urs \u015fi a pus-o drept c\u0103ciul\u0103 \u00een capul steajerului, l\u0103s\u00e2ndu-i noji\u0163ele s-at\u00eerne-n v\u00e2nt. \u015ei a\u015fa a f\u00e2lf\u00e2it mult\u0103 vreme \u00een cerul Budapestei steagul maghiar cu opinca rom\u00e2neasc\u0103 deasupra lui\u2026\r\n\u2026.\r\n\u201cCine oare s\u0103 fi f\u0103cut aceast\u0103 tragic\u0103 glum\u0103? \u00eemi zise tovar\u0103\u015ful meu de preumblare, domnul Ferency, un distins avocat pe care \u00eel cunoscusem \u00een metropola maghiar\u0103; \u015fi zic\u00e2nd, \u00eemi ar\u0103t\u0103 cu m\u00e2na priveli\u015ftea original\u0103 \u015fi nea\u015fteptat\u0103, care oprea \u00een drum \u015fi \u00eentorcea capetele \u015fi altor trec\u0103tori, ca fiind cel mai caracteristic \u015fi ironic simbol al \u00eengrozitoarei realit\u0103\u0163i, al catastrofalei pr\u0103bu\u015firi a unui organism orgolios \u015fi despotic, tocmai sub c\u0103lc\u00e2iul acelui organism pe care \u0163inuse genunchiul de fier at\u00eet amar de vreme, pe care \u00eentotdeauna l-a considerat nevrednic de lumina soarelui \u015fi de care totu\u015fi o via\u0163\u0103-ntreag\u0103 s-a temut\u2026\r\n\u201cCine oare s\u0103 fi dat v\u00e2ntului \u015fi s\u0103 fi ilustrat cu at\u00eeta m\u0103iestrie \u015fi at\u00eet de dureros dezastrul iremediabil al regatului Sf\u00eentului \u015etefan?\u201d, mai rosti domnul Ferency, cu privirea trist\u0103, pierdut\u0103 \u00een v\u0103zduh, \u00eentreb\u00eend parc\u0103 cerul unguresc, dezolant de senin \u00een ziua aceea.\r\nApoi se \u00eentoarse cu privirea spre mine, \u015fi de\u015fi nu mai zicea nimic, am \u00een\u0163eles c\u0103 ar vroi o l\u0103murire.\r\n\u00cemi era mil\u0103 de el, c\u0103ci era un om distins la sim\u0163ire.\r\n\u201cM\u0103 voi interesa, domnule doctor\u201d, \u00eei zisei cu o nuan\u0163\u0103 de \u00eenduio\u015fare \u015fi, apropiindu-m\u0103 de santinel\u0103, \u00eei spusei s\u0103 strige pe \u015feful g\u0103rzii.\r\n\u201cEste chiar acolea, domnule general\u201d, \u00eemi r\u0103spunse v\u00e2n\u0103torul mic \u015fi \u00eendesat, \u00eencord\u00eendu-se \u015fi f\u0103c\u00e2nd cu capul un gest despre cheiul Dun\u0103rii.\r\n&#8211; Cum \u00eel cheam\u0103?\r\n&#8211; Don sergent Iordan.\r\n&#8211; Dar tu \u015ftii cine a dat ordin de s-a aciuat opinca ceea deasupra steagului unguresc?\r\n&#8211; Da, domnule general, chiar don sergent a dat ordin azi diminea\u0163\u0103 \u015fi tot d\u00e2nsul a \u015fi executat ordinul\u2026 acum st\u0103 de un ceas acolo s\u0103 vad\u0103 ce-o s\u0103 zic\u0103 lumea \u015fi tot \u00een cer se uit\u0103 ca s\u0103 \u00eendemne \u015fi pe al\u0163ii\u2026\r\nM\u0103-ntorc pu\u0163in spre st\u00e2nga \u015fi nu departe z\u0103resc un sergent \u015fi un c\u0103prar, care, f\u0103r\u0103 s\u0103 m\u0103 bage \u00een seam\u0103, gustau cu frenezie roadele ispr\u0103vii lor \u2013 ilustra\u0163ia magistral\u0103 a unui moment istoric.\r\nPriveau c\u00e2nd la trec\u0103torii enerva\u0163i \u015fi sanchii, c\u00e2nd la opinca impertinent\u0103, \u015fi pe fe\u0163ele lor tuciurii \u015fi asprite de viforul vremilor se l\u0103murea cea mai des\u0103v\u00eer\u015fit\u0103 satisfac\u0163ie. P\u0103reau ni\u015fte inspira\u0163i \u015fi ni\u015fte draci geniali.\r\n\u00centreaga oaste rom\u00e2neasc\u0103, \u00eentreaga na\u0163ie mi s-au p\u0103rut c\u0103 se oglindesc \u00een ace\u015fti doi zdren\u0163\u0103ro\u015fi, sublimi chiar prin gradul de perfec\u0163iune la care poate ajunge o zdrean\u0163\u0103\u2026\r\nDe-a\u015f fi fost singur! \u2013 O! i-a\u015f fi privit ceasuri \u00eentregi f\u0103r\u0103 s\u0103 m\u0103 satur\u2026 \u015ei \u2013 poate, i-a\u015f fi luat de g\u00e2t \u015fi i-a\u015f fi s\u0103rutat!\r\nDar!\u2026 le-am f\u0103cut semn s\u0103 se apropie \u015fi, ar\u0103t\u00e2nd domnului Ferency pe sergent, i-am zis \u00eencet, foarte \u00eencet:\r\n\u201cAcesta este glume\u0163ul, care f\u0103r\u0103 o inten\u0163ie r\u0103ut\u0103cioas\u0103, desigur, \u015fi cu toat\u0103 naivitatea unui pozna\u015f, te-a f\u0103cut poate s\u0103 suferi\u2026\u201d\r\n\u015ei domnul Ferency, sc\u0103ld\u00e2ndu-\u015fi ochii \u00eentre genele-i umede, mi-a replicat cu ad\u00e2nc\u0103 melancolie:\r\n\u201cDac\u0103 din sufletul \u015fi mintea unui simplu \u0163\u0103ran ca acesta s-a desprins o asemenea pozn\u0103, atunci nu m\u0103 mir c\u0103 sunte\u0163i aici\u2026\u201d\r\n\u00cen dup\u0103-amiaza aceleia\u015fi zile, m-am \u00eendreptat din nou spre Palatul Parlamentului.\r\nM\u0103 sim\u0163eam dator fa\u0163\u0103 de Iordan; trebuia s\u0103-i dau ceea ce \u00een fa\u0163a durerii domnului Ferency, nu i-am putut da.\r\nL-am chemat \u2013 era nedesp\u0103r\u0163it de Bivolaru -, mi-a povestit cum i-a dat \u00een g\u00e2nd \u015fi cum a \u00eenf\u0103ptuit isprava lui.\r\nL-am l\u0103udat \u015fi mi-am plimbat m\u00e2na mult pe fa\u0163a lui supt\u0103 \u015fi radioas\u0103 \u015fi i-am dat un pachet de \u0163ig\u0103ri regale.\r\n\u015ei nu \u015ftiu cum, m-am pomenit c\u0103 iau de nas pe c\u0103prarul Bivolaru, care se tot apropia de mine \u015fi pe care, cu c\u00e2t \u00eel priveam, cu at\u00eet mai mult punea st\u0103p\u00eenire pe firea mea.\r\nEra mic de statur\u0103, fa\u0163a \u00eei era smead\u0103 \u015fi foarte p\u00e2rlit\u0103 de soare \u015fi v\u00e2nt; \u00een fundul capului purta ni\u015fte ochi mici, c\u0103prui \u015fi sc\u0103p\u0103r\u0103tori. Avea din\u0163i m\u0103run\u0163i, albi \u015fi frumo\u015fi, \u015fi peste buza ars\u0103 de frigurile ostenelilor abia mijea o musta\u0163\u0103 ro\u015fcovan\u0103 \u2013 un vulpoi de Mehedin\u0163i.\r\nPurta capela pe spr\u00e2ncean\u0103, iar \u00een ce prive\u015fte \u00eembr\u0103c\u0103mintea p\u0103rea \u00eenf\u0103\u015furat cu totul \u00eentr-un covor de petice, c\u0103ruia expresia lui \u00eei d\u0103dea ceva din prestan\u0163a unor od\u0103jdii de samurai japonez fanatic.\r\nO crest\u0103tur\u0103 ad\u00e2nc\u0103 \u00eei st\u0103p\u00e2nea obrazul st\u00e2ng \u015fi alta mai lat\u0103 se r\u0103sf\u0103\u0163a pe g\u00e2t sub urechea dreapt\u0103; mai \u00een sus de m\u00e2n\u0103, pe antebra\u0163ul st\u00e2ng, se z\u0103rea o cicatrice respectabil\u0103\u2026\r\nL-am \u00eentrebat unde a fost r\u0103nit. Mi-a r\u0103spuns cu nai-vitate \u015fi scurt: \u201cPeste tot, domnule general\u201d. \u015ei desf\u0103c\u00e2nd repede o moletier\u0103, mi-a ar\u0103tat o ran\u0103 de schij\u0103, abia vindecat\u0103, la pulpa dreapt\u0103; apoi, descheind singurul nasture pe care \u00eel mai avea la veston, puse degetul pe o d\u00e2r\u0103 de baionet\u0103 \u00een lungul coastelor din dreapta care se vedea \u00een \u00eentregime printre cele c\u00e2teva \u015fuvi\u0163e de p\u00e2nz\u0103 destr\u0103mat\u0103 ce alc\u0103tuiau c\u0103ma\u015fa lui Bivolaru. \u015ei era gata s\u0103-mi mai arate, dar l-am \u00eentrerupt: \u201cBine, bine\u2026 v\u0103d c\u0103 e\u015fti crestat ca un r\u0103boj; dar unde ai c\u0103p\u0103tat r\u0103nile? \u00cen ce lupte?\u2026\u201d\r\n\u015ei iar\u0103\u015fi c\u00e2ntecul lui: \u201cPeste tot, domnule general. \u00cen Carpa\u0163i, la R\u0103\u015finari, la Olt, la Siret, la Oituz \u015fi chiar pe Tisa \u00een aprilie, c\u0103 eu, domnule general, am fost poate \u00een patruzeci de atacuri mari \u015fi, \u00een adev\u0103r, eu sunt r\u0103bojul ispr\u0103vilor regimentului nostru\u2026 pe mine sunt crestate toate de la 1916 \u00eencoace\u2026 \u015fi nu m\u0103 las nici mort!\u2026\u201d\r\n&#8211; Ei, \u015fi acum \u00ee\u0163i pare bine c\u0103 f\u0103cur\u0103m Rom\u00e2nia Mare \u015fi c\u0103 faci de gard\u0103, tu, c\u0103praru Bivolaru de la Mehedin\u0163i, tocmai aci la Budapesta?\r\n\u015ei el, \u00eencord\u00e2ndu-se \u015fi privindu-m\u0103 sold\u0103\u0163e\u015fte drept \u00een lumina ochilor, \u00eemi r\u0103spunse sf\u0103tos \u015fi cu m\u00e2ndrie:\r\n\u201cE lucru mare, domnule general\u2026 Dar\u2026 am auzit\u0103r\u0103 c\u0103 mai e \u015fi o Vien\u0103!\u2026\u201d\r\nAcestui nebun \u00een toate min\u0163ile, acestui prototip al zdren\u0163elor noastre glorioase de la 1917, care \u00ee\u015fi da seama perfect p\u00e2n\u0103 unde se poate \u00eentinde fizice\u015fte Rom\u00e2nia Mare, nu-i intra totu\u015fi \u00een cap c\u0103 numai pentru ce vedea s-a ostenit el \u015fi at\u00e2\u0163ia au albit meleagurile cu oasele lor.\r\nEl, Bivolaru, sinteza neamului s\u0103u, elegant la sim\u0163ire \u015fi la g\u00e2ndire, f\u0103r\u0103 s\u0103 poat\u0103 exprima, \u00een\u0163elegea totu\u015fi numai una: \u201cfaima \u015fi duhul rom\u00e2nesc c\u00eet mai departe, \u015fi peste Rom\u00e2nia-Mare, Rom\u00e2nia spiritual\u0103, Rom\u00e2nia f\u0103r\u0103 hotare\u201d.<\/h4>\r\n<h4><em>General Marcel Olteanu\r\n\u201cHuzarul Negru\u201d, 1926<\/em><\/h4>        <div class=\"booster-block booster-reactions-block\">\n            <div class=\"twp-reactions-icons\">\n                \n                <div class=\"twp-reacts-wrap\">\n                    <a react-data=\"be-react-1\" post-id=\"4176\" class=\"be-face-icons un-reacted\" href=\"javascript:void(0)\">\n                        <img decoding=\"async\" src=\"https:\/\/desteptati-va.ro\/wp-content\/plugins\/booster-extension\/\/assets\/icon\/happy.svg\" alt=\"Happy\">\n                    <\/a>\n                    <div class=\"twp-reaction-title\">\n                        Happy                    <\/div>\n                    <div class=\"twp-count-percent\">\n                                                    <span style=\"display: none;\" class=\"twp-react-count\">0<\/span>\n                        \n                                                <span class=\"twp-react-percent\"><span>0<\/span> %<\/span>\n                                            <\/div>\n                <\/div>\n\n                <div class=\"twp-reacts-wrap\">\n                    <a react-data=\"be-react-2\" post-id=\"4176\" class=\"be-face-icons un-reacted\" href=\"javascript:void(0)\">\n                        <img decoding=\"async\" src=\"https:\/\/desteptati-va.ro\/wp-content\/plugins\/booster-extension\/\/assets\/icon\/sad.svg\" alt=\"Sad\">\n                    <\/a>\n                    <div class=\"twp-reaction-title\">\n                        Sad                    <\/div>\n                    <div class=\"twp-count-percent\">\n                                                    <span style=\"display: none;\" class=\"twp-react-count\">0<\/span>\n                                                                        <span class=\"twp-react-percent\"><span>0<\/span> %<\/span>\n                                            <\/div>\n                <\/div>\n\n                <div class=\"twp-reacts-wrap\">\n                    <a react-data=\"be-react-3\" post-id=\"4176\" class=\"be-face-icons un-reacted\" href=\"javascript:void(0)\">\n                        <img decoding=\"async\" src=\"https:\/\/desteptati-va.ro\/wp-content\/plugins\/booster-extension\/\/assets\/icon\/excited.svg\" alt=\"Excited\">\n                    <\/a>\n                    <div class=\"twp-reaction-title\">\n                        Excited                    <\/div>\n                    <div class=\"twp-count-percent\">\n                                                    <span style=\"display: none;\" class=\"twp-react-count\">0<\/span>\n                                                                        <span class=\"twp-react-percent\"><span>0<\/span> %<\/span>\n                                            <\/div>\n                <\/div>\n\n                <div class=\"twp-reacts-wrap\">\n                    <a react-data=\"be-react-6\" post-id=\"4176\" class=\"be-face-icons un-reacted\" href=\"javascript:void(0)\">\n                        <img decoding=\"async\" src=\"https:\/\/desteptati-va.ro\/wp-content\/plugins\/booster-extension\/\/assets\/icon\/sleepy.svg\" alt=\"Sleepy\">\n                    <\/a>\n                    <div class=\"twp-reaction-title\">\n                        Sleepy                    <\/div>\n                    <div class=\"twp-count-percent\">\n                                                    <span style=\"display: none;\" class=\"twp-react-count\">0<\/span>\n                        \n                                                <span class=\"twp-react-percent\"><span>0<\/span> %<\/span>\n                                            <\/div>\n                <\/div>\n\n                <div class=\"twp-reacts-wrap\">\n                    <a react-data=\"be-react-4\" post-id=\"4176\" class=\"be-face-icons un-reacted\" href=\"javascript:void(0)\">\n                        <img decoding=\"async\" src=\"https:\/\/desteptati-va.ro\/wp-content\/plugins\/booster-extension\/\/assets\/icon\/angry.svg\" alt=\"Angry\">\n                    <\/a>\n                    <div class=\"twp-reaction-title\">Angry<\/div>\n                    <div class=\"twp-count-percent\">\n                                                    <span style=\"display: none;\" class=\"twp-react-count\">0<\/span>\n                                                                        <span class=\"twp-react-percent\"><span>0<\/span> %<\/span>\n                        \n                    <\/div>\n                <\/div>\n\n                <div class=\"twp-reacts-wrap\">\n                    <a react-data=\"be-react-5\" post-id=\"4176\" class=\"be-face-icons un-reacted\" href=\"javascript:void(0)\">\n                        <img decoding=\"async\" src=\"https:\/\/desteptati-va.ro\/wp-content\/plugins\/booster-extension\/\/assets\/icon\/surprise.svg\" alt=\"Surprise\">\n                    <\/a>\n                    <div class=\"twp-reaction-title\">Surprise<\/div>\n                    <div class=\"twp-count-percent\">\n                                                    <span style=\"display: none;\" class=\"twp-react-count\">0<\/span>\n                                                                        <span class=\"twp-react-percent\"><span>0<\/span> %<\/span>\n                                            <\/div>\n                <\/div>\n\n            <\/div>\n        <\/div>\n\n    <\/div>","protected":false},"excerpt":{"rendered":"<p>Acest episod, intrat deja \u00een folclor, este unul real \u015fi redau aici descrierea lui f\u0103cut\u0103 de generalul Marcel Olteanu, fost<a href=\"https:\/\/desteptati-va.ro\/index.php\/2021\/04\/20\/opinca-romaneasca-pe-parlamentul-de-la-budapesta\/\">Read More<i class=\"fa fa-long-arrow-right\" aria-hidden=\"true\"><\/i><\/a><\/p>\n","protected":false},"author":1,"featured_media":4178,"comment_status":"open","ping_status":"open","sticky":false,"template":"","format":"standard","meta":{"_crdt_document":"","footnotes":""},"categories":[18,28],"tags":[1611,1612,671,1613,59,60,1614,1615,1616,1297,1617,1618],"class_list":["post-4176","post","type-post","status-publish","format-standard","has-post-thumbnail","hentry","category-perioada-interbelica","category-secvente-istorice","tag-arborare","tag-bivolaru","tag-budapesta","tag-caprar","tag-desteptati","tag-desteptati-va","tag-iordan","tag-marcel-olteanu","tag-opinca","tag-parlament","tag-sergent","tag-steag"],"rise-blocks_total_comments":0,"rise-blocks_categories":[{"term_id":18,"name":"Perioada Interbelica","slug":"perioada-interbelica","term_group":0,"term_taxonomy_id":18,"taxonomy":"category","description":"","parent":0,"count":8,"filter":"raw"}],"rise-blocks_excerpt":"Acest episod, intrat deja \u00een folclor, este unul real \u015fi redau aici descrierea lui f\u0103cut\u0103 de generalul Marcel Olteanu, fost guvernator al Budapestei \u00een timpul ocupa\u0163iei rom\u00e2ne\u015fti a Ungariei, \u00eentre august \u015fi noiembrie 1919. A ap\u0103rut ini\u0163ial \u00een cartea sa \u201cHuzarul negru\u201d, 1926, \u015fi a fost preluat \u00een reeditarea c\u0103r\u0163ii generalului Gheorghe M\u0103rd\u0103rescu (foto, pe terasa hotelului Ghelert din Budapesta),..","yoast_head":"<!-- This site is optimized with the Yoast SEO plugin v26.9 - https:\/\/yoast.com\/product\/yoast-seo-wordpress\/ -->\r\n<title>Opinca rom\u00e2neasc\u0103 pe Parlamentul de la Budapesta -<\/title>\r\n<meta name=\"robots\" content=\"index, follow, max-snippet:-1, max-image-preview:large, max-video-preview:-1\" \/>\r\n<link rel=\"canonical\" href=\"https:\/\/desteptati-va.ro\/index.php\/2021\/04\/20\/opinca-romaneasca-pe-parlamentul-de-la-budapesta\/\" \/>\r\n<meta property=\"og:locale\" content=\"ro_RO\" \/>\r\n<meta property=\"og:type\" content=\"article\" \/>\r\n<meta property=\"og:title\" content=\"Opinca rom\u00e2neasc\u0103 pe Parlamentul de la Budapesta -\" \/>\r\n<meta property=\"og:description\" content=\"Acest episod, intrat deja \u00een folclor, este unul real \u015fi redau aici descrierea lui f\u0103cut\u0103 de generalul Marcel Olteanu, fostRead More\" \/>\r\n<meta property=\"og:url\" content=\"https:\/\/desteptati-va.ro\/index.php\/2021\/04\/20\/opinca-romaneasca-pe-parlamentul-de-la-budapesta\/\" \/>\r\n<meta property=\"article:published_time\" content=\"2021-04-20T06:36:16+00:00\" \/>\r\n<meta property=\"og:image\" content=\"https:\/\/desteptati-va.ro\/wp-content\/uploads\/2021\/04\/1-an-e1609254638114-1.jpg\" \/>\r\n\t<meta property=\"og:image:width\" content=\"266\" \/>\r\n\t<meta property=\"og:image:height\" content=\"201\" \/>\r\n\t<meta property=\"og:image:type\" content=\"image\/jpeg\" \/>\r\n<meta name=\"author\" content=\"wolfsoftcompany\" \/>\r\n<meta name=\"twitter:card\" content=\"summary_large_image\" \/>\r\n<meta name=\"twitter:label1\" content=\"Scris de\" \/>\n\t<meta name=\"twitter:data1\" content=\"wolfsoftcompany\" \/>\n\t<meta name=\"twitter:label2\" content=\"Timp estimat pentru citire\" \/>\n\t<meta name=\"twitter:data2\" content=\"8 minute\" \/>\r\n<script type=\"application\/ld+json\" class=\"yoast-schema-graph\">{\"@context\":\"https:\/\/schema.org\",\"@graph\":[{\"@type\":\"Article\",\"@id\":\"https:\/\/desteptati-va.ro\/index.php\/2021\/04\/20\/opinca-romaneasca-pe-parlamentul-de-la-budapesta\/#article\",\"isPartOf\":{\"@id\":\"https:\/\/desteptati-va.ro\/index.php\/2021\/04\/20\/opinca-romaneasca-pe-parlamentul-de-la-budapesta\/\"},\"author\":{\"name\":\"wolfsoftcompany\",\"@id\":\"https:\/\/desteptati-va.ro\/#\/schema\/person\/13182deeebd44920914899f7bb262d6b\"},\"headline\":\"Opinca rom\u00e2neasc\u0103 pe Parlamentul de la Budapesta\",\"datePublished\":\"2021-04-20T06:36:16+00:00\",\"mainEntityOfPage\":{\"@id\":\"https:\/\/desteptati-va.ro\/index.php\/2021\/04\/20\/opinca-romaneasca-pe-parlamentul-de-la-budapesta\/\"},\"wordCount\":1511,\"commentCount\":0,\"image\":{\"@id\":\"https:\/\/desteptati-va.ro\/index.php\/2021\/04\/20\/opinca-romaneasca-pe-parlamentul-de-la-budapesta\/#primaryimage\"},\"thumbnailUrl\":\"https:\/\/desteptati-va.ro\/wp-content\/uploads\/2021\/04\/1-an-e1609254638114-1.jpg\",\"keywords\":[\"arborare\",\"bivolaru\",\"Budapesta\",\"caprar\",\"desteptati\",\"desteptati-va\",\"iordan\",\"marcel olteanu\",\"opinca\",\"parlament\",\"sergent\",\"steag\"],\"articleSection\":[\"Perioada Interbelica\",\"Secvente Istorice\"],\"inLanguage\":\"ro-RO\",\"potentialAction\":[{\"@type\":\"CommentAction\",\"name\":\"Comment\",\"target\":[\"https:\/\/desteptati-va.ro\/index.php\/2021\/04\/20\/opinca-romaneasca-pe-parlamentul-de-la-budapesta\/#respond\"]}]},{\"@type\":\"WebPage\",\"@id\":\"https:\/\/desteptati-va.ro\/index.php\/2021\/04\/20\/opinca-romaneasca-pe-parlamentul-de-la-budapesta\/\",\"url\":\"https:\/\/desteptati-va.ro\/index.php\/2021\/04\/20\/opinca-romaneasca-pe-parlamentul-de-la-budapesta\/\",\"name\":\"Opinca rom\u00e2neasc\u0103 pe Parlamentul de la Budapesta -\",\"isPartOf\":{\"@id\":\"https:\/\/desteptati-va.ro\/#website\"},\"primaryImageOfPage\":{\"@id\":\"https:\/\/desteptati-va.ro\/index.php\/2021\/04\/20\/opinca-romaneasca-pe-parlamentul-de-la-budapesta\/#primaryimage\"},\"image\":{\"@id\":\"https:\/\/desteptati-va.ro\/index.php\/2021\/04\/20\/opinca-romaneasca-pe-parlamentul-de-la-budapesta\/#primaryimage\"},\"thumbnailUrl\":\"https:\/\/desteptati-va.ro\/wp-content\/uploads\/2021\/04\/1-an-e1609254638114-1.jpg\",\"datePublished\":\"2021-04-20T06:36:16+00:00\",\"author\":{\"@id\":\"https:\/\/desteptati-va.ro\/#\/schema\/person\/13182deeebd44920914899f7bb262d6b\"},\"breadcrumb\":{\"@id\":\"https:\/\/desteptati-va.ro\/index.php\/2021\/04\/20\/opinca-romaneasca-pe-parlamentul-de-la-budapesta\/#breadcrumb\"},\"inLanguage\":\"ro-RO\",\"potentialAction\":[{\"@type\":\"ReadAction\",\"target\":[\"https:\/\/desteptati-va.ro\/index.php\/2021\/04\/20\/opinca-romaneasca-pe-parlamentul-de-la-budapesta\/\"]}]},{\"@type\":\"ImageObject\",\"inLanguage\":\"ro-RO\",\"@id\":\"https:\/\/desteptati-va.ro\/index.php\/2021\/04\/20\/opinca-romaneasca-pe-parlamentul-de-la-budapesta\/#primaryimage\",\"url\":\"https:\/\/desteptati-va.ro\/wp-content\/uploads\/2021\/04\/1-an-e1609254638114-1.jpg\",\"contentUrl\":\"https:\/\/desteptati-va.ro\/wp-content\/uploads\/2021\/04\/1-an-e1609254638114-1.jpg\",\"width\":266,\"height\":201},{\"@type\":\"BreadcrumbList\",\"@id\":\"https:\/\/desteptati-va.ro\/index.php\/2021\/04\/20\/opinca-romaneasca-pe-parlamentul-de-la-budapesta\/#breadcrumb\",\"itemListElement\":[{\"@type\":\"ListItem\",\"position\":1,\"name\":\"Prima pagin\u0103\",\"item\":\"https:\/\/desteptati-va.ro\/\"},{\"@type\":\"ListItem\",\"position\":2,\"name\":\"Opinca rom\u00e2neasc\u0103 pe Parlamentul de la Budapesta\"}]},{\"@type\":\"WebSite\",\"@id\":\"https:\/\/desteptati-va.ro\/#website\",\"url\":\"https:\/\/desteptati-va.ro\/\",\"name\":\"\",\"description\":\"\",\"potentialAction\":[{\"@type\":\"SearchAction\",\"target\":{\"@type\":\"EntryPoint\",\"urlTemplate\":\"https:\/\/desteptati-va.ro\/?s={search_term_string}\"},\"query-input\":{\"@type\":\"PropertyValueSpecification\",\"valueRequired\":true,\"valueName\":\"search_term_string\"}}],\"inLanguage\":\"ro-RO\"},{\"@type\":\"Person\",\"@id\":\"https:\/\/desteptati-va.ro\/#\/schema\/person\/13182deeebd44920914899f7bb262d6b\",\"name\":\"wolfsoftcompany\",\"image\":{\"@type\":\"ImageObject\",\"inLanguage\":\"ro-RO\",\"@id\":\"https:\/\/desteptati-va.ro\/#\/schema\/person\/image\/\",\"url\":\"https:\/\/secure.gravatar.com\/avatar\/a6cce9b6d101d27d91690e7073e300fed94c0899890bf998e082cb9d2c3d121e?s=96&d=mm&r=g\",\"contentUrl\":\"https:\/\/secure.gravatar.com\/avatar\/a6cce9b6d101d27d91690e7073e300fed94c0899890bf998e082cb9d2c3d121e?s=96&d=mm&r=g\",\"caption\":\"wolfsoftcompany\"},\"sameAs\":[\"http:\/\/desteptati-va.ro\"],\"url\":\"https:\/\/desteptati-va.ro\/index.php\/author\/wolfsoftcompany\/\"}]}<\/script>\r\n<!-- \/ Yoast SEO plugin. -->","yoast_head_json":{"title":"Opinca rom\u00e2neasc\u0103 pe Parlamentul de la Budapesta -","robots":{"index":"index","follow":"follow","max-snippet":"max-snippet:-1","max-image-preview":"max-image-preview:large","max-video-preview":"max-video-preview:-1"},"canonical":"https:\/\/desteptati-va.ro\/index.php\/2021\/04\/20\/opinca-romaneasca-pe-parlamentul-de-la-budapesta\/","og_locale":"ro_RO","og_type":"article","og_title":"Opinca rom\u00e2neasc\u0103 pe Parlamentul de la Budapesta -","og_description":"Acest episod, intrat deja \u00een folclor, este unul real \u015fi redau aici descrierea lui f\u0103cut\u0103 de generalul Marcel Olteanu, fostRead More","og_url":"https:\/\/desteptati-va.ro\/index.php\/2021\/04\/20\/opinca-romaneasca-pe-parlamentul-de-la-budapesta\/","article_published_time":"2021-04-20T06:36:16+00:00","og_image":[{"width":266,"height":201,"url":"https:\/\/desteptati-va.ro\/wp-content\/uploads\/2021\/04\/1-an-e1609254638114-1.jpg","type":"image\/jpeg"}],"author":"wolfsoftcompany","twitter_card":"summary_large_image","twitter_misc":{"Scris de":"wolfsoftcompany","Timp estimat pentru citire":"8 minute"},"schema":{"@context":"https:\/\/schema.org","@graph":[{"@type":"Article","@id":"https:\/\/desteptati-va.ro\/index.php\/2021\/04\/20\/opinca-romaneasca-pe-parlamentul-de-la-budapesta\/#article","isPartOf":{"@id":"https:\/\/desteptati-va.ro\/index.php\/2021\/04\/20\/opinca-romaneasca-pe-parlamentul-de-la-budapesta\/"},"author":{"name":"wolfsoftcompany","@id":"https:\/\/desteptati-va.ro\/#\/schema\/person\/13182deeebd44920914899f7bb262d6b"},"headline":"Opinca rom\u00e2neasc\u0103 pe Parlamentul de la Budapesta","datePublished":"2021-04-20T06:36:16+00:00","mainEntityOfPage":{"@id":"https:\/\/desteptati-va.ro\/index.php\/2021\/04\/20\/opinca-romaneasca-pe-parlamentul-de-la-budapesta\/"},"wordCount":1511,"commentCount":0,"image":{"@id":"https:\/\/desteptati-va.ro\/index.php\/2021\/04\/20\/opinca-romaneasca-pe-parlamentul-de-la-budapesta\/#primaryimage"},"thumbnailUrl":"https:\/\/desteptati-va.ro\/wp-content\/uploads\/2021\/04\/1-an-e1609254638114-1.jpg","keywords":["arborare","bivolaru","Budapesta","caprar","desteptati","desteptati-va","iordan","marcel olteanu","opinca","parlament","sergent","steag"],"articleSection":["Perioada Interbelica","Secvente Istorice"],"inLanguage":"ro-RO","potentialAction":[{"@type":"CommentAction","name":"Comment","target":["https:\/\/desteptati-va.ro\/index.php\/2021\/04\/20\/opinca-romaneasca-pe-parlamentul-de-la-budapesta\/#respond"]}]},{"@type":"WebPage","@id":"https:\/\/desteptati-va.ro\/index.php\/2021\/04\/20\/opinca-romaneasca-pe-parlamentul-de-la-budapesta\/","url":"https:\/\/desteptati-va.ro\/index.php\/2021\/04\/20\/opinca-romaneasca-pe-parlamentul-de-la-budapesta\/","name":"Opinca rom\u00e2neasc\u0103 pe Parlamentul de la Budapesta -","isPartOf":{"@id":"https:\/\/desteptati-va.ro\/#website"},"primaryImageOfPage":{"@id":"https:\/\/desteptati-va.ro\/index.php\/2021\/04\/20\/opinca-romaneasca-pe-parlamentul-de-la-budapesta\/#primaryimage"},"image":{"@id":"https:\/\/desteptati-va.ro\/index.php\/2021\/04\/20\/opinca-romaneasca-pe-parlamentul-de-la-budapesta\/#primaryimage"},"thumbnailUrl":"https:\/\/desteptati-va.ro\/wp-content\/uploads\/2021\/04\/1-an-e1609254638114-1.jpg","datePublished":"2021-04-20T06:36:16+00:00","author":{"@id":"https:\/\/desteptati-va.ro\/#\/schema\/person\/13182deeebd44920914899f7bb262d6b"},"breadcrumb":{"@id":"https:\/\/desteptati-va.ro\/index.php\/2021\/04\/20\/opinca-romaneasca-pe-parlamentul-de-la-budapesta\/#breadcrumb"},"inLanguage":"ro-RO","potentialAction":[{"@type":"ReadAction","target":["https:\/\/desteptati-va.ro\/index.php\/2021\/04\/20\/opinca-romaneasca-pe-parlamentul-de-la-budapesta\/"]}]},{"@type":"ImageObject","inLanguage":"ro-RO","@id":"https:\/\/desteptati-va.ro\/index.php\/2021\/04\/20\/opinca-romaneasca-pe-parlamentul-de-la-budapesta\/#primaryimage","url":"https:\/\/desteptati-va.ro\/wp-content\/uploads\/2021\/04\/1-an-e1609254638114-1.jpg","contentUrl":"https:\/\/desteptati-va.ro\/wp-content\/uploads\/2021\/04\/1-an-e1609254638114-1.jpg","width":266,"height":201},{"@type":"BreadcrumbList","@id":"https:\/\/desteptati-va.ro\/index.php\/2021\/04\/20\/opinca-romaneasca-pe-parlamentul-de-la-budapesta\/#breadcrumb","itemListElement":[{"@type":"ListItem","position":1,"name":"Prima pagin\u0103","item":"https:\/\/desteptati-va.ro\/"},{"@type":"ListItem","position":2,"name":"Opinca rom\u00e2neasc\u0103 pe Parlamentul de la Budapesta"}]},{"@type":"WebSite","@id":"https:\/\/desteptati-va.ro\/#website","url":"https:\/\/desteptati-va.ro\/","name":"","description":"","potentialAction":[{"@type":"SearchAction","target":{"@type":"EntryPoint","urlTemplate":"https:\/\/desteptati-va.ro\/?s={search_term_string}"},"query-input":{"@type":"PropertyValueSpecification","valueRequired":true,"valueName":"search_term_string"}}],"inLanguage":"ro-RO"},{"@type":"Person","@id":"https:\/\/desteptati-va.ro\/#\/schema\/person\/13182deeebd44920914899f7bb262d6b","name":"wolfsoftcompany","image":{"@type":"ImageObject","inLanguage":"ro-RO","@id":"https:\/\/desteptati-va.ro\/#\/schema\/person\/image\/","url":"https:\/\/secure.gravatar.com\/avatar\/a6cce9b6d101d27d91690e7073e300fed94c0899890bf998e082cb9d2c3d121e?s=96&d=mm&r=g","contentUrl":"https:\/\/secure.gravatar.com\/avatar\/a6cce9b6d101d27d91690e7073e300fed94c0899890bf998e082cb9d2c3d121e?s=96&d=mm&r=g","caption":"wolfsoftcompany"},"sameAs":["http:\/\/desteptati-va.ro"],"url":"https:\/\/desteptati-va.ro\/index.php\/author\/wolfsoftcompany\/"}]}},"_links":{"self":[{"href":"https:\/\/desteptati-va.ro\/index.php\/wp-json\/wp\/v2\/posts\/4176","targetHints":{"allow":["GET"]}}],"collection":[{"href":"https:\/\/desteptati-va.ro\/index.php\/wp-json\/wp\/v2\/posts"}],"about":[{"href":"https:\/\/desteptati-va.ro\/index.php\/wp-json\/wp\/v2\/types\/post"}],"author":[{"embeddable":true,"href":"https:\/\/desteptati-va.ro\/index.php\/wp-json\/wp\/v2\/users\/1"}],"replies":[{"embeddable":true,"href":"https:\/\/desteptati-va.ro\/index.php\/wp-json\/wp\/v2\/comments?post=4176"}],"version-history":[{"count":1,"href":"https:\/\/desteptati-va.ro\/index.php\/wp-json\/wp\/v2\/posts\/4176\/revisions"}],"predecessor-version":[{"id":4179,"href":"https:\/\/desteptati-va.ro\/index.php\/wp-json\/wp\/v2\/posts\/4176\/revisions\/4179"}],"wp:featuredmedia":[{"embeddable":true,"href":"https:\/\/desteptati-va.ro\/index.php\/wp-json\/wp\/v2\/media\/4178"}],"wp:attachment":[{"href":"https:\/\/desteptati-va.ro\/index.php\/wp-json\/wp\/v2\/media?parent=4176"}],"wp:term":[{"taxonomy":"category","embeddable":true,"href":"https:\/\/desteptati-va.ro\/index.php\/wp-json\/wp\/v2\/categories?post=4176"},{"taxonomy":"post_tag","embeddable":true,"href":"https:\/\/desteptati-va.ro\/index.php\/wp-json\/wp\/v2\/tags?post=4176"}],"curies":[{"name":"wp","href":"https:\/\/api.w.org\/{rel}","templated":true}]}}