{"id":4180,"date":"2021-04-20T06:37:36","date_gmt":"2021-04-20T06:37:36","guid":{"rendered":"http:\/\/desteptati.ro\/?p=4180"},"modified":"2021-04-20T06:37:36","modified_gmt":"2021-04-20T06:37:36","slug":"pilotii-orbi-mircea-eliade-1937","status":"publish","type":"post","link":"https:\/\/desteptati-va.ro\/index.php\/2021\/04\/20\/pilotii-orbi-mircea-eliade-1937\/","title":{"rendered":"Pilo\u0163ii orbi, Mircea Eliade, 1937"},"content":{"rendered":"<div class=\"post-content\"><div class='booster-block booster-read-block'>\n                <div class=\"twp-read-time\">\n                \t<i class=\"booster-icon twp-clock\"><\/i> <span>Read Time:<\/span>7 Minute, 49 Second                <\/div>\n\n            <\/div><h4 style=\"text-align: justify;\">&#8222;Imoralitatea clasei conduc\u0103toare rom\u00e2ne\u015fti, care de\u0163ine &#8222;puterea&#8221; politic\u0103 de la 1918 \u00eencoace, nu este cea mai grav\u0103 crim\u0103 a ei. C\u0103 s-a furat ca \u00een codru, c\u0103 s-a distrus burghezia na\u0163ional\u0103 \u00een folosul elementelor alogene, c\u0103 s-a n\u0103p\u0103stuit \u0163\u0103r\u0103nimea, c\u0103 s-a introdus politicianismul \u00een administra\u0163ie \u015fi \u00eenv\u0103\u0163\u0103m\u00e2nt, c\u0103 s-au dezna\u0163ionalizat profesiunile libere &#8211; toate aceste crime \u00eempotriva siguran\u0163ei statului \u015fi toate aceste atentate contra fiin\u0163ei neamului nostru ar putea &#8211; dup\u0103 marea victorie final\u0103 &#8211; s\u0103 fie iertate. Memoria genera\u0163iilor viitoare va p\u0103stra, cum se cuvine, eforturile \u015fi eroismul anilor cumpli\u0163i 1916-1918 &#8211; l\u0103s\u00e2nd s\u0103 se a\u015ftearn\u0103 uitarea asupra \u00eentunecatei epoci care a urmat unirii tuturor rom\u00e2nilor.<\/h4>\r\n<h4 style=\"text-align: justify;\">Dar cred c\u0103 este o crim\u0103 care nu va putea fi niciodat\u0103 uitat\u0103: ace\u015fti aproape dou\u0103zeci de ani care s-au scurs de la unire. Ani pe care nu numai c\u0103 i-am pierdut (\u015fi c\u00e2nd vom mai avea \u00eenaintea noastr\u0103 o epoc\u0103 sigur\u0103 de pace at\u00e2t de \u00eendelungat\u0103?!) &#8211; dar i-am folosit cu statornic\u0103 voluptate la surparea lent\u0103 a statului rom\u00e2nesc modern. Clasa noastr\u0103 conduc\u0103toare, care a avut fr\u00e2nele destinului rom\u00e2nesc de la \u00eentregire \u00eencoace, s-a f\u0103cut vinovat\u0103 de cea mai grav\u0103 tr\u0103dare care poate \u00eenfiera o elit\u0103 politic\u0103 \u00een fa\u0163a contemporanilor \u015fi \u00een fa\u0163a istoriei: pierderea instinctului statal, totala incapacitate politic\u0103. Nu e vorba despre o simpl\u0103 g\u0103in\u0103rie politicianist\u0103, de un milion sau o sut\u0103 de milioane furate, de corup\u0163ie, bac\u015fi\u015furi, demagogie \u015fi \u015fantaje. Este ceva infinit mai grav, care poate primejdui \u00eens\u0103\u015fi existen\u0163a istoric\u0103 a neamului rom\u00e2nesc: oamenii care ne-au condus \u015fi ne conduc nu mai v\u0103d.<\/h4>\r\n<h4 style=\"text-align: justify;\">\u00centr-una dintre cele mai tragice, mai furtunoase \u015fi mai primejdioase epoci pe care le-a cunoscut mult \u00eencercata Europ\u0103 &#8211; luntrea statului nostru este condus\u0103 de ni\u015fte pilo\u0163i orbi. Acum, c\u00e2nd se preg\u0103te\u015fte marea lupt\u0103 dup\u0103 care se va \u015fti cine merit\u0103 s\u0103 supravie\u0163uiasc\u0103 \u015fi cine \u00ee\u015fi merit\u0103 soarta de rob &#8211; elita noastr\u0103 conduc\u0103toare \u00ee\u015fi continu\u0103 micile sau marile afaceri, micile sau marile b\u0103t\u0103lii electorale, micile sau marile reforme moarte.\r\nNici nu mai g\u0103se\u015fti cuvinte de revolt\u0103. Critica, insulta, amenin\u0163area &#8211; toate acestea sunt zadarnice. Oamenii ace\u015ftia sunt invalizi: nu mai v\u0103d, nu mai aud, nu mai simt. Instinctul de c\u0103petenie al elitelor politice, instinctul statal, s-a stins.<\/h4>\r\n<h4 style=\"text-align: justify;\">Istoria cunoa\u015fte unele exemple tragice de state \u00eenfloritoare \u015fi puternice care au pierit \u00een mai pu\u0163in de 100 de ani f\u0103r\u0103 ca nimeni s\u0103 \u00een\u0163eleag\u0103 de ce. Oamenii erau tot at\u00e2t de cumsecade, solda\u0163ii tot at\u00e2t de viteji, femeile tot at\u00e2t de roditoare, holdele tot at\u00e2t de bogate. Nu s-a \u00eent\u00e2mplat nici un cataclism \u00eentre timp. \u015ei deodat\u0103, statele acestea pier, dispar din istorie. \u00cen c\u00e2teva sute de ani dup\u0103 aceea, cet\u0103\u0163enii fostelor state glorioase \u00ee\u015fi pierd limba, credin\u0163ele, obiceiurile \u015fi sunt \u00eenghi\u0163i\u0163i de popoare vecine.<\/h4>\r\n<h4 style=\"text-align: justify;\">Luntrea condus\u0103 de pilo\u0163ii orbi se lovise de st\u00e2nca final\u0103. Nimeni n-a \u00een\u0163eles ce se \u00eent\u00e2mpl\u0103, dreg\u0103torii f\u0103ceau politic\u0103, negu\u0163\u0103torii \u00ee\u015fi vedeau de afaceri, tinerii de dragoste \u015fi \u0163\u0103ranii de ogorul lor. Numai istoria \u015ftia c\u0103 nu va mai duce mult\u0103 vreme povara acestui st\u00e2rv \u00een descompunere, neamul acesta care are toate \u00eensu\u015firile \u00een afar\u0103 de cea capital\u0103: instinctul statal.<\/h4>\r\n<h4 style=\"text-align: justify;\">Crima elitelor conduc\u0103toare rom\u00e2ne\u015fti const\u0103 \u00een pierderea acestui instinct \u015fi \u00een \u00eenfior\u0103toarea lor incon\u015ftien\u0163\u0103, \u00een \u00eenc\u0103p\u0103\u0163\u00e2narea cu care \u00ee\u015fi ap\u0103r\u0103 &#8222;puterea&#8221;. Au fost elite rom\u00e2ne\u015fti care s-au sacrificat de bun\u0103 voie, \u015fi-au semnat cu m\u00e2na lor actul de deces numai pentru a nu se \u00eempotrivi istoriei, numai pentru a nu se pune \u00een calea destinului acestui neam. Clasa conduc\u0103torilor no\u015ftri politici &#8211; departe de a dovedi aceast\u0103 resemnare, \u00eentr-un ceas at\u00e2t de tragic pentru istoria lumii &#8211; face tot ce-i st\u0103 \u00een putin\u0163\u0103 ca s\u0103-\u015fi prelungeasc\u0103 puterea. Ei nu g\u00e2ndesc la altceva dec\u00e2t la milioanele pe care le mai pot agonisi, la ambi\u0163iile pe care \u015fi le mai pot satisface, la orgiile pe care le mai pot repeta. \u015ei nu \u00een aceste c\u00e2teva miliarde risipite \u015fi c\u00e2teva mii de con\u015ftiin\u0163e ucise st\u0103 marea lor crim\u0103, ci \u00een faptul c\u0103 m\u0103car acum, c\u00e2nd \u00eenc\u0103 mai este timp, nu \u00een\u0163eleg s\u0103 se resemneze. (&#8230;)<\/h4>\r\n<h4 style=\"text-align: justify;\">Pe mine nu m\u0103 sup\u0103r\u0103 c\u00e2nd aud evreii \u0163ip\u00e2nd: &#8222;antisemitism&#8221;, &#8222;Fascism&#8221;, &#8222;hitlerism&#8221;! Oamenii ace\u015ftia, care sunt oameni vii \u015fi clarv\u0103z\u0103tori, \u00ee\u015fi ap\u0103r\u0103 primatul economic \u015fi politic pe care l-au dob\u00e2ndit cu at\u00e2ta trud\u0103 risipind at\u00e2ta inteligen\u0163\u0103 \u015fi at\u00e2tea miliarde.<\/h4>\r\n<h4 style=\"text-align: justify;\">Ar fi absurd s\u0103 te a\u015ftep\u0163i ca evreii s\u0103 se resemneze de a fi o minoritate, cu anumite drepturi \u015fi cu foarte multe obliga\u0163ii &#8211; dup\u0103 ce au gustat din mierea puterii \u015fi au cucerit at\u00e2tea posturi de comand\u0103. Evreii lupt\u0103 din r\u0103sputeri s\u0103-\u015fi men\u0163in\u0103 deocamdat\u0103 pozi\u0163iile lor &#8211; \u00een a\u015fteptarea unei viitoare ofensive &#8211; \u015fi, \u00een ceea ce m\u0103 prive\u015fte, eu le \u00een\u0163eleg lupta \u015fi le admir vitalitatea, tenacitatea, geniul.<\/h4>\r\n<h4 style=\"text-align: justify;\">Triste\u0163ea \u015fi spaima mea \u00ee\u015fi au \u00eens\u0103 izvorul \u00een alt\u0103 parte. Pilo\u0163ii orbi! Clasa aceasta conduc\u0103toare, mai mult sau mai pu\u0163in rom\u00e2neasc\u0103, politicianizat\u0103 p\u00e2n\u0103 \u00een m\u0103duva oaselor &#8211; care a\u015fteapt\u0103 pur \u015fi simplu s\u0103 treac\u0103 ziua, s\u0103 vin\u0103 noaptea, s\u0103 aud\u0103 un c\u00e2ntec nou, s\u0103 joace un joc nou, s\u0103 rezolve alte h\u00e2rtii, s\u0103 fac\u0103 alte legi. Acela\u015fi \u015fi acela\u015fi lucru, ca \u015fi c\u00e2nd am tr\u0103i \u00eentr-o societate pe ac\u0163iuni, ca \u015fi c\u00e2nd am avea \u00eenaintea noastr\u0103 100 de ani de pace, ca \u015fi c\u00e2nd vecinii no\u015ftri ne-ar fi fra\u0163i, iar restul Europei unchi \u015fi na\u015fi. (&#8230;) Sunt unii, buni &#8222;patrio\u0163i&#8221;, care se bat cu pumnul \u00een piept \u015fi-\u0163i amintesc c\u0103 rom\u00e2nul \u00een veci nu piere, c\u0103 au trecut pe aici neamuri barbare etc. Uit\u00e2nd, s\u0103racii, c\u0103 \u00een Evul Mediu rom\u00e2nii se hr\u0103neau cu gr\u00e2u \u015fi pe\u015fte \u015fi nu cuno\u015fteau nici pelagra, nici sifilisul, nici alcoolismul. Uit\u00e2nd c\u0103 blestemul a \u00eenceput s\u0103 apese neamul nostru odat\u0103 cu introducerea secarei (la sf\u00e2r\u015fitul Evului Mediu), care a luat pretutindeni locul gr\u00e2ului.<\/h4>\r\n<h4 style=\"text-align: justify;\">Au venit apoi fanario\u0163ii care au introdus porumbul &#8211; sl\u0103bind considerabil rezisten\u0163a \u0163\u0103ranilor. Blestemele s-au \u0163inut apoi lan\u0163. M\u0103laiul a adus pelagra, evreii au adus alcoolismul (\u00een Moldova se bea p\u00e2n\u0103 \u00een secolul al XVI-lea bere), austriecii \u00een Ardeal \u015fi &#8222;cultura&#8221; \u00een Principate au adus sifilisul. Pilo\u0163ii orbi au intervenit \u015fi aici, cu imensa lor putere politic\u0103 \u015fi administrativ\u0103.<\/h4>\r\n<h4 style=\"text-align: justify;\">Toat\u0103 Muntenia \u015fi Moldova de Jos se hr\u0103neau iarna cu pe\u015fte s\u0103rat; c\u0103ru\u0163ele \u00eencepeau s\u0103 colinde B\u0103r\u0103ganul \u00eendat\u0103 ce se culegea porumbul \u015fi pe\u015ftele acela s\u0103rat, uscat cum era, alc\u0103tuia totu\u015fi o hran\u0103 substan\u0163ial\u0103. Pilo\u0163ii orbi au creat \u00eens\u0103 trustul pe\u015ftelui. Nu e at\u00e2t de grav faptul c\u0103 la Br\u0103ila cost\u0103 60-100 lei kilogramul de pe\u015fte (\u00een loc s\u0103 coste 5 lei), c\u0103 putrezesc vagoane \u00eentregi cu pe\u015fte, ca s\u0103 nu scad\u0103 pre\u0163ul, c\u0103 \u00een loc s\u0103 se recolteze 80 de vagoane pe zi din lacurile din jurul Br\u0103ilei se recolteaz\u0103 numai cinci vagoane \u015fi se vinde numai unul (restul putreze\u015fte), grav e c\u0103 \u0163\u0103ranul nu mai m\u0103n\u00e2nc\u0103, de vreo 10 ani, pe\u015fte s\u0103rat. \u015ei acum, c\u00e2nd popula\u0163ia de pe malul Dun\u0103rii e secerat\u0103 de malarie, guvernul cheltuie\u015fte (vorba vine) zeci de milioane cu medicamente, uit\u00e2nd c\u0103 un neam nu se regenereaz\u0103 cu chinin\u0103 \u015fi aspirin\u0103, ci printr-o hran\u0103 substan\u0163ial\u0103.<\/h4>\r\n<h4 style=\"text-align: justify;\">Nu mai vorbi\u0163i deci despre cele \u015fapte inimi \u00een pieptul de aram\u0103 al rom\u00e2nului. S\u0103rmanul rom\u00e2n lupt\u0103 ca s\u0103-\u015fi p\u0103streze m\u0103car o inim\u0103 obosit\u0103 care bate tot mai rar \u015fi tot mai stins. Adev\u0103rul e acesta: neamul rom\u00e2nesc nu mai are rezisten\u0163a sa legendar\u0103 de acum c\u00e2teva veacuri. \u00cen Moldova \u015fi \u00een Basarabia cad chiar de la cele dint\u00e2i lupte cu un element etnic bine hr\u0103nit, care m\u0103n\u00e2nc\u0103 gr\u00e2u, pe\u015fte, fructe \u015fi care bea vin \u00een loc de \u0163uic\u0103. Noi n-am \u00een\u0163eles nici ast\u0103zi c\u0103 rom\u00e2nul nu rezist\u0103 b\u0103uturilor alcoolice, ca francezul sau rusul bun\u0103oar\u0103. Ne l\u0103ud\u0103m c\u0103 &#8222;\u0163inem la b\u0103utur\u0103&#8221;, iar gloria aceasta nu numai c\u0103 e ridicol\u0103, dar e \u00een acela\u015fi timp fals\u0103. Alcoolismul sterilizeaz\u0103 legiuni \u00eentregi \u015fi ne imbecilizeaz\u0103 cu o rapiditate care ar trebui s\u0103 ne dea de g\u00e2ndit.<\/h4>\r\n<h4 style=\"text-align: justify;\">&#8230; Dar pilo\u0163ii orbi stau sur\u00e2z\u0103tori la c\u00e2rm\u0103, ca \u015fi c\u00e2nd nimic nu s-ar \u00eent\u00e2mpla. \u015ei ace\u015fti oameni, conduc\u0103tori ai unui popor glorios, sunt oameni cumsecade, sunt uneori oameni de bun\u0103-credin\u0163\u0103 \u015fi cu bun\u0103voin\u0163\u0103; numai c\u0103, a\u015fa orbi cum sunt, lipsi\u0163i de singurul instinct care conteaz\u0103 \u00een ceasul de fa\u0163\u0103 &#8211; instinctul statal -, nu v\u0103d \u015fuvoaiele slave scurg\u00e2ndu-se din sat \u00een sat, cucerind pas cu pas tot mai mult p\u0103m\u00e2nt rom\u00e2nesc; nu aud vaietele claselor care se sting, burghezia \u015fi meseriile care dispar, l\u0103s\u00e2nd locul altor neamuri&#8230; Nu simt c\u0103 s-au schimbat unele lucruri \u00een aceast\u0103 \u0163ar\u0103, care pe alocuri nici nu mai pare rom\u00e2neasc\u0103.<\/h4>\r\n<h4 style=\"text-align: justify;\">Uneori, c\u00e2nd sunt bine dispu\u015fi, \u00ee\u0163i spun c\u0103 n-are importan\u0163\u0103 num\u0103rul evreilor, c\u0103ci sunt oameni muncitori \u015fi inteligen\u0163i \u015fi, dac\u0103 fac avere, averile lor r\u0103m\u00e2n tot \u00een \u0163ar\u0103.<\/h4>\r\n<h4 style=\"text-align: justify;\">Dac\u0103 a\u015fa stau lucrurile, nu v\u0103d de ce n-am coloniza \u0163ara cu englezi, c\u0103ci \u015fi ei sunt muncitori \u015fi inteligen\u0163i. Dar un neam \u00een care o clas\u0103 conduc\u0103toare g\u00e2nde\u015fte astfel \u015fi-\u0163i vorbe\u015fte despre calit\u0103\u0163ile unor oameni str\u0103ini nu mai are mult de tr\u0103it. El, ca neam, nu mai are \u00eens\u0103 dreptul s\u0103 se m\u0103soare cu istoria&#8230;<\/h4>\r\n<h4 style=\"text-align: justify;\">C\u0103 pilo\u0163ii orbi s-au f\u0103cut sau nu unelte \u00een m\u00e2na str\u0103inilor &#8211; pu\u0163in intereseaz\u0103 deocamdat\u0103. Singurul lucru care intereseaz\u0103 este faptul c\u0103 nici un om politic rom\u00e2n, de la 1918 \u00eencoace, n-a \u015ftiut \u015fi nu \u015ftie ce \u00eenseamn\u0103 un stat. \u015ei asta e destul ca s\u0103 \u00eencepi s\u0103 pl\u00e2ngi.&#8221;<\/h4>\r\n<h4 style=\"text-align: left;\"><em>Articol publicat \u00een <a href=\"http:\/\/www.jurnalul.ro\/special\/special\/luntrea-statului-nostru-este-condusa-de-politicieni-orbi-553447.html\" target=\"_blank\" rel=\"noopener\">Jurnalul.ro<\/a>\r\nin data de 2 septembrie 2010. (prima apari\u021bie: <strong>Vremea, Nr. 505, 19 Septembrie 1937, p. 3<\/strong>)\r\n<\/em><\/h4>        <div class=\"booster-block booster-reactions-block\">\n            <div class=\"twp-reactions-icons\">\n                \n                <div class=\"twp-reacts-wrap\">\n                    <a react-data=\"be-react-1\" post-id=\"4180\" class=\"be-face-icons un-reacted\" href=\"javascript:void(0)\">\n                        <img decoding=\"async\" src=\"https:\/\/desteptati-va.ro\/wp-content\/plugins\/booster-extension\/\/assets\/icon\/happy.svg\" alt=\"Happy\">\n                    <\/a>\n                    <div class=\"twp-reaction-title\">\n                        Happy                    <\/div>\n                    <div class=\"twp-count-percent\">\n                                                    <span style=\"display: none;\" class=\"twp-react-count\">0<\/span>\n                        \n                                                <span class=\"twp-react-percent\"><span>0<\/span> %<\/span>\n                                            <\/div>\n                <\/div>\n\n                <div class=\"twp-reacts-wrap\">\n                    <a react-data=\"be-react-2\" post-id=\"4180\" class=\"be-face-icons un-reacted\" href=\"javascript:void(0)\">\n                        <img decoding=\"async\" src=\"https:\/\/desteptati-va.ro\/wp-content\/plugins\/booster-extension\/\/assets\/icon\/sad.svg\" alt=\"Sad\">\n                    <\/a>\n                    <div class=\"twp-reaction-title\">\n                        Sad                    <\/div>\n                    <div class=\"twp-count-percent\">\n                                                    <span style=\"display: none;\" class=\"twp-react-count\">0<\/span>\n                                                                        <span class=\"twp-react-percent\"><span>0<\/span> %<\/span>\n                                            <\/div>\n                <\/div>\n\n                <div class=\"twp-reacts-wrap\">\n                    <a react-data=\"be-react-3\" post-id=\"4180\" class=\"be-face-icons un-reacted\" href=\"javascript:void(0)\">\n                        <img decoding=\"async\" src=\"https:\/\/desteptati-va.ro\/wp-content\/plugins\/booster-extension\/\/assets\/icon\/excited.svg\" alt=\"Excited\">\n                    <\/a>\n                    <div class=\"twp-reaction-title\">\n                        Excited                    <\/div>\n                    <div class=\"twp-count-percent\">\n                                                    <span style=\"display: none;\" class=\"twp-react-count\">0<\/span>\n                                                                        <span class=\"twp-react-percent\"><span>0<\/span> %<\/span>\n                                            <\/div>\n                <\/div>\n\n                <div class=\"twp-reacts-wrap\">\n                    <a react-data=\"be-react-6\" post-id=\"4180\" class=\"be-face-icons un-reacted\" href=\"javascript:void(0)\">\n                        <img decoding=\"async\" src=\"https:\/\/desteptati-va.ro\/wp-content\/plugins\/booster-extension\/\/assets\/icon\/sleepy.svg\" alt=\"Sleepy\">\n                    <\/a>\n                    <div class=\"twp-reaction-title\">\n                        Sleepy                    <\/div>\n                    <div class=\"twp-count-percent\">\n                                                    <span style=\"display: none;\" class=\"twp-react-count\">0<\/span>\n                        \n                                                <span class=\"twp-react-percent\"><span>0<\/span> %<\/span>\n                                            <\/div>\n                <\/div>\n\n                <div class=\"twp-reacts-wrap\">\n                    <a react-data=\"be-react-4\" post-id=\"4180\" class=\"be-face-icons un-reacted\" href=\"javascript:void(0)\">\n                        <img decoding=\"async\" src=\"https:\/\/desteptati-va.ro\/wp-content\/plugins\/booster-extension\/\/assets\/icon\/angry.svg\" alt=\"Angry\">\n                    <\/a>\n                    <div class=\"twp-reaction-title\">Angry<\/div>\n                    <div class=\"twp-count-percent\">\n                                                    <span style=\"display: none;\" class=\"twp-react-count\">0<\/span>\n                                                                        <span class=\"twp-react-percent\"><span>0<\/span> %<\/span>\n                        \n                    <\/div>\n                <\/div>\n\n                <div class=\"twp-reacts-wrap\">\n                    <a react-data=\"be-react-5\" post-id=\"4180\" class=\"be-face-icons un-reacted\" href=\"javascript:void(0)\">\n                        <img decoding=\"async\" src=\"https:\/\/desteptati-va.ro\/wp-content\/plugins\/booster-extension\/\/assets\/icon\/surprise.svg\" alt=\"Surprise\">\n                    <\/a>\n                    <div class=\"twp-reaction-title\">Surprise<\/div>\n                    <div class=\"twp-count-percent\">\n                                                    <span style=\"display: none;\" class=\"twp-react-count\">0<\/span>\n                                                                        <span class=\"twp-react-percent\"><span>0<\/span> %<\/span>\n                                            <\/div>\n                <\/div>\n\n            <\/div>\n        <\/div>\n\n    <\/div>","protected":false},"excerpt":{"rendered":"<p>&#8222;Imoralitatea clasei conduc\u0103toare rom\u00e2ne\u015fti, care de\u0163ine &#8222;puterea&#8221; politic\u0103 de la 1918 \u00eencoace, nu este cea mai grav\u0103 crim\u0103 a ei.<a href=\"https:\/\/desteptati-va.ro\/index.php\/2021\/04\/20\/pilotii-orbi-mircea-eliade-1937\/\">Read More<i class=\"fa fa-long-arrow-right\" aria-hidden=\"true\"><\/i><\/a><\/p>\n","protected":false},"author":1,"featured_media":508,"comment_status":"open","ping_status":"open","sticky":false,"template":"","format":"standard","meta":{"_crdt_document":"","footnotes":""},"categories":[18,28],"tags":[1619,1620,59,60,1621,1622,72,179],"class_list":["post-4180","post","type-post","status-publish","format-standard","has-post-thumbnail","hentry","category-perioada-interbelica","category-secvente-istorice","tag-actualitate","tag-ani-pierduti","tag-desteptati","tag-desteptati-va","tag-mircea-eliade","tag-piloti","tag-politica","tag-romania"],"rise-blocks_total_comments":1,"rise-blocks_categories":[{"term_id":18,"name":"Perioada Interbelica","slug":"perioada-interbelica","term_group":0,"term_taxonomy_id":18,"taxonomy":"category","description":"","parent":0,"count":8,"filter":"raw"}],"rise-blocks_excerpt":"&#8222;Imoralitatea clasei conduc\u0103toare rom\u00e2ne\u015fti, care de\u0163ine &#8222;puterea&#8221; politic\u0103 de la 1918 \u00eencoace, nu este cea mai grav\u0103 crim\u0103 a ei. C\u0103 s-a furat ca \u00een codru, c\u0103 s-a distrus burghezia na\u0163ional\u0103 \u00een folosul elementelor alogene, c\u0103 s-a n\u0103p\u0103stuit \u0163\u0103r\u0103nimea, c\u0103 s-a introdus politicianismul \u00een administra\u0163ie \u015fi \u00eenv\u0103\u0163\u0103m\u00e2nt, c\u0103 s-au dezna\u0163ionalizat profesiunile libere &#8211; toate aceste crime \u00eempotriva siguran\u0163ei statului \u015fi..","yoast_head":"<!-- This site is optimized with the Yoast SEO plugin v26.9 - https:\/\/yoast.com\/product\/yoast-seo-wordpress\/ -->\r\n<title>Pilo\u0163ii orbi, Mircea Eliade, 1937 -<\/title>\r\n<meta name=\"robots\" content=\"index, follow, max-snippet:-1, max-image-preview:large, max-video-preview:-1\" \/>\r\n<link rel=\"canonical\" href=\"https:\/\/desteptati-va.ro\/index.php\/2021\/04\/20\/pilotii-orbi-mircea-eliade-1937\/\" \/>\r\n<meta property=\"og:locale\" content=\"ro_RO\" \/>\r\n<meta property=\"og:type\" content=\"article\" \/>\r\n<meta property=\"og:title\" content=\"Pilo\u0163ii orbi, Mircea Eliade, 1937 -\" \/>\r\n<meta property=\"og:description\" content=\"&#8222;Imoralitatea clasei conduc\u0103toare rom\u00e2ne\u015fti, care de\u0163ine &#8222;puterea&#8221; politic\u0103 de la 1918 \u00eencoace, nu este cea mai grav\u0103 crim\u0103 a ei.Read More\" \/>\r\n<meta property=\"og:url\" content=\"https:\/\/desteptati-va.ro\/index.php\/2021\/04\/20\/pilotii-orbi-mircea-eliade-1937\/\" \/>\r\n<meta property=\"article:published_time\" content=\"2021-04-20T06:37:36+00:00\" \/>\r\n<meta property=\"og:image\" content=\"https:\/\/desteptati-va.ro\/wp-content\/uploads\/2021\/04\/eliade.jpg\" \/>\r\n\t<meta property=\"og:image:width\" content=\"200\" \/>\r\n\t<meta property=\"og:image:height\" content=\"200\" \/>\r\n\t<meta property=\"og:image:type\" content=\"image\/jpeg\" \/>\r\n<meta name=\"author\" content=\"wolfsoftcompany\" \/>\r\n<meta name=\"twitter:card\" content=\"summary_large_image\" \/>\r\n<meta name=\"twitter:label1\" content=\"Scris de\" \/>\n\t<meta name=\"twitter:data1\" content=\"wolfsoftcompany\" \/>\n\t<meta name=\"twitter:label2\" content=\"Timp estimat pentru citire\" \/>\n\t<meta name=\"twitter:data2\" content=\"9 minute\" \/>\r\n<script type=\"application\/ld+json\" class=\"yoast-schema-graph\">{\"@context\":\"https:\/\/schema.org\",\"@graph\":[{\"@type\":\"Article\",\"@id\":\"https:\/\/desteptati-va.ro\/index.php\/2021\/04\/20\/pilotii-orbi-mircea-eliade-1937\/#article\",\"isPartOf\":{\"@id\":\"https:\/\/desteptati-va.ro\/index.php\/2021\/04\/20\/pilotii-orbi-mircea-eliade-1937\/\"},\"author\":{\"name\":\"wolfsoftcompany\",\"@id\":\"https:\/\/desteptati-va.ro\/#\/schema\/person\/13182deeebd44920914899f7bb262d6b\"},\"headline\":\"Pilo\u0163ii orbi, Mircea Eliade, 1937\",\"datePublished\":\"2021-04-20T06:37:36+00:00\",\"mainEntityOfPage\":{\"@id\":\"https:\/\/desteptati-va.ro\/index.php\/2021\/04\/20\/pilotii-orbi-mircea-eliade-1937\/\"},\"wordCount\":1808,\"commentCount\":0,\"image\":{\"@id\":\"https:\/\/desteptati-va.ro\/index.php\/2021\/04\/20\/pilotii-orbi-mircea-eliade-1937\/#primaryimage\"},\"thumbnailUrl\":\"https:\/\/desteptati-va.ro\/wp-content\/uploads\/2021\/04\/eliade.jpg\",\"keywords\":[\"actualitate\",\"ani pierduti\",\"desteptati\",\"desteptati-va\",\"Mircea Eliade\",\"piloti\",\"politica\",\"Romania\"],\"articleSection\":[\"Perioada Interbelica\",\"Secvente Istorice\"],\"inLanguage\":\"ro-RO\",\"potentialAction\":[{\"@type\":\"CommentAction\",\"name\":\"Comment\",\"target\":[\"https:\/\/desteptati-va.ro\/index.php\/2021\/04\/20\/pilotii-orbi-mircea-eliade-1937\/#respond\"]}]},{\"@type\":\"WebPage\",\"@id\":\"https:\/\/desteptati-va.ro\/index.php\/2021\/04\/20\/pilotii-orbi-mircea-eliade-1937\/\",\"url\":\"https:\/\/desteptati-va.ro\/index.php\/2021\/04\/20\/pilotii-orbi-mircea-eliade-1937\/\",\"name\":\"Pilo\u0163ii orbi, Mircea Eliade, 1937 -\",\"isPartOf\":{\"@id\":\"https:\/\/desteptati-va.ro\/#website\"},\"primaryImageOfPage\":{\"@id\":\"https:\/\/desteptati-va.ro\/index.php\/2021\/04\/20\/pilotii-orbi-mircea-eliade-1937\/#primaryimage\"},\"image\":{\"@id\":\"https:\/\/desteptati-va.ro\/index.php\/2021\/04\/20\/pilotii-orbi-mircea-eliade-1937\/#primaryimage\"},\"thumbnailUrl\":\"https:\/\/desteptati-va.ro\/wp-content\/uploads\/2021\/04\/eliade.jpg\",\"datePublished\":\"2021-04-20T06:37:36+00:00\",\"author\":{\"@id\":\"https:\/\/desteptati-va.ro\/#\/schema\/person\/13182deeebd44920914899f7bb262d6b\"},\"breadcrumb\":{\"@id\":\"https:\/\/desteptati-va.ro\/index.php\/2021\/04\/20\/pilotii-orbi-mircea-eliade-1937\/#breadcrumb\"},\"inLanguage\":\"ro-RO\",\"potentialAction\":[{\"@type\":\"ReadAction\",\"target\":[\"https:\/\/desteptati-va.ro\/index.php\/2021\/04\/20\/pilotii-orbi-mircea-eliade-1937\/\"]}]},{\"@type\":\"ImageObject\",\"inLanguage\":\"ro-RO\",\"@id\":\"https:\/\/desteptati-va.ro\/index.php\/2021\/04\/20\/pilotii-orbi-mircea-eliade-1937\/#primaryimage\",\"url\":\"https:\/\/desteptati-va.ro\/wp-content\/uploads\/2021\/04\/eliade.jpg\",\"contentUrl\":\"https:\/\/desteptati-va.ro\/wp-content\/uploads\/2021\/04\/eliade.jpg\",\"width\":200,\"height\":200},{\"@type\":\"BreadcrumbList\",\"@id\":\"https:\/\/desteptati-va.ro\/index.php\/2021\/04\/20\/pilotii-orbi-mircea-eliade-1937\/#breadcrumb\",\"itemListElement\":[{\"@type\":\"ListItem\",\"position\":1,\"name\":\"Prima pagin\u0103\",\"item\":\"https:\/\/desteptati-va.ro\/\"},{\"@type\":\"ListItem\",\"position\":2,\"name\":\"Pilo\u0163ii orbi, Mircea Eliade, 1937\"}]},{\"@type\":\"WebSite\",\"@id\":\"https:\/\/desteptati-va.ro\/#website\",\"url\":\"https:\/\/desteptati-va.ro\/\",\"name\":\"\",\"description\":\"\",\"potentialAction\":[{\"@type\":\"SearchAction\",\"target\":{\"@type\":\"EntryPoint\",\"urlTemplate\":\"https:\/\/desteptati-va.ro\/?s={search_term_string}\"},\"query-input\":{\"@type\":\"PropertyValueSpecification\",\"valueRequired\":true,\"valueName\":\"search_term_string\"}}],\"inLanguage\":\"ro-RO\"},{\"@type\":\"Person\",\"@id\":\"https:\/\/desteptati-va.ro\/#\/schema\/person\/13182deeebd44920914899f7bb262d6b\",\"name\":\"wolfsoftcompany\",\"image\":{\"@type\":\"ImageObject\",\"inLanguage\":\"ro-RO\",\"@id\":\"https:\/\/desteptati-va.ro\/#\/schema\/person\/image\/\",\"url\":\"https:\/\/secure.gravatar.com\/avatar\/a6cce9b6d101d27d91690e7073e300fed94c0899890bf998e082cb9d2c3d121e?s=96&d=mm&r=g\",\"contentUrl\":\"https:\/\/secure.gravatar.com\/avatar\/a6cce9b6d101d27d91690e7073e300fed94c0899890bf998e082cb9d2c3d121e?s=96&d=mm&r=g\",\"caption\":\"wolfsoftcompany\"},\"sameAs\":[\"http:\/\/desteptati-va.ro\"],\"url\":\"https:\/\/desteptati-va.ro\/index.php\/author\/wolfsoftcompany\/\"}]}<\/script>\r\n<!-- \/ Yoast SEO plugin. -->","yoast_head_json":{"title":"Pilo\u0163ii orbi, Mircea Eliade, 1937 -","robots":{"index":"index","follow":"follow","max-snippet":"max-snippet:-1","max-image-preview":"max-image-preview:large","max-video-preview":"max-video-preview:-1"},"canonical":"https:\/\/desteptati-va.ro\/index.php\/2021\/04\/20\/pilotii-orbi-mircea-eliade-1937\/","og_locale":"ro_RO","og_type":"article","og_title":"Pilo\u0163ii orbi, Mircea Eliade, 1937 -","og_description":"&#8222;Imoralitatea clasei conduc\u0103toare rom\u00e2ne\u015fti, care de\u0163ine &#8222;puterea&#8221; politic\u0103 de la 1918 \u00eencoace, nu este cea mai grav\u0103 crim\u0103 a ei.Read More","og_url":"https:\/\/desteptati-va.ro\/index.php\/2021\/04\/20\/pilotii-orbi-mircea-eliade-1937\/","article_published_time":"2021-04-20T06:37:36+00:00","og_image":[{"width":200,"height":200,"url":"https:\/\/desteptati-va.ro\/wp-content\/uploads\/2021\/04\/eliade.jpg","type":"image\/jpeg"}],"author":"wolfsoftcompany","twitter_card":"summary_large_image","twitter_misc":{"Scris de":"wolfsoftcompany","Timp estimat pentru citire":"9 minute"},"schema":{"@context":"https:\/\/schema.org","@graph":[{"@type":"Article","@id":"https:\/\/desteptati-va.ro\/index.php\/2021\/04\/20\/pilotii-orbi-mircea-eliade-1937\/#article","isPartOf":{"@id":"https:\/\/desteptati-va.ro\/index.php\/2021\/04\/20\/pilotii-orbi-mircea-eliade-1937\/"},"author":{"name":"wolfsoftcompany","@id":"https:\/\/desteptati-va.ro\/#\/schema\/person\/13182deeebd44920914899f7bb262d6b"},"headline":"Pilo\u0163ii orbi, Mircea Eliade, 1937","datePublished":"2021-04-20T06:37:36+00:00","mainEntityOfPage":{"@id":"https:\/\/desteptati-va.ro\/index.php\/2021\/04\/20\/pilotii-orbi-mircea-eliade-1937\/"},"wordCount":1808,"commentCount":0,"image":{"@id":"https:\/\/desteptati-va.ro\/index.php\/2021\/04\/20\/pilotii-orbi-mircea-eliade-1937\/#primaryimage"},"thumbnailUrl":"https:\/\/desteptati-va.ro\/wp-content\/uploads\/2021\/04\/eliade.jpg","keywords":["actualitate","ani pierduti","desteptati","desteptati-va","Mircea Eliade","piloti","politica","Romania"],"articleSection":["Perioada Interbelica","Secvente Istorice"],"inLanguage":"ro-RO","potentialAction":[{"@type":"CommentAction","name":"Comment","target":["https:\/\/desteptati-va.ro\/index.php\/2021\/04\/20\/pilotii-orbi-mircea-eliade-1937\/#respond"]}]},{"@type":"WebPage","@id":"https:\/\/desteptati-va.ro\/index.php\/2021\/04\/20\/pilotii-orbi-mircea-eliade-1937\/","url":"https:\/\/desteptati-va.ro\/index.php\/2021\/04\/20\/pilotii-orbi-mircea-eliade-1937\/","name":"Pilo\u0163ii orbi, Mircea Eliade, 1937 -","isPartOf":{"@id":"https:\/\/desteptati-va.ro\/#website"},"primaryImageOfPage":{"@id":"https:\/\/desteptati-va.ro\/index.php\/2021\/04\/20\/pilotii-orbi-mircea-eliade-1937\/#primaryimage"},"image":{"@id":"https:\/\/desteptati-va.ro\/index.php\/2021\/04\/20\/pilotii-orbi-mircea-eliade-1937\/#primaryimage"},"thumbnailUrl":"https:\/\/desteptati-va.ro\/wp-content\/uploads\/2021\/04\/eliade.jpg","datePublished":"2021-04-20T06:37:36+00:00","author":{"@id":"https:\/\/desteptati-va.ro\/#\/schema\/person\/13182deeebd44920914899f7bb262d6b"},"breadcrumb":{"@id":"https:\/\/desteptati-va.ro\/index.php\/2021\/04\/20\/pilotii-orbi-mircea-eliade-1937\/#breadcrumb"},"inLanguage":"ro-RO","potentialAction":[{"@type":"ReadAction","target":["https:\/\/desteptati-va.ro\/index.php\/2021\/04\/20\/pilotii-orbi-mircea-eliade-1937\/"]}]},{"@type":"ImageObject","inLanguage":"ro-RO","@id":"https:\/\/desteptati-va.ro\/index.php\/2021\/04\/20\/pilotii-orbi-mircea-eliade-1937\/#primaryimage","url":"https:\/\/desteptati-va.ro\/wp-content\/uploads\/2021\/04\/eliade.jpg","contentUrl":"https:\/\/desteptati-va.ro\/wp-content\/uploads\/2021\/04\/eliade.jpg","width":200,"height":200},{"@type":"BreadcrumbList","@id":"https:\/\/desteptati-va.ro\/index.php\/2021\/04\/20\/pilotii-orbi-mircea-eliade-1937\/#breadcrumb","itemListElement":[{"@type":"ListItem","position":1,"name":"Prima pagin\u0103","item":"https:\/\/desteptati-va.ro\/"},{"@type":"ListItem","position":2,"name":"Pilo\u0163ii orbi, Mircea Eliade, 1937"}]},{"@type":"WebSite","@id":"https:\/\/desteptati-va.ro\/#website","url":"https:\/\/desteptati-va.ro\/","name":"","description":"","potentialAction":[{"@type":"SearchAction","target":{"@type":"EntryPoint","urlTemplate":"https:\/\/desteptati-va.ro\/?s={search_term_string}"},"query-input":{"@type":"PropertyValueSpecification","valueRequired":true,"valueName":"search_term_string"}}],"inLanguage":"ro-RO"},{"@type":"Person","@id":"https:\/\/desteptati-va.ro\/#\/schema\/person\/13182deeebd44920914899f7bb262d6b","name":"wolfsoftcompany","image":{"@type":"ImageObject","inLanguage":"ro-RO","@id":"https:\/\/desteptati-va.ro\/#\/schema\/person\/image\/","url":"https:\/\/secure.gravatar.com\/avatar\/a6cce9b6d101d27d91690e7073e300fed94c0899890bf998e082cb9d2c3d121e?s=96&d=mm&r=g","contentUrl":"https:\/\/secure.gravatar.com\/avatar\/a6cce9b6d101d27d91690e7073e300fed94c0899890bf998e082cb9d2c3d121e?s=96&d=mm&r=g","caption":"wolfsoftcompany"},"sameAs":["http:\/\/desteptati-va.ro"],"url":"https:\/\/desteptati-va.ro\/index.php\/author\/wolfsoftcompany\/"}]}},"_links":{"self":[{"href":"https:\/\/desteptati-va.ro\/index.php\/wp-json\/wp\/v2\/posts\/4180","targetHints":{"allow":["GET"]}}],"collection":[{"href":"https:\/\/desteptati-va.ro\/index.php\/wp-json\/wp\/v2\/posts"}],"about":[{"href":"https:\/\/desteptati-va.ro\/index.php\/wp-json\/wp\/v2\/types\/post"}],"author":[{"embeddable":true,"href":"https:\/\/desteptati-va.ro\/index.php\/wp-json\/wp\/v2\/users\/1"}],"replies":[{"embeddable":true,"href":"https:\/\/desteptati-va.ro\/index.php\/wp-json\/wp\/v2\/comments?post=4180"}],"version-history":[{"count":1,"href":"https:\/\/desteptati-va.ro\/index.php\/wp-json\/wp\/v2\/posts\/4180\/revisions"}],"predecessor-version":[{"id":4182,"href":"https:\/\/desteptati-va.ro\/index.php\/wp-json\/wp\/v2\/posts\/4180\/revisions\/4182"}],"wp:featuredmedia":[{"embeddable":true,"href":"https:\/\/desteptati-va.ro\/index.php\/wp-json\/wp\/v2\/media\/508"}],"wp:attachment":[{"href":"https:\/\/desteptati-va.ro\/index.php\/wp-json\/wp\/v2\/media?parent=4180"}],"wp:term":[{"taxonomy":"category","embeddable":true,"href":"https:\/\/desteptati-va.ro\/index.php\/wp-json\/wp\/v2\/categories?post=4180"},{"taxonomy":"post_tag","embeddable":true,"href":"https:\/\/desteptati-va.ro\/index.php\/wp-json\/wp\/v2\/tags?post=4180"}],"curies":[{"name":"wp","href":"https:\/\/api.w.org\/{rel}","templated":true}]}}