{"id":4183,"date":"2021-04-20T06:40:15","date_gmt":"2021-04-20T06:40:15","guid":{"rendered":"http:\/\/desteptati.ro\/?p=4183"},"modified":"2021-04-20T06:40:15","modified_gmt":"2021-04-20T06:40:15","slug":"dumnezeu-a-fost-ucis-de-occident-vreau-sa-ma-intorc-acasa","status":"publish","type":"post","link":"https:\/\/desteptati-va.ro\/index.php\/2021\/04\/20\/dumnezeu-a-fost-ucis-de-occident-vreau-sa-ma-intorc-acasa\/","title":{"rendered":"\u201cDumnezeu a fost ucis de Occident, VREAU S\u0102 M\u0102 \u00ceNTORC ACAS\u0102!\u201d"},"content":{"rendered":"<div class=\"post-content\"><div class='booster-block booster-read-block'>\n                <div class=\"twp-read-time\">\n                \t<i class=\"booster-icon twp-clock\"><\/i> <span>Read Time:<\/span>4 Minute, 28 Second                <\/div>\n\n            <\/div><h4>O scrisoare emo\u021bionant\u0103 a unei tinere studente plecat\u0103 la studii \u00een Marea Britanie circul\u0103 de c\u00e2teva zile pe Internet. Viziunea rom\u00e2ncei noastre despre Occident: un loc f\u0103r\u0103 identitate, cu tradi\u021bii care se pierd \u00eencet-\u00eencet din cauza globaliz\u0103rii, \u00een care cet\u0103\u021benii se tem permanent de extremismul islamic, \u00een care nim\u0103nui nu-i pas\u0103 ce g\u00e2nde\u0219ti sau ce dore\u0219ti. Este inutil s\u0103 v\u0103 spunem c\u0103 scrisoarei tinerei se bucur\u0103 de o audien\u021b\u0103 incredibil\u0103 pe re\u021belele de socializare.<\/h4>\r\n<h4>\u201cSunt student\u0103 \u00een Londra la una dintre cele mai bune universit\u0103\u0163i europene. Sunt m\u00e2ndr\u0103 c\u0103 am reu\u015fit s\u0103 ajung aici \u015fi le voi fi recunosc\u0103toare p\u0103rin\u0163ilor mei pt educa\u0163ie \u015fi efortul material extraordinar pe care l-au depus pentru a m\u0103 trimite la studii de calitate mereu.<\/h4>\r\n<h4>Dar m\u0103 deranjeaz\u0103 teribil \u00eentrebarea tuturor \u201eTe mai \u00eentorci?\u201d \u015ei uimirea clar\u0103 la auzul unui ferm \u201eda\u201d. Acest DA nu era at\u00e2t de ferm \u00eenainte de a m\u0103 muta \u00een Londra. \u00a0\u00cenainte era un \u201emi-a\u015f dori, dac\u0103 voi avea unde s\u0103 m\u0103 \u00eentorc m\u0103 voi \u00eentoarce\u201d.<\/h4>\r\n<h4>Suntem o genera\u0163ie crescut\u0103 \u00eentr-o sc\u00e2rb\u0103 pentru patrie, am crescut cu Badea care \u00eenjura tara mereu, am crescut fiind educa\u0163i s\u0103 admir\u0103m valorile occidentale \u201esuperioare\u201d \u015fi \u201eideale\u201d.<\/h4>\r\n<h4>Credem c\u0103 politica, cultura \u015fi educa\u0163ia c\u00e2t mai interna\u0163ional\u0103 este foarte benefic\u0103, credem \u00een globalizare, suntem de acord c\u00e2teodat\u0103 c\u0103 Rom\u00e2nia e frumoas\u0103 dar p\u0103cat c\u0103 e locuit\u0103 \u015fi parc\u0103 tot mai bine e \u00een Londra\u2026 Rom\u00e2ni scumpi, c\u00e2t putem s\u0103 ne \u00een\u015fel\u0103m\u2026<\/h4>\r\n<figure id=\"attachment_3994\" aria-describedby=\"caption-attachment-3994\" style=\"width: 300px\" class=\"wp-caption aligncenter\"><a href=\"http:\/\/www.desteptati-va.ro\/wp-content\/uploads\/2013\/07\/Mandru-ca-sunt-roman1.jpg\"><img loading=\"lazy\" decoding=\"async\" class=\"size-medium wp-image-3994\" title=\"Mandru-ca-sunt-roman\" src=\"http:\/\/www.desteptati-va.ro\/wp-content\/uploads\/2013\/07\/Mandru-ca-sunt-roman1-300x111.jpg\" alt=\"Mandru ca sunt roman\" width=\"300\" height=\"111\" \/><\/a><figcaption id=\"caption-attachment-3994\" class=\"wp-caption-text\">Mandru ca sunt roman<\/figcaption><\/figure>\r\n<h4><\/h4>\r\n<h4><strong>Ce este Occidentul\u2026.?<\/strong><\/h4>\r\n<h4>Un loc care nu mai are identitate, globalizarea \u00eei distruge \u00eencet \u00eencet toate tradi\u0163iile, cenzura comunismului bol\u015fevic s-a transformat \u00een a fi &lt;politic corect&gt;, tr\u0103ie\u015fti cu riscul ca un islamist extremist poate s\u0103 bombardeze pentru Allahul lui locuitorii unei \u0163\u0103ri \u00een care el s-a mutat, istoria nu mai poate fi spus\u0103 pentru c\u0103 poate jigni anumite popoare, copiii pot fi uci\u015fi \u00een p\u00e2ntece de c\u0103tre propria lor mam\u0103 &#8211; avortul fiind v\u0103zut c\u0103 o metod\u0103 contraceptiv\u0103 \u00een loc s\u0103 i se spun\u0103 crim\u0103, Cr\u0103ciunul \u015fi Pastele precum \u015fi alte tradi\u0163ii str\u0103vechi sunt doar un prilej de marketing , aici nu exist\u0103 nici un pic de profunzime; rela\u0163iile dintre oameni sunt pur profesionale, prietenia, iubirea sunt toate o afacere, tot ce facem e pentru CV \u015fi c\u00e2nd vrem s\u0103 ne c\u0103s\u0103torim g\u0103sim noi pe perfectmatch.com ceva nu?<\/h4>\r\n<h4>Lumea discuta oameni, nim\u0103nui nu \u00eei pas\u0103 ce g\u00e2nde\u015fti, ce sim\u0163i ce \u00ee\u0163i dore\u015fti.<\/h4>\r\n<h4>Pu\u0163ini mai \u015ftiu s\u0103 iubeasc\u0103, feminismul distruge rela\u0163iile b\u0103rbat femeie tot mai mult, gender role este considerat \u00eenv\u0103\u0163at a\u015fa c\u0103 nu mai \u00eenv\u0103\u0163\u0103m copiii de mici s\u0103 se comporte ca b\u0103ietei sau feti\u0163e ci \u00eei l\u0103s\u0103m pe ei s\u0103 \u00ee\u015fi aleag\u0103 ce sex vor s\u0103 aib\u0103, ajung\u00e2ndu-se la un nr imens de homosexuali crea\u0163i de societate,<strong><em>Dumnezeu a fost ucis de Occident<\/em><\/strong>.<\/h4>\r\n<h4>De ce oare admiram at\u00e2t de mult haosul Europei vestice?<\/h4>\r\n<h4>Noi avem oameni, noi \u015ftim s\u0103 tr\u0103im, noi radem c\u0103 fugim cu nasu de acas\u0103 o s\u0103pt\u0103m\u00e2n\u0103 \u00een mun\u0163i cu corturile.<\/h4>\r\n<h4>Noi ne salut\u0103m cu \u201eDoamne ajut\u0103!\u201d<\/h4>\r\n<h4>Noi avem un p\u0103m\u00e2nt binecuv\u00e2ntat de oasele \u015fi s\u00e2ngele at\u00e2tor martiri\u2026 De ce s-au sacrificat at\u00e2\u0163ia romani pt viitorul nostru \u015fi noi fugim ca vitele \u00een Occident?<\/h4>\r\n<h4>De ce accept\u0103m ca Securi\u015ftii comuni\u015fti s\u0103 ne conduc\u0103 \u00een continuare prin politica \u015fi educa\u0163ie?<\/h4>\r\n<h4>De ce accept\u0103m ideile occidentale cu bra\u0163ele deschise?<\/h4>\r\n<h4>De ce accept\u0103m ca b\u0103rba\u0163ii no\u015ftri s\u0103 fie carne de tun pt NATO dar nu suntem \u00een stare s\u0103 ne recuper\u0103m Moldova de peste Prut dup\u0103 at\u00e2\u0163ia ani de la c\u0103derea comunismului?<\/h4>\r\n<h4>De ce accept\u0103m ca \u00een continuare memoria lupt\u0103torilor anticomuni\u015fti s\u0103 fie c\u0103lcat\u0103 \u00een picioare \u015fi la 22 de ani de la aparenta schimbare a regimului \u00eenc\u0103 nu le sunt recunoscute meritele?<\/h4>\r\n<h4>De ce e\u015fti drogat\u0103 scumpa Rom\u00e2nie cu iluzii occidentale?<\/h4>\r\n<h4>\u00cen Occident unde pleac\u0103 bie\u0163ii romani s\u0103 fac\u0103 o p\u00e2ine, germanii, francezii, englezii \u00eei trateaz\u0103 ca pe ni\u015fte sclavi, fiind roman e\u015fti privit ca o subrasa, \u00een Anglia un non-european are mai multe drepturi \u015fi privilegii doar datorit\u0103 faptului c\u0103 a tr\u0103it sub domina\u0163ia imperiului pt decenii\u2026\u015ei noi rom\u00e2nii care avem o \u0163ar\u0103 superb\u0103, un p\u0103m\u00e2nt fertil, plin de z\u0103c\u0103minte, Ro\u015fia montan\u0103, Delta, Carpa\u0163ii, Dun\u0103rea, Marea Neagr\u0103 st\u0103m s\u0103 cer\u015fim \u015fi s\u0103 ne umilim pt o p\u00e2ine prin Anglia, Italia \u015fi Spania\u2026.\u00cemi pl\u00e2nge inima c\u00e2nd v\u0103d cum sunt trata\u0163i pe p\u0103m\u00e2nt str\u0103in c\u00e2nd acas\u0103 la ei puteau m\u00e2nca din bel\u015fug, dac\u0103 nu ar fi fost l\u0103comia ho\u0163ilor de la putere\u2026\u00a0care au v\u00e2ndut \u021bara pe nimic.<\/h4>\r\n<h4>VREAU S\u0102 M\u0102 \u00ceNTORC \u00ceN ROM\u00c2NIA cu toate c\u0103 nu voi avea niciodat\u0103 banii pe care i-a\u015f avea lucr\u00e2nd aici. Dar cum spunea tat\u0103l lui Nicolae Steinhardt : vei avea zile frumoase dar nop\u0163ile \u00ee\u0163i vor fi \u00eengrozitoare.<\/h4>\r\n<h4>Omul nu are numai trup de hr\u0103nit, mai e \u015fi sufletul. \u015ei mai distrug\u0103toare este setea \u015fi foamea sufletului \u00eendep\u0103rtat de p\u0103m\u00e2nt \u015fi de neam dec\u00e2t foamea trupeasc\u0103\u2026<\/h4>\r\n<h4>A\u015fa c\u0103 rom\u00e2ni, pleca\u0163i, pleca\u0163i la studii, pleca\u0163i ca s\u0103 vede\u0163i \u00een ce hal a ajuns occidentul liberal, pleca\u0163i \u015fi \u00eenv\u0103\u0163a\u0163i s\u0103 v\u0103 iubi\u0163i \u0163ar\u0103 \u015fi realiza\u0163i ce frumuse\u0163e a\u0163i l\u0103sat \u00een urm\u0103.\u00a0\u015ei apoi ne vom \u00eentoarce cu to\u0163ii, valuri valuri, cu \u015fi mai mult\u0103 for\u0163\u0103 \u015fi dorin\u0163a de schimbare, \u015fi dup\u0103 68 de ani de asuprire,<strong><em>\u00a0Rom\u00e2nia va fi a rom\u00e2nilor din nou, a\u015fa s\u0103 ne ajute Dumnezeu!\u201d<\/em><\/strong><\/h4>\r\n<h4><strong>Cristiana Maria M\u0103rcu\u0219<\/strong><\/h4>\r\n<h4><\/h4>\r\n<h4><em><span style=\"color: #c0c0c0;\">Sursa:\u00a0<a title=\"7est\" href=\"http:\/\/7est.ro\/actualitate\/social\/item\/3238-student-roman-la-londra-dumnezeu-a-fost-ucis-de-occident-vreau-sa-ma-intorc-acasa.html\" target=\"_blank\" rel=\"noopener\">http:\/\/7est.ro<\/a><\/span><\/em><\/h4>        <div class=\"booster-block booster-reactions-block\">\n            <div class=\"twp-reactions-icons\">\n                \n                <div class=\"twp-reacts-wrap\">\n                    <a react-data=\"be-react-1\" post-id=\"4183\" class=\"be-face-icons un-reacted\" href=\"javascript:void(0)\">\n                        <img decoding=\"async\" src=\"https:\/\/desteptati-va.ro\/wp-content\/plugins\/booster-extension\/\/assets\/icon\/happy.svg\" alt=\"Happy\">\n                    <\/a>\n                    <div class=\"twp-reaction-title\">\n                        Happy                    <\/div>\n                    <div class=\"twp-count-percent\">\n                                                    <span style=\"display: none;\" class=\"twp-react-count\">0<\/span>\n                        \n                                                <span class=\"twp-react-percent\"><span>0<\/span> %<\/span>\n                                            <\/div>\n                <\/div>\n\n                <div class=\"twp-reacts-wrap\">\n                    <a react-data=\"be-react-2\" post-id=\"4183\" class=\"be-face-icons un-reacted\" href=\"javascript:void(0)\">\n                        <img decoding=\"async\" src=\"https:\/\/desteptati-va.ro\/wp-content\/plugins\/booster-extension\/\/assets\/icon\/sad.svg\" alt=\"Sad\">\n                    <\/a>\n                    <div class=\"twp-reaction-title\">\n                        Sad                    <\/div>\n                    <div class=\"twp-count-percent\">\n                                                    <span style=\"display: none;\" class=\"twp-react-count\">0<\/span>\n                                                                        <span class=\"twp-react-percent\"><span>0<\/span> %<\/span>\n                                            <\/div>\n                <\/div>\n\n                <div class=\"twp-reacts-wrap\">\n                    <a react-data=\"be-react-3\" post-id=\"4183\" class=\"be-face-icons un-reacted\" href=\"javascript:void(0)\">\n                        <img decoding=\"async\" src=\"https:\/\/desteptati-va.ro\/wp-content\/plugins\/booster-extension\/\/assets\/icon\/excited.svg\" alt=\"Excited\">\n                    <\/a>\n                    <div class=\"twp-reaction-title\">\n                        Excited                    <\/div>\n                    <div class=\"twp-count-percent\">\n                                                    <span style=\"display: none;\" class=\"twp-react-count\">0<\/span>\n                                                                        <span class=\"twp-react-percent\"><span>0<\/span> %<\/span>\n                                            <\/div>\n                <\/div>\n\n                <div class=\"twp-reacts-wrap\">\n                    <a react-data=\"be-react-6\" post-id=\"4183\" class=\"be-face-icons un-reacted\" href=\"javascript:void(0)\">\n                        <img decoding=\"async\" src=\"https:\/\/desteptati-va.ro\/wp-content\/plugins\/booster-extension\/\/assets\/icon\/sleepy.svg\" alt=\"Sleepy\">\n                    <\/a>\n                    <div class=\"twp-reaction-title\">\n                        Sleepy                    <\/div>\n                    <div class=\"twp-count-percent\">\n                                                    <span style=\"display: none;\" class=\"twp-react-count\">0<\/span>\n                        \n                                                <span class=\"twp-react-percent\"><span>0<\/span> %<\/span>\n                                            <\/div>\n                <\/div>\n\n                <div class=\"twp-reacts-wrap\">\n                    <a react-data=\"be-react-4\" post-id=\"4183\" class=\"be-face-icons un-reacted\" href=\"javascript:void(0)\">\n                        <img decoding=\"async\" src=\"https:\/\/desteptati-va.ro\/wp-content\/plugins\/booster-extension\/\/assets\/icon\/angry.svg\" alt=\"Angry\">\n                    <\/a>\n                    <div class=\"twp-reaction-title\">Angry<\/div>\n                    <div class=\"twp-count-percent\">\n                                                    <span style=\"display: none;\" class=\"twp-react-count\">0<\/span>\n                                                                        <span class=\"twp-react-percent\"><span>0<\/span> %<\/span>\n                        \n                    <\/div>\n                <\/div>\n\n                <div class=\"twp-reacts-wrap\">\n                    <a react-data=\"be-react-5\" post-id=\"4183\" class=\"be-face-icons un-reacted\" href=\"javascript:void(0)\">\n                        <img decoding=\"async\" src=\"https:\/\/desteptati-va.ro\/wp-content\/plugins\/booster-extension\/\/assets\/icon\/surprise.svg\" alt=\"Surprise\">\n                    <\/a>\n                    <div class=\"twp-reaction-title\">Surprise<\/div>\n                    <div class=\"twp-count-percent\">\n                                                    <span style=\"display: none;\" class=\"twp-react-count\">0<\/span>\n                                                                        <span class=\"twp-react-percent\"><span>0<\/span> %<\/span>\n                                            <\/div>\n                <\/div>\n\n            <\/div>\n        <\/div>\n\n    <\/div>","protected":false},"excerpt":{"rendered":"<p>O scrisoare emo\u021bionant\u0103 a unei tinere studente plecat\u0103 la studii \u00een Marea Britanie circul\u0103 de c\u00e2teva zile pe Internet. Viziunea<a href=\"https:\/\/desteptati-va.ro\/index.php\/2021\/04\/20\/dumnezeu-a-fost-ucis-de-occident-vreau-sa-ma-intorc-acasa\/\">Read More<i class=\"fa fa-long-arrow-right\" aria-hidden=\"true\"><\/i><\/a><\/p>\n","protected":false},"author":1,"featured_media":2964,"comment_status":"open","ping_status":"open","sticky":false,"template":"","format":"standard","meta":{"_crdt_document":"","footnotes":""},"categories":[19],"tags":[1623],"class_list":["post-4183","post","type-post","status-publish","format-standard","has-post-thumbnail","hentry","category-revolutia-constiintelor","tag-occidentul"],"rise-blocks_total_comments":0,"rise-blocks_categories":[{"term_id":19,"name":"Revolutia Constiintelor","slug":"revolutia-constiintelor","term_group":0,"term_taxonomy_id":19,"taxonomy":"category","description":"","parent":0,"count":11,"filter":"raw"}],"rise-blocks_excerpt":"O scrisoare emo\u021bionant\u0103 a unei tinere studente plecat\u0103 la studii \u00een Marea Britanie circul\u0103 de c\u00e2teva zile pe Internet. Viziunea rom\u00e2ncei noastre despre Occident: un loc f\u0103r\u0103 identitate, cu tradi\u021bii care se pierd \u00eencet-\u00eencet din cauza globaliz\u0103rii, \u00een care cet\u0103\u021benii se tem permanent de extremismul islamic, \u00een care nim\u0103nui nu-i pas\u0103 ce g\u00e2nde\u0219ti sau ce dore\u0219ti. Este inutil s\u0103 v\u0103..","yoast_head":"<!-- This site is optimized with the Yoast SEO plugin v26.9 - https:\/\/yoast.com\/product\/yoast-seo-wordpress\/ -->\r\n<title>\u201cDumnezeu a fost ucis de Occident, VREAU S\u0102 M\u0102 \u00ceNTORC ACAS\u0102!\u201d -<\/title>\r\n<meta name=\"robots\" content=\"index, follow, max-snippet:-1, max-image-preview:large, max-video-preview:-1\" \/>\r\n<link rel=\"canonical\" href=\"https:\/\/desteptati-va.ro\/index.php\/2021\/04\/20\/dumnezeu-a-fost-ucis-de-occident-vreau-sa-ma-intorc-acasa\/\" \/>\r\n<meta property=\"og:locale\" content=\"ro_RO\" \/>\r\n<meta property=\"og:type\" content=\"article\" \/>\r\n<meta property=\"og:title\" content=\"\u201cDumnezeu a fost ucis de Occident, VREAU S\u0102 M\u0102 \u00ceNTORC ACAS\u0102!\u201d -\" \/>\r\n<meta property=\"og:description\" content=\"O scrisoare emo\u021bionant\u0103 a unei tinere studente plecat\u0103 la studii \u00een Marea Britanie circul\u0103 de c\u00e2teva zile pe Internet. ViziuneaRead More\" \/>\r\n<meta property=\"og:url\" content=\"https:\/\/desteptati-va.ro\/index.php\/2021\/04\/20\/dumnezeu-a-fost-ucis-de-occident-vreau-sa-ma-intorc-acasa\/\" \/>\r\n<meta property=\"article:published_time\" content=\"2021-04-20T06:40:15+00:00\" \/>\r\n<meta property=\"og:image\" content=\"https:\/\/desteptati-va.ro\/wp-content\/uploads\/2021\/04\/627x0hartaputin-e1618900797263.jpg\" \/>\r\n\t<meta property=\"og:image:width\" content=\"385\" \/>\r\n\t<meta property=\"og:image:height\" content=\"201\" \/>\r\n\t<meta property=\"og:image:type\" content=\"image\/jpeg\" \/>\r\n<meta name=\"author\" content=\"wolfsoftcompany\" \/>\r\n<meta name=\"twitter:card\" content=\"summary_large_image\" \/>\r\n<meta name=\"twitter:label1\" content=\"Scris de\" \/>\n\t<meta name=\"twitter:data1\" content=\"wolfsoftcompany\" \/>\n\t<meta name=\"twitter:label2\" content=\"Timp estimat pentru citire\" \/>\n\t<meta name=\"twitter:data2\" content=\"5 minute\" \/>\r\n<script type=\"application\/ld+json\" class=\"yoast-schema-graph\">{\"@context\":\"https:\/\/schema.org\",\"@graph\":[{\"@type\":\"Article\",\"@id\":\"https:\/\/desteptati-va.ro\/index.php\/2021\/04\/20\/dumnezeu-a-fost-ucis-de-occident-vreau-sa-ma-intorc-acasa\/#article\",\"isPartOf\":{\"@id\":\"https:\/\/desteptati-va.ro\/index.php\/2021\/04\/20\/dumnezeu-a-fost-ucis-de-occident-vreau-sa-ma-intorc-acasa\/\"},\"author\":{\"name\":\"wolfsoftcompany\",\"@id\":\"https:\/\/desteptati-va.ro\/#\/schema\/person\/13182deeebd44920914899f7bb262d6b\"},\"headline\":\"\u201cDumnezeu a fost ucis de Occident, VREAU S\u0102 M\u0102 \u00ceNTORC ACAS\u0102!\u201d\",\"datePublished\":\"2021-04-20T06:40:15+00:00\",\"mainEntityOfPage\":{\"@id\":\"https:\/\/desteptati-va.ro\/index.php\/2021\/04\/20\/dumnezeu-a-fost-ucis-de-occident-vreau-sa-ma-intorc-acasa\/\"},\"wordCount\":1052,\"commentCount\":0,\"image\":{\"@id\":\"https:\/\/desteptati-va.ro\/index.php\/2021\/04\/20\/dumnezeu-a-fost-ucis-de-occident-vreau-sa-ma-intorc-acasa\/#primaryimage\"},\"thumbnailUrl\":\"https:\/\/desteptati-va.ro\/wp-content\/uploads\/2021\/04\/627x0hartaputin-e1618900797263.jpg\",\"keywords\":[\"occidentul\"],\"articleSection\":[\"Revolutia Constiintelor\"],\"inLanguage\":\"ro-RO\",\"potentialAction\":[{\"@type\":\"CommentAction\",\"name\":\"Comment\",\"target\":[\"https:\/\/desteptati-va.ro\/index.php\/2021\/04\/20\/dumnezeu-a-fost-ucis-de-occident-vreau-sa-ma-intorc-acasa\/#respond\"]}]},{\"@type\":\"WebPage\",\"@id\":\"https:\/\/desteptati-va.ro\/index.php\/2021\/04\/20\/dumnezeu-a-fost-ucis-de-occident-vreau-sa-ma-intorc-acasa\/\",\"url\":\"https:\/\/desteptati-va.ro\/index.php\/2021\/04\/20\/dumnezeu-a-fost-ucis-de-occident-vreau-sa-ma-intorc-acasa\/\",\"name\":\"\u201cDumnezeu a fost ucis de Occident, VREAU S\u0102 M\u0102 \u00ceNTORC ACAS\u0102!\u201d -\",\"isPartOf\":{\"@id\":\"https:\/\/desteptati-va.ro\/#website\"},\"primaryImageOfPage\":{\"@id\":\"https:\/\/desteptati-va.ro\/index.php\/2021\/04\/20\/dumnezeu-a-fost-ucis-de-occident-vreau-sa-ma-intorc-acasa\/#primaryimage\"},\"image\":{\"@id\":\"https:\/\/desteptati-va.ro\/index.php\/2021\/04\/20\/dumnezeu-a-fost-ucis-de-occident-vreau-sa-ma-intorc-acasa\/#primaryimage\"},\"thumbnailUrl\":\"https:\/\/desteptati-va.ro\/wp-content\/uploads\/2021\/04\/627x0hartaputin-e1618900797263.jpg\",\"datePublished\":\"2021-04-20T06:40:15+00:00\",\"author\":{\"@id\":\"https:\/\/desteptati-va.ro\/#\/schema\/person\/13182deeebd44920914899f7bb262d6b\"},\"breadcrumb\":{\"@id\":\"https:\/\/desteptati-va.ro\/index.php\/2021\/04\/20\/dumnezeu-a-fost-ucis-de-occident-vreau-sa-ma-intorc-acasa\/#breadcrumb\"},\"inLanguage\":\"ro-RO\",\"potentialAction\":[{\"@type\":\"ReadAction\",\"target\":[\"https:\/\/desteptati-va.ro\/index.php\/2021\/04\/20\/dumnezeu-a-fost-ucis-de-occident-vreau-sa-ma-intorc-acasa\/\"]}]},{\"@type\":\"ImageObject\",\"inLanguage\":\"ro-RO\",\"@id\":\"https:\/\/desteptati-va.ro\/index.php\/2021\/04\/20\/dumnezeu-a-fost-ucis-de-occident-vreau-sa-ma-intorc-acasa\/#primaryimage\",\"url\":\"https:\/\/desteptati-va.ro\/wp-content\/uploads\/2021\/04\/627x0hartaputin-e1618900797263.jpg\",\"contentUrl\":\"https:\/\/desteptati-va.ro\/wp-content\/uploads\/2021\/04\/627x0hartaputin-e1618900797263.jpg\",\"width\":385,\"height\":201},{\"@type\":\"BreadcrumbList\",\"@id\":\"https:\/\/desteptati-va.ro\/index.php\/2021\/04\/20\/dumnezeu-a-fost-ucis-de-occident-vreau-sa-ma-intorc-acasa\/#breadcrumb\",\"itemListElement\":[{\"@type\":\"ListItem\",\"position\":1,\"name\":\"Prima pagin\u0103\",\"item\":\"https:\/\/desteptati-va.ro\/\"},{\"@type\":\"ListItem\",\"position\":2,\"name\":\"\u201cDumnezeu a fost ucis de Occident, VREAU S\u0102 M\u0102 \u00ceNTORC ACAS\u0102!\u201d\"}]},{\"@type\":\"WebSite\",\"@id\":\"https:\/\/desteptati-va.ro\/#website\",\"url\":\"https:\/\/desteptati-va.ro\/\",\"name\":\"\",\"description\":\"\",\"potentialAction\":[{\"@type\":\"SearchAction\",\"target\":{\"@type\":\"EntryPoint\",\"urlTemplate\":\"https:\/\/desteptati-va.ro\/?s={search_term_string}\"},\"query-input\":{\"@type\":\"PropertyValueSpecification\",\"valueRequired\":true,\"valueName\":\"search_term_string\"}}],\"inLanguage\":\"ro-RO\"},{\"@type\":\"Person\",\"@id\":\"https:\/\/desteptati-va.ro\/#\/schema\/person\/13182deeebd44920914899f7bb262d6b\",\"name\":\"wolfsoftcompany\",\"image\":{\"@type\":\"ImageObject\",\"inLanguage\":\"ro-RO\",\"@id\":\"https:\/\/desteptati-va.ro\/#\/schema\/person\/image\/\",\"url\":\"https:\/\/secure.gravatar.com\/avatar\/a6cce9b6d101d27d91690e7073e300fed94c0899890bf998e082cb9d2c3d121e?s=96&d=mm&r=g\",\"contentUrl\":\"https:\/\/secure.gravatar.com\/avatar\/a6cce9b6d101d27d91690e7073e300fed94c0899890bf998e082cb9d2c3d121e?s=96&d=mm&r=g\",\"caption\":\"wolfsoftcompany\"},\"sameAs\":[\"http:\/\/desteptati-va.ro\"],\"url\":\"https:\/\/desteptati-va.ro\/index.php\/author\/wolfsoftcompany\/\"}]}<\/script>\r\n<!-- \/ Yoast SEO plugin. -->","yoast_head_json":{"title":"\u201cDumnezeu a fost ucis de Occident, VREAU S\u0102 M\u0102 \u00ceNTORC ACAS\u0102!\u201d -","robots":{"index":"index","follow":"follow","max-snippet":"max-snippet:-1","max-image-preview":"max-image-preview:large","max-video-preview":"max-video-preview:-1"},"canonical":"https:\/\/desteptati-va.ro\/index.php\/2021\/04\/20\/dumnezeu-a-fost-ucis-de-occident-vreau-sa-ma-intorc-acasa\/","og_locale":"ro_RO","og_type":"article","og_title":"\u201cDumnezeu a fost ucis de Occident, VREAU S\u0102 M\u0102 \u00ceNTORC ACAS\u0102!\u201d -","og_description":"O scrisoare emo\u021bionant\u0103 a unei tinere studente plecat\u0103 la studii \u00een Marea Britanie circul\u0103 de c\u00e2teva zile pe Internet. ViziuneaRead More","og_url":"https:\/\/desteptati-va.ro\/index.php\/2021\/04\/20\/dumnezeu-a-fost-ucis-de-occident-vreau-sa-ma-intorc-acasa\/","article_published_time":"2021-04-20T06:40:15+00:00","og_image":[{"width":385,"height":201,"url":"https:\/\/desteptati-va.ro\/wp-content\/uploads\/2021\/04\/627x0hartaputin-e1618900797263.jpg","type":"image\/jpeg"}],"author":"wolfsoftcompany","twitter_card":"summary_large_image","twitter_misc":{"Scris de":"wolfsoftcompany","Timp estimat pentru citire":"5 minute"},"schema":{"@context":"https:\/\/schema.org","@graph":[{"@type":"Article","@id":"https:\/\/desteptati-va.ro\/index.php\/2021\/04\/20\/dumnezeu-a-fost-ucis-de-occident-vreau-sa-ma-intorc-acasa\/#article","isPartOf":{"@id":"https:\/\/desteptati-va.ro\/index.php\/2021\/04\/20\/dumnezeu-a-fost-ucis-de-occident-vreau-sa-ma-intorc-acasa\/"},"author":{"name":"wolfsoftcompany","@id":"https:\/\/desteptati-va.ro\/#\/schema\/person\/13182deeebd44920914899f7bb262d6b"},"headline":"\u201cDumnezeu a fost ucis de Occident, VREAU S\u0102 M\u0102 \u00ceNTORC ACAS\u0102!\u201d","datePublished":"2021-04-20T06:40:15+00:00","mainEntityOfPage":{"@id":"https:\/\/desteptati-va.ro\/index.php\/2021\/04\/20\/dumnezeu-a-fost-ucis-de-occident-vreau-sa-ma-intorc-acasa\/"},"wordCount":1052,"commentCount":0,"image":{"@id":"https:\/\/desteptati-va.ro\/index.php\/2021\/04\/20\/dumnezeu-a-fost-ucis-de-occident-vreau-sa-ma-intorc-acasa\/#primaryimage"},"thumbnailUrl":"https:\/\/desteptati-va.ro\/wp-content\/uploads\/2021\/04\/627x0hartaputin-e1618900797263.jpg","keywords":["occidentul"],"articleSection":["Revolutia Constiintelor"],"inLanguage":"ro-RO","potentialAction":[{"@type":"CommentAction","name":"Comment","target":["https:\/\/desteptati-va.ro\/index.php\/2021\/04\/20\/dumnezeu-a-fost-ucis-de-occident-vreau-sa-ma-intorc-acasa\/#respond"]}]},{"@type":"WebPage","@id":"https:\/\/desteptati-va.ro\/index.php\/2021\/04\/20\/dumnezeu-a-fost-ucis-de-occident-vreau-sa-ma-intorc-acasa\/","url":"https:\/\/desteptati-va.ro\/index.php\/2021\/04\/20\/dumnezeu-a-fost-ucis-de-occident-vreau-sa-ma-intorc-acasa\/","name":"\u201cDumnezeu a fost ucis de Occident, VREAU S\u0102 M\u0102 \u00ceNTORC ACAS\u0102!\u201d -","isPartOf":{"@id":"https:\/\/desteptati-va.ro\/#website"},"primaryImageOfPage":{"@id":"https:\/\/desteptati-va.ro\/index.php\/2021\/04\/20\/dumnezeu-a-fost-ucis-de-occident-vreau-sa-ma-intorc-acasa\/#primaryimage"},"image":{"@id":"https:\/\/desteptati-va.ro\/index.php\/2021\/04\/20\/dumnezeu-a-fost-ucis-de-occident-vreau-sa-ma-intorc-acasa\/#primaryimage"},"thumbnailUrl":"https:\/\/desteptati-va.ro\/wp-content\/uploads\/2021\/04\/627x0hartaputin-e1618900797263.jpg","datePublished":"2021-04-20T06:40:15+00:00","author":{"@id":"https:\/\/desteptati-va.ro\/#\/schema\/person\/13182deeebd44920914899f7bb262d6b"},"breadcrumb":{"@id":"https:\/\/desteptati-va.ro\/index.php\/2021\/04\/20\/dumnezeu-a-fost-ucis-de-occident-vreau-sa-ma-intorc-acasa\/#breadcrumb"},"inLanguage":"ro-RO","potentialAction":[{"@type":"ReadAction","target":["https:\/\/desteptati-va.ro\/index.php\/2021\/04\/20\/dumnezeu-a-fost-ucis-de-occident-vreau-sa-ma-intorc-acasa\/"]}]},{"@type":"ImageObject","inLanguage":"ro-RO","@id":"https:\/\/desteptati-va.ro\/index.php\/2021\/04\/20\/dumnezeu-a-fost-ucis-de-occident-vreau-sa-ma-intorc-acasa\/#primaryimage","url":"https:\/\/desteptati-va.ro\/wp-content\/uploads\/2021\/04\/627x0hartaputin-e1618900797263.jpg","contentUrl":"https:\/\/desteptati-va.ro\/wp-content\/uploads\/2021\/04\/627x0hartaputin-e1618900797263.jpg","width":385,"height":201},{"@type":"BreadcrumbList","@id":"https:\/\/desteptati-va.ro\/index.php\/2021\/04\/20\/dumnezeu-a-fost-ucis-de-occident-vreau-sa-ma-intorc-acasa\/#breadcrumb","itemListElement":[{"@type":"ListItem","position":1,"name":"Prima pagin\u0103","item":"https:\/\/desteptati-va.ro\/"},{"@type":"ListItem","position":2,"name":"\u201cDumnezeu a fost ucis de Occident, VREAU S\u0102 M\u0102 \u00ceNTORC ACAS\u0102!\u201d"}]},{"@type":"WebSite","@id":"https:\/\/desteptati-va.ro\/#website","url":"https:\/\/desteptati-va.ro\/","name":"","description":"","potentialAction":[{"@type":"SearchAction","target":{"@type":"EntryPoint","urlTemplate":"https:\/\/desteptati-va.ro\/?s={search_term_string}"},"query-input":{"@type":"PropertyValueSpecification","valueRequired":true,"valueName":"search_term_string"}}],"inLanguage":"ro-RO"},{"@type":"Person","@id":"https:\/\/desteptati-va.ro\/#\/schema\/person\/13182deeebd44920914899f7bb262d6b","name":"wolfsoftcompany","image":{"@type":"ImageObject","inLanguage":"ro-RO","@id":"https:\/\/desteptati-va.ro\/#\/schema\/person\/image\/","url":"https:\/\/secure.gravatar.com\/avatar\/a6cce9b6d101d27d91690e7073e300fed94c0899890bf998e082cb9d2c3d121e?s=96&d=mm&r=g","contentUrl":"https:\/\/secure.gravatar.com\/avatar\/a6cce9b6d101d27d91690e7073e300fed94c0899890bf998e082cb9d2c3d121e?s=96&d=mm&r=g","caption":"wolfsoftcompany"},"sameAs":["http:\/\/desteptati-va.ro"],"url":"https:\/\/desteptati-va.ro\/index.php\/author\/wolfsoftcompany\/"}]}},"_links":{"self":[{"href":"https:\/\/desteptati-va.ro\/index.php\/wp-json\/wp\/v2\/posts\/4183","targetHints":{"allow":["GET"]}}],"collection":[{"href":"https:\/\/desteptati-va.ro\/index.php\/wp-json\/wp\/v2\/posts"}],"about":[{"href":"https:\/\/desteptati-va.ro\/index.php\/wp-json\/wp\/v2\/types\/post"}],"author":[{"embeddable":true,"href":"https:\/\/desteptati-va.ro\/index.php\/wp-json\/wp\/v2\/users\/1"}],"replies":[{"embeddable":true,"href":"https:\/\/desteptati-va.ro\/index.php\/wp-json\/wp\/v2\/comments?post=4183"}],"version-history":[{"count":1,"href":"https:\/\/desteptati-va.ro\/index.php\/wp-json\/wp\/v2\/posts\/4183\/revisions"}],"predecessor-version":[{"id":4185,"href":"https:\/\/desteptati-va.ro\/index.php\/wp-json\/wp\/v2\/posts\/4183\/revisions\/4185"}],"wp:featuredmedia":[{"embeddable":true,"href":"https:\/\/desteptati-va.ro\/index.php\/wp-json\/wp\/v2\/media\/2964"}],"wp:attachment":[{"href":"https:\/\/desteptati-va.ro\/index.php\/wp-json\/wp\/v2\/media?parent=4183"}],"wp:term":[{"taxonomy":"category","embeddable":true,"href":"https:\/\/desteptati-va.ro\/index.php\/wp-json\/wp\/v2\/categories?post=4183"},{"taxonomy":"post_tag","embeddable":true,"href":"https:\/\/desteptati-va.ro\/index.php\/wp-json\/wp\/v2\/tags?post=4183"}],"curies":[{"name":"wp","href":"https:\/\/api.w.org\/{rel}","templated":true}]}}