{"id":4192,"date":"2021-04-20T06:44:26","date_gmt":"2021-04-20T06:44:26","guid":{"rendered":"http:\/\/desteptati.ro\/?p=4192"},"modified":"2021-04-20T06:44:26","modified_gmt":"2021-04-20T06:44:26","slug":"revolutia-anti-sistem-manifestul-din-piata-universitatii","status":"publish","type":"post","link":"https:\/\/desteptati-va.ro\/index.php\/2021\/04\/20\/revolutia-anti-sistem-manifestul-din-piata-universitatii\/","title":{"rendered":"Revolu\u0163ia anti-sistem, manifestul din Pia\u0163a Universit\u0103\u0163ii"},"content":{"rendered":"<div class=\"post-content\"><div class='booster-block booster-read-block'>\n                <div class=\"twp-read-time\">\n                \t<i class=\"booster-icon twp-clock\"><\/i> <span>Read Time:<\/span>2 Minute, 55 Second                <\/div>\n\n            <\/div>\r\n\r\n\r\n<h3 class=\"wp-block-heading\"><span style=\"color: #ff0000;\"><strong>Revolu\u0163ia anti-sistem, manifestul din Pia\u0163a Universit\u0103\u0163ii.<\/strong><\/span><\/h3>\r\n\r\n\r\n\r\n<h4 class=\"wp-block-heading\"><span style=\"color: #000000;\">Prin manifesta\u0163iile de strad\u0103<\/span> care au loc peste tot \u00een Rom\u00e2nia se cere nu doar demisia pre\u015fedintelui \u015fi a guvernului, ci \u015fi reformarea radical\u0103 a clasei politice rom\u00e2ne\u015fti. Manifestan\u0163ii nu au ie\u015fit \u00een strad\u0103 doar ca s\u0103 schimbe o marioneta expirat\u0103 cu alta nou\u0103, ci ca s\u0103 construiasc\u0103 o noua form\u0103 de organizare social\u0103, bazat\u0103 pe principii noi \u015fi pe dialog social \u00eentre popor \u015fi guvernan\u0163i.<br \/>Manifestan\u0163ii nu au ie\u015fit ca s\u0103 ofere o solu\u0163ie miraculoas\u0103, ci ca s\u0103 cear\u0103 s\u0103 se \u00eenceap\u0103 construirea unei noi organiz\u0103ri administrative mai eficiente. Acest proces reformativ poate fi de durat\u0103, el nu se va realiza peste noapte. Este nevoie ca to\u0163i rom\u00e2nii s\u0103 fie mai activi \u00een plan social politic pentru a se putea ob\u0163ine transform\u0103ri viabile. Dac\u0103 nu ne vom implica, nu trebuie s\u0103 ne mire c\u0103 vom fi fura\u0163i \u00een continuare. Fiecare cet\u0103\u021bean trebuie s\u0103 contribuie cu c\u00e2te pu\u0163in. Singura solu\u0163ie, propria evolu\u0163ie.<br \/>Acum este momentul s\u0103 ac\u0163ion\u0103m. Toat\u0103 clasa politic\u0103 actuala este compromis\u0103. Trebuie s\u0103 \u00eei determin\u0103m pe guvernan\u0163ii s\u0103 inteleag\u0103 c\u0103 ei nu sunt st\u0103p\u00e2nii acestei t\u0103ri, ci servitorii umili ai poporului rom\u00e2n care \u00eei pl\u0103te\u015fte. Singura for\u0163a conduc\u0103toare este poporul. Noi suntem cei 99 la sut\u0103, noi avem puterea. Parlamentarii, mini\u015ftrii, pre\u015fedintele, jandarmii sunt doar func\u0163ionari pl\u0103ti\u0163i ca s\u0103 slujeasc\u0103 poporului rom\u00e2n.<br \/>Cerem eliminarea corup\u0163iei la nivel \u00eenalt. Pentru ca economia s\u0103 se dezvolte trebuie s\u0103 elimin\u0103m viermii care o paraziteaz\u0103. Dac\u0103 ai o g\u0103leata plin\u0103 de g\u0103uri, nu o vei putea umple cu ap\u0103 niciodat\u0103. Solu\u0163ia nu este s\u0103 torni mai mult\u0103 ap\u0103, ci s\u0103 astupi g\u0103urile. Trebuie distru\u015fi viermii care fac g\u0103uri \u00een economia t\u0103rii.<br \/>Statul rom\u00e2n a ajuns s\u0103 aib\u0103 datorii de peste 100 de miliarde de euro, adic\u0103 peste 5 mii de euro pe cap de locuitor, sau 20 de mii de euro pe familie cu 4 membri. Pentru ce s-au f\u0103cut aceste datorii ? Cum le vor pl\u0103\u0163i oamenii, pe l\u00e2ng\u0103 datoriile personale pe care le au la b\u0103nci \u015fi pe l\u00e2ng\u0103 cheltuielile zilnice? Poate pentru politicienii \u00eembuiba\u0163i este simplu, dar pentru familiile cu salarii mici? Dob\u00e2nzile acestor datorii se ad\u0103ug\u0103 \u00een continuare, vom pl\u0103\u0163i la ele \u015fi noi, \u015fi copii no\u015ftii, \u015fi nepo\u0163ii no\u015ftri.<br \/>Trebuie f\u0103cute investi\u0163ii rentabile, care s\u0103 aduc\u0103 profit. Orice buticar \u015ftie c\u0103 banul trebuie s\u0103 produc\u0103 ban. Statului \u00eei trebuie doar investi\u0163ii care aduc profit, nu s\u0103 cheltuiasc\u0103 banii aberant. S-au investit sume uria\u015fe pentru a se monta lifturi \u00een sta\u0163iile de metrou. Ce profit aduce aceasta? Zero.\u00a0 Desigur, c\u00e2\u0163iva muncitori vor avea de lucru pentru un an de zile, dar apoi? Mai bine s-ar investi \u00eentr-o ramura industrial\u0103 eficient\u0103, mecanic\u0103, software \u015fi altele care s\u0103 ofere sute de locuri de munc\u0103 permanente \u015fi profituri de milioane de euro.<br \/>Dumnezeu le-a dat romanilor o \u0163ar\u0103 foarte bogat\u0103 \u00een aur, petrol, p\u0103duri, c\u00e2mpii, mun\u0163i, dealuri, r\u00e2uri, fluviu, delt\u0103 \u015fi, ce este mai important, inteligent\u0103 \u015fi h\u0103rnicie. Atunci cine a produs aceast\u0103 pauperizare a societ\u0103\u0163ii?<br \/>\u00een afara de criza economic\u0103 a ap\u0103rut \u015fi o criz\u0103 spiritual\u0103, dar oamenii au \u00eenceput s\u0103 caute noi paradigme \u015fi s\u0103 identifice valorile culturale prin care aspir\u0103 s\u0103 se dezvolte.<br \/>Rom\u00e2nii au \u00eenceput s\u0103 se trezeasc\u0103. Ei nu mai vor s\u0103 fie min\u0163i\u0163i \u015fi manipula\u0163i. Ei vor libertate.<br \/>Vrem o Rom\u00e2nie a rom\u00e2nilor. Nu mai vrem s\u0103 fim condu\u015fi, \u00een pr\u0103pastie, de Fondul Monetar Interna\u0163ional, de corpora\u0163ii str\u0103ine, de servicii secrete str\u0103ine, de grupuri oculte interna\u0163ionale, francmasonerie, Bilderberg, Trilaterala, Grupul celor 300, \u015fi altele.<\/h4>\r\n\r\n\r\n\r\n<h4 class=\"wp-block-heading\"><span style=\"color: #c0c0c0;\"><em>Sursa: Blogosfera<\/em><\/span><\/h4>\r\n\r\n\r\n\r\n<p class=\"wp-block-paragraph\">&nbsp;<\/p>\r\n        <div class=\"booster-block booster-reactions-block\">\n            <div class=\"twp-reactions-icons\">\n                \n                <div class=\"twp-reacts-wrap\">\n                    <a react-data=\"be-react-1\" post-id=\"4192\" class=\"be-face-icons un-reacted\" href=\"javascript:void(0)\">\n                        <img decoding=\"async\" src=\"https:\/\/desteptati-va.ro\/wp-content\/plugins\/booster-extension\/\/assets\/icon\/happy.svg\" alt=\"Happy\">\n                    <\/a>\n                    <div class=\"twp-reaction-title\">\n                        Happy                    <\/div>\n                    <div class=\"twp-count-percent\">\n                                                    <span style=\"display: none;\" class=\"twp-react-count\">0<\/span>\n                        \n                                                <span class=\"twp-react-percent\"><span>0<\/span> %<\/span>\n                                            <\/div>\n                <\/div>\n\n                <div class=\"twp-reacts-wrap\">\n                    <a react-data=\"be-react-2\" post-id=\"4192\" class=\"be-face-icons un-reacted\" href=\"javascript:void(0)\">\n                        <img decoding=\"async\" src=\"https:\/\/desteptati-va.ro\/wp-content\/plugins\/booster-extension\/\/assets\/icon\/sad.svg\" alt=\"Sad\">\n                    <\/a>\n                    <div class=\"twp-reaction-title\">\n                        Sad                    <\/div>\n                    <div class=\"twp-count-percent\">\n                                                    <span style=\"display: none;\" class=\"twp-react-count\">0<\/span>\n                                                                        <span class=\"twp-react-percent\"><span>0<\/span> %<\/span>\n                                            <\/div>\n                <\/div>\n\n                <div class=\"twp-reacts-wrap\">\n                    <a react-data=\"be-react-3\" post-id=\"4192\" class=\"be-face-icons un-reacted\" href=\"javascript:void(0)\">\n                        <img decoding=\"async\" src=\"https:\/\/desteptati-va.ro\/wp-content\/plugins\/booster-extension\/\/assets\/icon\/excited.svg\" alt=\"Excited\">\n                    <\/a>\n                    <div class=\"twp-reaction-title\">\n                        Excited                    <\/div>\n                    <div class=\"twp-count-percent\">\n                                                    <span style=\"display: none;\" class=\"twp-react-count\">0<\/span>\n                                                                        <span class=\"twp-react-percent\"><span>0<\/span> %<\/span>\n                                            <\/div>\n                <\/div>\n\n                <div class=\"twp-reacts-wrap\">\n                    <a react-data=\"be-react-6\" post-id=\"4192\" class=\"be-face-icons un-reacted\" href=\"javascript:void(0)\">\n                        <img decoding=\"async\" src=\"https:\/\/desteptati-va.ro\/wp-content\/plugins\/booster-extension\/\/assets\/icon\/sleepy.svg\" alt=\"Sleepy\">\n                    <\/a>\n                    <div class=\"twp-reaction-title\">\n                        Sleepy                    <\/div>\n                    <div class=\"twp-count-percent\">\n                                                    <span style=\"display: none;\" class=\"twp-react-count\">0<\/span>\n                        \n                                                <span class=\"twp-react-percent\"><span>0<\/span> %<\/span>\n                                            <\/div>\n                <\/div>\n\n                <div class=\"twp-reacts-wrap\">\n                    <a react-data=\"be-react-4\" post-id=\"4192\" class=\"be-face-icons un-reacted\" href=\"javascript:void(0)\">\n                        <img decoding=\"async\" src=\"https:\/\/desteptati-va.ro\/wp-content\/plugins\/booster-extension\/\/assets\/icon\/angry.svg\" alt=\"Angry\">\n                    <\/a>\n                    <div class=\"twp-reaction-title\">Angry<\/div>\n                    <div class=\"twp-count-percent\">\n                                                    <span style=\"display: none;\" class=\"twp-react-count\">0<\/span>\n                                                                        <span class=\"twp-react-percent\"><span>0<\/span> %<\/span>\n                        \n                    <\/div>\n                <\/div>\n\n                <div class=\"twp-reacts-wrap\">\n                    <a react-data=\"be-react-5\" post-id=\"4192\" class=\"be-face-icons un-reacted\" href=\"javascript:void(0)\">\n                        <img decoding=\"async\" src=\"https:\/\/desteptati-va.ro\/wp-content\/plugins\/booster-extension\/\/assets\/icon\/surprise.svg\" alt=\"Surprise\">\n                    <\/a>\n                    <div class=\"twp-reaction-title\">Surprise<\/div>\n                    <div class=\"twp-count-percent\">\n                                                    <span style=\"display: none;\" class=\"twp-react-count\">0<\/span>\n                                                                        <span class=\"twp-react-percent\"><span>0<\/span> %<\/span>\n                                            <\/div>\n                <\/div>\n\n            <\/div>\n        <\/div>\n\n    <\/div>","protected":false},"excerpt":{"rendered":"<p>Revolu\u0163ia anti-sistem, manifestul din Pia\u0163a Universit\u0103\u0163ii. Prin manifesta\u0163iile de strad\u0103 care au loc peste tot \u00een Rom\u00e2nia se cere nu<a href=\"https:\/\/desteptati-va.ro\/index.php\/2021\/04\/20\/revolutia-anti-sistem-manifestul-din-piata-universitatii\/\">Read More<i class=\"fa fa-long-arrow-right\" aria-hidden=\"true\"><\/i><\/a><\/p>\n","protected":false},"author":1,"featured_media":2690,"comment_status":"open","ping_status":"open","sticky":false,"template":"","format":"standard","meta":{"_crdt_document":"","footnotes":""},"categories":[218,19],"tags":[1625,1074],"class_list":["post-4192","post","type-post","status-publish","format-standard","has-post-thumbnail","hentry","category-general","category-revolutia-constiintelor","tag-marionete","tag-revolta"],"rise-blocks_total_comments":0,"rise-blocks_categories":[{"term_id":19,"name":"Revolutia Constiintelor","slug":"revolutia-constiintelor","term_group":0,"term_taxonomy_id":19,"taxonomy":"category","description":"","parent":0,"count":11,"filter":"raw"}],"rise-blocks_excerpt":"Revolu\u0163ia anti-sistem, manifestul din Pia\u0163a Universit\u0103\u0163ii. Prin manifesta\u0163iile de strad\u0103 care au loc peste tot \u00een Rom\u00e2nia se cere nu doar demisia pre\u015fedintelui \u015fi a guvernului, ci \u015fi reformarea radical\u0103 a clasei politice rom\u00e2ne\u015fti. Manifestan\u0163ii nu au ie\u015fit \u00een strad\u0103 doar ca s\u0103 schimbe o marioneta expirat\u0103 cu alta nou\u0103, ci ca s\u0103 construiasc\u0103 o noua form\u0103 de organizare social\u0103,..","yoast_head":"<!-- This site is optimized with the Yoast SEO plugin v26.9 - https:\/\/yoast.com\/product\/yoast-seo-wordpress\/ -->\r\n<title>Revolu\u0163ia anti-sistem, manifestul din Pia\u0163a Universit\u0103\u0163ii -<\/title>\r\n<meta name=\"robots\" content=\"index, follow, max-snippet:-1, max-image-preview:large, max-video-preview:-1\" \/>\r\n<link rel=\"canonical\" href=\"https:\/\/desteptati-va.ro\/index.php\/2021\/04\/20\/revolutia-anti-sistem-manifestul-din-piata-universitatii\/\" \/>\r\n<meta property=\"og:locale\" content=\"ro_RO\" \/>\r\n<meta property=\"og:type\" content=\"article\" \/>\r\n<meta property=\"og:title\" content=\"Revolu\u0163ia anti-sistem, manifestul din Pia\u0163a Universit\u0103\u0163ii -\" \/>\r\n<meta property=\"og:description\" content=\"Revolu\u0163ia anti-sistem, manifestul din Pia\u0163a Universit\u0103\u0163ii. Prin manifesta\u0163iile de strad\u0103 care au loc peste tot \u00een Rom\u00e2nia se cere nuRead More\" \/>\r\n<meta property=\"og:url\" content=\"https:\/\/desteptati-va.ro\/index.php\/2021\/04\/20\/revolutia-anti-sistem-manifestul-din-piata-universitatii\/\" \/>\r\n<meta property=\"article:published_time\" content=\"2021-04-20T06:44:26+00:00\" \/>\r\n<meta property=\"og:image\" content=\"https:\/\/desteptati-va.ro\/wp-content\/uploads\/2021\/04\/proteste-tara.jpg\" \/>\r\n\t<meta property=\"og:image:width\" content=\"400\" \/>\r\n\t<meta property=\"og:image:height\" content=\"225\" \/>\r\n\t<meta property=\"og:image:type\" content=\"image\/jpeg\" \/>\r\n<meta name=\"author\" content=\"wolfsoftcompany\" \/>\r\n<meta name=\"twitter:card\" content=\"summary_large_image\" \/>\r\n<meta name=\"twitter:label1\" content=\"Scris de\" \/>\n\t<meta name=\"twitter:data1\" content=\"wolfsoftcompany\" \/>\n\t<meta name=\"twitter:label2\" content=\"Timp estimat pentru citire\" \/>\n\t<meta name=\"twitter:data2\" content=\"3 minute\" \/>\r\n<script type=\"application\/ld+json\" class=\"yoast-schema-graph\">{\"@context\":\"https:\/\/schema.org\",\"@graph\":[{\"@type\":\"Article\",\"@id\":\"https:\/\/desteptati-va.ro\/index.php\/2021\/04\/20\/revolutia-anti-sistem-manifestul-din-piata-universitatii\/#article\",\"isPartOf\":{\"@id\":\"https:\/\/desteptati-va.ro\/index.php\/2021\/04\/20\/revolutia-anti-sistem-manifestul-din-piata-universitatii\/\"},\"author\":{\"name\":\"wolfsoftcompany\",\"@id\":\"https:\/\/desteptati-va.ro\/#\/schema\/person\/13182deeebd44920914899f7bb262d6b\"},\"headline\":\"Revolu\u0163ia anti-sistem, manifestul din Pia\u0163a Universit\u0103\u0163ii\",\"datePublished\":\"2021-04-20T06:44:26+00:00\",\"mainEntityOfPage\":{\"@id\":\"https:\/\/desteptati-va.ro\/index.php\/2021\/04\/20\/revolutia-anti-sistem-manifestul-din-piata-universitatii\/\"},\"wordCount\":671,\"commentCount\":0,\"image\":{\"@id\":\"https:\/\/desteptati-va.ro\/index.php\/2021\/04\/20\/revolutia-anti-sistem-manifestul-din-piata-universitatii\/#primaryimage\"},\"thumbnailUrl\":\"https:\/\/desteptati-va.ro\/wp-content\/uploads\/2021\/04\/proteste-tara.jpg\",\"keywords\":[\"marionete\",\"revolta\"],\"articleSection\":[\"General\",\"Revolutia Constiintelor\"],\"inLanguage\":\"ro-RO\",\"potentialAction\":[{\"@type\":\"CommentAction\",\"name\":\"Comment\",\"target\":[\"https:\/\/desteptati-va.ro\/index.php\/2021\/04\/20\/revolutia-anti-sistem-manifestul-din-piata-universitatii\/#respond\"]}]},{\"@type\":\"WebPage\",\"@id\":\"https:\/\/desteptati-va.ro\/index.php\/2021\/04\/20\/revolutia-anti-sistem-manifestul-din-piata-universitatii\/\",\"url\":\"https:\/\/desteptati-va.ro\/index.php\/2021\/04\/20\/revolutia-anti-sistem-manifestul-din-piata-universitatii\/\",\"name\":\"Revolu\u0163ia anti-sistem, manifestul din Pia\u0163a Universit\u0103\u0163ii -\",\"isPartOf\":{\"@id\":\"https:\/\/desteptati-va.ro\/#website\"},\"primaryImageOfPage\":{\"@id\":\"https:\/\/desteptati-va.ro\/index.php\/2021\/04\/20\/revolutia-anti-sistem-manifestul-din-piata-universitatii\/#primaryimage\"},\"image\":{\"@id\":\"https:\/\/desteptati-va.ro\/index.php\/2021\/04\/20\/revolutia-anti-sistem-manifestul-din-piata-universitatii\/#primaryimage\"},\"thumbnailUrl\":\"https:\/\/desteptati-va.ro\/wp-content\/uploads\/2021\/04\/proteste-tara.jpg\",\"datePublished\":\"2021-04-20T06:44:26+00:00\",\"author\":{\"@id\":\"https:\/\/desteptati-va.ro\/#\/schema\/person\/13182deeebd44920914899f7bb262d6b\"},\"breadcrumb\":{\"@id\":\"https:\/\/desteptati-va.ro\/index.php\/2021\/04\/20\/revolutia-anti-sistem-manifestul-din-piata-universitatii\/#breadcrumb\"},\"inLanguage\":\"ro-RO\",\"potentialAction\":[{\"@type\":\"ReadAction\",\"target\":[\"https:\/\/desteptati-va.ro\/index.php\/2021\/04\/20\/revolutia-anti-sistem-manifestul-din-piata-universitatii\/\"]}]},{\"@type\":\"ImageObject\",\"inLanguage\":\"ro-RO\",\"@id\":\"https:\/\/desteptati-va.ro\/index.php\/2021\/04\/20\/revolutia-anti-sistem-manifestul-din-piata-universitatii\/#primaryimage\",\"url\":\"https:\/\/desteptati-va.ro\/wp-content\/uploads\/2021\/04\/proteste-tara.jpg\",\"contentUrl\":\"https:\/\/desteptati-va.ro\/wp-content\/uploads\/2021\/04\/proteste-tara.jpg\",\"width\":400,\"height\":225},{\"@type\":\"BreadcrumbList\",\"@id\":\"https:\/\/desteptati-va.ro\/index.php\/2021\/04\/20\/revolutia-anti-sistem-manifestul-din-piata-universitatii\/#breadcrumb\",\"itemListElement\":[{\"@type\":\"ListItem\",\"position\":1,\"name\":\"Prima pagin\u0103\",\"item\":\"https:\/\/desteptati-va.ro\/\"},{\"@type\":\"ListItem\",\"position\":2,\"name\":\"Revolu\u0163ia anti-sistem, manifestul din Pia\u0163a Universit\u0103\u0163ii\"}]},{\"@type\":\"WebSite\",\"@id\":\"https:\/\/desteptati-va.ro\/#website\",\"url\":\"https:\/\/desteptati-va.ro\/\",\"name\":\"\",\"description\":\"\",\"potentialAction\":[{\"@type\":\"SearchAction\",\"target\":{\"@type\":\"EntryPoint\",\"urlTemplate\":\"https:\/\/desteptati-va.ro\/?s={search_term_string}\"},\"query-input\":{\"@type\":\"PropertyValueSpecification\",\"valueRequired\":true,\"valueName\":\"search_term_string\"}}],\"inLanguage\":\"ro-RO\"},{\"@type\":\"Person\",\"@id\":\"https:\/\/desteptati-va.ro\/#\/schema\/person\/13182deeebd44920914899f7bb262d6b\",\"name\":\"wolfsoftcompany\",\"image\":{\"@type\":\"ImageObject\",\"inLanguage\":\"ro-RO\",\"@id\":\"https:\/\/desteptati-va.ro\/#\/schema\/person\/image\/\",\"url\":\"https:\/\/secure.gravatar.com\/avatar\/a6cce9b6d101d27d91690e7073e300fed94c0899890bf998e082cb9d2c3d121e?s=96&d=mm&r=g\",\"contentUrl\":\"https:\/\/secure.gravatar.com\/avatar\/a6cce9b6d101d27d91690e7073e300fed94c0899890bf998e082cb9d2c3d121e?s=96&d=mm&r=g\",\"caption\":\"wolfsoftcompany\"},\"sameAs\":[\"http:\/\/desteptati-va.ro\"],\"url\":\"https:\/\/desteptati-va.ro\/index.php\/author\/wolfsoftcompany\/\"}]}<\/script>\r\n<!-- \/ Yoast SEO plugin. -->","yoast_head_json":{"title":"Revolu\u0163ia anti-sistem, manifestul din Pia\u0163a Universit\u0103\u0163ii -","robots":{"index":"index","follow":"follow","max-snippet":"max-snippet:-1","max-image-preview":"max-image-preview:large","max-video-preview":"max-video-preview:-1"},"canonical":"https:\/\/desteptati-va.ro\/index.php\/2021\/04\/20\/revolutia-anti-sistem-manifestul-din-piata-universitatii\/","og_locale":"ro_RO","og_type":"article","og_title":"Revolu\u0163ia anti-sistem, manifestul din Pia\u0163a Universit\u0103\u0163ii -","og_description":"Revolu\u0163ia anti-sistem, manifestul din Pia\u0163a Universit\u0103\u0163ii. Prin manifesta\u0163iile de strad\u0103 care au loc peste tot \u00een Rom\u00e2nia se cere nuRead More","og_url":"https:\/\/desteptati-va.ro\/index.php\/2021\/04\/20\/revolutia-anti-sistem-manifestul-din-piata-universitatii\/","article_published_time":"2021-04-20T06:44:26+00:00","og_image":[{"width":400,"height":225,"url":"https:\/\/desteptati-va.ro\/wp-content\/uploads\/2021\/04\/proteste-tara.jpg","type":"image\/jpeg"}],"author":"wolfsoftcompany","twitter_card":"summary_large_image","twitter_misc":{"Scris de":"wolfsoftcompany","Timp estimat pentru citire":"3 minute"},"schema":{"@context":"https:\/\/schema.org","@graph":[{"@type":"Article","@id":"https:\/\/desteptati-va.ro\/index.php\/2021\/04\/20\/revolutia-anti-sistem-manifestul-din-piata-universitatii\/#article","isPartOf":{"@id":"https:\/\/desteptati-va.ro\/index.php\/2021\/04\/20\/revolutia-anti-sistem-manifestul-din-piata-universitatii\/"},"author":{"name":"wolfsoftcompany","@id":"https:\/\/desteptati-va.ro\/#\/schema\/person\/13182deeebd44920914899f7bb262d6b"},"headline":"Revolu\u0163ia anti-sistem, manifestul din Pia\u0163a Universit\u0103\u0163ii","datePublished":"2021-04-20T06:44:26+00:00","mainEntityOfPage":{"@id":"https:\/\/desteptati-va.ro\/index.php\/2021\/04\/20\/revolutia-anti-sistem-manifestul-din-piata-universitatii\/"},"wordCount":671,"commentCount":0,"image":{"@id":"https:\/\/desteptati-va.ro\/index.php\/2021\/04\/20\/revolutia-anti-sistem-manifestul-din-piata-universitatii\/#primaryimage"},"thumbnailUrl":"https:\/\/desteptati-va.ro\/wp-content\/uploads\/2021\/04\/proteste-tara.jpg","keywords":["marionete","revolta"],"articleSection":["General","Revolutia Constiintelor"],"inLanguage":"ro-RO","potentialAction":[{"@type":"CommentAction","name":"Comment","target":["https:\/\/desteptati-va.ro\/index.php\/2021\/04\/20\/revolutia-anti-sistem-manifestul-din-piata-universitatii\/#respond"]}]},{"@type":"WebPage","@id":"https:\/\/desteptati-va.ro\/index.php\/2021\/04\/20\/revolutia-anti-sistem-manifestul-din-piata-universitatii\/","url":"https:\/\/desteptati-va.ro\/index.php\/2021\/04\/20\/revolutia-anti-sistem-manifestul-din-piata-universitatii\/","name":"Revolu\u0163ia anti-sistem, manifestul din Pia\u0163a Universit\u0103\u0163ii -","isPartOf":{"@id":"https:\/\/desteptati-va.ro\/#website"},"primaryImageOfPage":{"@id":"https:\/\/desteptati-va.ro\/index.php\/2021\/04\/20\/revolutia-anti-sistem-manifestul-din-piata-universitatii\/#primaryimage"},"image":{"@id":"https:\/\/desteptati-va.ro\/index.php\/2021\/04\/20\/revolutia-anti-sistem-manifestul-din-piata-universitatii\/#primaryimage"},"thumbnailUrl":"https:\/\/desteptati-va.ro\/wp-content\/uploads\/2021\/04\/proteste-tara.jpg","datePublished":"2021-04-20T06:44:26+00:00","author":{"@id":"https:\/\/desteptati-va.ro\/#\/schema\/person\/13182deeebd44920914899f7bb262d6b"},"breadcrumb":{"@id":"https:\/\/desteptati-va.ro\/index.php\/2021\/04\/20\/revolutia-anti-sistem-manifestul-din-piata-universitatii\/#breadcrumb"},"inLanguage":"ro-RO","potentialAction":[{"@type":"ReadAction","target":["https:\/\/desteptati-va.ro\/index.php\/2021\/04\/20\/revolutia-anti-sistem-manifestul-din-piata-universitatii\/"]}]},{"@type":"ImageObject","inLanguage":"ro-RO","@id":"https:\/\/desteptati-va.ro\/index.php\/2021\/04\/20\/revolutia-anti-sistem-manifestul-din-piata-universitatii\/#primaryimage","url":"https:\/\/desteptati-va.ro\/wp-content\/uploads\/2021\/04\/proteste-tara.jpg","contentUrl":"https:\/\/desteptati-va.ro\/wp-content\/uploads\/2021\/04\/proteste-tara.jpg","width":400,"height":225},{"@type":"BreadcrumbList","@id":"https:\/\/desteptati-va.ro\/index.php\/2021\/04\/20\/revolutia-anti-sistem-manifestul-din-piata-universitatii\/#breadcrumb","itemListElement":[{"@type":"ListItem","position":1,"name":"Prima pagin\u0103","item":"https:\/\/desteptati-va.ro\/"},{"@type":"ListItem","position":2,"name":"Revolu\u0163ia anti-sistem, manifestul din Pia\u0163a Universit\u0103\u0163ii"}]},{"@type":"WebSite","@id":"https:\/\/desteptati-va.ro\/#website","url":"https:\/\/desteptati-va.ro\/","name":"","description":"","potentialAction":[{"@type":"SearchAction","target":{"@type":"EntryPoint","urlTemplate":"https:\/\/desteptati-va.ro\/?s={search_term_string}"},"query-input":{"@type":"PropertyValueSpecification","valueRequired":true,"valueName":"search_term_string"}}],"inLanguage":"ro-RO"},{"@type":"Person","@id":"https:\/\/desteptati-va.ro\/#\/schema\/person\/13182deeebd44920914899f7bb262d6b","name":"wolfsoftcompany","image":{"@type":"ImageObject","inLanguage":"ro-RO","@id":"https:\/\/desteptati-va.ro\/#\/schema\/person\/image\/","url":"https:\/\/secure.gravatar.com\/avatar\/a6cce9b6d101d27d91690e7073e300fed94c0899890bf998e082cb9d2c3d121e?s=96&d=mm&r=g","contentUrl":"https:\/\/secure.gravatar.com\/avatar\/a6cce9b6d101d27d91690e7073e300fed94c0899890bf998e082cb9d2c3d121e?s=96&d=mm&r=g","caption":"wolfsoftcompany"},"sameAs":["http:\/\/desteptati-va.ro"],"url":"https:\/\/desteptati-va.ro\/index.php\/author\/wolfsoftcompany\/"}]}},"_links":{"self":[{"href":"https:\/\/desteptati-va.ro\/index.php\/wp-json\/wp\/v2\/posts\/4192","targetHints":{"allow":["GET"]}}],"collection":[{"href":"https:\/\/desteptati-va.ro\/index.php\/wp-json\/wp\/v2\/posts"}],"about":[{"href":"https:\/\/desteptati-va.ro\/index.php\/wp-json\/wp\/v2\/types\/post"}],"author":[{"embeddable":true,"href":"https:\/\/desteptati-va.ro\/index.php\/wp-json\/wp\/v2\/users\/1"}],"replies":[{"embeddable":true,"href":"https:\/\/desteptati-va.ro\/index.php\/wp-json\/wp\/v2\/comments?post=4192"}],"version-history":[{"count":1,"href":"https:\/\/desteptati-va.ro\/index.php\/wp-json\/wp\/v2\/posts\/4192\/revisions"}],"predecessor-version":[{"id":4194,"href":"https:\/\/desteptati-va.ro\/index.php\/wp-json\/wp\/v2\/posts\/4192\/revisions\/4194"}],"wp:featuredmedia":[{"embeddable":true,"href":"https:\/\/desteptati-va.ro\/index.php\/wp-json\/wp\/v2\/media\/2690"}],"wp:attachment":[{"href":"https:\/\/desteptati-va.ro\/index.php\/wp-json\/wp\/v2\/media?parent=4192"}],"wp:term":[{"taxonomy":"category","embeddable":true,"href":"https:\/\/desteptati-va.ro\/index.php\/wp-json\/wp\/v2\/categories?post=4192"},{"taxonomy":"post_tag","embeddable":true,"href":"https:\/\/desteptati-va.ro\/index.php\/wp-json\/wp\/v2\/tags?post=4192"}],"curies":[{"name":"wp","href":"https:\/\/api.w.org\/{rel}","templated":true}]}}