{"id":4195,"date":"2021-04-20T06:46:40","date_gmt":"2021-04-20T06:46:40","guid":{"rendered":"http:\/\/desteptati.ro\/?p=4195"},"modified":"2022-02-01T10:02:42","modified_gmt":"2022-02-01T08:02:42","slug":"scrisoare-deschisa-poporului-roman","status":"publish","type":"post","link":"https:\/\/desteptati-va.ro\/index.php\/2021\/04\/20\/scrisoare-deschisa-poporului-roman\/","title":{"rendered":"Scrisoare deschis\u0103 poporului rom\u00e2n"},"content":{"rendered":"<div class=\"post-content\"><div class='booster-block booster-read-block'>\n                <div class=\"twp-read-time\">\n                \t<i class=\"booster-icon twp-clock\"><\/i> <span>Read Time:<\/span>17 Minute, 10 Second                <\/div>\n\n            <\/div><h3><strong>Popor rom\u00e2n <\/strong><\/h3>\n<h4 style=\"text-align: justify;\">\u00ce\u0163i scriu pentru c\u0103 sper ca m\u0103car acum,s\u0103 \u00ee\u0163i aminte\u015fti cine ai fost,cine e\u015fti \u015fi poate a\u015fa vezi \u00eencotro te \u00eendrep\u0163i!E\u015fti singurul popor european&nbsp; care tr\u0103ie\u015fte \u00eenc\u0103 acolo unde s-a n\u0103scut. Nu o spun eu, o spune istoria popoarelor.&nbsp; O fi mult, o fi pu\u0163in, nu \u015ftiu dar \u015ftiu c\u0103 e\u015fti&nbsp; unic \u00een Europa, aceast\u0103 Europ\u0103 care te love\u015fte, te jigne\u015fte \u015fi te umile\u015fte. De ce o la\u015fi s\u0103 fac\u0103 asta,&nbsp; c\u00e2nd tu e\u015fti singurul popor n\u0103scut , crescut \u015fi educat \u00een grani\u0163ele sale? E\u015fti primul popor din lume care a folosit scrierea. Nu o spun eu, o spun t\u0103bli\u0163ele de la T\u0103rt\u0103ria , \u015fi o recunosc to\u0163i cei care le-au studiat.<\/h4>\n<h4 style=\"text-align: justify;\">Acum 7000 de ani, c\u00e2nd al\u0163ii nici nu existau ca popor, pe aceste meleaguri locuitorii scriau, pentru a ne l\u0103sa nou\u0103 m\u00e2ndria de a fi prima civiliza\u0163ie care se&nbsp; semneaz\u0103 pe acest p\u0103m\u00e2nt. Scrierea sumerian\u0103 a ap\u0103rut 1000 de ani mai t\u00e2rziu \u015fi totu\u015fi mul\u0163i se fac c\u0103 nu v\u0103d \u015fi nu recunosc adev\u0103rul. C\u00e2t timp o s\u0103 te la\u015fi neglijat ?Ai fost singurul popor pe care nici o putere din lume nu l-a cucerit chiar dac\u0103 ai fost \u00eemp\u0103r\u0163it, desp\u0103r\u0163it \u015fi asuprit de mai multe imperii. Nici unul nu a putut s\u0103 te cucereasc\u0103 c\u00e2t ai fost unit, nici romanii care au st\u0103p\u00e2nit doar o parte din vechea Dacie, cealalt\u0103 fiind st\u0103p\u00e2nit\u0103 de Dacii liberi,&nbsp; nici turcii care nu au reu\u015fit niciodat\u0103 s\u0103 \u00ee\u0163i transforme teritoriul \u00een pa\u015fal\u00e2c. Toate marile \u00eenfr\u00e2ngeri s-au bazat pe tr\u0103dare. NIMENI NU A REU\u015eIT S\u0102 TE SUPUN\u0102 C\u00c2T AI FOST UNIT. De ce te la\u015fi dezbinat ?Ai fost scut cre\u015ftin\u0103t\u0103\u0163ii, c\u00e2nd \u00eentreaga Europ\u0103 tremura de teama islamului.<\/h4>\n<h4 style=\"text-align: justify;\">S\u00e2ngele t\u0103u a salvat Europa iar rom\u00e2nul Iancu de Hunedoara a salvat Viena \u015fi \u00eentreaga Europa de furia semilunii. Acum, tu popor de salvatori ai cre\u015ftinismului, e\u015fti tratat ca un paria. C\u00e2nd \u00ee\u0163i vei revendica drepturile ?Din tine au ap\u0103rut: Eminescu, Enescu,&nbsp; Br\u00e2ncu\u015fi, Gogu Constantinescu, Vuia, Vlaicu, Coand\u0103, Petrache Poenaru, Nicolae Teclu, Spiru Haret, Herman Oberth, Conrad Haas. Dar ce p\u0103cat, cei mai mul\u0163i \u015fi-au pus min\u0163ile sclipitoare \u00een slujba altor \u0163\u0103ri pentru c\u0103 acas\u0103 nu i-a ascultat nimeni. De ce ai l\u0103sat s\u0103 se \u00eent\u00e2mple asta? Ast\u0103zi, popor rom\u00e2n&nbsp; pentru tine se rescrie istoria.Cum vrei s\u0103 se fac\u0103 asta? Cum vrei s\u0103 te vad\u0103 cei ce \u00ee\u0163i vor urma?<\/h4>\n<h4 style=\"text-align: justify;\">&#8211;&nbsp;&nbsp;&nbsp;&nbsp;&nbsp;&nbsp; Ast\u0103zi, ca \u015fi pe vremea fanario\u0163ilor, domnitorul \u015fi div\u0103ni\u0163ii nu au nici o leg\u0103tur\u0103 cu tine. Sunt str\u0103ini de interesele \u015fi dorin\u0163ele tale tot ce doresc este s\u0103 stea c\u00e2t mai mult \u00een func\u0163ie \u015fi s\u0103 c\u00e2\u015ftige c\u00e2t mai mult.<\/h4>\n<h4 style=\"text-align: right;\"><strong style=\"text-align: right;\">&nbsp; &nbsp; &nbsp; &nbsp; &nbsp; &nbsp; &nbsp; &nbsp; &nbsp; &nbsp; &nbsp; &nbsp; &nbsp; &nbsp; &nbsp; &nbsp; &nbsp; &nbsp; &nbsp; &nbsp; &nbsp; &nbsp; &nbsp; &nbsp; &nbsp; &nbsp; &nbsp; &nbsp; &nbsp; &nbsp; &nbsp; &nbsp; &nbsp; &nbsp; &nbsp; &nbsp; &nbsp; &nbsp; &nbsp; &nbsp; &nbsp; &nbsp; &nbsp; &nbsp; &nbsp; &nbsp; &nbsp; &nbsp; &nbsp; &nbsp; &nbsp; &nbsp; &nbsp; &nbsp; &nbsp; &nbsp; &nbsp; &nbsp; &nbsp; &nbsp; &nbsp; &nbsp; &nbsp; &nbsp; &nbsp; &nbsp; &nbsp; &nbsp; &nbsp; &nbsp; &nbsp; &nbsp; &nbsp; &nbsp; &nbsp; &nbsp; &nbsp; &nbsp; &nbsp; &nbsp; &nbsp; &nbsp; &nbsp; &nbsp; &nbsp; &nbsp; &nbsp; &nbsp; &nbsp; &nbsp; &nbsp; &nbsp; &nbsp; &nbsp; &nbsp; &nbsp;Tu taci<\/strong><\/h4>\n<h4 style=\"text-align: justify;\"><span style=\"text-align: right;\">&#8211;&nbsp;&nbsp;&nbsp;&nbsp;&nbsp;&nbsp; Ast\u0103zi , ca \u015fi pe vremea cuceririi romane, bog\u0103\u0163iile t\u0103rii, acelea\u015fi mine de aur, argint sare, mierea acestui p\u0103m\u00e2nt sunt exploatate de al\u0163ii cu bra\u0163ele tale \u015fi se duc pentru a umple visteriile str\u0103inilor de neam. &nbsp; &nbsp; &nbsp; &nbsp; &nbsp; &nbsp; &nbsp; &nbsp; &nbsp; &nbsp; &nbsp; &nbsp; &nbsp; &nbsp; &nbsp;<\/span><\/h4>\n<h4 style=\"text-align: right;\">T<strong>u taci<\/strong><\/h4>\n<h4 style=\"text-align: justify;\">&#8211;&nbsp;&nbsp;&nbsp;&nbsp;&nbsp;&nbsp; Ast\u0103zi, ca \u015fi pe vremea asupririi austro \u2013 ungare, drepturile rom\u00e2nilor sunt c\u0103lcate \u00een picioare, iar cei pu\u0163ini fac legea pentru cei mul\u0163i. <strong>&nbsp; &nbsp; &nbsp; &nbsp;<\/strong><strong>&nbsp; &nbsp; &nbsp; &nbsp; &nbsp; &nbsp; &nbsp; &nbsp; &nbsp; &nbsp; &nbsp; &nbsp; &nbsp; &nbsp; &nbsp; &nbsp; &nbsp; &nbsp; &nbsp; &nbsp; &nbsp; &nbsp; &nbsp; &nbsp; &nbsp; &nbsp; &nbsp; &nbsp; &nbsp; &nbsp; &nbsp; &nbsp; &nbsp; &nbsp; &nbsp; &nbsp; &nbsp; &nbsp; &nbsp; &nbsp; &nbsp; &nbsp;&nbsp;<\/strong><\/h4>\n<h4 style=\"text-align: right;\"><strong>&nbsp;&nbsp;&nbsp;&nbsp;&nbsp;&nbsp;&nbsp;&nbsp;&nbsp;&nbsp;&nbsp;&nbsp;&nbsp;&nbsp;&nbsp;&nbsp;&nbsp;&nbsp;&nbsp;&nbsp;&nbsp;&nbsp;&nbsp;&nbsp;&nbsp;&nbsp;&nbsp;&nbsp;&nbsp;&nbsp;&nbsp;&nbsp;&nbsp;&nbsp;&nbsp;&nbsp;&nbsp;&nbsp;&nbsp;&nbsp;&nbsp;&nbsp;&nbsp;&nbsp;&nbsp;&nbsp;&nbsp;&nbsp;&nbsp;&nbsp;&nbsp;&nbsp;&nbsp;&nbsp;&nbsp;&nbsp;&nbsp;&nbsp;&nbsp;&nbsp;&nbsp;&nbsp;&nbsp;&nbsp;&nbsp;&nbsp;&nbsp;&nbsp;&nbsp;&nbsp;&nbsp;&nbsp;&nbsp;&nbsp;&nbsp;&nbsp;&nbsp;&nbsp;&nbsp;&nbsp;&nbsp;&nbsp;&nbsp;&nbsp;&nbsp;&nbsp;&nbsp;&nbsp;&nbsp;&nbsp;&nbsp;&nbsp;&nbsp;&nbsp;&nbsp;&nbsp;&nbsp;&nbsp;&nbsp;&nbsp;&nbsp;&nbsp;&nbsp;&nbsp;&nbsp;&nbsp;&nbsp;&nbsp;&nbsp;&nbsp;&nbsp;&nbsp;&nbsp;&nbsp;&nbsp;&nbsp;&nbsp;&nbsp;&nbsp;&nbsp;&nbsp;&nbsp;&nbsp;&nbsp;&nbsp;&nbsp;&nbsp;&nbsp;&nbsp;&nbsp;&nbsp;&nbsp;&nbsp;&nbsp;&nbsp;&nbsp;&nbsp;&nbsp;&nbsp;&nbsp;&nbsp;&nbsp; Tu taci<\/strong><\/h4>\n<h4 style=\"text-align: justify;\">&nbsp;&#8211;&nbsp;&nbsp;&nbsp;&nbsp;&nbsp;&nbsp; Ast\u0103zi, ca \u015fi \u00een vremuri de restri\u015fte, rom\u00e2nii pleac\u0103 din \u0163ar\u0103, s\u0103 munceasc\u0103, sau s\u0103 \u00ee\u015fi v\u00e2nd\u0103 inteligen\u0163a pentru c\u0103 \u0163ara lor nu are nevoie de ei. C\u00e2\u0163i dintre ei sunt viitorii Br\u00e2ncu\u015fi, Coand\u0103, Conrad Haas, te-ai g\u00e2ndit la asta ? Conduc\u0103torii acestei \u0163\u0103ri au nevoie de slujba\u015fi pro\u015fti, lipsi\u0163i de educa\u0163ie, lipsi\u0163i de caracter, lipsi\u0163i de voin\u0163\u0103, lipsi\u0163i de coloan\u0103 vertebral\u0103, ca s\u0103 \u00eei poat\u0103 \u00eendoi \u015fi face figurine de plastilin\u0103 din ei.<\/h4>\n<h4 style=\"text-align: right;\"><strong style=\"text-align: right;\">Tu taci<\/strong><\/h4>\n<h4 style=\"text-align: justify;\"><span style=\"text-align: right;\">&#8211; &nbsp; Ast\u0103zi, ca \u015fi pe vremea bol\u015fevismului, la mare pre\u0163 sunt tr\u0103d\u0103torii, lingu\u015fitorii, v\u00e2nz\u0103torii de neam \u015fi con\u015ftiin\u0163\u0103, trasei\u015ftii politici, gata s\u0103 calce pe cadavre pentru a parveni \u015fi a \u00ee\u015fi p\u0103stra privilegiile.<\/span><span style=\"text-align: right;\">&nbsp;<\/span><\/h4>\n<h4 style=\"text-align: right;\"><strong style=\"text-align: right;\">&nbsp; &nbsp; &nbsp; &nbsp; &nbsp; &nbsp; &nbsp; &nbsp; &nbsp; &nbsp; &nbsp; &nbsp; &nbsp; &nbsp; &nbsp; &nbsp; &nbsp; &nbsp; &nbsp; &nbsp; &nbsp; &nbsp; &nbsp; &nbsp; &nbsp; &nbsp; &nbsp; &nbsp; &nbsp; &nbsp; &nbsp; &nbsp; &nbsp; &nbsp; &nbsp; &nbsp; &nbsp; &nbsp; &nbsp; &nbsp; &nbsp; &nbsp; &nbsp; &nbsp; &nbsp; &nbsp; &nbsp; &nbsp; &nbsp; &nbsp; &nbsp; &nbsp; &nbsp; &nbsp; &nbsp; &nbsp; &nbsp; &nbsp; &nbsp; &nbsp; &nbsp;<\/strong><strong>Tu taci<\/strong><\/h4>\n<h4 style=\"text-align: justify;\">&#8211;&nbsp;&nbsp;&nbsp;&nbsp;&nbsp;&nbsp; Ast\u0103zi, parlamentul \u015fi guvernul&nbsp; \u0163\u0103rii, div\u0103ni\u0163ii de azi, arendeaz\u0103 p\u0103m\u00e2nturile&nbsp; \u015fi \u00eentreprinderile&nbsp; \u201cnerentabile \u201c la indica\u0163iile unor str\u0103ini de neam c\u0103rora le c\u00e2nt\u0103 osanale, unor arenda\u015fi str\u0103ini, spun\u00e2nd c\u0103 asta se nume\u015fte privatizare. Pentru aceste arende, ei primesc pe\u015fche\u015ful iar \u0163ara r\u0103m\u00e2ne pe butuci.&nbsp;<strong>&nbsp; &nbsp;<\/strong><\/h4>\n<figure id=\"attachment_3094\" aria-describedby=\"caption-attachment-3094\" style=\"width: 598px\" class=\"wp-caption aligncenter\"><a href=\"http:\/\/www.desteptati-va.ro\/wp-content\/uploads\/2012\/02\/sarmisegetuza-regia.jpg\"><img loading=\"lazy\" decoding=\"async\" class=\" wp-image-3094\" title=\"sarmisegetuza-regia\" src=\"http:\/\/www.desteptati-va.ro\/wp-content\/uploads\/2012\/02\/sarmisegetuza-regia-300x129.jpg\" alt=\"Sarmisegetuza\" width=\"598\" height=\"257\"><\/a><figcaption id=\"caption-attachment-3094\" class=\"wp-caption-text\">Sarmisegetuza<\/figcaption><\/figure>\n<h4 style=\"text-align: right;\"><strong style=\"text-align: right;\">&nbsp; &nbsp; &nbsp; &nbsp; &nbsp; &nbsp; &nbsp; &nbsp; &nbsp; &nbsp; &nbsp; &nbsp; &nbsp; &nbsp; &nbsp; &nbsp; &nbsp; &nbsp; &nbsp; &nbsp; &nbsp; &nbsp; &nbsp; &nbsp; &nbsp; &nbsp; &nbsp; &nbsp; &nbsp; &nbsp; &nbsp; &nbsp; &nbsp; &nbsp; &nbsp; &nbsp; &nbsp; &nbsp; &nbsp; &nbsp; &nbsp; &nbsp; &nbsp; &nbsp; &nbsp; &nbsp; &nbsp; &nbsp; &nbsp; &nbsp; &nbsp; &nbsp; &nbsp; &nbsp; &nbsp; &nbsp; &nbsp; &nbsp;Tu taci<\/strong><\/h4>\n<h4 style=\"text-align: justify;\">&nbsp;Ast\u0103zi, urmele civiliza\u0163iei str\u0103bunilor vo\u015ftri sunt \u015fterse pentru ca fii t\u0103i s\u0103 nu mai \u015ftie niciodat\u0103 cum au ap\u0103rut ei pe acest p\u0103m\u00e2nt, cine le sunt str\u0103mo\u015fii \u015fi care le sunt meritele:<\/h4>\n<h4 style=\"text-align: justify;\">Vechile situri arheologice sunt distruse, se construiesc \u015fosele experimentale peste ele, Sarmisegetuza, Gr\u0103di\u015ftea, Mun\u0163ii Buz\u0103ului, sunt v\u00e2ndute sub pretextul impulsion\u0103rii turismului, unor priva\u0163i care habar nu au c\u0103 \u00een p\u0103m\u00e2ntul pe care \u00eel calc\u0103 zace istoria ta \u00eenc\u0103 nedescoperit\u0103.&nbsp;<strong>&nbsp;<\/strong><strong style=\"text-align: right;\">&nbsp; &nbsp; &nbsp; &nbsp; &nbsp; <\/strong><\/h4>\n<h4 style=\"text-align: right;\"><strong style=\"text-align: right;\">&nbsp; &nbsp; &nbsp; &nbsp; &nbsp; &nbsp; &nbsp; &nbsp; &nbsp; &nbsp; &nbsp; &nbsp; &nbsp; &nbsp; &nbsp; &nbsp; &nbsp; Tu taci<\/strong><\/h4>\n<h4 style=\"text-align: justify;\">Elemente din tezaurul \u0163\u0103rii sunt trimise \u201c la expozi\u0163ie\u201c \u00een afara \u0163\u0103rii \u015fi uit\u0103 s\u0103 se mai \u00eentoarc\u0103, iar cei ce le-au scos nu dau nici un r\u0103spuns, se fac c\u0103 au uitat de ele<\/h4>\n<h4 style=\"text-align: right;\"><strong style=\"text-align: right;\">&nbsp; &nbsp; &nbsp; &nbsp; &nbsp; &nbsp; &nbsp; &nbsp; &nbsp; &nbsp; &nbsp; &nbsp; &nbsp; &nbsp;Tu taci<\/strong><\/h4>\n<h4 style=\"text-align: justify;\"><span style=\"text-align: justify;\">Arhivele t\u0103rii sunt cedate printr-o lege a arhivelor str\u0103in\u0103 de interesele na\u0163ionale, celor ce vor s\u0103 scoat\u0103 din mintea rom\u00e2nilor ideea \u015fi dovezile de unitate na\u0163ional\u0103.&nbsp;<\/span><strong style=\"text-align: justify;\">&nbsp; &nbsp; &nbsp; &nbsp; &nbsp; &nbsp; &nbsp; &nbsp; &nbsp; &nbsp; &nbsp; &nbsp; &nbsp; <\/strong><\/h4>\n<h4 style=\"text-align: right;\"><strong>&nbsp; &nbsp; &nbsp; &nbsp; &nbsp; &nbsp; &nbsp; &nbsp; &nbsp; &nbsp; &nbsp; &nbsp; &nbsp; &nbsp; &nbsp; &nbsp; &nbsp; &nbsp; &nbsp; &nbsp; &nbsp; &nbsp; &nbsp; &nbsp; &nbsp; &nbsp; &nbsp; &nbsp;Tu taci<\/strong><\/h4>\n<h4 style=\"text-align: justify;\">&nbsp;&#8211;&nbsp;&nbsp;&nbsp;&nbsp;&nbsp;&nbsp; Slujba\u015fii \u0163\u0103rii, c\u0103ft\u0103ni\u0163ii v\u00e2nd la pre\u0163 de piatr\u0103 seac\u0103 \u015fi fier vechi bunurile realizate de tine, sub obl\u0103duirea \u015fefilor lor, \u00eempart banii, apoi sunt \u201cjudeca\u0163i\u201d de ochii lumii \u015fi primesc pedepse cu suspendare, adic\u0103 \u201cmul\u0163umesc, la revedere, te mai chem\u0103m noi c\u00e2nd avem nevoie de serviciile tale\u201d.<\/h4>\n<h4 style=\"text-align: right;\"><strong>Tu taci<\/strong><\/h4>\n<h4 style=\"text-align: justify;\">&#8211;&nbsp;&nbsp;&nbsp;&nbsp;&nbsp;&nbsp; O\u015ftirea \u0163\u0103rii este batjocorit\u0103, decimat\u0103, dezarmat\u0103,pus\u0103 \u00een slujba altora, copiii t\u0103i mor pe p\u0103m\u00e2nturi str\u0103ine iar Hatmanul Suprem vine \u00een fa\u0163a ta \u015fi spune c\u0103 suntem \u00eentr-o mare \u00eencurc\u0103tur\u0103, vom fi nevoi\u0163i s\u0103 \u00eemprumut\u0103m avioane str\u0103ine pentru a ne asigura siguran\u0163a aerian\u0103, de parc\u0103 asta s-a \u00eent\u00e2mplat peste noapte \u015fi nu este urmarea politici sale dezastruoase,&nbsp; de parc\u0103 nimic din ceea ce se \u00eent\u00e2mpla rom\u00e2nului azi nu i se datoreaz\u0103 lui.<\/h4>\n<h4 style=\"text-align: right;\"><strong>Tu taci<\/strong><\/h4>\n<h4 style=\"text-align: justify;\">&#8211;&nbsp;&nbsp;&nbsp;&nbsp;&nbsp;&nbsp; Dispar din institu\u0163ii ale statului arhive cu inven\u0163ii \u015fi inova\u0163ii de interes strategic privind cercetarea nuclear\u0103. Cei pu\u015fi s\u0103 le p\u0103zeasc\u0103 nu p\u0103\u0163esc nimic, iar cei ce trebuie s\u0103 investigheze&nbsp; spun c\u0103 nu e nimic deosebit.<\/h4>\n<h4 style=\"text-align: right;\"><strong>&nbsp;&nbsp;&nbsp;&nbsp;&nbsp;&nbsp;&nbsp;&nbsp;&nbsp;&nbsp;&nbsp;&nbsp;&nbsp;&nbsp;&nbsp;&nbsp;&nbsp;&nbsp;&nbsp;&nbsp;&nbsp;&nbsp;&nbsp;&nbsp;&nbsp;&nbsp;&nbsp;&nbsp;&nbsp;&nbsp;&nbsp;&nbsp;&nbsp;&nbsp;&nbsp;&nbsp;&nbsp;&nbsp;&nbsp;&nbsp;&nbsp;&nbsp;&nbsp;&nbsp;&nbsp;&nbsp;&nbsp;&nbsp;&nbsp;&nbsp;&nbsp;&nbsp;&nbsp;&nbsp;&nbsp;&nbsp;&nbsp;&nbsp;&nbsp;&nbsp;&nbsp;&nbsp;&nbsp;&nbsp;&nbsp;&nbsp;&nbsp;&nbsp;&nbsp;&nbsp;&nbsp;&nbsp;&nbsp;&nbsp;&nbsp;&nbsp;&nbsp;&nbsp;&nbsp;&nbsp;&nbsp;&nbsp;&nbsp;&nbsp;&nbsp;&nbsp; &nbsp;&nbsp;&nbsp;&nbsp;&nbsp;&nbsp;&nbsp;&nbsp;&nbsp;&nbsp;&nbsp;&nbsp;&nbsp;&nbsp;&nbsp;&nbsp;&nbsp;&nbsp;&nbsp;&nbsp;&nbsp;&nbsp;&nbsp;&nbsp;&nbsp;&nbsp;&nbsp;Tu taci<\/strong><\/h4>\n<h4 style=\"text-align: justify;\">&#8211;&nbsp;&nbsp;&nbsp;&nbsp;&nbsp;&nbsp; \u0162i se fur\u0103 voturile iar comisia care trebuia s\u0103 investigheze pe cei care au fost prin\u015fi cu vot dublu, nu d\u0103 nici un r\u0103spuns de\u015fi exist\u0103 dovezi c\u0103 ai fost furat \u015fi voin\u0163a ta r\u0103sturnat\u0103.<\/h4>\n<h4 style=\"text-align: right;\"><strong>Tu taci<\/strong><\/h4>\n<h4 style=\"text-align: justify;\">&#8211;&nbsp;&nbsp;&nbsp;&nbsp;&nbsp;&nbsp; \u00cen divan, se fur\u0103 la 2-3 m\u00e2ini, unii chiulesc al\u0163ii se fac c\u0103 lucreaz\u0103, iar al\u0163ii m\u00e2nuiesc legile dup\u0103 bunul plac, \u00een v\u0103zul tuturor \u015fi nu li se \u00eent\u00e2mpl\u0103 nimic.<\/h4>\n<h4 style=\"text-align: right;\"><strong>&nbsp;&nbsp;&nbsp;&nbsp;&nbsp;&nbsp;&nbsp;&nbsp;&nbsp;&nbsp;&nbsp;&nbsp;&nbsp;&nbsp;&nbsp;&nbsp;&nbsp;&nbsp;&nbsp;&nbsp;&nbsp;&nbsp;&nbsp;&nbsp;&nbsp;&nbsp;&nbsp;&nbsp;&nbsp;&nbsp;&nbsp;&nbsp;&nbsp;&nbsp;&nbsp;&nbsp;&nbsp;&nbsp;&nbsp;&nbsp;&nbsp;&nbsp;&nbsp;&nbsp;&nbsp;&nbsp;&nbsp;&nbsp;&nbsp;&nbsp;&nbsp;&nbsp;&nbsp;&nbsp;&nbsp;&nbsp;&nbsp;&nbsp;&nbsp;&nbsp;&nbsp;&nbsp;&nbsp;&nbsp;&nbsp;&nbsp;&nbsp;&nbsp;&nbsp;&nbsp;&nbsp;&nbsp;&nbsp;&nbsp;&nbsp;&nbsp;&nbsp;&nbsp;&nbsp;&nbsp;&nbsp;&nbsp;Tu taci<\/strong><\/h4>\n<h4 style=\"text-align: justify;\">&#8211;&nbsp;&nbsp;&nbsp;&nbsp;&nbsp;&nbsp; Sistemul educa\u0163ional se reduce la bani, bani la \u00eenscriere, bani la examene, bani la absen\u0163e, bani la promovare, bani la angajare, bani la reexaminare. Copiii t\u0103i nu mai \u015ftiu nici cum \u00eei cheam\u0103 dac\u0103 nu se uit\u0103 pe internet sau nu primesc un SMS.&nbsp; &nbsp;&nbsp;&nbsp;&nbsp;&nbsp;&nbsp;&nbsp;&nbsp;&nbsp;&nbsp;&nbsp;&nbsp;&nbsp;&nbsp;&nbsp;&nbsp;&nbsp;&nbsp; <strong>&nbsp;&nbsp;&nbsp;&nbsp;&nbsp;&nbsp;&nbsp;&nbsp;&nbsp;&nbsp;&nbsp;&nbsp;&nbsp;&nbsp;&nbsp;&nbsp;&nbsp;&nbsp;&nbsp;&nbsp;&nbsp;&nbsp;&nbsp;&nbsp;&nbsp;&nbsp;&nbsp;&nbsp;&nbsp;&nbsp;&nbsp;&nbsp;&nbsp;&nbsp;&nbsp;&nbsp;&nbsp;&nbsp;&nbsp;&nbsp;&nbsp;&nbsp;&nbsp;&nbsp;&nbsp;&nbsp;&nbsp;&nbsp;&nbsp; &nbsp;&nbsp;&nbsp;&nbsp;&nbsp;&nbsp;&nbsp;&nbsp;&nbsp;&nbsp;&nbsp;&nbsp;&nbsp;&nbsp;&nbsp;&nbsp;&nbsp;&nbsp;&nbsp;&nbsp;&nbsp;&nbsp;&nbsp;&nbsp;&nbsp;&nbsp;&nbsp;&nbsp;&nbsp;&nbsp;&nbsp;&nbsp;&nbsp;&nbsp;&nbsp;&nbsp;<\/strong><\/h4>\n<figure id=\"attachment_3095\" aria-describedby=\"caption-attachment-3095\" style=\"width: 467px\" class=\"wp-caption aligncenter\"><a href=\"http:\/\/www.desteptati-va.ro\/wp-content\/uploads\/2012\/02\/batran-aruncat-din-spital.jpg\"><img loading=\"lazy\" decoding=\"async\" class=\" wp-image-3095\" title=\"batran aruncat din spital\" src=\"http:\/\/www.desteptati-va.ro\/wp-content\/uploads\/2012\/02\/batran-aruncat-din-spital-300x225.jpg\" alt=\"Batran aruncat din spital\" width=\"467\" height=\"350\"><\/a><figcaption id=\"caption-attachment-3095\" class=\"wp-caption-text\">Batran aruncat din spital<\/figcaption><\/figure>\n<h4 style=\"text-align: right;\"><strong>&nbsp; &nbsp; &nbsp; &nbsp; &nbsp; &nbsp; &nbsp; &nbsp; &nbsp; &nbsp; &nbsp; &nbsp; &nbsp; &nbsp; &nbsp; &nbsp; &nbsp; &nbsp; &nbsp; &nbsp; &nbsp; &nbsp; &nbsp; &nbsp; &nbsp; &nbsp; &nbsp; &nbsp; &nbsp; &nbsp; &nbsp; &nbsp; &nbsp; &nbsp; &nbsp; &nbsp; &nbsp; &nbsp; &nbsp; &nbsp; &nbsp; &nbsp; &nbsp; &nbsp; &nbsp; &nbsp; &nbsp; &nbsp; &nbsp; &nbsp; &nbsp; &nbsp; &nbsp; &nbsp; &nbsp; &nbsp; &nbsp; &nbsp; &nbsp; &nbsp; &nbsp; &nbsp; &nbsp; &nbsp; &nbsp; &nbsp; &nbsp; &nbsp; &nbsp; &nbsp; &nbsp;Tu taci<\/strong><\/h4>\n<h4 style=\"text-align: justify;\">&#8211;&nbsp;&nbsp;&nbsp;&nbsp;&nbsp;&nbsp; Dac\u0103 te \u00eemboln\u0103ve\u015fti , nu ai unde s\u0103 te duci, s-au \u00eenchis spitalele , s-au scumpit medicamentele, trebuie s\u0103 mergi dac\u0103 e\u015fti operat cu fa\u015fele \u015fi anestezicul de acas\u0103, altfel mori neoperat sau deschis \u015fi ne\u00eenchis. Intri \u00een spital pentru o unghie lovit\u0103 \u015fi ie\u015fi cu 10 boli pe care nu le aveai&nbsp; la intrare.<\/h4>\n<h4 style=\"text-align: right;\"><strong>&nbsp; &nbsp; &nbsp; &nbsp; &nbsp; &nbsp; &nbsp; &nbsp; &nbsp; &nbsp; &nbsp; &nbsp; &nbsp; &nbsp; &nbsp; &nbsp; &nbsp; &nbsp; &nbsp; &nbsp; &nbsp; &nbsp; &nbsp; &nbsp; &nbsp; &nbsp; &nbsp; &nbsp; &nbsp; &nbsp; &nbsp; &nbsp; &nbsp; &nbsp; &nbsp; &nbsp; &nbsp; &nbsp; &nbsp; &nbsp; &nbsp; &nbsp; &nbsp; &nbsp; &nbsp; &nbsp; &nbsp; &nbsp; &nbsp; &nbsp; &nbsp; &nbsp; &nbsp; &nbsp; &nbsp; &nbsp; &nbsp; &nbsp;<\/strong><strong style=\"text-align: right;\">&nbsp; &nbsp; &nbsp; &nbsp;Tu taci<\/strong><\/h4>\n<h4 style=\"text-align: justify;\">&#8211;&nbsp;&nbsp;&nbsp;&nbsp;&nbsp;&nbsp; Un copil de 15 ani, rom\u00e2n sportiv, este b\u0103tut de colegii de echip\u0103 maghiari, pentru c\u0103 e rom\u00e2n , chiar de Ziua Na\u0163ional\u0103 a Rom\u00e2niei. Nu se \u00eent\u00e2mpl\u0103 nimic. Ceva mai t\u00e2rziu, Hochei\u015ftii Na\u0163ionalei Rom\u00e2niei, (de na\u0163ionalitate maghiar\u0103) la un meci cu selec\u0163ionata Ungariei tac c\u00e2nd se intoneaz\u0103 Imnul Rom\u00e2niei, dar c\u00e2nt\u0103 cu foc imnul Ungariei \u015fi pe cel al \u0162INUTULUI SECUIESC, imn care nu avea ce c\u0103uta la o manifestare oficial\u0103.<strong>&nbsp;&nbsp;<\/strong><strong>&nbsp; &nbsp; &nbsp; &nbsp; &nbsp; &nbsp; &nbsp; &nbsp; &nbsp; &nbsp; &nbsp; &nbsp; &nbsp; &nbsp; &nbsp; &nbsp; &nbsp; &nbsp;<\/strong><\/h4>\n<h3 style=\"text-align: right;\"><strong>&nbsp;&nbsp;&nbsp;&nbsp;&nbsp;&nbsp;&nbsp;&nbsp;&nbsp;&nbsp;&nbsp;&nbsp;&nbsp;&nbsp;&nbsp;&nbsp;&nbsp;&nbsp;&nbsp;&nbsp;&nbsp;&nbsp;&nbsp;&nbsp;&nbsp;&nbsp;&nbsp;&nbsp;&nbsp;&nbsp;&nbsp;&nbsp;&nbsp;&nbsp;&nbsp;&nbsp;&nbsp;&nbsp;&nbsp;&nbsp;&nbsp;&nbsp;&nbsp;&nbsp;&nbsp;&nbsp;&nbsp;&nbsp;&nbsp; To\u0163i tac<\/strong>.&nbsp;&nbsp;&nbsp;&nbsp;&nbsp;&nbsp;&nbsp;&nbsp;&nbsp;&nbsp;&nbsp;&nbsp;&nbsp;&nbsp;&nbsp;&nbsp;&nbsp; &nbsp;&nbsp;&nbsp;&nbsp;&nbsp;&nbsp;&nbsp;&nbsp;&nbsp;&nbsp;&nbsp;&nbsp;&nbsp;&nbsp;&nbsp;&nbsp;&nbsp;&nbsp;&nbsp;&nbsp;&nbsp;&nbsp;&nbsp;&nbsp;&nbsp;&nbsp;&nbsp;&nbsp;&nbsp;&nbsp;&nbsp;&nbsp;&nbsp;&nbsp;&nbsp;&nbsp;&nbsp;&nbsp;&nbsp;&nbsp;&nbsp;&nbsp;&nbsp;&nbsp;&nbsp;&nbsp;&nbsp;&nbsp;&nbsp;&nbsp;&nbsp; &nbsp;&nbsp;&nbsp;&nbsp;&nbsp;&nbsp;&nbsp;&nbsp;&nbsp;&nbsp;&nbsp;&nbsp;&nbsp;&nbsp;&nbsp; <strong>Tu taci<\/strong><\/h3>\n<h4 style=\"text-align: justify;\">&#8211;&nbsp;&nbsp;&nbsp;&nbsp;&nbsp;&nbsp; Guvernan\u0163ii nu fac altceva dec\u00e2t s\u0103 te jupoaie, \u00ee\u0163i bag\u0103 m\u00e2na \u00een buzunar \u015fi \u00ee\u0163i iau banii&nbsp; pentru c\u0103 e\u015fti prea bogat \u00een viziunea lor sau nu meri\u0163i ce ai c\u00e2\u015ftigat , iar \u0163ara nu are bani. Se \u00eemprumut\u0103 l\u0103s\u00e2ndu-te dator pe sute de ani f\u0103r\u0103 s\u0103 le pese ce vor face \u015fi de unde vor pl\u0103ti datoriile cei ce le vor urma. &nbsp; &nbsp; &nbsp; &nbsp; &nbsp;<strong>&nbsp; &nbsp; &nbsp; &nbsp; &nbsp; &nbsp; &nbsp; &nbsp; &nbsp; &nbsp; &nbsp; &nbsp; &nbsp; &nbsp; &nbsp; &nbsp; &nbsp; &nbsp; &nbsp; &nbsp; &nbsp; &nbsp; &nbsp; &nbsp; &nbsp; &nbsp; &nbsp; &nbsp; &nbsp; &nbsp; &nbsp; &nbsp; &nbsp; &nbsp; &nbsp; &nbsp; &nbsp; &nbsp; &nbsp; &nbsp; &nbsp; &nbsp; &nbsp; &nbsp; &nbsp; &nbsp; &nbsp; &nbsp; &nbsp; &nbsp; &nbsp; &nbsp; &nbsp; &nbsp; &nbsp; &nbsp; &nbsp; &nbsp; &nbsp; &nbsp; &nbsp; &nbsp; &nbsp; &nbsp; &nbsp; &nbsp; &nbsp; &nbsp; &nbsp; &nbsp; &nbsp; &nbsp; &nbsp; &nbsp;<\/strong><\/h4>\n<h4 style=\"text-align: right;\"><strong>&nbsp; &nbsp; &nbsp; &nbsp; &nbsp; &nbsp; &nbsp; &nbsp; &nbsp; &nbsp; &nbsp; &nbsp; &nbsp; &nbsp; &nbsp; &nbsp; &nbsp; &nbsp; &nbsp; &nbsp; &nbsp; &nbsp; &nbsp; &nbsp; &nbsp; &nbsp; &nbsp; &nbsp; &nbsp; &nbsp; &nbsp; &nbsp; &nbsp; &nbsp; &nbsp; &nbsp; &nbsp; &nbsp; &nbsp; &nbsp; &nbsp; &nbsp; &nbsp; &nbsp; &nbsp; &nbsp; &nbsp; &nbsp; &nbsp; &nbsp; &nbsp; &nbsp; &nbsp; &nbsp; &nbsp; &nbsp; &nbsp; &nbsp; &nbsp; &nbsp; &nbsp; &nbsp; &nbsp; &nbsp; &nbsp; &nbsp; &nbsp; &nbsp; &nbsp; &nbsp; Tu taci<\/strong><\/h4>\n<h4 style=\"text-align: justify;\">&#8211;&nbsp;&nbsp;&nbsp;&nbsp;&nbsp;&nbsp; Du\u015fmanii t\u0103i, cei ce vor s\u0103 te vad\u0103 disp\u0103rut pentru a \u00ee\u0163i lua locul, \u00ee\u0163i impun ce s\u0103 m\u0103n\u00e2nci, ce s\u0103 bei, ce medicamente s\u0103 iei, fac experimente cu tine, te folosesc drept cobai cu avizul \u015fi ajutorul tr\u0103d\u0103torilor din fruntea \u0163\u0103rii,&nbsp; care le aplic\u0103 legile \u00eentr-un Codex Alimentarius care te duce la pieire.<\/h4>\n<h4 style=\"text-align: right;\"><strong>&nbsp;&nbsp;&nbsp;&nbsp;&nbsp;&nbsp;&nbsp;&nbsp;&nbsp;&nbsp;&nbsp;&nbsp;&nbsp;&nbsp;&nbsp;&nbsp;&nbsp;&nbsp;&nbsp;&nbsp;&nbsp;&nbsp;&nbsp;&nbsp;&nbsp;&nbsp;&nbsp;&nbsp;&nbsp;&nbsp;&nbsp;&nbsp;&nbsp;&nbsp;&nbsp;&nbsp;&nbsp;&nbsp;&nbsp;&nbsp;&nbsp;&nbsp;&nbsp;&nbsp;&nbsp;&nbsp;&nbsp;&nbsp;&nbsp;&nbsp;&nbsp;&nbsp;&nbsp;&nbsp;&nbsp;&nbsp;&nbsp;&nbsp;&nbsp;&nbsp;&nbsp;&nbsp;&nbsp;&nbsp;&nbsp;&nbsp;&nbsp;&nbsp;&nbsp;&nbsp;&nbsp;&nbsp;&nbsp;&nbsp;&nbsp;&nbsp;&nbsp;&nbsp;&nbsp;&nbsp;&nbsp;&nbsp;&nbsp;&nbsp;&nbsp;&nbsp;&nbsp;&nbsp;&nbsp;&nbsp;&nbsp;&nbsp;&nbsp;&nbsp;&nbsp;&nbsp;&nbsp;&nbsp;&nbsp;&nbsp;&nbsp;&nbsp;&nbsp;&nbsp;&nbsp;&nbsp;&nbsp;&nbsp;&nbsp;&nbsp;&nbsp;&nbsp;&nbsp;&nbsp;&nbsp; &nbsp;&nbsp;&nbsp;&nbsp; Tu taci <\/strong><\/h4>\n<h4 style=\"text-align: justify;\">&#8211;&nbsp;&nbsp;&nbsp;&nbsp;&nbsp;&nbsp; &nbsp;Parlamentarii \u00ee\u015fi voteaz\u0103 legi speciale, se protejeaz\u0103 \u00eempotriva judec\u0103\u0163ii pentru ho\u0163iile \u015fi prostiile pe care le fac, se acoper\u0103 cu legi f\u0103cute numai pentru ei, \u015fi fur\u0103 acoperindu-se unul pe altul.<strong style=\"text-align: right;\">&nbsp; &nbsp; &nbsp; &nbsp; &nbsp; &nbsp; &nbsp; &nbsp; &nbsp; &nbsp; &nbsp; &nbsp; &nbsp; &nbsp; &nbsp; &nbsp; &nbsp; &nbsp; &nbsp; &nbsp; &nbsp; &nbsp; &nbsp; &nbsp; &nbsp; &nbsp; &nbsp; &nbsp; &nbsp; &nbsp; &nbsp; &nbsp; &nbsp; &nbsp; &nbsp; &nbsp; &nbsp; &nbsp; &nbsp; &nbsp; &nbsp; &nbsp; &nbsp; &nbsp; &nbsp; &nbsp;&nbsp;<\/strong><\/h4>\n<h4 style=\"text-align: right;\"><strong>&nbsp;Tu taci<\/strong><\/h4>\n<h4 style=\"text-align: right;\">Pre\u015fedintele \u0163\u0103rii \u00ee\u015fi exprim\u0103 oficial acordul de modificare a Constitu\u0163iei \u0163\u0103rii, la cererea unor str\u0103ini, care \u00ee\u015fi urm\u0103resc propriile interese, f\u0103r\u0103 a consulta m\u0103car parlamentul dar s\u0103 mai te consulte pe tine .&nbsp;&nbsp;&nbsp;&nbsp;&nbsp;&nbsp;&nbsp;&nbsp;&nbsp;&nbsp;&nbsp;&nbsp;&nbsp;&nbsp; <strong>&nbsp;&nbsp;&nbsp;&nbsp;&nbsp;&nbsp;&nbsp;&nbsp;&nbsp;&nbsp;&nbsp;&nbsp;&nbsp;&nbsp;&nbsp;&nbsp;&nbsp;&nbsp;&nbsp;&nbsp;&nbsp;&nbsp;&nbsp;&nbsp;&nbsp;&nbsp;&nbsp;&nbsp;&nbsp;&nbsp;&nbsp;&nbsp;&nbsp;&nbsp;&nbsp;&nbsp;&nbsp;&nbsp;&nbsp;&nbsp;&nbsp;&nbsp;&nbsp;&nbsp;&nbsp;&nbsp;&nbsp;&nbsp;&nbsp;&nbsp;&nbsp;&nbsp;&nbsp;&nbsp;&nbsp;&nbsp;&nbsp;&nbsp;&nbsp;&nbsp;&nbsp;&nbsp;&nbsp;&nbsp;&nbsp;&nbsp;&nbsp;&nbsp;&nbsp;&nbsp;&nbsp;&nbsp;&nbsp;&nbsp;&nbsp;&nbsp;&nbsp;&nbsp;&nbsp;&nbsp;&nbsp;&nbsp; &nbsp;&nbsp;&nbsp;&nbsp;&nbsp;&nbsp;&nbsp;&nbsp;&nbsp;&nbsp;&nbsp;&nbsp;&nbsp;&nbsp;&nbsp;&nbsp;&nbsp;&nbsp;&nbsp;&nbsp;&nbsp;&nbsp;&nbsp;&nbsp;&nbsp;&nbsp;&nbsp;&nbsp;&nbsp;&nbsp;&nbsp;&nbsp; &nbsp; Tu taci<\/strong><\/h4>\n<h4 style=\"text-align: justify;\">&#8211;&nbsp;&nbsp;&nbsp;&nbsp;&nbsp;&nbsp; Un rom\u00e2n plecat de acas\u0103, descoper\u0103 peste hotare c\u0103 \u0163ara lui are de recuperat&nbsp; o sum\u0103 mare de bani de la alt stat. Ce fac parlamentarii rom\u00e2ni? Refuz\u0103 s\u0103 investigheze cazul pentru c\u0103 nu vor s\u0103 \u00eei supere pe cei ce \u00eei \u0163in pe jil\u0163uri f\u0103r\u0103 s\u0103 le pese de interesul na\u0163iunii tr\u0103d\u00e2nd jur\u0103m\u00e2ntul f\u0103cut la investire.<\/h4>\n<h4 style=\"text-align: right;\">&nbsp; &nbsp;<strong style=\"text-align: right;\">Tu taci<\/strong><\/h4>\n<figure id=\"attachment_3096\" aria-describedby=\"caption-attachment-3096\" style=\"width: 533px\" class=\"wp-caption aligncenter\"><a href=\"http:\/\/www.desteptati-va.ro\/wp-content\/uploads\/2012\/02\/cersetori-marunt.jpg\"><img loading=\"lazy\" decoding=\"async\" class=\" wp-image-3096\" title=\"cersetori-marunt\" src=\"http:\/\/www.desteptati-va.ro\/wp-content\/uploads\/2012\/02\/cersetori-marunt-222x300.jpg\" alt=\"...fara cuvinte\" width=\"533\" height=\"717\"><\/a><figcaption id=\"caption-attachment-3096\" class=\"wp-caption-text\">&#8230;fara cuvinte<\/figcaption><\/figure>\n<h4 style=\"text-align: right;\">Asta se \u00eent\u00e2mpl\u0103 ast\u0103zi, popor rom\u00e2n, \u015fi&nbsp;\u2026.&nbsp;&nbsp;&nbsp;&nbsp;&nbsp;&nbsp;&nbsp;&nbsp;&nbsp;&nbsp;&nbsp;&nbsp;&nbsp;&nbsp;&nbsp; <strong>&nbsp;&nbsp;&nbsp;&nbsp;&nbsp;&nbsp;&nbsp;&nbsp;&nbsp;&nbsp;&nbsp;&nbsp;&nbsp;&nbsp;&nbsp;&nbsp;&nbsp;&nbsp;&nbsp;&nbsp;&nbsp;&nbsp;&nbsp;&nbsp;&nbsp;&nbsp;&nbsp;&nbsp;&nbsp;&nbsp;&nbsp;&nbsp;&nbsp;&nbsp;&nbsp;&nbsp;&nbsp;&nbsp;&nbsp;&nbsp;&nbsp;&nbsp;&nbsp;&nbsp;&nbsp;&nbsp;&nbsp;&nbsp;&nbsp;&nbsp;&nbsp;&nbsp;&nbsp; &nbsp;&nbsp;&nbsp;&nbsp;&nbsp;&nbsp;&nbsp;&nbsp;&nbsp;&nbsp;Tu taci<\/strong><\/h4>\n<h4 style=\"text-align: justify;\">&#8211;&nbsp;&nbsp;&nbsp;&nbsp;&nbsp;&nbsp; &nbsp;Dac\u0103 ar fi ca tot ceea ce se \u00eent\u00e2mpl\u0103 s\u0103 se r\u0103sfr\u00e2ng\u0103 numai asupra ta,rom\u00e2nul de azi, nu \u0163i-a\u015f scrie un cuv\u00e2nt. Te-a\u015f l\u0103sa s\u0103 l\u00e2nceze\u015fti, s\u0103 dormi p\u00e2n\u0103 se a\u015fterne praful peste tine \u015fi m\u0103tura istoriei te va scoate afar\u0103 din mintea celor ce vor urma, ca pe o \u00eent\u00e2mplare nepl\u0103cut\u0103. Dar tu popor rom\u00e2n de azi, e\u015fti legat de cel de ieri \u015fi de cel de m\u00e2ine \u015fi odat\u0103 cu tine piere nu numai trecutul, dar \u015fi viitorul acestui neam. <strong>&nbsp; &nbsp; &nbsp; &nbsp; &nbsp; &nbsp; &nbsp; &nbsp; &nbsp; &nbsp; &nbsp; &nbsp; &nbsp; &nbsp; &nbsp; &nbsp; &nbsp; &nbsp; &nbsp;&nbsp;<\/strong><\/h4>\n<h4 style=\"text-align: justify;\">&nbsp;<strong>C\u00e2t o s\u0103 mai taci<\/strong> ?<\/h4>\n<h4 style=\"text-align: justify;\"><strong> Treze\u015fte-te popor rom\u00e2n, treze\u015fte-te rom\u00e2n adormit \u015fi nu l\u0103sa s\u0103 se \u015ftearg\u0103 dintr-o tr\u0103s\u0103tur\u0103 de condei tot ce ti-au l\u0103sat p\u0103rin\u0163ii, nu \u00ee\u0163i l\u0103sa copiii pe drumuri, sclavi ai&nbsp; celor ce nici nu existau pe c\u00e2nd tu \u015ftiai s\u0103 scrii.&nbsp;<\/strong><\/h4>\n<h4 style=\"text-align: justify;\"><em><span style=\"color: #888888;\">Sursa:&nbsp;Scrisoare deschis\u0103 poporului rom\u00e2n transmisa de arhimandritul Iustin Parvu &#8211; Mesajul t\u0103bli\u0163elor de la T\u0103rt\u0103ria &nbsp; &nbsp; &nbsp; &nbsp; &nbsp; &nbsp; &nbsp; &nbsp; &nbsp; &nbsp; &nbsp; &nbsp; &nbsp; &nbsp; &nbsp; &nbsp; &nbsp; &nbsp; &nbsp; &nbsp; &nbsp;<\/span><\/em><\/h4>        <div class=\"booster-block booster-reactions-block\">\n            <div class=\"twp-reactions-icons\">\n                \n                <div class=\"twp-reacts-wrap\">\n                    <a react-data=\"be-react-1\" post-id=\"4195\" class=\"be-face-icons un-reacted\" href=\"javascript:void(0)\">\n                        <img decoding=\"async\" src=\"https:\/\/desteptati-va.ro\/wp-content\/plugins\/booster-extension\/\/assets\/icon\/happy.svg\" alt=\"Happy\">\n                    <\/a>\n                    <div class=\"twp-reaction-title\">\n                        Happy                    <\/div>\n                    <div class=\"twp-count-percent\">\n                                                    <span style=\"display: none;\" class=\"twp-react-count\">0<\/span>\n                        \n                                                <span class=\"twp-react-percent\"><span>0<\/span> %<\/span>\n                                            <\/div>\n                <\/div>\n\n                <div class=\"twp-reacts-wrap\">\n                    <a react-data=\"be-react-2\" post-id=\"4195\" class=\"be-face-icons un-reacted\" href=\"javascript:void(0)\">\n                        <img decoding=\"async\" src=\"https:\/\/desteptati-va.ro\/wp-content\/plugins\/booster-extension\/\/assets\/icon\/sad.svg\" alt=\"Sad\">\n                    <\/a>\n                    <div class=\"twp-reaction-title\">\n                        Sad                    <\/div>\n                    <div class=\"twp-count-percent\">\n                                                    <span style=\"display: none;\" class=\"twp-react-count\">0<\/span>\n                                                                        <span class=\"twp-react-percent\"><span>0<\/span> %<\/span>\n                                            <\/div>\n                <\/div>\n\n                <div class=\"twp-reacts-wrap\">\n                    <a react-data=\"be-react-3\" post-id=\"4195\" class=\"be-face-icons un-reacted\" href=\"javascript:void(0)\">\n                        <img decoding=\"async\" src=\"https:\/\/desteptati-va.ro\/wp-content\/plugins\/booster-extension\/\/assets\/icon\/excited.svg\" alt=\"Excited\">\n                    <\/a>\n                    <div class=\"twp-reaction-title\">\n                        Excited                    <\/div>\n                    <div class=\"twp-count-percent\">\n                                                    <span style=\"display: none;\" class=\"twp-react-count\">0<\/span>\n                                                                        <span class=\"twp-react-percent\"><span>0<\/span> %<\/span>\n                                            <\/div>\n                <\/div>\n\n                <div class=\"twp-reacts-wrap\">\n                    <a react-data=\"be-react-6\" post-id=\"4195\" class=\"be-face-icons un-reacted\" href=\"javascript:void(0)\">\n                        <img decoding=\"async\" src=\"https:\/\/desteptati-va.ro\/wp-content\/plugins\/booster-extension\/\/assets\/icon\/sleepy.svg\" alt=\"Sleepy\">\n                    <\/a>\n                    <div class=\"twp-reaction-title\">\n                        Sleepy                    <\/div>\n                    <div class=\"twp-count-percent\">\n                                                    <span style=\"display: none;\" class=\"twp-react-count\">0<\/span>\n                        \n                                                <span class=\"twp-react-percent\"><span>0<\/span> %<\/span>\n                                            <\/div>\n                <\/div>\n\n                <div class=\"twp-reacts-wrap\">\n                    <a react-data=\"be-react-4\" post-id=\"4195\" class=\"be-face-icons un-reacted\" href=\"javascript:void(0)\">\n                        <img decoding=\"async\" src=\"https:\/\/desteptati-va.ro\/wp-content\/plugins\/booster-extension\/\/assets\/icon\/angry.svg\" alt=\"Angry\">\n                    <\/a>\n                    <div class=\"twp-reaction-title\">Angry<\/div>\n                    <div class=\"twp-count-percent\">\n                                                    <span style=\"display: none;\" class=\"twp-react-count\">0<\/span>\n                                                                        <span class=\"twp-react-percent\"><span>0<\/span> %<\/span>\n                        \n                    <\/div>\n                <\/div>\n\n                <div class=\"twp-reacts-wrap\">\n                    <a react-data=\"be-react-5\" post-id=\"4195\" class=\"be-face-icons un-reacted\" href=\"javascript:void(0)\">\n                        <img decoding=\"async\" src=\"https:\/\/desteptati-va.ro\/wp-content\/plugins\/booster-extension\/\/assets\/icon\/surprise.svg\" alt=\"Surprise\">\n                    <\/a>\n                    <div class=\"twp-reaction-title\">Surprise<\/div>\n                    <div class=\"twp-count-percent\">\n                                                    <span style=\"display: none;\" class=\"twp-react-count\">0<\/span>\n                                                                        <span class=\"twp-react-percent\"><span>0<\/span> %<\/span>\n                                            <\/div>\n                <\/div>\n\n            <\/div>\n        <\/div>\n\n    <\/div>","protected":false},"excerpt":{"rendered":"<p>Popor rom\u00e2n \u00ce\u0163i scriu pentru c\u0103 sper ca m\u0103car acum,s\u0103 \u00ee\u0163i aminte\u015fti cine ai fost,cine e\u015fti \u015fi poate a\u015fa vezi<a href=\"https:\/\/desteptati-va.ro\/index.php\/2021\/04\/20\/scrisoare-deschisa-poporului-roman\/\">Read More<i class=\"fa fa-long-arrow-right\" aria-hidden=\"true\"><\/i><\/a><\/p>\n","protected":false},"author":1,"featured_media":4638,"comment_status":"open","ping_status":"open","sticky":false,"template":"","format":"standard","meta":{"_crdt_document":"","footnotes":""},"categories":[218,19],"tags":[402,363],"class_list":["post-4195","post","type-post","status-publish","format-standard","has-post-thumbnail","hentry","category-general","category-revolutia-constiintelor","tag-dacia","tag-popor"],"rise-blocks_total_comments":1,"rise-blocks_categories":[{"term_id":19,"name":"Revolutia Constiintelor","slug":"revolutia-constiintelor","term_group":0,"term_taxonomy_id":19,"taxonomy":"category","description":"","parent":0,"count":11,"filter":"raw"}],"rise-blocks_excerpt":"Popor rom\u00e2n \u00ce\u0163i scriu pentru c\u0103 sper ca m\u0103car acum,s\u0103 \u00ee\u0163i aminte\u015fti cine ai fost,cine e\u015fti \u015fi poate a\u015fa vezi \u00eencotro te \u00eendrep\u0163i!E\u015fti singurul popor european&nbsp; care tr\u0103ie\u015fte \u00eenc\u0103 acolo unde s-a n\u0103scut. Nu o spun eu, o spune istoria popoarelor.&nbsp; O fi mult, o fi pu\u0163in, nu \u015ftiu dar \u015ftiu c\u0103 e\u015fti&nbsp; unic \u00een Europa, aceast\u0103 Europ\u0103 care te..","yoast_head":"<!-- This site is optimized with the Yoast SEO plugin v26.9 - https:\/\/yoast.com\/product\/yoast-seo-wordpress\/ -->\r\n<title>Scrisoare deschis\u0103 poporului rom\u00e2n -<\/title>\r\n<meta name=\"robots\" content=\"index, follow, max-snippet:-1, max-image-preview:large, max-video-preview:-1\" \/>\r\n<link rel=\"canonical\" href=\"https:\/\/desteptati-va.ro\/index.php\/2021\/04\/20\/scrisoare-deschisa-poporului-roman\/\" \/>\r\n<meta property=\"og:locale\" content=\"ro_RO\" \/>\r\n<meta property=\"og:type\" content=\"article\" \/>\r\n<meta property=\"og:title\" content=\"Scrisoare deschis\u0103 poporului rom\u00e2n -\" \/>\r\n<meta property=\"og:description\" content=\"Popor rom\u00e2n \u00ce\u0163i scriu pentru c\u0103 sper ca m\u0103car acum,s\u0103 \u00ee\u0163i aminte\u015fti cine ai fost,cine e\u015fti \u015fi poate a\u015fa veziRead More\" \/>\r\n<meta property=\"og:url\" content=\"https:\/\/desteptati-va.ro\/index.php\/2021\/04\/20\/scrisoare-deschisa-poporului-roman\/\" \/>\r\n<meta property=\"article:published_time\" content=\"2021-04-20T06:46:40+00:00\" \/>\r\n<meta property=\"article:modified_time\" content=\"2022-02-01T08:02:42+00:00\" \/>\r\n<meta property=\"og:image\" content=\"https:\/\/desteptati-va.ro\/wp-content\/uploads\/2021\/04\/Scrisoare.jpg\" \/>\r\n\t<meta property=\"og:image:width\" content=\"260\" \/>\r\n\t<meta property=\"og:image:height\" content=\"194\" \/>\r\n\t<meta property=\"og:image:type\" content=\"image\/jpeg\" \/>\r\n<meta name=\"author\" content=\"wolfsoftcompany\" \/>\r\n<meta name=\"twitter:card\" content=\"summary_large_image\" \/>\r\n<meta name=\"twitter:label1\" content=\"Scris de\" \/>\n\t<meta name=\"twitter:data1\" content=\"wolfsoftcompany\" \/>\n\t<meta name=\"twitter:label2\" content=\"Timp estimat pentru citire\" \/>\n\t<meta name=\"twitter:data2\" content=\"19 minute\" \/>\r\n<script type=\"application\/ld+json\" class=\"yoast-schema-graph\">{\"@context\":\"https:\/\/schema.org\",\"@graph\":[{\"@type\":\"Article\",\"@id\":\"https:\/\/desteptati-va.ro\/index.php\/2021\/04\/20\/scrisoare-deschisa-poporului-roman\/#article\",\"isPartOf\":{\"@id\":\"https:\/\/desteptati-va.ro\/index.php\/2021\/04\/20\/scrisoare-deschisa-poporului-roman\/\"},\"author\":{\"name\":\"wolfsoftcompany\",\"@id\":\"https:\/\/desteptati-va.ro\/#\/schema\/person\/13182deeebd44920914899f7bb262d6b\"},\"headline\":\"Scrisoare deschis\u0103 poporului rom\u00e2n\",\"datePublished\":\"2021-04-20T06:46:40+00:00\",\"dateModified\":\"2022-02-01T08:02:42+00:00\",\"mainEntityOfPage\":{\"@id\":\"https:\/\/desteptati-va.ro\/index.php\/2021\/04\/20\/scrisoare-deschisa-poporului-roman\/\"},\"wordCount\":3738,\"commentCount\":0,\"image\":{\"@id\":\"https:\/\/desteptati-va.ro\/index.php\/2021\/04\/20\/scrisoare-deschisa-poporului-roman\/#primaryimage\"},\"thumbnailUrl\":\"https:\/\/desteptati-va.ro\/wp-content\/uploads\/2021\/04\/Scrisoare.jpg\",\"keywords\":[\"dacia\",\"popor\"],\"articleSection\":[\"General\",\"Revolutia Constiintelor\"],\"inLanguage\":\"ro-RO\",\"potentialAction\":[{\"@type\":\"CommentAction\",\"name\":\"Comment\",\"target\":[\"https:\/\/desteptati-va.ro\/index.php\/2021\/04\/20\/scrisoare-deschisa-poporului-roman\/#respond\"]}]},{\"@type\":\"WebPage\",\"@id\":\"https:\/\/desteptati-va.ro\/index.php\/2021\/04\/20\/scrisoare-deschisa-poporului-roman\/\",\"url\":\"https:\/\/desteptati-va.ro\/index.php\/2021\/04\/20\/scrisoare-deschisa-poporului-roman\/\",\"name\":\"Scrisoare deschis\u0103 poporului rom\u00e2n -\",\"isPartOf\":{\"@id\":\"https:\/\/desteptati-va.ro\/#website\"},\"primaryImageOfPage\":{\"@id\":\"https:\/\/desteptati-va.ro\/index.php\/2021\/04\/20\/scrisoare-deschisa-poporului-roman\/#primaryimage\"},\"image\":{\"@id\":\"https:\/\/desteptati-va.ro\/index.php\/2021\/04\/20\/scrisoare-deschisa-poporului-roman\/#primaryimage\"},\"thumbnailUrl\":\"https:\/\/desteptati-va.ro\/wp-content\/uploads\/2021\/04\/Scrisoare.jpg\",\"datePublished\":\"2021-04-20T06:46:40+00:00\",\"dateModified\":\"2022-02-01T08:02:42+00:00\",\"author\":{\"@id\":\"https:\/\/desteptati-va.ro\/#\/schema\/person\/13182deeebd44920914899f7bb262d6b\"},\"breadcrumb\":{\"@id\":\"https:\/\/desteptati-va.ro\/index.php\/2021\/04\/20\/scrisoare-deschisa-poporului-roman\/#breadcrumb\"},\"inLanguage\":\"ro-RO\",\"potentialAction\":[{\"@type\":\"ReadAction\",\"target\":[\"https:\/\/desteptati-va.ro\/index.php\/2021\/04\/20\/scrisoare-deschisa-poporului-roman\/\"]}]},{\"@type\":\"ImageObject\",\"inLanguage\":\"ro-RO\",\"@id\":\"https:\/\/desteptati-va.ro\/index.php\/2021\/04\/20\/scrisoare-deschisa-poporului-roman\/#primaryimage\",\"url\":\"https:\/\/desteptati-va.ro\/wp-content\/uploads\/2021\/04\/Scrisoare.jpg\",\"contentUrl\":\"https:\/\/desteptati-va.ro\/wp-content\/uploads\/2021\/04\/Scrisoare.jpg\",\"width\":260,\"height\":194},{\"@type\":\"BreadcrumbList\",\"@id\":\"https:\/\/desteptati-va.ro\/index.php\/2021\/04\/20\/scrisoare-deschisa-poporului-roman\/#breadcrumb\",\"itemListElement\":[{\"@type\":\"ListItem\",\"position\":1,\"name\":\"Prima pagin\u0103\",\"item\":\"https:\/\/desteptati-va.ro\/\"},{\"@type\":\"ListItem\",\"position\":2,\"name\":\"Scrisoare deschis\u0103 poporului rom\u00e2n\"}]},{\"@type\":\"WebSite\",\"@id\":\"https:\/\/desteptati-va.ro\/#website\",\"url\":\"https:\/\/desteptati-va.ro\/\",\"name\":\"\",\"description\":\"\",\"potentialAction\":[{\"@type\":\"SearchAction\",\"target\":{\"@type\":\"EntryPoint\",\"urlTemplate\":\"https:\/\/desteptati-va.ro\/?s={search_term_string}\"},\"query-input\":{\"@type\":\"PropertyValueSpecification\",\"valueRequired\":true,\"valueName\":\"search_term_string\"}}],\"inLanguage\":\"ro-RO\"},{\"@type\":\"Person\",\"@id\":\"https:\/\/desteptati-va.ro\/#\/schema\/person\/13182deeebd44920914899f7bb262d6b\",\"name\":\"wolfsoftcompany\",\"image\":{\"@type\":\"ImageObject\",\"inLanguage\":\"ro-RO\",\"@id\":\"https:\/\/desteptati-va.ro\/#\/schema\/person\/image\/\",\"url\":\"https:\/\/secure.gravatar.com\/avatar\/a6cce9b6d101d27d91690e7073e300fed94c0899890bf998e082cb9d2c3d121e?s=96&d=mm&r=g\",\"contentUrl\":\"https:\/\/secure.gravatar.com\/avatar\/a6cce9b6d101d27d91690e7073e300fed94c0899890bf998e082cb9d2c3d121e?s=96&d=mm&r=g\",\"caption\":\"wolfsoftcompany\"},\"sameAs\":[\"http:\/\/desteptati-va.ro\"],\"url\":\"https:\/\/desteptati-va.ro\/index.php\/author\/wolfsoftcompany\/\"}]}<\/script>\r\n<!-- \/ Yoast SEO plugin. -->","yoast_head_json":{"title":"Scrisoare deschis\u0103 poporului rom\u00e2n -","robots":{"index":"index","follow":"follow","max-snippet":"max-snippet:-1","max-image-preview":"max-image-preview:large","max-video-preview":"max-video-preview:-1"},"canonical":"https:\/\/desteptati-va.ro\/index.php\/2021\/04\/20\/scrisoare-deschisa-poporului-roman\/","og_locale":"ro_RO","og_type":"article","og_title":"Scrisoare deschis\u0103 poporului rom\u00e2n -","og_description":"Popor rom\u00e2n \u00ce\u0163i scriu pentru c\u0103 sper ca m\u0103car acum,s\u0103 \u00ee\u0163i aminte\u015fti cine ai fost,cine e\u015fti \u015fi poate a\u015fa veziRead More","og_url":"https:\/\/desteptati-va.ro\/index.php\/2021\/04\/20\/scrisoare-deschisa-poporului-roman\/","article_published_time":"2021-04-20T06:46:40+00:00","article_modified_time":"2022-02-01T08:02:42+00:00","og_image":[{"width":260,"height":194,"url":"https:\/\/desteptati-va.ro\/wp-content\/uploads\/2021\/04\/Scrisoare.jpg","type":"image\/jpeg"}],"author":"wolfsoftcompany","twitter_card":"summary_large_image","twitter_misc":{"Scris de":"wolfsoftcompany","Timp estimat pentru citire":"19 minute"},"schema":{"@context":"https:\/\/schema.org","@graph":[{"@type":"Article","@id":"https:\/\/desteptati-va.ro\/index.php\/2021\/04\/20\/scrisoare-deschisa-poporului-roman\/#article","isPartOf":{"@id":"https:\/\/desteptati-va.ro\/index.php\/2021\/04\/20\/scrisoare-deschisa-poporului-roman\/"},"author":{"name":"wolfsoftcompany","@id":"https:\/\/desteptati-va.ro\/#\/schema\/person\/13182deeebd44920914899f7bb262d6b"},"headline":"Scrisoare deschis\u0103 poporului rom\u00e2n","datePublished":"2021-04-20T06:46:40+00:00","dateModified":"2022-02-01T08:02:42+00:00","mainEntityOfPage":{"@id":"https:\/\/desteptati-va.ro\/index.php\/2021\/04\/20\/scrisoare-deschisa-poporului-roman\/"},"wordCount":3738,"commentCount":0,"image":{"@id":"https:\/\/desteptati-va.ro\/index.php\/2021\/04\/20\/scrisoare-deschisa-poporului-roman\/#primaryimage"},"thumbnailUrl":"https:\/\/desteptati-va.ro\/wp-content\/uploads\/2021\/04\/Scrisoare.jpg","keywords":["dacia","popor"],"articleSection":["General","Revolutia Constiintelor"],"inLanguage":"ro-RO","potentialAction":[{"@type":"CommentAction","name":"Comment","target":["https:\/\/desteptati-va.ro\/index.php\/2021\/04\/20\/scrisoare-deschisa-poporului-roman\/#respond"]}]},{"@type":"WebPage","@id":"https:\/\/desteptati-va.ro\/index.php\/2021\/04\/20\/scrisoare-deschisa-poporului-roman\/","url":"https:\/\/desteptati-va.ro\/index.php\/2021\/04\/20\/scrisoare-deschisa-poporului-roman\/","name":"Scrisoare deschis\u0103 poporului rom\u00e2n -","isPartOf":{"@id":"https:\/\/desteptati-va.ro\/#website"},"primaryImageOfPage":{"@id":"https:\/\/desteptati-va.ro\/index.php\/2021\/04\/20\/scrisoare-deschisa-poporului-roman\/#primaryimage"},"image":{"@id":"https:\/\/desteptati-va.ro\/index.php\/2021\/04\/20\/scrisoare-deschisa-poporului-roman\/#primaryimage"},"thumbnailUrl":"https:\/\/desteptati-va.ro\/wp-content\/uploads\/2021\/04\/Scrisoare.jpg","datePublished":"2021-04-20T06:46:40+00:00","dateModified":"2022-02-01T08:02:42+00:00","author":{"@id":"https:\/\/desteptati-va.ro\/#\/schema\/person\/13182deeebd44920914899f7bb262d6b"},"breadcrumb":{"@id":"https:\/\/desteptati-va.ro\/index.php\/2021\/04\/20\/scrisoare-deschisa-poporului-roman\/#breadcrumb"},"inLanguage":"ro-RO","potentialAction":[{"@type":"ReadAction","target":["https:\/\/desteptati-va.ro\/index.php\/2021\/04\/20\/scrisoare-deschisa-poporului-roman\/"]}]},{"@type":"ImageObject","inLanguage":"ro-RO","@id":"https:\/\/desteptati-va.ro\/index.php\/2021\/04\/20\/scrisoare-deschisa-poporului-roman\/#primaryimage","url":"https:\/\/desteptati-va.ro\/wp-content\/uploads\/2021\/04\/Scrisoare.jpg","contentUrl":"https:\/\/desteptati-va.ro\/wp-content\/uploads\/2021\/04\/Scrisoare.jpg","width":260,"height":194},{"@type":"BreadcrumbList","@id":"https:\/\/desteptati-va.ro\/index.php\/2021\/04\/20\/scrisoare-deschisa-poporului-roman\/#breadcrumb","itemListElement":[{"@type":"ListItem","position":1,"name":"Prima pagin\u0103","item":"https:\/\/desteptati-va.ro\/"},{"@type":"ListItem","position":2,"name":"Scrisoare deschis\u0103 poporului rom\u00e2n"}]},{"@type":"WebSite","@id":"https:\/\/desteptati-va.ro\/#website","url":"https:\/\/desteptati-va.ro\/","name":"","description":"","potentialAction":[{"@type":"SearchAction","target":{"@type":"EntryPoint","urlTemplate":"https:\/\/desteptati-va.ro\/?s={search_term_string}"},"query-input":{"@type":"PropertyValueSpecification","valueRequired":true,"valueName":"search_term_string"}}],"inLanguage":"ro-RO"},{"@type":"Person","@id":"https:\/\/desteptati-va.ro\/#\/schema\/person\/13182deeebd44920914899f7bb262d6b","name":"wolfsoftcompany","image":{"@type":"ImageObject","inLanguage":"ro-RO","@id":"https:\/\/desteptati-va.ro\/#\/schema\/person\/image\/","url":"https:\/\/secure.gravatar.com\/avatar\/a6cce9b6d101d27d91690e7073e300fed94c0899890bf998e082cb9d2c3d121e?s=96&d=mm&r=g","contentUrl":"https:\/\/secure.gravatar.com\/avatar\/a6cce9b6d101d27d91690e7073e300fed94c0899890bf998e082cb9d2c3d121e?s=96&d=mm&r=g","caption":"wolfsoftcompany"},"sameAs":["http:\/\/desteptati-va.ro"],"url":"https:\/\/desteptati-va.ro\/index.php\/author\/wolfsoftcompany\/"}]}},"_links":{"self":[{"href":"https:\/\/desteptati-va.ro\/index.php\/wp-json\/wp\/v2\/posts\/4195","targetHints":{"allow":["GET"]}}],"collection":[{"href":"https:\/\/desteptati-va.ro\/index.php\/wp-json\/wp\/v2\/posts"}],"about":[{"href":"https:\/\/desteptati-va.ro\/index.php\/wp-json\/wp\/v2\/types\/post"}],"author":[{"embeddable":true,"href":"https:\/\/desteptati-va.ro\/index.php\/wp-json\/wp\/v2\/users\/1"}],"replies":[{"embeddable":true,"href":"https:\/\/desteptati-va.ro\/index.php\/wp-json\/wp\/v2\/comments?post=4195"}],"version-history":[{"count":2,"href":"https:\/\/desteptati-va.ro\/index.php\/wp-json\/wp\/v2\/posts\/4195\/revisions"}],"predecessor-version":[{"id":4639,"href":"https:\/\/desteptati-va.ro\/index.php\/wp-json\/wp\/v2\/posts\/4195\/revisions\/4639"}],"wp:featuredmedia":[{"embeddable":true,"href":"https:\/\/desteptati-va.ro\/index.php\/wp-json\/wp\/v2\/media\/4638"}],"wp:attachment":[{"href":"https:\/\/desteptati-va.ro\/index.php\/wp-json\/wp\/v2\/media?parent=4195"}],"wp:term":[{"taxonomy":"category","embeddable":true,"href":"https:\/\/desteptati-va.ro\/index.php\/wp-json\/wp\/v2\/categories?post=4195"},{"taxonomy":"post_tag","embeddable":true,"href":"https:\/\/desteptati-va.ro\/index.php\/wp-json\/wp\/v2\/tags?post=4195"}],"curies":[{"name":"wp","href":"https:\/\/api.w.org\/{rel}","templated":true}]}}