{"id":4204,"date":"2021-04-20T06:51:49","date_gmt":"2021-04-20T06:51:49","guid":{"rendered":"http:\/\/desteptati.ro\/?p=4204"},"modified":"2022-01-12T21:04:57","modified_gmt":"2022-01-12T19:04:57","slug":"revolutia-constiintelor-un-deziderat-i","status":"publish","type":"post","link":"https:\/\/desteptati-va.ro\/index.php\/2021\/04\/20\/revolutia-constiintelor-un-deziderat-i\/","title":{"rendered":"Revolutia constiintelor, un deziderat. (I)"},"content":{"rendered":"<div class=\"post-content\"><div class='booster-block booster-read-block'>\n                <div class=\"twp-read-time\">\n                \t<i class=\"booster-icon twp-clock\"><\/i> <span>Read Time:<\/span>12 Minute, 13 Second                <\/div>\n\n            <\/div><h4 style=\"text-align: right;\"><strong>Moto:<\/strong> \u201cCe e via\u021ba noastr\u0103 \u00een sclavie oare?\r\nNoapte f\u0103r\u0103 stele, ziu\u0103 f\u0103r\u0103 soare.\r\nCei ce rabd\u0103 jugul \u0219-a tr\u0103i mai vor,\r\nMerit\u0103 s\u0103-l poarte spre ru\u0219inea lor! \u201d<\/h4>\r\n<h4 style=\"text-align: right;\"><strong>Cea din urm\u0103 noapte a lui Mihai cel Mare<\/strong>\r\n<em> de <\/em><a title=\"Autor:Dimitrie Bolintineanu\" href=\"http:\/\/ro.wikisource.org\/wiki\/Autor:Dimitrie_Bolintineanu\" target=\"_blank\" rel=\"noopener\"><em>Dimitrie Bolintineanu<\/em><\/a><\/h4>\r\n<h4 style=\"text-align: justify;\">S-au adunat prea multe. Sunt lucruri care trebuiesc spuse, care trebuiesc stiute. Stiute de cati mai multi si poate spuse de cat mai multi.<\/h4>\r\n<h4 style=\"text-align: justify;\">Am tacut destul, am tolerat prea multe, dand\u00a0 senzatia ca ne-am impacat cu soarta decisa de\u00a0 potentatii vremii.\u00a0 Lipsa noastra de reactie si actiune timp de 21 de ani a creat acest dezastru national, aceasta saracie a majoritatii si a dat siguranta celor care au creat aceasta stare.<\/h4>\r\n<h4 style=\"text-align: justify;\">Este bine stiut ca oamenii cinstiti nu au aceeasi forta de coagulare ca acei fara de Dumnezeu. Auzim cu totii de clanul \u201c\u0219menarilor\u201d,\u201d camatarilor\u201d,\u201d protectorilor\u201d,\u201d pe\u0219tilor\u201d, \u201cprostituatelor\u201d, \u201cinterlopilor\u201d, etc.<\/h4>\r\n<h4 style=\"text-align: justify;\">A auzit cineva de clanul \u201coamenilor cinstiti? Nu. De ce? Pentru ca nu exista si ca in naivitatea lor, ei cred ca \u00eei apara legea. Si atunci cand dreptatea este impartita de clanurile si mafia infiltrate in justitie, cine \u00eei mai apara?<\/h4>\r\n<h4 style=\"text-align: justify;\">Dumnezeu &#8211; ve\u021bi spune! Poate. Dar observati ca in ultimul timp Dumnezeu este foarte ocupat. Personal cred ca prin cunoastere, prin unire, prin solidaritate in fata nedreptatilor, indiferent ca ni se fac noua sau altora, putem sa\u00a0 degrevam partial- de aceasta sarcina- divinitatea.<\/h4>\r\n<h4 style=\"text-align: justify;\">Eu am avut \u0219ansa sau poate ne\u0219ansa sa ma nasc mai devreme.\u00a0 In 1989 aveam 39 de ani, iar in decembrie chiar am crezut intr-o schimbarea in bine, convins fiind ca sistemul comunist sau socialist isi terminase munitia ca si capitalismul, de altfel.<\/h4>\r\n<h4 style=\"text-align: justify;\">Mai mult av\u00e2nd o forma\u021bie tehnico-economica credeam si mai cred si acum in \u201cconcordanta relatiilor de productie cu caracterul fortelor de productie\u201d &#8211; o lege economica potrivit careia relatiile de productie trebuie sa corespunda cu caracterul fortelor de productie.<\/h4>\r\n<h4 style=\"text-align: justify;\">Daca cineva azi, in secolul XXI &#8211; secolul roboticii, internetului, ciberneticii, biotehnologiilor, zborurilor cosmic, ingineriilor genetice &#8211; forte de productie care tind sa se generalizeze, crede ca acestea sunt in concordanta cu relatiile de forta ale gruparilor mafiote de la nivel national sau international si schimburilor inechitabile de valori de pe pietele lumii, se afla intr-o grava eroare.<\/h4>\r\n<h4 style=\"text-align: justify;\">Ca am dreptate o dovedeste criza economico-financiara (de fapt o criza morala) in care se balaceste capitalismul mult laudat de pseudoanalistii politici, platiti cu bani multi, pentru a ne prosti si a ne face sa credem ca este o stare de normalitate. Cine are acest interes? Acei care de ani buni , au adunat averi \u00a0imense, saracind popoare si continente intregi si omologii lor postdecembristi care au saracit poporul roman.<\/h4>\r\n<h4 style=\"text-align: justify;\">Mai mult decat atit, zilele trecute economistul Nouriel Roubini (cel ce a prezis criza din 2008) a declarat \u00eentr-un interviu pentru cotidianul <span style=\"text-decoration: underline;\"><em><a href=\"http:\/\/europe.wsj.com\/video\/nouriel-roubini-karl-marx-was-right\/68EE8F89-EC24-42F8-9B9D-47B510E473B0.html?KEYWORDS=roubini\" target=\"_blank\" rel=\"noopener\">Wall Street Journal<\/a><\/em><\/span> c\u0103 \u00eentemeietorul socialismului \u015ftiin\u0163ific, Karl Marx, a avut dreptate cu privire la autodistrugerea capitalismului.<\/h4>\r\n<h4 style=\"text-align: justify;\">&#8222;Karl Marx a spus-o bine. La un moment dat, capitalismul se poate autodistruge pentru c\u0103 nu po\u0163i transfera venituri dinspre for\u0163a de munc\u0103 spre capital f\u0103r\u0103 s\u0103 se \u00eenregistreze un exces de capacitate de produc\u0163ie \u015fi lipsa unei cereri agregate. Asta se \u00eent\u00e2mpl\u0103 acum\u201d, a spus Roubini.\r\n&#8222;\u00cen ultimii doi-trei ani a avut loc o mare redistribuire a avu\u0163iei dinspre for\u0163a de munc\u0103 spre capital, dinspre salarii c\u0103tre profituri. Inegalitatea veniturilor \u015fi avu\u0163iei a crescut\u201d, a declarat Roubini.\r\n&#8222;Am crezut c\u0103 pie\u0163ele func\u0163ioneaz\u0103, dar nu este a\u015fa. Fiecare firm\u0103 vrea s\u0103 supravie\u0163uiasc\u0103, a\u015fa c\u0103 reduce costurile cu for\u0163a de munc\u0103 \u015fi mai mult. Costurile cu for\u0163a de munc\u0103 sunt venitul salarial \u015fi consumul altuia. Din cauza asta este un proces autodistructiv\u201d, adaug\u0103 Roubini.<\/h4>\r\n<h4 style=\"text-align: justify;\">Intr-o traducere mai putin elevata omul spune clar ca \u201creducerea costurilor cu forta de munca si transferarea veniturilor dinspre forta de munca spre capital\u201d este o deposedare, un furt mascat a unei parti\u00a0 din valoarea fortei de munca, subevaluata de posesorii de capital in avantaj propriu.\u00a0 Furt legiferat de guverne in concubinaj cu corporatiile multinationale si nu numai, regizat de sistemul bancar mondial.<\/h4>\r\n<h4 style=\"text-align: justify;\">Se instaureaza germenii sclaviei moderne. (Vom trata pe lag acest fenomen in articolele viitoare.)<\/h4>\r\n<h4 style=\"text-align: justify;\">In tara mult adulata de politicienii romani, SUA, modelul capitalismului modern, aceasta Meeka la care se inchina toti care au gestionat megaexcrocherii, sunt 46 de milioane de americani care traiesc sub pragul saraciei- din cei aproximativ 308 miloane.<\/h4>\r\n<h4 style=\"text-align: justify;\">Mai precis 15 americani din 100 sunt\u00a0 sub limita saraciei, iar cei mai bogati 400 de americani detin, in acest moment, o avere comuna de 1.370 de miliarde de dolari. Oare de asta sa se fi dus Presedintele Basescu la Marele Licurici? Poate i-a explicat, intrand pe scara personalului de serviciu, ca suntem pe aceeasi directie buna, ca statul social este desuet, iar noi am reusit performante remarcabile in acest sens. La noi 15 din 100 de romani traiesc acceptabil \u2013 astia fiind politicienii si evazionistii \u2013 iar restul sunt saraci \u201clipiti pamantului\u201d si ca aproximativ\u00a0 1000 de romani au adunat acolo, o nimica toata, de vreo 55 miliarde euro.<\/h4>\r\n<h4 style=\"text-align: justify;\">Acum intelegeti de ce traiti bine, nu ?<\/h4>\r\n<h4 style=\"text-align: justify;\"><strong>Cum s-a ajuns aici?<\/strong><\/h4>\r\n<h4 style=\"text-align: justify;\">S-a ajuns simplu: prin minciuna, furt, coruptie, conlucrare perfecta intre cozile de topor si marea finanta internationala . Noi printr-o serie de articole, din cadrul acestui capitol, vom incerca sa devoalam aceste combinatii oneroase si va vom\u00a0 reaminti evenimente traite de multi dintre dumneavoastra.<\/h4>\r\n<h4 style=\"text-align: justify;\">Este bine stiut ca pe vrema lui Ceausescu nu prea puteai fura. Se \u2018descurcau\u2019 sefii de restaurante si gestionarii din alimentatia publica, responsabilii de cantine, cei de la gospodaria de partid, valutistii, cei ce lucrau in exterior, dar micile lor \u2018gainarii\u2019 se faceau cu acceptul tacit al conducatorilor locali antedecembristi. Astazi din aceasta \u2018fauna\u2019 au erupt marii oameni de afaceri ai Romaniei , o parte din politicieni si chiar un presedinte. Ridicol, nu? Citam: \u201c Dup\u0103 12 ani de serviciu pe mare, dup\u0103 trei ani de serviciu \u00een Belgia, eram un om care c\u00e2\u0219tigase bani mul\u021bi. Dac\u0103 m\u0103 c\u0103uta\u021bi la CEC \u00een vremurile acelea, vedea\u021bi c\u0103 aveam un milion de lei&#8221;, declara B\u0103sescu ziarului \u201aLibertatea\u2019.\u00a0 La aceast\u0103 sum\u0103 se adaug\u0103, potrivit propriei declara\u021bii de avere, bijuterii estimate la 20.000 euro \u0219i ceasuri \u00een valoare de 35.000 euro, toate dob\u00e2ndite \u00een perioada 1975-1989. Daca crede cineva ca se putea castiga cinstit, in acea perioada, o asemenea avere,\u00a0 este o dovada de prostie. Dar sa-l lasam in pace,deocamdata, pe d-l Presedinte si sa incepem cu inceputurile jafului national.<\/h4>\r\n<h4 style=\"text-align: justify;\">22 Decembrie 1989, marea pacaleala a poporului roman numita de emanati \u201crevolutie\u201d, de cei cunoscatori \u201clovitura de stat\u201d, este in plina desfasurare. Papusarii scoliti in diferite colturi de lume ,multi dintre ei la Moscova sau urmasii cominternistilor sositi pe tancurile sovietice, amestecati cu multa prostime se prind intr-o sarabanda halucinanta la Televiziunea Romana si incearca sa ne convinga ca \u2018securistii-teroristii trag din orice pozitie\u2019, ca avem \u2018revolutie\u2019 si ca ei ne vor duce catre un\u00a0 viitor luminos care nerabdator ne asteapta. In inocenta noastra i-am crezut. Dezinformarea incepuse cu ani in urma cand \u201cEuropa Libera\u201d ne \u201ceduca\u201d prezentandu-ne zorii luminosi ai capitalismului si pe omul providential mult iubitul si luminatul ION ILIESCU. Nu am avut nici o tresarire de ratiune nici atunci cand Ion Caramitru ii spunea lui Dinescu \u201cMircea\u00a0 fa-te ca lucrezi!\u201d. De ce trebuia sa se faca Dinescu ca lucreaza, de ce sa nu lucreze efectiv ?. Simplu, nu avea ce sa lucreze, piesa era scrisa cu mult timp inainte de altii, noi cei multi si prosti trebuia sa credem ca totul este spontan, nepregatit, nearanjat. Si i-am crezut din nou.<\/h4>\r\n<h4 style=\"text-align: justify;\">Nu este cazul sa ne acuzam de prea multa prostie si trebuie sa ne consolam ca am fost manipulati de experti. Merita a fi citite\u00a0 articolele: <em><span style=\"text-decoration: underline;\"><a title=\"Permanent Link to \" href=\"https:\/\/desteptati-va.ro\/index.php\/2021\/04\/16\/revolutia-ca-tehnica-a-loviturii-de-stat\/\" target=\"_blank\" rel=\"noopener\">\u201cRevolutia\u201d, ca tehnica a \u201cloviturii de stat\u201d<\/a><\/span><\/em> si <span style=\"text-decoration: underline;\"><a title=\"Permanent Link to Din culisele geostrategice ale rasturnarii comunismului\" href=\"https:\/\/desteptati-va.ro\/index.php\/2021\/04\/16\/din-culisele-geostrategice-ale-rasturnarii-comunismului\/\" target=\"_blank\" rel=\"noopener\">Din culisele geostrategice ale rasturnarii comunismului<\/a><\/span> si sunt convins ca se va intelege mai mult.<\/h4>\r\n<h4 style=\"text-align: justify;\">A urmat oribila zi de 25 decembrie 1989, cand\u00a0 au fost asasinati doi oameni, sotii Ceausescu. O crima orchestrata de cei care mai tarziu vor pune bazele dezastrului national, de acei care in cel mai abject stil mafiot, sfidand bunul obicei romanesc care in ziua de Craciun nu sacrifica nici macar porcul din batatura, au luat viata a doi oameni.<\/h4>\r\n<h4 style=\"text-align: justify;\">Mascarada procesului de la Targoviste, prevestea \u201conestitatea\u201d justitiei de mai tarziu, cand avocatul apararii s-a transformat in procuror, procurorul in inchizitor, cand capetele de acuzare erau fantasmagorii, iar cel mai apropiat personaj al cuplului Ceausescu, Victoras, facea avioane de hartie, de la inaltimea completului de judecata. Daca n-ar fi fost adevarat, am fi fost tentati sa credem ca vedem un film prost regizat de un imbecil, de un psihopat. Numai ca regizorul, ca orice regizor, nu apare in cadru iar in acest caz nici pe generic.\u00a0 Filmarea ultimelor cadre\u00a0 fusese precedata de\u00a0 masacrul luptatorilor USLA de la restaurantul Orizont (vezi si <span style=\"text-decoration: underline;\"><a title=\"Permanent Link to Agent GRU \u2013 g-ral. Nicolae Militaru\" href=\"https:\/\/desteptati-va.ro\/index.php\/2021\/04\/19\/agent-gru-g-ral-nicolae-militaru\/\" target=\"_blank\" rel=\"noopener\">Agent GRU \u2013 g-ral. Nicolae Militaru<\/a><\/span>), a elevilor de la Unitatea de Transmisiuni Campina in fata la Otopeni (vezi si <span style=\"text-decoration: underline;\"><a title=\"Permanent Link to Masacrul de la Otopeni \u2013 evidentele spulbera teoria erorii si demonstreaza crima cu premeditare\" href=\"https:\/\/desteptati-va.ro\/index.php\/2021\/04\/19\/masacrul-de-la-otopeni-evidentele-spulbera-teoria-erorii-si-demonstreaza-crima-cu-premeditare\/\">Masacrul de la Otopeni \u2013 evidentele spulbera teoria erorii si demonstreaza crima cu premeditare<\/a><\/span>), de impuscarea a sute de civili, de distrugerea Bibliotecii Universitare. Nu vreau sa omit apelurile disperate ale lui Brates prin care erau scosi oamenii din case pentru ca unii sa nu se mai intoarca niciodata, sau scena cu balconul Comitetului Central unde aparitia \u2018stafului revolutiei\u2019 a intimidat rafalele armelor automate care au amutit pe moment. Se pregatea povestea cu acei\u00a0 peste 60.000 de morti ce urma sa constituie acuzatia de genocid care a aparut in capetele de acuzare la asa-zisul proces al sotilor Ceausescu, dar si legitimitatea viitoarei gasti de nomenclaturisti revopsiti la conducerea tarii. Acum dupa 22 de ani, a mai pune intrebarea daca <span style=\"text-decoration: underline;\"><a title=\"Permanent Link to A fost \u00een decembrie \u201989 revolu\u021bie?\" href=\"https:\/\/desteptati-va.ro\/index.php\/2021\/04\/19\/a-fost-in-decembrie-89-revolutie\/\">A fost \u00een decembrie \u201989 revolu\u021bie?<\/a><\/span> (recomand a fi citit linkul) mi se pare o blasfemie la adresa adevarului, a evidentelor. Nu as dori sa fiu gresit inteles. Si eu am dorit schimbarea lui Ceausescu, si eu am dorit sa traim mai bine, si eu ma saturasam de abuzurile activistilor de partid si ale organelor de forta ale regimului. Dar nu asa. Nu este uman, cinstit sau cum doriti sa spuneti, sa te cateri la putere pe cadavrele a peste o mie de nevinovati. Aceasta putere obtinuta asa nu era legitima, chiar daca a incercat sa\u00a0 se legitimeze mai tarziu prin alegeri. Nu vreau sa uit un proverb romanesc\u00a0 \u201c Daca vrei sa cunosti un om da-i puterea \u201c. Si asa l-am cunoscut pe tovarasu Iliescu.\u00a0 Nu vreau sa-l creionez eu, am sa redau un comentariu postat pe acest site de un cititor\u00a0 al articolului \u201c <a href=\"https:\/\/desteptati-va.ro\/index.php\/2021\/04\/19\/domnule-ion-iliescu-mircea-raceanu-tradator-sau-erou\/\" target=\"_blank\" rel=\"noopener\">Domnule Ion Iliescu, Mircea Raceanu, Tradator sau erou?<\/a>\u201d<\/h4>\r\n<h4 style=\"text-align: justify;\"><a href=\"https:\/\/desteptati-va.ro\/index.php\/2021\/04\/19\/domnule-ion-iliescu-mircea-raceanu-tradator-sau-erou\/\" target=\"_blank\" rel=\"noopener\"><cite>Radu Teodoru<\/cite>:<\/a><a href=\"https:\/\/desteptati-va.ro\/index.php\/2021\/04\/19\/domnule-ion-iliescu-mircea-raceanu-tradator-sau-erou\/\" target=\"_blank\" rel=\"noopener\"> Mai 9, 2011 at 11:37 am<\/a> &#8222;Citesc de mult acest site, iar articolul de mai sus mi-a provocat un real interes. Am asteptat sa vad o reactie sau un raspuns al d-lui Iliescu la intrebarea pusa, dar pana acum nu a aparut nimic. Personal cred ca i-ar fi fost foarte greu. Exista mai multe motive care cred ca l-au impiedicat sa o fac\u0103.<\/h4>\r\n<h4 style=\"text-align: justify;\">a) Mircea Raceanu era fiul unui nomenclaturist, tatal lui, Grigore Raceanu, a detinut functii importante in PCR si a fost semnatar al scrisorii celor \u0219ase, un cunoscut al d-lui Iliescu.\r\nChiar daca Mircea Raceanu a tradat interesele Romaniei \u2013 este stiut ca juramantul de credinta, militar sau de investitur\u0103 intr-o functie de stat, se face patriei, poporului si nu unui vremelnic conducator \u2013 pentru propria imagine de luptator \u201canticeausist\u201d, d-l Iliescu a ignorant evidentele.<\/h4>\r\n<h4 style=\"text-align: justify;\">b) Caracterul duplicitar si narcisismul ce-l caracterizeaza, au stat la baza acordarii decoratiei \u201cPentru Merit in grad de comandor\u201d tradatorului Mircea Raceanu in 2002 cu ocazia vizitei prezidentiale in SUA. Daca medaliem tradatorii inteleg de ce au fost impuscati patriotii.\r\nNu a contat dezamagirea pe care adevaratii romani care si-au servit tara, pe taramul nebulos al informatiilor, nu a contat repulsia fata de tradatori a multora din compatriotii nostri ce mai cred in cinste si onoare, nu a contat credinta in a sluji tara in orice situatie, tot ce a contat a fost dorinta d-lui Iliescu de a poza intr-un reprezentant al providentei, imagine in care a capotat lamentabil.<\/h4>\r\n<h4 style=\"text-align: justify;\">c) Vorbeam de duplicitate si vreau sa clarific aceasta afirmatie. Este bine cunoscut rolul celor \u201c7 sapte ani de acasa\u201d, ani in care se contureaza caracterul viitorului adult. Din cele aparute in presa, anii aceia au fost mult diferiti de climatul normal al unei familii. Tatal plecat in URSS, mama determinata de lipsuri se recasatoreste, micutul Iliescu crescut de bunici, apoi de o mama adoptiva, \u201cIonel\u201d a fost obligat sa invete sa se faca placut chiar si atunci cand nu ar fi dorit, sa se adapteze, sa para altceva decat este, sa spuna altceva decat gandea. Trauma de personalitate s-a accentuat intrand in lupta politica a anilor 50, cand \u201cgandirea noua\u201d venea de la Moscova. Poate cineva va spune ca ma insel. Iar eu am sa-i spun ca poate avea dreptate. Dar am cateva nedumeriri. Si-a dat demisia d-l Iliescu din vre-o functie de partid inainte de 1965 ca gest de fronda fata de politica \u2018tatucului\u2019 impusa Romaniei? Nu. Dupa 1965 a urcat treapta cu trapta in ierarhia partidului. Dupa \u201989 a pozat in dizident. In ce a consat dizidenta? In functa de membru al Comitetului Politic Executiv, in functia de Secretar cu propaganda de la Timisoara, in functia de Prim Secretar de la Iasi? Hai sa fim seriosi! Si-a dat demisia vreodata din aceste functii? Nu.<\/h4>\r\n<h4 style=\"text-align: justify;\">d) Cineva comenta la unul din articole ca \u2018in 1989 Romania a ratat o sansa de normalitate\u2019 si inclin sa-i dau dreptate. Dar datorita trecutului sau d-l Iliescu nu a vrut sau nu a putut sa-i ofere tarii normalitatea mult meritata. Oscilatiile intre comunismul tip perestroikist si capitalismul nedefinit au dat castig capitalismului de gasca, imoral si ineficient. Regretabil, daca mai poate incapea acest termen, la cate nenorociri a fost supus acest popor, este ca, primul presedinte dupa 1989, s-a inconjurat de lichele \u2013 nu am sa dau nume pentru a nu omite pe cineva \u2013 si in loc sa aleaga o cale de mijloc, un sistem social de genul celui suedez asa cum initial a afirmat, a asistat la distrugerea economiei nationali de catre aventurierii politici. Personal nu cred ca ati fost \u201ccartita\u201d sovietica, d-le Iliescu, dar sunt sigur ca ati ratat ce-a mai mare ocazie pe care o poate avea un om, de a intra in istorie ca \u201cmantuitor de neam\u201d si nu ca un nou Basta asa cum spunea Stefan Andrei.&#8221;<\/h4>\r\n<h4 style=\"text-align: justify;\">Oricate carti ar scrie, oricate argumente ar cauta tov. Iliescu, un lucru este cert, Stefan Andrei are dreptate.<\/h4>\r\n<h4 style=\"text-align: justify;\"><em>de Florian Lupu<\/em><\/h4>\r\n<h4 style=\"text-align: center;\">&#8211; va urma &#8211;<\/h4>        <div class=\"booster-block booster-reactions-block\">\n            <div class=\"twp-reactions-icons\">\n                \n                <div class=\"twp-reacts-wrap\">\n                    <a react-data=\"be-react-1\" post-id=\"4204\" class=\"be-face-icons un-reacted\" href=\"javascript:void(0)\">\n                        <img decoding=\"async\" src=\"https:\/\/desteptati-va.ro\/wp-content\/plugins\/booster-extension\/\/assets\/icon\/happy.svg\" alt=\"Happy\">\n                    <\/a>\n                    <div class=\"twp-reaction-title\">\n                        Happy                    <\/div>\n                    <div class=\"twp-count-percent\">\n                                                    <span style=\"display: none;\" class=\"twp-react-count\">0<\/span>\n                        \n                                                <span class=\"twp-react-percent\"><span>0<\/span> %<\/span>\n                                            <\/div>\n                <\/div>\n\n                <div class=\"twp-reacts-wrap\">\n                    <a react-data=\"be-react-2\" post-id=\"4204\" class=\"be-face-icons un-reacted\" href=\"javascript:void(0)\">\n                        <img decoding=\"async\" src=\"https:\/\/desteptati-va.ro\/wp-content\/plugins\/booster-extension\/\/assets\/icon\/sad.svg\" alt=\"Sad\">\n                    <\/a>\n                    <div class=\"twp-reaction-title\">\n                        Sad                    <\/div>\n                    <div class=\"twp-count-percent\">\n                                                    <span style=\"display: none;\" class=\"twp-react-count\">0<\/span>\n                                                                        <span class=\"twp-react-percent\"><span>0<\/span> %<\/span>\n                                            <\/div>\n                <\/div>\n\n                <div class=\"twp-reacts-wrap\">\n                    <a react-data=\"be-react-3\" post-id=\"4204\" class=\"be-face-icons un-reacted\" href=\"javascript:void(0)\">\n                        <img decoding=\"async\" src=\"https:\/\/desteptati-va.ro\/wp-content\/plugins\/booster-extension\/\/assets\/icon\/excited.svg\" alt=\"Excited\">\n                    <\/a>\n                    <div class=\"twp-reaction-title\">\n                        Excited                    <\/div>\n                    <div class=\"twp-count-percent\">\n                                                    <span style=\"display: none;\" class=\"twp-react-count\">0<\/span>\n                                                                        <span class=\"twp-react-percent\"><span>0<\/span> %<\/span>\n                                            <\/div>\n                <\/div>\n\n                <div class=\"twp-reacts-wrap\">\n                    <a react-data=\"be-react-6\" post-id=\"4204\" class=\"be-face-icons un-reacted\" href=\"javascript:void(0)\">\n                        <img decoding=\"async\" src=\"https:\/\/desteptati-va.ro\/wp-content\/plugins\/booster-extension\/\/assets\/icon\/sleepy.svg\" alt=\"Sleepy\">\n                    <\/a>\n                    <div class=\"twp-reaction-title\">\n                        Sleepy                    <\/div>\n                    <div class=\"twp-count-percent\">\n                                                    <span style=\"display: none;\" class=\"twp-react-count\">0<\/span>\n                        \n                                                <span class=\"twp-react-percent\"><span>0<\/span> %<\/span>\n                                            <\/div>\n                <\/div>\n\n                <div class=\"twp-reacts-wrap\">\n                    <a react-data=\"be-react-4\" post-id=\"4204\" class=\"be-face-icons un-reacted\" href=\"javascript:void(0)\">\n                        <img decoding=\"async\" src=\"https:\/\/desteptati-va.ro\/wp-content\/plugins\/booster-extension\/\/assets\/icon\/angry.svg\" alt=\"Angry\">\n                    <\/a>\n                    <div class=\"twp-reaction-title\">Angry<\/div>\n                    <div class=\"twp-count-percent\">\n                                                    <span style=\"display: none;\" class=\"twp-react-count\">0<\/span>\n                                                                        <span class=\"twp-react-percent\"><span>0<\/span> %<\/span>\n                        \n                    <\/div>\n                <\/div>\n\n                <div class=\"twp-reacts-wrap\">\n                    <a react-data=\"be-react-5\" post-id=\"4204\" class=\"be-face-icons un-reacted\" href=\"javascript:void(0)\">\n                        <img decoding=\"async\" src=\"https:\/\/desteptati-va.ro\/wp-content\/plugins\/booster-extension\/\/assets\/icon\/surprise.svg\" alt=\"Surprise\">\n                    <\/a>\n                    <div class=\"twp-reaction-title\">Surprise<\/div>\n                    <div class=\"twp-count-percent\">\n                                                    <span style=\"display: none;\" class=\"twp-react-count\">0<\/span>\n                                                                        <span class=\"twp-react-percent\"><span>0<\/span> %<\/span>\n                                            <\/div>\n                <\/div>\n\n            <\/div>\n        <\/div>\n\n    <\/div>","protected":false},"excerpt":{"rendered":"<p>Moto: \u201cCe e via\u021ba noastr\u0103 \u00een sclavie oare? Noapte f\u0103r\u0103 stele, ziu\u0103 f\u0103r\u0103 soare. Cei ce rabd\u0103 jugul \u0219-a tr\u0103i<a href=\"https:\/\/desteptati-va.ro\/index.php\/2021\/04\/20\/revolutia-constiintelor-un-deziderat-i\/\">Read More<i class=\"fa fa-long-arrow-right\" aria-hidden=\"true\"><\/i><\/a><\/p>\n","protected":false},"author":1,"featured_media":2200,"comment_status":"open","ping_status":"open","sticky":false,"template":"","format":"standard","meta":{"_crdt_document":"","footnotes":""},"categories":[19],"tags":[221,883,156],"class_list":["post-4204","post","type-post","status-publish","format-standard","has-post-thumbnail","hentry","category-revolutia-constiintelor","tag-iliescu","tag-revolutia","tag-tradatori"],"rise-blocks_total_comments":11,"rise-blocks_categories":[{"term_id":19,"name":"Revolutia Constiintelor","slug":"revolutia-constiintelor","term_group":0,"term_taxonomy_id":19,"taxonomy":"category","description":"","parent":0,"count":11,"filter":"raw"}],"rise-blocks_excerpt":"Moto: \u201cCe e via\u021ba noastr\u0103 \u00een sclavie oare? Noapte f\u0103r\u0103 stele, ziu\u0103 f\u0103r\u0103 soare. Cei ce rabd\u0103 jugul \u0219-a tr\u0103i mai vor, Merit\u0103 s\u0103-l poarte spre ru\u0219inea lor! \u201d Cea din urm\u0103 noapte a lui Mihai cel Mare de Dimitrie Bolintineanu S-au adunat prea multe. Sunt lucruri care trebuiesc spuse, care trebuiesc stiute. Stiute de cati mai multi si poate..","yoast_head":"<!-- This site is optimized with the Yoast SEO plugin v26.9 - https:\/\/yoast.com\/product\/yoast-seo-wordpress\/ -->\r\n<title>Revolutia constiintelor, un deziderat. (I) -<\/title>\r\n<meta name=\"robots\" content=\"index, follow, max-snippet:-1, max-image-preview:large, max-video-preview:-1\" \/>\r\n<link rel=\"canonical\" href=\"https:\/\/desteptati-va.ro\/index.php\/2021\/04\/20\/revolutia-constiintelor-un-deziderat-i\/\" \/>\r\n<meta property=\"og:locale\" content=\"ro_RO\" \/>\r\n<meta property=\"og:type\" content=\"article\" \/>\r\n<meta property=\"og:title\" content=\"Revolutia constiintelor, un deziderat. (I) -\" \/>\r\n<meta property=\"og:description\" content=\"Moto: \u201cCe e via\u021ba noastr\u0103 \u00een sclavie oare? Noapte f\u0103r\u0103 stele, ziu\u0103 f\u0103r\u0103 soare. Cei ce rabd\u0103 jugul \u0219-a tr\u0103iRead More\" \/>\r\n<meta property=\"og:url\" content=\"https:\/\/desteptati-va.ro\/index.php\/2021\/04\/20\/revolutia-constiintelor-un-deziderat-i\/\" \/>\r\n<meta property=\"article:published_time\" content=\"2021-04-20T06:51:49+00:00\" \/>\r\n<meta property=\"article:modified_time\" content=\"2022-01-12T19:04:57+00:00\" \/>\r\n<meta property=\"og:image\" content=\"https:\/\/desteptati-va.ro\/wp-content\/uploads\/2021\/04\/06-Mihai-Viteazul-35mm-si-multe-tigari1.jpg\" \/>\r\n\t<meta property=\"og:image:width\" content=\"1024\" \/>\r\n\t<meta property=\"og:image:height\" content=\"686\" \/>\r\n\t<meta property=\"og:image:type\" content=\"image\/jpeg\" \/>\r\n<meta name=\"author\" content=\"wolfsoftcompany\" \/>\r\n<meta name=\"twitter:card\" content=\"summary_large_image\" \/>\r\n<meta name=\"twitter:label1\" content=\"Scris de\" \/>\n\t<meta name=\"twitter:data1\" content=\"wolfsoftcompany\" \/>\n\t<meta name=\"twitter:label2\" content=\"Timp estimat pentru citire\" \/>\n\t<meta name=\"twitter:data2\" content=\"11 minute\" \/>\r\n<script type=\"application\/ld+json\" class=\"yoast-schema-graph\">{\"@context\":\"https:\/\/schema.org\",\"@graph\":[{\"@type\":\"Article\",\"@id\":\"https:\/\/desteptati-va.ro\/index.php\/2021\/04\/20\/revolutia-constiintelor-un-deziderat-i\/#article\",\"isPartOf\":{\"@id\":\"https:\/\/desteptati-va.ro\/index.php\/2021\/04\/20\/revolutia-constiintelor-un-deziderat-i\/\"},\"author\":{\"name\":\"wolfsoftcompany\",\"@id\":\"https:\/\/desteptati-va.ro\/#\/schema\/person\/13182deeebd44920914899f7bb262d6b\"},\"headline\":\"Revolutia constiintelor, un deziderat. (I)\",\"datePublished\":\"2021-04-20T06:51:49+00:00\",\"dateModified\":\"2022-01-12T19:04:57+00:00\",\"mainEntityOfPage\":{\"@id\":\"https:\/\/desteptati-va.ro\/index.php\/2021\/04\/20\/revolutia-constiintelor-un-deziderat-i\/\"},\"wordCount\":2395,\"commentCount\":2,\"image\":{\"@id\":\"https:\/\/desteptati-va.ro\/index.php\/2021\/04\/20\/revolutia-constiintelor-un-deziderat-i\/#primaryimage\"},\"thumbnailUrl\":\"https:\/\/desteptati-va.ro\/wp-content\/uploads\/2021\/04\/06-Mihai-Viteazul-35mm-si-multe-tigari1.jpg\",\"keywords\":[\"Iliescu\",\"revolutia\",\"tradatori\"],\"articleSection\":[\"Revolutia Constiintelor\"],\"inLanguage\":\"ro-RO\",\"potentialAction\":[{\"@type\":\"CommentAction\",\"name\":\"Comment\",\"target\":[\"https:\/\/desteptati-va.ro\/index.php\/2021\/04\/20\/revolutia-constiintelor-un-deziderat-i\/#respond\"]}]},{\"@type\":\"WebPage\",\"@id\":\"https:\/\/desteptati-va.ro\/index.php\/2021\/04\/20\/revolutia-constiintelor-un-deziderat-i\/\",\"url\":\"https:\/\/desteptati-va.ro\/index.php\/2021\/04\/20\/revolutia-constiintelor-un-deziderat-i\/\",\"name\":\"Revolutia constiintelor, un deziderat. (I) -\",\"isPartOf\":{\"@id\":\"https:\/\/desteptati-va.ro\/#website\"},\"primaryImageOfPage\":{\"@id\":\"https:\/\/desteptati-va.ro\/index.php\/2021\/04\/20\/revolutia-constiintelor-un-deziderat-i\/#primaryimage\"},\"image\":{\"@id\":\"https:\/\/desteptati-va.ro\/index.php\/2021\/04\/20\/revolutia-constiintelor-un-deziderat-i\/#primaryimage\"},\"thumbnailUrl\":\"https:\/\/desteptati-va.ro\/wp-content\/uploads\/2021\/04\/06-Mihai-Viteazul-35mm-si-multe-tigari1.jpg\",\"datePublished\":\"2021-04-20T06:51:49+00:00\",\"dateModified\":\"2022-01-12T19:04:57+00:00\",\"author\":{\"@id\":\"https:\/\/desteptati-va.ro\/#\/schema\/person\/13182deeebd44920914899f7bb262d6b\"},\"breadcrumb\":{\"@id\":\"https:\/\/desteptati-va.ro\/index.php\/2021\/04\/20\/revolutia-constiintelor-un-deziderat-i\/#breadcrumb\"},\"inLanguage\":\"ro-RO\",\"potentialAction\":[{\"@type\":\"ReadAction\",\"target\":[\"https:\/\/desteptati-va.ro\/index.php\/2021\/04\/20\/revolutia-constiintelor-un-deziderat-i\/\"]}]},{\"@type\":\"ImageObject\",\"inLanguage\":\"ro-RO\",\"@id\":\"https:\/\/desteptati-va.ro\/index.php\/2021\/04\/20\/revolutia-constiintelor-un-deziderat-i\/#primaryimage\",\"url\":\"https:\/\/desteptati-va.ro\/wp-content\/uploads\/2021\/04\/06-Mihai-Viteazul-35mm-si-multe-tigari1.jpg\",\"contentUrl\":\"https:\/\/desteptati-va.ro\/wp-content\/uploads\/2021\/04\/06-Mihai-Viteazul-35mm-si-multe-tigari1.jpg\",\"width\":1024,\"height\":686},{\"@type\":\"BreadcrumbList\",\"@id\":\"https:\/\/desteptati-va.ro\/index.php\/2021\/04\/20\/revolutia-constiintelor-un-deziderat-i\/#breadcrumb\",\"itemListElement\":[{\"@type\":\"ListItem\",\"position\":1,\"name\":\"Prima pagin\u0103\",\"item\":\"https:\/\/desteptati-va.ro\/\"},{\"@type\":\"ListItem\",\"position\":2,\"name\":\"Revolutia constiintelor, un deziderat. (I)\"}]},{\"@type\":\"WebSite\",\"@id\":\"https:\/\/desteptati-va.ro\/#website\",\"url\":\"https:\/\/desteptati-va.ro\/\",\"name\":\"\",\"description\":\"\",\"potentialAction\":[{\"@type\":\"SearchAction\",\"target\":{\"@type\":\"EntryPoint\",\"urlTemplate\":\"https:\/\/desteptati-va.ro\/?s={search_term_string}\"},\"query-input\":{\"@type\":\"PropertyValueSpecification\",\"valueRequired\":true,\"valueName\":\"search_term_string\"}}],\"inLanguage\":\"ro-RO\"},{\"@type\":\"Person\",\"@id\":\"https:\/\/desteptati-va.ro\/#\/schema\/person\/13182deeebd44920914899f7bb262d6b\",\"name\":\"wolfsoftcompany\",\"image\":{\"@type\":\"ImageObject\",\"inLanguage\":\"ro-RO\",\"@id\":\"https:\/\/desteptati-va.ro\/#\/schema\/person\/image\/\",\"url\":\"https:\/\/secure.gravatar.com\/avatar\/a6cce9b6d101d27d91690e7073e300fed94c0899890bf998e082cb9d2c3d121e?s=96&d=mm&r=g\",\"contentUrl\":\"https:\/\/secure.gravatar.com\/avatar\/a6cce9b6d101d27d91690e7073e300fed94c0899890bf998e082cb9d2c3d121e?s=96&d=mm&r=g\",\"caption\":\"wolfsoftcompany\"},\"sameAs\":[\"http:\/\/desteptati-va.ro\"],\"url\":\"https:\/\/desteptati-va.ro\/index.php\/author\/wolfsoftcompany\/\"}]}<\/script>\r\n<!-- \/ Yoast SEO plugin. -->","yoast_head_json":{"title":"Revolutia constiintelor, un deziderat. (I) -","robots":{"index":"index","follow":"follow","max-snippet":"max-snippet:-1","max-image-preview":"max-image-preview:large","max-video-preview":"max-video-preview:-1"},"canonical":"https:\/\/desteptati-va.ro\/index.php\/2021\/04\/20\/revolutia-constiintelor-un-deziderat-i\/","og_locale":"ro_RO","og_type":"article","og_title":"Revolutia constiintelor, un deziderat. (I) -","og_description":"Moto: \u201cCe e via\u021ba noastr\u0103 \u00een sclavie oare? Noapte f\u0103r\u0103 stele, ziu\u0103 f\u0103r\u0103 soare. Cei ce rabd\u0103 jugul \u0219-a tr\u0103iRead More","og_url":"https:\/\/desteptati-va.ro\/index.php\/2021\/04\/20\/revolutia-constiintelor-un-deziderat-i\/","article_published_time":"2021-04-20T06:51:49+00:00","article_modified_time":"2022-01-12T19:04:57+00:00","og_image":[{"width":1024,"height":686,"url":"https:\/\/desteptati-va.ro\/wp-content\/uploads\/2021\/04\/06-Mihai-Viteazul-35mm-si-multe-tigari1.jpg","type":"image\/jpeg"}],"author":"wolfsoftcompany","twitter_card":"summary_large_image","twitter_misc":{"Scris de":"wolfsoftcompany","Timp estimat pentru citire":"11 minute"},"schema":{"@context":"https:\/\/schema.org","@graph":[{"@type":"Article","@id":"https:\/\/desteptati-va.ro\/index.php\/2021\/04\/20\/revolutia-constiintelor-un-deziderat-i\/#article","isPartOf":{"@id":"https:\/\/desteptati-va.ro\/index.php\/2021\/04\/20\/revolutia-constiintelor-un-deziderat-i\/"},"author":{"name":"wolfsoftcompany","@id":"https:\/\/desteptati-va.ro\/#\/schema\/person\/13182deeebd44920914899f7bb262d6b"},"headline":"Revolutia constiintelor, un deziderat. (I)","datePublished":"2021-04-20T06:51:49+00:00","dateModified":"2022-01-12T19:04:57+00:00","mainEntityOfPage":{"@id":"https:\/\/desteptati-va.ro\/index.php\/2021\/04\/20\/revolutia-constiintelor-un-deziderat-i\/"},"wordCount":2395,"commentCount":2,"image":{"@id":"https:\/\/desteptati-va.ro\/index.php\/2021\/04\/20\/revolutia-constiintelor-un-deziderat-i\/#primaryimage"},"thumbnailUrl":"https:\/\/desteptati-va.ro\/wp-content\/uploads\/2021\/04\/06-Mihai-Viteazul-35mm-si-multe-tigari1.jpg","keywords":["Iliescu","revolutia","tradatori"],"articleSection":["Revolutia Constiintelor"],"inLanguage":"ro-RO","potentialAction":[{"@type":"CommentAction","name":"Comment","target":["https:\/\/desteptati-va.ro\/index.php\/2021\/04\/20\/revolutia-constiintelor-un-deziderat-i\/#respond"]}]},{"@type":"WebPage","@id":"https:\/\/desteptati-va.ro\/index.php\/2021\/04\/20\/revolutia-constiintelor-un-deziderat-i\/","url":"https:\/\/desteptati-va.ro\/index.php\/2021\/04\/20\/revolutia-constiintelor-un-deziderat-i\/","name":"Revolutia constiintelor, un deziderat. (I) -","isPartOf":{"@id":"https:\/\/desteptati-va.ro\/#website"},"primaryImageOfPage":{"@id":"https:\/\/desteptati-va.ro\/index.php\/2021\/04\/20\/revolutia-constiintelor-un-deziderat-i\/#primaryimage"},"image":{"@id":"https:\/\/desteptati-va.ro\/index.php\/2021\/04\/20\/revolutia-constiintelor-un-deziderat-i\/#primaryimage"},"thumbnailUrl":"https:\/\/desteptati-va.ro\/wp-content\/uploads\/2021\/04\/06-Mihai-Viteazul-35mm-si-multe-tigari1.jpg","datePublished":"2021-04-20T06:51:49+00:00","dateModified":"2022-01-12T19:04:57+00:00","author":{"@id":"https:\/\/desteptati-va.ro\/#\/schema\/person\/13182deeebd44920914899f7bb262d6b"},"breadcrumb":{"@id":"https:\/\/desteptati-va.ro\/index.php\/2021\/04\/20\/revolutia-constiintelor-un-deziderat-i\/#breadcrumb"},"inLanguage":"ro-RO","potentialAction":[{"@type":"ReadAction","target":["https:\/\/desteptati-va.ro\/index.php\/2021\/04\/20\/revolutia-constiintelor-un-deziderat-i\/"]}]},{"@type":"ImageObject","inLanguage":"ro-RO","@id":"https:\/\/desteptati-va.ro\/index.php\/2021\/04\/20\/revolutia-constiintelor-un-deziderat-i\/#primaryimage","url":"https:\/\/desteptati-va.ro\/wp-content\/uploads\/2021\/04\/06-Mihai-Viteazul-35mm-si-multe-tigari1.jpg","contentUrl":"https:\/\/desteptati-va.ro\/wp-content\/uploads\/2021\/04\/06-Mihai-Viteazul-35mm-si-multe-tigari1.jpg","width":1024,"height":686},{"@type":"BreadcrumbList","@id":"https:\/\/desteptati-va.ro\/index.php\/2021\/04\/20\/revolutia-constiintelor-un-deziderat-i\/#breadcrumb","itemListElement":[{"@type":"ListItem","position":1,"name":"Prima pagin\u0103","item":"https:\/\/desteptati-va.ro\/"},{"@type":"ListItem","position":2,"name":"Revolutia constiintelor, un deziderat. (I)"}]},{"@type":"WebSite","@id":"https:\/\/desteptati-va.ro\/#website","url":"https:\/\/desteptati-va.ro\/","name":"","description":"","potentialAction":[{"@type":"SearchAction","target":{"@type":"EntryPoint","urlTemplate":"https:\/\/desteptati-va.ro\/?s={search_term_string}"},"query-input":{"@type":"PropertyValueSpecification","valueRequired":true,"valueName":"search_term_string"}}],"inLanguage":"ro-RO"},{"@type":"Person","@id":"https:\/\/desteptati-va.ro\/#\/schema\/person\/13182deeebd44920914899f7bb262d6b","name":"wolfsoftcompany","image":{"@type":"ImageObject","inLanguage":"ro-RO","@id":"https:\/\/desteptati-va.ro\/#\/schema\/person\/image\/","url":"https:\/\/secure.gravatar.com\/avatar\/a6cce9b6d101d27d91690e7073e300fed94c0899890bf998e082cb9d2c3d121e?s=96&d=mm&r=g","contentUrl":"https:\/\/secure.gravatar.com\/avatar\/a6cce9b6d101d27d91690e7073e300fed94c0899890bf998e082cb9d2c3d121e?s=96&d=mm&r=g","caption":"wolfsoftcompany"},"sameAs":["http:\/\/desteptati-va.ro"],"url":"https:\/\/desteptati-va.ro\/index.php\/author\/wolfsoftcompany\/"}]}},"_links":{"self":[{"href":"https:\/\/desteptati-va.ro\/index.php\/wp-json\/wp\/v2\/posts\/4204","targetHints":{"allow":["GET"]}}],"collection":[{"href":"https:\/\/desteptati-va.ro\/index.php\/wp-json\/wp\/v2\/posts"}],"about":[{"href":"https:\/\/desteptati-va.ro\/index.php\/wp-json\/wp\/v2\/types\/post"}],"author":[{"embeddable":true,"href":"https:\/\/desteptati-va.ro\/index.php\/wp-json\/wp\/v2\/users\/1"}],"replies":[{"embeddable":true,"href":"https:\/\/desteptati-va.ro\/index.php\/wp-json\/wp\/v2\/comments?post=4204"}],"version-history":[{"count":6,"href":"https:\/\/desteptati-va.ro\/index.php\/wp-json\/wp\/v2\/posts\/4204\/revisions"}],"predecessor-version":[{"id":4328,"href":"https:\/\/desteptati-va.ro\/index.php\/wp-json\/wp\/v2\/posts\/4204\/revisions\/4328"}],"wp:featuredmedia":[{"embeddable":true,"href":"https:\/\/desteptati-va.ro\/index.php\/wp-json\/wp\/v2\/media\/2200"}],"wp:attachment":[{"href":"https:\/\/desteptati-va.ro\/index.php\/wp-json\/wp\/v2\/media?parent=4204"}],"wp:term":[{"taxonomy":"category","embeddable":true,"href":"https:\/\/desteptati-va.ro\/index.php\/wp-json\/wp\/v2\/categories?post=4204"},{"taxonomy":"post_tag","embeddable":true,"href":"https:\/\/desteptati-va.ro\/index.php\/wp-json\/wp\/v2\/tags?post=4204"}],"curies":[{"name":"wp","href":"https:\/\/api.w.org\/{rel}","templated":true}]}}