{"id":4217,"date":"2021-04-20T07:07:04","date_gmt":"2021-04-20T07:07:04","guid":{"rendered":"http:\/\/desteptati.ro\/?p=4217"},"modified":"2021-04-20T07:07:04","modified_gmt":"2021-04-20T07:07:04","slug":"ilegalii-si-adevarurile-unei-tradari","status":"publish","type":"post","link":"https:\/\/desteptati-va.ro\/index.php\/2021\/04\/20\/ilegalii-si-adevarurile-unei-tradari\/","title":{"rendered":"\u201eIlegalii\u201d \u0219i adev\u0103rurile unei \u201etr\u0103d\u0103ri\u201d"},"content":{"rendered":"<div class=\"post-content\"><div class='booster-block booster-read-block'>\n                <div class=\"twp-read-time\">\n                \t<i class=\"booster-icon twp-clock\"><\/i> <span>Read Time:<\/span>30 Minute, 5 Second                <\/div>\n\n            <\/div>\r\n<h4 class=\"has-black-color has-text-color has-medium-font-size\"><strong>Dezv\u0103luirile celui care a coordonat \u00een Serviciul de Informa\u0163ii Externe (S.I.E.) a listei (tradare indubitabila) unui grup de oameni, ofi\u0163eri deplin conspira\u0163i \u015fi cunoscu\u0163i sub denumirea de \u201eFantome\/Ilegali\u201d (Brigada\u201eU\u201d), a readus \u00een discu\u0163ie importan\u0163a informa\u0163iei secrete, a celui care o ob\u0163ine \u00een folosul \u0163\u0103rii sale, precum \u015fi a modului \u00een care aceasta poate fundamenta orientarea strategic\u0103 a elitelor politice aflate la conducerea statului.<\/strong><\/h4>\r\n<h4>\r\n\r\n<\/h4>\r\n<h4 class=\"has-black-color has-text-color has-medium-font-size\">M\u0103rturisirile generaluluide brigad\u0103 (r) Cornel Biri\u015f din S.I.E. privind modul \u00een care Rom\u00e2nia a pierdut\/abandonat, dup\u0103 22 decembrie 1989, re\u0163eaua de informa\u0163ii format\u0103 din ofi\u0163eri deplin conspira\u0163i, afla\u0163i \u00een misiune \u015fi sub jur\u0103m\u00e2nt \u00een Occident, a relevat r\u0103spunderile \u015fi, totodat\u0103, modul \u00een care noi am r\u0103mas orbi \u00eentr-o lume aflat\u0103 \u00een profund\u0103 schimbare.<\/h4>\r\n<h4>\r\n\r\n<\/h4>\r\n<h4 class=\"has-black-color has-text-color has-medium-font-size\">Subiectul a mai fost abordat \u00een mass-media<strong>[1]<\/strong>\u00a0\u015fi \u00een cercurile celor interesa\u0163i de evolu\u0163iile post-decembriste ale intelligence-ului rom\u00e2nesc. \u00cen clipa \u00een care articolul generalului de brigad\u0103 (r) Cornel Biri\u015f vedea lumina tiparului, iar serialul din \u201e<em>Evenimentul Zilei<\/em>\u201d lua amploare prin dest\u0103inuiri, acuze \u015fi justific\u0103ri, terminam de citit o carte extrem de pre\u0163ioas\u0103. O carte dedicat\u0103 sacrificiului f\u0103cut de c\u0103tre ofi\u0163erii de informa\u0163ii din cadrul C.I.A. de-a ob\u0163ine informa\u0163ii sensibile din spa\u0163iul U.R.S.S., de-a recruta surse umane sovietice dispuse s\u0103 v\u00e2nd\u0103 secretele Uniunii Sovietice pentru a consolida, astfel, ap\u0103rarea\u00a0<em>Lumii Libere<\/em>\u00a0\u015fi securitatea na\u0163ional\u0103 a Statelor Unite.<\/h4>\r\n<h4>\r\n\r\n<\/h4>\r\n<h4 class=\"has-black-color has-text-color has-medium-font-size\">Volumul dedicat inginerului sovietic Adolf Tolkacev care a decis s\u0103 renun\u0163e la loialitatea lui fa\u0163\u0103 de Uniunea Sovietic\u0103, din motive obiective \u015fi subiective, precum \u015fi efortul f\u0103cut de c\u0103tre ofi\u0163erii sta\u0163iei C.I.A. din Moscova de-a identifica, recruta \u015fi proteja pe cei care luptau al\u0103turi de ei \u00eempotriva \u201eImperiului R\u0103ului\u201d, relev\u0103 importan\u0163a acestei informa\u0163ii secrete, indiferent de natura ei: politic\u0103, militar\u0103, economic\u0103, tehnico-\u015ftiin\u0163ific\u0103.Adolf Tolkacev a oferit C.I.A.-ului informa\u0163ii extraordinare, \u00een perioada 1977-1985, privind inten\u0163iile \u015fi capacit\u0103\u0163ile sovieticilor \u00een materie de radare, avioane de interceptare \u015fi de v\u00e2n\u0103toare, avionic\u0103 \u015fi sisteme de ghidare. Informa\u0163iile lui Adolf Tolkacev au fost extrem de pre\u0163ioase pentru pilo\u0163ii din For\u0163ele Aeriene \u015fi Navale ale S.U.A. \u00een procesul lor de instruire \u015fi perfec\u0163ionare a deprinderilor \u00een perspectiva confrunt\u0103rilor aeriene cu inamicul din Tratatul de la Var\u015fovia. Pentru urm\u0103toarele dou\u0103 decenii, Adolf Tolkacev a sprijinit crearea superiorit\u0103\u0163ii aeriene a Statelor Unite asupra Uniunii Sovietice \u015fi-a alia\u0163ilor s\u0103i, astfel \u00eenc\u00e2t dac\u0103 \u00een R\u0103zboiul din Coreea (1950-1953) americanii pierdeau un pilot la \u015fase inamici dobor\u00e2\u0163i iar \u00een Vietnam un avion la dou\u0103 avioane dobor\u00e2te, \u00een Irak \u015fi Balcani doborau 48 de avioane f\u0103r\u0103 s\u0103 piard\u0103 unul. Era una dintre contribu\u021biile lui Adolf Tolkacev \u0219i ale \u201eilegalilor\u201d C.I.A. din Moscova.<\/h4>\r\n<h4>\r\n\r\n<\/h4>\r\n<h4 class=\"has-black-color has-text-color has-medium-font-size\">Totodat\u0103, oficialii \u0219i \u201eilegalii\u201d sovietici din Statele Unite \u00eencercau s\u0103 ajung\u0103 la secretele comunit\u0103\u021bii de intelligence a Statelor Unite \u0219i, implicit, ale na\u021biunii americane. \u00cen cursul zilei de 21 februarie 1994 a venit cutremurul: exista o c\u00e2rti\u0163\u0103 K.G.B. infiltrat\u0103 \u00een C.I.A. Ofi\u0163erul C.I.A. Aldrich H. Ames trecuse la inamic pe 16 aprilie 1985 \u015fi predase rezidentului K.G.B. la Wasghinton, Stanislav A. Androsov, descrierile a doi sau trei cet\u0103\u0163eni sovietici care acceptaser\u0103 s\u0103 lucreze pentru C.I.A. la Moscova. Totul contra sumei de 50.000 de dolari. Pe 13 iunie 1985, Aldrich H. Ames a oferit K.G.B.-ului o cantitate enorm\u0103 de informa\u0163ii Top Secret ale C.I.A. contribuind, totodat\u0103, la confirmarea faptului c\u0103 Oleg Gordievski, rezidentul K.G.B. la Londra, era agent al Intelligence Service. \u201e<em>Am f\u0103cut ceva ce nici eu nu pot s\u0103-mi explic: f\u0103r\u0103 condi\u0163ii prealabile, f\u0103r\u0103 a cere ceva \u00een schimb, am oferit de bun\u0103 voie K.G.B.-ului informa\u0163ii privind practice identitatea tuturor agen\u0163ilor sovietici ai C.I.A. \u015fi ai altor servicii americane sau str\u0103ine care-mi erau cunoscu\u0163i. Spre uluirea mea, K.G.B. m-a informat c\u0103-mi rezervase dou\u0103 milioane de dolari drept recuno\u015ftin\u0163\u0103 pentru informa\u0163iile mele\u201d,<\/em>\u00a0m\u0103rturisea Aldrich H. Ames, pe 28 aprilie 1994, \u00een fa\u0163a Tribunalului Districtual al Statelor Unite din Alexandria (Virginia). \u00cen urm\u0103torii nou\u0103 ani, Aldrich H. Ames a continuat s\u0103 furnizeze informa\u0163ii importante K.G.B.-ului indiferent de posturile de\u0163inute \u00een reziden\u0163a C.I.A. de la Roma sau \u00een Sec\u0163ia U.R.S.S. a Grupului de Analiz\u0103 al Centrului pentru Contraspionaj al C.I.A. KGB-ul l-a considerat pe Aldrich H. Ames at\u00e2t de valoros, \u00eenc\u00e2t i-a pl\u0103tit 2,7 milioane de dolari \u015fi i-a promis \u00eenc\u0103 1,9 milioane de dolari.\u00a0<strong>A<\/strong>ldrich H. Ames a fost agentul cel mai bine pl\u0103tit din istoria lumii iar F.B.I.-ul i-a dat numele de cod \u201eNightmover\u201d.<\/h4>\r\n<h4>\r\n\r\n<\/h4>\r\n<figure class=\"aligncenter size-large is-resized\"><a href=\"http:\/\/www.desteptati-va.ro\/wp-content\/uploads\/2021\/01\/Aldrich_Ames.jpg\"><img loading=\"lazy\" decoding=\"async\" class=\"wp-image-5507\" src=\"http:\/\/www.desteptati-va.ro\/wp-content\/uploads\/2021\/01\/Aldrich_Ames.jpg\" alt=\"\" width=\"495\" height=\"631\" \/><\/a><\/figure>\r\n<h4>\r\n\r\n<\/h4>\r\n<h4 class=\"has-black-color has-text-color has-medium-font-size\">Cei 10 agen\u0163i sovietici care au lucrat pentru CIA \u015fi care au fost executa\u0163i, dup\u0103 ce Aldrich H. Ames le-a dezv\u0103luit identitatea, sunt: GTBEEP\u00a0 (nume de cod \u00een dosarele C.I.A.) &#8211; general G.R.U. Dmitri Federovici Poliakov (nume de cod \u00een dosarele F.B.I.-TOPHAT); GTGENTILE &#8211; locotenent-colonel K.G.B. Valeri F. Mart\u00eenov (PIMENTA\/FBI), deta\u015fat la Washington; GTGAUZE &#8211; maior K.G.B. Serghei M. Motorin (MEGAS\/FBI), deta\u015fat la Washington; GTJOGGER &#8211; locotenent-colonel K.G.B. Vladimir M. Piguzov, deta\u015fat \u00een Indonezia; GTACCORD &#8211; colonel GRU Vladimir Mihailovici Vasiliev, deta\u015fat la Budapesta; GTCOWL &#8211; Serghei Voron\u0163ov, ofi\u0163er K.G.B. de la Moscova, care a informat C.I.A. despre praful pentru spioni; GTMILLION &#8211; locotenent-colonel G.R.U. Ghennadi Smetanin, deta\u015fat la Lisabona; GTFITNESS &#8211; Ghennadi Grigorievici Varenik, ofi\u0163er K.G.B. deta\u015fat \u00een Germania; GTWEIGH &#8211; Leonid Poli\u015fuk, ofi\u0163er KGB deta\u015fat \u00een Africa; GTSPHERE &#8211; Adolf G. Tolkacev, cercet\u0103tor militar sovietic de la Moscova. \u00cen urma evenimentelor petrecute \u00een acel februarie 1994, David Wise, un reputat ziarist american \u015fi autor al unor c\u0103r\u0163i despre istoria \u015fi opera\u0163iunile secrete ale C.I.A., concluziona: \u201eCazul Aldrich Ames scoate \u00een eviden\u0163\u0103 faptul c\u0103 CIA, adesea \u00eenf\u0103\u0163i\u015fat\u0103 ca o organiza\u0163ie secret\u0103 care dirijeaz\u0103 abil din umbr\u0103 evenimentele globale, este de fapt o birocra\u0163ie obosit\u0103, care tr\u0103ie\u015fte \u00een trecut, poart\u0103 ochelari de cal \u015fi este m\u0103cinat\u0103 de caren\u0163e profunde\u201d.<\/h4>\r\n<h4>\r\n\r\n<\/h4>\r\n<h4 class=\"has-black-color has-text-color has-medium-font-size\">\u00cen\u0163eleg\u00e2nd lucrurile dintr-o astfel de perspectiv\u0103, a rolului \u015fi locului informa\u0163iei secrete \u00een actul de decizie privind politica intern\u0103 \u015fi extern\u0103, r\u0103m\u00e2ne de \u00een\u0163eles\/ne\u00een\u0163eles modul \u00een care au fost sacrifica\u0163i ofi\u0163erii deplin conspira\u0163i ai Brig\u0103zii \u201eU\u201d. Trebuie men\u0163ionat faptul c\u0103 Brigada \u201eU\u201d (Ilegali) a fost reorganizat\u0103, dup\u0103 23 iulie 1978, \u00een trei unit\u0103\u0163i speciale: 1) U.M. 0101 care avea sarcini de spionaj \u00een \u0163\u0103rile occidentale europene \u015fi Israel; 2) U.M. 0102 care era responsabil\u0103 cu spionajul \u00een SUA \u015fi America de Sud \u015fi 3) U.M. 0103 care se ocupa de emigra\u0163ia rom\u00e2n\u0103, de\u00a0<em>Radio Europa Liber\u0103<\/em>\u00a0\u015fi de combaterea iredentismului maghiar. Unit\u0103\u0163ile speciale au fost considerate ca fiind \u201eforma\u0163iuni independente\u201d \u00een cadrul unit\u0103\u0163ilor de linie, respectiv o linie special\u0103 de munc\u0103: U.M. 0101 \u00een U.M. 0199 (care\u00a0<em>asigura ob\u0163inerea de informa\u0163ii politice, economice, tehnico-\u015ftiin\u0163ifice \u015fi militare din principalele \u0163\u0103ri capitaliste europene<\/em>), U.M. 0102 \u00een U.M. 0201 (care\u00a0<em>asigura ob\u0163inerea de informa\u0163ii politice, economice, tehnico-\u015ftiin\u0163ifice \u015fi militare din principalele \u0163\u0103ri capitaliste, din America de Nord \u015fi America de Sud<\/em>) \u015fi U.M. 0103 \u00een U.M. 0225 (care se ocupa de\u00a0<em>emigra\u0163ie \u015fi contracararea activit\u0103\u0163ilor ostile ale acesteia<\/em>). Comunitatea de intelligence a Statelor Unite era \u00eendrept\u0103\u0163it\u0103 legal \u015fi moral s\u0103 fac\u0103 absolut orice pentru a-i \u00eempiedica pe \u201eilegalii\u201d oric\u0103rui serviciu de informa\u0163ii de-a intra \u00een posesia secretelor de stat ale na\u0163iunii americane. Din p\u0103cate, \u201eilegalii\u201d S.I.E. au fost sacrifica\u0163i deliberat dintr-o ra\u0163iune de stat care pare mai mult dec\u00e2t \u00eendoielnic\u0103 av\u00e2nd \u00een vedere evolu\u0163ia evenimentelor din anii \ua78c90.<\/h4>\r\n<h4>\r\n\r\n<\/h4>\r\n<h4 class=\"has-black-color has-text-color has-medium-font-size\">\u00cen conjunctura politico-diplomatic\u0103 \u015fi militar\u0103 a anilor 1990-1992 \u015fi \u00een condi\u0163iile \u00een care Rom\u00e2nia c\u0103uta s\u0103 ias\u0103 din izolarea politico-diplomatic\u0103 \u00een care se afla, directorul SIE, dr. Ioan Talpe\u015f, a decis, conform propriilor m\u0103rturisiri din\u00a0<em>Evenimentul Zilei<\/em>, s\u0103 fac\u0103 un gest aparte: s\u0103 lichideze capacit\u0103\u0163ile statului rom\u00e2n de-a ob\u0163ine informa\u0163ii sensibile, secrete, altele dec\u00e2t cele ob\u0163inute din surse deschise sau prin canalele diplomatice. Gestul este legat de faptul c\u0103 domnia sa a decis c\u0103 Rom\u00e2nia trebuie s\u0103 urmeze un drum al integr\u0103rii euroatlantice.\u00a0<em>\u201ePrin 1991, fiind \u00een pozi\u021bia de consilier preziden\u021bial pe probleme de siguran\u021b\u0103 na\u021bional\u0103 i-am prezentat domnului Ion Iliescu, pre\u0219edintele Rom\u00e2niei, cum vedeam eu posibilitatea ca s\u0103 ie\u0219im din blocajul general \u00een care nimeni nu discuta cu noi, nu aveam nicio perspectiv\u0103. Era evident c\u0103 eram \u00eentr-o situa\u021bie \u00een care eram pu\u0219i s\u0103 ne sufoc\u0103m \u00een propria condi\u021bie. Sub presiuni interne \u0219i externe. [\u2026] C\u0103 singura formul\u0103 prin care Rom\u00e2nia poate face ceva este ca \u021bara noastr\u0103 s\u0103 intre \u00een N.A.T.O. \u0219i Uniunea European\u0103\u201d<\/em>. (Dr. Ioan Talpe\u015f). Ciudat, nu!? S\u0103 fi devenit S.I.E. din acei ani motorul evolu\u0163iilor politico-diplomatice ale Rom\u00e2niei post-decembriste \u00een drumul spre un nou statut geopolitic!?<\/h4>\r\n<h4>\r\n\r\n<\/h4>\r\n<h4 class=\"has-black-color has-text-color has-medium-font-size\">\u015ei, totu\u015fi, Adrian N\u0103stase, fostul Ministru de Externe al Rom\u00e2niei din perioada 28 iunie 1990 &#8211; 19 noiembrie 1992, adnota \u00een ale sale \u00eensemn\u0103ri diplomatice: \u201e\u00cenc\u0103 din decembrie 1989 ne era clar c\u0103 dimensiunea european\u0103 a politicii externe rom\u00e2ne\u0219ti urma s\u0103 devin\u0103 prioritar\u0103. Exista un consens intern, at\u00e2t politic, c\u00e2t \u0219i la nivelul societ\u0103\u021bii, \u00een privin\u021ba nevoii de a ne desprinde din sfera de influen\u021b\u0103 a Uniunii Sovietice, prin ie\u0219irea din Tratatul de la Var\u0219ovia, \u0219i, \u00eentr-o form\u0103 sau alta, de a reveni la tradi\u021biile politicii externe rom\u00e2ne\u0219ti interbelice, care urm\u0103rea ancorarea Rom\u00e2niei la blocul european occidental\u201d<em>.\u00a0<\/em>\u00cen acele momente, pe scena rela\u021biilor interna\u021bionale se desf\u0103\u0219ura o competi\u021bie extrem de puternic\u0103 a \u021b\u0103rilor est-europene pentru atragerea simpatiei \u0219i ajutorului Comunit\u0103\u0163ii Economice Europene (C.E.E.) \u0219i a S.U.A. \u00cen condi\u021biile \u00een care influen\u021ba U.R.S.S. asupra fostelor state socialiste est-europene \u00eencepea s\u0103 se diminueze \u00een mod semnificativ, concomitent cu cre\u0219terea for\u021bei economice \u0219i a rolului C.E.E. \u00een noua arhitectur\u0103 a rela\u021biilor interna\u021bionale \u0219i de securitate europene, Lawrence Eagleburger, secretarul de stat adjunct al S.U.A., avea s\u0103 declare, pe 7 martie 1990, \u00een cadrul Comitetului pentru Afaceri Externe al Camerei Reprezentan\u021bilor:\u00a0<em>\u201eSper\u0103m c\u0103 \u021b\u0103rile est-europene vor forma grup\u0103ri regionale \u0219i vom avea nevoie de flexibilitatea necesar\u0103 pentru a r\u0103spunde \u0219i \u00eencuraja aceste evolu\u021bii. Credem c\u0103 asocierile voluntare constituie o cale natural\u0103 pentru edificarea de c\u0103tre \u021b\u0103rile democratice a unei societ\u0103\u021bi civile interna\u021bionale \u0219i pentru dep\u0103\u0219irea vechilor ne\u00een\u021belegeri \u0219i dorim s\u0103 avem capacitatea de a sprijin dezvoltarea unor astfel de asocieri\u201d.<\/em><\/h4>\r\n<h4>\r\n\r\n<\/h4>\r\n<h4 class=\"has-black-color has-text-color has-medium-font-size\">Dintr-o astfel de perspectiv\u0103 putem \u00een\u021belege faptul c\u0103 Ungaria \u0219i Cehoslovacia au fost co-autoarele unor ini\u021biative subregionale, au solicitat aderarea la structurile politice ale N.A.T.O (cazul Ungariei), au fost \u00een\u021belese \u0219i tolerate revendic\u0103rile teritoriale ale Budapestei \u00een ce prive\u0219te Transilvania, \u00eens\u0103 un\u00a0<em>\u201ebloc pro-american\u201d<\/em>\u00a0viabil \u00een Est nu se putea realiza f\u0103r\u0103 Rom\u00e2nia.\u00a0<em>\u201eDe aici \u0219i unele presiuni din S.U.A. asupra Rom\u00e2niei \u00een problema minorit\u0103\u021bilor. C\u00e2t prive\u0219te presiunile exercitate prin intermediul for\u021belor de \u00ab opozi\u021bie \u00bb din interiorul \u021b\u0103rii, acestea erau menite s\u0103 testeze gradul \u00ab desateliz\u0103rii \u00bb Rom\u00e2niei\u201d\u00a0<\/em>(Adrian N\u0103stase). Poate c\u0103 existen\u0163a unor informa\u0163ii, chiar \u015fi dintre cele ob\u0163inute de \u201eilegalii\u201d S.I.E. din Occident, ne-ar fi ajutat \u00een perceperea \u015fi \u00een\u0163elegerea pericolelor prezente \u015fi viitoare pentru Rom\u00e2nia.<\/h4>\r\n<h4>\r\n\r\n<\/h4>\r\n<h4 class=\"has-black-color has-text-color has-medium-font-size\">\u00cen prima parte a anului 1990, Rom\u00e2nia avea s\u0103 fie vizitat\u0103 de numeroase personalit\u0103\u021bi ale lumii politice occidentale: Laurent Fabius, pre\u0219edintele Adun\u0103rii Na\u021bionale a Republicii Franceze (2 ianuarie 1990); Roland Dumas, ministrul de Externe al Fran\u021bei (11 ianuarie 1990); Frans Andriessen, vicepre\u0219edintele C.E.E. (14 ianuarie 1990); Hans Dietrich-Genscher, ministrul de Externe al RFG (15-16 ianuarie 1990); William Waldegrave, secretar de stat \u00een Foreign Office-ul britanic \u0219i James Baker, secretarul de stat al S.U.A. (11 ianuarie 1990). Pe 30 ianuarie 1990, pre\u0219edintele Ion Iliescu semna decretul de numire a primului ambasador al Rom\u00e2niei pe l\u00e2ng\u0103 CEE, respectiv Constantin P\u00e2rvu\u021boiu, iar \u00een iunie \u00ee\u0219i va \u00eencepe activitatea Delega\u021bia Permanent\u0103 a CEE la Bucure\u0219ti. Prim-ministrul Petre Roman va pune \u00een discu\u021bie, pe 20 februarie 1990, la Paris, perspectiva unui acord de asociere a Rom\u00e2niei la C.E.E. \u0219i, totodat\u0103, se va declara de acord cu ideea unei confedera\u021bii europene, propus\u0103 de pre\u0219edintele Fran\u00e7ois Mitterrand. Rom\u00e2nia va depune cererea de admitere \u00een Consiliul Europei pe 29 ianuarie 1991.<\/h4>\r\n<h4>\r\n\r\n<\/h4>\r\n<h4 class=\"has-black-color has-text-color has-medium-font-size\">\u00cen iulie 1990, Petre Roman, prim-ministrul Rom\u00e2niei, \u00eel va invita pe Secretarul General al N.A.T.O., Manfred W\u00f6rner, \u00een Rom\u00e2nia \u0219i va cere agrementul pentru acreditarea unui ambasador rom\u00e2n la N.A.T.O. Ministrul de Externe al Rom\u00e2niei va men\u021biona \u00een fa\u021ba mass-mediei rom\u00e2ne\u015fti, pe 30 iulie 1990, c\u0103 liderii statului rom\u00e2n fac eforturi pentru a-l primi \u00een vizit\u0103, la Bucure\u0219ti, pe secretarul general al N.A.T.O. \u0219i de-a stabili contacte diplomatice cu N.A.T.O. \u00cen octombrie 1990, ambasadorul rom\u00e2n \u00een Belgia era autorizat s\u0103 ini\u021bieze leg\u0103turi formale cu N.A.T.O. Pe 23 octombrie 1990, Petre Roman va efectua o vizit\u0103 oficial\u0103 la Cartierul General al N.A.T.O. \u0218eful Marelui Stat-Major al Armatei Rom\u00e2ne, generalul-colonel Vasile Ionel, va efectua o vizit\u0103 la Cartierul General al N.A.T.O. pe 13 decembrie 1990.<\/h4>\r\n<h4>\r\n\r\n<\/h4>\r\n<h4 class=\"has-black-color has-text-color has-medium-font-size\">Preocup\u0103rile diploma\u021biei rom\u00e2ne\u0219ti \u00een ceea ce prive\u0219te viitorul Europei \u0219i perspectiva rela\u021biilor Rom\u00e2niei cu spa\u021biul CEE sunt relevate \u0219i de discu\u021biile desf\u0103\u0219urate, pe 13 august 1990, \u00eentr-un\u00a0<em>brainstorming<\/em>\u00a0organizat de c\u0103tre Adrian N\u0103stase la sediul MAE. Ambasadorul Constantin Ene a \u021binut s\u0103 atrag\u0103 aten\u021bia asupra faptului c\u0103, totu\u0219i, nu trebuie s\u0103 neglij\u0103m rela\u021bia cu U.R.S.S., precum \u0219i cu celelalte state foste socialiste. Aderarea la organiza\u021biile interna\u021bionale existente (Consiliul Europei, N.A.T.O. \u0219i CEE) \u0219i participarea la asocia\u021bii \u0219i grup\u0103ri subregionale reprezenta o alegere de evolu\u021bie a Rom\u00e2niei \u00een arena rela\u021biilor interna\u021bionale care merita s\u0103 fie luat\u0103 \u00een considerare.\u00a0<em>\u201eNu avem \u00eenc\u0103 o analiz\u0103 bun\u0103 referitoare la U.R.S.S. \u0219i la ceeace se \u00eent\u00e2mpl\u0103 acolo\u201d<\/em>(Adrian N\u0103stase). \u201eIlegalii\u201d SIE din spa\u0163iul sovietic erau dac\u0103 nu inexisten\u0163i, cel pu\u0163in ineficien\u0163i. Organigrama C.I.E. din decembrie 1989 nu relev\u0103 o astfel de organizare a muncii, \u00eens\u0103 legendele acoper\u0103 adev\u0103rul. Totodat\u0103, trebuie men\u0163ionat faptul c\u0103 \u00een eforturile de organizare\/reorganizare ale S.I.E. din anii \u201990, componenta informativ\u0103 r\u0103s\u0103ritean\u0103 nu a fost punctul nostru forte astfel \u00eenc\u00e2t numai a\u015fa putem \u00een\u0163elege erorile de \u00een\u0163elegere \u015fi interpretare a unei lumi aflat\u0103 \u00een profund\u0103 transformare.<\/h4>\r\n<h4>\r\n\r\n<\/h4>\r\n<h4 class=\"has-black-color has-text-color has-medium-font-size\">Toate aceste \u00eentreb\u0103ri \u0219i \u00eengrijor\u0103ri ale diploma\u021bilor rom\u00e2ni se petreceau \u00eentr-un context \u00een care pre\u0219edintele George W. Bush, dup\u0103 Summit-ul din Malta (2-3 decembrie 1989), hot\u0103r\u00e2se s\u0103 structureze politica extern\u0103 a Statelor Unite fa\u021b\u0103 de U.R.S.S., dup\u0103 cum consemneaz\u0103 Michael R. Beschloss \u0219i Strobe Talbott, pe patru principii:<\/h4>\r\n<h4>\r\n\r\n<\/h4>\r\n<h4 class=\"has-black-color has-text-color has-medium-font-size\">\u201e1) s\u0103-i ajute lui Gorbaciov\u00a0s\u0103 r\u0103m\u00e2n\u0103 la putere;<\/h4>\r\n<h4>\r\n\r\n<\/h4>\r\n<h4 class=\"has-black-color has-text-color has-medium-font-size\">2) s\u0103-l men\u021bin\u0103 pe f\u0103ga\u0219ul \u00abreformei\u00bb, indiferent c\u00e2t de vag ar fi fost definit\u0103 aceasta;<\/h4>\r\n<h4>\r\n\r\n<\/h4>\r\n<h4 class=\"has-black-color has-text-color has-medium-font-size\">3) s\u0103 realizeze \u00een\u021belegeri favorabile pentru Statele Unite, care ar fi mult mai greu de ob\u021binut cu un regim mai dur la Kremlin;<\/h4>\r\n<h4>\r\n\r\n<\/h4>\r\n<h4 class=\"has-black-color has-text-color has-medium-font-size\">4) s\u0103 nu fac\u0103 nicio con\u00adcesie care s\u0103 d\u0103uneze Statelor Unite, \u00een cazul \u00een care Gorbaciov\u00a0ar fi brusc r\u0103s\u00adturnat de la putere de tradi\u021bionali\u0219tii sovietici\u201d.<\/h4>\r\n<h4>\r\n\r\n<\/h4>\r\n<h4 class=\"has-black-color has-text-color has-medium-font-size\">\u0218i, totu\u0219i, abia pe 18 iulie 1990, secretarul de stat James Baker l-a informat pe ministrul de Externe sovietic, Eduard A. \u015eevardnadze, \u00een cadrul \u00eent\u00e2lnirii de la Paris, c\u0103 Statele Unite au decis s\u0103 intensifice contactele cu Boris N. El\u021b\u00een, precum \u0219i cu al\u021bi reprezentan\u021bi ai mi\u0219c\u0103rilor reformiste \u0219i de independen\u021b\u0103 din U.R.S.S.<\/h4>\r\n<h4>\r\n\r\n<\/h4>\r\n<figure class=\"aligncenter size-large is-resized\"><a href=\"http:\/\/www.desteptati-va.ro\/wp-content\/uploads\/2021\/01\/JamesBaker.jpeg\"><img loading=\"lazy\" decoding=\"async\" class=\"wp-image-5508\" src=\"http:\/\/www.desteptati-va.ro\/wp-content\/uploads\/2021\/01\/JamesBaker.jpeg\" alt=\"\" width=\"295\" height=\"387\" \/><\/a>\r\n<figcaption><strong>secretarul de stat James Baker<\/strong><\/figcaption>\r\n<\/figure>\r\n<h4>\r\n\r\n<\/h4>\r\n<h4 class=\"has-black-color has-text-color has-medium-font-size\">La Bucure\u0219ti, \u00een cursul dimine\u021bii de 13 august 1990, ministrul de Externe al Rom\u00e2niei, Adrian N\u0103stase, i-a primit \u00een audien\u021b\u0103 pe fostul ambasador al S.U.A. la Bucure\u0219ti, Roger Kirk, \u00eenso\u021bit de Alan Green Jr., ambasadorul \u00een func\u021bie al S.U.A. Ambasadorul Roger Kirk se afla \u00een Rom\u00e2nia deoarece dorea s\u0103 cunoasc\u0103 \u0219i s\u0103 \u00een\u021beleag\u0103 evolu\u021biile din Rom\u00e2nia, \u00een condi\u021biile \u00een care organiza un\u00a0<em>task force<\/em>\u00a0privind Rom\u00e2nia deoarece la Washington era confuzie \u00een ceea ce prive\u0219te Rom\u00e2nia. Ministrul Adrian N\u0103stase va men\u021biona foarte clar c\u0103 Rom\u00e2nia dore\u0219te \u201eun dialog deschis \u0219i sincer cu S.U.A.\u201d, iar \u00een ceea ce prive\u0219te Tratatul de la Var\u0219ovia\u00a0<strong>\u201e<\/strong>exist\u0103 o tendin\u021b\u0103 de a-l duce de la planul militar la cel politic\u201d<strong><em>.<\/em><\/strong>\u00a0\u00cen interviul acordat \u00een aceea\u0219i zi lui Marylin Greene de la \u201e<em>U.S.A. Today<\/em>\u201d, ministrul de Externe al Rom\u00e2niei va reitera, din nou, c\u0103 lipse\u0219te un dialog politic la nivel mai ridicat cu Administra\u021bia de la Washington.<\/h4>\r\n<h4>\r\n\r\n<\/h4>\r\n<h4 class=\"has-black-color has-text-color has-medium-font-size\">\u00cen conferin\u021ba de pres\u0103 comun\u0103 a mini\u0219trilor de Externe ai statelor membre ale Tratatului de la Var\u0219ovia, din 3 noiembrie 1990, desf\u0103\u0219urat\u0103 la Budapesta, Adrian N\u0103stase va men\u021biona foarte clar pozi\u021bia \u0219i convingerea Rom\u00e2niei fa\u021b\u0103 de viitorul Tratatului de la Var\u0219ovia. \u201eTratatul de la Var\u0219ovia \u0219i-a pierdut baza, care era ideologic\u0103. (\u2026) \u00cen aceste condi\u021bii, Tratatul de la Var\u0219ovia nu are viitor. \u00cent\u00e2i dispare aspectul militar \u0219i apoi celelalte aspecte, trebuie s\u0103 \u00eencepem s\u0103 ne g\u00e2ndim la impactul schimb\u0103rilor din zon\u0103 \u0219i din U.R.S.S. asupra structurilor de securitate \u00een Europa\u201d (Adrian N\u0103stase). Totodat\u0103, ministrul de Externe al Rom\u00e2niei avertiza asupra faptului c\u0103\u00a0 Trebuie men\u021bionat c\u0103 pe 6 octombrie 1990, mare\u0219alul Serghei F. Ahromeev, consilierul militar al lui Mihail S. Gorbaciov, men\u021biona foarte clar c\u0103 Tratatul de la Var\u0219ovia \u201eca organiza\u021bie militar\u0103, \u00ee\u0219i va \u00eenceta activitatea foarte cur\u00e2nd, probabil la \u00eenceputul anului 1991\u201d<em>.<\/em><\/h4>\r\n<h4>\r\n\r\n<\/h4>\r\n<h4 class=\"has-black-color has-text-color has-medium-font-size\">Dialogul dintre secretarul de stat al S.U.A., James Baker, \u0219i ministrul de Externe al Rom\u00e2niei, Adrian N\u0103stase, desf\u0103\u0219urat la Paris, pe 18 noiembrie 1990, relev\u0103 faptul c\u0103 Statele Unite erau dispuse s\u0103 sprijine viitorul curs al democra\u021biei din Rom\u00e2nia. \u00cen opinia p\u0103r\u021bii americane, vizita lui James Baker \u00een Rom\u00e2nia, la \u00eenceputul anului 1990, precum \u0219i ajutorul de 80 milioane dolari, reprezint\u0103 dovezi ale sprijinului Administra\u021biei de la Casa Alb\u0103 fa\u021b\u0103 de regimul politic de la Bucure\u0219ti, \u00een pofida opozi\u021biei din S.U.A. Referindu-se la acest moment de confuzie din percep\u021biile privind sistemul de rela\u021bii interna\u021bionale, fostul ministru de Externe al Rom\u00e2niei, Adrian N\u0103stase, consemna: \u201eNu spun o noutate c\u00e2nd afirm c\u0103 \u0219i noi am fost deruta\u021bi, \u00een acele luni care au urmat investirii guvernului Roman, de faptul c\u0103 nu ne era clar ce se a\u0219tepta de la noi \u0219i mai ales care era natura nemul\u021bumirilor unora dintre noii no\u0219tri parteneri, mai ales a celor americani\u201d<em>.<\/em><\/h4>\r\n<h4>\r\n\r\n<\/h4>\r\n<h4 class=\"has-black-color has-text-color has-medium-font-size\">\u00cen perioada 13-15 februarie 1991, ministrul de Externe al Rom\u00e2niei, Adrian N\u0103stase, va efectua o vizit\u0103 oficial\u0103 \u00een Belgia \u0219i Luxemburg, precum \u0219i la Cartierul General al N.A.T.O. \u00cen dialogul avut cu Frans Andriessen, vicepre\u0219edinte \u0219i comisar pentru rela\u021bii externe al CEE, \u00een seara zilei de 13 februarie 1991, ministrul de Externe al Rom\u00e2niei va men\u021biona foarte clar c\u0103 \u201e\u00een aceast\u0103 perioad\u0103 tulbure din U.R.S.S., este foarte important s\u0103 se transmit\u0103 semnalul pentru U.R.S.S. c\u0103 Rom\u00e2nia apar\u021bine familiei europene altfel, se d\u0103 U.R.S.S. sentimentul c\u0103 Rom\u00e2nia este l\u0103sat\u0103 \u00een zona ei de influen\u021b\u0103\u201d. O astfel de percep\u021bie va genera o imens\u0103 nemul\u021bumire \u0219i frustrare \u00een r\u00e2ndul societ\u0103\u021bii rom\u00e2ne\u0219ti avea s\u0103 concluzioneze Adrian N\u0103stase.<\/h4>\r\n<h4>\r\n\r\n<\/h4>\r\n<h4 class=\"has-black-color has-text-color has-medium-font-size\">Dialogul cu Secretarul General al N.A.T.O., Manfred W\u00f6rner, din ziua de 14 februarie 1991, s-a dovedit extrem de interesant \u0219i util \u00een perspectiva viitorului curs al politicii externe rom\u00e2ne\u0219ti. Chestionat de c\u0103tre Adrian N\u0103stase \u00een leg\u0103tur\u0103 cu posibilit\u0103\u021bile de-a structura rela\u021biile Rom\u00e2niei cu N.A.T.O. \u00een domeniul militar, Manfred W\u00f6rner va declara: \u201eDac\u0103 vom ac\u021biona pentru a primi ca membri asocia\u021bi fostele \u021b\u0103ri membre ale Tratatului de la Var\u0219ovia \u0219i vom exclude U.R.S.S., se vacrea o situa\u021bie foarte periculoas\u0103. U.R.S.S va fi constr\u00e2ns\u0103 de noua situa\u021bie strategic\u0103 s\u0103 reac\u021bioneze. Adopt\u00e2nd aceast\u0103 linie de conduit\u0103 fa\u021b\u0103 de \u021b\u0103rile din Est, N.A.T.O. va da argumente adep\u021bilor liniei dure din U.R.S.S., care vor confruntare, nu cooperare cu ei.\u00a0<em>N.A.T.O.<\/em>\u00a0va crea impresia c\u0103 vrea s\u0103 \u00eencline balan\u021ba \u00een favoarea sa. Pentru viitorul apropiat trebuie s\u0103 fim aten\u021bi la aceste aspecte, c\u00e2nd propunem modele de cooperare. S\u0103 folosim cadrul C.S.C.E. pentru a face ceva practic pentru securitatea \u021b\u0103rii dumneavoastr\u0103\u201d<em>.<\/em>\u00a0Referindu-se la viitorul Tratatului de la Var\u0219ovia, ministrul de Externe al Rom\u00e2niei va declara: \u201eTratatul de la Var\u0219ovia nu are viitor. Noi organiz\u0103m practic funeraliile Tratatului de la Var\u0219ovia\u201d<em>.<\/em><\/h4>\r\n<h4>\r\n\r\n<\/h4>\r\n<h4 class=\"has-black-color has-text-color has-medium-font-size\">\u00cen fa\u021ba ambasadorilor acredita\u021bi la N.A.T.O., Adrian N\u0103stase, va reitera faptul c\u0103 Tratatul de la Var\u0219ovia nu are viitor, \u00eens\u0103 problema securit\u0103\u021bii fostelor state membre prin cooperarea cu N.A.T.O. este extrem de important\u0103 \u00een perspectiva extinderii sau nu a N.A.T.O. spre R\u0103s\u0103rit. \u201eExist\u0103 totu\u0219i pericolul ca unele \u021b\u0103ri s\u0103 lase Rom\u00e2nia ca pe un<em>no man\u2019s land<\/em>\u00a0la grani\u021ba fostului imperiu. S-a creat deja impresia c\u0103 Rom\u00e2nia este \u00abalocat\u0103\u00bb zonei de influen\u021b\u0103 a U.R.S.S.\u201d, va declara Adrian N\u0103stase \u00een fa\u021ba corpului diplomatic acreditat la N.A.T.O. La finalul vizitei la N.A.T.O., ministrul de Externe al Rom\u00e2niei avea s\u0103 men\u021bioneze c\u0103 Rom\u00e2nia este deschis\u0103 la orice formul\u0103 de colaborare cu N.A.T.O. pe care Alian\u021ba Nord-Atlantic\u0103 le poate accepta, din punct de vedere al procedurilor. Secretarul General al N.A.T.O., Manfred W\u00f6rner, va vizita Rom\u00e2nia \u00een perioada 3 \u2013 5 iulie 1991.<\/h4>\r\n<h4>\r\n\r\n<\/h4>\r\n<h4 class=\"has-black-color has-text-color has-medium-font-size\">\u00cen dialogul avut cu Jacques Poos, ministrul de Externe al Marelui Ducat de Luxemburg, \u00een seara zilei de 14 februarie 1991, Adrian N\u0103stase va fi informat c\u0103 \u00een cadrul CEE exist\u0103 o distinc\u021bie clar\u0103 \u00eentre \u021a\u0103rile Baltice \u0219i toate celelalte republici unionale din URSS ceea ce implica un anumit mod de-a \u00een\u021belege \u0219i trata evolu\u021biile politice interne \u0219i externe din spa\u021biul sovietic. \u201eSuntem obliga\u021bi s\u0103 tragem concluzia c\u0103 trebuie s\u0103 nu cream probleme suplimentare lui Gorbaciov. Nu avem alternative. Orice ar veni, ar fi mai r\u0103u. E nevoie de modera\u021bie. [\u2026] \u021a\u0103rile Baltice au fost \u021b\u0103ri independente, \u00eenglobate cu for\u021ba \u00een imperiul sovietic, act nerecunoscut de \u021b\u0103rile C.E.E.\u201d, m\u0103rturisea Jacques Poos, vicepremier \u0219i ministru de Externe al Marelui Ducat de Luxemburg \u0219i, totodat\u0103, pre\u0219edintele \u00een exerci\u021biu al Consiliului de Mini\u0219tri al C.E.E.<\/h4>\r\n<h4>\r\n\r\n<\/h4>\r\n<h4 class=\"has-black-color has-text-color has-medium-font-size\">\u00cen dest\u0103inuirile fostului director al S.I.E, dr. Ioan Talpe\u0219, ca reac\u021bie la m\u0103rturisirile generalului de brigad\u0103 (r) Cornel Biri\u0219, este atins \u0219i unul din subiectele cele mai delicate din agenda public\u0103 \u0219i extern\u0103 a Rom\u00e2niei: Republica Moldova. Reporterul<em>Evenimentului Zilei\u00a0<\/em>solicit\u0103 r\u0103spunsuri referitoare \u0219i la o opera\u021biune din spa\u021biul Republicii Moldova care \u00een \u201efolclorul\u201d serviciilor de informa\u021bii autohtone\u00a0<em>\u201e<\/em>este considerat\u0103 una din manevrele clasice de deturnare a fondurilor operative<em>\u201d<\/em>. Fostul director al S.I.E. confirm\u0103:\u00a0<em>\u201eEra \u0219i aia, numai c\u0103 se \u0219tie exact ce am f\u0103cut eu \u00een Moldova. \u0218i vreau s\u0103 v\u0103 mai spun c\u0103 n-am f\u0103cut-o pe banii S.I.E. Mai mult, p\u00e2n\u0103 \u0219i Vladimir Putin auzise de opera\u021biunea din Moldova, mi-a spus \u00eentr-o discu\u021bie\u201d.<\/em><\/h4>\r\n<h4>\r\n\r\n<\/h4>\r\n<h4 class=\"has-black-color has-text-color has-medium-font-size\">Nu \u0219tim la care opera\u021biune din Republica Moldova a S.I.E. face referire domnul dr. Ioan Talpe\u0219, \u00eens\u0103 \u0219tim cu precizie c\u0103 Rom\u00e2nia s-a confruntat \u0219i se confrunt\u0103 cu destul de mult\u0103 ostilitate la nivelul unor actori politici \u0219i factori de decizie guvernamental\u0103 de la Chi\u015fin\u0103u. Toate acestea ne fac s\u0103 consider\u0103m c\u0103 nu am reu\u0219it s\u0103 armoniz\u0103m interesele strategice ale Republicii Moldova cu cele ale Rom\u00e2niei, f\u0103r\u0103 a mai vorbi despre \u00eemplinirea idealului re\u00eentregirii. Ne-au lipsit abilit\u0103\u021bile sau informa\u021biile?! Totu\u0219i, existen\u021ba unor \u201eilegali\u201d SIE reorienta\u021bi spre Est sau forma\u021bi \u00een aceast\u0103 direc\u021bie strategic\u0103 ne-ar fi ajutat, dup\u0103 1991 sau chiar \u0219i \u00een anii 2000, s\u0103 afl\u0103m \u0219i s\u0103 \u00een\u021belegem trecutul, prezentul \u0219i, posibil, viitorul unor lideri politici din Republica Moldova (ex. Iurie Ro\u0219ca, Mihai Ghimpu, Vasile N\u0103stase).<\/h4>\r\n<h4>\r\n\r\n<\/h4>\r\n<h4 class=\"has-black-color has-text-color has-medium-font-size\">\u00cen ceea ce prive\u0219te amestecul Serviciului de Informa\u021bii Externe al Federa\u021biei Ruse (S.V.R.) \u00een evolu\u021biile politice interne \u0219i externe ale Rom\u00e2niei, prin intermediul \u0219efului sta\u021biei C.I.A.la Bucure\u0219ti din perioada 1990-1992, Harold James Nicholson, trebuie men\u021bionat, totu\u0219i, faptul c\u0103 documentele oficiale ale C.I.A. \u0219i F.B.I. relev\u0103 faptul c\u0103 ofi\u021berul de informa\u021bii american a fost recrutat \u00een 1994 la Kuala Lumpur. Pe 30 iunie 1994, contul bancar al lui Harol J. Nicholson s-a \u00eembog\u0103\u021bit cu 12.000 de dolari dup\u0103 o \u00eent\u00e2lnire neautorizat\u0103 cu ofi\u021beri ai S.V.R. Nu prea se \u00een\u021belege din interviul cu fostul director al S.I.E., c\u00e2nd \u0219i cum s-a \u00eent\u00e2lnit directorul S.I.E. cu \u0219eful sta\u021biei C.I.A. la Bucure\u0219ti, iar pe de alt\u0103 parte este greu de crezut c\u0103 Harol J. Nicholson f\u0103cea jocurile Kremlinului \u00eenainte de recrutarea sa de c\u0103tre S.V.R.<\/h4>\r\n<h4>\r\n\r\n<\/h4>\r\n<h4 class=\"has-black-color has-text-color has-medium-font-size\">Referitor la anumite afirma\u021bii\u00a0<em>(\u201eDac\u0103 cineva vrea s\u0103 afle care este natura real\u0103 a rela\u021biilor speciale \u00eentre Washington \u0219i Moscova, ar trebui s\u0103 afle con\u021binutul \u00een\u021belegerii secrete dintre cele dou\u0103 mari puteri. [\u2026] Chiar atunci. Dar finalizat\u0103 complet \u00een 1990, atunci c\u00e2nd s-au f\u0103cut transferuri de personaje care s\u0103 observe dac\u0103 se \u00eencalc\u0103 \u00een\u021belegerile\u201d<\/em>) cu referire la \u00een\u021belegeri secrete\/discrete sovieto-americane \u00een 1989, reiterez faptul c\u0103 \u00eent\u00e2lnirea de la Malta (2-4 decembrie 1989) s-a desf\u0103\u0219urat \u00een condi\u021biile unui amplu efort de reconstruc\u021bie a sistemului de rela\u021bii interna\u021bionale ca efect al politicii de \u201e<em>perestroika<\/em>\u201d \u0219i \u201e<em>glasnosti<\/em>\u201d a lui Mihail S. Gorbaciov, iar o radiografie a stenogramelor de la Summit-urile Marilor Puteri, a memoriilor par\u00adti\u00adci\u00adpan\u021bilor la acele evenimente, devenite de acum istorie, precum \u0219i alte numeroase iz\u00advoare documentare, relev\u0103 faptul c\u0103 Rom\u00e2nia socialist\u0103 nu a existat ca subiect \u00een sine pe agenda diplomatic\u0103 a Marilor Puteri \u00een acel sf\u00e2r\u0219it de an 1989. Malta a fost locul \u00een care numele Rom\u00e2niei nu s-a rostit deloc, cu at\u00e2t mai pu\u021bin nu s-a discutat o solu\u021bie politico-militar\u0103 sau economic\u0103 privind pre\u00adzentul \u0219i viitorul ei.<\/h4>\r\n<h4>\r\n\r\n<\/h4>\r\n<figure class=\"aligncenter size-large is-resized\"><a href=\"http:\/\/www.desteptati-va.ro\/wp-content\/uploads\/2011\/01\/gorbaciov_bush-e1609325670143.png\"><img loading=\"lazy\" decoding=\"async\" class=\"wp-image-189\" src=\"http:\/\/www.desteptati-va.ro\/wp-content\/uploads\/2011\/01\/gorbaciov_bush-e1609325670143.png\" alt=\"\" width=\"498\" height=\"372\" \/><\/a><\/figure>\r\n<h4>\r\n\r\n<\/h4>\r\n<h4 class=\"has-black-color has-text-color has-medium-font-size\">\u00cen diminea\u021ba de 2 decembrie 1989, ora 10.00, delega\u021bia american\u0103 a urcat la bordul cruci\u0219\u0103torului sovietic \u201e<em>Maxim Gorki<\/em>\u201d unde Mihail S. Gorbaciov\u00a0\u0219i anturajul lui se preg\u0103teau pentru a puncta decisiv \u00een complicatul joc al rivalit\u0103\u021bilor dintre superputeri. Memorialistica referitoare la acest summit, precum \u0219i stenogramele discu\u021biilor dintre cei doi lideri, relev\u0103 faptul c\u0103 discu\u021biile s-au axat pe problematica generat\u0103 de \u00een\u00adcheierea tratatelor START \u0219i a celui asupra for\u021belor conven\u021bionale din Europa \u00een 1990, asupra situa\u021biei Americii Centrale,\u00a0a reunific\u0103rii germane, a controlului armamentelor &#8211; cu prec\u0103dere cel naval. \u00cen cadrul \u00eentrevederii dintre cei doi lideri, \u00een particular, aveau s\u0103 discute situa\u021bia Statelor Baltice (Letonia, Estonia \u0219i Lituania). Secretarul general al C.C. al P.C.U.S. a comunicat c\u0103 sovieticii vor lua \u00een calcul orice solu\u021bie politic\u0103 care vine \u00een \u00eent\u00e2m\u00adpi\u00adnarea intereselor reciproce, \u00eens\u0103 nu va tolera secesiunea \u00een spa\u021biul U.R.S.S. Pre\u0219e\u00addin\u00adtele S.U.A. a declarat c\u0103 americanii nu se vor implica \u00een comentarii \u00een leg\u0103tur\u0103 cu acest subiect, deoarece nu dorea s\u0103 creeze\u00a0<em>\u201eprobleme mari\u201d<\/em>\u00a0Uniunii Sovietice, \u00eens\u0103 numai \u00een cazul \u00een care promisiunea repetat\u0103 a lui Mihail S. Gorbaciov\u00a0c\u0103 nu se va face uz de for\u021b\u0103 r\u0103m\u00e2ne valabil\u0103.\u00a0<em>\u201e<\/em>Gorbaciov\u00a0a \u00een\u021beles din aceasta c\u0103 Bush\u00a0nu va face presiuni deosebite \u00een direc\u021bia ob\u021binerii independen\u021bei pentru Republicile Baltice \u0219i c\u0103, at\u00e2ta timp c\u00e2t tancurile sovietice nu se vor pune \u00een mi\u0219care, pre\u0219edintele SUA nu se va angaja \u00een niciun fel de demersuri demagogice pe aceast\u0103 tem\u0103 \u0219i nici nu va \u00eencerca s\u0103-\u0219i pun\u0103 omologul \u00eentr-o situa\u021bie st\u00e2njenitoare\u201d (Michael R. Beschloss \u0219i Strobe Talbott). Discu\u021biile de la Summit-ul sovieto-american din Malta l-au convins pe Mihail S. Gorbaciov\u00a0de faptul c\u0103\u00a0<em>\u201ePolitica lui de sl\u0103bire a str\u00e2nsorii \u00eempotriva Europei R\u0103s\u0103ritene va elibera for\u021be contrare, eventual distrug\u0103\u00adtoare din aceast\u0103 zon\u0103 [\u2026] vest-europenii nu vor fi \u00een stare s\u0103 \u00eenfr\u00e2ng\u0103 \u0219i s\u0103 con\u00adtroleze singuri aceste for\u021be\u201d<\/em>\u00a0(Michael R. Beschloss \u0219i Strobe Talbott).<\/h4>\r\n<h4>\r\n\r\n<\/h4>\r\n<h4 class=\"has-black-color has-text-color has-medium-font-size\">Pe 4 decembrie 1989, la Bruxelles, pre\u0219edintele George H. W. Bush\u00a0a \u021binut un mo\u00adno\u00adlog despre rezultatele summit-ului de la Malta, al\u0103turi de alte monologuri ale alia\u021bilor europeni din N.A.T.O., p\u00e2n\u0103 c\u00e2nd a r\u0103bufnit adev\u0103rata problem\u0103 care preocupa cancelariile diplomatice europene: reunificarea german\u0103 \u0219i viitorul noului stat reunificat. \u201eCe e de f\u0103cut cu Germania de Est? Unde vor fi frontierele Germaniei? Germania reunificat\u0103 va mai r\u0103m\u00e2ne \u00een\u00a0<em>N.A.T.O.<\/em>?\u201d, a \u00eentrebat Fran\u00e7ois Mitterrand. R\u0103spunsul a fost dezam\u0103\u00adgitor \u0219i \u00eengrijor\u0103tor \u00een acela\u0219i timp. \u201eNu pot vorbi dec\u00e2t \u00een numele R.F.G. Germa\u00adnia reu\u00adni\u00adficat\u0103 va trebui s\u0103 decid\u0103 pentru ea \u00eens\u0103\u0219i\u201d (Helmut Kohl). Pe 6 decembrie 1989, la Kiev, Mihail S. Gorbaciov\u00a0a precizat, referitor la reuni\u00adfi\u00adca\u00adrea ger\u00adman\u0103, dup\u0103 discu\u021biile cu Fran\u00e7ois Mitterrand, c\u0103 Germania \u201etrebuie s\u0103 se re\u00aduni\u00adfice, dar \u00een cadrul unei Europe mari\u201d, iar pe 31 decembrie 1989 a propus crearea unei Con\u00adfe\u00addera\u021bii europene care s\u0103 cuprind\u0103 \u0219i URSS. Pre\u0219edintele Fran\u021bei era angrenat \u00eentr-un complicat joc politico-diplomatic a c\u0103rui miz\u0103 era unitatea european\u0103 \u00een care cancelarul Helmut Kohl\u00a0trebuia s\u0103-i cedeze lui Fran\u00e7ois Mitterrand. Lansarea negocierilor privind crearea Uniunii Europene, recunoa\u0219terea frontierelor cu Polonia \u0219i confirmarea denucleariz\u0103rii Germaniei reprezentau cele trei condi\u021bii necesare f\u0103r\u0103 de care Fran\u00e7ois Mitterrand\u00a0nu dorea s\u0103 discute cu Mihail S. Gorbaciov\u00a0despre \u201ereunificarea german\u0103\u201d.<\/h4>\r\n<h4>\r\n\r\n<\/h4>\r\n<h4 class=\"has-black-color has-text-color has-medium-font-size\">Referindu-se la eforturile comunit\u0103\u021bii de intelligence a Statelor Unite de-a \u00een\u021belege \u0219i prevedea evolu\u021biile din spa\u021biul Uniunii Sovietice \u0219i al C.E.E., amiralul William James Crowe Jr., pre\u015fedintele Comitetului \u00centrunit al \u0218efilor de State-Majore (1985-1989), declara:\u00a0<em>\u201eVorbeau despre Uniunea Sovietic\u0103 ca \u015fi cum nu ar fi citit niciodat\u0103 ziarele, cu at\u00e2t mai pu\u0163in rapoartele serviciilor de spionaj\u201d.\u00a0<\/em>Senatorul Daniel Patrick Moynihan avea s\u0103 confirme faptul c\u0103 anumitor membri ai C.I.A. li s-a impus s\u0103 tac\u0103 \u00een ceea ce prive\u015fte modul de interpretare \u015fi analiz\u0103 a informa\u0163iilor privind U.R.S.S. Ambasadorul Robert D. Blackwill, specialistul Consiliului Na\u0163ional de Securitate (N.S.C.) al S.U.A. pentru afacerile sovietice \u015fi europene \u00eentre 1989 \u015fi 1990, m\u0103rturisea c\u0103 dispre\u0163ul pentru analizele C.I.A. era cvasi-general \u00een acea perioad\u0103. \u201eAgen\u0163ia \u00eenc\u0103 producea gr\u0103mezi de analize pe care nu le citeam niciodat\u0103. \u00cen cei doi ani, nu am citit nicio estimare na\u0163ional\u0103. Nici m\u0103car una. Iar cu excep\u0163ia lui Gates (Robert &#8211; n. n.), nu cred c\u0103 mai era cineva la N.S.C. care s\u0103 fac\u0103 asta\u201d \u00a0(Robert D. Blackwill). \u201eNu avem motive s\u0103 ne \u00eendoim de dorin\u0163a sovieticilor de a folosi for\u0163a armat\u0103 pentru a men\u0163ine conducerea partidului \u015fi pentru a p\u0103stra pozi\u0163ia sovietic\u0103 \u00een regiune\u2026Viziunea lui Gorbaciov despre o \u00abcas\u0103 european\u0103 comun\u0103\u00bb, despre dezvoltarea unei cooper\u0103ri intra-europene implic\u0103 un grad de autonomie na\u0163ional\u0103 mult mai mare dec\u00e2t poate aproba el sau orice alt lider sovietic. Moscovei \u00eei va fi din ce \u00een ce mai dificil s\u0103 promoveze aceast\u0103 direc\u0163ie \u00een Vest f\u0103r\u0103 s\u0103 introduc\u0103 divizii noi \u015fi \u00een Europa de Est. Zidul Berlinului va r\u0103m\u00e2ne\u2026\u201d, scriau anali\u015ftii C.I.A. \u00een septembrie 1988. Milt Bearden, \u015feful Diviziei Sovietice a Serviciului Clandestin al C.I.A., avea s\u0103 priveasc\u0103 mut de uimire transmisia C.N.N. ce \u00eenf\u0103\u0163i\u015fa c\u0103derea Zidului Berlinului pe 9 noiembrie 1989.<\/h4>\r\n<h4>\r\n\r\n<\/h4>\r\n<h4 class=\"has-black-color has-text-color has-medium-font-size\">C.I.A. a editat, \u00een cooperare cu \u201e<em>Center for the Study of Intelligence<\/em>\u201d din Washington, \u00een anii 1999 \u015fi 2001, dou\u0103 volume care con\u0163ineau documente declasificate ale C.I.A. privind analizele despre U.R.S.S. din ultima perioad\u0103 a R\u0103zboiului Rece. Primul volum \u201eAt Cold War\u2019s End\u201d a fost editat de c\u0103tre istoricul Benjamin B. Fischer, iar cel de-al doilea \u201eCIA\u2019s Analysis of the Soviet Union 1947-1991\u201d de c\u0103tre istoricii Gerald K. Haines \u015fi Robert E. Leggett. Volumele cuprind o serie de \u201eNational Intelligence Estimates\u201d (N.I.E.) \u015fi \u201eNational and Special National Intelligence Estimates\u201d (S.N.I.E.) cu privire la evolu\u0163ia U.R.S.S. \u015fi sunt a\u015fezate, \u00een ordine cronologic\u0103, \u00eens\u0103 cu o logic\u0103 demonstrativ\u0103, evident ref\u0103cut\u0103 a posteriori, vizibil\u0103 \u00een alegerea \u015fi organizarea documentelor. Miza era ob\u0163inerea calificativului \u201eGood Job\u201d pentru C.I.A. din partea opiniei publice interne \u015fi interna\u0163ionale.<\/h4>\r\n<h4>\r\n\r\n<\/h4>\r\n<h4 class=\"has-black-color has-text-color has-medium-font-size\">Oare, la ce \u00een\u021belegeri secrete\/discrete sovieto &#8211; americane se refer\u0103 fostul director al S.I.E. din anii 1992-1997?! Poate c\u0103 \u201eilegalii\u201d S.I.E. din Occident ar fi reu\u0219it, totu\u0219i, s\u0103 le afle dac\u0103 mai r\u0103m\u00e2neau la ordin \u0219i sub jur\u0103m\u00e2nt! \u201eDialogul\u201d dintre cei doi fo\u015fti \u00eenal\u0163i func\u0163ionari ai statului rom\u00e2n din cadrul comunit\u0103\u0163ii de intelligence relev\u0103 faptul c\u0103 am fost lipsi\u0163i de \u00een\u0163elegere, incapabili s\u0103 previzion\u0103m viitorul \u015fi, implicit, destinul neamului rom\u00e2nesc, datorit\u0103 unei convingeri extrem de ciudate: trebuie s\u0103 tr\u0103d\u0103m\/abandon\u0103m pe unii cona\u0163ionali pentru a putea fi accepta\u0163i la masa celor mari \u015fi puternici. Oare, numai a\u015fa se poate?! Din p\u0103cate, nu a fost prima tr\u0103dare \u015fi deconspirare a activit\u0103\u0163ii \u015fi vie\u0163ii ofi\u0163erilor de informa\u0163ii \u015fi contrainforma\u0163ii, a agen\u0163ilor \u015fi colaboratorilor lor, din istoria existen\u0163ei Rom\u00e2niei ca stat (a se vedea evenimentele de dup\u0103 11 februarie 1866 \u015fi 23 august 1944).<\/h4>\r\n<h4>\r\n\r\n<\/h4>\r\n<figure class=\"aligncenter size-large\"><a href=\"http:\/\/www.desteptati-va.ro\/wp-content\/uploads\/2021\/01\/Traian_Borcescu.jpg\"><img decoding=\"async\" class=\"wp-image-5513\" src=\"http:\/\/www.desteptati-va.ro\/wp-content\/uploads\/2021\/01\/Traian_Borcescu.jpg\" alt=\"\" \/><\/a>\r\n<figcaption><strong>Lt-Colonel Traian Borcescu \u015feful Sec\u0163iei a II-a Contrainforma\u0163ii din S.S.I.<\/strong><\/figcaption>\r\n<\/figure>\r\n<h4>\r\n\r\n<\/h4>\r\n<h4 class=\"has-black-color has-text-color has-medium-font-size\">Dup\u0103 evenimentele de la 23 august 1944, Serviciul Special de Informa\u0163ii (S.S.I.) a trecut prin momente extrem de grele generate de dorin\u0163a de revan\u015f\u0103 a fo\u015ftilor inamici deveni\u0163i alia\u0163i, precum \u015fi de dorin\u0163a opozi\u0163iei politice anti-antonesciene, devenit\u0103 decident politic, de a pedepsi exemplar pe ofi\u0163erii S.S.I. Ofi\u0163eri care nu \u015fi-au f\u0103cut dec\u00e2t datoria, afla\u0163i fiind sub jur\u0103m\u00e2nt, fa\u0163\u0103 de Rom\u00e2nia. \u00cen preg\u0103tirea loviturii de stat de la 23 august 1944, locotenent-colonelul Traian Borcescu, \u015feful Sec\u0163iei a II-a Contrainforma\u0163ii din S.S.I., implicat f\u0103r\u0103 acceptul directorului S.S.I., Eugen Cristescu, \u00eentr-o rela\u0163ie de colaborare cu Georges Daurant, agent al Intelligence Service-ului \u00een Rom\u00e2nia, a acceptat s\u0103-i deconspire pe informatorii externi ai S.S.I. Explica\u0163iile agentului britanic se refereau la faptul c\u0103 este nevoie de cunoa\u015fterea identit\u0103\u0163ii acestor oameni pentru a se putea lua m\u0103suri de identificare \u015fi neutralizare a tuturor agen\u0163ilor S.S.I. din spatele frontului. Un alt argument pentru a-l convinge pe Traian Borcescu a fost c\u0103 agen\u021bii S.S.I., fiind cunoscu\u0163i de englezi \u015fi americani, pe l\u00e2ng\u0103 faptul c\u0103 vor fi neutraliza\u0163i, pot fi proteja\u0163i \u015fi folosi\u0163i \u00eempotriva germanilor, \u015fi mai ales, ulterior \u00eempotriva Uniunii Sovietice, care va avea, foarte probabil, o mare zon\u0103 de influen\u0163\u0103, \u00een Europa, \u015fi un prestigiu deosebit. Pe de alt\u0103 parte, ace\u015fti agen\u0163i, cunosc\u00e2nd unele ramifica\u0163ii ale agen\u0163ilor \u0163\u0103rilor aliate, \u015fi \u00een special ale Uniunii Sovietice, urmeaz\u0103 a fi folosi\u0163i de c\u0103tre Intelligence Service pentru identificarea acestor ramifica\u0163ii.<\/h4>\r\n<h4>\r\n\r\n<\/h4>\r\n<h4 class=\"has-black-color has-text-color has-medium-font-size\">Tabelele nominale cu agen\u0163ii interni \u015fi externi ai Serviciului Special de informa\u0163ii au fost predate, la 13 septembrie 1944, de c\u0103tre locotenent-colonelul Traian Borcescu, regelui Mihai I. Listele au fost alc\u0103tuite din ordinul colonelului Victor Siminel, directorul S.S.I. \u00een perioada 26 august &#8211; 19 septembrie 1944, la presiunile lui Ioan de Mocsonyi-Styrcea \u015fi cu acordul ministrului de R\u0103zboi, generalul de corp de armat\u0103 Mihail Racovi\u0163\u0103, care \u00eei declarase directorului S.S.I. c\u0103 \u201eordinele regale sunt mai presus de noi\u201d. Intelligence Service \u015fi Oficiul Serviciile Strategice (O.S.S.) &#8211; precursorul C.I.A. &#8211; aveau s\u0103 primeasc\u0103, prin intermediul regelui Mihai I \u0219i al anturajului s\u0103u, aceste liste. Totodat\u0103, modul \u00een care a fost tratat fostul director al S.S.I., Eugen Cristescu, de c\u0103tre noii guvernan\u0163i, \u00een spe\u0163\u0103 liderii na\u0163ional-\u0163\u0103r\u0103ni\u015fti Iuliu Maniu \u015fi Ion Mihalache, au nemul\u0163umit \u015fi derutat pe majoritatea ofi\u0163erilor din S.S.I., Poli\u0163ie \u015fi Siguran\u0163\u0103. To\u0163i ace\u015ftia aveau sentimentul c\u0103 urmau s\u0103 fie sacrifica\u0163i de c\u0103tre partidele democratice, care inten\u0163ionau s\u0103 se dezvinov\u0103\u0163easc\u0103 de o pretins\u0103 colaborare cu regimul Antonescu. O parte dintre cei epura\u0163i p\u00e2n\u0103 la 6 martie 1945 aveau s\u0103 fie reprimi\u0163i \u00een serviciu, \u00een timpul guvern\u0103rii Groza, de c\u0103tre ministrul de Interne comunist Teohari Georgescu. Ofi\u0163erii re\u00eencadra\u0163i, dup\u0103 6 martie 1945, spre a-\u015fi salva libertatea, s-au trezit \u00een situa\u0163ia paradoxal\u0103 de a contribui la instalarea \u00een Rom\u00e2nia a unui regim fa\u0163\u0103 de care, structural, nu aveau nici o afinitate.<\/h4>\r\n<h4>\r\n\r\n<\/h4>\r\n<h4 class=\"has-black-color has-text-color has-medium-font-size\"><strong>Liderii politici ai Rom\u00e2niei \u0219i colaboratorii lor au avut, uneori, o pl\u0103cere imens\u0103, nu numai interese politice sau personale, \u00een a distruge prima linie de ap\u0103rare a \u0163\u0103rii, cu bun\u0103 \u015ftiin\u0163\u0103 sau din incompeten\u0163\u0103, precum \u015fi pe membrii ei.<\/strong><\/h4>\r\n<h4>\r\n\r\n<\/h4>\r\n<h4 class=\"has-black-color has-text-color\">&#8211;&#8211;&#8211;&#8211;&#8211;&#8211;&#8211;&#8211;&#8211;&#8211;&#8211;&#8211;&#8211;&#8211;&#8211;&#8211;&#8211;<\/h4>\r\n<h4>\r\n\r\n<\/h4>\r\n<h4>[1] <a href=\"https:\/\/www.aesgs.ro\/ce-s-a-intamplat-dupa-89-cu-fantomele-spionii-romani-de-elita-din-sua\/\">https:\/\/www.aesgs.ro\/ce-s-a-intamplat-dupa-89-cu-fantomele-spionii-romani-de-elita-din-sua\/<\/a><\/h4>\r\n<h4>\r\n\r\n<\/h4>\r\n\r\n\r\n\r\n<p class=\"wp-block-paragraph\">\u00a9 2019 ART-EMIS<\/p>\r\n\r\n\r\n<hr class=\"wp-block-separator\" \/>        <div class=\"booster-block booster-reactions-block\">\n            <div class=\"twp-reactions-icons\">\n                \n                <div class=\"twp-reacts-wrap\">\n                    <a react-data=\"be-react-1\" post-id=\"4217\" class=\"be-face-icons un-reacted\" href=\"javascript:void(0)\">\n                        <img decoding=\"async\" src=\"https:\/\/desteptati-va.ro\/wp-content\/plugins\/booster-extension\/\/assets\/icon\/happy.svg\" alt=\"Happy\">\n                    <\/a>\n                    <div class=\"twp-reaction-title\">\n                        Happy                    <\/div>\n                    <div class=\"twp-count-percent\">\n                                                    <span style=\"display: none;\" class=\"twp-react-count\">0<\/span>\n                        \n                                                <span class=\"twp-react-percent\"><span>0<\/span> %<\/span>\n                                            <\/div>\n                <\/div>\n\n                <div class=\"twp-reacts-wrap\">\n                    <a react-data=\"be-react-2\" post-id=\"4217\" class=\"be-face-icons un-reacted\" href=\"javascript:void(0)\">\n                        <img decoding=\"async\" src=\"https:\/\/desteptati-va.ro\/wp-content\/plugins\/booster-extension\/\/assets\/icon\/sad.svg\" alt=\"Sad\">\n                    <\/a>\n                    <div class=\"twp-reaction-title\">\n                        Sad                    <\/div>\n                    <div class=\"twp-count-percent\">\n                                                    <span style=\"display: none;\" class=\"twp-react-count\">0<\/span>\n                                                                        <span class=\"twp-react-percent\"><span>0<\/span> %<\/span>\n                                            <\/div>\n                <\/div>\n\n                <div class=\"twp-reacts-wrap\">\n                    <a react-data=\"be-react-3\" post-id=\"4217\" class=\"be-face-icons un-reacted\" href=\"javascript:void(0)\">\n                        <img decoding=\"async\" src=\"https:\/\/desteptati-va.ro\/wp-content\/plugins\/booster-extension\/\/assets\/icon\/excited.svg\" alt=\"Excited\">\n                    <\/a>\n                    <div class=\"twp-reaction-title\">\n                        Excited                    <\/div>\n                    <div class=\"twp-count-percent\">\n                                                    <span style=\"display: none;\" class=\"twp-react-count\">0<\/span>\n                                                                        <span class=\"twp-react-percent\"><span>0<\/span> %<\/span>\n                                            <\/div>\n                <\/div>\n\n                <div class=\"twp-reacts-wrap\">\n                    <a react-data=\"be-react-6\" post-id=\"4217\" class=\"be-face-icons un-reacted\" href=\"javascript:void(0)\">\n                        <img decoding=\"async\" src=\"https:\/\/desteptati-va.ro\/wp-content\/plugins\/booster-extension\/\/assets\/icon\/sleepy.svg\" alt=\"Sleepy\">\n                    <\/a>\n                    <div class=\"twp-reaction-title\">\n                        Sleepy                    <\/div>\n                    <div class=\"twp-count-percent\">\n                                                    <span style=\"display: none;\" class=\"twp-react-count\">1<\/span>\n                        \n                                                <span class=\"twp-react-percent\"><span>100<\/span> %<\/span>\n                                            <\/div>\n                <\/div>\n\n                <div class=\"twp-reacts-wrap\">\n                    <a react-data=\"be-react-4\" post-id=\"4217\" class=\"be-face-icons un-reacted\" href=\"javascript:void(0)\">\n                        <img decoding=\"async\" src=\"https:\/\/desteptati-va.ro\/wp-content\/plugins\/booster-extension\/\/assets\/icon\/angry.svg\" alt=\"Angry\">\n                    <\/a>\n                    <div class=\"twp-reaction-title\">Angry<\/div>\n                    <div class=\"twp-count-percent\">\n                                                    <span style=\"display: none;\" class=\"twp-react-count\">0<\/span>\n                                                                        <span class=\"twp-react-percent\"><span>0<\/span> %<\/span>\n                        \n                    <\/div>\n                <\/div>\n\n                <div class=\"twp-reacts-wrap\">\n                    <a react-data=\"be-react-5\" post-id=\"4217\" class=\"be-face-icons un-reacted\" href=\"javascript:void(0)\">\n                        <img decoding=\"async\" src=\"https:\/\/desteptati-va.ro\/wp-content\/plugins\/booster-extension\/\/assets\/icon\/surprise.svg\" alt=\"Surprise\">\n                    <\/a>\n                    <div class=\"twp-reaction-title\">Surprise<\/div>\n                    <div class=\"twp-count-percent\">\n                                                    <span style=\"display: none;\" class=\"twp-react-count\">0<\/span>\n                                                                        <span class=\"twp-react-percent\"><span>0<\/span> %<\/span>\n                                            <\/div>\n                <\/div>\n\n            <\/div>\n        <\/div>\n\n    <\/div>","protected":false},"excerpt":{"rendered":"<p>Dezv\u0103luirile celui care a coordonat \u00een Serviciul de Informa\u0163ii Externe (S.I.E.) a listei (tradare indubitabila) unui grup de oameni, ofi\u0163eri<a href=\"https:\/\/desteptati-va.ro\/index.php\/2021\/04\/20\/ilegalii-si-adevarurile-unei-tradari\/\">Read More<i class=\"fa fa-long-arrow-right\" aria-hidden=\"true\"><\/i><\/a><\/p>\n","protected":false},"author":1,"featured_media":3122,"comment_status":"open","ping_status":"open","sticky":false,"template":"","format":"standard","meta":{"_crdt_document":"","footnotes":""},"categories":[22,218],"tags":[155],"class_list":["post-4217","post","type-post","status-publish","format-standard","has-post-thumbnail","hentry","category-epoca-ion-iliescu-1989-1996-2000-2004","category-general","tag-spionaj"],"rise-blocks_total_comments":0,"rise-blocks_categories":[{"term_id":22,"name":"Epoca Ion Iliescu (1989-1996) (2000-2004)","slug":"epoca-ion-iliescu-1989-1996-2000-2004","term_group":0,"term_taxonomy_id":22,"taxonomy":"category","description":"","parent":20,"count":6,"filter":"raw"}],"rise-blocks_excerpt":"Dezv\u0103luirile celui care a coordonat \u00een Serviciul de Informa\u0163ii Externe (S.I.E.) a listei (tradare indubitabila) unui grup de oameni, ofi\u0163eri deplin conspira\u0163i \u015fi cunoscu\u0163i sub denumirea de \u201eFantome\/Ilegali\u201d (Brigada\u201eU\u201d), a readus \u00een discu\u0163ie importan\u0163a informa\u0163iei secrete, a celui care o ob\u0163ine \u00een folosul \u0163\u0103rii sale, precum \u015fi a modului \u00een care aceasta poate fundamenta orientarea strategic\u0103 a elitelor politice aflate..","yoast_head":"<!-- This site is optimized with the Yoast SEO plugin v26.9 - https:\/\/yoast.com\/product\/yoast-seo-wordpress\/ -->\r\n<title>\u201eIlegalii\u201d \u0219i adev\u0103rurile unei \u201etr\u0103d\u0103ri\u201d -<\/title>\r\n<meta name=\"robots\" content=\"index, follow, max-snippet:-1, max-image-preview:large, max-video-preview:-1\" \/>\r\n<link rel=\"canonical\" href=\"https:\/\/desteptati-va.ro\/index.php\/2021\/04\/20\/ilegalii-si-adevarurile-unei-tradari\/\" \/>\r\n<meta property=\"og:locale\" content=\"ro_RO\" \/>\r\n<meta property=\"og:type\" content=\"article\" \/>\r\n<meta property=\"og:title\" content=\"\u201eIlegalii\u201d \u0219i adev\u0103rurile unei \u201etr\u0103d\u0103ri\u201d -\" \/>\r\n<meta property=\"og:description\" content=\"Dezv\u0103luirile celui care a coordonat \u00een Serviciul de Informa\u0163ii Externe (S.I.E.) a listei (tradare indubitabila) unui grup de oameni, ofi\u0163eriRead More\" \/>\r\n<meta property=\"og:url\" content=\"https:\/\/desteptati-va.ro\/index.php\/2021\/04\/20\/ilegalii-si-adevarurile-unei-tradari\/\" \/>\r\n<meta property=\"article:published_time\" content=\"2021-04-20T07:07:04+00:00\" \/>\r\n<meta property=\"og:image\" content=\"https:\/\/desteptati-va.ro\/wp-content\/uploads\/2021\/04\/Ilegalii-e1618902354686.jpg\" \/>\r\n\t<meta property=\"og:image:width\" content=\"201\" \/>\r\n\t<meta property=\"og:image:height\" content=\"316\" \/>\r\n\t<meta property=\"og:image:type\" content=\"image\/jpeg\" \/>\r\n<meta name=\"author\" content=\"wolfsoftcompany\" \/>\r\n<meta name=\"twitter:card\" content=\"summary_large_image\" \/>\r\n<meta name=\"twitter:label1\" content=\"Scris de\" \/>\n\t<meta name=\"twitter:data1\" content=\"wolfsoftcompany\" \/>\n\t<meta name=\"twitter:label2\" content=\"Timp estimat pentru citire\" \/>\n\t<meta name=\"twitter:data2\" content=\"33 de minute\" \/>\r\n<script type=\"application\/ld+json\" class=\"yoast-schema-graph\">{\"@context\":\"https:\/\/schema.org\",\"@graph\":[{\"@type\":\"Article\",\"@id\":\"https:\/\/desteptati-va.ro\/index.php\/2021\/04\/20\/ilegalii-si-adevarurile-unei-tradari\/#article\",\"isPartOf\":{\"@id\":\"https:\/\/desteptati-va.ro\/index.php\/2021\/04\/20\/ilegalii-si-adevarurile-unei-tradari\/\"},\"author\":{\"name\":\"wolfsoftcompany\",\"@id\":\"https:\/\/desteptati-va.ro\/#\/schema\/person\/13182deeebd44920914899f7bb262d6b\"},\"headline\":\"\u201eIlegalii\u201d \u0219i adev\u0103rurile unei \u201etr\u0103d\u0103ri\u201d\",\"datePublished\":\"2021-04-20T07:07:04+00:00\",\"mainEntityOfPage\":{\"@id\":\"https:\/\/desteptati-va.ro\/index.php\/2021\/04\/20\/ilegalii-si-adevarurile-unei-tradari\/\"},\"wordCount\":6549,\"commentCount\":0,\"image\":{\"@id\":\"https:\/\/desteptati-va.ro\/index.php\/2021\/04\/20\/ilegalii-si-adevarurile-unei-tradari\/#primaryimage\"},\"thumbnailUrl\":\"https:\/\/desteptati-va.ro\/wp-content\/uploads\/2021\/04\/Ilegalii-e1618902354686.jpg\",\"keywords\":[\"spionaj\"],\"articleSection\":[\"Epoca Ion Iliescu (1989-1996) (2000-2004)\",\"General\"],\"inLanguage\":\"ro-RO\",\"potentialAction\":[{\"@type\":\"CommentAction\",\"name\":\"Comment\",\"target\":[\"https:\/\/desteptati-va.ro\/index.php\/2021\/04\/20\/ilegalii-si-adevarurile-unei-tradari\/#respond\"]}]},{\"@type\":\"WebPage\",\"@id\":\"https:\/\/desteptati-va.ro\/index.php\/2021\/04\/20\/ilegalii-si-adevarurile-unei-tradari\/\",\"url\":\"https:\/\/desteptati-va.ro\/index.php\/2021\/04\/20\/ilegalii-si-adevarurile-unei-tradari\/\",\"name\":\"\u201eIlegalii\u201d \u0219i adev\u0103rurile unei \u201etr\u0103d\u0103ri\u201d -\",\"isPartOf\":{\"@id\":\"https:\/\/desteptati-va.ro\/#website\"},\"primaryImageOfPage\":{\"@id\":\"https:\/\/desteptati-va.ro\/index.php\/2021\/04\/20\/ilegalii-si-adevarurile-unei-tradari\/#primaryimage\"},\"image\":{\"@id\":\"https:\/\/desteptati-va.ro\/index.php\/2021\/04\/20\/ilegalii-si-adevarurile-unei-tradari\/#primaryimage\"},\"thumbnailUrl\":\"https:\/\/desteptati-va.ro\/wp-content\/uploads\/2021\/04\/Ilegalii-e1618902354686.jpg\",\"datePublished\":\"2021-04-20T07:07:04+00:00\",\"author\":{\"@id\":\"https:\/\/desteptati-va.ro\/#\/schema\/person\/13182deeebd44920914899f7bb262d6b\"},\"breadcrumb\":{\"@id\":\"https:\/\/desteptati-va.ro\/index.php\/2021\/04\/20\/ilegalii-si-adevarurile-unei-tradari\/#breadcrumb\"},\"inLanguage\":\"ro-RO\",\"potentialAction\":[{\"@type\":\"ReadAction\",\"target\":[\"https:\/\/desteptati-va.ro\/index.php\/2021\/04\/20\/ilegalii-si-adevarurile-unei-tradari\/\"]}]},{\"@type\":\"ImageObject\",\"inLanguage\":\"ro-RO\",\"@id\":\"https:\/\/desteptati-va.ro\/index.php\/2021\/04\/20\/ilegalii-si-adevarurile-unei-tradari\/#primaryimage\",\"url\":\"https:\/\/desteptati-va.ro\/wp-content\/uploads\/2021\/04\/Ilegalii-e1618902354686.jpg\",\"contentUrl\":\"https:\/\/desteptati-va.ro\/wp-content\/uploads\/2021\/04\/Ilegalii-e1618902354686.jpg\",\"width\":201,\"height\":316},{\"@type\":\"BreadcrumbList\",\"@id\":\"https:\/\/desteptati-va.ro\/index.php\/2021\/04\/20\/ilegalii-si-adevarurile-unei-tradari\/#breadcrumb\",\"itemListElement\":[{\"@type\":\"ListItem\",\"position\":1,\"name\":\"Prima pagin\u0103\",\"item\":\"https:\/\/desteptati-va.ro\/\"},{\"@type\":\"ListItem\",\"position\":2,\"name\":\"\u201eIlegalii\u201d \u0219i adev\u0103rurile unei \u201etr\u0103d\u0103ri\u201d\"}]},{\"@type\":\"WebSite\",\"@id\":\"https:\/\/desteptati-va.ro\/#website\",\"url\":\"https:\/\/desteptati-va.ro\/\",\"name\":\"\",\"description\":\"\",\"potentialAction\":[{\"@type\":\"SearchAction\",\"target\":{\"@type\":\"EntryPoint\",\"urlTemplate\":\"https:\/\/desteptati-va.ro\/?s={search_term_string}\"},\"query-input\":{\"@type\":\"PropertyValueSpecification\",\"valueRequired\":true,\"valueName\":\"search_term_string\"}}],\"inLanguage\":\"ro-RO\"},{\"@type\":\"Person\",\"@id\":\"https:\/\/desteptati-va.ro\/#\/schema\/person\/13182deeebd44920914899f7bb262d6b\",\"name\":\"wolfsoftcompany\",\"image\":{\"@type\":\"ImageObject\",\"inLanguage\":\"ro-RO\",\"@id\":\"https:\/\/desteptati-va.ro\/#\/schema\/person\/image\/\",\"url\":\"https:\/\/secure.gravatar.com\/avatar\/a6cce9b6d101d27d91690e7073e300fed94c0899890bf998e082cb9d2c3d121e?s=96&d=mm&r=g\",\"contentUrl\":\"https:\/\/secure.gravatar.com\/avatar\/a6cce9b6d101d27d91690e7073e300fed94c0899890bf998e082cb9d2c3d121e?s=96&d=mm&r=g\",\"caption\":\"wolfsoftcompany\"},\"sameAs\":[\"http:\/\/desteptati-va.ro\"],\"url\":\"https:\/\/desteptati-va.ro\/index.php\/author\/wolfsoftcompany\/\"}]}<\/script>\r\n<!-- \/ Yoast SEO plugin. -->","yoast_head_json":{"title":"\u201eIlegalii\u201d \u0219i adev\u0103rurile unei \u201etr\u0103d\u0103ri\u201d -","robots":{"index":"index","follow":"follow","max-snippet":"max-snippet:-1","max-image-preview":"max-image-preview:large","max-video-preview":"max-video-preview:-1"},"canonical":"https:\/\/desteptati-va.ro\/index.php\/2021\/04\/20\/ilegalii-si-adevarurile-unei-tradari\/","og_locale":"ro_RO","og_type":"article","og_title":"\u201eIlegalii\u201d \u0219i adev\u0103rurile unei \u201etr\u0103d\u0103ri\u201d -","og_description":"Dezv\u0103luirile celui care a coordonat \u00een Serviciul de Informa\u0163ii Externe (S.I.E.) a listei (tradare indubitabila) unui grup de oameni, ofi\u0163eriRead More","og_url":"https:\/\/desteptati-va.ro\/index.php\/2021\/04\/20\/ilegalii-si-adevarurile-unei-tradari\/","article_published_time":"2021-04-20T07:07:04+00:00","og_image":[{"width":201,"height":316,"url":"https:\/\/desteptati-va.ro\/wp-content\/uploads\/2021\/04\/Ilegalii-e1618902354686.jpg","type":"image\/jpeg"}],"author":"wolfsoftcompany","twitter_card":"summary_large_image","twitter_misc":{"Scris de":"wolfsoftcompany","Timp estimat pentru citire":"33 de minute"},"schema":{"@context":"https:\/\/schema.org","@graph":[{"@type":"Article","@id":"https:\/\/desteptati-va.ro\/index.php\/2021\/04\/20\/ilegalii-si-adevarurile-unei-tradari\/#article","isPartOf":{"@id":"https:\/\/desteptati-va.ro\/index.php\/2021\/04\/20\/ilegalii-si-adevarurile-unei-tradari\/"},"author":{"name":"wolfsoftcompany","@id":"https:\/\/desteptati-va.ro\/#\/schema\/person\/13182deeebd44920914899f7bb262d6b"},"headline":"\u201eIlegalii\u201d \u0219i adev\u0103rurile unei \u201etr\u0103d\u0103ri\u201d","datePublished":"2021-04-20T07:07:04+00:00","mainEntityOfPage":{"@id":"https:\/\/desteptati-va.ro\/index.php\/2021\/04\/20\/ilegalii-si-adevarurile-unei-tradari\/"},"wordCount":6549,"commentCount":0,"image":{"@id":"https:\/\/desteptati-va.ro\/index.php\/2021\/04\/20\/ilegalii-si-adevarurile-unei-tradari\/#primaryimage"},"thumbnailUrl":"https:\/\/desteptati-va.ro\/wp-content\/uploads\/2021\/04\/Ilegalii-e1618902354686.jpg","keywords":["spionaj"],"articleSection":["Epoca Ion Iliescu (1989-1996) (2000-2004)","General"],"inLanguage":"ro-RO","potentialAction":[{"@type":"CommentAction","name":"Comment","target":["https:\/\/desteptati-va.ro\/index.php\/2021\/04\/20\/ilegalii-si-adevarurile-unei-tradari\/#respond"]}]},{"@type":"WebPage","@id":"https:\/\/desteptati-va.ro\/index.php\/2021\/04\/20\/ilegalii-si-adevarurile-unei-tradari\/","url":"https:\/\/desteptati-va.ro\/index.php\/2021\/04\/20\/ilegalii-si-adevarurile-unei-tradari\/","name":"\u201eIlegalii\u201d \u0219i adev\u0103rurile unei \u201etr\u0103d\u0103ri\u201d -","isPartOf":{"@id":"https:\/\/desteptati-va.ro\/#website"},"primaryImageOfPage":{"@id":"https:\/\/desteptati-va.ro\/index.php\/2021\/04\/20\/ilegalii-si-adevarurile-unei-tradari\/#primaryimage"},"image":{"@id":"https:\/\/desteptati-va.ro\/index.php\/2021\/04\/20\/ilegalii-si-adevarurile-unei-tradari\/#primaryimage"},"thumbnailUrl":"https:\/\/desteptati-va.ro\/wp-content\/uploads\/2021\/04\/Ilegalii-e1618902354686.jpg","datePublished":"2021-04-20T07:07:04+00:00","author":{"@id":"https:\/\/desteptati-va.ro\/#\/schema\/person\/13182deeebd44920914899f7bb262d6b"},"breadcrumb":{"@id":"https:\/\/desteptati-va.ro\/index.php\/2021\/04\/20\/ilegalii-si-adevarurile-unei-tradari\/#breadcrumb"},"inLanguage":"ro-RO","potentialAction":[{"@type":"ReadAction","target":["https:\/\/desteptati-va.ro\/index.php\/2021\/04\/20\/ilegalii-si-adevarurile-unei-tradari\/"]}]},{"@type":"ImageObject","inLanguage":"ro-RO","@id":"https:\/\/desteptati-va.ro\/index.php\/2021\/04\/20\/ilegalii-si-adevarurile-unei-tradari\/#primaryimage","url":"https:\/\/desteptati-va.ro\/wp-content\/uploads\/2021\/04\/Ilegalii-e1618902354686.jpg","contentUrl":"https:\/\/desteptati-va.ro\/wp-content\/uploads\/2021\/04\/Ilegalii-e1618902354686.jpg","width":201,"height":316},{"@type":"BreadcrumbList","@id":"https:\/\/desteptati-va.ro\/index.php\/2021\/04\/20\/ilegalii-si-adevarurile-unei-tradari\/#breadcrumb","itemListElement":[{"@type":"ListItem","position":1,"name":"Prima pagin\u0103","item":"https:\/\/desteptati-va.ro\/"},{"@type":"ListItem","position":2,"name":"\u201eIlegalii\u201d \u0219i adev\u0103rurile unei \u201etr\u0103d\u0103ri\u201d"}]},{"@type":"WebSite","@id":"https:\/\/desteptati-va.ro\/#website","url":"https:\/\/desteptati-va.ro\/","name":"","description":"","potentialAction":[{"@type":"SearchAction","target":{"@type":"EntryPoint","urlTemplate":"https:\/\/desteptati-va.ro\/?s={search_term_string}"},"query-input":{"@type":"PropertyValueSpecification","valueRequired":true,"valueName":"search_term_string"}}],"inLanguage":"ro-RO"},{"@type":"Person","@id":"https:\/\/desteptati-va.ro\/#\/schema\/person\/13182deeebd44920914899f7bb262d6b","name":"wolfsoftcompany","image":{"@type":"ImageObject","inLanguage":"ro-RO","@id":"https:\/\/desteptati-va.ro\/#\/schema\/person\/image\/","url":"https:\/\/secure.gravatar.com\/avatar\/a6cce9b6d101d27d91690e7073e300fed94c0899890bf998e082cb9d2c3d121e?s=96&d=mm&r=g","contentUrl":"https:\/\/secure.gravatar.com\/avatar\/a6cce9b6d101d27d91690e7073e300fed94c0899890bf998e082cb9d2c3d121e?s=96&d=mm&r=g","caption":"wolfsoftcompany"},"sameAs":["http:\/\/desteptati-va.ro"],"url":"https:\/\/desteptati-va.ro\/index.php\/author\/wolfsoftcompany\/"}]}},"_links":{"self":[{"href":"https:\/\/desteptati-va.ro\/index.php\/wp-json\/wp\/v2\/posts\/4217","targetHints":{"allow":["GET"]}}],"collection":[{"href":"https:\/\/desteptati-va.ro\/index.php\/wp-json\/wp\/v2\/posts"}],"about":[{"href":"https:\/\/desteptati-va.ro\/index.php\/wp-json\/wp\/v2\/types\/post"}],"author":[{"embeddable":true,"href":"https:\/\/desteptati-va.ro\/index.php\/wp-json\/wp\/v2\/users\/1"}],"replies":[{"embeddable":true,"href":"https:\/\/desteptati-va.ro\/index.php\/wp-json\/wp\/v2\/comments?post=4217"}],"version-history":[{"count":1,"href":"https:\/\/desteptati-va.ro\/index.php\/wp-json\/wp\/v2\/posts\/4217\/revisions"}],"predecessor-version":[{"id":4219,"href":"https:\/\/desteptati-va.ro\/index.php\/wp-json\/wp\/v2\/posts\/4217\/revisions\/4219"}],"wp:featuredmedia":[{"embeddable":true,"href":"https:\/\/desteptati-va.ro\/index.php\/wp-json\/wp\/v2\/media\/3122"}],"wp:attachment":[{"href":"https:\/\/desteptati-va.ro\/index.php\/wp-json\/wp\/v2\/media?parent=4217"}],"wp:term":[{"taxonomy":"category","embeddable":true,"href":"https:\/\/desteptati-va.ro\/index.php\/wp-json\/wp\/v2\/categories?post=4217"},{"taxonomy":"post_tag","embeddable":true,"href":"https:\/\/desteptati-va.ro\/index.php\/wp-json\/wp\/v2\/tags?post=4217"}],"curies":[{"name":"wp","href":"https:\/\/api.w.org\/{rel}","templated":true}]}}