{"id":4223,"date":"2021-04-20T07:10:17","date_gmt":"2021-04-20T07:10:17","guid":{"rendered":"http:\/\/desteptati.ro\/?p=4223"},"modified":"2021-05-12T10:47:22","modified_gmt":"2021-05-12T10:47:22","slug":"cand-a-predat-fantomele-ioan-talpes-a-comis-cel-mai-grav-act-de-tradare-din-istoria-spionajului","status":"publish","type":"post","link":"https:\/\/desteptati-va.ro\/index.php\/2021\/04\/20\/cand-a-predat-fantomele-ioan-talpes-a-comis-cel-mai-grav-act-de-tradare-din-istoria-spionajului\/","title":{"rendered":"C\u00e2nd a predat \u201eFantomele\u201d, Ioan Talpe\u0219 a comis cel mai grav act de tr\u0103dare din istoria spionajului!"},"content":{"rendered":"<div class=\"post-content\"><div class='booster-block booster-read-block'>\n                <div class=\"twp-read-time\">\n                \t<i class=\"booster-icon twp-clock\"><\/i> <span>Read Time:<\/span>12 Minute, 43 Second                <\/div>\n\n            <\/div>\r\n<p class=\"has-vivid-red-color has-text-color wp-block-paragraph\" style=\"font-size: 22px;\"><strong>Celui mai grav act de tr\u0103dare, nu doar din istoria Rom\u00e2niei, ci chiar din istoria serviciilor secrete din toat\u0103 lumea \u0219i din toate timpurile. Este vorba despre gestul generalului Ioan Talpe\u0219, \u0219ef al Serviciului de Informa\u021bii Externe (SIE) \u00een perioada 1992-1997, &#8211; venit la c\u00e2rma serviciului din ordinul lui Ion Iliescu \u0219i din postura de consilier al acestuia &#8211; de a preda \u201epoten\u021bialul informativ\u201d al SIE c\u0103tre unii parteneri externi ai Rom\u00e2niei. \u201ePoten\u021bialul informativ al SIE\u201d cuprinde totalitatea cadrelor de spionaj \u0219i a re\u021belelor lor informative, alc\u0103tuit\u0103 at\u00e2t din ofi\u021beri de informa\u021bii externe afla\u021bi la post \u00een exterior, acoperi\u021bi \u00een ambasade, agen\u021bii economice \u0219i culturale \u0219i \u00een firme rom\u00e2ne\u0219ti din exterior etc., c\u00e2t \u0219i din \u201efantome\u201d. Prin \u201eunii parteneri externi\u201d, \u00een cazul tr\u0103d\u0103rii despre care vorbim, trebuie s\u0103 se \u00een\u021beleag\u0103 SUA, Germania \u0219i Canada.<\/strong><\/p>\r\n\r\n\r\n\r\n<h4 class=\"has-black-color has-text-color has-medium-font-size\">Deci, ca s\u0103 fie foarte clar,\u00a0<strong>numele componen\u021bilor acestor trei re\u021bele au fost predate acestor trei parteneri<\/strong>. Beneficiarelor directe ale actului de tr\u0103dare,\u00a0<strong>serviciile specializate de informa\u021bii \u0219i de contrainforma\u021bii ale acestor \u021b\u0103ri<\/strong>, cu siguran\u021b\u0103 nu le-a venit s\u0103 cread\u0103.\u00a0<strong>Niciodat\u0103 nu ar fi putut spera la a\u0219a ceva, pentru c\u0103 niciodat\u0103 nu s-a mai \u00eent\u00e2mplat a\u0219a ceva<\/strong>. Nu trebuie s\u0103 fii procuror sau judec\u0103tor militar c\u0103 s\u0103 \u00een\u021belegi c\u0103 a fost vorba despre\u00a0<strong>un gest de tr\u0103dare de neconceput<\/strong>, care peste tot \u00een lume se pedepse\u0219te \u00een\u00a0<strong>cel mai drastic mod cu putin\u021b\u0103<\/strong>. Nu doar despre acest grav fapt vorbe\u0219te generalul\u00a0<strong>Cornel Biri\u0219<\/strong>, \u00een interviul acordat generalului Petru Neghiu, pentru Revista Periscop, publica\u021bie a Asocia\u021biei Cadrelor Militare \u00een Rezerv\u0103 \u0219i \u00een Retragere din Serviciul de Informa\u021bii Externe, ci \u0219i despre dou\u0103 alte momente dramatice prin care a trecut\u00a0<a href=\"https:\/\/evz.ro\/tag\/sie\" target=\"_blank\" rel=\"noreferrer noopener\">SIE<\/a>\u00a0\u0219i implicit\u00a0<strong>Unitatea \u201e<a href=\"https:\/\/evz.ro\/tag\/fantome\" target=\"_blank\" rel=\"noreferrer noopener\">Fantome<\/a>\u201d: dezertarea generalului Ion Mihai Pacepa \u0219i desfiin\u021barea Unit\u0103\u021bii \u201eFantome\u201d.\u00a0<\/strong><\/h4>\r\n<h4>\r\n\r\n<\/h4>\r\n<h4 class=\"has-vivid-red-color has-text-color has-medium-font-size\"><strong>Pacepa fura din banii Securit\u0103\u021bii!<\/strong><\/h4>\r\n<h4>\r\n\r\n<\/h4>\r\n<h4 class=\"has-black-color has-text-color has-medium-font-size\">\u00cen privin\u021ba acestui act de tr\u0103dare,\u00a0<strong>generalul Cornel Biri\u0219<\/strong>\u00a0spulber\u0103 din capul locului un mit, acela potrivit c\u0103ruia\u00a0<strong>dezertarea generalului Pacepa la americani ar fi fost un act eroic<\/strong>\u00a0\u00eendreptat \u00eempotriva comunismului:<\/h4>\r\n<h4>\r\n\r\n<\/h4>\r\n<h4 class=\"has-black-color has-text-color has-medium-font-size\">\u201eActul de tr\u0103dare al \u00ablupt\u0103torului anticomunist Pacepa\u00bb din anul 1978 a fost de fapt primul seism de propor\u021bii care a zguduit \u00eentreg serviciul de informa\u021bii externe \u0219i implicit unitatea noastr\u0103.<\/h4>\r\n<h4>\r\n\r\n<\/h4>\r\n<h4 class=\"has-black-color has-text-color has-medium-font-size\">\u00cen primul r\u00e2nd vreau s\u0103 precizez c\u0103 \u00ab\u0219op\u00e2rla\u00bb cu \u00ablupta de distrugere a comunismului din Rom\u00e2nia din interiorul Structurii de Informa\u021bii Externe\u00bb nu a \u021binut \u0219i nu va \u021bine dec\u00e2t \u00een capul profanilor.<\/h4>\r\n<h4>\r\n\r\n<\/h4>\r\n<h4 class=\"has-black-color has-text-color has-medium-font-size\">Motivele dezert\u0103rii lui Pacepa sunt foarte bine cunoscute celor care i-am fost contemporani \u00een activitate \u0219i sunt absolut banale:\u00a0<strong>a furat sume considerabile din fondul de cheltuieli speciale pentru satisfacerea propriilor sale interese \u0219i pentru a-i corupe pe potenta\u021bii de partid \u0219i de stat, inclusiv Elena Ceau\u0219escu<\/strong>. Oric\u00e2t s-ar \u00eencerca s\u0103 se \u00eembrace aceast\u0103 mizerie \u00eentr-o alt\u0103 \u021binut\u0103, aceste este\u00a0<strong>adev\u0103rul pur.<\/strong><\/h4>\r\n<h4>\r\n\r\n<\/h4>\r\n<h4 class=\"has-black-color has-text-color has-medium-font-size\">\u00cen prim\u0103 faz\u0103, \u00een unitatea noastr\u0103 s-au realizat rapid analize asupra tuturor cazurilor aflate \u00een misiune extern\u0103. Acolo unde a existat cea mai mic\u0103 temere c\u0103 o parte din date ar fi fost posibil s\u0103 fie cunoscute de Pacepa s-au luat urgent m\u0103suri de\u00a0<strong>aducere acas\u0103 a acestor ofi\u021beri, pentru a fi salva\u021bi<\/strong>.\u201d<\/h4>\r\n<h4>\r\n\r\n<\/h4>\r\n<h4 class=\"has-vivid-red-color has-text-color has-medium-font-size\"><strong>Decapitarea Unit\u0103\u021bii<\/strong><\/h4>\r\n<h4>\r\n\r\n<\/h4>\r\n<h4 class=\"has-black-color has-text-color has-medium-font-size\">\u201eA fost nevoie ca aceast\u0103 ac\u021biune s\u0103 fie executat\u0103 rapid.\u00a0<strong>Oamenii au fost contacta\u021bi \u00een drumurile lor de \u00eenapoiere de la serviciu spre cas\u0103, dota\u021bi cu acte \u0219i documente de c\u0103l\u0103torie pe alte identit\u0103\u021bi, transfera\u021bi \u00een spa\u021bii de tranzit \u0219i apoi adu\u0219i acas\u0103. Aici au \u00eenceput tragediile: familii distruse, so\u021bii \u0219i copii l\u0103sa\u021bi \u00een urm\u0103 f\u0103r\u0103 nici o explica\u021bie, cariere de prestigiu ruinate, oameni de un real poten\u021bial informativ stopa\u021bi din activitatea \u00een care erau angrena\u021bi \u0219i, de ce nu, averi, valori materiale str\u00e2nse cu greu, de o via\u021b\u0103, p\u0103r\u0103site<\/strong>. Mi-e greu \u0219i nici nu a\u0219 avea timpul \u0219i spa\u021biul necesar s\u0103 relatez tragediile suportate.<\/h4>\r\n<h4>\r\n\r\n<\/h4>\r\n<h4 class=\"has-black-color has-text-color has-medium-font-size\">Pe de alt\u0103 parte, urmare a dezert\u0103rii lui Pacepa,\u00a0<strong>unitatea noastr\u0103 a fost decapitat\u0103<\/strong>. To\u021bi \u0219efii au fost trecu\u021bi \u00een rezerv\u0103, inclusiv ofi\u021berii de orice func\u021bie cu gradele de locotenent-colonel \u0219i colonel.\u00a0<strong>A urmat o perioad\u0103 devastatoare<\/strong>. Unitatea \u00abFantome\u00bb a fost \u00eemp\u0103r\u021bit\u0103 \u00een trei subunit\u0103\u021bi \u0219i trecut\u0103 \u00een subordinea unit\u0103\u021bilor de linie ai c\u0103ror \u0219efi, \u0219i ei noi, nu au avut nici un fel de experien\u021b\u0103 pe linia specific\u0103 de munc\u0103. Ne-am chinuit s\u0103 \u00eei \u00eenv\u0103\u021b\u0103m ce ar trebui s\u0103 fac\u0103 \u0219i ne-am str\u0103duit din r\u0103sputeri s\u0103 supravie\u021buim. \u00cen plus,\u00a0<strong>\u00een unit\u0103\u021bile noastre s-a f\u0103cut o infuzie de ofi\u021beri de la Direc\u021bia de Contraspionaj<\/strong>, care ne-au privit tot timpul cu suspiciune, apoi ne-am trezit \u0219i cu unele deta\u0219\u0103ri la unit\u0103\u021bi cu care practic nu aveam nici \u00een clin nici \u00een m\u00e2nec\u0103.\u201d<\/h4>\r\n<h4>\r\n\r\n<\/h4>\r\n<h4 class=\"has-vivid-red-color has-text-color has-medium-font-size\"><strong>\u0218efii spionilor \u0219tiau!<\/strong><\/h4>\r\n<h4>\r\n\r\n<\/h4>\r\n<h4 class=\"has-black-color has-text-color has-medium-font-size\">Alt moment dramatic pentru SIE a fost cel din decembrie 1989. \u0218i pe acesta,\u00a0<strong>generalul Cornel Biri\u0219<\/strong>\u00a0l-a tr\u0103it la intensitate maxim\u0103. Ca \u0219i \u00een etapa ulterioar\u0103 dezert\u0103rii lui Pacepa, ofi\u021berul activa tot \u00een \u201e<strong>Unitatea Fantome<\/strong>\u201d. \u0218tia c\u0103 se apropie c\u0103derea regimului:<\/h4>\r\n<h4>\r\n\r\n<\/h4>\r\n<h4 class=\"has-black-color has-text-color has-medium-font-size\">\u201eEvenimentele din decembrie 1989 au fost practic \u00ab\u00eentrez\u0103rite\u00bb \u00een activitatea informativ\u0103, \u00een special prin\u00a0<strong>informa\u021biile provenite de la o<\/strong>\u00a0<strong>parte din ofi\u021berii afla\u021bi \u00een misiuni externe<\/strong>. Mai mult dec\u00e2t at\u00e2t, \u00ee<strong>n prim\u0103vara lui \u201889 am fost chiar dezarma\u021bi, ni s-a ridicat armamentul<\/strong>\u00a0de ap\u0103rare a sediului. Deci, am fost \u00abproteja\u021bi\u00bb!<\/h4>\r\n<h4>\r\n\r\n<\/h4>\r\n<h4 class=\"has-black-color has-text-color has-medium-font-size\">Mai clar am \u00een\u021beles ce urmeaz\u0103 s\u0103 se \u00eent\u00e2mple c\u00e2nd, \u00een vara lui 1989, gen. Aristotel Stamatoiu, \u0219eful Serviciului, a instruit c\u00e2\u021biva ofi\u021berii care urmau s\u0103 se \u00eent\u00e2lneasc\u0103 cu o serie de \u00abfantome\u00bb din exterior s\u0103 le transmit\u0103 c\u0103<strong>\u00a0\u00een Rom\u00e2nia vor avea loc evenimente importante, care vor duce la schimbarea regimului politic<\/strong>. Le-a transmis, totodat\u0103, c\u0103 situa\u021bia lor va fi protejat\u0103, s\u0103 manifeste calm \u0219i st\u0103p\u00e2nire de sine, \u0219i c\u0103 \u00een viitor le vor fi comunicate noile direc\u021biile de ac\u021biune.<\/h4>\r\n<h4>\r\n\r\n<\/h4>\r\n<h4 class=\"has-black-color has-text-color has-medium-font-size\">Dup\u0103 ce lucrurile s-au mai limpezit, \u00een 1990,\u00a0<strong>la conducerea SIE a fost numit generalul Mihai Caraman<\/strong>, iar la conducerea Unit\u0103\u021bii \u00abFantome\u00bb a revenit col. Vasile Angelescu, fost loc\u021biitor al \u0219efului unit\u0103\u021bii p\u00e2n\u0103 \u00een anul 1978, cel al dezert\u0103rii lui Pacepa.<strong>\u00a0Unitatea a fost ref\u0103cut\u0103, am \u00eenceput evalu\u0103rile \u0219i trecerea efectiv\u0103 la adaptarea activit\u0103\u021bii noastre la noile elemente ap\u0103rute<\/strong>. Eram bucuro\u0219i c\u0103 vom putea lucra efectiv complet pe specificul nostru.\u201d<\/h4>\r\n<h4>\r\n\r\n<\/h4>\r\n<h4 class=\"has-vivid-red-color has-text-color has-medium-font-size\"><strong>\u00cenceputul sf\u00e2r\u0219itului<\/strong><\/h4>\r\n<h4>\r\n\r\n<\/h4>\r\n<h4 class=\"has-black-color has-text-color has-medium-font-size\">A\u0219adar, dup\u0103 evenimentele din decembrie 1989, \u0219ef al spionajului rom\u00e2nesc a devenit legendarul ofi\u021ber de spionaj Mihai Caraman. Perioada 1990-1992, c\u00e2t acesta a fost \u0219ef, a fost una \u00een care\u00a0<strong>Unitatea \u201eFantome\u201d \u00ee\u0219i c\u0103uta cu \u0219anse de reu\u0219it\u0103 a\u0219ezarea fireasc\u0103<\/strong>.<\/h4>\r\n<h4>\r\n\r\n<\/h4>\r\n<h4 class=\"has-black-color has-text-color has-medium-font-size\">Totul s-a terminat \u00eens\u0103 rapid \u0219i a\u00a0<strong>urmat dezastrul, odat\u0103 cu venirea \u00een fruntea SIE, \u00een 1992, a lui Ioan Talpe\u0219<\/strong>. Momentul respectiv este cotat de generalul Cornel Biri\u0219 a fi unul de \u201e<strong>\u00eenceput al sf\u00e2r\u0219itului<\/strong>\u201d:<\/h4>\r\n<h4>\r\n\r\n<\/h4>\r\n<h4 class=\"has-black-color has-text-color has-medium-font-size\">\u201eLa conducerea SIE a fost numit Ioan Talpe\u0219, pe care noi \u00eel \u0219tiam doar din transmisiunile televizate \u00een care\u00a0<strong>ap\u0103rea \u00een postura de consilier al pre\u0219edintelui Ion Iliescu la discu\u021biile oficiale<\/strong>, cu un grup de mineri, \u00een frunte cu Miron Cosma.<\/h4>\r\n<h4>\r\n\r\n<\/h4>\r\n<h4 class=\"has-black-color has-text-color has-medium-font-size\">Ca s\u0103 folosesc o imagine metaforic\u0103, am sim\u021bit to\u021bi de la \u00eenceput c\u0103 Ioan Talpe\u0219 s-a urcat la volanul autobuzului \u00een care se afla unitatea noastr\u0103, s-a \u00eenfipt cu ambele picioare pe pedala de fr\u00e2n\u0103 \u0219i a tras cu ambele m\u00e2ini de fr\u00e2na de serviciu. Necazul nu a fost numai unul! Ne-am trezit cu \u00eenc\u0103 un \u0219ofer \u00een autobuz care, ca la lec\u021biile de condus cu dubl\u0103 comand\u0103, s-a pus \u0219i el pe fr\u00e2nele \u0219i le-a ac\u021bionat hot\u0103r\u00e2t: generalul Mihai \u201eBebe\u201d T\u0103n\u0103sescu.<\/h4>\r\n<h4>\r\n\r\n<\/h4>\r\n<h4 class=\"has-black-color has-text-color has-medium-font-size\">Pentru c\u0103 niciun necaz nu vine singur,<strong>\u00a0colonelul Victor Marcu, loc\u021biitor al \u0219efului unit\u0103\u021bii, s-a hot\u0103r\u00e2t s\u0103 plece de la SIE pentru a se duce la SRI<\/strong>. Alt dezastru! A urmat imediat o perioad\u0103 de migrare a ofi\u021berilor care veniser\u0103 anterior de la Securitatea intern\u0103, dup\u0103 fuga lui Pacepa, care au plecat la SRI, dup\u0103 Victor Marcu. Nu au plecat \u00eens\u0103 cu m\u00e2na goal\u0103:\u00a0<strong>au luat cu ei \u0219i cazuri, \u0219i dosare<\/strong>.\u201d<\/h4>\r\n<h4>\r\n\r\n<\/h4>\r\n<h4 class=\"has-vivid-red-color has-text-color has-medium-font-size\"><strong>A \u00eenceput co\u0219marul!<\/strong><\/h4>\r\n<h4>\r\n\r\n<\/h4>\r\n<h4 class=\"has-black-color has-text-color has-medium-font-size\">\u201eAm sim\u021bit \u00eenc\u0103 de la \u00eenceput c\u0103\u00a0<strong>noua conducere a SIE nu agrea deloc existen\u021ba \u0219i activitatea Unit\u0103\u021bii \u201eFantome\u201d<\/strong>. Desele repro\u0219uri, nemul\u021bumiri \u0219i animozit\u0103\u021bi au culminat cu\u00a0<strong>ordinul de a retrage to\u021bi ofi\u021berii speciali \u0219i poten\u021bialul informativ din spa\u021biul principalului partener extern<\/strong>. Ni s-a motivat c\u0103 Rom\u00e2nia nu poate intra \u00een NATO, Uniunea European\u0103 \u0219i \u00een alte organisme din cauza noastr\u0103, a \u00abfantomelor\u00bb.<\/h4>\r\n<h4>\r\n\r\n<\/h4>\r\n<figure class=\"aligncenter size-large\"><a href=\"http:\/\/www.desteptati-va.ro\/wp-content\/uploads\/2021\/01\/ioan-talpes-si-ion-iliescu.jpg\"><img decoding=\"async\" class=\"wp-image-5491\" src=\"http:\/\/www.desteptati-va.ro\/wp-content\/uploads\/2021\/01\/ioan-talpes-si-ion-iliescu.jpg\" alt=\"\" \/><\/a><\/figure>\r\n<h4>\r\n\r\n<\/h4>\r\n<h4 class=\"has-black-color has-text-color has-medium-font-size\"><strong>Foto<\/strong>: Ioan Talpe\u0219 (st\u00e2nga), \u00eensc\u0103unat \u00een 1992 la SIE de pre\u0219edintele Rom\u00e2niei, Ion Iliescu (dreapta), a avut drept principal scop desfiin\u021barea \u201eFantomelor\u201d\u00a0<\/h4>\r\n<h4>\r\n\r\n<\/h4>\r\n<h4 class=\"has-black-color has-text-color has-medium-font-size\">Ni s-a stabilit un\u00a0<strong>termen de executare a ordinului de retragere imposibil de realizat<\/strong>! \u00cen situa\u021bia \u00een care acest ordin nu se realiza \u00een termenul ordonat de Talpe\u0219,\u00a0<strong>to\u021bi cei care se mai aflau \u00een spa\u021biul men\u021bionat urmau a fi da\u021bi pe liste partenerului extern<\/strong>.<\/h4>\r\n<h4>\r\n\r\n<\/h4>\r\n<h4 class=\"has-black-color has-text-color has-medium-font-size\">Perioada care a urmat a fost de co\u0219mar. Pe unii ofi\u021beri\u00a0<strong>am reu\u0219it s\u0103 \u00eei salv\u0103m, pe al\u021bii nu<\/strong>, pentru c\u0103 situa\u021bia lor concret\u0103 nu putea fi pus\u0103 \u00een acord cu cerin\u021bele impuse. Analizele \u0219i discu\u021biile cu ace\u0219tia au fost\u00a0<strong>inimaginabil de grele<\/strong>. Mul\u021bi au raportat c\u0103 nu au cum s\u0103 plece din spa\u021biu aduc\u00e2nd zeci de motive, toate plauzibile \u0219i reale. Ca atare, li s-a adus la cuno\u0219tin\u021b\u0103 c\u0103 vor fi nominaliza\u021bi pe listele ce vor fi predate partenerului extern. Unul dintre ofi\u021beri ne-a spus clar \u00ab<strong>dec\u00e2t cu voi, ca tr\u0103d\u0103tor, mai bine \u00een ghearele partenerului vostru, cu care m-a\u021bi pus s\u0103 m\u0103 lupt p\u00e2n\u0103 acum<\/strong>!\u00bb\u201d.<\/h4>\r\n<h4>\r\n\r\n<\/h4>\r\n<h4 class=\"has-vivid-red-color has-text-color has-medium-font-size\"><strong>Termen de execu\u021bie \u201eAcum!\u201d<\/strong><\/h4>\r\n<h4>\r\n\r\n<\/h4>\r\n<h4 class=\"has-black-color has-text-color has-medium-font-size\">\u201eMotiv\u00e2nd c\u0103 \u00ab<strong>a\u0219a nu se mai poate<\/strong>!\u00bb, generalul Vasile Angelescu a hot\u0103r\u00e2t s\u0103-\u0219i dea demisia. Dup\u0103 plecarea lui, Unitatea \u00abFantome\u00bb a fost fracturat\u0103 \u00een dou\u0103 subunit\u0103\u021bi \u0219i alipite la alte dou\u0103 unit\u0103\u021bi cu care nu aveam nici \u00een clin, nici \u00een m\u00e2nec\u0103, de altfel \u0219i ele cu un statut precar privind viitorul lor. Am continuat ac\u021biunile ordonate\u00a0<strong>f\u0103r\u0103 a putea g\u0103si \u00een\u021belegere de niciun fel<\/strong>\u00a0la desele obiec\u021biuni pe care le ridicam. \u00cen plus, au mai urmat \u00eenc\u0103\u00a0<strong>dou\u0103 \u021b\u0103ri foarte importante<\/strong>, \u00een care aveam poten\u021bial informativ, care au trebuit \u00abperiate\u00bb cu termen de execu\u021bie \u00abAcum!\u00bb.<\/h4>\r\n<h4>\r\n\r\n<\/h4>\r\n<h4 class=\"has-black-color has-text-color has-medium-font-size\">La toate nenorocirile acestea s-au mai ad\u0103ugat \u0219i\u00a0<strong>ac\u021biunile colonelului Cornel Neme\u021bi<\/strong>. A\u0219a cum singur a recunoscut \u00een volumul de memorii, a<strong>\u00a0sf\u0103tuit poten\u021bialul informativ din subordine s\u0103 nu respecte ordinele Centralei<\/strong>\u00a0de a p\u0103r\u0103si spa\u021biul \u00een care se aflau. Le-a sugerat clar\u00a0<strong>s\u0103-\u0219i vad\u0103 de treab\u0103 \u0219i s\u0103 nu mai r\u0103spund\u0103 la nici o solicitare a Centralei<\/strong>.<\/h4>\r\n<h4>\r\n\r\n<\/h4>\r\n<h4 class=\"has-black-color has-text-color has-medium-font-size\">Nu ni s-a spus niciodat\u0103 cine \u00ee\u0219i asum\u0103 aceast\u0103 ac\u021biune unic\u0103 \u00een istoria serviciilor de informa\u021bii. Suntem unicat \u0219i pot s\u0103 cred c\u0103 o astfel de ac\u021biune nu se va mai putea repeta, at\u00e2ta timp c\u00e2t vor mai exista servicii de spionaj pe p\u0103m\u00e2nt.\u201d<\/h4>\r\n<h4>\r\n\r\n<\/h4>\r\n<h4 class=\"has-medium-font-size\"><strong>Talpe\u0219 a predat mapele<\/strong><\/h4>\r\n<h4>\r\n\r\n<\/h4>\r\n<h4 class=\"has-black-color has-text-color has-medium-font-size\">\u201eAr fi important de \u0219tiut dac\u0103 Ioan Talpe\u0219 a ac\u021bionat \u00een baza vreunei<strong>\u00a0hot\u0103r\u00e2ri a CSAT<\/strong>. De asemenea, d<strong>ac\u0103 pre\u0219edintele Ion Iliescu<\/strong>, pe atunci \u0219i Comandant Suprem al Armatei \u0219i For\u021belor de Siguran\u021b\u0103 Na\u021bional\u0103,\u00a0<strong>a cunoscut natura ordinului<\/strong>\u00a0\u0219i efectele lui \u0219i dac\u0103\u00a0<strong>a semnat vreun document<\/strong>\u00a0\u00een acest sens.<\/h4>\r\n<h4>\r\n\r\n<\/h4>\r\n<h4 class=\"has-black-color has-text-color has-medium-font-size\">Relat\u0103rile lui Ioan Talpe\u0219 din media cu privire la actele sale \u00een favoarea partenerilor externi au fost \u00eentotdeauna\u00a0<strong>ambigue \u0219i neconcludente<\/strong>. A mers p\u00e2n\u0103 acolo \u00eenc\u00e2t s\u0103 declare \u00een emisiunea lui Octavian Hoandr\u0103 c\u0103 la discu\u021biile cu \u00ab<strong>principalul partener extern<\/strong>\u00bb a avut o \u00ab<strong>h\u00e2rtiu\u021b\u0103 \u00een buzunar<\/strong>\u00bb care nici nu i-a mai fost cerut\u0103, pentru ca imediat s\u0103-i recunoasc\u0103 moderatorului, c\u0103 \u00ab<strong>da, am predat listele!<\/strong>\u00bb.<\/h4>\r\n<h4>\r\n\r\n<\/h4>\r\n<h4 class=\"has-black-color has-text-color has-medium-font-size\"><strong>Foarte important!\u00a0<\/strong>Mai suntem \u00eenc\u0103 mul\u021bi \u00een via\u021b\u0103 dintre cei care\u00a0<strong>am v\u0103zut cu groaz\u0103 pe masa de consiliu din biroul s\u0103u mapele aliniate care con\u021bineau toat\u0103 baza extern\u0103 a tuturor unit\u0103\u021bilor din SIE, preg\u0103tite pentru a fi predate personal de c\u0103tre Ioan Talpe\u0219 serviciilor din \u021b\u0103rile \u00een cauz\u0103<\/strong>. A fost un schimb reciproc? A cerut partenerului s\u0103 predea \u0219i el poten\u021bialul s\u0103u informativ din Rom\u00e2nia?\u201d<\/h4>\r\n<h4>\r\n\r\n<\/h4>\r\n<h4 class=\"has-vivid-red-color has-text-color has-medium-font-size\"><strong>\u201eOmul din umbr\u0103\u201d de la Mossad<\/strong><\/h4>\r\n<h4>\r\n\r\n<\/h4>\r\n<h4 class=\"has-black-color has-text-color has-medium-font-size\">\u201e\u00cen 1997, a \u00eenceput o perioad\u0103 mai senin\u0103 pentru Unitatea \u201eFantome\u201d. Noul director,\u00a0<strong>C\u0103t\u0103lin Harnagea<\/strong>, s-a aplecat cu mult\u0103 aten\u021bie asupra specificului unit\u0103\u021bii, a analizat cu minu\u021biozitate toate aspectele acestei activit\u0103\u021bi \u0219i\u00a0<strong>a hot\u0103r\u00e2t re\u00eenfiin\u021barea ei la standardele de func\u021bionare, ca organizare \u0219i m\u0103rime din perioada anilor \u201970<\/strong>. Sub directoratul s\u0103u, efectivele unit\u0103\u021bii au fost apreciate la adev\u0103rata lor valoare.\u00a0<strong>Nu a durat mult<\/strong>!<\/h4>\r\n<h4>\r\n\r\n<\/h4>\r\n<h4 class=\"has-black-color has-text-color has-medium-font-size\"><strong>Dup\u0103 c\u00e2\u0219tigarea alegerilor de c\u0103tre Ion Iliescu, \u00een anul 2000, \u0219i dup\u0103 revenirea la Cotroceni a lui Ioan Talpe\u0219, acesta din urm\u0103 \u0219i-a des\u0103v\u00e2r\u0219it opera<\/strong>.<\/h4>\r\n<h4>\r\n\r\n<\/h4>\r\n<h4 class=\"has-black-color has-text-color has-medium-font-size\">Ceea ce noi reconstruisem cu migal\u0103 \u0219i sudoare, sprijini\u021bi de C\u0103t\u0103lin Harnagea, Talpe\u0219 a distrus definitiv prin intermediul lui\u00a0<strong>Gheorghe Fulga, un alt trimis al lui Ion Iliescu \u00een fruntea SIE<\/strong>. Prin intermediul acestuia,\u00a0<strong>Ioan Talpe\u0219 a reu\u0219it s\u0103-\u0219i realizeze visul<\/strong>: \u00een martie 2002,\u00a0<strong>Unitatea \u201eFantome\u201d a fost desfiin\u021bat\u0103<\/strong>.<\/h4>\r\n<h4>\r\n\r\n<\/h4>\r\n<h4 class=\"has-black-color has-text-color has-medium-font-size\">Nici de data aceasta nu se \u0219tie dac\u0103 la baza ac\u021biunii a stat vreo\u00a0<strong>hot\u0103r\u00e2re a CSAT<\/strong>\u00a0sau, dac\u0103 a existat a\u0219a ceva, \u00een ce condi\u021bii a fost dat\u0103. Le fel, nu se \u0219tie nici dac\u0103\u00a0<strong>pre\u0219edintele Iliescu a \u00een\u021beles ceva din gravitatea desfiin\u021b\u0103rii unit\u0103\u021bii, dar, mai ales, a acestei linii de munc\u0103<\/strong>.<\/h4>\r\n<h4>\r\n\r\n<\/h4>\r\n<h4 class=\"has-black-color has-text-color has-medium-font-size\">Nu pot s\u0103 \u00eenchei \u00een\u0219iruirea g\u00e2ndurilor mele f\u0103r\u0103 a reproduce un pasaj de referin\u021b\u0103 din lucrarea \u00ab<strong>Omul din umbr\u0103<\/strong>\u00bb a celebrului\u00a0<strong>director al Mossadului, Efraim Halevy: \u00abM-am mi\u0219cat \u0219i am ac\u021bionat \u00een umbr\u0103 timp de aproape 40 de ani. Toate arat\u0103 altfel de acolo, dar, de fapt, care este lumea umbrelor \u0219i care este aceea a luminii? Care este lumea iluziei \u0219i care este aceea a realit\u0103\u021bii sau este vorba de un amestec a celor dou\u0103\u2026? Dac\u0103 diploma\u021bia este arta posibilului, informa\u021biile sunt me\u0219te\u0219ugul imposibilului, iar via\u021ba a devenit mai imposibil\u0103 dec\u00e2t \u00een oricare moment al istoriei umane\u00bb.<\/strong><\/h4>\r\n<h4>\r\n\r\n<\/h4>\r\n<h4 class=\"has-vivid-red-color has-text-color has-medium-font-size\"><strong>\u00a0Memoriile justificative ale lui Cornel Neme\u021bi<\/strong><\/h4>\r\n<h4>\r\n\r\n<\/h4>\r\n<h4 class=\"has-black-color has-text-color has-medium-font-size\">Am fost curios, \u00een timpul deselor discu\u021bii pe care le-am avut cu\u00a0<strong>generalul Cornel Biri\u0219<\/strong>, s\u0103-l \u00eentreb o chestiune pe care o consider de mare interes. Am dorit s\u0103 aflu de la general\u00a0<strong>care crede el c\u0103 au fost motivele pentru care fostul curier ilegal Cornel Neme\u021bi a scris a\u0219a cum a scris<\/strong>\u00a0despre locul \u00een care a muncit o \u00eentreag\u0103 carier\u0103 \u0219i despre oamenii al\u0103turi de care a f\u0103cut-o.\u00a0<strong>Generalul Cornel Biri\u0219<\/strong>\u00a0mi-a contrazis opinia pe care eu o aveam, aceea c\u0103\u00a0<strong>Neme\u021bi a publicat volumul de memorii \u00een vederea camufl\u0103rii unui act de tr\u0103dare mult mai grav dec\u00e2t deconspir\u0103rile din carte<\/strong>: \u201ePosibil, dar eu nu cred! Persoane demne de \u00eencredere, dup\u0103 ce s-au asigurat c\u0103 nu am telefonul mobil asupra mea, au f\u0103cut afirma\u021bii destul de documentate, din care rezulta c\u0103\u00a0<strong>Neme\u021bi ar fi fost \u00eencurajat \u0219i apoi chiar protejat s\u0103 scrie \u00abmemoriile\u00bb sale \u00een aceast\u0103 gam\u0103, pentru a justifica \u00eenc\u0103 o dat\u0103, post-factum, \u00abnecesitatea\u00bb desfiin\u021b\u0103rii liniei de munc\u0103 special\u0103 a \u00abfantomelor\u00bb<\/strong>. Trist, mizerabil, dezgust\u0103tor \u0219i dezonorant!\u201d<\/h4>\r\n<h4>\r\n\r\n<\/h4>\r\n<h4 class=\"has-vivid-red-color has-text-color has-medium-font-size\"><strong>Un kagebist american plin de tupeu<\/strong><\/h4>\r\n<h4>\r\n\r\n<\/h4>\r\n<h4 class=\"has-black-color has-text-color has-medium-font-size\">\u00cen urm\u0103 cu ceva vreme,\u00a0<strong>generalul Gheorghe Dragomir<\/strong>, numit dup\u0103 1990 loc\u021biitor al \u0219efului SIE, \u00een perioada directoratului lui Mihai Caraman, povestea unor fo\u0219ti camarazi despre\u00a0<strong>presiunile repetate \u0219i jignitoare ale ofi\u021berului CIA, Harold J. Nicholson (foto)<\/strong>, aflat la post \u00een acea perioad\u0103 la Ambasada SUA din Bucure\u0219ti.<\/h4>\r\n<h4>\r\n\r\n<\/h4>\r\n<h4 class=\"has-black-color has-text-color has-medium-font-size\"><strong>Harold J. Nicholson (foto)\u00a0<\/strong><\/h4>\r\n<h4>\r\n\r\n<\/h4>\r\n<figure class=\"aligncenter size-large is-resized\"><a href=\"http:\/\/www.desteptati-va.ro\/wp-content\/uploads\/2021\/01\/Harold-J.-Nicolson.jpg\"><img loading=\"lazy\" decoding=\"async\" class=\"aligncenter wp-image-5490\" src=\"http:\/\/www.desteptati-va.ro\/wp-content\/uploads\/2021\/01\/Harold-J.-Nicolson.jpg\" alt=\"\" width=\"203\" height=\"353\" \/><\/a><\/figure>\r\n<h4>\r\n\r\n<\/h4>\r\n<h4 class=\"has-medium-font-size\">Acesta\u00a0<strong>solicita insistent deconspirarea re\u021belei informative rom\u00e2ne\u0219ti aflat\u0103 \u00een SUA<\/strong>. I s-a explicat \u00een nenum\u0103rate r\u00e2nduri c\u0103\u00a0<strong>o astfel de negociere nu poate avea loc<\/strong>\u00a0\u0219i a fost refuzat. C\u00e2\u021biva ani mai t\u00e2rziu, \u00een 16 noiembrie 1996,\u00a0<strong>Nicholson avea s\u0103 fie arestat de FBI pentru spionaj \u00een favoarea Rusiei<\/strong>. La aflarea ve\u0219tii, profesioni\u0219tii din domeniu au ridicat brusc spr\u00e2ncenele \u0219i s-au \u00eentrebat retoric:\u00a0<strong>pentru cine cerea Nicholson listele cu poten\u021bialul informativ rom\u00e2nesc din SUA, pentru SUA sau pentru Rusia<\/strong>?<\/h4>\r\n        <div class=\"booster-block booster-reactions-block\">\n            <div class=\"twp-reactions-icons\">\n                \n                <div class=\"twp-reacts-wrap\">\n                    <a react-data=\"be-react-1\" post-id=\"4223\" class=\"be-face-icons un-reacted\" href=\"javascript:void(0)\">\n                        <img decoding=\"async\" src=\"https:\/\/desteptati-va.ro\/wp-content\/plugins\/booster-extension\/\/assets\/icon\/happy.svg\" alt=\"Happy\">\n                    <\/a>\n                    <div class=\"twp-reaction-title\">\n                        Happy                    <\/div>\n                    <div class=\"twp-count-percent\">\n                                                    <span style=\"display: none;\" class=\"twp-react-count\">4<\/span>\n                        \n                                                <span class=\"twp-react-percent\"><span>4<\/span> %<\/span>\n                                            <\/div>\n                <\/div>\n\n                <div class=\"twp-reacts-wrap\">\n                    <a react-data=\"be-react-2\" post-id=\"4223\" class=\"be-face-icons un-reacted\" href=\"javascript:void(0)\">\n                        <img decoding=\"async\" src=\"https:\/\/desteptati-va.ro\/wp-content\/plugins\/booster-extension\/\/assets\/icon\/sad.svg\" alt=\"Sad\">\n                    <\/a>\n                    <div class=\"twp-reaction-title\">\n                        Sad                    <\/div>\n                    <div class=\"twp-count-percent\">\n                                                    <span style=\"display: none;\" class=\"twp-react-count\">15<\/span>\n                                                                        <span class=\"twp-react-percent\"><span>15<\/span> %<\/span>\n                                            <\/div>\n                <\/div>\n\n                <div class=\"twp-reacts-wrap\">\n                    <a react-data=\"be-react-3\" post-id=\"4223\" class=\"be-face-icons un-reacted\" href=\"javascript:void(0)\">\n                        <img decoding=\"async\" src=\"https:\/\/desteptati-va.ro\/wp-content\/plugins\/booster-extension\/\/assets\/icon\/excited.svg\" alt=\"Excited\">\n                    <\/a>\n                    <div class=\"twp-reaction-title\">\n                        Excited                    <\/div>\n                    <div class=\"twp-count-percent\">\n                                                    <span style=\"display: none;\" class=\"twp-react-count\">4<\/span>\n                                                                        <span class=\"twp-react-percent\"><span>4<\/span> %<\/span>\n                                            <\/div>\n                <\/div>\n\n                <div class=\"twp-reacts-wrap\">\n                    <a react-data=\"be-react-6\" post-id=\"4223\" class=\"be-face-icons un-reacted\" href=\"javascript:void(0)\">\n                        <img decoding=\"async\" src=\"https:\/\/desteptati-va.ro\/wp-content\/plugins\/booster-extension\/\/assets\/icon\/sleepy.svg\" alt=\"Sleepy\">\n                    <\/a>\n                    <div class=\"twp-reaction-title\">\n                        Sleepy                    <\/div>\n                    <div class=\"twp-count-percent\">\n                                                    <span style=\"display: none;\" class=\"twp-react-count\">1<\/span>\n                        \n                                                <span class=\"twp-react-percent\"><span>1<\/span> %<\/span>\n                                            <\/div>\n                <\/div>\n\n                <div class=\"twp-reacts-wrap\">\n                    <a react-data=\"be-react-4\" post-id=\"4223\" class=\"be-face-icons un-reacted\" href=\"javascript:void(0)\">\n                        <img decoding=\"async\" src=\"https:\/\/desteptati-va.ro\/wp-content\/plugins\/booster-extension\/\/assets\/icon\/angry.svg\" alt=\"Angry\">\n                    <\/a>\n                    <div class=\"twp-reaction-title\">Angry<\/div>\n                    <div class=\"twp-count-percent\">\n                                                    <span style=\"display: none;\" class=\"twp-react-count\">65<\/span>\n                                                                        <span class=\"twp-react-percent\"><span>67<\/span> %<\/span>\n                        \n                    <\/div>\n                <\/div>\n\n                <div class=\"twp-reacts-wrap\">\n                    <a react-data=\"be-react-5\" post-id=\"4223\" class=\"be-face-icons un-reacted\" href=\"javascript:void(0)\">\n                        <img decoding=\"async\" src=\"https:\/\/desteptati-va.ro\/wp-content\/plugins\/booster-extension\/\/assets\/icon\/surprise.svg\" alt=\"Surprise\">\n                    <\/a>\n                    <div class=\"twp-reaction-title\">Surprise<\/div>\n                    <div class=\"twp-count-percent\">\n                                                    <span style=\"display: none;\" class=\"twp-react-count\">8<\/span>\n                                                                        <span class=\"twp-react-percent\"><span>8<\/span> %<\/span>\n                                            <\/div>\n                <\/div>\n\n            <\/div>\n        <\/div>\n\n    <\/div>","protected":false},"excerpt":{"rendered":"<p>Celui mai grav act de tr\u0103dare, nu doar din istoria Rom\u00e2niei, ci chiar din istoria serviciilor secrete din toat\u0103 lumea<a href=\"https:\/\/desteptati-va.ro\/index.php\/2021\/04\/20\/cand-a-predat-fantomele-ioan-talpes-a-comis-cel-mai-grav-act-de-tradare-din-istoria-spionajului\/\">Read More<i class=\"fa fa-long-arrow-right\" aria-hidden=\"true\"><\/i><\/a><\/p>\n","protected":false},"author":1,"featured_media":3132,"comment_status":"open","ping_status":"open","sticky":false,"template":"","format":"standard","meta":{"_crdt_document":"","footnotes":""},"categories":[22,218],"tags":[221,284,155,1640],"class_list":["post-4223","post","type-post","status-publish","format-standard","has-post-thumbnail","hentry","category-epoca-ion-iliescu-1989-1996-2000-2004","category-general","tag-iliescu","tag-ion","tag-spionaj","tag-talpes"],"rise-blocks_total_comments":8,"rise-blocks_categories":[{"term_id":22,"name":"Epoca Ion Iliescu (1989-1996) (2000-2004)","slug":"epoca-ion-iliescu-1989-1996-2000-2004","term_group":0,"term_taxonomy_id":22,"taxonomy":"category","description":"","parent":20,"count":6,"filter":"raw"}],"rise-blocks_excerpt":"Celui mai grav act de tr\u0103dare, nu doar din istoria Rom\u00e2niei, ci chiar din istoria serviciilor secrete din toat\u0103 lumea \u0219i din toate timpurile. Este vorba despre gestul generalului Ioan Talpe\u0219, \u0219ef al Serviciului de Informa\u021bii Externe (SIE) \u00een perioada 1992-1997, &#8211; venit la c\u00e2rma serviciului din ordinul lui Ion Iliescu \u0219i din postura de consilier al acestuia &#8211; de..","yoast_head":"<!-- This site is optimized with the Yoast SEO plugin v26.9 - https:\/\/yoast.com\/product\/yoast-seo-wordpress\/ -->\r\n<title>C\u00e2nd a predat \u201eFantomele\u201d, Ioan Talpe\u0219 a comis cel mai grav act de tr\u0103dare din istoria spionajului! -<\/title>\r\n<meta name=\"robots\" content=\"index, follow, max-snippet:-1, max-image-preview:large, max-video-preview:-1\" \/>\r\n<link rel=\"canonical\" href=\"https:\/\/desteptati-va.ro\/index.php\/2021\/04\/20\/cand-a-predat-fantomele-ioan-talpes-a-comis-cel-mai-grav-act-de-tradare-din-istoria-spionajului\/\" \/>\r\n<meta property=\"og:locale\" content=\"ro_RO\" \/>\r\n<meta property=\"og:type\" content=\"article\" \/>\r\n<meta property=\"og:title\" content=\"C\u00e2nd a predat \u201eFantomele\u201d, Ioan Talpe\u0219 a comis cel mai grav act de tr\u0103dare din istoria spionajului! -\" \/>\r\n<meta property=\"og:description\" content=\"Celui mai grav act de tr\u0103dare, nu doar din istoria Rom\u00e2niei, ci chiar din istoria serviciilor secrete din toat\u0103 lumeaRead More\" \/>\r\n<meta property=\"og:url\" content=\"https:\/\/desteptati-va.ro\/index.php\/2021\/04\/20\/cand-a-predat-fantomele-ioan-talpes-a-comis-cel-mai-grav-act-de-tradare-din-istoria-spionajului\/\" \/>\r\n<meta property=\"article:published_time\" content=\"2021-04-20T07:10:17+00:00\" \/>\r\n<meta property=\"article:modified_time\" content=\"2021-05-12T10:47:22+00:00\" \/>\r\n<meta property=\"og:image\" content=\"https:\/\/desteptati-va.ro\/wp-content\/uploads\/2021\/04\/ioan-talpes-si-ion-iliescu.jpg\" \/>\r\n\t<meta property=\"og:image:width\" content=\"550\" \/>\r\n\t<meta property=\"og:image:height\" content=\"268\" \/>\r\n\t<meta property=\"og:image:type\" content=\"image\/jpeg\" \/>\r\n<meta name=\"author\" content=\"wolfsoftcompany\" \/>\r\n<meta name=\"twitter:card\" content=\"summary_large_image\" \/>\r\n<meta name=\"twitter:label1\" content=\"Scris de\" \/>\n\t<meta name=\"twitter:data1\" content=\"wolfsoftcompany\" \/>\n\t<meta name=\"twitter:label2\" content=\"Timp estimat pentru citire\" \/>\n\t<meta name=\"twitter:data2\" content=\"12 minute\" \/>\r\n<script type=\"application\/ld+json\" class=\"yoast-schema-graph\">{\"@context\":\"https:\/\/schema.org\",\"@graph\":[{\"@type\":\"Article\",\"@id\":\"https:\/\/desteptati-va.ro\/index.php\/2021\/04\/20\/cand-a-predat-fantomele-ioan-talpes-a-comis-cel-mai-grav-act-de-tradare-din-istoria-spionajului\/#article\",\"isPartOf\":{\"@id\":\"https:\/\/desteptati-va.ro\/index.php\/2021\/04\/20\/cand-a-predat-fantomele-ioan-talpes-a-comis-cel-mai-grav-act-de-tradare-din-istoria-spionajului\/\"},\"author\":{\"name\":\"wolfsoftcompany\",\"@id\":\"https:\/\/desteptati-va.ro\/#\/schema\/person\/13182deeebd44920914899f7bb262d6b\"},\"headline\":\"C\u00e2nd a predat \u201eFantomele\u201d, Ioan Talpe\u0219 a comis cel mai grav act de tr\u0103dare din istoria spionajului!\",\"datePublished\":\"2021-04-20T07:10:17+00:00\",\"dateModified\":\"2021-05-12T10:47:22+00:00\",\"mainEntityOfPage\":{\"@id\":\"https:\/\/desteptati-va.ro\/index.php\/2021\/04\/20\/cand-a-predat-fantomele-ioan-talpes-a-comis-cel-mai-grav-act-de-tradare-din-istoria-spionajului\/\"},\"wordCount\":2846,\"commentCount\":8,\"image\":{\"@id\":\"https:\/\/desteptati-va.ro\/index.php\/2021\/04\/20\/cand-a-predat-fantomele-ioan-talpes-a-comis-cel-mai-grav-act-de-tradare-din-istoria-spionajului\/#primaryimage\"},\"thumbnailUrl\":\"https:\/\/desteptati-va.ro\/wp-content\/uploads\/2021\/04\/ioan-talpes-si-ion-iliescu.jpg\",\"keywords\":[\"Iliescu\",\"Ion\",\"spionaj\",\"talpes\"],\"articleSection\":[\"Epoca Ion Iliescu (1989-1996) (2000-2004)\",\"General\"],\"inLanguage\":\"ro-RO\",\"potentialAction\":[{\"@type\":\"CommentAction\",\"name\":\"Comment\",\"target\":[\"https:\/\/desteptati-va.ro\/index.php\/2021\/04\/20\/cand-a-predat-fantomele-ioan-talpes-a-comis-cel-mai-grav-act-de-tradare-din-istoria-spionajului\/#respond\"]}]},{\"@type\":\"WebPage\",\"@id\":\"https:\/\/desteptati-va.ro\/index.php\/2021\/04\/20\/cand-a-predat-fantomele-ioan-talpes-a-comis-cel-mai-grav-act-de-tradare-din-istoria-spionajului\/\",\"url\":\"https:\/\/desteptati-va.ro\/index.php\/2021\/04\/20\/cand-a-predat-fantomele-ioan-talpes-a-comis-cel-mai-grav-act-de-tradare-din-istoria-spionajului\/\",\"name\":\"C\u00e2nd a predat \u201eFantomele\u201d, Ioan Talpe\u0219 a comis cel mai grav act de tr\u0103dare din istoria spionajului! -\",\"isPartOf\":{\"@id\":\"https:\/\/desteptati-va.ro\/#website\"},\"primaryImageOfPage\":{\"@id\":\"https:\/\/desteptati-va.ro\/index.php\/2021\/04\/20\/cand-a-predat-fantomele-ioan-talpes-a-comis-cel-mai-grav-act-de-tradare-din-istoria-spionajului\/#primaryimage\"},\"image\":{\"@id\":\"https:\/\/desteptati-va.ro\/index.php\/2021\/04\/20\/cand-a-predat-fantomele-ioan-talpes-a-comis-cel-mai-grav-act-de-tradare-din-istoria-spionajului\/#primaryimage\"},\"thumbnailUrl\":\"https:\/\/desteptati-va.ro\/wp-content\/uploads\/2021\/04\/ioan-talpes-si-ion-iliescu.jpg\",\"datePublished\":\"2021-04-20T07:10:17+00:00\",\"dateModified\":\"2021-05-12T10:47:22+00:00\",\"author\":{\"@id\":\"https:\/\/desteptati-va.ro\/#\/schema\/person\/13182deeebd44920914899f7bb262d6b\"},\"breadcrumb\":{\"@id\":\"https:\/\/desteptati-va.ro\/index.php\/2021\/04\/20\/cand-a-predat-fantomele-ioan-talpes-a-comis-cel-mai-grav-act-de-tradare-din-istoria-spionajului\/#breadcrumb\"},\"inLanguage\":\"ro-RO\",\"potentialAction\":[{\"@type\":\"ReadAction\",\"target\":[\"https:\/\/desteptati-va.ro\/index.php\/2021\/04\/20\/cand-a-predat-fantomele-ioan-talpes-a-comis-cel-mai-grav-act-de-tradare-din-istoria-spionajului\/\"]}]},{\"@type\":\"ImageObject\",\"inLanguage\":\"ro-RO\",\"@id\":\"https:\/\/desteptati-va.ro\/index.php\/2021\/04\/20\/cand-a-predat-fantomele-ioan-talpes-a-comis-cel-mai-grav-act-de-tradare-din-istoria-spionajului\/#primaryimage\",\"url\":\"https:\/\/desteptati-va.ro\/wp-content\/uploads\/2021\/04\/ioan-talpes-si-ion-iliescu.jpg\",\"contentUrl\":\"https:\/\/desteptati-va.ro\/wp-content\/uploads\/2021\/04\/ioan-talpes-si-ion-iliescu.jpg\",\"width\":550,\"height\":268},{\"@type\":\"BreadcrumbList\",\"@id\":\"https:\/\/desteptati-va.ro\/index.php\/2021\/04\/20\/cand-a-predat-fantomele-ioan-talpes-a-comis-cel-mai-grav-act-de-tradare-din-istoria-spionajului\/#breadcrumb\",\"itemListElement\":[{\"@type\":\"ListItem\",\"position\":1,\"name\":\"Prima pagin\u0103\",\"item\":\"https:\/\/desteptati-va.ro\/\"},{\"@type\":\"ListItem\",\"position\":2,\"name\":\"C\u00e2nd a predat \u201eFantomele\u201d, Ioan Talpe\u0219 a comis cel mai grav act de tr\u0103dare din istoria spionajului!\"}]},{\"@type\":\"WebSite\",\"@id\":\"https:\/\/desteptati-va.ro\/#website\",\"url\":\"https:\/\/desteptati-va.ro\/\",\"name\":\"\",\"description\":\"\",\"potentialAction\":[{\"@type\":\"SearchAction\",\"target\":{\"@type\":\"EntryPoint\",\"urlTemplate\":\"https:\/\/desteptati-va.ro\/?s={search_term_string}\"},\"query-input\":{\"@type\":\"PropertyValueSpecification\",\"valueRequired\":true,\"valueName\":\"search_term_string\"}}],\"inLanguage\":\"ro-RO\"},{\"@type\":\"Person\",\"@id\":\"https:\/\/desteptati-va.ro\/#\/schema\/person\/13182deeebd44920914899f7bb262d6b\",\"name\":\"wolfsoftcompany\",\"image\":{\"@type\":\"ImageObject\",\"inLanguage\":\"ro-RO\",\"@id\":\"https:\/\/desteptati-va.ro\/#\/schema\/person\/image\/\",\"url\":\"https:\/\/secure.gravatar.com\/avatar\/a6cce9b6d101d27d91690e7073e300fed94c0899890bf998e082cb9d2c3d121e?s=96&d=mm&r=g\",\"contentUrl\":\"https:\/\/secure.gravatar.com\/avatar\/a6cce9b6d101d27d91690e7073e300fed94c0899890bf998e082cb9d2c3d121e?s=96&d=mm&r=g\",\"caption\":\"wolfsoftcompany\"},\"sameAs\":[\"http:\/\/desteptati-va.ro\"],\"url\":\"https:\/\/desteptati-va.ro\/index.php\/author\/wolfsoftcompany\/\"}]}<\/script>\r\n<!-- \/ Yoast SEO plugin. -->","yoast_head_json":{"title":"C\u00e2nd a predat \u201eFantomele\u201d, Ioan Talpe\u0219 a comis cel mai grav act de tr\u0103dare din istoria spionajului! -","robots":{"index":"index","follow":"follow","max-snippet":"max-snippet:-1","max-image-preview":"max-image-preview:large","max-video-preview":"max-video-preview:-1"},"canonical":"https:\/\/desteptati-va.ro\/index.php\/2021\/04\/20\/cand-a-predat-fantomele-ioan-talpes-a-comis-cel-mai-grav-act-de-tradare-din-istoria-spionajului\/","og_locale":"ro_RO","og_type":"article","og_title":"C\u00e2nd a predat \u201eFantomele\u201d, Ioan Talpe\u0219 a comis cel mai grav act de tr\u0103dare din istoria spionajului! -","og_description":"Celui mai grav act de tr\u0103dare, nu doar din istoria Rom\u00e2niei, ci chiar din istoria serviciilor secrete din toat\u0103 lumeaRead More","og_url":"https:\/\/desteptati-va.ro\/index.php\/2021\/04\/20\/cand-a-predat-fantomele-ioan-talpes-a-comis-cel-mai-grav-act-de-tradare-din-istoria-spionajului\/","article_published_time":"2021-04-20T07:10:17+00:00","article_modified_time":"2021-05-12T10:47:22+00:00","og_image":[{"width":550,"height":268,"url":"https:\/\/desteptati-va.ro\/wp-content\/uploads\/2021\/04\/ioan-talpes-si-ion-iliescu.jpg","type":"image\/jpeg"}],"author":"wolfsoftcompany","twitter_card":"summary_large_image","twitter_misc":{"Scris de":"wolfsoftcompany","Timp estimat pentru citire":"12 minute"},"schema":{"@context":"https:\/\/schema.org","@graph":[{"@type":"Article","@id":"https:\/\/desteptati-va.ro\/index.php\/2021\/04\/20\/cand-a-predat-fantomele-ioan-talpes-a-comis-cel-mai-grav-act-de-tradare-din-istoria-spionajului\/#article","isPartOf":{"@id":"https:\/\/desteptati-va.ro\/index.php\/2021\/04\/20\/cand-a-predat-fantomele-ioan-talpes-a-comis-cel-mai-grav-act-de-tradare-din-istoria-spionajului\/"},"author":{"name":"wolfsoftcompany","@id":"https:\/\/desteptati-va.ro\/#\/schema\/person\/13182deeebd44920914899f7bb262d6b"},"headline":"C\u00e2nd a predat \u201eFantomele\u201d, Ioan Talpe\u0219 a comis cel mai grav act de tr\u0103dare din istoria spionajului!","datePublished":"2021-04-20T07:10:17+00:00","dateModified":"2021-05-12T10:47:22+00:00","mainEntityOfPage":{"@id":"https:\/\/desteptati-va.ro\/index.php\/2021\/04\/20\/cand-a-predat-fantomele-ioan-talpes-a-comis-cel-mai-grav-act-de-tradare-din-istoria-spionajului\/"},"wordCount":2846,"commentCount":8,"image":{"@id":"https:\/\/desteptati-va.ro\/index.php\/2021\/04\/20\/cand-a-predat-fantomele-ioan-talpes-a-comis-cel-mai-grav-act-de-tradare-din-istoria-spionajului\/#primaryimage"},"thumbnailUrl":"https:\/\/desteptati-va.ro\/wp-content\/uploads\/2021\/04\/ioan-talpes-si-ion-iliescu.jpg","keywords":["Iliescu","Ion","spionaj","talpes"],"articleSection":["Epoca Ion Iliescu (1989-1996) (2000-2004)","General"],"inLanguage":"ro-RO","potentialAction":[{"@type":"CommentAction","name":"Comment","target":["https:\/\/desteptati-va.ro\/index.php\/2021\/04\/20\/cand-a-predat-fantomele-ioan-talpes-a-comis-cel-mai-grav-act-de-tradare-din-istoria-spionajului\/#respond"]}]},{"@type":"WebPage","@id":"https:\/\/desteptati-va.ro\/index.php\/2021\/04\/20\/cand-a-predat-fantomele-ioan-talpes-a-comis-cel-mai-grav-act-de-tradare-din-istoria-spionajului\/","url":"https:\/\/desteptati-va.ro\/index.php\/2021\/04\/20\/cand-a-predat-fantomele-ioan-talpes-a-comis-cel-mai-grav-act-de-tradare-din-istoria-spionajului\/","name":"C\u00e2nd a predat \u201eFantomele\u201d, Ioan Talpe\u0219 a comis cel mai grav act de tr\u0103dare din istoria spionajului! -","isPartOf":{"@id":"https:\/\/desteptati-va.ro\/#website"},"primaryImageOfPage":{"@id":"https:\/\/desteptati-va.ro\/index.php\/2021\/04\/20\/cand-a-predat-fantomele-ioan-talpes-a-comis-cel-mai-grav-act-de-tradare-din-istoria-spionajului\/#primaryimage"},"image":{"@id":"https:\/\/desteptati-va.ro\/index.php\/2021\/04\/20\/cand-a-predat-fantomele-ioan-talpes-a-comis-cel-mai-grav-act-de-tradare-din-istoria-spionajului\/#primaryimage"},"thumbnailUrl":"https:\/\/desteptati-va.ro\/wp-content\/uploads\/2021\/04\/ioan-talpes-si-ion-iliescu.jpg","datePublished":"2021-04-20T07:10:17+00:00","dateModified":"2021-05-12T10:47:22+00:00","author":{"@id":"https:\/\/desteptati-va.ro\/#\/schema\/person\/13182deeebd44920914899f7bb262d6b"},"breadcrumb":{"@id":"https:\/\/desteptati-va.ro\/index.php\/2021\/04\/20\/cand-a-predat-fantomele-ioan-talpes-a-comis-cel-mai-grav-act-de-tradare-din-istoria-spionajului\/#breadcrumb"},"inLanguage":"ro-RO","potentialAction":[{"@type":"ReadAction","target":["https:\/\/desteptati-va.ro\/index.php\/2021\/04\/20\/cand-a-predat-fantomele-ioan-talpes-a-comis-cel-mai-grav-act-de-tradare-din-istoria-spionajului\/"]}]},{"@type":"ImageObject","inLanguage":"ro-RO","@id":"https:\/\/desteptati-va.ro\/index.php\/2021\/04\/20\/cand-a-predat-fantomele-ioan-talpes-a-comis-cel-mai-grav-act-de-tradare-din-istoria-spionajului\/#primaryimage","url":"https:\/\/desteptati-va.ro\/wp-content\/uploads\/2021\/04\/ioan-talpes-si-ion-iliescu.jpg","contentUrl":"https:\/\/desteptati-va.ro\/wp-content\/uploads\/2021\/04\/ioan-talpes-si-ion-iliescu.jpg","width":550,"height":268},{"@type":"BreadcrumbList","@id":"https:\/\/desteptati-va.ro\/index.php\/2021\/04\/20\/cand-a-predat-fantomele-ioan-talpes-a-comis-cel-mai-grav-act-de-tradare-din-istoria-spionajului\/#breadcrumb","itemListElement":[{"@type":"ListItem","position":1,"name":"Prima pagin\u0103","item":"https:\/\/desteptati-va.ro\/"},{"@type":"ListItem","position":2,"name":"C\u00e2nd a predat \u201eFantomele\u201d, Ioan Talpe\u0219 a comis cel mai grav act de tr\u0103dare din istoria spionajului!"}]},{"@type":"WebSite","@id":"https:\/\/desteptati-va.ro\/#website","url":"https:\/\/desteptati-va.ro\/","name":"","description":"","potentialAction":[{"@type":"SearchAction","target":{"@type":"EntryPoint","urlTemplate":"https:\/\/desteptati-va.ro\/?s={search_term_string}"},"query-input":{"@type":"PropertyValueSpecification","valueRequired":true,"valueName":"search_term_string"}}],"inLanguage":"ro-RO"},{"@type":"Person","@id":"https:\/\/desteptati-va.ro\/#\/schema\/person\/13182deeebd44920914899f7bb262d6b","name":"wolfsoftcompany","image":{"@type":"ImageObject","inLanguage":"ro-RO","@id":"https:\/\/desteptati-va.ro\/#\/schema\/person\/image\/","url":"https:\/\/secure.gravatar.com\/avatar\/a6cce9b6d101d27d91690e7073e300fed94c0899890bf998e082cb9d2c3d121e?s=96&d=mm&r=g","contentUrl":"https:\/\/secure.gravatar.com\/avatar\/a6cce9b6d101d27d91690e7073e300fed94c0899890bf998e082cb9d2c3d121e?s=96&d=mm&r=g","caption":"wolfsoftcompany"},"sameAs":["http:\/\/desteptati-va.ro"],"url":"https:\/\/desteptati-va.ro\/index.php\/author\/wolfsoftcompany\/"}]}},"_links":{"self":[{"href":"https:\/\/desteptati-va.ro\/index.php\/wp-json\/wp\/v2\/posts\/4223","targetHints":{"allow":["GET"]}}],"collection":[{"href":"https:\/\/desteptati-va.ro\/index.php\/wp-json\/wp\/v2\/posts"}],"about":[{"href":"https:\/\/desteptati-va.ro\/index.php\/wp-json\/wp\/v2\/types\/post"}],"author":[{"embeddable":true,"href":"https:\/\/desteptati-va.ro\/index.php\/wp-json\/wp\/v2\/users\/1"}],"replies":[{"embeddable":true,"href":"https:\/\/desteptati-va.ro\/index.php\/wp-json\/wp\/v2\/comments?post=4223"}],"version-history":[{"count":2,"href":"https:\/\/desteptati-va.ro\/index.php\/wp-json\/wp\/v2\/posts\/4223\/revisions"}],"predecessor-version":[{"id":4327,"href":"https:\/\/desteptati-va.ro\/index.php\/wp-json\/wp\/v2\/posts\/4223\/revisions\/4327"}],"wp:featuredmedia":[{"embeddable":true,"href":"https:\/\/desteptati-va.ro\/index.php\/wp-json\/wp\/v2\/media\/3132"}],"wp:attachment":[{"href":"https:\/\/desteptati-va.ro\/index.php\/wp-json\/wp\/v2\/media?parent=4223"}],"wp:term":[{"taxonomy":"category","embeddable":true,"href":"https:\/\/desteptati-va.ro\/index.php\/wp-json\/wp\/v2\/categories?post=4223"},{"taxonomy":"post_tag","embeddable":true,"href":"https:\/\/desteptati-va.ro\/index.php\/wp-json\/wp\/v2\/tags?post=4223"}],"curies":[{"name":"wp","href":"https:\/\/api.w.org\/{rel}","templated":true}]}}