{"id":4233,"date":"2021-04-20T07:18:44","date_gmt":"2021-04-20T07:18:44","guid":{"rendered":"http:\/\/desteptati.ro\/?p=4233"},"modified":"2021-04-20T07:18:44","modified_gmt":"2021-04-20T07:18:44","slug":"romanii-nu-mai-cred-in-lacrimi","status":"publish","type":"post","link":"https:\/\/desteptati-va.ro\/index.php\/2021\/04\/20\/romanii-nu-mai-cred-in-lacrimi\/","title":{"rendered":"Rom\u00e2nii nu mai cred \u00een lacrimi"},"content":{"rendered":"<div class=\"post-content\"><div class='booster-block booster-read-block'>\n                <div class=\"twp-read-time\">\n                \t<i class=\"booster-icon twp-clock\"><\/i> <span>Read Time:<\/span>7 Minute, 3 Second                <\/div>\n\n            <\/div><h4 style=\"text-align: justify;\">Domnul B\u0103sescu \u00a0a ie\u015fit la cer\u015fit. Domnia sa este un individ preg\u0103tit \u015fi dup\u0103 cum spunea singur, se g\u00e2nde\u015fte la toate. Nu exist\u0103 medod\u0103 de furt la care s\u0103 nu se g\u00e2ndeasc\u0103 \u015fi pe care s\u0103 nu o aplice. Plec\u00e2nd de la cump\u0103r\u0103ri de voturi cu plase \u015fi sticle cu ulei \u015fi zah\u0103r, trec\u00e2nd prin plimb\u0103ri cu autobuze cu votan\u0163i, schimb\u0103ri de domiciliu cu vize de flotant ale PDL-i\u015ftilor, liste suplimentare, amenin\u0163\u0103ri, DNA, DIICOT, Procuratur\u0103, ANI, Servicii Secrete, ANAF, \u015fantaj, legi adoptate prin frauda parlamentar\u0103, guverne instalate ilegal, intimid\u0103ri la adresa Cur\u0163ii Constitu\u0163ionale, nimic, dar nimic nu i-a sc\u0103pat acestui individ cu apuc\u0103turi de \u015fef de tur\u0103, limbaj de birjar, \u015fi pofte de satrap.<\/h4>\r\n<figure id=\"attachment_3465\" aria-describedby=\"caption-attachment-3465\" style=\"width: 204px\" class=\"wp-caption aligncenter\"><a href=\"http:\/\/www.desteptati-va.ro\/wp-content\/uploads\/2012\/03\/payback-basescu_thumb8.jpg\"><img loading=\"lazy\" decoding=\"async\" class=\" wp-image-3465\" title=\"payback-basescu_thumb[8]\" src=\"http:\/\/www.desteptati-va.ro\/wp-content\/uploads\/2012\/03\/payback-basescu_thumb8-256x300.jpg\" alt=\"Timpul razbunarii\" width=\"204\" height=\"295\" \/><\/a><figcaption id=\"caption-attachment-3465\" class=\"wp-caption-text\">Timpul r\u0103zbun\u0103rii<\/figcaption><\/figure>\r\n<h4 style=\"text-align: justify;\">Cu fiecare adversar \u015fi \u00een fiecare situa\u0163ie a aplicat metodele care se cereau \u00een func\u0163ie de punctele slabe ale celui \u00een cauz\u0103. Unde a fost nevoie de pumn a dat cu pumnul, unde a fost nevoie s\u0103 strige a strigat, unde a fost nevoie de c\u0103lcat \u00een picioare a c\u0103lcat \u00een picioare, nu a iertat nimic \u015fi acum to\u0163i adversarii \u015fi din exterior \u015fi din propriul partid\u00a0 \u015ftiu c\u0103 nu e de glumit cu el \u015fi c\u0103 e \u00een stare s\u0103 calce peste orice cadavru chiar \u015fi al<strong>\u00a0<\/strong>Elenei Udrea, care brusc a devenit necoapt\u0103 pentru domnia sa. Dup\u0103 ce\u00a0 a folosit-o drept tampon, ciocan, mesager, spion, purt\u0103tor de cuv\u00e2nt, m\u00e2n\u0103 forte, Cenus\u0103reas\u0103, acum o trimite \u00eenapoi la c\u00e2rna\u0163ii de Ple\u015fcoi pentru c\u0103 vede c\u0103 nu are nici o \u015fans\u0103 la sondaje \u015fi cine pariaz\u0103 pe ea, pariaz\u0103\u00a0 pe un cal mort, sau gloab\u0103, spus mai plastic. \u015ei totu\u015fi ca s\u0103\u00a0 nu o supere prea tare, \u00eei promite un viitor \u015fi ei \u015fi Anastasei, spun\u00e2nd c\u0103 ele abia acum cresc. Ei bine, dac\u0103 \u015fi pupilele lui sunt trimise la p\u0103scut s\u0103 mai creasc\u0103, se mai poate a\u015ftepta cineva la mil\u0103 din partea lui B\u0103se ? Cea pe care acum c\u00e2teva luni o vedea noua Margaret Tatcher a Rom\u00e2niei, acum este trimis\u0103 la pescuit, pentru c\u0103 s-a convins c\u0103 merg\u00e2nd pe m\u00e2na ei nu va mai avea orgasm electoral.<\/h4>\r\n<h4 style=\"text-align: justify;\">Bine bine, cu du\u015fmanii, cu politicienii o regleaz\u0103 din pro\u0163ap, dar ce face cu votan\u0163ii, c\u0103 la c\u00e2t\u0103 credibilitate mai are \u00een fa\u0163a popula\u0163iei, nu mai poate scoate un scor nici dac\u0103 va popula sec\u0163iile de votare cu to\u0163i ho\u0163ii din Rom\u00e2nia. Aici e buba, aici nu mai este prin\u0163, nu merge cu amenin\u0163\u0103ri, nu merge cu DNA, cu \u015fantaj. \u015ei atunci se \u00eembrac\u0103 \u00een sac de c\u00e2nep\u0103, \u00ee\u015fi pune cenu\u015f\u0103 \u00een cap \u015fi iese la cer\u015fit. Mai \u00eent\u00e2i anun\u0163\u0103 c\u0103 nu va mai candida \u015fi c\u0103 dup\u0103 actualul mandat se va retrage din politic\u0103. \u00cen felul acesta, oamenii se lini\u015ftesc, uit\u0103 de tot ce a f\u0103cut \u015fi r\u0103sufl\u0103 u\u015fura\u0163i. I s-a spus lui c\u0103 din punct de vedere psihologic, efectul va fi pozitiv, oamenii mul\u0163umi\u0163i \u00eel vor privi cu mai pu\u0163in\u0103 ur\u0103, poate cu condescenden\u0163\u0103, poate chiar cu simpatie. P\u0103i dac\u0103 ura dispare,\u00a0 pe simpatia r\u0103mas\u0103 se poate construi ceva nu ? \u015ei uite a\u015fa \u00eencepe s\u0103 a\u015feze c\u0103r\u0103mizi.<\/h4>\r\n<h4 style=\"text-align: justify;\">Prima c\u0103r\u0103mid\u0103 a fost cea cu umilirea. Domnule, un pre\u015fedinte umilit este un pre\u015fedinte care merit\u0103 compasiunea popula\u0163iei, iar de la compasiune la simpatie nu e mult. A\u015fa a citit m\u0103ria sa \u00een informa\u0163iile serviciilor secrete. \u00cel \u015fi v\u0103d pe domn pre\u015fedinte \u00eembr\u0103cat \u00een armur\u0103 de jandarm, cu piciorul pe g\u00e2tul unui protestatar strig\u00e2nd \u201c vai ce umilit sunt, vai ce umilit m\u0103 simt \u201c. Iar poporul privind cu mil\u0103 la pre\u015fedintele umilit \u00ee\u015fi \u00eendreapt\u0103 nemul\u0163umirile c\u0103tre protestatari, cum ar fi \u201cindivida aia \u201c cu nume de domnitor fanariot, care \u00a0apare ca o cium\u0103 \u00een fa\u0163a caselor de odihn\u0103 numite Ministerul Economiei, Ministerul\u00a0 Mediului, protest\u00e2nd ba \u00eempotriva proiectului Ro\u015fia Montana, ba \u00eempotriva ob\u0163inerii gazelor de \u015fist . M\u00e2ine poim\u00e2ine o s\u0103 protesteze pentru respectarea Constitu\u0163iei, doamne fere\u015fte!<\/h4>\r\n<h4 style=\"text-align: justify;\">A doua c\u0103r\u0103mid\u0103 a pus-o promi\u0163\u00e2nd re\u00eentregirea .. salariilor. Toat\u0103 lumea s-a mirat nu de promisiune, de\u015fi cu o lun\u0103 \u00eenainte spusese c\u0103 nu exist\u0103 sau nu vede de unde ar fi fonduri, ci de termenul folosit. Acum f\u0103c\u00e2nd o parantez\u0103, stau \u015fi m\u0103 \u00eentreb c\u00e2t de miop s\u0103 fie domnul pre\u015fedinte \u015fi cum poate d\u00e2nsul s\u0103 vad\u0103 ce se va \u00eent\u00e2mpla cu Rom\u00e2nia peste 3-4 ani, sau chiar 10, cum po\u0163i s\u0103 spui cu at\u00e2ta exactitate c\u0103 Romania va ajunge pe culmi de civiliza\u0163ie \u015fi progres sub \u00een\u0163eleapta sa c\u00e2rmuire, c\u00e2nd nu e \u00een stare s\u0103 vad\u0103 \u00een Ianuarie ce va fi \u00een Februarie. Domnule B\u0103sescu, \u00eenc\u0103 nu au plecat to\u0163i rom\u00e2nii din \u0163ar\u0103, mai u\u015for cu aburelile. Revenind la re\u00eentregirea salariilor, termenul nu este folosit \u00eent\u00e2mpl\u0103tor. \u015etie domnia sa foarte bine\u00a0 c\u0103 nu se pot face m\u0103riri salariale \u00een ajunul alegerilor \u015fi atunci scoate din basca de marinar un termen care nu este con\u0163inut \u00een lege . Domnul B\u0103sescu, \u00a0ca \u015fi \u00een cazul articolului 130, arat\u0103 c\u0103 \u015ftie s\u0103 se foloseasc\u0103 de termeni \u015fi \u015ftie c\u0103 supu\u015fii din CCR vor confirma faptul c\u0103 partid nu este egal cu forma\u0163iune sau alian\u0163\u0103 politic\u0103 \u015fi nici m\u0103rire salarial\u0103 cu re\u00eentregirea salariilor.<\/h4>\r\n<figure id=\"attachment_3466\" aria-describedby=\"caption-attachment-3466\" style=\"width: 300px\" class=\"wp-caption aligncenter\"><img loading=\"lazy\" decoding=\"async\" class=\"size-medium wp-image-3466\" src=\"http:\/\/www.desteptati-va.ro\/wp-content\/uploads\/2012\/03\/traian-basescu-inca-mai-crede-in-lacrimi-1-300x300.jpg\" alt=\"Lacrimi, umilinta...\" width=\"300\" height=\"300\" \/><figcaption id=\"caption-attachment-3466\" class=\"wp-caption-text\">Lacrimi, umilinta&#8230;<\/figcaption><\/figure>\r\n<h4 style=\"text-align: justify;\">A treia c\u0103r\u0103mid\u0103, tot a umilin\u0163ei, este cea prin care individul B\u0103sescu \u00ee\u015fi pl\u00e2nge singur de mil\u0103, este cel \u00een care ne descrie aproape cu lacrimi \u00een ochi, celebrele\u00a0<em>lacrimi ale crocodilului B\u0103sescu<\/em>, c\u00e2t de r\u0103u s-a sim\u0163it d\u00e2nsul acum 2 ani, pe 10 mai, c\u00e2nd a trebuit s\u0103 taie salariile bie\u0163ilor rom\u00e2ni. M\u00e2ine ne va spune c\u00e2t l-a durut de mult c\u00e2nd l-a lovit copilul\u00a0 acela cu fa\u0163a \u015fi cu plexul \u00een dosul palmei preziden\u0163iale. Poim\u00e2ine ne va spune c\u00e2t de jignit s-a sim\u0163it c\u00e2nd \u0163iganca aia \u00eempu\u0163it\u0103 l-a provocat cu un telefon. R\u0103spoim\u00e2ine vom afla c\u00e2t de jignit s-a sim\u0163it c\u00e2nd a trebuit s\u0103 spun\u0103 c\u0103 militarii au pensii nesim\u0163ite \u015fi salarii nemeritate. \u015ei uite a\u015fa, din umilin\u0163\u0103 \u00een\u00a0 umilin\u0163\u0103, din lacrim\u0103 \u00een lacrim\u0103, poporul rom\u00e2n va afla toate durerile \u015fi lacrimile crocodilului B\u0103sescu,\u00a0 \u00eei va ierta p\u0103catele s\u0103v\u00e2r\u015fite cu voie \u015fi f\u0103r\u0103 team\u0103. Acest individ\u00a0 a dep\u0103\u015fit de mult orice grani\u0163\u0103 a bunului sim\u0163 \u015fi are impresia c\u0103 dac\u0103 vine \u00een fa\u0163a na\u0163iunii \u015fi spune c\u0103 a pl\u00e2ns c\u00e2nd a t\u0103iat drepturile copiilor, medicamentele bolnavilor cronic, pensiile, c\u00e2nd a b\u0103tut m\u00e2na cu \u015fantaji\u015ftii din UDMR, c\u00e2nd a acceptat implementarea Codex Alimentarius \u015fi transformarea popula\u0163iei \u00een cobaii Europei, c\u00e2nd a recomandat otr\u0103virea mediului prin proiectul Ro\u015fia Montana, c\u00e2nd a dat ordin s\u0103 se intervin\u0103 \u00een for\u0163\u0103 \u00een Pia\u0163a Universit\u0103\u0163ii \u015fi s\u0103 se rup\u0103 picioarele oamenilor \u015fi c\u00e2nd a dat ordin s\u0103 se intercepteze telefoanele oamenilor incomozi \u015fi s\u0103 li se fabrice dosare, noi o s\u0103 \u00eei c\u0103dem la picioare. Mai \u00eentrebam c\u00e2ndva, oare c\u00e2t de pro\u015fti crede mister\u00a0 B\u0103sescu c\u0103 ar fi rom\u00e2nii \u00eenc\u00e2t s\u0103 cread\u0103 \u00een lacrimile sale de crocodil \u015fi s\u0103 \u00eei mai acorde fie \u015fi un vot de mil\u0103? \u015ei c\u00e2t de jos poate s\u0103 mai coboare st\u00e2nd cu m\u00e2na \u00eentins\u0103 \u015fi cer\u015find mil\u0103, \u00een\u0163elegere, poate iertare, dar \u00een primul r\u00e2nd voturi. Domnule<strong>\u00a0<\/strong><em>B\u0103sescu<\/em>, te-ai cobor\u00e2t singur pe cea mai joas\u0103 treapt\u0103 a spe\u0163ei umane, cea pentru care domnul Sarcozy\u00a0 te-a taxat c\u00e2nd \u00eei cer\u015feai un minut cu m\u00e2na \u00eentins\u0103 precum rudele cum\u0103trului Bercea prin Place Pigalle sau Cartiere Latin.<\/h4>\r\n<figure id=\"attachment_3469\" aria-describedby=\"caption-attachment-3469\" style=\"width: 410px\" class=\"wp-caption aligncenter\"><img loading=\"lazy\" decoding=\"async\" class=\" wp-image-3469\" src=\"http:\/\/www.desteptati-va.ro\/wp-content\/uploads\/2012\/03\/basescu_la_summit_cu_sarkozy_si_premierul_portugaliei_jose_ea3f3e6997-300x199.jpg\" alt=\"Cersind..umilinta\" width=\"410\" height=\"272\" \/><figcaption id=\"caption-attachment-3469\" class=\"wp-caption-text\">Cersind..umilinta<\/figcaption><\/figure>\r\n<h4 style=\"text-align: justify;\">Nu cred c\u0103 mai e o \u0163ar\u0103 al c\u0103rui\u00a0<em>pre\u015fedinte\u00a0<\/em>s\u0103 cer\u015feasc\u0103 cu at\u00e2ta umilin\u0163\u0103 voturi. Nu v\u0103 sim\u0163i\u0163i umilit domnule pre\u015fedinte ? Mie, oric\u00e2t de mult ar pl\u00e2nge domnul B\u0103sescu, nu \u00eemi iese din minte scena de dup\u0103 alegeri c\u00e2nd se vedea cu mitraliera \u00een bra\u0163e \u015fi ne anun\u0163a c\u0103 ne-a ciuruit. Probabil \u015fi atunci a pl\u00e2ns \u2026\u00a0<em>cer\u015fetorul B\u0103sescu<\/em>. De altfel cine poate s\u0103 mai cread\u0103 \u00een vorbele pre\u015fedintelui care afirm\u0103 c\u0103 propunerea cu Ungureanu premier \u00a0era din Decembrie, lucru confirmat \u015fi de papagalul Boc, apoi vine \u015fi spune c\u0103 \u00een Februarie i-a propus lui\u00a0<em>Ponta<\/em>\u00a0s\u0103 fie premier, el fiind prima op\u0163iune, lucru confirmat de acela\u015fi papagal Boc. \u015ei dup\u0103 refuzul lui Ponta, la o or\u0103, l-a nominalizat pe Ungureanu. P\u0103i cum r\u0103m\u00e2ne cu Ponta ? Deci,\u00a0<em>Ungureanu\u00a0<\/em>este \u00een c\u0103r\u0163i din Decembrie, Ponta este dorit de B\u0103sescu \u015fi i se propune func\u0163ia, dar este ales tot Ungureanu, la nici o or\u0103 de la refuzul lui Ponta. Te \u00eencurca\u015fi \u00een minciuni domnule B\u0103sescu. Iar noi trebuie s\u0103 credem toate pove\u015ftile astea pentru c\u0103\u00a0<em>B\u0103sescu<\/em>\u00a0ne crede pro\u015fti.<\/h4>\r\n<h4 style=\"text-align: justify;\">Asta s\u0103 o cread\u0103 cine are timp, eu m\u0103 gr\u0103besc. Vin alegerile.<\/h4>\r\n<h4 style=\"text-align: justify;\"><span style=\"color: #c0c0c0;\"><em>Surs\u0103: \u00a0Blogosfer\u0103<a title=\"sursa\" href=\"http:\/\/punctochitpunctlovit.blogspot.ro\/2012\/03\/print-si-cersetor.html\"> Marin Neac\u0219u<\/a><\/em><\/span><\/h4>        <div class=\"booster-block booster-reactions-block\">\n            <div class=\"twp-reactions-icons\">\n                \n                <div class=\"twp-reacts-wrap\">\n                    <a react-data=\"be-react-1\" post-id=\"4233\" class=\"be-face-icons un-reacted\" href=\"javascript:void(0)\">\n                        <img decoding=\"async\" src=\"https:\/\/desteptati-va.ro\/wp-content\/plugins\/booster-extension\/\/assets\/icon\/happy.svg\" alt=\"Happy\">\n                    <\/a>\n                    <div class=\"twp-reaction-title\">\n                        Happy                    <\/div>\n                    <div class=\"twp-count-percent\">\n                                                    <span style=\"display: none;\" class=\"twp-react-count\">0<\/span>\n                        \n                                                <span class=\"twp-react-percent\"><span>0<\/span> %<\/span>\n                                            <\/div>\n                <\/div>\n\n                <div class=\"twp-reacts-wrap\">\n                    <a react-data=\"be-react-2\" post-id=\"4233\" class=\"be-face-icons un-reacted\" href=\"javascript:void(0)\">\n                        <img decoding=\"async\" src=\"https:\/\/desteptati-va.ro\/wp-content\/plugins\/booster-extension\/\/assets\/icon\/sad.svg\" alt=\"Sad\">\n                    <\/a>\n                    <div class=\"twp-reaction-title\">\n                        Sad                    <\/div>\n                    <div class=\"twp-count-percent\">\n                                                    <span style=\"display: none;\" class=\"twp-react-count\">0<\/span>\n                                                                        <span class=\"twp-react-percent\"><span>0<\/span> %<\/span>\n                                            <\/div>\n                <\/div>\n\n                <div class=\"twp-reacts-wrap\">\n                    <a react-data=\"be-react-3\" post-id=\"4233\" class=\"be-face-icons un-reacted\" href=\"javascript:void(0)\">\n                        <img decoding=\"async\" src=\"https:\/\/desteptati-va.ro\/wp-content\/plugins\/booster-extension\/\/assets\/icon\/excited.svg\" alt=\"Excited\">\n                    <\/a>\n                    <div class=\"twp-reaction-title\">\n                        Excited                    <\/div>\n                    <div class=\"twp-count-percent\">\n                                                    <span style=\"display: none;\" class=\"twp-react-count\">0<\/span>\n                                                                        <span class=\"twp-react-percent\"><span>0<\/span> %<\/span>\n                                            <\/div>\n                <\/div>\n\n                <div class=\"twp-reacts-wrap\">\n                    <a react-data=\"be-react-6\" post-id=\"4233\" class=\"be-face-icons un-reacted\" href=\"javascript:void(0)\">\n                        <img decoding=\"async\" src=\"https:\/\/desteptati-va.ro\/wp-content\/plugins\/booster-extension\/\/assets\/icon\/sleepy.svg\" alt=\"Sleepy\">\n                    <\/a>\n                    <div class=\"twp-reaction-title\">\n                        Sleepy                    <\/div>\n                    <div class=\"twp-count-percent\">\n                                                    <span style=\"display: none;\" class=\"twp-react-count\">0<\/span>\n                        \n                                                <span class=\"twp-react-percent\"><span>0<\/span> %<\/span>\n                                            <\/div>\n                <\/div>\n\n                <div class=\"twp-reacts-wrap\">\n                    <a react-data=\"be-react-4\" post-id=\"4233\" class=\"be-face-icons un-reacted\" href=\"javascript:void(0)\">\n                        <img decoding=\"async\" src=\"https:\/\/desteptati-va.ro\/wp-content\/plugins\/booster-extension\/\/assets\/icon\/angry.svg\" alt=\"Angry\">\n                    <\/a>\n                    <div class=\"twp-reaction-title\">Angry<\/div>\n                    <div class=\"twp-count-percent\">\n                                                    <span style=\"display: none;\" class=\"twp-react-count\">0<\/span>\n                                                                        <span class=\"twp-react-percent\"><span>0<\/span> %<\/span>\n                        \n                    <\/div>\n                <\/div>\n\n                <div class=\"twp-reacts-wrap\">\n                    <a react-data=\"be-react-5\" post-id=\"4233\" class=\"be-face-icons un-reacted\" href=\"javascript:void(0)\">\n                        <img decoding=\"async\" src=\"https:\/\/desteptati-va.ro\/wp-content\/plugins\/booster-extension\/\/assets\/icon\/surprise.svg\" alt=\"Surprise\">\n                    <\/a>\n                    <div class=\"twp-reaction-title\">Surprise<\/div>\n                    <div class=\"twp-count-percent\">\n                                                    <span style=\"display: none;\" class=\"twp-react-count\">0<\/span>\n                                                                        <span class=\"twp-react-percent\"><span>0<\/span> %<\/span>\n                                            <\/div>\n                <\/div>\n\n            <\/div>\n        <\/div>\n\n    <\/div>","protected":false},"excerpt":{"rendered":"<p>Domnul B\u0103sescu \u00a0a ie\u015fit la cer\u015fit. Domnia sa este un individ preg\u0103tit \u015fi dup\u0103 cum spunea singur, se g\u00e2nde\u015fte la<a href=\"https:\/\/desteptati-va.ro\/index.php\/2021\/04\/20\/romanii-nu-mai-cred-in-lacrimi\/\">Read More<i class=\"fa fa-long-arrow-right\" aria-hidden=\"true\"><\/i><\/a><\/p>\n","protected":false},"author":1,"featured_media":2685,"comment_status":"open","ping_status":"open","sticky":false,"template":"","format":"standard","meta":{"_crdt_document":"","footnotes":""},"categories":[24],"tags":[1641,83],"class_list":["post-4233","post","type-post","status-publish","format-standard","has-post-thumbnail","hentry","category-epoca-hotiei","tag-ticalosul","tag-tradare"],"rise-blocks_total_comments":0,"rise-blocks_categories":[{"term_id":24,"name":"Epoca Traian Basescu (2004-2014)","slug":"epoca-hotiei","term_group":0,"term_taxonomy_id":24,"taxonomy":"category","description":"","parent":20,"count":9,"filter":"raw"}],"rise-blocks_excerpt":"Domnul B\u0103sescu \u00a0a ie\u015fit la cer\u015fit. Domnia sa este un individ preg\u0103tit \u015fi dup\u0103 cum spunea singur, se g\u00e2nde\u015fte la toate. Nu exist\u0103 medod\u0103 de furt la care s\u0103 nu se g\u00e2ndeasc\u0103 \u015fi pe care s\u0103 nu o aplice. Plec\u00e2nd de la cump\u0103r\u0103ri de voturi cu plase \u015fi sticle cu ulei \u015fi zah\u0103r, trec\u00e2nd prin plimb\u0103ri cu autobuze cu votan\u0163i,..","yoast_head":"<!-- This site is optimized with the Yoast SEO plugin v26.9 - https:\/\/yoast.com\/product\/yoast-seo-wordpress\/ -->\r\n<title>Rom\u00e2nii nu mai cred \u00een lacrimi -<\/title>\r\n<meta name=\"robots\" content=\"index, follow, max-snippet:-1, max-image-preview:large, max-video-preview:-1\" \/>\r\n<link rel=\"canonical\" href=\"https:\/\/desteptati-va.ro\/index.php\/2021\/04\/20\/romanii-nu-mai-cred-in-lacrimi\/\" \/>\r\n<meta property=\"og:locale\" content=\"ro_RO\" \/>\r\n<meta property=\"og:type\" content=\"article\" \/>\r\n<meta property=\"og:title\" content=\"Rom\u00e2nii nu mai cred \u00een lacrimi -\" \/>\r\n<meta property=\"og:description\" content=\"Domnul B\u0103sescu \u00a0a ie\u015fit la cer\u015fit. Domnia sa este un individ preg\u0103tit \u015fi dup\u0103 cum spunea singur, se g\u00e2nde\u015fte laRead More\" \/>\r\n<meta property=\"og:url\" content=\"https:\/\/desteptati-va.ro\/index.php\/2021\/04\/20\/romanii-nu-mai-cred-in-lacrimi\/\" \/>\r\n<meta property=\"article:published_time\" content=\"2021-04-20T07:18:44+00:00\" \/>\r\n<meta property=\"og:image\" content=\"https:\/\/desteptati-va.ro\/wp-content\/uploads\/2021\/04\/Marin-Neacsu.jpg\" \/>\r\n\t<meta property=\"og:image:width\" content=\"266\" \/>\r\n\t<meta property=\"og:image:height\" content=\"300\" \/>\r\n\t<meta property=\"og:image:type\" content=\"image\/jpeg\" \/>\r\n<meta name=\"author\" content=\"wolfsoftcompany\" \/>\r\n<meta name=\"twitter:card\" content=\"summary_large_image\" \/>\r\n<meta name=\"twitter:label1\" content=\"Scris de\" \/>\n\t<meta name=\"twitter:data1\" content=\"wolfsoftcompany\" \/>\n\t<meta name=\"twitter:label2\" content=\"Timp estimat pentru citire\" \/>\n\t<meta name=\"twitter:data2\" content=\"8 minute\" \/>\r\n<script type=\"application\/ld+json\" class=\"yoast-schema-graph\">{\"@context\":\"https:\/\/schema.org\",\"@graph\":[{\"@type\":\"Article\",\"@id\":\"https:\/\/desteptati-va.ro\/index.php\/2021\/04\/20\/romanii-nu-mai-cred-in-lacrimi\/#article\",\"isPartOf\":{\"@id\":\"https:\/\/desteptati-va.ro\/index.php\/2021\/04\/20\/romanii-nu-mai-cred-in-lacrimi\/\"},\"author\":{\"name\":\"wolfsoftcompany\",\"@id\":\"https:\/\/desteptati-va.ro\/#\/schema\/person\/13182deeebd44920914899f7bb262d6b\"},\"headline\":\"Rom\u00e2nii nu mai cred \u00een lacrimi\",\"datePublished\":\"2021-04-20T07:18:44+00:00\",\"mainEntityOfPage\":{\"@id\":\"https:\/\/desteptati-va.ro\/index.php\/2021\/04\/20\/romanii-nu-mai-cred-in-lacrimi\/\"},\"wordCount\":1628,\"commentCount\":0,\"image\":{\"@id\":\"https:\/\/desteptati-va.ro\/index.php\/2021\/04\/20\/romanii-nu-mai-cred-in-lacrimi\/#primaryimage\"},\"thumbnailUrl\":\"https:\/\/desteptati-va.ro\/wp-content\/uploads\/2021\/04\/Marin-Neacsu.jpg\",\"keywords\":[\"ticalosul\",\"tradare\"],\"articleSection\":[\"Epoca Traian Basescu (2004-2014)\"],\"inLanguage\":\"ro-RO\",\"potentialAction\":[{\"@type\":\"CommentAction\",\"name\":\"Comment\",\"target\":[\"https:\/\/desteptati-va.ro\/index.php\/2021\/04\/20\/romanii-nu-mai-cred-in-lacrimi\/#respond\"]}]},{\"@type\":\"WebPage\",\"@id\":\"https:\/\/desteptati-va.ro\/index.php\/2021\/04\/20\/romanii-nu-mai-cred-in-lacrimi\/\",\"url\":\"https:\/\/desteptati-va.ro\/index.php\/2021\/04\/20\/romanii-nu-mai-cred-in-lacrimi\/\",\"name\":\"Rom\u00e2nii nu mai cred \u00een lacrimi -\",\"isPartOf\":{\"@id\":\"https:\/\/desteptati-va.ro\/#website\"},\"primaryImageOfPage\":{\"@id\":\"https:\/\/desteptati-va.ro\/index.php\/2021\/04\/20\/romanii-nu-mai-cred-in-lacrimi\/#primaryimage\"},\"image\":{\"@id\":\"https:\/\/desteptati-va.ro\/index.php\/2021\/04\/20\/romanii-nu-mai-cred-in-lacrimi\/#primaryimage\"},\"thumbnailUrl\":\"https:\/\/desteptati-va.ro\/wp-content\/uploads\/2021\/04\/Marin-Neacsu.jpg\",\"datePublished\":\"2021-04-20T07:18:44+00:00\",\"author\":{\"@id\":\"https:\/\/desteptati-va.ro\/#\/schema\/person\/13182deeebd44920914899f7bb262d6b\"},\"breadcrumb\":{\"@id\":\"https:\/\/desteptati-va.ro\/index.php\/2021\/04\/20\/romanii-nu-mai-cred-in-lacrimi\/#breadcrumb\"},\"inLanguage\":\"ro-RO\",\"potentialAction\":[{\"@type\":\"ReadAction\",\"target\":[\"https:\/\/desteptati-va.ro\/index.php\/2021\/04\/20\/romanii-nu-mai-cred-in-lacrimi\/\"]}]},{\"@type\":\"ImageObject\",\"inLanguage\":\"ro-RO\",\"@id\":\"https:\/\/desteptati-va.ro\/index.php\/2021\/04\/20\/romanii-nu-mai-cred-in-lacrimi\/#primaryimage\",\"url\":\"https:\/\/desteptati-va.ro\/wp-content\/uploads\/2021\/04\/Marin-Neacsu.jpg\",\"contentUrl\":\"https:\/\/desteptati-va.ro\/wp-content\/uploads\/2021\/04\/Marin-Neacsu.jpg\",\"width\":266,\"height\":300},{\"@type\":\"BreadcrumbList\",\"@id\":\"https:\/\/desteptati-va.ro\/index.php\/2021\/04\/20\/romanii-nu-mai-cred-in-lacrimi\/#breadcrumb\",\"itemListElement\":[{\"@type\":\"ListItem\",\"position\":1,\"name\":\"Prima pagin\u0103\",\"item\":\"https:\/\/desteptati-va.ro\/\"},{\"@type\":\"ListItem\",\"position\":2,\"name\":\"Rom\u00e2nii nu mai cred \u00een lacrimi\"}]},{\"@type\":\"WebSite\",\"@id\":\"https:\/\/desteptati-va.ro\/#website\",\"url\":\"https:\/\/desteptati-va.ro\/\",\"name\":\"\",\"description\":\"\",\"potentialAction\":[{\"@type\":\"SearchAction\",\"target\":{\"@type\":\"EntryPoint\",\"urlTemplate\":\"https:\/\/desteptati-va.ro\/?s={search_term_string}\"},\"query-input\":{\"@type\":\"PropertyValueSpecification\",\"valueRequired\":true,\"valueName\":\"search_term_string\"}}],\"inLanguage\":\"ro-RO\"},{\"@type\":\"Person\",\"@id\":\"https:\/\/desteptati-va.ro\/#\/schema\/person\/13182deeebd44920914899f7bb262d6b\",\"name\":\"wolfsoftcompany\",\"image\":{\"@type\":\"ImageObject\",\"inLanguage\":\"ro-RO\",\"@id\":\"https:\/\/desteptati-va.ro\/#\/schema\/person\/image\/\",\"url\":\"https:\/\/secure.gravatar.com\/avatar\/a6cce9b6d101d27d91690e7073e300fed94c0899890bf998e082cb9d2c3d121e?s=96&d=mm&r=g\",\"contentUrl\":\"https:\/\/secure.gravatar.com\/avatar\/a6cce9b6d101d27d91690e7073e300fed94c0899890bf998e082cb9d2c3d121e?s=96&d=mm&r=g\",\"caption\":\"wolfsoftcompany\"},\"sameAs\":[\"http:\/\/desteptati-va.ro\"],\"url\":\"https:\/\/desteptati-va.ro\/index.php\/author\/wolfsoftcompany\/\"}]}<\/script>\r\n<!-- \/ Yoast SEO plugin. -->","yoast_head_json":{"title":"Rom\u00e2nii nu mai cred \u00een lacrimi -","robots":{"index":"index","follow":"follow","max-snippet":"max-snippet:-1","max-image-preview":"max-image-preview:large","max-video-preview":"max-video-preview:-1"},"canonical":"https:\/\/desteptati-va.ro\/index.php\/2021\/04\/20\/romanii-nu-mai-cred-in-lacrimi\/","og_locale":"ro_RO","og_type":"article","og_title":"Rom\u00e2nii nu mai cred \u00een lacrimi -","og_description":"Domnul B\u0103sescu \u00a0a ie\u015fit la cer\u015fit. Domnia sa este un individ preg\u0103tit \u015fi dup\u0103 cum spunea singur, se g\u00e2nde\u015fte laRead More","og_url":"https:\/\/desteptati-va.ro\/index.php\/2021\/04\/20\/romanii-nu-mai-cred-in-lacrimi\/","article_published_time":"2021-04-20T07:18:44+00:00","og_image":[{"width":266,"height":300,"url":"https:\/\/desteptati-va.ro\/wp-content\/uploads\/2021\/04\/Marin-Neacsu.jpg","type":"image\/jpeg"}],"author":"wolfsoftcompany","twitter_card":"summary_large_image","twitter_misc":{"Scris de":"wolfsoftcompany","Timp estimat pentru citire":"8 minute"},"schema":{"@context":"https:\/\/schema.org","@graph":[{"@type":"Article","@id":"https:\/\/desteptati-va.ro\/index.php\/2021\/04\/20\/romanii-nu-mai-cred-in-lacrimi\/#article","isPartOf":{"@id":"https:\/\/desteptati-va.ro\/index.php\/2021\/04\/20\/romanii-nu-mai-cred-in-lacrimi\/"},"author":{"name":"wolfsoftcompany","@id":"https:\/\/desteptati-va.ro\/#\/schema\/person\/13182deeebd44920914899f7bb262d6b"},"headline":"Rom\u00e2nii nu mai cred \u00een lacrimi","datePublished":"2021-04-20T07:18:44+00:00","mainEntityOfPage":{"@id":"https:\/\/desteptati-va.ro\/index.php\/2021\/04\/20\/romanii-nu-mai-cred-in-lacrimi\/"},"wordCount":1628,"commentCount":0,"image":{"@id":"https:\/\/desteptati-va.ro\/index.php\/2021\/04\/20\/romanii-nu-mai-cred-in-lacrimi\/#primaryimage"},"thumbnailUrl":"https:\/\/desteptati-va.ro\/wp-content\/uploads\/2021\/04\/Marin-Neacsu.jpg","keywords":["ticalosul","tradare"],"articleSection":["Epoca Traian Basescu (2004-2014)"],"inLanguage":"ro-RO","potentialAction":[{"@type":"CommentAction","name":"Comment","target":["https:\/\/desteptati-va.ro\/index.php\/2021\/04\/20\/romanii-nu-mai-cred-in-lacrimi\/#respond"]}]},{"@type":"WebPage","@id":"https:\/\/desteptati-va.ro\/index.php\/2021\/04\/20\/romanii-nu-mai-cred-in-lacrimi\/","url":"https:\/\/desteptati-va.ro\/index.php\/2021\/04\/20\/romanii-nu-mai-cred-in-lacrimi\/","name":"Rom\u00e2nii nu mai cred \u00een lacrimi -","isPartOf":{"@id":"https:\/\/desteptati-va.ro\/#website"},"primaryImageOfPage":{"@id":"https:\/\/desteptati-va.ro\/index.php\/2021\/04\/20\/romanii-nu-mai-cred-in-lacrimi\/#primaryimage"},"image":{"@id":"https:\/\/desteptati-va.ro\/index.php\/2021\/04\/20\/romanii-nu-mai-cred-in-lacrimi\/#primaryimage"},"thumbnailUrl":"https:\/\/desteptati-va.ro\/wp-content\/uploads\/2021\/04\/Marin-Neacsu.jpg","datePublished":"2021-04-20T07:18:44+00:00","author":{"@id":"https:\/\/desteptati-va.ro\/#\/schema\/person\/13182deeebd44920914899f7bb262d6b"},"breadcrumb":{"@id":"https:\/\/desteptati-va.ro\/index.php\/2021\/04\/20\/romanii-nu-mai-cred-in-lacrimi\/#breadcrumb"},"inLanguage":"ro-RO","potentialAction":[{"@type":"ReadAction","target":["https:\/\/desteptati-va.ro\/index.php\/2021\/04\/20\/romanii-nu-mai-cred-in-lacrimi\/"]}]},{"@type":"ImageObject","inLanguage":"ro-RO","@id":"https:\/\/desteptati-va.ro\/index.php\/2021\/04\/20\/romanii-nu-mai-cred-in-lacrimi\/#primaryimage","url":"https:\/\/desteptati-va.ro\/wp-content\/uploads\/2021\/04\/Marin-Neacsu.jpg","contentUrl":"https:\/\/desteptati-va.ro\/wp-content\/uploads\/2021\/04\/Marin-Neacsu.jpg","width":266,"height":300},{"@type":"BreadcrumbList","@id":"https:\/\/desteptati-va.ro\/index.php\/2021\/04\/20\/romanii-nu-mai-cred-in-lacrimi\/#breadcrumb","itemListElement":[{"@type":"ListItem","position":1,"name":"Prima pagin\u0103","item":"https:\/\/desteptati-va.ro\/"},{"@type":"ListItem","position":2,"name":"Rom\u00e2nii nu mai cred \u00een lacrimi"}]},{"@type":"WebSite","@id":"https:\/\/desteptati-va.ro\/#website","url":"https:\/\/desteptati-va.ro\/","name":"","description":"","potentialAction":[{"@type":"SearchAction","target":{"@type":"EntryPoint","urlTemplate":"https:\/\/desteptati-va.ro\/?s={search_term_string}"},"query-input":{"@type":"PropertyValueSpecification","valueRequired":true,"valueName":"search_term_string"}}],"inLanguage":"ro-RO"},{"@type":"Person","@id":"https:\/\/desteptati-va.ro\/#\/schema\/person\/13182deeebd44920914899f7bb262d6b","name":"wolfsoftcompany","image":{"@type":"ImageObject","inLanguage":"ro-RO","@id":"https:\/\/desteptati-va.ro\/#\/schema\/person\/image\/","url":"https:\/\/secure.gravatar.com\/avatar\/a6cce9b6d101d27d91690e7073e300fed94c0899890bf998e082cb9d2c3d121e?s=96&d=mm&r=g","contentUrl":"https:\/\/secure.gravatar.com\/avatar\/a6cce9b6d101d27d91690e7073e300fed94c0899890bf998e082cb9d2c3d121e?s=96&d=mm&r=g","caption":"wolfsoftcompany"},"sameAs":["http:\/\/desteptati-va.ro"],"url":"https:\/\/desteptati-va.ro\/index.php\/author\/wolfsoftcompany\/"}]}},"_links":{"self":[{"href":"https:\/\/desteptati-va.ro\/index.php\/wp-json\/wp\/v2\/posts\/4233","targetHints":{"allow":["GET"]}}],"collection":[{"href":"https:\/\/desteptati-va.ro\/index.php\/wp-json\/wp\/v2\/posts"}],"about":[{"href":"https:\/\/desteptati-va.ro\/index.php\/wp-json\/wp\/v2\/types\/post"}],"author":[{"embeddable":true,"href":"https:\/\/desteptati-va.ro\/index.php\/wp-json\/wp\/v2\/users\/1"}],"replies":[{"embeddable":true,"href":"https:\/\/desteptati-va.ro\/index.php\/wp-json\/wp\/v2\/comments?post=4233"}],"version-history":[{"count":1,"href":"https:\/\/desteptati-va.ro\/index.php\/wp-json\/wp\/v2\/posts\/4233\/revisions"}],"predecessor-version":[{"id":4235,"href":"https:\/\/desteptati-va.ro\/index.php\/wp-json\/wp\/v2\/posts\/4233\/revisions\/4235"}],"wp:featuredmedia":[{"embeddable":true,"href":"https:\/\/desteptati-va.ro\/index.php\/wp-json\/wp\/v2\/media\/2685"}],"wp:attachment":[{"href":"https:\/\/desteptati-va.ro\/index.php\/wp-json\/wp\/v2\/media?parent=4233"}],"wp:term":[{"taxonomy":"category","embeddable":true,"href":"https:\/\/desteptati-va.ro\/index.php\/wp-json\/wp\/v2\/categories?post=4233"},{"taxonomy":"post_tag","embeddable":true,"href":"https:\/\/desteptati-va.ro\/index.php\/wp-json\/wp\/v2\/tags?post=4233"}],"curies":[{"name":"wp","href":"https:\/\/api.w.org\/{rel}","templated":true}]}}