{"id":4236,"date":"2021-04-20T07:20:23","date_gmt":"2021-04-20T07:20:23","guid":{"rendered":"http:\/\/desteptati.ro\/?p=4236"},"modified":"2022-01-12T20:55:56","modified_gmt":"2022-01-12T18:55:56","slug":"aici-sunt-banii-dumneavoastra","status":"publish","type":"post","link":"https:\/\/desteptati-va.ro\/index.php\/2021\/04\/20\/aici-sunt-banii-dumneavoastra\/","title":{"rendered":"Aici sunt banii dumneavoastr\u0103\u2026"},"content":{"rendered":"<div class=\"post-content\"><div class='booster-block booster-read-block'>\n                <div class=\"twp-read-time\">\n                \t<i class=\"booster-icon twp-clock\"><\/i> <span>Read Time:<\/span>6 Minute, 51 Second                <\/div>\n\n            <\/div><h4>La sedin\u021ba de investire a Cabinetului Ungureanu de la Palatul Cotroceni, Traian B\u0103sescu, presedintele Rom\u00e2niei, declara euforic( stia el de ce):<\/h4>\r\n<h4>&#8222;\u00cen echipa premierului se afl\u0103 numai ministrii, care la Revolu\u021bie aveau \u00eentre 11 ani \u0219i 21 de ani. Este probabil cel mai puternic semnal al faptului c\u0103 a venit timpul schimb\u0103rii \u00een clasa politic\u0103&#8221;(obosi\u021bi de fraudarea poporului rom\u00e2n timp de 22 de ani, \u0219menarii b\u0103tr\u00e2ni sunt \u00eenlocui\u021bi cu odraslele lor mai tinere, dar bagheta dirijoral\u0103 r\u0103m\u00e2ne tot la Zeus).<\/h4>\r\n<h3><em>\u00a0Imperiul nev\u0103zut din spatele lui Bogdan Dr\u0103goi<\/em><\/h3>\r\n<h4>V\u0103 mai aminti\u021bi pentru ce s-a iesit \u00een strad\u0103 \u00een decembrie 1989 ? Pentru libertate am crezut cu to\u021bii, mai pu\u021bin cei ce au orchestrat \u0219i deturnat acele idealuri, iar unii ne-au mai \u0219i \u00eempu\u0219cat. Dup\u0103 ce ne-au evaluat \u0219i au ajuns la concluzia c\u0103 suntem \u2018mul\u021bi dar pro\u0219ti\u2019 au \u00eenceput s\u0103 ne fure. Ne-au \u00eembrobodit c\u0103 economia este un \u2018morman de fiare vechii\u2019, c\u0103 \u2018proprietatea \u00eentregului popor\u2019 este o no\u021biune \u2018ceau\u0219ist\u0103\u2019 f\u0103r\u0103 substant\u0103, iar ei ca reprezentan\u021bi ai poporului, iau \u00een proprietate averea \u021b\u0103rii.<\/h4>\r\n<figure id=\"attachment_2592\" aria-describedby=\"caption-attachment-2592\" style=\"width: 300px\" class=\"wp-caption aligncenter\"><img loading=\"lazy\" decoding=\"async\" class=\"size-medium wp-image-2592\" src=\"http:\/\/www.desteptati-va.ro\/wp-content\/uploads\/2011\/10\/image_124941749894034300_3-300x300.jpg\" alt=\"Adriean Videanu\" width=\"300\" height=\"300\" \/><figcaption id=\"caption-attachment-2592\" class=\"wp-caption-text\">Adriean Videanu<\/figcaption><\/figure>\r\n<h4>La Revolu\u021bie Bogdan Dr\u0103goi actualul Ministru al Finan\u021belor avea 9 ani iar tat\u0103l s\u0103u, Dan Dr\u0103goi, avea 36 \u0219i era maior, azi general \u00een rezerv\u0103.<\/h4>\r\n<h4><em>Imediat dup\u0103 decembrie 1989, Dan Dr\u0103goi<\/em> a fost secretar de stat la Ministerul Economiei\/Industriilor \u00een guvernele Roman \u0219i Stolojan, fiind adus \u00een acest post de g-ralul (r) <em>Victor Athanasie St\u0103nculescu<\/em> &#8211; devenit ministru \u00een primele guverne post-revolu\u021bionare.<\/h4>\r\n<h4>Ulterior, St\u0103nculescu \u0219i Dr\u0103goi au intrat \u00een afaceri, reprezent\u00e2nd \u00een Rom\u00e2nia interesele grupului <em>Balli<\/em>. Dan Dr\u0103goi a fost director \u00een firmele <em>Sidex International Ltd. (Londra) \u0219i Dundee Ltd (Dublin)<\/em> &#8211; ambele au parazitat combinatul Sidex Gala\u021bi (c\u00e2nd apar\u021binea statului). Dan Dr\u0103goi a fost adjunctul lui Victor Athanasie St\u0103nculescu ca secretar de stat la Ministerul Economiei \u00een perioada 16 octombrie &#8211; 8 noiembrie 1991. Institu\u021bia abia se crease prin reorganizarea Comitetului de Stat al Planific\u0103rii<\/h4>\r\n<h4>\u00cen deceniul care a urmat, Bogdan \u0219i-a dublat v\u00e2rsta, iar Dr\u0103goi-senior a f\u0103cut afaceri cu statul prin companii-paravan \u00eenfiin\u021bate dincolo de Canalul M\u00e2necii.<\/h4>\r\n<h4>Mai t\u00e2rziu, Bogdan s-a lansat \u00een business pe rampa deja construit\u0103 de Dan Dr\u0103goi. Acum, t\u00e2n\u0103rul a ajuns ministru, iar tat\u0103l sau &#8211; bogat. Sistemul de rela\u021bii de care dispun cei doi Dr\u0103goi se reflect\u0103 \u00een afacerile lor.<\/h4>\r\n<figure id=\"attachment_3428\" aria-describedby=\"caption-attachment-3428\" style=\"width: 257px\" class=\"wp-caption aligncenter\"><a href=\"http:\/\/www.desteptati-va.ro\/wp-content\/uploads\/2012\/03\/DRAGOI-DE-RUBEIS-2-e1330969539908.png\"><img loading=\"lazy\" decoding=\"async\" class=\"size-medium wp-image-3428\" title=\"DRAGOI-DE-RUBEIS-2-e1330969539908\" src=\"http:\/\/www.desteptati-va.ro\/wp-content\/uploads\/2012\/03\/DRAGOI-DE-RUBEIS-2-e1330969539908-257x300.png\" alt=\"Bogdan Dr\u0103goi \u0219i Raymond de Rubeis \" width=\"257\" height=\"300\" \/><\/a><figcaption id=\"caption-attachment-3428\" class=\"wp-caption-text\">Bogdan Dr\u0103goi \u0219i Raymond de Rubeis<\/figcaption><\/figure>\r\n<h3><em>O\u021bel rom\u00e2nesc \u0219i \u0219ampanie frantuzeasc\u0103<\/em><\/h3>\r\n<h4>August 2008. Bucure\u0219ti. Clubul Fratelli. Atmosfera de fi\u021be. Cu un trabuc cubanez \u00een gur\u0103, s\u0103rb\u0103toritul Raymod De Rubeis executa sticle de sampanie, iar Bogdan Dr\u0103goi este unul dintre invita\u021bii s\u0103i de seama. Fac poze \u00eempreuna, cu familia, se \u021bin tovara\u0219e\u0219te de dup\u0103 umeri. Sunt prieteni. Dar \u0219i parteneri de afaceri.<\/h4>\r\n<h4>Afaceristul expat, Raymond De Rubeis s-a intersectat cu familia Dr\u0103goi la Londra \u00een anii &#8217;90. Atunci, De Rubeis lucra pentru grupul Balli. Iar grupul Balli era reprezentat \u00een Rom\u00e2nia de Dan Dr\u0103goi, tatal actualului ministru. Casa de comer\u021b controlat\u0103 de fra\u021bii Alaghband, de origine iranian\u0103, avea interese majore \u00een Carpa\u021bi &#8211; \u021bintind industria metalurgic\u0103. \u00cen cartierul general al Balli, nu departe de Hyde Park, se puneau la punct strategiile de c\u0103pu\u0219are sau preluare a combinatelor romane\u0219ti de stat. Prima lovitura s-a dat la Gala\u021bi, pe malul Dun\u0103rii, printr-o companie \u00eenfiin\u021bat\u0103 \u00een Londra, pe malul Tamisei.<\/h4>\r\n<figure id=\"attachment_3429\" aria-describedby=\"caption-attachment-3429\" style=\"width: 297px\" class=\"wp-caption aligncenter\"><a href=\"http:\/\/www.desteptati-va.ro\/wp-content\/uploads\/2012\/03\/bebe-ionescu.jpg\"><img loading=\"lazy\" decoding=\"async\" class=\"size-full wp-image-3429\" title=\"bebe-ionescu\" src=\"http:\/\/www.desteptati-va.ro\/wp-content\/uploads\/2012\/03\/bebe-ionescu.jpg\" alt=\"Gheorghe Ionescu (Bebe)\" width=\"297\" height=\"223\" \/><\/a><figcaption id=\"caption-attachment-3429\" class=\"wp-caption-text\">Gheorghe Ionescu (Bebe)<\/figcaption><\/figure>\r\n<h3><em>Un dolar de la fiecare<\/em><\/h3>\r\n<h4>Una dintre afacerile familiei Dr\u0103goi a costat fiecare roman un dolar. Decontul a avut loc \u00een 2007, dar lovitura a fost dat\u0103 cu zece ani mai devreme prin firma londonez\u0103 Sidex International Ltd. Compania a func\u021bionat ca broker de materii prime pentru aprovizionarea combinatului Sidex Gala\u021bi, dar \u0219i ca intermediar pentru exporturile acestuia.<\/h4>\r\n<h4>Printre directorii firmei au figurat Dan Dr\u0103goi (tat\u0103l ministrului de Finan\u021be), Gheorghe Ionescu (tat\u0103l logodnicului Elenei B\u0103sescu) \u0219i Raymond De Rubeis (partener de afaceri cu familia Dr\u0103goi). Firma engleza era imp\u0103r\u021bit\u0103 de grupul Balli (60%) \u0219i de combinatul Sidex-Gala\u021bi (40%). Compania Sidex International Ltd. fondat\u0103 \u00een Londra, \u00een septembrie 1997, are sediul pe Stanhope Gate 5.<\/h4>\r\n<h4>Este, de fapt, o c\u0103su\u021b\u0103 po\u0219tal\u0103 \u00een cartierul general al Balli Group, acolo unde func\u021bioneaz\u0103 toate firmele din holding \u0219i unde locuiesc managerii.<\/h4>\r\n<h4>Trei dintre directorii firmei au fost Dan Dr\u0103goi (tat\u0103l actualului ministru al Finan\u021belor), Gheorghe Ionescu (tat\u0103l logodnicului Elenei B\u0103sescu) \u0219i Raymond De Rubeis (partener de afaceri cu familia Dr\u0103goi). Sidex Interna\u021bional Ltd. era controlat\u0103 de grupul Balli (60%) \u0219i de combinatul Sidex-Gala\u021bi (40%).<\/h4>\r\n<figure id=\"attachment_3430\" aria-describedby=\"caption-attachment-3430\" style=\"width: 300px\" class=\"wp-caption aligncenter\"><a href=\"http:\/\/www.desteptati-va.ro\/wp-content\/uploads\/2012\/03\/lakshmi_mittal_uk_richest_m.jpg\"><img loading=\"lazy\" decoding=\"async\" class=\"size-medium wp-image-3430\" title=\"lakshmi_mittal\" src=\"http:\/\/www.desteptati-va.ro\/wp-content\/uploads\/2012\/03\/lakshmi_mittal_uk_richest_m-300x225.jpg\" alt=\"Lakshmi Mittal\" width=\"300\" height=\"225\" \/><\/a><figcaption id=\"caption-attachment-3430\" class=\"wp-caption-text\">Lakshmi Mittal<\/figcaption><\/figure>\r\n<h3><em>C\u0103pusa \u0219i colapsul.<\/em><\/h3>\r\n<h4>Imediat dup\u0103 \u00eenfiin\u021bare, compania londonez\u0103 a preluat mare parte din activit\u0103\u021bile comerciale ale combinatului din Gala\u021bi. Dup\u0103 modelul clasic de \u201ec\u0103pu\u0219are\u201d, Sidex Interna\u021bional Ltd. a func\u021bionat ca broker de materii prime pentru aprovizionarea colosului de stat, dar \u0219i intermediar pentru exporturile acestuia. Aranjamentul dureaz\u0103 doi ani \u0219i ceva, dup\u0103 care afacerea intr\u0103 \u00een blocaj. \u00cen 1999, combinatul g\u0103l\u0103\u021bean ajunge \u00een situa\u021bia \u00een care nu-\u0219i mai poate pl\u0103ti datoriile c\u0103tre b\u0103ncile str\u0103ine \u0219i nici comisioanele c\u0103tre Sidex International Ltd. \u00centreprinderea pierdea 1 milion de dolari pe zi. Datoriile revendicate de b\u0103nci \u0219i firma londonez\u0103 cumulau, \u00een 1999, peste 100 de milioane de dolari. Dup\u0103 doi ani de dispute, Sidex International Ltd. se adreseaz\u0103 Cur\u021bii Interna\u021bionale de Arbitraj de la Londra pentru a ob\u021bine aproximativ 50 de milioane de dolari de la societatea g\u0103l\u0103\u021bean\u0103. Litigiul cu firma londonez\u0103 afecteaz\u0103 \u0219i negocierile dintre statul rom\u00e2n \u0219i holdingul Mittal, patronat de magnatul Laskhmi Mittal. Pentru a prelua Sidex, Mittal pune atunci condi\u021bia s\u0103 pl\u0103teasc\u0103 doar o treime din pre\u021bul de v\u00e2nzare al combinatului siderurgic: adic\u0103 25 milioane de dolari. Restul banilor, p\u00e2n\u0103 la 77 de milioane de dolari, ar urma s\u0103 fie v\u0103rsa\u021bi de noul proprietar abia dup\u0103 ce \u00eentreprinderea g\u0103l\u0103\u021bean\u0103 c\u00e2\u0219tig\u0103 procesul la Londra. Ceea ce nu se \u00eent\u00e2mpl\u0103.<\/h4>\r\n<h4>Dan Dr\u0103goi se retrage \u00een iulie 2002 din pozi\u021bia de director al Sidex International Ltd \u2013 Londra. Ce r\u0103m\u00e2ne \u00een urm\u0103: o c\u0103su\u021b\u0103 po\u0219tal\u0103 din Londra care c\u00e2\u0219tig\u0103 zeci de milioane de dolari dintr-un contract p\u0103gubos de tip \u201ec\u0103pu\u0219\u0103\u201d \u0219i un litigiu interna\u021bional care faulteaz\u0103 privatizarea strategic\u0103 a combinatului din Gala\u021bi. \u00cen ceea ce-l prive\u0219te pe Gheorghe Ionescu, fostul director FPS \u2013 acesta a ie\u0219it din actele companiei londoneze \u00een iunie 2000, la un an dup\u0103 ce \u00eentreprinderea de stat a intrat \u00een incapacitate de plat\u0103.<\/h4>\r\n<h4><\/h4>\r\n<h3><em>\u00a049,3 Milioane USD.<\/em><\/h3>\r\n<h4>\u00cen 2005, \u201ec\u0103pu\u0219a\u201d fondat\u0103 de Dan Dr\u0103goi \u0219i partenerii s\u0103i are c\u00e2\u0219tig de cauz\u0103. Solu\u021bia Cur\u021bii Interna\u021bionale de Arbitraj este favorabil\u0103 firmei Sidex International Ltd. \u00een baza contractului \u00eencheiat \u00een dezavantajul societ\u0103\u021bii de stat. \u0218i astfel, offshore-ul prime\u0219te dreptul s\u0103 execute combinatul siderurgic pentru suma de 49,3 de milioane de dolari. Drept urmare, Mittal pl\u0103te\u0219te banii direct c\u0103tre firma din Londra, dar clauzele din contractul de privatizare \u00eei dau dreptul s\u0103-i recupereze de la statul rom\u00e2n. Iar statul se execut\u0103. \u00cen lunile care urmeaz\u0103, AVAS (fostul FPS) negociaz\u0103 cu Mittal stingerea obliga\u021biilor combinatului, la pachet cu alte pierderi anterioare privatiz\u0103rii \u2013 toate consemnate \u00eentr-un raport de audit \u00eentocmit de PricewaterhouseCoopers. \u00cen martie 2007, guvernul rom\u00e2n anun\u021b\u0103 c\u0103 a ajuns la un acord cu Mittal ca AVAS s\u0103 pl\u0103teasc\u0103 24 de milioane de dolari \u00een contul datoriilor c\u0103tre Sidex International Ltd. (Londra) \u0219i al celor constatate de auditor. Suma pe care Mittal o prime\u0219te astfel nu difer\u0103 foarte mult de cea pe care acela\u0219i holding a pl\u0103tit-o direct pe ac\u021biunile combinatulului Sidex: acea prim\u0103 tran\u0219\u0103 de 25 de milioane de dolari. Restul banilor (49,3 de milioane) a fost \u00eenghi\u021bit de compania englez\u0103 ai c\u0103rei directori au fost doi ta\u021bi influen\u021bi: cel al ministrului de finan\u021be \u0219i cel al iubitului Elenei B\u0103sescu.<\/h4>\r\n<figure id=\"attachment_3434\" aria-describedby=\"caption-attachment-3434\" style=\"width: 300px\" class=\"wp-caption aligncenter\"><a href=\"http:\/\/www.desteptati-va.ro\/wp-content\/uploads\/2012\/03\/combinatul_sidex_foto_wikimedia_org.jpg\"><img loading=\"lazy\" decoding=\"async\" class=\"size-medium wp-image-3434\" title=\"combinatul_sidex_foto_wikimedia_org\" src=\"http:\/\/www.desteptati-va.ro\/wp-content\/uploads\/2012\/03\/combinatul_sidex_foto_wikimedia_org-300x200.jpg\" alt=\"Combinatul Sidex Gala\u021bi\" width=\"300\" height=\"200\" \/><\/a><figcaption id=\"caption-attachment-3434\" class=\"wp-caption-text\">Combinatul Sidex Gala\u021bi<\/figcaption><\/figure>\r\n<h3><em>Actul final.<\/em><\/h3>\r\n<h4>\u00cen septembrie 2011, la cinci ani dup\u0103 ce a \u00eencasat cei 43,9 milioane de dolari pe spatele combinatului g\u0103l\u0103\u021bean, compania Sidex International Ltd. a intrat \u00een dizolvare voluntar\u0103. Documentele ob\u021binute de RISE Project arat\u0103 c\u0103 singurele activit\u0103\u021bi ale firmei de l\u00e2ng\u0103 Hyde Park au fost cele legate de combinatul din Gala\u021bi. Plus litigiile aferente. Ministrul Finantelor, Bogdan Dr\u0103goi, sus\u021bine c\u0103 \u00een 2001 era student \u0219i c\u0103 nu poate comenta pe marginea unor afaceri sau negocieri la care el n-a participat.<\/h4>\r\n<h4><\/h4>\r\n<h4><span style=\"color: #c0c0c0;\">\u00a0<em>Sursa : ACTMedia Phone<\/em><\/span><\/h4>        <div class=\"booster-block booster-reactions-block\">\n            <div class=\"twp-reactions-icons\">\n                \n                <div class=\"twp-reacts-wrap\">\n                    <a react-data=\"be-react-1\" post-id=\"4236\" class=\"be-face-icons un-reacted\" href=\"javascript:void(0)\">\n                        <img decoding=\"async\" src=\"https:\/\/desteptati-va.ro\/wp-content\/plugins\/booster-extension\/\/assets\/icon\/happy.svg\" alt=\"Happy\">\n                    <\/a>\n                    <div class=\"twp-reaction-title\">\n                        Happy                    <\/div>\n                    <div class=\"twp-count-percent\">\n                                                    <span style=\"display: none;\" class=\"twp-react-count\">0<\/span>\n                        \n                                                <span class=\"twp-react-percent\"><span>0<\/span> %<\/span>\n                                            <\/div>\n                <\/div>\n\n                <div class=\"twp-reacts-wrap\">\n                    <a react-data=\"be-react-2\" post-id=\"4236\" class=\"be-face-icons un-reacted\" href=\"javascript:void(0)\">\n                        <img decoding=\"async\" src=\"https:\/\/desteptati-va.ro\/wp-content\/plugins\/booster-extension\/\/assets\/icon\/sad.svg\" alt=\"Sad\">\n                    <\/a>\n                    <div class=\"twp-reaction-title\">\n                        Sad                    <\/div>\n                    <div class=\"twp-count-percent\">\n                                                    <span style=\"display: none;\" class=\"twp-react-count\">0<\/span>\n                                                                        <span class=\"twp-react-percent\"><span>0<\/span> %<\/span>\n                                            <\/div>\n                <\/div>\n\n                <div class=\"twp-reacts-wrap\">\n                    <a react-data=\"be-react-3\" post-id=\"4236\" class=\"be-face-icons un-reacted\" href=\"javascript:void(0)\">\n                        <img decoding=\"async\" src=\"https:\/\/desteptati-va.ro\/wp-content\/plugins\/booster-extension\/\/assets\/icon\/excited.svg\" alt=\"Excited\">\n                    <\/a>\n                    <div class=\"twp-reaction-title\">\n                        Excited                    <\/div>\n                    <div class=\"twp-count-percent\">\n                                                    <span style=\"display: none;\" class=\"twp-react-count\">0<\/span>\n                                                                        <span class=\"twp-react-percent\"><span>0<\/span> %<\/span>\n                                            <\/div>\n                <\/div>\n\n                <div class=\"twp-reacts-wrap\">\n                    <a react-data=\"be-react-6\" post-id=\"4236\" class=\"be-face-icons un-reacted\" href=\"javascript:void(0)\">\n                        <img decoding=\"async\" src=\"https:\/\/desteptati-va.ro\/wp-content\/plugins\/booster-extension\/\/assets\/icon\/sleepy.svg\" alt=\"Sleepy\">\n                    <\/a>\n                    <div class=\"twp-reaction-title\">\n                        Sleepy                    <\/div>\n                    <div class=\"twp-count-percent\">\n                                                    <span style=\"display: none;\" class=\"twp-react-count\">0<\/span>\n                        \n                                                <span class=\"twp-react-percent\"><span>0<\/span> %<\/span>\n                                            <\/div>\n                <\/div>\n\n                <div class=\"twp-reacts-wrap\">\n                    <a react-data=\"be-react-4\" post-id=\"4236\" class=\"be-face-icons un-reacted\" href=\"javascript:void(0)\">\n                        <img decoding=\"async\" src=\"https:\/\/desteptati-va.ro\/wp-content\/plugins\/booster-extension\/\/assets\/icon\/angry.svg\" alt=\"Angry\">\n                    <\/a>\n                    <div class=\"twp-reaction-title\">Angry<\/div>\n                    <div class=\"twp-count-percent\">\n                                                    <span style=\"display: none;\" class=\"twp-react-count\">0<\/span>\n                                                                        <span class=\"twp-react-percent\"><span>0<\/span> %<\/span>\n                        \n                    <\/div>\n                <\/div>\n\n                <div class=\"twp-reacts-wrap\">\n                    <a react-data=\"be-react-5\" post-id=\"4236\" class=\"be-face-icons un-reacted\" href=\"javascript:void(0)\">\n                        <img decoding=\"async\" src=\"https:\/\/desteptati-va.ro\/wp-content\/plugins\/booster-extension\/\/assets\/icon\/surprise.svg\" alt=\"Surprise\">\n                    <\/a>\n                    <div class=\"twp-reaction-title\">Surprise<\/div>\n                    <div class=\"twp-count-percent\">\n                                                    <span style=\"display: none;\" class=\"twp-react-count\">0<\/span>\n                                                                        <span class=\"twp-react-percent\"><span>0<\/span> %<\/span>\n                                            <\/div>\n                <\/div>\n\n            <\/div>\n        <\/div>\n\n    <\/div>","protected":false},"excerpt":{"rendered":"<p>La sedin\u021ba de investire a Cabinetului Ungureanu de la Palatul Cotroceni, Traian B\u0103sescu, presedintele Rom\u00e2niei, declara euforic( stia el de<a href=\"https:\/\/desteptati-va.ro\/index.php\/2021\/04\/20\/aici-sunt-banii-dumneavoastra\/\">Read More<i class=\"fa fa-long-arrow-right\" aria-hidden=\"true\"><\/i><\/a><\/p>\n","protected":false},"author":1,"featured_media":1330,"comment_status":"open","ping_status":"open","sticky":false,"template":"","format":"standard","meta":{"_crdt_document":"","footnotes":""},"categories":[24,218],"tags":[253,1642],"class_list":["post-4236","post","type-post","status-publish","format-standard","has-post-thumbnail","hentry","category-epoca-hotiei","category-general","tag-jaf","tag-privatizare"],"rise-blocks_total_comments":1,"rise-blocks_categories":[{"term_id":24,"name":"Epoca Traian Basescu (2004-2014)","slug":"epoca-hotiei","term_group":0,"term_taxonomy_id":24,"taxonomy":"category","description":"","parent":20,"count":9,"filter":"raw"}],"rise-blocks_excerpt":"La sedin\u021ba de investire a Cabinetului Ungureanu de la Palatul Cotroceni, Traian B\u0103sescu, presedintele Rom\u00e2niei, declara euforic( stia el de ce): &#8222;\u00cen echipa premierului se afl\u0103 numai ministrii, care la Revolu\u021bie aveau \u00eentre 11 ani \u0219i 21 de ani. Este probabil cel mai puternic semnal al faptului c\u0103 a venit timpul schimb\u0103rii \u00een clasa politic\u0103&#8221;(obosi\u021bi de fraudarea poporului rom\u00e2n timp..","yoast_head":"<!-- This site is optimized with the Yoast SEO plugin v26.9 - https:\/\/yoast.com\/product\/yoast-seo-wordpress\/ -->\r\n<title>Aici sunt banii dumneavoastr\u0103\u2026 -<\/title>\r\n<meta name=\"robots\" content=\"index, follow, max-snippet:-1, max-image-preview:large, max-video-preview:-1\" \/>\r\n<link rel=\"canonical\" href=\"https:\/\/desteptati-va.ro\/index.php\/2021\/04\/20\/aici-sunt-banii-dumneavoastra\/\" \/>\r\n<meta property=\"og:locale\" content=\"ro_RO\" \/>\r\n<meta property=\"og:type\" content=\"article\" \/>\r\n<meta property=\"og:title\" content=\"Aici sunt banii dumneavoastr\u0103\u2026 -\" \/>\r\n<meta property=\"og:description\" content=\"La sedin\u021ba de investire a Cabinetului Ungureanu de la Palatul Cotroceni, Traian B\u0103sescu, presedintele Rom\u00e2niei, declara euforic( stia el deRead More\" \/>\r\n<meta property=\"og:url\" content=\"https:\/\/desteptati-va.ro\/index.php\/2021\/04\/20\/aici-sunt-banii-dumneavoastra\/\" \/>\r\n<meta property=\"article:published_time\" content=\"2021-04-20T07:20:23+00:00\" \/>\r\n<meta property=\"article:modified_time\" content=\"2022-01-12T18:55:56+00:00\" \/>\r\n<meta property=\"og:image\" content=\"https:\/\/desteptati-va.ro\/wp-content\/uploads\/2021\/04\/20110314034731basescu-7.jpg\" \/>\r\n\t<meta property=\"og:image:width\" content=\"400\" \/>\r\n\t<meta property=\"og:image:height\" content=\"300\" \/>\r\n\t<meta property=\"og:image:type\" content=\"image\/jpeg\" \/>\r\n<meta name=\"author\" content=\"wolfsoftcompany\" \/>\r\n<meta name=\"twitter:card\" content=\"summary_large_image\" \/>\r\n<meta name=\"twitter:label1\" content=\"Scris de\" \/>\n\t<meta name=\"twitter:data1\" content=\"wolfsoftcompany\" \/>\n\t<meta name=\"twitter:label2\" content=\"Timp estimat pentru citire\" \/>\n\t<meta name=\"twitter:data2\" content=\"7 minute\" \/>\r\n<script type=\"application\/ld+json\" class=\"yoast-schema-graph\">{\"@context\":\"https:\/\/schema.org\",\"@graph\":[{\"@type\":\"Article\",\"@id\":\"https:\/\/desteptati-va.ro\/index.php\/2021\/04\/20\/aici-sunt-banii-dumneavoastra\/#article\",\"isPartOf\":{\"@id\":\"https:\/\/desteptati-va.ro\/index.php\/2021\/04\/20\/aici-sunt-banii-dumneavoastra\/\"},\"author\":{\"name\":\"wolfsoftcompany\",\"@id\":\"https:\/\/desteptati-va.ro\/#\/schema\/person\/13182deeebd44920914899f7bb262d6b\"},\"headline\":\"Aici sunt banii dumneavoastr\u0103\u2026\",\"datePublished\":\"2021-04-20T07:20:23+00:00\",\"dateModified\":\"2022-01-12T18:55:56+00:00\",\"mainEntityOfPage\":{\"@id\":\"https:\/\/desteptati-va.ro\/index.php\/2021\/04\/20\/aici-sunt-banii-dumneavoastra\/\"},\"wordCount\":1498,\"commentCount\":0,\"image\":{\"@id\":\"https:\/\/desteptati-va.ro\/index.php\/2021\/04\/20\/aici-sunt-banii-dumneavoastra\/#primaryimage\"},\"thumbnailUrl\":\"https:\/\/desteptati-va.ro\/wp-content\/uploads\/2021\/04\/20110314034731basescu-7.jpg\",\"keywords\":[\"jaf\",\"privatizare\"],\"articleSection\":[\"Epoca Traian Basescu (2004-2014)\",\"General\"],\"inLanguage\":\"ro-RO\",\"potentialAction\":[{\"@type\":\"CommentAction\",\"name\":\"Comment\",\"target\":[\"https:\/\/desteptati-va.ro\/index.php\/2021\/04\/20\/aici-sunt-banii-dumneavoastra\/#respond\"]}]},{\"@type\":\"WebPage\",\"@id\":\"https:\/\/desteptati-va.ro\/index.php\/2021\/04\/20\/aici-sunt-banii-dumneavoastra\/\",\"url\":\"https:\/\/desteptati-va.ro\/index.php\/2021\/04\/20\/aici-sunt-banii-dumneavoastra\/\",\"name\":\"Aici sunt banii dumneavoastr\u0103\u2026 -\",\"isPartOf\":{\"@id\":\"https:\/\/desteptati-va.ro\/#website\"},\"primaryImageOfPage\":{\"@id\":\"https:\/\/desteptati-va.ro\/index.php\/2021\/04\/20\/aici-sunt-banii-dumneavoastra\/#primaryimage\"},\"image\":{\"@id\":\"https:\/\/desteptati-va.ro\/index.php\/2021\/04\/20\/aici-sunt-banii-dumneavoastra\/#primaryimage\"},\"thumbnailUrl\":\"https:\/\/desteptati-va.ro\/wp-content\/uploads\/2021\/04\/20110314034731basescu-7.jpg\",\"datePublished\":\"2021-04-20T07:20:23+00:00\",\"dateModified\":\"2022-01-12T18:55:56+00:00\",\"author\":{\"@id\":\"https:\/\/desteptati-va.ro\/#\/schema\/person\/13182deeebd44920914899f7bb262d6b\"},\"breadcrumb\":{\"@id\":\"https:\/\/desteptati-va.ro\/index.php\/2021\/04\/20\/aici-sunt-banii-dumneavoastra\/#breadcrumb\"},\"inLanguage\":\"ro-RO\",\"potentialAction\":[{\"@type\":\"ReadAction\",\"target\":[\"https:\/\/desteptati-va.ro\/index.php\/2021\/04\/20\/aici-sunt-banii-dumneavoastra\/\"]}]},{\"@type\":\"ImageObject\",\"inLanguage\":\"ro-RO\",\"@id\":\"https:\/\/desteptati-va.ro\/index.php\/2021\/04\/20\/aici-sunt-banii-dumneavoastra\/#primaryimage\",\"url\":\"https:\/\/desteptati-va.ro\/wp-content\/uploads\/2021\/04\/20110314034731basescu-7.jpg\",\"contentUrl\":\"https:\/\/desteptati-va.ro\/wp-content\/uploads\/2021\/04\/20110314034731basescu-7.jpg\",\"width\":400,\"height\":300,\"caption\":\"Presedintele Romaniei, Traian Basescu, participa la masa rotunda &quot;Evolutiile socio-economice din Romania: valorificarea oportunitatilor oferite de catre Strategia Lisabona a Uniunii Europene pentru dezvoltare si locuri de munca&quot;, la Hotelul Intercontinental din Bucuresti, vineri, 23 mai 2008. ANDREEA BALAUREA \/ MEDIAFAX FOTO\"},{\"@type\":\"BreadcrumbList\",\"@id\":\"https:\/\/desteptati-va.ro\/index.php\/2021\/04\/20\/aici-sunt-banii-dumneavoastra\/#breadcrumb\",\"itemListElement\":[{\"@type\":\"ListItem\",\"position\":1,\"name\":\"Prima pagin\u0103\",\"item\":\"https:\/\/desteptati-va.ro\/\"},{\"@type\":\"ListItem\",\"position\":2,\"name\":\"Aici sunt banii dumneavoastr\u0103\u2026\"}]},{\"@type\":\"WebSite\",\"@id\":\"https:\/\/desteptati-va.ro\/#website\",\"url\":\"https:\/\/desteptati-va.ro\/\",\"name\":\"\",\"description\":\"\",\"potentialAction\":[{\"@type\":\"SearchAction\",\"target\":{\"@type\":\"EntryPoint\",\"urlTemplate\":\"https:\/\/desteptati-va.ro\/?s={search_term_string}\"},\"query-input\":{\"@type\":\"PropertyValueSpecification\",\"valueRequired\":true,\"valueName\":\"search_term_string\"}}],\"inLanguage\":\"ro-RO\"},{\"@type\":\"Person\",\"@id\":\"https:\/\/desteptati-va.ro\/#\/schema\/person\/13182deeebd44920914899f7bb262d6b\",\"name\":\"wolfsoftcompany\",\"image\":{\"@type\":\"ImageObject\",\"inLanguage\":\"ro-RO\",\"@id\":\"https:\/\/desteptati-va.ro\/#\/schema\/person\/image\/\",\"url\":\"https:\/\/secure.gravatar.com\/avatar\/a6cce9b6d101d27d91690e7073e300fed94c0899890bf998e082cb9d2c3d121e?s=96&d=mm&r=g\",\"contentUrl\":\"https:\/\/secure.gravatar.com\/avatar\/a6cce9b6d101d27d91690e7073e300fed94c0899890bf998e082cb9d2c3d121e?s=96&d=mm&r=g\",\"caption\":\"wolfsoftcompany\"},\"sameAs\":[\"http:\/\/desteptati-va.ro\"],\"url\":\"https:\/\/desteptati-va.ro\/index.php\/author\/wolfsoftcompany\/\"}]}<\/script>\r\n<!-- \/ Yoast SEO plugin. -->","yoast_head_json":{"title":"Aici sunt banii dumneavoastr\u0103\u2026 -","robots":{"index":"index","follow":"follow","max-snippet":"max-snippet:-1","max-image-preview":"max-image-preview:large","max-video-preview":"max-video-preview:-1"},"canonical":"https:\/\/desteptati-va.ro\/index.php\/2021\/04\/20\/aici-sunt-banii-dumneavoastra\/","og_locale":"ro_RO","og_type":"article","og_title":"Aici sunt banii dumneavoastr\u0103\u2026 -","og_description":"La sedin\u021ba de investire a Cabinetului Ungureanu de la Palatul Cotroceni, Traian B\u0103sescu, presedintele Rom\u00e2niei, declara euforic( stia el deRead More","og_url":"https:\/\/desteptati-va.ro\/index.php\/2021\/04\/20\/aici-sunt-banii-dumneavoastra\/","article_published_time":"2021-04-20T07:20:23+00:00","article_modified_time":"2022-01-12T18:55:56+00:00","og_image":[{"width":400,"height":300,"url":"https:\/\/desteptati-va.ro\/wp-content\/uploads\/2021\/04\/20110314034731basescu-7.jpg","type":"image\/jpeg"}],"author":"wolfsoftcompany","twitter_card":"summary_large_image","twitter_misc":{"Scris de":"wolfsoftcompany","Timp estimat pentru citire":"7 minute"},"schema":{"@context":"https:\/\/schema.org","@graph":[{"@type":"Article","@id":"https:\/\/desteptati-va.ro\/index.php\/2021\/04\/20\/aici-sunt-banii-dumneavoastra\/#article","isPartOf":{"@id":"https:\/\/desteptati-va.ro\/index.php\/2021\/04\/20\/aici-sunt-banii-dumneavoastra\/"},"author":{"name":"wolfsoftcompany","@id":"https:\/\/desteptati-va.ro\/#\/schema\/person\/13182deeebd44920914899f7bb262d6b"},"headline":"Aici sunt banii dumneavoastr\u0103\u2026","datePublished":"2021-04-20T07:20:23+00:00","dateModified":"2022-01-12T18:55:56+00:00","mainEntityOfPage":{"@id":"https:\/\/desteptati-va.ro\/index.php\/2021\/04\/20\/aici-sunt-banii-dumneavoastra\/"},"wordCount":1498,"commentCount":0,"image":{"@id":"https:\/\/desteptati-va.ro\/index.php\/2021\/04\/20\/aici-sunt-banii-dumneavoastra\/#primaryimage"},"thumbnailUrl":"https:\/\/desteptati-va.ro\/wp-content\/uploads\/2021\/04\/20110314034731basescu-7.jpg","keywords":["jaf","privatizare"],"articleSection":["Epoca Traian Basescu (2004-2014)","General"],"inLanguage":"ro-RO","potentialAction":[{"@type":"CommentAction","name":"Comment","target":["https:\/\/desteptati-va.ro\/index.php\/2021\/04\/20\/aici-sunt-banii-dumneavoastra\/#respond"]}]},{"@type":"WebPage","@id":"https:\/\/desteptati-va.ro\/index.php\/2021\/04\/20\/aici-sunt-banii-dumneavoastra\/","url":"https:\/\/desteptati-va.ro\/index.php\/2021\/04\/20\/aici-sunt-banii-dumneavoastra\/","name":"Aici sunt banii dumneavoastr\u0103\u2026 -","isPartOf":{"@id":"https:\/\/desteptati-va.ro\/#website"},"primaryImageOfPage":{"@id":"https:\/\/desteptati-va.ro\/index.php\/2021\/04\/20\/aici-sunt-banii-dumneavoastra\/#primaryimage"},"image":{"@id":"https:\/\/desteptati-va.ro\/index.php\/2021\/04\/20\/aici-sunt-banii-dumneavoastra\/#primaryimage"},"thumbnailUrl":"https:\/\/desteptati-va.ro\/wp-content\/uploads\/2021\/04\/20110314034731basescu-7.jpg","datePublished":"2021-04-20T07:20:23+00:00","dateModified":"2022-01-12T18:55:56+00:00","author":{"@id":"https:\/\/desteptati-va.ro\/#\/schema\/person\/13182deeebd44920914899f7bb262d6b"},"breadcrumb":{"@id":"https:\/\/desteptati-va.ro\/index.php\/2021\/04\/20\/aici-sunt-banii-dumneavoastra\/#breadcrumb"},"inLanguage":"ro-RO","potentialAction":[{"@type":"ReadAction","target":["https:\/\/desteptati-va.ro\/index.php\/2021\/04\/20\/aici-sunt-banii-dumneavoastra\/"]}]},{"@type":"ImageObject","inLanguage":"ro-RO","@id":"https:\/\/desteptati-va.ro\/index.php\/2021\/04\/20\/aici-sunt-banii-dumneavoastra\/#primaryimage","url":"https:\/\/desteptati-va.ro\/wp-content\/uploads\/2021\/04\/20110314034731basescu-7.jpg","contentUrl":"https:\/\/desteptati-va.ro\/wp-content\/uploads\/2021\/04\/20110314034731basescu-7.jpg","width":400,"height":300,"caption":"Presedintele Romaniei, Traian Basescu, participa la masa rotunda &quot;Evolutiile socio-economice din Romania: valorificarea oportunitatilor oferite de catre Strategia Lisabona a Uniunii Europene pentru dezvoltare si locuri de munca&quot;, la Hotelul Intercontinental din Bucuresti, vineri, 23 mai 2008. ANDREEA BALAUREA \/ MEDIAFAX FOTO"},{"@type":"BreadcrumbList","@id":"https:\/\/desteptati-va.ro\/index.php\/2021\/04\/20\/aici-sunt-banii-dumneavoastra\/#breadcrumb","itemListElement":[{"@type":"ListItem","position":1,"name":"Prima pagin\u0103","item":"https:\/\/desteptati-va.ro\/"},{"@type":"ListItem","position":2,"name":"Aici sunt banii dumneavoastr\u0103\u2026"}]},{"@type":"WebSite","@id":"https:\/\/desteptati-va.ro\/#website","url":"https:\/\/desteptati-va.ro\/","name":"","description":"","potentialAction":[{"@type":"SearchAction","target":{"@type":"EntryPoint","urlTemplate":"https:\/\/desteptati-va.ro\/?s={search_term_string}"},"query-input":{"@type":"PropertyValueSpecification","valueRequired":true,"valueName":"search_term_string"}}],"inLanguage":"ro-RO"},{"@type":"Person","@id":"https:\/\/desteptati-va.ro\/#\/schema\/person\/13182deeebd44920914899f7bb262d6b","name":"wolfsoftcompany","image":{"@type":"ImageObject","inLanguage":"ro-RO","@id":"https:\/\/desteptati-va.ro\/#\/schema\/person\/image\/","url":"https:\/\/secure.gravatar.com\/avatar\/a6cce9b6d101d27d91690e7073e300fed94c0899890bf998e082cb9d2c3d121e?s=96&d=mm&r=g","contentUrl":"https:\/\/secure.gravatar.com\/avatar\/a6cce9b6d101d27d91690e7073e300fed94c0899890bf998e082cb9d2c3d121e?s=96&d=mm&r=g","caption":"wolfsoftcompany"},"sameAs":["http:\/\/desteptati-va.ro"],"url":"https:\/\/desteptati-va.ro\/index.php\/author\/wolfsoftcompany\/"}]}},"_links":{"self":[{"href":"https:\/\/desteptati-va.ro\/index.php\/wp-json\/wp\/v2\/posts\/4236","targetHints":{"allow":["GET"]}}],"collection":[{"href":"https:\/\/desteptati-va.ro\/index.php\/wp-json\/wp\/v2\/posts"}],"about":[{"href":"https:\/\/desteptati-va.ro\/index.php\/wp-json\/wp\/v2\/types\/post"}],"author":[{"embeddable":true,"href":"https:\/\/desteptati-va.ro\/index.php\/wp-json\/wp\/v2\/users\/1"}],"replies":[{"embeddable":true,"href":"https:\/\/desteptati-va.ro\/index.php\/wp-json\/wp\/v2\/comments?post=4236"}],"version-history":[{"count":2,"href":"https:\/\/desteptati-va.ro\/index.php\/wp-json\/wp\/v2\/posts\/4236\/revisions"}],"predecessor-version":[{"id":4403,"href":"https:\/\/desteptati-va.ro\/index.php\/wp-json\/wp\/v2\/posts\/4236\/revisions\/4403"}],"wp:featuredmedia":[{"embeddable":true,"href":"https:\/\/desteptati-va.ro\/index.php\/wp-json\/wp\/v2\/media\/1330"}],"wp:attachment":[{"href":"https:\/\/desteptati-va.ro\/index.php\/wp-json\/wp\/v2\/media?parent=4236"}],"wp:term":[{"taxonomy":"category","embeddable":true,"href":"https:\/\/desteptati-va.ro\/index.php\/wp-json\/wp\/v2\/categories?post=4236"},{"taxonomy":"post_tag","embeddable":true,"href":"https:\/\/desteptati-va.ro\/index.php\/wp-json\/wp\/v2\/tags?post=4236"}],"curies":[{"name":"wp","href":"https:\/\/api.w.org\/{rel}","templated":true}]}}