{"id":4239,"date":"2021-04-20T07:22:49","date_gmt":"2021-04-20T07:22:49","guid":{"rendered":"http:\/\/desteptati.ro\/?p=4239"},"modified":"2021-04-20T07:22:49","modified_gmt":"2021-04-20T07:22:49","slug":"o-scurta-exegeza-economica-a-declaratiei-de-presa-a-presedintelui","status":"publish","type":"post","link":"https:\/\/desteptati-va.ro\/index.php\/2021\/04\/20\/o-scurta-exegeza-economica-a-declaratiei-de-presa-a-presedintelui\/","title":{"rendered":"O scurt\u0103 exegez\u0103 economic\u0103 a declara\u0163iei de pres\u0103 a Pre\u015fedintelui"},"content":{"rendered":"<div class=\"post-content\"><div class='booster-block booster-read-block'>\n                <div class=\"twp-read-time\">\n                \t<i class=\"booster-icon twp-clock\"><\/i> <span>Read Time:<\/span>10 Minute, 49 Second                <\/div>\n\n            <\/div><h4 style=\"text-align: justify;\">Titlul m\u0103 oblig\u0103 la o scurt\u0103 explica\u0163ie. \u00cen 2009 eu nu am votat pentru domnul Traian B\u0103sescu. Dar pentru c\u0103 domnia sa a fost ales discutabil sau nu (este o problem\u0103 a cercet\u0103rilor postume) m-am supus majorit\u0103\u0163ii \u015fi \u00een mod firesc a trebuit s\u0103 recunosc c\u0103 este \u015fi Pre\u015fedintele meu. Domnia sa a devenit pre\u015fedintele tuturor rom\u00e2nilor, \u015fi a celor care l-au ales \u015fi a celor care nu l-au votat. Av\u00e2nd responsabilit\u0103\u0163i pentru to\u0163i rom\u00e2nii. A\u015fa c\u0103 nu trebuie s\u0103 se supere c\u0103 mai cre\u0103m c\u00e2te o agor\u0103 s\u0103 ii reamintim c\u0103 este \u201eservitorul na\u0163iunii\u201d, asta ca s\u0103 \u00eel parafrazez pe omul politic Ion Ra\u0163iu! Domnul cu papion Dumnezeu s\u0103 \u00eel odihneasc\u0103! \u015etim c\u0103 pre\u015fedintele este \u00eentotdeauna fascinat de oamenii cu papion!<\/h4>\r\n<h4 style=\"text-align: justify;\">Domnul pre\u015fedinte ne spune c\u0103 ultimele manifesta\u0163ii i-au creat sentimentul c\u0103 pentru o parte din rom\u00e2ni s-a creat o falie \u00eentre Pre\u015fedinte \u015fi o parte din na\u0163iune. S\u0103 nu se supere domnul pre\u015fedinte, dar societatea civil\u0103, aia c\u00e2t\u0103 o mai fi prin \u0163ara asta \u015fi de bun\u0103 calitate pe care o dore\u015fte, i-a dat numeroase semnale elegante. F\u0103r\u0103 zgomotul str\u0103zii. Din p\u0103cate, \u015fi nu pot s\u0103 \u00een\u0163eleg de ce, domnia sa nu a receptat oportun \u015fi corect mesajul acestora.<\/h4>\r\n<h4 style=\"text-align: justify;\">Domnul pre\u015fedinte ne spune c\u0103 situa\u0163ia \u00een care ne afl\u0103m \u00eei este clar\u0103. Sunt convins c\u0103 acum \u00eei este clar\u0103. Dar s\u0103 facem apel la istoria apropiat\u0103. Domnia sa este pre\u015fedinte din 2004.<\/h4>\r\n<h4 style=\"text-align: justify;\">A primit din partea rom\u00e2nilor, atunci inclusiv din partea mea un credit uria\u015f de \u00eencredere.<\/h4>\r\n<h4><\/h4>\r\n<h4 style=\"text-align: justify;\">Trebuia s\u0103 vad\u0103, c\u0103 mergem pe o politic\u0103 economic\u0103 dictat\u0103 de Consensul de la Washington. Aceea de liberalizare a contului curent. Adic\u0103 pe \u00een\u0163elesul nostru, de p\u0103trundere a fondurilor destinate consumului \u015fi mai pu\u0163in produc\u0163iei. P\u00e2n\u0103 \u00een 2008 timp de doi ani a avut un prim ministru apropiat convingerilor sale. Pe domnul Boc.<\/h4>\r\n<figure id=\"attachment_3233\" aria-describedby=\"caption-attachment-3233\" style=\"width: 300px\" class=\"wp-caption aligncenter\"><a href=\"http:\/\/www.desteptati-va.ro\/wp-content\/uploads\/2012\/02\/mugur-isarescu1.jpg\"><img loading=\"lazy\" decoding=\"async\" class=\"size-medium wp-image-3233\" title=\"ISARESCU - BNR - CONFERINTA - CLUJ\" src=\"http:\/\/www.desteptati-va.ro\/wp-content\/uploads\/2012\/02\/mugur-isarescu1-300x225.jpg\" alt=\"Mugur Is\u0103rescu\" width=\"300\" height=\"225\" \/><\/a><figcaption id=\"caption-attachment-3233\" class=\"wp-caption-text\">Mugur Is\u0103rescu<\/figcaption><\/figure>\r\n<h4 style=\"text-align: justify;\">Guvernatorul B\u0103ncii Na\u0163ionale, domnul Mugur Is\u0103rescu atr\u0103gea aten\u0163ia asupra creditului cu buletinul. \u00cen 2007 un economist de marc\u0103 mondial\u0103 pe nume Nouriel Roubini n\u0103scut aici aproape de noi, la Istambul, atr\u0103gea aten\u0163ia asupra crizei ce avea s\u0103 vin\u0103. Chiar \u015fi eu un component modest al societ\u0103\u0163ii civile, atr\u0103geam aten\u0163ia \u00een 2007, asupra cererii excesive care punea presiune pe contul curent. Premis\u0103 a crizei! Ne mai lipsea doar impulsul extern! A venit \u00een 2008! De peste ocean!<\/h4>\r\n<h4 style=\"text-align: justify;\">Domnia sa, era atunci \u00een vog\u0103 \u015fi prin populismul (doctrin\u0103 ap\u0103rut\u0103 \u00een Rusia prin 1870 \u015fi promovat\u0103 prin America Latin\u0103) care ast\u0103zi \u00eel reneag\u0103 era simpatizat de popor.<\/h4>\r\n<h4 style=\"text-align: justify;\">Pre\u015fedintele conducea \u0163ara, merg\u00e2nd \u00een agora Universit\u0103\u0163ii unde se consulta cu cet\u0103\u0163enii. Politicienii erau cei r\u0103i!<\/h4>\r\n<h4 style=\"text-align: justify;\">Comb\u0103tea chiar \u015fi personalit\u0103\u0163ile care \u00eei atr\u0103geau aten\u0163ia asupra a ceea ce urmeaz\u0103.<\/h4>\r\n<h4 style=\"text-align: justify;\">\u00cen 2008 domnia sa permitea introducerea pensiei minime \u015fi critica guvernul Tericeanu, pe apus de mandat, c\u0103 nu permite cre\u015fterea salariilor profesorilor.<\/h4>\r\n<h4 style=\"text-align: justify;\">Spunea domnia sa c\u0103 bani nu sunt problema, ci doar op\u0163iunea! Mai sus\u0163ine ast\u0103zi aceast\u0103 tez\u0103?<\/h4>\r\n<h4 style=\"text-align: justify;\">S\u0103 urm\u0103rim c\u00e2\u0163iva indicatori \u00een perioada 2008-2011<\/h4>\r\n<table border=\"0\" cellspacing=\"0\" cellpadding=\"0\">\r\n<tbody>\r\n<tr>\r\n<td rowspan=\"2\" valign=\"top\" width=\"56\">\r\n<h4>Anul<\/h4>\r\n<\/td>\r\n<td colspan=\"2\" valign=\"top\" width=\"152\">\r\n<h4 align=\"center\">Deficit bugetar<\/h4>\r\n<\/td>\r\n<td valign=\"top\" width=\"144\">\r\n<h4 align=\"center\">Datorie public\u0103<\/h4>\r\n<\/td>\r\n<\/tr>\r\n<tr>\r\n<td valign=\"top\" width=\"54\">\r\n<h4>%PIB<\/h4>\r\n<\/td>\r\n<td valign=\"top\" width=\"98\">\r\n<h4 align=\"center\">(milid) lei<\/h4>\r\n<\/td>\r\n<td valign=\"top\" width=\"144\">\r\n<h4 align=\"center\">% PIB<\/h4>\r\n<\/td>\r\n<\/tr>\r\n<tr>\r\n<td valign=\"top\" width=\"56\">\r\n<h4>2008<\/h4>\r\n<\/td>\r\n<td valign=\"top\" width=\"54\">\r\n<h4>4,80<\/h4>\r\n<\/td>\r\n<td valign=\"top\" width=\"98\">\r\n<h4 align=\"right\">24,19<\/h4>\r\n<\/td>\r\n<td valign=\"top\" width=\"144\">\r\n<h4 align=\"right\">21,80<\/h4>\r\n<\/td>\r\n<\/tr>\r\n<tr>\r\n<td valign=\"top\" width=\"56\">\r\n<h4>2009<\/h4>\r\n<\/td>\r\n<td valign=\"top\" width=\"54\">\r\n<h4>7,20<\/h4>\r\n<\/td>\r\n<td valign=\"top\" width=\"98\">\r\n<h4 align=\"right\">35,38<\/h4>\r\n<\/td>\r\n<td valign=\"top\" width=\"144\">\r\n<h4 align=\"right\">29,29<\/h4>\r\n<\/td>\r\n<\/tr>\r\n<tr>\r\n<td valign=\"top\" width=\"56\">\r\n<h4>2010<\/h4>\r\n<\/td>\r\n<td valign=\"top\" width=\"54\">\r\n<h4>6,58<\/h4>\r\n<\/td>\r\n<td valign=\"top\" width=\"98\">\r\n<h4 align=\"right\">33,78<\/h4>\r\n<\/td>\r\n<td valign=\"top\" width=\"144\">\r\n<h4 align=\"right\">32,00<\/h4>\r\n<\/td>\r\n<\/tr>\r\n<tr>\r\n<td valign=\"top\" width=\"56\">\r\n<h4>2011<\/h4>\r\n<\/td>\r\n<td valign=\"top\" width=\"54\">\r\n<h4>4,35<\/h4>\r\n<\/td>\r\n<td valign=\"top\" width=\"98\">\r\n<h4 align=\"right\">25,81<\/h4>\r\n<\/td>\r\n<td valign=\"top\" width=\"144\">\r\n<h4 align=\"right\">38,00<\/h4>\r\n<\/td>\r\n<\/tr>\r\n<\/tbody>\r\n<\/table>\r\n<h4 style=\"text-align: justify;\">Sursa: INSSE<\/h4>\r\n<h4 style=\"text-align: justify;\">Ce ne spun ace\u015fti indicatori?<\/h4>\r\n<h4 style=\"text-align: justify;\">C\u0103 \u00een condi\u0163iile \u00een care economia s-a contractat, \u00een 2009 \u015fi 2010, deficitul bugetar a crescut. \u015ei asta \u015fi pe fondul restructur\u0103rilor \u015fi t\u0103ierilor de salarii, cre\u015fterii gradului de impozitare precum \u015fi al scandalurilor privind utilizarea dedicat\u0103 a unor bani de la bugete c\u0103tre entit\u0103\u0163i privilegiate. Presa a fost plin\u0103 de scandaluri. Nu mai vorbim \u015fi de evolu\u0163iile datoriei publice \u00een aceast\u0103 perioad\u0103, banii nefiind folosi\u0163i transparent iar \u00eemprumuturile f\u0103cute f\u0103r\u0103 acordul parlamentului.<\/h4>\r\n<h4 style=\"text-align: justify;\">\u015ei \u00een raport cu aceste evolu\u0163ii pe care le-am surprins sintetic \u00een cifre (care nu relev\u0103 direct suferin\u0163ele omului obi\u015fnuit) retorica domnului pre\u015fedinte apare cel pu\u0163in ciudat\u0103: \u201e A\u015f vrea ca rom\u00e2nii s\u0103 \u00een\u0163eleag\u0103 c\u0103 \u00eemi este extrem de clar\u0103 situa\u0163ia \u00een care se afl\u0103. \u015etiu c\u0103 m\u0103suri precum cre\u015fterea TVA-ului, reducerea salariilor \u00een sectorul bugetar, restructurarea sectorului bugetar, introducerea contribu\u0163iei pentru s\u0103n\u0103tate la pensiile peste 750 de lei i-au f\u0103cut s\u0103 ias\u0103 \u00een strad\u0103 ca urmare a traiului greu\u201d.<\/h4>\r\n<figure id=\"attachment_3229\" aria-describedby=\"caption-attachment-3229\" style=\"width: 300px\" class=\"wp-caption aligncenter\"><a href=\"http:\/\/www.desteptati-va.ro\/wp-content\/uploads\/2012\/02\/criza-economica.jpg\"><img loading=\"lazy\" decoding=\"async\" class=\"size-medium wp-image-3229 \" title=\"criza economica\" src=\"http:\/\/www.desteptati-va.ro\/wp-content\/uploads\/2012\/02\/criza-economica-300x224.jpg\" alt=\"Criza este doar pentru cei s\u0103raci\" width=\"300\" height=\"224\" \/><\/a><figcaption id=\"caption-attachment-3229\" class=\"wp-caption-text\">Criza este doar pentru cei s\u0103raci<\/figcaption><\/figure>\r\n<h4 style=\"text-align: justify;\">Observa\u0163ie corect\u0103, dar care scoate \u00een eviden\u0163\u0103 contrastul cu opulen\u0163a unor grupuri ce s-au \u00eembog\u0103\u0163it \u00een timp de criz\u0103 \u00een timp ce clamau austeritatea.<\/h4>\r\n<h4 style=\"text-align: justify;\">Domnul premier Emil Boc sus\u0163ine pe bun\u0103 dreptate c\u0103 a asigurat stabilitatea economic\u0103.<\/h4>\r\n<h4 style=\"text-align: justify;\">\u00cen traducere liber\u0103, prin austeritate la cei mul\u0163i \u015fi generozitate la cei ale\u015fi.<\/h4>\r\n<h4 style=\"text-align: justify;\">Nu pot s\u0103 nu recunosc c\u0103 domnul pre\u015fedinte are dreptate c\u00e2nd sus\u0163ine necesitatea unei noi legi pentru s\u0103n\u0103tate. Dar, de\u015fi tema este corect\u0103, elaborarea ei prin con\u0163inutul proiectului de lege a viciat profund scopul. Cum adic\u0103, eu am dat p\u00e2n\u0103 acum zeci de mii de lei noi la sanatate, care nu au fost folositi pentru c\u0103 nu am fost bolnav sau nu am folosit sistemul gratuit\u0103\u0163ilor, speriat de mecanismele birocratice, iar acei bani sunt considera\u0163i doar o surs\u0103 de maximizare a profitului pentru firme din domeniu. \u015ei mai \u015fi pl\u0103tesc \u00een plus? Nu pot s\u0103 \u00eemi cunosc concret nici m\u0103car pachetul de servicii de care beneficiez? Dar al\u0163i oameni cu un grad de aculturalizare mai sc\u0103zut la aceste schimb\u0103ri ce vor face? Vor dispare pe cale natural\u0103? Sigur c\u0103 o propagand\u0103 de un anumit tip m\u0103 va putea considera un filistin sau un ignorant \u00een cunoa\u015fterea mecanismelor de aplicare ale acestei legi! Nu vorbesc de scandalurile cu achizi\u0163iile de mobilier \u015fi alte ustensile medicale \u00een care au fost implica\u0163i demnitari din sfera puterii<\/h4>\r\n<h4 style=\"text-align: justify;\">Cazul Teleorman e unul dintre ele. Am citit proiectul de lege. Dar nu am v\u0103zut transparen\u0163\u0103 \u00een comunicare.<\/h4>\r\n<h4 style=\"text-align: justify;\">Mai sus\u0163ine domnia sa c\u0103 \u201e \u00een momentul de fa\u0163\u0103 ne afl\u0103m \u00een criz\u0103. Evolu\u0163iile interne din ultimii ani au suprapus peste criz\u0103 \u015fi m\u0103suri extrem de puternice de modernizare a statutului\u201d.<\/h4>\r\n<h4 style=\"text-align: justify;\">\u015ei face referire la \u201elegile controversate sau nu bine primite de c\u0103tre cei c\u0103rora li se adresau\u201d. Apreciez franche\u0163ea domnului pre\u015fedinte! Da, extrem de controversate \u015fi \u00een dezacord total sau par\u0163ial cu principiile din Uniunea European\u0103.<\/h4>\r\n<h4 style=\"text-align: justify;\">Domnul Traian B\u0103sescu ne-a vorbit de c\u00e2teva ori \u00een mod ezoteric despre Mecanismul European de Stabilitate financiar\u0103 (ESM) \u015fi Pactul Euro Plus. Adresat zonei euro. Dar nu interzis \u015fi altor \u0163\u0103ri din zona non-euro. Puterea a aderat la idee!<\/h4>\r\n<h4 style=\"text-align: justify;\">F\u0103r\u0103 a se consulta societatea civil\u0103! Mecanismul a fost refuzat politicos de Marea Britanie, Suedia, Ungaria \u015fi Cehia. \u015etiu oamenii oare ce implic\u0103 aderarea la aceste tratate? S\u0103 enumer\u0103m c\u00e2teva din ele: eliminarea sistemului de indexare a salariilor cu rata infla\u0163iei; recunoa\u015fterea reciproc\u0103 a diplomelor pentru a cre\u015fte mobilitatea for\u0163ei de munc\u0103; \u00eencercarea de a creea o baz\u0103 comun\u0103 pentru calculul impozitului pe profit; ajustarea sistemului de pensii la dinamica demografic\u0103 (de exemplu cre\u015fterea v\u00e2rstei de pensionare \u015fi variabilitatea punctului de pensie \u00een func\u0163ie de venituri); obliga\u0163ia ca fiecare stat s\u0103 instituie un mecanism de alert\u0103 privind cre\u015fterea datoriei publice \u00een constitu\u0163ie; stabilirea unui regim na\u0163ional de management al crizei \u00een sistemul bancar.<\/h4>\r\n<h4 style=\"text-align: justify;\">Toate aceste idei sunt interesante, dar nu ar fi oare corect s\u0103 fie discutate \u015fi cu poporul?<\/h4>\r\n<h4 style=\"text-align: justify;\">Cu aceast\u0103 mas\u0103 de inep\u0163i, vorba unui intelectual rasat demis de cur\u00e2nd meritat, dar dup\u0103 un puseu puternic al domnului premier!<\/h4>\r\n<h4 style=\"text-align: justify;\">Putem vorbi, av\u00e2nd \u00een vedere chiar prevederile acestui pact c\u0103 nu mai avem nevoie de stat social? \u201eLegea educa\u0163iei care a \u00eempins c\u0103tre reformarea unui sistem extrem de mare \u015fi care nu a fost profund reformat niciodat\u0103 de la revolu\u0163ie \u00eencoace\u201d \u2013 tot din discursul domnului pre\u015fedinte ce a indus? S\u0103 d\u0103m numai dou\u0103 exemple: num\u0103rul mare de copii dintr-o clasa deoarece s-au desfin\u0163at alte \u015fcoli; politizarea \u015fcolilor. Unde a fost dialogul cu speciali\u015ftii din domeniu la fel ca \u015fi \u00een cazul s\u0103n\u0103t\u0103\u0163ii?<\/h4>\r\n<h4 style=\"text-align: justify;\">Spune domnul pre\u015fedinte \u015fi cu alte prilejuri c\u0103 trebuie s\u0103 fix\u0103m un deficit structural de 0,5% din PIB. \u015ei iar \u00eei dau dreptate! S\u0103 mergem mai departe! Componenta structural\u0103 presupune luarea \u00een considerare a ciclului economic! Unde a fost domnia sa \u00een perioada de boom economic a Romaniei! C\u00e2nd nu trebuia s\u0103 permit\u0103 risipirea banului public!<\/h4>\r\n<h4 style=\"text-align: justify;\">Dar \u00een 2009 \u015fi 2010, unde se observ\u0103 din tabelul de mai sus c\u0103 a ajuns deficitul bugetar? \u015ei dac\u0103 ne amintim bine, \u00een 2010 a \u00eenceput tema austerit\u0103\u0163ii \u015fi reformei!<\/h4>\r\n<h4 style=\"text-align: justify;\">Brusc dup\u0103 ce puterea actuala s-a consolidat! Dar dac\u0103 vorbim de deficit structural se mai impune o \u00eentrebare! Unde este preocuparea pentru utilizarea corect\u0103 a factorilor de produc\u0163ie interni \u015fi a oportunit\u0103\u0163ilor \u00een exterior! Cu mult\u0103 retarda\u0163ie dup\u0103 un cuv\u00e2nt marin\u0103resc, domnul pre\u015fedinte \u015fi-a amintit de: absor\u0163ia fondurilor europene, accelerarea programului de autostr\u0103zi (sper\u0103m \u00eentr-o alt\u0103 viziune, prin respectarea standardelor de cost elaborate chiar de putere), dezvoltarea agriculturii (unde sunt subven\u0163iile?); dezvoltarea industriei alimentare care s\u0103 valorifice produc\u0163ia agricol\u0103 din mediul rural (sunt de fapt complexele agrozootehnice din perioada defunctului dictator Ceau\u015fescu).<\/h4>\r\n<h4 style=\"text-align: justify;\">Ne spune domnul pre\u015fedinte despre necesitatea relans\u0103rii sectorului minier! Se refer\u0103 desigur \u015fi la Ro\u015fia Montana! \u015ei eu sunt printre cei care doresc redeschiderea acestui obiectiv.<\/h4>\r\n<h4 style=\"text-align: justify;\">Dar pe coordonate corecte. Ii recomand\u0103m domnului pre\u015fedinte s\u0103 studieze cazul Hurtei din Sardinia! Unde se arat\u0103 ce \u00eenseamn\u0103 o abordare simplist\u0103 a problematicii. Domnia sa \u015ftie foarte clar ce \u00eenseamna transparen\u0163\u0103 decizional\u0103 \u015fi dezvoltare durabil\u0103. \u015ei peste toate, mai \u015ftie sigur c\u0103 acolo sunt bog\u0103\u0163ii poate mai mari dec\u00e2t aurul! Wolfram \u015fi uraniu! Speciali\u015ftii \u00een geologie \u00eel pot ajuta! \u015ei ar fi bine, ca aceste resurse s\u0103 fie valorificate \u00een \u0163ar\u0103. Pentru asta poate ar fi mai bine cre\u015fterea redeven\u0163elor la 20% \u015fi nu participarea la un profit diluat prin costuri ascunse. \u015ei mai \u015ftie domnia sa c\u0103 trebuie internalizate externalit\u0103\u0163ile negative! Adic\u0103 pe rom\u00e2ne\u015fte firma dominant\u0103 s\u0103 asigure plata tuturor cheltuielilor pe termen lung cu \u00eenl\u0103turarea tuturor urm\u0103rilor polu\u0103rii. Dar ce spune contractul?<\/h4>\r\n<figure id=\"attachment_3219\" aria-describedby=\"caption-attachment-3219\" style=\"width: 300px\" class=\"wp-caption aligncenter\"><a href=\"http:\/\/www.desteptati-va.ro\/wp-content\/uploads\/2012\/02\/job_33713600.jpg\"><img loading=\"lazy\" decoding=\"async\" class=\"size-medium wp-image-3219\" title=\"job_33713600\" src=\"http:\/\/www.desteptati-va.ro\/wp-content\/uploads\/2012\/02\/job_33713600-300x168.jpg\" alt=\"Somaj\" width=\"300\" height=\"168\" \/><\/a><figcaption id=\"caption-attachment-3219\" class=\"wp-caption-text\">Somaj<\/figcaption><\/figure>\r\n<h4 style=\"text-align: justify;\">A\u015fa ca s\u0103 \u00eel cit\u0103m pe domnul pre\u015fedinte se pot creea surse pentru a alimenta bugetul de stat cu veniturile necesare pentru a sus\u0163ine s\u0103n\u0103tatea, educa\u0163ia, armata, ordinea public\u0103 \u015f.a.m.d.\u201d La a\u015fa mai departe trebuie incluse \u015fi pensiile. Ii reamintim domnului pre\u015fedinte c\u0103 \u00een 2010 peste 50% din deficitul de la pensii se datoreaz\u0103 pierderii a peste 560 mii de locuri de munc\u0103; 15% datorit\u0103 introducerii Pilonului II de pensii! 5% ni se datoreaz\u0103 noua militarilor \u00een rezerv\u0103 pentru c\u0103 nu ne-a l\u0103sat acolo unde ne era locul ca \u00een toat\u0103 lumea: in bugetul de stat \u015fi \u00een conformitate cu legea pensiilor militare! De asta acum se umbl\u0103 cu fel \u015fi fel de malversa\u0163iuni pun\u00e2nd pe drumurile tribunalelor pensionarii militari \u00een loc s\u0103 \u00eei integreze \u00een activit\u0103\u0163ile social\u2013economice unde sigur ar ob\u0163ine performan\u0163\u0103! SUA \u015fi nu numai a\u015fa fac!<\/h4>\r\n<h4 style=\"text-align: justify;\">Am evitat s\u0103 m\u0103 pronun\u0163 pe probleme de constitu\u0163ionalitate, de legi constitu\u0163ionale de flexibilizarea Constitu\u0163iei a\u015fa ca \u00een cazul pie\u0163ei muncii unde a fost uitat\u0103 \u015fi cealalt\u0103 component\u0103 \u2013 securitatea muncii (\u00een occident conceptul se nume\u015fte flexisecuritate).<\/h4>\r\n<h4 style=\"text-align: justify;\">Totu\u015fi ca cet\u0103\u0163ean obi\u015fnuit nu pot s\u0103 nu fac c\u00e2teva remarci! A\u015fa cum a fost conceput\u0103 de echipa Iorgovan, acum dou\u0103 decenii constitu\u0163ia a dovedit c\u0103 are multe fisuri pe care oameni abili le-au folosit cu pricepere \u00een favoarea lor (traseismul politic e numai unul dintre ele).<\/h4>\r\n<h4 style=\"text-align: justify;\">La britanici func\u0163ioneaz\u0103, datorit\u0103 educa\u0163iei oamenilor politici, o constitu\u0163ie nescris\u0103, valabil\u0103 de peste 600 de ani! La noi ne mai trebuie una revizuit\u0103!<\/h4>\r\n<h4 style=\"text-align: justify;\">Pentru a ne asigura o alt\u0103 abordare a influen\u0163ei de putere! \u015ei dac\u0103 vorbim de parlament bicameral sau unicameral ar trebui s\u0103 mai vedem ceva! Cum se fac la noi emo\u0163ional referendumurile! Folosindu-ne de eliberarea frustr\u0103rilor inhibate f\u0103r\u0103 o prealabil\u0103 discutare na\u0163ional\u0103. De ce naiba or mai fi n\u0103scocit aia din Europa, Comisia de la Vene\u0163ia?<\/h4>\r\n<h4 style=\"text-align: justify;\">\u00cen consecin\u0163\u0103, dac\u0103 este s\u0103 dorim o purificare, este necesar\u0103 o alt\u0103 abordare a democra\u0163iei! Consultare popular\u0103, apel la speciali\u015fti \u015fi de ce nu elite noi!<\/h4>\r\n<figure id=\"attachment_3218\" aria-describedby=\"caption-attachment-3218\" style=\"width: 300px\" class=\"wp-caption aligncenter\"><a href=\"http:\/\/www.desteptati-va.ro\/wp-content\/uploads\/2012\/02\/12-11-09.jpg\"><img loading=\"lazy\" decoding=\"async\" class=\"size-medium wp-image-3218\" title=\"12-11-09\" src=\"http:\/\/www.desteptati-va.ro\/wp-content\/uploads\/2012\/02\/12-11-09-300x228.jpg\" alt=\"Conceptul lui Pareto\" width=\"300\" height=\"228\" \/><\/a><figcaption id=\"caption-attachment-3218\" class=\"wp-caption-text\">80% pentru cei pu\u021bini- 20% pentru cei mul\u021bi<\/figcaption><\/figure>\r\n<h4><\/h4>\r\n<h4 style=\"text-align: justify;\">Vilfredo Pareto a identificat o lege a distribu\u0163iei inegale a bog\u0103\u0163iei; 80% pentru cei pu\u0163ini \u015fi 20% pentru cei mul\u0163i! Ar merita s\u0103 fie analizat\u0103 \u015fi azi av\u00e2nd acelea\u015fi tendin\u0163e.<\/h4>\r\n<h4 style=\"text-align: justify;\">Tot Pareto mai spunea c\u0103 poporul conduce prin elite dar elitele se mai primenesc!<\/h4>\r\n<h4 style=\"text-align: justify;\">Eu vreau s\u0103 cred naiv c\u0103 domnul pre\u015fedinte a \u00een\u0163eles \u00een ceasul al 13\u2013lea c\u0103 societatea rom\u00e2neasc\u0103 s-a schimbat! \u015ei pentru a \u00een\u0163elege ce \u00eenseamna societatea civil\u0103 de bun\u0103 calitate \u00eei reamintesc: acel segment al popula\u0163iei care, f\u0103r\u0103 a se implica \u00een acapararea puterii politice, face presiuni asupra puterii s\u0103 conduc\u0103 dup\u0103 coordonate corecte.<\/h4>\r\n<h4 style=\"text-align: justify;\">Iar militarii \u00een rezerv\u0103, demoniza\u0163i prin diferite mijoace, s-au \u00eenscris \u00een aceast\u0103 categorie, pentru c\u0103 prin gradul lor de cultur\u0103 \u015fi educa\u0163ie, \u00een\u0163eleg c\u0103 societatea noastr\u0103 nu merge \u00eentr-o direc\u0163ie bun\u0103. Aspect confirmat \u015fi de sondajele care arat\u0103 c\u0103 popula\u0163ia spune acela\u015fi lucru. Seamana cu cifrele lui Pareto.<\/h4>\r\n<h4 style=\"text-align: justify;\">Veritas laborant nimis saepe, extinguitur nunquam (Desi respins de nenumarateori, adevarul nu piere niciodata).<\/h4>\r\n<h4 style=\"text-align: justify;\"><em>Sursa:\u00a0Autor- Comandor marin\u0103 (rez) dr. Golea Pompiliu<\/em><\/h4>        <div class=\"booster-block booster-reactions-block\">\n            <div class=\"twp-reactions-icons\">\n                \n                <div class=\"twp-reacts-wrap\">\n                    <a react-data=\"be-react-1\" post-id=\"4239\" class=\"be-face-icons un-reacted\" href=\"javascript:void(0)\">\n                        <img decoding=\"async\" src=\"https:\/\/desteptati-va.ro\/wp-content\/plugins\/booster-extension\/\/assets\/icon\/happy.svg\" alt=\"Happy\">\n                    <\/a>\n                    <div class=\"twp-reaction-title\">\n                        Happy                    <\/div>\n                    <div class=\"twp-count-percent\">\n                                                    <span style=\"display: none;\" class=\"twp-react-count\">0<\/span>\n                        \n                                                <span class=\"twp-react-percent\"><span>0<\/span> %<\/span>\n                                            <\/div>\n                <\/div>\n\n                <div class=\"twp-reacts-wrap\">\n                    <a react-data=\"be-react-2\" post-id=\"4239\" class=\"be-face-icons un-reacted\" href=\"javascript:void(0)\">\n                        <img decoding=\"async\" src=\"https:\/\/desteptati-va.ro\/wp-content\/plugins\/booster-extension\/\/assets\/icon\/sad.svg\" alt=\"Sad\">\n                    <\/a>\n                    <div class=\"twp-reaction-title\">\n                        Sad                    <\/div>\n                    <div class=\"twp-count-percent\">\n                                                    <span style=\"display: none;\" class=\"twp-react-count\">0<\/span>\n                                                                        <span class=\"twp-react-percent\"><span>0<\/span> %<\/span>\n                                            <\/div>\n                <\/div>\n\n                <div class=\"twp-reacts-wrap\">\n                    <a react-data=\"be-react-3\" post-id=\"4239\" class=\"be-face-icons un-reacted\" href=\"javascript:void(0)\">\n                        <img decoding=\"async\" src=\"https:\/\/desteptati-va.ro\/wp-content\/plugins\/booster-extension\/\/assets\/icon\/excited.svg\" alt=\"Excited\">\n                    <\/a>\n                    <div class=\"twp-reaction-title\">\n                        Excited                    <\/div>\n                    <div class=\"twp-count-percent\">\n                                                    <span style=\"display: none;\" class=\"twp-react-count\">0<\/span>\n                                                                        <span class=\"twp-react-percent\"><span>0<\/span> %<\/span>\n                                            <\/div>\n                <\/div>\n\n                <div class=\"twp-reacts-wrap\">\n                    <a react-data=\"be-react-6\" post-id=\"4239\" class=\"be-face-icons un-reacted\" href=\"javascript:void(0)\">\n                        <img decoding=\"async\" src=\"https:\/\/desteptati-va.ro\/wp-content\/plugins\/booster-extension\/\/assets\/icon\/sleepy.svg\" alt=\"Sleepy\">\n                    <\/a>\n                    <div class=\"twp-reaction-title\">\n                        Sleepy                    <\/div>\n                    <div class=\"twp-count-percent\">\n                                                    <span style=\"display: none;\" class=\"twp-react-count\">0<\/span>\n                        \n                                                <span class=\"twp-react-percent\"><span>0<\/span> %<\/span>\n                                            <\/div>\n                <\/div>\n\n                <div class=\"twp-reacts-wrap\">\n                    <a react-data=\"be-react-4\" post-id=\"4239\" class=\"be-face-icons un-reacted\" href=\"javascript:void(0)\">\n                        <img decoding=\"async\" src=\"https:\/\/desteptati-va.ro\/wp-content\/plugins\/booster-extension\/\/assets\/icon\/angry.svg\" alt=\"Angry\">\n                    <\/a>\n                    <div class=\"twp-reaction-title\">Angry<\/div>\n                    <div class=\"twp-count-percent\">\n                                                    <span style=\"display: none;\" class=\"twp-react-count\">0<\/span>\n                                                                        <span class=\"twp-react-percent\"><span>0<\/span> %<\/span>\n                        \n                    <\/div>\n                <\/div>\n\n                <div class=\"twp-reacts-wrap\">\n                    <a react-data=\"be-react-5\" post-id=\"4239\" class=\"be-face-icons un-reacted\" href=\"javascript:void(0)\">\n                        <img decoding=\"async\" src=\"https:\/\/desteptati-va.ro\/wp-content\/plugins\/booster-extension\/\/assets\/icon\/surprise.svg\" alt=\"Surprise\">\n                    <\/a>\n                    <div class=\"twp-reaction-title\">Surprise<\/div>\n                    <div class=\"twp-count-percent\">\n                                                    <span style=\"display: none;\" class=\"twp-react-count\">0<\/span>\n                                                                        <span class=\"twp-react-percent\"><span>0<\/span> %<\/span>\n                                            <\/div>\n                <\/div>\n\n            <\/div>\n        <\/div>\n\n    <\/div>","protected":false},"excerpt":{"rendered":"<p>Titlul m\u0103 oblig\u0103 la o scurt\u0103 explica\u0163ie. \u00cen 2009 eu nu am votat pentru domnul Traian B\u0103sescu. Dar pentru c\u0103<a href=\"https:\/\/desteptati-va.ro\/index.php\/2021\/04\/20\/o-scurta-exegeza-economica-a-declaratiei-de-presa-a-presedintelui\/\">Read More<i class=\"fa fa-long-arrow-right\" aria-hidden=\"true\"><\/i><\/a><\/p>\n","protected":false},"author":1,"featured_media":4241,"comment_status":"open","ping_status":"open","sticky":false,"template":"","format":"standard","meta":{"_crdt_document":"","footnotes":""},"categories":[24],"tags":[713,1462],"class_list":["post-4239","post","type-post","status-publish","format-standard","has-post-thumbnail","hentry","category-epoca-hotiei","tag-basescu","tag-criza"],"rise-blocks_total_comments":1,"rise-blocks_categories":[{"term_id":24,"name":"Epoca Traian Basescu (2004-2014)","slug":"epoca-hotiei","term_group":0,"term_taxonomy_id":24,"taxonomy":"category","description":"","parent":20,"count":9,"filter":"raw"}],"rise-blocks_excerpt":"Titlul m\u0103 oblig\u0103 la o scurt\u0103 explica\u0163ie. \u00cen 2009 eu nu am votat pentru domnul Traian B\u0103sescu. Dar pentru c\u0103 domnia sa a fost ales discutabil sau nu (este o problem\u0103 a cercet\u0103rilor postume) m-am supus majorit\u0103\u0163ii \u015fi \u00een mod firesc a trebuit s\u0103 recunosc c\u0103 este \u015fi Pre\u015fedintele meu. Domnia sa a devenit pre\u015fedintele tuturor rom\u00e2nilor, \u015fi a celor..","yoast_head":"<!-- This site is optimized with the Yoast SEO plugin v26.9 - https:\/\/yoast.com\/product\/yoast-seo-wordpress\/ -->\r\n<title>O scurt\u0103 exegez\u0103 economic\u0103 a declara\u0163iei de pres\u0103 a Pre\u015fedintelui -<\/title>\r\n<meta name=\"robots\" content=\"index, follow, max-snippet:-1, max-image-preview:large, max-video-preview:-1\" \/>\r\n<link rel=\"canonical\" href=\"https:\/\/desteptati-va.ro\/index.php\/2021\/04\/20\/o-scurta-exegeza-economica-a-declaratiei-de-presa-a-presedintelui\/\" \/>\r\n<meta property=\"og:locale\" content=\"ro_RO\" \/>\r\n<meta property=\"og:type\" content=\"article\" \/>\r\n<meta property=\"og:title\" content=\"O scurt\u0103 exegez\u0103 economic\u0103 a declara\u0163iei de pres\u0103 a Pre\u015fedintelui -\" \/>\r\n<meta property=\"og:description\" content=\"Titlul m\u0103 oblig\u0103 la o scurt\u0103 explica\u0163ie. \u00cen 2009 eu nu am votat pentru domnul Traian B\u0103sescu. Dar pentru c\u0103Read More\" \/>\r\n<meta property=\"og:url\" content=\"https:\/\/desteptati-va.ro\/index.php\/2021\/04\/20\/o-scurta-exegeza-economica-a-declaratiei-de-presa-a-presedintelui\/\" \/>\r\n<meta property=\"article:published_time\" content=\"2021-04-20T07:22:49+00:00\" \/>\r\n<meta property=\"og:image\" content=\"https:\/\/desteptati-va.ro\/wp-content\/uploads\/2021\/04\/12-11-09-e1609749329162-1.jpg\" \/>\r\n\t<meta property=\"og:image:width\" content=\"263\" \/>\r\n\t<meta property=\"og:image:height\" content=\"201\" \/>\r\n\t<meta property=\"og:image:type\" content=\"image\/jpeg\" \/>\r\n<meta name=\"author\" content=\"wolfsoftcompany\" \/>\r\n<meta name=\"twitter:card\" content=\"summary_large_image\" \/>\r\n<meta name=\"twitter:label1\" content=\"Scris de\" \/>\n\t<meta name=\"twitter:data1\" content=\"wolfsoftcompany\" \/>\n\t<meta name=\"twitter:label2\" content=\"Timp estimat pentru citire\" \/>\n\t<meta name=\"twitter:data2\" content=\"12 minute\" \/>\r\n<script type=\"application\/ld+json\" class=\"yoast-schema-graph\">{\"@context\":\"https:\/\/schema.org\",\"@graph\":[{\"@type\":\"Article\",\"@id\":\"https:\/\/desteptati-va.ro\/index.php\/2021\/04\/20\/o-scurta-exegeza-economica-a-declaratiei-de-presa-a-presedintelui\/#article\",\"isPartOf\":{\"@id\":\"https:\/\/desteptati-va.ro\/index.php\/2021\/04\/20\/o-scurta-exegeza-economica-a-declaratiei-de-presa-a-presedintelui\/\"},\"author\":{\"name\":\"wolfsoftcompany\",\"@id\":\"https:\/\/desteptati-va.ro\/#\/schema\/person\/13182deeebd44920914899f7bb262d6b\"},\"headline\":\"O scurt\u0103 exegez\u0103 economic\u0103 a declara\u0163iei de pres\u0103 a Pre\u015fedintelui\",\"datePublished\":\"2021-04-20T07:22:49+00:00\",\"mainEntityOfPage\":{\"@id\":\"https:\/\/desteptati-va.ro\/index.php\/2021\/04\/20\/o-scurta-exegeza-economica-a-declaratiei-de-presa-a-presedintelui\/\"},\"wordCount\":2337,\"commentCount\":0,\"image\":{\"@id\":\"https:\/\/desteptati-va.ro\/index.php\/2021\/04\/20\/o-scurta-exegeza-economica-a-declaratiei-de-presa-a-presedintelui\/#primaryimage\"},\"thumbnailUrl\":\"https:\/\/desteptati-va.ro\/wp-content\/uploads\/2021\/04\/12-11-09-e1609749329162-1.jpg\",\"keywords\":[\"Basescu\",\"criza\"],\"articleSection\":[\"Epoca Traian Basescu (2004-2014)\"],\"inLanguage\":\"ro-RO\",\"potentialAction\":[{\"@type\":\"CommentAction\",\"name\":\"Comment\",\"target\":[\"https:\/\/desteptati-va.ro\/index.php\/2021\/04\/20\/o-scurta-exegeza-economica-a-declaratiei-de-presa-a-presedintelui\/#respond\"]}]},{\"@type\":\"WebPage\",\"@id\":\"https:\/\/desteptati-va.ro\/index.php\/2021\/04\/20\/o-scurta-exegeza-economica-a-declaratiei-de-presa-a-presedintelui\/\",\"url\":\"https:\/\/desteptati-va.ro\/index.php\/2021\/04\/20\/o-scurta-exegeza-economica-a-declaratiei-de-presa-a-presedintelui\/\",\"name\":\"O scurt\u0103 exegez\u0103 economic\u0103 a declara\u0163iei de pres\u0103 a Pre\u015fedintelui -\",\"isPartOf\":{\"@id\":\"https:\/\/desteptati-va.ro\/#website\"},\"primaryImageOfPage\":{\"@id\":\"https:\/\/desteptati-va.ro\/index.php\/2021\/04\/20\/o-scurta-exegeza-economica-a-declaratiei-de-presa-a-presedintelui\/#primaryimage\"},\"image\":{\"@id\":\"https:\/\/desteptati-va.ro\/index.php\/2021\/04\/20\/o-scurta-exegeza-economica-a-declaratiei-de-presa-a-presedintelui\/#primaryimage\"},\"thumbnailUrl\":\"https:\/\/desteptati-va.ro\/wp-content\/uploads\/2021\/04\/12-11-09-e1609749329162-1.jpg\",\"datePublished\":\"2021-04-20T07:22:49+00:00\",\"author\":{\"@id\":\"https:\/\/desteptati-va.ro\/#\/schema\/person\/13182deeebd44920914899f7bb262d6b\"},\"breadcrumb\":{\"@id\":\"https:\/\/desteptati-va.ro\/index.php\/2021\/04\/20\/o-scurta-exegeza-economica-a-declaratiei-de-presa-a-presedintelui\/#breadcrumb\"},\"inLanguage\":\"ro-RO\",\"potentialAction\":[{\"@type\":\"ReadAction\",\"target\":[\"https:\/\/desteptati-va.ro\/index.php\/2021\/04\/20\/o-scurta-exegeza-economica-a-declaratiei-de-presa-a-presedintelui\/\"]}]},{\"@type\":\"ImageObject\",\"inLanguage\":\"ro-RO\",\"@id\":\"https:\/\/desteptati-va.ro\/index.php\/2021\/04\/20\/o-scurta-exegeza-economica-a-declaratiei-de-presa-a-presedintelui\/#primaryimage\",\"url\":\"https:\/\/desteptati-va.ro\/wp-content\/uploads\/2021\/04\/12-11-09-e1609749329162-1.jpg\",\"contentUrl\":\"https:\/\/desteptati-va.ro\/wp-content\/uploads\/2021\/04\/12-11-09-e1609749329162-1.jpg\",\"width\":263,\"height\":201},{\"@type\":\"BreadcrumbList\",\"@id\":\"https:\/\/desteptati-va.ro\/index.php\/2021\/04\/20\/o-scurta-exegeza-economica-a-declaratiei-de-presa-a-presedintelui\/#breadcrumb\",\"itemListElement\":[{\"@type\":\"ListItem\",\"position\":1,\"name\":\"Prima pagin\u0103\",\"item\":\"https:\/\/desteptati-va.ro\/\"},{\"@type\":\"ListItem\",\"position\":2,\"name\":\"O scurt\u0103 exegez\u0103 economic\u0103 a declara\u0163iei de pres\u0103 a Pre\u015fedintelui\"}]},{\"@type\":\"WebSite\",\"@id\":\"https:\/\/desteptati-va.ro\/#website\",\"url\":\"https:\/\/desteptati-va.ro\/\",\"name\":\"\",\"description\":\"\",\"potentialAction\":[{\"@type\":\"SearchAction\",\"target\":{\"@type\":\"EntryPoint\",\"urlTemplate\":\"https:\/\/desteptati-va.ro\/?s={search_term_string}\"},\"query-input\":{\"@type\":\"PropertyValueSpecification\",\"valueRequired\":true,\"valueName\":\"search_term_string\"}}],\"inLanguage\":\"ro-RO\"},{\"@type\":\"Person\",\"@id\":\"https:\/\/desteptati-va.ro\/#\/schema\/person\/13182deeebd44920914899f7bb262d6b\",\"name\":\"wolfsoftcompany\",\"image\":{\"@type\":\"ImageObject\",\"inLanguage\":\"ro-RO\",\"@id\":\"https:\/\/desteptati-va.ro\/#\/schema\/person\/image\/\",\"url\":\"https:\/\/secure.gravatar.com\/avatar\/a6cce9b6d101d27d91690e7073e300fed94c0899890bf998e082cb9d2c3d121e?s=96&d=mm&r=g\",\"contentUrl\":\"https:\/\/secure.gravatar.com\/avatar\/a6cce9b6d101d27d91690e7073e300fed94c0899890bf998e082cb9d2c3d121e?s=96&d=mm&r=g\",\"caption\":\"wolfsoftcompany\"},\"sameAs\":[\"http:\/\/desteptati-va.ro\"],\"url\":\"https:\/\/desteptati-va.ro\/index.php\/author\/wolfsoftcompany\/\"}]}<\/script>\r\n<!-- \/ Yoast SEO plugin. -->","yoast_head_json":{"title":"O scurt\u0103 exegez\u0103 economic\u0103 a declara\u0163iei de pres\u0103 a Pre\u015fedintelui -","robots":{"index":"index","follow":"follow","max-snippet":"max-snippet:-1","max-image-preview":"max-image-preview:large","max-video-preview":"max-video-preview:-1"},"canonical":"https:\/\/desteptati-va.ro\/index.php\/2021\/04\/20\/o-scurta-exegeza-economica-a-declaratiei-de-presa-a-presedintelui\/","og_locale":"ro_RO","og_type":"article","og_title":"O scurt\u0103 exegez\u0103 economic\u0103 a declara\u0163iei de pres\u0103 a Pre\u015fedintelui -","og_description":"Titlul m\u0103 oblig\u0103 la o scurt\u0103 explica\u0163ie. \u00cen 2009 eu nu am votat pentru domnul Traian B\u0103sescu. Dar pentru c\u0103Read More","og_url":"https:\/\/desteptati-va.ro\/index.php\/2021\/04\/20\/o-scurta-exegeza-economica-a-declaratiei-de-presa-a-presedintelui\/","article_published_time":"2021-04-20T07:22:49+00:00","og_image":[{"width":263,"height":201,"url":"https:\/\/desteptati-va.ro\/wp-content\/uploads\/2021\/04\/12-11-09-e1609749329162-1.jpg","type":"image\/jpeg"}],"author":"wolfsoftcompany","twitter_card":"summary_large_image","twitter_misc":{"Scris de":"wolfsoftcompany","Timp estimat pentru citire":"12 minute"},"schema":{"@context":"https:\/\/schema.org","@graph":[{"@type":"Article","@id":"https:\/\/desteptati-va.ro\/index.php\/2021\/04\/20\/o-scurta-exegeza-economica-a-declaratiei-de-presa-a-presedintelui\/#article","isPartOf":{"@id":"https:\/\/desteptati-va.ro\/index.php\/2021\/04\/20\/o-scurta-exegeza-economica-a-declaratiei-de-presa-a-presedintelui\/"},"author":{"name":"wolfsoftcompany","@id":"https:\/\/desteptati-va.ro\/#\/schema\/person\/13182deeebd44920914899f7bb262d6b"},"headline":"O scurt\u0103 exegez\u0103 economic\u0103 a declara\u0163iei de pres\u0103 a Pre\u015fedintelui","datePublished":"2021-04-20T07:22:49+00:00","mainEntityOfPage":{"@id":"https:\/\/desteptati-va.ro\/index.php\/2021\/04\/20\/o-scurta-exegeza-economica-a-declaratiei-de-presa-a-presedintelui\/"},"wordCount":2337,"commentCount":0,"image":{"@id":"https:\/\/desteptati-va.ro\/index.php\/2021\/04\/20\/o-scurta-exegeza-economica-a-declaratiei-de-presa-a-presedintelui\/#primaryimage"},"thumbnailUrl":"https:\/\/desteptati-va.ro\/wp-content\/uploads\/2021\/04\/12-11-09-e1609749329162-1.jpg","keywords":["Basescu","criza"],"articleSection":["Epoca Traian Basescu (2004-2014)"],"inLanguage":"ro-RO","potentialAction":[{"@type":"CommentAction","name":"Comment","target":["https:\/\/desteptati-va.ro\/index.php\/2021\/04\/20\/o-scurta-exegeza-economica-a-declaratiei-de-presa-a-presedintelui\/#respond"]}]},{"@type":"WebPage","@id":"https:\/\/desteptati-va.ro\/index.php\/2021\/04\/20\/o-scurta-exegeza-economica-a-declaratiei-de-presa-a-presedintelui\/","url":"https:\/\/desteptati-va.ro\/index.php\/2021\/04\/20\/o-scurta-exegeza-economica-a-declaratiei-de-presa-a-presedintelui\/","name":"O scurt\u0103 exegez\u0103 economic\u0103 a declara\u0163iei de pres\u0103 a Pre\u015fedintelui -","isPartOf":{"@id":"https:\/\/desteptati-va.ro\/#website"},"primaryImageOfPage":{"@id":"https:\/\/desteptati-va.ro\/index.php\/2021\/04\/20\/o-scurta-exegeza-economica-a-declaratiei-de-presa-a-presedintelui\/#primaryimage"},"image":{"@id":"https:\/\/desteptati-va.ro\/index.php\/2021\/04\/20\/o-scurta-exegeza-economica-a-declaratiei-de-presa-a-presedintelui\/#primaryimage"},"thumbnailUrl":"https:\/\/desteptati-va.ro\/wp-content\/uploads\/2021\/04\/12-11-09-e1609749329162-1.jpg","datePublished":"2021-04-20T07:22:49+00:00","author":{"@id":"https:\/\/desteptati-va.ro\/#\/schema\/person\/13182deeebd44920914899f7bb262d6b"},"breadcrumb":{"@id":"https:\/\/desteptati-va.ro\/index.php\/2021\/04\/20\/o-scurta-exegeza-economica-a-declaratiei-de-presa-a-presedintelui\/#breadcrumb"},"inLanguage":"ro-RO","potentialAction":[{"@type":"ReadAction","target":["https:\/\/desteptati-va.ro\/index.php\/2021\/04\/20\/o-scurta-exegeza-economica-a-declaratiei-de-presa-a-presedintelui\/"]}]},{"@type":"ImageObject","inLanguage":"ro-RO","@id":"https:\/\/desteptati-va.ro\/index.php\/2021\/04\/20\/o-scurta-exegeza-economica-a-declaratiei-de-presa-a-presedintelui\/#primaryimage","url":"https:\/\/desteptati-va.ro\/wp-content\/uploads\/2021\/04\/12-11-09-e1609749329162-1.jpg","contentUrl":"https:\/\/desteptati-va.ro\/wp-content\/uploads\/2021\/04\/12-11-09-e1609749329162-1.jpg","width":263,"height":201},{"@type":"BreadcrumbList","@id":"https:\/\/desteptati-va.ro\/index.php\/2021\/04\/20\/o-scurta-exegeza-economica-a-declaratiei-de-presa-a-presedintelui\/#breadcrumb","itemListElement":[{"@type":"ListItem","position":1,"name":"Prima pagin\u0103","item":"https:\/\/desteptati-va.ro\/"},{"@type":"ListItem","position":2,"name":"O scurt\u0103 exegez\u0103 economic\u0103 a declara\u0163iei de pres\u0103 a Pre\u015fedintelui"}]},{"@type":"WebSite","@id":"https:\/\/desteptati-va.ro\/#website","url":"https:\/\/desteptati-va.ro\/","name":"","description":"","potentialAction":[{"@type":"SearchAction","target":{"@type":"EntryPoint","urlTemplate":"https:\/\/desteptati-va.ro\/?s={search_term_string}"},"query-input":{"@type":"PropertyValueSpecification","valueRequired":true,"valueName":"search_term_string"}}],"inLanguage":"ro-RO"},{"@type":"Person","@id":"https:\/\/desteptati-va.ro\/#\/schema\/person\/13182deeebd44920914899f7bb262d6b","name":"wolfsoftcompany","image":{"@type":"ImageObject","inLanguage":"ro-RO","@id":"https:\/\/desteptati-va.ro\/#\/schema\/person\/image\/","url":"https:\/\/secure.gravatar.com\/avatar\/a6cce9b6d101d27d91690e7073e300fed94c0899890bf998e082cb9d2c3d121e?s=96&d=mm&r=g","contentUrl":"https:\/\/secure.gravatar.com\/avatar\/a6cce9b6d101d27d91690e7073e300fed94c0899890bf998e082cb9d2c3d121e?s=96&d=mm&r=g","caption":"wolfsoftcompany"},"sameAs":["http:\/\/desteptati-va.ro"],"url":"https:\/\/desteptati-va.ro\/index.php\/author\/wolfsoftcompany\/"}]}},"_links":{"self":[{"href":"https:\/\/desteptati-va.ro\/index.php\/wp-json\/wp\/v2\/posts\/4239","targetHints":{"allow":["GET"]}}],"collection":[{"href":"https:\/\/desteptati-va.ro\/index.php\/wp-json\/wp\/v2\/posts"}],"about":[{"href":"https:\/\/desteptati-va.ro\/index.php\/wp-json\/wp\/v2\/types\/post"}],"author":[{"embeddable":true,"href":"https:\/\/desteptati-va.ro\/index.php\/wp-json\/wp\/v2\/users\/1"}],"replies":[{"embeddable":true,"href":"https:\/\/desteptati-va.ro\/index.php\/wp-json\/wp\/v2\/comments?post=4239"}],"version-history":[{"count":1,"href":"https:\/\/desteptati-va.ro\/index.php\/wp-json\/wp\/v2\/posts\/4239\/revisions"}],"predecessor-version":[{"id":4242,"href":"https:\/\/desteptati-va.ro\/index.php\/wp-json\/wp\/v2\/posts\/4239\/revisions\/4242"}],"wp:featuredmedia":[{"embeddable":true,"href":"https:\/\/desteptati-va.ro\/index.php\/wp-json\/wp\/v2\/media\/4241"}],"wp:attachment":[{"href":"https:\/\/desteptati-va.ro\/index.php\/wp-json\/wp\/v2\/media?parent=4239"}],"wp:term":[{"taxonomy":"category","embeddable":true,"href":"https:\/\/desteptati-va.ro\/index.php\/wp-json\/wp\/v2\/categories?post=4239"},{"taxonomy":"post_tag","embeddable":true,"href":"https:\/\/desteptati-va.ro\/index.php\/wp-json\/wp\/v2\/tags?post=4239"}],"curies":[{"name":"wp","href":"https:\/\/api.w.org\/{rel}","templated":true}]}}