{"id":4250,"date":"2021-04-20T07:34:40","date_gmt":"2021-04-20T07:34:40","guid":{"rendered":"http:\/\/desteptati.ro\/?p=4250"},"modified":"2022-02-03T23:22:58","modified_gmt":"2022-02-03T21:22:58","slug":"era-ticalosilor-guvernantii-de-acum-fara-cultura-istorie-fara-prezent-trecut-si-viitor-dau-totul-in-numele-europenizarii-de-care-nu-au-habar","status":"publish","type":"post","link":"https:\/\/desteptati-va.ro\/index.php\/2021\/04\/20\/era-ticalosilor-guvernantii-de-acum-fara-cultura-istorie-fara-prezent-trecut-si-viitor-dau-totul-in-numele-europenizarii-de-care-nu-au-habar\/","title":{"rendered":"\u201dEra tic\u0103lo\u0219ilor: guvernan\u021bii de acum, f\u0103r\u0103 cultur\u0103, istorie, f\u0103r\u0103 prezent, trecut \u0219i viitor, dau totul \u00een numele europeniz\u0103rii de care nu au habar!\u201d"},"content":{"rendered":"<div class=\"post-content\"><div class='booster-block booster-read-block'>\n                <div class=\"twp-read-time\">\n                \t<i class=\"booster-icon twp-clock\"><\/i> <span>Read Time:<\/span>6 Minute, 46 Second                <\/div>\n\n            <\/div><h2><span style=\"color: #ff0000;\">\u201dEra tic\u0103lo\u0219ilor: guvernan\u021bii de acum, f\u0103r\u0103 cultur\u0103, istorie, f\u0103r\u0103 prezent, trecut \u0219i viitor, dau totul \u00een numele europeniz\u0103rii de care nu au habar!\u201d<\/span><\/h2>\n<h4><\/h4>\n<h4>Epoca \u00een care traim, a marilor diversiuni, \u00eempreuna cu \u201eepoca de aur\u201c sunt, nu am nici o \u00eendoiala, capitole distincte ale \u201eErei ticalosilor\u201c, ca sa folosesc o celebra sintagma a lui Marin Preda. Chiar daca \u00eentre timp a avut loc o revolutie, chiar daca libertatea \u2013 pe care o pierdem cu fiecare clipa mai mult \u2013 a fost platita cu s\u00e2nge, ticalosia si minciuna au ocupat repede \u00eentreg spatiul care apartinuse odinioara sperantei si iluziilor. Si, fireste, si-au impus regulile si oamenii care sa le vegheze, sa faca din tara teritoriul tuturor experientelor esuate. Dar nimic nou pentru cei ce cunosc obiceiurile locului, caci la \u00eentelepciunea acestora se recurge \u00eentotdeauna foarte t\u00e2rziu, dupa ce s-a pierdut totul.<\/h4>\n<h4>O recitire a cronicarilor ne-ar oferi mai multe informatii despre structura noastra, despre de ce suntem cum suntem. Dar nu este neaparat necesar sa mergem p\u00e2na acolo. \u201eAvem de toate si totusi simtim toti ca n-avem nimic, scria Liviu Rebreanu. Constitutia noastra belgiana, legile noastre franceze, parlamentarismul nostru britanic au ramas vorbe goale care se repeta papagaliceste la \u00eentruniri si prin ziare; literatura si artele cu c\u00e2t mai extravagante, cu at\u00e2t mai izolate si fara nici o \u00eenr\u00e2urire asupra celor carora se adreseaza: democratia noastra nu traieste dec\u00e2t \u00een ideologia c\u00e2torva naivi, precum capitalismul nostru e un nume nou pentru vechea robie a celor multi de catre o m\u00e2na de \u00eendrazneti\u2026\u201c Textul, scris parca \u00een aceste zile, a aparut \u00een \u201eRom\u00e2nia\u201c din 31 ianuarie 1924, \u00eentr-un moment \u00een care \u201eeuropenizatorii nostri cu orice pret\u201c se straduiau sa \u201e\u00eenabuse glasul trecutului\u201c, si asta \u201ede dragul luminei straine\u201c.<\/h4>\n<h4>Desi nu era \u00eempotriva acesteia, Rebreanu era de parere ca a sosit \u201evremea temeliilor\u201c, ca drumul spre un adevarat \u201eeuropenism\u201c trece prin noi \u00eensine, adica prin propria noastra traditie. Desi \u00eel contrazice pe marele romancier \u00een numele \u201eeuropeismului\u201c, un contemporan de-al sau, Eugen Filotti, este, la r\u00e2ndul sau, suparat pe \u201erusinoasa noastra viata publica de azi si pe toti paduchii abjecti\u201c care o populeaza. \u00cen acelasi an, dar cu doua luni mai t\u00e2rziu, \u00een \u201eViata Rom\u00e2neasca\u201c, Mihai Ralea, \u201epoporanistul\u201c, considera ca \u201ene lipseste dureros, p\u00e2na la asfixie, sentimentul democratic al libertatii si dreptatii, respectul persoanei altuia, care trebuie sa fie altceva dec\u00e2t un mijloc de exploatare cotidiana. C\u00e2nd e at\u00e2ta pustiu la noi, tocmai rafinaria senzoriala ne mai lipsea?\u201cCu zeci de ani \u00eenaintea lui Rebreanu se vorbea intens despre reforme. Dupa ultimul razboi, am trecut de la capitalism la socialism si \u00eenapoi, cu un pret greu de imaginat. Astazi, nu stim unde mergem, nimeni nu are habar unde trebuie sa ajungem, nu exista nici un proiect, nici o directie reala, dar continuam sa ne reformam vegheati de \u201e\u00eenteleptii\u201c din sintagma lui Preda. Reforme fara bani, fara logica si, mai ales, fara omenie. Si facute de smecheri aroganti, incompetenti si nerusinati din al caror arsenal nu pot lipsi minciuna, ura si cacealmaua. S-a facut tot ce a fost posibil pentru umilirea tuturor profesionstilor. Si pentru distrugerea memoriei acestui popor. Nu mai exista repere, nu mai exista modele, nu mai exista dec\u00e2t robi supusi capriciilor celor care ne conduc. Treptat, au disparut spitale, scoli, medicamente, laptele pentru copii, iar majoritatea pensionarilor tinde sa devina o specie aparte de cersetori. Am ajuns campioni europeni la analfabetism si la boli eradicate odinioara si \u00een Rom\u00e2nia.<\/h4>\n<h4>Mari posesori de bacili Koch si, mai ales, de spirochete transmise cu generozitate si celor ce nu au la \u00eendem\u00e2na primul produs concret al g\u00e2ndirii lui Cseke: prezervativul. At\u00e2ta doar ca el nu poate fi folosit cu succes \u00een cazul \u00een care utilizatorul nu are dimensiunile cerute de reforma: 16 sau 19 cm.<\/h4>\n<h4>Nu demult, s-a reformat clasa politica iar cel ce a avut si aceasta idee stia prea bine la ce trebuia sa se astepte: la o noua generatie de papagali. Caci nu avea nevoie de oameni pentru tara, ci pentru propria sa cariera. Cei trimisi pe la televiziuni sa apere interesele puterii actuale sunt de un penibil desav\u00e2rsit: o simbioza perfecta \u00eentre prostie si lasitate. C\u00e2nd \u00eei vezi, \u00eeti vine sa pl\u00e2ngi pur si simplu de mila celor ce au \u00eenvatat sa-i suporte numai pentru a-si putea pastra locul de munca sau din pura inconstienta: \u201eAsta-i situatia!\u201c<\/h4>\n<h4>De fapt, tara a devenit o suma de triburi mari si mici conduse dupa reguli tribale. Pentru cei ce doresc sa \u00eenteleaga mai bine relatiile din lumea \u00een care am cobor\u00e2t, studiile lui Claude L\u00e9vy Strauss sunt de mare folos. Cu c\u00e2t esti mai aproape de seful tribului, cu at\u00e2t devii mai initiat. Dupa at\u00e2tea reforme pe care nu aveau cum sa le \u00eenteleaga nici macar cei ce le-au facut, era firesc sa vina si r\u00e2ndul Constitutiei, asa cum ne-a anuntat de cur\u00e2nd \u00eensusi Presedintele patriei. Care s-a plictisit sa nu respecte actuala Constitutie si doreste una noua ca sa aiba cu ce se juca p\u00e2na la expirarea mandatului, daca nu va gasi o formula noua pentru a-si continua opera. Poate prin partidul pe care-l conduce. Sigur, nu era treaba presedintelui sa propuna modificarea Constitutiei si nici sa aiba at\u00e2ta grija de soarta succesorului sau. Dar \u00een lipsa banilor, a unor proiecte concrete de iesire din crizele de tot felul, asemenea diversiuni prind repede si timpul trece. Ce ne \u00eenfurie mai mult: soarta umilitoare a politistilor sau vreun nou capitol al viitoarei Constitutii? Caci cu un an \u00eenaintea alegerilor, c\u00e2nd atmosfera este oricum foarte \u00eencarcata, propunerea va fi imposibil sa nu aiba efectul scontat: scandalul! Si, desigur, camuflarea unor trocuri politice cu consecinte greu de prevazut. Ca ardelean, am urmarit cu mare interes dialogul politic dintre rom\u00e2nii si ungurii din arcul guvernamental, reactiile celor care detin puterea, adica ale ungurilor, caci de satisfacerea nevoilor acestora depinde viitorul actualei guvernari. Pare un fel de poveste din folclor cu orbul si schiopul: orbul nu aude, iar schiopul nu vede, dar am\u00e2ndoi \u00eesi continua drumul. Ungurii nu pot depasi, ca mentalitate, anul lor de v\u00e2rf, 1867, iar rom\u00e2nii se \u00eencapat\u00e2neaza sa traiasca doar clipa, sa urmareasca doar c\u00e2stigul imediat.<\/h4>\n<h4>Despre m\u00e2ine? Vom vedea m\u00e2ine! Pentru majoritatea politicienilor nostri, de oriunde ar veni ei, din momentul \u00een care ajung la Bucuresti sunt interesati doar de propriile lor interese, caci Rom\u00e2nia lor se \u00eentinde \u00eentre Chitila si Magurele. S-au ascuns \u00een umbra legalitatii c\u00e2nd a venit vorba de reprezentanta Tinutului Secuiesc la Bruxelles, nu s-au revoltat pentru ca Guvernul maghiar nu le-a luat \u00een seama protestele si, mai mult, a trimis la deschidere un reprezentant de seama. Nu prea demult, profetul lor, T\u00f6kes, a amintit si de Kosovo pentru cazul \u00een care nu li se va da de bunavoie \u2026un Kosovo al lor. Iar experienta arata ca au obtinut chiar mai mult dec\u00e2t au sperat vreodata. \u00cen ceea ce ma priveste, spectator neputincios la un dezastru politic, astept, cum am mai scris, justificarile celor de la putere c\u00e2nd vor negocia renuntarea la Ziua Nationala si la Imn. Caci udemeristii nu lupta pentru o viata mai buna a celor pe care-i reprezinta, ci numai si numai pentru simboluri. Iar guvernantii de acum, fara cultura, fara istorie, fara prezent, trecut si viitor, dau totul \u00een numele europenizarii de care nu au habar. Si pentru prelungirea, cu c\u00e2teva luni, a agoniei lor politice.<\/h4>\n<h4>Aparent nu protesteaza nimeni, iar la noi, drumul p\u00e2na la indignare pare foarte lung. Dar e bine sa nu ne lasam \u00eenselati. Tacerea nu poate fi interpretata \u00eentotdeauna drept aprobare. Ea poate fi si iminenta unei explozii. Escalada nationalismului maghiar precum si cei implicati \u00een jalnicul troc ce se desfasoara cu nesabuinta \u00een vazul tuturor ar trebui sa dea de g\u00e2ndit. Nu toti sunt prosti \u00een Rom\u00e2nia si nici \u00een Europa. Iar vremea revanselor si a bantustanelor a apus demult. C\u00e2t despre guvern\u2026 Czeslaw Milosz era de parere ca \u201etrebuie sa i se dea omului si putina fericire, pentru a-si \u00eensusi notiunea de \u00eendatorire. Nefericirea aduce numai ipocrizie si revolta\u201c. \u00cen ce ne priveste, stam foarte bine doar cu ipocrizia. Din pacate.<\/h4>\n<h4>AUGUSTIN BUZURA<\/h4>        <div class=\"booster-block booster-reactions-block\">\n            <div class=\"twp-reactions-icons\">\n                \n                <div class=\"twp-reacts-wrap\">\n                    <a react-data=\"be-react-1\" post-id=\"4250\" class=\"be-face-icons un-reacted\" href=\"javascript:void(0)\">\n                        <img decoding=\"async\" src=\"https:\/\/desteptati-va.ro\/wp-content\/plugins\/booster-extension\/\/assets\/icon\/happy.svg\" alt=\"Happy\">\n                    <\/a>\n                    <div class=\"twp-reaction-title\">\n                        Happy                    <\/div>\n                    <div class=\"twp-count-percent\">\n                                                    <span style=\"display: none;\" class=\"twp-react-count\">0<\/span>\n                        \n                                                <span class=\"twp-react-percent\"><span>0<\/span> %<\/span>\n                                            <\/div>\n                <\/div>\n\n                <div class=\"twp-reacts-wrap\">\n                    <a react-data=\"be-react-2\" post-id=\"4250\" class=\"be-face-icons un-reacted\" href=\"javascript:void(0)\">\n                        <img decoding=\"async\" src=\"https:\/\/desteptati-va.ro\/wp-content\/plugins\/booster-extension\/\/assets\/icon\/sad.svg\" alt=\"Sad\">\n                    <\/a>\n                    <div class=\"twp-reaction-title\">\n                        Sad                    <\/div>\n                    <div class=\"twp-count-percent\">\n                                                    <span style=\"display: none;\" class=\"twp-react-count\">0<\/span>\n                                                                        <span class=\"twp-react-percent\"><span>0<\/span> %<\/span>\n                                            <\/div>\n                <\/div>\n\n                <div class=\"twp-reacts-wrap\">\n                    <a react-data=\"be-react-3\" post-id=\"4250\" class=\"be-face-icons un-reacted\" href=\"javascript:void(0)\">\n                        <img decoding=\"async\" src=\"https:\/\/desteptati-va.ro\/wp-content\/plugins\/booster-extension\/\/assets\/icon\/excited.svg\" alt=\"Excited\">\n                    <\/a>\n                    <div class=\"twp-reaction-title\">\n                        Excited                    <\/div>\n                    <div class=\"twp-count-percent\">\n                                                    <span style=\"display: none;\" class=\"twp-react-count\">0<\/span>\n                                                                        <span class=\"twp-react-percent\"><span>0<\/span> %<\/span>\n                                            <\/div>\n                <\/div>\n\n                <div class=\"twp-reacts-wrap\">\n                    <a react-data=\"be-react-6\" post-id=\"4250\" class=\"be-face-icons un-reacted\" href=\"javascript:void(0)\">\n                        <img decoding=\"async\" src=\"https:\/\/desteptati-va.ro\/wp-content\/plugins\/booster-extension\/\/assets\/icon\/sleepy.svg\" alt=\"Sleepy\">\n                    <\/a>\n                    <div class=\"twp-reaction-title\">\n                        Sleepy                    <\/div>\n                    <div class=\"twp-count-percent\">\n                                                    <span style=\"display: none;\" class=\"twp-react-count\">0<\/span>\n                        \n                                                <span class=\"twp-react-percent\"><span>0<\/span> %<\/span>\n                                            <\/div>\n                <\/div>\n\n                <div class=\"twp-reacts-wrap\">\n                    <a react-data=\"be-react-4\" post-id=\"4250\" class=\"be-face-icons un-reacted\" href=\"javascript:void(0)\">\n                        <img decoding=\"async\" src=\"https:\/\/desteptati-va.ro\/wp-content\/plugins\/booster-extension\/\/assets\/icon\/angry.svg\" alt=\"Angry\">\n                    <\/a>\n                    <div class=\"twp-reaction-title\">Angry<\/div>\n                    <div class=\"twp-count-percent\">\n                                                    <span style=\"display: none;\" class=\"twp-react-count\">0<\/span>\n                                                                        <span class=\"twp-react-percent\"><span>0<\/span> %<\/span>\n                        \n                    <\/div>\n                <\/div>\n\n                <div class=\"twp-reacts-wrap\">\n                    <a react-data=\"be-react-5\" post-id=\"4250\" class=\"be-face-icons un-reacted\" href=\"javascript:void(0)\">\n                        <img decoding=\"async\" src=\"https:\/\/desteptati-va.ro\/wp-content\/plugins\/booster-extension\/\/assets\/icon\/surprise.svg\" alt=\"Surprise\">\n                    <\/a>\n                    <div class=\"twp-reaction-title\">Surprise<\/div>\n                    <div class=\"twp-count-percent\">\n                                                    <span style=\"display: none;\" class=\"twp-react-count\">0<\/span>\n                                                                        <span class=\"twp-react-percent\"><span>0<\/span> %<\/span>\n                                            <\/div>\n                <\/div>\n\n            <\/div>\n        <\/div>\n\n    <\/div>","protected":false},"excerpt":{"rendered":"<p>\u201dEra tic\u0103lo\u0219ilor: guvernan\u021bii de acum, f\u0103r\u0103 cultur\u0103, istorie, f\u0103r\u0103 prezent, trecut \u0219i viitor, dau totul \u00een numele europeniz\u0103rii de care<a href=\"https:\/\/desteptati-va.ro\/index.php\/2021\/04\/20\/era-ticalosilor-guvernantii-de-acum-fara-cultura-istorie-fara-prezent-trecut-si-viitor-dau-totul-in-numele-europenizarii-de-care-nu-au-habar\/\">Read More<i class=\"fa fa-long-arrow-right\" aria-hidden=\"true\"><\/i><\/a><\/p>\n","protected":false},"author":1,"featured_media":3164,"comment_status":"open","ping_status":"open","sticky":false,"template":"","format":"standard","meta":{"_crdt_document":"","footnotes":""},"categories":[218,25,1759],"tags":[154,1661],"class_list":["post-4250","post","type-post","status-publish","format-standard","has-post-thumbnail","hentry","category-general","category-politica-de-gasca","category-politica-damboviteana","tag-istorie","tag-ticalosii"],"rise-blocks_total_comments":0,"rise-blocks_categories":[{"term_id":25,"name":"Hotie si ticalosie","slug":"politica-de-gasca","term_group":0,"term_taxonomy_id":25,"taxonomy":"category","description":"","parent":20,"count":6,"filter":"raw"}],"rise-blocks_excerpt":"\u201dEra tic\u0103lo\u0219ilor: guvernan\u021bii de acum, f\u0103r\u0103 cultur\u0103, istorie, f\u0103r\u0103 prezent, trecut \u0219i viitor, dau totul \u00een numele europeniz\u0103rii de care nu au habar!\u201d Epoca \u00een care traim, a marilor diversiuni, \u00eempreuna cu \u201eepoca de aur\u201c sunt, nu am nici o \u00eendoiala, capitole distincte ale \u201eErei ticalosilor\u201c, ca sa folosesc o celebra sintagma a lui Marin Preda. Chiar daca \u00eentre timp..","yoast_head":"<!-- This site is optimized with the Yoast SEO plugin v26.9 - https:\/\/yoast.com\/product\/yoast-seo-wordpress\/ -->\r\n<title>\u201dEra tic\u0103lo\u0219ilor: guvernan\u021bii de acum, f\u0103r\u0103 cultur\u0103, istorie, f\u0103r\u0103 prezent, trecut \u0219i viitor, dau totul \u00een numele europeniz\u0103rii de care nu au habar!\u201d -<\/title>\r\n<meta name=\"robots\" content=\"index, follow, max-snippet:-1, max-image-preview:large, max-video-preview:-1\" \/>\r\n<link rel=\"canonical\" href=\"https:\/\/desteptati-va.ro\/index.php\/2021\/04\/20\/era-ticalosilor-guvernantii-de-acum-fara-cultura-istorie-fara-prezent-trecut-si-viitor-dau-totul-in-numele-europenizarii-de-care-nu-au-habar\/\" \/>\r\n<meta property=\"og:locale\" content=\"ro_RO\" \/>\r\n<meta property=\"og:type\" content=\"article\" \/>\r\n<meta property=\"og:title\" content=\"\u201dEra tic\u0103lo\u0219ilor: guvernan\u021bii de acum, f\u0103r\u0103 cultur\u0103, istorie, f\u0103r\u0103 prezent, trecut \u0219i viitor, dau totul \u00een numele europeniz\u0103rii de care nu au habar!\u201d -\" \/>\r\n<meta property=\"og:description\" content=\"\u201dEra tic\u0103lo\u0219ilor: guvernan\u021bii de acum, f\u0103r\u0103 cultur\u0103, istorie, f\u0103r\u0103 prezent, trecut \u0219i viitor, dau totul \u00een numele europeniz\u0103rii de careRead More\" \/>\r\n<meta property=\"og:url\" content=\"https:\/\/desteptati-va.ro\/index.php\/2021\/04\/20\/era-ticalosilor-guvernantii-de-acum-fara-cultura-istorie-fara-prezent-trecut-si-viitor-dau-totul-in-numele-europenizarii-de-care-nu-au-habar\/\" \/>\r\n<meta property=\"article:published_time\" content=\"2021-04-20T07:34:40+00:00\" \/>\r\n<meta property=\"article:modified_time\" content=\"2022-02-03T21:22:58+00:00\" \/>\r\n<meta property=\"og:image\" content=\"https:\/\/desteptati-va.ro\/wp-content\/uploads\/2021\/04\/Augustin_Buzura.jpg\" \/>\r\n\t<meta property=\"og:image:width\" content=\"213\" \/>\r\n\t<meta property=\"og:image:height\" content=\"320\" \/>\r\n\t<meta property=\"og:image:type\" content=\"image\/jpeg\" \/>\r\n<meta name=\"author\" content=\"wolfsoftcompany\" \/>\r\n<meta name=\"twitter:card\" content=\"summary_large_image\" \/>\r\n<meta name=\"twitter:label1\" content=\"Scris de\" \/>\n\t<meta name=\"twitter:data1\" content=\"wolfsoftcompany\" \/>\n\t<meta name=\"twitter:label2\" content=\"Timp estimat pentru citire\" \/>\n\t<meta name=\"twitter:data2\" content=\"7 minute\" \/>\r\n<script type=\"application\/ld+json\" class=\"yoast-schema-graph\">{\"@context\":\"https:\/\/schema.org\",\"@graph\":[{\"@type\":\"Article\",\"@id\":\"https:\/\/desteptati-va.ro\/index.php\/2021\/04\/20\/era-ticalosilor-guvernantii-de-acum-fara-cultura-istorie-fara-prezent-trecut-si-viitor-dau-totul-in-numele-europenizarii-de-care-nu-au-habar\/#article\",\"isPartOf\":{\"@id\":\"https:\/\/desteptati-va.ro\/index.php\/2021\/04\/20\/era-ticalosilor-guvernantii-de-acum-fara-cultura-istorie-fara-prezent-trecut-si-viitor-dau-totul-in-numele-europenizarii-de-care-nu-au-habar\/\"},\"author\":{\"name\":\"wolfsoftcompany\",\"@id\":\"https:\/\/desteptati-va.ro\/#\/schema\/person\/13182deeebd44920914899f7bb262d6b\"},\"headline\":\"\u201dEra tic\u0103lo\u0219ilor: guvernan\u021bii de acum, f\u0103r\u0103 cultur\u0103, istorie, f\u0103r\u0103 prezent, trecut \u0219i viitor, dau totul \u00een numele europeniz\u0103rii de care nu au habar!\u201d\",\"datePublished\":\"2021-04-20T07:34:40+00:00\",\"dateModified\":\"2022-02-03T21:22:58+00:00\",\"mainEntityOfPage\":{\"@id\":\"https:\/\/desteptati-va.ro\/index.php\/2021\/04\/20\/era-ticalosilor-guvernantii-de-acum-fara-cultura-istorie-fara-prezent-trecut-si-viitor-dau-totul-in-numele-europenizarii-de-care-nu-au-habar\/\"},\"wordCount\":1417,\"commentCount\":0,\"image\":{\"@id\":\"https:\/\/desteptati-va.ro\/index.php\/2021\/04\/20\/era-ticalosilor-guvernantii-de-acum-fara-cultura-istorie-fara-prezent-trecut-si-viitor-dau-totul-in-numele-europenizarii-de-care-nu-au-habar\/#primaryimage\"},\"thumbnailUrl\":\"https:\/\/desteptati-va.ro\/wp-content\/uploads\/2021\/04\/Augustin_Buzura.jpg\",\"keywords\":[\"istorie\",\"ticalosii\"],\"articleSection\":[\"General\",\"Hotie si ticalosie\",\"Politica D\u00e2mbovi\u021bean\u0103\"],\"inLanguage\":\"ro-RO\",\"potentialAction\":[{\"@type\":\"CommentAction\",\"name\":\"Comment\",\"target\":[\"https:\/\/desteptati-va.ro\/index.php\/2021\/04\/20\/era-ticalosilor-guvernantii-de-acum-fara-cultura-istorie-fara-prezent-trecut-si-viitor-dau-totul-in-numele-europenizarii-de-care-nu-au-habar\/#respond\"]}]},{\"@type\":\"WebPage\",\"@id\":\"https:\/\/desteptati-va.ro\/index.php\/2021\/04\/20\/era-ticalosilor-guvernantii-de-acum-fara-cultura-istorie-fara-prezent-trecut-si-viitor-dau-totul-in-numele-europenizarii-de-care-nu-au-habar\/\",\"url\":\"https:\/\/desteptati-va.ro\/index.php\/2021\/04\/20\/era-ticalosilor-guvernantii-de-acum-fara-cultura-istorie-fara-prezent-trecut-si-viitor-dau-totul-in-numele-europenizarii-de-care-nu-au-habar\/\",\"name\":\"\u201dEra tic\u0103lo\u0219ilor: guvernan\u021bii de acum, f\u0103r\u0103 cultur\u0103, istorie, f\u0103r\u0103 prezent, trecut \u0219i viitor, dau totul \u00een numele europeniz\u0103rii de care nu au habar!\u201d -\",\"isPartOf\":{\"@id\":\"https:\/\/desteptati-va.ro\/#website\"},\"primaryImageOfPage\":{\"@id\":\"https:\/\/desteptati-va.ro\/index.php\/2021\/04\/20\/era-ticalosilor-guvernantii-de-acum-fara-cultura-istorie-fara-prezent-trecut-si-viitor-dau-totul-in-numele-europenizarii-de-care-nu-au-habar\/#primaryimage\"},\"image\":{\"@id\":\"https:\/\/desteptati-va.ro\/index.php\/2021\/04\/20\/era-ticalosilor-guvernantii-de-acum-fara-cultura-istorie-fara-prezent-trecut-si-viitor-dau-totul-in-numele-europenizarii-de-care-nu-au-habar\/#primaryimage\"},\"thumbnailUrl\":\"https:\/\/desteptati-va.ro\/wp-content\/uploads\/2021\/04\/Augustin_Buzura.jpg\",\"datePublished\":\"2021-04-20T07:34:40+00:00\",\"dateModified\":\"2022-02-03T21:22:58+00:00\",\"author\":{\"@id\":\"https:\/\/desteptati-va.ro\/#\/schema\/person\/13182deeebd44920914899f7bb262d6b\"},\"breadcrumb\":{\"@id\":\"https:\/\/desteptati-va.ro\/index.php\/2021\/04\/20\/era-ticalosilor-guvernantii-de-acum-fara-cultura-istorie-fara-prezent-trecut-si-viitor-dau-totul-in-numele-europenizarii-de-care-nu-au-habar\/#breadcrumb\"},\"inLanguage\":\"ro-RO\",\"potentialAction\":[{\"@type\":\"ReadAction\",\"target\":[\"https:\/\/desteptati-va.ro\/index.php\/2021\/04\/20\/era-ticalosilor-guvernantii-de-acum-fara-cultura-istorie-fara-prezent-trecut-si-viitor-dau-totul-in-numele-europenizarii-de-care-nu-au-habar\/\"]}]},{\"@type\":\"ImageObject\",\"inLanguage\":\"ro-RO\",\"@id\":\"https:\/\/desteptati-va.ro\/index.php\/2021\/04\/20\/era-ticalosilor-guvernantii-de-acum-fara-cultura-istorie-fara-prezent-trecut-si-viitor-dau-totul-in-numele-europenizarii-de-care-nu-au-habar\/#primaryimage\",\"url\":\"https:\/\/desteptati-va.ro\/wp-content\/uploads\/2021\/04\/Augustin_Buzura.jpg\",\"contentUrl\":\"https:\/\/desteptati-va.ro\/wp-content\/uploads\/2021\/04\/Augustin_Buzura.jpg\",\"width\":213,\"height\":320},{\"@type\":\"BreadcrumbList\",\"@id\":\"https:\/\/desteptati-va.ro\/index.php\/2021\/04\/20\/era-ticalosilor-guvernantii-de-acum-fara-cultura-istorie-fara-prezent-trecut-si-viitor-dau-totul-in-numele-europenizarii-de-care-nu-au-habar\/#breadcrumb\",\"itemListElement\":[{\"@type\":\"ListItem\",\"position\":1,\"name\":\"Prima pagin\u0103\",\"item\":\"https:\/\/desteptati-va.ro\/\"},{\"@type\":\"ListItem\",\"position\":2,\"name\":\"\u201dEra tic\u0103lo\u0219ilor: guvernan\u021bii de acum, f\u0103r\u0103 cultur\u0103, istorie, f\u0103r\u0103 prezent, trecut \u0219i viitor, dau totul \u00een numele europeniz\u0103rii de care nu au habar!\u201d\"}]},{\"@type\":\"WebSite\",\"@id\":\"https:\/\/desteptati-va.ro\/#website\",\"url\":\"https:\/\/desteptati-va.ro\/\",\"name\":\"\",\"description\":\"\",\"potentialAction\":[{\"@type\":\"SearchAction\",\"target\":{\"@type\":\"EntryPoint\",\"urlTemplate\":\"https:\/\/desteptati-va.ro\/?s={search_term_string}\"},\"query-input\":{\"@type\":\"PropertyValueSpecification\",\"valueRequired\":true,\"valueName\":\"search_term_string\"}}],\"inLanguage\":\"ro-RO\"},{\"@type\":\"Person\",\"@id\":\"https:\/\/desteptati-va.ro\/#\/schema\/person\/13182deeebd44920914899f7bb262d6b\",\"name\":\"wolfsoftcompany\",\"image\":{\"@type\":\"ImageObject\",\"inLanguage\":\"ro-RO\",\"@id\":\"https:\/\/desteptati-va.ro\/#\/schema\/person\/image\/\",\"url\":\"https:\/\/secure.gravatar.com\/avatar\/a6cce9b6d101d27d91690e7073e300fed94c0899890bf998e082cb9d2c3d121e?s=96&d=mm&r=g\",\"contentUrl\":\"https:\/\/secure.gravatar.com\/avatar\/a6cce9b6d101d27d91690e7073e300fed94c0899890bf998e082cb9d2c3d121e?s=96&d=mm&r=g\",\"caption\":\"wolfsoftcompany\"},\"sameAs\":[\"http:\/\/desteptati-va.ro\"],\"url\":\"https:\/\/desteptati-va.ro\/index.php\/author\/wolfsoftcompany\/\"}]}<\/script>\r\n<!-- \/ Yoast SEO plugin. -->","yoast_head_json":{"title":"\u201dEra tic\u0103lo\u0219ilor: guvernan\u021bii de acum, f\u0103r\u0103 cultur\u0103, istorie, f\u0103r\u0103 prezent, trecut \u0219i viitor, dau totul \u00een numele europeniz\u0103rii de care nu au habar!\u201d -","robots":{"index":"index","follow":"follow","max-snippet":"max-snippet:-1","max-image-preview":"max-image-preview:large","max-video-preview":"max-video-preview:-1"},"canonical":"https:\/\/desteptati-va.ro\/index.php\/2021\/04\/20\/era-ticalosilor-guvernantii-de-acum-fara-cultura-istorie-fara-prezent-trecut-si-viitor-dau-totul-in-numele-europenizarii-de-care-nu-au-habar\/","og_locale":"ro_RO","og_type":"article","og_title":"\u201dEra tic\u0103lo\u0219ilor: guvernan\u021bii de acum, f\u0103r\u0103 cultur\u0103, istorie, f\u0103r\u0103 prezent, trecut \u0219i viitor, dau totul \u00een numele europeniz\u0103rii de care nu au habar!\u201d -","og_description":"\u201dEra tic\u0103lo\u0219ilor: guvernan\u021bii de acum, f\u0103r\u0103 cultur\u0103, istorie, f\u0103r\u0103 prezent, trecut \u0219i viitor, dau totul \u00een numele europeniz\u0103rii de careRead More","og_url":"https:\/\/desteptati-va.ro\/index.php\/2021\/04\/20\/era-ticalosilor-guvernantii-de-acum-fara-cultura-istorie-fara-prezent-trecut-si-viitor-dau-totul-in-numele-europenizarii-de-care-nu-au-habar\/","article_published_time":"2021-04-20T07:34:40+00:00","article_modified_time":"2022-02-03T21:22:58+00:00","og_image":[{"width":213,"height":320,"url":"https:\/\/desteptati-va.ro\/wp-content\/uploads\/2021\/04\/Augustin_Buzura.jpg","type":"image\/jpeg"}],"author":"wolfsoftcompany","twitter_card":"summary_large_image","twitter_misc":{"Scris de":"wolfsoftcompany","Timp estimat pentru citire":"7 minute"},"schema":{"@context":"https:\/\/schema.org","@graph":[{"@type":"Article","@id":"https:\/\/desteptati-va.ro\/index.php\/2021\/04\/20\/era-ticalosilor-guvernantii-de-acum-fara-cultura-istorie-fara-prezent-trecut-si-viitor-dau-totul-in-numele-europenizarii-de-care-nu-au-habar\/#article","isPartOf":{"@id":"https:\/\/desteptati-va.ro\/index.php\/2021\/04\/20\/era-ticalosilor-guvernantii-de-acum-fara-cultura-istorie-fara-prezent-trecut-si-viitor-dau-totul-in-numele-europenizarii-de-care-nu-au-habar\/"},"author":{"name":"wolfsoftcompany","@id":"https:\/\/desteptati-va.ro\/#\/schema\/person\/13182deeebd44920914899f7bb262d6b"},"headline":"\u201dEra tic\u0103lo\u0219ilor: guvernan\u021bii de acum, f\u0103r\u0103 cultur\u0103, istorie, f\u0103r\u0103 prezent, trecut \u0219i viitor, dau totul \u00een numele europeniz\u0103rii de care nu au habar!\u201d","datePublished":"2021-04-20T07:34:40+00:00","dateModified":"2022-02-03T21:22:58+00:00","mainEntityOfPage":{"@id":"https:\/\/desteptati-va.ro\/index.php\/2021\/04\/20\/era-ticalosilor-guvernantii-de-acum-fara-cultura-istorie-fara-prezent-trecut-si-viitor-dau-totul-in-numele-europenizarii-de-care-nu-au-habar\/"},"wordCount":1417,"commentCount":0,"image":{"@id":"https:\/\/desteptati-va.ro\/index.php\/2021\/04\/20\/era-ticalosilor-guvernantii-de-acum-fara-cultura-istorie-fara-prezent-trecut-si-viitor-dau-totul-in-numele-europenizarii-de-care-nu-au-habar\/#primaryimage"},"thumbnailUrl":"https:\/\/desteptati-va.ro\/wp-content\/uploads\/2021\/04\/Augustin_Buzura.jpg","keywords":["istorie","ticalosii"],"articleSection":["General","Hotie si ticalosie","Politica D\u00e2mbovi\u021bean\u0103"],"inLanguage":"ro-RO","potentialAction":[{"@type":"CommentAction","name":"Comment","target":["https:\/\/desteptati-va.ro\/index.php\/2021\/04\/20\/era-ticalosilor-guvernantii-de-acum-fara-cultura-istorie-fara-prezent-trecut-si-viitor-dau-totul-in-numele-europenizarii-de-care-nu-au-habar\/#respond"]}]},{"@type":"WebPage","@id":"https:\/\/desteptati-va.ro\/index.php\/2021\/04\/20\/era-ticalosilor-guvernantii-de-acum-fara-cultura-istorie-fara-prezent-trecut-si-viitor-dau-totul-in-numele-europenizarii-de-care-nu-au-habar\/","url":"https:\/\/desteptati-va.ro\/index.php\/2021\/04\/20\/era-ticalosilor-guvernantii-de-acum-fara-cultura-istorie-fara-prezent-trecut-si-viitor-dau-totul-in-numele-europenizarii-de-care-nu-au-habar\/","name":"\u201dEra tic\u0103lo\u0219ilor: guvernan\u021bii de acum, f\u0103r\u0103 cultur\u0103, istorie, f\u0103r\u0103 prezent, trecut \u0219i viitor, dau totul \u00een numele europeniz\u0103rii de care nu au habar!\u201d -","isPartOf":{"@id":"https:\/\/desteptati-va.ro\/#website"},"primaryImageOfPage":{"@id":"https:\/\/desteptati-va.ro\/index.php\/2021\/04\/20\/era-ticalosilor-guvernantii-de-acum-fara-cultura-istorie-fara-prezent-trecut-si-viitor-dau-totul-in-numele-europenizarii-de-care-nu-au-habar\/#primaryimage"},"image":{"@id":"https:\/\/desteptati-va.ro\/index.php\/2021\/04\/20\/era-ticalosilor-guvernantii-de-acum-fara-cultura-istorie-fara-prezent-trecut-si-viitor-dau-totul-in-numele-europenizarii-de-care-nu-au-habar\/#primaryimage"},"thumbnailUrl":"https:\/\/desteptati-va.ro\/wp-content\/uploads\/2021\/04\/Augustin_Buzura.jpg","datePublished":"2021-04-20T07:34:40+00:00","dateModified":"2022-02-03T21:22:58+00:00","author":{"@id":"https:\/\/desteptati-va.ro\/#\/schema\/person\/13182deeebd44920914899f7bb262d6b"},"breadcrumb":{"@id":"https:\/\/desteptati-va.ro\/index.php\/2021\/04\/20\/era-ticalosilor-guvernantii-de-acum-fara-cultura-istorie-fara-prezent-trecut-si-viitor-dau-totul-in-numele-europenizarii-de-care-nu-au-habar\/#breadcrumb"},"inLanguage":"ro-RO","potentialAction":[{"@type":"ReadAction","target":["https:\/\/desteptati-va.ro\/index.php\/2021\/04\/20\/era-ticalosilor-guvernantii-de-acum-fara-cultura-istorie-fara-prezent-trecut-si-viitor-dau-totul-in-numele-europenizarii-de-care-nu-au-habar\/"]}]},{"@type":"ImageObject","inLanguage":"ro-RO","@id":"https:\/\/desteptati-va.ro\/index.php\/2021\/04\/20\/era-ticalosilor-guvernantii-de-acum-fara-cultura-istorie-fara-prezent-trecut-si-viitor-dau-totul-in-numele-europenizarii-de-care-nu-au-habar\/#primaryimage","url":"https:\/\/desteptati-va.ro\/wp-content\/uploads\/2021\/04\/Augustin_Buzura.jpg","contentUrl":"https:\/\/desteptati-va.ro\/wp-content\/uploads\/2021\/04\/Augustin_Buzura.jpg","width":213,"height":320},{"@type":"BreadcrumbList","@id":"https:\/\/desteptati-va.ro\/index.php\/2021\/04\/20\/era-ticalosilor-guvernantii-de-acum-fara-cultura-istorie-fara-prezent-trecut-si-viitor-dau-totul-in-numele-europenizarii-de-care-nu-au-habar\/#breadcrumb","itemListElement":[{"@type":"ListItem","position":1,"name":"Prima pagin\u0103","item":"https:\/\/desteptati-va.ro\/"},{"@type":"ListItem","position":2,"name":"\u201dEra tic\u0103lo\u0219ilor: guvernan\u021bii de acum, f\u0103r\u0103 cultur\u0103, istorie, f\u0103r\u0103 prezent, trecut \u0219i viitor, dau totul \u00een numele europeniz\u0103rii de care nu au habar!\u201d"}]},{"@type":"WebSite","@id":"https:\/\/desteptati-va.ro\/#website","url":"https:\/\/desteptati-va.ro\/","name":"","description":"","potentialAction":[{"@type":"SearchAction","target":{"@type":"EntryPoint","urlTemplate":"https:\/\/desteptati-va.ro\/?s={search_term_string}"},"query-input":{"@type":"PropertyValueSpecification","valueRequired":true,"valueName":"search_term_string"}}],"inLanguage":"ro-RO"},{"@type":"Person","@id":"https:\/\/desteptati-va.ro\/#\/schema\/person\/13182deeebd44920914899f7bb262d6b","name":"wolfsoftcompany","image":{"@type":"ImageObject","inLanguage":"ro-RO","@id":"https:\/\/desteptati-va.ro\/#\/schema\/person\/image\/","url":"https:\/\/secure.gravatar.com\/avatar\/a6cce9b6d101d27d91690e7073e300fed94c0899890bf998e082cb9d2c3d121e?s=96&d=mm&r=g","contentUrl":"https:\/\/secure.gravatar.com\/avatar\/a6cce9b6d101d27d91690e7073e300fed94c0899890bf998e082cb9d2c3d121e?s=96&d=mm&r=g","caption":"wolfsoftcompany"},"sameAs":["http:\/\/desteptati-va.ro"],"url":"https:\/\/desteptati-va.ro\/index.php\/author\/wolfsoftcompany\/"}]}},"_links":{"self":[{"href":"https:\/\/desteptati-va.ro\/index.php\/wp-json\/wp\/v2\/posts\/4250","targetHints":{"allow":["GET"]}}],"collection":[{"href":"https:\/\/desteptati-va.ro\/index.php\/wp-json\/wp\/v2\/posts"}],"about":[{"href":"https:\/\/desteptati-va.ro\/index.php\/wp-json\/wp\/v2\/types\/post"}],"author":[{"embeddable":true,"href":"https:\/\/desteptati-va.ro\/index.php\/wp-json\/wp\/v2\/users\/1"}],"replies":[{"embeddable":true,"href":"https:\/\/desteptati-va.ro\/index.php\/wp-json\/wp\/v2\/comments?post=4250"}],"version-history":[{"count":1,"href":"https:\/\/desteptati-va.ro\/index.php\/wp-json\/wp\/v2\/posts\/4250\/revisions"}],"predecessor-version":[{"id":4252,"href":"https:\/\/desteptati-va.ro\/index.php\/wp-json\/wp\/v2\/posts\/4250\/revisions\/4252"}],"wp:featuredmedia":[{"embeddable":true,"href":"https:\/\/desteptati-va.ro\/index.php\/wp-json\/wp\/v2\/media\/3164"}],"wp:attachment":[{"href":"https:\/\/desteptati-va.ro\/index.php\/wp-json\/wp\/v2\/media?parent=4250"}],"wp:term":[{"taxonomy":"category","embeddable":true,"href":"https:\/\/desteptati-va.ro\/index.php\/wp-json\/wp\/v2\/categories?post=4250"},{"taxonomy":"post_tag","embeddable":true,"href":"https:\/\/desteptati-va.ro\/index.php\/wp-json\/wp\/v2\/tags?post=4250"}],"curies":[{"name":"wp","href":"https:\/\/api.w.org\/{rel}","templated":true}]}}