{"id":4256,"date":"2021-04-20T07:40:59","date_gmt":"2021-04-20T07:40:59","guid":{"rendered":"http:\/\/desteptati.ro\/?p=4256"},"modified":"2021-04-20T07:40:59","modified_gmt":"2021-04-20T07:40:59","slug":"privatizarea-romaniei","status":"publish","type":"post","link":"https:\/\/desteptati-va.ro\/index.php\/2021\/04\/20\/privatizarea-romaniei\/","title":{"rendered":"Privatizarea Rom\u00e2niei"},"content":{"rendered":"<div class=\"post-content\"><div class='booster-block booster-read-block'>\n                <div class=\"twp-read-time\">\n                \t<i class=\"booster-icon twp-clock\"><\/i> <span>Read Time:<\/span>10 Minute, 58 Second                <\/div>\n\n            <\/div><h4 style=\"text-align: justify;\">&#8222;\u00cen timpul regimului comunist, \u00een perioada 1948-1989, cet\u0103\u0163enilor Rom\u00e2niei le-a fost interzis dreptul de a avea capital \u00een proprietate privat\u0103. Cet\u0103\u0163eanul a avut dreptul s\u0103 aib\u0103 \u00een proprietate privat\u0103 numai unele <strong>bunuri de consum<\/strong> \u2013 cas\u0103, autoturism, mobilier, etc. \u2013 nu si bunuri de produc\u0163ie (<strong>capita<\/strong><strong>l<\/strong>). Statul comunist a preluat o parte \u2013 circa o treime \u2013 din veniturile create de cet\u0103\u0163eni \u015fi a transformat-o \u00een capital real \u2013 fabrici, uzine, hoteluri, spa\u0163ii comerciale, etc. \u2013 care a intrat, formal, conform Constitu\u0163iei, \u00een proprietatea <strong>comun\u0103<\/strong>, a \u00eentregului popor, de fapt, atribu\u0163iile dreptului de proprietate fiind exercitate de statul comunist. Aceasta a fost, \u00een fond, <strong>esen\u0163a regimului comunist<\/strong> \u2013 <strong>lipsa dreptului<\/strong> <strong>cet\u0103\u0163eanului la proprietate privat\u0103 asupra capitalului<\/strong> .<\/h4>\r\n<h4 style=\"text-align: justify;\">Abolirea regimului comunist ar fi trebuit s\u0103 se concretizeze \u00een trecerea imediat\u0103 \u015fi integral\u0103 a capitalului din <strong>proprietatea comun\u0103 (comunist\u0103)<\/strong> a \u00eentregului popor \u00een <strong>proprietatea privat\u0103<\/strong> a celor din ale c\u0103ror venituri a fost acumulat acest capital, adic\u0103 \u00een proprietatea privat\u0103 a tuturor cet\u0103\u0163enilor Rom\u00e2niei. Aceasta form\u0103 de privatizare a capitalului acumulat \u00een timpul regimului comunist a fost propusa prin proiectul de reform\u0103 cunoscut sub denumirea de \u201e<strong>VARIANTA COJOCARU&#8221;.<\/strong><\/h4>\r\n<h4 style=\"text-align: justify;\">Trecerea imediat\u0103 \u2013 \u00een 1990 \u2013 a \u00eentregului capital \u00een proprietatea privat\u0103 a tuturor cet\u0103\u0163enilor Rom\u00e2niei ar fi determinat crearea, \u00een Rom\u00e2nia, a unei <strong>economii democratice, productive \u015fi competitive<\/strong>, crearea unei <strong>clase mijlocii<\/strong> majoritar\u0103 \u00een societate, care ar fi de\u0163inut \u015fi puterea economic\u0103 \u015fi <strong>puterea politic\u0103<\/strong> \u015fi ar fi asigurat func\u0163ionarea unui <strong>stat de drept<\/strong>, cu adev\u0103rat democratic, clas\u0103 social\u0103 care \u015fi-ar fi impus \u015fi <strong>propriile valori morale<\/strong>: munca, h\u0103rnicia, inventivitatea, spiritul de \u00eentreprindere, cinstea, solidaritatea social\u0103 \u015fi na\u0163ional\u0103.<\/h4>\r\n<h4 style=\"text-align: justify;\">Guvernan\u0163ii Rom\u00e2niei postcomuniste au \u00eenc\u0103lcat drepturile de proprietate ale rom\u00e2nilor, au respins \u201e<strong>VARIANTA COJOCARU<\/strong>\u201d, au trecut, mai \u00eent\u00e2i, <strong>prin Legea<\/strong> <strong>nr. 15\/1990<\/strong>, cea mai mare parte \u2013 peste 95% \u2013 a capitalului na\u0163ional acumulat \u00een perioada 1948-1989 din proprietatea comun\u0103 a \u00eentregului popor <strong>\u00een proprietatea privat\u0103 a statului<\/strong>, iar, apoi, <strong>prin legile \u201eprivatiz\u0103rii<\/strong>\u201d, au trecut, v\u00e2nz\u00e2nd pe nimic, acest capital \u00een proprietatea privat\u0103 a str\u0103inilor \u015fi a unui grup minoritar autohton format din guvernan\u0163i \u015fi camarila acestora.<\/h4>\r\n<h4 style=\"text-align: justify;\">Prin <strong>Legea nr.15\/1990<\/strong> privind \u201ereorganizarea\u201d unit\u0103\u0163ilor economice de stat ca regii autonome \u015fi societ\u0103\u0163i comerciale\u00a0 s-a s\u0103v\u00e2r\u015fit, \u00een fapt, cel mai mare furt cunoscut \u00een istoria poporului rom\u00e2n. Rom\u00e2nilor li s-a vorbit de \u201ereorganizare\u201d, \u00een realitate s-a f\u0103cut <strong>expropierea cet\u0103\u0163enilor<\/strong> \u015fi <strong>\u00eempropriet\u0103rirea statului<\/strong> cu capitalul acumulat de rom\u00e2ni \u00een perioada 1948-1989. Prin aceast\u0103 lege, s-a stabilit ca guvernul s\u0103 \u201ereorganizeze\u201d unele \u00eentreprinderi ca <strong>societ\u0103\u0163i comerciale<\/strong>, altele ca <strong>regii autonome<\/strong>.\u00a0 \u015ei unele \u015fi altele au devenit \u201eproprietare\u201d ale bunurilor aflate \u00een patrimoniul lor \u2013 terenuri, cl\u0103diri, utilaje etc.\u00a0 \u00cen textul legii, au\u00a0 precizat, \u00eens\u0103, c\u0103 societ\u0103\u0163ile comerciale au ca <strong>ac\u0163iona<\/strong>r unic statul.\u00a0 Deci nu \u201eproprietar\u201d, ci \u201eac\u0163ionar\u201d, astfel\u00a0 \u00eenc\u00e2t rom\u00e2nii sa nu bage de seama ca statul s-a \u00eempropriet\u0103rit cu averea lor, a cet\u0103\u0163enilor. Au scris \u00een lege c\u0103 <strong>30% din ac\u0163iunile<\/strong> <strong>societ\u0103\u0163ilor comerciale<\/strong> vor fi distribuite gratuit cet\u0103\u0163enilor, prin cupoane, care trebuiau schimbate pe ac\u0163iuni. La televizor, poporului i s-a spus c\u0103 \u201ei se d\u0103\u201d 30% din \u201eavu\u0163ia na\u0163ional\u0103\u201d, nu\u00a0 numai din capitalul societ\u0103\u0163ilor comerciale, ci \u015fi al regiilor.<\/h4>\r\n<h4 style=\"text-align: justify;\">Guvernul a \u201ereorganizat\u201d, apoi, 52% ( valoare) din \u00eentreprinderile de stat ca regii autonome \u015fi restul, de 48%, ca societ\u0103\u0163i comerciale. A\u015fa se face c\u0103 cei 30% s-au aplicat la 48%, <strong>devenind 14% <\/strong>din totalul capitalului fostelor \u00eentreprinderi de stat. \u00cen\u015fel\u0103toria a mers mai departe, prin modul in care a fost organizat\u0103 a\u015fa-zisa \u201ccuponiad\u0103\u201d.\u00a0 Mul\u0163i cet\u0103\u0163eni nu au primit cupoanele, al\u0163ii nu au putut s\u0103 le schimbe pe ac\u0163iuni, al\u0163ii au r\u0103mas cu ac\u0163iuni f\u0103r\u0103 nici o valoare, fiindc\u0103 societ\u0103\u0163ile la care au subscris au disp\u0103rut, au fost b\u0103gate \u00een faliment, demolate \u015fi v\u00e2ndute ca fier vechi de c\u0103tre ac\u0163ionarul majoritar, \u201cstrategic\u201d, astfel \u00eenc\u00e2t, <strong>cei 14% au ajuns la 3%.<\/strong><\/h4>\r\n<h4 style=\"text-align: justify;\">Mi\u015fele\u015fte, <strong>regiile autonome<\/strong>, care nu puteau fi v\u00e2ndute, fiind proprietate public\u0103, au fost \u201creorganizate\u201d ca <strong>societ\u0103\u0163i na\u0163ionale, companii na\u0163ionale<\/strong>, adic\u0103 societ\u0103\u0163i comerciale, <strong>proprietate privat\u0103\u00a0 a statului,<\/strong> astfel \u00eenc\u00e2t s\u0103 poat\u0103 fi \u015fi ele scoase la v\u00e2nzare, la pre\u0163uri de nimic.<\/h4>\r\n<h4 style=\"text-align: justify;\">Iat\u0103, deci, cum \u00een proprietatea privat\u0103 a statului a ajuns 97% din capitalul fostelor \u00eentreprinderi de stat, o valoare de peste 300 miliarde de euro, actuali, \u00een timp ce <strong>poporul rom\u00e2n s-a ales cu praful de pe tob\u0103, cu 3<\/strong>%.<\/h4>\r\n<h4 style=\"text-align: justify;\">Guvernan\u0163ii au realizat, repede, c\u0103 cele 300 de miliarde reprezint\u0103 o avere uria\u015f\u0103, care nu poate fi, pur \u015fi simplu, \u00eemp\u0103r\u0163it\u0103 \u00eentre ei. Ar fi fost lin\u015fa\u0163i de popor. Astfel c\u0103 au pus la cale \u201c<strong>privatizarea<\/strong>\u201d, adic\u0103 o uria\u015f\u0103 <strong>inginerie financiar\u0103,<\/strong> prin care au trecut aceast\u0103 avu\u0163ie, din proprietatea privat\u0103 a statului, \u00een <strong>proprietatea privat\u0103 a lor, a guvernan\u0163ilor, a camarilei lor \u015fi a str\u0103inilor,<\/strong> pe \u015fest, gratuit, sau aproape gratuit, \u00eens\u0103 \u201ccu acte\u201d, legal, cu respectarea legilor, f\u0103cute de ei, legi care le-a permis s\u0103 \u201ecumpere\u201d la pre\u0163 de 500 mii euro fabrici \u00een care poporul rom\u00e2n investise 3-4 miliarde de euro, echivalent (vezi IMGB, SIDEX, ROMPETROL etc).<\/h4>\r\n<h4 style=\"text-align: justify;\">Mecanismul principal al acestei inginerii financiare l-a constituit <strong>infla\u0163ia<\/strong>, cre\u015fterea galopant\u0103 a pre\u0163urilor.<\/h4>\r\n<h4 style=\"text-align: justify;\"><strong>\u201cInfla\u0163ia<\/strong> \u2013 spune economistul americam Milton Friedman, Laureat al Premiului Nobel pentru Economie \u2013 <strong>este pretutindeni \u015fi \u00eentotdeauna un fenomen monetar\u2026 \u015fi poate fi cauzat\u0103 numai de o cre\u015ftere mai rapid\u0103 a cantita\u0163ii de bani dec\u00e2t a<\/strong> <strong>produc\u0163iei\u201d<\/strong>. Cine stabile\u015fte cantitatea de bani \u00een circulatie \u00eentr-o economie na\u0163ional\u0103? Banca central\u0103 (na\u0163ional\u0103) din fiecare \u0163ar\u0103. Cum? Prin punerea \u00een func\u0163iune a\u00a0 tiparni\u0163ei de bani de h\u00e2rtie.<\/h4>\r\n<h4 style=\"text-align: justify;\">\u00cen Rom\u00e2nia, \u00een perioada 1990 \u2013 2000, <strong>produc\u0163ia<\/strong>, adic\u0103 <strong>PIB-ul a sc\u0103zut cu 16 %,<\/strong> \u00een timp ce masa monetar\u0103, <strong>cantitatea de bani pus\u0103\u00a0 \u00een circula\u0163ie de Banca<\/strong> <strong>Na\u0163ional\u0103 a Rom\u00e2niei, a crescut de 360 de ori. <\/strong>Logic, aceast\u0103 cantitate uria\u015f\u0103 de bani \u00een circula\u0163ie a determinat o infla\u0163ie pe m\u0103sur\u0103. Astfel, \u00een perioada 1990 \u2013 2000, \u00een timp ce, \u00een Cehia, de exemplu, pre\u0163urile au crescut de circa 3 ori (o rea\u015fezare fireasc\u0103 a pre\u0163urilor dup\u0103 ie\u015firea din comunism), <strong>\u00een Rom\u00e2nia, pre\u0163urile au crescut de 1.100 de ori. <\/strong>Infla\u0163ia halucinant\u0103 din Rom\u00e2nia ultimului\u00a0 deceniu al secolului XX nu a venit din cer . Ea este, \u00een \u00eentregime, \u201eopera\u201d statului rom\u00e2n, a B\u0103ncii Na\u0163ionale a Rom\u00e2niei, component\u0103 a statului rom\u00e2n.<\/h4>\r\n<h4 style=\"text-align: justify;\">Parafraz\u00e2du-l pe Friedman, putem spune c\u0103, <strong>\u00eentotdeauna \u015fi pretitundeni, infla\u0163ia este un instrument de jefuire a celor mul\u0163i,<\/strong> lipsi\u0163i de capital, \u015fi de \u00eembog\u0103\u0163ire a celor pu\u0163ini, proprietari de capital. \u00cen timpul infla\u0163iei, veniturile din salarii \u015fi pensii nu \u0163in pasul cu cre\u015fterea pre\u0163urilor, scade puterea lor de cump\u0103rare, \u00een timp ce profiturile cresc exact cu diferen\u0163a, cu avu\u0163ia necump\u0103rat\u0103 de salarii \u015fi pensii. Cu ajutorul infla\u0163iei, guvernan\u0163ii Rom\u00e2niei, \u00een perioada 1990 \u2013 1997, au redus salariile\u00a0 \u015fi pensiile rom\u00e2nilor la jum\u0103tateReducerea salariilor \u015fi pensiilor a determinat, \u00eens\u0103, nu numai s\u0103r\u0103cirea dramatic\u0103 a milioanelor de rom\u00e2ni, ci \u015fi <strong>reducerea puternic\u0103 a cererii<\/strong> pentru produsele realizate de \u00eentreprinderi, acestea nu au mai avut cui s\u0103 v\u00e2nd\u0103, costurile au devenit mai mari dec\u00e2t pre\u0163urile de v\u00e2nzare, au \u00eenceput s\u0103 lucreze cu pierderi, au devenit \u201cg\u0103uri negre\u201d, astfel \u00eenc\u00e2t s\u0103 poat\u0103 fi scoase la v\u00e2nzare pe nimic.<\/h4>\r\n<h4 style=\"text-align: justify;\">Prin infla\u0163ie, s-au \u00eempu\u015fcat mai mul\u0163i iepuri.<\/h4>\r\n<h4 style=\"text-align: justify;\">\u00cen primul r\u00e2nd, pre\u0163urile la care \u00eentreprinderile au fost scoase la v\u00e2nzare, ca urmare a faptului c\u0103 au intrat \u00een pierdere, nu a mai reprezentat dec\u00e2t un mic procent din valoarea investit\u0103 \u00een ele de poporul rom\u00e2n, pe de o parte, iar pe de alt\u0103 parte, salariile \u015fi pensiile au fost f\u0103cute at\u00e2t de mici \u00eenc\u00e2t marea majoritate a rom\u00e2nilor, salaria\u0163i \u015fi pensionari,\u00a0 au fost pu\u015fi \u00een imposibilitatea de a cump\u0103ra capital, chiar \u015fi la pre\u0163urile foarte mici la care acest capital a fost scos la \u201cprivatizare\u201d.<\/h4>\r\n<h4 style=\"text-align: justify;\">\u00cen al doilea r\u00e2nd, falimentarea a mii de \u00eentreprinderi,\u00a0 f\u0103cut\u0103 cu premeditare,\u00a0 cu ajutorul infla\u0163iei, a determinat \u015fi distrugerea a peste 4 milioane locuri de munc\u0103.<\/h4>\r\n<h4 style=\"text-align: justify;\">Mai departe, reducerea salariilor \u015fi pensiilor, combinat\u0103 cu reducerea num\u0103rului de salaria\u0163i, a determinat reducerea continu\u0103 a ponderii fondului de salarii \u015fi pensii \u00een totalul PIB-ului creat de rom\u00e2ni , cu cre\u015fterea corespunz\u0103toare\u00a0 a profiturilor. A\u015fa s-a ajuns ca, \u00een Rom\u00e2nia, ponderea salariilor\u00a0 \u00een PIB (Produsul Intern Brut) s\u0103 fie de o treime, restul de dou\u0103 treimi fiind profiturile, veniturile \u00eensu\u015fite de cei care au devenit, prin \u201cprivatizare\u201d, proprietarii capitalului rom\u00e2nesc. Aceasta \u00een timp ce \u00een \u0163\u0103rile civilizate ale lumii, raportul dintre salarii \u015fi profituri este exact invers. \u00cen Slovenia, de exemplu, \u0163ar\u0103 fost\u0103 comunist\u0103, ca \u015fi Rom\u00e2nia, ponderea salariilor \u00een PIB este de 51%, \u00een Elve\u0163ia, \u0163ar\u0103 capitalist\u0103 prin excelen\u0163\u0103, dar civilizat\u0103, ponderea salariilor este de 62%, restul, de o treime, fiind profituri\u00a0.<\/h4>\r\n<h4 style=\"text-align: justify;\">\u00een ultimii 20 de ani, rom\u00e2nii au produs o avu\u0163ie (PIB) cu o valoare de circa 1.600 miliarde euro, actuali. Din acestea, 100 miliarde s-au dus la cei 5 \u2013 6 milioane de pensionari, 300 miliarde de cei 4 \u2013 5 milioane de salaria\u0163i, iar restul de <strong>1.200 miliarde<\/strong> la cele c\u00e2teva sute de mii de profitori, care au devenit proprietari asupra capitalului.<\/h4>\r\n<h4 style=\"text-align: justify;\">Avu\u0163ia produs\u0103\u00a0 \u00eentr-o\u00a0 perioad\u0103 de timp (lun\u0103, an) de o \u00eentreprindere, sau de o economie na\u0163ional\u0103, se \u00eemparte, \u00eentr-o prim\u0103 faz\u0103, \u00een salarii \u015fi profit. Salariile merg la angaja\u0163i, proprietarii for\u0163ei de munc\u0103, iar profiturile la proprietarii\u00a0 capitalului. Aceastea este una din legile fundamentale ale capitalismului. \u00centr-o economie capitalist\u0103 normal\u0103, capitalul se creeaz\u0103, se acumuleaz\u0103 prin <strong>economisire.<\/strong> Din totalul veniturilor create \u015fi \u00eensu\u015fite, ca salarii, sau profituri, oamenii consum\u0103\u00a0 o parte, \u00een general, cam dou\u0103 treimi, \u015fi economisesc restul, o treime, pe care o transform\u0103 \u00een capital. Sacrificiul f\u0103cut de cel care economise\u015fte, care nu consum\u0103 integral venitul realizat \u2013 salariu sau profit \u2013 \u00eei confer\u0103 acestuia, dreptul de a \u00eencasa profitul, adic\u0103 o parte din avu\u0163ia creat\u0103 de for\u0163a de munc\u0103 utiliz\u00e2nd capitalul acumulat prin economisire. A\u015fa se dob\u00e2nde\u015fte calitatea de proprietar de capital \u00eentr-o economie capitalist\u0103 autentic\u0103 \u015fi, prin consecin\u0163\u0103, \u015fi dreptul de \u00eensu\u015fire a profitului.<\/h4>\r\n<h4 style=\"text-align: justify;\">\u00cen Rom\u00e2nia postdecembrist\u0103, cei care au devenit proprietari ai capitalului nu au economisit nimic, nu au\u00a0 creat nici un gram de capital. Ei \u015fi-au \u00eensu\u015fit, gratuit, capitalul economisit, creat de poporul rom\u00e2n \u00een timpul regimului comunist.\u00a0In 1989, PIB-ul a fost egal cu 100 miliarde euro, actuali, iar, \u00een 2007, de 120 miliarde euro (\u00een 2008 a crescut cu 8%, \u00een 2009 s-a redus cu 8%, astfel c\u0103, \u00een 2009, a fost tot de 120 miliarde euro). O cre\u015ftere de 20%, \u00een dou\u0103 decenii, \u00een timp ce \u00een alte \u0163\u0103ri (China, Irlanda) PIB-ul a crescut, \u00een aceia\u015fi perioada, de peste 4 ori.<\/h4>\r\n<h4 style=\"text-align: justify;\">\u00cen economia modern\u0103, \u00een medie, sunt necesare trei unit\u0103\u0163i de capital pentru a crea o unitate de PIB.\u00a0 Aceasta \u00eenseamn\u0103 c\u0103, \u00een Rom\u00e2nia, \u00een 1989, PIB-ul de 100 miliarde de euro a fost creat de un capital cu o valoare de 300 miliarde de euro, aceasta fiind valoarea capitalului furat de statul rom\u00e2n de la cet\u0103\u0163eni s\u0103i prin Legea nr. 15\/1990. La aceasta se adaug\u0103 cele 1.200 miliarde profituri. \u00cen total, <strong>1.500 miliarde de euro<\/strong> (300 miliarde de euro capital ini\u0163ial, plus 1.200 miliarde de euro profituri). Aceasta este valoarea de care au fost deposeda\u0163i cet\u0103\u0163eni rom\u00e2niei \u00een ultimii 20 de ani.<\/h4>\r\n<h4 style=\"text-align: justify;\">Dac\u0103 \u00een 1990, \u00een loc de Legea nr. 15\/1990, s-ar fi adoptat \u015fi aplicat \u201eLegea Cojocaru\u201d (versiunea 1990), adic\u0103 dac\u0103 integral capitalul acumulat p\u00e2n\u0103 \u00een 1989 ar fi fost trecut \u00een proprietatea privat\u0103 a tuturor rom\u00e2nilor, atunci PIB-ul realizat de Rom\u00e2nia, ar fi crescut, normal, cu un ritm de 7 \u2013 8% pe an, sau chiar mai mult (vezi China \u015fi Irlanda, care au \u00eenregistrat ritmuri de cre\u015ftere de peste 10% pe an), astfel \u00eenc\u00e2t, acum, \u00een anul 2010, el nu ar fi fost egal cu 120 miliarde de euro, ci cu 400 de miliarde de euro<strong>.<\/strong> Asta \u00eenseamna c\u0103, acum, \u00een anul 2010, salariile romanilor ar fi fost de 4 ori mai mari, la fel \u015fi pensiile, la fel \u015fi veniturile bugetului. Nu ar mai fi trebuit s\u0103 ne \u00eemprumut\u0103m la FMI ca s\u0103 avem cu ce pl\u0103ti salariile \u015fi pensiile bugetarilor! Pe \u00eentreaga perioad\u0103, 1990 \u2013 2010, am fi produs \u00een plus peste 2.500 miliarde de euro.<\/h4>\r\n<h4 style=\"text-align: justify;\">Invit cititorii s\u0103 calculeze ei \u00eensu\u015fi ce s-ar fi putut face \u00een Rom\u00e2nia cu acele 2.500 miliarde de euro, plus cele 1.200 miliarde de euro profituri, care nu au mai ajuns la cet\u0103\u0163enii Rom\u00e2niei, ele fiind transformate \u00een vile de lux, jeep-uri de lux etc., sau transferate \u00een str\u0103in\u0103tate.<\/h4>\r\n<h4 style=\"text-align: justify;\">Datorit\u0103 faptului c\u0103 o bun\u0103 parte a capitalului rom\u00e2nesc (uzine, fabrici, b\u0103nci) au fost v\u00e2ndute, pe nimic, str\u0103inilor, o important\u0103 parte din profiturile realizate \u00een Rom\u00e2nia \u00een ultimii ani, au intrat, \u015fi continu\u0103 s\u0103 intre, \u00een buzunarele \u015fi conturile str\u0103inilor. Tot datorit\u0103 \u00eenstr\u0103in\u0103rii capitalului, au crescut continuu deficitele balan\u0163ei comerciale externe, care au generat cre\u015fterea galopant\u0103 a datoriei externe, aceasta apropiindu-se de halucinanta cifr\u0103 de 100 miliarde de euro.\u00a0 Urmarea este c\u0103 o parte din ce \u00een ce mai mare din PIB ia drumul str\u0103in\u0103t\u0103\u0163ii, sub forma serviciului datoriei externe (rate + dob\u00e2nzi) \u015fi a dividendelor. Din cele 120 miliarde de euro, pe care le producem, anual, o treime, adica 40 miliarde de euro, pleac\u0103 \u00een afara \u0163\u0103rii .\u00a0 Dac\u0103 nu oprim acest t\u0103v\u0103lug, \u00een cur\u00e2nd, tot PIB-ul se va duce \u00een afara \u0163\u0103rii, vom munci ca s\u0103 murim de foame.&#8221;<\/h4>\r\n<h4 style=\"text-align: justify;\">Informatii preluate de la <a href=\"http:\/\/www.variantacojocaru.ro\">http:\/\/www.variantacojocaru.ro<\/a>.<\/h4>        <div class=\"booster-block booster-reactions-block\">\n            <div class=\"twp-reactions-icons\">\n                \n                <div class=\"twp-reacts-wrap\">\n                    <a react-data=\"be-react-1\" post-id=\"4256\" class=\"be-face-icons un-reacted\" href=\"javascript:void(0)\">\n                        <img decoding=\"async\" src=\"https:\/\/desteptati-va.ro\/wp-content\/plugins\/booster-extension\/\/assets\/icon\/happy.svg\" alt=\"Happy\">\n                    <\/a>\n                    <div class=\"twp-reaction-title\">\n                        Happy                    <\/div>\n                    <div class=\"twp-count-percent\">\n                                                    <span style=\"display: none;\" class=\"twp-react-count\">0<\/span>\n                        \n                                                <span class=\"twp-react-percent\"><span>0<\/span> %<\/span>\n                                            <\/div>\n                <\/div>\n\n                <div class=\"twp-reacts-wrap\">\n                    <a react-data=\"be-react-2\" post-id=\"4256\" class=\"be-face-icons un-reacted\" href=\"javascript:void(0)\">\n                        <img decoding=\"async\" src=\"https:\/\/desteptati-va.ro\/wp-content\/plugins\/booster-extension\/\/assets\/icon\/sad.svg\" alt=\"Sad\">\n                    <\/a>\n                    <div class=\"twp-reaction-title\">\n                        Sad                    <\/div>\n                    <div class=\"twp-count-percent\">\n                                                    <span style=\"display: none;\" class=\"twp-react-count\">0<\/span>\n                                                                        <span class=\"twp-react-percent\"><span>0<\/span> %<\/span>\n                                            <\/div>\n                <\/div>\n\n                <div class=\"twp-reacts-wrap\">\n                    <a react-data=\"be-react-3\" post-id=\"4256\" class=\"be-face-icons un-reacted\" href=\"javascript:void(0)\">\n                        <img decoding=\"async\" src=\"https:\/\/desteptati-va.ro\/wp-content\/plugins\/booster-extension\/\/assets\/icon\/excited.svg\" alt=\"Excited\">\n                    <\/a>\n                    <div class=\"twp-reaction-title\">\n                        Excited                    <\/div>\n                    <div class=\"twp-count-percent\">\n                                                    <span style=\"display: none;\" class=\"twp-react-count\">0<\/span>\n                                                                        <span class=\"twp-react-percent\"><span>0<\/span> %<\/span>\n                                            <\/div>\n                <\/div>\n\n                <div class=\"twp-reacts-wrap\">\n                    <a react-data=\"be-react-6\" post-id=\"4256\" class=\"be-face-icons un-reacted\" href=\"javascript:void(0)\">\n                        <img decoding=\"async\" src=\"https:\/\/desteptati-va.ro\/wp-content\/plugins\/booster-extension\/\/assets\/icon\/sleepy.svg\" alt=\"Sleepy\">\n                    <\/a>\n                    <div class=\"twp-reaction-title\">\n                        Sleepy                    <\/div>\n                    <div class=\"twp-count-percent\">\n                                                    <span style=\"display: none;\" class=\"twp-react-count\">0<\/span>\n                        \n                                                <span class=\"twp-react-percent\"><span>0<\/span> %<\/span>\n                                            <\/div>\n                <\/div>\n\n                <div class=\"twp-reacts-wrap\">\n                    <a react-data=\"be-react-4\" post-id=\"4256\" class=\"be-face-icons un-reacted\" href=\"javascript:void(0)\">\n                        <img decoding=\"async\" src=\"https:\/\/desteptati-va.ro\/wp-content\/plugins\/booster-extension\/\/assets\/icon\/angry.svg\" alt=\"Angry\">\n                    <\/a>\n                    <div class=\"twp-reaction-title\">Angry<\/div>\n                    <div class=\"twp-count-percent\">\n                                                    <span style=\"display: none;\" class=\"twp-react-count\">0<\/span>\n                                                                        <span class=\"twp-react-percent\"><span>0<\/span> %<\/span>\n                        \n                    <\/div>\n                <\/div>\n\n                <div class=\"twp-reacts-wrap\">\n                    <a react-data=\"be-react-5\" post-id=\"4256\" class=\"be-face-icons un-reacted\" href=\"javascript:void(0)\">\n                        <img decoding=\"async\" src=\"https:\/\/desteptati-va.ro\/wp-content\/plugins\/booster-extension\/\/assets\/icon\/surprise.svg\" alt=\"Surprise\">\n                    <\/a>\n                    <div class=\"twp-reaction-title\">Surprise<\/div>\n                    <div class=\"twp-count-percent\">\n                                                    <span style=\"display: none;\" class=\"twp-react-count\">0<\/span>\n                                                                        <span class=\"twp-react-percent\"><span>0<\/span> %<\/span>\n                                            <\/div>\n                <\/div>\n\n            <\/div>\n        <\/div>\n\n    <\/div>","protected":false},"excerpt":{"rendered":"<p>&#8222;\u00cen timpul regimului comunist, \u00een perioada 1948-1989, cet\u0103\u0163enilor Rom\u00e2niei le-a fost interzis dreptul de a avea capital \u00een proprietate privat\u0103.<a href=\"https:\/\/desteptati-va.ro\/index.php\/2021\/04\/20\/privatizarea-romaniei\/\">Read More<i class=\"fa fa-long-arrow-right\" aria-hidden=\"true\"><\/i><\/a><\/p>\n","protected":false},"author":1,"featured_media":4258,"comment_status":"open","ping_status":"open","sticky":false,"template":"","format":"standard","meta":{"_crdt_document":"","footnotes":""},"categories":[25],"tags":[1662,1282,1663,1664,1665,1666,911,1291,1667,1292,59,60,504,1323,247,1295,1668,1298,1669,72,1636,1642,1670,1671,1672,1673,161,1674,1675,1676,1677,1678,1679,1680,179,1681,709,1682,1683],"class_list":["post-4256","post","type-post","status-publish","format-standard","has-post-thumbnail","hentry","category-politica-de-gasca","tag-bunuri","tag-capital","tag-cetatean","tag-clasa","tag-clasa-sociala","tag-competitiv","tag-comunism","tag-constitutie","tag-consum","tag-democratic","tag-desteptati","tag-desteptati-va","tag-drepturi","tag-economie","tag-furt","tag-inflatie","tag-jefuire","tag-pensii","tag-pib","tag-politica","tag-popor-roman","tag-privatizare","tag-productiv","tag-proprietate","tag-proprietate-comuna","tag-proprietate-privata","tag-putere","tag-rata-inflatiei","tag-reducere-pensii","tag-reducere-salarii","tag-reduceri","tag-regii-autonome","tag-regim-comunist","tag-reorganizare","tag-romania","tag-societati-comerciale","tag-stat","tag-stat-de-drept","tag-varianta-cojocaru"],"rise-blocks_total_comments":1,"rise-blocks_categories":[{"term_id":25,"name":"Hotie si ticalosie","slug":"politica-de-gasca","term_group":0,"term_taxonomy_id":25,"taxonomy":"category","description":"","parent":20,"count":6,"filter":"raw"}],"rise-blocks_excerpt":"&#8222;\u00cen timpul regimului comunist, \u00een perioada 1948-1989, cet\u0103\u0163enilor Rom\u00e2niei le-a fost interzis dreptul de a avea capital \u00een proprietate privat\u0103. Cet\u0103\u0163eanul a avut dreptul s\u0103 aib\u0103 \u00een proprietate privat\u0103 numai unele bunuri de consum \u2013 cas\u0103, autoturism, mobilier, etc. \u2013 nu si bunuri de produc\u0163ie (capital). Statul comunist a preluat o parte \u2013 circa o treime \u2013 din veniturile create..","yoast_head":"<!-- This site is optimized with the Yoast SEO plugin v26.9 - https:\/\/yoast.com\/product\/yoast-seo-wordpress\/ -->\r\n<title>Privatizarea Rom\u00e2niei -<\/title>\r\n<meta name=\"robots\" content=\"index, follow, max-snippet:-1, max-image-preview:large, max-video-preview:-1\" \/>\r\n<link rel=\"canonical\" href=\"https:\/\/desteptati-va.ro\/index.php\/2021\/04\/20\/privatizarea-romaniei\/\" \/>\r\n<meta property=\"og:locale\" content=\"ro_RO\" \/>\r\n<meta property=\"og:type\" content=\"article\" \/>\r\n<meta property=\"og:title\" content=\"Privatizarea Rom\u00e2niei -\" \/>\r\n<meta property=\"og:description\" content=\"&#8222;\u00cen timpul regimului comunist, \u00een perioada 1948-1989, cet\u0103\u0163enilor Rom\u00e2niei le-a fost interzis dreptul de a avea capital \u00een proprietate privat\u0103.Read More\" \/>\r\n<meta property=\"og:url\" content=\"https:\/\/desteptati-va.ro\/index.php\/2021\/04\/20\/privatizarea-romaniei\/\" \/>\r\n<meta property=\"article:published_time\" content=\"2021-04-20T07:40:59+00:00\" \/>\r\n<meta property=\"og:image\" content=\"https:\/\/desteptati-va.ro\/wp-content\/uploads\/2021\/04\/Economie-1.jpg\" \/>\r\n\t<meta property=\"og:image:width\" content=\"340\" \/>\r\n\t<meta property=\"og:image:height\" content=\"201\" \/>\r\n\t<meta property=\"og:image:type\" content=\"image\/jpeg\" \/>\r\n<meta name=\"author\" content=\"wolfsoftcompany\" \/>\r\n<meta name=\"twitter:card\" content=\"summary_large_image\" \/>\r\n<meta name=\"twitter:label1\" content=\"Scris de\" \/>\n\t<meta name=\"twitter:data1\" content=\"wolfsoftcompany\" \/>\n\t<meta name=\"twitter:label2\" content=\"Timp estimat pentru citire\" \/>\n\t<meta name=\"twitter:data2\" content=\"12 minute\" \/>\r\n<script type=\"application\/ld+json\" class=\"yoast-schema-graph\">{\"@context\":\"https:\/\/schema.org\",\"@graph\":[{\"@type\":\"Article\",\"@id\":\"https:\/\/desteptati-va.ro\/index.php\/2021\/04\/20\/privatizarea-romaniei\/#article\",\"isPartOf\":{\"@id\":\"https:\/\/desteptati-va.ro\/index.php\/2021\/04\/20\/privatizarea-romaniei\/\"},\"author\":{\"name\":\"wolfsoftcompany\",\"@id\":\"https:\/\/desteptati-va.ro\/#\/schema\/person\/13182deeebd44920914899f7bb262d6b\"},\"headline\":\"Privatizarea Rom\u00e2niei\",\"datePublished\":\"2021-04-20T07:40:59+00:00\",\"mainEntityOfPage\":{\"@id\":\"https:\/\/desteptati-va.ro\/index.php\/2021\/04\/20\/privatizarea-romaniei\/\"},\"wordCount\":2318,\"commentCount\":0,\"image\":{\"@id\":\"https:\/\/desteptati-va.ro\/index.php\/2021\/04\/20\/privatizarea-romaniei\/#primaryimage\"},\"thumbnailUrl\":\"https:\/\/desteptati-va.ro\/wp-content\/uploads\/2021\/04\/Economie-1.jpg\",\"keywords\":[\"bunuri\",\"capital\",\"cetatean\",\"clasa\",\"clasa sociala\",\"competitiv\",\"comunism\",\"constitutie\",\"consum\",\"democratic\",\"desteptati\",\"desteptati-va\",\"drepturi\",\"economie\",\"furt\",\"inflatie\",\"jefuire\",\"pensii\",\"PIB\",\"politica\",\"popor roman\",\"privatizare\",\"productiv\",\"proprietate\",\"proprietate comuna\",\"proprietate privata\",\"putere\",\"rata inflatiei\",\"reducere pensii\",\"reducere salarii\",\"reduceri\",\"regii autonome\",\"regim comunist\",\"reorganizare\",\"Romania\",\"societati comerciale\",\"stat\",\"stat de drept\",\"varianta cojocaru\"],\"articleSection\":[\"Hotie si ticalosie\"],\"inLanguage\":\"ro-RO\",\"potentialAction\":[{\"@type\":\"CommentAction\",\"name\":\"Comment\",\"target\":[\"https:\/\/desteptati-va.ro\/index.php\/2021\/04\/20\/privatizarea-romaniei\/#respond\"]}]},{\"@type\":\"WebPage\",\"@id\":\"https:\/\/desteptati-va.ro\/index.php\/2021\/04\/20\/privatizarea-romaniei\/\",\"url\":\"https:\/\/desteptati-va.ro\/index.php\/2021\/04\/20\/privatizarea-romaniei\/\",\"name\":\"Privatizarea Rom\u00e2niei -\",\"isPartOf\":{\"@id\":\"https:\/\/desteptati-va.ro\/#website\"},\"primaryImageOfPage\":{\"@id\":\"https:\/\/desteptati-va.ro\/index.php\/2021\/04\/20\/privatizarea-romaniei\/#primaryimage\"},\"image\":{\"@id\":\"https:\/\/desteptati-va.ro\/index.php\/2021\/04\/20\/privatizarea-romaniei\/#primaryimage\"},\"thumbnailUrl\":\"https:\/\/desteptati-va.ro\/wp-content\/uploads\/2021\/04\/Economie-1.jpg\",\"datePublished\":\"2021-04-20T07:40:59+00:00\",\"author\":{\"@id\":\"https:\/\/desteptati-va.ro\/#\/schema\/person\/13182deeebd44920914899f7bb262d6b\"},\"breadcrumb\":{\"@id\":\"https:\/\/desteptati-va.ro\/index.php\/2021\/04\/20\/privatizarea-romaniei\/#breadcrumb\"},\"inLanguage\":\"ro-RO\",\"potentialAction\":[{\"@type\":\"ReadAction\",\"target\":[\"https:\/\/desteptati-va.ro\/index.php\/2021\/04\/20\/privatizarea-romaniei\/\"]}]},{\"@type\":\"ImageObject\",\"inLanguage\":\"ro-RO\",\"@id\":\"https:\/\/desteptati-va.ro\/index.php\/2021\/04\/20\/privatizarea-romaniei\/#primaryimage\",\"url\":\"https:\/\/desteptati-va.ro\/wp-content\/uploads\/2021\/04\/Economie-1.jpg\",\"contentUrl\":\"https:\/\/desteptati-va.ro\/wp-content\/uploads\/2021\/04\/Economie-1.jpg\",\"width\":340,\"height\":201},{\"@type\":\"BreadcrumbList\",\"@id\":\"https:\/\/desteptati-va.ro\/index.php\/2021\/04\/20\/privatizarea-romaniei\/#breadcrumb\",\"itemListElement\":[{\"@type\":\"ListItem\",\"position\":1,\"name\":\"Prima pagin\u0103\",\"item\":\"https:\/\/desteptati-va.ro\/\"},{\"@type\":\"ListItem\",\"position\":2,\"name\":\"Privatizarea Rom\u00e2niei\"}]},{\"@type\":\"WebSite\",\"@id\":\"https:\/\/desteptati-va.ro\/#website\",\"url\":\"https:\/\/desteptati-va.ro\/\",\"name\":\"\",\"description\":\"\",\"potentialAction\":[{\"@type\":\"SearchAction\",\"target\":{\"@type\":\"EntryPoint\",\"urlTemplate\":\"https:\/\/desteptati-va.ro\/?s={search_term_string}\"},\"query-input\":{\"@type\":\"PropertyValueSpecification\",\"valueRequired\":true,\"valueName\":\"search_term_string\"}}],\"inLanguage\":\"ro-RO\"},{\"@type\":\"Person\",\"@id\":\"https:\/\/desteptati-va.ro\/#\/schema\/person\/13182deeebd44920914899f7bb262d6b\",\"name\":\"wolfsoftcompany\",\"image\":{\"@type\":\"ImageObject\",\"inLanguage\":\"ro-RO\",\"@id\":\"https:\/\/desteptati-va.ro\/#\/schema\/person\/image\/\",\"url\":\"https:\/\/secure.gravatar.com\/avatar\/a6cce9b6d101d27d91690e7073e300fed94c0899890bf998e082cb9d2c3d121e?s=96&d=mm&r=g\",\"contentUrl\":\"https:\/\/secure.gravatar.com\/avatar\/a6cce9b6d101d27d91690e7073e300fed94c0899890bf998e082cb9d2c3d121e?s=96&d=mm&r=g\",\"caption\":\"wolfsoftcompany\"},\"sameAs\":[\"http:\/\/desteptati-va.ro\"],\"url\":\"https:\/\/desteptati-va.ro\/index.php\/author\/wolfsoftcompany\/\"}]}<\/script>\r\n<!-- \/ Yoast SEO plugin. -->","yoast_head_json":{"title":"Privatizarea Rom\u00e2niei -","robots":{"index":"index","follow":"follow","max-snippet":"max-snippet:-1","max-image-preview":"max-image-preview:large","max-video-preview":"max-video-preview:-1"},"canonical":"https:\/\/desteptati-va.ro\/index.php\/2021\/04\/20\/privatizarea-romaniei\/","og_locale":"ro_RO","og_type":"article","og_title":"Privatizarea Rom\u00e2niei -","og_description":"&#8222;\u00cen timpul regimului comunist, \u00een perioada 1948-1989, cet\u0103\u0163enilor Rom\u00e2niei le-a fost interzis dreptul de a avea capital \u00een proprietate privat\u0103.Read More","og_url":"https:\/\/desteptati-va.ro\/index.php\/2021\/04\/20\/privatizarea-romaniei\/","article_published_time":"2021-04-20T07:40:59+00:00","og_image":[{"width":340,"height":201,"url":"https:\/\/desteptati-va.ro\/wp-content\/uploads\/2021\/04\/Economie-1.jpg","type":"image\/jpeg"}],"author":"wolfsoftcompany","twitter_card":"summary_large_image","twitter_misc":{"Scris de":"wolfsoftcompany","Timp estimat pentru citire":"12 minute"},"schema":{"@context":"https:\/\/schema.org","@graph":[{"@type":"Article","@id":"https:\/\/desteptati-va.ro\/index.php\/2021\/04\/20\/privatizarea-romaniei\/#article","isPartOf":{"@id":"https:\/\/desteptati-va.ro\/index.php\/2021\/04\/20\/privatizarea-romaniei\/"},"author":{"name":"wolfsoftcompany","@id":"https:\/\/desteptati-va.ro\/#\/schema\/person\/13182deeebd44920914899f7bb262d6b"},"headline":"Privatizarea Rom\u00e2niei","datePublished":"2021-04-20T07:40:59+00:00","mainEntityOfPage":{"@id":"https:\/\/desteptati-va.ro\/index.php\/2021\/04\/20\/privatizarea-romaniei\/"},"wordCount":2318,"commentCount":0,"image":{"@id":"https:\/\/desteptati-va.ro\/index.php\/2021\/04\/20\/privatizarea-romaniei\/#primaryimage"},"thumbnailUrl":"https:\/\/desteptati-va.ro\/wp-content\/uploads\/2021\/04\/Economie-1.jpg","keywords":["bunuri","capital","cetatean","clasa","clasa sociala","competitiv","comunism","constitutie","consum","democratic","desteptati","desteptati-va","drepturi","economie","furt","inflatie","jefuire","pensii","PIB","politica","popor roman","privatizare","productiv","proprietate","proprietate comuna","proprietate privata","putere","rata inflatiei","reducere pensii","reducere salarii","reduceri","regii autonome","regim comunist","reorganizare","Romania","societati comerciale","stat","stat de drept","varianta cojocaru"],"articleSection":["Hotie si ticalosie"],"inLanguage":"ro-RO","potentialAction":[{"@type":"CommentAction","name":"Comment","target":["https:\/\/desteptati-va.ro\/index.php\/2021\/04\/20\/privatizarea-romaniei\/#respond"]}]},{"@type":"WebPage","@id":"https:\/\/desteptati-va.ro\/index.php\/2021\/04\/20\/privatizarea-romaniei\/","url":"https:\/\/desteptati-va.ro\/index.php\/2021\/04\/20\/privatizarea-romaniei\/","name":"Privatizarea Rom\u00e2niei -","isPartOf":{"@id":"https:\/\/desteptati-va.ro\/#website"},"primaryImageOfPage":{"@id":"https:\/\/desteptati-va.ro\/index.php\/2021\/04\/20\/privatizarea-romaniei\/#primaryimage"},"image":{"@id":"https:\/\/desteptati-va.ro\/index.php\/2021\/04\/20\/privatizarea-romaniei\/#primaryimage"},"thumbnailUrl":"https:\/\/desteptati-va.ro\/wp-content\/uploads\/2021\/04\/Economie-1.jpg","datePublished":"2021-04-20T07:40:59+00:00","author":{"@id":"https:\/\/desteptati-va.ro\/#\/schema\/person\/13182deeebd44920914899f7bb262d6b"},"breadcrumb":{"@id":"https:\/\/desteptati-va.ro\/index.php\/2021\/04\/20\/privatizarea-romaniei\/#breadcrumb"},"inLanguage":"ro-RO","potentialAction":[{"@type":"ReadAction","target":["https:\/\/desteptati-va.ro\/index.php\/2021\/04\/20\/privatizarea-romaniei\/"]}]},{"@type":"ImageObject","inLanguage":"ro-RO","@id":"https:\/\/desteptati-va.ro\/index.php\/2021\/04\/20\/privatizarea-romaniei\/#primaryimage","url":"https:\/\/desteptati-va.ro\/wp-content\/uploads\/2021\/04\/Economie-1.jpg","contentUrl":"https:\/\/desteptati-va.ro\/wp-content\/uploads\/2021\/04\/Economie-1.jpg","width":340,"height":201},{"@type":"BreadcrumbList","@id":"https:\/\/desteptati-va.ro\/index.php\/2021\/04\/20\/privatizarea-romaniei\/#breadcrumb","itemListElement":[{"@type":"ListItem","position":1,"name":"Prima pagin\u0103","item":"https:\/\/desteptati-va.ro\/"},{"@type":"ListItem","position":2,"name":"Privatizarea Rom\u00e2niei"}]},{"@type":"WebSite","@id":"https:\/\/desteptati-va.ro\/#website","url":"https:\/\/desteptati-va.ro\/","name":"","description":"","potentialAction":[{"@type":"SearchAction","target":{"@type":"EntryPoint","urlTemplate":"https:\/\/desteptati-va.ro\/?s={search_term_string}"},"query-input":{"@type":"PropertyValueSpecification","valueRequired":true,"valueName":"search_term_string"}}],"inLanguage":"ro-RO"},{"@type":"Person","@id":"https:\/\/desteptati-va.ro\/#\/schema\/person\/13182deeebd44920914899f7bb262d6b","name":"wolfsoftcompany","image":{"@type":"ImageObject","inLanguage":"ro-RO","@id":"https:\/\/desteptati-va.ro\/#\/schema\/person\/image\/","url":"https:\/\/secure.gravatar.com\/avatar\/a6cce9b6d101d27d91690e7073e300fed94c0899890bf998e082cb9d2c3d121e?s=96&d=mm&r=g","contentUrl":"https:\/\/secure.gravatar.com\/avatar\/a6cce9b6d101d27d91690e7073e300fed94c0899890bf998e082cb9d2c3d121e?s=96&d=mm&r=g","caption":"wolfsoftcompany"},"sameAs":["http:\/\/desteptati-va.ro"],"url":"https:\/\/desteptati-va.ro\/index.php\/author\/wolfsoftcompany\/"}]}},"_links":{"self":[{"href":"https:\/\/desteptati-va.ro\/index.php\/wp-json\/wp\/v2\/posts\/4256","targetHints":{"allow":["GET"]}}],"collection":[{"href":"https:\/\/desteptati-va.ro\/index.php\/wp-json\/wp\/v2\/posts"}],"about":[{"href":"https:\/\/desteptati-va.ro\/index.php\/wp-json\/wp\/v2\/types\/post"}],"author":[{"embeddable":true,"href":"https:\/\/desteptati-va.ro\/index.php\/wp-json\/wp\/v2\/users\/1"}],"replies":[{"embeddable":true,"href":"https:\/\/desteptati-va.ro\/index.php\/wp-json\/wp\/v2\/comments?post=4256"}],"version-history":[{"count":1,"href":"https:\/\/desteptati-va.ro\/index.php\/wp-json\/wp\/v2\/posts\/4256\/revisions"}],"predecessor-version":[{"id":4259,"href":"https:\/\/desteptati-va.ro\/index.php\/wp-json\/wp\/v2\/posts\/4256\/revisions\/4259"}],"wp:featuredmedia":[{"embeddable":true,"href":"https:\/\/desteptati-va.ro\/index.php\/wp-json\/wp\/v2\/media\/4258"}],"wp:attachment":[{"href":"https:\/\/desteptati-va.ro\/index.php\/wp-json\/wp\/v2\/media?parent=4256"}],"wp:term":[{"taxonomy":"category","embeddable":true,"href":"https:\/\/desteptati-va.ro\/index.php\/wp-json\/wp\/v2\/categories?post=4256"},{"taxonomy":"post_tag","embeddable":true,"href":"https:\/\/desteptati-va.ro\/index.php\/wp-json\/wp\/v2\/tags?post=4256"}],"curies":[{"name":"wp","href":"https:\/\/api.w.org\/{rel}","templated":true}]}}