{"id":4273,"date":"2021-04-20T07:56:10","date_gmt":"2021-04-20T07:56:10","guid":{"rendered":"http:\/\/desteptati.ro\/?p=4273"},"modified":"2022-01-13T22:29:29","modified_gmt":"2022-01-13T20:29:29","slug":"iredentismul-romania-si-cominternul-o-pagina-de-istorie-ce-trebuie-stiuta","status":"publish","type":"post","link":"https:\/\/desteptati-va.ro\/index.php\/2021\/04\/20\/iredentismul-romania-si-cominternul-o-pagina-de-istorie-ce-trebuie-stiuta\/","title":{"rendered":"Iredentismul, Rom\u00e2nia \u015fi Cominternul, o pagin\u0103 de istorie ce trebuie \u015ftiut\u0103"},"content":{"rendered":"<div class=\"post-content\"><div class='booster-block booster-read-block'>\n                <div class=\"twp-read-time\">\n                \t<i class=\"booster-icon twp-clock\"><\/i> <span>Read Time:<\/span>14 Minute, 35 Second                <\/div>\n\n            <\/div><h3><strong>Romania, grija celor mari<\/strong><\/h3>\n<h4 style=\"text-align: justify;\">\u201ePuterile imperiale , direct implicate \u00een regiune \u2013 Imperiul Rus, Monarhia Austro-Ungar\u0103 sau Imperiul Otoman \u2013 nu puteau privi favorabil unificarea \u015fi independen\u0163a Principatelor Rom\u00e2ne(\u2026) In special Rusia \u0163arist\u0103 \u015fi partea ungar\u0103 a dualei monarhii se temeau c\u0103 unirea principatelor ar reprezenta o irezistibil\u0103 atrac\u0163ie pentru majorit\u0103\u0163ile etnice rom\u00e2ne\u015fti din Basarabia \u015fi Transilvania(\u2026)Astfel de temeri erau bine motivate, dat fiind \u015fovinismul extreme al conduc\u0103torilor ru\u015fi \u015fi maghiari \u00eempotriva locuitorilor rom\u00e2ni, care fuseser\u0103 priva\u0163i de drepturi, \u00een secolele 19 \u015fi 20. At\u00e2t St.Petersburgul, c\u00e2t \u015fi Budapesta se temeau c\u0103 un stat rom\u00e2nesc consolidat va constitui un punct de reper pentru mi\u015fc\u0103rile na\u0163ionale ale popoarelor din Europa de Sud-Est\u201d.<\/h4>\n<h4 style=\"text-align: justify;\">Istoricul american Larry Watts demonstreaz\u0103 c\u0103 str\u00e2nsa leg\u0103tur\u0103 ruso-maghiar\u0103 a c\u0103utat s\u0103 submineze mai bine de un secol consolidarea statului \u015fi credibilitatea Rom\u00e2niei, ca poten\u0163ial partener pentru puterile externe.<\/h4>\n<h4 style=\"text-align: justify;\"><\/h4>\n<h3 style=\"text-align: justify;\"><strong>Influen\u0163a asupra politicii Cominternului<\/strong><\/h3>\n<h4 style=\"text-align: justify;\">De la \u00eenfiin\u0163area sa, la \u00eenceputul lui martie 1919 \u015fi p\u00e2n\u0103 la dizolvarea sa oficial\u0103, \u00een 1943, Cominternul a fost centrul mi\u015fc\u0103rii comuniste mondiale \u015fi forul \u00een care erau rezolvate conflictele de partid. Dintre toate partidele din statele care urmau s\u0103 fac\u0103 parte din Blocul Sovietic, Rom\u00e2nia era cel mai slab situat\u0103 \u00een definirea unei perspective cu caracter na\u0163ional \u015fi, cu at\u00e2t mai pu\u0163in, \u00een ap\u0103rarea unui asemenea caracter. \u00cen perioada primilor ani ai existen\u0163ei Cominternului, Rom\u00e2nia a fost singura care nici m\u0103car nu era reprezentat\u0103 la Congres, cu at\u00e2t mai pu\u0163in \u00een forurile de decizie \u015fi \u00een aparatul administrativ. Chiar \u015fi dup\u0103 afilierea rom\u00e2nilor la Comintern, \u00een 1921, ei au r\u0103mas o prezen\u0163\u0103 insignifiant\u0103 \u00een compara\u0163ie cu to\u0163i ceilal\u0163i viitori \u201eparteneri apropia\u0163i\u201d din Tratatul de la Var\u015fovia. Absen\u0163a rom\u00e2neasc\u0103 era \u00een contrast flagrant cu prezen\u0163a \u015fi influen\u0163a ungurilor \u00een Comintern. Ei au avut una dintre cele mai largi reprezent\u0103ri din Europa de Est, format\u0103 at\u00e2t din fo\u015fti prizonieri de r\u0103zboi recruta\u0163i de Armata Ro\u015fie \u2013 un num\u0103r de 100.000 adic\u0103 33% dintre voluntarii prizonieri de r\u0103zboi din R\u0103zboiul Civil Rus \u2013 \u015fi refugia\u0163i, fo\u015fti membri ai guvernului Kun. Astfel, un num\u0103r extraordinar de \u201evechi bol\u015fevici\u201d maghiari cu cet\u0103\u0163enie sovietic\u0103 \u2013 zeci de mii \u2013 au devenit elemente de baz\u0103 ale aparatului Cominternului \u015fi ale altor organe sovietice. Infiltrate larg \u015fi ad\u00e2nc \u00een structurile de putere sovietice, datorit\u0103 rolului avut \u00een stadiile ini\u0163iale ale revolu\u0163iei \u015fi r\u0103zboiului civil, rolul \u015fi dimensiunea lor le-au oferit o influen\u0163\u0103 enorm\u0103 asupra politicii sovietice \u015fi a Cominternului.<\/h4>\n<h4 style=\"text-align: justify;\">\u00centr-unul din momentele cele mai proaste, ungurii ocupau 300 de pozi\u0163ii \u00een aparatul Comintern \u015fi erau prezen\u0163i la cele mai \u00eenalte niveluri de decizie, de la management \u015fi p\u00e2n\u0103 la t\u00e2mplari \u015fi instalatori la Hotelul moscovit Lux, care \u00eei g\u0103zduia pe membrii din str\u0103in\u0103tate ai Cominternului. Prezen\u0163a lui Kun, Endre Rudiansky \u015fi Matyas Rakosi \u00een conducerea Comintern arat\u0103 onoarea cu care erau trata\u0163i la Moscova. Jen\u00f6 Varga a condus timp de peste dou\u0103 decenii Institutul de Economie Mondial\u0103 \u015fi Rela\u0163ii Interna\u0163ionale (IMEMO) \u2013 un centru de informa\u0163ii \u015fi think-tank. Jen\u00f6 Landler, succesorul lui Bohm la comanda Armatei Ro\u015fii Ungare, \u00een iulie 1919, a fost unul dintre cei \u015fapte str\u0103ini \u00eengropat la Zidul Kremlinului (\u015fi singurul ne-occidental).???<\/h4>\n<h4 style=\"text-align: justify;\">Ungurii au avut una dintre cele mai ridicate rate de supravie\u0163uire din perioada purific\u0103rilor din anii 30, care au eradicat practic etnicii polonezi, rom\u00e2ni \u015fi germani din Comintern. Stalin i-a tratat, \u00een perioada Ezhovschina, mai degrab\u0103 ca pe o na\u0163ionalitate sovietic\u0103, dec\u00e2t ca pe tr\u0103d\u0103tori \u201estr\u0103ini\u201d. Nikolai Ezhov \u00eensu\u015fi a subliniat \u00een diverse ocazii c\u0103 \u0163intele sale principale erau \u201epolonezii, rom\u00e2nii \u015fi germanii\u201d, \u00een timp ce Stalin stabilea c\u0103 statele europene implicate \u00een conspira\u0163ia \u201eZinovevist\u0103-Tro\u0163chist\u0103\u201d erau Germania, Polonia, Rom\u00e2nia, Finlanda \u015fi Statele Baltice \u2013 nu Ungaria (\u015fi respectiv Cehoslovacia sau Bulgaria). Stalin a intervenit chiar, atunci c\u00e2nd Iezhov l-a reprimat pe Directorul IMEMO, Varga, pentru \u201eatitudinea sa extrem de necooperant\u0103\u201d \u015fi l-a ap\u0103rat pe ungur.<\/h4>\n<h3 style=\"text-align: justify;\"><strong>Influen\u0163a din cadrul Serviciilor de informa\u0163ii sovietice. Cominternul in Romania<\/strong><\/h3>\n<h4 style=\"text-align: justify;\">Mai important, Cominternul constituia sediul unei re\u0163ele clandestine interna\u0163ionale de agen\u0163i, care operau \u00eempotriva guvernelor din statele lor de origine, \u00een serviciul \u201erevolu\u0163iei mondiale\u201d care, prin \u201ecentralizarea democratic\u0103\u201d, devenise sinonim\u0103 cu Moscova. Sarcinile principale ale Cominternului erau finan\u0163area acoperit\u0103, propaganda alb\u0103 \u015fi neagr\u0103 \u015fi spionajul direct, toate acestea \u00een scopul construirii unei re\u0163ele de partide comuniste necesare pentru dobor\u00e2rea \u201erevolu\u0163ionar\u0103\u201d a adversarilor. Operativii Cominternului nu au avut prea multe probleme \u00een realizarea transferului de la conspira\u0163ia politic\u0103 acoperit\u0103, la munca de informa\u0163ii oficial\u0103. Ei erau deja, \u00een principal, agen\u0163i de informa\u0163ii, care operau pentru o putere str\u0103in\u0103 \u015fi foloseau metodele \u00eenv\u0103\u0163ate la Moscova: nume false, documente false, legende, comunic\u0103ri criptate, c\u0103su\u0163e po\u015ftale oarbe, finan\u0163\u0103ri acoperite, construirea de re\u0163ele \u015fi contrafilajul.<\/h4>\n<h4 style=\"text-align: justify;\">Tentativele de a-i exonera pe Cominterni\u015fti de a fi fost agen\u0163i sovietici, f\u00e3c\u00e2nd deosebirea \u00eentre ace\u015ftia \u015fi ofi\u0163erii de informa\u0163ii sovietici, nu \u0163ine cont de aceast\u00e3 realitate fundamental\u00e3. De exemplu, viitorul conduc\u00e3tor maghiar Imre Nagy a fost cominternist \u015fi agent NKVD, cu toate c\u00e3 s-au f\u00e3cut \u00eencerc\u00e3ri de negare a ambelor afilieri. Eforturi similare au fost f\u00e3cute referitor la Valter Roman, Silviu Brucan \u015fi Leon Tism\u00e3neanu, ultimul fiind unul dintre primii doi cei mai bine pl\u00e3ti\u0163i agen\u0163i sovietici din 1945. To\u0163i cominterni\u015ftii trimi\u015fi peste hotare erau agen\u0163i sovietici. Nu existau grani\u0163e fixe \u00eentre munca de partid \u015fi cea de spionaj sau \u00eentre diversele servicii ale tinerei comunit\u00e3\u0163ii de informa\u0163ii sovietice, iar cominterni\u015ftii treceau constant de la o activitate sau organiza\u0163ie la alta.<\/h4>\n<h4 style=\"text-align: justify;\">Re\u0163elele de informa\u0163ii sovietice erau construite pe scheletul st\u00e2ngii radicale, stabilit mult \u00eenainte de fondarea Cominternului \u00een 1919. Cei 300.000 de prizonieri de r\u00e3zboi care au trecut la bol\u015fevici \u015fi s-au oferit voluntari \u00een perioada R\u00e3zboiului Civil au furnizat bazinul ini\u0163ial de recrut\u00e3ri pentru serviciile de informa\u0163ii \u015fi cele coercitive sovietice. Supra-reprezentarea ungurilor printre voluntarii prizonieri de r\u00e3zboi s-a oglindit \u015fi \u00een servicii. \u00cen Siberia, \u00een anii 1920-1930, ei erau at\u00e2t de prevalen\u0163i \u00een sistemul de securitate sovietic, \u00eenc\u00e2t termenul vengrii (cuv\u00e2ntul rusesc pentru ungur) era sinonim cu Cheka (CEKA).<\/h4>\n<h4 style=\"text-align: justify;\"><\/h4>\n<figure id=\"attachment_1592\" aria-describedby=\"caption-attachment-1592\" style=\"width: 208px\" class=\"wp-caption aligncenter\"><a href=\"http:\/\/www.desteptati-va.ro\/wp-content\/uploads\/2011\/04\/416px-Bela-kun-outlawsdiary00tormuoft.png\"><img loading=\"lazy\" decoding=\"async\" class=\"size-medium wp-image-1592\" title=\"Bela Kun\" src=\"http:\/\/www.desteptati-va.ro\/wp-content\/uploads\/2011\/04\/416px-Bela-kun-outlawsdiary00tormuoft-208x300.png\" alt=\"Bela Kun\" width=\"208\" height=\"300\"><\/a><figcaption id=\"caption-attachment-1592\" class=\"wp-caption-text\">Bela Kun<\/figcaption><\/figure>\n<h4 style=\"text-align: justify;\">Bela Kun, tot un agent al Cominternului, a fost probabil cel mai cunoscut, dar au existat de asemenea personaje proeminente \u00een organiza\u0163iile succesoare OGPU, GPU \u015fi NKVD. Karl V. Pauker, de exemplu, a fost \u015fef al Serviciului de Gard\u00e3 NKVD, responsabil cu paza personal\u00e3 a lui Stalin (p\u00e2n\u00e3 la epur\u00e3rile din 1930) \u015fi un intim al dictatorului. Teodor Maly \u2013 unul dintre \u201ecei mai mari ilegali\u015fti\u201d al c\u00e3rui portret a fost a\u015fezat mai apoi \u201epe pere\u0163ii din Camera memorial\u00e3 a KGB\u201d \u2013 i-a recrutat \u00eentre 1936-1937 pe membrii grupului de la Cambridge \u201eCei cinci magnifici\u201d (iar compatriotului s\u00e3u Laszlo Dobos \u2013 Louis Gibarti i se atribuie recrutarea ini\u0163ial\u00e3 a lui Philby, \u00een 1934).<\/h4>\n<h4 style=\"text-align: justify;\">RU a fost primul \u015fi probabil cel mai frecvent recrutor al \u201ecredincio\u015filor adev\u00e3ra\u0163i\u201d din Comintern. La \u00eenceputul lui 1918, la simpla solicitare a RU, Cominternul va hot\u00e3r\u00ee ca \u201eun mare num\u00e3r, uneori sute de comuni\u015fti, s\u00e3 devin\u00e3 agen\u0163i sovietici secre\u0163i.\u201d Eclipsa\u0163i poate de polonezii \u015fi nem\u0163ii din RU, ungurii tot s-au putut m\u00e2ndri cu agen\u0163i precum Bela Vago, \u015feful opera\u0163iunii \u201ecoresponden\u0163ii muncitori\u201d (RABCOR) din Germania, Arthur Koestler \u015fi Sandor (Alexander) Rado de la Red Orchestra. Rado, cu toate c\u00e3 avea numai 19 ani c\u00e2nd a intrat \u00een Armata Ro\u015fie a lui Kun, era considerat un membru al \u201evechii g\u00e3rzi\u201d din Moscova, transferat \u201e\u00een cele mai \u00eenalte cercuri ale Interna\u0163ionalei Comuniste\u201d \u015fi care se bucura de protec\u0163ia \u201epre\u015fedintelui Comintern, Zinoviev\u201d. \u00cen 1919, Rado a organizat prima agen\u0163ie sovietic\u00e3 de pres\u00e3 (ROSTA) \u00een Haparanda, Suedia, combin\u00e2nd jurnalismul cu munca de informa\u0163ii, ceea ce va deveni \u201eo a doua natur\u00e3 a Rado\u201d \u015fi o specialitate a spionajului maghiar.<\/h4>\n<h4 style=\"text-align: justify;\">Fostul comisar de r\u00e3zboi al lui Kun, Vilmos B\u00f6hm, oper\u00e2nd sub numele de cod sovietic Orestes, s-a infiltrat \u00een spionajul britanic (\u015fi american) \u00een perioada celui de-al doilea r\u00e3zboi mondial. Lucr\u00e2nd \u00een Camera britanic\u00e3 de analiz\u00e3 a presei din Stocholm (British Press Reading Office), el a influen\u0163at evalu\u00e3rile tentativelor alia\u0163ilor lui Hitler de a p\u00e3r\u00e3si Axa, pozi\u0163ion\u00e2ndu-se \u00een acela\u015fi timp ca intermediar pentru ie\u015firea Ungariei din alian\u0163\u00e3. Lui B\u00f6hm i se atribuie manipularea opera\u0163iunilor lui Raul Wallenberg \u015fi, apoi, facilitatea arest\u00e3rii sale de c\u00e3tre autorit\u00e3\u0163ile sovietice.<\/h4>\n<h4 style=\"text-align: justify;\">Cel mai puternic serviciu de spionaj, din punct de vedere al leg\u00e3turii directe la ierarhia sovietic\u00e3, era Departamentul de rela\u0163ii interna\u0163ionale (Otdyel Mezhdunarodnoi Svyazi: OMS) al Cominternului. OMS ac\u0163iona ca un centru de coordonare al celorlalte servicii, duc\u00e2nd \u00een acela\u015fi timp la \u00eendeplinire func\u0163ia de baz\u00e3, aceea de conducere a partidelor comuniste str\u00e3ine. Acesta distribuia ordine, fonduri \u015fi teme de propagand\u00e3 partidelor \u201ena\u0163ionale\u201d; servea drept contact c\u00e3tre organiza\u0163iile din ilegalitate; asigura documente false agen\u0163ilor Comintern; men\u0163inea contactul cu celelalte organe ale securit\u00e3\u0163ii sovietice \u015fi conducea opera\u0163iunile de spionaj \u015fi culegere de informa\u0163ii din str\u00e3in\u00e3tate. Fostul \u015fef al opera\u0163iunilor sovietice de spionaj din Europa \u00eel descria drept \u201einima Cominternului\u201d, care controla liderii \u201epartidelor comuniste autonome din Europa\u201d. Pe l\u00e2ng\u00e3 celelalte func\u0163ii, OMS conducea falsele organiza\u0163ii de front \u201ePrietenii Uniunii Sovietice \u015fi g\u00e3zduia organiza\u0163ii\u201d umanitare \u015fi pentru drepturi civile a\u015fa-zis non-partizane.<\/h4>\n<h4 style=\"text-align: justify;\">Propaganda OMS \u015fi efortul de dezinformare din Occident erau conduse de Willy M\u00fcnzenberg \u015fi de m\u00e2na sa dreapt\u00e3, fostul prizonier de r\u00e3zboi sovietic, L\u00e1szlo Dobos, mai bine cunoscut sub numele clandestin Louis Gibarti. M\u00fcnzenberg \u015fi Gibarti au creat o vast\u00e3 re\u0163ea de organiza\u0163ii \u015fi camarazi ne\u015ftiutori care puteau fi mobiliza\u0163i \u00een sprijinul Moscovei, prin ceea ce M\u00fcnzenberg denumea \u201eClubul Inocen\u0163ilor\u201d. Gibarti-Dobos sunt considera\u0163i a fi fondatorii tehnicii \u00eempletirii \u201epropagandei cu spionajul \u015fi ac\u0163iunile sub acoperire\u201d \u2013 baza \u201em\u00e3surilor active \u2013 \u015fi av\u00e2nd o contribu\u0163ie la inventarea frontului \u201eagen\u0163iilor de pres\u00e3\u201d, care puteau \u201eplasa pentru propagand\u00e3 pove\u015ftile fabricate, dorite de aparat, puteau servi ca acoperire pentru agen\u0163i \u015fi ca acoperire pentru fluxul de informa\u0163ii ob\u0163inut din spionaj.\u201d<\/h4>\n<h4 style=\"text-align: justify;\">\u00cen 1924, c\u00e2nd Moscova a anun\u0163at crearea Republicii Socialiste Sovietice Autonome a Moldovei \u2013 \u201ebaza Rom\u00e2niei sovietice\u201d \u2013 care \u00een cele din urm\u00e3 \u201eva elibera fra\u0163ii care gemeau sub jugul oligarhiei\u201d, centrele sovietice de informa\u0163ii din Odesa \u015fi Tiraspol au condus o \u201erevolt\u00e3\u201d, cu centrul \u00een ora\u015ful basarabean Tatar Bunar, care a fost rapid \u00een\u00e3bu\u015fit\u00e3 de Siguran\u0163\u00e3 \u015fi de militarii rom\u00e2ni. M\u00fcntzenberg \u015fi Gibarti au montat apoi o campanie \u201eumanitar\u00e3\u201d interna\u0163ional\u00e3, \u00eempotriva autorit\u00e3\u0163ilor rom\u00e2ne pentru eliberarea \u201e\u0163\u00e3ranilor \u015fi muncitorilor nevinova\u0163i\u201d adu\u015fi \u00een fa\u0163a tribunalului. Intelectualii Romain Rolland \u015fi Henri Barbusse au fost foarte u\u015for de \u00eenrolat \u00een aceast\u00e3 campanie, din moment ce colegul lor, secretar la asocia\u0163ia Amsterdam-Peyler, Alex Kellerman (Sandor Nogradi) era tot agent OMS. Gibarti \u015fi \u015feful lui au activat apoi \u00een SUA, cre\u00e2nd nenum\u00e3rate organiza\u0163ii umanitare, produc\u00e2nd filme la Hollywood \u015fi adun\u00e2nd semn\u00e3turi ale senatorilor \u015fi congresmanilor SUA pe peti\u0163iile lor.<\/h4>\n<h4 style=\"text-align: justify;\">J.Peters (Joszef Peter), veteran al Armatei Ro\u015fii maghiare, a condus Departamentul pentru Minorit\u00e3\u0163i Na\u0163ionale al Partidului Comunist din Statele Unite ale Americii (CPUSA) \u00eenainte s\u00e3 &nbsp;devin\u00e3 \u015feful \u201eaparatului secret\u201d ilegal al CPUSA, \u00eentre 1929 \u015fi iunie 1938. Confirmat \u00een func\u0163ie de ofi\u0163erul de leg\u00e3tur\u00e3 al Cominternului din SUA, John Pepper (fostul comandat \u00een Armata Ro\u015fie maghiar\u00e3, Joszef Pogany), el a lucrat \u00een principal pentru spionajul Cominternului \u015fi, deci, cu GRU \u015fi NKVD INO. Penetr\u00e2nd Departamentul de Stat al SUA, serviciile armate, Departamentul de Interne etc., Peters a creat re\u0163eaua de spioni care \u00eei includea pe Whittaker Chambers \u015fi Alger Hiss \u015fi a pus bazele masivei infiltr\u00e3ri a primei agen\u0163ii de spionaj americane: Biroul pentru Servicii Strategice (Office of Strategic Services \u2013 OSS) din perioada r\u00e3zboiului. Penetrarea extensiv\u00e3 a sec\u0163iilor balcanic\u00e3 \u015fi maghiar\u00e3 din departamentul de analiz\u00e3 \u015fi cercetare al OSS, au permis Moscovei nu numai s\u00e3 capete o imagine intern\u00e3 inestimabil\u00e3 asupra percep\u0163iilor \u015fi inten\u0163iilor SUA, dar s\u00e3 \u015fi influen\u0163eze analizele \u00eentr-o direc\u0163ie favorabil\u00e3.<\/h4>\n<h4 style=\"text-align: justify;\"><strong>Coali\u0163iile \u201ena\u0163ionale\u201d din Comintern<\/strong><\/h4>\n<h4 style=\"text-align: justify;\">Domina\u0163ia sovietic\u00e3 asupra comunismului basarabean \u015fi dobrogean \u015fi directul control maghiar asupra st\u00e2ngii radicale din Transilvania s-au transformat \u00eentr-o schem\u00e3 complex\u00e3 \u015fi unic\u00e3 de control asupra RCP care s-a men\u0163inut din 1918 p\u00e2n\u00e3 mult dup\u00e3 venirea la putere a comuni\u015ftilor, dup\u00e3 al doilea r\u00e3zboi mondial. Situa\u0163ia s-a complicat din cauza antagonismului adesea deschis dintre \u201ebasarabeni\u201d \u015fi \u201etransilv\u00e3neni\u201d, pe de o parte \u015fi comuni\u015ftii din Vechiul Regat, pe de alt\u00e3 parte. Conducerea Cominternului, deja iritat\u00e3 c\u00e3 singura revolu\u0163ie victorioas\u00e3 dintr-o alt\u00e3 \u0163ar\u00e3 fusese \u00eenfr\u00e2nt\u00e3 de armata rom\u00e2n\u00e3, era \u201efurioas\u00e3\u201d c\u00e3 rom\u00e2nii, nu numai c\u00e3 nu duseser\u00e3 la \u00eendeplinire ordinele specifice \u201ede a-l ajuta pe Kun \u015fi a sabota ac\u0163iunile guvernului rom\u00e2n\u201d, ci \u201e\u00eei avertizaser\u00e3 public pe comuni\u015ftii unguri \u201es\u00e3 scoat\u00e3 la iveal\u00e3 \u0163elurile na\u0163ionaliste\u201d \u015fi \u201es\u00e3 spun\u00e3 \u00een fa\u0163a opiniei publice c\u00e3 doresc o Ungarie mare\u201d, \u00een loc s\u00e3 compromit\u00e3 idealurile comunismului \u201eprin inten\u0163iile na\u0163ionaliste \u201eascunse \u00een spatele ideilor socialiste\u201d.<\/h4>\n<h4 style=\"text-align: justify;\"><a href=\"http:\/\/www.desteptati-va.ro\/wp-content\/uploads\/2011\/04\/300px-Gheorghiu-DejPaukerLucaGeorgescuRoman1951.jpg\"><img loading=\"lazy\" decoding=\"async\" class=\"aligncenter size-full wp-image-1601\" title=\"Gheorghiu-DejPaukerLucaGeorgescuRoman1951\" src=\"http:\/\/www.desteptati-va.ro\/wp-content\/uploads\/2011\/04\/300px-Gheorghiu-DejPaukerLucaGeorgescuRoman1951.jpg\" alt=\"\" width=\"300\" height=\"216\"><\/a><\/h4>\n<h4 style=\"text-align: justify;\">Dup\u00e3 aceea, comuni\u015ftilor rom\u00e2ni li s-a atribuit un statut inferior \u00een mi\u015fcarea comunist\u00e3, nu mult diferit de marginalizarea \u015fovinist\u00e3 a etnicilor rom\u00e2ni din perioada imperiilor. Una dintre primele \u00eentreb\u00e3ri adresate rom\u00e2nilor atunci c\u00e2nd au solicitat afilierea la Comintern, \u00een noiembrie 1921, a fost: \u201ece au f\u00e3cut \u00een sprijinul Republicii Sovietice Ungare?\u201d \u201eAripa transilv\u00e3nean\u00e3\u201d, \u00eenc\u00e3 ramur\u00e3 a Partidului Comunist Ungar, a refuzat cu ostenta\u0163ie s\u00e3 negocieze afilierea pentru nou-\u00eenfiin\u0163atul Partid Comunist Rom\u00e2n (PCR), \u00een timp ce partidul bulgar \u015fi cel maghiar s-au angajat \u201e\u00eentr-o campanie pe termen lung \u00eempotriva Rom\u00e2niei \u015fi a clasei sale muncitoare, \u00een interiorul Interna\u0163ionalei\u201d, acuz\u00e2nd PCR de \u201edevia\u0163ionism social-patriotic\u201d.<\/h4>\n<h4 style=\"text-align: justify;\">Agendele \u201ebasarabean\u00e3\u201d \u015fi \u201etransilv\u00e3nean\u00e3\u201d erau destul de clar reflectate \u00een linia Cominternului pentru cesiunea de teritorii rom\u00e2ne\u015fti cu structura minoritar\u00e3, mai degrab\u00e3 dec\u00e2t majoritar\u00e3 la statele vecine. Introdus\u00e3 oficial la \u015fedin\u0163a Federa\u0163iei Comuniste Balcanice din decembrie 1923 (la care au participat Rakovschi, Dimitrov \u015fi Stepanov), anun\u0163area acestei linii a coincis cu crearea Organiza\u0163iilor Revolu\u0163ionare Dobrogene \u015fi Basarabene \u201epentru a ac\u0163iona ca unit\u00e3\u0163i iredentiste revolu\u0163ionare\u201d. \u00cen iulie 1924, al 5-lea congres al Cominternului a accentuat influen\u0163a maghiar\u00e3, consider\u00e2nd ca fiind \u201eesen\u0163iala intensificarea activit\u00e3\u0163ii comuniste \u00een r\u00e2ndurile popula\u0163iei maghiare din teritoriile anexate la Cehoslovacia, Rom\u00e2nia \u015fi Iugoslavia\u201d \u015fi determinarea \u201epartidelor comuniste din acele \u0163\u00e3ri\u201d s\u00e3 lanseze o campanie care \u201es\u00e3 cheme la auto-determinare \u015fi la secesiune de statele care le anexaser\u00e3\u201d. Sloganuri similare au fost adoptate pentru separarea Basarabiei \u015fi \u201ea Bucovinei \u015fi a Dobrogei de Rom\u00e2nia.\u201d<\/h4>\n<h4 style=\"text-align: justify;\">Cu PCR obligat acum s\u00e3 promoveze divizarea \u0163\u00e3rii \u00een baza preten\u0163iilor teritoriale, mai degrab\u00e3 dec\u00e2t a componen\u0163ei etnice, aripa transilv\u00e3nean\u00e3 condus\u00e3 de unguri a \u201ere-intrat triumf\u00e3toare \u00een partid\u201d. \u00cen 1924, sub m\u00e2na conduc\u00e3toare a Cominternului, PCR a \u0163inut al 3-lea Congres la Viena \u2013 pe atunci sediul central al opera\u0163iunilor de spionaj sovietice din Balcani \u2013 \u015fi l-a ales \u00een frunte pe Elek Koblos, veteran al campaniei din Transilvania a Armatei Ro\u015fii Ungare \u015fi membru recent al Partidului Comunist Ungar (PCU).<\/h4>\n<h4 style=\"text-align: justify;\">Avertiz\u00e2ndu-i pe rom\u00e2ni c\u00e3 revolu\u0163ia lor \u015fi \u201eadev\u00e3rata independen\u0163\u00e3\u201d necesitau mai presus de orice \u201eca eforturile minorit\u00e3\u0163ilor subjugate s\u00e3 se sprijine pe principiul auto-determin\u00e3rii \u015fi p\u00e2n\u00e3 la secesiunea complet\u00e3 de statul existent,\u201d congresul a exprimat totodat\u00e3 speran\u0163a \u201emuncitorilor \u015fi \u0163\u00e3ranilor din Basarabia c\u00e3 revolu\u0163ia lor na\u0163ional\u00e3 \u00eei va uni cu URSS.\u201d K\u00f6bl\u00f6s a condus dup\u00e3 aceea afacerile PCR de la sediul din T\u00e2rgu Mure\u015f, folosind numele de cod \u201eVekas, p\u00e2n\u00e3 c\u00e2nd anchetele asupra agita\u0163iei revolu\u0163ionare din Chi\u015fin\u00e3u, Basarabia i-au relevat rolul, \u00een 1925.\u201d<\/h4>\n<h4 style=\"text-align: justify;\">Pentru a se asigura c\u00e3 PCR va trece la considerarea dezmembr\u00e3rii statului rom\u00e2n ca fiind prioritar\u00e3 celei a schimb\u00e3rii de regim, la conducerea partidului au fost impu\u015fi, \u00een urm\u00e3torii 20 de ani, cet\u00e3\u0163eni str\u00e3ini, \u00eencep\u00e2nd cu 1924 \u015fi p\u00e2n\u00e3 la lovitura intern\u00e3 a lui Gheorghe Gheorghiu Dej \u015fi a adep\u0163ilor lui, \u00een aprilie 1944. De\u015fi mul\u0163i au subliniat etnicitatea ne-rom\u00e2neasc\u00e3 a conduc\u00e3torilor PCR, \u00een perioada 1924-1944, originea etnic\u00e3 era de fapt mult mai pu\u0163in important\u00e3 dec\u00e2t faptul c\u00e3 to\u0163i erau reprezentan\u0163i ai intereselor de dezmembrare a Rom\u00e2niei, f\u00e3r\u00e3 a \u0163ine cont de vreun principiu umanitar sau etnic. Conducerea PCR a oscilat \u00eentre aripa transilv\u00e3nean\u00e3 \u201eUngaria Mare\u201d \u015fi fac\u0163iunea anexa\u0163ionist\u00e3 bulgaro-basarabean\u00e3. \u00cen 1933, de exemplu, PCR avea 440 de membri maghiari, 380 de membri din aripa basarabean\u00e3 (bulgari, ru\u015fi, ucraineni \u015fi moldoveni) \u015fi \u201enumai\u201d 375 de rom\u00e2ni. Procentul era practic mult mai slab, date fiind categoriile suplimentare cu 300 de membri evrei \u015fi 70 \u2013 \u201eal\u0163ii\u201d care ascundeau faptul c\u00e3 ace\u015ftia reprezentau \u00een mare m\u00e3sur\u00e3 agendele aripilor transilv\u00e3nean\u00e3 (maghiar\u00e3) \u015fi basarabean\u00e3 (sovietic\u00e3).<\/h4>\n<h4 style=\"text-align: justify;\">Chestiunea teritorial\u00e3 \u015fi revizionismul asociat acestora au aliniat Rusia sovietic\u00e3 \u015fi interesele maghiare vis-a-vis de Rom\u00e2nia at\u00e2t la nivel de partid, c\u00e2t \u015fi de stat \u015fi s-au dovedit capabile s\u00e3 motiveze chiar \u015fi elitele extrem de conservatoare din Ungaria s\u00e3 coopereze cu comuni\u015ftii \u015fi s\u00e3 devin\u00e3 ei \u00een\u015fi\u015fi comuni\u015fti. Alinierea \u00een aceast\u00e3 privin\u0163\u00e3 a programelor comuniste \u015fi na\u0163ionaliste \u00een perioada interbelic\u00e3, a facilitat nu numai un nivel de comunicare excep\u0163ional\u00e3 \u00eentre cele dou\u00e3 p\u00e3r\u0163i, dar \u015fi complicitate \u015fi coordonare cu diverse ocazii. Elek K\u00f6bl\u00f6s, de exemplu, a fost \u00eenl\u00e3turat de Moscova \u015fi aripa basarabean\u00e3 din func\u0163ia de conduc\u00e3tor al PCR, la al 4-lea congres rom\u00e2nesc de la Harkov, \u00een 1928 pentru \u201e\u00eencercarea de a servi interesele guvernului maghiar din Budapesta \u015fi nu pe cele ale Interna\u0163ionalei.\u201d<\/h4>\n<h4 style=\"text-align: justify;\">\u00cenlocuitorul lui K\u00f6bl\u00f6s, ucraineanul basarabean Vitali Holoschenco, un protejat al lui Racovschi din Partidul Comunist Ucrainean, a condus PCR din Ucraina, \u00eentre 1928-1931. El a fost \u00eenlocuit de un membru al Partidului Comunist Polonez, ucraineanul polonez Alexander Danieluk-Stefanschi, care a condus PCR de la sediul din Berlin, \u00een perioada 1931-1936. Nepotul lui Racovschi, Boris Stefanov, un secesionist dobrogean, a de\u0163inut func\u0163ia de \u015fef al PCR \u00eentre 1936-1940, cu toate c\u00e3 diferi\u0163i membri ai aripii transilv\u00e3nene (Bela Brainer, Jen\u00f6 Iakobovicz \u015fi Miklos Goldberger) au condus practic activit\u00e3\u0163ile \u00een Rom\u00e2nia, \u00een anii 1938-1940 c\u00e2nd Stefanov a lucrat la Moscova. Transilv\u00e3neanul Stefan Foris, un alt veteran al Armatei Ro\u015fii Maghiare, a preluat conducerea \u00een 1940, p\u00e2n\u00e3 \u00een aprilie 1944 c\u00e2nd a fost eliminat prin for\u0163\u00e3.<\/h4>        <div class=\"booster-block booster-reactions-block\">\n            <div class=\"twp-reactions-icons\">\n                \n                <div class=\"twp-reacts-wrap\">\n                    <a react-data=\"be-react-1\" post-id=\"4273\" class=\"be-face-icons un-reacted\" href=\"javascript:void(0)\">\n                        <img decoding=\"async\" src=\"https:\/\/desteptati-va.ro\/wp-content\/plugins\/booster-extension\/\/assets\/icon\/happy.svg\" alt=\"Happy\">\n                    <\/a>\n                    <div class=\"twp-reaction-title\">\n                        Happy                    <\/div>\n                    <div class=\"twp-count-percent\">\n                                                    <span style=\"display: none;\" class=\"twp-react-count\">0<\/span>\n                        \n                                                <span class=\"twp-react-percent\"><span>0<\/span> %<\/span>\n                                            <\/div>\n                <\/div>\n\n                <div class=\"twp-reacts-wrap\">\n                    <a react-data=\"be-react-2\" post-id=\"4273\" class=\"be-face-icons un-reacted\" href=\"javascript:void(0)\">\n                        <img decoding=\"async\" src=\"https:\/\/desteptati-va.ro\/wp-content\/plugins\/booster-extension\/\/assets\/icon\/sad.svg\" alt=\"Sad\">\n                    <\/a>\n                    <div class=\"twp-reaction-title\">\n                        Sad                    <\/div>\n                    <div class=\"twp-count-percent\">\n                                                    <span style=\"display: none;\" class=\"twp-react-count\">0<\/span>\n                                                                        <span class=\"twp-react-percent\"><span>0<\/span> %<\/span>\n                                            <\/div>\n                <\/div>\n\n                <div class=\"twp-reacts-wrap\">\n                    <a react-data=\"be-react-3\" post-id=\"4273\" class=\"be-face-icons un-reacted\" href=\"javascript:void(0)\">\n                        <img decoding=\"async\" src=\"https:\/\/desteptati-va.ro\/wp-content\/plugins\/booster-extension\/\/assets\/icon\/excited.svg\" alt=\"Excited\">\n                    <\/a>\n                    <div class=\"twp-reaction-title\">\n                        Excited                    <\/div>\n                    <div class=\"twp-count-percent\">\n                                                    <span style=\"display: none;\" class=\"twp-react-count\">0<\/span>\n                                                                        <span class=\"twp-react-percent\"><span>0<\/span> %<\/span>\n                                            <\/div>\n                <\/div>\n\n                <div class=\"twp-reacts-wrap\">\n                    <a react-data=\"be-react-6\" post-id=\"4273\" class=\"be-face-icons un-reacted\" href=\"javascript:void(0)\">\n                        <img decoding=\"async\" src=\"https:\/\/desteptati-va.ro\/wp-content\/plugins\/booster-extension\/\/assets\/icon\/sleepy.svg\" alt=\"Sleepy\">\n                    <\/a>\n                    <div class=\"twp-reaction-title\">\n                        Sleepy                    <\/div>\n                    <div class=\"twp-count-percent\">\n                                                    <span style=\"display: none;\" class=\"twp-react-count\">0<\/span>\n                        \n                                                <span class=\"twp-react-percent\"><span>0<\/span> %<\/span>\n                                            <\/div>\n                <\/div>\n\n                <div class=\"twp-reacts-wrap\">\n                    <a react-data=\"be-react-4\" post-id=\"4273\" class=\"be-face-icons un-reacted\" href=\"javascript:void(0)\">\n                        <img decoding=\"async\" src=\"https:\/\/desteptati-va.ro\/wp-content\/plugins\/booster-extension\/\/assets\/icon\/angry.svg\" alt=\"Angry\">\n                    <\/a>\n                    <div class=\"twp-reaction-title\">Angry<\/div>\n                    <div class=\"twp-count-percent\">\n                                                    <span style=\"display: none;\" class=\"twp-react-count\">0<\/span>\n                                                                        <span class=\"twp-react-percent\"><span>0<\/span> %<\/span>\n                        \n                    <\/div>\n                <\/div>\n\n                <div class=\"twp-reacts-wrap\">\n                    <a react-data=\"be-react-5\" post-id=\"4273\" class=\"be-face-icons un-reacted\" href=\"javascript:void(0)\">\n                        <img decoding=\"async\" src=\"https:\/\/desteptati-va.ro\/wp-content\/plugins\/booster-extension\/\/assets\/icon\/surprise.svg\" alt=\"Surprise\">\n                    <\/a>\n                    <div class=\"twp-reaction-title\">Surprise<\/div>\n                    <div class=\"twp-count-percent\">\n                                                    <span style=\"display: none;\" class=\"twp-react-count\">0<\/span>\n                                                                        <span class=\"twp-react-percent\"><span>0<\/span> %<\/span>\n                                            <\/div>\n                <\/div>\n\n            <\/div>\n        <\/div>\n\n    <\/div>","protected":false},"excerpt":{"rendered":"<p>Romania, grija celor mari \u201ePuterile imperiale , direct implicate \u00een regiune \u2013 Imperiul Rus, Monarhia Austro-Ungar\u0103 sau Imperiul Otoman \u2013<a href=\"https:\/\/desteptati-va.ro\/index.php\/2021\/04\/20\/iredentismul-romania-si-cominternul-o-pagina-de-istorie-ce-trebuie-stiuta\/\">Read More<i class=\"fa fa-long-arrow-right\" aria-hidden=\"true\"><\/i><\/a><\/p>\n","protected":false},"author":1,"featured_media":1070,"comment_status":"open","ping_status":"open","sticky":false,"template":"","format":"standard","meta":{"_crdt_document":"","footnotes":""},"categories":[26],"tags":[781,219,591,59,60,339,789,1698,158,395,164,525,155,1699,1336,83,135,1700],"class_list":["post-4273","post","type-post","status-publish","format-standard","has-post-thumbnail","hentry","category-romania-mare","tag-agenti","tag-basarabia","tag-comintern","tag-desteptati","tag-desteptati-va","tag-maghiari","tag-pcr","tag-principatele-romane","tag-revizionism","tag-romani","tag-rusia","tag-sovinism","tag-spionaj","tag-spioni","tag-subminare","tag-tradare","tag-transilvania","tag-ungar"],"rise-blocks_total_comments":7,"rise-blocks_categories":[{"term_id":26,"name":"Romania Mare","slug":"romania-mare","term_group":0,"term_taxonomy_id":26,"taxonomy":"category","description":"","parent":0,"count":5,"filter":"raw"}],"rise-blocks_excerpt":"Romania, grija celor mari \u201ePuterile imperiale , direct implicate \u00een regiune \u2013 Imperiul Rus, Monarhia Austro-Ungar\u0103 sau Imperiul Otoman \u2013 nu puteau privi favorabil unificarea \u015fi independen\u0163a Principatelor Rom\u00e2ne(\u2026) In special Rusia \u0163arist\u0103 \u015fi partea ungar\u0103 a dualei monarhii se temeau c\u0103 unirea principatelor ar reprezenta o irezistibil\u0103 atrac\u0163ie pentru majorit\u0103\u0163ile etnice rom\u00e2ne\u015fti din Basarabia \u015fi Transilvania(\u2026)Astfel de temeri erau..","yoast_head":"<!-- This site is optimized with the Yoast SEO plugin v26.9 - https:\/\/yoast.com\/product\/yoast-seo-wordpress\/ -->\r\n<title>Iredentismul, Rom\u00e2nia \u015fi Cominternul, o pagin\u0103 de istorie ce trebuie \u015ftiut\u0103 -<\/title>\r\n<meta name=\"robots\" content=\"index, follow, max-snippet:-1, max-image-preview:large, max-video-preview:-1\" \/>\r\n<link rel=\"canonical\" href=\"https:\/\/desteptati-va.ro\/index.php\/2021\/04\/20\/iredentismul-romania-si-cominternul-o-pagina-de-istorie-ce-trebuie-stiuta\/\" \/>\r\n<meta property=\"og:locale\" content=\"ro_RO\" \/>\r\n<meta property=\"og:type\" content=\"article\" \/>\r\n<meta property=\"og:title\" content=\"Iredentismul, Rom\u00e2nia \u015fi Cominternul, o pagin\u0103 de istorie ce trebuie \u015ftiut\u0103 -\" \/>\r\n<meta property=\"og:description\" content=\"Romania, grija celor mari \u201ePuterile imperiale , direct implicate \u00een regiune \u2013 Imperiul Rus, Monarhia Austro-Ungar\u0103 sau Imperiul Otoman \u2013Read More\" \/>\r\n<meta property=\"og:url\" content=\"https:\/\/desteptati-va.ro\/index.php\/2021\/04\/20\/iredentismul-romania-si-cominternul-o-pagina-de-istorie-ce-trebuie-stiuta\/\" \/>\r\n<meta property=\"article:published_time\" content=\"2021-04-20T07:56:10+00:00\" \/>\r\n<meta property=\"article:modified_time\" content=\"2022-01-13T20:29:29+00:00\" \/>\r\n<meta property=\"og:image\" content=\"https:\/\/desteptati-va.ro\/wp-content\/uploads\/2021\/04\/comintern.jpg\" \/>\r\n\t<meta property=\"og:image:width\" content=\"393\" \/>\r\n\t<meta property=\"og:image:height\" content=\"640\" \/>\r\n\t<meta property=\"og:image:type\" content=\"image\/jpeg\" \/>\r\n<meta name=\"author\" content=\"wolfsoftcompany\" \/>\r\n<meta name=\"twitter:card\" content=\"summary_large_image\" \/>\r\n<meta name=\"twitter:label1\" content=\"Scris de\" \/>\n\t<meta name=\"twitter:data1\" content=\"wolfsoftcompany\" \/>\n\t<meta name=\"twitter:label2\" content=\"Timp estimat pentru citire\" \/>\n\t<meta name=\"twitter:data2\" content=\"16 minute\" \/>\r\n<script type=\"application\/ld+json\" class=\"yoast-schema-graph\">{\"@context\":\"https:\/\/schema.org\",\"@graph\":[{\"@type\":\"Article\",\"@id\":\"https:\/\/desteptati-va.ro\/index.php\/2021\/04\/20\/iredentismul-romania-si-cominternul-o-pagina-de-istorie-ce-trebuie-stiuta\/#article\",\"isPartOf\":{\"@id\":\"https:\/\/desteptati-va.ro\/index.php\/2021\/04\/20\/iredentismul-romania-si-cominternul-o-pagina-de-istorie-ce-trebuie-stiuta\/\"},\"author\":{\"name\":\"wolfsoftcompany\",\"@id\":\"https:\/\/desteptati-va.ro\/#\/schema\/person\/13182deeebd44920914899f7bb262d6b\"},\"headline\":\"Iredentismul, Rom\u00e2nia \u015fi Cominternul, o pagin\u0103 de istorie ce trebuie \u015ftiut\u0103\",\"datePublished\":\"2021-04-20T07:56:10+00:00\",\"dateModified\":\"2022-01-13T20:29:29+00:00\",\"mainEntityOfPage\":{\"@id\":\"https:\/\/desteptati-va.ro\/index.php\/2021\/04\/20\/iredentismul-romania-si-cominternul-o-pagina-de-istorie-ce-trebuie-stiuta\/\"},\"wordCount\":3267,\"commentCount\":2,\"image\":{\"@id\":\"https:\/\/desteptati-va.ro\/index.php\/2021\/04\/20\/iredentismul-romania-si-cominternul-o-pagina-de-istorie-ce-trebuie-stiuta\/#primaryimage\"},\"thumbnailUrl\":\"https:\/\/desteptati-va.ro\/wp-content\/uploads\/2021\/04\/comintern.jpg\",\"keywords\":[\"agenti\",\"Basarabia\",\"Comintern\",\"desteptati\",\"desteptati-va\",\"maghiari\",\"PCR\",\"principatele romane\",\"revizionism\",\"romani\",\"Rusia\",\"sovinism\",\"spionaj\",\"spioni\",\"subminare\",\"tradare\",\"Transilvania\",\"ungar\"],\"articleSection\":[\"Romania Mare\"],\"inLanguage\":\"ro-RO\",\"potentialAction\":[{\"@type\":\"CommentAction\",\"name\":\"Comment\",\"target\":[\"https:\/\/desteptati-va.ro\/index.php\/2021\/04\/20\/iredentismul-romania-si-cominternul-o-pagina-de-istorie-ce-trebuie-stiuta\/#respond\"]}]},{\"@type\":\"WebPage\",\"@id\":\"https:\/\/desteptati-va.ro\/index.php\/2021\/04\/20\/iredentismul-romania-si-cominternul-o-pagina-de-istorie-ce-trebuie-stiuta\/\",\"url\":\"https:\/\/desteptati-va.ro\/index.php\/2021\/04\/20\/iredentismul-romania-si-cominternul-o-pagina-de-istorie-ce-trebuie-stiuta\/\",\"name\":\"Iredentismul, Rom\u00e2nia \u015fi Cominternul, o pagin\u0103 de istorie ce trebuie \u015ftiut\u0103 -\",\"isPartOf\":{\"@id\":\"https:\/\/desteptati-va.ro\/#website\"},\"primaryImageOfPage\":{\"@id\":\"https:\/\/desteptati-va.ro\/index.php\/2021\/04\/20\/iredentismul-romania-si-cominternul-o-pagina-de-istorie-ce-trebuie-stiuta\/#primaryimage\"},\"image\":{\"@id\":\"https:\/\/desteptati-va.ro\/index.php\/2021\/04\/20\/iredentismul-romania-si-cominternul-o-pagina-de-istorie-ce-trebuie-stiuta\/#primaryimage\"},\"thumbnailUrl\":\"https:\/\/desteptati-va.ro\/wp-content\/uploads\/2021\/04\/comintern.jpg\",\"datePublished\":\"2021-04-20T07:56:10+00:00\",\"dateModified\":\"2022-01-13T20:29:29+00:00\",\"author\":{\"@id\":\"https:\/\/desteptati-va.ro\/#\/schema\/person\/13182deeebd44920914899f7bb262d6b\"},\"breadcrumb\":{\"@id\":\"https:\/\/desteptati-va.ro\/index.php\/2021\/04\/20\/iredentismul-romania-si-cominternul-o-pagina-de-istorie-ce-trebuie-stiuta\/#breadcrumb\"},\"inLanguage\":\"ro-RO\",\"potentialAction\":[{\"@type\":\"ReadAction\",\"target\":[\"https:\/\/desteptati-va.ro\/index.php\/2021\/04\/20\/iredentismul-romania-si-cominternul-o-pagina-de-istorie-ce-trebuie-stiuta\/\"]}]},{\"@type\":\"ImageObject\",\"inLanguage\":\"ro-RO\",\"@id\":\"https:\/\/desteptati-va.ro\/index.php\/2021\/04\/20\/iredentismul-romania-si-cominternul-o-pagina-de-istorie-ce-trebuie-stiuta\/#primaryimage\",\"url\":\"https:\/\/desteptati-va.ro\/wp-content\/uploads\/2021\/04\/comintern.jpg\",\"contentUrl\":\"https:\/\/desteptati-va.ro\/wp-content\/uploads\/2021\/04\/comintern.jpg\",\"width\":393,\"height\":640},{\"@type\":\"BreadcrumbList\",\"@id\":\"https:\/\/desteptati-va.ro\/index.php\/2021\/04\/20\/iredentismul-romania-si-cominternul-o-pagina-de-istorie-ce-trebuie-stiuta\/#breadcrumb\",\"itemListElement\":[{\"@type\":\"ListItem\",\"position\":1,\"name\":\"Prima pagin\u0103\",\"item\":\"https:\/\/desteptati-va.ro\/\"},{\"@type\":\"ListItem\",\"position\":2,\"name\":\"Iredentismul, Rom\u00e2nia \u015fi Cominternul, o pagin\u0103 de istorie ce trebuie \u015ftiut\u0103\"}]},{\"@type\":\"WebSite\",\"@id\":\"https:\/\/desteptati-va.ro\/#website\",\"url\":\"https:\/\/desteptati-va.ro\/\",\"name\":\"\",\"description\":\"\",\"potentialAction\":[{\"@type\":\"SearchAction\",\"target\":{\"@type\":\"EntryPoint\",\"urlTemplate\":\"https:\/\/desteptati-va.ro\/?s={search_term_string}\"},\"query-input\":{\"@type\":\"PropertyValueSpecification\",\"valueRequired\":true,\"valueName\":\"search_term_string\"}}],\"inLanguage\":\"ro-RO\"},{\"@type\":\"Person\",\"@id\":\"https:\/\/desteptati-va.ro\/#\/schema\/person\/13182deeebd44920914899f7bb262d6b\",\"name\":\"wolfsoftcompany\",\"image\":{\"@type\":\"ImageObject\",\"inLanguage\":\"ro-RO\",\"@id\":\"https:\/\/desteptati-va.ro\/#\/schema\/person\/image\/\",\"url\":\"https:\/\/secure.gravatar.com\/avatar\/a6cce9b6d101d27d91690e7073e300fed94c0899890bf998e082cb9d2c3d121e?s=96&d=mm&r=g\",\"contentUrl\":\"https:\/\/secure.gravatar.com\/avatar\/a6cce9b6d101d27d91690e7073e300fed94c0899890bf998e082cb9d2c3d121e?s=96&d=mm&r=g\",\"caption\":\"wolfsoftcompany\"},\"sameAs\":[\"http:\/\/desteptati-va.ro\"],\"url\":\"https:\/\/desteptati-va.ro\/index.php\/author\/wolfsoftcompany\/\"}]}<\/script>\r\n<!-- \/ Yoast SEO plugin. -->","yoast_head_json":{"title":"Iredentismul, Rom\u00e2nia \u015fi Cominternul, o pagin\u0103 de istorie ce trebuie \u015ftiut\u0103 -","robots":{"index":"index","follow":"follow","max-snippet":"max-snippet:-1","max-image-preview":"max-image-preview:large","max-video-preview":"max-video-preview:-1"},"canonical":"https:\/\/desteptati-va.ro\/index.php\/2021\/04\/20\/iredentismul-romania-si-cominternul-o-pagina-de-istorie-ce-trebuie-stiuta\/","og_locale":"ro_RO","og_type":"article","og_title":"Iredentismul, Rom\u00e2nia \u015fi Cominternul, o pagin\u0103 de istorie ce trebuie \u015ftiut\u0103 -","og_description":"Romania, grija celor mari \u201ePuterile imperiale , direct implicate \u00een regiune \u2013 Imperiul Rus, Monarhia Austro-Ungar\u0103 sau Imperiul Otoman \u2013Read More","og_url":"https:\/\/desteptati-va.ro\/index.php\/2021\/04\/20\/iredentismul-romania-si-cominternul-o-pagina-de-istorie-ce-trebuie-stiuta\/","article_published_time":"2021-04-20T07:56:10+00:00","article_modified_time":"2022-01-13T20:29:29+00:00","og_image":[{"width":393,"height":640,"url":"https:\/\/desteptati-va.ro\/wp-content\/uploads\/2021\/04\/comintern.jpg","type":"image\/jpeg"}],"author":"wolfsoftcompany","twitter_card":"summary_large_image","twitter_misc":{"Scris de":"wolfsoftcompany","Timp estimat pentru citire":"16 minute"},"schema":{"@context":"https:\/\/schema.org","@graph":[{"@type":"Article","@id":"https:\/\/desteptati-va.ro\/index.php\/2021\/04\/20\/iredentismul-romania-si-cominternul-o-pagina-de-istorie-ce-trebuie-stiuta\/#article","isPartOf":{"@id":"https:\/\/desteptati-va.ro\/index.php\/2021\/04\/20\/iredentismul-romania-si-cominternul-o-pagina-de-istorie-ce-trebuie-stiuta\/"},"author":{"name":"wolfsoftcompany","@id":"https:\/\/desteptati-va.ro\/#\/schema\/person\/13182deeebd44920914899f7bb262d6b"},"headline":"Iredentismul, Rom\u00e2nia \u015fi Cominternul, o pagin\u0103 de istorie ce trebuie \u015ftiut\u0103","datePublished":"2021-04-20T07:56:10+00:00","dateModified":"2022-01-13T20:29:29+00:00","mainEntityOfPage":{"@id":"https:\/\/desteptati-va.ro\/index.php\/2021\/04\/20\/iredentismul-romania-si-cominternul-o-pagina-de-istorie-ce-trebuie-stiuta\/"},"wordCount":3267,"commentCount":2,"image":{"@id":"https:\/\/desteptati-va.ro\/index.php\/2021\/04\/20\/iredentismul-romania-si-cominternul-o-pagina-de-istorie-ce-trebuie-stiuta\/#primaryimage"},"thumbnailUrl":"https:\/\/desteptati-va.ro\/wp-content\/uploads\/2021\/04\/comintern.jpg","keywords":["agenti","Basarabia","Comintern","desteptati","desteptati-va","maghiari","PCR","principatele romane","revizionism","romani","Rusia","sovinism","spionaj","spioni","subminare","tradare","Transilvania","ungar"],"articleSection":["Romania Mare"],"inLanguage":"ro-RO","potentialAction":[{"@type":"CommentAction","name":"Comment","target":["https:\/\/desteptati-va.ro\/index.php\/2021\/04\/20\/iredentismul-romania-si-cominternul-o-pagina-de-istorie-ce-trebuie-stiuta\/#respond"]}]},{"@type":"WebPage","@id":"https:\/\/desteptati-va.ro\/index.php\/2021\/04\/20\/iredentismul-romania-si-cominternul-o-pagina-de-istorie-ce-trebuie-stiuta\/","url":"https:\/\/desteptati-va.ro\/index.php\/2021\/04\/20\/iredentismul-romania-si-cominternul-o-pagina-de-istorie-ce-trebuie-stiuta\/","name":"Iredentismul, Rom\u00e2nia \u015fi Cominternul, o pagin\u0103 de istorie ce trebuie \u015ftiut\u0103 -","isPartOf":{"@id":"https:\/\/desteptati-va.ro\/#website"},"primaryImageOfPage":{"@id":"https:\/\/desteptati-va.ro\/index.php\/2021\/04\/20\/iredentismul-romania-si-cominternul-o-pagina-de-istorie-ce-trebuie-stiuta\/#primaryimage"},"image":{"@id":"https:\/\/desteptati-va.ro\/index.php\/2021\/04\/20\/iredentismul-romania-si-cominternul-o-pagina-de-istorie-ce-trebuie-stiuta\/#primaryimage"},"thumbnailUrl":"https:\/\/desteptati-va.ro\/wp-content\/uploads\/2021\/04\/comintern.jpg","datePublished":"2021-04-20T07:56:10+00:00","dateModified":"2022-01-13T20:29:29+00:00","author":{"@id":"https:\/\/desteptati-va.ro\/#\/schema\/person\/13182deeebd44920914899f7bb262d6b"},"breadcrumb":{"@id":"https:\/\/desteptati-va.ro\/index.php\/2021\/04\/20\/iredentismul-romania-si-cominternul-o-pagina-de-istorie-ce-trebuie-stiuta\/#breadcrumb"},"inLanguage":"ro-RO","potentialAction":[{"@type":"ReadAction","target":["https:\/\/desteptati-va.ro\/index.php\/2021\/04\/20\/iredentismul-romania-si-cominternul-o-pagina-de-istorie-ce-trebuie-stiuta\/"]}]},{"@type":"ImageObject","inLanguage":"ro-RO","@id":"https:\/\/desteptati-va.ro\/index.php\/2021\/04\/20\/iredentismul-romania-si-cominternul-o-pagina-de-istorie-ce-trebuie-stiuta\/#primaryimage","url":"https:\/\/desteptati-va.ro\/wp-content\/uploads\/2021\/04\/comintern.jpg","contentUrl":"https:\/\/desteptati-va.ro\/wp-content\/uploads\/2021\/04\/comintern.jpg","width":393,"height":640},{"@type":"BreadcrumbList","@id":"https:\/\/desteptati-va.ro\/index.php\/2021\/04\/20\/iredentismul-romania-si-cominternul-o-pagina-de-istorie-ce-trebuie-stiuta\/#breadcrumb","itemListElement":[{"@type":"ListItem","position":1,"name":"Prima pagin\u0103","item":"https:\/\/desteptati-va.ro\/"},{"@type":"ListItem","position":2,"name":"Iredentismul, Rom\u00e2nia \u015fi Cominternul, o pagin\u0103 de istorie ce trebuie \u015ftiut\u0103"}]},{"@type":"WebSite","@id":"https:\/\/desteptati-va.ro\/#website","url":"https:\/\/desteptati-va.ro\/","name":"","description":"","potentialAction":[{"@type":"SearchAction","target":{"@type":"EntryPoint","urlTemplate":"https:\/\/desteptati-va.ro\/?s={search_term_string}"},"query-input":{"@type":"PropertyValueSpecification","valueRequired":true,"valueName":"search_term_string"}}],"inLanguage":"ro-RO"},{"@type":"Person","@id":"https:\/\/desteptati-va.ro\/#\/schema\/person\/13182deeebd44920914899f7bb262d6b","name":"wolfsoftcompany","image":{"@type":"ImageObject","inLanguage":"ro-RO","@id":"https:\/\/desteptati-va.ro\/#\/schema\/person\/image\/","url":"https:\/\/secure.gravatar.com\/avatar\/a6cce9b6d101d27d91690e7073e300fed94c0899890bf998e082cb9d2c3d121e?s=96&d=mm&r=g","contentUrl":"https:\/\/secure.gravatar.com\/avatar\/a6cce9b6d101d27d91690e7073e300fed94c0899890bf998e082cb9d2c3d121e?s=96&d=mm&r=g","caption":"wolfsoftcompany"},"sameAs":["http:\/\/desteptati-va.ro"],"url":"https:\/\/desteptati-va.ro\/index.php\/author\/wolfsoftcompany\/"}]}},"_links":{"self":[{"href":"https:\/\/desteptati-va.ro\/index.php\/wp-json\/wp\/v2\/posts\/4273","targetHints":{"allow":["GET"]}}],"collection":[{"href":"https:\/\/desteptati-va.ro\/index.php\/wp-json\/wp\/v2\/posts"}],"about":[{"href":"https:\/\/desteptati-va.ro\/index.php\/wp-json\/wp\/v2\/types\/post"}],"author":[{"embeddable":true,"href":"https:\/\/desteptati-va.ro\/index.php\/wp-json\/wp\/v2\/users\/1"}],"replies":[{"embeddable":true,"href":"https:\/\/desteptati-va.ro\/index.php\/wp-json\/wp\/v2\/comments?post=4273"}],"version-history":[{"count":2,"href":"https:\/\/desteptati-va.ro\/index.php\/wp-json\/wp\/v2\/posts\/4273\/revisions"}],"predecessor-version":[{"id":4431,"href":"https:\/\/desteptati-va.ro\/index.php\/wp-json\/wp\/v2\/posts\/4273\/revisions\/4431"}],"wp:featuredmedia":[{"embeddable":true,"href":"https:\/\/desteptati-va.ro\/index.php\/wp-json\/wp\/v2\/media\/1070"}],"wp:attachment":[{"href":"https:\/\/desteptati-va.ro\/index.php\/wp-json\/wp\/v2\/media?parent=4273"}],"wp:term":[{"taxonomy":"category","embeddable":true,"href":"https:\/\/desteptati-va.ro\/index.php\/wp-json\/wp\/v2\/categories?post=4273"},{"taxonomy":"post_tag","embeddable":true,"href":"https:\/\/desteptati-va.ro\/index.php\/wp-json\/wp\/v2\/tags?post=4273"}],"curies":[{"name":"wp","href":"https:\/\/api.w.org\/{rel}","templated":true}]}}