{"id":4282,"date":"2021-04-20T08:01:37","date_gmt":"2021-04-20T08:01:37","guid":{"rendered":"http:\/\/desteptati.ro\/?p=4282"},"modified":"2021-04-20T08:01:37","modified_gmt":"2021-04-20T08:01:37","slug":"comunismul-din-romania","status":"publish","type":"post","link":"https:\/\/desteptati-va.ro\/index.php\/2021\/04\/20\/comunismul-din-romania\/","title":{"rendered":"Comunismul din Rom\u00e2nia"},"content":{"rendered":"<div class=\"post-content\"><div class='booster-block booster-read-block'>\n                <div class=\"twp-read-time\">\n                \t<i class=\"booster-icon twp-clock\"><\/i> <span>Read Time:<\/span>8 Minute, 16 Second                <\/div>\n\n            <\/div><div>\r\n<div style=\"text-align: justify;\"><\/div>\r\n<h4 style=\"text-align: justify;\">Ve\u0163i \u00een\u0163elege de ce \u00eemi este greu s\u0103-l numesc cu titulatura oficial\u0103 de Partidul Comunist Rom\u00e2n.P.C.R. nu are nimic rom\u00e2nesc \u015fi nu are nici un trecut istoric semnificativ \u00een Rom\u00e2nia.Legenda spune c\u0103 a fost creat \u00een mai 1921. \u00cenainte au existat c\u00e2\u021biva marxi\u015fti, intelectuali, f\u0103r\u0103 nici o influen\u0163\u0103 \u00een afacerile publice din Rom\u00e2nia. Ei erau influen\u0163a\u021bi de dou\u0103 figuri foarte active \u00een via\u0163a societ\u0103\u0163ii rom\u00e2ne\u015fti: evreul ucrainian Constantin Dobrogeanu-Gherea (n\u0103scut Solomon Katz) \u015fi bulgarul Cristian Rakovsky (n\u0103scut Kr\u0103stio Gheorghev Stancev) amic al lui Lenin \u015fi Tro\u021bki. Partidul din Rom\u00e2nia a fost creat din ini\u0163iativa \u015fi sub controlul direct al partidului bol\u015fevic sovietic.\u00cenc\u0103 de la creare, a luat pozi\u0163ii extrem de impopulare, de exemplu dezmembrarea Rom\u00e2niei Mari, abia creat\u0103, care ar fi dus la \u00eenghi\u0163irea Basarabiei de c\u0103tre Rusia Sovietic\u0103. (ceace s-a \u00eent\u00e2mplat mai t\u00e2rziu)Partidul comunist dovedea prin astfel de pozi\u0163ii c\u0103 nu caut\u0103 un succes electoral ci preluarea puterii numai prin for\u0163\u0103. Pentru astfel de pozi\u0163ii el a fost scos \u00een afar\u0103 legii \u00een 6 aprilie 1924.\u015ei \u00eenainte \u015fi dup\u0103 aceast\u0103 dat\u0103 el a fost condus de la Moscova unde se numeau secretarii partidului. Mul\u0163i dintre ei nu cuno\u015fteau limba rom\u00e2n\u0103.<span style=\"text-decoration: underline;\">Secretari ai PCR (Partidul Comunist Rom\u00e2n) \u00ee<\/span><span style=\"text-decoration: underline;\">ntre 1948 si 1965 s-a numit Partidul Muncitoresc Rom\u00e2n<\/span><\/h4>\r\n<\/div>\r\n<div><a style=\"color: #224562;\" href=\"http:\/\/ro.wikipedia.org\/wiki\/Gheorghe_Cristescu\">Gheorghe Cristescu Pl\u0103pumarul <\/a>(1921 \u2013 1924)<\/div>\r\n<div><a style=\"color: #224562;\" href=\"http:\/\/ro.wikipedia.org\/wiki\/Elek_K%C3%B6bl%C3%B6s\">Elek K\u00f6bl\u00f6s<\/a> (1924 \u2013 1927)<\/div>\r\n<div><a style=\"color: #224562;\" href=\"http:\/\/ro.wikipedia.org\/wiki\/Vitali_Holostenko\">Vitaly Holostenko<\/a> (1927 \u2013 1931)<\/div>\r\n<div><a style=\"color: #224562;\" href=\"http:\/\/ro.wikipedia.org\/wiki\/Alexander_Danieluk_%C8%98tefanski\">Alexandr \u015etefanski Gorn (Danieluk) <\/a>(1931 \u2013 1936)<\/div>\r\n<div>Boris \u015etefanov Mateiev (1936 \u2013 1940)<\/div>\r\n<div><a style=\"color: #224562;\" href=\"http:\/\/ro.wikipedia.org\/wiki\/%C8%98tefan_Fori%C8%99\">F\u00f3ri\u015f Istv\u00e1n<\/a> (1940 \u2013 1944)<\/div>\r\n<div><a style=\"color: #224562;\" href=\"http:\/\/ro.wikipedia.org\/wiki\/Gheorghe_Gheorghiu-Dej\">Gheorghe Gheorghiu-Dej <\/a>(1945 \u2013 1954)<\/div>\r\n<div><a style=\"color: #224562;\" href=\"http:\/\/ro.wikipedia.org\/wiki\/Gheorghe_Apostol\">Gheorghe Apostol (Aaron Gershwin)<\/a> (1954 \u2013 1955)<\/div>\r\n<div><a style=\"color: #224562;\" href=\"http:\/\/ro.wikipedia.org\/wiki\/Gheorghe_Gheorghiu-Dej\">Gheorghe Gheorghiu Dej <\/a>(1955 \u2013 1965)<\/div>\r\n<div><a style=\"color: #224562;\" href=\"http:\/\/ro.wikipedia.org\/wiki\/Nicolae_Ceau%C5%9Fescu\">Nicolae Ceau\u015fescu <\/a>(1965 \u2013 1989)<\/div>\r\n<div><\/div>\r\n<div><\/div>\r\n<h4 style=\"text-align: justify;\"><\/h4>\r\n<h4 style=\"text-align: justify;\"><\/h4>\r\n<figure id=\"attachment_4033\" aria-describedby=\"caption-attachment-4033\" style=\"width: 386px\" class=\"wp-caption aligncenter\"><img loading=\"lazy\" decoding=\"async\" class=\" wp-image-4033\" src=\"http:\/\/www.desteptati-va.ro\/wp-content\/uploads\/2011\/02\/untitled1.png\" alt=\"Gheorghe Gheorghiu Dej\" width=\"386\" height=\"437\" \/><figcaption id=\"caption-attachment-4033\" class=\"wp-caption-text\">Gheorghe Gheorghiu Dej<\/figcaption><\/figure>\r\n<h4 style=\"text-align: justify;\"><\/h4>\r\n<div>Cei din lista de mai sus, care erau etnici rom\u00e2ni, erau ni\u015fte frustra\u0163i; Gheorghiu-Dej, de\u015fi o figur\u0103 marginal\u0103 a grevei Grivita 1933, a petrecut 11 ani \u00een \u00eenchisori sau internare \u00een lag\u0103re, \u00een care timp a fost p\u0103r\u0103sit de nevast\u0103. De o indiscutabil\u0103 carism\u0103, ceea ce i-a permis s\u0103 ia conducerea comuni\u015ftilor \u00een \u00eenchisori, el nu avea studii \u015fi se sim\u0163ea umilit \u00een fa\u0163a unor intelectuali ca Lucre\u0163iu P\u0103tr\u0103\u015fcanu sau Ana Pauker.Ace\u015ftia, \u015fi \u00een special P\u0103tr\u0103\u015fcanu, au pl\u0103tit scump frustrarea lui Dej.P\u0103tr\u0103\u015fcanu a fost un alt exemplu de frustrat, cu o origine nu tocmai potrivit\u0103 partidului comunist; tat\u0103l s\u0103u a fost istoricul \u015fi prozatorul D. D. P\u0103tr\u0103\u015fcanu (1872-1937), iar mama sa provenea dintr-o familie boiereasc\u0103.\u00cen timpul ocupa\u0163iei Bucure\u015ftiului de c\u0103tre armatele germane, ungare \u015fi bulgare (1916 &#8211; 1918), tat\u0103l s\u0103u, D. D. P\u0103tr\u0103\u015fcanu, a avut o atitudine considerat\u0103 antipatriotic\u0103 \u015fi a fost \u00eenchis pentru scurt timp dup\u0103 reinstaurarea administra\u0163iei rom\u00e2ne\u015fti. \u00cen aceea\u015fi situa\u0163ie au fost Constantin Stere, Tudor Arghezi, Marta Bibescu, Tzigara-Samurca\u015f \u015fi al\u0163ii.\u00centreag\u0103 familie a c\u0103zut \u00een oprobiu \u00een perioada interbelic\u0103 \u015fi Lucre\u0163iu P\u0103tr\u0103\u015fcanu a suferit de ostracizarea societ\u0103\u0163ii bucure\u015ftene. Ca reac\u0163ie, el s-a lansat trup \u015fi suflet \u00een mi\u015fcarea comunist\u0103.<\/div>\r\n\r\n<figure id=\"attachment_3524\" aria-describedby=\"caption-attachment-3524\" style=\"width: 271px\" class=\"wp-caption aligncenter\"><a href=\"http:\/\/www.desteptati-va.ro\/wp-content\/uploads\/2012\/04\/Nicolae-Ceausescu.jpg\"><img loading=\"lazy\" decoding=\"async\" class=\" wp-image-3524\" title=\"Nicolae Ceausescu\" src=\"http:\/\/www.desteptati-va.ro\/wp-content\/uploads\/2012\/04\/Nicolae-Ceausescu-218x300.jpg\" alt=\"Nicolae Ceausescu\" width=\"271\" height=\"373\" \/><\/a><figcaption id=\"caption-attachment-3524\" class=\"wp-caption-text\">Nicolae Ceausescu<\/figcaption><\/figure>\r\n<h4 style=\"text-align: justify;\"><\/h4>\r\n<div>Frustr\u0103rile lui Nicolae Ceau\u015fescu aveau s\u0103 r\u0103bufneasc\u0103 cu v\u00e2rf \u015fi \u00eendesat prin anii 80. El era o f\u0103ptur\u0103 primitiv\u0103 (chiar \u015fi printre comuni\u015fti !), coleric \u015fi semi-analfabet.A avut nevoie de spectacole grote\u015fti \u00een care \u00eemp\u0103ra\u0163i romani, regi daci \u015fi voevozi rom\u00e2ni \u00eei \u00abdau raportul\u00bb lui, neispr\u0103rvitului de la Scornice\u015fti.A avut nevoie de recunoa\u015ftere, a publicat zeci de mii de pagini traduse \u00een sute de limbi pe care nu prea le-a citit nimeni, nici m\u0103car el !Datorit\u0103 lui Nicolae Ceau\u015fescu, in ultimii ani ai existen\u0163ei acestuia, comunismul din Romania a fost o form\u0103 de despotism asiatic ridicol.Sistemul comunist imaginat de Lenin permite ca o societate sa fie condus\u0103 dup\u0103 frustr\u0103rile si bunul plac al unor lideri ca Stalin, Gheorghiu-Dej, Mathias Rakosi, Walter Ulbricht, Fidel Castro, Boles\u0142aw Bierut, Mao Tse Dung, Klement Gottwald sau N. Ceau\u015fescu.Ceea ce frapeaz\u0103 c\u00e2nd privim numele comuni\u015ftilor rom\u00e2ni din perioada aservirii absolute Moscovei, adic\u0103 de la \u00eenceput, \u00een 1921, \u015fi p\u00e2n\u0103 prin 1957, este prezen\u0163a majoritar\u0103 a unor element alogene.S-a v\u0103zut clar c\u0103 \u00een perioada cea mai neagr\u0103 a comunismului din Rom\u00e2nia \u00een posturi de conducere, de represiune, \u00een direc\u0163iiile ideologic\u0103 \u015fi cultural\u0103 se g\u0103seau \u00een special evrei (adic\u0103 proveni\u0163i din familii evreie\u015fti). Ace\u015ftia au pus um\u0103rul cu s\u00e2rg \u015fi entuziasm s\u0103 duc\u0103 Rom\u00e2nia pe calea cea dezastroas\u0103.Judeca\u021bi \u0219i dvs. :<\/div>\r\n<h4 style=\"text-align: justify;\"><\/h4>\r\n<div><a style=\"color: #224562;\" href=\"http:\/\/ro.wikipedia.org\/wiki\/Ana_Pauker\">Ana Pauker n\u0103scut\u0103 Hannah Rabinsohn<\/a><\/div>\r\n<div><a style=\"color: #224562;\" href=\"http:\/\/ro.wikipedia.org\/wiki\/Teohari_Georgescu\">Teohari Georgescu n\u0103scut Burach Teskovich<\/a><\/div>\r\n<div><a style=\"color: #224562;\" href=\"http:\/\/ro.wikipedia.org\/wiki\/Gheorghe_Apostol\">Gheorghe Apostol n\u0103scut Aaron Gershwin<\/a><\/div>\r\n<div><a style=\"color: #224562;\" href=\"http:\/\/ro.wikipedia.org\/wiki\/Lothar_R%C4%83d%C4%83ceanu\">Lothar R\u0103d\u0103ceanu, n\u0103scut Lothar Wuertzel<\/a><\/div>\r\n<div>Iosif Ki\u015finevsky n\u0103scut Ioska Roitman<\/div>\r\n<div><a style=\"color: #224562;\" href=\"http:\/\/ro.wikipedia.org\/wiki\/Liuba_Chi%C8%99inevschi\">Liuba Chi\u0219inevschi<\/a><\/div>\r\n<div><a style=\"color: #224562;\" href=\"http:\/\/ro.wikipedia.org\/wiki\/Leonte_R%C4%83utu\">Leonte Rautu n\u0103scut Lev Oigenstein<\/a><\/div>\r\n<div><a style=\"color: #224562;\" href=\"http:\/\/ro.wikipedia.org\/wiki\/Petre_Boril%C4%83\">Petre Boril\u0103 n\u0103scut Iordan Dragan Russev<\/a><\/div>\r\n<div><a style=\"color: #224562;\" href=\"http:\/\/ro.wikipedia.org\/wiki\/Vasile_Luca\">Vasile Luca n\u0103scut Lukacs Laszlo<\/a><\/div>\r\n<div><a style=\"color: #224562;\" href=\"http:\/\/ro.wikipedia.org\/wiki\/Alexandru_Moghioro%C5%9F\">Alexandru Moghioro\u015f n\u0103scut Balogh Joszef<\/a><\/div>\r\n<div><a style=\"color: #224562;\" href=\"http:\/\/ro.wikipedia.org\/wiki\/Silviu_Brucan\">Silviu Brucan n\u0103scut Saul Brukner<\/a><\/div>\r\n<div><a style=\"color: #224562;\" href=\"http:\/\/ro.wikipedia.org\/wiki\/Emil_Bodn%C4%83ra%C8%99\">Emil Bodn\u0103ra\u015f n\u0103scut Emilian Botnarenko<\/a><\/div>\r\n<div><a style=\"color: #224562;\" href=\"http:\/\/ro.wikipedia.org\/wiki\/Walter_Roman\">Walter Roman n\u0103scut Ern\u0151 Neul\u00e4nder<\/a><\/div>\r\n<div><a style=\"color: #224562;\" href=\"http:\/\/ro.wikipedia.org\/wiki\/Miron_Constantinescu\">Miron Constantinescu n\u0103scut Mehr Kohn<\/a><\/div>\r\n<div><a style=\"color: #224562;\" href=\"http:\/\/ro.wikipedia.org\/wiki\/Alexandru_B%C3%AErl%C4%83deanu\">Alexandru B\u00eerladeanu n\u0103scut Sa\u015fa Goldenberg<\/a><\/div>\r\n<div><a style=\"color: #224562;\" href=\"http:\/\/ro.wikipedia.org\/wiki\/Leontin_S%C4%83l%C4%83jan\">Leontin S\u0103l\u0103jan\u00a0 n\u0103scut Szil\u00e1gyi Leon<\/a><\/div>\r\n<div><a style=\"color: #224562;\" href=\"http:\/\/ro.wikipedia.org\/wiki\/Gheorghe_Gaston-Marin\">Gheorghe Gaston Marin n\u0103scut Ghiuri Grossmann<\/a><\/div>\r\n<div><a style=\"color: #224562;\" href=\"http:\/\/ro.wikipedia.org\/wiki\/Leonid_Tismine%C8%9Bki\">Leonid Tism\u0103neanu n\u0103scut Leon Moiseevici Tismene\u0163ki,<\/a><\/div>\r\n<div><a style=\"color: #224562;\" href=\"http:\/\/ro.wikipedia.org\/wiki\/Avram_Bunaciu\">Avram Bunaciu n\u0103scut Abraham Gutman<\/a><\/div>\r\n<div><a style=\"color: #224562;\" href=\"http:\/\/ro.wikipedia.org\/wiki\/Gheorghe_Stoica\">Gheorghe Stoica n\u0103scut Moscu Kohn<\/a><\/div>\r\n<div><a style=\"color: #224562;\" href=\"http:\/\/ro.wikipedia.org\/wiki\/Maxim_Berghianu\">Maxim Berghianu n\u0103scut Maximilian Bergmann<\/a><\/div>\r\n<div><a style=\"color: #224562;\" href=\"http:\/\/ro.wikipedia.org\/wiki\/Gheorghe_Pintilie\">Gheorghe Pintilie n\u0103scut Pantelei Bodnarenco zis Pantiu\u015fa<\/a><\/div>\r\n<div><a style=\"color: #224562;\" href=\"http:\/\/ro.wikipedia.org\/wiki\/Dumitru_Coliu\">Dumitru Coliu n\u0103scut Dimit\u0103r Kolev<\/a><\/div>\r\n<div><a style=\"color: #224562;\" href=\"http:\/\/ro.wikipedia.org\/wiki\/Ion_Vin%C5%A3e\">Ion Vin\u0163e n\u0103scut Vincze J\u00e1nos<\/a><\/div>\r\n<div><a style=\"color: #224562;\" href=\"http:\/\/ro.wikipedia.org\/wiki\/Alexandru_Nicolschi\">Alexandru Nicolschi n\u0103scut Boris Gr\u00fcnberg<\/a><\/div>\r\n<div><a style=\"color: #224562;\" href=\"http:\/\/ro.wikipedia.org\/wiki\/Mi%C8%99u_Dulgheru\">Mihai Dulgheru n\u0103scut Mi\u015fa Dulbergh<\/a><\/div>\r\n<div>Mihai Florescu n\u0103scut Misha Iakobi<\/div>\r\n<div><a style=\"color: #224562;\" href=\"http:\/\/ro.wikipedia.org\/wiki\/Ana_Toma\">Ana Toma n\u0103scut\u0103 Ana Grossman<\/a><\/div>\r\n<div><a style=\"color: #224562;\" href=\"http:\/\/ro.wikipedia.org\/wiki\/Alexandru_Sencovici\">Alexandru Sencovici n\u0103scut Szenkovits S\u00e0ndor\u015etrul Mauriciu<\/a><\/div>\r\n<div>Moises Haupt<\/div>\r\n<div>\u015etefan Coller (Koller)<\/div>\r\n<div>Feller Moritz<\/div>\r\n<h4 style=\"text-align: justify;\"><\/h4>\r\n<h4 style=\"text-align: justify;\"><\/h4>\r\n<h4 style=\"text-align: justify;\"><\/h4>\r\n<h4 style=\"text-align: justify;\"><\/h4>\r\n<h4 style=\"text-align: justify;\"><\/h4>\r\n<div><strong>Domeniul cultural<\/strong><\/div>\r\n<div><a style=\"color: #224562;\" href=\"http:\/\/ro.wikipedia.org\/wiki\/Aurel_Baranga\">Aurel Baranga n\u0103scut Ariel Leibovich<\/a><\/div>\r\n<div><a style=\"color: #224562;\" href=\"http:\/\/ro.wikipedia.org\/wiki\/Marcel_Bresla%C5%9Fu\">Marcel Bresla\u015fu n\u0103scut Mark Breslau<\/a><\/div>\r\n<div><a style=\"color: #224562;\" href=\"http:\/\/ro.wikipedia.org\/wiki\/Jules_Perahim\">Jules Perahim n\u0103scut Iulis Blumenfeld<\/a><\/div>\r\n<div><a style=\"color: #224562;\" href=\"http:\/\/ro.wikipedia.org\/wiki\/Nina_Cassian\">Nina Cassian n\u0103scut\u0103 Ren\u00e9e Annie Cassian<\/a><\/div>\r\n<div><a style=\"color: #224562;\" href=\"http:\/\/ro.wikipedia.org\/wiki\/Veronica_Porumbacu\">Veronica Porumbacu n\u0103scut\u0103 Veronika Schwefelberg<\/a><\/div>\r\n<div><a style=\"color: #224562;\" href=\"http:\/\/ro.wikipedia.org\/wiki\/Alexandru_Graur\">Alexandru Graur n\u0103scut Alter Brauer<\/a><\/div>\r\n<div><a style=\"color: #224562;\" href=\"http:\/\/ro.wikipedia.org\/wiki\/Alexandru_Toma\">Alexandru Toma n\u0103scut Solomon Moscovici<\/a><\/div>\r\n<div><a style=\"color: #224562;\" href=\"http:\/\/ro.wikipedia.org\/wiki\/Ion_C%C4%83lug%C4%83ru\">Ion C\u0103lug\u0103ru n\u0103scut \u0218trul Leiba Croitoru<\/a><\/div>\r\n<div><a style=\"color: #224562;\" href=\"http:\/\/ro.wikipedia.org\/wiki\/Maria_Banu%C8%99\">Maria Banu\u015f fata lui Max Banush de la banca Marmorosch Blank<\/a><\/div>\r\n<div><a style=\"color: #224562;\" href=\"http:\/\/ro.wikipedia.org\/wiki\/A.E._Baconsky\">A.E. Bakonsky n\u0103scut Anatol Eftimievici Baconsky<\/a><\/div>\r\n<div><a style=\"color: #224562;\" href=\"http:\/\/ro.wikipedia.org\/wiki\/Ovid_S._Crohm%C4%83lniceanu\">Ovid S. Crohm\u0103lniceanu n\u0103scut Moise Cohn<\/a><\/div>\r\n<div><a style=\"color: #224562;\" href=\"http:\/\/ro.wikipedia.org\/wiki\/Alexandru_Jar\">Alexandru Jar n\u0103scut Alexander Avram<\/a><\/div>\r\n<div><a style=\"color: #224562;\" href=\"http:\/\/ro.wikipedia.org\/wiki\/Mihail_Davidoglu\">Mihail Davidoglu n\u0103scut Moise Davidson<\/a><\/div>\r\n<div><a style=\"color: #224562;\" href=\"http:\/\/ro.wikipedia.org\/wiki\/Ion_Vitner\">Ion Vitner n\u0103scut I\u0163ic Wittner<\/a><\/div>\r\n<div><a style=\"color: #224562;\" href=\"http:\/\/ro.wikipedia.org\/wiki\/Alexandru_Mirodan\">Alexandru Mirodan n\u0103scut Alexander Zissu Saltman<\/a><\/div>\r\n<h4 style=\"text-align: justify;\"><\/h4>\r\n<h4><strong>Vechi ilegalisti:<\/strong><\/h4>\r\n<h4><a style=\"color: #224562;\" href=\"http:\/\/ro.wikipedia.org\/wiki\/Sc%C3%AEnteia\">Iosif Ardeleanu n\u0103scut D\u00f4me Adler<\/a><\/h4>\r\n<h4>Haia Lifschitz<\/h4>\r\n<h4><a style=\"color: #224562;\" href=\"http:\/\/ro.wikipedia.org\/wiki\/%C5%9Etefan_Voicu\">\u015etefan Voicu n\u0103scut Aurel Rotenberg<\/a><\/h4>\r\n<h4>Zina Br\u00e2ncu n\u0103scut\u0103 Haia Grinberg<\/h4>\r\n<h4>Bela Breiner<\/h4>\r\n<h4>Petru N\u0103vodaru n\u0103scut Petr Fischer<\/h4>\r\n<h4><a style=\"color: #224562;\" href=\"http:\/\/ro.wikipedia.org\/wiki\/Barbu_Zaharescu\">Barbu Zaharescu n\u0103scut Bercu Zukerman<\/a><\/h4>\r\n<h4><a style=\"color: #224562;\" href=\"http:\/\/ro.wikipedia.org\/wiki\/Belu_Zilber\">Belu Zilber n\u0103scut Herbert Zilber<\/a><\/h4>\r\n<h4><a style=\"color: #224562;\" href=\"http:\/\/ro.wikipedia.org\/wiki\/Vanda_Nicolschi\">Vanda Nicolschi n\u0103scut\u0103 Sheiva Averbuch<\/a><\/h4>\r\n<h4>Mircea B\u0103l\u0103nescu n\u0103scut Eugen Bendel<\/h4>\r\n<h4><a style=\"color: #224562;\" href=\"http:\/\/ro.wikipedia.org\/wiki\/Remus_Koffler\">Remus Koffler<\/a><\/h4>\r\n<h4>Basil Spiru n\u0103scut Enrich Kutschnecker<\/h4>\r\n<h4>\u015etrul Zigelbo\u00efm<\/h4>\r\n<h4><a style=\"color: #224562;\" href=\"http:\/\/ro.wikipedia.org\/wiki\/Petre_Lupu\">Petre Lupu n\u0103scut Wolf Pressman<\/a><\/h4>\r\n<h4>Leon Lichtblau<\/h4>\r\n<h4>\u00a0E adev\u0103rat c\u0103 \u00een Rom\u00e2nia interbelic\u0103, curentul antisemit era foarte puternic \u015fi a dus la multe orori comise de anumi\u0163i rom\u00e2ni.Evreii nu aveau nici un motiv s\u0103 iubeasc\u0103 societatea rom\u00e2neasc\u0103. Poate asta explic\u0103 aderarea lor \u00een num\u0103r at\u00e2t de mare la minusculul partid communist \u015fi entuziasmul cu totul deplasat manifestat la ocuparea Basarabiei de c\u0103tre sovietici \u00een iunie 1940.Toate astea au dus, ca reac\u0163ie, la pogromuri \u015fi atrocit\u0103\u0163i \u00eendreptate, ca de obicei, contra unor nevinova\u0163i. Bine\u00een\u0163eles, barbaria unora nu justific\u0103 alte barbarii.Dar dac\u0103 unii rom\u00e2ni s-au comportat odios \u00eenainte de r\u0103zboi, mul\u0163i evrei nu s-au comportat oare la fel de odios dup\u0103 r\u0103zboi?E adev\u0103rat c\u0103 ei nu au ac\u0163ionat \u00een calitate de evrei, ci de comuni\u015fti, nefiind majoritari printre evrei. Uneori chiar al\u0163i evrei au avut de suferit \u00een urma ac\u0163iunilor acestor evrei comuni\u015fti.De ce oare faptele unor evrei din anii \u201850 nu dau oare de g\u00e2ndit evreilor de azi?Responsibilitatea, fie ea numai moral\u0103, n-ar trebuii oare recunoscut\u0103 \u015fi asumat\u0103?Germanii din noile genera\u0163ii \u00ee\u015fi recunosc o responsabilitate moral\u0103 \u015fi material\u0103 fa\u0163\u0103 de evrei. Au pl\u0103tit \u015fi continu\u0103 s\u0103 pl\u0103teasc\u0103 compensa\u0163ii colective statului Israel, dar \u015fi individuale supravie\u0163uitorilor.Pe mul\u0163i dintre evreii de azi nu-i mai intereseaz\u0103 dec\u00e2t Auschwitz-ul \u015fi nu vor s\u0103 \u015ftie absolut nimic de Sighet, Aiud, Pite\u015fti, Canal, etc.E normal s\u0103-i preocupe trista soart\u0103 a multor evrei \u00een timpul celui de al II lea R\u0103zboi Mondial, dar n-au avut oare timp s\u0103 remarce nici o crim\u0103 sau persecu\u0163ie contra rom\u00e2nilor?C\u00e2nd comunismul anilor \u201860 a c\u0103p\u0103tat o tent\u0103 oarecum antisemit\u0103, mul\u0163i dintre ei au plecat \u00een Israel l\u0103s\u00e2nd rom\u00e2nilor \u201cminunata\u201d inven\u0163ie a lui Marx \u015fi Engels. Acolo, unii fo\u015fti membri \u00een aparatul represiv, s-au dat chiar drept victime ale comunismului!!!Un exemplu este cel al lui Coler sau Koller, fost commandant al \u00eenchisorii de la Aiud \u015fi tor\u0163ionar celebru. El sus\u0163inea c\u0103 \u015fi-a pierdut postul din cauza \u201cantisemitismului rom\u00e2nesc\u201d!Altul este cel al lui Jules Perahim (Iulis Blumenfeld) care \u00een anii 50 \u0219i 60 t\u0103ia, sp\u00e2nzura \u0219i demasca al\u0103turi de Leonte R\u0103utu (Lev Oigenstein) iar mai apoi, la Paris, a devenit un mare dizident anticomunist.\u015ei totu\u015fi, nu cred c\u0103 evreilor de ast\u0103zi li se cere mult; s\u0103 recunoasc\u0103 doar \u015fi s\u0103-\u015fi aminteasc\u0103 \u015fi de suferin\u0163ele provocate rom\u00e2nilor de c\u0103tre unii dintre co-religionari de ai lor.E mult? E greu?<\/h4>\r\n<h4 style=\"text-align: justify;\"><\/h4>\r\n<div>\r\n<h4>\u00cen 1984, c\u00e2teva calug\u0103ri\u0163e carmelite poloneze au \u00eenfiin\u0163at o mic\u0103 m\u00e2n\u0103stire \u00een incinta fostului lag\u0103r Auschwitz-Birkenau, actualmente muzeu, considerat simbol al crimelor \u00een mas\u0103 comise de nazi\u015fti \u015fi, \u00een particular, al uciderii evreilor. Ele voiau s\u0103 se roage \u00een acest loc simbolic pentru m\u00e2ntuirea tuturor. Comunitatea evreiasc\u0103 din \u00eentreaga lume a \u00eenceput o puternic\u0103 \u015fi violent\u0103 campanie de pres\u0103 contra prezen\u0163ei acestei m\u00e2n\u0103stiri \u00een acel loc, considerat de evrei ca unul apar\u0163in\u00e2nd exclusiv memoriei \u00abSolu\u0163iei finale\u00bb. Campania a fost extrem de intens\u0103 \u015fi a durat 9 (nou\u0103) ani. \u00cen cele din urm\u0103, la interven\u0163ia Papei Ioan Paul al II lea, m\u0103n\u0103stirea s-a mutat din fostul lag\u0103r \u00een 1993.Prin analogie cu cele de mai sus, ce ar spune comunitatea evreiasc\u0103 dac\u0103, de exemplu, fiul lui Heinrich Himmler ar fi numit pre\u015fedinte al unui \u00ab Institut de Investigare a Crimelor celui de al III lea Reich\u00bb? De altfel, el ar \u015fti multe, din familie!Bine\u00een\u0163eles, \u00eentr-o societate normal\u0103 nimeni nu e responsabil de faptele p\u0103rin\u0163ilor s\u0103i.Revenind \u00een Rom\u00e2nia, ce pot g\u00e2ndi oare victimele represiunii comuniste \u015fi urma\u015fii acestora despre numirea lui V. Tism\u0103neanu (Volodea Leonidovici Tismene\u0163ki) \u00een fruntea \u00abInstitutului de Investigare a Crimelor Comunismului \u015fi Memoria Exilului Rom\u00e2nesc\u00bb?Dar despre desemnarea aceleea\u015fi persoane ca raportor al \u00abComisiei Preziden\u0163iale pentru Analiza dictaturii comuniste din Rom\u00e2nia\u00bb?Bine\u00een\u0163eles, \u00eentr-o societate normal\u0103 nimeni nu e responsabil de faptele p\u0103rin\u0163ilor s\u0103i.<\/h4>\r\n<\/div>\r\n<div>\r\n<div>\r\n<h4 style=\"text-align: justify;\"><\/h4>\r\n<h4 style=\"text-align: justify;\"><span style=\"color: #c0c0c0;\"><em>Sursa: <span style=\"color: #c0c0c0;\"><a title=\"sursa\" href=\"http:\/\/maidanul.blogspot.ro\/2011\/11\/evreii-si-comunisxmul-in-romania.html\">Blogosfera-maidanul.blogspot.ro<\/a><\/span><\/em><\/span><\/h4>\r\n<h4 style=\"text-align: justify;\"><\/h4>\r\n<\/div>\r\n<\/div>        <div class=\"booster-block booster-reactions-block\">\n            <div class=\"twp-reactions-icons\">\n                \n                <div class=\"twp-reacts-wrap\">\n                    <a react-data=\"be-react-1\" post-id=\"4282\" class=\"be-face-icons un-reacted\" href=\"javascript:void(0)\">\n                        <img decoding=\"async\" src=\"https:\/\/desteptati-va.ro\/wp-content\/plugins\/booster-extension\/\/assets\/icon\/happy.svg\" alt=\"Happy\">\n                    <\/a>\n                    <div class=\"twp-reaction-title\">\n                        Happy                    <\/div>\n                    <div class=\"twp-count-percent\">\n                                                    <span style=\"display: none;\" class=\"twp-react-count\">0<\/span>\n                        \n                                                <span class=\"twp-react-percent\"><span>0<\/span> %<\/span>\n                                            <\/div>\n                <\/div>\n\n                <div class=\"twp-reacts-wrap\">\n                    <a react-data=\"be-react-2\" post-id=\"4282\" class=\"be-face-icons un-reacted\" href=\"javascript:void(0)\">\n                        <img decoding=\"async\" src=\"https:\/\/desteptati-va.ro\/wp-content\/plugins\/booster-extension\/\/assets\/icon\/sad.svg\" alt=\"Sad\">\n                    <\/a>\n                    <div class=\"twp-reaction-title\">\n                        Sad                    <\/div>\n                    <div class=\"twp-count-percent\">\n                                                    <span style=\"display: none;\" class=\"twp-react-count\">0<\/span>\n                                                                        <span class=\"twp-react-percent\"><span>0<\/span> %<\/span>\n                                            <\/div>\n                <\/div>\n\n                <div class=\"twp-reacts-wrap\">\n                    <a react-data=\"be-react-3\" post-id=\"4282\" class=\"be-face-icons un-reacted\" href=\"javascript:void(0)\">\n                        <img decoding=\"async\" src=\"https:\/\/desteptati-va.ro\/wp-content\/plugins\/booster-extension\/\/assets\/icon\/excited.svg\" alt=\"Excited\">\n                    <\/a>\n                    <div class=\"twp-reaction-title\">\n                        Excited                    <\/div>\n                    <div class=\"twp-count-percent\">\n                                                    <span style=\"display: none;\" class=\"twp-react-count\">0<\/span>\n                                                                        <span class=\"twp-react-percent\"><span>0<\/span> %<\/span>\n                                            <\/div>\n                <\/div>\n\n                <div class=\"twp-reacts-wrap\">\n                    <a react-data=\"be-react-6\" post-id=\"4282\" class=\"be-face-icons un-reacted\" href=\"javascript:void(0)\">\n                        <img decoding=\"async\" src=\"https:\/\/desteptati-va.ro\/wp-content\/plugins\/booster-extension\/\/assets\/icon\/sleepy.svg\" alt=\"Sleepy\">\n                    <\/a>\n                    <div class=\"twp-reaction-title\">\n                        Sleepy                    <\/div>\n                    <div class=\"twp-count-percent\">\n                                                    <span style=\"display: none;\" class=\"twp-react-count\">0<\/span>\n                        \n                                                <span class=\"twp-react-percent\"><span>0<\/span> %<\/span>\n                                            <\/div>\n                <\/div>\n\n                <div class=\"twp-reacts-wrap\">\n                    <a react-data=\"be-react-4\" post-id=\"4282\" class=\"be-face-icons un-reacted\" href=\"javascript:void(0)\">\n                        <img decoding=\"async\" src=\"https:\/\/desteptati-va.ro\/wp-content\/plugins\/booster-extension\/\/assets\/icon\/angry.svg\" alt=\"Angry\">\n                    <\/a>\n                    <div class=\"twp-reaction-title\">Angry<\/div>\n                    <div class=\"twp-count-percent\">\n                                                    <span style=\"display: none;\" class=\"twp-react-count\">0<\/span>\n                                                                        <span class=\"twp-react-percent\"><span>0<\/span> %<\/span>\n                        \n                    <\/div>\n                <\/div>\n\n                <div class=\"twp-reacts-wrap\">\n                    <a react-data=\"be-react-5\" post-id=\"4282\" class=\"be-face-icons un-reacted\" href=\"javascript:void(0)\">\n                        <img decoding=\"async\" src=\"https:\/\/desteptati-va.ro\/wp-content\/plugins\/booster-extension\/\/assets\/icon\/surprise.svg\" alt=\"Surprise\">\n                    <\/a>\n                    <div class=\"twp-reaction-title\">Surprise<\/div>\n                    <div class=\"twp-count-percent\">\n                                                    <span style=\"display: none;\" class=\"twp-react-count\">0<\/span>\n                                                                        <span class=\"twp-react-percent\"><span>0<\/span> %<\/span>\n                                            <\/div>\n                <\/div>\n\n            <\/div>\n        <\/div>\n\n    <\/div>","protected":false},"excerpt":{"rendered":"<p>Ve\u0163i \u00een\u0163elege de ce \u00eemi este greu s\u0103-l numesc cu titulatura oficial\u0103 de Partidul Comunist Rom\u00e2n.P.C.R. nu are nimic rom\u00e2nesc<a href=\"https:\/\/desteptati-va.ro\/index.php\/2021\/04\/20\/comunismul-din-romania\/\">Read More<i class=\"fa fa-long-arrow-right\" aria-hidden=\"true\"><\/i><\/a><\/p>\n","protected":false},"author":1,"featured_media":2745,"comment_status":"open","ping_status":"open","sticky":false,"template":"","format":"standard","meta":{"_crdt_document":"","footnotes":""},"categories":[27],"tags":[911],"class_list":["post-4282","post","type-post","status-publish","format-standard","has-post-thumbnail","hentry","category-romania-sub-ceausescu","tag-comunism"],"rise-blocks_total_comments":1,"rise-blocks_categories":[{"term_id":27,"name":"Romania sub Ceausescu","slug":"romania-sub-ceausescu","term_group":0,"term_taxonomy_id":27,"taxonomy":"category","description":"","parent":0,"count":6,"filter":"raw"}],"rise-blocks_excerpt":"Ve\u0163i \u00een\u0163elege de ce \u00eemi este greu s\u0103-l numesc cu titulatura oficial\u0103 de Partidul Comunist Rom\u00e2n.P.C.R. nu are nimic rom\u00e2nesc \u015fi nu are nici un trecut istoric semnificativ \u00een Rom\u00e2nia.Legenda spune c\u0103 a fost creat \u00een mai 1921. \u00cenainte au existat c\u00e2\u021biva marxi\u015fti, intelectuali, f\u0103r\u0103 nici o influen\u0163\u0103 \u00een afacerile publice din Rom\u00e2nia. Ei erau influen\u0163a\u021bi de dou\u0103 figuri foarte..","yoast_head":"<!-- This site is optimized with the Yoast SEO plugin v26.9 - https:\/\/yoast.com\/product\/yoast-seo-wordpress\/ -->\r\n<title>Comunismul din Rom\u00e2nia -<\/title>\r\n<meta name=\"robots\" content=\"index, follow, max-snippet:-1, max-image-preview:large, max-video-preview:-1\" \/>\r\n<link rel=\"canonical\" href=\"https:\/\/desteptati-va.ro\/index.php\/2021\/04\/20\/comunismul-din-romania\/\" \/>\r\n<meta property=\"og:locale\" content=\"ro_RO\" \/>\r\n<meta property=\"og:type\" content=\"article\" \/>\r\n<meta property=\"og:title\" content=\"Comunismul din Rom\u00e2nia -\" \/>\r\n<meta property=\"og:description\" content=\"Ve\u0163i \u00een\u0163elege de ce \u00eemi este greu s\u0103-l numesc cu titulatura oficial\u0103 de Partidul Comunist Rom\u00e2n.P.C.R. nu are nimic rom\u00e2nescRead More\" \/>\r\n<meta property=\"og:url\" content=\"https:\/\/desteptati-va.ro\/index.php\/2021\/04\/20\/comunismul-din-romania\/\" \/>\r\n<meta property=\"article:published_time\" content=\"2021-04-20T08:01:37+00:00\" \/>\r\n<meta property=\"og:image\" content=\"https:\/\/desteptati-va.ro\/wp-content\/uploads\/2021\/04\/stema_PCR_copy_top.jpg\" \/>\r\n\t<meta property=\"og:image:width\" content=\"250\" \/>\r\n\t<meta property=\"og:image:height\" content=\"250\" \/>\r\n\t<meta property=\"og:image:type\" content=\"image\/jpeg\" \/>\r\n<meta name=\"author\" content=\"wolfsoftcompany\" \/>\r\n<meta name=\"twitter:card\" content=\"summary_large_image\" \/>\r\n<meta name=\"twitter:label1\" content=\"Scris de\" \/>\n\t<meta name=\"twitter:data1\" content=\"wolfsoftcompany\" \/>\n\t<meta name=\"twitter:label2\" content=\"Timp estimat pentru citire\" \/>\n\t<meta name=\"twitter:data2\" content=\"9 minute\" \/>\r\n<script type=\"application\/ld+json\" class=\"yoast-schema-graph\">{\"@context\":\"https:\/\/schema.org\",\"@graph\":[{\"@type\":\"Article\",\"@id\":\"https:\/\/desteptati-va.ro\/index.php\/2021\/04\/20\/comunismul-din-romania\/#article\",\"isPartOf\":{\"@id\":\"https:\/\/desteptati-va.ro\/index.php\/2021\/04\/20\/comunismul-din-romania\/\"},\"author\":{\"name\":\"wolfsoftcompany\",\"@id\":\"https:\/\/desteptati-va.ro\/#\/schema\/person\/13182deeebd44920914899f7bb262d6b\"},\"headline\":\"Comunismul din Rom\u00e2nia\",\"datePublished\":\"2021-04-20T08:01:37+00:00\",\"mainEntityOfPage\":{\"@id\":\"https:\/\/desteptati-va.ro\/index.php\/2021\/04\/20\/comunismul-din-romania\/\"},\"wordCount\":1886,\"commentCount\":0,\"image\":{\"@id\":\"https:\/\/desteptati-va.ro\/index.php\/2021\/04\/20\/comunismul-din-romania\/#primaryimage\"},\"thumbnailUrl\":\"https:\/\/desteptati-va.ro\/wp-content\/uploads\/2021\/04\/stema_PCR_copy_top.jpg\",\"keywords\":[\"comunism\"],\"articleSection\":[\"Romania sub Ceausescu\"],\"inLanguage\":\"ro-RO\",\"potentialAction\":[{\"@type\":\"CommentAction\",\"name\":\"Comment\",\"target\":[\"https:\/\/desteptati-va.ro\/index.php\/2021\/04\/20\/comunismul-din-romania\/#respond\"]}]},{\"@type\":\"WebPage\",\"@id\":\"https:\/\/desteptati-va.ro\/index.php\/2021\/04\/20\/comunismul-din-romania\/\",\"url\":\"https:\/\/desteptati-va.ro\/index.php\/2021\/04\/20\/comunismul-din-romania\/\",\"name\":\"Comunismul din Rom\u00e2nia -\",\"isPartOf\":{\"@id\":\"https:\/\/desteptati-va.ro\/#website\"},\"primaryImageOfPage\":{\"@id\":\"https:\/\/desteptati-va.ro\/index.php\/2021\/04\/20\/comunismul-din-romania\/#primaryimage\"},\"image\":{\"@id\":\"https:\/\/desteptati-va.ro\/index.php\/2021\/04\/20\/comunismul-din-romania\/#primaryimage\"},\"thumbnailUrl\":\"https:\/\/desteptati-va.ro\/wp-content\/uploads\/2021\/04\/stema_PCR_copy_top.jpg\",\"datePublished\":\"2021-04-20T08:01:37+00:00\",\"author\":{\"@id\":\"https:\/\/desteptati-va.ro\/#\/schema\/person\/13182deeebd44920914899f7bb262d6b\"},\"breadcrumb\":{\"@id\":\"https:\/\/desteptati-va.ro\/index.php\/2021\/04\/20\/comunismul-din-romania\/#breadcrumb\"},\"inLanguage\":\"ro-RO\",\"potentialAction\":[{\"@type\":\"ReadAction\",\"target\":[\"https:\/\/desteptati-va.ro\/index.php\/2021\/04\/20\/comunismul-din-romania\/\"]}]},{\"@type\":\"ImageObject\",\"inLanguage\":\"ro-RO\",\"@id\":\"https:\/\/desteptati-va.ro\/index.php\/2021\/04\/20\/comunismul-din-romania\/#primaryimage\",\"url\":\"https:\/\/desteptati-va.ro\/wp-content\/uploads\/2021\/04\/stema_PCR_copy_top.jpg\",\"contentUrl\":\"https:\/\/desteptati-va.ro\/wp-content\/uploads\/2021\/04\/stema_PCR_copy_top.jpg\",\"width\":250,\"height\":250},{\"@type\":\"BreadcrumbList\",\"@id\":\"https:\/\/desteptati-va.ro\/index.php\/2021\/04\/20\/comunismul-din-romania\/#breadcrumb\",\"itemListElement\":[{\"@type\":\"ListItem\",\"position\":1,\"name\":\"Prima pagin\u0103\",\"item\":\"https:\/\/desteptati-va.ro\/\"},{\"@type\":\"ListItem\",\"position\":2,\"name\":\"Comunismul din Rom\u00e2nia\"}]},{\"@type\":\"WebSite\",\"@id\":\"https:\/\/desteptati-va.ro\/#website\",\"url\":\"https:\/\/desteptati-va.ro\/\",\"name\":\"\",\"description\":\"\",\"potentialAction\":[{\"@type\":\"SearchAction\",\"target\":{\"@type\":\"EntryPoint\",\"urlTemplate\":\"https:\/\/desteptati-va.ro\/?s={search_term_string}\"},\"query-input\":{\"@type\":\"PropertyValueSpecification\",\"valueRequired\":true,\"valueName\":\"search_term_string\"}}],\"inLanguage\":\"ro-RO\"},{\"@type\":\"Person\",\"@id\":\"https:\/\/desteptati-va.ro\/#\/schema\/person\/13182deeebd44920914899f7bb262d6b\",\"name\":\"wolfsoftcompany\",\"image\":{\"@type\":\"ImageObject\",\"inLanguage\":\"ro-RO\",\"@id\":\"https:\/\/desteptati-va.ro\/#\/schema\/person\/image\/\",\"url\":\"https:\/\/secure.gravatar.com\/avatar\/a6cce9b6d101d27d91690e7073e300fed94c0899890bf998e082cb9d2c3d121e?s=96&d=mm&r=g\",\"contentUrl\":\"https:\/\/secure.gravatar.com\/avatar\/a6cce9b6d101d27d91690e7073e300fed94c0899890bf998e082cb9d2c3d121e?s=96&d=mm&r=g\",\"caption\":\"wolfsoftcompany\"},\"sameAs\":[\"http:\/\/desteptati-va.ro\"],\"url\":\"https:\/\/desteptati-va.ro\/index.php\/author\/wolfsoftcompany\/\"}]}<\/script>\r\n<!-- \/ Yoast SEO plugin. -->","yoast_head_json":{"title":"Comunismul din Rom\u00e2nia -","robots":{"index":"index","follow":"follow","max-snippet":"max-snippet:-1","max-image-preview":"max-image-preview:large","max-video-preview":"max-video-preview:-1"},"canonical":"https:\/\/desteptati-va.ro\/index.php\/2021\/04\/20\/comunismul-din-romania\/","og_locale":"ro_RO","og_type":"article","og_title":"Comunismul din Rom\u00e2nia -","og_description":"Ve\u0163i \u00een\u0163elege de ce \u00eemi este greu s\u0103-l numesc cu titulatura oficial\u0103 de Partidul Comunist Rom\u00e2n.P.C.R. nu are nimic rom\u00e2nescRead More","og_url":"https:\/\/desteptati-va.ro\/index.php\/2021\/04\/20\/comunismul-din-romania\/","article_published_time":"2021-04-20T08:01:37+00:00","og_image":[{"width":250,"height":250,"url":"https:\/\/desteptati-va.ro\/wp-content\/uploads\/2021\/04\/stema_PCR_copy_top.jpg","type":"image\/jpeg"}],"author":"wolfsoftcompany","twitter_card":"summary_large_image","twitter_misc":{"Scris de":"wolfsoftcompany","Timp estimat pentru citire":"9 minute"},"schema":{"@context":"https:\/\/schema.org","@graph":[{"@type":"Article","@id":"https:\/\/desteptati-va.ro\/index.php\/2021\/04\/20\/comunismul-din-romania\/#article","isPartOf":{"@id":"https:\/\/desteptati-va.ro\/index.php\/2021\/04\/20\/comunismul-din-romania\/"},"author":{"name":"wolfsoftcompany","@id":"https:\/\/desteptati-va.ro\/#\/schema\/person\/13182deeebd44920914899f7bb262d6b"},"headline":"Comunismul din Rom\u00e2nia","datePublished":"2021-04-20T08:01:37+00:00","mainEntityOfPage":{"@id":"https:\/\/desteptati-va.ro\/index.php\/2021\/04\/20\/comunismul-din-romania\/"},"wordCount":1886,"commentCount":0,"image":{"@id":"https:\/\/desteptati-va.ro\/index.php\/2021\/04\/20\/comunismul-din-romania\/#primaryimage"},"thumbnailUrl":"https:\/\/desteptati-va.ro\/wp-content\/uploads\/2021\/04\/stema_PCR_copy_top.jpg","keywords":["comunism"],"articleSection":["Romania sub Ceausescu"],"inLanguage":"ro-RO","potentialAction":[{"@type":"CommentAction","name":"Comment","target":["https:\/\/desteptati-va.ro\/index.php\/2021\/04\/20\/comunismul-din-romania\/#respond"]}]},{"@type":"WebPage","@id":"https:\/\/desteptati-va.ro\/index.php\/2021\/04\/20\/comunismul-din-romania\/","url":"https:\/\/desteptati-va.ro\/index.php\/2021\/04\/20\/comunismul-din-romania\/","name":"Comunismul din Rom\u00e2nia -","isPartOf":{"@id":"https:\/\/desteptati-va.ro\/#website"},"primaryImageOfPage":{"@id":"https:\/\/desteptati-va.ro\/index.php\/2021\/04\/20\/comunismul-din-romania\/#primaryimage"},"image":{"@id":"https:\/\/desteptati-va.ro\/index.php\/2021\/04\/20\/comunismul-din-romania\/#primaryimage"},"thumbnailUrl":"https:\/\/desteptati-va.ro\/wp-content\/uploads\/2021\/04\/stema_PCR_copy_top.jpg","datePublished":"2021-04-20T08:01:37+00:00","author":{"@id":"https:\/\/desteptati-va.ro\/#\/schema\/person\/13182deeebd44920914899f7bb262d6b"},"breadcrumb":{"@id":"https:\/\/desteptati-va.ro\/index.php\/2021\/04\/20\/comunismul-din-romania\/#breadcrumb"},"inLanguage":"ro-RO","potentialAction":[{"@type":"ReadAction","target":["https:\/\/desteptati-va.ro\/index.php\/2021\/04\/20\/comunismul-din-romania\/"]}]},{"@type":"ImageObject","inLanguage":"ro-RO","@id":"https:\/\/desteptati-va.ro\/index.php\/2021\/04\/20\/comunismul-din-romania\/#primaryimage","url":"https:\/\/desteptati-va.ro\/wp-content\/uploads\/2021\/04\/stema_PCR_copy_top.jpg","contentUrl":"https:\/\/desteptati-va.ro\/wp-content\/uploads\/2021\/04\/stema_PCR_copy_top.jpg","width":250,"height":250},{"@type":"BreadcrumbList","@id":"https:\/\/desteptati-va.ro\/index.php\/2021\/04\/20\/comunismul-din-romania\/#breadcrumb","itemListElement":[{"@type":"ListItem","position":1,"name":"Prima pagin\u0103","item":"https:\/\/desteptati-va.ro\/"},{"@type":"ListItem","position":2,"name":"Comunismul din Rom\u00e2nia"}]},{"@type":"WebSite","@id":"https:\/\/desteptati-va.ro\/#website","url":"https:\/\/desteptati-va.ro\/","name":"","description":"","potentialAction":[{"@type":"SearchAction","target":{"@type":"EntryPoint","urlTemplate":"https:\/\/desteptati-va.ro\/?s={search_term_string}"},"query-input":{"@type":"PropertyValueSpecification","valueRequired":true,"valueName":"search_term_string"}}],"inLanguage":"ro-RO"},{"@type":"Person","@id":"https:\/\/desteptati-va.ro\/#\/schema\/person\/13182deeebd44920914899f7bb262d6b","name":"wolfsoftcompany","image":{"@type":"ImageObject","inLanguage":"ro-RO","@id":"https:\/\/desteptati-va.ro\/#\/schema\/person\/image\/","url":"https:\/\/secure.gravatar.com\/avatar\/a6cce9b6d101d27d91690e7073e300fed94c0899890bf998e082cb9d2c3d121e?s=96&d=mm&r=g","contentUrl":"https:\/\/secure.gravatar.com\/avatar\/a6cce9b6d101d27d91690e7073e300fed94c0899890bf998e082cb9d2c3d121e?s=96&d=mm&r=g","caption":"wolfsoftcompany"},"sameAs":["http:\/\/desteptati-va.ro"],"url":"https:\/\/desteptati-va.ro\/index.php\/author\/wolfsoftcompany\/"}]}},"_links":{"self":[{"href":"https:\/\/desteptati-va.ro\/index.php\/wp-json\/wp\/v2\/posts\/4282","targetHints":{"allow":["GET"]}}],"collection":[{"href":"https:\/\/desteptati-va.ro\/index.php\/wp-json\/wp\/v2\/posts"}],"about":[{"href":"https:\/\/desteptati-va.ro\/index.php\/wp-json\/wp\/v2\/types\/post"}],"author":[{"embeddable":true,"href":"https:\/\/desteptati-va.ro\/index.php\/wp-json\/wp\/v2\/users\/1"}],"replies":[{"embeddable":true,"href":"https:\/\/desteptati-va.ro\/index.php\/wp-json\/wp\/v2\/comments?post=4282"}],"version-history":[{"count":1,"href":"https:\/\/desteptati-va.ro\/index.php\/wp-json\/wp\/v2\/posts\/4282\/revisions"}],"predecessor-version":[{"id":4284,"href":"https:\/\/desteptati-va.ro\/index.php\/wp-json\/wp\/v2\/posts\/4282\/revisions\/4284"}],"wp:featuredmedia":[{"embeddable":true,"href":"https:\/\/desteptati-va.ro\/index.php\/wp-json\/wp\/v2\/media\/2745"}],"wp:attachment":[{"href":"https:\/\/desteptati-va.ro\/index.php\/wp-json\/wp\/v2\/media?parent=4282"}],"wp:term":[{"taxonomy":"category","embeddable":true,"href":"https:\/\/desteptati-va.ro\/index.php\/wp-json\/wp\/v2\/categories?post=4282"},{"taxonomy":"post_tag","embeddable":true,"href":"https:\/\/desteptati-va.ro\/index.php\/wp-json\/wp\/v2\/tags?post=4282"}],"curies":[{"name":"wp","href":"https:\/\/api.w.org\/{rel}","templated":true}]}}