{"id":4285,"date":"2021-04-20T08:03:14","date_gmt":"2021-04-20T08:03:14","guid":{"rendered":"http:\/\/desteptati.ro\/?p=4285"},"modified":"2022-01-18T23:03:41","modified_gmt":"2022-01-18T21:03:41","slug":"cum-a-semnat-romania-acordul-din-1972-cu-fmi-bird","status":"publish","type":"post","link":"https:\/\/desteptati-va.ro\/index.php\/2021\/04\/20\/cum-a-semnat-romania-acordul-din-1972-cu-fmi-bird\/","title":{"rendered":"Cum a semnat Rom\u00e2nia acordul din 1972 cu FMI-BIRD"},"content":{"rendered":"<div class=\"post-content\"><div class='booster-block booster-read-block'>\n                <div class=\"twp-read-time\">\n                \t<i class=\"booster-icon twp-clock\"><\/i> <span>Read Time:<\/span>20 Minute, 27 Second                <\/div>\n\n            <\/div><h4 style=\"text-align: justify;\">Este o nou\u0103 confirmare (dac\u0103 mai era cazul !) a modului \u00een care o parte important\u0103 din clas\u0103 politic\u0103 de dup\u0103 1989 a \u00een\u0163eles s\u0103 conduc\u0103 poporul rom\u00e2n spre s\u0103r\u0103cie, spoliere economic\u0103 \u015fi dependen\u0163\u0103 ru\u015finoas\u0103 fa\u0163\u0103 de capitalul str\u0103in. \u00cen fond \u0163ara a fost cobor\u00eet\u0103 la rangul de colonie. Dincolo de tenta nostalgic-na\u0163ionalist\u0103 pe care o are articolul respectiv, \u00een urma unei analize serioase \u015fi a altor documente oficiale ale epocii, rezult\u0103 c\u0103 autorul spune adev\u0103rul. De\u015fi mari comuni\u015fti, oficialii de atunci au reu\u015fit s\u0103 bareze tendin\u0163a capitalului mondial ocult de a \u00eenc\u0103leca economic Rom\u00e2nia, \u00een\u0163eleg\u00eend c\u0103 datoria fa\u0163\u0103 de \u0163ar\u0103 \u015fi popor este mai presus de interesul personal sau cel de ga\u015fc\u0103. Cu o iresponsabilitate cras\u0103 oficialii actualei guvern\u0103ri ne-au \u00eendatorat pentru urm\u0103torii 50 ani, f\u0103r\u0103 ca s\u0103 se cunoasc\u0103 nimic concret \u00een urma cheltuirii acestor sume uria\u015fe. Dup\u0103 ei&#8230;potopul!<\/h4>\n<h4 style=\"text-align: justify;\">Ast\u0103zi, c\u00e2nd se discut\u0103 at\u00e2t de mult despre planul de austeritate al Guvernului de la Bucure\u015fti pentru a primi o nou\u0103 tran\u015f\u0103 din \u00eemprumutul contractat cu Fondul Monetar Interna\u0163ional, socotim c\u0103 ar fi bine venit s\u0103 prezent\u0103m detalii despre condi\u0163iile ader\u0103rii Rom\u00e2niei la FMI \u015fi primul ei acord cu Fondul, care au fost negociate \u015fi semnate, la Washington, la finele anului 1972.<\/h4>\n<h4 style=\"text-align: justify;\">\u00cen contextul respectiv, marcat profund de R\u0103zboiul Rece, a fost un eveniment deosebit, care a luat prin surprindere celelalte \u0163\u0103ri socialiste, \u015fi \u00een primul r\u00e2nd URSS, dar \u015fi alte state ale lumii, el fiind amplu comentat \u015fi de presa interna\u0163ional\u0103, dar nu \u015fi de cea din Rom\u00e2nia, care, \u00een afara unei \u015ftiri seci, n-a putut publicat un r\u00e2nd.<\/h4>\n<h4 style=\"text-align: justify;\">Despre debutul negocierilor \u015fi momentul semn\u0103rii acordului &#8211; 15 decembrie 1972 &#8211; ne-a prezentat date, \u00een exclusivitate, dr. ec. FLOREA DUMITRESCU, ministru al Finan\u0163elor \u00eentre 1969-1978 \u015fi fost guvernator al B\u0103ncii Na\u0163ionale a Rom\u00e2niei (1984-1989).<\/h4>\n<h4 style=\"text-align: justify;\">\u00centruc\u00e2t este vorba de fapte de istorie, credem c\u0103 ele trebuie cunoscute \u015fi de opinia public\u0103, dat fiind c\u0103 \u00een acea perioad\u0103 s-a \u015ftiut foarte pu\u0163in sau nimic despre ele, iar acum avem privilegiul s\u0103 le prezent\u0103m a\u015fa cum au fost ele tr\u0103ite chiar de principalul artizan din partea rom\u00e2neasc\u0103 al acestui acord istoric.<\/h4>\n<figure id=\"attachment_2888\" aria-describedby=\"caption-attachment-2888\" style=\"width: 480px\" class=\"wp-caption aligncenter\"><a href=\"http:\/\/www.desteptati-va.ro\/wp-content\/uploads\/2011\/12\/download.jpg\"><img loading=\"lazy\" decoding=\"async\" class=\"size-full wp-image-2888\" title=\"Washington,15 decembrie 1975. Florea Dumitrescu semneaz\u0103 acordul de aderare a Rom\u00e2niei la FMI \u015fi BIRD. \u00cen picioare, diplomatul Mircea R\u0103ceanu, aflat la post \u00een SUA, \u015fi so\u0163ia lui\" src=\"http:\/\/www.desteptati-va.ro\/wp-content\/uploads\/2011\/12\/download.jpg\" alt=\"Washington,15 decembrie 1975. Florea Dumitrescu semneaz\u0103 acordul de aderare a Rom\u00e2niei la FMI \u015fi BIRD. \u00cen picioare, diplomatul Mircea R\u0103ceanu, aflat la post \u00een SUA, \u015fi so\u0163ia lui\" width=\"480\" height=\"289\"><\/a><figcaption id=\"caption-attachment-2888\" class=\"wp-caption-text\">Washington,15 decembrie 1975. Florea Dumitrescu semneaz\u0103 acordul de aderare a Rom\u00e2niei la FMI \u015fi BIRD. \u00cen picioare, diplomatul Mircea R\u0103ceanu, aflat la post \u00een SUA, \u015fi so\u0163ia lui<\/figcaption><\/figure>\n<h4 style=\"text-align: justify;\">&#8222;\u00cen Rom\u00e2nia, preocup\u0103rile de reform\u0103 au \u00eenceput s\u0103 se manifeste chiar \u00een ultimii ani de via\u0163\u0103 ai lui Gheorghe Gheorghiu-Dej \u015fi s-au intensificat prin venirea \u00een fruntea partidului a lui Nicolae Ceau\u015fescu. Aceste preocup\u0103ri decurgeau din con\u0163inutul Declara\u0163iei din aprilie 1964, al Constitu\u0163iei \u015fi din alte documente programatice de partid \u015fi de stat. \u00cen Declara\u0163ia de la Bucure\u015fti, din aprilie 1964, care respingea \u00eencerc\u0103rile URSS de a stabili direc\u0163iile de dezvoltare \u00een \u0163\u0103rile socialiste aflate sub umbrela sa, se afirm\u0103 clar dreptul la independen\u0163\u0103 \u015fi principiul neamestecului \u00een treburile interne ale altor state cu evocarea normelor stipulate \u00een documentele ONU. Independen\u0163a presupunea o industrie dezvoltat\u0103 \u015fi modern\u0103, ceea ce impunea rela\u0163ii de colaborare cu \u0163\u0103rile dezvoltate. De altfel, dezvoltarea industriei era un r\u0103spuns la \u00eencerc\u0103rile sovietice de a rezerva Rom\u00e2niei un viitor agrar. Realizarea obiectivelor privind dezvoltarea industriei necesita eforturi importante, importuri de ma\u015fini, utilaje \u015fi tehnologie.<\/h4>\n<h4 style=\"text-align: justify;\"><\/h4>\n<figure id=\"attachment_2889\" aria-describedby=\"caption-attachment-2889\" style=\"width: 480px\" class=\"wp-caption aligncenter\"><a href=\"http:\/\/www.desteptati-va.ro\/wp-content\/uploads\/2011\/12\/download2.jpg\"><img loading=\"lazy\" decoding=\"async\" class=\"size-full wp-image-2889\" title=\"Sediul FMI, Washington, 15 decembrie 1972. Poza de grup dup\u0103 semnarea documentelor de aderare a Rom\u00e2niei la FMI \u015fi BIRD\" src=\"http:\/\/www.desteptati-va.ro\/wp-content\/uploads\/2011\/12\/download2.jpg\" alt=\"Sediul FMI, Washington, 15 decembrie 1972. Poza de grup dup\u0103 semnarea documentelor de aderare a Rom\u00e2niei la FMI \u015fi BIRD\" width=\"480\" height=\"286\"><\/a><figcaption id=\"caption-attachment-2889\" class=\"wp-caption-text\">Sediul FMI, Washington, 15 decembrie 1972. Poza de grup dup\u0103 semnarea documentelor de aderare a Rom\u00e2niei la FMI \u015fi BIRD<\/figcaption><\/figure>\n<h4 style=\"text-align: justify;\">Cu toate m\u0103surile luate pentru a se m\u0103ri ponderea fondului de acumulare \u00een venitul na\u0163ional utilizat, de la 17,1% c\u00e2t a fost \u00een perioada 1956-1960, la 29,5% \u00een perioada 1966-1970, sursele de finan\u0163are interne erau insuficiente pentru realizarea obiectivelor privind industrializarea \u015fi modernizarea economiei. S-a pus problema solicit\u0103rii unor credite \u00een devize libere de la Banca Interna\u0163ional\u0103 de Colaborare Economic\u0103 din cadrul CAER cu sediul la Moscova. R\u0103spunsul a fost negativ din lipsa lichidit\u0103\u0163ilor \u00een valut\u0103 la aceast\u0103 banc\u0103. Autorit\u0103\u0163ile rom\u00e2ne au ajuns la concluzia c\u0103 singura solu\u0163ie este apelul la pia\u0163a financiar\u0103 mondial\u0103. \u00cen cadrul politicii de dezvoltare a colabor\u0103rii cu \u0163\u0103rile occidentale, conducerea Rom\u00e2niei a stabilit s\u0103 se duc\u0103 negocieri pentru aderarea \u0163\u0103rii la Fondul Monetar Interna\u0163ional \u015fi la Banca Mondial\u0103. La finele anului 1969, pre\u015fedintele B\u0103ncii Mondiale, Robert McNamara, a f\u0103cut o vizit\u0103 \u00een Rom\u00e2nia, la invita\u0163ia Ministerului Afacerilor Externe. Cu acest prilej, \u00een discu\u0163ia pe care a avut-o cu Nicolae Ceau\u015fescu s-a stabilit s\u0103 se \u00eenceap\u0103 negocierile pentru aderare. Pe aceast\u0103 baz\u0103 am convenit cu McNamara ca o delega\u0163ie a Fondului Monetar Interna\u0163ional s\u0103 vin\u0103 \u00een Rom\u00e2nia la \u00eenceputul anului 1970 pentru a demara negocierile tehnice. Negocierile s-au purtat la Bucure\u015fti \u00eentre delega\u0163ia Fondului condus\u0103 de Wittome &#8211; director pentru Europa &#8211; \u015fi delega\u0163ia rom\u00e2n\u0103, care era format\u0103 din reprezentan\u0163i ai Ministerului Finan\u0163elor (Florea Dumitrescu &#8211; ministru, conduc\u0103torul delega\u0163iei, Iulian Bituleanu &#8211; adjunct al ministrului, Costin Kiri\u0163escu &#8211; monetarist, Gh. Cr\u0103iniceanu &#8211; directorul Direc\u0163iei valutare, Dumitru L\u0103z\u0103rescu &#8211; specialist \u00een rela\u0163iile valutare), ai Ministerului Afacerilor Externe (Nicolae Ecobescu &#8211; adjunct al ministrului, Mada Ioan) \u015fi al\u0163i speciali\u015fti.<\/h4>\n<h4 style=\"text-align: justify;\">Pe parcursul negocierilor, delega\u0163ia noastr\u0103 se consulta cu reprezentan\u0163i din conducerea B\u0103ncii Na\u0163ionale, Vasile Malinschi &#8211; guvernator &#8211; \u015fi ai Comitetului de Stat al Planific\u0103rii, Gh. Stroe &#8211; vicepre\u015fedinte. Periodic, \u00eei informam direct pe Nicolae Ceau\u015fescu \u015fi pe Ion Gheorghe Maurer &#8211; prim-ministru. \u00cen timpul negocierilor, cea mai important\u0103 problem\u0103 au constituit-o stabilirea cotei de capital de participare, m\u0103rimea ei \u015fi forma de depunere. Reglement\u0103rile Fondului prevedeau c\u0103 fiecare \u0163ar\u0103 care dore\u015fte s\u0103 devin\u0103 membru trebuie s\u0103 depun\u0103 90% din cot\u0103 la FMI, \u00een aur. Eforturile pe care le face un membru la depunerea cotei se recompenseaz\u0103 ulterior prin creditele folosite de la FMI care au un nivel de dob\u00e2nd\u0103 avantajos, mult mai mic dec\u00e2t pe pia\u0163a bancar\u0103 interna\u0163ional\u0103. Discu\u0163iile au fost mai complexe \u015fi datorit\u0103 faptului c\u0103 \u00eentre \u0163\u0103rile dezvoltate &#8211; SUA, Fran\u0163a, Germania federal\u0103 &#8211; se intensificaser\u0103 confrunt\u0103rile cu privire la rolul monetar al aurului, la necesitatea desfiin\u0163\u0103rii aurului ca &#8222;barometru&#8221; al stabilit\u0103\u0163ii dolarului etc. De asemenea, noi am dorit s\u0103 ne clarific\u0103m c\u00e2t mai mult asupra condi\u0163ion\u0103rilor impuse de FMI \u015fi BIRD la acordarea creditelor, asupra aspectelor legate de trecerea \u00een perspectiv\u0103 la convertibilitatea leului \u015fi altele. Negocierile tehnice au durat aproape doi ani, iar acordul de aderare l-am semnat, \u00een numele Guvernului Rom\u00e2n, la sediul FMI din Washington \u00een decembrie 1972. Dup\u0103 terminarea lor, c\u00e2nd totul era convenit cu reprezentan\u0163ii Fondului, propunerile finale de aderare au fost discutate \u015fi aprobate de Biroul Politic al partidului. Tonul discu\u0163iilor l-a dat Ion Gheorghe Maurer, care a subliniat importan\u0163a acestui pas istoric, exprim\u00e2nd sus\u0163inerea propunerilor. To\u0163i ceilal\u0163i membri au sus\u0163inut \u015fi aprobat propunerile de aderare.<\/h4>\n<h4 style=\"text-align: justify;\">Despre negocieri, despre prezen\u0163a delega\u0163iei FMI la Bucure\u015fti, despre aprobarea propunerilor nu s-a f\u0103cut nici un fel de comentariu \u00een mass-media.<\/h4>\n<h4 style=\"text-align: justify;\"><\/h4>\n<figure id=\"attachment_2890\" aria-describedby=\"caption-attachment-2890\" style=\"width: 480px\" class=\"wp-caption aligncenter\"><a href=\"http:\/\/www.desteptati-va.ro\/wp-content\/uploads\/2011\/12\/download3.jpg\"><img loading=\"lazy\" decoding=\"async\" class=\"size-full wp-image-2890\" title=\"Prezidiul sesiunii anuale a FMI-BIRD,Washington,1-5 septembrie1975\" src=\"http:\/\/www.desteptati-va.ro\/wp-content\/uploads\/2011\/12\/download3.jpg\" alt=\"Prezidiul sesiunii anuale a FMI-BIRD,Washington,1-5 septembrie1975\" width=\"480\" height=\"317\"><\/a><figcaption id=\"caption-attachment-2890\" class=\"wp-caption-text\">Prezidiul sesiunii anuale a FMI-BIRD,Washington,1-5 septembrie1975<\/figcaption><\/figure>\n<h4 style=\"text-align: justify;\">\u00cen timp ce negociam cu reprezentan\u0163ii Fondului, participam periodic \u015fi la lucr\u0103rile Comisiei Financiar-Valutare a CAER, conform programelor convenite. De c\u00e2te ori mergeam la \u015fedin\u0163ele acestei Comisii \u00eel \u00eentrebam pe Nicolae Ceau\u015fescu \u00een ce moment vom informa \u0163\u0103rile socialiste membre CAER asupra ac\u0163iunii Rom\u00e2niei de a deveni membru al FMI \u015fi B\u0103ncii Mondiale. De fiecare dat\u0103, Nicolae Ceau\u015fescu \u00eemi spunea c\u0103 nu este \u00eenc\u0103 momentul. C\u0103uta o perioad\u0103 mai relaxat\u0103 \u00een rela\u0163iile interna\u0163ionale, evita s\u0103 tensioneze aceste rela\u0163ii cu \u015ftiri inflamabile. Eram \u00een semestrul II al anului 1972. Sosise vremea \u00een care urma s\u0103 inform\u0103m partenerii no\u015ftri din CAER despre ac\u0163iunile Rom\u00e2niei.<\/h4>\n<h4 style=\"text-align: justify;\">La \u015fedin\u0163a Comisiei Financiar-Valutare a CAER, care avea loc la Moscova, erau prev\u0103zute pe ordinea de zi probleme specifice, dar \u015fi o Informare privind FMI \u015fi BIRD. La discu\u0163iile ce au avut loc to\u0163i mini\u015ftrii Finan\u0163elor din celelalte \u0163\u0103ri au criticat sever politicile acestor institu\u0163ii capitaliste. \u00cen final, am luat cuv\u00e2ntul \u015fi eu, ar\u0103t\u00e2nd ce demersuri am \u00eentreprins pe linia ader\u0103rii Rom\u00e2niei la aceste organisme. S-a declan\u015fat o adev\u0103rat\u0103 discu\u0163ie furtunoas\u0103: c\u0103 Rom\u00e2nia se arunc\u0103 \u00een bra\u0163ele capitalismului, c\u0103 va fi subminat\u0103 suveranitatea \u0163\u0103rii, c\u0103 Rom\u00e2nia sparge unitatea \u0163\u0103rilor socialiste etc. Le-am spus, \u00een final, c\u0103 hot\u0103r\u00e2rea autorit\u0103\u0163ilor rom\u00e2ne este luat\u0103, c\u0103 \u015ftim ce facem, c\u0103 \u015ftim s\u0103 ne ap\u0103r\u0103m suveranitatea \u015fi s\u0103 promov\u0103m interesele \u0163\u0103rii.<\/h4>\n<h4 style=\"text-align: justify;\">Am subliniat c\u0103 aceast\u0103 ac\u0163iune se \u00eencadreaz\u0103 \u00een politica extern\u0103 a Rom\u00e2niei, de a dezvolta rela\u0163iile cu toate \u0163\u0103rile lumii, indiferent de or\u00e2nduirea social\u0103, \u015fi cu organismele financiare interna\u0163ionale care pot contribui la dezvoltarea cooper\u0103rii economice \u00eentre \u0163\u0103ri. Dup\u0103 \u015fedin\u0163\u0103, mini\u015ftrii Finan\u0163elor din Ungaria \u015fi Polonia au venit la mine \u015fi m-au rugat prietene\u015fte s\u0103 le \u00eemp\u0103rt\u0103\u015fesc \u015fi lor din experien\u0163a preg\u0103tirilor pentru aderare, subliniindu-mi c\u0103 \u0163\u0103rile lor nu-\u015fi permit s\u0103 fac\u0103 ceea ce face Rom\u00e2nia. Am stat cu fiecare ore \u00eentregi \u015fi le-am spus cu am\u0103nunte cum am procedat \u015fi cum ne g\u00e2ndim s\u0103 ac\u0163ion\u0103m \u00een rela\u0163iile cu FMI \u015fi BIRD. Men\u0163ionez c\u0103, \u00eenainte de a primi \u00eemputernicirea Guvernului Rom\u00e2n de a semna Acordul de aderare la FMI \u015fi BIRD, am prezentat propunerile de aderare Comisiilor Marii Adun\u0103ri Na\u0163ionale. Dup\u0103 ce am f\u0103cut prezentarea \u00een fa\u0163a a sute de deputa\u0163i care constituiau Comisiile, am fost interpelat de un deputat, pe nume Constantin P\u00e2rvulescu (fost secretar general al PCR, un cominternist cunoscut, care, totu\u015fi, la un moment dat, a denun\u0163at cultul personalit\u0103\u0163ii lui Ceau\u015fescu \u00eentr-un Congres al PCR &#8211; n.r.), dac\u0103 am examinat bine unde intr\u0103m \u015fi dac\u0103 acest act nu va afecta suveranitatea \u0163\u0103rii?<\/h4>\n<h4 style=\"text-align: justify;\">Am precizat \u00een fa\u0163a Comisiilor reunite c\u0103 am studiat cu r\u0103spundere politicile acestor institu\u0163ii \u015fi m-am angajat c\u0103 tot ce voi \u00eentreprinde \u00een rela\u0163iile cu FMI \u015fi BIRD va sluji promov\u0103rii interesului na\u0163ional. Comisiile au votat propunerile, iar eu am ac\u0163ionat \u00eempreun\u0103 cu reprezentan\u0163ii MAE pentru preg\u0103tirea semn\u0103rii documentelor de aderare: ne-am consultat cu Ambasada Rom\u00e2niei din SUA, cu reprezentan\u0163ii FMI \u015fi BIRD, am stabilit data semn\u0103rii (15 decembrie 1972), m-am preg\u0103tit pentru primele discu\u0163ii privind colaborarea cu cele dou\u0103 institu\u0163ii. La sediul FMI din Washington \u00een prezen\u0163a reprezentantului Ambasadei Rom\u00e2niei, Mircea R\u0103ceanu, am semnat Acordul de aderare a Rom\u00e2niei la FMI. Dup\u0103 acest moment, ambasadorul rom\u00e2n \u00een SUA, Corneliu Bogdan, a organizat o recep\u0163ie pentru a marca istoricul eveniment. \u00cen fa\u0163a drapelului Rom\u00e2niei \u015fi al FMI, reprezentan\u0163ii celor dou\u0103 p\u0103r\u0163i au marcat \u00eenceputul colabor\u0103rii: din partea rom\u00e2n\u0103: Florea Dumitrescu &#8211; ministrul Finan\u0163elor, Corneliu Bogdan &#8211; ambasadorul Rom\u00e2niei \u00een SUA, Vasile Volo\u015feniuc &#8211; pre\u015fedintele BRCE, Mircea R\u0103ceanu &#8211; consilierul ambasadei; din partea Fondului: Lieftinck &#8211; director executiv la FMI, care a reprezentat mul\u0163i ani grupul de \u0163\u0103ri membre (Olanda, Iugoslavia, Israel, Rom\u00e2nia) din care a f\u0103cut parte \u015fi Rom\u00e2nia, Wittome &#8211; director FMI pentru Europa, care a participat la negocierile de aderare de la \u00eenceput p\u00e2n\u0103 la sf\u00e2r\u015fit \u015fi al\u0163i reprezentan\u0163i ai FMI. \u00cenainte de semnarea Acordului de Aderare, MAE a desf\u0103\u015furat, prin ambasadele Rom\u00e2niei, o ampl\u0103 activitate de informare a \u0163\u0103rilor membre la FMI \u015fi BIRD cu privire la demersurile ce se fac pentru ca \u015fi Rom\u00e2nia s\u0103 devin\u0103 membru la aceste institu\u0163ii. Dup\u0103 semnarea documentelor de aderare potrivit reglement\u0103rilor FMI \u015fi BIRD, fiecare \u0163ar\u0103 urma s\u0103 voteze primirea noului membru. Astfel, s-a intensificat munca diplomatic\u0103 din partea Rom\u00e2niei solicit\u00e2nd sprijinul \u0163\u0103rilor dezvoltate, cu o pondere de vot important\u0103, \u00een cadrul FMI s\u0103 finalizeze procesul de votare pentru Rom\u00e2nia. Procesul de votare din partea celorlalte \u0163\u0103ri membre a prezentat o anumit\u0103 particularitate, dat fiind c\u0103 Rom\u00e2nia era prima \u0163ar\u0103 socialist\u0103 din cadrul CAER care solicitase s\u0103 devin\u0103 membru (cu excep\u0163ia Iugoslaviei, care avea aceast\u0103 calitate de la \u00eenfiin\u0163area celor dou\u0103 institu\u0163ii interna\u0163ionale financiare).<\/h4>\n<h4 style=\"text-align: justify;\">Un sprijin substan\u0163ial l-a primit Rom\u00e2nia atunci din partea autorit\u0103\u0163ilor din SUA, Anglia, Fran\u0163a, Germania Federal\u0103, Italia, Olanda \u015fi a altor \u0163\u0103ri membre. Demersul Rom\u00e2niei s-a bucurat atunci de aprecieri elogioase \u015fi \u00eencurajatoare. \u00cen \u00eent\u00e2lnirile pe care le aveam \u00een acei ani cu mini\u015ftrii Finan\u0163elor, respectiv cu guvernatorii b\u0103ncilor centrale din \u0163\u0103rile dezvoltate \u015fi \u00een curs de dezvoltare, \u00een calitatea lor de guvernatori sau viceguvernatori ai \u0163\u0103rilor respective la FMI \u015fi BIRD, am fost profund impresionat de atitudinea lor plin\u0103 de amabilitate \u015fi de deschidere pentru o colaborare fructuoas\u0103 \u00een avantajul \u0163\u0103rilor noastre, ceea ce ne-a stimulat \u00een demersurile \u00eentreprinse \u00een perioada urm\u0103toare.<\/h4>\n<h4 style=\"text-align: justify;\">Dup\u0103 ce Rom\u00e2nia a devenit membru oficial la FMI, \u00een cadrul unei \u00eent\u00e2lniri cu McNamara, pre\u015fedintele B\u0103ncii Mondiale, acesta mi-a spus: &#8222;Acum c\u00e2nd Rom\u00e2nia este membru al FMI \u015fi al B\u0103ncii, ne-am g\u00e2ndit s\u0103-i acord\u0103m pentru \u00eenceput credite \u00eentr-un volum de un miliard de dolari&#8221;.<\/h4>\n<h4 style=\"text-align: justify;\">\u00cen sinea mea mi-am zis c\u0103 Banca Mondial\u0103 dore\u015fte s\u0103 impresioneze autorit\u0103\u0163ile rom\u00e2ne \u015fi celelalte \u0163\u0103ri socialiste despre avantajele de care se bucur\u0103 Rom\u00e2nia ca membru la aceste organisme interna\u0163ionale. \u00cen discu\u0163ii am mul\u0163umit conducerii b\u0103ncii pentru ce s-a g\u00e2ndit s\u0103 fac\u0103 pentru Rom\u00e2nia \u015fi l-am \u00eentrebat pe McNamara pentru ce putem folosi aceste credite, \u00een ce domeniu, pentru ce obiective. Mi-a precizat: &#8222;\u00cen domeniul infrastructurii&#8221;. L-am \u00eentrebat \u00een continuare dac\u0103 ace\u015fti bani trebuie s\u0103-i restituim B\u0103ncii. El mi-a r\u0103spuns c\u0103 &#8222;da, este normal sunt credite rambursabile, cu un anumit termen de gra\u0163ie&#8221;. I-am precizat c\u0103, dac\u0103 vom folosi creditele pentru autostr\u0103zi, drumuri, poduri, nu vom putea restitui la scaden\u0163\u0103, dup\u0103 10-15 ani, creditele, pentru c\u0103 asemenea obiective nu aduc venituri dec\u00e2t \u00een timp mai mare, 20-30 de ani. I-am mai spus c\u0103 Rom\u00e2nia nu este suficient de dezvoltat\u0103 pentru a lua bani din alte sectoare pentru a rambursa creditele pentru infrastructur\u0103.<\/h4>\n<h4 style=\"text-align: justify;\">Ca urmare, nu vom putea face apel la creditele oferite dec\u00e2t dac\u0103 le putem folosi pentru cre\u015fterea produc\u0163iei, pentru crearea de noi locuri de munc\u0103, pentru sporirea veniturilor. Avem \u00een programele noastre de dezvoltare economico-sociale obiective noi de realizat \u00een diferite domenii ale industriei, agriculturii etc., avem obiective de modernizat. McNamara mi-a precizat c\u0103 reglement\u0103rile B\u0103ncii nu prev\u0103d astfel de credite. I-am men\u0163ionat c\u0103, dac\u0103 am putea primi credite pentru dezvoltarea produc\u0163iei materiale: bunuri de consum, utilaje, ma\u015fini, atunci vom avea posibilitatea s\u0103 ne angaj\u0103m la un volum \u015fi mai mare de credite dec\u00e2t un miliard de dolari.<\/h4>\n<h4 style=\"text-align: justify;\">Mi-a p\u0103rut r\u0103u c\u0103 l-am dezam\u0103git, chiar pe primul om care ne-a \u00eentins o m\u00e2n\u0103, ne-a sf\u0103tuit cum s\u0103 dezvolt\u0103m colaborarea cu marea finan\u0163\u0103 a lumii, cum putem s\u0103 contribuim la progresul economiei \u015fi al \u0163\u0103rii. Nu am dezarmat \u00eens\u0103. M-am desp\u0103r\u0163it de McNamara cu speran\u0163a c\u0103 vom g\u0103si c\u0103ile de colaborare. A fost un moment de insatisfac\u0163ie, dar care a preg\u0103tit o mare victorie, a unei colabor\u0103ri benefice pentru Rom\u00e2nia. Am reu\u015fit s\u0103 \u00eembun\u0103t\u0103\u0163im regulile B\u0103ncii Mondiale aplicate timp de circa 30 de ani, \u00een beneficiul Rom\u00e2niei \u015fi al zecilor de \u0163\u0103ri membre care au beneficiat ulterior de credite de produc\u0163ie de la aceast\u0103 institu\u0163ie. \u00centors \u00een \u0163ar\u0103 , l-am informat pe Nicolae Ceau\u015fescu despre pozi\u0163ia prezentat\u0103 conducerii B\u0103ncii, care mi-a spus c\u0103 am procedat bine.<\/h4>\n<h4 style=\"text-align: justify;\">Dup\u0103 c\u00e2teva s\u0103pt\u0103m\u00e2ni, McNamara informa autorit\u0103\u0163ile rom\u00e2ne c\u0103 Banca a examinat propunerile noastre \u015fi a modificat reglement\u0103rile. Astfel, Rom\u00e2nia poate accesa credite \u015fi pentru produc\u0163ie. I-am mul\u0163umit atunci, dar o fac \u015fi azi. &#8222;FELICIT\u0102RI domnule McNAMARA. A\u0163i dovedit c\u0103 a\u0163i fost nu numai un mare strateg militar al SUA, dar \u015fi un vizionar de frunte \u00een domeniul economic, financiar \u015fi bancar!&#8221; Am preg\u0103tit obiectivele de finan\u0163at \u00eempreun\u0103 cu ministerele de resort, cu b\u0103ncile (Banca de Investi\u0163ii \u015fi Banca Agricol\u0103) \u015fi am \u00eenceput negocierile pe obiective concrete. \u00cen \u00eentreaga mea activitate ca ministru al Finan\u0163elor am fost c\u0103l\u0103uzit de angajamentul luat \u00een perioada de preg\u0103tire a ader\u0103rii, c\u0103 voi veghea \u015fi voi milita \u00een permanen\u0163\u0103 pentru promovarea interesului na\u0163ional. Fiecare obiectiv pe care \u00eel prezentam pentru a fi finan\u0163at cu credite de la Banca Mondial\u0103 era analizat \u00eempreun\u0103 cu pre\u015fedin\u0163ii celor dou\u0103 b\u0103nci: Mihai Diamandopol, de la Banca de Investi\u0163ii, \u015fi Ion Ru\u015finaru, de la Banca Agricol\u0103 (speciali\u015fti de \u00eenalt\u0103 clas\u0103 \u015fi colaboratori de n\u0103dejde), prin prisma eficien\u0163ei, a cre\u015fterii produc\u0163iei, a productivit\u0103\u0163ii muncii \u015fi a contribu\u0163iei la cre\u015fterea exportului \u015fi a veniturilor care s\u0103 permit\u0103 restituirea creditelor \u015fi a dob\u00e2nzilor aferente. \u00cen perioada 1973-1989, Rom\u00e2nia a beneficiat de credite de la FMI \u015fi Banca Mondial\u0103 de circa \u015fase miliarde de dolari, credite care au contribuit la cre\u015fterea economic\u0103, la industrializarea Rom\u00e2niei, la modernizarea agriculturii \u015fi a altor domenii. Experien\u0163a arat\u0103 c\u0103 orientarea creditelor primite de la Banca Mondial\u0103, \u00een special pentru dezvoltarea \u015fi tehnologizarea produc\u0163iei, a permis Rom\u00e2niei cre\u015fterea exporturilor \u015fi a \u00eencas\u0103rilor valutare, asigurarea surselor pentru rambursarea creditelor primite \u015fi cre\u015fterea veniturilor popula\u0163iei.<\/h4>\n<h4 style=\"text-align: justify;\">Analiza rela\u0163iilor altor \u0163\u0103ri cu FMI \u015fi Banca Mondial\u0103 mai scoate \u00een eviden\u0163\u0103 c\u0103 finan\u0163area din credite cu prioritate a infrastructurii a dus multe \u0163\u0103ri la cre\u015fterea datoriei externe, la s\u0103r\u0103cie \u015fi mizerie. Sunt edificatoare \u00een acest sens relat\u0103rile \u015fi concluziile cuprinse \u00een cartea: &#8222;Confesiunile unui asasin economic&#8221;. Autorul volumului, John Perkins, arat\u0103 c\u0103, dup\u0103 ce a ajutat \u0163\u0103rile \u00een care a lucrat cu credite de la Banca Mondial\u0103 s\u0103 realizeze aeroporturi, autostr\u0103zi, s\u0103 construiasc\u0103 centrale care s\u0103 produc\u0103 electricitate etc., deci a contribuit la modernizarea \u0163\u0103rilor respective, a ajuns la constatarea c\u0103 s\u0103r\u0103cia \u015fi mizeria sunt mai mari dup\u0103 \u00eendatorarea \u0163\u0103rilor dec\u00e2t la \u00eenceput \u015fi se consider\u0103 vinovat, se consider\u0103 asasin economic. John Perkins a avut curajul s\u0103 descrie asasinii economici astfel: &#8222;Mercenarii sau asasinii economici (AE) sunt profesioni\u015fti extrem de bine pl\u0103ti\u0163i care escrocheaz\u0103 \u0163\u0103ri din \u00eentreaga lume pentru sume ajung\u00e2nd la trilioane de dolari. Ei direc\u0163ioneaz\u0103 bani de la Banca Mondial\u0103, de la Agen\u0163ia SUA pentru Dezvoltare Interna\u0163ional\u0103 (USAID), precum \u015fi de la alte organiza\u0163ii de str\u0103ine c\u0103tre seifurile corpora\u0163iilor gigant \u015fi buzunarele acelor c\u00e2torva familii de bog\u0103ta\u015fi, care controleaz\u0103 resursele naturale ale planetei. Mijloacele de care uzeaz\u0103 \u00een acest scop, variaz\u0103 de la rapoarte financiare frauduloase, alegeri trucate, mit\u0103, \u015fantaj, sex, ajung\u00e2nd p\u00e2n\u0103 la crim\u0103.&#8221; Am f\u0103cut aceast\u0103 prezentare pentru a atrage aten\u0163ia autorit\u0103\u0163ilor rom\u00e2ne c\u0103 au o mare r\u0103spundere \u00een angajarea \u015fi utilizarea creditelor de la Banca Mondial\u0103, mai ales acum, c\u00e2nd s-a pus problema angaj\u0103rii unui credit de multe miliarde euro, pentru a nu l\u0103sa genera\u0163iilor viitoare un cadou amar &#8211; care le poate otr\u0103vi via\u0163a. Revenind la rela\u0163iile de \u00eenceput dintre Rom\u00e2nia \u015fi Banca Mondial\u0103, \u00een primii 10 ani de la aderare, Rom\u00e2nia a \u00eencheiat 33 de acorduri de \u00eemprumut pentru proiecte din industrie, agricultur\u0103, transporturi \u015fi altele. Folosirea creditelor de la Banca Mondial\u0103 pentru asemenea proiecte, concomitent cu cre\u015fterea produc\u0163iei interne, a contribuit la m\u0103rirea volumului de investi\u0163ii \u00een economia na\u0163ional\u0103 de la patru miliarde dolari, c\u00e2t era acest volum \u00een anul 1970, la circa 10 miliarde de dolari \u00een fiecare din anii urm\u0103tori. Din cele 33 de proiecte creditate, 17 erau finan\u0163ate prin Banca de Investi\u0163ii, iar alte 16 erau finan\u0163ate prin Banca pentru Agricultur\u0103 \u015fi Industria Alimentar\u0103. Din totalul proiectelor 15 obiective s-au realizat integral cu echipamente \u015fi materiale din \u0163ar\u0103 , ceea ce a impulsionat dezvoltarea unor sectoare ale industriei, dar a avut \u015fi un impact negativ, duc\u00e2nd la unele \u00eent\u00e2rzieri \u00een punerea \u00een func\u0163iune a obiectivelor respective. Pentru fiecare proiect de investi\u0163ie finan\u0163at cu credite de la Banca Mondial\u0103, Banca de Investi\u0163ii \u015fi respectiv Banca Agricol\u0103 \u0163ineau o eviden\u0163\u0103 strict\u0103 privind folosirea creditului &#8211; Fi\u015fa creditului \u015fi problemele intervenite \u00een execu\u0163ie. Periodic, Banca \u015fi ministerul de resort analizau problemele \u015fi stabileau m\u0103surile care trebuiau luate. Deseori, asemenea analize se f\u0103ceau \u00een cadrul Guvernului, care se \u00eencheiau cu solu\u0163iile de aplicat pentru finalizarea obiectivului \u015fi atingerea parametrilor proiecta\u0163i (produc\u0163ie, productivitate, venituri la 1.000 lei fonduri fixe, export etc.).<\/h4>\n<h4 style=\"text-align: justify;\">\u00cen anul 1977, de exemplu, au fost \u00eenfiin\u0163ate \u015fi reorganizate peste 100 de \u00eentreprinderi \u015fi centrale economice: industriale, de construc\u0163ii etc. (\u00centreprinderea de produse electronice \u015fi electrice &#8222;Electroarge\u015f&#8221; cu sediul \u00een Curtea de Arge\u015f, \u00centreprinderea de \u0163evi Zal\u0103u, Combinatul industrial pentru construc\u0163ii de ma\u015fini \u00een ora\u015ful Bistri\u0163a, Combinatul de fibre sintetice C\u00e2mpulung, \u00centreprinderea de ma\u015fini unelte, accesorii \u015fi scule \u00een municipiul Baia Mare, \u00centreprinderea de rulmen\u0163i grei Ploie\u015fti, \u00centreprinderea de \u0163evi sudate Zimnicea, \u00centreprinderea de anvelope Zal\u0103u etc. Unele din aceste \u00eentreprinderi au fost finan\u0163ate \u015fi cu credite de la Banca de Reconstruc\u0163ie \u015fi Dezvoltare (BIRD). \u00cen perioada 1972-1989, Rom\u00e2nia, \u00een calitate de membru al FMI \u015fi BIRD, a reu\u015fit s\u0103 construiasc\u0103 cu credite de la Banca Mondial\u0103 obiective de mare importan\u0163\u0103 pentru economia rom\u00e2neasc\u0103: Combinatul de o\u0163eluri speciale T\u00e2rgovi\u015fte, \u00centreprinderea de \u0163evi Roman, Combinatul de fibre sintetice C\u00e2mpulung Muscel, \u00centreprinderea de anvelope Zal\u0103u, Combinatul de \u00eengr\u0103\u015f\u0103minte chimice Bac\u0103u, dezvoltarea Combinatului chimic Craiova, Uzina hidroelectric\u0103 R\u00e2ul Mare Retezat, CTE Turceni etapa a II-a \u015fi multe alte zeci de unit\u0103\u0163i economice care au creat zeci de mii de locuri de munc\u0103, au m\u0103rit avu\u0163ia na\u0163ional\u0103 a \u0163\u0103rii. \u00cen realizarea unor astfel de obiective efortul propriu al \u0163\u0103rii a fost determinant. Rata acumul\u0103rii din venitul na\u0163ional a fost for\u0163at\u0103 o bun\u0103 perioad\u0103 de timp.<\/h4>\n<h4 style=\"text-align: justify;\">\u00cen intervalul 1970-1989, ponderea fondului de acumulare \u00een venitul na\u0163ional utilizat a fost \u00eentre 29,5-36,0%. \u00cen structura fondului de acumulare suma investi\u0163iilor nete a marcat o dinamic\u0103 puternic\u0103. Aceast\u0103 rat\u0103 for\u0163at\u0103 a avut \u015fi un efect negativ. M\u0103rindu-se frontul de investi\u0163ii peste puterile economice ale \u0163arii multe obiective nu au fost terminate la termen, duc\u00e2nd la imobilizarea unor fonduri importante, la sc\u0103derea eficien\u0163ei economice. \u00cen acest context este de men\u0163ionat c\u0103 speciali\u015ftii FMI \u015fi BIRD, \u00een discu\u0163iile cu reprezentan\u0163ii Rom\u00e2niei, abordau asemenea aspecte, dar nu condi\u0163ionau acordarea \u00eemprumuturilor de o manier\u0103 insuportabil\u0103. Contau \u00een mare m\u0103sur\u0103 pe r\u0103spunderea autorit\u0103\u0163ilor rom\u00e2ne. Dup\u0103 1989, con\u0163inutul negocierilor \u015fi al acordurilor de \u00eemprumut a fost diametral opus. Aceste acorduri au avut un caracter blocant, distructiv, demolator. \u00cen analizele \u015fi scrierile mele am caracterizat acordurile \u00eencheiate dup\u0103 1989 antieconomice, antina\u0163ionale \u015fi anticonstitu\u0163ionale. Asemenea acorduri prev\u0103d: se \u00eenchid at\u00e2tea \u00eentreprinderi, se lichideaz\u0103 at\u00e2tea combinate industriale, agricole etc. Reiau aici o formulare din Acord: &#8222;Ini\u0163ierea privatiz\u0103rii a 50 de \u00eentreprinderi acceptabile pentru Banca Mondial\u0103&#8221; (deci nu conteaz\u0103 p\u0103rerea Rom\u00e2niei??) prin a\u015fa-numita metod\u0103 &lt;\u00een pachet&gt; aceste \u00eentreprinderi reprezint\u0103 10,7% din capitalul social al FPS&#8221;. Deci \u00eentreprinderile se v\u00e2nd \u00een pachet, de\u015fi au fost f\u0103cute una c\u00e2te una, chiar cu bani de la Banca Mondial\u0103. Desigur, vina este a autorit\u0103\u0163ilor rom\u00e2ne care s-au ab\u0103tut grav de la angajamentul luat la Aderarea Rom\u00e2niei la FMI \u015fi BIRD, potrivit c\u0103ruia colaborarea cu FMI \u015fi BIRD va ac\u0163iona \u00een direc\u0163ia promov\u0103rii interesului na\u0163ional, \u015fi de la prevederile Constitu\u0163iei Rom\u00e2niei. Asemenea acorduri au dus la dezindustrializarea Rom\u00e2niei, la jefuirea avu\u0163iei na\u0163ionale \u015fi la \u00eendatorarea grav\u0103 a \u0163\u0103rii, de aceea propun Parlamentului Rom\u00e2niei \u015fi pre\u015fedintelui \u0163\u0103rii s\u0103 cear\u0103 politicienilor \u015fi guvernan\u0163ilor care au participat la ruinarea economiei \u015fi la falimentarea ei s\u0103-\u015fi asume r\u0103spunderea \u015fi s\u0103 stabileasc\u0103 sanc\u0163iuni pe m\u0103sura faptelor.<\/h4>\n<h4 style=\"text-align: justify;\">NOT\u0102: Noi care am tr\u0103it etapa industrializ\u0103rii Rom\u00e2niei \u015ftim ce eforturi uria\u015fe au fost f\u0103cute pentru ca Rom\u00e2nia s\u0103 intre \u00een r\u00e2ndul \u0163\u0103rilor dezvoltate.<\/h4>\n<h4 style=\"text-align: justify;\">Ca unul care am participat la negocieri cu FMI \u015ftiu cum s-a derulat colaborarea cu acest organism \u015fi cu Banca Mondial\u0103. Erau interesa\u0163i, dar \u015fi satisf\u0103cu\u0163i c\u0103 banii ob\u0163inu\u0163i se utilizau pentru dezvoltarea economiei \u015fi o spuneau deschis. Atunci c\u00e2nd \u00eencercau s\u0103 impun\u0103 m\u0103suri care dezavantajau economia, cum a fost cazul cre\u015fterii dob\u00e2nzilor la credite li s-a explicat consecin\u0163ele \u00een economie \u015fi au cedat. Desigur, unele solicit\u0103ri se acceptau cum a fost cazul cu cre\u015fterea pre\u0163ului petrolului la gura sondei de la cca. 450 lei\/ton\u0103 la 1600 lei\/ton\u0103. Genera\u0163ia de atunci era m\u00e2ndr\u0103 c\u0103 Rom\u00e2nia se va ridica pe treapta care o merit\u0103 \u015fi a f\u0103cut eforturi supraomene\u015fti pentru industrializarea \u0163\u0103rii \u015fi asigurarea unui nivel de trai decent al popula\u0163iei. Aceast\u0103 dezvoltare economic\u0103 deranja \u00eens\u0103 \u0163\u0103rile care cuceriser\u0103 pie\u0163ele mondiale \u015fi doreau s\u0103 domine pia\u0163a.<\/h4>\n<h4 style=\"text-align: justify;\">O prim\u0103 \u00eencercare de a distruge economia Rom\u00e2niei au f\u0103cut-o \u00een anul 1980 c\u00e2nd au regizat intrarea \u00een \u00eencetare de pl\u0103\u0163i a Rom\u00e2niei. Pentru cei care ne-am ocupat de aceste probleme ne-a surprins c\u0103 datoria extern\u0103 a Rom\u00e2niei de 12,5 miliarde dolari era de trei ori mai mic\u0103 dec\u00e2t a Ungariei \u015fi de \u015fase ori dec\u00e2t a Poloniei. P\u00e2n\u0103 \u00een 1989 n-au reu\u015fit s\u0103 distrug\u0103 industria \u015fi agricultura Rom\u00e2niei. \u00cen \u0163ar\u0103 se producea, \u015fi din valorificarea produselor industriale \u015fi agricole la export s-a reu\u015fit achitarea datoriei.<\/h4>\n<h4 style=\"text-align: justify;\">Desigur cu eforturi supraomene\u015fti. Momentul le-a devenit favorabil dup\u0103 1989 c\u00e2nd au g\u0103sit tr\u0103d\u0103tori \u015fi ho\u0163i pu\u015fi \u00een fruntea \u0163\u0103rii, care pentru comisioanele \u00eencasate \u015fi \u00eembog\u0103\u0163irea lor \u015fi a mafiei din care au f\u0103cut parte au organizat distrugerea industriei \u015fi a agriculturii \u015fi v\u00e2nzarea obiectivelor strategice c\u0103tre cercurile de afaceri str\u0103ine interesate, iar Rom\u00e2nia a r\u0103mas \u00een sap\u0103 de lemn. Consecin\u0163ele le vedem acum \u015fi viitorul este \u015fi mai sumbru. Este curios c\u0103 nu s-a g\u0103sit o minte luminat\u0103 care s\u0103 curme acest jaf. Este un blestem al acestui popor rom\u00e2n s\u0103 fie ocupat de str\u0103ini \u015fi umilit.&#8221;<\/h4>\n<h4 style=\"text-align: justify;\"><em>Sursa: <a href=\"http:\/\/www.amosnews.ro\/O_pagina_de_istorie_Cum_a_semnat_Romania_acordul_cu_FMI_in_1972-29-84738.html\" target=\"_blank\" rel=\"noopener\">http:\/\/www.amosnews.ro\/<\/a><\/em><\/h4>        <div class=\"booster-block booster-reactions-block\">\n            <div class=\"twp-reactions-icons\">\n                \n                <div class=\"twp-reacts-wrap\">\n                    <a react-data=\"be-react-1\" post-id=\"4285\" class=\"be-face-icons un-reacted\" href=\"javascript:void(0)\">\n                        <img decoding=\"async\" src=\"https:\/\/desteptati-va.ro\/wp-content\/plugins\/booster-extension\/\/assets\/icon\/happy.svg\" alt=\"Happy\">\n                    <\/a>\n                    <div class=\"twp-reaction-title\">\n                        Happy                    <\/div>\n                    <div class=\"twp-count-percent\">\n                                                    <span style=\"display: none;\" class=\"twp-react-count\">0<\/span>\n                        \n                                                <span class=\"twp-react-percent\"><span>0<\/span> %<\/span>\n                                            <\/div>\n                <\/div>\n\n                <div class=\"twp-reacts-wrap\">\n                    <a react-data=\"be-react-2\" post-id=\"4285\" class=\"be-face-icons un-reacted\" href=\"javascript:void(0)\">\n                        <img decoding=\"async\" src=\"https:\/\/desteptati-va.ro\/wp-content\/plugins\/booster-extension\/\/assets\/icon\/sad.svg\" alt=\"Sad\">\n                    <\/a>\n                    <div class=\"twp-reaction-title\">\n                        Sad                    <\/div>\n                    <div class=\"twp-count-percent\">\n                                                    <span style=\"display: none;\" class=\"twp-react-count\">0<\/span>\n                                                                        <span class=\"twp-react-percent\"><span>0<\/span> %<\/span>\n                                            <\/div>\n                <\/div>\n\n                <div class=\"twp-reacts-wrap\">\n                    <a react-data=\"be-react-3\" post-id=\"4285\" class=\"be-face-icons un-reacted\" href=\"javascript:void(0)\">\n                        <img decoding=\"async\" src=\"https:\/\/desteptati-va.ro\/wp-content\/plugins\/booster-extension\/\/assets\/icon\/excited.svg\" alt=\"Excited\">\n                    <\/a>\n                    <div class=\"twp-reaction-title\">\n                        Excited                    <\/div>\n                    <div class=\"twp-count-percent\">\n                                                    <span style=\"display: none;\" class=\"twp-react-count\">0<\/span>\n                                                                        <span class=\"twp-react-percent\"><span>0<\/span> %<\/span>\n                                            <\/div>\n                <\/div>\n\n                <div class=\"twp-reacts-wrap\">\n                    <a react-data=\"be-react-6\" post-id=\"4285\" class=\"be-face-icons un-reacted\" href=\"javascript:void(0)\">\n                        <img decoding=\"async\" src=\"https:\/\/desteptati-va.ro\/wp-content\/plugins\/booster-extension\/\/assets\/icon\/sleepy.svg\" alt=\"Sleepy\">\n                    <\/a>\n                    <div class=\"twp-reaction-title\">\n                        Sleepy                    <\/div>\n                    <div class=\"twp-count-percent\">\n                                                    <span style=\"display: none;\" class=\"twp-react-count\">0<\/span>\n                        \n                                                <span class=\"twp-react-percent\"><span>0<\/span> %<\/span>\n                                            <\/div>\n                <\/div>\n\n                <div class=\"twp-reacts-wrap\">\n                    <a react-data=\"be-react-4\" post-id=\"4285\" class=\"be-face-icons un-reacted\" href=\"javascript:void(0)\">\n                        <img decoding=\"async\" src=\"https:\/\/desteptati-va.ro\/wp-content\/plugins\/booster-extension\/\/assets\/icon\/angry.svg\" alt=\"Angry\">\n                    <\/a>\n                    <div class=\"twp-reaction-title\">Angry<\/div>\n                    <div class=\"twp-count-percent\">\n                                                    <span style=\"display: none;\" class=\"twp-react-count\">0<\/span>\n                                                                        <span class=\"twp-react-percent\"><span>0<\/span> %<\/span>\n                        \n                    <\/div>\n                <\/div>\n\n                <div class=\"twp-reacts-wrap\">\n                    <a react-data=\"be-react-5\" post-id=\"4285\" class=\"be-face-icons un-reacted\" href=\"javascript:void(0)\">\n                        <img decoding=\"async\" src=\"https:\/\/desteptati-va.ro\/wp-content\/plugins\/booster-extension\/\/assets\/icon\/surprise.svg\" alt=\"Surprise\">\n                    <\/a>\n                    <div class=\"twp-reaction-title\">Surprise<\/div>\n                    <div class=\"twp-count-percent\">\n                                                    <span style=\"display: none;\" class=\"twp-react-count\">0<\/span>\n                                                                        <span class=\"twp-react-percent\"><span>0<\/span> %<\/span>\n                                            <\/div>\n                <\/div>\n\n            <\/div>\n        <\/div>\n\n    <\/div>","protected":false},"excerpt":{"rendered":"<p>Este o nou\u0103 confirmare (dac\u0103 mai era cazul !) a modului \u00een care o parte important\u0103 din clas\u0103 politic\u0103 de<a href=\"https:\/\/desteptati-va.ro\/index.php\/2021\/04\/20\/cum-a-semnat-romania-acordul-din-1972-cu-fmi-bird\/\">Read More<i class=\"fa fa-long-arrow-right\" aria-hidden=\"true\"><\/i><\/a><\/p>\n","protected":false},"author":1,"featured_media":1735,"comment_status":"open","ping_status":"open","sticky":false,"template":"","format":"standard","meta":{"_crdt_document":"","footnotes":""},"categories":[27],"tags":[1728,886],"class_list":["post-4285","post","type-post","status-publish","format-standard","has-post-thumbnail","hentry","category-romania-sub-ceausescu","tag-bird","tag-fmi"],"rise-blocks_total_comments":7,"rise-blocks_categories":[{"term_id":27,"name":"Romania sub Ceausescu","slug":"romania-sub-ceausescu","term_group":0,"term_taxonomy_id":27,"taxonomy":"category","description":"","parent":0,"count":6,"filter":"raw"}],"rise-blocks_excerpt":"Este o nou\u0103 confirmare (dac\u0103 mai era cazul !) a modului \u00een care o parte important\u0103 din clas\u0103 politic\u0103 de dup\u0103 1989 a \u00een\u0163eles s\u0103 conduc\u0103 poporul rom\u00e2n spre s\u0103r\u0103cie, spoliere economic\u0103 \u015fi dependen\u0163\u0103 ru\u015finoas\u0103 fa\u0163\u0103 de capitalul str\u0103in. \u00cen fond \u0163ara a fost cobor\u00eet\u0103 la rangul de colonie. Dincolo de tenta nostalgic-na\u0163ionalist\u0103 pe care o are articolul respectiv, \u00een..","yoast_head":"<!-- This site is optimized with the Yoast SEO plugin v26.9 - https:\/\/yoast.com\/product\/yoast-seo-wordpress\/ -->\r\n<title>Cum a semnat Rom\u00e2nia acordul din 1972 cu FMI-BIRD -<\/title>\r\n<meta name=\"robots\" content=\"index, follow, max-snippet:-1, max-image-preview:large, max-video-preview:-1\" \/>\r\n<link rel=\"canonical\" href=\"https:\/\/desteptati-va.ro\/index.php\/2021\/04\/20\/cum-a-semnat-romania-acordul-din-1972-cu-fmi-bird\/\" \/>\r\n<meta property=\"og:locale\" content=\"ro_RO\" \/>\r\n<meta property=\"og:type\" content=\"article\" \/>\r\n<meta property=\"og:title\" content=\"Cum a semnat Rom\u00e2nia acordul din 1972 cu FMI-BIRD -\" \/>\r\n<meta property=\"og:description\" content=\"Este o nou\u0103 confirmare (dac\u0103 mai era cazul !) a modului \u00een care o parte important\u0103 din clas\u0103 politic\u0103 deRead More\" \/>\r\n<meta property=\"og:url\" content=\"https:\/\/desteptati-va.ro\/index.php\/2021\/04\/20\/cum-a-semnat-romania-acordul-din-1972-cu-fmi-bird\/\" \/>\r\n<meta property=\"article:published_time\" content=\"2021-04-20T08:03:14+00:00\" \/>\r\n<meta property=\"article:modified_time\" content=\"2022-01-18T21:03:41+00:00\" \/>\r\n<meta property=\"og:image\" content=\"https:\/\/desteptati-va.ro\/wp-content\/uploads\/2021\/04\/fmi.jpg\" \/>\r\n\t<meta property=\"og:image:width\" content=\"269\" \/>\r\n\t<meta property=\"og:image:height\" content=\"260\" \/>\r\n\t<meta property=\"og:image:type\" content=\"image\/jpeg\" \/>\r\n<meta name=\"author\" content=\"wolfsoftcompany\" \/>\r\n<meta name=\"twitter:card\" content=\"summary_large_image\" \/>\r\n<meta name=\"twitter:label1\" content=\"Scris de\" \/>\n\t<meta name=\"twitter:data1\" content=\"wolfsoftcompany\" \/>\n\t<meta name=\"twitter:label2\" content=\"Timp estimat pentru citire\" \/>\n\t<meta name=\"twitter:data2\" content=\"23 de minute\" \/>\r\n<script type=\"application\/ld+json\" class=\"yoast-schema-graph\">{\"@context\":\"https:\/\/schema.org\",\"@graph\":[{\"@type\":\"Article\",\"@id\":\"https:\/\/desteptati-va.ro\/index.php\/2021\/04\/20\/cum-a-semnat-romania-acordul-din-1972-cu-fmi-bird\/#article\",\"isPartOf\":{\"@id\":\"https:\/\/desteptati-va.ro\/index.php\/2021\/04\/20\/cum-a-semnat-romania-acordul-din-1972-cu-fmi-bird\/\"},\"author\":{\"name\":\"wolfsoftcompany\",\"@id\":\"https:\/\/desteptati-va.ro\/#\/schema\/person\/13182deeebd44920914899f7bb262d6b\"},\"headline\":\"Cum a semnat Rom\u00e2nia acordul din 1972 cu FMI-BIRD\",\"datePublished\":\"2021-04-20T08:03:14+00:00\",\"dateModified\":\"2022-01-18T21:03:41+00:00\",\"mainEntityOfPage\":{\"@id\":\"https:\/\/desteptati-va.ro\/index.php\/2021\/04\/20\/cum-a-semnat-romania-acordul-din-1972-cu-fmi-bird\/\"},\"wordCount\":4593,\"commentCount\":6,\"image\":{\"@id\":\"https:\/\/desteptati-va.ro\/index.php\/2021\/04\/20\/cum-a-semnat-romania-acordul-din-1972-cu-fmi-bird\/#primaryimage\"},\"thumbnailUrl\":\"https:\/\/desteptati-va.ro\/wp-content\/uploads\/2021\/04\/fmi.jpg\",\"keywords\":[\"BIRD\",\"FMI\"],\"articleSection\":[\"Romania sub Ceausescu\"],\"inLanguage\":\"ro-RO\",\"potentialAction\":[{\"@type\":\"CommentAction\",\"name\":\"Comment\",\"target\":[\"https:\/\/desteptati-va.ro\/index.php\/2021\/04\/20\/cum-a-semnat-romania-acordul-din-1972-cu-fmi-bird\/#respond\"]}]},{\"@type\":\"WebPage\",\"@id\":\"https:\/\/desteptati-va.ro\/index.php\/2021\/04\/20\/cum-a-semnat-romania-acordul-din-1972-cu-fmi-bird\/\",\"url\":\"https:\/\/desteptati-va.ro\/index.php\/2021\/04\/20\/cum-a-semnat-romania-acordul-din-1972-cu-fmi-bird\/\",\"name\":\"Cum a semnat Rom\u00e2nia acordul din 1972 cu FMI-BIRD -\",\"isPartOf\":{\"@id\":\"https:\/\/desteptati-va.ro\/#website\"},\"primaryImageOfPage\":{\"@id\":\"https:\/\/desteptati-va.ro\/index.php\/2021\/04\/20\/cum-a-semnat-romania-acordul-din-1972-cu-fmi-bird\/#primaryimage\"},\"image\":{\"@id\":\"https:\/\/desteptati-va.ro\/index.php\/2021\/04\/20\/cum-a-semnat-romania-acordul-din-1972-cu-fmi-bird\/#primaryimage\"},\"thumbnailUrl\":\"https:\/\/desteptati-va.ro\/wp-content\/uploads\/2021\/04\/fmi.jpg\",\"datePublished\":\"2021-04-20T08:03:14+00:00\",\"dateModified\":\"2022-01-18T21:03:41+00:00\",\"author\":{\"@id\":\"https:\/\/desteptati-va.ro\/#\/schema\/person\/13182deeebd44920914899f7bb262d6b\"},\"breadcrumb\":{\"@id\":\"https:\/\/desteptati-va.ro\/index.php\/2021\/04\/20\/cum-a-semnat-romania-acordul-din-1972-cu-fmi-bird\/#breadcrumb\"},\"inLanguage\":\"ro-RO\",\"potentialAction\":[{\"@type\":\"ReadAction\",\"target\":[\"https:\/\/desteptati-va.ro\/index.php\/2021\/04\/20\/cum-a-semnat-romania-acordul-din-1972-cu-fmi-bird\/\"]}]},{\"@type\":\"ImageObject\",\"inLanguage\":\"ro-RO\",\"@id\":\"https:\/\/desteptati-va.ro\/index.php\/2021\/04\/20\/cum-a-semnat-romania-acordul-din-1972-cu-fmi-bird\/#primaryimage\",\"url\":\"https:\/\/desteptati-va.ro\/wp-content\/uploads\/2021\/04\/fmi.jpg\",\"contentUrl\":\"https:\/\/desteptati-va.ro\/wp-content\/uploads\/2021\/04\/fmi.jpg\",\"width\":269,\"height\":260},{\"@type\":\"BreadcrumbList\",\"@id\":\"https:\/\/desteptati-va.ro\/index.php\/2021\/04\/20\/cum-a-semnat-romania-acordul-din-1972-cu-fmi-bird\/#breadcrumb\",\"itemListElement\":[{\"@type\":\"ListItem\",\"position\":1,\"name\":\"Prima pagin\u0103\",\"item\":\"https:\/\/desteptati-va.ro\/\"},{\"@type\":\"ListItem\",\"position\":2,\"name\":\"Cum a semnat Rom\u00e2nia acordul din 1972 cu FMI-BIRD\"}]},{\"@type\":\"WebSite\",\"@id\":\"https:\/\/desteptati-va.ro\/#website\",\"url\":\"https:\/\/desteptati-va.ro\/\",\"name\":\"\",\"description\":\"\",\"potentialAction\":[{\"@type\":\"SearchAction\",\"target\":{\"@type\":\"EntryPoint\",\"urlTemplate\":\"https:\/\/desteptati-va.ro\/?s={search_term_string}\"},\"query-input\":{\"@type\":\"PropertyValueSpecification\",\"valueRequired\":true,\"valueName\":\"search_term_string\"}}],\"inLanguage\":\"ro-RO\"},{\"@type\":\"Person\",\"@id\":\"https:\/\/desteptati-va.ro\/#\/schema\/person\/13182deeebd44920914899f7bb262d6b\",\"name\":\"wolfsoftcompany\",\"image\":{\"@type\":\"ImageObject\",\"inLanguage\":\"ro-RO\",\"@id\":\"https:\/\/desteptati-va.ro\/#\/schema\/person\/image\/\",\"url\":\"https:\/\/secure.gravatar.com\/avatar\/a6cce9b6d101d27d91690e7073e300fed94c0899890bf998e082cb9d2c3d121e?s=96&d=mm&r=g\",\"contentUrl\":\"https:\/\/secure.gravatar.com\/avatar\/a6cce9b6d101d27d91690e7073e300fed94c0899890bf998e082cb9d2c3d121e?s=96&d=mm&r=g\",\"caption\":\"wolfsoftcompany\"},\"sameAs\":[\"http:\/\/desteptati-va.ro\"],\"url\":\"https:\/\/desteptati-va.ro\/index.php\/author\/wolfsoftcompany\/\"}]}<\/script>\r\n<!-- \/ Yoast SEO plugin. -->","yoast_head_json":{"title":"Cum a semnat Rom\u00e2nia acordul din 1972 cu FMI-BIRD -","robots":{"index":"index","follow":"follow","max-snippet":"max-snippet:-1","max-image-preview":"max-image-preview:large","max-video-preview":"max-video-preview:-1"},"canonical":"https:\/\/desteptati-va.ro\/index.php\/2021\/04\/20\/cum-a-semnat-romania-acordul-din-1972-cu-fmi-bird\/","og_locale":"ro_RO","og_type":"article","og_title":"Cum a semnat Rom\u00e2nia acordul din 1972 cu FMI-BIRD -","og_description":"Este o nou\u0103 confirmare (dac\u0103 mai era cazul !) a modului \u00een care o parte important\u0103 din clas\u0103 politic\u0103 deRead More","og_url":"https:\/\/desteptati-va.ro\/index.php\/2021\/04\/20\/cum-a-semnat-romania-acordul-din-1972-cu-fmi-bird\/","article_published_time":"2021-04-20T08:03:14+00:00","article_modified_time":"2022-01-18T21:03:41+00:00","og_image":[{"width":269,"height":260,"url":"https:\/\/desteptati-va.ro\/wp-content\/uploads\/2021\/04\/fmi.jpg","type":"image\/jpeg"}],"author":"wolfsoftcompany","twitter_card":"summary_large_image","twitter_misc":{"Scris de":"wolfsoftcompany","Timp estimat pentru citire":"23 de minute"},"schema":{"@context":"https:\/\/schema.org","@graph":[{"@type":"Article","@id":"https:\/\/desteptati-va.ro\/index.php\/2021\/04\/20\/cum-a-semnat-romania-acordul-din-1972-cu-fmi-bird\/#article","isPartOf":{"@id":"https:\/\/desteptati-va.ro\/index.php\/2021\/04\/20\/cum-a-semnat-romania-acordul-din-1972-cu-fmi-bird\/"},"author":{"name":"wolfsoftcompany","@id":"https:\/\/desteptati-va.ro\/#\/schema\/person\/13182deeebd44920914899f7bb262d6b"},"headline":"Cum a semnat Rom\u00e2nia acordul din 1972 cu FMI-BIRD","datePublished":"2021-04-20T08:03:14+00:00","dateModified":"2022-01-18T21:03:41+00:00","mainEntityOfPage":{"@id":"https:\/\/desteptati-va.ro\/index.php\/2021\/04\/20\/cum-a-semnat-romania-acordul-din-1972-cu-fmi-bird\/"},"wordCount":4593,"commentCount":6,"image":{"@id":"https:\/\/desteptati-va.ro\/index.php\/2021\/04\/20\/cum-a-semnat-romania-acordul-din-1972-cu-fmi-bird\/#primaryimage"},"thumbnailUrl":"https:\/\/desteptati-va.ro\/wp-content\/uploads\/2021\/04\/fmi.jpg","keywords":["BIRD","FMI"],"articleSection":["Romania sub Ceausescu"],"inLanguage":"ro-RO","potentialAction":[{"@type":"CommentAction","name":"Comment","target":["https:\/\/desteptati-va.ro\/index.php\/2021\/04\/20\/cum-a-semnat-romania-acordul-din-1972-cu-fmi-bird\/#respond"]}]},{"@type":"WebPage","@id":"https:\/\/desteptati-va.ro\/index.php\/2021\/04\/20\/cum-a-semnat-romania-acordul-din-1972-cu-fmi-bird\/","url":"https:\/\/desteptati-va.ro\/index.php\/2021\/04\/20\/cum-a-semnat-romania-acordul-din-1972-cu-fmi-bird\/","name":"Cum a semnat Rom\u00e2nia acordul din 1972 cu FMI-BIRD -","isPartOf":{"@id":"https:\/\/desteptati-va.ro\/#website"},"primaryImageOfPage":{"@id":"https:\/\/desteptati-va.ro\/index.php\/2021\/04\/20\/cum-a-semnat-romania-acordul-din-1972-cu-fmi-bird\/#primaryimage"},"image":{"@id":"https:\/\/desteptati-va.ro\/index.php\/2021\/04\/20\/cum-a-semnat-romania-acordul-din-1972-cu-fmi-bird\/#primaryimage"},"thumbnailUrl":"https:\/\/desteptati-va.ro\/wp-content\/uploads\/2021\/04\/fmi.jpg","datePublished":"2021-04-20T08:03:14+00:00","dateModified":"2022-01-18T21:03:41+00:00","author":{"@id":"https:\/\/desteptati-va.ro\/#\/schema\/person\/13182deeebd44920914899f7bb262d6b"},"breadcrumb":{"@id":"https:\/\/desteptati-va.ro\/index.php\/2021\/04\/20\/cum-a-semnat-romania-acordul-din-1972-cu-fmi-bird\/#breadcrumb"},"inLanguage":"ro-RO","potentialAction":[{"@type":"ReadAction","target":["https:\/\/desteptati-va.ro\/index.php\/2021\/04\/20\/cum-a-semnat-romania-acordul-din-1972-cu-fmi-bird\/"]}]},{"@type":"ImageObject","inLanguage":"ro-RO","@id":"https:\/\/desteptati-va.ro\/index.php\/2021\/04\/20\/cum-a-semnat-romania-acordul-din-1972-cu-fmi-bird\/#primaryimage","url":"https:\/\/desteptati-va.ro\/wp-content\/uploads\/2021\/04\/fmi.jpg","contentUrl":"https:\/\/desteptati-va.ro\/wp-content\/uploads\/2021\/04\/fmi.jpg","width":269,"height":260},{"@type":"BreadcrumbList","@id":"https:\/\/desteptati-va.ro\/index.php\/2021\/04\/20\/cum-a-semnat-romania-acordul-din-1972-cu-fmi-bird\/#breadcrumb","itemListElement":[{"@type":"ListItem","position":1,"name":"Prima pagin\u0103","item":"https:\/\/desteptati-va.ro\/"},{"@type":"ListItem","position":2,"name":"Cum a semnat Rom\u00e2nia acordul din 1972 cu FMI-BIRD"}]},{"@type":"WebSite","@id":"https:\/\/desteptati-va.ro\/#website","url":"https:\/\/desteptati-va.ro\/","name":"","description":"","potentialAction":[{"@type":"SearchAction","target":{"@type":"EntryPoint","urlTemplate":"https:\/\/desteptati-va.ro\/?s={search_term_string}"},"query-input":{"@type":"PropertyValueSpecification","valueRequired":true,"valueName":"search_term_string"}}],"inLanguage":"ro-RO"},{"@type":"Person","@id":"https:\/\/desteptati-va.ro\/#\/schema\/person\/13182deeebd44920914899f7bb262d6b","name":"wolfsoftcompany","image":{"@type":"ImageObject","inLanguage":"ro-RO","@id":"https:\/\/desteptati-va.ro\/#\/schema\/person\/image\/","url":"https:\/\/secure.gravatar.com\/avatar\/a6cce9b6d101d27d91690e7073e300fed94c0899890bf998e082cb9d2c3d121e?s=96&d=mm&r=g","contentUrl":"https:\/\/secure.gravatar.com\/avatar\/a6cce9b6d101d27d91690e7073e300fed94c0899890bf998e082cb9d2c3d121e?s=96&d=mm&r=g","caption":"wolfsoftcompany"},"sameAs":["http:\/\/desteptati-va.ro"],"url":"https:\/\/desteptati-va.ro\/index.php\/author\/wolfsoftcompany\/"}]}},"_links":{"self":[{"href":"https:\/\/desteptati-va.ro\/index.php\/wp-json\/wp\/v2\/posts\/4285","targetHints":{"allow":["GET"]}}],"collection":[{"href":"https:\/\/desteptati-va.ro\/index.php\/wp-json\/wp\/v2\/posts"}],"about":[{"href":"https:\/\/desteptati-va.ro\/index.php\/wp-json\/wp\/v2\/types\/post"}],"author":[{"embeddable":true,"href":"https:\/\/desteptati-va.ro\/index.php\/wp-json\/wp\/v2\/users\/1"}],"replies":[{"embeddable":true,"href":"https:\/\/desteptati-va.ro\/index.php\/wp-json\/wp\/v2\/comments?post=4285"}],"version-history":[{"count":2,"href":"https:\/\/desteptati-va.ro\/index.php\/wp-json\/wp\/v2\/posts\/4285\/revisions"}],"predecessor-version":[{"id":4520,"href":"https:\/\/desteptati-va.ro\/index.php\/wp-json\/wp\/v2\/posts\/4285\/revisions\/4520"}],"wp:featuredmedia":[{"embeddable":true,"href":"https:\/\/desteptati-va.ro\/index.php\/wp-json\/wp\/v2\/media\/1735"}],"wp:attachment":[{"href":"https:\/\/desteptati-va.ro\/index.php\/wp-json\/wp\/v2\/media?parent=4285"}],"wp:term":[{"taxonomy":"category","embeddable":true,"href":"https:\/\/desteptati-va.ro\/index.php\/wp-json\/wp\/v2\/categories?post=4285"},{"taxonomy":"post_tag","embeddable":true,"href":"https:\/\/desteptati-va.ro\/index.php\/wp-json\/wp\/v2\/tags?post=4285"}],"curies":[{"name":"wp","href":"https:\/\/api.w.org\/{rel}","templated":true}]}}