{"id":4297,"date":"2021-04-20T08:23:08","date_gmt":"2021-04-20T08:23:08","guid":{"rendered":"http:\/\/desteptati.ro\/?p=4297"},"modified":"2022-02-03T23:06:32","modified_gmt":"2022-02-03T21:06:32","slug":"romania-o-tara-de-vanzare-la-pret-redus","status":"publish","type":"post","link":"https:\/\/desteptati-va.ro\/index.php\/2021\/04\/20\/romania-o-tara-de-vanzare-la-pret-redus\/","title":{"rendered":"Rom\u00e2nia, o \u021bar\u0103 de v\u00e2nzare la pre\u021b redus"},"content":{"rendered":"<div class=\"post-content\"><div class='booster-block booster-read-block'>\n                <div class=\"twp-read-time\">\n                \t<i class=\"booster-icon twp-clock\"><\/i> <span>Read Time:<\/span>5 Minute, 51 Second                <\/div>\n\n            <\/div><h4>Pentru a marca vizita directoarei FMI la Bucure\u0219ti, versiunea \u00een limba franceza a revistei online Slate a publicat o analiz\u0103 a m\u0103surilor impuse Rom\u00e2niei de creditorii interna\u021bionali \u00een ultimii ani \u0219i a efectelor acestora. Articolul \u2019\u2019Rom\u00e2nia, o \u021bar\u0103 \u00een lichidare de stoc\u2019\u2019, a fost scris de jurnalista Marianne Rigaux \u0219i \u00eel prezent\u0103m integral mai jos.<\/h4>\n<h4>&#8221;Po\u0219t\u0103, transport feroviar \u0219i aerian, energie, s\u0103n\u0103tate: Rom\u00e2nia vinde la reducere \u00een toate sectoarele. Reduceri impuse de Fondul Monetar Interna\u021bional pentru a ra\u021bionaliza economia \u021b\u0103rii. \u2019\u2019\u00cen cur\u00e2nd nu va mai fi mare lucru rom\u00e2nesc \u00een Rom\u00e2nia\u2019\u2019, se glume\u0219te amar la Bucure\u0219ti.<\/h4>\n<h4>\u021aara este de v\u00e2nzare, cel pu\u021bin vreo zece societ\u0103\u021bi publice, cu scopul de a \u0219terge datoriile. \u00cen 2009, lovit\u0103 de criz\u0103, Rom\u00e2nia a \u00eemprumutat 20 de miliarde de euro de la FMI, de la Bruxelles \u0219i de la Banca Mondial\u0103, pentru a nu se pr\u0103bu\u0219i. Cre\u0219terea economica s-a redus cu 8,5%, iar deficitul bugetar a culminat cu 7,2% din PIB.<img loading=\"lazy\" decoding=\"async\" class=\"wp-image-2444 alignleft\" src=\"https:\/\/desteptati-va.ro\/wp-content\/uploads\/2021\/04\/caracatita.jpg\" alt=\"\" width=\"585\" height=\"588\" srcset=\"https:\/\/desteptati-va.ro\/wp-content\/uploads\/2021\/04\/caracatita.jpg 224w, https:\/\/desteptati-va.ro\/wp-content\/uploads\/2021\/04\/caracatita-150x150.jpg 150w\" sizes=\"auto, (max-width: 585px) 100vw, 585px\" \/><\/h4>\n<h4>Economia rom\u00e2neasc\u0103 se comportase bine cu c\u00e2\u021biva ani \u00eenainte, cu o cre\u0219tere anual\u0103 medie de 6,3% \u00eentre 2002 \u0219i 2008. Rom\u00e2nia \u0219i-a preg\u0103tit intrarea \u00een UE (devenit\u0103 efectiv\u0103 \u00een 2007), iar to\u021bi indicatorii erau pe verde. Pe 1 iulie 2010, pre\u0219edintele de centru-dreapta Traian B\u0103sescu a fot obligat s\u0103 reduca salariile func\u021bionarilor cu 25% \u0219i pensiile cu 15%. TVA-ul a ajuns de la 19% la 24%. \u00cen jur de 200.000 de func\u021bionari au fost concedia\u021bi \u00een urm\u0103torii doi ani. O adev\u0103rat\u0103 terapie de \u0219oc cerut\u0103 \u00een schimbul celor 20 de miliarde de euro \u00eemprumutate.<\/h4>\n<h4>Pe l\u00e2ng\u0103 aceast\u0103 politica de austeritate care dureaz\u0103 de trei ani, troica a impus statului s\u0103 privatizeze \u00eentreprinderile sale pentru a atrage capital \u0219i a retabiliza societ\u0103\u021bile. \u2019\u2019Ineficient\u2019\u2019, cosider\u0103 economistul rom\u00e2n Ilie \u0218erb\u0103nescu. \u2019\u2019Sunt lichid\u0103ri mascate. Vindem la pre\u021b redus \u00eentreprinderi deficitare sub presiunea FMI.\u2019\u2019<\/h4>\n<h4>Astfel, compania public\u0103 de transport feroviar de marf\u0103 CFR Marf\u0103 a fost cump\u0103rat\u0103 de Grup Feroviar Roman (GFR) pentru 202 milioane de euro. Valoarea estimat\u0103, \u00een urm\u0103 cu \u0219ase ani, a CFR Marf\u0103 era de 2 miliarde de euro. \u00cen sectorul transportului aerian, trei societ\u0103\u021bi publice \u00eendatorate sau \u00een declin (IAR Ghimbav, Avioane Craiova \u0219i Romaero B\u0103neasa) figureaz\u0103 \u0219i ele pe lista tranzac\u021biilor. Guvernul rom\u00e2n va vinde de asemenea un sfert din cele 96% de\u021binute la compania na\u021bional\u0103 Tarom, membr\u0103 a Sky Team.<\/h4>\n<h4><strong>Gaz, avioane \u0219i centrale nucleare de v\u00e2nzare<\/strong><\/h4>\n<h4>\u00cen domeniul energiei, guvernul a scos pe burs\u0103 pachete de 10-15% din ac\u021biunile de\u021binute de stat. Aceste privatiz\u0103ri par\u021biale privesc Transgaz (transportatorul de gaz), Romgaz (produc\u0103torul de gaz) \u0219i Hidroelectrica (produc\u0103tor de energie hidro). Guvernul a scos de asemenea la v\u00e2nzare si 10% din ac\u021biunile Nuclearelectrica, compania care gestioneaz\u0103 singura central\u0103 nuclear\u0103 a \u021b\u0103rii. Este interesat\u0103 o companie din China.<\/h4>\n<h4>De\u021binut\u0103 de stat \u00een proportie de 75%, Po\u0219ta nu a g\u0103sit pentru moment un cump\u0103r\u0103tor. Prin urmare, societatea a acumulat pierderi de 120 de milioane de euro \u00een ultimii patru ani. Pentru a o face mai atractiv\u0103, 3.650 de salaria\u021bi, adic\u0103 11% din angaja\u021bi, vor fi concedia\u021bi.<\/h4>\n<h4>Lu\u00e2nd \u00een calcul toate privatiz\u0103rile, sindicatele estimeaz\u0103 ca vor fi concedia\u021bi 17.000 de angaja\u021bi, pe termen scurt. Lovit\u0103 deja de m\u0103surile de reducere a salariilor, popula\u021bia pl\u0103te\u0219te \u0219i facturi mai mari la gaze \u0219i electricitate. Rom\u00e2nia s-a angajat s\u0103 liberalizeze gradual aceste dou\u0103 pie\u021be, pentru a se conforma tot institu\u021biilor financiare interna\u021bionale. O aliniere a pre\u021burilor inevitabil\u0103 dup\u0103 intrarea \u00een UE. \u2019\u2019Veche mo\u0219tenire a comunismului, gazul \u0219i electricitatea erau \u00eenc\u0103 v\u00e2ndute sub pre\u021bul lor de produc\u021bie\u2019\u2019, spue Sandrine Levasseur, care urm\u0103re\u0219te \u021b\u0103rile Europei de Est \u00een cadrul Observatorului Francez al Situa\u021biilor Economice.<img loading=\"lazy\" decoding=\"async\" class=\"alignnone  wp-image-4625\" src=\"https:\/\/desteptati-va.ro\/wp-content\/uploads\/2021\/04\/pericol.jpg\" alt=\"\" width=\"820\" height=\"460\" \/><\/h4>\n<h4>Toate aceste schimb\u0103ri i-au facut pe rom\u00e2ni s\u0103 ias\u0103 \u00een strad\u0103, \u00een ianuarie 2012. Pic\u0103tura care a umplut paharul, proiectul guvernului de a privatiza o parte a sistemului de s\u0103n\u0103tate, aduc\u00e2nd patru asiguratori suplimentari pe pia\u021b\u0103. Iar aceasta \u00eensemna reducerea acoperirii sistemului public de s\u0103n\u0103tate.<\/h4>\n<h4>Privatiz\u0103rile au o pres\u0103 proast\u0103 \u00een Rom\u00e2nia. Dup\u0103 c\u0103derea regimului comuist al lui Nicolae Ceau\u0219escu \u00een 1989, de privatiz\u0103ri au profitat c\u00e2\u021biva oameni de afaceri corup\u021bi care s-au \u00eembog\u0103\u021bit de pe urma tranzi\u021biei din anii 1990. Lipsa transparen\u021bei tranzactiilor este ar\u0103tat\u0103 cu degetul \u0219i ast\u0103zi. O opacitate care \u00eei face pe investitori foarte timora\u021bi.<\/h4>\n<h4>Achitarea \u00een decembrie a fostului premier Adrian N\u0103stase este o dovad\u0103 \u00een plus a incapacit\u0103\u021bii statului rom\u00e2n de a pedepsi corup\u021bii plasa\u021bi \u00een func\u021bii \u00eenalte. Adrian N\u0103stase a fost condamnat \u00een iunie 2012 la doi ani de \u00eenchisoare cu executare pentru c\u0103 a deturnat mai multe milioane de euro, acord\u00e2nd contracte de construc\u021bie a autostr\u0103zilor f\u0103r\u0103 licita\u021bie.<\/h4>\n<figure id=\"attachment_3907\" aria-describedby=\"caption-attachment-3907\" style=\"width: 300px\" class=\"wp-caption aligncenter\"><a href=\"http:\/\/www.desteptati-va.ro\/wp-content\/uploads\/2013\/07\/fmi-bogdan-maran.jpg\"><img loading=\"lazy\" decoding=\"async\" class=\"size-medium wp-image-3907\" title=\"fmi-bogdan-maran\" src=\"http:\/\/www.desteptati-va.ro\/wp-content\/uploads\/2013\/07\/fmi-bogdan-maran-300x225.jpg\" alt=\"F.M.I.\" width=\"300\" height=\"225\" \/><\/a><figcaption id=\"caption-attachment-3907\" class=\"wp-caption-text\">F.M.I.<\/figcaption><\/figure>\n<h4><strong>Rom\u00e2nii a\u0219teapt\u0103 cu ner\u0103bdare revenirea cre\u0219terii economice<\/strong><\/h4>\n<h4>Rom\u00e2nii \u00ee\u0219i amintesc \u0219i de povestea rocambolesc\u0103 din jurul uzinei de produse chimice Oltchim. Scoas\u0103 la v\u00e2nzare \u00een vara trecut\u0103, la cererea FMI, \u0219i oferit\u0103 unui om politic \u0219i magnat media pentru 45 de milioane de euro, compania a ajuns \u00een cele din urm\u0103 \u00een lichidare, pentru c\u0103 investitorul nu avea cu ce s\u0103 pl\u0103teasc\u0103&#8230;<\/h4>\n<h4>\u2019\u2019Deschiderea c\u0103tre capital are o latur\u0103 violent\u0103 pentru fostele \u021b\u0103ri comuniste. Cehia a v\u00e2ndut \u00eentreprinderile investitorilor str\u0103ini la sf\u00e2r\u0219itul anilor 1990 \u0219i a ob\u021binut cre\u0219tere economic\u0103 \u00een c\u00e2\u021biva ani\u2019\u2019, spune Sandrine Levasseur. Brutal, dar eficace.<\/h4>\n<h4>Modificarea majorit\u0103\u021bii politice \u00een Rom\u00e2nia nu a pus sub semnul \u00eentreb\u0103rii angajamentele fa\u021b\u0103 de creditorii externi, pentru c\u0103 guvernul are interesul de a debloca \u0219i alte ajutoare. Dup\u0103 \u00eemprumutul din 2009, guvernul a semnat un al doilea acord de tip preventiv in 2011, un \u00eemprumut de 5 miliarde de euro utilizabil \u00een caz de urgen\u021b\u0103.<\/h4>\n<h4>Urm\u0103rile nu se v\u0103d \u00eenc\u0103 \u00een via\u021ba de zi cu zi, dar Rom\u00e2nia scoate treptat capul la suprafa\u021b\u0103. \u2019\u2019Economia este stabilizat\u0103, chiar dac\u0103 cre\u0219terea este redus\u0103 \u0219i trebuie s\u0103 fim aten\u021bi pentru ca situa\u021bia s\u0103 nu se deterioreze din nou\u2019\u2019, spune Nemat Shafik, prim adjunct al directorului FMI. Estim\u0103rile indic\u0103 1,6% cre\u0219tere pentru 2013, dup\u0103 0,9% \u00een 2012 \u0219i 2,2% \u00een 2011. Este bine, dar nu extraordinar, nuan\u021beaz\u0103 economistul Ilie \u0218erb\u0103nescu: \u2019\u2019Rom\u00e2nia este o \u021bar\u0103 emergent\u0103, are nevoie de cel pu\u021bin 5-6% cre\u0219tere pentru ca efectele s\u0103 se vad\u0103 \u0219i \u00een salarii.\u2019\u2019<\/h4>\n<h4><strong>FMI, mul\u021bumit de Rom\u00e2nia<\/strong><\/h4>\n<h4>Christine Lagarde se va afla la Bucure\u0219ti pe 15 si 16 iulie, pentru prima sa vizita aici ca directoare a FMI. Jurnalistul Moise Guran nu vede cu ochi buni aceast\u0103 vizit\u0103. \u2019\u2019Ne vom felicita reciproc \u0219i vom mul\u021bumi FMI pentru c\u0103 ne-a oferit o centur\u0103 de siguran\u021b\u0103. Dar s\u0103 fim cinsti\u021bi: Rom\u00e2nia a pierdut patru ani. Un acord cu FMI este \u00een realitate un blocaj. O perioad\u0103 \u00een care guvernul nu a f\u0103cut dec\u00e2t s\u0103 execute deciziile luate de c\u00e2\u021biva contabili obtuzi\u2019\u2019, scrie el pe blogul personal.<\/h4>\n<h4>Este \u00eenc\u0103 devreme pentru a spune c\u0103 FMI a reu\u0219it \u00een Rom\u00e2nia. \u00cen orice caz, institu\u021bia financiar\u0103 ar avea nevoie de un succes, dup\u0103 gre\u0219elile (recunoscute) ale ac\u021biunii sale \u00een Grecia. C\u00e2t prive\u0219te guvernul rom\u00e2n, el sper\u0103 s\u0103 fie felicitat pentru eforturile depuse \u00een vederea ob\u021binerii unei noi tran\u0219e pentru 2013-2015. Pentru aceasta va trebui s\u0103 continue s\u0103 v\u00e2nd\u0103 \u021bara.&#8221;<\/h4>\n<h4><\/h4>\n<h4><span style=\"color: #c0c0c0;\"><em>Surs\u0103: <a title=\"sursa\" href=\"http:\/\/www.cotidianul.ro\/romania-o-tara-de-vanzare-la-pret-redus-218184\/\">www.cotidianul.ro<\/a><\/em><\/span><\/h4>        <div class=\"booster-block booster-reactions-block\">\n            <div class=\"twp-reactions-icons\">\n                \n                <div class=\"twp-reacts-wrap\">\n                    <a react-data=\"be-react-1\" post-id=\"4297\" class=\"be-face-icons un-reacted\" href=\"javascript:void(0)\">\n                        <img decoding=\"async\" src=\"https:\/\/desteptati-va.ro\/wp-content\/plugins\/booster-extension\/\/assets\/icon\/happy.svg\" alt=\"Happy\">\n                    <\/a>\n                    <div class=\"twp-reaction-title\">\n                        Happy                    <\/div>\n                    <div class=\"twp-count-percent\">\n                                                    <span style=\"display: none;\" class=\"twp-react-count\">0<\/span>\n                        \n                                                <span class=\"twp-react-percent\"><span>0<\/span> %<\/span>\n                                            <\/div>\n                <\/div>\n\n                <div class=\"twp-reacts-wrap\">\n                    <a react-data=\"be-react-2\" post-id=\"4297\" class=\"be-face-icons un-reacted\" href=\"javascript:void(0)\">\n                        <img decoding=\"async\" src=\"https:\/\/desteptati-va.ro\/wp-content\/plugins\/booster-extension\/\/assets\/icon\/sad.svg\" alt=\"Sad\">\n                    <\/a>\n                    <div class=\"twp-reaction-title\">\n                        Sad                    <\/div>\n                    <div class=\"twp-count-percent\">\n                                                    <span style=\"display: none;\" class=\"twp-react-count\">0<\/span>\n                                                                        <span class=\"twp-react-percent\"><span>0<\/span> %<\/span>\n                                            <\/div>\n                <\/div>\n\n                <div class=\"twp-reacts-wrap\">\n                    <a react-data=\"be-react-3\" post-id=\"4297\" class=\"be-face-icons un-reacted\" href=\"javascript:void(0)\">\n                        <img decoding=\"async\" src=\"https:\/\/desteptati-va.ro\/wp-content\/plugins\/booster-extension\/\/assets\/icon\/excited.svg\" alt=\"Excited\">\n                    <\/a>\n                    <div class=\"twp-reaction-title\">\n                        Excited                    <\/div>\n                    <div class=\"twp-count-percent\">\n                                                    <span style=\"display: none;\" class=\"twp-react-count\">0<\/span>\n                                                                        <span class=\"twp-react-percent\"><span>0<\/span> %<\/span>\n                                            <\/div>\n                <\/div>\n\n                <div class=\"twp-reacts-wrap\">\n                    <a react-data=\"be-react-6\" post-id=\"4297\" class=\"be-face-icons un-reacted\" href=\"javascript:void(0)\">\n                        <img decoding=\"async\" src=\"https:\/\/desteptati-va.ro\/wp-content\/plugins\/booster-extension\/\/assets\/icon\/sleepy.svg\" alt=\"Sleepy\">\n                    <\/a>\n                    <div class=\"twp-reaction-title\">\n                        Sleepy                    <\/div>\n                    <div class=\"twp-count-percent\">\n                                                    <span style=\"display: none;\" class=\"twp-react-count\">0<\/span>\n                        \n                                                <span class=\"twp-react-percent\"><span>0<\/span> %<\/span>\n                                            <\/div>\n                <\/div>\n\n                <div class=\"twp-reacts-wrap\">\n                    <a react-data=\"be-react-4\" post-id=\"4297\" class=\"be-face-icons un-reacted\" href=\"javascript:void(0)\">\n                        <img decoding=\"async\" src=\"https:\/\/desteptati-va.ro\/wp-content\/plugins\/booster-extension\/\/assets\/icon\/angry.svg\" alt=\"Angry\">\n                    <\/a>\n                    <div class=\"twp-reaction-title\">Angry<\/div>\n                    <div class=\"twp-count-percent\">\n                                                    <span style=\"display: none;\" class=\"twp-react-count\">0<\/span>\n                                                                        <span class=\"twp-react-percent\"><span>0<\/span> %<\/span>\n                        \n                    <\/div>\n                <\/div>\n\n                <div class=\"twp-reacts-wrap\">\n                    <a react-data=\"be-react-5\" post-id=\"4297\" class=\"be-face-icons un-reacted\" href=\"javascript:void(0)\">\n                        <img decoding=\"async\" src=\"https:\/\/desteptati-va.ro\/wp-content\/plugins\/booster-extension\/\/assets\/icon\/surprise.svg\" alt=\"Surprise\">\n                    <\/a>\n                    <div class=\"twp-reaction-title\">Surprise<\/div>\n                    <div class=\"twp-count-percent\">\n                                                    <span style=\"display: none;\" class=\"twp-react-count\">0<\/span>\n                                                                        <span class=\"twp-react-percent\"><span>0<\/span> %<\/span>\n                                            <\/div>\n                <\/div>\n\n            <\/div>\n        <\/div>\n\n    <\/div>","protected":false},"excerpt":{"rendered":"<p>Pentru a marca vizita directoarei FMI la Bucure\u0219ti, versiunea \u00een limba franceza a revistei online Slate a publicat o analiz\u0103<a href=\"https:\/\/desteptati-va.ro\/index.php\/2021\/04\/20\/romania-o-tara-de-vanzare-la-pret-redus\/\">Read More<i class=\"fa fa-long-arrow-right\" aria-hidden=\"true\"><\/i><\/a><\/p>\n","protected":false},"author":1,"featured_media":2796,"comment_status":"open","ping_status":"open","sticky":false,"template":"","format":"standard","meta":{"_crdt_document":"","footnotes":""},"categories":[218,1759,48],"tags":[1041,1752],"class_list":["post-4297","post","type-post","status-publish","format-standard","has-post-thumbnail","hentry","category-general","category-politica-damboviteana","category-tradare-sisau-prostie","tag-tradatorii","tag-vanzatori"],"rise-blocks_total_comments":2,"rise-blocks_categories":[{"term_id":218,"name":"General","slug":"general","term_group":0,"term_taxonomy_id":218,"taxonomy":"category","description":"","parent":0,"count":56,"filter":"raw"}],"rise-blocks_excerpt":"Pentru a marca vizita directoarei FMI la Bucure\u0219ti, versiunea \u00een limba franceza a revistei online Slate a publicat o analiz\u0103 a m\u0103surilor impuse Rom\u00e2niei de creditorii interna\u021bionali \u00een ultimii ani \u0219i a efectelor acestora. Articolul \u2019\u2019Rom\u00e2nia, o \u021bar\u0103 \u00een lichidare de stoc\u2019\u2019, a fost scris de jurnalista Marianne Rigaux \u0219i \u00eel prezent\u0103m integral mai jos. &#8221;Po\u0219t\u0103, transport feroviar \u0219i aerian,..","yoast_head":"<!-- This site is optimized with the Yoast SEO plugin v26.9 - https:\/\/yoast.com\/product\/yoast-seo-wordpress\/ -->\r\n<title>Rom\u00e2nia, o \u021bar\u0103 de v\u00e2nzare la pre\u021b redus -<\/title>\r\n<meta name=\"robots\" content=\"index, follow, max-snippet:-1, max-image-preview:large, max-video-preview:-1\" \/>\r\n<link rel=\"canonical\" href=\"https:\/\/desteptati-va.ro\/index.php\/2021\/04\/20\/romania-o-tara-de-vanzare-la-pret-redus\/\" \/>\r\n<meta property=\"og:locale\" content=\"ro_RO\" \/>\r\n<meta property=\"og:type\" content=\"article\" \/>\r\n<meta property=\"og:title\" content=\"Rom\u00e2nia, o \u021bar\u0103 de v\u00e2nzare la pre\u021b redus -\" \/>\r\n<meta property=\"og:description\" content=\"Pentru a marca vizita directoarei FMI la Bucure\u0219ti, versiunea \u00een limba franceza a revistei online Slate a publicat o analiz\u0103Read More\" \/>\r\n<meta property=\"og:url\" content=\"https:\/\/desteptati-va.ro\/index.php\/2021\/04\/20\/romania-o-tara-de-vanzare-la-pret-redus\/\" \/>\r\n<meta property=\"article:published_time\" content=\"2021-04-20T08:23:08+00:00\" \/>\r\n<meta property=\"article:modified_time\" content=\"2022-02-03T21:06:32+00:00\" \/>\r\n<meta property=\"og:image\" content=\"https:\/\/desteptati-va.ro\/wp-content\/uploads\/2021\/04\/Mita2.jpg\" \/>\r\n\t<meta property=\"og:image:width\" content=\"400\" \/>\r\n\t<meta property=\"og:image:height\" content=\"291\" \/>\r\n\t<meta property=\"og:image:type\" content=\"image\/jpeg\" \/>\r\n<meta name=\"author\" content=\"wolfsoftcompany\" \/>\r\n<meta name=\"twitter:card\" content=\"summary_large_image\" \/>\r\n<meta name=\"twitter:label1\" content=\"Scris de\" \/>\n\t<meta name=\"twitter:data1\" content=\"wolfsoftcompany\" \/>\n\t<meta name=\"twitter:label2\" content=\"Timp estimat pentru citire\" \/>\n\t<meta name=\"twitter:data2\" content=\"6 minute\" \/>\r\n<script type=\"application\/ld+json\" class=\"yoast-schema-graph\">{\"@context\":\"https:\/\/schema.org\",\"@graph\":[{\"@type\":\"Article\",\"@id\":\"https:\/\/desteptati-va.ro\/index.php\/2021\/04\/20\/romania-o-tara-de-vanzare-la-pret-redus\/#article\",\"isPartOf\":{\"@id\":\"https:\/\/desteptati-va.ro\/index.php\/2021\/04\/20\/romania-o-tara-de-vanzare-la-pret-redus\/\"},\"author\":{\"name\":\"wolfsoftcompany\",\"@id\":\"https:\/\/desteptati-va.ro\/#\/schema\/person\/13182deeebd44920914899f7bb262d6b\"},\"headline\":\"Rom\u00e2nia, o \u021bar\u0103 de v\u00e2nzare la pre\u021b redus\",\"datePublished\":\"2021-04-20T08:23:08+00:00\",\"dateModified\":\"2022-02-03T21:06:32+00:00\",\"mainEntityOfPage\":{\"@id\":\"https:\/\/desteptati-va.ro\/index.php\/2021\/04\/20\/romania-o-tara-de-vanzare-la-pret-redus\/\"},\"wordCount\":1289,\"commentCount\":0,\"image\":{\"@id\":\"https:\/\/desteptati-va.ro\/index.php\/2021\/04\/20\/romania-o-tara-de-vanzare-la-pret-redus\/#primaryimage\"},\"thumbnailUrl\":\"https:\/\/desteptati-va.ro\/wp-content\/uploads\/2021\/04\/Mita2.jpg\",\"keywords\":[\"tradatorii\",\"vanzatori\"],\"articleSection\":[\"General\",\"Politica D\u00e2mbovi\u021bean\u0103\",\"Tradare si\/sau prostie ?\"],\"inLanguage\":\"ro-RO\",\"potentialAction\":[{\"@type\":\"CommentAction\",\"name\":\"Comment\",\"target\":[\"https:\/\/desteptati-va.ro\/index.php\/2021\/04\/20\/romania-o-tara-de-vanzare-la-pret-redus\/#respond\"]}]},{\"@type\":\"WebPage\",\"@id\":\"https:\/\/desteptati-va.ro\/index.php\/2021\/04\/20\/romania-o-tara-de-vanzare-la-pret-redus\/\",\"url\":\"https:\/\/desteptati-va.ro\/index.php\/2021\/04\/20\/romania-o-tara-de-vanzare-la-pret-redus\/\",\"name\":\"Rom\u00e2nia, o \u021bar\u0103 de v\u00e2nzare la pre\u021b redus -\",\"isPartOf\":{\"@id\":\"https:\/\/desteptati-va.ro\/#website\"},\"primaryImageOfPage\":{\"@id\":\"https:\/\/desteptati-va.ro\/index.php\/2021\/04\/20\/romania-o-tara-de-vanzare-la-pret-redus\/#primaryimage\"},\"image\":{\"@id\":\"https:\/\/desteptati-va.ro\/index.php\/2021\/04\/20\/romania-o-tara-de-vanzare-la-pret-redus\/#primaryimage\"},\"thumbnailUrl\":\"https:\/\/desteptati-va.ro\/wp-content\/uploads\/2021\/04\/Mita2.jpg\",\"datePublished\":\"2021-04-20T08:23:08+00:00\",\"dateModified\":\"2022-02-03T21:06:32+00:00\",\"author\":{\"@id\":\"https:\/\/desteptati-va.ro\/#\/schema\/person\/13182deeebd44920914899f7bb262d6b\"},\"breadcrumb\":{\"@id\":\"https:\/\/desteptati-va.ro\/index.php\/2021\/04\/20\/romania-o-tara-de-vanzare-la-pret-redus\/#breadcrumb\"},\"inLanguage\":\"ro-RO\",\"potentialAction\":[{\"@type\":\"ReadAction\",\"target\":[\"https:\/\/desteptati-va.ro\/index.php\/2021\/04\/20\/romania-o-tara-de-vanzare-la-pret-redus\/\"]}]},{\"@type\":\"ImageObject\",\"inLanguage\":\"ro-RO\",\"@id\":\"https:\/\/desteptati-va.ro\/index.php\/2021\/04\/20\/romania-o-tara-de-vanzare-la-pret-redus\/#primaryimage\",\"url\":\"https:\/\/desteptati-va.ro\/wp-content\/uploads\/2021\/04\/Mita2.jpg\",\"contentUrl\":\"https:\/\/desteptati-va.ro\/wp-content\/uploads\/2021\/04\/Mita2.jpg\",\"width\":400,\"height\":291},{\"@type\":\"BreadcrumbList\",\"@id\":\"https:\/\/desteptati-va.ro\/index.php\/2021\/04\/20\/romania-o-tara-de-vanzare-la-pret-redus\/#breadcrumb\",\"itemListElement\":[{\"@type\":\"ListItem\",\"position\":1,\"name\":\"Prima pagin\u0103\",\"item\":\"https:\/\/desteptati-va.ro\/\"},{\"@type\":\"ListItem\",\"position\":2,\"name\":\"Rom\u00e2nia, o \u021bar\u0103 de v\u00e2nzare la pre\u021b redus\"}]},{\"@type\":\"WebSite\",\"@id\":\"https:\/\/desteptati-va.ro\/#website\",\"url\":\"https:\/\/desteptati-va.ro\/\",\"name\":\"\",\"description\":\"\",\"potentialAction\":[{\"@type\":\"SearchAction\",\"target\":{\"@type\":\"EntryPoint\",\"urlTemplate\":\"https:\/\/desteptati-va.ro\/?s={search_term_string}\"},\"query-input\":{\"@type\":\"PropertyValueSpecification\",\"valueRequired\":true,\"valueName\":\"search_term_string\"}}],\"inLanguage\":\"ro-RO\"},{\"@type\":\"Person\",\"@id\":\"https:\/\/desteptati-va.ro\/#\/schema\/person\/13182deeebd44920914899f7bb262d6b\",\"name\":\"wolfsoftcompany\",\"image\":{\"@type\":\"ImageObject\",\"inLanguage\":\"ro-RO\",\"@id\":\"https:\/\/desteptati-va.ro\/#\/schema\/person\/image\/\",\"url\":\"https:\/\/secure.gravatar.com\/avatar\/a6cce9b6d101d27d91690e7073e300fed94c0899890bf998e082cb9d2c3d121e?s=96&d=mm&r=g\",\"contentUrl\":\"https:\/\/secure.gravatar.com\/avatar\/a6cce9b6d101d27d91690e7073e300fed94c0899890bf998e082cb9d2c3d121e?s=96&d=mm&r=g\",\"caption\":\"wolfsoftcompany\"},\"sameAs\":[\"http:\/\/desteptati-va.ro\"],\"url\":\"https:\/\/desteptati-va.ro\/index.php\/author\/wolfsoftcompany\/\"}]}<\/script>\r\n<!-- \/ Yoast SEO plugin. -->","yoast_head_json":{"title":"Rom\u00e2nia, o \u021bar\u0103 de v\u00e2nzare la pre\u021b redus -","robots":{"index":"index","follow":"follow","max-snippet":"max-snippet:-1","max-image-preview":"max-image-preview:large","max-video-preview":"max-video-preview:-1"},"canonical":"https:\/\/desteptati-va.ro\/index.php\/2021\/04\/20\/romania-o-tara-de-vanzare-la-pret-redus\/","og_locale":"ro_RO","og_type":"article","og_title":"Rom\u00e2nia, o \u021bar\u0103 de v\u00e2nzare la pre\u021b redus -","og_description":"Pentru a marca vizita directoarei FMI la Bucure\u0219ti, versiunea \u00een limba franceza a revistei online Slate a publicat o analiz\u0103Read More","og_url":"https:\/\/desteptati-va.ro\/index.php\/2021\/04\/20\/romania-o-tara-de-vanzare-la-pret-redus\/","article_published_time":"2021-04-20T08:23:08+00:00","article_modified_time":"2022-02-03T21:06:32+00:00","og_image":[{"width":400,"height":291,"url":"https:\/\/desteptati-va.ro\/wp-content\/uploads\/2021\/04\/Mita2.jpg","type":"image\/jpeg"}],"author":"wolfsoftcompany","twitter_card":"summary_large_image","twitter_misc":{"Scris de":"wolfsoftcompany","Timp estimat pentru citire":"6 minute"},"schema":{"@context":"https:\/\/schema.org","@graph":[{"@type":"Article","@id":"https:\/\/desteptati-va.ro\/index.php\/2021\/04\/20\/romania-o-tara-de-vanzare-la-pret-redus\/#article","isPartOf":{"@id":"https:\/\/desteptati-va.ro\/index.php\/2021\/04\/20\/romania-o-tara-de-vanzare-la-pret-redus\/"},"author":{"name":"wolfsoftcompany","@id":"https:\/\/desteptati-va.ro\/#\/schema\/person\/13182deeebd44920914899f7bb262d6b"},"headline":"Rom\u00e2nia, o \u021bar\u0103 de v\u00e2nzare la pre\u021b redus","datePublished":"2021-04-20T08:23:08+00:00","dateModified":"2022-02-03T21:06:32+00:00","mainEntityOfPage":{"@id":"https:\/\/desteptati-va.ro\/index.php\/2021\/04\/20\/romania-o-tara-de-vanzare-la-pret-redus\/"},"wordCount":1289,"commentCount":0,"image":{"@id":"https:\/\/desteptati-va.ro\/index.php\/2021\/04\/20\/romania-o-tara-de-vanzare-la-pret-redus\/#primaryimage"},"thumbnailUrl":"https:\/\/desteptati-va.ro\/wp-content\/uploads\/2021\/04\/Mita2.jpg","keywords":["tradatorii","vanzatori"],"articleSection":["General","Politica D\u00e2mbovi\u021bean\u0103","Tradare si\/sau prostie ?"],"inLanguage":"ro-RO","potentialAction":[{"@type":"CommentAction","name":"Comment","target":["https:\/\/desteptati-va.ro\/index.php\/2021\/04\/20\/romania-o-tara-de-vanzare-la-pret-redus\/#respond"]}]},{"@type":"WebPage","@id":"https:\/\/desteptati-va.ro\/index.php\/2021\/04\/20\/romania-o-tara-de-vanzare-la-pret-redus\/","url":"https:\/\/desteptati-va.ro\/index.php\/2021\/04\/20\/romania-o-tara-de-vanzare-la-pret-redus\/","name":"Rom\u00e2nia, o \u021bar\u0103 de v\u00e2nzare la pre\u021b redus -","isPartOf":{"@id":"https:\/\/desteptati-va.ro\/#website"},"primaryImageOfPage":{"@id":"https:\/\/desteptati-va.ro\/index.php\/2021\/04\/20\/romania-o-tara-de-vanzare-la-pret-redus\/#primaryimage"},"image":{"@id":"https:\/\/desteptati-va.ro\/index.php\/2021\/04\/20\/romania-o-tara-de-vanzare-la-pret-redus\/#primaryimage"},"thumbnailUrl":"https:\/\/desteptati-va.ro\/wp-content\/uploads\/2021\/04\/Mita2.jpg","datePublished":"2021-04-20T08:23:08+00:00","dateModified":"2022-02-03T21:06:32+00:00","author":{"@id":"https:\/\/desteptati-va.ro\/#\/schema\/person\/13182deeebd44920914899f7bb262d6b"},"breadcrumb":{"@id":"https:\/\/desteptati-va.ro\/index.php\/2021\/04\/20\/romania-o-tara-de-vanzare-la-pret-redus\/#breadcrumb"},"inLanguage":"ro-RO","potentialAction":[{"@type":"ReadAction","target":["https:\/\/desteptati-va.ro\/index.php\/2021\/04\/20\/romania-o-tara-de-vanzare-la-pret-redus\/"]}]},{"@type":"ImageObject","inLanguage":"ro-RO","@id":"https:\/\/desteptati-va.ro\/index.php\/2021\/04\/20\/romania-o-tara-de-vanzare-la-pret-redus\/#primaryimage","url":"https:\/\/desteptati-va.ro\/wp-content\/uploads\/2021\/04\/Mita2.jpg","contentUrl":"https:\/\/desteptati-va.ro\/wp-content\/uploads\/2021\/04\/Mita2.jpg","width":400,"height":291},{"@type":"BreadcrumbList","@id":"https:\/\/desteptati-va.ro\/index.php\/2021\/04\/20\/romania-o-tara-de-vanzare-la-pret-redus\/#breadcrumb","itemListElement":[{"@type":"ListItem","position":1,"name":"Prima pagin\u0103","item":"https:\/\/desteptati-va.ro\/"},{"@type":"ListItem","position":2,"name":"Rom\u00e2nia, o \u021bar\u0103 de v\u00e2nzare la pre\u021b redus"}]},{"@type":"WebSite","@id":"https:\/\/desteptati-va.ro\/#website","url":"https:\/\/desteptati-va.ro\/","name":"","description":"","potentialAction":[{"@type":"SearchAction","target":{"@type":"EntryPoint","urlTemplate":"https:\/\/desteptati-va.ro\/?s={search_term_string}"},"query-input":{"@type":"PropertyValueSpecification","valueRequired":true,"valueName":"search_term_string"}}],"inLanguage":"ro-RO"},{"@type":"Person","@id":"https:\/\/desteptati-va.ro\/#\/schema\/person\/13182deeebd44920914899f7bb262d6b","name":"wolfsoftcompany","image":{"@type":"ImageObject","inLanguage":"ro-RO","@id":"https:\/\/desteptati-va.ro\/#\/schema\/person\/image\/","url":"https:\/\/secure.gravatar.com\/avatar\/a6cce9b6d101d27d91690e7073e300fed94c0899890bf998e082cb9d2c3d121e?s=96&d=mm&r=g","contentUrl":"https:\/\/secure.gravatar.com\/avatar\/a6cce9b6d101d27d91690e7073e300fed94c0899890bf998e082cb9d2c3d121e?s=96&d=mm&r=g","caption":"wolfsoftcompany"},"sameAs":["http:\/\/desteptati-va.ro"],"url":"https:\/\/desteptati-va.ro\/index.php\/author\/wolfsoftcompany\/"}]}},"_links":{"self":[{"href":"https:\/\/desteptati-va.ro\/index.php\/wp-json\/wp\/v2\/posts\/4297","targetHints":{"allow":["GET"]}}],"collection":[{"href":"https:\/\/desteptati-va.ro\/index.php\/wp-json\/wp\/v2\/posts"}],"about":[{"href":"https:\/\/desteptati-va.ro\/index.php\/wp-json\/wp\/v2\/types\/post"}],"author":[{"embeddable":true,"href":"https:\/\/desteptati-va.ro\/index.php\/wp-json\/wp\/v2\/users\/1"}],"replies":[{"embeddable":true,"href":"https:\/\/desteptati-va.ro\/index.php\/wp-json\/wp\/v2\/comments?post=4297"}],"version-history":[{"count":4,"href":"https:\/\/desteptati-va.ro\/index.php\/wp-json\/wp\/v2\/posts\/4297\/revisions"}],"predecessor-version":[{"id":4689,"href":"https:\/\/desteptati-va.ro\/index.php\/wp-json\/wp\/v2\/posts\/4297\/revisions\/4689"}],"wp:featuredmedia":[{"embeddable":true,"href":"https:\/\/desteptati-va.ro\/index.php\/wp-json\/wp\/v2\/media\/2796"}],"wp:attachment":[{"href":"https:\/\/desteptati-va.ro\/index.php\/wp-json\/wp\/v2\/media?parent=4297"}],"wp:term":[{"taxonomy":"category","embeddable":true,"href":"https:\/\/desteptati-va.ro\/index.php\/wp-json\/wp\/v2\/categories?post=4297"},{"taxonomy":"post_tag","embeddable":true,"href":"https:\/\/desteptati-va.ro\/index.php\/wp-json\/wp\/v2\/tags?post=4297"}],"curies":[{"name":"wp","href":"https:\/\/api.w.org\/{rel}","templated":true}]}}