{"id":4553,"date":"2022-01-28T20:04:36","date_gmt":"2022-01-28T18:04:36","guid":{"rendered":"https:\/\/desteptati-va.ro\/?p=4553"},"modified":"2022-01-28T22:14:10","modified_gmt":"2022-01-28T20:14:10","slug":"ucraina-are-ce-si-a-dorit","status":"publish","type":"post","link":"https:\/\/desteptati-va.ro\/index.php\/2022\/01\/28\/ucraina-are-ce-si-a-dorit\/","title":{"rendered":"UCRAINA ARE CE SI-A DORIT"},"content":{"rendered":"<div class=\"post-content\"><div class='booster-block booster-read-block'>\n                <div class=\"twp-read-time\">\n                \t<i class=\"booster-icon twp-clock\"><\/i> <span>Read Time:<\/span>15 Minute, 2 Second                <\/div>\n\n            <\/div>\n<p class=\"wp-block-paragraph\">Text preluat.<\/p>\n\n\n\n<p class=\"wp-block-paragraph\">Angelo Dumitrescu:<\/p>\n\n\n\n<p class=\"has-vivid-red-color has-text-color has-medium-font-size wp-block-paragraph\"><strong>CAP AI, MINTE CE-TI MAI TREBUIE ?<\/strong><\/p>\n\n\n\n<p class=\"has-black-color has-text-color has-medium-font-size wp-block-paragraph\">Asta i se potrive\u0219te cel mai bine Ucrainei. Dup\u0103 cel de-al II-lea r\u0103zboi mondial,p ucrainenii au fost recompensa\u0163i cu anexarea teritoriilor Transcarpatia, sudul Moldovei de est (Basarabia), Gali\u0163ia polonez\u0103 \u015fi cu o parte din Bucovina rom\u00e2neasc\u0103, \u00een 1945, dup\u0103 care, \u00een 1954, Ucraina Sovietic\u0103 a primit \u015fi Crimeea.<\/p>\n\n\n\n<p class=\"has-black-color has-text-color has-medium-font-size wp-block-paragraph\">Dup\u0103 destr\u0103marea URSS, Ucraina a p\u0103strat \u00een componen\u021ba ei toate aceste teritorii. Practic, Ucraina este, \u00een estul Europei, echivalentul Iugoslaviei: un construct, o form\u0103 statal\u0103 artificial\u0103, \u00eenglob\u00e2nd etnii diverse \u015fi fostele teritorii ale acestora, deci zone cu poten\u021bial pentru o politic\u0103 de \u00eenvr\u0103jbire, de dezorganizare, de conflict \u015fi de haos.<\/p>\n\n\n\n<p class=\"has-black-color has-text-color has-medium-font-size wp-block-paragraph\">\u00cen\u021belegerea \u00eentre Federa\u021bia Rus\u0103 \u0219i USA a fost ca Federa\u021bia Rus\u0103 s\u0103-\u0219i retrag\u0103 trupele din fostul RDG \u2013 pentru a permite reunificarea Germaniei \u2013 \u0219i din fostele \u021b\u0103ri comuniste Cehia, Polonia, Ungaria, Bulgaria, Letonia, Estonia, Lituania, \u021b\u0103ri care urmau s\u0103-\u0219i c\u00e2\u0219tige autodeterminarea. Toate acestea \u00eens\u0103 cu respectarea angajamentului c\u0103 NATO nu se va extinde spre Est, \u021b\u0103rile amintite, inclusiv Rom\u00e2nia \u0219i Ucraina, urm\u00e2nd s\u0103 asigure zona tampon \u00eentre NATO \u0219i Federa\u021bia Rus\u0103. Rusia \u0219i-a f\u0103cut partea.<\/p>\n\n\n\n<figure class=\"wp-block-image size-full\"><img loading=\"lazy\" decoding=\"async\" width=\"800\" height=\"545\" src=\"https:\/\/desteptati-va.ro\/wp-content\/uploads\/2022\/01\/Ukraine.jpg\" alt=\"\" class=\"wp-image-4562\"\/><\/figure>\n\n\n\n<p class=\"has-black-color has-text-color has-medium-font-size wp-block-paragraph\">Dup\u0103 c\u0103derea Uniunii Sovietice, Ucraina s-a trezit \u00een postura de a fi a treia putere nuclear\u0103 din lume, av\u00e2nd stocuri de arme nucleare mai mari dec\u00e2t ale Regatului Unit, Fran\u021bei \u0219i ale Chinei \u00eempreun\u0103. 1900 de focoase nucleare au fost transferate pe teritoriul Rusiei pentru a fi distruse \u00eentre 1994 \u0219i 1996. \u00cen schimbul renun\u021b\u0103rii la arsenalul nuclear, Rusia, USA \u0219i UK s-au angajat &#8211; prin Memorandumul de la Budapesta &#8211; s\u0103 respecte independen\u021ba, suveranitatea \u0219i frontierele la zi ale Ucrainei.<\/p>\n\n\n\n<p class=\"has-black-color has-text-color has-medium-font-size wp-block-paragraph\">Ce-ar fi trebuit s\u0103 fac\u0103 Ucraina, dac\u0103 ar fi avut ni\u0219te lideri s\u0103n\u0103to\u0219i la cap? S\u0103-\u0219i p\u0103streze un statut de neutralitate \u00eentre cele dou\u0103 puteri nucleare. S\u0103 devin\u0103 o Elve\u021bie a Estului. Ar fi beneficiat at\u00e2t de pe urma rela\u021biilor economice cu Rusia \u2013 av\u00e2nd bun\u0103 parte din economie interconectat\u0103 cu cea rus\u0103 \u2013 c\u00e2t \u0219i de pe urma deschiderii c\u0103tre economia UE. Fiind o pia\u021b\u0103 de 51 mil. locuitori, av\u00e2nd al doilea teritoriu ca \u00eentindere dup\u0103 Rusia, bogat \u00een resurse, \u00eentrunea toate condi\u021biile pentru a deveni un partener economic de dorit pentru occidentali.<\/p>\n\n\n\n<p class=\"has-black-color has-text-color has-medium-font-size wp-block-paragraph\">Or ce-a f\u0103cut Ucraina? A m\u00e2ncat-o unde nu trebuie. Dup\u0103 ce NATO a \u00eenc\u0103lcat \u00een\u021belegerea cu Rusia \u0219i a \u00eenglobat fostele \u021b\u0103ri comuniste, aduc\u00e2nd trupe \u0219i tehnic\u0103 militar\u0103 p\u00e2n\u0103 la grani\u021bele Rusiei, s-a trezit c\u0103 vrea \u0219i ea at\u00e2t \u00een UE c\u00e2t \u0219i-n NATO. Orchestrat de re\u021belele sorosiste, Euromaidanul din 2013, care a dus la c\u0103derea pre\u0219edintelui \u0219i a guvernului, pun\u00e2nd \u00een loc for\u021bele pro-occidentale, a st\u00e2rnit furia Rusiei.<\/p>\n\n\n\n<p class=\"has-black-color has-text-color has-medium-font-size wp-block-paragraph\">Da, m\u0103?, a zis Putin. P\u0103i sta\u021bi a\u0219a, atunci! Ia da\u021bi-ne voi \u00eenapoi teritoriile care nu v-au apar\u021binut, pe care vi le-am f\u0103cut cadou. C\u0103 n-a\u021bi intrat \u00een URSS cu ele. \u0218i printr-o opera\u021biune fulger \u0219i-a luat \u00eenapoi Crimeea, Donbas-ul \u0219i Luhansk-ul. E mai bine a\u0219a? Neutri nu v-a pl\u0103cut s\u0103 fi\u021bi. V-a trebuit Euromaidan? V-a vr\u0103jit Biden?<\/p>\n\n\n\n<p class=\"has-black-color has-text-color has-medium-font-size wp-block-paragraph\">Biden era vicepre\u0219edinte \u00een mandatele Obama, pe atunci. El&nbsp; a su\u021binut \u0219i \u00eentre\u021binut euromaidanul. Direct. Dup\u0103 care s-a instalat acolo Hunter, fi-su, care a f\u0103cut afaceri colosale. Iar c\u00e2nd procurorul-\u0219ef a deschis un dosar penal, Biden l-a sunat pe pre\u0219edintele marionet\u0103 pus de ei s\u0103-l schimbe. Ceea ce s-a \u0219i \u00eent\u00e2mplat.<\/p>\n\n\n\n<p class=\"has-black-color has-text-color has-medium-font-size wp-block-paragraph\">E, mai to\u021bi anali\u0219tii rom\u00e2ni se fac c\u0103 au orbul g\u0103inilor. Toate analizele lor sunt foaaaarte \u201eechidistante\u201d. Nu introduc \u00een procesare niciunul dintre elementele men\u021bionate. O Ucrain\u0103 neutr\u0103, cum ar fi fost firesc \u0219i fair play s\u0103 r\u0103m\u00e2n\u0103, ar fi p\u0103strat \u0219i azi integritatea sa teritorial\u0103. De\u0219i artificial creat\u0103, am spus. Ar fi fost spre binele \u0219i prosperitatea ei.<\/p>\n\n\n\n<p class=\"has-black-color has-text-color has-medium-font-size wp-block-paragraph\">\u0218i mai fac ceva tic\u0103lo\u0219ii de pe aici \u0219i cei occidentali. Se fac c\u0103 nu v\u0103d cum Ucraina este singurul stat din Europa care a dat o lege, \u00een 2017, prin care calc\u0103 \u00een picioare drepturile minorit\u0103\u021bilor na\u021bionale: rom\u00e2ne, maghiare, poloneze, slovace, lituaniene \u0219.a. Interzice \u00eenv\u0103\u021b\u0103m\u00e2ntul \u00een limbile vernaculare, activit\u0103\u021bile culturale prin care \u00ee\u0219i exprim\u0103 \u0219i conserv\u0103 identitatea etnic\u0103, tradi\u021biile culturale. Or ca s\u0103 devii eligibil pentru NATO, respectarea statului de drept, a drepturilor omului sunt valori fundamentale.<\/p>\n\n\n\n<p class=\"has-black-color has-text-color has-medium-font-size wp-block-paragraph\">Pentru asta \u0219i a avut NATO interven\u021bii militare \u00een alte state care le-au \u00eenc\u0103lcat, nu? S\u0103 elibereze popoarele de sub dictaturi. E, toat\u0103 lumea e oarb\u0103 c\u00e2nd vine vorba de Ucraina, cel mai corupt stat european, cu o economie oligarhic\u0103. P\u0103i nu pute de la o po\u0219t\u0103 aici? Pentru cine mai are \u201enas\u201d \u0219i minte.<\/p>\n\n\n\n<p class=\"has-black-color has-text-color has-medium-font-size wp-block-paragraph\">\u0218i acum Ucraina ar mai vrea s\u0103 \u0219i provoace o conflagra\u021bie de propor\u021bii, s\u0103 sufere \u0219i al\u021bii pentru ea. Noi abia ce-am semnat un tratat de cooperare militar\u0103 cu ei. Pu\u0219i de parteneri. E bine, trebuie s\u0103-i ajut\u0103m s\u0103-\u0219i p\u0103streze teritoriile noastre anexate \u0219i s\u0103-i discrimineze \u00een continuare pe cei 500.000 de rom\u00e2ni tr\u0103itori acolo. Nicio condi\u021bie nu le-am pus. Ce s\u0103 cau\u021bi tu \u00eentre Rusia \u0219i Ucraina? Nici m\u0103car nu e \u021bar\u0103 NATO.<\/p>\n\n\n\n<p class=\"has-black-color has-text-color has-medium-font-size wp-block-paragraph\">PS. E greu s\u0103 r\u0103m\u00e2i obiectiv \u00een lumea de azi, care sufer\u0103 de o decaden\u021b\u0103 moral\u0103 terifiant\u0103. Occidentul, p\u00e2n\u0103 mai ieri etalon \u00een materie de democra\u021bie \u0219i de moral\u0103 politic\u0103, a devenit un monstru. C\u00e2nd faci o analiz\u0103, trebuie s\u0103 te pui \u0219i-n locul adversarului. Are \u0219i el interese, nu doar tu.<\/p>\n\n\n\n<p class=\"has-vivid-red-color has-text-color has-medium-font-size wp-block-paragraph\"> <strong>BUNII NOSTRI VECINI&#8230; UCRAINENII<\/strong><\/p>\n\n\n\n<p class=\"has-black-color has-text-color has-medium-font-size wp-block-paragraph\">1. In 1918 au dorit anexarea Basarabiei si doar prezenta militara a rom\u00e2nilor a for\u021bat retragerea acestei cereri;<\/p>\n\n\n\n<p class=\"has-black-color has-text-color has-medium-font-size wp-block-paragraph\">2. \u00cen 1945 au dorit anexarea Basarabiei si doar presiunea lui Stalin a for\u021bat eliminarea acestei preten\u021bii;<\/p>\n\n\n\n<p class=\"has-black-color has-text-color has-medium-font-size wp-block-paragraph\">3. \u00cen 1992 au participat cu trupe la r\u0103zboiul de pe Nistru, al\u0103turi de trupele ruse \u00eempotriva celor rom\u00e2ne\u0219ti, pentru a desprinde regiunea transnistreana, pe care si-o doreau at\u00e2t de mult pentru ei;<\/p>\n\n\n\n<p class=\"has-black-color has-text-color has-medium-font-size wp-block-paragraph\">4. Din 1992 p\u00e2n\u0103 \u00een prezent au fost parte activa din formatul de negociere pentru regiunea transnistreana;<\/p>\n\n\n\n<p class=\"has-black-color has-text-color has-medium-font-size wp-block-paragraph\">5. \u00cen mod permanent au sus\u021binut pozi\u021bia Rusiei si au f\u0103cut tot ceea ce este posibil ca negocierile sa fie formale si sa e\u0219ueze;<\/p>\n\n\n\n<p class=\"has-black-color has-text-color has-medium-font-size wp-block-paragraph\">6. Cea mai mare parte a mafiei ce a condus Republica Moldova dup\u0103 1991 este reprezentata de ucraineni si nu de ru\u0219i; ace\u0219tia aveau rolul clar dat de la Kiev ca Republica Moldova sa e\u0219ueze pe toate planurile; cei care au condus regiunea transnistreana, care promoveaz\u0103 separatismul la B\u0103lti, Cahul si Gagauzia sunt ucraineni si nu ru\u0219i; ucrainenii au dus o politica de distrugere a identit\u0103\u021bii rom\u00e2ne\u0219ti din teritoriile ocupate, mai dur\u0103 chiar dec\u00e2t Stalin \u00een restul imperiului;<\/p>\n\n\n\n<p class=\"has-black-color has-text-color has-medium-font-size wp-block-paragraph\">7. In mod arbitrar, Ucraina de\u021bine urm\u0103toarele teritorii rom\u00e2ne\u0219ti: patru cincimi din Maramure\u0219ul istoric (\u021binuturile Apsei de Sus si de Jos, Barjavei, Izvoarele Tisei), nordul Bucovinei istorice, Bugeacul (Ismail, Cetatea Alba), Insula \u0218erpilor, cu toate d\u0103ruite lor de fo\u0219tii sovietici.<\/p>\n\n\n\n<p class=\"has-black-color has-text-color has-medium-font-size wp-block-paragraph\">8. Timp ce c\u00e2\u021biva ani ne-am certat pe la Haga, iar acum ei sunt foarte supar\u0103\u021bi pe noi pentru pierderea platformei continentale;<\/p>\n\n\n\n<p class=\"has-black-color has-text-color has-medium-font-size wp-block-paragraph\">9. Una din problemele principale ce sta \u00een calea reunirii celor doua state rom\u00e2ne\u0219ti este tocmai Ucraina, ce manifesta o opozi\u021bie mai mare chiar dec\u00e2t Rusia;<\/p>\n\n\n\n<p class=\"has-black-color has-text-color has-medium-font-size wp-block-paragraph\">10. Ea vede \u00een aceasta reunire eventuale preten\u021bii teritoriale ale \u021b\u0103rii noastre asupra teritoriului ucrainean;<\/p>\n\n\n\n<p class=\"has-black-color has-text-color has-medium-font-size wp-block-paragraph\">&nbsp;11. Prima m\u0103sura luata de &#8222;europeni\u0219tii ucraineni&#8221; a fost aceea de a interzice limbile regionale, inclusiv limba rom\u00e2na<\/p>\n\n\n\n<p class=\"has-black-color has-text-color has-medium-font-size wp-block-paragraph\">12. Crimeea nu a apar\u021binut niciodat\u0103 Ucrainei, iar ucrainenii sunt minoritari acolo; ea a fost d\u0103ruita \u00een semn de prietenie de c\u0103tre Nikita Hru\u0219ciov \u00een perioada sovietica, un gest mai mult formal si niciodat\u0103 efectiv;<\/p>\n\n\n\n<p class=\"has-black-color has-text-color has-medium-font-size wp-block-paragraph\">13. \u00cen Crimeea prezenta ucraineana era mai mult formala. Putin vrea de fapt \u00eenapoi ceea ce \u00eei apar\u021bine, adic\u0103 bunurile pe care le avea \u00eenainte de c\u0103s\u0103torie. Cererea Rusiei este una normala (din perspectiva dreptului istoric si nu cel interna\u021bional) din moment ce aceasta era un inel de nunta;<\/p>\n\n\n\n<p class=\"has-black-color has-text-color has-medium-font-size wp-block-paragraph\">14. Sper ca nu a\u021bi uitat cazurile Canalul Bastroe si nava Rostok.<\/p>\n\n\n\n<p class=\"has-vivid-red-color has-text-color has-medium-font-size wp-block-paragraph\"><strong>UCRAINA NAZISTA<\/strong><\/p>\n\n\n\n<p class=\"has-black-color has-text-color has-medium-font-size wp-block-paragraph\">Documentele declasificate recent de c\u0103tre Rusia la cererea reprezentan\u021bilor Consiliului Popoarelor Rusiei (Consiliul Federa\u021biei Rusiei) au \u00eenceput sa apar\u0103 deja pe situl Ministerului Ap\u0103r\u0103rii al Federa\u021biei Ruse. Pre\u0219edintele Putin a ordonat Arhivelor Ruse de R\u0103zboi sa ridice secretul de stat impus asupra lor de pe vremea lui Stalin.<\/p>\n\n\n\n<p class=\"has-black-color has-text-color has-medium-font-size wp-block-paragraph\">Documentele descriu crimele si atrocit\u0103\u021bile s\u0103v\u00e2r\u0219ite de c\u0103tre na\u021bionali\u0219tii ucraineni \u00een timpul celui de-al Doilea R\u0103zboi Mondial cu sprijinul larg al popula\u021biei ucrainene si sunt \u00eenfrico\u0219\u0103toare \u00een adev\u0103ratul \u00een\u021beles al cuv\u00e2ntului. Ele arata un na\u021bionalism ucrainian cu adev\u0103rat subuman, plin de o ferocitate si o ura bestiala fata de tot ce \u00eenseamn\u0103 \u201daltceva\u201d dec\u00e2t ucrainian.<\/p>\n\n\n\n<p class=\"has-black-color has-text-color has-medium-font-size wp-block-paragraph\">\u00cen compara\u021bie cu Ucraina, Germania nazista a fost un stat de drept. Pe l\u00e2ng\u0103 ucrainianul Stepan Bandera, Hitler a fost un copil naiv. Daca Hitler urmarea doar exterminarea evreilor, tiganilor si handicapatilor, ucrainenii exterminarea tuturor na\u021bionalit\u0103\u021bilor conlocuitoare, \u00een primul r\u00e2nd exterminarea ru\u0219ilor. Si nu oricum, ci \u00een chinuri c\u00e2t mai cumplite.<\/p>\n\n\n\n<figure class=\"wp-block-image size-full\"><img loading=\"lazy\" decoding=\"async\" width=\"700\" height=\"418\" src=\"https:\/\/desteptati-va.ro\/wp-content\/uploads\/2022\/01\/1_Bandera_march_in_Kiev.jpg\" alt=\"\" class=\"wp-image-4563\"\/><\/figure>\n\n\n\n<p class=\"has-black-color has-text-color has-medium-font-size wp-block-paragraph\">Documentele despre atrocit\u0103\u021bile s\u0103v\u00e2r\u0219ite de ucraineni \u00een timpul celui de-al Doilea R\u0103zboi Mondial au fost \u00eenchise de Stalin care a impus secretul de stat asupra lor de teama ca nu cumva ru\u0219ii sa se revolte afl\u00e2nd con\u021binutul lor si sa ceara exterminarea \u00eentregului popor ucrainian, fapt care ar fi dus la un cutremur \u00een interiorul URSS.<\/p>\n\n\n\n<p class=\"has-black-color has-text-color has-medium-font-size wp-block-paragraph\">De fapt \u00eenc\u0103 din 1944 mare\u0219alii ru\u0219i i-au cerut lui Stalin formarea unui tribunal militar care sa-i judece pe criminalii ucraineni vinova\u021bi de genocid si sa-i execute. Ei l-au aten\u021bionat pe Stalin ca ucrainenii erau un popor criminal care indiferent ce vremuri ar fi tr\u0103it si sub ce regimuri, nu puteau trai f\u0103r\u0103 sa ucid\u0103. Stalin, ca marxist-leninist nu a fost de acord cu o astfel de teorie si a refuzat sa ia masuri punitive de amploare \u00eempotriva ucrainenilor, mul\u021bumindu-se sa aprobe doar cercetarea criminalilor ucraineni cu adev\u0103rat odio\u0219i, care au fost judeca\u021bi si sp\u00e2nzura\u021bi.<\/p>\n\n\n\n<p class=\"has-black-color has-text-color has-medium-font-size wp-block-paragraph\">Dup\u0103 moartea lui Stalin, Partidul Comunist al Uniunii Sovietice si Hru\u0219ciov au men\u021binut regimul de documente secrete asupra arhivelor de r\u0103zboi de teama ca Israelul sa nu ceara URSS-ului desp\u0103gubiri pentru genocidul ucrainian. Pe atunci Ucraina f\u0103cea parte din URSS si responsabilitatea pentru eventuale desp\u0103gubiri cerute de Israel ar fi c\u0103zut \u00een sarcina Moscovei care, fire\u0219te, nu voia sa pl\u0103teasc\u0103 Israelului 300 de miliarde de dolari pentru crime pe care nu le s\u0103v\u00e2r\u0219iser\u0103 ru\u0219ii.<\/p>\n\n\n\n<p class=\"has-black-color has-text-color has-medium-font-size wp-block-paragraph\">Ast\u0103zi, \u00eens\u0103, Ucraina este un stat independent si poporul ucrainian poate sa-si asume responsabilitatea propriului trecut. Dar ast\u0103zi trecutul este falsificat pe scara larga, a\u0219a ca pre\u0219edintele Putin a&nbsp; ordonat Ministerului Ap\u0103r\u0103rii al Rusiei sa ridice secretul de stat de pe documentele privind genocidul ucrainian. Documentele sunt terifiante si arata ca Ucraina anilor 1940-1945 a fost mai nazista dec\u00e2t Germania nazista si mai odioasa si mai fanatica dec\u00e2t SS-ul german si dec\u00e2t<\/p>\n\n\n\n<p class=\"has-vivid-red-color has-text-color has-medium-font-size wp-block-paragraph\"><strong>Gestapoul.<\/strong><\/p>\n\n\n\n<p class=\"has-black-color has-text-color has-medium-font-size wp-block-paragraph\">Armata Ucrainean\u0103 avea regimente \u00eentregi de calai care se ocupau numai cu uciderea la ordin a popula\u021biei civile de alte na\u021bionalit\u0103\u021bi. Se exterminau sate si ora\u0219e \u00eentregi de ru\u0219i. Voluntarii erau extremi\u0219ti de dreapta si cruzimea lor era \u00eenfrico\u0219\u0103toare. C\u00e2nd prindeau ru\u0219i ori evrei \u00eei schingiuiau \u00eenainte de a-i omor\u00ee. Asta \u00een numele ap\u0103r\u0103rii Ucrainei. Cele mai multe atrocit\u0103\u021bi au fost comise de nazi\u0219tii ucraineni \u00een Ucraina de Sud-Est (Done\u021bk, Lugansk, Harkov etc). Adic\u0103 taman \u00een locurile unde ast\u0103zi actuala Armata Ucrainean\u0103 trage cu tunurile \u00een satele si ora\u0219ele ru\u0219ilor, a\u0219a cum f\u0103cea \u00een anii 1941-1943.<\/p>\n\n\n\n<p class=\"has-black-color has-text-color has-medium-font-size wp-block-paragraph\">Opinia publica indusa azi \u00een eroare de o propaganda mincinoasa nu \u0219tie ca ru\u0219ii din Republica Populara Done\u021bk si Republica Populara Lugansk si-au declarat independenta \u00een acest an si cer ajutorul Rusiei tocmai de teama ca evenimentele din 1941-1945 sa nu se repete si ru\u0219ii sa fie extermina\u021bi de ucraineni.<\/p>\n\n\n\n<p class=\"has-black-color has-text-color has-medium-font-size wp-block-paragraph\">Fasci\u0219tii ucraineni au ucis \u00een anii 1941-1943 un num\u0103r de 5.200.000 (cinci milioane doua sute de mii) de civili din Ucraina (na\u021bionalit\u0103\u021bi conlocuitoare, mare parte din ei de etnie rusa) si au omor\u00e2t aproape 900000 (noua sute de mii) de evrei. Num\u0103rul polonezilor uci\u0219i a fost de 200.000 (doua sute de mii). Au fost executa\u021bi peste 400.000 (patru sute de mii) de militari sovietici care fuseser\u0103 lua\u021bi prizonieri de germani sau se predaser\u0103. \u00cen acest fel omorurile s\u0103v\u00e2r\u0219ite de bandele na\u021bionaliste ucrainene \u00eentrec cu mult num\u0103rul victimelor nazismului german si plaseaz\u0103 Ucraina pe locul I \u00eentre statele naziste.<\/p>\n\n\n\n<p class=\"has-black-color has-text-color has-medium-font-size wp-block-paragraph\">Cuprin\u0219i de fanatism si de admira\u021bia pentru Hitler, aproape trei milioane de b\u0103rba\u021bi ucraineni \u00een putere au cerut sa plece \u00een Al Treilea Reich ca sa munceasc\u0103 voluntar pentru nem\u021bi \u00een fabricile si pe ogoarele nem\u021bilor, numai ca Armata Germana sa poat\u0103 extermina tot poporul rus.<\/p>\n\n\n\n<p class=\"has-black-color has-text-color has-medium-font-size wp-block-paragraph\">La 30 iunie 1941 batalionul fascist Lvov sub comanda lui R. Sukovici a executat cu glon\u021b \u00een ceafa trei mii de polonezi ucraineni, inclusiv trei oameni de \u0219tiin\u021ba cunoscu\u021bi pe plan mondial. \u00cen zilele care au urmat batalionul a mai executat un grup de \u0219apte mii de ru\u0219i compus din femei, b\u0103tr\u00e2ni si copii. \u00cen timp ce femeile si copii erau executa\u021bi prin t\u0103ierea g\u00e2tului cu cu\u021bitele, \u00een curtea \u201dCatedralei Metropolitane Sf\u00e2ntul Andrei\u201d mitropolitul catolic ucrainian \u021binea un serviciu divin de mul\u021bumire rug\u00e2ndu-se pentru \u201dvictoria armatei sfinte a lui Adolf Hitler\u201d.<\/p>\n\n\n\n<p class=\"has-black-color has-text-color has-medium-font-size wp-block-paragraph\">Biserica Catolica Ucrainean\u0103 a binecuv\u00e2ntat toate crimele si masacrele diviziei naziste ucrainene \u201eGalicina\u201d. Aceasta a comis \u00een septembrie 1941 masacrul si genocidul de la Babi Yar, o r\u00e2pa din apropierea Kievului. Aici au fost adu\u0219i \u00een septembrie 1941 peste 50.000 (cincizeci de mii) de evrei din clasa de mijloc, trei mii de tigani si circa 40.000 (patruzeci de mii) de civili ru\u0219i (mare parte femei si fete) pe care SS-i\u0219tii ucraineni i-au dezbr\u0103cat la pielea goala apoi au \u00eenceput sa violeze femeile si fetele ne\u021bin\u00e2nd cont ca parintii si rudele lor erau de fata. Dup\u0103 violuri s-au dedat la scene de co\u0219mar. Rusoaicelor si evreicelor le t\u0103iau s\u00e2nii si le pres\u0103rau sare pe r\u00e2ni, iar pe b\u0103rba\u021bi \u00eei castrau pe viu. Unora dintre prizonieri li se t\u0103iau bra\u021bele care apoi erau fripte pe gr\u0103tar.<\/p>\n\n\n\n<p class=\"has-black-color has-text-color has-medium-font-size wp-block-paragraph\">Atrocit\u0103\u021bile au atins o asemenea culme abominabila ca solda\u021bii germani, revolta\u021bi, au refuzat sa mai participe la masacru si s-au retras, l\u0103s\u00e2ndu-i pe c\u0103l\u0103ii ucraineni sa duca la cap\u0103t genocidul. Prizonierii au fost omor\u00e2\u021bi la modul cel mai bestial cu arme de foc desc\u0103rcate \u00een g\u00e2t sau stomac (ca sa moara \u00een chinuri) sau lovi\u021bi \u00een cap cu topoarele ori cu sapele. Dup\u0103 terminarea masacrului trupurile au fost aruncate \u00een r\u00e2pa si r\u00e2pa acoperita cu p\u0103m\u00e2nt.<\/p>\n\n\n\n<p class=\"has-black-color has-text-color has-medium-font-size wp-block-paragraph\">Batalionul de masacru condus de fascistul ucrainian Vojnovski a omor\u00e2t 350.000 (trei sute cincizeci de mii) de ru\u0219i \u00een marea majoritate femei si copii si peste 160.000 (o suta \u0219aizeci de mii) de evrei. La aceste omoruri au dat o m\u00e2na de ajutor \u021b\u0103ranii ucraineni fasci\u0219ti si muncitorii ucraineni fasci\u0219ti care aveau o ura at\u00e2t de mare fata de evrei si ru\u0219i \u00eenc\u00e2t s-au dedat la acte de canibalism. Pentru faptele lor ei au primit medalii si ranguri naziste iar Vojnovski a primit gradul de maior \u00een Armata Germana.<\/p>\n\n\n\n<p class=\"has-black-color has-text-color has-medium-font-size wp-block-paragraph\">Ucrainianul Sutnevici care ucisese si el circa trei mii de evrei a primit doar gradul de c\u0103pitan \u00een Armata Germana.<\/p>\n\n\n\n<p class=\"has-black-color has-text-color has-medium-font-size wp-block-paragraph\">\u00cen satele Lipniki, Certozi, Mikulici, Vladimir, bandele de ucraineni ucideau copii ru\u0219ilor si polonezilor lu\u00e2ndu-i de picioare, \u00eenv\u00e2rtindu-i si d\u00e2ndu-i cu capetele de pere\u021bi. Daca erau prea mul\u021bi copii, ace\u0219tia erau arunca\u021bi de vii \u00een f\u00e2nt\u00e2ni si p\u0103rin\u021bii erau arunca\u021bi dup\u0103 ei, apoi f\u00e2nt\u00e2nile acoperite cu p\u0103m\u00e2nt. Au fost ucise \u00een acest fel numai \u00eentr-un singur jude\u021b 15.000 (cincisprezece mii) de persoane.<\/p>\n\n\n\n<p class=\"has-black-color has-text-color has-medium-font-size wp-block-paragraph\">Ura ucrainenilor \u00eempotriva ru\u0219ilor si a evreilor era a\u0219a de mare \u00eenc\u00e2t daca o fata ucrainean\u0103 se c\u0103s\u0103torise cu un evreu sau cu un rus, atunci tat\u0103l sau fratele ei o violau. Zeci de tinere nesuport\u00e2nd o astfel de umilin\u021b\u0103 au alergat si s-au \u00eenecat \u00een Nistru. Cele care nu se sinucideau erau prinse si spintecate de cei care le violaser\u0103 (adic\u0103 de ta\u021bii si fra\u021bii lor) \u00een felul urm\u0103tor: li se baga v\u00e2rful cu\u021bitului \u00een vagin si erau spintecate de jos \u00een sus.<\/p>\n\n\n\n<p class=\"has-black-color has-text-color has-medium-font-size wp-block-paragraph\">Toate aceste lucruri se petreceau \u00een anii 1941-1945 \u00een Ucraina Socialista. Adic\u0103 \u00een mijlocul unui popor care de\u0219i tr\u0103ise 20 de ani \u00een ideea prieteniei \u00eentre popoare promovata de socialism, a uitat \u00eentr-o noapte toate aceste idei si a devenit la fel de primitiv si s\u0103lbatic precum oamenii cavernelor.<\/p>\n\n\n\n<p class=\"has-black-color has-text-color has-medium-font-size wp-block-paragraph\">Ast\u0103zi, dup\u0103 20 de ani de existenta sub deviza valorilor europene si \u00een spiritul european al promov\u0103rii minorit\u0103\u021bilor na\u021bionale, pe care ei singuri le clameaz\u0103, ucrainenii si-au reluat mar\u0219urile naziste pe str\u0103zile din Kiev, se m\u00e2ndresc cu genocidul s\u0103v\u00e2r\u0219it asupra evreilor, polonezilor si ru\u0219ilor, iar Armata Ucrainean\u0103 trage cu tunurile \u00een blocurile de locuin\u021be, \u00een \u0219colile si spitalele din ora\u0219ele ruse\u0219ti din sud-estul Ucrainei.<\/p>\n\n\n\n<p class=\"has-black-color has-text-color has-medium-font-size wp-block-paragraph\">Este limpede ca indiferent sub ce deviza ar trai poporul ucrainian, nazismul si fascismul nu pot fi eradicate din Ucraina. Este interesant sa vezi ca rom\u00e2n, ca \u00eentreaga noastr\u0103 clasa politica si to\u021bi conduc\u0103torii no\u0219tri fraternizeaz\u0103 azi cu clasa politica ucraineana f\u0103r\u0103 sa vad\u0103 ca Ucraina tine azi \u00eentre grani\u021bele ei teritorii rom\u00e2ne\u0219ti care&nbsp; totalizeaz\u0103 \u00eenc\u0103 o Republica Moldova pe care ea, Ucraina o ocupa \u00een mod nejustificat si cu binecuv\u00e2ntarea politicienilor din Bucure\u0219ti, aservi\u021bi Occidentului.<\/p>\n\n\n\n<p class=\"has-black-color has-text-color has-medium-font-size wp-block-paragraph\">Oare de ce nu sufla politicienii no\u0219tri rom\u00e2ni nici o vorbuli\u021ba despre acest teritoriu?<\/p>\n\n\n\n<p class=\"has-black-color has-text-color has-medium-font-size wp-block-paragraph\">\u00cen al treilea r\u00e2nd, citind aceste documente nu trebuie sa crezi ca Israelul nu va cere Ucrainei desp\u0103gubiri pentru crime si genocid. \u00cen mod normal, aceste desp\u0103gubiri ar trebui sa ajung\u0103 la circa&nbsp; 200 de miliarde de euro. Israelul va cere aceste desp\u0103gubiri, dar a\u0219teapt\u0103 ca apele sa se limpezeasc\u0103 \u00een Ucraina. Adic\u0103 sa vad\u0103 cine va r\u0103m\u00e2ne \u00eentre grani\u021bele Ucrainei.<\/p>\n\n\n\n<p class=\"has-black-color has-text-color has-medium-font-size wp-block-paragraph\">Deocamdat\u0103, numai Crimeea, Done\u021bk si Lugansk si-au declarat independenta si au devenit republici ruse libere. Acestea nu se considera parte a statului ucrainian si, evident, nu vor pl\u0103ti desp\u0103gubiri.<\/p>\n\n\n\n<p class=\"has-black-color has-text-color has-medium-font-size wp-block-paragraph\">Aici e vorba de clasele conduc\u0103toare, care au fost la putere si nu de oamenii de r\u00e2nd, care nu au nicio leg\u0103tur\u0103 cu politica. Ei au reprezentat, \u00eentotdeauna, o masa de manevra pentru politicienii din trecut ca si din prezent.&nbsp;<\/p>\n\n\n\n<p class=\"has-black-color has-text-color has-medium-font-size wp-block-paragraph\">Ucraina ar trebui s\u0103 se mute la ea acas\u0103 iar noi ar trebui s\u0103 fim mai hot\u0103r\u00e2ti cu cei care ne umilesc.<\/p>\n        <div class=\"booster-block booster-reactions-block\">\n            <div class=\"twp-reactions-icons\">\n                \n                <div class=\"twp-reacts-wrap\">\n                    <a react-data=\"be-react-1\" post-id=\"4553\" class=\"be-face-icons un-reacted\" href=\"javascript:void(0)\">\n                        <img decoding=\"async\" src=\"https:\/\/desteptati-va.ro\/wp-content\/plugins\/booster-extension\/\/assets\/icon\/happy.svg\" alt=\"Happy\">\n                    <\/a>\n                    <div class=\"twp-reaction-title\">\n                        Happy                    <\/div>\n                    <div class=\"twp-count-percent\">\n                                                    <span style=\"display: none;\" class=\"twp-react-count\">4<\/span>\n                        \n                                                <span class=\"twp-react-percent\"><span>5<\/span> %<\/span>\n                                            <\/div>\n                <\/div>\n\n                <div class=\"twp-reacts-wrap\">\n                    <a react-data=\"be-react-2\" post-id=\"4553\" class=\"be-face-icons un-reacted\" href=\"javascript:void(0)\">\n                        <img decoding=\"async\" src=\"https:\/\/desteptati-va.ro\/wp-content\/plugins\/booster-extension\/\/assets\/icon\/sad.svg\" alt=\"Sad\">\n                    <\/a>\n                    <div class=\"twp-reaction-title\">\n                        Sad                    <\/div>\n                    <div class=\"twp-count-percent\">\n                                                    <span style=\"display: none;\" class=\"twp-react-count\">10<\/span>\n                                                                        <span class=\"twp-react-percent\"><span>13<\/span> %<\/span>\n                                            <\/div>\n                <\/div>\n\n                <div class=\"twp-reacts-wrap\">\n                    <a react-data=\"be-react-3\" post-id=\"4553\" class=\"be-face-icons un-reacted\" href=\"javascript:void(0)\">\n                        <img decoding=\"async\" src=\"https:\/\/desteptati-va.ro\/wp-content\/plugins\/booster-extension\/\/assets\/icon\/excited.svg\" alt=\"Excited\">\n                    <\/a>\n                    <div class=\"twp-reaction-title\">\n                        Excited                    <\/div>\n                    <div class=\"twp-count-percent\">\n                                                    <span style=\"display: none;\" class=\"twp-react-count\">2<\/span>\n                                                                        <span class=\"twp-react-percent\"><span>3<\/span> %<\/span>\n                                            <\/div>\n                <\/div>\n\n                <div class=\"twp-reacts-wrap\">\n                    <a react-data=\"be-react-6\" post-id=\"4553\" class=\"be-face-icons un-reacted\" href=\"javascript:void(0)\">\n                        <img decoding=\"async\" src=\"https:\/\/desteptati-va.ro\/wp-content\/plugins\/booster-extension\/\/assets\/icon\/sleepy.svg\" alt=\"Sleepy\">\n                    <\/a>\n                    <div class=\"twp-reaction-title\">\n                        Sleepy                    <\/div>\n                    <div class=\"twp-count-percent\">\n                                                    <span style=\"display: none;\" class=\"twp-react-count\">0<\/span>\n                        \n                                                <span class=\"twp-react-percent\"><span>0<\/span> %<\/span>\n                                            <\/div>\n                <\/div>\n\n                <div class=\"twp-reacts-wrap\">\n                    <a react-data=\"be-react-4\" post-id=\"4553\" class=\"be-face-icons un-reacted\" href=\"javascript:void(0)\">\n                        <img decoding=\"async\" src=\"https:\/\/desteptati-va.ro\/wp-content\/plugins\/booster-extension\/\/assets\/icon\/angry.svg\" alt=\"Angry\">\n                    <\/a>\n                    <div class=\"twp-reaction-title\">Angry<\/div>\n                    <div class=\"twp-count-percent\">\n                                                    <span style=\"display: none;\" class=\"twp-react-count\">44<\/span>\n                                                                        <span class=\"twp-react-percent\"><span>58<\/span> %<\/span>\n                        \n                    <\/div>\n                <\/div>\n\n                <div class=\"twp-reacts-wrap\">\n                    <a react-data=\"be-react-5\" post-id=\"4553\" class=\"be-face-icons un-reacted\" href=\"javascript:void(0)\">\n                        <img decoding=\"async\" src=\"https:\/\/desteptati-va.ro\/wp-content\/plugins\/booster-extension\/\/assets\/icon\/surprise.svg\" alt=\"Surprise\">\n                    <\/a>\n                    <div class=\"twp-reaction-title\">Surprise<\/div>\n                    <div class=\"twp-count-percent\">\n                                                    <span style=\"display: none;\" class=\"twp-react-count\">16<\/span>\n                                                                        <span class=\"twp-react-percent\"><span>21<\/span> %<\/span>\n                                            <\/div>\n                <\/div>\n\n            <\/div>\n        <\/div>\n\n    <\/div>","protected":false},"excerpt":{"rendered":"<p>Text preluat. Angelo Dumitrescu: CAP AI, MINTE CE-TI MAI TREBUIE ? Asta i se potrive\u0219te cel mai bine Ucrainei. Dup\u0103<a href=\"https:\/\/desteptati-va.ro\/index.php\/2022\/01\/28\/ucraina-are-ce-si-a-dorit\/\">Read More<i class=\"fa fa-long-arrow-right\" aria-hidden=\"true\"><\/i><\/a><\/p>\n","protected":false},"author":1,"featured_media":4557,"comment_status":"open","ping_status":"open","sticky":false,"template":"","format":"standard","meta":{"_crdt_document":"","footnotes":""},"categories":[1758],"tags":[],"class_list":["post-4553","post","type-post","status-publish","format-standard","has-post-thumbnail","hentry","category-articole-despre-ucraina"],"rise-blocks_total_comments":11,"rise-blocks_categories":[{"term_id":1758,"name":"Despre UCRAINA","slug":"articole-despre-ucraina","term_group":0,"term_taxonomy_id":1758,"taxonomy":"category","description":"","parent":1756,"count":7,"filter":"raw","cat_ID":1758,"category_count":7,"category_description":"","cat_name":"Despre UCRAINA","category_nicename":"articole-despre-ucraina","category_parent":1756}],"rise-blocks_excerpt":"Text preluat. Angelo Dumitrescu: CAP AI, MINTE CE-TI MAI TREBUIE ? Asta i se potrive\u0219te cel mai bine Ucrainei. Dup\u0103 cel de-al II-lea r\u0103zboi mondial,p ucrainenii au fost recompensa\u0163i cu anexarea teritoriilor Transcarpatia, sudul Moldovei de est (Basarabia), Gali\u0163ia polonez\u0103 \u015fi cu o parte din Bucovina rom\u00e2neasc\u0103, \u00een 1945, dup\u0103 care, \u00een 1954, Ucraina Sovietic\u0103 a primit \u015fi Crimeea. Dup\u0103..","yoast_head":"<!-- This site is optimized with the Yoast SEO plugin v26.9 - https:\/\/yoast.com\/product\/yoast-seo-wordpress\/ -->\r\n<title>UCRAINA ARE CE SI-A DORIT -<\/title>\r\n<meta name=\"robots\" content=\"index, follow, max-snippet:-1, max-image-preview:large, max-video-preview:-1\" \/>\r\n<link rel=\"canonical\" href=\"https:\/\/desteptati-va.ro\/index.php\/2022\/01\/28\/ucraina-are-ce-si-a-dorit\/\" \/>\r\n<meta property=\"og:locale\" content=\"ro_RO\" \/>\r\n<meta property=\"og:type\" content=\"article\" \/>\r\n<meta property=\"og:title\" content=\"UCRAINA ARE CE SI-A DORIT -\" \/>\r\n<meta property=\"og:description\" content=\"Text preluat. Angelo Dumitrescu: CAP AI, MINTE CE-TI MAI TREBUIE ? Asta i se potrive\u0219te cel mai bine Ucrainei. Dup\u0103Read More\" \/>\r\n<meta property=\"og:url\" content=\"https:\/\/desteptati-va.ro\/index.php\/2022\/01\/28\/ucraina-are-ce-si-a-dorit\/\" \/>\r\n<meta property=\"article:published_time\" content=\"2022-01-28T18:04:36+00:00\" \/>\r\n<meta property=\"article:modified_time\" content=\"2022-01-28T20:14:10+00:00\" \/>\r\n<meta property=\"og:image\" content=\"https:\/\/desteptati-va.ro\/wp-content\/uploads\/2022\/01\/Ucraina-Putin.jpg\" \/>\r\n\t<meta property=\"og:image:width\" content=\"840\" \/>\r\n\t<meta property=\"og:image:height\" content=\"500\" \/>\r\n\t<meta property=\"og:image:type\" content=\"image\/jpeg\" \/>\r\n<meta name=\"author\" content=\"wolfsoftcompany\" \/>\r\n<meta name=\"twitter:card\" content=\"summary_large_image\" \/>\r\n<meta name=\"twitter:label1\" content=\"Scris de\" \/>\n\t<meta name=\"twitter:data1\" content=\"wolfsoftcompany\" \/>\n\t<meta name=\"twitter:label2\" content=\"Timp estimat pentru citire\" \/>\n\t<meta name=\"twitter:data2\" content=\"16 minute\" \/>\r\n<script type=\"application\/ld+json\" class=\"yoast-schema-graph\">{\"@context\":\"https:\/\/schema.org\",\"@graph\":[{\"@type\":\"Article\",\"@id\":\"https:\/\/desteptati-va.ro\/index.php\/2022\/01\/28\/ucraina-are-ce-si-a-dorit\/#article\",\"isPartOf\":{\"@id\":\"https:\/\/desteptati-va.ro\/index.php\/2022\/01\/28\/ucraina-are-ce-si-a-dorit\/\"},\"author\":{\"name\":\"wolfsoftcompany\",\"@id\":\"https:\/\/desteptati-va.ro\/#\/schema\/person\/13182deeebd44920914899f7bb262d6b\"},\"headline\":\"UCRAINA ARE CE SI-A DORIT\",\"datePublished\":\"2022-01-28T18:04:36+00:00\",\"dateModified\":\"2022-01-28T20:14:10+00:00\",\"mainEntityOfPage\":{\"@id\":\"https:\/\/desteptati-va.ro\/index.php\/2022\/01\/28\/ucraina-are-ce-si-a-dorit\/\"},\"wordCount\":3300,\"commentCount\":10,\"image\":{\"@id\":\"https:\/\/desteptati-va.ro\/index.php\/2022\/01\/28\/ucraina-are-ce-si-a-dorit\/#primaryimage\"},\"thumbnailUrl\":\"https:\/\/desteptati-va.ro\/wp-content\/uploads\/2022\/01\/Ucraina-Putin.jpg\",\"articleSection\":[\"Despre UCRAINA\"],\"inLanguage\":\"ro-RO\",\"potentialAction\":[{\"@type\":\"CommentAction\",\"name\":\"Comment\",\"target\":[\"https:\/\/desteptati-va.ro\/index.php\/2022\/01\/28\/ucraina-are-ce-si-a-dorit\/#respond\"]}]},{\"@type\":\"WebPage\",\"@id\":\"https:\/\/desteptati-va.ro\/index.php\/2022\/01\/28\/ucraina-are-ce-si-a-dorit\/\",\"url\":\"https:\/\/desteptati-va.ro\/index.php\/2022\/01\/28\/ucraina-are-ce-si-a-dorit\/\",\"name\":\"UCRAINA ARE CE SI-A DORIT -\",\"isPartOf\":{\"@id\":\"https:\/\/desteptati-va.ro\/#website\"},\"primaryImageOfPage\":{\"@id\":\"https:\/\/desteptati-va.ro\/index.php\/2022\/01\/28\/ucraina-are-ce-si-a-dorit\/#primaryimage\"},\"image\":{\"@id\":\"https:\/\/desteptati-va.ro\/index.php\/2022\/01\/28\/ucraina-are-ce-si-a-dorit\/#primaryimage\"},\"thumbnailUrl\":\"https:\/\/desteptati-va.ro\/wp-content\/uploads\/2022\/01\/Ucraina-Putin.jpg\",\"datePublished\":\"2022-01-28T18:04:36+00:00\",\"dateModified\":\"2022-01-28T20:14:10+00:00\",\"author\":{\"@id\":\"https:\/\/desteptati-va.ro\/#\/schema\/person\/13182deeebd44920914899f7bb262d6b\"},\"breadcrumb\":{\"@id\":\"https:\/\/desteptati-va.ro\/index.php\/2022\/01\/28\/ucraina-are-ce-si-a-dorit\/#breadcrumb\"},\"inLanguage\":\"ro-RO\",\"potentialAction\":[{\"@type\":\"ReadAction\",\"target\":[\"https:\/\/desteptati-va.ro\/index.php\/2022\/01\/28\/ucraina-are-ce-si-a-dorit\/\"]}]},{\"@type\":\"ImageObject\",\"inLanguage\":\"ro-RO\",\"@id\":\"https:\/\/desteptati-va.ro\/index.php\/2022\/01\/28\/ucraina-are-ce-si-a-dorit\/#primaryimage\",\"url\":\"https:\/\/desteptati-va.ro\/wp-content\/uploads\/2022\/01\/Ucraina-Putin.jpg\",\"contentUrl\":\"https:\/\/desteptati-va.ro\/wp-content\/uploads\/2022\/01\/Ucraina-Putin.jpg\",\"width\":840,\"height\":500},{\"@type\":\"BreadcrumbList\",\"@id\":\"https:\/\/desteptati-va.ro\/index.php\/2022\/01\/28\/ucraina-are-ce-si-a-dorit\/#breadcrumb\",\"itemListElement\":[{\"@type\":\"ListItem\",\"position\":1,\"name\":\"Prima pagin\u0103\",\"item\":\"https:\/\/desteptati-va.ro\/\"},{\"@type\":\"ListItem\",\"position\":2,\"name\":\"UCRAINA ARE CE SI-A DORIT\"}]},{\"@type\":\"WebSite\",\"@id\":\"https:\/\/desteptati-va.ro\/#website\",\"url\":\"https:\/\/desteptati-va.ro\/\",\"name\":\"\",\"description\":\"\",\"potentialAction\":[{\"@type\":\"SearchAction\",\"target\":{\"@type\":\"EntryPoint\",\"urlTemplate\":\"https:\/\/desteptati-va.ro\/?s={search_term_string}\"},\"query-input\":{\"@type\":\"PropertyValueSpecification\",\"valueRequired\":true,\"valueName\":\"search_term_string\"}}],\"inLanguage\":\"ro-RO\"},{\"@type\":\"Person\",\"@id\":\"https:\/\/desteptati-va.ro\/#\/schema\/person\/13182deeebd44920914899f7bb262d6b\",\"name\":\"wolfsoftcompany\",\"image\":{\"@type\":\"ImageObject\",\"inLanguage\":\"ro-RO\",\"@id\":\"https:\/\/desteptati-va.ro\/#\/schema\/person\/image\/\",\"url\":\"https:\/\/secure.gravatar.com\/avatar\/a6cce9b6d101d27d91690e7073e300fed94c0899890bf998e082cb9d2c3d121e?s=96&d=mm&r=g\",\"contentUrl\":\"https:\/\/secure.gravatar.com\/avatar\/a6cce9b6d101d27d91690e7073e300fed94c0899890bf998e082cb9d2c3d121e?s=96&d=mm&r=g\",\"caption\":\"wolfsoftcompany\"},\"sameAs\":[\"http:\/\/desteptati-va.ro\"],\"url\":\"https:\/\/desteptati-va.ro\/index.php\/author\/wolfsoftcompany\/\"}]}<\/script>\r\n<!-- \/ Yoast SEO plugin. -->","yoast_head_json":{"title":"UCRAINA ARE CE SI-A DORIT -","robots":{"index":"index","follow":"follow","max-snippet":"max-snippet:-1","max-image-preview":"max-image-preview:large","max-video-preview":"max-video-preview:-1"},"canonical":"https:\/\/desteptati-va.ro\/index.php\/2022\/01\/28\/ucraina-are-ce-si-a-dorit\/","og_locale":"ro_RO","og_type":"article","og_title":"UCRAINA ARE CE SI-A DORIT -","og_description":"Text preluat. Angelo Dumitrescu: CAP AI, MINTE CE-TI MAI TREBUIE ? Asta i se potrive\u0219te cel mai bine Ucrainei. Dup\u0103Read More","og_url":"https:\/\/desteptati-va.ro\/index.php\/2022\/01\/28\/ucraina-are-ce-si-a-dorit\/","article_published_time":"2022-01-28T18:04:36+00:00","article_modified_time":"2022-01-28T20:14:10+00:00","og_image":[{"width":840,"height":500,"url":"https:\/\/desteptati-va.ro\/wp-content\/uploads\/2022\/01\/Ucraina-Putin.jpg","type":"image\/jpeg"}],"author":"wolfsoftcompany","twitter_card":"summary_large_image","twitter_misc":{"Scris de":"wolfsoftcompany","Timp estimat pentru citire":"16 minute"},"schema":{"@context":"https:\/\/schema.org","@graph":[{"@type":"Article","@id":"https:\/\/desteptati-va.ro\/index.php\/2022\/01\/28\/ucraina-are-ce-si-a-dorit\/#article","isPartOf":{"@id":"https:\/\/desteptati-va.ro\/index.php\/2022\/01\/28\/ucraina-are-ce-si-a-dorit\/"},"author":{"name":"wolfsoftcompany","@id":"https:\/\/desteptati-va.ro\/#\/schema\/person\/13182deeebd44920914899f7bb262d6b"},"headline":"UCRAINA ARE CE SI-A DORIT","datePublished":"2022-01-28T18:04:36+00:00","dateModified":"2022-01-28T20:14:10+00:00","mainEntityOfPage":{"@id":"https:\/\/desteptati-va.ro\/index.php\/2022\/01\/28\/ucraina-are-ce-si-a-dorit\/"},"wordCount":3300,"commentCount":10,"image":{"@id":"https:\/\/desteptati-va.ro\/index.php\/2022\/01\/28\/ucraina-are-ce-si-a-dorit\/#primaryimage"},"thumbnailUrl":"https:\/\/desteptati-va.ro\/wp-content\/uploads\/2022\/01\/Ucraina-Putin.jpg","articleSection":["Despre UCRAINA"],"inLanguage":"ro-RO","potentialAction":[{"@type":"CommentAction","name":"Comment","target":["https:\/\/desteptati-va.ro\/index.php\/2022\/01\/28\/ucraina-are-ce-si-a-dorit\/#respond"]}]},{"@type":"WebPage","@id":"https:\/\/desteptati-va.ro\/index.php\/2022\/01\/28\/ucraina-are-ce-si-a-dorit\/","url":"https:\/\/desteptati-va.ro\/index.php\/2022\/01\/28\/ucraina-are-ce-si-a-dorit\/","name":"UCRAINA ARE CE SI-A DORIT -","isPartOf":{"@id":"https:\/\/desteptati-va.ro\/#website"},"primaryImageOfPage":{"@id":"https:\/\/desteptati-va.ro\/index.php\/2022\/01\/28\/ucraina-are-ce-si-a-dorit\/#primaryimage"},"image":{"@id":"https:\/\/desteptati-va.ro\/index.php\/2022\/01\/28\/ucraina-are-ce-si-a-dorit\/#primaryimage"},"thumbnailUrl":"https:\/\/desteptati-va.ro\/wp-content\/uploads\/2022\/01\/Ucraina-Putin.jpg","datePublished":"2022-01-28T18:04:36+00:00","dateModified":"2022-01-28T20:14:10+00:00","author":{"@id":"https:\/\/desteptati-va.ro\/#\/schema\/person\/13182deeebd44920914899f7bb262d6b"},"breadcrumb":{"@id":"https:\/\/desteptati-va.ro\/index.php\/2022\/01\/28\/ucraina-are-ce-si-a-dorit\/#breadcrumb"},"inLanguage":"ro-RO","potentialAction":[{"@type":"ReadAction","target":["https:\/\/desteptati-va.ro\/index.php\/2022\/01\/28\/ucraina-are-ce-si-a-dorit\/"]}]},{"@type":"ImageObject","inLanguage":"ro-RO","@id":"https:\/\/desteptati-va.ro\/index.php\/2022\/01\/28\/ucraina-are-ce-si-a-dorit\/#primaryimage","url":"https:\/\/desteptati-va.ro\/wp-content\/uploads\/2022\/01\/Ucraina-Putin.jpg","contentUrl":"https:\/\/desteptati-va.ro\/wp-content\/uploads\/2022\/01\/Ucraina-Putin.jpg","width":840,"height":500},{"@type":"BreadcrumbList","@id":"https:\/\/desteptati-va.ro\/index.php\/2022\/01\/28\/ucraina-are-ce-si-a-dorit\/#breadcrumb","itemListElement":[{"@type":"ListItem","position":1,"name":"Prima pagin\u0103","item":"https:\/\/desteptati-va.ro\/"},{"@type":"ListItem","position":2,"name":"UCRAINA ARE CE SI-A DORIT"}]},{"@type":"WebSite","@id":"https:\/\/desteptati-va.ro\/#website","url":"https:\/\/desteptati-va.ro\/","name":"","description":"","potentialAction":[{"@type":"SearchAction","target":{"@type":"EntryPoint","urlTemplate":"https:\/\/desteptati-va.ro\/?s={search_term_string}"},"query-input":{"@type":"PropertyValueSpecification","valueRequired":true,"valueName":"search_term_string"}}],"inLanguage":"ro-RO"},{"@type":"Person","@id":"https:\/\/desteptati-va.ro\/#\/schema\/person\/13182deeebd44920914899f7bb262d6b","name":"wolfsoftcompany","image":{"@type":"ImageObject","inLanguage":"ro-RO","@id":"https:\/\/desteptati-va.ro\/#\/schema\/person\/image\/","url":"https:\/\/secure.gravatar.com\/avatar\/a6cce9b6d101d27d91690e7073e300fed94c0899890bf998e082cb9d2c3d121e?s=96&d=mm&r=g","contentUrl":"https:\/\/secure.gravatar.com\/avatar\/a6cce9b6d101d27d91690e7073e300fed94c0899890bf998e082cb9d2c3d121e?s=96&d=mm&r=g","caption":"wolfsoftcompany"},"sameAs":["http:\/\/desteptati-va.ro"],"url":"https:\/\/desteptati-va.ro\/index.php\/author\/wolfsoftcompany\/"}]}},"_links":{"self":[{"href":"https:\/\/desteptati-va.ro\/index.php\/wp-json\/wp\/v2\/posts\/4553","targetHints":{"allow":["GET"]}}],"collection":[{"href":"https:\/\/desteptati-va.ro\/index.php\/wp-json\/wp\/v2\/posts"}],"about":[{"href":"https:\/\/desteptati-va.ro\/index.php\/wp-json\/wp\/v2\/types\/post"}],"author":[{"embeddable":true,"href":"https:\/\/desteptati-va.ro\/index.php\/wp-json\/wp\/v2\/users\/1"}],"replies":[{"embeddable":true,"href":"https:\/\/desteptati-va.ro\/index.php\/wp-json\/wp\/v2\/comments?post=4553"}],"version-history":[{"count":4,"href":"https:\/\/desteptati-va.ro\/index.php\/wp-json\/wp\/v2\/posts\/4553\/revisions"}],"predecessor-version":[{"id":4565,"href":"https:\/\/desteptati-va.ro\/index.php\/wp-json\/wp\/v2\/posts\/4553\/revisions\/4565"}],"wp:featuredmedia":[{"embeddable":true,"href":"https:\/\/desteptati-va.ro\/index.php\/wp-json\/wp\/v2\/media\/4557"}],"wp:attachment":[{"href":"https:\/\/desteptati-va.ro\/index.php\/wp-json\/wp\/v2\/media?parent=4553"}],"wp:term":[{"taxonomy":"category","embeddable":true,"href":"https:\/\/desteptati-va.ro\/index.php\/wp-json\/wp\/v2\/categories?post=4553"},{"taxonomy":"post_tag","embeddable":true,"href":"https:\/\/desteptati-va.ro\/index.php\/wp-json\/wp\/v2\/tags?post=4553"}],"curies":[{"name":"wp","href":"https:\/\/api.w.org\/{rel}","templated":true}]}}