{"id":4697,"date":"2022-03-14T22:19:33","date_gmt":"2022-03-14T20:19:33","guid":{"rendered":"https:\/\/desteptati-va.ro\/?p=4697"},"modified":"2022-03-16T09:22:15","modified_gmt":"2022-03-16T07:22:15","slug":"covidul-si-banii","status":"publish","type":"post","link":"https:\/\/desteptati-va.ro\/index.php\/2022\/03\/14\/covidul-si-banii\/","title":{"rendered":"Covidul \u0219i banii"},"content":{"rendered":"<div class=\"post-content\"><div class='booster-block booster-read-block'>\n                <div class=\"twp-read-time\">\n                \t<i class=\"booster-icon twp-clock\"><\/i> <span>Read Time:<\/span>14 Minute, 53 Second                <\/div>\n\n            <\/div>\n<p class=\"has-medium-font-size wp-block-paragraph\"><\/p>\n\n\n\n<p class=\"wp-block-paragraph\">Postat la: 31.01.2022 | Scris de: ZIUA NEWS<\/p>\n\n\n<div class=\"wp-block-image\">\n<figure class=\"aligncenter size-full is-resized\"><img loading=\"lazy\" decoding=\"async\" src=\"https:\/\/desteptati-va.ro\/wp-content\/uploads\/2022\/03\/Ernst-Wolff-1.jpg\" alt=\"\" class=\"wp-image-4705\" width=\"516\" height=\"290\"\/><figcaption><strong>Ernst Wolff<\/strong><\/figcaption><\/figure>\n<\/div>\n\n\n<p class=\"has-medium-font-size wp-block-paragraph\"><strong>Economistul Ernst Wolff consider\u0103 c\u0103 o alian\u021b\u0103 ascuns\u0103 de lideri politici \u0219i corporativi exploateaz\u0103 pandemia cu scopul de a ruina economiile na\u021bionale \u0219i de a introduce o moned\u0103 digital\u0103 global\u0103.<\/strong><\/p>\n\n\n\n<p class=\"has-black-color has-text-color has-medium-font-size wp-block-paragraph\">Cum se face, se \u00eentreab\u0103 Wolff, c\u0103 peste 190 de guverne din \u00eentreaga lume au ajuns s\u0103 gestioneze pandemia COVID-19 \u00een aproape aceea\u0219i manier\u0103, cu lockdown-uri, obligativitatea purt\u0103rii m\u0103\u0219tii \u0219i certificate de vaccinare, devenite acum ceva obi\u0219nuit peste tot? R\u0103spunsul ar putea fi g\u0103sit la \u0219coala Young Global Leaders, \u00eenfiin\u021bat\u0103 \u0219i condus\u0103 de Klaus Schwab de la Forumul Economic Mondial, prin care au trecut mul\u021bi dintre liderii politici \u0219i de afaceri de ast\u0103zi \u00een drumul lor spre succes.<\/p>\n\n\n\n<p class=\"has-black-color has-text-color has-medium-font-size wp-block-paragraph\">Economistul, jurnalistul \u0219i scriitorul german Ernst Wolff a dezv\u0103luit c\u00e2teva informa\u021bii despre \u0219coala lui Schwab pentru \u201etineri lideri globali&#8221;, care sunt relevante pentru \u00een\u021belegerea evenimentelor mondiale din timpul pandemiei. De\u0219i Wolff este cunoscut \u00een principal ca un critic al sistemului financiar globalist, \u00een ultima vreme s-a concentrat pe scoaterea la lumin\u0103 a ceea ce el consider\u0103 a fi agenda ascuns\u0103 din spatele m\u0103surilor anti-Covid adoptate \u00een \u00eentreaga lume.<\/p>\n\n\n\n<p class=\"has-black-color has-cyan-bluish-gray-background-color has-text-color has-background has-medium-font-size wp-block-paragraph\"><strong>\u00cenceputuri misterioase<\/strong><\/p>\n\n\n\n<p class=\"has-black-color has-text-color has-medium-font-size wp-block-paragraph\">Povestea \u00eencepe cu Forumul Economic Mondial (WEF), un ONG fondat de Klaus Schwab, un economist \u0219i inginer mecanic german, \u00een Elve\u021bia, \u00een 1971, pe c\u00e2nd avea doar 32 de ani. WEF este cel mai bine cunoscut publicului pentru conferin\u021bele pe care le organizeaz\u0103 \u00een fiecare an, \u00een luna ianuarie, la Davos, \u00een Elve\u021bia, \u0219i care au ca scop aducerea laolalt\u0103 a liderilor politici \u0219i de afaceri din \u00eentreaga lume pentru a discuta problemele momentului. \u00cen prezent, este una dintre cele mai importante re\u021bele din lume pentru elita puterii globaliste, fiind finan\u021bat\u0103 de aproximativ o mie de corpora\u021bii multina\u021bionale.<\/p>\n\n\n<div class=\"wp-block-image\">\n<figure class=\"aligncenter size-full is-resized\"><img loading=\"lazy\" decoding=\"async\" src=\"https:\/\/desteptati-va.ro\/wp-content\/uploads\/2022\/03\/Klaus-Schwab-1.jpg\" alt=\"\" class=\"wp-image-4707\" width=\"423\" height=\"282\"\/><\/figure>\n<\/div>\n\n\n<p class=\"has-black-color has-text-color has-medium-font-size wp-block-paragraph\">WEF, care, p\u00e2n\u0103 \u00een 1987, s-a numit Forumul European de Management, a reu\u0219it s\u0103 reuneasc\u0103 440 de directori din 31 de \u021b\u0103ri \u00eenc\u0103 de la prima sa \u00eent\u00e2lnire, \u00een februarie 1971, ceea ce, dup\u0103 cum subliniaz\u0103 Wolff, a fost o realizare nea\u0219teptat\u0103 pentru cineva ca Schwab, care nu avusese p\u00e2n\u0103 atunci dec\u00e2t foarte pu\u021bin\u0103 experien\u021b\u0103 interna\u021bional\u0103 sau profesional\u0103. Wolff crede c\u0103 motivul se poate datora contactelor pe care Schwab \u0219i le-a f\u0103cut \u00een timpul studiilor sale universitare, fiind, printre altele, coleg cu nimeni altul dec\u00e2t fostul consilier pe probleme de securitate na\u021bional\u0103 \u0219i secretar de stat Henry Kissinger. Wolff subliniaz\u0103, de asemenea, c\u0103, \u00een timp ce Schwab se afla acolo, Harvard Business School planifica \u00eenfiin\u021barea unui forum de management propriu, \u0219i este posibil ca Harvard s\u0103 \u00eei fi delegat acestuia sarcina de a-l organiza.<\/p>\n\n\n\n<p class=\"has-black-color has-text-color has-medium-font-size wp-block-paragraph\">Ini\u021bial, Forumul a reunit doar persoane din domeniul economic, dar, \u00een scurt timp, a \u00eenceput s\u0103 atrag\u0103 politicieni, personalit\u0103\u021bi din mass-media (inclusiv de la BBC \u0219i CNN) \u0219i chiar celebrit\u0103\u021bi.<\/p>\n\n\n\n<p class=\"has-black-color has-cyan-bluish-gray-background-color has-text-color has-background has-medium-font-size wp-block-paragraph\"><strong>\u0218coala Young Global Leaders: Incubator al Marii Reset\u0103ri?<\/strong><\/p>\n\n\n\n<p class=\"has-black-color has-text-color has-medium-font-size wp-block-paragraph\">\u00cen 1992, Schwab a \u00eenfiin\u021bat o institu\u021bie paralel\u0103, \u0219coala Global Leaders for Tomorrow, care a fost ulterior, \u00een 2004, reorganizat\u0103 sub numele de Young Global Leaders. Cursan\u021bii \u0219colii trebuie s\u0103 depun\u0103 o cerere de admitere \u0219i sunt apoi supu\u0219i unui proces riguros de selec\u021bie. Printre membrii primei promo\u021bii a \u0219colii, \u00een 1992, se num\u0103rau deja mul\u021bi dintre cei care au devenit ulterior personalit\u0103\u021bi politice liberale importante, precum Angela Merkel, Nicolas Sarkozy \u0219i Tony Blair. \u00cen prezent, \u0219coala are aproximativ 1.300 de absolven\u021bi, iar lista lor include mai multe nume de persoane care au ajuns s\u0103 conduc\u0103 institu\u021biile de s\u0103n\u0103tate ale \u021b\u0103rilor de care apar\u021bin. Patru dintre ace\u0219tia sunt fo\u0219ti \u0219i actuali mini\u0219tri ai s\u0103n\u0103t\u0103\u021bii din Germania, inclusiv Jens Spahn, care este ministru federal al s\u0103n\u0103t\u0103\u021bii din 2018. Philipp R\u00f6sler, care a fost ministru al s\u0103n\u0103t\u0103\u021bii din 2009 p\u00e2n\u0103 \u00een 2011, a fost numit director general al WEF de c\u0103tre Schwab \u00een 2014. \u00centr-o filmare, Schwab \u00eel nume\u0219te \u0219i pe Vladimir Putin ca absolvent al \u0218colii mai micilor sau mai marilor dictatori, al\u0103turi de Angele Merkel \u0219i Justin Trudeau, \u00een cazul c\u0103ruia afirm\u0103 chiar mai mult, \u0219i anume c\u0103 \u201emai bine de jum\u0103tate din Cabinetul s\u0103u sunt absolven\u021bii no\u0219tri&#8221;:<\/p>\n\n\n\n<p class=\"has-black-color has-text-color has-medium-font-size wp-block-paragraph\">Alte nume sonore de pe lista \u0219colii sunt Justin Trudeau, premierul Canadei, Jacinda Ardern, prim-ministrul Noii Zeelande, ale c\u0103rei m\u0103suri stricte de \u00eenchidere au fost l\u0103udate de autorit\u0103\u021bile sanitare mondiale; Emmanuel Macron, pre\u0219edintele Fran\u021bei; Sebastian Kurz, care a fost p\u00e2n\u0103 de cur\u00e2nd cancelarul Austriei; Viktor Orb\u00e1n, prim-ministrul Ungariei; Jean-Claude Juncker, fost prim-ministru al Luxemburgului \u0219i pre\u0219edinte al Comisiei Europene; \u0219i Annalena Baerbock, liderul Verzilor germani, care a fost primul candidat al partidului pentru func\u021bia de cancelar la alegerile federale din acest an \u0219i care se afl\u0103 \u00eenc\u0103 \u00een cursa pentru func\u021bia lui Merkel. De asemenea, \u00eel g\u0103sim pe list\u0103 pe guvernatorul Californiei, Gavin Newsom, care a fost selectat pentru promo\u021bia 2005, precum \u0219i pe fostul candidat la pre\u0219edin\u021bie \u0219i actualul ministru al Transporturilor din SUA, Peter Buttigieg, care este un absolvent foarte recent, fiind selectat pentru promo\u021bia 2019. To\u021bi ace\u0219ti politicieni care au fost \u00een func\u021bie \u00een ultimii doi ani au favorizat r\u0103spunsuri dure la pandemia COVID-19, care, \u201e\u00eent\u00e2mpl\u0103tor&#8221;, au \u0219i crescut considerabil puterea guvernelor lor.<\/p>\n\n\n\n<p class=\"has-black-color has-text-color has-medium-font-size wp-block-paragraph\">Dar lista de absolven\u021bi ai \u0219colii nu se limiteaz\u0103 la lideri politici. Acolo g\u0103sim \u0219i mul\u021bi dintre liderii industriei private, printre care Bill Gates, de la Microsoft, Jeff Bezos, de la Amazon, Richard Branson, de la Virgin, \u0219i Chelsea Clinton, de la Funda\u021bia Clinton. Din nou, to\u021bi ace\u0219tia \u0219i-au manifestat sprijinul pentru un r\u0103spuns global la pandemie, iar mul\u021bi dintre ei au ob\u021binut profituri considerabile ca urmare a m\u0103surilor adoptate.<\/p>\n\n\n<div class=\"wp-block-image\">\n<figure class=\"aligncenter size-full is-resized\"><img loading=\"lazy\" decoding=\"async\" src=\"https:\/\/desteptati-va.ro\/wp-content\/uploads\/2022\/03\/Jeff-Bezos-de-la-Amazon-1.jpg\" alt=\"\" class=\"wp-image-4709\" width=\"488\" height=\"321\"\/><figcaption>Jeff Bezos, de la Amazon<\/figcaption><\/figure>\n<\/div>\n\n\n<p class=\"has-black-color has-text-color has-medium-font-size wp-block-paragraph\">Wolff crede c\u0103 oamenii din spatele WEF \u0219i al \u0219colii Global Leaders sunt cei care decid cu adev\u0103rat cine va deveni lider politic, de\u0219i subliniaz\u0103 c\u0103 nu crede c\u0103 Schwab \u00eensu\u0219i este cel care ia aceste decizii, el fiind un simplu facilitator. De asemenea, el subliniaz\u0103 c\u0103 printre absolven\u021bii \u0219colii se num\u0103r\u0103 nu numai americani \u0219i europeni, ci \u0219i asiatici, africani \u0219i sud-americani, ceea ce arat\u0103 c\u0103 \u0219coala are, cu adev\u0103rat, o influen\u021b\u0103 mondial\u0103.<\/p>\n\n\n\n<p class=\"has-black-color has-text-color has-medium-font-size wp-block-paragraph\">\u00cen 2012, Schwab \u0219i WEF au fondat \u00eenc\u0103 o institu\u021bie, Global Shapers Community, care reune\u0219te persoanele cu poten\u021bial de conducere din \u00eentreaga lume cu v\u00e2rsta sub 30 de ani, selectate de ace\u0219tia. Aproximativ 10.000 de participan\u021bi au trecut prin acest program p\u00e2n\u0103 \u00een prezent, \u0219i organizeaz\u0103 cu regularitate \u00eent\u00e2lniri \u00een 400 de ora\u0219e. Wolff consider\u0103 c\u0103 acesta reprezint\u0103 un alt cadru de testare, \u00een care viitorii lideri politici sunt selecta\u021bi, verifica\u021bi \u0219i preg\u0103ti\u021bi \u00eenainte de a fi introdu\u0219i \u00een aparatul politic mondial.<\/p>\n\n\n\n<p class=\"has-black-color has-text-color has-medium-font-size wp-block-paragraph\">O alt\u0103 caracteristic\u0103 pe care absolven\u021bii Global Leaders o au \u00een comun este faptul c\u0103 majoritatea dintre ei au CV-uri foarte sub\u021biri, dincolo de participarea lor la program \u00eenainte de a fi ridica\u021bi \u00een pozi\u021bii de autoritate, ceea ce poate indica faptul c\u0103 leg\u0103tura lor cu institu\u021biile Schwab este factorul decisiv \u00een lansarea carierei lor. Aceast\u0103 stare de fapt este foarte evident\u0103 atunci c\u00e2nd absolven\u021bii \u0219colii sunt lua\u021bi public la \u00eentreb\u0103ri pe teme despre care nu au fost instrui\u021bi s\u0103 vorbeasc\u0103 \u00een prealabil, iar dificultatea pe care o \u00eent\u00e2mpin\u0103 \u00een g\u0103sirea unor r\u0103spunsuri este deseori foarte evident\u0103. Wolff sus\u021bine c\u0103 rolul lor este doar acela de a ac\u021biona ca purt\u0103tori de cuv\u00e2nt pentru subiecte care cei din umbr\u0103 doresc s\u0103 fie discutate \u00een dezbaterile publice.<\/p>\n\n\n\n<p class=\"has-black-color has-cyan-bluish-gray-background-color has-text-color has-background has-medium-font-size wp-block-paragraph\"><strong>Servitorii lui Schwab \u00een ac\u021biune<\/strong><\/p>\n\n\n\n<p class=\"has-black-color has-text-color has-medium-font-size wp-block-paragraph\">Av\u00e2nd \u00een vedere nemul\u021bumirea tot mai mare fa\u021b\u0103 de m\u0103surile \u201eanti-Covid&#8221; implementate de absolven\u021bii \u0219colii, care sunt acum lideri na\u021bionali, Wolff crede c\u0103 este posibil ca ace\u0219ti oameni s\u0103 fi fost selecta\u021bi datorit\u0103 dorin\u021bei lor de a face tot ce li se spune \u0219i c\u0103 li se preg\u0103te\u0219te un e\u0219ec, \u00een a\u0219a fel \u00eenc\u00e2t reac\u021bia ulterioar\u0103 s\u0103 poat\u0103 fi exploatat\u0103 pentru a justifica crearea unei noi forme de guvernare global\u0103. \u00centr-adev\u0103r, Wolff remarc\u0103 faptul c\u0103 politicienii cu personalit\u0103\u021bi individuale \u0219i opinii puternice \u0219i originale sunt tot mai rari, iar tr\u0103s\u0103tura distinctiv\u0103 a liderilor na\u021bionali din ultimii 30 de ani a fost docilitatea \u0219i aderarea lor la o linie globalist\u0103 strict\u0103 dictat\u0103 de sus. Acest lucru a fost deosebit de evident \u00een r\u0103spunsul celor mai multe \u021b\u0103ri la pandemie, unde politicienii care nu \u0219tiau nimic despre virusuri \u00een urm\u0103 cu doi ani au declarat dintr-odat\u0103 c\u0103 boala Covid reprezint\u0103 o criz\u0103 grav\u0103 de s\u0103n\u0103tate care justific\u0103 \u00eenchiderea oamenilor \u00een casele lor, \u00eenchiderea afacerilor \u0219i distrugerea unor economii \u00eentregi.<\/p>\n\n\n\n<p class=\"has-black-color has-text-color has-medium-font-size wp-block-paragraph\">Este dificil de aflat exact cum func\u021bioneaz\u0103 \u0219coala, dar Wolff a reu\u0219it s\u0103 descopere ceva despre ea. \u00cen primii ani ai \u0219colii, aceasta presupunea ca membrii fiec\u0103rei clase s\u0103 se \u00eent\u00e2lneasc\u0103 de mai multe ori \u00een decursul unui an, inclusiv pentru o sesiune de \u201eformare pentru executivi&#8221; de zece zile la Harvard Business School. Wolff crede c\u0103, prin \u00eent\u00e2lnirea cu colegii lor de clas\u0103 \u0219i prin faptul c\u0103 devin parte a unei re\u021bele mai largi, absolven\u021bii \u00ee\u0219i creeaz\u0103 contacte pe care se bazeaz\u0103 \u00een carierele lor ulterioare. \u00cen prezent, programul \u0219colii include cursuri oferite pe parcursul a cinci ani, la intervale neregulate, care, \u00een unele cazuri, se pot suprapune cu \u00eenceputurile carierei politice sau profesionale ale unora dintre participan\u021bi &#8211; ceea ce \u00eenseamn\u0103 c\u0103 ace\u0219tia vor face vizite regulate la Davos. Emmanuel Macron \u0219i Peter Buttigieg, de exemplu, au fost admi\u0219i la \u0219coal\u0103 \u00een urm\u0103 cu mai pu\u021bin de cinci ani, ceea ce \u00eenseamn\u0103 c\u0103 este posibil ca ace\u0219tia s\u0103 fi participat \u00een mod regulat la programe ale Young Global Leaders \u00een timp ce se aflau \u00een func\u021bii politice \u0219i, de fapt, s\u0103 le frecventeze \u0219i ast\u0103zi.<\/p>\n\n\n\n<p class=\"has-black-color has-cyan-bluish-gray-background-color has-text-color has-background has-medium-font-size wp-block-paragraph\"><strong>O re\u021bea mondial\u0103 de bog\u0103\u021bie \u0219i influen\u021b\u0103<\/strong><\/p>\n\n\n\n<p class=\"has-black-color has-text-color has-medium-font-size wp-block-paragraph\">Absolven\u021bii \u0219colii Young Global Leaders \u0219i, \u00eenainte de ei, cei ai Global Leaders for Tomorrow, sunt foarte bine pozi\u021biona\u021bi, av\u00e2nd \u00een vedere c\u0103 au acces la re\u021beaua de contacte a WEF. Actualul consiliu de administra\u021bie al WEF include personalit\u0103\u021bi precum Christine Lagarde, fost director general al Fondului Monetar Interna\u021bional \u0219i actual pre\u0219edinte al B\u0103ncii Centrale Europene, regina Rania a Iordaniei, care a fost desemnat\u0103 de Forbes drept una dintre cele mai puternice 100 de femei din lume, \u0219i Larry Fink, CEO al BlackRock, cea mai mare corpora\u021bie de gestionare a investi\u021biilor la nivel interna\u021bional, care gestioneaz\u0103 anual aproximativ 9 trilioane de dolari. Urm\u0103rind leg\u0103turile dintre absolven\u021bii \u0219colii, Wolff sus\u021bine c\u0103 se poate observa c\u0103 ace\u0219tia continu\u0103 s\u0103 se bazeze unii pe al\u021bii pentru a-\u0219i sus\u021bine ini\u021biativele mult timp dup\u0103 ce au participat la programele Global Leaders.<\/p>\n\n\n<div class=\"wp-block-image\">\n<figure class=\"aligncenter size-full is-resized\"><img loading=\"lazy\" decoding=\"async\" src=\"https:\/\/desteptati-va.ro\/wp-content\/uploads\/2022\/03\/Christine-Lagarde-1.jpg\" alt=\"\" class=\"wp-image-4708\" width=\"408\" height=\"309\"\/><figcaption>Christine Lagarde, fost director general al Fondului Monetar Interna\u021bional \u0219i actual pre\u0219edinte al B\u0103ncii Centrale Europene,<\/figcaption><\/figure>\n<\/div>\n\n\n<p class=\"has-black-color has-text-color has-medium-font-size wp-block-paragraph\">Wolff consider\u0103 c\u0103 multe universit\u0103\u021bi de elit\u0103 joac\u0103 un rol \u00een procesul stabilit de WEF \u0219i c\u0103 acestea nu ar trebui s\u0103 mai fie considerate ca fiind \u00een afara sferei politicii \u0219i a economiei. El d\u0103 exemplul Harvard Business School, care prime\u0219te milioane de dolari de la donatori \u00een fiecare an, precum \u0219i Harvard School of Public Health, care a fost redenumit\u0103 Harvard T. H. Chan School of Public Health dup\u0103 ce a primit 350 de milioane de dolari de la miliardarul Gerald Chan, n\u0103scut \u00een Hong Kong. Acela\u0219i lucru este valabil \u0219i pentru Johns Hopkins School of Public Health, care a devenit Johns Hopkins Bloomberg School of Public Health dup\u0103 ce mogulul media Michael Bloomberg a f\u0103cut o dona\u021bie de 1,8 miliarde de dolari \u00een 2018.<\/p>\n\n\n\n<p class=\"has-black-color has-text-color has-medium-font-size wp-block-paragraph\">Wolff afirm\u0103 c\u0103 influen\u021ba WEF nu este exercitat\u0103 doar asupra celor care au trecut prin programele Global Leaders \u0219i Global Shapers, deoarece num\u0103rul de persoane care particip\u0103 la conferin\u021bele anuale de la Davos este mult mai mare dec\u00e2t b\u0103nuiesc mul\u021bi; el spune c\u0103 a fost informat c\u0103 aproximativ 1.500 de avioane private aduc participan\u021bi la eveniment \u00een fiecare an, supraaglomer\u00e2nd aeroporturile din Elve\u021bia.<\/p>\n\n\n\n<p class=\"has-black-color has-cyan-bluish-gray-background-color has-text-color has-background has-medium-font-size wp-block-paragraph\"><strong>Alian\u021ba dintre marile companii \u0219i guverne<\/strong><\/p>\n\n\n\n<p class=\"has-black-color has-text-color has-medium-font-size wp-block-paragraph\">\u00cen opinia lui Wolff, obiectivul principal al activit\u0103\u021bilor WEF este de a facilita \u0219i de a impulsiona cooperarea la nivel \u00eenalt \u00eentre marile companii \u0219i guvernele na\u021bionale, lucru care vedem c\u0103 se \u00eent\u00e2mpl\u0103. Viviane Fischer, o alt\u0103 participant\u0103 la podcastul Corona Ausschuss (Comitetul Corona), arat\u0103 c\u0103 firma Serco, cu sediul \u00een Marea Britanie, gestioneaz\u0103 migran\u021bii pentru guvernul britanic \u0219i, printre multe alte activit\u0103\u021bi, administreaz\u0103 \u00eenchisori din \u00eentreaga lume. De asemenea, industria farmaceutic\u0103 are o influen\u021b\u0103 interna\u021bional\u0103 considerabil\u0103: Wolff men\u021bioneaz\u0103 c\u0103, de exemplu, Bill Gates, un absolvent al Global Leaders, f\u0103cea de mult timp afaceri cu Pfizer, unul dintre principalii produc\u0103tori ai controversatelor vaccinuri anti-Covid cu ARNm, prin intermediul ini\u021biativelor de s\u0103n\u0103tate public\u0103 ale funda\u021biei sale \u00een Africa, cu mult \u00eenainte de \u00eenceperea pandemiei. Poate c\u0103 nu \u00eent\u00e2mpl\u0103tor, Gates a devenit unul dintre cei mai importan\u021bi promotori ai \u00eenchiderilor \u0219i ai vaccinurilor Covid de c\u00e2nd acestea au devenit disponibile, iar The Wall Street Journal a informat c\u0103 funda\u021bia sa a ob\u021binut aproximativ 200 de miliarde de dolari sub form\u0103 de \u201ebeneficii sociale&#8221; din distribuirea de vaccinuri chiar \u00eenainte de \u00eenceperea pandemiei. Ne putem doar imagina care sunt ast\u0103zi profiturile sale din vaccinuri.<\/p>\n\n\n<div class=\"wp-block-image\">\n<figure class=\"aligncenter size-full is-resized\"><img loading=\"lazy\" decoding=\"async\" src=\"https:\/\/desteptati-va.ro\/wp-content\/uploads\/2022\/03\/Bill-Gates-1.jpg\" alt=\"\" class=\"wp-image-4710\" width=\"467\" height=\"310\"\/><figcaption> Bill Gates, un absolvent al Global Leaders, f\u0103cea de mult timp afaceri cu Pfizer, unul dintre principalii produc\u0103tori ai controversatelor vaccinuri anti-Covid cu ARNm<\/figcaption><\/figure>\n<\/div>\n\n\n<p class=\"has-black-color has-text-color has-medium-font-size wp-block-paragraph\">Tehnologia digital\u0103, care este acum omniprezent\u0103, joac\u0103, de asemenea, un rol important \u00een proiectele globale ale elitei. Wolff subliniaz\u0103 faptul c\u0103 BlackRock, condus\u0103 de Larry Fink, absolvent al Global Leaders, este \u00een prezent cel mai mare consilier al b\u0103ncilor centrale din lume \u0219i colecteaz\u0103 date despre sistemul financiar mondial de peste 30 de ani, av\u00e2nd, f\u0103r\u0103 \u00eendoial\u0103, o mai bun\u0103 \u00een\u021belegere a modului \u00een care func\u021bioneaz\u0103 sistemul dec\u00e2t b\u0103ncile centrale \u00eensele.<\/p>\n\n\n\n<p class=\"has-black-color has-text-color has-medium-font-size wp-block-paragraph\">Wolff consider\u0103 c\u0103 unul dintre scopurile politicilor actuale urm\u0103rite de multe guverne este acela de a distruge afacerile antreprenorilor mici \u0219i mijlocii, astfel \u00eenc\u00e2t corpora\u021biile multina\u021bionale cu sediul \u00een Statele Unite \u0219i China s\u0103 poat\u0103 monopoliza afacerile peste tot. Amazon, care a fost condus\u0103 p\u00e2n\u0103 de cur\u00e2nd de Jeff Bezos, absolvent al Global Leaders, a ob\u021binut profituri enorme ca urmare a lockdown-urilor care au devastat clasa de mijloc.<\/p>\n\n\n\n<p class=\"has-black-color has-text-color has-medium-font-size wp-block-paragraph\">Wolff sus\u021bine c\u0103 scopul final al acestei domina\u021bii a marilor platforme este introducerea monedei bancare digitale. Chiar \u00een ultimele c\u00e2teva luni, Forumul Financiar Interna\u021bional din China, care este comparabil cu WEF, a propus introducerea yuan-ului digital, care, la r\u00e2ndul s\u0103u, ar putea fi interna\u021bionalizat de re\u021beaua monetar\u0103 bazat\u0103 pe Diem Blockchain. Este interesant faptul c\u0103 Diem este succesorul Libra, o criptomoned\u0103 care a fost anun\u021bat\u0103 pentru prima dat\u0103 de Facebook-ul lui Mark Zuckerberg, ceea ce indic\u0103 faptul c\u0103 \u00een prezent se discut\u0103 despre o moned\u0103 global\u0103 care va transcende puterea dolarului sau a yuanului \u0219i care va fi gestionat\u0103 prin cooperarea re\u021belelor de afaceri chineze, europene \u0219i americane. Din consiliul de supraveghere al Forumului Financiar Interna\u021bional fac parte nume precum Christine Lagarde, de la WEF, Jean-Claude Trichet, fostul pre\u0219edinte al B\u0103ncii Centrale Europene, \u0219i Horst K\u00f6hler, fostul \u0219ef al Fondului Monetar Interna\u021bional.<\/p>\n\n\n<div class=\"wp-block-image\">\n<figure class=\"aligncenter size-full is-resized\"><img loading=\"lazy\" decoding=\"async\" src=\"https:\/\/desteptati-va.ro\/wp-content\/uploads\/2022\/03\/Jean-Claude-Trichet-1.jpg\" alt=\"\" class=\"wp-image-4711\" width=\"502\" height=\"357\"\/><figcaption>Jean-Claude Trichet, fostul pre\u0219edinte al B\u0103ncii Centrale Europene, <\/figcaption><\/figure>\n<\/div>\n\n\n<p class=\"has-black-color has-text-color has-medium-font-size wp-block-paragraph\">Wolff mai explic\u0103 faptul c\u0103 lockdown-urile \u0219i ajutoarele financiare care au avut loc \u00een \u00eentreaga lume \u00een ultimii doi ani au l\u0103sat multe na\u021biuni \u00een pragul falimentului. Pentru a evita o catastrof\u0103 economic\u0103, guvernele lumii au decis alocarea a 650 de miliarde de dolari sub form\u0103 de drepturi speciale de tragere, sau SDR, care sunt active suplimentare de rezerv\u0103 valutare gestionate de Fondul Monetar Interna\u021bional. Atunci c\u00e2nd acestea vor ajunge la scaden\u021b\u0103, guvernele se vor g\u0103si \u00een dificultate, motiv pentru care introducerea monedei digitale a devenit brusc o prioritate &#8211; \u0219i acesta ar putea fi scopul ascuns al lockdown-urilor de la \u00eenceput.<\/p>\n\n\n\n<p class=\"has-black-color has-text-color has-medium-font-size wp-block-paragraph\">Wolff spune c\u0103 dou\u0103 \u021b\u0103ri europene sunt deja preg\u0103tite s\u0103 \u00eenceap\u0103 s\u0103 utilizeze moneda digital\u0103: Suedia \u0219i Elve\u021bia. Poate c\u0103 nu este o coinciden\u021b\u0103, Suedia nu a avut practic niciun lockdown pandemic, iar Elve\u021bia a luat doar m\u0103suri foarte bl\u00e2nde. Wolff crede c\u0103 acest lucru se poate datora faptului c\u0103 cele dou\u0103 \u021b\u0103ri nu au fost nevoite s\u0103 \u00ee\u0219i distrug\u0103 economiile prin m\u0103suri de \u00eenchidere, deoarece erau deja preg\u0103tite s\u0103 \u00eenceap\u0103 s\u0103 foloseasc\u0103 moneda digital\u0103 \u00eenainte de \u00eenceperea pandemiei. El sus\u021bine c\u0103 s-ar putea s\u0103 se preg\u0103teasc\u0103 o nou\u0103 rund\u0103 de \u00eenchideri, care va termina definitiv cu economiile lumii, ceea ce va duce la \u0219omaj masiv \u0219i, ulterior, la introducerea venitului universal de baz\u0103 \u0219i la utilizarea unei monede digitale gestionate de o banc\u0103 central\u0103. Aceast\u0103 moned\u0103 ar putea fi restric\u021bionat\u0103, at\u00e2t \u00een ceea ce prive\u0219te cheltuielile pe care le pot face oamenii, c\u00e2t \u0219i \u00een ceea ce prive\u0219te intervalul de timp \u00een care trebuie f\u0103cute aceste cheltuieli.<\/p>\n\n\n\n<p class=\"has-black-color has-text-color has-medium-font-size wp-block-paragraph\">Mai mult, Wolff indic\u0103 faptul c\u0103 infla\u021bia care se \u00eenregistreaz\u0103 \u00een prezent \u00een \u00eentreaga lume este o consecin\u021b\u0103 inevitabil\u0103 a faptului c\u0103 guvernele na\u021bionale, dup\u0103 ce au luat \u00eemprumuturi de la b\u0103ncile centrale, au introdus aproximativ 20.000 de miliarde de dolari \u00een economia global\u0103 \u00een mai pu\u021bin de doi ani. \u00cen timp ce ajutoarele financiare anterioare au fost direc\u021bionate c\u0103tre pie\u021be, aceast\u0103 ultim\u0103 rund\u0103 a fost direc\u021bionat\u0103 c\u0103tre oamenii obi\u0219nui\u021bi \u0219i, prin urmare, acest lucru duce la cre\u0219terea pre\u021burilor produselor pe care oamenii obi\u0219nui\u021bi \u00ee\u0219i cheltuiesc banii, cum ar fi produsele alimentare.<\/p>\n\n\n\n<p class=\"has-black-color has-cyan-bluish-gray-background-color has-text-color has-background has-medium-font-size wp-block-paragraph\"><strong>Democra\u021bia a fost anulat\u0103<\/strong><\/p>\n\n\n\n<p class=\"has-black-color has-text-color has-medium-font-size wp-block-paragraph\">Concluzia principal\u0103 pe care trebuie s\u0103 o tragem din toate acestea, potrivit lui Wolff, este c\u0103 democra\u021bia, a\u0219a cum o \u0219tiam, a fost anulat\u0103 \u00een t\u0103cere \u0219i c\u0103, de\u0219i aparen\u021ba proceselor democratice este men\u021binut\u0103 \u00een \u021b\u0103rile noastre, realitatea este c\u0103 o examinare a modului \u00een care func\u021bioneaz\u0103 ast\u0103zi guvernarea \u00een \u00eentreaga lume arat\u0103 c\u0103 o elit\u0103 de indivizi extrem de boga\u021bi \u0219i de puternici controleaz\u0103, de fapt, tot ceea ce se \u00eent\u00e2mpl\u0103 \u00een politic\u0103, a\u0219a cum a fost deosebit de evident \u00een ceea ce prive\u0219te r\u0103spunsul la pandemie.<\/p>\n\n\n\n<p class=\"has-black-color has-text-color has-medium-font-size wp-block-paragraph\">Cel mai bun mod de a le contracara planurile, spune Wolff, este pur \u0219i simplu de a educa oamenii cu privire la ceea ce se \u00eent\u00e2mpl\u0103 \u0219i de a-i face s\u0103 realizeze c\u0103 povestea \u201evirusului super-periculos&#8221; este o minciun\u0103 care a fost conceput\u0103 pentru a-i manipula \u0219i a-i face s\u0103 accepte lucruri care contravin intereselor lor. Dac\u0103 m\u0103car 10% dintre cet\u0103\u021benii obi\u0219nui\u021bi vor con\u0219tientiza acest lucru \u0219i vor decide s\u0103 ac\u021bioneze, acest lucru ar putea z\u0103d\u0103rnici planurile elitei \u0219i poate deschide o fereastr\u0103 pentru ca cet\u0103\u021benii obi\u0219nui\u021bi s\u0103 preia din nou controlul asupra propriilor destine.<\/p>\n\n\n\n<p class=\"has-medium-font-size wp-block-paragraph\">loading&#8230;<\/p>\n\n\n\n<ul class=\"wp-block-list\"><li>&nbsp;<\/li><\/ul>\n\n\n\n<p class=\"wp-block-paragraph\"><\/p>\n        <div class=\"booster-block booster-reactions-block\">\n            <div class=\"twp-reactions-icons\">\n                \n                <div class=\"twp-reacts-wrap\">\n                    <a react-data=\"be-react-1\" post-id=\"4697\" class=\"be-face-icons un-reacted\" href=\"javascript:void(0)\">\n                        <img decoding=\"async\" src=\"https:\/\/desteptati-va.ro\/wp-content\/plugins\/booster-extension\/\/assets\/icon\/happy.svg\" alt=\"Happy\">\n                    <\/a>\n                    <div class=\"twp-reaction-title\">\n                        Happy                    <\/div>\n                    <div class=\"twp-count-percent\">\n                                                    <span style=\"display: none;\" class=\"twp-react-count\">0<\/span>\n                        \n                                                <span class=\"twp-react-percent\"><span>0<\/span> %<\/span>\n                                            <\/div>\n                <\/div>\n\n                <div class=\"twp-reacts-wrap\">\n                    <a react-data=\"be-react-2\" post-id=\"4697\" class=\"be-face-icons un-reacted\" href=\"javascript:void(0)\">\n                        <img decoding=\"async\" src=\"https:\/\/desteptati-va.ro\/wp-content\/plugins\/booster-extension\/\/assets\/icon\/sad.svg\" alt=\"Sad\">\n                    <\/a>\n                    <div class=\"twp-reaction-title\">\n                        Sad                    <\/div>\n                    <div class=\"twp-count-percent\">\n                                                    <span style=\"display: none;\" class=\"twp-react-count\">0<\/span>\n                                                                        <span class=\"twp-react-percent\"><span>0<\/span> %<\/span>\n                                            <\/div>\n                <\/div>\n\n                <div class=\"twp-reacts-wrap\">\n                    <a react-data=\"be-react-3\" post-id=\"4697\" class=\"be-face-icons un-reacted\" href=\"javascript:void(0)\">\n                        <img decoding=\"async\" src=\"https:\/\/desteptati-va.ro\/wp-content\/plugins\/booster-extension\/\/assets\/icon\/excited.svg\" alt=\"Excited\">\n                    <\/a>\n                    <div class=\"twp-reaction-title\">\n                        Excited                    <\/div>\n                    <div class=\"twp-count-percent\">\n                                                    <span style=\"display: none;\" class=\"twp-react-count\">0<\/span>\n                                                                        <span class=\"twp-react-percent\"><span>0<\/span> %<\/span>\n                                            <\/div>\n                <\/div>\n\n                <div class=\"twp-reacts-wrap\">\n                    <a react-data=\"be-react-6\" post-id=\"4697\" class=\"be-face-icons un-reacted\" href=\"javascript:void(0)\">\n                        <img decoding=\"async\" src=\"https:\/\/desteptati-va.ro\/wp-content\/plugins\/booster-extension\/\/assets\/icon\/sleepy.svg\" alt=\"Sleepy\">\n                    <\/a>\n                    <div class=\"twp-reaction-title\">\n                        Sleepy                    <\/div>\n                    <div class=\"twp-count-percent\">\n                                                    <span style=\"display: none;\" class=\"twp-react-count\">0<\/span>\n                        \n                                                <span class=\"twp-react-percent\"><span>0<\/span> %<\/span>\n                                            <\/div>\n                <\/div>\n\n                <div class=\"twp-reacts-wrap\">\n                    <a react-data=\"be-react-4\" post-id=\"4697\" class=\"be-face-icons un-reacted\" href=\"javascript:void(0)\">\n                        <img decoding=\"async\" src=\"https:\/\/desteptati-va.ro\/wp-content\/plugins\/booster-extension\/\/assets\/icon\/angry.svg\" alt=\"Angry\">\n                    <\/a>\n                    <div class=\"twp-reaction-title\">Angry<\/div>\n                    <div class=\"twp-count-percent\">\n                                                    <span style=\"display: none;\" class=\"twp-react-count\">0<\/span>\n                                                                        <span class=\"twp-react-percent\"><span>0<\/span> %<\/span>\n                        \n                    <\/div>\n                <\/div>\n\n                <div class=\"twp-reacts-wrap\">\n                    <a react-data=\"be-react-5\" post-id=\"4697\" class=\"be-face-icons un-reacted\" href=\"javascript:void(0)\">\n                        <img decoding=\"async\" src=\"https:\/\/desteptati-va.ro\/wp-content\/plugins\/booster-extension\/\/assets\/icon\/surprise.svg\" alt=\"Surprise\">\n                    <\/a>\n                    <div class=\"twp-reaction-title\">Surprise<\/div>\n                    <div class=\"twp-count-percent\">\n                                                    <span style=\"display: none;\" class=\"twp-react-count\">0<\/span>\n                                                                        <span class=\"twp-react-percent\"><span>0<\/span> %<\/span>\n                                            <\/div>\n                <\/div>\n\n            <\/div>\n        <\/div>\n\n    <\/div>","protected":false},"excerpt":{"rendered":"<p>Postat la: 31.01.2022 | Scris de: ZIUA NEWS Economistul Ernst Wolff consider\u0103 c\u0103 o alian\u021b\u0103 ascuns\u0103 de lideri politici \u0219i<a href=\"https:\/\/desteptati-va.ro\/index.php\/2022\/03\/14\/covidul-si-banii\/\">Read More<i class=\"fa fa-long-arrow-right\" aria-hidden=\"true\"><\/i><\/a><\/p>\n","protected":false},"author":1,"featured_media":4707,"comment_status":"open","ping_status":"open","sticky":false,"template":"","format":"standard","meta":{"_crdt_document":"","footnotes":""},"categories":[1,1760],"tags":[],"class_list":["post-4697","post","type-post","status-publish","format-standard","has-post-thumbnail","hentry","category-fara-categorie","category-controversatul-corona"],"rise-blocks_total_comments":0,"rise-blocks_categories":[{"term_id":1,"name":"F\u0103r\u0103 categorie","slug":"fara-categorie","term_group":0,"term_taxonomy_id":1,"taxonomy":"category","description":"","parent":0,"count":7,"filter":"raw","cat_ID":1,"category_count":7,"category_description":"","cat_name":"F\u0103r\u0103 categorie","category_nicename":"fara-categorie","category_parent":0},{"term_id":1760,"name":"Terorismul medical","slug":"controversatul-corona","term_group":0,"term_taxonomy_id":1760,"taxonomy":"category","description":"","parent":1756,"count":4,"filter":"raw","cat_ID":1760,"category_count":4,"category_description":"","cat_name":"Terorismul medical","category_nicename":"controversatul-corona","category_parent":1756}],"rise-blocks_excerpt":"Postat la: 31.01.2022 | Scris de: ZIUA NEWS Economistul Ernst Wolff consider\u0103 c\u0103 o alian\u021b\u0103 ascuns\u0103 de lideri politici \u0219i corporativi exploateaz\u0103 pandemia cu scopul de a ruina economiile na\u021bionale \u0219i de a introduce o moned\u0103 digital\u0103 global\u0103. Cum se face, se \u00eentreab\u0103 Wolff, c\u0103 peste 190 de guverne din \u00eentreaga lume au ajuns s\u0103 gestioneze pandemia COVID-19 \u00een aproape..","yoast_head":"<!-- This site is optimized with the Yoast SEO plugin v26.9 - https:\/\/yoast.com\/product\/yoast-seo-wordpress\/ -->\r\n<title>Covidul \u0219i banii -<\/title>\r\n<meta name=\"robots\" content=\"index, follow, max-snippet:-1, max-image-preview:large, max-video-preview:-1\" \/>\r\n<link rel=\"canonical\" href=\"https:\/\/desteptati-va.ro\/index.php\/2022\/03\/14\/covidul-si-banii\/\" \/>\r\n<meta property=\"og:locale\" content=\"ro_RO\" \/>\r\n<meta property=\"og:type\" content=\"article\" \/>\r\n<meta property=\"og:title\" content=\"Covidul \u0219i banii -\" \/>\r\n<meta property=\"og:description\" content=\"Postat la: 31.01.2022 | Scris de: ZIUA NEWS Economistul Ernst Wolff consider\u0103 c\u0103 o alian\u021b\u0103 ascuns\u0103 de lideri politici \u0219iRead More\" \/>\r\n<meta property=\"og:url\" content=\"https:\/\/desteptati-va.ro\/index.php\/2022\/03\/14\/covidul-si-banii\/\" \/>\r\n<meta property=\"article:published_time\" content=\"2022-03-14T20:19:33+00:00\" \/>\r\n<meta property=\"article:modified_time\" content=\"2022-03-16T07:22:15+00:00\" \/>\r\n<meta property=\"og:image\" content=\"https:\/\/desteptati-va.ro\/wp-content\/uploads\/2022\/03\/Klaus-Schwab-1.jpg\" \/>\r\n\t<meta property=\"og:image:width\" content=\"270\" \/>\r\n\t<meta property=\"og:image:height\" content=\"180\" \/>\r\n\t<meta property=\"og:image:type\" content=\"image\/jpeg\" \/>\r\n<meta name=\"author\" content=\"wolfsoftcompany\" \/>\r\n<meta name=\"twitter:card\" content=\"summary_large_image\" \/>\r\n<meta name=\"twitter:label1\" content=\"Scris de\" \/>\n\t<meta name=\"twitter:data1\" content=\"wolfsoftcompany\" \/>\n\t<meta name=\"twitter:label2\" content=\"Timp estimat pentru citire\" \/>\n\t<meta name=\"twitter:data2\" content=\"16 minute\" \/>\r\n<script type=\"application\/ld+json\" class=\"yoast-schema-graph\">{\"@context\":\"https:\/\/schema.org\",\"@graph\":[{\"@type\":\"Article\",\"@id\":\"https:\/\/desteptati-va.ro\/index.php\/2022\/03\/14\/covidul-si-banii\/#article\",\"isPartOf\":{\"@id\":\"https:\/\/desteptati-va.ro\/index.php\/2022\/03\/14\/covidul-si-banii\/\"},\"author\":{\"name\":\"wolfsoftcompany\",\"@id\":\"https:\/\/desteptati-va.ro\/#\/schema\/person\/13182deeebd44920914899f7bb262d6b\"},\"headline\":\"Covidul \u0219i banii\",\"datePublished\":\"2022-03-14T20:19:33+00:00\",\"dateModified\":\"2022-03-16T07:22:15+00:00\",\"mainEntityOfPage\":{\"@id\":\"https:\/\/desteptati-va.ro\/index.php\/2022\/03\/14\/covidul-si-banii\/\"},\"wordCount\":3246,\"commentCount\":0,\"image\":{\"@id\":\"https:\/\/desteptati-va.ro\/index.php\/2022\/03\/14\/covidul-si-banii\/#primaryimage\"},\"thumbnailUrl\":\"https:\/\/desteptati-va.ro\/wp-content\/uploads\/2022\/03\/Klaus-Schwab-1.jpg\",\"articleSection\":{\"1\":\"Terorismul medical\"},\"inLanguage\":\"ro-RO\",\"potentialAction\":[{\"@type\":\"CommentAction\",\"name\":\"Comment\",\"target\":[\"https:\/\/desteptati-va.ro\/index.php\/2022\/03\/14\/covidul-si-banii\/#respond\"]}]},{\"@type\":\"WebPage\",\"@id\":\"https:\/\/desteptati-va.ro\/index.php\/2022\/03\/14\/covidul-si-banii\/\",\"url\":\"https:\/\/desteptati-va.ro\/index.php\/2022\/03\/14\/covidul-si-banii\/\",\"name\":\"Covidul \u0219i banii -\",\"isPartOf\":{\"@id\":\"https:\/\/desteptati-va.ro\/#website\"},\"primaryImageOfPage\":{\"@id\":\"https:\/\/desteptati-va.ro\/index.php\/2022\/03\/14\/covidul-si-banii\/#primaryimage\"},\"image\":{\"@id\":\"https:\/\/desteptati-va.ro\/index.php\/2022\/03\/14\/covidul-si-banii\/#primaryimage\"},\"thumbnailUrl\":\"https:\/\/desteptati-va.ro\/wp-content\/uploads\/2022\/03\/Klaus-Schwab-1.jpg\",\"datePublished\":\"2022-03-14T20:19:33+00:00\",\"dateModified\":\"2022-03-16T07:22:15+00:00\",\"author\":{\"@id\":\"https:\/\/desteptati-va.ro\/#\/schema\/person\/13182deeebd44920914899f7bb262d6b\"},\"breadcrumb\":{\"@id\":\"https:\/\/desteptati-va.ro\/index.php\/2022\/03\/14\/covidul-si-banii\/#breadcrumb\"},\"inLanguage\":\"ro-RO\",\"potentialAction\":[{\"@type\":\"ReadAction\",\"target\":[\"https:\/\/desteptati-va.ro\/index.php\/2022\/03\/14\/covidul-si-banii\/\"]}]},{\"@type\":\"ImageObject\",\"inLanguage\":\"ro-RO\",\"@id\":\"https:\/\/desteptati-va.ro\/index.php\/2022\/03\/14\/covidul-si-banii\/#primaryimage\",\"url\":\"https:\/\/desteptati-va.ro\/wp-content\/uploads\/2022\/03\/Klaus-Schwab-1.jpg\",\"contentUrl\":\"https:\/\/desteptati-va.ro\/wp-content\/uploads\/2022\/03\/Klaus-Schwab-1.jpg\",\"width\":270,\"height\":180},{\"@type\":\"BreadcrumbList\",\"@id\":\"https:\/\/desteptati-va.ro\/index.php\/2022\/03\/14\/covidul-si-banii\/#breadcrumb\",\"itemListElement\":[{\"@type\":\"ListItem\",\"position\":1,\"name\":\"Prima pagin\u0103\",\"item\":\"https:\/\/desteptati-va.ro\/\"},{\"@type\":\"ListItem\",\"position\":2,\"name\":\"Covidul \u0219i banii\"}]},{\"@type\":\"WebSite\",\"@id\":\"https:\/\/desteptati-va.ro\/#website\",\"url\":\"https:\/\/desteptati-va.ro\/\",\"name\":\"\",\"description\":\"\",\"potentialAction\":[{\"@type\":\"SearchAction\",\"target\":{\"@type\":\"EntryPoint\",\"urlTemplate\":\"https:\/\/desteptati-va.ro\/?s={search_term_string}\"},\"query-input\":{\"@type\":\"PropertyValueSpecification\",\"valueRequired\":true,\"valueName\":\"search_term_string\"}}],\"inLanguage\":\"ro-RO\"},{\"@type\":\"Person\",\"@id\":\"https:\/\/desteptati-va.ro\/#\/schema\/person\/13182deeebd44920914899f7bb262d6b\",\"name\":\"wolfsoftcompany\",\"image\":{\"@type\":\"ImageObject\",\"inLanguage\":\"ro-RO\",\"@id\":\"https:\/\/desteptati-va.ro\/#\/schema\/person\/image\/\",\"url\":\"https:\/\/secure.gravatar.com\/avatar\/a6cce9b6d101d27d91690e7073e300fed94c0899890bf998e082cb9d2c3d121e?s=96&d=mm&r=g\",\"contentUrl\":\"https:\/\/secure.gravatar.com\/avatar\/a6cce9b6d101d27d91690e7073e300fed94c0899890bf998e082cb9d2c3d121e?s=96&d=mm&r=g\",\"caption\":\"wolfsoftcompany\"},\"sameAs\":[\"http:\/\/desteptati-va.ro\"],\"url\":\"https:\/\/desteptati-va.ro\/index.php\/author\/wolfsoftcompany\/\"}]}<\/script>\r\n<!-- \/ Yoast SEO plugin. -->","yoast_head_json":{"title":"Covidul \u0219i banii -","robots":{"index":"index","follow":"follow","max-snippet":"max-snippet:-1","max-image-preview":"max-image-preview:large","max-video-preview":"max-video-preview:-1"},"canonical":"https:\/\/desteptati-va.ro\/index.php\/2022\/03\/14\/covidul-si-banii\/","og_locale":"ro_RO","og_type":"article","og_title":"Covidul \u0219i banii -","og_description":"Postat la: 31.01.2022 | Scris de: ZIUA NEWS Economistul Ernst Wolff consider\u0103 c\u0103 o alian\u021b\u0103 ascuns\u0103 de lideri politici \u0219iRead More","og_url":"https:\/\/desteptati-va.ro\/index.php\/2022\/03\/14\/covidul-si-banii\/","article_published_time":"2022-03-14T20:19:33+00:00","article_modified_time":"2022-03-16T07:22:15+00:00","og_image":[{"width":270,"height":180,"url":"https:\/\/desteptati-va.ro\/wp-content\/uploads\/2022\/03\/Klaus-Schwab-1.jpg","type":"image\/jpeg"}],"author":"wolfsoftcompany","twitter_card":"summary_large_image","twitter_misc":{"Scris de":"wolfsoftcompany","Timp estimat pentru citire":"16 minute"},"schema":{"@context":"https:\/\/schema.org","@graph":[{"@type":"Article","@id":"https:\/\/desteptati-va.ro\/index.php\/2022\/03\/14\/covidul-si-banii\/#article","isPartOf":{"@id":"https:\/\/desteptati-va.ro\/index.php\/2022\/03\/14\/covidul-si-banii\/"},"author":{"name":"wolfsoftcompany","@id":"https:\/\/desteptati-va.ro\/#\/schema\/person\/13182deeebd44920914899f7bb262d6b"},"headline":"Covidul \u0219i banii","datePublished":"2022-03-14T20:19:33+00:00","dateModified":"2022-03-16T07:22:15+00:00","mainEntityOfPage":{"@id":"https:\/\/desteptati-va.ro\/index.php\/2022\/03\/14\/covidul-si-banii\/"},"wordCount":3246,"commentCount":0,"image":{"@id":"https:\/\/desteptati-va.ro\/index.php\/2022\/03\/14\/covidul-si-banii\/#primaryimage"},"thumbnailUrl":"https:\/\/desteptati-va.ro\/wp-content\/uploads\/2022\/03\/Klaus-Schwab-1.jpg","articleSection":{"1":"Terorismul medical"},"inLanguage":"ro-RO","potentialAction":[{"@type":"CommentAction","name":"Comment","target":["https:\/\/desteptati-va.ro\/index.php\/2022\/03\/14\/covidul-si-banii\/#respond"]}]},{"@type":"WebPage","@id":"https:\/\/desteptati-va.ro\/index.php\/2022\/03\/14\/covidul-si-banii\/","url":"https:\/\/desteptati-va.ro\/index.php\/2022\/03\/14\/covidul-si-banii\/","name":"Covidul \u0219i banii -","isPartOf":{"@id":"https:\/\/desteptati-va.ro\/#website"},"primaryImageOfPage":{"@id":"https:\/\/desteptati-va.ro\/index.php\/2022\/03\/14\/covidul-si-banii\/#primaryimage"},"image":{"@id":"https:\/\/desteptati-va.ro\/index.php\/2022\/03\/14\/covidul-si-banii\/#primaryimage"},"thumbnailUrl":"https:\/\/desteptati-va.ro\/wp-content\/uploads\/2022\/03\/Klaus-Schwab-1.jpg","datePublished":"2022-03-14T20:19:33+00:00","dateModified":"2022-03-16T07:22:15+00:00","author":{"@id":"https:\/\/desteptati-va.ro\/#\/schema\/person\/13182deeebd44920914899f7bb262d6b"},"breadcrumb":{"@id":"https:\/\/desteptati-va.ro\/index.php\/2022\/03\/14\/covidul-si-banii\/#breadcrumb"},"inLanguage":"ro-RO","potentialAction":[{"@type":"ReadAction","target":["https:\/\/desteptati-va.ro\/index.php\/2022\/03\/14\/covidul-si-banii\/"]}]},{"@type":"ImageObject","inLanguage":"ro-RO","@id":"https:\/\/desteptati-va.ro\/index.php\/2022\/03\/14\/covidul-si-banii\/#primaryimage","url":"https:\/\/desteptati-va.ro\/wp-content\/uploads\/2022\/03\/Klaus-Schwab-1.jpg","contentUrl":"https:\/\/desteptati-va.ro\/wp-content\/uploads\/2022\/03\/Klaus-Schwab-1.jpg","width":270,"height":180},{"@type":"BreadcrumbList","@id":"https:\/\/desteptati-va.ro\/index.php\/2022\/03\/14\/covidul-si-banii\/#breadcrumb","itemListElement":[{"@type":"ListItem","position":1,"name":"Prima pagin\u0103","item":"https:\/\/desteptati-va.ro\/"},{"@type":"ListItem","position":2,"name":"Covidul \u0219i banii"}]},{"@type":"WebSite","@id":"https:\/\/desteptati-va.ro\/#website","url":"https:\/\/desteptati-va.ro\/","name":"","description":"","potentialAction":[{"@type":"SearchAction","target":{"@type":"EntryPoint","urlTemplate":"https:\/\/desteptati-va.ro\/?s={search_term_string}"},"query-input":{"@type":"PropertyValueSpecification","valueRequired":true,"valueName":"search_term_string"}}],"inLanguage":"ro-RO"},{"@type":"Person","@id":"https:\/\/desteptati-va.ro\/#\/schema\/person\/13182deeebd44920914899f7bb262d6b","name":"wolfsoftcompany","image":{"@type":"ImageObject","inLanguage":"ro-RO","@id":"https:\/\/desteptati-va.ro\/#\/schema\/person\/image\/","url":"https:\/\/secure.gravatar.com\/avatar\/a6cce9b6d101d27d91690e7073e300fed94c0899890bf998e082cb9d2c3d121e?s=96&d=mm&r=g","contentUrl":"https:\/\/secure.gravatar.com\/avatar\/a6cce9b6d101d27d91690e7073e300fed94c0899890bf998e082cb9d2c3d121e?s=96&d=mm&r=g","caption":"wolfsoftcompany"},"sameAs":["http:\/\/desteptati-va.ro"],"url":"https:\/\/desteptati-va.ro\/index.php\/author\/wolfsoftcompany\/"}]}},"_links":{"self":[{"href":"https:\/\/desteptati-va.ro\/index.php\/wp-json\/wp\/v2\/posts\/4697","targetHints":{"allow":["GET"]}}],"collection":[{"href":"https:\/\/desteptati-va.ro\/index.php\/wp-json\/wp\/v2\/posts"}],"about":[{"href":"https:\/\/desteptati-va.ro\/index.php\/wp-json\/wp\/v2\/types\/post"}],"author":[{"embeddable":true,"href":"https:\/\/desteptati-va.ro\/index.php\/wp-json\/wp\/v2\/users\/1"}],"replies":[{"embeddable":true,"href":"https:\/\/desteptati-va.ro\/index.php\/wp-json\/wp\/v2\/comments?post=4697"}],"version-history":[{"count":9,"href":"https:\/\/desteptati-va.ro\/index.php\/wp-json\/wp\/v2\/posts\/4697\/revisions"}],"predecessor-version":[{"id":4751,"href":"https:\/\/desteptati-va.ro\/index.php\/wp-json\/wp\/v2\/posts\/4697\/revisions\/4751"}],"wp:featuredmedia":[{"embeddable":true,"href":"https:\/\/desteptati-va.ro\/index.php\/wp-json\/wp\/v2\/media\/4707"}],"wp:attachment":[{"href":"https:\/\/desteptati-va.ro\/index.php\/wp-json\/wp\/v2\/media?parent=4697"}],"wp:term":[{"taxonomy":"category","embeddable":true,"href":"https:\/\/desteptati-va.ro\/index.php\/wp-json\/wp\/v2\/categories?post=4697"},{"taxonomy":"post_tag","embeddable":true,"href":"https:\/\/desteptati-va.ro\/index.php\/wp-json\/wp\/v2\/tags?post=4697"}],"curies":[{"name":"wp","href":"https:\/\/api.w.org\/{rel}","templated":true}]}}