{"id":4763,"date":"2022-03-16T12:51:49","date_gmt":"2022-03-16T10:51:49","guid":{"rendered":"https:\/\/desteptati-va.ro\/?p=4763"},"modified":"2022-03-16T13:06:58","modified_gmt":"2022-03-16T11:06:58","slug":"cutremur-geopolitic","status":"publish","type":"post","link":"https:\/\/desteptati-va.ro\/index.php\/2022\/03\/16\/cutremur-geopolitic\/","title":{"rendered":"Cutremur geopolitic"},"content":{"rendered":"<div class=\"post-content\"><div class='booster-block booster-read-block'>\n                <div class=\"twp-read-time\">\n                \t<i class=\"booster-icon twp-clock\"><\/i> <span>Read Time:<\/span>9 Minute, 20 Second                <\/div>\n\n            <\/div>\n<p class=\"has-vivid-red-color has-text-color has-medium-font-size wp-block-paragraph\"><strong>Agresiunea lui Putin nu este despre Ucraina. Nu vrea Rusia Mare, astea sunt pove\u0219ti, ci un cutremur geopolitic. Par\u021bial, l-a ob\u021binut&nbsp;<\/strong><\/p>\n\n\n\n<p class=\"has-black-color has-text-color wp-block-paragraph\"><a href=\"https:\/\/spotmedia.ro\/stiri\/autor\/magda-gradinaru\">MAGDA GR\u0102DINARU<\/a><\/p>\n\n\n\n<p class=\"has-black-color has-text-color wp-block-paragraph\"><a href=\"https:\/\/spotmedia.ro\/stiri\/2022\/03\/13\">13.03.2022, ora 13:09<\/a><\/p>\n\n\n\n<p class=\"has-black-color has-text-color has-medium-font-size wp-block-paragraph\">Scopul lui Putin nu este despre Ucraina, nu e vorba aici de restabilirea Rusiei Mari, acestea sunt pove\u0219ti vechi, instrumente dep\u0103\u0219ite. Scopul a fost de a schimba ordinea mondial\u0103, iar aceasta deja s-a schimbat, nu ne vom mai \u00eentoarce niciodat\u0103 la via\u021ba de dinainte.<\/p>\n\n\n\n<p class=\"has-black-color has-cyan-bluish-gray-background-color has-text-color has-background has-medium-font-size wp-block-paragraph\"><strong>Vladimir Putin a creat un cutremur geopolitic, iar noi acum suntem prea preocupa\u021bi de ce se \u00eent\u00e2mpl\u0103 ast\u0103zi \u00een Ucraina ca s\u0103 mai \u00een\u021belegem scara \u0219i magnitudinea acestui cutremur geopolitic declan\u0219at odat\u0103 cu r\u0103zboiul, spune&nbsp;profesorul Ofer Fridman, \u00eentr-un interviu acordat&nbsp;SpotMedia.ro.<\/strong><\/p>\n\n\n\n<p class=\"has-black-color has-text-color has-medium-font-size wp-block-paragraph\"><em>Ofer Fridman pred\u0103 studii de r\u0103zboi, la King\u2019s College din Londra. Are studii de istorie militar\u0103 \u0219i securitate \u00een Ierusalim \u0219i de contra-terorism, la Centrul Interdisciplinar Herzliya. Semneaz\u0103 studii complexe despre strategii militare, cultura militar\u0103 rus\u0103, r\u0103zboiul hibrid. Este autorul volumului&nbsp;<\/em><em><u><a href=\"https:\/\/www.amazon.com\/dp\/0190877375\/ref=cm_sw_em_r_mt_dp_gtYdGbXRZKZED\" target=\"_blank\" rel=\"noreferrer noopener\">Russian &#8222;Hybrid Warfare&#8221;: Resurgence and Politicization.<\/a><\/u><\/em><\/p>\n\n\n<div class=\"wp-block-image\">\n<figure class=\"aligncenter size-full is-resized\"><img loading=\"lazy\" decoding=\"async\" src=\"https:\/\/desteptati-va.ro\/wp-content\/uploads\/2022\/03\/Prof.Ofer-Fridman.jpg\" alt=\"\" class=\"wp-image-4764\" width=\"532\" height=\"365\"\/><figcaption><em>Ofer Fridman pred\u0103 studii de r\u0103zboi, la King\u2019s College din Londra.<\/em><\/figcaption><\/figure>\n<\/div>\n\n\n<p class=\"has-vivid-red-color has-text-color has-medium-font-size wp-block-paragraph\"><strong><em>Pare c\u0103 a fost o capcan\u0103, c\u00e2t\u0103 vreme ne concentr\u0103m pe dezinformare \u0219i propaganda Rusiei, Putin preg\u0103tea tancurile.<\/em><\/strong><strong><\/strong><\/p>\n\n\n\n<p class=\"has-black-color has-text-color has-medium-font-size wp-block-paragraph\">S\u0103 definim ce \u00een\u021belegem prin propagand\u0103. Exist\u0103 dezinformare, manipulare, intoxicare \u0219i propaganda poate fi toate astea, \u00eempreun\u0103. Propaganda nu \u00eenseamn\u0103 \u00een mod necesar&nbsp;<em>fake news&nbsp;<\/em>\u0219i&nbsp;<em>fake news<\/em>-urile nu \u00eenseamn\u0103 \u00een mod necesar propagand\u0103. \u00cen ultimii 20 de ani, Kremlinul a operat \u00een spa\u021biul informa\u021bional, a \u00eencercat s\u0103 exercite influen\u021b\u0103, par\u021bial prin dezinformare, par\u021bial prin informare, par\u021bial prin neinformare.<\/p>\n\n\n\n<p class=\"has-black-color has-text-color has-medium-font-size wp-block-paragraph\">Evident c\u0103 Putin a \u021binut cont de dimensiunea informa\u021bional\u0103 a acestui r\u0103zboi, la fel ca toate \u021b\u0103rile care merg la r\u0103zboi \u0219i care \u021bin cont de aceast\u0103 dimensiune informa\u021bional\u0103.<\/p>\n\n\n\n<p class=\"has-vivid-red-color has-text-color has-medium-font-size wp-block-paragraph\"><strong><em>Termenii ca denazificare par ridicoli pentru cine \u00eei aude \u00een Occident. Cu cine vorbe\u0219te Putin? Ce sens are tot acest narativ?<\/em><\/strong><strong><\/strong><\/p>\n\n\n\n<p class=\"has-black-color has-text-color has-medium-font-size wp-block-paragraph\">A\u0219a cum vedem, nu exist\u0103 o confruntare informa\u021bional\u0103 \u00een casele \u0219i min\u021bile publicului interna\u021bional. Rusia nu \u00eencearc\u0103 m\u0103car s\u0103 conving\u0103 opinia public\u0103 interna\u021bional\u0103 de ce face \u0219i cum face.<\/p>\n\n\n\n<p class=\"has-black-color has-text-color has-medium-font-size wp-block-paragraph\">Suntem expu\u0219i doar la narativele ucrainene, Rusia nici m\u0103car nu ne propune un narativ, nu intr\u0103 \u00een acest r\u0103zboi narativ. Rusia are grij\u0103 de propria popula\u021bie \u0219i de propriul spa\u021biu informa\u021bional, nu \u00eencearc\u0103 s\u0103 conving\u0103 pe nimeni \u00een Rom\u00e2nia, Germania, Marea Britanie sau Canada de corectitudinea \u0219i juste\u021bea ac\u021biunilor ei.<\/p>\n\n\n\n<p class=\"has-black-color has-text-color has-medium-font-size wp-block-paragraph\">Nu exist\u0103 practic acum o confruntare informa\u021bional\u0103. Exist\u0103 o singur\u0103 parte, partea ucrainean\u0103, care construie\u0219te un narativ. Rusia nici m\u0103car nu \u00eencearc\u0103.<\/p>\n\n\n\n<p class=\"has-black-color has-text-color has-medium-font-size wp-block-paragraph\">\u00cen schimb,&nbsp;<strong>ceea ce face Rusia e s\u0103-\u0219i protejeze propriul spa\u021biu informa\u021bional, control\u00e2nd narativele pentru opinia public\u0103 rus\u0103.<\/strong><\/p>\n\n\n\n<p class=\"has-black-color has-text-color has-medium-font-size wp-block-paragraph\">Oricare ar fi opinia public\u0103 \u00een Rom\u00e2nia sau \u00een SUA,&nbsp;<a href=\"https:\/\/spotmedia.ro\/stiri\/opinii-si-analize\/teroristul-vladimir-putin\" target=\"_blank\" rel=\"noreferrer noopener\">Rusia nu lupt\u0103 pentru a o convinge.<\/a><\/p>\n\n\n\n<p class=\"has-vivid-red-color has-text-color has-medium-font-size wp-block-paragraph\"><strong><em>Atunci cine \u00eel poate opri pe Vladimir Putin \u00een Rusia? Societatea rus\u0103 e controlat\u0103. Cine \u00eel poate opri de la acest r\u0103zboi?<\/em><\/strong><strong><\/strong><\/p>\n\n\n\n<p class=\"has-black-color has-text-color has-medium-font-size wp-block-paragraph\">R\u0103zboiul se va termina c\u00e2nd se va termina. Nicio sanc\u021biune, niciun oligarh nu poate opri coloanele militare. Este vorba doar despre o decizie luat\u0103 de Kremlin \u0219i Kremlinul a decis s\u0103 mearg\u0103 cu acest r\u0103zboi p\u00e2n\u0103 la cap\u0103t, p\u00e2n\u0103 c\u00e2nd va ob\u021bine ce vrea sau va ob\u021bine ceea ce va considera c\u0103 e acceptabil.<\/p>\n\n\n\n<p class=\"has-vivid-red-color has-text-color has-medium-font-size wp-block-paragraph\"><strong><em>Nu vede\u021bi nicio voce, o mas\u0103 critic\u0103 \u00een Rusia?<\/em><\/strong><strong><\/strong><\/p>\n\n\n\n<p class=\"has-black-color has-text-color has-medium-font-size wp-block-paragraph\">\u00cemi pare r\u0103u, s\u0103 citim sondajele de opinie din Rusia. Ce voce critic\u0103 s\u0103 g\u0103sim? Ru\u0219ii cred \u00een juste\u021bea acestui r\u0103zboi, vasta majoritate a ru\u0219ilor. Ei cred c\u0103 Rusia face ceea ce trebuie.<a href=\"https:\/\/spotmedia.ro\/stiri\/eveniment\/putin-scufunda-rusia-in-tacere-a-interzis-protestele-si-a-promulgat-legea-care-i-baga-si-15-ani-la-inchisoare-pe-cei-care-vorbesc-de-invazia-ucrainei\" target=\"_blank\" rel=\"noreferrer noopener\">&nbsp;Spa\u021biul informa\u021bional este controlat de stat.<\/a><\/p>\n\n\n\n<p class=\"has-vivid-red-color has-text-color has-medium-font-size wp-block-paragraph\"><strong><em>Chiar dac\u0103 Putin construie\u0219te \u00een Rusia o dictatur\u0103?<\/em><\/strong><strong><\/strong><\/p>\n\n\n\n<p class=\"has-black-color has-text-color has-medium-font-size wp-block-paragraph\">Rusia nu a fost niciodat\u0103 o dictatur\u0103. Asta e o interpretare comun\u0103 gre\u0219it\u0103. \u00cen Rusia e vorba despre un tip special de rela\u021bie \u00eentre putere \u0219i popor. Nu e dictatur\u0103.<\/p>\n\n\n\n<p class=\"has-black-color has-text-color has-medium-font-size wp-block-paragraph\">Ru\u0219ii au demonstrat de dou\u0103 ori \u00een secolul al XX-lea c\u0103, dac\u0103 nu le place cine ocup\u0103 Kremlinul, \u00eel pot schimba. E un tip special de rela\u021bie \u00eentre putere \u0219i poporul rus.<\/p>\n\n\n\n<p class=\"has-vivid-red-color has-text-color has-medium-font-size wp-block-paragraph\"><strong><em>E acest narativ vechi \u00een Rusia, lupta dintre Rusia \u0219i Vest.<\/em><\/strong><strong><\/strong><\/p>\n\n\n\n<p class=\"has-black-color has-text-color has-medium-font-size wp-block-paragraph\">\u00cen ultimii 20 de ani, narativul construit \u00een Rusia a fost c\u0103 Vestul e \u00eempotriva ru\u0219ilor. Vestul nu a f\u0103cut nimic pentru a contrazice acest narativ. Le-am permis conduc\u0103torilor Rusiei s\u0103 construiasc\u0103 \u00eencet \u00een spa\u021biul public aceast\u0103 tez\u0103 c\u0103 Vestul este du\u0219manul.<\/p>\n\n\n\n<p class=\"has-black-color has-text-color has-medium-font-size wp-block-paragraph\">\u0218i asta a \u00eenceput \u00eenainte de Putin, ideea c\u0103 Vestul e \u00eempotriva Rusiei, ideea c\u0103 Vestul a dezam\u0103git Rusia \u0219i a l\u0103sat-o s\u0103 moar\u0103 \u00een anii 1990, nu i-a venit niciodat\u0103 \u00een ajutor, al\u0103turi de ideea c\u0103 democra\u021bia e o mare minciun\u0103, e mai dezirabil\u0103 ordinea. Astea erau \u00een spa\u021biul public rusesc \u00eenainte de Putin. Dorin\u021ba de a fi condu\u0219i de o m\u00e2n\u0103 puternic\u0103 era acolo ani \u00eenainte ca Putin s\u0103 ajung\u0103 la putere. \u0218i el le-a dat oamenilor ceea ce \u0219i ace\u0219tia voiau.<\/p>\n\n\n\n<p class=\"has-vivid-red-color has-text-color has-medium-font-size wp-block-paragraph\"><strong><em>Bun, dar ce putea face mai mult Vestul, pentru a combate acest narativ?<\/em><\/strong><strong><\/strong><\/p>\n\n\n\n<p class=\"has-black-color has-text-color has-medium-font-size wp-block-paragraph\">\u00cen primul r\u00e2nd, a ratat oportunitatea.<\/p>\n\n\n\n<p class=\"has-black-color has-text-color has-medium-font-size wp-block-paragraph\">Richard Sakwa a scris despre asta \u00eentr-un mod str\u0103lucit, ani buni \u00eenainte de conflict. Cartea lui, \u201eUcraina este o linie de front\u201d, publicat\u0103 acum cinci-\u0219ase ani, arat\u0103 c\u0103 a existat o fereastr\u0103 foarte mic\u0103 de oportunitate, la \u00eenceputul anilor &#8217;90, dar nu a fost folosit\u0103.<\/p>\n\n\n<div class=\"wp-block-image\">\n<figure class=\"aligncenter size-full is-resized\"><img loading=\"lazy\" decoding=\"async\" src=\"https:\/\/desteptati-va.ro\/wp-content\/uploads\/2022\/03\/Richard-Sakwa.jpg\" alt=\"\" class=\"wp-image-4767\" width=\"419\" height=\"592\"\/><\/figure>\n<\/div>\n\n\n<p class=\"has-black-color has-text-color has-medium-font-size wp-block-paragraph\">Mai apoi, odat\u0103 ce a v\u0103zut c\u0103 economia Rusiei \u00ee\u0219i revine, \u00een anii 2000, c\u00e2nd Putin a venit la putere, Vestul s-a concentrat pe alte probleme \u0219i a uitat complet de Rusia. Iar Rusia s-a dezvoltat singur\u0103 \u0219i \u0219i-a inventat propriul narativ.<\/p>\n\n\n\n<p class=\"has-black-color has-text-color has-medium-font-size wp-block-paragraph\">Ce puteau face? Mai \u00eent\u00e2i s\u0103-\u0219i aduc\u0103 aminte c\u0103 au o mare putere vecin\u0103 cu ei \u0219i care nu \u00eei simpatizeaz\u0103 foarte mult. Acum, poate, vor \u00eencepe s\u0103-\u0219i schimbe p\u0103rerile, dup\u0103 tot timpul \u00een care Vestul a fost preocupat exclusiv cu propriile probleme.<\/p>\n\n\n\n<p class=\"has-vivid-red-color has-text-color has-medium-font-size wp-block-paragraph\"><strong><em>C\u00e2t de departe va merge Putin? Care e compromisul rezonabil, pentru a opri agresiunea \u00een Ucraina?<\/em><\/strong><strong><\/strong><\/p>\n\n\n\n<p class=\"has-black-color has-text-color has-medium-font-size wp-block-paragraph\">Mai \u00eent\u00e2i, agresiunea lui \u00een Ucraina nu este despre Ucraina. Nu a fost niciodat\u0103. Ucraina este un instrument, din nefericire, este acum un spa\u021biu de lupt\u0103. Povestea este despre Rusia \u0219i Occident. Dac\u0103 va fi o \u00eencetare a focului, agreat\u0103 cu liderii ucraineni, deoarece \u00een Kremlin se \u00een\u021belege c\u0103 opera\u021biunea nu merge cum doreau, va fi ceva temporar.<\/p>\n\n\n\n<p class=\"has-vivid-cyan-blue-color has-cyan-bluish-gray-background-color has-text-color has-background has-medium-font-size wp-block-paragraph\"><strong>Trebuie s\u0103 \u00een\u021belegem c\u0103 Putin deja \u0219i-a atins, par\u021bial, scopul. Iar scopul lui nu era despre Ucraina, nu e vorba aici de restabilirea Rusiei Mari sau ceva de genul. Acestea sunt pove\u0219ti vechi, instrumente dep\u0103\u0219ite.<\/strong><\/p>\n\n\n\n<p class=\"has-vivid-cyan-blue-color has-cyan-bluish-gray-background-color has-text-color has-background has-medium-font-size wp-block-paragraph\"><strong>Scopul a fost de a schimba ordinea mondial\u0103, iar aceasta deja s-a schimbat. Nu ne vom mai \u00eentoarce niciodat\u0103 la via\u021ba de dinainte. Putin a creat un cutremur geopolitic, iar noi acum suntem prea preocupa\u021bi de ce se \u00eent\u00e2mpl\u0103 ast\u0103zi \u00een Ucraina ca s\u0103 mai \u00een\u021belegem scara \u0219i magnitudinea acestui cutremur geopolitic declan\u0219at odat\u0103 cu r\u0103zboiul.<\/strong><\/p>\n\n\n\n<p class=\"has-black-color has-text-color has-medium-font-size wp-block-paragraph\">Sunt consecin\u021be \u0219i precedente care au fost deja create peste tot, \u00een Germania, \u00een\u0103untrul Uniunii Europene, chiar \u0219i \u00een Elve\u021bia. Nu mai este vorba doar de victimele civile din Ucraina, care, e adev\u0103rat, sunt o tragedie.<\/p>\n\n\n\n<p class=\"has-black-color has-text-color has-medium-font-size wp-block-paragraph\">Ucraina \u0219i Rusia produceau \u00eempreun\u0103 40-50% din necesarul de cereale \u0219i<a href=\"https:\/\/spotmedia.ro\/stiri\/economie\/razboiul-din-ucraina-va-aduce-o-furtuna-perfecta-pentru-uleiurile-de-gatit\" target=\"_blank\" rel=\"noreferrer noopener\">&nbsp;de ulei&nbsp;<\/a>pentru a hr\u0103ni Africa. Cine mai hr\u0103ne\u0219te acum Africa? \u00cen acest moment e iarn\u0103, ne baz\u0103m pe recoltele din anul trecut, pe depozite, dar vine deja sezonul de \u00eens\u0103m\u00e2n\u021bare, ori dac\u0103 \u00een Ucraina nu se mai cultiv\u0103 nimic, nici nu va mai fi vreo recolt\u0103.<\/p>\n\n\n\n<p class=\"has-black-color has-text-color has-medium-font-size wp-block-paragraph\">Nu e vorba doar despre petrol \u0219i gaze. De pild\u0103, \u00eengr\u0103\u0219\u0103mintele: 25% din necesarul Europei venea din Rusia \u0219i tocmai am oprit complet exporturile ruse\u0219ti. Cum mai cultiv\u0103m plantele \u00een Europa?<\/p>\n\n\n\n<p class=\"has-black-color has-text-color has-medium-font-size wp-block-paragraph\">Ce vom face cu pre\u021burile la aluminiu, aur, titanium sau alte materii prime care depindeau de exporturile ruse\u0219ti?<\/p>\n\n\n\n<p class=\"has-black-color has-text-color has-medium-font-size wp-block-paragraph\">Uniunea European\u0103 are suficiente rezerve \u00een economiile \u021b\u0103rilor membre pentru a \u00eencerca s\u0103 atenueze undele de \u0219oc, dar acesta nu este deloc cazul Africii sau Orientului Mijlociu, sau al \u021b\u0103rilor din Asia sau din America Latin\u0103.<\/p>\n\n\n\n<p class=\"has-black-color has-text-color has-medium-font-size wp-block-paragraph\">Acolo unde hrana \u00eencepe s\u0103 lipseasc\u0103 vor ap\u0103rea focare de instabilitate politic\u0103 \u0219i vor fi mai multe conflicte \u0219i r\u0103zboaie, care vor amenin\u021ba \u0219i mai mult re\u021belele de aprovizionare global\u0103 \u0219i a\u0219a mai departe. Nu e vorba doar despre transporturi, ci de crearea de materii prime. A\u0219a cum \u00een Africa, de\u0219i exist\u0103 z\u0103c\u0103minte bogate, din cauza instabilit\u0103\u021bii politice, nu se poate realiza distribu\u021bia lor.<\/p>\n\n\n\n<p class=\"has-black-color has-text-color has-medium-font-size wp-block-paragraph\">Exist\u0103 a\u0219adar un cutremur geopolitic. \u00cen timp ce noi suntem acum preocupa\u021bi de bombele care cad \u00een Ucraina, ceea ce este normal, acolo este o catastrof\u0103 umanitar\u0103 care trebuie oprit\u0103 c\u00e2t de repede posibil, acest cutremur geopolitic se r\u0103sp\u00e2nde\u0219te \u00een lume. Nu a fost niciodat\u0103 vorba doar despre Ucraina.<\/p>\n\n\n\n<p class=\"has-black-color has-text-color has-medium-font-size wp-block-paragraph\">Nici propunerile pe care Putin le-a f\u0103cut c\u0103tre NATO, \u00eenainte de escaladare, nu erau doar despre Ucraina. Ucraina nu va putea niciodat\u0103 s\u0103 se al\u0103ture NATO f\u0103r\u0103 permisiunea Rusiei. Are dispute teritoriale pe propriul teritoriu, iar Rusia este cea care le controleaz\u0103 \u0219i, f\u0103r\u0103 c\u0103 Rusia s\u0103 accepte, Ucraina nu va fi \u00een NATO.<\/p>\n\n\n\n<p class=\"has-black-color has-text-color has-medium-font-size wp-block-paragraph\"><strong>Astfel c\u0103 nu era vorba c\u0103 Ucraina se va al\u0103tura NATO, ci un test dac\u0103 NATO \u00ee\u0219i va sacrifica principiile.<\/strong><\/p>\n\n\n\n<p class=\"has-vivid-red-color has-text-color has-medium-font-size wp-block-paragraph\"><strong><em>Putem spune, totu\u0219i, c\u0103 Rusia a reu\u0219it acum s\u0103 unifice NATO \u0219i Uniunea European\u0103 ?.<\/em><\/strong><strong><\/strong><\/p>\n\n\n\n<p class=\"has-black-color has-text-color has-medium-font-size wp-block-paragraph\">Sunt de acord \u00een \u00eentregime. Sistemul interna\u021bional nu este unul linear. \u00centr-un sistem liniar, c\u00e2nd love\u0219ti mingea, \u0219tii \u00een ce direc\u021bie va merge. \u00cen rela\u021biile interna\u021bionale, c\u00e2nd love\u0219ti ceva, nu \u0219tii exact \u00een ce direc\u021bie va ajunge, tot ce \u0219tii e c\u0103 nu va r\u0103m\u00e2ne acolo unde era.<\/p>\n\n\n\n<p class=\"has-black-color has-text-color has-medium-font-size wp-block-paragraph\">La fel ca \u0219i \u00een rela\u021biile personale, dac\u0103 \u00ee\u021bi love\u0219ti partenerul, nu se \u0219tie ce se va \u00eent\u00e2mpla, dar e clar c\u0103 lucrurile nu vor mai fi la fel.<\/p>\n\n\n\n<p class=\"has-black-color has-text-color has-medium-font-size wp-block-paragraph\">Ce vreau s\u0103 spun este c\u0103 eu nu cred c\u0103 schimb\u0103rile vor merge \u00een direc\u021bia pe care o dorea Putin, el acum \u00eencearc\u0103 s\u0103-\u0219i maximize propriul interes, cre\u00e2nd valuri c\u00e2t de mari poate. Ceea ce se potrive\u0219te cu teoria \u201chaosului controlat\u201d pe care au dezvoltat-o ei la Kremlin.<\/p>\n\n\n\n<p class=\"has-black-color has-text-color has-medium-font-size wp-block-paragraph\">Apropo, p\u00e2n\u0103 \u0219i aceast\u0103 \u201cunificare\u201d a Vestului este \u0219i ea parte a acestui cutremur geopolitic. Care vor fi consecin\u021bele? Nu \u0219tim, nimeni nu poate \u0219ti, este vorba de lucruri impredictibile \u0219i dincolo de control.<\/p>\n\n\n\n<p class=\"has-black-color has-text-color has-medium-font-size wp-block-paragraph\">Doi actori politici majori care au sprijinit unificarea politic\u0103 a Germaniei din secolul XIX, din vremea lui Bismark, au fost Rusia \u0219i Marea Britanie. Deoarece ei vedeau o Germanie puternic\u0103 drept o contrapondere la influen\u021ba Fran\u021bei. Unde a dus unificarea Germaniei, pentru Rusia \u0219i pentru britanici, \u0219tim deja, 50 de ani mai t\u00e2rziu deja eram \u00een Primul R\u0103zboi Mondial.<\/p>\n\n\n\n<p class=\"has-black-color has-text-color has-medium-font-size wp-block-paragraph\">C\u00e2nd a izbucnit Revolu\u021bia rus\u0103 din 1917, oamenii s\u0103rb\u0103toreau \u00een Londra \u0219i \u00een Paris, deoarece iat\u0103 Rusia se va al\u0103tur\u0103 \u021b\u0103rilor democratice. \u0218tim \u0219i asta cum s-a terminat.<\/p>\n\n\n\n<p class=\"has-black-color has-text-color has-medium-font-size wp-block-paragraph\">Germania s-a \u021brezit acum dup\u0103 un somn de hibernare de 70 de ani. Lucrurile sunt \u00eenc\u0103 bine, dar vor r\u0103m\u00e2ne a\u0219a? Nu \u0219tiu.<\/p>\n\n\n\n<p class=\"has-black-color has-text-color has-medium-font-size wp-block-paragraph\">Ce vreau s\u0103 spun este c\u0103 lucrurile acestea sunt impredictibile. Unde se va ajunge acum? Nu \u0219tiu \u0219i nimeni nu \u0219tie.<\/p>\n\n\n\n<p class=\"has-black-color has-text-color has-medium-font-size wp-block-paragraph\">Tot ce pot spune cu siguran\u021b\u0103, \u00een mijlocul tuturor acestor necunoscute, este c\u0103, dac\u0103 acum Putin \u0219i-ar cere iertare, ar pl\u0103ti toate desp\u0103gubirile, ar fi judecat \u0219i ar fi condamnat pe via\u021b\u0103 \u00een Gulag, lumea tot nu s-ar mai \u00eentoarce la cum era \u00eenainte.<\/p>\n\n\n\n<p class=\"has-vivid-red-color has-text-color has-medium-font-size wp-block-paragraph\"><strong><em>Crede\u021bi c\u0103 suntem la \u00eenceputul unui nou R\u0103zboi Rece?<\/em><\/strong><strong><\/strong><\/p>\n\n\n\n<p class=\"has-black-color has-text-color has-medium-font-size wp-block-paragraph\">Suntem la \u00eenceputul unei noi ordini mondiale. Cum va ar\u0103ta aceasta, nu putem controla \u0219i nici m\u0103car prezice.<\/p>\n        <div class=\"booster-block booster-reactions-block\">\n            <div class=\"twp-reactions-icons\">\n                \n                <div class=\"twp-reacts-wrap\">\n                    <a react-data=\"be-react-1\" post-id=\"4763\" class=\"be-face-icons un-reacted\" href=\"javascript:void(0)\">\n                        <img decoding=\"async\" src=\"https:\/\/desteptati-va.ro\/wp-content\/plugins\/booster-extension\/\/assets\/icon\/happy.svg\" alt=\"Happy\">\n                    <\/a>\n                    <div class=\"twp-reaction-title\">\n                        Happy                    <\/div>\n                    <div class=\"twp-count-percent\">\n                                                    <span style=\"display: none;\" class=\"twp-react-count\">0<\/span>\n                        \n                                                <span class=\"twp-react-percent\"><span>0<\/span> %<\/span>\n                                            <\/div>\n                <\/div>\n\n                <div class=\"twp-reacts-wrap\">\n                    <a react-data=\"be-react-2\" post-id=\"4763\" class=\"be-face-icons un-reacted\" href=\"javascript:void(0)\">\n                        <img decoding=\"async\" src=\"https:\/\/desteptati-va.ro\/wp-content\/plugins\/booster-extension\/\/assets\/icon\/sad.svg\" alt=\"Sad\">\n                    <\/a>\n                    <div class=\"twp-reaction-title\">\n                        Sad                    <\/div>\n                    <div class=\"twp-count-percent\">\n                                                    <span style=\"display: none;\" class=\"twp-react-count\">0<\/span>\n                                                                        <span class=\"twp-react-percent\"><span>0<\/span> %<\/span>\n                                            <\/div>\n                <\/div>\n\n                <div class=\"twp-reacts-wrap\">\n                    <a react-data=\"be-react-3\" post-id=\"4763\" class=\"be-face-icons un-reacted\" href=\"javascript:void(0)\">\n                        <img decoding=\"async\" src=\"https:\/\/desteptati-va.ro\/wp-content\/plugins\/booster-extension\/\/assets\/icon\/excited.svg\" alt=\"Excited\">\n                    <\/a>\n                    <div class=\"twp-reaction-title\">\n                        Excited                    <\/div>\n                    <div class=\"twp-count-percent\">\n                                                    <span style=\"display: none;\" class=\"twp-react-count\">0<\/span>\n                                                                        <span class=\"twp-react-percent\"><span>0<\/span> %<\/span>\n                                            <\/div>\n                <\/div>\n\n                <div class=\"twp-reacts-wrap\">\n                    <a react-data=\"be-react-6\" post-id=\"4763\" class=\"be-face-icons un-reacted\" href=\"javascript:void(0)\">\n                        <img decoding=\"async\" src=\"https:\/\/desteptati-va.ro\/wp-content\/plugins\/booster-extension\/\/assets\/icon\/sleepy.svg\" alt=\"Sleepy\">\n                    <\/a>\n                    <div class=\"twp-reaction-title\">\n                        Sleepy                    <\/div>\n                    <div class=\"twp-count-percent\">\n                                                    <span style=\"display: none;\" class=\"twp-react-count\">0<\/span>\n                        \n                                                <span class=\"twp-react-percent\"><span>0<\/span> %<\/span>\n                                            <\/div>\n                <\/div>\n\n                <div class=\"twp-reacts-wrap\">\n                    <a react-data=\"be-react-4\" post-id=\"4763\" class=\"be-face-icons un-reacted\" href=\"javascript:void(0)\">\n                        <img decoding=\"async\" src=\"https:\/\/desteptati-va.ro\/wp-content\/plugins\/booster-extension\/\/assets\/icon\/angry.svg\" alt=\"Angry\">\n                    <\/a>\n                    <div class=\"twp-reaction-title\">Angry<\/div>\n                    <div class=\"twp-count-percent\">\n                                                    <span style=\"display: none;\" class=\"twp-react-count\">0<\/span>\n                                                                        <span class=\"twp-react-percent\"><span>0<\/span> %<\/span>\n                        \n                    <\/div>\n                <\/div>\n\n                <div class=\"twp-reacts-wrap\">\n                    <a react-data=\"be-react-5\" post-id=\"4763\" class=\"be-face-icons un-reacted\" href=\"javascript:void(0)\">\n                        <img decoding=\"async\" src=\"https:\/\/desteptati-va.ro\/wp-content\/plugins\/booster-extension\/\/assets\/icon\/surprise.svg\" alt=\"Surprise\">\n                    <\/a>\n                    <div class=\"twp-reaction-title\">Surprise<\/div>\n                    <div class=\"twp-count-percent\">\n                                                    <span style=\"display: none;\" class=\"twp-react-count\">0<\/span>\n                                                                        <span class=\"twp-react-percent\"><span>0<\/span> %<\/span>\n                                            <\/div>\n                <\/div>\n\n            <\/div>\n        <\/div>\n\n    <\/div>","protected":false},"excerpt":{"rendered":"<p>Agresiunea lui Putin nu este despre Ucraina. Nu vrea Rusia Mare, astea sunt pove\u0219ti, ci un cutremur geopolitic. Par\u021bial, l-a<a href=\"https:\/\/desteptati-va.ro\/index.php\/2022\/03\/16\/cutremur-geopolitic\/\">Read More<i class=\"fa fa-long-arrow-right\" aria-hidden=\"true\"><\/i><\/a><\/p>\n","protected":false},"author":1,"featured_media":4766,"comment_status":"open","ping_status":"open","sticky":false,"template":"","format":"standard","meta":{"_crdt_document":"","footnotes":""},"categories":[1761],"tags":[],"class_list":["post-4763","post","type-post","status-publish","format-standard","has-post-thumbnail","hentry","category-politici-internationale"],"rise-blocks_total_comments":0,"rise-blocks_categories":[{"term_id":1761,"name":"Politici internationale","slug":"politici-internationale","term_group":0,"term_taxonomy_id":1761,"taxonomy":"category","description":"","parent":1756,"count":9,"filter":"raw","cat_ID":1761,"category_count":9,"category_description":"","cat_name":"Politici internationale","category_nicename":"politici-internationale","category_parent":1756}],"rise-blocks_excerpt":"Agresiunea lui Putin nu este despre Ucraina. Nu vrea Rusia Mare, astea sunt pove\u0219ti, ci un cutremur geopolitic. Par\u021bial, l-a ob\u021binut&nbsp; MAGDA GR\u0102DINARU 13.03.2022, ora 13:09 Scopul lui Putin nu este despre Ucraina, nu e vorba aici de restabilirea Rusiei Mari, acestea sunt pove\u0219ti vechi, instrumente dep\u0103\u0219ite. Scopul a fost de a schimba ordinea mondial\u0103, iar aceasta deja s-a schimbat,..","yoast_head":"<!-- This site is optimized with the Yoast SEO plugin v26.9 - https:\/\/yoast.com\/product\/yoast-seo-wordpress\/ -->\r\n<title>Cutremur geopolitic -<\/title>\r\n<meta name=\"robots\" content=\"index, follow, max-snippet:-1, max-image-preview:large, max-video-preview:-1\" \/>\r\n<link rel=\"canonical\" href=\"https:\/\/desteptati-va.ro\/index.php\/2022\/03\/16\/cutremur-geopolitic\/\" \/>\r\n<meta property=\"og:locale\" content=\"ro_RO\" \/>\r\n<meta property=\"og:type\" content=\"article\" \/>\r\n<meta property=\"og:title\" content=\"Cutremur geopolitic -\" \/>\r\n<meta property=\"og:description\" content=\"Agresiunea lui Putin nu este despre Ucraina. Nu vrea Rusia Mare, astea sunt pove\u0219ti, ci un cutremur geopolitic. Par\u021bial, l-aRead More\" \/>\r\n<meta property=\"og:url\" content=\"https:\/\/desteptati-va.ro\/index.php\/2022\/03\/16\/cutremur-geopolitic\/\" \/>\r\n<meta property=\"article:published_time\" content=\"2022-03-16T10:51:49+00:00\" \/>\r\n<meta property=\"article:modified_time\" content=\"2022-03-16T11:06:58+00:00\" \/>\r\n<meta property=\"og:image\" content=\"https:\/\/desteptati-va.ro\/wp-content\/uploads\/2022\/03\/Russia-Ukraine.jpg\" \/>\r\n\t<meta property=\"og:image:width\" content=\"297\" \/>\r\n\t<meta property=\"og:image:height\" content=\"170\" \/>\r\n\t<meta property=\"og:image:type\" content=\"image\/jpeg\" \/>\r\n<meta name=\"author\" content=\"wolfsoftcompany\" \/>\r\n<meta name=\"twitter:card\" content=\"summary_large_image\" \/>\r\n<meta name=\"twitter:label1\" content=\"Scris de\" \/>\n\t<meta name=\"twitter:data1\" content=\"wolfsoftcompany\" \/>\n\t<meta name=\"twitter:label2\" content=\"Timp estimat pentru citire\" \/>\n\t<meta name=\"twitter:data2\" content=\"10 minute\" \/>\r\n<script type=\"application\/ld+json\" class=\"yoast-schema-graph\">{\"@context\":\"https:\/\/schema.org\",\"@graph\":[{\"@type\":\"Article\",\"@id\":\"https:\/\/desteptati-va.ro\/index.php\/2022\/03\/16\/cutremur-geopolitic\/#article\",\"isPartOf\":{\"@id\":\"https:\/\/desteptati-va.ro\/index.php\/2022\/03\/16\/cutremur-geopolitic\/\"},\"author\":{\"name\":\"wolfsoftcompany\",\"@id\":\"https:\/\/desteptati-va.ro\/#\/schema\/person\/13182deeebd44920914899f7bb262d6b\"},\"headline\":\"Cutremur geopolitic\",\"datePublished\":\"2022-03-16T10:51:49+00:00\",\"dateModified\":\"2022-03-16T11:06:58+00:00\",\"mainEntityOfPage\":{\"@id\":\"https:\/\/desteptati-va.ro\/index.php\/2022\/03\/16\/cutremur-geopolitic\/\"},\"wordCount\":2028,\"commentCount\":0,\"image\":{\"@id\":\"https:\/\/desteptati-va.ro\/index.php\/2022\/03\/16\/cutremur-geopolitic\/#primaryimage\"},\"thumbnailUrl\":\"https:\/\/desteptati-va.ro\/wp-content\/uploads\/2022\/03\/Russia-Ukraine.jpg\",\"articleSection\":[\"Politici internationale\"],\"inLanguage\":\"ro-RO\",\"potentialAction\":[{\"@type\":\"CommentAction\",\"name\":\"Comment\",\"target\":[\"https:\/\/desteptati-va.ro\/index.php\/2022\/03\/16\/cutremur-geopolitic\/#respond\"]}]},{\"@type\":\"WebPage\",\"@id\":\"https:\/\/desteptati-va.ro\/index.php\/2022\/03\/16\/cutremur-geopolitic\/\",\"url\":\"https:\/\/desteptati-va.ro\/index.php\/2022\/03\/16\/cutremur-geopolitic\/\",\"name\":\"Cutremur geopolitic -\",\"isPartOf\":{\"@id\":\"https:\/\/desteptati-va.ro\/#website\"},\"primaryImageOfPage\":{\"@id\":\"https:\/\/desteptati-va.ro\/index.php\/2022\/03\/16\/cutremur-geopolitic\/#primaryimage\"},\"image\":{\"@id\":\"https:\/\/desteptati-va.ro\/index.php\/2022\/03\/16\/cutremur-geopolitic\/#primaryimage\"},\"thumbnailUrl\":\"https:\/\/desteptati-va.ro\/wp-content\/uploads\/2022\/03\/Russia-Ukraine.jpg\",\"datePublished\":\"2022-03-16T10:51:49+00:00\",\"dateModified\":\"2022-03-16T11:06:58+00:00\",\"author\":{\"@id\":\"https:\/\/desteptati-va.ro\/#\/schema\/person\/13182deeebd44920914899f7bb262d6b\"},\"breadcrumb\":{\"@id\":\"https:\/\/desteptati-va.ro\/index.php\/2022\/03\/16\/cutremur-geopolitic\/#breadcrumb\"},\"inLanguage\":\"ro-RO\",\"potentialAction\":[{\"@type\":\"ReadAction\",\"target\":[\"https:\/\/desteptati-va.ro\/index.php\/2022\/03\/16\/cutremur-geopolitic\/\"]}]},{\"@type\":\"ImageObject\",\"inLanguage\":\"ro-RO\",\"@id\":\"https:\/\/desteptati-va.ro\/index.php\/2022\/03\/16\/cutremur-geopolitic\/#primaryimage\",\"url\":\"https:\/\/desteptati-va.ro\/wp-content\/uploads\/2022\/03\/Russia-Ukraine.jpg\",\"contentUrl\":\"https:\/\/desteptati-va.ro\/wp-content\/uploads\/2022\/03\/Russia-Ukraine.jpg\",\"width\":297,\"height\":170},{\"@type\":\"BreadcrumbList\",\"@id\":\"https:\/\/desteptati-va.ro\/index.php\/2022\/03\/16\/cutremur-geopolitic\/#breadcrumb\",\"itemListElement\":[{\"@type\":\"ListItem\",\"position\":1,\"name\":\"Prima pagin\u0103\",\"item\":\"https:\/\/desteptati-va.ro\/\"},{\"@type\":\"ListItem\",\"position\":2,\"name\":\"Cutremur geopolitic\"}]},{\"@type\":\"WebSite\",\"@id\":\"https:\/\/desteptati-va.ro\/#website\",\"url\":\"https:\/\/desteptati-va.ro\/\",\"name\":\"\",\"description\":\"\",\"potentialAction\":[{\"@type\":\"SearchAction\",\"target\":{\"@type\":\"EntryPoint\",\"urlTemplate\":\"https:\/\/desteptati-va.ro\/?s={search_term_string}\"},\"query-input\":{\"@type\":\"PropertyValueSpecification\",\"valueRequired\":true,\"valueName\":\"search_term_string\"}}],\"inLanguage\":\"ro-RO\"},{\"@type\":\"Person\",\"@id\":\"https:\/\/desteptati-va.ro\/#\/schema\/person\/13182deeebd44920914899f7bb262d6b\",\"name\":\"wolfsoftcompany\",\"image\":{\"@type\":\"ImageObject\",\"inLanguage\":\"ro-RO\",\"@id\":\"https:\/\/desteptati-va.ro\/#\/schema\/person\/image\/\",\"url\":\"https:\/\/secure.gravatar.com\/avatar\/a6cce9b6d101d27d91690e7073e300fed94c0899890bf998e082cb9d2c3d121e?s=96&d=mm&r=g\",\"contentUrl\":\"https:\/\/secure.gravatar.com\/avatar\/a6cce9b6d101d27d91690e7073e300fed94c0899890bf998e082cb9d2c3d121e?s=96&d=mm&r=g\",\"caption\":\"wolfsoftcompany\"},\"sameAs\":[\"http:\/\/desteptati-va.ro\"],\"url\":\"https:\/\/desteptati-va.ro\/index.php\/author\/wolfsoftcompany\/\"}]}<\/script>\r\n<!-- \/ Yoast SEO plugin. -->","yoast_head_json":{"title":"Cutremur geopolitic -","robots":{"index":"index","follow":"follow","max-snippet":"max-snippet:-1","max-image-preview":"max-image-preview:large","max-video-preview":"max-video-preview:-1"},"canonical":"https:\/\/desteptati-va.ro\/index.php\/2022\/03\/16\/cutremur-geopolitic\/","og_locale":"ro_RO","og_type":"article","og_title":"Cutremur geopolitic -","og_description":"Agresiunea lui Putin nu este despre Ucraina. Nu vrea Rusia Mare, astea sunt pove\u0219ti, ci un cutremur geopolitic. Par\u021bial, l-aRead More","og_url":"https:\/\/desteptati-va.ro\/index.php\/2022\/03\/16\/cutremur-geopolitic\/","article_published_time":"2022-03-16T10:51:49+00:00","article_modified_time":"2022-03-16T11:06:58+00:00","og_image":[{"width":297,"height":170,"url":"https:\/\/desteptati-va.ro\/wp-content\/uploads\/2022\/03\/Russia-Ukraine.jpg","type":"image\/jpeg"}],"author":"wolfsoftcompany","twitter_card":"summary_large_image","twitter_misc":{"Scris de":"wolfsoftcompany","Timp estimat pentru citire":"10 minute"},"schema":{"@context":"https:\/\/schema.org","@graph":[{"@type":"Article","@id":"https:\/\/desteptati-va.ro\/index.php\/2022\/03\/16\/cutremur-geopolitic\/#article","isPartOf":{"@id":"https:\/\/desteptati-va.ro\/index.php\/2022\/03\/16\/cutremur-geopolitic\/"},"author":{"name":"wolfsoftcompany","@id":"https:\/\/desteptati-va.ro\/#\/schema\/person\/13182deeebd44920914899f7bb262d6b"},"headline":"Cutremur geopolitic","datePublished":"2022-03-16T10:51:49+00:00","dateModified":"2022-03-16T11:06:58+00:00","mainEntityOfPage":{"@id":"https:\/\/desteptati-va.ro\/index.php\/2022\/03\/16\/cutremur-geopolitic\/"},"wordCount":2028,"commentCount":0,"image":{"@id":"https:\/\/desteptati-va.ro\/index.php\/2022\/03\/16\/cutremur-geopolitic\/#primaryimage"},"thumbnailUrl":"https:\/\/desteptati-va.ro\/wp-content\/uploads\/2022\/03\/Russia-Ukraine.jpg","articleSection":["Politici internationale"],"inLanguage":"ro-RO","potentialAction":[{"@type":"CommentAction","name":"Comment","target":["https:\/\/desteptati-va.ro\/index.php\/2022\/03\/16\/cutremur-geopolitic\/#respond"]}]},{"@type":"WebPage","@id":"https:\/\/desteptati-va.ro\/index.php\/2022\/03\/16\/cutremur-geopolitic\/","url":"https:\/\/desteptati-va.ro\/index.php\/2022\/03\/16\/cutremur-geopolitic\/","name":"Cutremur geopolitic -","isPartOf":{"@id":"https:\/\/desteptati-va.ro\/#website"},"primaryImageOfPage":{"@id":"https:\/\/desteptati-va.ro\/index.php\/2022\/03\/16\/cutremur-geopolitic\/#primaryimage"},"image":{"@id":"https:\/\/desteptati-va.ro\/index.php\/2022\/03\/16\/cutremur-geopolitic\/#primaryimage"},"thumbnailUrl":"https:\/\/desteptati-va.ro\/wp-content\/uploads\/2022\/03\/Russia-Ukraine.jpg","datePublished":"2022-03-16T10:51:49+00:00","dateModified":"2022-03-16T11:06:58+00:00","author":{"@id":"https:\/\/desteptati-va.ro\/#\/schema\/person\/13182deeebd44920914899f7bb262d6b"},"breadcrumb":{"@id":"https:\/\/desteptati-va.ro\/index.php\/2022\/03\/16\/cutremur-geopolitic\/#breadcrumb"},"inLanguage":"ro-RO","potentialAction":[{"@type":"ReadAction","target":["https:\/\/desteptati-va.ro\/index.php\/2022\/03\/16\/cutremur-geopolitic\/"]}]},{"@type":"ImageObject","inLanguage":"ro-RO","@id":"https:\/\/desteptati-va.ro\/index.php\/2022\/03\/16\/cutremur-geopolitic\/#primaryimage","url":"https:\/\/desteptati-va.ro\/wp-content\/uploads\/2022\/03\/Russia-Ukraine.jpg","contentUrl":"https:\/\/desteptati-va.ro\/wp-content\/uploads\/2022\/03\/Russia-Ukraine.jpg","width":297,"height":170},{"@type":"BreadcrumbList","@id":"https:\/\/desteptati-va.ro\/index.php\/2022\/03\/16\/cutremur-geopolitic\/#breadcrumb","itemListElement":[{"@type":"ListItem","position":1,"name":"Prima pagin\u0103","item":"https:\/\/desteptati-va.ro\/"},{"@type":"ListItem","position":2,"name":"Cutremur geopolitic"}]},{"@type":"WebSite","@id":"https:\/\/desteptati-va.ro\/#website","url":"https:\/\/desteptati-va.ro\/","name":"","description":"","potentialAction":[{"@type":"SearchAction","target":{"@type":"EntryPoint","urlTemplate":"https:\/\/desteptati-va.ro\/?s={search_term_string}"},"query-input":{"@type":"PropertyValueSpecification","valueRequired":true,"valueName":"search_term_string"}}],"inLanguage":"ro-RO"},{"@type":"Person","@id":"https:\/\/desteptati-va.ro\/#\/schema\/person\/13182deeebd44920914899f7bb262d6b","name":"wolfsoftcompany","image":{"@type":"ImageObject","inLanguage":"ro-RO","@id":"https:\/\/desteptati-va.ro\/#\/schema\/person\/image\/","url":"https:\/\/secure.gravatar.com\/avatar\/a6cce9b6d101d27d91690e7073e300fed94c0899890bf998e082cb9d2c3d121e?s=96&d=mm&r=g","contentUrl":"https:\/\/secure.gravatar.com\/avatar\/a6cce9b6d101d27d91690e7073e300fed94c0899890bf998e082cb9d2c3d121e?s=96&d=mm&r=g","caption":"wolfsoftcompany"},"sameAs":["http:\/\/desteptati-va.ro"],"url":"https:\/\/desteptati-va.ro\/index.php\/author\/wolfsoftcompany\/"}]}},"_links":{"self":[{"href":"https:\/\/desteptati-va.ro\/index.php\/wp-json\/wp\/v2\/posts\/4763","targetHints":{"allow":["GET"]}}],"collection":[{"href":"https:\/\/desteptati-va.ro\/index.php\/wp-json\/wp\/v2\/posts"}],"about":[{"href":"https:\/\/desteptati-va.ro\/index.php\/wp-json\/wp\/v2\/types\/post"}],"author":[{"embeddable":true,"href":"https:\/\/desteptati-va.ro\/index.php\/wp-json\/wp\/v2\/users\/1"}],"replies":[{"embeddable":true,"href":"https:\/\/desteptati-va.ro\/index.php\/wp-json\/wp\/v2\/comments?post=4763"}],"version-history":[{"count":4,"href":"https:\/\/desteptati-va.ro\/index.php\/wp-json\/wp\/v2\/posts\/4763\/revisions"}],"predecessor-version":[{"id":4771,"href":"https:\/\/desteptati-va.ro\/index.php\/wp-json\/wp\/v2\/posts\/4763\/revisions\/4771"}],"wp:featuredmedia":[{"embeddable":true,"href":"https:\/\/desteptati-va.ro\/index.php\/wp-json\/wp\/v2\/media\/4766"}],"wp:attachment":[{"href":"https:\/\/desteptati-va.ro\/index.php\/wp-json\/wp\/v2\/media?parent=4763"}],"wp:term":[{"taxonomy":"category","embeddable":true,"href":"https:\/\/desteptati-va.ro\/index.php\/wp-json\/wp\/v2\/categories?post=4763"},{"taxonomy":"post_tag","embeddable":true,"href":"https:\/\/desteptati-va.ro\/index.php\/wp-json\/wp\/v2\/tags?post=4763"}],"curies":[{"name":"wp","href":"https:\/\/api.w.org\/{rel}","templated":true}]}}