{"id":4772,"date":"2022-03-19T22:09:04","date_gmt":"2022-03-19T20:09:04","guid":{"rendered":"https:\/\/desteptati-va.ro\/?p=4772"},"modified":"2022-03-19T23:19:35","modified_gmt":"2022-03-19T21:19:35","slug":"interviu-cu-gen-iulian-vlad","status":"publish","type":"post","link":"https:\/\/desteptati-va.ro\/index.php\/2022\/03\/19\/interviu-cu-gen-iulian-vlad\/","title":{"rendered":"Interviu cu Gen. Iulian Vlad"},"content":{"rendered":"<div class=\"post-content\"><div class='booster-block booster-read-block'>\n                <div class=\"twp-read-time\">\n                \t<i class=\"booster-icon twp-clock\"><\/i> <span>Read Time:<\/span>35 Minute, 8 Second                <\/div>\n\n            <\/div>\n<p class=\"wp-block-paragraph\"><\/p>\n\n\n\n<p class=\"has-black-color has-text-color has-medium-font-size wp-block-paragraph\">Generalul-colonel Iulian N. Vlad consider\u0103 c\u0103, \u00een decembrie 1989, Nicolae Ceau\u015fescu era izolat pe scena politic\u0103 interna\u0163ional\u0103. F\u0103r\u0103 niciun sprijin extern, dictatorul rom\u00e2n avea soarta pecetluit\u0103, iar \u00eencercarea lui de a se ag\u0103\u0163a de putere cu orice pre\u0163 ar fi degenerat \u00eentr-un masacru dac\u0103 generalul-colonel Vlad, \u00een calitatea sa de \u015fef al Departamentului Securit\u0103\u0163ii Statului, nu ar fi dat ordin unit\u0103\u0163ilor de Securitate s\u0103 nu trag\u0103.<\/p>\n\n\n\n<p class=\"has-black-color has-text-color has-medium-font-size wp-block-paragraph\"><br>\u00centr-un interviu acordat \u00een exclusivitate pentru \u201eWeekend Adev\u0103rul\u201c, generalul-colonel Iulian N. Vlad spune c\u0103 are con\u015ftiin\u0163a \u00eemp\u0103cat\u0103. \u201eCred c\u0103 am f\u0103cut tot ce se putea face, pentru a evita un masacru. Ordinul dat de mine, ca unit\u0103\u0163ile de securitate s\u0103 nu trag\u0103 a fost unul extrem de important. \u00cen Bucure\u015fti aveam aproape 2.000 de oameni preg\u0103ti\u0163i s\u0103 apere obiectivele din centrul Capitalei. Ce s-ar fi \u00eent\u00e2mplat dac\u0103 nu-i retr\u0103geam? Un m\u0103cel!\u201c. Fostul \u015fef al Departamentului Securit\u0103\u0163ii Statului spune c\u0103 a \u00een\u0163eles c\u0103 soarta dictatorului fusese pecetluit\u0103, acesta fiind izolat pe plan extern. \u00centr-un raport din 1 decembrie 1989, scris olograf, \u00een exemplar unic, semnat \u015fi parafat de generalul-colonel Iulian N. Vlad \u015fi adresat pre\u015fedintelui Rom\u00e2niei, Nicolae Ceau\u015fescu, acesta \u00eei prezenta problemele ce urmau a fi abordate \u00een cadrul \u00eent\u00e2lnirii de la Malta, 2-3 decembrie 1989, \u00eentre Mihail Gorbaciov \u015fi George Bush:<\/p>\n\n\n\n<p class=\"has-black-color has-text-color has-medium-font-size wp-block-paragraph\">\u201e1. \u00cen cadrul noilor convorbiri la nivel \u00eenalt dintre SUA \u015fi URSS, organizate la ini\u0163iativa sovieticilor, cele dou\u0103 p\u0103r\u0163i vor aborda cu prioritate probleme privind redefinirea sferelor de influen\u0163\u0103 \u015fi elaborarea unei noi strategii comune care s\u0103 le asigure, \u00een continuare, un rol dominant \u00een toate problemele interna\u0163ionale.<\/p>\n\n\n\n<p class=\"has-black-color has-text-color has-medium-font-size wp-block-paragraph\">\u2013 Este de a\u015fteptat s\u0103 se ajung\u0103 la noi \u00een\u0163elegeri de restr\u00e2ngere a zonelor de confruntare direct\u0103 \u00een favoarea celor de convergen\u0163\u0103 a intereselor.<\/p>\n\n\n\n<p class=\"has-black-color has-text-color has-medium-font-size wp-block-paragraph\">\u2013 Sunt date c\u0103 URSS va face noi concesii \u00een favoarea americanilor, \u00een schimbul ob\u0163inerii de ajutoare economice \u015fi financiare.<\/p>\n\n\n\n<p class=\"has-black-color has-text-color has-medium-font-size wp-block-paragraph\">\u2013 Se urm\u0103re\u015fte stabilirea unui nou echilibru pe continentul european care s\u0103 permit\u0103 atenuarea treptat\u0103 a diferen\u0163elor de sistem politic \u015fi economic \u00eentre \u0163\u0103rile socialiste \u015fi cele capitaliste \u015fi asigurarea transpunerii \u00een practic\u0103 a conceptelor privind \u201edezideologizarea rela\u0163iilor interna\u0163ionale\u201c &#8211; \u015fi crearea a\u015fa-numitei \u201ecase comune europene\u201c.<\/p>\n\n\n\n<p class=\"has-black-color has-text-color has-medium-font-size wp-block-paragraph\">\u2013 \u00cen acest context, se va aborda \u015fi problema existen\u0163ei celor dou\u0103 blocuri militare, \u00een sensul men\u0163inerii acestora \u00eenc\u0103 o anumit\u0103 perioad\u0103, cel pu\u0163in p\u00e2n\u0103 la stabilizarea situa\u0163iei din Europa de Est.<\/p>\n\n\n\n<p class=\"has-black-color has-text-color has-medium-font-size wp-block-paragraph\">\u2013 \u00cen ceea ce prive\u015fte intensificarea preocup\u0103rilor guvernului de la Bonn pentru reunificarea Germaniei, se va conveni s\u0103 fie sprijinite, dar pentru o perioad\u0103 temporizate spre a fi \u00eencadrate \u00een \u201eprocesul de integrare european\u0103\u201c.<\/p>\n\n\n\n<p class=\"has-black-color has-text-color has-medium-font-size wp-block-paragraph\">\u2013 Ambele p\u0103r\u0163i se vor pronun\u0163a pentru accelerarea negocierilor bilaterale de reducere a armamentelor \u015fi cheltuielilor militare, URSS fiind interesat\u0103 s\u0103 aloce mai multe fonduri pentru satisfacerea unor necesit\u0103\u0163i interne, iar SUA s\u0103 diminueze deficitul mare al balan\u0163ei de pl\u0103\u0163i. Este posibil ca, \u00een timpul \u00eent\u00e2lnirii, Bush s\u0103 fac\u0103 public\u0103 inten\u0163ia de a reduce efectivele americane sta\u0163ionate \u00een Europa, ca un r\u0103spuns la m\u0103surile similare adoptate unilateral de URSS.<\/p>\n\n\n\n<p class=\"has-black-color has-text-color has-medium-font-size wp-block-paragraph\">\u2013 Pe planul rela\u0163iilor bilaterale, pre\u015fedintele SUA va manifesta disponibilitate pentru sprijinirea economic\u0103 a URSS, condi\u0163ionat de extinderea reformelor sovietice prin luarea \u00een considerare \u00een \u015fi mai mare m\u0103sur\u0103 a mecanismelor economiei de pia\u0163\u0103.<\/p>\n\n\n\n<p class=\"has-black-color has-text-color has-medium-font-size wp-block-paragraph\">\u2013 Pe l\u00e2ng\u0103 solicitarea expres\u0103 de ajutoare financiare, Gorbaciov va insista pentru ob\u0163inerea de c\u0103tre U.R.S.S. a clauzei na\u0163iunii celei mai favorizate din partea SUA, precum \u015fi pentru reducerea restric\u0163iilor pe linia transferului de tehnologie.<\/p>\n\n\n\n<p class=\"has-vivid-cyan-blue-color has-cyan-bluish-gray-background-color has-text-color has-background has-medium-font-size wp-block-paragraph\">NOT\u0102:<\/p>\n\n\n\n<p class=\"has-black-color has-text-color has-medium-font-size wp-block-paragraph\">\u2013 Din datele de care dispunem rezult\u0103 c\u0103 la \u00eent\u00e2lnirea dintre Bush \u015fi Gorbaciov ar urm\u0103 s\u0103 se discute \u015fi problema exercit\u0103rii de noi presiuni coordonate asupra acelor \u0163\u0103ri socialiste care nu au trecut la aplicarea de \u201ereforme reale\u201c -, fiind avute \u00een vedere \u00eendeosebi R.P. Chinez\u0103, Cuba \u015fi Rom\u00e2nia.<\/p>\n\n\n\n<p class=\"has-black-color has-text-color has-medium-font-size wp-block-paragraph\">\u2013 Cu privire la \u0163ara noastr\u0103, Bush va releva c\u0103 statele membre ale NATO vor continua aplicarea de restric\u0163ii \u00een rela\u0163iile lor cu Rom\u00e2nia \u015fi va solicita ca \u015fi U.R.S.S. s\u0103 procedeze \u00een mod similar, mai ales prin reducerea livr\u0103rilor sovietice de \u0163i\u0163ei, gaz metan \u015fi minereu de fier.<\/p>\n\n\n\n<p class=\"has-black-color has-text-color has-medium-font-size wp-block-paragraph\">2. \u00cen cadrul consult\u0103rilor din ultimele zile cu Administra\u0163ia de la Washington, guvernele Angliei, Fran\u0163ei, Republicii Federale Germane \u015fi Italiei au insistat pentru:<\/p>\n\n\n\n<p class=\"has-black-color has-text-color has-medium-font-size wp-block-paragraph\">\u2013 evitarea adopt\u0103rii de c\u0103tre SUA \u015fi URSS a unor hot\u0103r\u00e2ri definitive referitoare la modificarea echilibrului militar din Europa, f\u0103r\u0103 consultarea prealabil\u0103 \u015fi consim\u0163\u0103m\u00e2ntul \u0163\u0103rilor vest-europene;<\/p>\n\n\n\n<p class=\"has-black-color has-text-color has-medium-font-size wp-block-paragraph\">\u2013 realizarea treptat\u0103 a reducerii armamentelor \u015fi efectivelor dislocate \u00een Europa, urm\u00e2nd ca problema unor diminu\u0103ri semnificative s\u0103 fie analizat\u0103 numai dup\u0103 ce vor exista garan\u0163ii certe c\u0103 URSS este dispus\u0103 s\u0103 renun\u0163e la for\u0163a sa militar\u0103;<\/p>\n\n\n\n<p class=\"has-black-color has-text-color has-medium-font-size wp-block-paragraph\">\u2013 respectarea de c\u0103tre SUA a \u00een\u0163elegerilor convenite anterior cu statele vest-europene, ca fiecare dintre acestea s\u0103 aib\u0103 un rol sporit \u00een influen\u0163area situa\u0163iei din Europa de Est, astfel \u00eenc\u00e2t s\u0103-\u015fi asigure promovarea propriilor interese pe termen lung \u00een aceast\u0103 zon\u0103. Fran\u0163a \u015fi Anglia au solicitat totodat\u0103 ca, \u00een perspectiva construirii unei confedera\u0163ii a celor dou\u0103 state germane, s\u0103 se previn\u0103 deplasarea centrului de putere din Europa c\u0103tre Germania unificat\u0103, precum \u015fi o polarizare politico-economic\u0103 \u015fi chiar militar\u0103 \u00eentre aceasta \u015fi URSS. De genul celei existente \u00eenaintea celui de-Al Doilea R\u0103zboi Mondial.\u201c<\/p>\n\n\n\n<p class=\"has-black-color has-text-color has-medium-font-size wp-block-paragraph\">Un raport care ar fi trebuit s\u0103-l pun\u0103 pe g\u00e2nduri pe Nicolae Ceau\u015fescu. F\u0103cut cu o precizie aproape chirurgical\u0103, din care dictatorul rom\u00e2n ar fi trebuit s\u0103 trag\u0103 anumite concluzii. Ce a urmat \u00eencerc\u0103m s\u0103 afl\u0103m de la generalul-colonel Iulian N. Vlad, \u00een interviul de mai jos.<\/p>\n\n\n\n<figure class=\"wp-block-image size-full\"><img loading=\"lazy\" decoding=\"async\" width=\"627\" height=\"428\" src=\"https:\/\/desteptati-va.ro\/wp-content\/uploads\/2022\/03\/GorbiCeaus.jpg\" alt=\"\" class=\"wp-image-4782\"\/><figcaption>Gorbaciov si Ceausescu, vizita la Bucuresti<\/figcaption><\/figure>\n\n\n\n<p class=\"wp-block-paragraph\">Mihail Gorbaciov \u015fi Nicolae Ceau\u015fescu, z\u00e2mbitori, dar distan\u0163i FOTO AP<\/p>\n\n\n\n<p class=\"has-black-color has-text-color has-medium-font-size wp-block-paragraph\">\u201eWeekend Adev\u0103rul\u201c: \u00cencepem de la un moment-cheie: celebra \u00eent\u00e2lnire din Malta, din 2-3 decembrie 1989, dintre Mihail Sergheievici Gorbaciov \u015fi George Bush tat\u0103l. Fabulos mi se pare c\u0103 raportul semnat de dumneavoastr\u0103, raport olograf, semnat \u015fi parafat de generalul Iulian Vlad, \u015feful Departamentului Securit\u0103\u0163ii Statului, adresat pre\u015fedintelui Rom\u00e2niei Nicolae Ceau\u015fescu, privind problemele ce urmau a fi abordate \u00een cadrul \u00eent\u00e2lnirii de la Malta. Anun\u0163a\u0163i \u00een raport inclusiv reunificarea Germaniei, inclusiv c\u0103 exist\u0103 un acord \u00eentre cele dou\u0103 puteri pentru a redefini sferele de influen\u0163\u0103. A ajuns acest raport la el? De ce n-a f\u0103cut nimic?<\/p>\n\n\n\n<p class=\"has-black-color has-text-color has-medium-font-size wp-block-paragraph\">Generalul-colonel Iulian N. Vlad: Rapoartele de acest fel \u00eentotdeauna i le \u00eenm\u00e2nam personal. Erau mai multe modalit\u0103\u0163i pe care le utilizam \u00een informarea \u015fefului statului, de la inform\u0103rile verbale, \u00een chestiuni care necesitau o maxim\u0103 urgen\u0163\u0103, apoi erau inform\u0103rile care se f\u0103ceau prin buletinele de informa\u0163ii, cum se fac de fapt peste tot, \u015fi erau aceste note, rapoarte olografe, care aveau drept obiect probleme dintre cele mai importante \u015fi asupra c\u0103rora era necesar ca \u015feful statului s\u0103 reflecteze. Era, deci, un sistem care devenise o regul\u0103 \u015fi a func\u0163ionat f\u0103r\u0103 repro\u015f.<\/p>\n\n\n\n<p class=\"has-medium-font-size wp-block-paragraph\"><a href=\"http:\/\/adevarul.ro\/news\/eveniment\/iulian-vlad-fostul-sef-securitatii-nicolae-ceausescu-aveam-sistem-informare-functionat-repros-8_566ae0577d919ed50e1eea56\/index.html\">Iulian Vlad, fostul \u015fef al Securit\u0103\u0163ii lui Nicolae Ceau\u015fescu: \u201dAveam un sistem de informare care a func\u0163ionat f\u0103r\u0103 repro\u015f\u201d<\/a><\/p>\n\n\n\n<p class=\"has-vivid-red-color has-cyan-bluish-gray-background-color has-text-color has-background has-medium-font-size wp-block-paragraph\">F\u0103r\u0103 repro\u015f ca sistem. Dar ca finalitate?<\/p>\n\n\n\n<p class=\"has-black-color has-text-color has-medium-font-size wp-block-paragraph\">Este o chestiune pe care trebuie s\u0103 o discut\u0103m de principiu. Institu\u0163ia pe care am condus-o eu, la fel ca toate celelalte de acest fel existente \u00een lume, avea datoria s\u0103 culeag\u0103 informa\u0163ii care s\u0103 priveasc\u0103 interesele statului. Informa\u0163ii care s\u0103 contribuie la ap\u0103rarea \u0163\u0103rii, s\u0103 previzioneze eventual evenimente. Dar hot\u0103r\u00e2rile \u00een baza acestor informa\u0163ii le ia cel care este \u00eendrituit s\u0103 o fac\u0103 \u2013 pre\u015fedintele, adic\u0103 \u015feful statului, sau guvernul.<\/p>\n\n\n\n<p class=\"has-vivid-red-color has-text-color has-medium-font-size wp-block-paragraph\">Aici era vorba despre schimbarea paradigmei politice \u00een lume. De ce nu a reac\u0163ionat?<\/p>\n\n\n\n<p class=\"has-black-color has-text-color has-medium-font-size wp-block-paragraph\">Au fost informa\u0163ii \u2013 acesta este numai un exemplu, dar au fost \u015fi alte rapoarte cu informa\u0163ii foarte importante \u015fi de stringent\u0103 actualitate. Din p\u0103cate, \u00een unele cazuri nu au fost luate \u00een calcul. Ar fi absurd s\u0103 calific un mod sau altul de a fi fost tratate, dar cert este c\u0103 ele nu s-au finalizat a\u015fa cum ar fi trebuit. Problema trebuie s-o vedem \u00een ansamblul st\u0103rilor de lucruri care existau la acea dat\u0103 \u015fi mai cu seam\u0103 la cele care se prefigurau. Pentru c\u0103 erau limpezi \u015fi pentru oameni mai pu\u0163in informa\u0163i sau care s\u0103 nu fi operat cu asemenea instrumente s\u0103-\u015fi dea seama c\u0103 se petrece ceva grav \u00een lume. At\u00e2t c\u00e2t se putea informa rom\u00e2nul la vremea aceea \u015fi, din p\u0103cate se informa pu\u0163in, pentru c\u0103 posibilit\u0103\u0163ile lui de informare erau limitate. Ceau\u015fescu n-a ie\u015fit s\u0103 fac\u0103 declara\u0163ii pe baza informa\u0163iilor pe care le-a primit. Trebuia s\u0103 ac\u0163ioneze \u00eentr-un fel sau altul. Cum? E foarte greu de spus.&nbsp;<\/p>\n\n\n\n<p class=\"has-black-color has-text-color has-medium-font-size wp-block-paragraph\">Pot s\u0103 v\u0103 spun \u00eens\u0103 c\u0103 Ceau\u015fescu se ar\u0103tase de mai mult timp a fi mai pu\u0163in receptiv. Cred c\u0103 \u00een timpul acela, realmente, era dep\u0103\u015fit de situa\u0163ie. Ceau\u015fescu pierduse atunci alia\u0163ii poate cei mai importan\u0163i \u00een care cu siguran\u0163\u0103 c\u0103 avusese \u00eencredere.<\/p>\n\n\n\n<p class=\"wp-block-paragraph\"><a href=\"http:\/\/adevarul.ro\/news\/eveniment\/iulian-vlad-fostul-sef-securitatiiceausescu-era-depasit-situatie-mai-timp-8_566ae1027d919ed50e1eeee9\/index.html\">Iulian Vlad, fostul \u015fef al Securit\u0103\u0163ii:\u201dCeau\u015fescu era dep\u0103\u015fit de situa\u0163ie de mai mult timp\u201d<\/a><\/p>\n\n\n\n<p class=\"has-vivid-red-color has-cyan-bluish-gray-background-color has-text-color has-background wp-block-paragraph\">\u015ei anume?<\/p>\n\n\n\n<p class=\"has-black-color has-text-color has-medium-font-size wp-block-paragraph\">Sigur, Rom\u00e2nia, p\u00e2n\u0103 la un anumit timp, a considerat c\u0103 alia\u0163ii cei mai importan\u0163i pe care poate \u015fi trebuie s\u0103 se bizuie \u00een orice \u00eemprejurare sunt Uniunea Sovietic\u0103 \u015fi celelalte \u0163\u0103ri membre mai cu seam\u0103 ale Tratatului de la Var\u015fovia sau toate celelalte \u0163\u0103ri socialiste. \u00cen decembrie 1989, Rom\u00e2nia nu se mai putea bizui pe ap\u0103rarea Uniunii Sovietice. Ba dimpotriv\u0103. Uniunea Sovietic\u0103 proferase amenin\u0163\u0103ri la adresa Rom\u00e2niei \u00eenc\u0103 demult, de la ocuparea Cehoslovaciei. Ba chiar se luase o anumit\u0103 hot\u0103r\u00e2re atunci, dar, datorit\u0103 mai cu seam\u0103 interven\u0163iei unor prieteni pe care-i avea Rom\u00e2nia la timpul acela, Uniunea Sovietic\u0103 n-a dat curs inten\u0163iilor ce le avea \u015fi cu privire la Rom\u00e2nia.<\/p>\n\n\n\n<p class=\"wp-block-paragraph\">Prietenii Rom\u00e2niei: De Gaulle, China \u015fi SUA<\/p>\n\n\n<div class=\"wp-block-image\">\n<figure class=\"aligncenter size-full is-resized\"><img loading=\"lazy\" decoding=\"async\" src=\"https:\/\/desteptati-va.ro\/wp-content\/uploads\/2022\/03\/DeGaule.jpg\" alt=\"\" class=\"wp-image-4777\" width=\"476\" height=\"674\"\/><\/figure>\n<\/div>\n\n\n<p class=\"has-white-background-color has-background has-small-font-size wp-block-paragraph\"><img loading=\"lazy\" decoding=\"async\" width=\"627\" height=\"888\" src=\"\" alt=\"http:\/\/adevarul.ro\/assets\/adevarul.ro\/MRImage\/2015\/12\/18\/5673fb4137115986c6916ad0\/627x0.jpg\"><\/p>\n\n\n\n<p class=\"has-white-background-color has-background has-medium-font-size wp-block-paragraph\">Care erau acei prieteni \u00een epoca Cehoslovacia?<\/p>\n\n\n\n<p class=\"has-black-color has-text-color has-medium-font-size wp-block-paragraph\">Este foarte important acest lucru. Cel mai prompt dintre prietenii de atunci ai Rom\u00e2niei, care a intervenit la foarte scurt\u0103 vreme \u015fi interven\u0163ia a fost foarte oportun\u0103, a fost China. Guvernul chinez atunci a declarat deschis c\u0103, \u00een cazul \u00een care Uniunea Sovietic\u0103 intr\u0103 \u00een Rom\u00e2nia \u2013 ocupase deja Cehoslovacia \u2013, China va p\u0103trunde pe teritoriul sovietic. Prin Manciuria \u015fi prin alte p\u0103r\u0163i. \u00cen al doilea r\u00e2nd, un mare prieten al Rom\u00e2niei a fost generalul De Gaulle. Am avut prilejul s\u0103-i fiu \u00een apropiere mai cu seam\u0103 \u00een timpul vizitei pe care a f\u0103cut-o \u00een Rom\u00e2nia. \u015ei am fost al\u0103turi de \u015feful statului rom\u00e2n \u015fi de \u015feful statului francez \u00een drumurile pe care le-a f\u0103cut \u00een \u0163ar\u0103 \u015fi am ascultat care au fost sfaturile pe care De Gaulle i le-a dat lui Ceau\u015fescu. \u015ei \u00een al treilea r\u00e2nd, declara\u0163ia pre\u015fedintelui Johnson (n.r. \u2013 pre\u015fedintele SUA Lyndon B. Johnson), care, de asemenea, a aten\u0163ionat ferm c\u0103, \u00een cazul \u00een care Uniunea Sovietic\u0103 intr\u0103 \u00een Rom\u00e2nia, Statele Unite ale Americii vor ac\u0163iona \u00een consecin\u0163\u0103.<\/p>\n\n\n\n<p class=\"has-vivid-cyan-blue-color has-text-color wp-block-paragraph\"><a href=\"http:\/\/adevarul.ro\/news\/eveniment\/iulian-vlad-fost-sef-securitatiiam-avut-prilejul-sa-i-fiu-aproape-generalului-gaulle-era-mare-prieten-romaniei-8_566ae21f7d919ed50e1ef4c9\/index.html\">Iulian Vlad, fost \u015fef al Securit\u0103\u0163ii:\u201dAm avut prilejul s\u0103-i fiu aproape generalului De Gaulle. Era un mare prieten al Rom\u00e2niei\u201d<\/a><\/p>\n\n\n\n<p class=\"has-black-color has-text-color has-medium-font-size wp-block-paragraph\">Revin la raportul din 1 decembrie 1989. A\u0163i spus acolo ceva care m\u0103 leag\u0103 direct de povestea dumneavoastr\u0103. Atunci am avut ace\u015fti alia\u0163i, printre care Statele Unite. \u00cen schimb, dumneavoastr\u0103 spunea\u0163i \u00een raport citez: \u201eCu privire la \u0163ara noastr\u0103, Bush va releva c\u0103 statele membre ale&nbsp;NATO vor continua aplicarea de restric\u0163ii \u00een rela\u0163iile lor cu Rom\u00e2nia \u015fi va solicita ca \u015fi URSS s\u0103 ac\u0163ioneze \u00een mod similar, mai ales prin reducerea livr\u0103rilor sovietice de \u0163i\u0163ei, gaz metan \u015fi minereu de fier\u201c. Avertisment direct de r\u0103zboi.<\/p>\n\n\n\n<p class=\"has-black-color has-text-color has-medium-font-size wp-block-paragraph\">Rom\u00e2nia avea foarte mare nevoie de importurile acestea care se f\u0103ceau din URSS. \u015ei deci sfatul pre\u015fedintelui Americii pentru partea sovietic\u0103 era s\u0103 ac\u0163ioneze \u00een consecin\u0163\u0103 \u015fi s\u0103 constr\u00e2ng\u0103 Rom\u00e2nia s\u0103 cedeze \u00eentr-un fel sau altul. Ceau\u015fescu a f\u0103cut o gre\u015feal\u0103 politico-diplomatic\u0103 important\u0103. El a denun\u0163at unilateral clauza na\u0163iunii celei mai favorizate, pe care America o oferise Rom\u00e2niei. Adic\u0103 \u00een rela\u0163iile economice se lucra conform prevederilor acestei clauze. America s-a sim\u0163it ofensat\u0103 \u015fi probabil c\u0103 Ceau\u015fescu n-a intuit c\u00e2t de grave ar putea s\u0103 fie urm\u0103rile \u015fi \u00een plan politic. Pentru c\u0103, \u00een plan economic, \u00eentr-adev\u0103r: ai renun\u0163at la ni\u015fte avantaje pe care \u0163i le oferea aceast\u0103 clauz\u0103. Dar \u00een plan politic, pierderile erau cu mult mai mari.<\/p>\n\n\n\n<p class=\"wp-block-paragraph\">Mihail Gorbaciov c\u0103tre Ceau\u015fescu: \u201eS\u0103 mai tr\u0103im p\u00e2n\u0103 la 9 ianuarie\u201c<\/p>\n\n\n<div class=\"wp-block-image\">\n<figure class=\"aligncenter size-full\"><img loading=\"lazy\" decoding=\"async\" width=\"627\" height=\"458\" src=\"https:\/\/desteptati-va.ro\/wp-content\/uploads\/2022\/03\/VizitaGorbaceov.jpg\" alt=\"\" class=\"wp-image-4787\"\/><\/figure>\n<\/div>\n\n\n<p class=\"wp-block-paragraph\">Cei doi lideri, al\u0103turi de so\u0163iile lor, Elena (st\u00e2nga) \u015fi Raisa FOTO AFP<\/p>\n\n\n\n<p class=\"has-black-color has-text-color has-medium-font-size wp-block-paragraph\">Crede\u0163i c\u0103, \u00een negocierile de la Malta, Rom\u00e2nia a fost dezavantajat\u0103, pe o pozi\u0163ie slab\u0103, de \u0163int\u0103?<\/p>\n\n\n\n<p class=\"has-black-color has-text-color has-medium-font-size wp-block-paragraph\">Nu, Rom\u00e2nia era deja condamnat\u0103. \u015eefii statelor, c\u00e2nd se \u00eent\u00e2lnesc s\u0103 ia ni\u015fte decizii au deja hot\u0103r\u00e2rile preg\u0103tite. \u015ei preg\u0103tirea se face la alte niveluri, iar acolo doar se consfin\u0163esc. Pentru Rom\u00e2nia ce mai urma? Pentru c\u0103 se r\u0103sturnaser\u0103 deja ni\u015fte regimuri. C\u0103deau ca un castel de c\u0103r\u0163i de joc: unul dup\u0103 altul. A\u015fa a fost \u00een luna decembrie 1989\u2026 A fost o lun\u0103 a r\u0103sturn\u0103rilor, a pr\u0103bu\u015firii sistemului socialist.<\/p>\n\n\n\n<p class=\"has-black-color has-text-color has-medium-font-size wp-block-paragraph\">Dup\u0103 ce am v\u0103zut aceast\u0103 schimbare care condamna Rom\u00e2nia la o trecere violent\u0103 de putere, \u00een lipsa unei \u00een\u0163elegeri minimale din partea lui Nicolae Ceau\u015fescu, v\u0103 propun s\u0103 ne referim la discu\u0163iile de la Moscova dup\u0103 summitul de la Malta. Cine f\u0103cea parte din delega\u0163ie al\u0103turi de Nicolae Ceau\u015fescu?<\/p>\n\n\n\n<p class=\"has-black-color has-text-color has-medium-font-size wp-block-paragraph\">\u00cenainte de a v\u0103 da r\u0103spuns la aceast\u0103 \u00eentrebare, trebuie s\u0103 v\u0103 spun c\u0103 \u00een 1989, \u00een \u00eemprejur\u0103rile date, apropo de ceea ce se \u00eent\u00e2mplase \u00een timpul \u00een care Uniunea Sovietic\u0103 a cucerit Cehoslovacia, iar Rom\u00e2nia a primit acel sprijin generos din partea a trei mari puteri, Nicolae Ceau\u015fescu nu mai era una \u015fi aceea\u015fi persoan\u0103. Nu e vorba numai de ceea ce se poate \u00eent\u00e2mpla odat\u0103 cu trecerea anilor. Ceau\u015fescu era aproape complet schimbat.<\/p>\n\n\n\n<p class=\"has-black-color has-text-color has-medium-font-size wp-block-paragraph\">\u201eCeu\u015fescu era un om aproape istovit\u201c<\/p>\n\n\n\n<p class=\"has-vivid-red-color has-cyan-bluish-gray-background-color has-text-color has-background has-medium-font-size wp-block-paragraph\">\u00cen ce sens?<\/p>\n\n\n\n<p class=\"has-black-color has-text-color has-medium-font-size wp-block-paragraph\">Chiar \u00een cursul anului 1989, din prim\u0103var\u0103, am observat c\u0103 Ceau\u015fescu nu se mai putea concentra, a\u015fa cum \u00eel \u015ftiam. Memoria lui Ceau\u015fescu, care era prodigioas\u0103, nu mai func\u0163iona ca alt\u0103dat\u0103. Ra\u0163ionamentele nu mai erau \u00eentotdeauna puternic logice. Deci la Ceau\u015fescu, randamentul \u00een munc\u0103 sc\u0103zuse foarte serios. Obosise. Era un om aproape istovit. Dar, vede\u0163i dumneavoastr\u0103, dorin\u0163a de putere pentru unii&#8230; Oric\u00e2t de osteni\u0163i ar fi, se \u0163in de ea, o \u0163in str\u00e2ns \u00een bra\u0163e \u015fi nu o las\u0103 dec\u00e2t atunci c\u00e2nd sunt obliga\u0163i s-o fac\u0103. Sunt rarisime cazurile \u00een istorie c\u00e2nd cineva a de\u0163inut at\u00e2ta putere \u015fi s\u0103 fi renun\u0163at la ea de bun\u0103voie.<\/p>\n\n\n\n<p class=\"wp-block-paragraph\"><a href=\"http:\/\/adevarul.ro\/news\/eveniment\/iulian-vlad-fostul-sef-securitatii-din-primavara-1989-ceausescu-nu-mai-putea-concentra-rationamentele-nu-mai-erau-logice-era-om-obosit-8_566ae2bf7d919ed50e1ef7e8\/index.html\">Iulian Vlad, fostul \u015fef al Securit\u0103\u0163ii: \u201dDin prim\u0103vara lui 1989, Ceau\u015fescu nu se mai putea concentra. Ra\u0163ionamentele nu mai erau logice. Era un om obosit\u201d<\/a><\/p>\n\n\n\n<p class=\"has-vivid-red-color has-cyan-bluish-gray-background-color has-text-color has-background has-medium-font-size wp-block-paragraph\">Ce s-a \u00eent\u00e2mplat la Moscova?<\/p>\n\n\n\n<p class=\"has-black-color has-text-color has-medium-font-size wp-block-paragraph\">Cred c\u0103 ceea ce s-a comunicat, \u00een general, despre ceea ce s-a \u00eent\u00e2mplat la Moscova a fost corect. Acolo s-au prezentat, cu excep\u0163ia lui Ceau\u015fescu, noii conduc\u0103tori ai partidelor comuniste din \u0163\u0103rile socialiste.<\/p>\n\n\n\n<p class=\"has-black-color has-text-color has-medium-font-size wp-block-paragraph\">Este adev\u0103rat c\u0103 \u00een stenograma discu\u0163iilor este acest paragraf \u2013 Gorbaciov c\u0103tre Ceau\u015fescu: \u201eVe\u0163i mai tr\u0103i p\u00e2n\u0103 la 9 ianuarie?\u201c?<\/p>\n\n\n\n<p class=\"has-black-color has-text-color has-medium-font-size wp-block-paragraph\">Nu chiar a\u015fa! S-a spus, mai degrab\u0103, astfel: \u201eS\u0103 mai tr\u0103im p\u00e2n\u0103 la 9 ianuarie \u015fi dup\u0103 aceea o s\u0103 mai vedem\u201c. Pentru c\u0103 Ceau\u015fescu plecase la Moscova \u2013 \u015fi asta e foarte important \u2013 cu scopul de a discuta probleme de natur\u0103 economic\u0103, de aceea \u00eel luase \u00een delega\u0163ie \u015fi pe primul-ministru. Era \u00eentotdeauna preocupat de aceste probleme peste tot pe unde a mers.<\/p>\n\n\n\n<p class=\"wp-block-paragraph\"><a href=\"http:\/\/adevarul.ro\/news\/eveniment\/iulian-vlad-fostul-sef-securitatii-gorbaciov-stia-ceausescu-n-o-prinda-primavara-s-au-acuzat-reciproc-intr-o-noapte-masa-8_566ae34f7d919ed50e1efca9\/index.html\">Iulian Vlad, fostul \u015fef al Securit\u0103\u0163ii: \u201dGorbaciov \u015ftia c\u0103 Ceau\u015fescu n-o s\u0103 prind\u0103 prim\u0103vara. S-au acuzat reciproc \u00eentr-o noapte, la o mas\u0103\u201d<\/a><\/p>\n\n\n\n<p class=\"has-vivid-red-color has-cyan-bluish-gray-background-color has-text-color has-background has-medium-font-size wp-block-paragraph\">Dar ce era cu acest 9 ianuarie?<\/p>\n\n\n\n<p class=\"has-black-color has-text-color has-medium-font-size wp-block-paragraph\">Putem trage concluzia c\u0103 probabil Gorbaciov \u015ftia c\u0103 Ceau\u015fescu n-o s\u0103 mai prind\u0103 luna ianuarie. Procesul lui Ceau\u015fescu a avut trei etape. Prima etap\u0103 a procesului lui Ceau\u015fescu s-a produs \u00een vara anului 1989, la vila care se construise pentru Alexandru Dr\u0103ghici, dar \u00een care Dr\u0103ghici n-a stat nicio zi. Pentru c\u0103 rela\u0163iile dintre ei doi se deterioraser\u0103. Ini\u0163ial fuseser\u0103 at\u00e2t de bune, \u00eenc\u00e2t \u00ee\u015fi f\u0103cuser\u0103 casele unul l\u00e2ng\u0103 cel\u0103lalt. Din aceast\u0103 vil\u0103 s-a f\u0103cut o cas\u0103 de oaspe\u0163i de nivel \u00eenalt \u015fi acolo, atunci c\u00e2nd a venit Gorbaciov \u00een vizit\u0103, \u00een luna mai, dac\u0103-mi amintesc exact, s-a dat un dineu privat. O mas\u0103 de sear\u0103, la care au participat \u015fi so\u0163iile. Dar n-a mai fost mas\u0103. A fost un proces.<\/p>\n\n\n\n<p class=\"has-vivid-red-color has-cyan-bluish-gray-background-color has-text-color has-background has-medium-font-size wp-block-paragraph\">Adic\u0103?<\/p>\n\n\n\n<p class=\"has-black-color has-text-color has-medium-font-size wp-block-paragraph\">Adic\u0103 s-au acuzat unul pe cel\u0103lalt \u015fi \u015fi-au spus, cred, tot ce-au avut pe suflet. Cu alte cuvinte, dup\u0103 p\u0103rerea mea, soarta lui Ceau\u015fescu fusese mai dinainte hot\u0103r\u00e2t\u0103. Dar atunci, \u00een noaptea aceea de discu\u0163ii foarte aprinse, Ceau\u015fescu i-a spus lui Gorbaciov de la obraz o mul\u0163ime de lucruri pe care el a considerat c\u0103 trebuie s\u0103 i le spun\u0103. \u015ei invers, a\u015fa \u00eenc\u00e2t lucrurile cred c\u0103 s-au l\u0103murit atunci definitiv \u00eentre cei doi. \u00cent\u00e2lnirea de la Moscova a fost mai mult sau mai pu\u0163in o formalitate. Dar cred c\u0103 prin acea exprimare, Gorbaciov a anun\u0163at, de fapt, sentin\u0163a de condamnare a lui Ceau\u015fescu.<\/p>\n\n\n\n<p class=\"has-black-color has-text-color has-medium-font-size wp-block-paragraph\">A\u0163i spus c\u0103 \u00een var\u0103 a fost prima etap\u0103. A doua etap\u0103?<\/p>\n\n\n\n<p class=\"has-black-color has-text-color has-medium-font-size wp-block-paragraph\">La Moscova!<\/p>\n\n\n\n<p class=\"has-black-color has-text-color has-medium-font-size wp-block-paragraph\">\u015ei a treia etap\u0103 la T\u00e2rgovi\u015fte&#8230;<\/p>\n\n\n\n<p class=\"has-black-color has-text-color has-medium-font-size wp-block-paragraph\">A treia etap\u0103 a fost de fapt punerea \u00een executare a sentin\u0163ei. La T\u00e2rgovi\u015fte s-a judecat un proces? Nu! Acolo s-a pus \u00een aplicare o sentin\u0163\u0103.<\/p>\n\n\n\n<p class=\"has-black-color has-text-color has-medium-font-size wp-block-paragraph\">Dat\u0103 de cine?<\/p>\n\n\n\n<p class=\"has-black-color has-text-color has-medium-font-size wp-block-paragraph\">Formal, de Tribunalul acela instituit.<\/p>\n\n\n\n<p class=\"has-black-color has-text-color has-medium-font-size wp-block-paragraph\">Informal?<\/p>\n\n\n\n<p class=\"has-black-color has-text-color has-medium-font-size wp-block-paragraph\">Informal deja se \u015ftia, fusese rostit\u0103 chiar de Gorbaciov.<\/p>\n\n\n\n<p class=\"has-black-color has-text-color has-medium-font-size wp-block-paragraph\">\u201eI-am propus lui Milea s\u0103-l indisponibiliz\u0103m pe Ceau\u015fescu\u201c<\/p>\n\n\n<div class=\"wp-block-image\">\n<figure class=\"aligncenter size-full is-resized\"><img loading=\"lazy\" decoding=\"async\" src=\"https:\/\/desteptati-va.ro\/wp-content\/uploads\/2022\/03\/SoldatiRevol.jpg\" alt=\"\" class=\"wp-image-4786\" width=\"718\" height=\"471\"\/><\/figure>\n<\/div>\n\n\n<p class=\"wp-block-paragraph\">Decembrie 1989, trupele \u00eenarmate ale Armatei \u015fi MAI erau scoase pe str\u0103zi pentru a men\u0163ine ordinea FOTO Mediafax<\/p>\n\n\n\n<p class=\"has-black-color has-text-color has-medium-font-size wp-block-paragraph\">\u201eWeekend Adev\u0103rul\u201c: \u00centr-o carte care se nume\u015fte \u201eRevolu\u0163ia rom\u00e2n\u0103 din Decembrie 1989 retr\u0103it\u0103 prin documente \u015fi m\u0103rturii\u201c, autori Constantin Sava \u015fi Constantin Monac, se reproduce o declara\u0163ie a dumneavoastr\u0103 despre evenimentele zilei de 21 decembrie. Declara\u0163ia a fost dat\u0103 la 19 octombrie 2003 \u00een fa\u0163a Comisiei pentru Cercetarea Evenimentelor din Decembrie 1989. Citez: \u201e\u00cen acea sear\u0103, 21 decembrie, i-am propus lui Milea s\u0103-l arest\u0103m pe Ceau\u015fescu. Redau \u00eenc\u0103 o dat\u0103 c\u0103 de ceea ce se \u00eent\u00e2mpl\u0103 azi \u00een \u0163ar\u0103, ca s\u0103 se pun\u0103 cap\u0103t, numai d\u00e2nsul \u015fi cu mine suntem \u00een stare s\u0103 rezolv\u0103m problema. \u00abDumneavoastr\u0103 ave\u0163i for\u0163a de afar\u0103, iar eu \u2013 \u00een interior\u00bb. Mi-a spus clar: \u00abDragul meu, nu pot, nu mai sunt \u00een stare\u00bb. Pute\u0163i pune baz\u0103 pe ce spun sau nu. Nu am cum s\u0103 probez\u201c. Corect\u0103 redarea?<\/p>\n\n\n\n<p class=\"has-black-color has-text-color has-medium-font-size wp-block-paragraph\">Generalul-colonel Iulian N. Vlad: \u00cen genere, corect\u0103.<\/p>\n\n\n\n<p class=\"has-black-color has-text-color has-medium-font-size wp-block-paragraph\">Era, \u00eentr-adev\u0103r, vorba de arestare?<\/p>\n\n\n\n<p class=\"has-black-color has-text-color has-medium-font-size wp-block-paragraph\">Nu. Milea se \u00eentorsese din strad\u0103. Dar trebuie s\u0103 v\u0103 spun, mai \u00eenainte, altceva, foarte important. Dup\u0103 spargerea mitingului din ziua de 21, Ceau\u015fescu a fost foarte afectat. Bine\u00een\u0163eles, era sup\u0103rat pe to\u0163i cei care \u00eentr-o form\u0103 sau alta avuseser\u0103 atribu\u0163ii privind organizarea mitingului \u015fi asigurarea m\u0103surilor de ordine, de securitate&#8230; Eu n-am fost prezent atunci la Comitetul Central \u015fi respectiv la miting. Pentru c\u0103 numisem \u015fef al comandamentului pentru m\u0103surile de securitate un adjunct al meu, pe generalul Bucurescu. Eu r\u0103m\u0103sesem la minister. Era indispensabil\u0103 prezen\u0163a mea acolo, pentru c\u0103 \u0163ara era \u00een clocot. Se sp\u0103rsese mitingul. Aici nu era dec\u00e2t un fragment, un focar. Dar peste tot \u00een \u0163ar\u0103 erau probleme foarte grave. La Cugir muriser\u0103 deja oameni&#8230; \u00cen mai multe locuri din \u0163ar\u0103 se produceau evenimente foarte grave. Am fost chemat imediat dup\u0103 ce s-a spart mitingul ca s\u0103 m\u0103 prezint la Comitetul Central, pentru c\u0103 Ceau\u015fescu va constitui un comandament. Un comandament care s\u0103 asigure m\u0103surile necesare. Ministrul de Interne, Postelnicu, m-a sunat. I-am spus c\u0103 nu pot s\u0103 plec. S-a \u0163inut, bine\u00een\u0163eles, \u015fedin\u0163a \u015fi a fost numit comandamentul. Ceau\u015fescu s-a numit \u00een fruntea comandamentului, pe Milea l-a numit loc\u0163iitor, pe Postelnicu \u015fi pe Vlad i-a inclus \u00een acest comandament, de asemenea \u015fi pe Silviu Curticeanu, secretar al Comitetului Central, \u015fi pe \u015feful Statului Major al G\u0103rzilor Patriotice. Dup\u0103 aceea, l-a chemat pe Milea \u015fi i-a ordonat s\u0103 preia comanda ac\u0163iunilor din Bucure\u015fti. \u00cenainte de a pleca pe teren, \u00een Bucure\u015fti, unde a participat din nefericire p\u00e2n\u0103 la cap\u0103t, Milea m-a sunat de c\u00e2teva ori. M-a rugat s\u0103 ajung neap\u0103rat la Comitetul Central. I-am spus cu ce probleme m\u0103 confrunt la minister. Eu eram \u00een raporturi apropiate cu Milea. \u015ei spune: \u201eV\u0103 rog, veni\u0163i! Am nevoie s\u0103 veni\u0163i. Doresc s\u0103 ne sf\u0103tuim\u201c.<\/p>\n\n\n\n<p class=\"wp-block-paragraph\"><a href=\"http:\/\/adevarul.ro\/news\/eveniment\/iulian-vlad-fostul-sef-securitatii-dupa-spargerea-mitingului-21-decembrie-ceausescu-era-foarte-suparat--8_566ae35f7d919ed50e1efda8\/index.html\">Iulian Vlad, fostul \u015fef al Securit\u0103\u0163ii: \u201dDup\u0103 spargerea mitingului din 21 decembrie Ceau\u015fescu era foarte sup\u0103rat\u201d&nbsp;<\/a><\/p>\n\n\n<div class=\"wp-block-image\">\n<figure class=\"aligncenter size-full\"><img loading=\"lazy\" decoding=\"async\" width=\"627\" height=\"909\" src=\"https:\/\/desteptati-va.ro\/wp-content\/uploads\/2022\/03\/ProcesVlad.jpg\" alt=\"\" class=\"wp-image-4784\"\/><\/figure>\n<\/div>\n\n\n<p class=\"has-black-color has-text-color has-medium-font-size wp-block-paragraph\">Milea, trimis pe teren s\u0103 fac\u0103 ordine<\/p>\n\n\n\n<p class=\"has-black-color has-text-color has-medium-font-size wp-block-paragraph\">A\u0163i cedat?<\/p>\n\n\n\n<p class=\"has-black-color has-text-color has-medium-font-size wp-block-paragraph\">V\u0103 m\u0103rturisesc c\u0103 am cedat \u015fi-am plecat la Comitetul Central. M-am \u00eent\u00e2lnit cu el. Aproape c\u0103 nici nu \u015ftiu pentru ce m-a chemat, c\u0103 de sf\u0103tuit nu ne-am sf\u0103tuit \u00een niciun fel. Pentru c\u0103 l-a chemat din nou Ceau\u015fescu \u015fi l-a \u00eentrebat, de fapt l-a tras la r\u0103spundere: \u201eDe ce mai pierzi timpul pe-aici? De ce nu te duci \u00een teren?\u201c. Deja se constituiser\u0103 baricade \u015fi alte puncte de rezisten\u0163\u0103 pe traseu. \u015ei Milea a plecat pe teren, \u00eenso\u0163it de generalul Hortopan, pe-atunci comandantul Comandamentului Infanteriei \u015fi Tancurilor, fost \u015fef al Marelui Stat Major. Ei au condus unit\u0103\u0163ile armatei p\u00e2n\u0103 t\u00e2rziu, dup\u0103 miezul nop\u0163ii, \u00een ac\u0163iunea de \u201epacificare\u201c \u00een Bucure\u015fti. Care, se \u015ftie, s-a soldat, din nefericire, cu mor\u0163i \u015fi cu r\u0103ni\u0163i. Trecuse bine de miezul nop\u0163ii. Eu m\u0103 aflam la scara C, pe strada Wilson (n.r. \u2013 actuala strad\u0103 Dem I. Dobrescu). Erau \u00een jurul meu mai mul\u0163i generali \u015fi ofi\u0163eri, inclusiv de la armat\u0103 c\u00e2nd, prin fa\u0163a sediului, prin partea dinspre Pia\u0163a Palatului, l-am v\u0103zut pe Milea venind, \u00eenso\u0163it de un grup de generali \u015fi ofi\u0163eri. C\u00e2nd m-a v\u0103zut, a venit drept la mine, m-a \u00eembr\u0103\u0163i\u015fat \u015fi a \u00eenceput s\u0103 pl\u00e2ng\u0103. M-a impresionat profund gestul lui. Aflasem ce se \u00eent\u00e2mplase pe traseu, unde fuseser\u0103&#8230; Nu \u015ftiam totul, dar o sum\u0103 de lucruri deja le cuno\u015fteam. L-am rugat s\u0103 se lini\u015fteasc\u0103 \u015fi s\u0103 mergem \u00een\u0103untru, spun\u00e2ndu-i c\u0103 nu se poate ca, \u00een fa\u0163a at\u00e2tor generali \u015fi ofi\u0163eri, el s\u0103 nu se poat\u0103 st\u0103p\u00e2ni. V\u0103 da\u0163i seama, era totu\u015fi capul armatei. L-am luat de bra\u0163 \u015fi am intrat am\u00e2ndoi \u00een sediul Comitetului Central. Ne-am a\u015fezat pe ni\u015fte fotolii \u00een fa\u0163a intr\u0103rii la Cabinetul 1. \u015eti\u0163i al cui era acest cabinet. Pe undeva, la distan\u0163\u0103, st\u0103tea, mai mult adormit, Gogu R\u0103dulescu.<\/p>\n\n\n\n<p class=\"has-black-color has-text-color has-medium-font-size wp-block-paragraph\">Milea a \u00eenceput din nou s\u0103 pl\u00e2ng\u0103 \u015fi s\u0103-mi spun\u0103 c\u0103 m\u0103 roag\u0103 s\u0103 m\u0103 v\u0103d cu so\u0163ia \u015fi fetele lui \u015fi s\u0103 le comunic c\u0103 so\u0163ul \u015fi tat\u0103l lor n-a fost un criminal. El nu din proprie ini\u0163iativ\u0103 a f\u0103cut ceea ce a f\u0103cut. A primit ordin s\u0103 reprime, a primit ordin s\u0103 mearg\u0103 dup\u0103 manifestan\u0163i.<\/p>\n\n\n\n<p class=\"has-black-color has-text-color has-medium-font-size wp-block-paragraph\">\u00cen sf\u00e2r\u015fit, la un moment c\u00e2nd am crezut c\u0103 s-a mai lini\u015ftit, i-am spus a\u015fa: \u201eAm\u00e2ndoi avem ni\u015fte responsabilit\u0103\u0163i uria\u015fe. Am\u00e2ndoi dispunem de for\u0163a armat\u0103. Eu am tot ceea ce se vede \u00een sediu\u201c. Aveam acolo aproape toate efectivele Direc\u0163iei de Securitate \u015fi Gard\u0103, cu excep\u0163ia celor care erau \u00een posturile de paz\u0103 \u015fi securitate la diverse obiective. Erau c\u00e2teva sute de oameni cu tot armamentul de lupt\u0103 asupra lor.<\/p>\n\n\n\n<p class=\"wp-block-paragraph\"><a href=\"http:\/\/adevarul.ro\/news\/eveniment\/iulian-vlad-fostul-sef-securitatii-generalul-milea-inceput-planga-m-a-rugat-spun-sotiei-fetei-n-a-fost-criminal-8_566ae52d7d919ed50e1f086a\/index.html\">Iulian Vlad, fostul \u015fef al Securit\u0103\u0163ii: \u201dGeneralul Milea a \u00eenceput s\u0103 pl\u00e2ng\u0103 \u015fi m-a rugat s\u0103 \u00eei spun so\u0163iei \u015fi fetei c\u0103 n-a fost un criminal\u201d<\/a><\/p>\n\n\n\n<p class=\"has-black-color has-text-color has-medium-font-size wp-block-paragraph\">To\u0163i ace\u015ftia erau \u00een Comitetul Central?<\/p>\n\n\n\n<p class=\"has-black-color has-text-color has-medium-font-size wp-block-paragraph\">Pe culoare, la u\u015fi, \u00een puncte strategice. I-am spus: \u201eDumneavoastr\u0103 ave\u0163i ceea ce se vede cu ochiul liber afar\u0103. Ave\u0163i tancuri, taburi \u015fi piese de artilerie. Noi suntem, de fapt, cei care trebuie s\u0103 hot\u0103r\u00e2m ce facem. Care va fi decizia noastr\u0103?\u201c. Nu mi-a dat r\u0103spuns. Adev\u0103rul e c\u0103 era pr\u0103bu\u015fit \u015fi l-am \u00een\u0163eles \u015fi-l \u00een\u0163eleg \u015fi-l voi \u00een\u0163elege \u00eentotdeauna. Dup\u0103 care i-am spus \u00eenc\u0103 o dat\u0103: \u201eDe noi va depinde \u00eentr-o mare m\u0103sur\u0103 ce se va \u00eent\u00e2mpla \u00een continuare, care va fi cursul evenimentelor. Deja dumneavoastr\u0103 a\u0163i fost implicat, bine\u00een\u0163eles, f\u0103r\u0103 voia dumneavoastr\u0103, \u00een ceea ce s-a \u00eent\u00e2mplat \u00een Capital\u0103 ast\u0103zi. Repet\u0103m?\u201c \u201eNu, nu mai repet\u0103m\u201c, a fost r\u0103spunsul lui. \u201eBun, atunci hai s\u0103 lu\u0103m o hot\u0103r\u00e2re. S\u0103-l indisponibiliz\u0103m pe Ceau\u015fescu\u201c.<\/p>\n\n\n\n<p class=\"wp-block-paragraph\"><a href=\"http:\/\/adevarul.ro\/news\/eveniment\/iulian-vlad-fostul-sef-securitatii-aveam-efectivele-directiei-securitate-garda-cateva-sute-oameni-armamentul-lupta-lor---8_566ae63e7d919ed50e1f1146\/index.html\">Iulian Vlad, fostul \u015fef al Securit\u0103\u0163ii: \u201dAveam efectivele Direc\u0163iei de Securitate \u015fi Gard\u0103, c\u00e2teva sute de oameni, cu tot armamentul de lupt\u0103 asupra lor\u201d &nbsp;<\/a><\/p>\n\n\n\n<p class=\"wp-block-paragraph\">\u201eVeni\u0163i la s\u0103li\u0163\u0103. Are loc o \u015fedin\u0163\u0103 a C.P.Ex.\u201c<\/p>\n\n\n\n<p class=\"wp-block-paragraph\">Adic\u0103?<\/p>\n\n\n\n<p class=\"has-black-color has-text-color has-medium-font-size wp-block-paragraph\">Adic\u0103 s\u0103-i lu\u0103m pe Nicolae Ceau\u015fescu \u015fi pe Elena Ceau\u015fescu \u015fi s\u0103-i ducem undeva, la unul dintre domicilii. S\u0103-i scoatem din locul \u0103sta care a generat at\u00e2ta nenorocire. \u015ei nu numai at\u00e2t, de a-i priva de posibilitatea de a conduce, de a da ordine, dispozi\u0163ii. Vreau s\u0103 precizez c\u0103 Milea a fost un militar des\u0103v\u00e2r\u015fit. S-au spus multe lucruri neadev\u0103rate despre generalul Milea \u00een ultimii 26 de ani, \u00eens\u0103 eu l-am cunoscut \u00eendeaproape \u015fi, repet, a fost un profesionist adev\u0103rat. Dup\u0103 ce i-am f\u0103cut propunerea s-a uitat la mine \u015fi mi-a spus: \u201eTovar\u0103\u015fe Vlad, nu mai pot. Nu mai sunt \u00een stare s\u0103 fac nimic\u201c. Omul acesta era deja c\u0103zut. La propriu. Era de nerecunoscut. Bine\u00een\u0163eles c\u0103 am oprit discu\u0163ia aici \u015fi i-am propus s\u0103 mearg\u0103 s\u0103 se odihneasc\u0103. Mai erau c\u00e2teva ore p\u00e2n\u0103 diminea\u0163\u0103. Eu am plecat la sediul Direc\u0163iei a V-a a Departamentului Securit\u0103\u0163ii, unde m-am preg\u0103tit pentru a reintra \u00een dispozitiv. Am primit un telefon, cred c\u0103 pe la orele 7.00, sau poate mai devreme, de la Silviu Curticeanu, secretarul CC al PCR, care mi-a comunicat: \u201eVeni\u0163i la s\u0103li\u0163\u0103. Are loc o \u015fedin\u0163\u0103 a Comitetului Politic Executiv (n.r. \u2013 C.P.Ex.)\u201c.<\/p>\n\n\n\n<p class=\"wp-block-paragraph\"><a href=\"http:\/\/adevarul.ro\/news\/eveniment\/iulian-vlad-fost-sef-securitatii-Stiam-depinde-intr-o-mare-masura-cursul-evenimentelor-zis-trebuie-sa-l-indisponibilizam-ceausescu-8_566ae6fa7d919ed50e1f150b\/index.html\">Iulian Vlad, fost \u015fef al Securit\u0103\u0163ii: \u201d\u015etiam c\u0103 de noi va depinde \u00eentr-o mare m\u0103sur\u0103 \u00een cum va fi cursul evenimentelor. Am zis c\u0103 trebuie s\u0103-l indisponibiliz\u0103m pe Ceau\u015fescu\u201d<\/a><\/p>\n\n\n\n<p class=\"has-black-color has-text-color has-medium-font-size wp-block-paragraph\">Ce era s\u0103li\u0163a?<\/p>\n\n\n\n<p class=\"has-black-color has-text-color has-medium-font-size wp-block-paragraph\">Era o sal\u0103 mai mic\u0103 de \u015fedin\u0163e din sediul CC, pe care Ceau\u015fescu o folosea de obicei ca sal\u0103 de lucru cu reprezentan\u0163i ai diferitelor institu\u0163ii. Nu era sala consacrat\u0103 \u015fedin\u0163elor Comitetului Politic Executiv. Eu nu eram membru al acestui organism, dar \u00een acele zile am fost chemat la toate \u015fedin\u0163ele sale. Postelnicu \u015fi Milea erau membri suplean\u0163i ai C.P.Ex. \u015fi participau de drept la \u015fedin\u0163\u0103.&nbsp;M-am dus la s\u0103li\u0163\u0103 \u015fi, potrivit unei \u00een\u0163elegeri pe care o avusesem mai demult cu Milea,&nbsp;i-am rezervat un loc \u00een dreapta mea.<\/p>\n\n\n\n<p class=\"has-black-color has-text-color has-medium-font-size wp-block-paragraph\">Exista o ordine anume?<\/p>\n\n\n\n<p class=\"has-black-color has-text-color has-medium-font-size wp-block-paragraph\">Nu. Generalul Milea mi-a propus la un moment dat ca, atunci c\u00e2nd suntem chema\u0163i la \u015fedin\u0163e, s\u0103 st\u0103m unul l\u00e2ng\u0103 cel\u0103lalt. Dorea s\u0103 stea l\u00e2ng\u0103 mine. Ne mai sf\u0103tuiam, mai schimbam o p\u0103rere. A\u015fa am f\u0103cut. Dup\u0103 un timp a venit Postelnicu \u015fi s-a a\u015fezat \u00een st\u00e2nga mea, dup\u0103 care au ap\u0103rut \u015fi al\u0163i membri ai C.P.Ex. \u00eentre care: Constantin D\u0103sc\u0103lescu, Gogu R\u0103dulescu, Manea M\u0103nescu, Ion Dinc\u0103, Silviu Curticeanu, Mihai Ghere, care a f\u0103cut \u015fi ni\u015fte observa\u0163ii \u00een timpul \u015fedin\u0163ei, Ion Radu, care fusese trimis pe teren, b\u0103nuiesc de Nicolae Ceau\u015fescu, s\u0103 vad\u0103 ce&nbsp;se-nt\u00e2mpl\u0103&#8230;&nbsp;<\/p>\n\n\n<div class=\"wp-block-image\">\n<figure class=\"aligncenter size-full is-resized\"><img loading=\"lazy\" decoding=\"async\" src=\"https:\/\/desteptati-va.ro\/wp-content\/uploads\/2022\/03\/GenMilea.jpg\" alt=\"\" class=\"wp-image-4779\" width=\"509\" height=\"701\"\/><figcaption>Generalul Milea<\/figcaption><\/figure>\n<\/div>\n\n\n<p class=\"has-black-color has-text-color has-medium-font-size wp-block-paragraph\">Ceau\u015fescu c\u0103tre Milea: \u201eDe ce nu mi-ai executat ordinele?\u201c<\/p>\n\n\n\n<p class=\"has-black-color has-text-color has-medium-font-size wp-block-paragraph\">\u015ei care era situa\u0163ia?<\/p>\n\n\n\n<p class=\"has-black-color has-text-color has-medium-font-size wp-block-paragraph\">Ion Radu a raportat c\u0103 a v\u0103zut c\u0103 marile uzine ale Bucure\u015ftiului se porniser\u0103 \u00een coloane c\u0103tre centru. Bucure\u015ftiul se mi\u015fca tot. Cu lozinci improvizate, rostite verbal, adaptate momentului, nu ca cele rostite la mitingul oficial, la adresa conduc\u0103torilor. A\u015fteptam s\u0103 vin\u0103 Ceau\u015fescu. \u015ei a venit. \u00cen spatele lui era Elena Ceau\u015fescu. El s-a oprit \u00een u\u015f\u0103 \u015fi, pre\u0163 de un minut, s-a uitat, mai bine zis a fixat cu privirea, cum numai el \u015ftia s\u0103 o fac\u0103, o privire care trecea prin tine, pe care o sim\u0163eai c\u0103 te p\u0103trunde, \u00een direc\u0163ia unde eram eu, Postelnicu \u015fi Milea. M\u0103rturisesc c\u0103 \u00een primul moment, am crezut c\u0103 se uit\u0103 la mine. \u015ei poate avea motive s\u0103 o fac\u0103. Probabil c\u0103 la fel a g\u00e2ndit \u015fi Postelnicu, care conducea Mili\u0163ia \u015fi alte unit\u0103\u0163i ale Ministerului de Interne \u015fi ar fi putut s\u0103 primeasc\u0103 repro\u015furi fa\u0163\u0103 de ac\u0163iunile desf\u0103\u015furate. \u00cens\u0103 acea privire \u00eei era adresat\u0103 generalului Milea. \u015ei a izbucnit, aproape \u0163ip\u00e2nd: \u201eMilea, \u0163i-am dat ordin s\u0103 aduci unitatea cutate \u015fi cutare&#8230;\u201c. \u015ei a \u00eenceput s\u0103 \u00een\u015fire un num\u0103r de unit\u0103\u0163i din \u0163ar\u0103. \u0162in s\u0103 precizez c\u0103 \u015ftia cu exactitate amplasarea pe teritoriul Rom\u00e2niei a unit\u0103\u0163ilor militare. Milea a \u00eencercat ni\u015fte r\u0103spunsuri, dar Ceau\u015fescu a continuat cu acuzele: \u201eDe ce nu mi-ai executat ordinele?\u201c. I se adresa cu un asemenea ton, cu care nu po\u0163i s\u0103-i vorbe\u015fti nici unui soldat. Nu po\u0163i s\u0103-i vorbe\u015fti a\u015fa pentru c\u0103 \u00eel jigne\u015fti, a\u015fa cum a fost jignit Milea \u00een momentele acelea. Milea avea o figur\u0103 cadaveric\u0103, era transfigurat. Era clar c\u0103 nu dormise toat\u0103 noaptea, era puternic fr\u0103m\u00e2ntat de ceea ce se \u00eent\u00e2mplase, dar \u015fi de ceea ce urma s\u0103 se \u00eent\u00e2mple, inclusiv de m\u0103surile care se vor lua \u00eempotriva lui.<\/p>\n\n\n<div class=\"wp-block-image\">\n<figure class=\"aligncenter size-full\"><img loading=\"lazy\" decoding=\"async\" width=\"627\" height=\"639\" src=\"https:\/\/desteptati-va.ro\/wp-content\/uploads\/2022\/03\/GenStanculescu.jpg\" alt=\"\" class=\"wp-image-4781\"\/><\/figure>\n<\/div>\n\n\n<p class=\"has-black-color has-text-color has-medium-font-size wp-block-paragraph\">Ce anume?<\/p>\n\n\n\n<p class=\"has-black-color has-text-color has-medium-font-size wp-block-paragraph\">O s\u0103 v\u0103 explic o anumit\u0103 situa\u0163ie care i-a amplificat starea de deterioare \u00een care se afla. Ceau\u015fescu \u00eel chemase de la Timi\u015foara pe generalul Victor St\u0103nculescu, care era prim-adjunctul lui Milea. Chemarea s-a f\u0103cut f\u0103r\u0103 \u015ftirea ministrului. \u00cen mod normal, la armat\u0103 ordinele se transmit dup\u0103 anumite reguli. Sigur mai sunt situa\u0163ii \u00een care opereaz\u0103 \u015fi excep\u0163iile. De ce fusese chemat generalul St\u0103nculescu, f\u0103r\u0103 ca Milea s\u0103 \u015ftie? Era limpede. \u015ei ceea ce s-a \u00eent\u00e2mplat peste o or\u0103 a confirmat ipoteza \u00eenlocuirii sale. Ceea ce g\u00e2ndisem eu \u00een acele momente g\u00e2ndise \u015fi Milea, \u015fi anume c\u0103 generalul St\u0103nculescu a fost chemat s\u0103-i ia locul. Milea a fost singurul care a dat ordin scris s\u0103 se trag\u0103 la Timi\u015foara, bine\u00een\u0163eles, pe baza ordinului dat de Ceau\u015fescu. A fost cel care a condus ac\u0163iunile din Bucure\u015fti. \u00cen ziua de 16 decembrie, Milea, Postelnicu \u015fi eu fusesem pu\u015fi \u00een discu\u0163ia Comitetului Politic Executiv c\u0103 n-am f\u0103cut tot ce trebuie la Timi\u015foara&#8230;<\/p>\n\n\n\n<p class=\"has-black-color has-text-color has-medium-font-size wp-block-paragraph\">\u00cei era team\u0103 c\u0103 va fi \u00eenlocuit?<\/p>\n\n\n\n<p class=\"has-black-color has-text-color has-medium-font-size wp-block-paragraph\">Nu asta era problema, c\u0103 va fi \u00eenlocuit cu generalul St\u0103nculescu. Func\u0163iile, la urma urmelor, sunt trec\u0103toare. Se g\u00e2ndea cum va r\u0103spunde pentru cele ce f\u0103cuse anterior, dac\u0103 \u00eel dec\u0103dea din aceast\u0103 demnitate chiar Ceau\u015fescu, cel care l-a pus s\u0103 fac\u0103 acele lucruri, care i-a ordonat s\u0103 le execute. Eu \u00eei iau ap\u0103rarea \u015fi chiar doresc s\u0103 fac aceasta pentru c\u0103 generalul Milea era un camarad de-al meu, \u015fi aveam acela\u015fi grad. Milea a fost un militar des\u0103v\u00e2r\u015fit, care a executat ordinele ce i s-au dat.<\/p>\n\n\n\n<p class=\"has-black-color has-text-color has-medium-font-size wp-block-paragraph\">\u201eComplot? Resping cu toat\u0103 t\u0103ria participarea la a\u015fa ceva&#8230;\u201c<\/p>\n\n\n<div class=\"wp-block-image\">\n<figure class=\"aligncenter size-full\"><img loading=\"lazy\" decoding=\"async\" width=\"627\" height=\"405\" src=\"https:\/\/desteptati-va.ro\/wp-content\/uploads\/2022\/03\/BalconCC.jpg\" alt=\"\" class=\"wp-image-4774\"\/><\/figure>\n<\/div>\n\n\n<p class=\"has-black-color has-text-color has-medium-font-size wp-block-paragraph\">21 decembrie 1989, balconul de la sediul CC, ultimul miting ceau\u015fist FOTO AFP<\/p>\n\n\n\n<p class=\"has-black-color has-text-color has-medium-font-size wp-block-paragraph\">Revenim la \u015fedin\u0163a din diminea\u0163a zilei de 22 decembrie&#8230;<\/p>\n\n\n\n<p class=\"has-black-color has-text-color has-medium-font-size wp-block-paragraph\">Tot timpul c\u00e2t a stat \u00een picioare, Milea s-a sprijinit cu m\u00e2na st\u00e2ng\u0103 de bra\u0163ul meu. Atunci c\u00e2nd Ceau\u015fescu \u00eel lovea mai puternic, cu vorba, bine\u00een\u0163eles, sim\u0163eam cum m\u0103 str\u00e2nge mai tare de m\u00e2n\u0103. C\u00e2nd i-a cerut s\u0103 plece imediat \u00een strad\u0103 \u015fi s\u0103 ia m\u0103surile ordonate pentru a stabiliza situa\u0163ia, Milea m-a str\u00e2ns foarte puternic de bra\u0163. \u00cen momentul acela, eu am crezut c\u0103 este o desc\u0103rcare fa\u0163\u0103 de presiunea la care a fost supus. \u00cens\u0103, mai t\u00e2rziu, fa\u0163\u0103 de ceea ce s-a \u00eent\u00e2mplat, am fost convins, \u015fi sunt convins, c\u0103&nbsp;Milea \u015fi-a luat r\u0103mas bun de la mine. A ie\u015fit din sala de \u015fedin\u0163e \u015fi a fost \u00eent\u00e2mpinat de maiorul-aghiotant, care era ofi\u0163erul meu. Garda demnitarilor, inclusiv a ministrului Ap\u0103r\u0103rii Na\u0163ionale, era asigurat\u0103 de Departamentul Securit\u0103\u0163ii Statului.&nbsp; Pe holul pe care se deplasa a \u00eent\u00e2lnit un c\u0103pitan-inginer de la Armat\u0103. Milea l-a chemat \u015fi i-a cerut pistolul. \u00cen mod normal, c\u0103pitanul nu avea voie s\u0103-i dea arma. Indiferent cine i-o cere, \u015fi mai ales \u00eentr-o situa\u0163ie special\u0103 ca aceea de atunci. Dar fiind un ofi\u0163er-inginer t\u00e2n\u0103r, acesta s-a pierdut cu firea \u015fi i-a dat arma ministrului. Milea s-a \u00eendreptat apoi spre biroul \u015fefului Statului Major al G\u0103rzilor Patriotice, locul \u00een care lucrase \u015fi el \u00eenainte de a fi numit ministru al Ap\u0103r\u0103rii. Ce s-a \u00eent\u00e2mplat acolo nu \u015ftiu. Unele lucruri se deduc, altele&#8230; Se \u015ftie c\u0103 a vorbit la telefon, o dat\u0103 sau de dou\u0103 ori, c\u0103 \u015feful G\u0103rzilor Patriotice a vrut s\u0103 intre \u00een birou, dar a fost rugat s\u0103-l lase singur. Apoi, s-a auzit un foc de arm\u0103. S-a \u00eempu\u015fcat cu pistolul c\u0103pitanului-inginer. S-a \u00eempu\u015fcat, se pare, \u00een dreptul inimii. \u015ei acum m\u0103 g\u00e2ndesc: dac\u0103 Milea i-ar fi cerut pistolul ofi\u0163erului meu, maiorul-aghiotant, iar acesta s-ar fi pierdut \u015fi i l-ar fi dat, mai putea cineva s\u0103 mai spun\u0103 c\u0103 nu l-a omor\u00e2t Securitatea? Cum, de fapt, s-a \u015fi spus. C\u0103 Securitatea l-a omor\u00e2t. Vede\u0163i cum se r\u0103stoarn\u0103 lucrurile ca s\u0103 fie mutat mortul pe o strad\u0103 mai \u00eencolo&#8230;<\/p>\n\n\n\n<p class=\"has-black-color has-text-color has-medium-font-size wp-block-paragraph\">Ce s-a \u00eent\u00e2mplat pe urm\u0103?<\/p>\n\n\n\n<p class=\"has-black-color has-text-color has-medium-font-size wp-block-paragraph\">S-a intrat \u00een \u00eenc\u0103pere. Se \u00eempu\u015fcase. Au fost acolo ni\u015fte cadre medicale. Nu cred c\u0103 s-a lucrat foarte bine. S-a \u00eent\u00e2rziat nespus de mult transportul s\u0103u la Spitalul Elias, unde am auzit c\u0103 nu ar fi fost tratat cum ar fi trebuit, \u00eens\u0103 nu am dovezi \u00een acest sens. A\u015fa a murit generalul- Milea. Este trist, este dureros, dar a\u015fa s-a \u00eent\u00e2mplat. Era omul care \u00eei executase ordinele lui Ceau\u015fescu.<\/p>\n\n\n\n<p class=\"has-black-color has-text-color has-medium-font-size wp-block-paragraph\">Revenim la oferta f\u0103cut\u0103 generalului Milea de indisponibilizare a so\u0163ilor Ceau\u015fescu. Ce ar fi urmat?<\/p>\n\n\n\n<p class=\"has-black-color has-text-color has-medium-font-size wp-block-paragraph\">Nu \u015ftiu. Urma s\u0103 vedem. Indisponibiliz\u00e2ndu-i pe cei doi realizam un lucru absolut indispensabil \u00een acel moment: le blocam posibilitatea de a mai da ordine de reprimare. Eu nu am avut un plan \u015fi nici Milea. Ar fi trebuit s\u0103 intru \u00een ceva, nu \u015ftiu \u00een ce. Complot? Resping cu toat\u0103 t\u0103ria participarea la a\u015fa ceva&#8230;<\/p>\n\n\n\n<p class=\"has-black-color has-text-color has-medium-font-size wp-block-paragraph\">Dorea\u0163i pur \u015fi simplu s\u0103-l scoate\u0163i din joc&#8230;.<\/p>\n\n\n\n<p class=\"has-black-color has-text-color has-medium-font-size wp-block-paragraph\">Da, s\u0103 vedem ce putem face. Cursul lucrurilor nu mai putea fi oprit. Era la mintea omului cel mai simplu, nu trebuia s\u0103 ai nici pozi\u0163ii \u00eenalte \u00een structurile statului, nici s\u0103 dispui de nu \u015ftiu ce puteri, ca s\u0103 observi c\u0103 lucrurile porniser\u0103 pe un anumit drum. Ce puteai s\u0103 faci \u00een acele \u00eemprejur\u0103ri? Mi-ar fi fost cu neputin\u0163\u0103 s\u0103 dau ordin s\u0103 se trag\u0103 \u00een manifestan\u0163i. \u015ei n-am dat! Erau dou\u0103 variante: s\u0103 ordon foc sau s\u0103 ordon ca armele s\u0103 fie depuse \u00een rastel. Am ales cea de-a doua variant\u0103.<\/p>\n\n\n\n<p class=\"has-black-color has-text-color has-medium-font-size wp-block-paragraph\">\u201eIlie Verde\u0163 mi-a propus s\u0103 devin ministru de Interne\u201c<\/p>\n\n\n<div class=\"wp-block-image\">\n<figure class=\"aligncenter size-full\"><img loading=\"lazy\" decoding=\"async\" width=\"627\" height=\"393\" src=\"https:\/\/desteptati-va.ro\/wp-content\/uploads\/2022\/03\/RevolutieCC.jpg\" alt=\"\" class=\"wp-image-4785\"\/><\/figure>\n<\/div>\n\n\n<p class=\"wp-block-paragraph\">\u00cen 22 decembrie, sediul CC al PCR a fost ocupat de manifestan\u0163i FOTO AFP<\/p>\n\n\n\n<p class=\"has-black-color has-text-color has-medium-font-size wp-block-paragraph\">\u201eWeekend Adev\u0103rul\u201c: A\u0163i spus c\u0103 cea mai mare parte a for\u0163elor de securitate se aflau masate \u00een sediul Comitetului Central?<\/p>\n\n\n\n<p class=\"has-black-color has-text-color has-medium-font-size wp-block-paragraph\">Generalul-colonel Iulian N. Vlad: Nu. Acolo se aflau doar o parte din ofi\u0163erii \u015fi subofi\u0163erii de la Direc\u0163ia de Securitate \u015fi Gard\u0103, precum \u015fi dou\u0103 deta\u015famente ale Unit\u0103\u0163ilor Speciale de Lupt\u0103 Anti-terorist\u0103. \u00cen exterior nu \u015ftiu c\u00e2te tancuri, taburi, tunuri \u015fi efective avea Armata. Noi aveam efectivele unei brig\u0103zi a trupelor de Securitate, circa 1.000 de oameni, care asigurau perimetrul: Ateneul Rom\u00e2n- str. Brezoianu \u2013str. Academiei \u2013 Bd. Nicolae B\u0103lcescu. Aveam \u015fi rezerve la Garda Palatului Republicii. \u00cen afar\u0103 de efectivele acestei brig\u0103zi, aveam \u015fi rezerve de dispozitiv alc\u0103tuite din elevii de la \u015ecoala Militar\u0103 de ofi\u0163eri nr. 1 a MAI. Era vorba de 700 de elevi \u015fi peste 200 de cadre.<\/p>\n\n\n\n<p class=\"has-black-color has-text-color has-medium-font-size wp-block-paragraph\">Ce armament aveau \u00een dotare?<\/p>\n\n\n\n<p class=\"has-black-color has-text-color has-medium-font-size wp-block-paragraph\">Armamentul cu care era dotat\u0103 Armata la vremea respectiv\u0103. Pistoale mitralier\u0103, iar ofi\u0163erii pistolete. \u00cen diminea\u0163a acelei zile, de 22 decembrie, \u00eenainte de a pleca la \u015fedin\u0163a C.P.Ex., m-am \u00eent\u00e2lnit cu comandan\u0163ii for\u0163elor, men\u0163ionate mai sus, colonelul Gheorghe R\u0103b\u0103cel \u015fi colonelul Pavelescu, c\u0103rora le-am ordonat ca imediat s\u0103 preg\u0103teasc\u0103 retragerea \u00een caz\u0103rmi. La ora 8.15 unit\u0103\u0163ile respective s-au retras \u00een caz\u0103rmi. Erau aproape 2.000 de oameni \u00eenarma\u0163i. Era o situa\u0163ie critic\u0103. Demonstran\u0163ii veneau c\u0103tre acel perimetru, pe care \u00eel ap\u0103rau oamenii mei, care aveau ordin s\u0103 nu lase pe nimeni s\u0103 p\u0103trund\u0103 \u00een zon\u0103. Demonstran\u0163ii puteau for\u0163a intrarea&#8230;Ce s-ar fi \u00eent\u00e2mplat? Ce-ar fi ie\u015fit, dac\u0103 militarii ar fi ripostat? Un m\u0103cel. De aceea, eu am retras aceste for\u0163e, asum\u00e2ndu-mi toate riscurile. \u00cen astfel de \u00eemprejur\u0103ri nu te mai g\u00e2nde\u015fti la tine, la urma urmelor, e\u015fti o entitate neglijabil\u0103, \u00eentr-un astfel de context nu te mai iei \u00een seam\u0103. Ce puteam s\u0103 fac? Aveam dou\u0103 variante de luat \u00een calcul: ori retrag oamenii \u00een caz\u0103rmi, ori \u00eei las \u00een dispozitiv \u015fi opun rezisten\u0163\u0103. Puteam s\u0103 aleg a doua variant\u0103? Nu! A\u015fa c\u0103 am trimis oamenii \u00een caz\u0103rmi.<\/p>\n\n\n\n<p class=\"has-black-color has-text-color has-medium-font-size wp-block-paragraph\">A\u0163i retras, deci, toate for\u0163ele din exterior&#8230;<\/p>\n\n\n\n<p class=\"has-black-color has-text-color has-medium-font-size wp-block-paragraph\">Toate for\u0163ele din exterior.<\/p>\n\n\n\n<p class=\"has-black-color has-text-color has-medium-font-size wp-block-paragraph\">S-au retras \u015fi oamenii pe care \u00eei avea\u0163i \u00een sediul CC?<\/p>\n\n\n\n<p class=\"has-black-color has-text-color has-medium-font-size wp-block-paragraph\">Nu, ei au r\u0103mas acolo p\u00e2n\u0103 c\u00e2nd Ceau\u015fescu s-a dus cu liftul pe platform\u0103 \u015fi a plecat cu elicopterul spre&#8230; moarte.<\/p>\n\n\n\n<p class=\"has-black-color has-text-color has-medium-font-size wp-block-paragraph\">Ce s-a \u00eent\u00e2mplat cu cei 500 de oameni din sediul CC? S-au angajat \u00een ac\u0163iuni de lupt\u0103?<\/p>\n\n\n\n<p class=\"has-black-color has-text-color has-medium-font-size wp-block-paragraph\">Nu.<\/p>\n\n\n\n<p class=\"has-black-color has-text-color has-medium-font-size wp-block-paragraph\">De unde \u015fti\u0163i?<\/p>\n\n\n\n<p class=\"has-black-color has-text-color has-medium-font-size wp-block-paragraph\">P\u0103i, eram acolo. Le-am dat ordin s\u0103 deschid\u0103 u\u015file sediului CC. Veniser\u0103 unii demonstran\u0163i cu sisteme pe care credeau c\u0103 le pot folosi la deschiderea u\u015filor. Nu s-a for\u0163at nicio u\u015f\u0103, nu s-a spart niciun geam. Oamenii au intrat \u00een sediu f\u0103r\u0103 s\u0103 se sparg\u0103 un geam. Au intrat buluc. A\u015fa cum intr\u0103 mul\u0163imea.<\/p>\n\n\n\n<p class=\"has-black-color has-text-color has-medium-font-size wp-block-paragraph\">\u201eA fost o diversiune ordinar\u0103\u201c<\/p>\n\n\n\n<p class=\"has-black-color has-text-color has-medium-font-size wp-block-paragraph\">Atunci cine a tras \u00een manifestan\u0163i?<\/p>\n\n\n<div class=\"wp-block-image\">\n<figure class=\"aligncenter size-full\"><img loading=\"lazy\" decoding=\"async\" width=\"627\" height=\"408\" src=\"https:\/\/desteptati-va.ro\/wp-content\/uploads\/2022\/03\/GenGusaCC.jpg\" alt=\"\" class=\"wp-image-4778\"\/><\/figure>\n<\/div>\n\n\n<p class=\"has-black-color has-text-color has-medium-font-size wp-block-paragraph\">Focurile de arm\u0103 au fost trase mult dup\u0103 acest moment, seara. A fost alt\u0103 poveste. S-a tras de pe Palatul Republicii, a fost o diversiune ordinar\u0103. \u015ei s-a simulat c\u0103 se trage c\u0103tre sediul CC, unde eram \u015fi eu, \u015fi generalul Gu\u015f\u0103 (foto dreapta), care conduceam comandamentul&nbsp;ad-hoc constituit \u015fi \u00eencercam s\u0103 \u0163inem sub control situa\u0163ia at\u00e2t din Bucure\u015fti, c\u00e2t \u015fi din toat\u0103 \u0163ara.<\/p>\n\n\n\n<p class=\"has-black-color has-text-color has-medium-font-size wp-block-paragraph\">\u015ei cine a creat aceast\u0103 diversiune?<\/p>\n\n\n\n<p class=\"has-black-color has-text-color has-medium-font-size wp-block-paragraph\">Ei, cine&#8230; Mai \u00eentreba\u0163i-i \u015fi pe al\u0163ii, care au preluat puterea. \u00cen sediul CC se \u00eent\u00e2mplau tot felul de lucruri, se f\u0103ceau \u015fi desf\u0103ceau guverne&#8230; S-a \u00eencercat un guvern pe care s\u0103-l constituie Constantin D\u0103sc\u0103lescu, unul pe care l-a \u00eencercat Ilie Verde\u0163. Acesta mi-a propus \u015fi mie s\u0103 intru \u00een guvern.<\/p>\n\n\n\n<p class=\"has-black-color has-text-color has-medium-font-size wp-block-paragraph\">Pe ce post?<\/p>\n\n\n\n<p class=\"has-black-color has-text-color has-medium-font-size wp-block-paragraph\">Mi-a propus Ministerul de Interne. \u00cel capacitase pe&nbsp;Nicolae Popovici, Procurorul General al Rom\u00e2niei, s\u0103 fie ministru al Justi\u0163iei. I-am spus c\u0103 mie nu-mi mai trebuie nicio func\u0163ie ministerial\u0103: \u201eMi-ajunge! Sunt aici doar ca s\u0103 ajut s\u0103 nu se ajung\u0103 la haos \u015fi s\u0103 nu moar\u0103 oamenii\u201c. Nu eram sigur c\u0103 voi putea.<\/p>\n\n\n\n<p class=\"has-black-color has-text-color has-medium-font-size wp-block-paragraph\">\u015ei a\u0163i reu\u015fit?<\/p>\n\n\n\n<p class=\"has-black-color has-text-color has-medium-font-size wp-block-paragraph\">Din punctul meu de vedera, da. \u0102sta a fost lucrul cel mai important pe care l-am f\u0103cut, timp de 24 de ore din sediul CC, al\u0103turi de generalul Gu\u015f\u0103. S\u0103 \u00eencerc\u0103m s\u0103 punem ordine \u00een trupe. S\u0103 \u0163inem unit\u0103\u0163ile din \u0163ar\u0103 sub control. Oamenii erau bulversa\u0163i, nu mai \u015ftiau ce ordine s\u0103 execute, pe cine s\u0103 mai asculte&#8230; A\u015fa se \u00eent\u00e2mpl\u0103 \u00een situa\u0163ii de acest gen. A fost un lucru ne\u00eenchipuit de greu. Am f\u0103cut tot ce ne-a stat \u00een putin\u0163\u0103 s\u0103 nu moar\u0103 oameni. De\u015fi acest lucru s-a \u00eent\u00e2mplat. Inclusiv asupra mea s-a tras \u00een sediul CC. Se \u00eent\u00e2mplase ceva pe un culoar \u015fi din biroul acela unde noi \u00eencercam s\u0103 \u0163inem lucrurile sub control, am plecat s\u0103 v\u0103d despre ce este vorba. La un moment dat, un foc de arm\u0103 automat\u0103 era s\u0103 m\u0103 omoare. N-am fost nimerit. Probabil s-a crezut c\u0103 noi, cei de la CC, \u00eencerc\u0103m s\u0103 devenim un nou centru de putere, pe l\u00e2ng\u0103 celelalte dou\u0103 deja existente. Primul era centrul de la televiziune, care a devenit \u015fi noua putere propriu-zis\u0103, unde erau cei pe care \u00eei \u015ftie toat\u0103 lumea, \u015fi cel de-al doilea la Ministerul Ap\u0103r\u0103rii Na\u0163ionale, alc\u0103tuit din generalii Militaru (foto st\u00e2nga)&nbsp;\u015fi St\u0103nculescu, cel din urm\u0103 preg\u0103tindu-se s\u0103-i predea lui Militaru mandatul de ministru primit de la Ceau\u015fescu. Al treilea centru se presupunea c\u0103 suntem noi, cei de la CC, Gu\u015f\u0103 \u015fi cu mine, care aveam controlul asupra Armatei, Securit\u0103\u0163ii \u015fi MAI.<\/p>\n\n\n\n<figure class=\"wp-block-image size-full\"><img loading=\"lazy\" decoding=\"async\" width=\"627\" height=\"437\" src=\"https:\/\/desteptati-va.ro\/wp-content\/uploads\/2022\/03\/BrucanCC.jpg\" alt=\"\" class=\"wp-image-4775\"\/><\/figure>\n\n\n\n<p class=\"has-black-color has-text-color has-medium-font-size wp-block-paragraph\">\u201eBrucan se erijase \u00een \u015fef\u201c<\/p>\n\n\n\n<p class=\"has-black-color has-text-color has-medium-font-size wp-block-paragraph\">C\u00e2t a\u0163i mai de\u0163inut acest control?<\/p>\n\n\n\n<p class=\"has-black-color has-text-color has-medium-font-size wp-block-paragraph\">\u00cen zilele de 22 \u015fi 23 decembrie. \u015ei par\u0163ial \u00een zilele care au mai urmat. Dar am\u00e2ndoi, \u015fi eu, \u015fi Gu\u015f\u0103, am fost chema\u0163i la Ministerul Ap\u0103r\u0103rii de c\u0103tre generalul Militaru. Am primit \u015fi de la comandamentul politic, s\u0103 zic a\u015fa, de la televiziune, \u00een special de la Brucan, care se erijase \u00een \u015fef, dispozi\u0163ia s\u0103 ne prezent\u0103m la Ministerul Ap\u0103r\u0103rii Na\u0163ionale. Am decis cu generalul Gu\u015f\u0103 s\u0103 plec\u0103m separat, la un anumit interval de timp. S\u0103 nu cre\u0103m impresia oamenilor care erau prezen\u0163i \u00een sediul CC c\u0103 dac\u0103 p\u0103r\u0103sim am\u00e2ndoi sediul vom pune la cale cine \u015ftie ce. Oamenii erau suspicio\u015fi \u015fi \u00een stare de tensiune. A\u015fa c\u0103 am plecat la interval de c\u00e2teva ore. Pe atunci se c\u0103l\u0103torea cu tabul. Unul dintre revolu\u0163ionari m-a rugat s\u0103-l iau \u015fi pe el c\u00e2nd plec c\u0103tre Ministerul Ap\u0103r\u0103rii, deoarece st\u0103 \u00een zon\u0103 \u015fi vrea s\u0103 ajung\u0103 acas\u0103. Omul \u0103sta a fost salvarea mea. Tabul s-a dus pe o strad\u0103 paralel\u0103 cu cea pe care trebuia s\u0103 mearg\u0103 \u00een mod normal c\u0103tre Ministerul Ap\u0103r\u0103rii Na\u0163ionale, unde era organizat\u0103 o ambuscad\u0103.<\/p>\n\n\n\n<p class=\"has-black-color has-text-color has-medium-font-size wp-block-paragraph\">Cine o organizase?<\/p>\n\n\n\n<p class=\"has-black-color has-text-color has-medium-font-size wp-block-paragraph\">Nu \u015ftiu. S-a spus c\u0103 oamenii din strad\u0103, care f\u0103ceau tot felul de filtre. La fel, la Ministerul Ap\u0103r\u0103rii Na\u0163ionale, s-a desc\u0103rcat \u201eaccidental\u201c o arm\u0103 chiar \u00een timp ce eu traversam un culoar.<\/p>\n\n\n\n<p class=\"has-black-color has-text-color has-medium-font-size wp-block-paragraph\">C\u00e2nd a\u0163i predat efectiv comanda trupelor de securitate?<\/p>\n\n\n\n<p class=\"has-black-color has-text-color has-medium-font-size wp-block-paragraph\">Comanda Trupelor de Securitate \u015fi a USLA am predat-o \u00een dup\u0103-amiaza zilei de 22 decembrie generalului<br>Militaru. Mi-a spus c\u0103 are \u00eemputernicirea centrului politic de la televiziune pentru acest lucru \u015fi c\u0103 va prelua \u015fi Ministerul Ap\u0103r\u0103rii Na\u0163ionale.<\/p>\n\n\n\n<p class=\"has-black-color has-text-color has-medium-font-size wp-block-paragraph\">A avut ordin scris?<\/p>\n\n\n\n<p class=\"has-black-color has-text-color has-medium-font-size wp-block-paragraph\">Ei, ordin scris! Se mai d\u0103deau atunci ordine scrise?! Eu am dat ordine verbale tuturor subordona\u0163ilor mei, care le-au executat exemplar. Nu mai erau reguli clare. Dup\u0103 aceste momente, la c\u00e2teva zile mai t\u00e2rziu, Ministerul de Interne, inclusiv Departamentul Securit\u0103\u0163ii Statului, a trecut \u00een subordinea Ministerului Ap\u0103r\u0103rii. Eu am avut, p\u00e2n\u0103 \u00een momentul \u00een care am fost arestat, legitima\u0163ie de la Ministerul Ap\u0103r\u0103rii&nbsp;Na\u0163ionale.<\/p>\n\n\n\n<p class=\"has-black-color has-text-color has-medium-font-size wp-block-paragraph\">Ave\u0163i vreun sentiment de regret pentru vreunul dintre actele pe are le-a\u0163i \u00eendeplinit \u00een perioada decembrie 1989?<\/p>\n\n\n\n<p class=\"has-black-color has-text-color has-medium-font-size wp-block-paragraph\">Nu. Poate au fost unele lucruri pe care puteam s\u0103 le fac mai bine, dar cred c\u0103 \u00een situa\u0163ia dat\u0103 mi-am f\u0103cut datoria c\u00e2t am putut de bine. \u00cen primul r\u00e2nd, am dat ordin s\u0103 nu se trag\u0103 \u00een demonstran\u0163i, s\u0103 intre trupele de securitate \u00een caz\u0103rmi, iar \u00een al doilea r\u00e2nd, am reu\u015fit s\u0103-mi protejez&nbsp;subordona\u0163ii \u015fi cadrele Ministerului de Interne. \u015ei ast\u0103zi, la mai mult de un sfert de veac de la evenimentele din decembrie 1989, sunt oameni care, \u00eent\u00e2lnindu-m\u0103 pe strad\u0103, \u00eemi mul\u0163umesc pentru c\u0103 le-am salvat via\u0163a.<\/p>\n        <div class=\"booster-block booster-reactions-block\">\n            <div class=\"twp-reactions-icons\">\n                \n                <div class=\"twp-reacts-wrap\">\n                    <a react-data=\"be-react-1\" post-id=\"4772\" class=\"be-face-icons un-reacted\" href=\"javascript:void(0)\">\n                        <img decoding=\"async\" src=\"https:\/\/desteptati-va.ro\/wp-content\/plugins\/booster-extension\/\/assets\/icon\/happy.svg\" alt=\"Happy\">\n                    <\/a>\n                    <div class=\"twp-reaction-title\">\n                        Happy                    <\/div>\n                    <div class=\"twp-count-percent\">\n                                                    <span style=\"display: none;\" class=\"twp-react-count\">0<\/span>\n                        \n                                                <span class=\"twp-react-percent\"><span>0<\/span> %<\/span>\n                                            <\/div>\n                <\/div>\n\n                <div class=\"twp-reacts-wrap\">\n                    <a react-data=\"be-react-2\" post-id=\"4772\" class=\"be-face-icons un-reacted\" href=\"javascript:void(0)\">\n                        <img decoding=\"async\" src=\"https:\/\/desteptati-va.ro\/wp-content\/plugins\/booster-extension\/\/assets\/icon\/sad.svg\" alt=\"Sad\">\n                    <\/a>\n                    <div class=\"twp-reaction-title\">\n                        Sad                    <\/div>\n                    <div class=\"twp-count-percent\">\n                                                    <span style=\"display: none;\" class=\"twp-react-count\">0<\/span>\n                                                                        <span class=\"twp-react-percent\"><span>0<\/span> %<\/span>\n                                            <\/div>\n                <\/div>\n\n                <div class=\"twp-reacts-wrap\">\n                    <a react-data=\"be-react-3\" post-id=\"4772\" class=\"be-face-icons un-reacted\" href=\"javascript:void(0)\">\n                        <img decoding=\"async\" src=\"https:\/\/desteptati-va.ro\/wp-content\/plugins\/booster-extension\/\/assets\/icon\/excited.svg\" alt=\"Excited\">\n                    <\/a>\n                    <div class=\"twp-reaction-title\">\n                        Excited                    <\/div>\n                    <div class=\"twp-count-percent\">\n                                                    <span style=\"display: none;\" class=\"twp-react-count\">0<\/span>\n                                                                        <span class=\"twp-react-percent\"><span>0<\/span> %<\/span>\n                                            <\/div>\n                <\/div>\n\n                <div class=\"twp-reacts-wrap\">\n                    <a react-data=\"be-react-6\" post-id=\"4772\" class=\"be-face-icons un-reacted\" href=\"javascript:void(0)\">\n                        <img decoding=\"async\" src=\"https:\/\/desteptati-va.ro\/wp-content\/plugins\/booster-extension\/\/assets\/icon\/sleepy.svg\" alt=\"Sleepy\">\n                    <\/a>\n                    <div class=\"twp-reaction-title\">\n                        Sleepy                    <\/div>\n                    <div class=\"twp-count-percent\">\n                                                    <span style=\"display: none;\" class=\"twp-react-count\">0<\/span>\n                        \n                                                <span class=\"twp-react-percent\"><span>0<\/span> %<\/span>\n                                            <\/div>\n                <\/div>\n\n                <div class=\"twp-reacts-wrap\">\n                    <a react-data=\"be-react-4\" post-id=\"4772\" class=\"be-face-icons un-reacted\" href=\"javascript:void(0)\">\n                        <img decoding=\"async\" src=\"https:\/\/desteptati-va.ro\/wp-content\/plugins\/booster-extension\/\/assets\/icon\/angry.svg\" alt=\"Angry\">\n                    <\/a>\n                    <div class=\"twp-reaction-title\">Angry<\/div>\n                    <div class=\"twp-count-percent\">\n                                                    <span style=\"display: none;\" class=\"twp-react-count\">0<\/span>\n                                                                        <span class=\"twp-react-percent\"><span>0<\/span> %<\/span>\n                        \n                    <\/div>\n                <\/div>\n\n                <div class=\"twp-reacts-wrap\">\n                    <a react-data=\"be-react-5\" post-id=\"4772\" class=\"be-face-icons un-reacted\" href=\"javascript:void(0)\">\n                        <img decoding=\"async\" src=\"https:\/\/desteptati-va.ro\/wp-content\/plugins\/booster-extension\/\/assets\/icon\/surprise.svg\" alt=\"Surprise\">\n                    <\/a>\n                    <div class=\"twp-reaction-title\">Surprise<\/div>\n                    <div class=\"twp-count-percent\">\n                                                    <span style=\"display: none;\" class=\"twp-react-count\">0<\/span>\n                                                                        <span class=\"twp-react-percent\"><span>0<\/span> %<\/span>\n                                            <\/div>\n                <\/div>\n\n            <\/div>\n        <\/div>\n\n    <\/div>","protected":false},"excerpt":{"rendered":"<p>Generalul-colonel Iulian N. Vlad consider\u0103 c\u0103, \u00een decembrie 1989, Nicolae Ceau\u015fescu era izolat pe scena politic\u0103 interna\u0163ional\u0103. F\u0103r\u0103 niciun sprijin<a href=\"https:\/\/desteptati-va.ro\/index.php\/2022\/03\/19\/interviu-cu-gen-iulian-vlad\/\">Read More<i class=\"fa fa-long-arrow-right\" aria-hidden=\"true\"><\/i><\/a><\/p>\n","protected":false},"author":1,"featured_media":4783,"comment_status":"open","ping_status":"open","sticky":false,"template":"","format":"standard","meta":{"_crdt_document":"","footnotes":""},"categories":[40],"tags":[],"class_list":["post-4772","post","type-post","status-publish","format-standard","has-post-thumbnail","hentry","category-eroi-si-tradatori"],"rise-blocks_total_comments":0,"rise-blocks_categories":[{"term_id":40,"name":"Eroi si tradatori","slug":"eroi-si-tradatori","term_group":0,"term_taxonomy_id":40,"taxonomy":"category","description":"","parent":37,"count":3,"filter":"raw","cat_ID":40,"category_count":3,"category_description":"","cat_name":"Eroi si tradatori","category_nicename":"eroi-si-tradatori","category_parent":37}],"rise-blocks_excerpt":"Generalul-colonel Iulian N. Vlad consider\u0103 c\u0103, \u00een decembrie 1989, Nicolae Ceau\u015fescu era izolat pe scena politic\u0103 interna\u0163ional\u0103. F\u0103r\u0103 niciun sprijin extern, dictatorul rom\u00e2n avea soarta pecetluit\u0103, iar \u00eencercarea lui de a se ag\u0103\u0163a de putere cu orice pre\u0163 ar fi degenerat \u00eentr-un masacru dac\u0103 generalul-colonel Vlad, \u00een calitatea sa de \u015fef al Departamentului Securit\u0103\u0163ii Statului, nu ar fi dat ordin..","yoast_head":"<!-- This site is optimized with the Yoast SEO plugin v26.9 - https:\/\/yoast.com\/product\/yoast-seo-wordpress\/ -->\r\n<title>Interviu cu Gen. Iulian Vlad -<\/title>\r\n<meta name=\"robots\" content=\"index, follow, max-snippet:-1, max-image-preview:large, max-video-preview:-1\" \/>\r\n<link rel=\"canonical\" href=\"https:\/\/desteptati-va.ro\/index.php\/2022\/03\/19\/interviu-cu-gen-iulian-vlad\/\" \/>\r\n<meta property=\"og:locale\" content=\"ro_RO\" \/>\r\n<meta property=\"og:type\" content=\"article\" \/>\r\n<meta property=\"og:title\" content=\"Interviu cu Gen. Iulian Vlad -\" \/>\r\n<meta property=\"og:description\" content=\"Generalul-colonel Iulian N. Vlad consider\u0103 c\u0103, \u00een decembrie 1989, Nicolae Ceau\u015fescu era izolat pe scena politic\u0103 interna\u0163ional\u0103. F\u0103r\u0103 niciun sprijinRead More\" \/>\r\n<meta property=\"og:url\" content=\"https:\/\/desteptati-va.ro\/index.php\/2022\/03\/19\/interviu-cu-gen-iulian-vlad\/\" \/>\r\n<meta property=\"article:published_time\" content=\"2022-03-19T20:09:04+00:00\" \/>\r\n<meta property=\"article:modified_time\" content=\"2022-03-19T21:19:35+00:00\" \/>\r\n<meta property=\"og:image\" content=\"https:\/\/desteptati-va.ro\/wp-content\/uploads\/2022\/03\/IVlad.jpg\" \/>\r\n\t<meta property=\"og:image:width\" content=\"646\" \/>\r\n\t<meta property=\"og:image:height\" content=\"404\" \/>\r\n\t<meta property=\"og:image:type\" content=\"image\/jpeg\" \/>\r\n<meta name=\"author\" content=\"wolfsoftcompany\" \/>\r\n<meta name=\"twitter:card\" content=\"summary_large_image\" \/>\r\n<meta name=\"twitter:label1\" content=\"Scris de\" \/>\n\t<meta name=\"twitter:data1\" content=\"wolfsoftcompany\" \/>\n\t<meta name=\"twitter:label2\" content=\"Timp estimat pentru citire\" \/>\n\t<meta name=\"twitter:data2\" content=\"38 de minute\" \/>\r\n<script type=\"application\/ld+json\" class=\"yoast-schema-graph\">{\"@context\":\"https:\/\/schema.org\",\"@graph\":[{\"@type\":\"Article\",\"@id\":\"https:\/\/desteptati-va.ro\/index.php\/2022\/03\/19\/interviu-cu-gen-iulian-vlad\/#article\",\"isPartOf\":{\"@id\":\"https:\/\/desteptati-va.ro\/index.php\/2022\/03\/19\/interviu-cu-gen-iulian-vlad\/\"},\"author\":{\"name\":\"wolfsoftcompany\",\"@id\":\"https:\/\/desteptati-va.ro\/#\/schema\/person\/13182deeebd44920914899f7bb262d6b\"},\"headline\":\"Interviu cu Gen. Iulian Vlad\",\"datePublished\":\"2022-03-19T20:09:04+00:00\",\"dateModified\":\"2022-03-19T21:19:35+00:00\",\"mainEntityOfPage\":{\"@id\":\"https:\/\/desteptati-va.ro\/index.php\/2022\/03\/19\/interviu-cu-gen-iulian-vlad\/\"},\"wordCount\":7701,\"commentCount\":0,\"image\":{\"@id\":\"https:\/\/desteptati-va.ro\/index.php\/2022\/03\/19\/interviu-cu-gen-iulian-vlad\/#primaryimage\"},\"thumbnailUrl\":\"https:\/\/desteptati-va.ro\/wp-content\/uploads\/2022\/03\/IVlad.jpg\",\"articleSection\":[\"Eroi si tradatori\"],\"inLanguage\":\"ro-RO\",\"potentialAction\":[{\"@type\":\"CommentAction\",\"name\":\"Comment\",\"target\":[\"https:\/\/desteptati-va.ro\/index.php\/2022\/03\/19\/interviu-cu-gen-iulian-vlad\/#respond\"]}]},{\"@type\":\"WebPage\",\"@id\":\"https:\/\/desteptati-va.ro\/index.php\/2022\/03\/19\/interviu-cu-gen-iulian-vlad\/\",\"url\":\"https:\/\/desteptati-va.ro\/index.php\/2022\/03\/19\/interviu-cu-gen-iulian-vlad\/\",\"name\":\"Interviu cu Gen. Iulian Vlad -\",\"isPartOf\":{\"@id\":\"https:\/\/desteptati-va.ro\/#website\"},\"primaryImageOfPage\":{\"@id\":\"https:\/\/desteptati-va.ro\/index.php\/2022\/03\/19\/interviu-cu-gen-iulian-vlad\/#primaryimage\"},\"image\":{\"@id\":\"https:\/\/desteptati-va.ro\/index.php\/2022\/03\/19\/interviu-cu-gen-iulian-vlad\/#primaryimage\"},\"thumbnailUrl\":\"https:\/\/desteptati-va.ro\/wp-content\/uploads\/2022\/03\/IVlad.jpg\",\"datePublished\":\"2022-03-19T20:09:04+00:00\",\"dateModified\":\"2022-03-19T21:19:35+00:00\",\"author\":{\"@id\":\"https:\/\/desteptati-va.ro\/#\/schema\/person\/13182deeebd44920914899f7bb262d6b\"},\"breadcrumb\":{\"@id\":\"https:\/\/desteptati-va.ro\/index.php\/2022\/03\/19\/interviu-cu-gen-iulian-vlad\/#breadcrumb\"},\"inLanguage\":\"ro-RO\",\"potentialAction\":[{\"@type\":\"ReadAction\",\"target\":[\"https:\/\/desteptati-va.ro\/index.php\/2022\/03\/19\/interviu-cu-gen-iulian-vlad\/\"]}]},{\"@type\":\"ImageObject\",\"inLanguage\":\"ro-RO\",\"@id\":\"https:\/\/desteptati-va.ro\/index.php\/2022\/03\/19\/interviu-cu-gen-iulian-vlad\/#primaryimage\",\"url\":\"https:\/\/desteptati-va.ro\/wp-content\/uploads\/2022\/03\/IVlad.jpg\",\"contentUrl\":\"https:\/\/desteptati-va.ro\/wp-content\/uploads\/2022\/03\/IVlad.jpg\",\"width\":646,\"height\":404},{\"@type\":\"BreadcrumbList\",\"@id\":\"https:\/\/desteptati-va.ro\/index.php\/2022\/03\/19\/interviu-cu-gen-iulian-vlad\/#breadcrumb\",\"itemListElement\":[{\"@type\":\"ListItem\",\"position\":1,\"name\":\"Prima pagin\u0103\",\"item\":\"https:\/\/desteptati-va.ro\/\"},{\"@type\":\"ListItem\",\"position\":2,\"name\":\"Interviu cu Gen. Iulian Vlad\"}]},{\"@type\":\"WebSite\",\"@id\":\"https:\/\/desteptati-va.ro\/#website\",\"url\":\"https:\/\/desteptati-va.ro\/\",\"name\":\"\",\"description\":\"\",\"potentialAction\":[{\"@type\":\"SearchAction\",\"target\":{\"@type\":\"EntryPoint\",\"urlTemplate\":\"https:\/\/desteptati-va.ro\/?s={search_term_string}\"},\"query-input\":{\"@type\":\"PropertyValueSpecification\",\"valueRequired\":true,\"valueName\":\"search_term_string\"}}],\"inLanguage\":\"ro-RO\"},{\"@type\":\"Person\",\"@id\":\"https:\/\/desteptati-va.ro\/#\/schema\/person\/13182deeebd44920914899f7bb262d6b\",\"name\":\"wolfsoftcompany\",\"image\":{\"@type\":\"ImageObject\",\"inLanguage\":\"ro-RO\",\"@id\":\"https:\/\/desteptati-va.ro\/#\/schema\/person\/image\/\",\"url\":\"https:\/\/secure.gravatar.com\/avatar\/a6cce9b6d101d27d91690e7073e300fed94c0899890bf998e082cb9d2c3d121e?s=96&d=mm&r=g\",\"contentUrl\":\"https:\/\/secure.gravatar.com\/avatar\/a6cce9b6d101d27d91690e7073e300fed94c0899890bf998e082cb9d2c3d121e?s=96&d=mm&r=g\",\"caption\":\"wolfsoftcompany\"},\"sameAs\":[\"http:\/\/desteptati-va.ro\"],\"url\":\"https:\/\/desteptati-va.ro\/index.php\/author\/wolfsoftcompany\/\"}]}<\/script>\r\n<!-- \/ Yoast SEO plugin. -->","yoast_head_json":{"title":"Interviu cu Gen. Iulian Vlad -","robots":{"index":"index","follow":"follow","max-snippet":"max-snippet:-1","max-image-preview":"max-image-preview:large","max-video-preview":"max-video-preview:-1"},"canonical":"https:\/\/desteptati-va.ro\/index.php\/2022\/03\/19\/interviu-cu-gen-iulian-vlad\/","og_locale":"ro_RO","og_type":"article","og_title":"Interviu cu Gen. Iulian Vlad -","og_description":"Generalul-colonel Iulian N. Vlad consider\u0103 c\u0103, \u00een decembrie 1989, Nicolae Ceau\u015fescu era izolat pe scena politic\u0103 interna\u0163ional\u0103. F\u0103r\u0103 niciun sprijinRead More","og_url":"https:\/\/desteptati-va.ro\/index.php\/2022\/03\/19\/interviu-cu-gen-iulian-vlad\/","article_published_time":"2022-03-19T20:09:04+00:00","article_modified_time":"2022-03-19T21:19:35+00:00","og_image":[{"width":646,"height":404,"url":"https:\/\/desteptati-va.ro\/wp-content\/uploads\/2022\/03\/IVlad.jpg","type":"image\/jpeg"}],"author":"wolfsoftcompany","twitter_card":"summary_large_image","twitter_misc":{"Scris de":"wolfsoftcompany","Timp estimat pentru citire":"38 de minute"},"schema":{"@context":"https:\/\/schema.org","@graph":[{"@type":"Article","@id":"https:\/\/desteptati-va.ro\/index.php\/2022\/03\/19\/interviu-cu-gen-iulian-vlad\/#article","isPartOf":{"@id":"https:\/\/desteptati-va.ro\/index.php\/2022\/03\/19\/interviu-cu-gen-iulian-vlad\/"},"author":{"name":"wolfsoftcompany","@id":"https:\/\/desteptati-va.ro\/#\/schema\/person\/13182deeebd44920914899f7bb262d6b"},"headline":"Interviu cu Gen. Iulian Vlad","datePublished":"2022-03-19T20:09:04+00:00","dateModified":"2022-03-19T21:19:35+00:00","mainEntityOfPage":{"@id":"https:\/\/desteptati-va.ro\/index.php\/2022\/03\/19\/interviu-cu-gen-iulian-vlad\/"},"wordCount":7701,"commentCount":0,"image":{"@id":"https:\/\/desteptati-va.ro\/index.php\/2022\/03\/19\/interviu-cu-gen-iulian-vlad\/#primaryimage"},"thumbnailUrl":"https:\/\/desteptati-va.ro\/wp-content\/uploads\/2022\/03\/IVlad.jpg","articleSection":["Eroi si tradatori"],"inLanguage":"ro-RO","potentialAction":[{"@type":"CommentAction","name":"Comment","target":["https:\/\/desteptati-va.ro\/index.php\/2022\/03\/19\/interviu-cu-gen-iulian-vlad\/#respond"]}]},{"@type":"WebPage","@id":"https:\/\/desteptati-va.ro\/index.php\/2022\/03\/19\/interviu-cu-gen-iulian-vlad\/","url":"https:\/\/desteptati-va.ro\/index.php\/2022\/03\/19\/interviu-cu-gen-iulian-vlad\/","name":"Interviu cu Gen. Iulian Vlad -","isPartOf":{"@id":"https:\/\/desteptati-va.ro\/#website"},"primaryImageOfPage":{"@id":"https:\/\/desteptati-va.ro\/index.php\/2022\/03\/19\/interviu-cu-gen-iulian-vlad\/#primaryimage"},"image":{"@id":"https:\/\/desteptati-va.ro\/index.php\/2022\/03\/19\/interviu-cu-gen-iulian-vlad\/#primaryimage"},"thumbnailUrl":"https:\/\/desteptati-va.ro\/wp-content\/uploads\/2022\/03\/IVlad.jpg","datePublished":"2022-03-19T20:09:04+00:00","dateModified":"2022-03-19T21:19:35+00:00","author":{"@id":"https:\/\/desteptati-va.ro\/#\/schema\/person\/13182deeebd44920914899f7bb262d6b"},"breadcrumb":{"@id":"https:\/\/desteptati-va.ro\/index.php\/2022\/03\/19\/interviu-cu-gen-iulian-vlad\/#breadcrumb"},"inLanguage":"ro-RO","potentialAction":[{"@type":"ReadAction","target":["https:\/\/desteptati-va.ro\/index.php\/2022\/03\/19\/interviu-cu-gen-iulian-vlad\/"]}]},{"@type":"ImageObject","inLanguage":"ro-RO","@id":"https:\/\/desteptati-va.ro\/index.php\/2022\/03\/19\/interviu-cu-gen-iulian-vlad\/#primaryimage","url":"https:\/\/desteptati-va.ro\/wp-content\/uploads\/2022\/03\/IVlad.jpg","contentUrl":"https:\/\/desteptati-va.ro\/wp-content\/uploads\/2022\/03\/IVlad.jpg","width":646,"height":404},{"@type":"BreadcrumbList","@id":"https:\/\/desteptati-va.ro\/index.php\/2022\/03\/19\/interviu-cu-gen-iulian-vlad\/#breadcrumb","itemListElement":[{"@type":"ListItem","position":1,"name":"Prima pagin\u0103","item":"https:\/\/desteptati-va.ro\/"},{"@type":"ListItem","position":2,"name":"Interviu cu Gen. Iulian Vlad"}]},{"@type":"WebSite","@id":"https:\/\/desteptati-va.ro\/#website","url":"https:\/\/desteptati-va.ro\/","name":"","description":"","potentialAction":[{"@type":"SearchAction","target":{"@type":"EntryPoint","urlTemplate":"https:\/\/desteptati-va.ro\/?s={search_term_string}"},"query-input":{"@type":"PropertyValueSpecification","valueRequired":true,"valueName":"search_term_string"}}],"inLanguage":"ro-RO"},{"@type":"Person","@id":"https:\/\/desteptati-va.ro\/#\/schema\/person\/13182deeebd44920914899f7bb262d6b","name":"wolfsoftcompany","image":{"@type":"ImageObject","inLanguage":"ro-RO","@id":"https:\/\/desteptati-va.ro\/#\/schema\/person\/image\/","url":"https:\/\/secure.gravatar.com\/avatar\/a6cce9b6d101d27d91690e7073e300fed94c0899890bf998e082cb9d2c3d121e?s=96&d=mm&r=g","contentUrl":"https:\/\/secure.gravatar.com\/avatar\/a6cce9b6d101d27d91690e7073e300fed94c0899890bf998e082cb9d2c3d121e?s=96&d=mm&r=g","caption":"wolfsoftcompany"},"sameAs":["http:\/\/desteptati-va.ro"],"url":"https:\/\/desteptati-va.ro\/index.php\/author\/wolfsoftcompany\/"}]}},"_links":{"self":[{"href":"https:\/\/desteptati-va.ro\/index.php\/wp-json\/wp\/v2\/posts\/4772","targetHints":{"allow":["GET"]}}],"collection":[{"href":"https:\/\/desteptati-va.ro\/index.php\/wp-json\/wp\/v2\/posts"}],"about":[{"href":"https:\/\/desteptati-va.ro\/index.php\/wp-json\/wp\/v2\/types\/post"}],"author":[{"embeddable":true,"href":"https:\/\/desteptati-va.ro\/index.php\/wp-json\/wp\/v2\/users\/1"}],"replies":[{"embeddable":true,"href":"https:\/\/desteptati-va.ro\/index.php\/wp-json\/wp\/v2\/comments?post=4772"}],"version-history":[{"count":5,"href":"https:\/\/desteptati-va.ro\/index.php\/wp-json\/wp\/v2\/posts\/4772\/revisions"}],"predecessor-version":[{"id":4794,"href":"https:\/\/desteptati-va.ro\/index.php\/wp-json\/wp\/v2\/posts\/4772\/revisions\/4794"}],"wp:featuredmedia":[{"embeddable":true,"href":"https:\/\/desteptati-va.ro\/index.php\/wp-json\/wp\/v2\/media\/4783"}],"wp:attachment":[{"href":"https:\/\/desteptati-va.ro\/index.php\/wp-json\/wp\/v2\/media?parent=4772"}],"wp:term":[{"taxonomy":"category","embeddable":true,"href":"https:\/\/desteptati-va.ro\/index.php\/wp-json\/wp\/v2\/categories?post=4772"},{"taxonomy":"post_tag","embeddable":true,"href":"https:\/\/desteptati-va.ro\/index.php\/wp-json\/wp\/v2\/tags?post=4772"}],"curies":[{"name":"wp","href":"https:\/\/api.w.org\/{rel}","templated":true}]}}