{"id":4799,"date":"2022-03-25T08:20:24","date_gmt":"2022-03-25T06:20:24","guid":{"rendered":"https:\/\/desteptati-va.ro\/?p=4799"},"modified":"2022-03-31T13:59:04","modified_gmt":"2022-03-31T11:59:04","slug":"4799","status":"publish","type":"post","link":"https:\/\/desteptati-va.ro\/index.php\/2022\/03\/25\/4799\/","title":{"rendered":"Testele PCR \u201enu dau nici o indica\u021bie despre infectarea cu nici un virus \u201d."},"content":{"rendered":"<div class=\"post-content\"><div class='booster-block booster-read-block'>\n                <div class=\"twp-read-time\">\n                \t<i class=\"booster-icon twp-clock\"><\/i> <span>Read Time:<\/span>12 Minute, 28 Second                <\/div>\n\n            <\/div>\n<figure class=\"wp-block-video\"><video height=\"360\" style=\"aspect-ratio: 640 \/ 360;\" width=\"640\" controls src=\"https:\/\/desteptati-va.ro\/wp-content\/uploads\/2022\/03\/ReinerFullmich.mp4\"><\/video><\/figure>\n\n\n\n<p class=\"has-vivid-red-color has-cyan-bluish-gray-background-color has-text-color has-background has-medium-font-size wp-block-paragraph\"><strong>\u00a0Avocatul german Reiner F\u00fcllmich sus\u021bine c\u0103 testele PCR sunt puternic contestate de comunitatea \u0219tiin\u021bific\u0103, deoarece sunt inexacte.\u00a0Pe baza acestui fapt, testele pozitive pentru COVID-19, care au oferit guvernelor din \u00eentreaga lume o scuz\u0103 pentru a abuza de m\u0103surile de izolare, au creat o imagine denaturat\u0103 a severit\u0103\u021bii pandemiei actuale.<\/strong><\/p>\n\n\n\n<p class=\"has-vivid-cyan-blue-color has-text-color has-medium-font-size wp-block-paragraph\"><strong>Contrar afirma\u021biilor OMS \u0219i ale virologilor germani Christian Drosten \u0219i Lothar Wieler de la institutul Robert Koch, testele PCR \u201enu dau nici o indica\u021bie despre infectarea cu nici un virus, cu at\u00e2t mai pu\u021bin cu SARS-CoV-2\u201d, a declarat Fuellmich.<\/strong><\/p>\n\n\n\n<p class=\"wp-block-paragraph\"><\/p>\n\n\n\n<figure class=\"wp-block-image size-full\"><img loading=\"lazy\" decoding=\"async\" width=\"273\" height=\"185\" src=\"https:\/\/desteptati-va.ro\/wp-content\/uploads\/2022\/03\/Kary-Mullis.jpg\" alt=\"\" class=\"wp-image-4847\"\/><\/figure>\n\n\n\n<p class=\"has-vivid-cyan-blue-color has-text-color has-medium-font-size wp-block-paragraph\"><strong>\u201eNu doar c\u0103 testele PCR nu au fost aprobate expres pentru scopuri de diagnosticare, a\u0219a dup\u0103 cum corect scrie pe prospectele care \u00eenso\u021besc aceste teste, \u0219i dup\u0103 cum inventatorul testului PCR, Kary Mullis, a subliniat \u00een mod repetat\u201d, a continuat Fuellmich. \u201eDimpotriv\u0103, sunt pur \u0219i simplu incapabile s\u0103 pun\u0103 un diagnostic pentru nici o boal\u0103.\u201d<\/strong><\/p>\n\n\n\n<p class=\"has-vivid-cyan-blue-color has-text-color has-medium-font-size wp-block-paragraph\"><strong>\u201eContrar afirma\u021biilor lui Drosten, Wieler \u0219i OMS, f\u0103cute de la declararea pandemiei, rezultatul unui test PCR pozitiv nu \u00eenseamn\u0103 c\u0103 este prezent\u0103 o infec\u021bie\u201d, a spus Fuellmich.<\/strong><\/p>\n\n\n\n<p class=\"has-vivid-cyan-blue-color has-text-color has-medium-font-size wp-block-paragraph\"><strong>\u201eDac\u0103 cineva este testat pozitiv, nu \u00eenseamn\u0103 c\u0103 este infectat cu ceva, cu at\u00e2t mai pu\u021bin cu virusul contagios SARS-CoV-2.\u201d<\/strong><\/p>\n\n\n\n<p class=\"has-vivid-cyan-blue-color has-text-color has-medium-font-size wp-block-paragraph\"><strong>\u00cen acest context, Fuellmich a citat un document al Centrului pentru Controlul \u0219i Preven\u021bia Bolilor din Statele Unite (CDC) care afirm\u0103 c\u0103 \u201edepistarea unui ARN viral nu indic\u0103 prezen\u021ba unui virus infec\u021bios sau c\u0103 2019-nCoV este agentul cauzator al simptomelor clinice\u201d.<\/strong><\/p>\n\n\n\n<p class=\"wp-block-paragraph\"><\/p>\n\n\n\n<p class=\"has-black-color has-text-color has-medium-font-size wp-block-paragraph\">Bun\u0103 ziua. Numele meu este Reiner Fullmich \u0219i \u00eemi face pl\u0103cere s\u0103 fiu membru al acestui grup de avoca\u021bi na\u021bionali \u0219i interna\u021bionali care colaboreaz\u0103 de mai multe luni la acest caz, care implic\u0103 cele mai odioase crime \u00eempotriva umanit\u0103\u021bii comise sub pretextul unei pandemii corona la scar\u0103 global\u0103. Pare complicat dar la prima vedere c\u00e2nd pune\u021bi cap la cap toate piesele mici ale acestui puzzle, ceea ce vom face pentru dumneavoastr\u0103, cu ajutorul multor exper\u021bi renumi\u021bi \u0219i al\u021bi martori \u00een timpul acestor proceduri, ve\u021bi vedea patru tipuri de fapte.<\/p>\n\n\n\n<p class=\"has-black-color has-text-color has-medium-font-size wp-block-paragraph\">1. Nu exist\u0103 o pandemie Corona ci doar un plan alimentat de TESTELE PCR care au elaborat o opera\u021biune psihologic\u0103 menit\u0103 s\u0103 creeze o stare constant\u0103 de panic\u0103 \u00een r\u00e2ndul popula\u021biei lumii.<\/p>\n\n\n\n<p class=\"has-black-color has-text-color has-medium-font-size wp-block-paragraph\">Aceast\u0103 agend\u0103 a fost planificat\u0103 cu mult timp \u00een urm\u0103, precursoarea fiin Gripa Porcin\u0103, \u00een urm\u0103 cu 12 ani, dar f\u0103r\u0103 succes \u0219i a fost preg\u0103tit\u0103 de un grup de Psihopa\u021bi \u0219i Sociopa\u021bi super boga\u021bi \u0219i care ur\u0103sc oamenii, se tem de oameni, nu au Empatie \u0219i sunt mina\u021bi de dorin\u021ba de a ob\u021bine Controlul deplin asupra popula\u021biei lumii. Se folosesc de guvernele noastre \u0219i de Mass-media pe care le controleaz\u0103 \u00een totalitate pentru a transmite propaganda de panic\u0103 24 de ore \u00een cele 7 zile.<\/p>\n\n\n\n<p class=\"has-black-color has-text-color has-medium-font-size wp-block-paragraph\">2. Virusul \u00een sine poate fi tratat \u00een siguran\u021b\u0103 \u0219i eficient cu Vitamina C, D Ainc etc \u0219i de asemenea cu Ivermectina \u0219i Hidroxiclorochina etc.<\/p>\n\n\n\n<p class=\"has-black-color has-text-color has-medium-font-size wp-block-paragraph\">Dar toate acestea nu au fost metode alternative de tratament ci metode reale de tratament care au fost interzise de cei care se folosesc de aceast\u0103 plandemie pentru a-\u0219i atinge scopul final, acela ca toti oamenii, \u0219i vom ar\u0103ta \u00een aceast\u0103 procedur\u0103, s\u0103 fie injecta\u021bi cu injec\u021bii letale experimentale, extrem de periculoase.<\/p>\n\n\n\n<p class=\"has-black-color has-text-color has-medium-font-size wp-block-paragraph\">3. Acelea\u0219i persoane care au creat Gripa Porcin\u0103 \u00een urm\u0103 cu 12 ani \u0219i care s-a dovedit a fi o grip\u0103 u\u0219oar\u0103 au schimbat defini\u021bia Pandemiei \u0219i creerea Panicii cu aceast\u0103 Pandemie Corona. Scopul a fost distragerea aten\u021biei popula\u021biei de la activit\u0103\u021bile frauduloase \u0219i ilegale ale Industriei lor Financiare adic\u0103 Mafia Financiar\u0103, care a devenit vizibil\u0103 prin Criza Lehman, acesta fiind unul dintre scopurile lor ale acestei Pandemii Corona de azi.<\/p>\n\n\n\n<p class=\"has-black-color has-text-color has-medium-font-size wp-block-paragraph\">Dac\u0103 privim atent, \u00een timpul crizei Lehman am crezut orbe\u0219te guvernele care promiteau tragerea la r\u0103spundere a vinova\u021bilor crizei financiare, am fi v\u0103zut c\u0103 au jefuit banii publici de zeci de ani, iar guvernele noastre nu mai sunt ale noastre ci au tecut de cealalt\u0103 parte, prin platforma lor principal\u0103 Forumul Economic Mondial care \u0219i-a creat proprii lideri globali\u0219ti, prin programul \u0218coala Tinerilor Globali\u0219ti, \u00eenc\u0103 din anul 1992.<\/p>\n\n\n\n<p class=\"has-black-color has-text-color has-medium-font-size wp-block-paragraph\">Primii absolven\u021bi ai acestei \u0219coli au fost Angela Merkel \u0219i Bill Gates \u0219i a\u0219a am fi \u00een\u021beles cum se procedeaz\u0103. Aceste crime financiare nu au fost contestate de politicienii no\u0219tri, deoarece au fost ajuta\u021bi \u0219i \u00eencuraja\u021bi iar \u00een cele din urm\u0103 au ob\u021binut profituri din aceste crime financiare.<\/p>\n\n\n\n<p class=\"has-black-color has-text-color has-medium-font-size wp-block-paragraph\">4. \u00cen cele din urm\u0103 vom ar\u0103ta juriului c\u0103 scopul principal este de a ob\u021bine controlul deplin \u0219i complet asupra tuturor.<\/p>\n\n\n\n<p class=\"has-black-color has-text-color has-medium-font-size wp-block-paragraph\">Aceasta implic\u0103 finalizarea jefuirii, prin distrugerea deliberat\u0103 a interprinderilor mici \u0219i mijlocii, comer\u021bul cu am\u0103nuntul, hoteluri, restaurante astfel \u00eenc\u00e2t, platforme precum Amazon, s\u0103 le poat\u0103 controla \u0219i prelua. Acest lucru implic\u0103 controlul popula\u021biei care \u00een opinia lor necesit\u0103 at\u00e2t o reducere masiv\u0103 a popula\u021biei c\u00e2t \u0219i manipularea ADN-ului popula\u021biei r\u0103mase cu ajutorul injec\u021biilor experimentale mRNA.<\/p>\n\n\n\n<p class=\"has-black-color has-text-color has-medium-font-size wp-block-paragraph\">De asemenea \u00een opinia lor este necesar distrugerea deliberat\u0103 a democra\u021biei statului de drept \u0219i a constitu\u021biilor noastre prin haos, astfel \u00eenc\u00e2t sa fim de acord s\u0103 pierdem identit\u0103\u021bile noastre na\u021bionale \u0219i culturale \u0219i \u00een schimb s\u0103 accept\u0103m un Guvern Unic Mondial, ONU care se afl\u0103 sub controlul lor deplin \u0219i al Forumului Economic Mondial, prin acceptarea pa\u0219aportului digital prin care fiecare mi\u0219care s\u0103 fie monitorizat\u0103 \u0219i controlat\u0103, o moned\u0103 digital\u0103 pe care o vom putea primi de la o singura Banc\u0103 Mondial\u0103 desigur tot a lor. <\/p>\n\n\n\n<p class=\"has-black-color has-text-color has-medium-font-size wp-block-paragraph\">\u00cen concluzie dup\u0103 ce ve\u021bi auzi toate probele, suntem \u00eencrez\u0103tori c\u0103 ve\u021bi recomanda rechizitorii \u00eempotriva tuturor celor 6 Inculpa\u021bi printre care Christian Drosden din Germania, Anthoni Fauci din SUA, Tedros Adhanom de la OMS, Bill Gates, Blackrock \u0219i Pfizer.  <\/p>\n\n\n\n<div class=\"wp-block-columns is-layout-flex wp-container-core-columns-is-layout-8f761849 wp-block-columns-is-layout-flex\">\n<div class=\"wp-block-column is-layout-flow wp-block-column-is-layout-flow\">\n<figure class=\"wp-block-image size-full\"><img loading=\"lazy\" decoding=\"async\" width=\"300\" height=\"168\" src=\"https:\/\/desteptati-va.ro\/wp-content\/uploads\/2022\/03\/Christian-Drosden.jpg\" alt=\"\" class=\"wp-image-4854\"\/><figcaption>Christian Drosden<\/figcaption><\/figure>\n<\/div>\n\n\n\n<div class=\"wp-block-column is-vertically-aligned-center is-layout-flow wp-block-column-is-layout-flow\">\n<figure class=\"wp-block-image size-full is-resized\"><img loading=\"lazy\" decoding=\"async\" src=\"https:\/\/desteptati-va.ro\/wp-content\/uploads\/2022\/03\/Anthoni-Fauci.jpg\" alt=\"\" class=\"wp-image-4856\" width=\"172\" height=\"172\"\/><figcaption>Anthoni Fauci<\/figcaption><\/figure>\n<\/div>\n<\/div>\n\n\n\n<div class=\"wp-block-columns is-layout-flex wp-container-core-columns-is-layout-8f761849 wp-block-columns-is-layout-flex\">\n<div class=\"wp-block-column is-layout-flow wp-block-column-is-layout-flow\">\n<figure class=\"wp-block-image size-full\"><img loading=\"lazy\" decoding=\"async\" width=\"225\" height=\"225\" src=\"https:\/\/desteptati-va.ro\/wp-content\/uploads\/2022\/03\/Tedros-Adhanom.jpg\" alt=\"\" class=\"wp-image-4855\"\/><figcaption>Tedros Adhanom<\/figcaption><\/figure>\n<\/div>\n\n\n\n<div class=\"wp-block-column is-layout-flow wp-block-column-is-layout-flow\">\n<figure class=\"wp-block-image size-full is-resized\"><img loading=\"lazy\" decoding=\"async\" src=\"https:\/\/desteptati-va.ro\/wp-content\/uploads\/2022\/03\/Bill-Gates.jpg\" alt=\"\" class=\"wp-image-4853\" width=\"163\" height=\"221\"\/><figcaption>Bill Gates<\/figcaption><\/figure>\n<\/div>\n<\/div>\n\n\n\n<p class=\"has-black-color has-text-color has-medium-font-size wp-block-paragraph\">Doamnelor \u0219i domnilor acest caz este despre o Agend\u0103 Planificat\u0103 de mult timp a unui grup de oameni ultrabogati \u0219i mafia lor financiar\u0103 cu sediul \u00een Londra \u0219i pe Wall Street  s\u0103 foloseasc\u0103 o pseudopandemie, \u00een spatele c\u0103reia ei doresc sa-\u0219i finalizeze planurile de decenii pentru a ob\u021bine controlul deplin, timp \u00een care popula\u021biei \u00eei este distras\u0103 aten\u021bia de aceast\u0103 pandemie.<\/p>\n\n\n\n<p class=\"has-black-color has-text-color has-medium-font-size wp-block-paragraph\">Sunt numeroase platforme pe care acest grup s-au \u00eent\u00e2lnit \u0219i au discutat aceast\u0103 Agend\u0103, dar cea mai important\u0103 este cea a Forumului Economic Mondial care a fost \u00eenfiin\u021bat \u00een 1971 de Klaus Schwab.<\/p>\n\n\n\n<div class=\"wp-block-columns is-layout-flex wp-container-core-columns-is-layout-8f761849 wp-block-columns-is-layout-flex\">\n<div class=\"wp-block-column is-layout-flow wp-block-column-is-layout-flow\">\n<figure class=\"wp-block-image size-full\"><img loading=\"lazy\" decoding=\"async\" width=\"275\" height=\"183\" src=\"https:\/\/desteptati-va.ro\/wp-content\/uploads\/2022\/03\/Klaus-Schwab.jpg\" alt=\"\" class=\"wp-image-4858\"\/><figcaption>Klaus Schwab<\/figcaption><\/figure>\n<\/div>\n\n\n\n<div class=\"wp-block-column is-layout-flow wp-block-column-is-layout-flow\"><\/div>\n<\/div>\n\n\n\n<p class=\"has-black-color has-text-color has-medium-font-size wp-block-paragraph\">Membrii s\u0103i sunt o mie de corpora\u021bii globale cu cel pu\u021bin 5 miliarde de dolari \u00een v\u00e2nz\u0103ri anuale, politicieni, reprezentan\u021bi Mass Media, oameni de \u0219tiin\u021b\u0103 \u0219i alte a\u0219a zise personalit\u0103\u021bi de profil \u00eenalt, se \u00eent\u00e2lnesc anual la Davos, dar exist\u0103 \u0219i \u00een China.<\/p>\n\n\n\n<p class=\"has-black-color has-text-color has-medium-font-size wp-block-paragraph\">Din 1992 au creat propriul grup de lideri politici mondiali, printre primii absolven\u021bi a\u0219a cum am spus mai \u00eenainte sunt Angela Merkel \u0219i Bill Gates, precum \u0219i Sebastian Kurz fost candelar al Austriei, Justin Trudeu prim-ministru al Canadei, Jacinda Andern prim-ministru ak Noii Zeelande, Francois Macron pre\u0219edintele Fran\u021bei \u0219i mul\u021bi al\u021bii.<\/p>\n\n\n\n<div class=\"wp-block-columns is-layout-flex wp-container-core-columns-is-layout-8f761849 wp-block-columns-is-layout-flex\">\n<div class=\"wp-block-column is-layout-flow wp-block-column-is-layout-flow\">\n<figure class=\"wp-block-image size-full\"><img loading=\"lazy\" decoding=\"async\" width=\"200\" height=\"252\" src=\"https:\/\/desteptati-va.ro\/wp-content\/uploads\/2022\/03\/Angela-Merkel.jpg\" alt=\"\" class=\"wp-image-4861\"\/><figcaption>Angela Merkel <\/figcaption><\/figure>\n<\/div>\n\n\n\n<div class=\"wp-block-column is-layout-flow wp-block-column-is-layout-flow\">\n<figure class=\"wp-block-image size-full is-resized\"><img loading=\"lazy\" decoding=\"async\" src=\"https:\/\/desteptati-va.ro\/wp-content\/uploads\/2022\/03\/Bill-Gates.jpg\" alt=\"\" class=\"wp-image-4853\" width=\"183\" height=\"248\"\/><figcaption>Bill Gates<\/figcaption><\/figure>\n<\/div>\n<\/div>\n\n\n\n<div class=\"wp-block-columns is-layout-flex wp-container-core-columns-is-layout-8f761849 wp-block-columns-is-layout-flex\">\n<div class=\"wp-block-column is-layout-flow wp-block-column-is-layout-flow\">\n<figure class=\"wp-block-image size-full\"><img loading=\"lazy\" decoding=\"async\" width=\"183\" height=\"275\" src=\"https:\/\/desteptati-va.ro\/wp-content\/uploads\/2022\/03\/Sebastian-Kurz.jpg\" alt=\"\" class=\"wp-image-4863\"\/><figcaption>Sebastian Kurz<\/figcaption><\/figure>\n<\/div>\n\n\n\n<div class=\"wp-block-column is-layout-flow wp-block-column-is-layout-flow\">\n<figure class=\"wp-block-image size-full is-resized\"><img loading=\"lazy\" decoding=\"async\" src=\"https:\/\/desteptati-va.ro\/wp-content\/uploads\/2022\/03\/Justin-Trudeu.jpg\" alt=\"\" class=\"wp-image-4864\" width=\"193\" height=\"273\"\/><figcaption>Justin Trudeu<\/figcaption><\/figure>\n<\/div>\n<\/div>\n\n\n\n<div class=\"wp-block-columns is-layout-flex wp-container-core-columns-is-layout-8f761849 wp-block-columns-is-layout-flex\">\n<div class=\"wp-block-column is-layout-flow wp-block-column-is-layout-flow\">\n<figure class=\"wp-block-image size-full\"><img loading=\"lazy\" decoding=\"async\" width=\"220\" height=\"229\" src=\"https:\/\/desteptati-va.ro\/wp-content\/uploads\/2022\/03\/Jacinda-Andern.jpg\" alt=\"\" class=\"wp-image-4865\"\/><figcaption>Jacinda Andern<\/figcaption><\/figure>\n<\/div>\n\n\n\n<div class=\"wp-block-column is-layout-flow wp-block-column-is-layout-flow\">\n<figure class=\"wp-block-image size-full is-resized\"><img loading=\"lazy\" decoding=\"async\" src=\"https:\/\/desteptati-va.ro\/wp-content\/uploads\/2022\/03\/Francois-Macron.jpg\" alt=\"\" class=\"wp-image-4866\" width=\"156\" height=\"225\"\/><figcaption>Francois Macron<\/figcaption><\/figure>\n<\/div>\n<\/div>\n\n\n\n<p class=\"has-black-color has-text-color has-medium-font-size wp-block-paragraph\">Acest grup care se nume\u0219te Clica Davos a declarat \u00een mod deschis planul Marii Reset\u0103ri al lui Klaus Schwab, care este o important\u0103 surs\u0103 de informare care promoveaz\u0103 transferul activelor lumii c\u0103tre acest Grup de oameni super boga\u021bi, astfel \u00eenc\u00e2t \u00een 2030, oameni obi\u0219nui\u021bi s\u0103 nu De\u021bin\u0103 Nimic \u0219i s\u0103 fie Ferici\u021bi, sub un singur Guvern Mondial cu o moned\u0103 digital\u0103 oferit\u0103 de o singur\u0103 Banc\u0103 Mondial\u0103.<\/p>\n\n\n\n<p class=\"has-black-color has-text-color has-medium-font-size wp-block-paragraph\">De asemenea acesti oameni precum inculpatul Bill Gates, Rockefellerii \u0219i al\u021bii promoveaz\u0103 reducerea drastic\u0103 a popula\u021biei lumii \u0219i manipularea ADN-ului popula\u021biei r\u0103mase p\u00e2n\u0103 la Transhumanism, obiectivul cel mai important fiin controlul \u0219i jefuirea sistemului Financiar prin Implozie, Moneda Digital\u0103 emis\u0103 de o Banc\u0103 Mondial\u0103 controlat\u0103 de acestia \u0219i introducerea uni Guvern Mondial sub ONU, care a intrat sub controlul lor deplin din 2019.<\/p>\n\n\n\n<p class=\"has-black-color has-text-color has-medium-font-size wp-block-paragraph\">\u00cen acest scop au f\u0103cut planuri concrete pentru aceasta Pandemie Corona din prim\u0103vara anului 2001.<\/p>\n\n\n\n<p class=\"has-black-color has-text-color has-medium-font-size wp-block-paragraph\">Opera\u021biunea Dark Winter urmat\u0103 de exervi\u021biul Lockstep de c\u0103tre Funda\u021bia Rockefeller \u00een 2010 \u0219i apoi Event 201 din Octombrie 2019 de la New York sponsorizat de Centrul pentru Securitatea S\u0103n\u0103t\u0103\u021bii Johns Hopkings, Funda\u021bia Rockefeller, Forumul Economic Mondial \u0219i Funda\u021bia Bill \u0219i Melinda Gates.<\/p>\n\n\n\n<p class=\"has-black-color has-text-color has-medium-font-size wp-block-paragraph\">Stima\u021bi membri ai juriului, \u00een acest proces vom aduce o serie de martori exper\u021bi renumi\u021bi din toate domeniile \u0219tiin\u021bei dar \u0219i martori care vor depune m\u0103rturie despre daunele suferite, ca urmare a inject\u0103rii cu aceste seruri experimentale.<\/p>\n\n\n\n<p class=\"has-black-color has-text-color has-medium-font-size wp-block-paragraph\">Dup\u0103 declara\u021biile de deschidere pe parcursul unei s\u0103pt\u0103m\u00e2ni vom audia, fo\u0219ti membri ai armatei americane, James Bush care a participat la Opera\u021biunea Dark Winter din 2001, fo\u0219ti membri ai Serviciilor de Informa\u021bii Britanice Brian Garnish \u0219i Alex Thomson, jurnali\u0219ti de investiga\u021bie Witney Webb \u0219i Matthew Arot, fo\u0219ti consilieri angaja\u021bi la World Health Organization Dr. Sylvia Behrend \u0219i Dr. Astrid Stuckelberger ne vor explica fundalul istoric \u0219i geopolitic cu care ne confrunt\u0103m \u0219i ne vor ar\u0103ta cum a fost planificat\u0103 aceast\u0103 agend\u0103 \u00een urm\u0103 cu 20 de ani, \u00eencep\u00e2nd cu Opera\u021biunea Dark Winter din 2001 iar 10 ani mai t\u00e2rziu cu scenariul ini\u021biat de Funda\u021bia Rockefeller \u0219i care s-a \u00eencheiat cu repeti\u021bia general\u0103 din Octombrie 2019 Event 201. <\/p>\n\n\n\n<div class=\"wp-block-columns is-layout-flex wp-container-core-columns-is-layout-8f761849 wp-block-columns-is-layout-flex\">\n<div class=\"wp-block-column is-layout-flow wp-block-column-is-layout-flow\">\n<figure class=\"wp-block-image size-full is-resized\"><img loading=\"lazy\" decoding=\"async\" src=\"https:\/\/desteptati-va.ro\/wp-content\/uploads\/2022\/03\/Witney-Webb.jpg\" alt=\"\" class=\"wp-image-4869\" width=\"254\" height=\"152\"\/><figcaption>Witney Webb<\/figcaption><\/figure>\n<\/div>\n\n\n\n<div class=\"wp-block-column is-layout-flow wp-block-column-is-layout-flow\">\n<figure class=\"wp-block-image size-full is-resized\"><img loading=\"lazy\" decoding=\"async\" src=\"https:\/\/desteptati-va.ro\/wp-content\/uploads\/2022\/03\/Sylvia-Behrend.jpg\" alt=\"\" class=\"wp-image-4871\" width=\"161\" height=\"161\"\/><figcaption>Sylvia Behrend<\/figcaption><\/figure>\n<\/div>\n\n\n\n<div class=\"wp-block-column is-layout-flow wp-block-column-is-layout-flow\">\n<figure class=\"wp-block-image size-full is-resized\"><img loading=\"lazy\" decoding=\"async\" src=\"https:\/\/desteptati-va.ro\/wp-content\/uploads\/2022\/03\/Astrid-Stuckelberger.jpg\" alt=\"\" class=\"wp-image-4872\" width=\"183\" height=\"162\"\/><figcaption>Astrid Stuckelberger<\/figcaption><\/figure>\n<\/div>\n<\/div>\n\n\n\n<p class=\"has-black-color has-text-color has-medium-font-size wp-block-paragraph\">\u00cen final vom explica cum, atunci c\u00e2nd nu existau cazuri de infec\u021bie de care aveau nevoie pentru a declara o urgen\u021b\u0103 a s\u0103n\u0103t\u0103\u021bii publice la nivel interna\u021bional, au Creat-o cu ajutorul inculpatului Christian Drosden care a inventat povestea asimptomaticilor, infec\u021bii care nu exista, cu Testul PCR \u0219i modul prin care s\u0103 detecteze \u00een mas\u0103 persoanele infectate, dar perfect s\u0103n\u0103toase, cu minciuna c\u0103 sunt infecta\u021bi, \u0219i v\u0103 vom demonstra.<\/p>\n\n\n\n<p class=\"has-black-color has-text-color has-medium-font-size wp-block-paragraph\">Vom continua cu urm\u0103torul grup de martori Dr. Wolfgang Wodark un specialist pneumolog cu experien\u021b\u0103 \u0219i fost membru \u00een Bundestagul german \u0219i \u00een Consiliul Europei care a reu\u0219it s\u0103 expun\u0103 prima \u00eencercare a celeilalte p\u0103r\u021bi de a crea o pandemie acum 12 ani, adic\u0103 Gripa Porcin\u0103.<\/p>\n\n\n\n<div class=\"wp-block-columns is-layout-flex wp-container-core-columns-is-layout-8f761849 wp-block-columns-is-layout-flex\">\n<div class=\"wp-block-column is-layout-flow wp-block-column-is-layout-flow\">\n<figure class=\"wp-block-image size-full\"><img loading=\"lazy\" decoding=\"async\" width=\"276\" height=\"183\" src=\"https:\/\/desteptati-va.ro\/wp-content\/uploads\/2022\/03\/Wolfgang-Wodark.jpg\" alt=\"\" class=\"wp-image-4875\"\/><figcaption>Wolfgang Wodark<\/figcaption><\/figure>\n<\/div>\n\n\n\n<div class=\"wp-block-column is-layout-flow wp-block-column-is-layout-flow\">\n<figure class=\"wp-block-image size-full\"><img loading=\"lazy\" decoding=\"async\" width=\"284\" height=\"177\" src=\"https:\/\/desteptati-va.ro\/wp-content\/uploads\/2022\/03\/MIKE-YEDEN.jpg\" alt=\"\" class=\"wp-image-4877\"\/><figcaption>Mike Yeden <\/figcaption><\/figure>\n<\/div>\n<\/div>\n\n\n\n<p class=\"has-black-color has-text-color has-medium-font-size wp-block-paragraph\">Profesor Ulrike Kemra biolog la Universitatea din Wurtzburg, Dr MIKE YEDEN ex-vicepre\u0219edinte la Pfizer, Dr Sylvia Behrend, Dr Astrid Stuckelberger, Profesor Dolores Cahill din Dublin, profesor Antonia Tagati din Italia, profesor Bergholz din Germania.<\/p>\n\n\n\n<div class=\"wp-block-columns is-layout-flex wp-container-core-columns-is-layout-8f761849 wp-block-columns-is-layout-flex\">\n<div class=\"wp-block-column is-layout-flow wp-block-column-is-layout-flow\">\n<figure class=\"wp-block-image size-full is-resized\"><img loading=\"lazy\" decoding=\"async\" src=\"https:\/\/desteptati-va.ro\/wp-content\/uploads\/2022\/03\/Dolores-Cahill.jpg\" alt=\"\" class=\"wp-image-4878\" width=\"144\" height=\"215\"\/><figcaption>Dolores Cahill<\/figcaption><\/figure>\n<\/div>\n\n\n\n<div class=\"wp-block-column is-layout-flow wp-block-column-is-layout-flow\">\n<figure class=\"wp-block-image size-full\"><img loading=\"lazy\" decoding=\"async\" width=\"234\" height=\"215\" src=\"https:\/\/desteptati-va.ro\/wp-content\/uploads\/2022\/03\/Werner-Bergholz.jpg\" alt=\"\" class=\"wp-image-4879\"\/><figcaption>Werner Bergholz<\/figcaption><\/figure>\n<\/div>\n<\/div>\n\n\n\n<p class=\"has-black-color has-text-color has-medium-font-size wp-block-paragraph\">Ace\u0219ti exper\u021bi ne vor explica ce se afl\u0103 \u00een spatele legendei din Pia\u021ba Wuhan. Ne vor ar\u0103ta c\u0103 virusul nu este mai periculos dec\u00e2t o grip\u0103 obi\u0219nuit\u0103, ca Testul PCR nu ne spune nimic despre Infec\u021bii dar este folosit ca instrument de baz\u0103 \u00een detectarea Corona. M\u0103surile anti-corona, inclusiv cea a a\u0219a ziselor vaccinuri, care nu sunt doar ineficiente dar sunt extrem de periculoase, indiferent de originea natural\u0103 sau artificial\u0103 a virusului, sistemul nostru Imunitar este perfect capabil s\u0103 fac\u0103 fa\u021b\u0103 virusului, a\u0219a cum o demonstreaz\u0103 rata mortalit\u0103\u021bii care este de 0,14% \u0219i mai pu\u021bin chiar.<\/p>\n\n\n\n<p class=\"has-black-color has-text-color has-medium-font-size wp-block-paragraph\">Nu a existat nici-un exces de mortalitate p\u00e2n\u0103 la \u00eenceputul anului 2020 dar au avut nevoie de cazuri pentru a declara o pandemie interna\u021bional\u0103, aceasta fiind posibil\u0103 doar \u00een conformitate cu propriile lor reguli pe care toate guvernele \u0219i statele membre ale OMS, convenind s\u0103 utilizeze noi medicamente netestate \u0219i injec\u021biile experimentale asupra oamenilor.<\/p>\n\n\n\n<p class=\"has-black-color has-text-color has-medium-font-size wp-block-paragraph\">Dup\u0103 o prima \u00eencercare e\u0219uat\u0103 de a declara aceast\u0103 pandemie interna\u021bional\u0103, deoarece nu erau cazuri, au \u00eencercat din nou \u00een Ianuarie 2020 cre\u00e2nd aceste cazuri cu ajutorul Testului Drosden PCR, iar dup\u0103 dou\u0103 s\u0103pt\u0103m\u00e2ni au anun\u021bat Pandemia.<\/p>\n\n\n\n<p class=\"has-black-color has-text-color has-medium-font-size wp-block-paragraph\">Vom auzi de la ace\u0219ti exper\u021bi c\u0103 aceste cazuri au fost aproape toate Fals Pozitive, nimic altceva.<\/p>\n\n\n\n<p class=\"has-black-color has-text-color has-medium-font-size wp-block-paragraph\">Urm\u0103torul grup de exper\u021bi sunt Dr. Thomas Binder din Elve\u021bia, Dr. Brian Ardus din Texas, Dr. Shankara Chetty din Africa de Sud, Dr. Wolfgang Wodark din Germania \u0219i Dr. John O Looney din Anglia.<\/p>\n\n\n\n<div class=\"wp-block-columns is-layout-flex wp-container-core-columns-is-layout-8f761849 wp-block-columns-is-layout-flex\">\n<div class=\"wp-block-column is-layout-flow wp-block-column-is-layout-flow\">\n<figure class=\"wp-block-image size-full\"><img loading=\"lazy\" decoding=\"async\" width=\"277\" height=\"182\" src=\"https:\/\/desteptati-va.ro\/wp-content\/uploads\/2022\/03\/Thomas-Binder.jpg\" alt=\"\" class=\"wp-image-4882\"\/><figcaption>Thomas Binder<\/figcaption><\/figure>\n<\/div>\n\n\n\n<div class=\"wp-block-column is-layout-flow wp-block-column-is-layout-flow\">\n<figure class=\"wp-block-image size-full is-resized\"><img loading=\"lazy\" decoding=\"async\" src=\"https:\/\/desteptati-va.ro\/wp-content\/uploads\/2022\/03\/Shankara-Chetty.jpg\" alt=\"\" class=\"wp-image-4883\" width=\"181\" height=\"181\"\/><figcaption>Shankara Chetty<\/figcaption><\/figure>\n<\/div>\n<\/div>\n\n\n\n<p class=\"has-black-color has-text-color has-medium-font-size wp-block-paragraph\">Ace\u0219ti exper\u021bi ne vor spune cum am asistat chiar de la \u00eenceput la o interzicere deliberat\u0103 a metodelor normale \u0219i eficiente de tratare a bolilor respiratorii.<\/p>\n\n\n\n<p class=\"has-black-color has-text-color has-medium-font-size wp-block-paragraph\">\u00cen schimb au mandatat tratamente care sunt considerate Malpraxis medical grav, intubarea \u00een sta\u021biile de terapie intensiv\u0103, Remdesivir, Midezolam.<\/p>\n\n\n\n<p class=\"has-black-color has-text-color has-medium-font-size wp-block-paragraph\">John O Looney va explica cum a crezut la \u00eenceput \u00een aceast\u0103 pandemie \u0219i a ajutat BBC la \u00eenceput cum s\u0103 promoveze propaganda de panic\u0103, \u00eens\u0103 \u0219i-a dat seama cum sub masca Pandemiei oamenii au fost Uci\u0219i \u00een mod Inten\u021bionat. <\/p>\n\n\n\n<p class=\"has-black-color has-text-color has-medium-font-size wp-block-paragraph\">Voi chema apoi un alt grup de exper\u021bi inclusiv Profesorul Alexandra Court din Fran\u021ba, profesor Shukarid Baghdi din Germania. Dr. Mike Yeden, Profesor Luke Montagnier din Fran\u021ba, Dr. Vanesa Schmit Kruger din Germania, Dr. Robert Malone inventatorul vaccinului mRNA \u0219i profesorul patolog Anabilka din Germania.<\/p>\n\n\n\n<div class=\"wp-block-columns is-layout-flex wp-container-core-columns-is-layout-8f761849 wp-block-columns-is-layout-flex\">\n<div class=\"wp-block-column is-layout-flow wp-block-column-is-layout-flow\">\n<figure class=\"wp-block-image size-full\"><img loading=\"lazy\" decoding=\"async\" width=\"224\" height=\"224\" src=\"https:\/\/desteptati-va.ro\/wp-content\/uploads\/2022\/03\/Alexandra-Court.jpg\" alt=\"\" class=\"wp-image-4886\"\/><figcaption>Alexandra Court<\/figcaption><\/figure>\n<\/div>\n\n\n\n<div class=\"wp-block-column is-layout-flow wp-block-column-is-layout-flow\">\n<figure class=\"wp-block-image size-full is-resized\"><img loading=\"lazy\" decoding=\"async\" src=\"https:\/\/desteptati-va.ro\/wp-content\/uploads\/2022\/03\/Shukarid-Baghdi.jpg\" alt=\"\" class=\"wp-image-4887\" width=\"151\" height=\"223\"\/><figcaption>Shukarid Baghdi<\/figcaption><\/figure>\n<\/div>\n<\/div>\n\n\n\n<div class=\"wp-block-columns is-layout-flex wp-container-core-columns-is-layout-8f761849 wp-block-columns-is-layout-flex\">\n<div class=\"wp-block-column is-layout-flow wp-block-column-is-layout-flow\">\n<figure class=\"wp-block-image size-full\"><img loading=\"lazy\" decoding=\"async\" width=\"300\" height=\"168\" src=\"https:\/\/desteptati-va.ro\/wp-content\/uploads\/2022\/03\/Luke-Montagnier.jpg\" alt=\"\" class=\"wp-image-4888\"\/><figcaption>Luke Montagnier<\/figcaption><\/figure>\n<\/div>\n\n\n\n<div class=\"wp-block-column is-layout-flow wp-block-column-is-layout-flow\">\n<figure class=\"wp-block-image size-full\"><img loading=\"lazy\" decoding=\"async\" width=\"300\" height=\"168\" src=\"https:\/\/desteptati-va.ro\/wp-content\/uploads\/2022\/03\/Robert-Malone.jpg\" alt=\"\" class=\"wp-image-4889\"\/><figcaption>Robert Malone<\/figcaption><\/figure>\n<\/div>\n<\/div>\n\n\n\n<p class=\"has-black-color has-text-color has-medium-font-size wp-block-paragraph\">Ace\u0219tia ne vor ar\u0103ta c\u0103 virusul nu a provocat o mortalitate \u00een execes, a existat o rat\u0103 de supravie\u021buire de 99,97%. Acum injec\u021biile Ucid Oameni \u0219i au cauzat o mortalitate \u00een exces de p\u00e2n\u0103 la 40 procente din Septembrie ca urmare a Otr\u0103virii cu Proteina SPIKE. Dr. Mike Yeden ne va spune cum un grup de oameni de \u0219tiin\u021b\u0103 au g\u0103sit dovezi concrete c\u0103 produc\u0103torii vaccinurilor experimenteaz\u0103 cu Doze Letale pentru a vedea efectele secundare Letale ce pot fi manipulate \u00een a\u0219a fel \u00eenc\u00e2t popula\u021bia nu va \u00een\u021belege ce se \u00eent\u00e2mpl\u0103.<\/p>\n\n\n\n<p class=\"has-black-color has-text-color has-medium-font-size wp-block-paragraph\">Urm\u0103torul grup de exper\u021bi ne va explica cum s-a ajuns aici, Profesor Mathias Desmond din Belgia, Dr. Ariane Billeran din Fran\u021ba, Dr. Meredith Miller din SUA,  Profesor Harald Wallach din Germania \u0219i Stefan Cohen angajat al Departamentului German de Interne. <\/p>\n\n\n\n<div class=\"wp-block-columns is-layout-flex wp-container-core-columns-is-layout-8f761849 wp-block-columns-is-layout-flex\">\n<div class=\"wp-block-column is-layout-flow wp-block-column-is-layout-flow\">\n<figure class=\"wp-block-image size-full\"><img loading=\"lazy\" decoding=\"async\" width=\"300\" height=\"168\" src=\"https:\/\/desteptati-va.ro\/wp-content\/uploads\/2022\/03\/Ariane-Billeran.jpg\" alt=\"\" class=\"wp-image-4890\"\/><figcaption>Ariane Billeran<\/figcaption><\/figure>\n<\/div>\n\n\n\n<div class=\"wp-block-column is-layout-flow wp-block-column-is-layout-flow\">\n<figure class=\"wp-block-image size-full is-resized\"><img loading=\"lazy\" decoding=\"async\" src=\"https:\/\/desteptati-va.ro\/wp-content\/uploads\/2022\/03\/Meredith-Miller.jpg\" alt=\"\" class=\"wp-image-4891\" width=\"167\" height=\"167\"\/><figcaption>Meredith Miller <\/figcaption><\/figure>\n<\/div>\n<\/div>\n\n\n\n<p class=\"has-black-color has-text-color has-medium-font-size wp-block-paragraph\">Ace\u0219ti exper\u021bi ne vor prezenta modul \u00een care cealalt\u0103 parte a decis Starea de Alert\u0103 Interna\u021bional\u0103 \u0219i ne-au b\u0103gat \u00een izolare, au emis mandate f\u0103r\u0103 sens, m\u0103\u0219tile d\u0103un\u0103toare \u0219i periculoase, distan\u021bare social\u0103, fizic\u0103 \u0219i psihologic\u0103. Scopul lor final sunt injec\u021biile ineficiente \u0219i periculoase, chiar letale, explic\u00e2ndu-ne \u00een detaliu cum a fost posibil\u0103 acceptarea de c\u0103tre popula\u021bie, printr-o opera\u021biune psihologic\u0103 gigantic\u0103 al mesajelor de panic\u0103 primite de la Mass Media \u0219i politicienii no\u0219tri, ambele de\u021binute de c\u0103tre cealalt\u0103 parte prin propaganda necru\u021b\u0103toare.<\/p>\n\n\n\n<p class=\"has-medium-font-size wp-block-paragraph\">Urm\u0103torul grup de exper\u021bi \u00eei include pe Leslie Manukian fost bancher de investi\u021bii din SUA, Naomi Wolf jurnalist \u0219i autor din SUA, Ernst Woyf profesor economist german, Christian Christ economist german, profesor Holger Greco economist german, Markus Crawi economist german.<\/p>\n\n\n\n<div class=\"wp-block-columns is-layout-flex wp-container-core-columns-is-layout-8f761849 wp-block-columns-is-layout-flex\">\n<div class=\"wp-block-column is-layout-flow wp-block-column-is-layout-flow\">\n<figure class=\"wp-block-image size-full is-resized\"><img loading=\"lazy\" decoding=\"async\" src=\"https:\/\/desteptati-va.ro\/wp-content\/uploads\/2022\/03\/Naomi-Wolf.jpg\" alt=\"\" class=\"wp-image-4893\" width=\"179\" height=\"240\"\/><figcaption>Naomi Wolf<\/figcaption><\/figure>\n<\/div>\n\n\n\n<div class=\"wp-block-column is-layout-flow wp-block-column-is-layout-flow\">\n<figure class=\"wp-block-image size-full is-resized\"><img loading=\"lazy\" decoding=\"async\" src=\"https:\/\/desteptati-va.ro\/wp-content\/uploads\/2022\/03\/Holger-Greco.jpg\" alt=\"\" class=\"wp-image-4895\" width=\"158\" height=\"238\"\/><figcaption>Holger Greco<\/figcaption><\/figure>\n<\/div>\n<\/div>\n\n\n\n<p class=\"has-medium-font-size wp-block-paragraph\">Ace\u0219ti exper\u021bi ne vor explica \u00een detaliu despre distrugerea inten\u021bionat\u0103 a economiei \u0219i despre modul de pr\u0103bu\u0219ire inten\u021bionat\u0103 a sistemului financiar pentru a sc\u0103pa de crimele comise \u00een trecut de zeci de ani jefuind economiile noastre publice pentru a introduce moneda digital\u0103 unic\u0103, a crea Banca Mondial\u0103 Unic\u0103, a introduce pa\u0219aportul digital.<\/p>\n\n\n\n<p class=\"has-medium-font-size wp-block-paragraph\">Ultimul grup de exper\u021bi \u00eei include pe Matew Erich jurnalist de investiga\u021bie din Canada, Vera Sharaff supravie\u021buitor al holocaustului, Ilana Rachel din Israel, rabinul Smith din New York, Patrick Wood expert \u00een tehnocratie din Sua, Avita Livni din Israel.<\/p>\n\n\n\n<div class=\"wp-block-columns is-layout-flex wp-container-core-columns-is-layout-8f761849 wp-block-columns-is-layout-flex\">\n<div class=\"wp-block-column is-layout-flow wp-block-column-is-layout-flow\">\n<figure class=\"wp-block-image size-full\"><img loading=\"lazy\" decoding=\"async\" width=\"225\" height=\"225\" src=\"https:\/\/desteptati-va.ro\/wp-content\/uploads\/2022\/03\/Matew-Erich.jpg\" alt=\"\" class=\"wp-image-4896\"\/><figcaption>Matew Erich<\/figcaption><\/figure>\n<\/div>\n\n\n\n<div class=\"wp-block-column is-layout-flow wp-block-column-is-layout-flow\">\n<figure class=\"wp-block-image size-full is-resized\"><img loading=\"lazy\" decoding=\"async\" src=\"https:\/\/desteptati-va.ro\/wp-content\/uploads\/2022\/03\/Patrick-Wood.jpg\" alt=\"\" class=\"wp-image-4897\" width=\"222\" height=\"222\"\/><figcaption>Patrick Wood <\/figcaption><\/figure>\n<\/div>\n<\/div>\n\n\n\n<p class=\"has-medium-font-size wp-block-paragraph\">Partea final\u0103 ainvestiga\u021biei va face ca ace\u0219ti exper\u021bi s\u0103 ne spun\u0103 cum o parte important\u0103 din Agenda are leg\u0103tur\u0103 cu controlul popula\u021biei sau mai degrab\u0103 cu EUGENICS.<\/p>\n\n\n\n<p class=\"has-medium-font-size wp-block-paragraph\">Dup\u0103 cel de-al doilea r\u0103zboi mondial EUGENICS a avut un nume prost Julian Huxley fondatorul UNESCO, el \u0219i un larg grup de oameni care au sus\u021binut ideea EUGENICS au continuat eforturile \u00een aceast\u0103 direc\u021bie paralel\u0103 cu ce s-a \u00eent\u00e2mplat acum 80 de ani \u0219i ceea ce se \u00eent\u00e2mpl\u0103 acum nu poate fi ignorat\u0103.<\/p>\n\n\n\n<p class=\"has-medium-font-size wp-block-paragraph\">Vera Sharaf ne va aminti acest lucru. Dup\u0103 ce ve\u021bi auzi toate dovezile pe care le avem, f\u0103r\u0103 \u00eendoial\u0103 ve\u021bi recomanda Rechizitorii \u00eempotriva tuturor inculpa\u021bilor no\u0219tri, pentru CRIME \u00eempotriva UMANIT\u0102\u021aII.<\/p>\n        <div class=\"booster-block booster-reactions-block\">\n            <div class=\"twp-reactions-icons\">\n                \n                <div class=\"twp-reacts-wrap\">\n                    <a react-data=\"be-react-1\" post-id=\"4799\" class=\"be-face-icons un-reacted\" href=\"javascript:void(0)\">\n                        <img decoding=\"async\" src=\"https:\/\/desteptati-va.ro\/wp-content\/plugins\/booster-extension\/\/assets\/icon\/happy.svg\" alt=\"Happy\">\n                    <\/a>\n                    <div class=\"twp-reaction-title\">\n                        Happy                    <\/div>\n                    <div class=\"twp-count-percent\">\n                                                    <span style=\"display: none;\" class=\"twp-react-count\">0<\/span>\n                        \n                                                <span class=\"twp-react-percent\"><span>0<\/span> %<\/span>\n                                            <\/div>\n                <\/div>\n\n                <div class=\"twp-reacts-wrap\">\n                    <a react-data=\"be-react-2\" post-id=\"4799\" class=\"be-face-icons un-reacted\" href=\"javascript:void(0)\">\n                        <img decoding=\"async\" src=\"https:\/\/desteptati-va.ro\/wp-content\/plugins\/booster-extension\/\/assets\/icon\/sad.svg\" alt=\"Sad\">\n                    <\/a>\n                    <div class=\"twp-reaction-title\">\n                        Sad                    <\/div>\n                    <div class=\"twp-count-percent\">\n                                                    <span style=\"display: none;\" class=\"twp-react-count\">0<\/span>\n                                                                        <span class=\"twp-react-percent\"><span>0<\/span> %<\/span>\n                                            <\/div>\n                <\/div>\n\n                <div class=\"twp-reacts-wrap\">\n                    <a react-data=\"be-react-3\" post-id=\"4799\" class=\"be-face-icons un-reacted\" href=\"javascript:void(0)\">\n                        <img decoding=\"async\" src=\"https:\/\/desteptati-va.ro\/wp-content\/plugins\/booster-extension\/\/assets\/icon\/excited.svg\" alt=\"Excited\">\n                    <\/a>\n                    <div class=\"twp-reaction-title\">\n                        Excited                    <\/div>\n                    <div class=\"twp-count-percent\">\n                                                    <span style=\"display: none;\" class=\"twp-react-count\">0<\/span>\n                                                                        <span class=\"twp-react-percent\"><span>0<\/span> %<\/span>\n                                            <\/div>\n                <\/div>\n\n                <div class=\"twp-reacts-wrap\">\n                    <a react-data=\"be-react-6\" post-id=\"4799\" class=\"be-face-icons un-reacted\" href=\"javascript:void(0)\">\n                        <img decoding=\"async\" src=\"https:\/\/desteptati-va.ro\/wp-content\/plugins\/booster-extension\/\/assets\/icon\/sleepy.svg\" alt=\"Sleepy\">\n                    <\/a>\n                    <div class=\"twp-reaction-title\">\n                        Sleepy                    <\/div>\n                    <div class=\"twp-count-percent\">\n                                                    <span style=\"display: none;\" class=\"twp-react-count\">0<\/span>\n                        \n                                                <span class=\"twp-react-percent\"><span>0<\/span> %<\/span>\n                                            <\/div>\n                <\/div>\n\n                <div class=\"twp-reacts-wrap\">\n                    <a react-data=\"be-react-4\" post-id=\"4799\" class=\"be-face-icons un-reacted\" href=\"javascript:void(0)\">\n                        <img decoding=\"async\" src=\"https:\/\/desteptati-va.ro\/wp-content\/plugins\/booster-extension\/\/assets\/icon\/angry.svg\" alt=\"Angry\">\n                    <\/a>\n                    <div class=\"twp-reaction-title\">Angry<\/div>\n                    <div class=\"twp-count-percent\">\n                                                    <span style=\"display: none;\" class=\"twp-react-count\">0<\/span>\n                                                                        <span class=\"twp-react-percent\"><span>0<\/span> %<\/span>\n                        \n                    <\/div>\n                <\/div>\n\n                <div class=\"twp-reacts-wrap\">\n                    <a react-data=\"be-react-5\" post-id=\"4799\" class=\"be-face-icons un-reacted\" href=\"javascript:void(0)\">\n                        <img decoding=\"async\" src=\"https:\/\/desteptati-va.ro\/wp-content\/plugins\/booster-extension\/\/assets\/icon\/surprise.svg\" alt=\"Surprise\">\n                    <\/a>\n                    <div class=\"twp-reaction-title\">Surprise<\/div>\n                    <div class=\"twp-count-percent\">\n                                                    <span style=\"display: none;\" class=\"twp-react-count\">0<\/span>\n                                                                        <span class=\"twp-react-percent\"><span>0<\/span> %<\/span>\n                                            <\/div>\n                <\/div>\n\n            <\/div>\n        <\/div>\n\n    <\/div>","protected":false},"excerpt":{"rendered":"<p>\u00a0Avocatul german Reiner F\u00fcllmich sus\u021bine c\u0103 testele PCR sunt puternic contestate de comunitatea \u0219tiin\u021bific\u0103, deoarece sunt inexacte.\u00a0Pe baza acestui fapt,<a href=\"https:\/\/desteptati-va.ro\/index.php\/2022\/03\/25\/4799\/\">Read More<i class=\"fa fa-long-arrow-right\" aria-hidden=\"true\"><\/i><\/a><\/p>\n","protected":false},"author":1,"featured_media":4825,"comment_status":"open","ping_status":"open","sticky":false,"template":"","format":"standard","meta":{"_crdt_document":"","footnotes":""},"categories":[1760],"tags":[],"class_list":["post-4799","post","type-post","status-publish","format-standard","has-post-thumbnail","hentry","category-controversatul-corona"],"rise-blocks_total_comments":0,"rise-blocks_categories":[{"term_id":1760,"name":"Terorismul medical","slug":"controversatul-corona","term_group":0,"term_taxonomy_id":1760,"taxonomy":"category","description":"","parent":1756,"count":4,"filter":"raw","cat_ID":1760,"category_count":4,"category_description":"","cat_name":"Terorismul medical","category_nicename":"controversatul-corona","category_parent":1756}],"rise-blocks_excerpt":"\u00a0Avocatul german Reiner F\u00fcllmich sus\u021bine c\u0103 testele PCR sunt puternic contestate de comunitatea \u0219tiin\u021bific\u0103, deoarece sunt inexacte.\u00a0Pe baza acestui fapt, testele pozitive pentru COVID-19, care au oferit guvernelor din \u00eentreaga lume o scuz\u0103 pentru a abuza de m\u0103surile de izolare, au creat o imagine denaturat\u0103 a severit\u0103\u021bii pandemiei actuale. Contrar afirma\u021biilor OMS \u0219i ale virologilor germani Christian Drosten \u0219i Lothar..","yoast_head":"<!-- This site is optimized with the Yoast SEO plugin v26.9 - https:\/\/yoast.com\/product\/yoast-seo-wordpress\/ -->\r\n<title>Testele PCR \u201enu dau nici o indica\u021bie despre infectarea cu nici un virus \u201d. -<\/title>\r\n<meta name=\"robots\" content=\"index, follow, max-snippet:-1, max-image-preview:large, max-video-preview:-1\" \/>\r\n<link rel=\"canonical\" href=\"https:\/\/desteptati-va.ro\/index.php\/2022\/03\/25\/4799\/\" \/>\r\n<meta property=\"og:locale\" content=\"ro_RO\" \/>\r\n<meta property=\"og:type\" content=\"article\" \/>\r\n<meta property=\"og:title\" content=\"Testele PCR \u201enu dau nici o indica\u021bie despre infectarea cu nici un virus \u201d. -\" \/>\r\n<meta property=\"og:description\" content=\"\u00a0Avocatul german Reiner F\u00fcllmich sus\u021bine c\u0103 testele PCR sunt puternic contestate de comunitatea \u0219tiin\u021bific\u0103, deoarece sunt inexacte.\u00a0Pe baza acestui fapt,Read More\" \/>\r\n<meta property=\"og:url\" content=\"https:\/\/desteptati-va.ro\/index.php\/2022\/03\/25\/4799\/\" \/>\r\n<meta property=\"article:published_time\" content=\"2022-03-25T06:20:24+00:00\" \/>\r\n<meta property=\"article:modified_time\" content=\"2022-03-31T11:59:04+00:00\" \/>\r\n<meta property=\"og:image\" content=\"https:\/\/desteptati-va.ro\/wp-content\/uploads\/2022\/03\/Reiner-Fullmich.jpg\" \/>\r\n\t<meta property=\"og:image:width\" content=\"259\" \/>\r\n\t<meta property=\"og:image:height\" content=\"194\" \/>\r\n\t<meta property=\"og:image:type\" content=\"image\/jpeg\" \/>\r\n<meta name=\"author\" content=\"wolfsoftcompany\" \/>\r\n<meta name=\"twitter:card\" content=\"summary_large_image\" \/>\r\n<meta name=\"twitter:label1\" content=\"Scris de\" \/>\n\t<meta name=\"twitter:data1\" content=\"wolfsoftcompany\" \/>\n\t<meta name=\"twitter:label2\" content=\"Timp estimat pentru citire\" \/>\n\t<meta name=\"twitter:data2\" content=\"14 minute\" \/>\r\n<script type=\"application\/ld+json\" class=\"yoast-schema-graph\">{\"@context\":\"https:\/\/schema.org\",\"@graph\":[{\"@type\":\"Article\",\"@id\":\"https:\/\/desteptati-va.ro\/index.php\/2022\/03\/25\/4799\/#article\",\"isPartOf\":{\"@id\":\"https:\/\/desteptati-va.ro\/index.php\/2022\/03\/25\/4799\/\"},\"author\":{\"name\":\"wolfsoftcompany\",\"@id\":\"https:\/\/desteptati-va.ro\/#\/schema\/person\/13182deeebd44920914899f7bb262d6b\"},\"headline\":\"Testele PCR \u201enu dau nici o indica\u021bie despre infectarea cu nici un virus \u201d.\",\"datePublished\":\"2022-03-25T06:20:24+00:00\",\"dateModified\":\"2022-03-31T11:59:04+00:00\",\"mainEntityOfPage\":{\"@id\":\"https:\/\/desteptati-va.ro\/index.php\/2022\/03\/25\/4799\/\"},\"wordCount\":2723,\"commentCount\":0,\"image\":{\"@id\":\"https:\/\/desteptati-va.ro\/index.php\/2022\/03\/25\/4799\/#primaryimage\"},\"thumbnailUrl\":\"https:\/\/desteptati-va.ro\/wp-content\/uploads\/2022\/03\/Reiner-Fullmich.jpg\",\"articleSection\":[\"Terorismul medical\"],\"inLanguage\":\"ro-RO\",\"potentialAction\":[{\"@type\":\"CommentAction\",\"name\":\"Comment\",\"target\":[\"https:\/\/desteptati-va.ro\/index.php\/2022\/03\/25\/4799\/#respond\"]}]},{\"@type\":\"WebPage\",\"@id\":\"https:\/\/desteptati-va.ro\/index.php\/2022\/03\/25\/4799\/\",\"url\":\"https:\/\/desteptati-va.ro\/index.php\/2022\/03\/25\/4799\/\",\"name\":\"Testele PCR \u201enu dau nici o indica\u021bie despre infectarea cu nici un virus \u201d. -\",\"isPartOf\":{\"@id\":\"https:\/\/desteptati-va.ro\/#website\"},\"primaryImageOfPage\":{\"@id\":\"https:\/\/desteptati-va.ro\/index.php\/2022\/03\/25\/4799\/#primaryimage\"},\"image\":{\"@id\":\"https:\/\/desteptati-va.ro\/index.php\/2022\/03\/25\/4799\/#primaryimage\"},\"thumbnailUrl\":\"https:\/\/desteptati-va.ro\/wp-content\/uploads\/2022\/03\/Reiner-Fullmich.jpg\",\"datePublished\":\"2022-03-25T06:20:24+00:00\",\"dateModified\":\"2022-03-31T11:59:04+00:00\",\"author\":{\"@id\":\"https:\/\/desteptati-va.ro\/#\/schema\/person\/13182deeebd44920914899f7bb262d6b\"},\"breadcrumb\":{\"@id\":\"https:\/\/desteptati-va.ro\/index.php\/2022\/03\/25\/4799\/#breadcrumb\"},\"inLanguage\":\"ro-RO\",\"potentialAction\":[{\"@type\":\"ReadAction\",\"target\":[\"https:\/\/desteptati-va.ro\/index.php\/2022\/03\/25\/4799\/\"]}]},{\"@type\":\"ImageObject\",\"inLanguage\":\"ro-RO\",\"@id\":\"https:\/\/desteptati-va.ro\/index.php\/2022\/03\/25\/4799\/#primaryimage\",\"url\":\"https:\/\/desteptati-va.ro\/wp-content\/uploads\/2022\/03\/Reiner-Fullmich.jpg\",\"contentUrl\":\"https:\/\/desteptati-va.ro\/wp-content\/uploads\/2022\/03\/Reiner-Fullmich.jpg\",\"width\":259,\"height\":194},{\"@type\":\"BreadcrumbList\",\"@id\":\"https:\/\/desteptati-va.ro\/index.php\/2022\/03\/25\/4799\/#breadcrumb\",\"itemListElement\":[{\"@type\":\"ListItem\",\"position\":1,\"name\":\"Prima pagin\u0103\",\"item\":\"https:\/\/desteptati-va.ro\/\"},{\"@type\":\"ListItem\",\"position\":2,\"name\":\"Testele PCR \u201enu dau nici o indica\u021bie despre infectarea cu nici un virus \u201d.\"}]},{\"@type\":\"WebSite\",\"@id\":\"https:\/\/desteptati-va.ro\/#website\",\"url\":\"https:\/\/desteptati-va.ro\/\",\"name\":\"\",\"description\":\"\",\"potentialAction\":[{\"@type\":\"SearchAction\",\"target\":{\"@type\":\"EntryPoint\",\"urlTemplate\":\"https:\/\/desteptati-va.ro\/?s={search_term_string}\"},\"query-input\":{\"@type\":\"PropertyValueSpecification\",\"valueRequired\":true,\"valueName\":\"search_term_string\"}}],\"inLanguage\":\"ro-RO\"},{\"@type\":\"Person\",\"@id\":\"https:\/\/desteptati-va.ro\/#\/schema\/person\/13182deeebd44920914899f7bb262d6b\",\"name\":\"wolfsoftcompany\",\"image\":{\"@type\":\"ImageObject\",\"inLanguage\":\"ro-RO\",\"@id\":\"https:\/\/desteptati-va.ro\/#\/schema\/person\/image\/\",\"url\":\"https:\/\/secure.gravatar.com\/avatar\/a6cce9b6d101d27d91690e7073e300fed94c0899890bf998e082cb9d2c3d121e?s=96&d=mm&r=g\",\"contentUrl\":\"https:\/\/secure.gravatar.com\/avatar\/a6cce9b6d101d27d91690e7073e300fed94c0899890bf998e082cb9d2c3d121e?s=96&d=mm&r=g\",\"caption\":\"wolfsoftcompany\"},\"sameAs\":[\"http:\/\/desteptati-va.ro\"],\"url\":\"https:\/\/desteptati-va.ro\/index.php\/author\/wolfsoftcompany\/\"}]}<\/script>\r\n<!-- \/ Yoast SEO plugin. -->","yoast_head_json":{"title":"Testele PCR \u201enu dau nici o indica\u021bie despre infectarea cu nici un virus \u201d. -","robots":{"index":"index","follow":"follow","max-snippet":"max-snippet:-1","max-image-preview":"max-image-preview:large","max-video-preview":"max-video-preview:-1"},"canonical":"https:\/\/desteptati-va.ro\/index.php\/2022\/03\/25\/4799\/","og_locale":"ro_RO","og_type":"article","og_title":"Testele PCR \u201enu dau nici o indica\u021bie despre infectarea cu nici un virus \u201d. -","og_description":"\u00a0Avocatul german Reiner F\u00fcllmich sus\u021bine c\u0103 testele PCR sunt puternic contestate de comunitatea \u0219tiin\u021bific\u0103, deoarece sunt inexacte.\u00a0Pe baza acestui fapt,Read More","og_url":"https:\/\/desteptati-va.ro\/index.php\/2022\/03\/25\/4799\/","article_published_time":"2022-03-25T06:20:24+00:00","article_modified_time":"2022-03-31T11:59:04+00:00","og_image":[{"width":259,"height":194,"url":"https:\/\/desteptati-va.ro\/wp-content\/uploads\/2022\/03\/Reiner-Fullmich.jpg","type":"image\/jpeg"}],"author":"wolfsoftcompany","twitter_card":"summary_large_image","twitter_misc":{"Scris de":"wolfsoftcompany","Timp estimat pentru citire":"14 minute"},"schema":{"@context":"https:\/\/schema.org","@graph":[{"@type":"Article","@id":"https:\/\/desteptati-va.ro\/index.php\/2022\/03\/25\/4799\/#article","isPartOf":{"@id":"https:\/\/desteptati-va.ro\/index.php\/2022\/03\/25\/4799\/"},"author":{"name":"wolfsoftcompany","@id":"https:\/\/desteptati-va.ro\/#\/schema\/person\/13182deeebd44920914899f7bb262d6b"},"headline":"Testele PCR \u201enu dau nici o indica\u021bie despre infectarea cu nici un virus \u201d.","datePublished":"2022-03-25T06:20:24+00:00","dateModified":"2022-03-31T11:59:04+00:00","mainEntityOfPage":{"@id":"https:\/\/desteptati-va.ro\/index.php\/2022\/03\/25\/4799\/"},"wordCount":2723,"commentCount":0,"image":{"@id":"https:\/\/desteptati-va.ro\/index.php\/2022\/03\/25\/4799\/#primaryimage"},"thumbnailUrl":"https:\/\/desteptati-va.ro\/wp-content\/uploads\/2022\/03\/Reiner-Fullmich.jpg","articleSection":["Terorismul medical"],"inLanguage":"ro-RO","potentialAction":[{"@type":"CommentAction","name":"Comment","target":["https:\/\/desteptati-va.ro\/index.php\/2022\/03\/25\/4799\/#respond"]}]},{"@type":"WebPage","@id":"https:\/\/desteptati-va.ro\/index.php\/2022\/03\/25\/4799\/","url":"https:\/\/desteptati-va.ro\/index.php\/2022\/03\/25\/4799\/","name":"Testele PCR \u201enu dau nici o indica\u021bie despre infectarea cu nici un virus \u201d. -","isPartOf":{"@id":"https:\/\/desteptati-va.ro\/#website"},"primaryImageOfPage":{"@id":"https:\/\/desteptati-va.ro\/index.php\/2022\/03\/25\/4799\/#primaryimage"},"image":{"@id":"https:\/\/desteptati-va.ro\/index.php\/2022\/03\/25\/4799\/#primaryimage"},"thumbnailUrl":"https:\/\/desteptati-va.ro\/wp-content\/uploads\/2022\/03\/Reiner-Fullmich.jpg","datePublished":"2022-03-25T06:20:24+00:00","dateModified":"2022-03-31T11:59:04+00:00","author":{"@id":"https:\/\/desteptati-va.ro\/#\/schema\/person\/13182deeebd44920914899f7bb262d6b"},"breadcrumb":{"@id":"https:\/\/desteptati-va.ro\/index.php\/2022\/03\/25\/4799\/#breadcrumb"},"inLanguage":"ro-RO","potentialAction":[{"@type":"ReadAction","target":["https:\/\/desteptati-va.ro\/index.php\/2022\/03\/25\/4799\/"]}]},{"@type":"ImageObject","inLanguage":"ro-RO","@id":"https:\/\/desteptati-va.ro\/index.php\/2022\/03\/25\/4799\/#primaryimage","url":"https:\/\/desteptati-va.ro\/wp-content\/uploads\/2022\/03\/Reiner-Fullmich.jpg","contentUrl":"https:\/\/desteptati-va.ro\/wp-content\/uploads\/2022\/03\/Reiner-Fullmich.jpg","width":259,"height":194},{"@type":"BreadcrumbList","@id":"https:\/\/desteptati-va.ro\/index.php\/2022\/03\/25\/4799\/#breadcrumb","itemListElement":[{"@type":"ListItem","position":1,"name":"Prima pagin\u0103","item":"https:\/\/desteptati-va.ro\/"},{"@type":"ListItem","position":2,"name":"Testele PCR \u201enu dau nici o indica\u021bie despre infectarea cu nici un virus \u201d."}]},{"@type":"WebSite","@id":"https:\/\/desteptati-va.ro\/#website","url":"https:\/\/desteptati-va.ro\/","name":"","description":"","potentialAction":[{"@type":"SearchAction","target":{"@type":"EntryPoint","urlTemplate":"https:\/\/desteptati-va.ro\/?s={search_term_string}"},"query-input":{"@type":"PropertyValueSpecification","valueRequired":true,"valueName":"search_term_string"}}],"inLanguage":"ro-RO"},{"@type":"Person","@id":"https:\/\/desteptati-va.ro\/#\/schema\/person\/13182deeebd44920914899f7bb262d6b","name":"wolfsoftcompany","image":{"@type":"ImageObject","inLanguage":"ro-RO","@id":"https:\/\/desteptati-va.ro\/#\/schema\/person\/image\/","url":"https:\/\/secure.gravatar.com\/avatar\/a6cce9b6d101d27d91690e7073e300fed94c0899890bf998e082cb9d2c3d121e?s=96&d=mm&r=g","contentUrl":"https:\/\/secure.gravatar.com\/avatar\/a6cce9b6d101d27d91690e7073e300fed94c0899890bf998e082cb9d2c3d121e?s=96&d=mm&r=g","caption":"wolfsoftcompany"},"sameAs":["http:\/\/desteptati-va.ro"],"url":"https:\/\/desteptati-va.ro\/index.php\/author\/wolfsoftcompany\/"}]}},"_links":{"self":[{"href":"https:\/\/desteptati-va.ro\/index.php\/wp-json\/wp\/v2\/posts\/4799","targetHints":{"allow":["GET"]}}],"collection":[{"href":"https:\/\/desteptati-va.ro\/index.php\/wp-json\/wp\/v2\/posts"}],"about":[{"href":"https:\/\/desteptati-va.ro\/index.php\/wp-json\/wp\/v2\/types\/post"}],"author":[{"embeddable":true,"href":"https:\/\/desteptati-va.ro\/index.php\/wp-json\/wp\/v2\/users\/1"}],"replies":[{"embeddable":true,"href":"https:\/\/desteptati-va.ro\/index.php\/wp-json\/wp\/v2\/comments?post=4799"}],"version-history":[{"count":44,"href":"https:\/\/desteptati-va.ro\/index.php\/wp-json\/wp\/v2\/posts\/4799\/revisions"}],"predecessor-version":[{"id":4900,"href":"https:\/\/desteptati-va.ro\/index.php\/wp-json\/wp\/v2\/posts\/4799\/revisions\/4900"}],"wp:featuredmedia":[{"embeddable":true,"href":"https:\/\/desteptati-va.ro\/index.php\/wp-json\/wp\/v2\/media\/4825"}],"wp:attachment":[{"href":"https:\/\/desteptati-va.ro\/index.php\/wp-json\/wp\/v2\/media?parent=4799"}],"wp:term":[{"taxonomy":"category","embeddable":true,"href":"https:\/\/desteptati-va.ro\/index.php\/wp-json\/wp\/v2\/categories?post=4799"},{"taxonomy":"post_tag","embeddable":true,"href":"https:\/\/desteptati-va.ro\/index.php\/wp-json\/wp\/v2\/tags?post=4799"}],"curies":[{"name":"wp","href":"https:\/\/api.w.org\/{rel}","templated":true}]}}