{"id":4931,"date":"2022-04-07T12:46:56","date_gmt":"2022-04-07T10:46:56","guid":{"rendered":"https:\/\/desteptati-va.ro\/?p=4931"},"modified":"2022-04-08T09:24:51","modified_gmt":"2022-04-08T07:24:51","slug":"ucraina-a-castigat-razboiul-de-imagine","status":"publish","type":"post","link":"https:\/\/desteptati-va.ro\/index.php\/2022\/04\/07\/ucraina-a-castigat-razboiul-de-imagine\/","title":{"rendered":"Ucraina a c\u00e2\u015ftigat r\u0103zboiul de imagine"},"content":{"rendered":"<div class=\"post-content\"><div class='booster-block booster-read-block'>\n                <div class=\"twp-read-time\">\n                \t<i class=\"booster-icon twp-clock\"><\/i> <span>Read Time:<\/span>9 Minute, 51 Second                <\/div>\n\n            <\/div>\n<p class=\"has-black-color has-text-color has-medium-font-size wp-block-paragraph\">Prima parte a r\u0103zboiului din Ucraina pare s\u0103 se fi \u00eencheiat. Rusia ar fi ob\u0163inut, printr-un r\u0103zboi de pozi\u0163ii, de false pozi\u0163ion\u0103ri, de fapt, de ocupare extins\u0103 a terenului de interes pentru ea, tot ce \u015fi-a propus. Ru\u015fii aveau nevoie s\u0103 ocupe Mariupolul, care le face leg\u0103tura cu Crimeea. Ora\u015ful-port e devastat, dar ru\u015fii l-ar controla aproape integral. Batalionul Azov a fost izolat \u00een zona portului \u015fi \u00een cl\u0103dirile fostei uzine Azovstal, \u00een bunc\u0103rele subterane. Foarte probabil, fosta uzin\u0103 va fi distrus\u0103 complet \u015fi cu lovituri de la distan\u0163\u0103. Al 501-lea batalion de marin\u0103 al armatei ucrainene s-ar fi predat la Mariupol.<\/p>\n\n\n\n<p class=\"has-black-color has-text-color has-medium-font-size wp-block-paragraph\">Dou\u0103 elicoptere din trei care \u00eencercau s\u0103 exfiltreze ofi\u0163eri superiori ai batalionului neonazist, \u00eempreun\u0103 cu consilieri \u015fi instructorii lor militari occidentali, au fost dobor\u00e2te: unul \u00een mare, iar din al doilea au fost recupera\u0163i doi militari (din 17, 15 au murit) care au trecut imediat la declara\u0163ii. Un al treilea elicopter a reu\u015fit s\u0103 se salveze \u00eentorc\u00e2ndu-se la baz\u0103. Dup\u0103 unele surse, r\u0103zbunarea occidental\u0103 pentru acest e\u015fec a fost atacul asupra unui depozit de combustibil din teritoriul rus, la Belgorod. Mariupolul a intrat sub administra\u0163ia separati\u015ftilor din Donbas, cu un nou primar, numit de noii st\u0103p\u00e2ni.<\/p>\n\n\n\n<p class=\"has-black-color has-text-color has-medium-font-size wp-block-paragraph\">\u00cen leg\u0103tur\u0103 cu acuza\u0163iile de masacru, de genocid din Bucha (Bucea), actualul ministru de Finan\u0163e israelian, celebrul politician na\u0163ionalist Avigdor Liberman (n\u0103scut la Chi\u015fin\u0103u \u00een 1958), a declarat la postul de radio al armatei: &#8222;Acestea sunt imagini dificile, iar noi to\u0163i condamn\u0103m crimele de r\u0103zboi. \u00cen acela\u015fi timp, acestea sunt acuza\u0163ii reciproce. Rusia a cerut convocarea Consiliului de Securitate al ONU&#8230; Rusia acuz\u0103 Ucraina \u015fi Ucraina acuz\u0103 Rusia. Noi condamn\u0103m, dar ce trebuie cu adev\u0103rat s\u0103 \u00een\u0163elegem e c\u0103 e vorba de un r\u0103zboi s\u00e2ngeros&#8221; (&#8222;Liberman refuses to condemn Russia over Bucha, citing &#8222;mutual accusations&#8221;, timesofisrael.com, 4.04. 2022; Florin Pu\u015fca\u015f, &#8222;Acuza\u0163iile de genocid l\u00e2ng\u0103 Kiev&#8230;&#8221;, \u015ftiripesurse.ro, 4.04.2022).<\/p>\n\n\n<div class=\"wp-block-image\">\n<figure class=\"aligncenter size-full is-resized\"><img loading=\"lazy\" decoding=\"async\" src=\"https:\/\/desteptati-va.ro\/wp-content\/uploads\/2022\/04\/Avigdor-Liberman.jpg\" alt=\"\" class=\"wp-image-4933\" width=\"460\" height=\"258\"\/><figcaption>Avigdor Liberman<\/figcaption><\/figure>\n<\/div>\n\n\n<p class=\"has-black-color has-text-color has-medium-font-size wp-block-paragraph\">Iat\u0103 \u015fi un comentariu francez: &#8222;Despre episodul de la Bucha, trimitem la cele dou\u0103 articole publicate \u00een diminea\u0163a zilei de 4 aprilie de \u00c9ric Verhaeghe (pe site-ul Le Courrier des stratPges &#8211; n.n.). Nu putem dec\u00e2t s\u0103 recomand\u0103m cea mai mare pruden\u0163\u0103 \u00eenainte de a formula o judecat\u0103. A\u015fa cum subliniaz\u0103 foarte bine Verhaeghe: <\/p>\n\n\n\n<p class=\"has-black-color has-text-color has-medium-font-size wp-block-paragraph\">1. exist\u0103 un num\u0103r limitat de imagini video, iar ele provin numai de la ucraineni;<\/p>\n\n\n\n<p class=\"has-black-color has-text-color has-medium-font-size wp-block-paragraph\"> 2. au trecut c\u00e2teva zile \u00eentre plecarea trupelor ruse din acea parte de Bucha pe care o controlau \u015fi descoperirea cadavrelor; <\/p>\n\n\n\n<p class=\"has-black-color has-text-color has-medium-font-size wp-block-paragraph\">3. imaginile video care vor s\u0103 incrimineze Rusia sunt vehiculate mai ales de ideologi, \u00een special ucraineni, care \u00eei exalt\u0103 pe ucrainenii albi \u00eempotriva &#8222;ru\u015filor, mongolilor \u015fi semi\u0163ilor&#8221; (sic !). [&#8230;] <\/p>\n\n\n\n<p class=\"has-black-color has-text-color has-medium-font-size wp-block-paragraph\">Cum am urm\u0103rit \u00eendeaproape acest conflict, nu excludem posibilitatea unor represalii comise de militarii \u015fi paramilitarii ucraineni \u00eempotriva unor indivizi considera\u0163i colaboratori ai ru\u015filor, \u015fi asta \u00eenainte de a prezenta cadavrele ca victime ale ru\u015filor&#8221; (courrier-strateges &#8211; &#8222;Guerre d&#8217;Ukraine &#8211; 3-4 avril 2022 &#8211; jours 39-40 &#8211; bilan de fin de journee&#8221;, lecourrierdesstrateges.fr, 5.04.2022).<\/p>\n\n\n\n<p class=\"has-black-color has-text-color has-medium-font-size wp-block-paragraph\">Se preg\u0103te\u015fte acum faza a doua a invaziei, a r\u0103zboiului \u00eempotriva Ucrainei \u015fi a alia\u0163ilor s\u0103i: marea b\u0103t\u0103lie pentru Donbas. \u00centre 60 \u015fi 80.000 de militari ucraineni, nucleul cel mai bine antrenat al armatei ucrainene, \u00eenarmat de alia\u0163i cu arme recente, au fost \u00eencercui\u0163i de armatele ruse\u015fti \u00een a\u015fa-zisul &#8222;cazan&#8221; din Donbas. Efectivele ruse\u015fti ale invaziei declan\u015fat\u0103 \u00een 24 februarie sunt estimate \u00eentre 150 \u015fi 200.000 de militari, r\u0103sp\u00e2ndi\u0163i \u00een aproape jum\u0103tate de Ucrain\u0103, mai ales \u00een est \u015fi \u00een sud, \u00een zona litoralului M\u0103rii Negre. Armata ucrainean\u0103 ar avea \u00een jur de 600.000 de oameni. Ru\u015fii \u00ee\u015fi retrag trupele din prejma Kievului \u015fi aduc trupe noi, plus armament greu pentru marea confruntare din Donbas. Ucrainenii \u00eencearc\u0103 prin diferite mijloace s\u0103 str\u0103pung\u0103 blocada rus\u0103, inclusiv prin deplasarea unor substan\u0163iale trupe noi spre Donbas.<\/p>\n\n\n\n<p class=\"has-black-color has-text-color has-medium-font-size wp-block-paragraph\">Se anticipeaz\u0103 c\u0103 b\u0103t\u0103lia pentru Donbas va dura mai bine de o lun\u0103. Superioritatea aerian\u0103 a ru\u015filor risc\u0103 s\u0103 fac\u0103 diferen\u0163a. Rezultatul b\u0103t\u0103liei va fi decisiv pentru soarta \u00eentregului r\u0103zboi, care se poate scurta dac\u0103 vor c\u00e2\u015ftiga ru\u015fii sau se poate prelungi pe termen nedeterminat \u015fi catastrofal pentru toat\u0103 lumea dac\u0103 vor c\u00e2\u015ftiga ucrainenii. Dac\u0103 vor c\u00e2\u015ftiga ru\u015fii, e foarte posibil s\u0103 \u00ee\u015fi extind\u0103 &#8222;demilitarizarea&#8221; \u015fi &#8222;denazificarea&#8221; \u015fi \u00een vestul Ucrainei, p\u00e2n\u0103 la Lvov.<\/p>\n\n\n\n<p class=\"has-black-color has-text-color has-medium-font-size wp-block-paragraph\">Un atac \u00eempotriva Poloniei, din ce \u00een ce mai vocal\u0103 \u015fi mai implicat\u0103 \u00een efortul de r\u0103zboi al Ucrainei (vezi \u015fi disponibilitatea declarat\u0103 recent de a g\u0103zdui arme nucleare americane pe teritoriul s\u0103u), nu e deloc de exclus, chiar dac\u0103 Polonia e membr\u0103 NATO. Polonia func\u0163ioneaz\u0103 \u00een ultimele luni ca un depozit de arme occidentale pentru Ucraina. \u00cen plus, \u00een planurile anun\u0163ate de Vladimir Putin \u00een discursurile sale, Rusia ar vrea s\u0103 demonstreze c\u0103 NATO nu e ceea ce se pretinde a fi, o organiza\u0163ie defensiv\u0103 bazat\u0103 mai ales pe punctul 5 al Tratatului, &#8222;to\u0163i pentru unul, unul pentru to\u0163i&#8221;, deviza muschetarilor. E adev\u0103rat \u00eens\u0103 c\u0103 acest punct 5 al Tratatului nu a fost activat dec\u00e2t o dat\u0103, \u00een favoarea SUA, \u00een Afganistan.<\/p>\n\n\n\n<p class=\"has-black-color has-text-color has-medium-font-size wp-block-paragraph\">Despre ce ar putea fi vorba? Demonstra\u0163ia pe care Putin \u015fi strategii s\u0103i militari ar putea-o avea \u00een vedere e simpl\u0103. Dac\u0103, de exemplu, Rusia ar ataca bazele, instala\u0163iile \u015fi depozitele militare din estul Poloniei, iar alia\u0163ii NATO nu ar interveni direct \u015fi imediat \u00een sprijinul ei, al Poloniei, aceasta ar fi o prob\u0103 suficient\u0103 \u015fi decisiv\u0103 c\u0103 NATO nu asigur\u0103 securitatea \u015fi protec\u0163ia membrilor s\u0103i. O asemenea demonstra\u0163ie riscant\u0103 ar putea fi f\u0103cut\u0103 pe oricare dintre membrii NATO din estul Europei (Lituania, de pild\u0103, ea \u00eens\u0103\u015fi foarte belicoas\u0103). F\u0103r\u0103 arme nucleare dar, foarte probabil, folosind noile rachete hipersonice care pot lovi de la distan\u0163\u0103, din Marea Neagr\u0103 sau de pe teritoriul Rusiei.<\/p>\n\n\n\n<p class=\"has-black-color has-text-color has-medium-font-size wp-block-paragraph\">Nici o publica\u0163ie serioas\u0103 nu se mai hazardeaz\u0103 s\u0103 se expun\u0103 cu cifre precise privind mor\u0163ii \u015fi r\u0103ni\u0163ii grav. Se estimeaz\u0103 destul de aproximativ c\u0103 Ucraina ar avea \u00eentre 20 \u015fi 30.000 de militari mor\u0163i sau grav r\u0103ni\u0163i. Pentru ru\u015fi, estim\u0103rile variaz\u0103 \u00eentre 7 \u015fi 10.000 de mor\u0163i sau grav r\u0103ni\u0163i. Pierderile de vie\u0163i din r\u00e2ndul popula\u0163iei civile ucrainene, enorme, nu au fost p\u00e2n\u0103 acum contabilizate serios de nimeni. Refugia\u0163ii sunt estima\u0163i, la fel de imprecis, \u00eentre 4 \u015fi 5 milioane. Pe unii \u00eei putem \u00eent\u00e2lni \u00een Bucure\u015fti \u015fi \u00een toat\u0103 Rom\u00e2nia. Avia\u0163ia (cu excep\u0163ia unor elicoptere foarte moderne) \u015fi marina ucrainene au fost &#8222;neutralizate&#8221;, adic\u0103 aproape scoase din uz. Cea mai mare parte a depozitelor de arme sau de combustibili au fost bombardate \u015fi, deci, anihilate. Dar armata ucrainean\u0103, puternic sus\u0163inut\u0103 din Occident, prin Polonia mai ales, continu\u0103 s\u0103 lupte \u015fi e \u00een continuare capabil\u0103 s\u0103 le produc\u0103 mari pierderi ru\u015filor. Distrugerile economice \u00een general, industriale \u00een special, dar \u015fi cele care afecteaz\u0103 produc\u0163ia agricol\u0103 a acestui an, probabil \u015fi pe cea a anilor urm\u0103tori, sunt imense.<\/p>\n\n\n\n<p class=\"has-black-color has-text-color has-medium-font-size wp-block-paragraph\">De\u015fi au reu\u015fit aparent ce \u015fi-au propus \u015fi au ocupat o bun\u0103 parte din estul \u015fi din sudul Ucrainei, ru\u015fii au pierdut categoric r\u0103zboiul de propagand\u0103. Imaginea Rusiei e foarte compromis\u0103 \u00een a\u015fa-zisa &#8222;lume liber\u0103&#8221;, \u00een Occident. F\u0103r\u0103 s\u0103 participe direct pe c\u00e2mpul de lupt\u0103, UE \u015fi NATO au c\u00e2\u015ftigat r\u0103zboiul de imagine, av\u00e2ndu-l pe &#8222;eroul&#8221; Zelenski \u00een centrul enormului dispozitiv imagologic.<\/p>\n\n\n\n<p class=\"has-black-color has-text-color has-medium-font-size wp-block-paragraph\">Guy Mettan, un celebru ziarist elve\u0163ian, fost redactor-\u015fef al gazetei Tribune de GenPve, specialist recunoscut \u00een spa\u0163iul ex-sovietic, face o descriere &#8222;neutr\u0103&#8221;, helvetic\u0103, a victoriei simbolice ob\u0163inut\u0103 de Ucraina \u015fi de Vest: &#8222;Acest r\u0103zboi va fi fost ocazia de a tr\u0103i \u00een direct prima opera\u0163iune de r\u0103zboi cibernetic total. Dac\u0103 libertatea presei e \u00een suferin\u0163\u0103 \u00een Rusia, lucrurile nu stau mai bine la noi, care am eliminat canalele de informare ruse\u015fti, de\u015fi pretindem c\u0103 ap\u0103r\u0103m libertatea presei \u015fi interzicem punctele de vedere divergente! \u00cen c\u00e2teva zile am asistat la o zelenskizare a min\u0163ilor \u00een care to\u0163i rivalizau \u00een servilism pentru a-l asculta pe Marele Erou \u015fi a-i \u00eendeplini dorin\u0163ele, pre\u015fedintele Macron merg\u00e2nd p\u00e2n\u0103 acolo \u00eenc\u00e2t a arborat o barb\u0103 de trei zile \u015fi un T-shirt kaki pentru a-\u015fi sublinia adeziunea la cauz\u0103, \u00een timp ce media renun\u0163\u0103 la deontologia jurnalistic\u0103 pentru a \u00eembr\u0103\u0163i\u015fa cauza Ucrainei. O asemenea pr\u0103bu\u015fire a ra\u0163iunii \u00eentr-un timp at\u00e2t de scurt e ceva nemaiv\u0103zut.<\/p>\n\n\n<div class=\"wp-block-image\">\n<figure class=\"aligncenter size-full is-resized\"><img loading=\"lazy\" decoding=\"async\" src=\"https:\/\/desteptati-va.ro\/wp-content\/uploads\/2022\/04\/Guy-Mettan.jpg\" alt=\"\" class=\"wp-image-4938\" width=\"284\" height=\"423\"\/><figcaption>Guy Mettan<\/figcaption><\/figure>\n<\/div>\n\n\n<p class=\"has-black-color has-text-color has-medium-font-size wp-block-paragraph\">Nemaiv\u0103zut, dar nu inexplicabil. Dan Cohen, corespondentul lui Behind the News, a demontat mecanismele sofisticate ale propagandei ucrainene \u015fi motivele succesului s\u0103u colosal \u00een \u0163\u0103rile noastre. Un comandant al NATO a descris aceast\u0103 campanie \u00een Washington Post ca pe &#8222;o formidabil\u0103 opera\u0163iune de stratcom (comunicare strategic\u0103) mobiliz\u00e2nd media, Info Ops \u015fi Psy Ops&#8221; (opera\u0163iuni informa\u0163ionale \u015fi opera\u0163iuni psihologice &#8211; n.n.). \u00cen mare, era vorba de a mobiliza mijloacele media \u015fi de a hipnotiza publicul printr-un jet continuu de \u015ftiri adev\u0103rate, \u015ftiri false, imagini \u015fi nara\u0163iuni apte s\u0103 tetanizeze oamenii pentru a men\u0163ine emo\u0163ia la nivel \u00eenalt \u015fi a oblitera capacitatea de judecat\u0103 a opiniei publice.<\/p>\n\n\n\n<p class=\"has-black-color has-text-color has-medium-font-size wp-block-paragraph\">A\u015fa se face c\u0103 am avut dreptul la un potop de imagini spectaculoase \u015fi de informa\u0163ii adesea false: pretinsa moarte a solda\u0163ilor din Insula \u015eerpilor, fantoma de la Kiev care ar fi dobor\u00e2t singur\u0103 \u015fase avioane ruse\u015fti, amenin\u0163\u0103rile asupra centralei de la Cernob\u00eel, falsul bombardament al centralei de la Zaporoje sau cazul maternit\u0103\u0163ii \u015fi al teatrului din Mariupol, unde n-am v\u0103zut niciodat\u0103 victimele, cu excep\u0163ia a dou\u0103 femei dintre care una cel pu\u0163in a fost recunoscut\u0103 ca fiind \u00een via\u0163\u0103. Tot a\u015fa, am asistat la &#8222;sp\u0103larea&#8221; accelerat\u0103 a batalioanelor Azov, reconvertite \u00een trupe de solda\u0163i patrio\u0163i dup\u0103 ce \u015fi-au scos ecusoanele neonaziste, \u015fi la negarea existen\u0163ei laboratoarelor bacteriologice americane din Ucraina, de\u015fi existen\u0163a lor a fost recunoscut\u0103 explicit de Victoria Nuland \u00een cursul unei audieri la Senat \u00een 8 martie. E adev\u0103rat c\u0103 un wording (indica\u0163ie de formulare &#8211; n.n.) a fost dat imediat pentru a nega faptul. De a doua zi am \u00eenceput s\u0103 vorbim despre &#8222;structuri de cercetare biologic\u0103&#8221; \u015fi s\u0103 alert\u0103m opinia public\u0103 \u00een privin\u0163a unor pretinse atacuri chimice ruse\u015fti pentru a \u00eengropa problema laboratoarelor bacteriologice secrete (cf. BFM TV). [&#8230;] Aceast\u0103 str\u0103lucit\u0103 reu\u015fit\u0103 \u00een Occident ascunde totu\u015fi un e\u015fec patent \u00een America latin\u0103, \u00een Africa \u015fi \u00een Asia, adic\u0103 \u00een 75% din lumea locuit\u0103. \u0162\u0103rile din Sud nu se las\u0103 \u00een\u015felate de minciunile \u015fi de interesele noastre&#8221; (&#8222;La Zelenskimania et l&#8217;image ravagee de la Suisse&#8221;, arretsurinfo.ch, 1.04.2022).<\/p>\n\n\n\n<p class=\"has-black-color has-text-color has-medium-font-size wp-block-paragraph\">Ucraina continu\u0103 s\u0103 primeasc\u0103 arme, dar \u015fi alte ajutoare, umanitare \u00een primul r\u00e2nd, \u015fi importante ajutoare financiare, mai ales din SUA \u015fi de la UE. R\u0103zboiul poate deci continua mult\u0103 vreme. Volodimir Zelenski \u015fi Ucraina nu par deloc gata s\u0103 se predea. Zelenski a spus clar c\u0103 Ucraina nu conteaz\u0103 dec\u00e2t pe victorie. Negocierile de pace au fost suspendate pentru c\u0103 nu mai au nici un con\u0163inut dec\u00e2t, eventual, schimbul de prizonieri \u015fi de mor\u0163i.<\/p>\n\n\n\n<p class=\"has-black-color has-text-color has-medium-font-size wp-block-paragraph\">Piotr Tolstoi, vicepre\u015fedinte al Dumei de Stat (Camera inferioar\u0103 a Parlamentului rus), str\u0103nepot al lui Lev Tolstoi, \u00eentr-o emisiune la RTL-TVI, s-a exprimat despre r\u0103zboiul din Ucraina \u00eentr-un schimb de replici \u00eencordat cu doi politicieni belgieni. Mai \u00eent\u00e2i Piotr Tolstoi a justificat invazia ordonat\u0103 de Vladimir Putin \u00een sensul asigur\u0103rii securit\u0103\u0163ii Rusiei \u015fi a grani\u0163elor sale, a evit\u0103rii extinderii NATO. A dezmin\u0163it eventualele atrocit\u0103\u0163i comise de armata rus\u0103 la Bucha (Bucea) \u015fi a acuzat armata ucrainean\u0103: &#8222;Armata ucrainean\u0103 a atacat \u015fi ea din plin civilii care voiau s\u0103 ias\u0103 din ora\u015fele asediate. To\u0163i acei mor\u0163i trebuie s\u0103 fie identifica\u0163i \u015fi atribui\u0163i (uciga\u015filor &#8211; n.n.). Trebuie s\u0103 se fac\u0103 o anchet\u0103 \u00eenainte ca lumea s\u0103 se lanseze \u00een discursuri despre atrocit\u0103\u0163ile comise de armata rus\u0103&#8221;. <\/p>\n\n\n<div class=\"wp-block-image\">\n<figure class=\"aligncenter size-full is-resized\"><img loading=\"lazy\" decoding=\"async\" src=\"https:\/\/desteptati-va.ro\/wp-content\/uploads\/2022\/04\/Piotr-Tolstoi.jpg\" alt=\"\" class=\"wp-image-4940\" width=\"286\" height=\"416\"\/><figcaption>Piotr Tolstoi<\/figcaption><\/figure>\n<\/div>\n\n\n<p class=\"has-black-color has-text-color has-medium-font-size wp-block-paragraph\">\u00centrebat despre c\u00e2t ar putea dura r\u0103zboiul, Piotr Tolstoi a fost evaziv: &#8222;Ar putea s\u0103 mai dureze o lun\u0103, un an, poate chiar trei ani. Vom continua p\u00e2n\u0103 c\u00e2nd Rusia \u00ee\u015fi va fi atins obiectivele&#8221; (&#8222;Piotr TolstoV s&#8217;exprime sur le conflit en Ukarine: &#8222;Cela pourrait durer trois ans&#8221;, lalibre.be, 3.04.2022).<\/p>\n\n\n\n<p class=\"has-medium-font-size wp-block-paragraph\">Articol preluat din:<br><a href=\"https:\/\/www.bursa.ro\/ziar\/2022-04-07\" target=\"_blank\" rel=\"noreferrer noopener\">Ziarul BURSA<\/a>&nbsp;<a href=\"https:\/\/www.bursa.ro\/editorial\" target=\"_blank\" rel=\"noreferrer noopener\">#Editorial<\/a>&nbsp;\/&nbsp;7 aprilie<\/p>\n\n\n\n<p class=\"has-medium-font-size wp-block-paragraph\">Autor: <strong>Petru Romo\u015fan<\/strong><\/p>\n\n\n\n<p class=\"wp-block-paragraph\"><\/p>\n        <div class=\"booster-block booster-reactions-block\">\n            <div class=\"twp-reactions-icons\">\n                \n                <div class=\"twp-reacts-wrap\">\n                    <a react-data=\"be-react-1\" post-id=\"4931\" class=\"be-face-icons un-reacted\" href=\"javascript:void(0)\">\n                        <img decoding=\"async\" src=\"https:\/\/desteptati-va.ro\/wp-content\/plugins\/booster-extension\/\/assets\/icon\/happy.svg\" alt=\"Happy\">\n                    <\/a>\n                    <div class=\"twp-reaction-title\">\n                        Happy                    <\/div>\n                    <div class=\"twp-count-percent\">\n                                                    <span style=\"display: none;\" class=\"twp-react-count\">0<\/span>\n                        \n                                                <span class=\"twp-react-percent\"><span>0<\/span> %<\/span>\n                                            <\/div>\n                <\/div>\n\n                <div class=\"twp-reacts-wrap\">\n                    <a react-data=\"be-react-2\" post-id=\"4931\" class=\"be-face-icons un-reacted\" href=\"javascript:void(0)\">\n                        <img decoding=\"async\" src=\"https:\/\/desteptati-va.ro\/wp-content\/plugins\/booster-extension\/\/assets\/icon\/sad.svg\" alt=\"Sad\">\n                    <\/a>\n                    <div class=\"twp-reaction-title\">\n                        Sad                    <\/div>\n                    <div class=\"twp-count-percent\">\n                                                    <span style=\"display: none;\" class=\"twp-react-count\">0<\/span>\n                                                                        <span class=\"twp-react-percent\"><span>0<\/span> %<\/span>\n                                            <\/div>\n                <\/div>\n\n                <div class=\"twp-reacts-wrap\">\n                    <a react-data=\"be-react-3\" post-id=\"4931\" class=\"be-face-icons un-reacted\" href=\"javascript:void(0)\">\n                        <img decoding=\"async\" src=\"https:\/\/desteptati-va.ro\/wp-content\/plugins\/booster-extension\/\/assets\/icon\/excited.svg\" alt=\"Excited\">\n                    <\/a>\n                    <div class=\"twp-reaction-title\">\n                        Excited                    <\/div>\n                    <div class=\"twp-count-percent\">\n                                                    <span style=\"display: none;\" class=\"twp-react-count\">0<\/span>\n                                                                        <span class=\"twp-react-percent\"><span>0<\/span> %<\/span>\n                                            <\/div>\n                <\/div>\n\n                <div class=\"twp-reacts-wrap\">\n                    <a react-data=\"be-react-6\" post-id=\"4931\" class=\"be-face-icons un-reacted\" href=\"javascript:void(0)\">\n                        <img decoding=\"async\" src=\"https:\/\/desteptati-va.ro\/wp-content\/plugins\/booster-extension\/\/assets\/icon\/sleepy.svg\" alt=\"Sleepy\">\n                    <\/a>\n                    <div class=\"twp-reaction-title\">\n                        Sleepy                    <\/div>\n                    <div class=\"twp-count-percent\">\n                                                    <span style=\"display: none;\" class=\"twp-react-count\">0<\/span>\n                        \n                                                <span class=\"twp-react-percent\"><span>0<\/span> %<\/span>\n                                            <\/div>\n                <\/div>\n\n                <div class=\"twp-reacts-wrap\">\n                    <a react-data=\"be-react-4\" post-id=\"4931\" class=\"be-face-icons un-reacted\" href=\"javascript:void(0)\">\n                        <img decoding=\"async\" src=\"https:\/\/desteptati-va.ro\/wp-content\/plugins\/booster-extension\/\/assets\/icon\/angry.svg\" alt=\"Angry\">\n                    <\/a>\n                    <div class=\"twp-reaction-title\">Angry<\/div>\n                    <div class=\"twp-count-percent\">\n                                                    <span style=\"display: none;\" class=\"twp-react-count\">0<\/span>\n                                                                        <span class=\"twp-react-percent\"><span>0<\/span> %<\/span>\n                        \n                    <\/div>\n                <\/div>\n\n                <div class=\"twp-reacts-wrap\">\n                    <a react-data=\"be-react-5\" post-id=\"4931\" class=\"be-face-icons un-reacted\" href=\"javascript:void(0)\">\n                        <img decoding=\"async\" src=\"https:\/\/desteptati-va.ro\/wp-content\/plugins\/booster-extension\/\/assets\/icon\/surprise.svg\" alt=\"Surprise\">\n                    <\/a>\n                    <div class=\"twp-reaction-title\">Surprise<\/div>\n                    <div class=\"twp-count-percent\">\n                                                    <span style=\"display: none;\" class=\"twp-react-count\">0<\/span>\n                                                                        <span class=\"twp-react-percent\"><span>0<\/span> %<\/span>\n                                            <\/div>\n                <\/div>\n\n            <\/div>\n        <\/div>\n\n    <\/div>","protected":false},"excerpt":{"rendered":"<p>Prima parte a r\u0103zboiului din Ucraina pare s\u0103 se fi \u00eencheiat. Rusia ar fi ob\u0163inut, printr-un r\u0103zboi de pozi\u0163ii, de<a href=\"https:\/\/desteptati-va.ro\/index.php\/2022\/04\/07\/ucraina-a-castigat-razboiul-de-imagine\/\">Read More<i class=\"fa fa-long-arrow-right\" aria-hidden=\"true\"><\/i><\/a><\/p>\n","protected":false},"author":1,"featured_media":4944,"comment_status":"open","ping_status":"open","sticky":false,"template":"","format":"standard","meta":{"_crdt_document":"","footnotes":""},"categories":[1758],"tags":[],"class_list":["post-4931","post","type-post","status-publish","format-standard","has-post-thumbnail","hentry","category-articole-despre-ucraina"],"rise-blocks_total_comments":1,"rise-blocks_categories":[{"term_id":1758,"name":"Despre UCRAINA","slug":"articole-despre-ucraina","term_group":0,"term_taxonomy_id":1758,"taxonomy":"category","description":"","parent":1756,"count":7,"filter":"raw"}],"rise-blocks_excerpt":"Prima parte a r\u0103zboiului din Ucraina pare s\u0103 se fi \u00eencheiat. Rusia ar fi ob\u0163inut, printr-un r\u0103zboi de pozi\u0163ii, de false pozi\u0163ion\u0103ri, de fapt, de ocupare extins\u0103 a terenului de interes pentru ea, tot ce \u015fi-a propus. Ru\u015fii aveau nevoie s\u0103 ocupe Mariupolul, care le face leg\u0103tura cu Crimeea. Ora\u015ful-port e devastat, dar ru\u015fii l-ar controla aproape integral. Batalionul Azov..","yoast_head":"<!-- This site is optimized with the Yoast SEO plugin v26.9 - https:\/\/yoast.com\/product\/yoast-seo-wordpress\/ -->\r\n<title>Ucraina a c\u00e2\u015ftigat r\u0103zboiul de imagine -<\/title>\r\n<meta name=\"robots\" content=\"index, follow, max-snippet:-1, max-image-preview:large, max-video-preview:-1\" \/>\r\n<link rel=\"canonical\" href=\"https:\/\/desteptati-va.ro\/index.php\/2022\/04\/07\/ucraina-a-castigat-razboiul-de-imagine\/\" \/>\r\n<meta property=\"og:locale\" content=\"ro_RO\" \/>\r\n<meta property=\"og:type\" content=\"article\" \/>\r\n<meta property=\"og:title\" content=\"Ucraina a c\u00e2\u015ftigat r\u0103zboiul de imagine -\" \/>\r\n<meta property=\"og:description\" content=\"Prima parte a r\u0103zboiului din Ucraina pare s\u0103 se fi \u00eencheiat. Rusia ar fi ob\u0163inut, printr-un r\u0103zboi de pozi\u0163ii, deRead More\" \/>\r\n<meta property=\"og:url\" content=\"https:\/\/desteptati-va.ro\/index.php\/2022\/04\/07\/ucraina-a-castigat-razboiul-de-imagine\/\" \/>\r\n<meta property=\"article:published_time\" content=\"2022-04-07T10:46:56+00:00\" \/>\r\n<meta property=\"article:modified_time\" content=\"2022-04-08T07:24:51+00:00\" \/>\r\n<meta property=\"og:image\" content=\"https:\/\/desteptati-va.ro\/wp-content\/uploads\/2022\/04\/Razboi-in-Ucraina-.jpg\" \/>\r\n\t<meta property=\"og:image:width\" content=\"758\" \/>\r\n\t<meta property=\"og:image:height\" content=\"526\" \/>\r\n\t<meta property=\"og:image:type\" content=\"image\/jpeg\" \/>\r\n<meta name=\"author\" content=\"wolfsoftcompany\" \/>\r\n<meta name=\"twitter:card\" content=\"summary_large_image\" \/>\r\n<meta name=\"twitter:label1\" content=\"Scris de\" \/>\n\t<meta name=\"twitter:data1\" content=\"wolfsoftcompany\" \/>\n\t<meta name=\"twitter:label2\" content=\"Timp estimat pentru citire\" \/>\n\t<meta name=\"twitter:data2\" content=\"12 minute\" \/>\r\n<script type=\"application\/ld+json\" class=\"yoast-schema-graph\">{\"@context\":\"https:\/\/schema.org\",\"@graph\":[{\"@type\":\"Article\",\"@id\":\"https:\/\/desteptati-va.ro\/index.php\/2022\/04\/07\/ucraina-a-castigat-razboiul-de-imagine\/#article\",\"isPartOf\":{\"@id\":\"https:\/\/desteptati-va.ro\/index.php\/2022\/04\/07\/ucraina-a-castigat-razboiul-de-imagine\/\"},\"author\":{\"name\":\"wolfsoftcompany\",\"@id\":\"https:\/\/desteptati-va.ro\/#\/schema\/person\/13182deeebd44920914899f7bb262d6b\"},\"headline\":\"Ucraina a c\u00e2\u015ftigat r\u0103zboiul de imagine\",\"datePublished\":\"2022-04-07T10:46:56+00:00\",\"dateModified\":\"2022-04-08T07:24:51+00:00\",\"mainEntityOfPage\":{\"@id\":\"https:\/\/desteptati-va.ro\/index.php\/2022\/04\/07\/ucraina-a-castigat-razboiul-de-imagine\/\"},\"wordCount\":2151,\"commentCount\":1,\"image\":{\"@id\":\"https:\/\/desteptati-va.ro\/index.php\/2022\/04\/07\/ucraina-a-castigat-razboiul-de-imagine\/#primaryimage\"},\"thumbnailUrl\":\"https:\/\/desteptati-va.ro\/wp-content\/uploads\/2022\/04\/Razboi-in-Ucraina-.jpg\",\"articleSection\":[\"Despre UCRAINA\"],\"inLanguage\":\"ro-RO\",\"potentialAction\":[{\"@type\":\"CommentAction\",\"name\":\"Comment\",\"target\":[\"https:\/\/desteptati-va.ro\/index.php\/2022\/04\/07\/ucraina-a-castigat-razboiul-de-imagine\/#respond\"]}]},{\"@type\":\"WebPage\",\"@id\":\"https:\/\/desteptati-va.ro\/index.php\/2022\/04\/07\/ucraina-a-castigat-razboiul-de-imagine\/\",\"url\":\"https:\/\/desteptati-va.ro\/index.php\/2022\/04\/07\/ucraina-a-castigat-razboiul-de-imagine\/\",\"name\":\"Ucraina a c\u00e2\u015ftigat r\u0103zboiul de imagine -\",\"isPartOf\":{\"@id\":\"https:\/\/desteptati-va.ro\/#website\"},\"primaryImageOfPage\":{\"@id\":\"https:\/\/desteptati-va.ro\/index.php\/2022\/04\/07\/ucraina-a-castigat-razboiul-de-imagine\/#primaryimage\"},\"image\":{\"@id\":\"https:\/\/desteptati-va.ro\/index.php\/2022\/04\/07\/ucraina-a-castigat-razboiul-de-imagine\/#primaryimage\"},\"thumbnailUrl\":\"https:\/\/desteptati-va.ro\/wp-content\/uploads\/2022\/04\/Razboi-in-Ucraina-.jpg\",\"datePublished\":\"2022-04-07T10:46:56+00:00\",\"dateModified\":\"2022-04-08T07:24:51+00:00\",\"author\":{\"@id\":\"https:\/\/desteptati-va.ro\/#\/schema\/person\/13182deeebd44920914899f7bb262d6b\"},\"breadcrumb\":{\"@id\":\"https:\/\/desteptati-va.ro\/index.php\/2022\/04\/07\/ucraina-a-castigat-razboiul-de-imagine\/#breadcrumb\"},\"inLanguage\":\"ro-RO\",\"potentialAction\":[{\"@type\":\"ReadAction\",\"target\":[\"https:\/\/desteptati-va.ro\/index.php\/2022\/04\/07\/ucraina-a-castigat-razboiul-de-imagine\/\"]}]},{\"@type\":\"ImageObject\",\"inLanguage\":\"ro-RO\",\"@id\":\"https:\/\/desteptati-va.ro\/index.php\/2022\/04\/07\/ucraina-a-castigat-razboiul-de-imagine\/#primaryimage\",\"url\":\"https:\/\/desteptati-va.ro\/wp-content\/uploads\/2022\/04\/Razboi-in-Ucraina-.jpg\",\"contentUrl\":\"https:\/\/desteptati-va.ro\/wp-content\/uploads\/2022\/04\/Razboi-in-Ucraina-.jpg\",\"width\":758,\"height\":526},{\"@type\":\"BreadcrumbList\",\"@id\":\"https:\/\/desteptati-va.ro\/index.php\/2022\/04\/07\/ucraina-a-castigat-razboiul-de-imagine\/#breadcrumb\",\"itemListElement\":[{\"@type\":\"ListItem\",\"position\":1,\"name\":\"Prima pagin\u0103\",\"item\":\"https:\/\/desteptati-va.ro\/\"},{\"@type\":\"ListItem\",\"position\":2,\"name\":\"Ucraina a c\u00e2\u015ftigat r\u0103zboiul de imagine\"}]},{\"@type\":\"WebSite\",\"@id\":\"https:\/\/desteptati-va.ro\/#website\",\"url\":\"https:\/\/desteptati-va.ro\/\",\"name\":\"\",\"description\":\"\",\"potentialAction\":[{\"@type\":\"SearchAction\",\"target\":{\"@type\":\"EntryPoint\",\"urlTemplate\":\"https:\/\/desteptati-va.ro\/?s={search_term_string}\"},\"query-input\":{\"@type\":\"PropertyValueSpecification\",\"valueRequired\":true,\"valueName\":\"search_term_string\"}}],\"inLanguage\":\"ro-RO\"},{\"@type\":\"Person\",\"@id\":\"https:\/\/desteptati-va.ro\/#\/schema\/person\/13182deeebd44920914899f7bb262d6b\",\"name\":\"wolfsoftcompany\",\"image\":{\"@type\":\"ImageObject\",\"inLanguage\":\"ro-RO\",\"@id\":\"https:\/\/desteptati-va.ro\/#\/schema\/person\/image\/\",\"url\":\"https:\/\/secure.gravatar.com\/avatar\/a6cce9b6d101d27d91690e7073e300fed94c0899890bf998e082cb9d2c3d121e?s=96&d=mm&r=g\",\"contentUrl\":\"https:\/\/secure.gravatar.com\/avatar\/a6cce9b6d101d27d91690e7073e300fed94c0899890bf998e082cb9d2c3d121e?s=96&d=mm&r=g\",\"caption\":\"wolfsoftcompany\"},\"sameAs\":[\"http:\/\/desteptati-va.ro\"],\"url\":\"https:\/\/desteptati-va.ro\/index.php\/author\/wolfsoftcompany\/\"}]}<\/script>\r\n<!-- \/ Yoast SEO plugin. -->","yoast_head_json":{"title":"Ucraina a c\u00e2\u015ftigat r\u0103zboiul de imagine -","robots":{"index":"index","follow":"follow","max-snippet":"max-snippet:-1","max-image-preview":"max-image-preview:large","max-video-preview":"max-video-preview:-1"},"canonical":"https:\/\/desteptati-va.ro\/index.php\/2022\/04\/07\/ucraina-a-castigat-razboiul-de-imagine\/","og_locale":"ro_RO","og_type":"article","og_title":"Ucraina a c\u00e2\u015ftigat r\u0103zboiul de imagine -","og_description":"Prima parte a r\u0103zboiului din Ucraina pare s\u0103 se fi \u00eencheiat. Rusia ar fi ob\u0163inut, printr-un r\u0103zboi de pozi\u0163ii, deRead More","og_url":"https:\/\/desteptati-va.ro\/index.php\/2022\/04\/07\/ucraina-a-castigat-razboiul-de-imagine\/","article_published_time":"2022-04-07T10:46:56+00:00","article_modified_time":"2022-04-08T07:24:51+00:00","og_image":[{"width":758,"height":526,"url":"https:\/\/desteptati-va.ro\/wp-content\/uploads\/2022\/04\/Razboi-in-Ucraina-.jpg","type":"image\/jpeg"}],"author":"wolfsoftcompany","twitter_card":"summary_large_image","twitter_misc":{"Scris de":"wolfsoftcompany","Timp estimat pentru citire":"12 minute"},"schema":{"@context":"https:\/\/schema.org","@graph":[{"@type":"Article","@id":"https:\/\/desteptati-va.ro\/index.php\/2022\/04\/07\/ucraina-a-castigat-razboiul-de-imagine\/#article","isPartOf":{"@id":"https:\/\/desteptati-va.ro\/index.php\/2022\/04\/07\/ucraina-a-castigat-razboiul-de-imagine\/"},"author":{"name":"wolfsoftcompany","@id":"https:\/\/desteptati-va.ro\/#\/schema\/person\/13182deeebd44920914899f7bb262d6b"},"headline":"Ucraina a c\u00e2\u015ftigat r\u0103zboiul de imagine","datePublished":"2022-04-07T10:46:56+00:00","dateModified":"2022-04-08T07:24:51+00:00","mainEntityOfPage":{"@id":"https:\/\/desteptati-va.ro\/index.php\/2022\/04\/07\/ucraina-a-castigat-razboiul-de-imagine\/"},"wordCount":2151,"commentCount":1,"image":{"@id":"https:\/\/desteptati-va.ro\/index.php\/2022\/04\/07\/ucraina-a-castigat-razboiul-de-imagine\/#primaryimage"},"thumbnailUrl":"https:\/\/desteptati-va.ro\/wp-content\/uploads\/2022\/04\/Razboi-in-Ucraina-.jpg","articleSection":["Despre UCRAINA"],"inLanguage":"ro-RO","potentialAction":[{"@type":"CommentAction","name":"Comment","target":["https:\/\/desteptati-va.ro\/index.php\/2022\/04\/07\/ucraina-a-castigat-razboiul-de-imagine\/#respond"]}]},{"@type":"WebPage","@id":"https:\/\/desteptati-va.ro\/index.php\/2022\/04\/07\/ucraina-a-castigat-razboiul-de-imagine\/","url":"https:\/\/desteptati-va.ro\/index.php\/2022\/04\/07\/ucraina-a-castigat-razboiul-de-imagine\/","name":"Ucraina a c\u00e2\u015ftigat r\u0103zboiul de imagine -","isPartOf":{"@id":"https:\/\/desteptati-va.ro\/#website"},"primaryImageOfPage":{"@id":"https:\/\/desteptati-va.ro\/index.php\/2022\/04\/07\/ucraina-a-castigat-razboiul-de-imagine\/#primaryimage"},"image":{"@id":"https:\/\/desteptati-va.ro\/index.php\/2022\/04\/07\/ucraina-a-castigat-razboiul-de-imagine\/#primaryimage"},"thumbnailUrl":"https:\/\/desteptati-va.ro\/wp-content\/uploads\/2022\/04\/Razboi-in-Ucraina-.jpg","datePublished":"2022-04-07T10:46:56+00:00","dateModified":"2022-04-08T07:24:51+00:00","author":{"@id":"https:\/\/desteptati-va.ro\/#\/schema\/person\/13182deeebd44920914899f7bb262d6b"},"breadcrumb":{"@id":"https:\/\/desteptati-va.ro\/index.php\/2022\/04\/07\/ucraina-a-castigat-razboiul-de-imagine\/#breadcrumb"},"inLanguage":"ro-RO","potentialAction":[{"@type":"ReadAction","target":["https:\/\/desteptati-va.ro\/index.php\/2022\/04\/07\/ucraina-a-castigat-razboiul-de-imagine\/"]}]},{"@type":"ImageObject","inLanguage":"ro-RO","@id":"https:\/\/desteptati-va.ro\/index.php\/2022\/04\/07\/ucraina-a-castigat-razboiul-de-imagine\/#primaryimage","url":"https:\/\/desteptati-va.ro\/wp-content\/uploads\/2022\/04\/Razboi-in-Ucraina-.jpg","contentUrl":"https:\/\/desteptati-va.ro\/wp-content\/uploads\/2022\/04\/Razboi-in-Ucraina-.jpg","width":758,"height":526},{"@type":"BreadcrumbList","@id":"https:\/\/desteptati-va.ro\/index.php\/2022\/04\/07\/ucraina-a-castigat-razboiul-de-imagine\/#breadcrumb","itemListElement":[{"@type":"ListItem","position":1,"name":"Prima pagin\u0103","item":"https:\/\/desteptati-va.ro\/"},{"@type":"ListItem","position":2,"name":"Ucraina a c\u00e2\u015ftigat r\u0103zboiul de imagine"}]},{"@type":"WebSite","@id":"https:\/\/desteptati-va.ro\/#website","url":"https:\/\/desteptati-va.ro\/","name":"","description":"","potentialAction":[{"@type":"SearchAction","target":{"@type":"EntryPoint","urlTemplate":"https:\/\/desteptati-va.ro\/?s={search_term_string}"},"query-input":{"@type":"PropertyValueSpecification","valueRequired":true,"valueName":"search_term_string"}}],"inLanguage":"ro-RO"},{"@type":"Person","@id":"https:\/\/desteptati-va.ro\/#\/schema\/person\/13182deeebd44920914899f7bb262d6b","name":"wolfsoftcompany","image":{"@type":"ImageObject","inLanguage":"ro-RO","@id":"https:\/\/desteptati-va.ro\/#\/schema\/person\/image\/","url":"https:\/\/secure.gravatar.com\/avatar\/a6cce9b6d101d27d91690e7073e300fed94c0899890bf998e082cb9d2c3d121e?s=96&d=mm&r=g","contentUrl":"https:\/\/secure.gravatar.com\/avatar\/a6cce9b6d101d27d91690e7073e300fed94c0899890bf998e082cb9d2c3d121e?s=96&d=mm&r=g","caption":"wolfsoftcompany"},"sameAs":["http:\/\/desteptati-va.ro"],"url":"https:\/\/desteptati-va.ro\/index.php\/author\/wolfsoftcompany\/"}]}},"_links":{"self":[{"href":"https:\/\/desteptati-va.ro\/index.php\/wp-json\/wp\/v2\/posts\/4931","targetHints":{"allow":["GET"]}}],"collection":[{"href":"https:\/\/desteptati-va.ro\/index.php\/wp-json\/wp\/v2\/posts"}],"about":[{"href":"https:\/\/desteptati-va.ro\/index.php\/wp-json\/wp\/v2\/types\/post"}],"author":[{"embeddable":true,"href":"https:\/\/desteptati-va.ro\/index.php\/wp-json\/wp\/v2\/users\/1"}],"replies":[{"embeddable":true,"href":"https:\/\/desteptati-va.ro\/index.php\/wp-json\/wp\/v2\/comments?post=4931"}],"version-history":[{"count":12,"href":"https:\/\/desteptati-va.ro\/index.php\/wp-json\/wp\/v2\/posts\/4931\/revisions"}],"predecessor-version":[{"id":4953,"href":"https:\/\/desteptati-va.ro\/index.php\/wp-json\/wp\/v2\/posts\/4931\/revisions\/4953"}],"wp:featuredmedia":[{"embeddable":true,"href":"https:\/\/desteptati-va.ro\/index.php\/wp-json\/wp\/v2\/media\/4944"}],"wp:attachment":[{"href":"https:\/\/desteptati-va.ro\/index.php\/wp-json\/wp\/v2\/media?parent=4931"}],"wp:term":[{"taxonomy":"category","embeddable":true,"href":"https:\/\/desteptati-va.ro\/index.php\/wp-json\/wp\/v2\/categories?post=4931"},{"taxonomy":"post_tag","embeddable":true,"href":"https:\/\/desteptati-va.ro\/index.php\/wp-json\/wp\/v2\/tags?post=4931"}],"curies":[{"name":"wp","href":"https:\/\/api.w.org\/{rel}","templated":true}]}}