{"id":4954,"date":"2022-04-08T12:09:14","date_gmt":"2022-04-08T10:09:14","guid":{"rendered":"https:\/\/desteptati-va.ro\/?p=4954"},"modified":"2022-04-08T12:44:10","modified_gmt":"2022-04-08T10:44:10","slug":"bomba-planetara-teoria-conspiratiei-este-realitate","status":"publish","type":"post","link":"https:\/\/desteptati-va.ro\/index.php\/2022\/04\/08\/bomba-planetara-teoria-conspiratiei-este-realitate\/","title":{"rendered":"BOMB\u0102 PLANETAR\u0102. TEORIA CONSPIRA\u021aIEI este REALITATE"},"content":{"rendered":"<div class=\"post-content\"><div class='booster-block booster-read-block'>\n                <div class=\"twp-read-time\">\n                \t<i class=\"booster-icon twp-clock\"><\/i> <span>Read Time:<\/span>14 Minute, 15 Second                <\/div>\n\n            <\/div>\n<h2 class=\"has-black-color has-text-color wp-block-heading\">Virusul SARS-COV-2 a fost conceput \u00een laboratoarele Wuhan cu finan\u021bare din SUA asigurat\u0103 prin dr. Fauci. DOCUMENTE MILITARE secrete ale Agen\u021biei speciale DARPA a SUA publicate de Project Veritas<\/h2>\n\n\n\n<p class=\"has-black-color has-text-color has-medium-font-size wp-block-paragraph\"><strong>O dezv\u0103luire cu adev\u0103rat bomb\u0103, pentru \u00eentreaga umanitate, a avut loc pe 10 ianuarie 2022 \u00een Statele Unite. Sinteza, \u00een reportajul uimitor realizat de&nbsp;<a href=\"http:\/\/www.projectveritas.com\/news\/\" target=\"_blank\" rel=\"noreferrer noopener\">Project Veritas<\/a>, pe care v\u0103 invit\u0103m s\u0103-l urm\u0103ri\u021bi aici, \u00eenaintea prezent\u0103rii cu lux de am\u0103nunte a celei mai oribile \u0219i criminale afaceri a acestui secol (p\u00e2n\u0103 acum cel pu\u021bin): MINCIUNA COVID.<\/strong><\/p>\n\n\n\n<p class=\"has-black-color has-text-color has-medium-font-size wp-block-paragraph\"><strong>Ancheta \u0219i documentele militare ob\u021binute de Project Veritas relev\u0103 c\u0103 virusul SARS-COV-2 a fost conceput \u00een Laboratoarele de la Wuhan&nbsp;cu finan\u021bare asigurat\u0103 din SUA de dr. Anthony Fauci, eminen\u021ba cenu\u0219ie a pandemiei planetare.<\/strong><\/p>\n\n\n\n<p class=\"has-black-color has-text-color has-medium-font-size wp-block-paragraph\"><strong>\u00cen plus, afl\u0103m \u0219i dou\u0103 tic\u0103lo\u0219ii \u00eenfior\u0103toare: \u00een 2020, responsabilii de toat\u0103 aceast\u0103 afacere s\u00e2ngeroas\u0103 \u0218TIAU c\u0103 IVERMECTINA \u0219i HIDROXICLOROCHINA sunt medicamentele care salveaz\u0103 de infec\u021bia cu SARS-COV-2. \u0218i tot atunci, conform documentelor secrete expuse, se \u0219tia c\u0103 UN VACCIN cu ARNm este INEFICIENT pentru tratarea bolii generate de virusul DIN LABORATOR.<\/strong><strong><\/strong><\/p>\n\n\n\n<p class=\"has-black-color has-text-color has-medium-font-size wp-block-paragraph\"><strong>Mai \u00eent\u00e2i filmul \u0219i apoi toate explica\u021biile \u0219i documentele posibile adunate de\u00a0ActiveNews, mai jos:<\/strong><\/p>\n\n\n\n<figure class=\"wp-block-video\"><video height=\"360\" style=\"aspect-ratio: 640 \/ 360;\" width=\"640\" controls poster=\"https:\/\/desteptati-va.ro\/wp-content\/uploads\/2022\/04\/Military-Documents-about-Gain-of-Function-contradict-Fauci-testimony-under-oath-ExposeFauci-mp4-image.png\" src=\"https:\/\/desteptati-va.ro\/wp-content\/uploads\/2022\/04\/Military-Documents-about-Gain-of-Function-contradict-Fauci-testimony-under-oath-ExposeFauci.mp4\"><\/video><\/figure>\n\n\n\n<p class=\"has-black-color has-text-color has-large-font-size wp-block-paragraph\"><strong>Vremea javrelor<\/strong><\/p>\n\n\n\n<p class=\"has-black-color has-text-color has-medium-font-size wp-block-paragraph\">\u00cen octombrie 2020, o figur\u0103 \u0219ters\u0103 tipic securistoid\u0103, cu r\u0103sun\u0103torul nume de balt\u0103 Alina B\u00e2rg\u0103oanu, subalterna unui fost \u021bu\u021b\u0103r de la Era Socialist\u0103, Paul Dobrescu,\u00a0<a href=\"http:\/\/www.activenews.ro\/stiri\/HOTII-striga-Hotii-sau-Fake-Anti-Fake-istii-Noii-Ere-Socialiste-Covidiene.-ONG-ul-Eurocomunicare-patronat-de-Paul-Dobrescu-un-fost-sef-de-sectie-de-la-revista-CC-al-PCR-Era-Socialista-denigreaza-in-stil-securistic-ActiveNews.-SNSPA-fabrica-de-activisti-163360\" target=\"_blank\" rel=\"noreferrer noopener\">combina\u021bi \u00eentr-un ONG cu fonduri guvernamentale supervizat de SNSPA, cu denumirea pompoas\u0103 de Eurocomunicare<\/a>, introduce site-ul\u00a0ActiveNews\u00a0pe o list\u0103 neagr\u0103 de autori de \u201efake-news\u201d. Motivul? \u00cendr\u0103znisem s\u0103 ridic\u0103m problema originii virusului SARS-COV-2, public\u00e2nd un articol pur informativ, a c\u0103rui surs\u0103 original\u0103 nici un om, fie el \u0219i cu un singur neuron, nu ar fi avut de ce s\u0103 o conteste, cu condi\u021bia s\u0103 nu fie complet idiot sau pl\u0103tit de partea advers\u0103 sursei folosite de noi \u00een materialul acuzat de \u201efake news\u201d. Este vorba de articolul\u00a0\u00a0<a href=\"http:\/\/www.activenews.ro\/%20externe\/Serviciile-de-%20informatii-americane-sustin-%20ca-virusul-Covid-19-nu-este-%20facut-de-om-dar-admit-ca-ar-%20fi-putut-scapa-din-%20laboratorul-din-Wuhan-161295\" target=\"_blank\" rel=\"noreferrer noopener\">&#8222;Serviciile de informa\u021bii americane sus\u021bin c\u0103 virusul Covid-19 nu este f\u0103cut de om, dar admit c\u0103 ar fi putut sc\u0103pa din laboratorul din Wuhan&#8221;<\/a>, publicat la 1.05.2020, \u0219i care avea ca surs\u0103 un Comunicat Oficial al Comunit\u0103\u021bii de Informa\u021bii a Statelor Unite ale Americii.<\/p>\n\n\n\n<p class=\"has-black-color has-text-color has-medium-font-size wp-block-paragraph\">Mar\u021bi, 11 ianuarie 2022, Anthony Fauci, coordonatorul plandemiei din Statele Unite, a fost interogat de senatori americani \u00eentr-o audiere special\u0103 cu privire la originea virusului uciga\u0219, dup\u0103 c\u0103 jurnali\u0219tii temerari de la&nbsp;<a href=\"http:\/\/www.activenews.ro\/organizatii\/Project-Veritas-4487\" target=\"_blank\" rel=\"noreferrer noopener\">Project Veritas &#8211; Proiect Adev\u0103rul<\/a>, despre care&nbsp;ActiveNews&nbsp;a scris adeseori, au dezv\u0103luit un fost Raport secret al Agen\u021biei pentru Proiecte de Cercetare Avansat\u0103 \u00een domeniul Ap\u0103r\u0103rii, faimoasa DARPA, pentru ini\u021bia\u021bi, aflat\u0103 sub umbrela Ministerului Ap\u0103r\u0103rii SUA, din care reiese c\u0103 asociatul lui Fauci de la&nbsp;<strong>EcoHealth Alliance<\/strong>, Peter Daszak, a \u00eencercat s\u0103 creeze acest virus, ca o component\u0103 a unui vaccin, din 2018.<\/p>\n\n\n\n<p class=\"has-black-color has-text-color has-medium-font-size wp-block-paragraph\"><strong>Pentru aceasta solicita un grant de 14.209.245 de dolari. DARPA l-a refuzat, pentru c\u0103, analiz\u00e2nd proiectul, prin Biroul s\u0103u de Biotehnologie, a ajuns la concluzia c\u0103 riscurile de securitate sunt mult prea mari, cu alte cuvinte c\u0103 este prea periculos pentru umanitate. DARPA este o agen\u021bie \u00eens\u0103rcinat\u0103 cu facilitarea cercet\u0103rii \u00een domeniul tehnologiei cu poten\u021biale aplica\u021bii militare. Cercet\u0103rile ei sunt de domeniul fantasticului.<\/strong><\/p>\n\n\n\n<p class=\"has-black-color has-text-color has-medium-font-size wp-block-paragraph\">Respins, Daszak s-a \u00eendreptat spre Institutul Na\u021bional pentru Alergii \u0219i Boli Infec\u021bioase (NIAID) \u0219i Institutul Na\u021bional de S\u0103n\u0103tate (NIH), respectiv c\u0103tre Fauci. Care l-a aprobat. Cercet\u0103rile au \u00eenceput la Wuhan, \u00een colaborare cu China.<\/p>\n\n\n\n<p class=\"has-black-color has-text-color has-medium-font-size wp-block-paragraph\"><strong>EcoHealth Alliance<\/strong>\u00a0sus\u021binea c\u0103 prin crearea virusului \u0219i apoi a vaccinului ar putea ajuta militarii americani dispu\u0219i \u00een zonele din Asia unde pot contracta virusuri similare.<\/p>\n\n\n<div class=\"wp-block-image\">\n<figure class=\"aligncenter size-full is-resized\"><img loading=\"lazy\" decoding=\"async\" src=\"https:\/\/desteptati-va.ro\/wp-content\/uploads\/2022\/04\/Project-Defuse-Virus-si-Vaccin.jpg\" alt=\"\" class=\"wp-image-4960\" width=\"627\" height=\"702\"\/><\/figure>\n<\/div>\n\n\n<p class=\"has-black-color has-text-color has-medium-font-size wp-block-paragraph\"><strong>\u00cen momentul declan\u0219\u0103rii epidemiei de coronavirus prin presupusa scurgere din laboratoarele de la Wuhan, to\u021bi cei implica\u021bi, \u00een frunte cu Fauci, au stabilit s\u0103 acopere afacerea, s\u0103 \u00eengroape ad\u00e2nc datele \u0219i s\u0103 \u00eendrepte presa \u0219i publicul spre teoria &#8211; fals\u0103 &#8211; a infect\u0103rii \u201enaturale\u201d de la lilieci. Oroarea care a urmat, o cunoa\u0219te\u021bi.<\/strong><\/p>\n\n\n\n<p class=\"has-black-color has-text-color has-medium-font-size wp-block-paragraph\">Fauci a min\u021bit Congresul, un delict federal, \u0219i este pasibil de \u00eenchisoare. Ieri, la noua audiere, c\u00e2nd, de data aceasta, senatorii au stat cu documentele pe mas\u0103,<\/p>\n\n\n\n<p class=\"has-black-color has-text-color has-medium-font-size wp-block-paragraph\">Fauci a min\u021bit din nou c\u0103 nu avea cuno\u0219tin\u021b\u0103 despre acest proiect.<\/p>\n\n\n\n<p class=\"has-black-color has-text-color has-medium-font-size wp-block-paragraph\">Diferen\u021ba este c\u0103 de data aceasta m\u00e2inile \u00eei tremurau sever, incontrolabil<em>.\u00a0<\/em><strong>VIDEO:<\/strong><\/p>\n\n\n\n<figure class=\"wp-block-video\"><video height=\"1080\" style=\"aspect-ratio: 608 \/ 1080;\" width=\"608\" controls src=\"https:\/\/desteptati-va.ro\/wp-content\/uploads\/2022\/04\/Covid.haa_.mp4\"><\/video><\/figure>\n\n\n\n<p class=\"has-black-color has-text-color has-medium-font-size wp-block-paragraph\">Tot ieri, Comitetul de anchet\u0103 al Congresului SUA a cerut explica\u021bii oficiale, detaliate \u0219i pe puncte, oferind dovezile \u00een cauz\u0103, de la Ministerul S\u0103n\u0103t\u0103\u021bii SUA, privind datele experimentului \u0219i afacerea finan\u021b\u0103rii respinse din motive de securitate de Ministerul Ap\u0103r\u0103rii &#8211; institu\u021bia suprem\u0103 \u00eens\u0103rcinat\u0103 cu ap\u0103rarea SUA &#8211; dar acceptate de institu\u021biile subordonate Ministerului, prin dr. Fauci.\u00a0<strong><strong>ActiveNews<\/strong>\u00a0<\/strong>are scrisoarea Comitetului, Congresului SUA \u0219i o public\u0103m mai jos, tradus\u0103 \u0219i \u00een original.<\/p>\n\n\n\n<p class=\"has-black-color has-text-color has-medium-font-size wp-block-paragraph\"><strong>\u201eAm f\u0103cut publice e-mailuri inedite care arat\u0103 c\u0103 Dr. Fauci ar fi putut ascunde informa\u021bii despre #COVID19 provenind din laboratorul Wuhan \u0219i a minimalizat \u00een mod inten\u021bionat teoria scurgerii de informa\u021bii din laborator.<\/strong>\u201d, a afirmat public Comitetul republican.\u00a0<\/p>\n\n\n\n<figure class=\"wp-block-image size-full\"><img loading=\"lazy\" decoding=\"async\" width=\"1280\" height=\"979\" src=\"https:\/\/desteptati-va.ro\/wp-content\/uploads\/2022\/04\/Covid2.jpg\" alt=\"\" class=\"wp-image-4962\"\/><\/figure>\n\n\n\n<p class=\"has-vivid-red-color has-text-color has-medium-font-size wp-block-paragraph\"><strong>Documentele ob\u021binute de jurnali\u0219tii Project Veritas din ad\u00e2ncurile sistemului de intelligence al SUA sunt ULUITOARE.<\/strong><\/p>\n\n\n\n<p class=\"has-black-color has-text-color has-medium-font-size wp-block-paragraph\"><strong>Dr. Robert Malone, apreciatul savant, intervievat ieri de Steve Bannon, afirm\u0103 c\u0103 importan\u021ba acestor documente este cov\u00e2r\u0219itoare la nivel planetar, pentru c\u0103 dezv\u0103luie cum originea \u0219i impactul acestui virus asupra a milioane \u0219i milioane de oameni a fost ascuns deliberat (<em>video \u00een baz\u0103<\/em>).<\/strong><\/p>\n\n\n\n<p class=\"has-black-color has-text-color has-medium-font-size wp-block-paragraph\">\u00cen \u00eenregistrare video publicat\u0103 luni sear\u0103, directorul executiv al Project Veritas, James O&#8217;Keefe, a pus o \u00eentrebare fundamental\u0103 c\u0103tre DARPA:<br><br><strong>\u201eCine de la DARPA a luat decizia de a \u00eengropa Raportul original? Ar fi putut trage semnale de alarm\u0103 c\u0103tre Pentagon, Casa Alb\u0103 sau Congres, ceea ce ar fi putut preveni aceast\u0103 \u00eentreag\u0103 pandemie care a dus la moartea a 5,4 milioane de oameni din \u00eentreaga lume \u0219i a provocat mult\u0103 durere \u0219i suferin\u021b\u0103 multor alte milioane de oameni.&#8221;<\/strong><\/p>\n\n\n\n<p class=\"has-black-color has-text-color has-large-font-size wp-block-paragraph\"><strong>MINCIUNA<\/strong><\/p>\n\n\n\n<p class=\"has-black-color has-text-color has-medium-font-size wp-block-paragraph\"><strong>De la \u00eenceputul pandemiei COVID-19, directorul NIAID, Anthony Fauci, \u0219i directorul NIH, Francis Collins, au denun\u021bat teoria conform c\u0103reia virusul ar fi sc\u0103pat de la Institutul de Virusologie din Wuhan ca fiind o \u201eteorie a conspira\u021biei\u201d.<\/strong><br><br>\u00cen martie 2020,\u00a0<a href=\"http:\/\/directorsblog.nih.gov\/2020\/03\/26\/genomic-research-points-to-natural-origin-of-covid-19\/\" target=\"_blank\" rel=\"noreferrer noopener\">Collins a declarat<\/a>\u00a0c\u0103 afirma\u021biile conform c\u0103rora COVID-19 a fost creat \u00eentr-un laborator erau &#8222;scandaloase&#8221;, scriu\u00a0<a href=\"http:\/\/technofog.substack.com\/p\/new-documents-reveal-early-beliefs\" target=\"_blank\" rel=\"noreferrer noopener\">colegii americani reac\u021bionari<\/a>. El a indicat un nou studiu care\u00a0<strong>&#8222;demonteaz\u0103 astfel de afirma\u021bii, oferind dovezi \u0219tiin\u021bifice c\u0103 acest nou coronavirus a ap\u0103rut \u00een mod natural&#8221;.<\/strong>\u00a0Cu toate acestea, unul dintre autorii studiului, Kristian Anderson, l-a informat anterior pe Fauci c\u0103 unele caracteristici ale virusului\u00a0<a href=\"http:\/\/technofog.substack.com\/p\/fauci-the-megalomaniac\" target=\"_blank\" rel=\"noreferrer noopener\">&#8222;par a fi fost create prin inginerie&#8221;<\/a>.<br><br>Ca s\u0103 nu se lase mai prejos, \u00een mai 2020, Fauci\u00a0<a href=\"http:\/\/www.nationalgeographic.com\/science\/article\/anthony-fauci-no-scientific-evidence-the-coronavirus-was-made-in-a-chinese-lab-cvd\" target=\"_blank\" rel=\"noreferrer noopener\">a declarat pentru National Geographic<\/a>\u00a0c\u0103 acest virus\u00a0<strong>&#8222;nu ar fi putut fi manipulat \u00een mod artificial sau deliberat&#8221;<\/strong>.\u00a0<strong>Nu ar fi putut. El nu a l\u0103sat loc de \u00eendoial\u0103:<\/strong><\/p>\n\n\n\n<p class=\"has-vivid-red-color has-text-color has-medium-font-size wp-block-paragraph\">Tot ceea ce \u021bine de evolu\u021bia \u00een trepte de-a lungul timpului indic\u0103 cu t\u0103rie c\u0103 [acest virus] a evoluat \u00een natur\u0103 \u0219i apoi a s\u0103rit specii<\/p>\n\n\n\n<p class=\"has-black-color has-text-color has-medium-font-size wp-block-paragraph\"><strong>Ieri, congresmenii republicani au publicat e-mailuri care dezv\u0103luie c\u0103 oameni de \u0219tiin\u021b\u0103 \u0219i cercet\u0103tori &#8211; oameni care cu siguran\u021b\u0103 nu sunt adep\u021bi ai teoriei conspira\u021biei &#8211; i-au informat pe Fauci \u0219i Collins despre convingerea lor c\u0103 virusul a fost creat de om.<\/strong><\/p>\n\n\n\n<p class=\"has-black-color has-text-color has-medium-font-size wp-block-paragraph\">Notele de la o teleconferin\u021b\u0103 din 1 februarie 2020 au fost transmise lui Fauci \u0219i Collins pe&nbsp;<strong>2 februarie 2020<\/strong>. \u00cen e-mail-urile ob\u021binute se arat\u0103 cum Fauci pune presiuni pentru ascunderea datelor legate de cerecet\u0103rile de la Wuhan \u0219i impunerea teoriei \u201eorigini naturale\u201d a virusului.<\/p>\n\n\n\n<p class=\"has-black-color has-text-color has-large-font-size wp-block-paragraph\"><strong>AFACEREA<\/strong><\/p>\n\n\n\n<p class=\"has-black-color has-text-color has-medium-font-size wp-block-paragraph\">Potrivit documentelor descoperite de\u00a0<a href=\"http:\/\/www.projectveritas.com\/news\/military-documents-about-gain-of-function-contradict-fauci-testimony-under\/\" target=\"_blank\" rel=\"noreferrer noopener\">Project Veritas<\/a>, EcoHealth Alliance, colaboratoare cunoscut\u0103 a Institutului lui Fauci (NIH), a abordat Agen\u021bia pentru Proiecte de Cercetare Avansat\u0103 \u00een domeniul Ap\u0103r\u0103rii (DARPA) \u00een martie 2018, c\u0103ut\u00e2nd s\u0103 finan\u021beze Proiectul DEFUSE &#8211; o ini\u021biativ\u0103 de a efectua cercet\u0103ri privind\u00a0<em>c\u00e2\u0219tigarea func\u021biei\u00a0<\/em>coronavirusurilor de la lilieci (<em>gain of function &#8211;\u00a0<\/em><strong>GoF<\/strong>, este un tip de cercetare care confer\u0103 unui organism o nou\u0103 proprietate sau \u00eembun\u0103t\u0103\u021be\u0219te una existent\u0103. Organismul poate fi un virus, o bacterie, o ciuperc\u0103, un roz\u0103tor, o pas\u0103re, un pe\u0219te sau orice altceva care poate fi manipulat experimental &#8211; conform\u00a0<a href=\"http:\/\/www.virology.ws\/2021\/09\/09\/gain-of-function-explained\/\" target=\"_blank\" rel=\"noreferrer noopener\">virology.ws<\/a>).<\/p>\n\n\n\n<p class=\"has-black-color has-text-color has-medium-font-size wp-block-paragraph\">Potrivit Project Veritas, din motive de siguran\u021b\u0103 \u0219i deoarece propunerea \u00eenc\u0103lca un Moratoriu strict privind cercetarea prin GoF, aceasta a fost respins\u0103 de DARPA. Dar, aceasta a fost preluat\u0103 sub bagheta lui Fauci.<br><br><strong>&#8222;Potrivit documentelor, NIAID, sub conducerea doctorului Fauci, a continuat cercetarea la laboratorul de virusologie Wuhan din China \u0219i \u00een alte c\u00e2teva loca\u021bii din SUA&#8221;<\/strong>, relateaz\u0103 The Post Millennial.<br><\/p>\n\n\n\n<p class=\"has-vivid-red-color has-text-color has-medium-font-size wp-block-paragraph\"><br><strong>Documentele militare despre GoF contrazic m\u0103rturia f\u0103cut\u0103 de Fauci sub jur\u0103m\u00e2nt. ActiveNews public\u0103 toate documente de la Project Veritas \u00een baza articolului.<\/strong><\/p>\n\n\n\n<p class=\"has-black-color has-text-color has-medium-font-size wp-block-paragraph\"><br>Raportul principal privind propunerea EcoHealth Alliance s-a scurs pe internet \u00een urm\u0103 cu c\u00e2teva luni, \u00eens\u0103 acesta a r\u0103mas neverificat p\u00e2n\u0103 \u00een prezent. Project Veritas a ob\u021binut un raport separat adresat Inspectorului General al Departamentului Ap\u0103r\u0103rii, scris de maiorul din cadrul Corpului de Infanterie Marin\u0103 al SUA, Joseph Murphy, un fost membru DARPA.<br><strong>&#8222;Propunerea nu men\u021bioneaz\u0103 \u0219i nu evalueaz\u0103 riscurile poten\u021biale ale cercet\u0103rilor de tip Gain of Function (GoF)&#8221;,\u00a0<\/strong>este un citat direct din scrisoarea de respingere a DARPA.<br>Project Veritas a contactat DARPA pentru a ob\u021bine un comentariu cu privire la documentele ascunse \u0219i a vorbit cu \u0219eful departamentului de comunicare, Jared Adams, care a spus: &#8222;Nu mi se pare normal&#8221;, atunci c\u00e2nd a fost \u00eentrebat despre modul \u00een care au fost \u00eengropate documentele.<br><strong>Documente extraordinare ob\u021binute de Project Veritas sunt referitoare la originile COVID-19, la experimentul GoF, la vaccinuri, la poten\u021biale tratamente care au fost suprimate \u0219i la efortul guvernului de a ascunde toate acestea.<\/strong><br>Documentele \u00een cauz\u0103 provin dintr-un Raport al Agen\u021biei pentru Proiecte de Cercetare Avansat\u0103 a Ap\u0103r\u0103rii, mai bine cunoscut\u0103 sub numele de DARPA, care au fost ascunse \u00eentr-o unitate electronic\u0103 strict secret\u0103, mai afirm\u0103 Project Veritas.<\/p>\n\n\n\n<p class=\"has-black-color has-text-color has-medium-font-size wp-block-paragraph\"><strong>Raportul maiorului Murphy prezint\u0103 cu \u00eengrijorare tot ceea ce se \u00eent\u00e2mpl\u0103 \u00een cadrul programul mai amplu COVID-19, ascunderea documentelor legate de cercet\u0103rile de la Wuhan c\u00e2t \u0219i suprimarea unor medicamente curative, precum Ivermectina &#8211; despre care se afirm\u0103 c\u0103 este func\u021bioneaz\u0103 benefic \u00een toate fazele bolii &#8211; \u0219i Hidroxiclorochina.\u00a0DOCUMENT:<\/strong><\/p>\n\n\n\n<figure class=\"wp-block-image size-full\"><img loading=\"lazy\" decoding=\"async\" width=\"2048\" height=\"1156\" src=\"https:\/\/desteptati-va.ro\/wp-content\/uploads\/2022\/04\/Covid3.jpg\" alt=\"\" class=\"wp-image-4965\"\/><\/figure>\n\n\n\n<p class=\"has-black-color has-text-color has-medium-font-size wp-block-paragraph\"><strong>De asemenea, se fac referiri la\u00a0eficacitatea redus\u0103 a vaccinurile cu ARNm, ceea ce arat\u0103 c\u0103 autorit\u0103\u021bile americane &#8211; \u0219i cel mai probabil nu numai ele &#8211; au \u0219tiut c\u0103 toat\u0103 afacerea de zeci de miliarde de euro a companiilor vacciniste este o f\u0103c\u0103tur\u0103.\u00a0DOCUMENT:<\/strong><\/p>\n\n\n\n<figure class=\"wp-block-image size-full\"><img loading=\"lazy\" decoding=\"async\" width=\"1240\" height=\"706\" src=\"https:\/\/desteptati-va.ro\/wp-content\/uploads\/2022\/04\/Covid4.jpg\" alt=\"\" class=\"wp-image-4966\"\/><\/figure>\n\n\n\n<p class=\"has-black-color has-text-color has-medium-font-size wp-block-paragraph\"><strong>Scrisoarea membrilor Congresului c\u0103tre Ministerul S\u0103n\u0103t\u0103\u021bii SUA<\/strong><\/p>\n\n\n\n<p class=\"has-black-color has-text-color has-medium-font-size wp-block-paragraph\">11 ianuarie 2022<br>Onorabilul Xavier Becerra<br>Secretar<br>Departamentul de S\u0103n\u0103tate \u0219i Servicii Umane al SUA<br>200 Independence Ave., SW<br>Washington, D.C. 20201<\/p>\n\n\n<div class=\"wp-block-image\">\n<figure class=\"aligncenter size-full is-resized\"><img loading=\"lazy\" decoding=\"async\" src=\"https:\/\/desteptati-va.ro\/wp-content\/uploads\/2022\/04\/Covid5.jpg\" alt=\"\" class=\"wp-image-4967\" width=\"986\" height=\"554\"\/><\/figure>\n<\/div>\n\n\n<p class=\"has-black-color has-text-color has-medium-font-size wp-block-paragraph\">Stimate domnule secretar Becerra<\/p>\n\n\n\n<p class=\"has-black-color has-text-color has-medium-font-size wp-block-paragraph\">V\u0103 scriem pentru a solicita o transcriere cu Dr. Anthony Fauci, director, U.S. National National National Institute of Allergy and Infectious Diseases (NIAID). Un extras din e-mailurile pe care le facem publice ast\u0103zi (a se vedea Anexa I al\u0103turat\u0103) dezv\u0103luie c\u0103 Dr. Fauci a fost avertizat de dou\u0103 lucruri:<\/p>\n\n\n\n<p class=\"has-black-color has-text-color has-medium-font-size wp-block-paragraph\">(1) poten\u021bialul ca COVID-19 s\u0103 se fi scurs de la Institutul de Virusologie Wuhan (WIV) \u0219i<\/p>\n\n\n\n<p class=\"has-black-color has-text-color has-medium-font-size wp-block-paragraph\">(2) posibilitatea ca virusul s\u0103 fi fost manipulat genetic \u00een mod inten\u021bionat.<\/p>\n\n\n\n<p class=\"has-black-color has-text-color has-medium-font-size wp-block-paragraph\">Este imperativ s\u0103 investig\u0103m dac\u0103 acest informa\u021bie a fost transmis\u0103 c\u0103tre restul guvernului \u0219i dac\u0103 aceast\u0103 informa\u021bie ar fi ar fi schimbat r\u0103spunsul Statelor Unite la pandemie.<\/p>\n\n\n\n<p class=\"has-black-color has-text-color has-medium-font-size wp-block-paragraph\">\u00cen ciuda faptului c\u0103 Dr. Fauci a sus\u021binut contrariul \u00een mai multe r\u00e2nduri, el era, de fapt, con\u0219tient de existen\u021ba unei rela\u021bii financiare dintre NIAID, Institutele Na\u021bionale de S\u0103n\u0103tate ale SUA (NIH), EcoHealth Alliance Inc. (EcoHealth) \u0219i Wuhan Institute of Virology (WIV), p\u00e2n\u0103 la 27 ianuarie 2020.<\/p>\n\n\n\n<p class=\"has-black-color has-text-color has-medium-font-size wp-block-paragraph\">1 Dr. Fauci \u0219tia, de asemenea, c\u0103 NIAID a colaborat cu EcoHealth pentru a elabora o politic\u0103 de acordare a granturilor pentru a ocoli moratoriul privind GoF la nivelul momentul respectiv.<\/p>\n\n\n\n<p class=\"has-black-color has-text-color has-medium-font-size wp-block-paragraph\">2 Aceast\u0103 nou\u0103 politic\u0103, conceput\u0103 de EcoHealth \u0219i agreat\u0103 de NIAID, a permis EcoHealth s\u0103 s\u0103 finalizeze experimente periculoase pe noi coronavirusuri de liliac &#8211; cu foarte pu\u021bin\u0103 supraveghere &#8211; care altfel ar fi fost blocate de moratoriu.<\/p>\n\n\n\n<p class=\"has-black-color has-text-color has-medium-font-size wp-block-paragraph\">3 \u00cen ianuarie 2020, Dr. Fauci a fost, de asemenea, \u00een cuno\u0219tin\u021b\u0103 de cauz\u0103 de faptul c\u0103 EcoHealth nu respecta termenii subven\u021biei sale care a finan\u021bat Institutul de la Wuhan.<\/p>\n\n\n\n<p class=\"has-black-color has-text-color has-medium-font-size wp-block-paragraph\">4 EcoHealth trebuia s\u0103 prezinte un raport anual de progres c\u0103tre NIAID p\u00e2n\u0103 la 30 septembrie 2019, \u0219i nu o f\u0103cuse \u00eenc\u0103.<\/p>\n\n\n\n<p class=\"has-black-color has-text-color has-medium-font-size wp-block-paragraph\">5 Comitetul a aflat ulterior c\u0103 EcoHealth nu a prezentat aceste rapoarte, probabil pentru a ascunde un experiment de ob\u021binere a func\u021biei, efectuat pe animale infec\u021bioase \u0219i poten\u021bial letal de noi coronavirusuri de lilieci.<\/p>\n\n\n\n<p class=\"has-black-color has-text-color has-medium-font-size wp-block-paragraph\">6 P\u00e2n\u0103 la 27 ianuarie 2020, Dr. Fauci \u0219tia c\u0103 NIAID a finan\u021bat EcoHealth, c\u0103 Institutul de la Wuhan WIV era un subcontractant al EcoHealth, iar EcoHealth nu se conforma cu raportarea subven\u021biei, \u00een special o subven\u021bie despre care NIAID \u0219tia c\u0103 avea poten\u021bial de c\u00e2\u0219tig de func\u021bie asupra noilor coronavirusuri de liliac.<\/p>\n\n\n\n<p class=\"has-black-color has-text-color has-medium-font-size wp-block-paragraph\">Nu este clar dac\u0103 Dr. Fauci a raportat vreuna dintre aceste probleme superiorilor s\u0103i. Trebuie s\u0103 cunoa\u0219tem tot ceea ce \u0219tia Dr. Fauci \u0219i c\u00e2nd a \u0219tiut acest lucru.<\/p>\n\n\n\n<p class=\"has-black-color has-text-color has-medium-font-size wp-block-paragraph\">La 1 februarie 2020, Dr. Fauci, Dr. Collins \u0219i cel pu\u021bin al\u021bi unsprezece oameni de \u0219tiin\u021b\u0103 s-au reunit \u00eentr-o teleconferin\u021b\u0103 pentru a discuta despre COVID-19.<\/p>\n\n\n\n<p class=\"has-black-color has-text-color has-medium-font-size wp-block-paragraph\">7 <strong>\u00cen cadrul acestei teleconferin\u021be, Dr. Fauci \u0219i dr. Collins au fost avertiza\u021bi pentru prima dat\u0103 c\u0103 este posibil ca COVID-19 s\u0103 se fi scurs de la Wuhan (WIV)<\/strong>\u00a0<strong>\u0219i, \u00een plus, s\u0103 fi fi fost manipulat genetic \u00een mod inten\u021bionat.<\/strong><\/p>\n\n\n\n<p class=\"has-black-color has-text-color has-medium-font-size wp-block-paragraph\">Din nou, nu este clar dac\u0103 fie Dr. Fauci, fie Dr. Collins au transmis vreodat\u0103 aceste avertismente altor oficiali guvernamentali sau dac\u0103 pur \u0219i simplu le-au ignorat.<\/p>\n\n\n\n<p class=\"has-black-color has-text-color has-medium-font-size wp-block-paragraph\">Doar trei zile mai t\u00e2rziu, la 4 februarie 2020, patru participan\u021bi la teleconferin\u021ba telefonic\u0103 au fost autorii unui articol intitulat &#8222;Originea aproximal\u0103 a SARS-CoV-2&#8221; \u0219i au trimis o ciorn\u0103 doctorilor Fauci \u0219i Collins.<\/p>\n\n\n\n<p class=\"has-black-color has-text-color has-medium-font-size wp-block-paragraph\">8 <strong>\u00cenainte de publicarea final\u0103 \u00een Nature Medicine, lucrarea a fost trimis\u0103 doctorului Fauci pentru editare \u0219i aprobare.<\/strong><\/p>\n\n\n\n<p class=\"has-black-color has-text-color has-medium-font-size wp-block-paragraph\">9<strong> Nu este clar ce dovezi noi au fost prezentate sau dac\u0103 au fost prezentate dovezi noi, dar, dup\u0103 ce au vorbit cu doctorii Fauci \u0219i Collins, autori au renun\u021bat la convingerea c\u0103 COVID-19 a fost rezultatul unei scurgeri de laborator.<\/strong><\/p>\n\n\n\n<p class=\"has-black-color has-text-color has-medium-font-size wp-block-paragraph\">De asemenea, nu este clar dac\u0103 Dr. Fauci sau Collins au editat lucrarea \u00eenainte de publicare.<\/p>\n\n\n\n<p class=\"has-black-color has-text-color has-medium-font-size wp-block-paragraph\"><strong>La 16 aprilie 2020, la mai mult de dou\u0103 luni de la teleconferin\u021ba ini\u021bial\u0103, Dr. Collins i-a trimis un e-mail Dr. Fauci exprim\u00e2ndu-\u0219i consternarea c\u0103 articolul din Nature Medicine &#8211; pe care l-au v\u0103zut \u00eenainte de a publicare \u0219i au avut posibilitatea de a edita &#8211; nu a zdrobit ipoteza scurgerii din laborator \u0219i \u00eentreab\u0103 dac\u0103 NIH poate face mai mult pentru a &#8222;dobor\u00ee&#8221; ipoteza scurgerilor din laborator.<\/strong><\/p>\n\n\n\n<p class=\"has-black-color has-text-color has-medium-font-size wp-block-paragraph\">10 A doua zi dup\u0103 ce Dr. Collins a cerut \u00een mod explicit mai mult\u0103 presiune public\u0103 Dr. Fauci a citat articolul din Nature Medicine chiar de la tribuna Casei Albe, probabil \u00een \u00eencercarea de a \u00een\u0103bu\u0219i \u0219i mai mult ipoteza COVID-19 scurs\u0103 de la Institutul de Virologie de la Wuhan (WIV).<\/p>\n\n\n\n<p class=\"has-black-color has-text-color has-medium-font-size wp-block-paragraph\">11 \u00cen loc s\u0103 fie transparen\u021bi cu Comitetul, HHS \u0219i NIH continu\u0103 s\u0103 se ascund\u0103, s\u0103 obstruc\u021bioneze ancheta \u0219i s\u0103 acopere adev\u0103rul. Continu\u00e2nd s\u0103 refuze s\u0103 coopereze fa\u021b\u0103 de solicitarea noastr\u0103, agen\u021biile Ministerului aleg s\u0103 ascund\u0103 informa\u021bii care vor ajuta la descoperirea originilor problemei \u00een curs de desf\u0103\u0219urare, a pandemiei, c\u00e2t \u0219i a prevenirii viitoarele pandemii, cum s\u0103 se r\u0103spund\u0103 la viitoarele pandemii, s\u0103 informeze\u00a0 cu privire la pozi\u021bia actual\u0103 de securitate na\u021bional\u0103 a Statelor Unite, \u0219i s\u0103 restabileasc\u0103 \u00eencrederea \u00een exper\u021bii no\u0219tri \u00een domeniul s\u0103n\u0103t\u0103\u021bii publice.<\/p>\n\n\n\n<p class=\"has-black-color has-text-color has-medium-font-size wp-block-paragraph\">T\u0103cerea HHS \u0219i obstruc\u021bionarea continu\u0103 venit\u0103 din partea NIH este posibil s\u0103 cauzeze daune ireparabile credibilit\u0103\u021bii acestor agen\u021bii.<\/p>\n\n\n\n<p class=\"has-black-color has-text-color has-medium-font-size wp-block-paragraph\">E-mailurile publicate ast\u0103zi ridic\u0103 numneroase semne de \u00eentreb\u0103ri semnificative, \u00eentre care:<\/p>\n\n\n\n<p class=\"has-black-color has-text-color has-medium-font-size wp-block-paragraph\">1. 1. Au avertizat doctorii Fauci sau Collins pe cineva de la Casa Alb\u0103 cu privire la posibilitatea c\u0103 virusul COVID-19 provenea dintr-un laborator \u0219i putea fi manipulat genetic \u00een mod inten\u021bionat?<\/p>\n\n\n\n<p class=\"has-black-color has-text-color has-medium-font-size wp-block-paragraph\">2. Dac\u0103 aceste preocup\u0103ri nu au fost \u00eemp\u0103rt\u0103\u0219ite, de ce s-a luat decizia de a se p\u0103stra t\u0103cerea?<\/p>\n\n\n\n<p class=\"has-black-color has-text-color has-medium-font-size wp-block-paragraph\">3. Ce dovezi noi, dac\u0103 exist\u0103, au ie\u0219it la iveal\u0103 cu privire la COVID-19 \u00eentre 1 februarie 2020 \u0219i 4 februarie 2020 care s\u0103 modifice convingerea c\u0103 acesta provine dintr-un laborator?<\/p>\n\n\n\n<p class=\"has-black-color has-text-color has-medium-font-size wp-block-paragraph\">4. Au editat doctorii Fauci sau Collins lucrarea Nature Medicine intitulat\u0103 &#8222;Originea proximal\u0103 of SARS-CoV-2&#8221;?<\/p>\n\n\n\n<p class=\"has-black-color has-text-color has-medium-font-size wp-block-paragraph\">5. Faptul de a avea aceste cuno\u0219tin\u021be mai devreme ar fi fost benefic fie pentru vaccin, fie pentru dezvoltarea unui tratament?<\/p>\n\n\n\n<p class=\"has-black-color has-text-color has-medium-font-size wp-block-paragraph\">6. P\u00e2n\u0103 la 1 februarie 2020, au fost doctorii Fauci sau Collins la curent cu faptul c\u0103 Departamentul de Stat a<br>avertizat \u00een mai multe r\u00e2nduri cu privire la siguran\u021ba Institutului de la Wuhan?<\/p>\n\n\n\n<p class=\"has-black-color has-text-color has-medium-font-size wp-block-paragraph\">7. Ar fi schimbat acest avertisment r\u0103spunsul timpuriu la pandemia COVID-19?<\/p>\n\n\n\n<p class=\"has-black-color has-text-color has-medium-font-size wp-block-paragraph\">Aceste \u00eentreb\u0103ri sunt vitale pentru \u00een\u021belegerea situa\u021biei. Din nefericire, p\u00e2n\u0103 acum, HHS \u0219i agen\u021bia subordonat\u0103 acestuia s-au ascuns \u00een spatele unor redact\u0103ri pentru a proteja aceste e-mailuri de la examinarea public\u0103. V\u0103 solicit\u0103m s\u0103 prezenta\u021bi imediat aceste pasaje \u0219terse ale celor discutate \u0219i s\u0103 furniza\u021bi comunic\u0103rile prin e-mail Congresului.<\/p>\n\n\n\n<p class=\"has-black-color has-text-color has-medium-font-size wp-block-paragraph\">\u00cen plus, av\u00e2nd \u00een vedere importan\u021ba celor de mai sus, solicit\u0103m ca Dr. Anthony Fauci s\u0103 fie pus imediat la dispozi\u021bie pentru a participa la o audiere trasncris\u0103.<\/p>\n\n\n\n<p class=\"has-black-color has-text-color has-medium-font-size wp-block-paragraph\">V\u0103 rug\u0103m s\u0103 r\u0103spunde\u021bi p\u00e2n\u0103 la 18 ianuarie 2022 pentru a confirma.<br>V\u0103 mul\u021bumim pentru aten\u021bia acordat\u0103 acestei chestiuni importante.<br>Cu deosebit\u0103 considera\u021bie,<br>_____________________________ _____________________________<br>James Comer- Comisia pentru supraveghere \u0219i reform\u0103<\/p>\n\n\n\n<p class=\"has-black-color has-text-color has-medium-font-size wp-block-paragraph\">Jim Jordan &#8211; Comisia pentru justi\u021bie<\/p>\n\n\n\n<p class=\"has-black-color has-text-color has-medium-font-size wp-block-paragraph\">cc: Onorabila Carolyn Maloney, pre\u0219edinte<br>Comisia pentru supraveghere \u0219i reform\u0103<br>Onorabilul Jerrold Nadler, pre\u0219edinte<br>Comisia pentru afaceri judiciare<\/p>\n\n\n\n<p class=\"has-black-color has-text-color has-medium-font-size wp-block-paragraph\">Artico preluat din <a href=\"https:\/\/www.activenews.ro\/covid-dezvaluiri-covid\/BOMBA-PLANETARA.-TEORIA-CONSPIRATIEI-este-REALITATE-Virusul-SARS-COV-2-a-fost-conceput-in-laboratoarele-Wuhan-cu-finantare-din-SUA-asigurata-prin-dr.-Fauci.-DOCUMENTE-MILITARE-secrete-ale-Agentiei-speciale-DARPA-a-SUA-publicate-de-Project-Veritas-172015\" target=\"_blank\" rel=\"noreferrer noopener\"><strong>ActivNews<\/strong><\/a><\/p>\n\n\n\n<p class=\"has-black-color has-text-color has-medium-font-size wp-block-paragraph\">DE\u00a0<a href=\"https:\/\/www.activenews.ro\/autori\/Alesandru-Anghel-320\">ALESANDRU ANGHEL<\/a>\u00a0\u0218I\u00a0<a href=\"https:\/\/www.activenews.ro\/autori\/Victor-Roncea-346\">VICTOR RONCEA<\/a>\u00a0<\/p>\n        <div class=\"booster-block booster-reactions-block\">\n            <div class=\"twp-reactions-icons\">\n                \n                <div class=\"twp-reacts-wrap\">\n                    <a react-data=\"be-react-1\" post-id=\"4954\" class=\"be-face-icons un-reacted\" href=\"javascript:void(0)\">\n                        <img decoding=\"async\" src=\"https:\/\/desteptati-va.ro\/wp-content\/plugins\/booster-extension\/\/assets\/icon\/happy.svg\" alt=\"Happy\">\n                    <\/a>\n                    <div class=\"twp-reaction-title\">\n                        Happy                    <\/div>\n                    <div class=\"twp-count-percent\">\n                                                    <span style=\"display: none;\" class=\"twp-react-count\">0<\/span>\n                        \n                                                <span class=\"twp-react-percent\"><span>0<\/span> %<\/span>\n                                            <\/div>\n                <\/div>\n\n                <div class=\"twp-reacts-wrap\">\n                    <a react-data=\"be-react-2\" post-id=\"4954\" class=\"be-face-icons un-reacted\" href=\"javascript:void(0)\">\n                        <img decoding=\"async\" src=\"https:\/\/desteptati-va.ro\/wp-content\/plugins\/booster-extension\/\/assets\/icon\/sad.svg\" alt=\"Sad\">\n                    <\/a>\n                    <div class=\"twp-reaction-title\">\n                        Sad                    <\/div>\n                    <div class=\"twp-count-percent\">\n                                                    <span style=\"display: none;\" class=\"twp-react-count\">0<\/span>\n                                                                        <span class=\"twp-react-percent\"><span>0<\/span> %<\/span>\n                                            <\/div>\n                <\/div>\n\n                <div class=\"twp-reacts-wrap\">\n                    <a react-data=\"be-react-3\" post-id=\"4954\" class=\"be-face-icons un-reacted\" href=\"javascript:void(0)\">\n                        <img decoding=\"async\" src=\"https:\/\/desteptati-va.ro\/wp-content\/plugins\/booster-extension\/\/assets\/icon\/excited.svg\" alt=\"Excited\">\n                    <\/a>\n                    <div class=\"twp-reaction-title\">\n                        Excited                    <\/div>\n                    <div class=\"twp-count-percent\">\n                                                    <span style=\"display: none;\" class=\"twp-react-count\">0<\/span>\n                                                                        <span class=\"twp-react-percent\"><span>0<\/span> %<\/span>\n                                            <\/div>\n                <\/div>\n\n                <div class=\"twp-reacts-wrap\">\n                    <a react-data=\"be-react-6\" post-id=\"4954\" class=\"be-face-icons un-reacted\" href=\"javascript:void(0)\">\n                        <img decoding=\"async\" src=\"https:\/\/desteptati-va.ro\/wp-content\/plugins\/booster-extension\/\/assets\/icon\/sleepy.svg\" alt=\"Sleepy\">\n                    <\/a>\n                    <div class=\"twp-reaction-title\">\n                        Sleepy                    <\/div>\n                    <div class=\"twp-count-percent\">\n                                                    <span style=\"display: none;\" class=\"twp-react-count\">0<\/span>\n                        \n                                                <span class=\"twp-react-percent\"><span>0<\/span> %<\/span>\n                                            <\/div>\n                <\/div>\n\n                <div class=\"twp-reacts-wrap\">\n                    <a react-data=\"be-react-4\" post-id=\"4954\" class=\"be-face-icons un-reacted\" href=\"javascript:void(0)\">\n                        <img decoding=\"async\" src=\"https:\/\/desteptati-va.ro\/wp-content\/plugins\/booster-extension\/\/assets\/icon\/angry.svg\" alt=\"Angry\">\n                    <\/a>\n                    <div class=\"twp-reaction-title\">Angry<\/div>\n                    <div class=\"twp-count-percent\">\n                                                    <span style=\"display: none;\" class=\"twp-react-count\">0<\/span>\n                                                                        <span class=\"twp-react-percent\"><span>0<\/span> %<\/span>\n                        \n                    <\/div>\n                <\/div>\n\n                <div class=\"twp-reacts-wrap\">\n                    <a react-data=\"be-react-5\" post-id=\"4954\" class=\"be-face-icons un-reacted\" href=\"javascript:void(0)\">\n                        <img decoding=\"async\" src=\"https:\/\/desteptati-va.ro\/wp-content\/plugins\/booster-extension\/\/assets\/icon\/surprise.svg\" alt=\"Surprise\">\n                    <\/a>\n                    <div class=\"twp-reaction-title\">Surprise<\/div>\n                    <div class=\"twp-count-percent\">\n                                                    <span style=\"display: none;\" class=\"twp-react-count\">0<\/span>\n                                                                        <span class=\"twp-react-percent\"><span>0<\/span> %<\/span>\n                                            <\/div>\n                <\/div>\n\n            <\/div>\n        <\/div>\n\n    <\/div>","protected":false},"excerpt":{"rendered":"<p>Virusul SARS-COV-2 a fost conceput \u00een laboratoarele Wuhan cu finan\u021bare din SUA asigurat\u0103 prin dr. Fauci. DOCUMENTE MILITARE secrete ale<a href=\"https:\/\/desteptati-va.ro\/index.php\/2022\/04\/08\/bomba-planetara-teoria-conspiratiei-este-realitate\/\">Read More<i class=\"fa fa-long-arrow-right\" aria-hidden=\"true\"><\/i><\/a><\/p>\n","protected":false},"author":1,"featured_media":4957,"comment_status":"open","ping_status":"open","sticky":false,"template":"","format":"standard","meta":{"_crdt_document":"","footnotes":""},"categories":[1760],"tags":[],"class_list":["post-4954","post","type-post","status-publish","format-standard","has-post-thumbnail","hentry","category-controversatul-corona"],"rise-blocks_total_comments":1,"rise-blocks_categories":[{"term_id":1760,"name":"Terorismul medical","slug":"controversatul-corona","term_group":0,"term_taxonomy_id":1760,"taxonomy":"category","description":"","parent":1756,"count":4,"filter":"raw"}],"rise-blocks_excerpt":"Virusul SARS-COV-2 a fost conceput \u00een laboratoarele Wuhan cu finan\u021bare din SUA asigurat\u0103 prin dr. Fauci. DOCUMENTE MILITARE secrete ale Agen\u021biei speciale DARPA a SUA publicate de Project Veritas O dezv\u0103luire cu adev\u0103rat bomb\u0103, pentru \u00eentreaga umanitate, a avut loc pe 10 ianuarie 2022 \u00een Statele Unite. Sinteza, \u00een reportajul uimitor realizat de&nbsp;Project Veritas, pe care v\u0103 invit\u0103m s\u0103-l urm\u0103ri\u021bi..","yoast_head":"<!-- This site is optimized with the Yoast SEO plugin v26.9 - https:\/\/yoast.com\/product\/yoast-seo-wordpress\/ -->\r\n<title>BOMB\u0102 PLANETAR\u0102. TEORIA CONSPIRA\u021aIEI este REALITATE -<\/title>\r\n<meta name=\"robots\" content=\"index, follow, max-snippet:-1, max-image-preview:large, max-video-preview:-1\" \/>\r\n<link rel=\"canonical\" href=\"https:\/\/desteptati-va.ro\/index.php\/2022\/04\/08\/bomba-planetara-teoria-conspiratiei-este-realitate\/\" \/>\r\n<meta property=\"og:locale\" content=\"ro_RO\" \/>\r\n<meta property=\"og:type\" content=\"article\" \/>\r\n<meta property=\"og:title\" content=\"BOMB\u0102 PLANETAR\u0102. TEORIA CONSPIRA\u021aIEI este REALITATE -\" \/>\r\n<meta property=\"og:description\" content=\"Virusul SARS-COV-2 a fost conceput \u00een laboratoarele Wuhan cu finan\u021bare din SUA asigurat\u0103 prin dr. Fauci. DOCUMENTE MILITARE secrete aleRead More\" \/>\r\n<meta property=\"og:url\" content=\"https:\/\/desteptati-va.ro\/index.php\/2022\/04\/08\/bomba-planetara-teoria-conspiratiei-este-realitate\/\" \/>\r\n<meta property=\"article:published_time\" content=\"2022-04-08T10:09:14+00:00\" \/>\r\n<meta property=\"article:modified_time\" content=\"2022-04-08T10:44:10+00:00\" \/>\r\n<meta property=\"og:image\" content=\"https:\/\/desteptati-va.ro\/wp-content\/uploads\/2022\/04\/FaucciCovid.jpeg\" \/>\r\n\t<meta property=\"og:image:width\" content=\"637\" \/>\r\n\t<meta property=\"og:image:height\" content=\"409\" \/>\r\n\t<meta property=\"og:image:type\" content=\"image\/jpeg\" \/>\r\n<meta name=\"author\" content=\"wolfsoftcompany\" \/>\r\n<meta name=\"twitter:card\" content=\"summary_large_image\" \/>\r\n<meta name=\"twitter:label1\" content=\"Scris de\" \/>\n\t<meta name=\"twitter:data1\" content=\"wolfsoftcompany\" \/>\n\t<meta name=\"twitter:label2\" content=\"Timp estimat pentru citire\" \/>\n\t<meta name=\"twitter:data2\" content=\"17 minute\" \/>\r\n<script type=\"application\/ld+json\" class=\"yoast-schema-graph\">{\"@context\":\"https:\/\/schema.org\",\"@graph\":[{\"@type\":\"Article\",\"@id\":\"https:\/\/desteptati-va.ro\/index.php\/2022\/04\/08\/bomba-planetara-teoria-conspiratiei-este-realitate\/#article\",\"isPartOf\":{\"@id\":\"https:\/\/desteptati-va.ro\/index.php\/2022\/04\/08\/bomba-planetara-teoria-conspiratiei-este-realitate\/\"},\"author\":{\"name\":\"wolfsoftcompany\",\"@id\":\"https:\/\/desteptati-va.ro\/#\/schema\/person\/13182deeebd44920914899f7bb262d6b\"},\"headline\":\"BOMB\u0102 PLANETAR\u0102. TEORIA CONSPIRA\u021aIEI este REALITATE\",\"datePublished\":\"2022-04-08T10:09:14+00:00\",\"dateModified\":\"2022-04-08T10:44:10+00:00\",\"mainEntityOfPage\":{\"@id\":\"https:\/\/desteptati-va.ro\/index.php\/2022\/04\/08\/bomba-planetara-teoria-conspiratiei-este-realitate\/\"},\"wordCount\":3045,\"commentCount\":0,\"image\":{\"@id\":\"https:\/\/desteptati-va.ro\/index.php\/2022\/04\/08\/bomba-planetara-teoria-conspiratiei-este-realitate\/#primaryimage\"},\"thumbnailUrl\":\"https:\/\/desteptati-va.ro\/wp-content\/uploads\/2022\/04\/FaucciCovid.jpeg\",\"articleSection\":[\"Terorismul medical\"],\"inLanguage\":\"ro-RO\",\"potentialAction\":[{\"@type\":\"CommentAction\",\"name\":\"Comment\",\"target\":[\"https:\/\/desteptati-va.ro\/index.php\/2022\/04\/08\/bomba-planetara-teoria-conspiratiei-este-realitate\/#respond\"]}]},{\"@type\":\"WebPage\",\"@id\":\"https:\/\/desteptati-va.ro\/index.php\/2022\/04\/08\/bomba-planetara-teoria-conspiratiei-este-realitate\/\",\"url\":\"https:\/\/desteptati-va.ro\/index.php\/2022\/04\/08\/bomba-planetara-teoria-conspiratiei-este-realitate\/\",\"name\":\"BOMB\u0102 PLANETAR\u0102. TEORIA CONSPIRA\u021aIEI este REALITATE -\",\"isPartOf\":{\"@id\":\"https:\/\/desteptati-va.ro\/#website\"},\"primaryImageOfPage\":{\"@id\":\"https:\/\/desteptati-va.ro\/index.php\/2022\/04\/08\/bomba-planetara-teoria-conspiratiei-este-realitate\/#primaryimage\"},\"image\":{\"@id\":\"https:\/\/desteptati-va.ro\/index.php\/2022\/04\/08\/bomba-planetara-teoria-conspiratiei-este-realitate\/#primaryimage\"},\"thumbnailUrl\":\"https:\/\/desteptati-va.ro\/wp-content\/uploads\/2022\/04\/FaucciCovid.jpeg\",\"datePublished\":\"2022-04-08T10:09:14+00:00\",\"dateModified\":\"2022-04-08T10:44:10+00:00\",\"author\":{\"@id\":\"https:\/\/desteptati-va.ro\/#\/schema\/person\/13182deeebd44920914899f7bb262d6b\"},\"breadcrumb\":{\"@id\":\"https:\/\/desteptati-va.ro\/index.php\/2022\/04\/08\/bomba-planetara-teoria-conspiratiei-este-realitate\/#breadcrumb\"},\"inLanguage\":\"ro-RO\",\"potentialAction\":[{\"@type\":\"ReadAction\",\"target\":[\"https:\/\/desteptati-va.ro\/index.php\/2022\/04\/08\/bomba-planetara-teoria-conspiratiei-este-realitate\/\"]}]},{\"@type\":\"ImageObject\",\"inLanguage\":\"ro-RO\",\"@id\":\"https:\/\/desteptati-va.ro\/index.php\/2022\/04\/08\/bomba-planetara-teoria-conspiratiei-este-realitate\/#primaryimage\",\"url\":\"https:\/\/desteptati-va.ro\/wp-content\/uploads\/2022\/04\/FaucciCovid.jpeg\",\"contentUrl\":\"https:\/\/desteptati-va.ro\/wp-content\/uploads\/2022\/04\/FaucciCovid.jpeg\",\"width\":637,\"height\":409},{\"@type\":\"BreadcrumbList\",\"@id\":\"https:\/\/desteptati-va.ro\/index.php\/2022\/04\/08\/bomba-planetara-teoria-conspiratiei-este-realitate\/#breadcrumb\",\"itemListElement\":[{\"@type\":\"ListItem\",\"position\":1,\"name\":\"Prima pagin\u0103\",\"item\":\"https:\/\/desteptati-va.ro\/\"},{\"@type\":\"ListItem\",\"position\":2,\"name\":\"BOMB\u0102 PLANETAR\u0102. TEORIA CONSPIRA\u021aIEI este REALITATE\"}]},{\"@type\":\"WebSite\",\"@id\":\"https:\/\/desteptati-va.ro\/#website\",\"url\":\"https:\/\/desteptati-va.ro\/\",\"name\":\"\",\"description\":\"\",\"potentialAction\":[{\"@type\":\"SearchAction\",\"target\":{\"@type\":\"EntryPoint\",\"urlTemplate\":\"https:\/\/desteptati-va.ro\/?s={search_term_string}\"},\"query-input\":{\"@type\":\"PropertyValueSpecification\",\"valueRequired\":true,\"valueName\":\"search_term_string\"}}],\"inLanguage\":\"ro-RO\"},{\"@type\":\"Person\",\"@id\":\"https:\/\/desteptati-va.ro\/#\/schema\/person\/13182deeebd44920914899f7bb262d6b\",\"name\":\"wolfsoftcompany\",\"image\":{\"@type\":\"ImageObject\",\"inLanguage\":\"ro-RO\",\"@id\":\"https:\/\/desteptati-va.ro\/#\/schema\/person\/image\/\",\"url\":\"https:\/\/secure.gravatar.com\/avatar\/a6cce9b6d101d27d91690e7073e300fed94c0899890bf998e082cb9d2c3d121e?s=96&d=mm&r=g\",\"contentUrl\":\"https:\/\/secure.gravatar.com\/avatar\/a6cce9b6d101d27d91690e7073e300fed94c0899890bf998e082cb9d2c3d121e?s=96&d=mm&r=g\",\"caption\":\"wolfsoftcompany\"},\"sameAs\":[\"http:\/\/desteptati-va.ro\"],\"url\":\"https:\/\/desteptati-va.ro\/index.php\/author\/wolfsoftcompany\/\"}]}<\/script>\r\n<!-- \/ Yoast SEO plugin. -->","yoast_head_json":{"title":"BOMB\u0102 PLANETAR\u0102. TEORIA CONSPIRA\u021aIEI este REALITATE -","robots":{"index":"index","follow":"follow","max-snippet":"max-snippet:-1","max-image-preview":"max-image-preview:large","max-video-preview":"max-video-preview:-1"},"canonical":"https:\/\/desteptati-va.ro\/index.php\/2022\/04\/08\/bomba-planetara-teoria-conspiratiei-este-realitate\/","og_locale":"ro_RO","og_type":"article","og_title":"BOMB\u0102 PLANETAR\u0102. TEORIA CONSPIRA\u021aIEI este REALITATE -","og_description":"Virusul SARS-COV-2 a fost conceput \u00een laboratoarele Wuhan cu finan\u021bare din SUA asigurat\u0103 prin dr. Fauci. DOCUMENTE MILITARE secrete aleRead More","og_url":"https:\/\/desteptati-va.ro\/index.php\/2022\/04\/08\/bomba-planetara-teoria-conspiratiei-este-realitate\/","article_published_time":"2022-04-08T10:09:14+00:00","article_modified_time":"2022-04-08T10:44:10+00:00","og_image":[{"width":637,"height":409,"url":"https:\/\/desteptati-va.ro\/wp-content\/uploads\/2022\/04\/FaucciCovid.jpeg","type":"image\/jpeg"}],"author":"wolfsoftcompany","twitter_card":"summary_large_image","twitter_misc":{"Scris de":"wolfsoftcompany","Timp estimat pentru citire":"17 minute"},"schema":{"@context":"https:\/\/schema.org","@graph":[{"@type":"Article","@id":"https:\/\/desteptati-va.ro\/index.php\/2022\/04\/08\/bomba-planetara-teoria-conspiratiei-este-realitate\/#article","isPartOf":{"@id":"https:\/\/desteptati-va.ro\/index.php\/2022\/04\/08\/bomba-planetara-teoria-conspiratiei-este-realitate\/"},"author":{"name":"wolfsoftcompany","@id":"https:\/\/desteptati-va.ro\/#\/schema\/person\/13182deeebd44920914899f7bb262d6b"},"headline":"BOMB\u0102 PLANETAR\u0102. TEORIA CONSPIRA\u021aIEI este REALITATE","datePublished":"2022-04-08T10:09:14+00:00","dateModified":"2022-04-08T10:44:10+00:00","mainEntityOfPage":{"@id":"https:\/\/desteptati-va.ro\/index.php\/2022\/04\/08\/bomba-planetara-teoria-conspiratiei-este-realitate\/"},"wordCount":3045,"commentCount":0,"image":{"@id":"https:\/\/desteptati-va.ro\/index.php\/2022\/04\/08\/bomba-planetara-teoria-conspiratiei-este-realitate\/#primaryimage"},"thumbnailUrl":"https:\/\/desteptati-va.ro\/wp-content\/uploads\/2022\/04\/FaucciCovid.jpeg","articleSection":["Terorismul medical"],"inLanguage":"ro-RO","potentialAction":[{"@type":"CommentAction","name":"Comment","target":["https:\/\/desteptati-va.ro\/index.php\/2022\/04\/08\/bomba-planetara-teoria-conspiratiei-este-realitate\/#respond"]}]},{"@type":"WebPage","@id":"https:\/\/desteptati-va.ro\/index.php\/2022\/04\/08\/bomba-planetara-teoria-conspiratiei-este-realitate\/","url":"https:\/\/desteptati-va.ro\/index.php\/2022\/04\/08\/bomba-planetara-teoria-conspiratiei-este-realitate\/","name":"BOMB\u0102 PLANETAR\u0102. TEORIA CONSPIRA\u021aIEI este REALITATE -","isPartOf":{"@id":"https:\/\/desteptati-va.ro\/#website"},"primaryImageOfPage":{"@id":"https:\/\/desteptati-va.ro\/index.php\/2022\/04\/08\/bomba-planetara-teoria-conspiratiei-este-realitate\/#primaryimage"},"image":{"@id":"https:\/\/desteptati-va.ro\/index.php\/2022\/04\/08\/bomba-planetara-teoria-conspiratiei-este-realitate\/#primaryimage"},"thumbnailUrl":"https:\/\/desteptati-va.ro\/wp-content\/uploads\/2022\/04\/FaucciCovid.jpeg","datePublished":"2022-04-08T10:09:14+00:00","dateModified":"2022-04-08T10:44:10+00:00","author":{"@id":"https:\/\/desteptati-va.ro\/#\/schema\/person\/13182deeebd44920914899f7bb262d6b"},"breadcrumb":{"@id":"https:\/\/desteptati-va.ro\/index.php\/2022\/04\/08\/bomba-planetara-teoria-conspiratiei-este-realitate\/#breadcrumb"},"inLanguage":"ro-RO","potentialAction":[{"@type":"ReadAction","target":["https:\/\/desteptati-va.ro\/index.php\/2022\/04\/08\/bomba-planetara-teoria-conspiratiei-este-realitate\/"]}]},{"@type":"ImageObject","inLanguage":"ro-RO","@id":"https:\/\/desteptati-va.ro\/index.php\/2022\/04\/08\/bomba-planetara-teoria-conspiratiei-este-realitate\/#primaryimage","url":"https:\/\/desteptati-va.ro\/wp-content\/uploads\/2022\/04\/FaucciCovid.jpeg","contentUrl":"https:\/\/desteptati-va.ro\/wp-content\/uploads\/2022\/04\/FaucciCovid.jpeg","width":637,"height":409},{"@type":"BreadcrumbList","@id":"https:\/\/desteptati-va.ro\/index.php\/2022\/04\/08\/bomba-planetara-teoria-conspiratiei-este-realitate\/#breadcrumb","itemListElement":[{"@type":"ListItem","position":1,"name":"Prima pagin\u0103","item":"https:\/\/desteptati-va.ro\/"},{"@type":"ListItem","position":2,"name":"BOMB\u0102 PLANETAR\u0102. TEORIA CONSPIRA\u021aIEI este REALITATE"}]},{"@type":"WebSite","@id":"https:\/\/desteptati-va.ro\/#website","url":"https:\/\/desteptati-va.ro\/","name":"","description":"","potentialAction":[{"@type":"SearchAction","target":{"@type":"EntryPoint","urlTemplate":"https:\/\/desteptati-va.ro\/?s={search_term_string}"},"query-input":{"@type":"PropertyValueSpecification","valueRequired":true,"valueName":"search_term_string"}}],"inLanguage":"ro-RO"},{"@type":"Person","@id":"https:\/\/desteptati-va.ro\/#\/schema\/person\/13182deeebd44920914899f7bb262d6b","name":"wolfsoftcompany","image":{"@type":"ImageObject","inLanguage":"ro-RO","@id":"https:\/\/desteptati-va.ro\/#\/schema\/person\/image\/","url":"https:\/\/secure.gravatar.com\/avatar\/a6cce9b6d101d27d91690e7073e300fed94c0899890bf998e082cb9d2c3d121e?s=96&d=mm&r=g","contentUrl":"https:\/\/secure.gravatar.com\/avatar\/a6cce9b6d101d27d91690e7073e300fed94c0899890bf998e082cb9d2c3d121e?s=96&d=mm&r=g","caption":"wolfsoftcompany"},"sameAs":["http:\/\/desteptati-va.ro"],"url":"https:\/\/desteptati-va.ro\/index.php\/author\/wolfsoftcompany\/"}]}},"_links":{"self":[{"href":"https:\/\/desteptati-va.ro\/index.php\/wp-json\/wp\/v2\/posts\/4954","targetHints":{"allow":["GET"]}}],"collection":[{"href":"https:\/\/desteptati-va.ro\/index.php\/wp-json\/wp\/v2\/posts"}],"about":[{"href":"https:\/\/desteptati-va.ro\/index.php\/wp-json\/wp\/v2\/types\/post"}],"author":[{"embeddable":true,"href":"https:\/\/desteptati-va.ro\/index.php\/wp-json\/wp\/v2\/users\/1"}],"replies":[{"embeddable":true,"href":"https:\/\/desteptati-va.ro\/index.php\/wp-json\/wp\/v2\/comments?post=4954"}],"version-history":[{"count":9,"href":"https:\/\/desteptati-va.ro\/index.php\/wp-json\/wp\/v2\/posts\/4954\/revisions"}],"predecessor-version":[{"id":4978,"href":"https:\/\/desteptati-va.ro\/index.php\/wp-json\/wp\/v2\/posts\/4954\/revisions\/4978"}],"wp:featuredmedia":[{"embeddable":true,"href":"https:\/\/desteptati-va.ro\/index.php\/wp-json\/wp\/v2\/media\/4957"}],"wp:attachment":[{"href":"https:\/\/desteptati-va.ro\/index.php\/wp-json\/wp\/v2\/media?parent=4954"}],"wp:term":[{"taxonomy":"category","embeddable":true,"href":"https:\/\/desteptati-va.ro\/index.php\/wp-json\/wp\/v2\/categories?post=4954"},{"taxonomy":"post_tag","embeddable":true,"href":"https:\/\/desteptati-va.ro\/index.php\/wp-json\/wp\/v2\/tags?post=4954"}],"curies":[{"name":"wp","href":"https:\/\/api.w.org\/{rel}","templated":true}]}}