{"id":4979,"date":"2022-04-11T14:03:46","date_gmt":"2022-04-11T12:03:46","guid":{"rendered":"https:\/\/desteptati-va.ro\/?p=4979"},"modified":"2022-04-11T14:27:11","modified_gmt":"2022-04-11T12:27:11","slug":"ucraina-si-noul-al-qaeda","status":"publish","type":"post","link":"https:\/\/desteptati-va.ro\/index.php\/2022\/04\/11\/ucraina-si-noul-al-qaeda\/","title":{"rendered":"Ucraina \u0219i noul Al Qaeda"},"content":{"rendered":"<div class=\"post-content\"><div class='booster-block booster-read-block'>\n                <div class=\"twp-read-time\">\n                \t<i class=\"booster-icon twp-clock\"><\/i> <span>Read Time:<\/span>26 Minute, 7 Second                <\/div>\n\n            <\/div>\n<p class=\"has-black-color has-text-color has-medium-font-size wp-block-paragraph\">Izbucnirea r\u0103zboiului dintre Rusia \u0219i Ucraina pare s\u0103 fi oferit CIA pretextul pentru a lansa o insurgen\u021b\u0103 planificat\u0103 de mult timp \u00een aceast\u0103 \u021bar\u0103. O insurgen\u021b\u0103 gata s\u0103 se extind\u0103 mult dincolo de grani\u021bele Ucrainei, cu implica\u021bii majore pentru \u201dR\u0103zboiul \u00eempotriva terorismului intern\u201d al lui Biden.<\/p>\n\n\n\n<p class=\"has-black-color has-text-color has-medium-font-size wp-block-paragraph\">\u00cen timp ce conflictul dintre Ucraina \u0219i Rusia continu\u0103 s\u0103 se intensifice \u0219i s\u0103 domine aten\u021bia lumii, dovezile tot mai numeroase potrivit c\u0103rora Agen\u021bia Central\u0103 de Informa\u021bii a SUA (CIA) lucreaz\u0103 \u0219i a lucrat pentru a crea \u0219i a \u00eenarma o insurgen\u021b\u0103 ucrainean\u0103 au primit o aten\u021bie considerabil de mic\u0103, av\u00e2nd \u00een vedere consecin\u021bele sale probabile. Acest lucru este cu at\u00e2t mai adev\u0103rat cu c\u00e2t fo\u0219ti oficiali CIA \u0219i un fost secretar de stat afirm\u0103 acum, \u00een mod deschis, c\u0103 CIA urmeaz\u0103 pentru planurile sale \u00een Ucraina \u201dmodelele\u201d insurgen\u021belor din trecut sus\u021binute \u00een Afganistan \u0219i Siria. Av\u00e2nd \u00een vedere c\u0103 cele dou\u0103 \u021b\u0103ri au fost devastate de r\u0103zboi ca rezultat direct al acestor insurgen\u021be, pare a fi de r\u0103u augur pentru Ucraina.<\/p>\n\n\n\n<p class=\"has-black-color has-text-color has-medium-font-size wp-block-paragraph\">Insurgen\u021ba este preg\u0103tit\u0103 s\u0103 aib\u0103 consecin\u021be care se extind mult dincolo de Ucraina. Se pare c\u0103 CIA vede insurgen\u021ba ca pe mai mult dec\u00e2t o oportunitate de a-\u0219i duce r\u0103zboiul hibrid \u00eempotriva Rusiei tot mai aproape de grani\u021bele sale. Dup\u0103 cum va ar\u0103ta acest raport, CIA este hot\u0103r\u00e2t\u0103 s\u0103 \u00eendeplineasc\u0103 o profe\u021bie propagat\u0103 de membrii s\u0103i \u00een ultimii doi ani. Aceast\u0103 predic\u021bie a fo\u0219tilor \u0219i actualilor oficiali din serviciile de informa\u021bii dateaz\u0103 cel pu\u021bin de la \u00eenceputul anului 2020. Ea sus\u021bine c\u0103&nbsp;<strong>o \u201dre\u021bea transna\u021bional\u0103 de suprema\u021bie a albilor\u201d, av\u00e2nd presupuse leg\u0103turi cu conflictul din Ucraina, va fi urm\u0103toarea catastrof\u0103 global\u0103 care se va abate asupra lumii, pe m\u0103sur\u0103 ce amenin\u021barea Covid-19 se \u00eendep\u0103rteaz\u0103<\/strong>.<\/p>\n\n\n\n<p class=\"has-black-color has-text-color has-medium-font-size wp-block-paragraph\">Conform acestor \u201dpreviziuni\u201d, re\u021beaua global\u0103 de supremati\u0219ti albi \u2013 care se presupune c\u0103 are \u00een centrul s\u0103u un grup legat de conflictul din regiunea Donbas, din Ucraina \u2013 va deveni noua amenin\u021bare de tip Stat Islamic. \u0218i va fi, f\u0103r\u0103 \u00eendoial\u0103, folosit\u0103 ca pretext pentru a lansa infrastructura (\u00eenc\u0103 inactivat\u0103) creat\u0103 anul trecut de guvernul SUA sub conducerea pre\u0219edintelui Biden, pentru un \u201dR\u0103zboi \u00eempotriva terorismului intern\u201d de tip orwellian.<\/p>\n\n\n\n<p class=\"has-black-color has-text-color has-medium-font-size wp-block-paragraph\">Av\u00e2nd \u00een vedere c\u0103 efortul dirijat de CIA de a construi o insurgen\u021b\u0103 \u00een Ucraina a \u00eenceput \u00eenc\u0103 din 2015, iar printre grupurile pe care le-a antrenat (\u0219i continu\u0103 s\u0103 le antreneze) se num\u0103r\u0103 cele cu leg\u0103turi neonaziste evidente, se pare c\u0103 aceast\u0103 \u201dviitoare insurgen\u021b\u0103 ucrainean\u0103\u201d, a\u0219a cum a fost numit\u0103 recent, este deja fucn\u021bional\u0103. \u00cen acest context, r\u0103m\u00e2nem cu posibilitatea \u00eengrijor\u0103toare c\u0103 aceast\u0103 ultim\u0103 escaladare a conflictului dintre Ucraina \u0219i Rusia a servit doar ca act de deschidere pentru cea mai nou\u0103 itera\u021bie a aparent nesf\u00e2r\u0219itului \u201dR\u0103zboi \u00eempotriva terorismului\u201d.<\/p>\n\n\n\n<p class=\"has-black-color has-text-color has-large-font-size wp-block-paragraph\"><strong>Insurgen\u021ba \u00een cre\u0219tere<\/strong><\/p>\n\n\n\n<p class=\"has-black-color has-text-color has-medium-font-size wp-block-paragraph\">La scurt timp dup\u0103 ce Rusia a \u00eenceput opera\u021biunile militare \u00een Ucraina, Foreign Affairs \u2013 ramura media a Consiliului pentru Rela\u021bii Externe (CFR) \u2013 a publicat un articol intitulat \u201dThe Coming Ukrainian Insurgency\u201d. Articolul a fost scris de Douglas London, autointitulat \u201dofi\u021ber de opera\u021biuni CIA pensionat, vorbitor de limb\u0103 rus\u0103, care a servit \u00een Asia Central\u0103 \u0219i a gestionat opera\u021biunile de contrainsurgen\u021b\u0103 ale agen\u021biei\u201d. Acesta a afirmat \u00een articol c\u0103 \u201d<strong>Putin se va confrunta cu o insurec\u021bie lung\u0103 \u0219i s\u00e2ngeroas\u0103, care se va r\u0103sp\u00e2ndi peste mai multe grani\u021be<\/strong>\u201d,&nbsp;<strong>cu poten\u021bialul de a crea&nbsp;<\/strong>\u201d<strong>tulbur\u0103ri tot mai mari capabile s\u0103 destabilizeze alte \u021b\u0103ri de pe orbita Rusiei<\/strong>\u201d.<\/p>\n\n\n\n<p class=\"has-black-color has-text-color has-medium-font-size wp-block-paragraph\">Alte declara\u021bii notabile f\u0103cute de London includ afirma\u021bia c\u0103 \u201d<strong>Statele Unite vor fi invariabil o surs\u0103 major\u0103 \u0219i esen\u021bial\u0103 de sus\u021binere pentru o insurgen\u021b\u0103 ucrainean\u0103<\/strong>\u201d. De asemenea, el pretinde c\u0103 \u201d<strong>A\u0219a cum au \u00eenv\u0103\u021bat Statele Unite \u00een Vietnam \u0219i Afganistan, o insurgen\u021b\u0103 cu linii de aprovizionare fiabile, rezerve ample de lupt\u0103tori \u0219i un refugiu peste grani\u021b\u0103 se poate men\u021bine la nesf\u00e2r\u0219it, poate submina voin\u021ba de lupt\u0103 a unei armate de ocupa\u021bie \u0219i poate epuiza sprijinul politic pentru ocupa\u021bie \u00een \u021bar\u0103<\/strong>\u201d. London se refer\u0103 \u00een mod explicit la modele pentru aceast\u0103 insurgen\u021b\u0103 ucrainean\u0103 aparent iminent\u0103 ca fiind insurgen\u021bele sus\u021binute de CIA \u00een Afganistan \u00een anii 1980 \u0219i \u201drebelii modera\u021bi\u201d din Siria, din 2011 p\u00e2n\u0103 \u00een prezent.<\/p>\n\n\n\n<p class=\"has-black-color has-text-color has-medium-font-size wp-block-paragraph\">London nu este singurul care promoveaz\u0103 aceste insurgen\u021be din trecut sus\u021binute de CIA ca model pentru ajutorul \u201dsub acoperire\u201d al SUA \u00een Ucraina. Fostul secretar de stat Hillary Clinton, al c\u0103rei Departament de Stat a ajutat la crearea insurgen\u021bei \u201drebelilor modera\u021bi\u201d din Siria \u0219i a supravegheat distrugerea Libiei, sus\u021binut\u0103 de SUA \u0219i NATO, a ap\u0103rut pe 28 februarie la MSNBC pentru a spune, \u00een esen\u021b\u0103, acela\u0219i lucru. \u00cen interviul s\u0103u, Clinton a citat insurgen\u021ba sus\u021binut\u0103 de CIA \u00een Afganistan ca fiind \u201d<strong>modelul spre care oamenii [din guvernul SUA] se \u00eendreapt\u0103 acum<\/strong>\u201d \u00een ceea ce prive\u0219te situa\u021bia din Ucraina. De asemenea, \u00een acela\u0219i interviu, ea face referire la insurgen\u021ba din Siria \u00eentr-un mod similar. Este demn de remarcat faptul c\u0103 fostul adjunct al \u0219efului de cabinet al lui Clinton (pe vremea c\u00e2nd aceasta era secretar de stat), Jake Sullivan, este \u00een prezent consilierul pentru securitate na\u021bional\u0103 al lui Biden.<\/p>\n\n\n\n<p class=\"has-black-color has-text-color has-medium-font-size wp-block-paragraph\">Insurec\u021bia din Afganistan, sus\u021binut\u0103 ini\u021bial de SUA \u0219i CIA \u00eencep\u00e2nd cu sf\u00e2r\u0219itul anilor 1970 sub numele de&nbsp;<strong>Opera\u021biunea Cyclone<\/strong>, a generat ulterior presupu\u0219ii du\u0219mani de moarte ai imperiului american \u2013 talibanii \u0219i Al Qaeda \u2013 care vor alimenta \u201dR\u0103zboiul \u00eempotriva terorismului\u201d de dup\u0103 11 septembrie 2001. Campania SUA \u00eempotriva descenden\u021bilor insurgen\u021bei pe care o sus\u021binuse c\u00e2ndva a dus la distrugeri \u00eengrozitoare \u00een Afganistan \u0219i la o sumedenie de mor\u021bi \u0219i crime de r\u0103zboi. Precum \u0219i la cel mai lung (\u0219i, prin urmare, cel mai costisitor) r\u0103zboi \u0219i ocupa\u021bie din istoria militar\u0103 american\u0103. De asemenea, a dus la bombardarea \u0219i distrugerea mai multor alte \u021b\u0103ri, precum \u0219i la reducerea libert\u0103\u021bilor civile pe plan intern. \u00cen mod similar, \u00een Siria, sus\u021binerea de c\u0103tre SUA \u0219i CIA a \u201drebelilor modera\u021bi\u201d a fost \u0219i r\u0103m\u00e2ne incredibil de distructiv\u0103 pentru \u021bara pe care se presupune c\u0103 vrea doar s\u0103 o \u201delibereze\u201d de sub conducerea lui Bashar al-Assad.&nbsp;<strong>Armata SUA continu\u0103 s\u0103 ocupe zone critice din aceast\u0103 \u021bar\u0103<\/strong>.<\/p>\n\n\n\n<p class=\"has-black-color has-text-color has-medium-font-size wp-block-paragraph\">Cu cele de mai sus prezentate \u00een mod deschis dreptate \u201dmodele\u201d pentru \u201dviitoarea insurgen\u021b\u0103 ucrainean\u0103\u201d, ce se va \u00eent\u00e2mpla cu Ucraina? Dac\u0103 istoria insurgen\u021belor sus\u021binute de CIA este un indicator, se anun\u021b\u0103 mult mai mult\u0103 distrugere \u0219i mai mult\u0103 suferin\u021b\u0103 pentru poporul ucrainean dec\u00e2t actuala campanie militar\u0103 rus\u0103.&nbsp;<strong>Ucraina va deveni un stat e\u0219uat \u0219i un c\u00e2mp de exterminare<\/strong>. Cei din Occident care aclam\u0103 sprijinul guvernelor lor pentru partea ucrainean\u0103 a conflictului ar face bine s\u0103 realizeze acest lucru, \u00een special \u00een Statele Unite. Pentru c\u0103 nu va duce dec\u00e2t la escaladarea unui alt r\u0103zboi mortal, prin procur\u0103.<\/p>\n\n\n\n<p class=\"has-black-color has-text-color has-medium-font-size wp-block-paragraph\">Pe l\u00e2ng\u0103 cele de mai sus, trebuie s\u0103 lu\u0103m \u00een considerare \u0219i realitatea foarte tulbur\u0103toare c\u0103 aceast\u0103 insurgen\u021b\u0103 ucrainean\u0103 a \u00eenceput s\u0103 fie format\u0103 de CIA cu cel pu\u021bin c\u00e2teva luni (dac\u0103 nu chiar c\u00e2\u021biva ani) \u00eenainte de campania militar\u0103 a Rusiei, \u00een curs de desf\u0103\u0219urare \u00een prezent \u00een Ucraina. Yahoo! News a relatat \u00een ianuarie c\u0103 CIA a supravegheat un program de preg\u0103tire sub acoperire pentru agen\u021bii de informa\u021bii ucraineni \u0219i for\u021bele de opera\u021biuni speciale \u00eenc\u0103 din 2015. Raportul lor citeaz\u0103 \u00een mod explicit un fost oficial CIA, care a declarat c\u0103 CIA a \u201dantrenat o insurgen\u021b\u0103\u201d \u0219i a desf\u0103\u0219urat aceast\u0103 preg\u0103tire \u00eentr-o baz\u0103 militar\u0103 american\u0103 nedeclarat\u0103.\u00a0<strong>Preg\u0103tirea \u201dinsurgen\u021bilor\u201d ucraineni a fost sus\u021binut\u0103 de administra\u021biile Obama, Trump \u0219i, \u00een prezent, Biden, ultimele dou\u0103 extinz\u00e2ndu-i opera\u021biunile.<\/strong>\u00a0\u00cen timp ce CIA a negat pentru Yahoo! c\u0103 antreneaz\u0103 o insurgen\u021b\u0103, un raport al New York Times publicat tot \u00een ianuarie a afirmat c\u0103 SUA iau \u00een considerare sus\u021binerea unei insurgen\u021be \u00een Ucraina \u00een cazul unei invazii a Rusiei.<\/p>\n\n\n\n<div class=\"wp-block-columns is-layout-flex wp-container-core-columns-is-layout-8f761849 wp-block-columns-is-layout-flex\">\n<div class=\"wp-block-column is-layout-flow wp-block-column-is-layout-flow\"><div class=\"wp-block-image\">\n<figure class=\"aligncenter size-full\"><img loading=\"lazy\" decoding=\"async\" width=\"201\" height=\"251\" src=\"https:\/\/desteptati-va.ro\/wp-content\/uploads\/2022\/04\/Barak-Obama.jpg\" alt=\"\" class=\"wp-image-4984\"\/><figcaption>Barak Obama<\/figcaption><\/figure>\n<\/div><\/div>\n\n\n\n<div class=\"wp-block-column is-layout-flow wp-block-column-is-layout-flow\"><div class=\"wp-block-image\">\n<figure class=\"aligncenter size-full is-resized\"><img loading=\"lazy\" decoding=\"async\" src=\"https:\/\/desteptati-va.ro\/wp-content\/uploads\/2022\/04\/Donald-Trump.jpg\" alt=\"\" class=\"wp-image-4985\" width=\"200\" height=\"253\"\/><figcaption>Donald Trump<\/figcaption><\/figure>\n<\/div><\/div>\n\n\n\n<div class=\"wp-block-column is-layout-flow wp-block-column-is-layout-flow\"><div class=\"wp-block-image\">\n<figure class=\"aligncenter size-full is-resized\"><img loading=\"lazy\" decoding=\"async\" src=\"https:\/\/desteptati-va.ro\/wp-content\/uploads\/2022\/04\/Joe-Biden.jpg\" alt=\"\" class=\"wp-image-4986\" width=\"204\" height=\"255\"\/><figcaption>Joe Biden<\/figcaption><\/figure>\n<\/div><\/div>\n<\/div>\n\n\n\n<p class=\"has-black-color has-text-color has-medium-font-size wp-block-paragraph\">Av\u00e2nd \u00een vedere c\u0103 CIA, la acel moment \u0219i chiar \u00eenainte de 2015, a avertizat cu privire la o invazie iminent\u0103 a Rusiei \u00een Ucraina p\u00e2n\u0103 c\u00e2nd a avut loc actuala escaladare a ostilit\u0103\u021bilor, merit\u0103 s\u0103 ne \u00eentreb\u0103m dac\u0103 guvernul SUA \u0219i CIA au contribuit la \u201dap\u0103sarea tr\u0103gaciului\u201d prin dep\u0103\u0219irea inten\u021bionat\u0103 a \u201dliniilor ro\u0219ii\u201d ale Rusiei \u00een ceea ce prive\u0219te intrarea NATO \u00een Ucraina \u0219i achizi\u021bionarea de arme nucleare de c\u0103tre Ucraina dup\u0103 2014, atunci c\u00e2nd a devenit clar c\u0103 predic\u021biile repetate ale CIA cu privire la o invazie \u201diminent\u0103\u201d nu s-au materializat. Liniile ro\u0219ii ale Rusiei cu Ucraina au fost declarate clar \u2013 \u0219i \u00eenc\u0103lcate \u00een mod repetat de SUA \u2013 de ani de zile. \u00cen mod special, eforturile SUA de a oferi ajutor letal Ucrainei au coincis cu reducerea treptat\u0103 a sprijinului letal acordat \u201drebelilor\u201d sirieni, ceea ce sugereaz\u0103 c\u0103 aparatul de r\u0103zboi \u0219i de informa\u021bii al SUA vede de mult timp Ucraina ca fiind \u201durm\u0103torul\u201d pe lista sa de r\u0103zboaie prin procur\u0103.<\/p>\n\n\n\n<p class=\"has-black-color has-text-color has-medium-font-size wp-block-paragraph\">Cu toate acestea, mai recent, avertismentele CIA cu privire la o invazie iminent\u0103 a Ucrainei au fost luate \u00een der\u00e2dere, nu numai de mul\u021bi anali\u0219ti americani, ci \u0219i, aparent, de c\u0103tre guvernele rus \u0219i ucrainean \u00eensele. Se presupune c\u0103 inten\u021biile s-au schimbat, cel pu\u021bin din perspectiva Rusiei, \u00een urma afirma\u021biei pre\u0219edintelui ucrainean Volodymyr Zelensky (la Conferin\u021ba de Securitate de la Munchen), potrivit c\u0103reia guvernul s\u0103u ar \u00eencerca s\u0103 fac\u0103 din Ucraina o putere nuclear\u0103, \u00eenc\u0103lc\u00e2nd Memorandumul de la Budapesta din 1994. Cu siguran\u021b\u0103, Zelensky \u0219i sus\u021bin\u0103torii s\u0103i din Washington DC \u0219i Langley, Virginia, ar fi \u0219tiut c\u0103 o astfel de afirma\u021bie extrem\u0103 din partea lui Zelensky va st\u00e2rni un r\u0103spuns din partea Rusiei.<\/p>\n\n\n<div class=\"wp-block-image\">\n<figure class=\"aligncenter size-full\"><img loading=\"lazy\" decoding=\"async\" width=\"193\" height=\"261\" src=\"https:\/\/desteptati-va.ro\/wp-content\/uploads\/2022\/04\/Volodymyr-Zelensky.jpg\" alt=\"\" class=\"wp-image-4988\"\/><figcaption>Volodymyr Zelensky<\/figcaption><\/figure>\n<\/div>\n\n\n<p class=\"has-black-color has-text-color has-medium-font-size wp-block-paragraph\">Este suficient s\u0103 ne g\u00e2ndim la reverbera\u021biile care urmeaz\u0103 dup\u0103 ce orice \u021bar\u0103 \u00ee\u0219i anun\u021b\u0103 inten\u021biile de a deveni o putere nuclear\u0103 pe scena mondial\u0103. Liderii ru\u0219i au sus\u021binut de atunci c\u0103 s-au sim\u021bit obliga\u021bi s\u0103 ac\u021bioneze militar dup\u0103 ce Ucraina, care a atacat \u00een mod regulat separati\u0219tii de-a lungul grani\u021bei sale cu Rusia cu unit\u0103\u021bi paramilitare \u00eencorporate (\u0219i au cerut \u201dexterminarea\u201d etnicilor ru\u0219i din acele regiuni), a anun\u021bat c\u0103 inten\u021bioneaz\u0103 s\u0103 achizi\u021bioneze arme nucleare.<\/p>\n\n\n\n<p class=\"has-black-color has-text-color has-medium-font-size wp-block-paragraph\">\u00cen plus, av\u00e2nd \u00een vedere leg\u0103turile tot mai str\u00e2nse ale Ucrainei cu NATO \u0219i dorin\u021ba acesteia de a se integra \u00een alian\u021b\u0103, respectivele arme nucleare ar fi controlate de NATO la grani\u021ba cu Rusia. Zelensky, SUA \u0219i celelalte p\u0103r\u021bi aliate \u0219tiau cu siguran\u021b\u0103 c\u0103 aceast\u0103 inten\u021bie, \u00een special admiterea ei \u00een public, ar \u00eempinge o situa\u021bie deja tensionat\u0103 la urm\u0103torul nivel. Desigur,&nbsp;<strong>declara\u021bia lui Zelensky a urmat unui transport aerian de arme c\u0103tre Ucraina, condus de SUA, la \u00eenceputul lunii trecute, cu c\u00e2teva s\u0103pt\u0103m\u00e2ni \u00eenainte de actuala campanie militar\u0103 rus\u0103<\/strong>. Ajutorul letal al SUA pentru Ucraina a fost descris anterior ca fiind echivalent cu o \u201ddeclara\u021bie de r\u0103zboi\u201d \u00eempotriva Rusiei de c\u0103tre SUA, de c\u0103tre membri ai Ministerului rus al Ap\u0103r\u0103rii, \u00eenc\u0103 din 2017.<\/p>\n\n\n\n<p class=\"has-black-color has-text-color has-medium-font-size wp-block-paragraph\">Este demn de luat \u00een considerare faptul c\u0103 aceste linii ro\u0219ii \u0219i poten\u021bialul de a le dep\u0103\u0219i au fost discutate de Zelensky \u0219i de reprezentan\u021bi ai serviciilor de informa\u021bii din Ucraina atunci c\u00e2nd s-au \u00eent\u00e2lnit cu \u0219eful CIA, William Burns, \u00een ianuarie 2022. La acea vreme, CIA sus\u021binea deja c\u0103 o invazie rus\u0103 \u00een Ucraina era iminent\u0103. Av\u00e2nd \u00een vedere evenimentele descrise mai sus,\u00a0<strong>ar fi posibil ca CIA s\u0103 fi dorit s\u0103 provoace insurgen\u021ba pentru care se preg\u0103te\u0219te, poten\u021bial, \u00eenc\u0103 din 2015?<\/strong>\u00a0Ar fi f\u0103cut acest lucru \u00eemping\u00e2ndu-i pe alia\u021bii lor din guvernul Ucrainei s\u0103 manifeste condi\u021biile necesare pentru a \u00eencepe acea insurgen\u021b\u0103. Adic\u0103 determin\u00e2ndu-i s\u0103 treac\u0103 peste \u201dliniile ro\u0219ii\u201d ale Rusiei pentru a st\u00e2rni reac\u021bia necesar\u0103 lans\u0103rii insurgen\u021bei planificat\u0103 \u00een prealabil? Av\u00e2nd \u00een vedere c\u0103 CIA a antrenat, de asemenea, agen\u021bii de informa\u021bii din Ucraina timp de aproape \u0219apte ani, posibilitatea este cu siguran\u021b\u0103 una de luat \u00een considerare.<\/p>\n\n\n<div class=\"wp-block-image\">\n<figure class=\"aligncenter size-full is-resized\"><img loading=\"lazy\" decoding=\"async\" src=\"https:\/\/desteptati-va.ro\/wp-content\/uploads\/2022\/04\/William-Burns.jpg\" alt=\"\" class=\"wp-image-4991\" width=\"204\" height=\"307\"\/><figcaption>William Burns<\/figcaption><\/figure>\n<\/div>\n\n\n<p class=\"has-black-color has-text-color has-medium-font-size wp-block-paragraph\">Dac\u0103 aceast\u0103 teorie este mai mult dec\u00e2t plauzibil\u0103 \u0219i apropiat\u0103 de adev\u0103rul despre cum am ajuns aici, ne r\u0103m\u00e2n mai multe \u00eentreb\u0103ri, \u00een principal \u2013 De ce ar c\u0103uta CIA s\u0103 lanseze insurgen\u021ba \u00een Ucraina? \u0218i de ce acum? R\u0103spunsul aparent s-ar putea s\u0103 v\u0103 surprind\u0103.<\/p>\n\n\n\n<p class=\"has-black-color has-text-color has-large-font-size wp-block-paragraph\"><strong>Fabricarea nara\u021biunii \u0219i a amenin\u021b\u0103rii<\/strong><\/p>\n\n\n\n<p class=\"has-black-color has-text-color has-medium-font-size wp-block-paragraph\">\u00cen mai 2020, Politico a publicat un articol intitulat \u201dExper\u021bii \u0219tiau c\u0103 se apropie o pandemie. Iat\u0103 de ce sunt \u00eengrijora\u021bi \u00een continuare\u201d. Articolul a fost scris de Garrett Graff, fost redactor la Politico, profesor la programul de jurnalism \u0219i rela\u021bii publice de la Georgetown \u0219i director al ini\u021biativelor cibernetice la Institutul Aspen \u2013 un grup de reflec\u021bie \u201dnepartizan\u201d finan\u021bat \u00een mare parte de Rockefeller Brothers Fund, Carnegie Corporation \u0219i Funda\u021bia Bill &amp; Melinda Gates.<\/p>\n\n\n<div class=\"wp-block-image\">\n<figure class=\"aligncenter size-full\"><img loading=\"lazy\" decoding=\"async\" width=\"225\" height=\"225\" src=\"https:\/\/desteptati-va.ro\/wp-content\/uploads\/2022\/04\/Garrett-Graff.jpg\" alt=\"\" class=\"wp-image-4999\"\/><figcaption>Garrett Graff<\/figcaption><\/figure>\n<\/div>\n\n\n<p class=\"has-black-color has-text-color has-medium-font-size wp-block-paragraph\">\u00cen introducerea lui Graff la articol se afirm\u0103 urm\u0103toarele: \u201d\u00cen fiecare an, comunitatea serviciilor de informa\u021bii public\u0103 Evaluarea amenin\u021b\u0103rilor la nivel mondial \u2013 o distilare a tendin\u021belor globale \u00eengrijor\u0103toare, a riscurilor, a punctelor problematice \u0219i a pericolelor emergente. Dar \u00een acest an, audierea public\u0103 a evalu\u0103rii, care are loc de obicei \u00een ianuarie sau februarie, a fost anulat\u0103, \u00een mod evident pentru c\u0103 liderii serviciilor de informa\u021bii, care de obicei depun m\u0103rturie \u00eentr-o rar\u0103 audiere deschis\u0103, s-au temut c\u0103 aprecierile lor \u00eel vor enerva pe pre\u0219edintele Donald Trump. Iar guvernul nu a f\u0103cut \u00eenc\u0103 public raportul privind amenin\u021barea pentru 2020\u201d.<\/p>\n\n\n\n<p class=\"has-black-color has-text-color has-medium-font-size wp-block-paragraph\">\u00cen 2020, CIA nu a publicat o evaluare a amenin\u021b\u0103rilor \u201dla nivel mondial\u201d pentru prima dat\u0103 de c\u00e2nd a \u00eenceput s\u0103 le publice anual, \u00een urm\u0103 cu decenii. Acest articol din Politico a fost conceput de Graff pentru a servi drept \u201devaluare a amenin\u021b\u0103rilor interne\u201d \u00een absen\u021ba evalu\u0103rii amenin\u021b\u0103rilor la nivel mondial a CIA. El este prezentat ca o \u201dlist\u0103 a celor mai importante evenimente care ar putea avea un impact asupra Statelor Unite\u201d pe termen scurt, mediu \u0219i lung. Graff a creat documentul de evaluare a amenin\u021b\u0103rilor dup\u0103 ce a intervievat \u201dmai mult de o duzin\u0103 de lideri de opinie\u201d, dintre care mul\u021bi erau \u201dactuali \u0219i fo\u0219ti oficiali din domeniul securit\u0103\u021bii na\u021bionale \u0219i al serviciilor de informa\u021bii\u201d. C\u00e2teva luni mai t\u00e2rziu, Departamentul pentru Securitate Intern\u0103, pentru prima dat\u0103 de la crearea sa \u00een 2003, avea s\u0103 \u00ee\u0219i publice propria evaluare a amenin\u021b\u0103rilor \u201dinterne\u201d \u00een luna octombrie a aceluia\u0219i an. Dup\u0103 cum am remarcat la momentul respectiv,&nbsp;<strong>evaluarea a semnalat o schimbare major\u0103 \u00een cadrul aparatului de securitate na\u021bional\u0103\/servicii de informa\u021bii al SUA, care a trecut de la \u201dterorismul extern\u201d, obiectivul s\u0103u aparent de la 11 septembrie 2001, la \u201dterorismul intern\u201d<\/strong>.<\/p>\n\n\n\n<p class=\"has-black-color has-text-color has-medium-font-size wp-block-paragraph\">La doar c\u00e2teva luni dup\u0103 ce a fost publicat\u0103 evaluarea amenin\u021b\u0103rilor la adresa Patriei, r\u0103zboiul \u00eempotriva terorismului intern avea s\u0103 fie lansat \u00een urma evenimentelor din 6 ianuarie (aparent prev\u0103zute de c\u0103tre oficialul de atunci al DSN, Elizabeth Neumann). La \u00eenceputul anului 2020, Neumann declarase \u00een mod prev\u0103z\u0103tor: \u201dSe simte ca \u0219i cum am fi \u00een pragul unui alt 11 septembrie \u2013 poate nu ceva at\u00e2t de catastrofal din punct de vedere vizual sau al cifrelor \u2013 dar putem vedea cum se construie\u0219te \u0219i nu prea \u0219tim cum s\u0103 o oprim\u201d.<\/p>\n\n\n\n<p class=\"has-black-color has-text-color has-medium-font-size wp-block-paragraph\">\u00centr-adev\u0103r, atunci c\u00e2nd a avut loc 6 ianuarie, nu am v\u0103zut nici un efort real din partea Poli\u021biei Capitoliului sau a altor for\u021be de ordine prezente pentru a opri a\u0219a-numita \u201drevolt\u0103\u201d. Numeroase imagini de la eveniment au ar\u0103tat \u00een schimb for\u021bele de ordine care \u00eei conduc \u201dde m\u00e2n\u0103\u201d pe presupu\u0219ii \u201dinsurgen\u021bi\u201d \u00een cl\u0103direa Capitoliului. Totu\u0219i, acest lucru nu i-a \u00eempiedicat pe politicienii de top \u0219i pe oficialii din domeniul securit\u0103\u021bii na\u021bionale s\u0103 catalogheze ziua de 6 ianuarie drept \u201dun alt 11 septembrie\u201d pe care Neumann se pare c\u0103 l-a prezis. \u00cen special, prima evaluare a amenin\u021b\u0103rii la adresa \u021b\u0103rii de c\u0103tre DHS, avertismentul lui Neumann \u0219i relat\u0103rile oficiale ulterioare privind evenimentele din 6 ianuarie s-au concentrat \u00een mare m\u0103sur\u0103 pe amenin\u021barea \u201datacurilor teroriste ale suprema\u021biei albilor\u201d asupra SUA.<\/p>\n\n\n\n<p class=\"has-black-color has-text-color has-medium-font-size wp-block-paragraph\">Revenind la articolul Politico din mai 2020 \u2013 Graff noteaz\u0103 c\u0103 mul\u021bi presupu\u0219i \u201dexper\u021bi\u201d \u00een pandemie, printre care \u2013 conform lui Graff \u2013 se num\u0103r\u0103 Bill Gates \u0219i oficialii serviciilor de informa\u021bii americane James Clapper \u0219i Dan Coats, au \u201dproiectat r\u0103sp\u00e2ndirea unui virus nou \u0219i impactul economic pe care l-ar aduce, precum \u0219i detalii despre provoc\u0103rile specifice\u201d cu care SUA s-ar confrunta \u00een faza ini\u021bial\u0103 a crizei Covid-19. Graff se \u00eentreab\u0103 apoi \u201dCe alte catastrofe urmeaz\u0103 s\u0103 se produc\u0103 f\u0103r\u0103 s\u0103 avem un plan de r\u0103spuns?\u201d. Potrivit \u201dliderilor de opinie\u201d pe care i-a consultat (actuali \u0219i fo\u0219ti oficiali din serviciile de informa\u021bii),&nbsp;<strong>cea mai imediat\u0103 \u201damenin\u021bare pe termen scurt\u201d care ar putea perturba via\u021ba \u00een SUA \u0219i dincolo de aceasta \u00een urma Covid a fost \u201dglobalizarea suprema\u021biei albe\u201d<\/strong>.<\/p>\n\n\n\n<p class=\"has-black-color has-text-color has-medium-font-size wp-block-paragraph\">Discut\u00e2nd despre aceast\u0103 amenin\u021bare iminent\u0103, Graff a scris: \u201dTerorismul evoc\u0103 ast\u0103zi imagini ale lupt\u0103torilor ISIS \u0219i ale atentatorilor sinuciga\u0219i cu bomb\u0103. Dar dac\u0103 \u00eei \u00eentreba\u021bi pe oficialii din domeniul securit\u0103\u021bii na\u021bionale despre principala amenin\u021bare terorist\u0103 pe termen scurt de pe radarul lor, ace\u0219tia indic\u0103 aproape \u00een mod universal problema \u00een cre\u0219tere a violen\u021bei na\u021bionaliste albe \u0219i modul insidios \u00een care grupuri care anterior existau la nivel local s-au \u00eempletit \u00eentr-o re\u021bea global\u0103 de suprema\u021bie alb\u0103.&nbsp;<strong>\u00cen ultimele s\u0103pt\u0103m\u00e2ni, Departamentul de Stat \u2013 pentru prima dat\u0103 \u2013 a desemnat \u00een mod oficial o organiza\u021bie de suprema\u021bie alb\u0103, Mi\u0219carea Imperial\u0103 Rus\u0103, drept organiza\u021bie terorist\u0103, \u00een parte pentru c\u0103 \u00eencearc\u0103 s\u0103 antreneze \u0219i s\u0103 \u00eens\u0103m\u00e2n\u021beze adep\u021bi din \u00eentreaga lume, inspir\u00e2ndu-i s\u0103 comit\u0103 atacuri teroriste<\/strong>\u2026\u201d. (sublinierea noastr\u0103)<\/p>\n\n\n\n<p class=\"has-black-color has-text-color has-medium-font-size wp-block-paragraph\">Graff adaug\u0103 apoi c\u0103 \u201dExist\u0103 avertismente serioase \u2013 \u0219i explicite \u2013 \u00een acest sens, venite din partea guvernului american \u0219i a oficialilor str\u0103ini, care seam\u0103n\u0103 \u00een mod straniu cu avertismentele ap\u0103rute pentru Al Qaeda \u00eenainte de 11 septembrie.\u201d El \u00eel citeaz\u0103 apoi pe directorul FBI, Christopher Wray, care a declarat: \u201dNu este vorba doar de u\u0219urin\u021ba \u0219i viteza cu care aceste atacuri pot avea loc, ci \u0219i de conectivitatea pe care o genereaz\u0103 atacurile. Un actor instabil, nemul\u021bumit, ascuns, singur, \u00een subsolul casei mamei sale, \u00eentr-un col\u021b al \u021b\u0103rii, \u00eenfierb\u00e2ntat \u0219i mai mult de persoane similare, la jum\u0103tate de lume distan\u021b\u0103. Acest lucru spore\u0219te complexitatea cazurilor de terorism intern \u00eentr-un mod cu adev\u0103rat provocator.\u201d<\/p>\n\n\n\n<p class=\"has-black-color has-text-color has-medium-font-size wp-block-paragraph\">Acest citat din Wray a fost publicat pentru prima dat\u0103 \u00eentr-un articol scris de Graff cu o lun\u0103 \u00eenainte de apari\u021bia articolului s\u0103u din Politico. Acel interviu se axa pe terorismul intern din SUA, cu discu\u021bii ample despre atentatul din 1995 din Oklahoma City \u0219i despre Mi\u0219carea Imperial\u0103 Rus\u0103. \u00cen acel articol, publicat \u00een Wired, coordonatorul Departamentului de Stat pentru combaterea terorismului, Nathan Sales, a caracterizat mi\u0219carea ca fiind \u201dun grup terorist care ofer\u0103 preg\u0103tire de tip paramilitar neonazi\u0219tilor \u0219i suprema\u021biei albilor \u0219i joac\u0103 un rol important \u00een \u00eencercarea de a aduna europenii \u0219i americanii cu acelea\u0219i idei \u00eentr-un front comun \u00eempotriva du\u0219manilor lor percepu\u021bi\u201d.<\/p>\n\n\n\n<p class=\"has-black-color has-text-color has-medium-font-size wp-block-paragraph\">Aceast\u0103 Mi\u0219care Imperial\u0103 Rus\u0103, sau RIM, pledeaz\u0103 pentru restabilirea imperiului rus de dinainte de 1917, care ar exercita influen\u021b\u0103 asupra tuturor teritoriilor locuite de etnici ru\u0219i. Ideologia lor este descris\u0103 ca fiind suprema\u021bist\u0103 alb\u0103, monarhist\u0103, ultrana\u021bionalist\u0103, pro-ortodox\u0103 rus\u0103 \u0219i antisemit\u0103. Ei nu sunt considera\u021bi neonazi\u0219ti, dar au stabilit leg\u0103turi cu alte grupuri de extrem\u0103 dreapta, cu leg\u0103turi neonaziste.<\/p>\n\n\n\n<p class=\"has-black-color has-text-color has-medium-font-size wp-block-paragraph\">Se presupune c\u0103 RIM a fost responsabil pentru antrenarea unui atentator cu bomb\u0103 ale c\u0103rui acte nu s-au soldat cu niciun deces \u00een Suedia, \u00een perioada 2016-2017. Atentatorul cu bomb\u0103, Victor Melin, nu era un membru activ al RIM, dar ar fi fost antrenat de ace\u0219tia, iar dou\u0103 dintre cele trei atentate cu bomb\u0103 le-a comis cu o persoan\u0103 complet neafiliat\u0103 la RIM. Melin a fost membru al Mi\u0219c\u0103rii de Rezisten\u021b\u0103 Nordic\u0103 la momentul respectiv.<\/p>\n\n\n\n<p class=\"has-black-color has-text-color has-medium-font-size wp-block-paragraph\">C\u00e2\u021biva ani mai t\u00e2rziu, \u00een aprilie 2020, RIM a devenit primul grup \u201dsuprematist alb\u201d etichetat de SUA ca fiind o entitate terorist\u0103 global\u0103 special desemnat\u0103 (SDGT). Asta de\u0219i RIM nu a mai fost legat de un act terorist din 2017. \u0218i de\u0219i acele acte anterioare nu s-au soldat cu niciun mort. Actele de terorism citate ca justificare de secretarul de stat de atunci, Mike Pompeo, au fost cele comise de Melin. Cu toate acestea, Mi\u0219carea de Rezisten\u021b\u0103 Nordic\u0103 (Melin era membru activ la momentul atentatelor) nu a primit eticheta SDGT, de\u0219i este semnificativ mai mare \u00een ceea ce prive\u0219te num\u0103rul de membri \u0219i amploarea sa dec\u00e2t RIM. Decizia de a atribui aceast\u0103 etichet\u0103 RIM a fost considerat\u0103 \u201df\u0103r\u0103 precedent\u201d la momentul respectiv.<\/p>\n\n\n\n<p class=\"has-black-color has-text-color has-medium-font-size wp-block-paragraph\">De atunci, s-a afirmat c\u0103 grupul num\u0103r\u0103 acum \u201dc\u00e2teva mii\u201d de membri la nivel mondial, de\u0219i exist\u0103 pu\u021bine dovezi publice disponibile pentru a sus\u021bine statistica. Ea ap\u0103rut abia la aproximativ o lun\u0103 dup\u0103 desemnarea ca grup terorist de c\u0103tre SUA \u0219i provine de la un institut cu sediul \u00een SUA. De asemenea, nu exist\u0103 statistici disponibile cu privire la num\u0103rul de persoane pe care le-ar fi antrenat prin intermediul bra\u021bului lor paramilitar, cunoscut sub numele de&nbsp;<strong>Legiunea Imperial\u0103<\/strong>.<\/p>\n\n\n\n<p class=\"has-black-color has-text-color has-medium-font-size wp-block-paragraph\">Conform guvernului american, RIM are o acoperire global\u0103 \u0219i se extinde p\u00e2n\u0103 \u00een SUA. Cu toate acestea, leg\u0103turile sale cu SUA se bazeaz\u0103 pe acuza\u021bii dubioase privind o rela\u021bie cu filiala rus\u0103 a&nbsp;<strong>Diviziei Atomwaffen<\/strong>&nbsp;\u0219i o \u201drela\u021bie personal\u0103\u201d cu organizatorul mitingului \u201dUnite the Right\u201d din 2017, Matthew Heimbach. Din nou, acest lucru se bazeaz\u0103 pe acuza\u021biile (nu pe dovezi directe) c\u0103 Heimbach a primit fonduri de la RIM. Grupul lui Heimbach, Partidul Muncitorilor Tradi\u021bionali\u0219ti, a fost inactiv din 2018, cu doi ani \u00eenainte de desemnarea SDGT din SUA pentru RIM. Se presupune, de asemenea, c\u0103 RIM s-a oferit s\u0103 instruiasc\u0103 alte figuri din \u201dUni\u021bi dreapta\u201d, de\u0219i RIM \u0219i \u201dsupremati\u0219tii albi\u201d care ar fi primit aceast\u0103 ofert\u0103 neag\u0103 informa\u021biile. \u00cen plus, nu exist\u0103 nicio dovad\u0103 c\u0103 vreun cet\u0103\u021bean american ar fi participat vreodat\u0103 la antrenamente paramilitare cu RIM. Asta \u00een contradic\u021bie cu afirma\u021bia lui Nathan Sales din aprilie 2020, potrivit c\u0103reia RIM joac\u0103 \u201dun rol important \u00een \u00eencercarea de a aduna europenii \u0219i americanii care g\u00e2ndesc la fel ca ei \u00eentr-un front comun \u00eempotriva du\u0219manilor lor percepu\u021bi\u201d. \u00cen ciuda lipsei de dovezi, grupurile de reflec\u021bie de st\u00e2nga, nepartizane \u0219i de dreapta&nbsp;<strong>au continuat s\u0103 foloseasc\u0103 RIM ca dovad\u0103 a unei \u201dre\u021bele transna\u021bionale mari, interconectate\u201d de supremati\u0219ti albi violen\u021bi<\/strong>.<\/p>\n\n\n\n<p class=\"has-black-color has-text-color has-medium-font-size wp-block-paragraph\">Pare ciudat c\u0103 un grup aparent mic \u0219i foarte limitat \u00een ceea ce prive\u0219te prezen\u021ba sa \u00een SUA (ne-responsabil pentru niciun atac terorist mortal) ar c\u00e2\u0219tiga onoarea de a deveni prima entitate terorist\u0103 global\u0103 special desemnat\u0103 de suprema\u021bia albilor conceput\u0103 de SUA. Cu toate acestea, \u00een contextul evenimentelor actuale din Ucraina, desemnarea RIM pentru 2020 \u00eencepe s\u0103 aib\u0103 mai mult sens, cel pu\u021bin din perspectiva securit\u0103\u021bii na\u021bionale a SUA.<\/p>\n\n\n\n<p class=\"has-black-color has-text-color has-medium-font-size wp-block-paragraph\">Se presupune c\u0103&nbsp;<strong>RIM sus\u021bine separati\u0219tii din regiunile ucrainene Done\u021bk \u0219i Luhansk din 2014 \u0219i a fost descris de SUA ca fiind \u201dantiucrainean\u201d<\/strong>. Aceste regiuni se afl\u0103 \u00een centrul conflictului actual \u0219i al celei mai recente escalad\u0103ri, de luna trecut\u0103. Guvernul SUA \u0219i grupurile de reflec\u021bie pro-occidentale enumer\u0103 \u201dprimul atac\u201d al RIM ca fiind implicarea sa \u00een conflictul din estul Ucrainei. Potrivit Centrului pentru Securitate \u0219i Cooperare Interna\u021bional\u0103 (CISAC) al Universit\u0103\u021bii Stanford, nu se cunoa\u0219te num\u0103rul de lupt\u0103tori trimi\u0219i sau antrena\u021bi de RIM \u00een estul Ucrainei, de\u0219i un raport afirm\u0103 c\u0103 RIM a trimis \u201dgrupuri de cinci-\u0219ase lupt\u0103tori\u201d din Rusia \u00een estul Ucrainei la mijlocul lunii iunie 2014.&nbsp;<strong>Bra\u021bul paramilitar al RIM, Legiunea Imperial\u0103, nu a mai fost activ \u00een Ucraina din ianuarie 2016<\/strong>. Cu toate acestea, unele rapoarte au afirmat c\u0103 \u201dunii indivizi au optat s\u0103 r\u0103m\u00e2n\u0103 \u0219i s\u0103 continue s\u0103 lupte\u201d. De asemenea, \u00een anii mai recen\u021bi s-au f\u0103cut afirma\u021bii potrivit c\u0103rora membrii RIM au luptat \u00een conflictul sirian \u0219i \u00een Libia, de partea generalului Haftar.<\/p>\n\n\n\n<p class=\"has-black-color has-text-color has-medium-font-size wp-block-paragraph\">\u00cen urma acestui \u201dprim atac\u201d, CISAC de la Stanford sus\u021bine c\u0103, din 2015 p\u00e2n\u0103 \u00een 2020, au \u201dconstruit o re\u021bea transna\u021bional\u0103\u201d, de\u0219i, dup\u0103 cum s-a men\u021bionat anterior \u2013 succesul lor \u00een acest demers se bazeaz\u0103 pe rapoarte de autenticitate \u0219i\/sau importan\u021b\u0103 \u00eendoielnic\u0103, \u00een special \u00een Statele Unite. Cu toate acestea,&nbsp;<strong>presupusul lor rol de partea separati\u0219tilor din Donbass a fost folosit de grupuri de reflec\u021bie din SUA pentru a sus\u021bine c\u0103 RIM promoveaz\u0103 obiectivele politice ale Moscovei<\/strong>. Care ar include \u201d\u00eencercarea de a alimenta extremismul suprematist alb \u00een Europa \u0219i \u00een Statele Unite\u201d.<\/p>\n\n\n\n<p class=\"has-black-color has-text-color has-medium-font-size wp-block-paragraph\">Unele grupuri de reflec\u021bie din SUA, precum Just Security, au folosit RIM pentru a sus\u021bine c\u0103 guvernul Rusiei joac\u0103 un rol major \u00een \u201dsuprema\u021bia alb\u0103 transna\u021bional\u0103\u201d, datorit\u0103 \u201dafec\u021biunii reciproce dintre extremi\u0219tii occidentali ai suprema\u021biei albe \u0219i guvernul rus\u201d. Ace\u0219tia sus\u021bin c\u0103, deoarece Rusia \u201dtolereaz\u0103\u201d prezen\u021ba RIM pe plan intern, \u201d<strong>Kremlinul faciliteaz\u0103 cre\u0219terea extremismului de dreapta \u00een Europa \u0219i \u00een Statele Unite, care exacerbeaz\u0103 amenin\u021b\u0103rile la adresa stabilit\u0103\u021bii guvernelor democratice<\/strong>\u201d.<\/p>\n\n\n\n<p class=\"has-black-color has-text-color has-medium-font-size wp-block-paragraph\">Ceea ce nu men\u021bioneaz\u0103 Just Security este faptul c\u0103\u00a0<strong>RIM s-a opus \u0219i a protestat \u00een mod vocal \u00eempotriva guvernului lui Putin, a fost etichetat ca fiind un grup extremist de c\u0103tre guvernul rus \u0219i chiar a avut birourile sale perchezi\u021bionate de poli\u021bia rus\u0103 din cauza opozi\u021biei fa\u021b\u0103 de conducerea lui Putin<\/strong>. \u00cen special, printre consilierii Just Security se num\u0103r\u0103 fostul director adjunct al CIA \u0219i participant la Event 201, Avril Haines, precum \u0219i fostul \u0219ef adjunct de cabinet al lui Hillary Clinton la Departamentul de Stat, Jake Sullivan. Haines \u0219i Sullivan sunt \u00een prezent director al Serviciului Na\u021bional de Informa\u021bii al lui Biden (adic\u0103 cel mai \u00eenalt oficial de informa\u021bii din \u021bar\u0103) \u0219i, respectiv, consilier pe probleme de securitate na\u021bional\u0103 al lui Biden.<\/p>\n\n\n\n<div class=\"wp-block-columns is-layout-flex wp-container-core-columns-is-layout-8f761849 wp-block-columns-is-layout-flex\">\n<div class=\"wp-block-column is-layout-flow wp-block-column-is-layout-flow\"><div class=\"wp-block-image\">\n<figure class=\"aligncenter size-full\"><img loading=\"lazy\" decoding=\"async\" width=\"201\" height=\"251\" src=\"https:\/\/desteptati-va.ro\/wp-content\/uploads\/2022\/04\/Avril-Haines.jpg\" alt=\"\" class=\"wp-image-4996\"\/><figcaption>Avril Haines<\/figcaption><\/figure>\n<\/div><\/div>\n\n\n\n<div class=\"wp-block-column is-layout-flow wp-block-column-is-layout-flow\"><div class=\"wp-block-image\">\n<figure class=\"aligncenter size-full\"><img loading=\"lazy\" decoding=\"async\" width=\"201\" height=\"251\" src=\"https:\/\/desteptati-va.ro\/wp-content\/uploads\/2022\/04\/Jake-Sullivan.jpg\" alt=\"\" class=\"wp-image-4997\"\/><figcaption>Jake Sullivan<\/figcaption><\/figure>\n<\/div><\/div>\n<\/div>\n\n\n\n<p class=\"has-black-color has-text-color has-large-font-size wp-block-paragraph\"><strong>Zorii \u201dterorii interne\u201d<\/strong><\/p>\n\n\n\n<p class=\"has-black-color has-text-color has-medium-font-size wp-block-paragraph\">Ca urmare a actualei escalad\u0103ri a evenimentelor din Ucraina, pare inevitabil ca efortul de a folosi RIM pentru a \u00eenf\u0103\u021bi\u0219a Rusia ca for\u021b\u0103 motrice \u00een spatele \u201dsuprematismului alb transna\u021bional\u201d s\u0103 reapar\u0103. Acest efort pare s\u0103 aib\u0103 ca unul dintre obiective minimizarea rolului pe care grupurile neonaziste, precum Batalionul Azov (unitatea paramilitar\u0103 neonazist\u0103 \u00eencorporat\u0103 \u00een cadrul G\u0103rzii Na\u021bionale din Ucraina) \u00eel joac\u0103 \u00een mod activ \u00een actualele ostilit\u0103\u021bi.<\/p>\n\n\n\n<p class=\"has-black-color has-text-color has-medium-font-size wp-block-paragraph\">\u00cen ianuarie 2022, Jacobin a publicat un articol despre eforturile CIA de a sem\u0103na o insurgen\u021b\u0103 \u00een Ucraina, men\u021bion\u00e2nd c\u0103 \u201dtot ceea ce \u0219tim indic\u0103 probabilitatea ca [grupurile antrenate de CIA] s\u0103 includ\u0103 neo-nazi\u0219ti care inspir\u0103 terori\u0219tii de extrem\u0103-dreapta din \u00eentreaga lume\u201d. Acesta citeaz\u0103 un raport din 2020 de la West Point: \u201d\u00cen 2020 o serie de persoane proeminente din r\u00e2ndul grupurilor de extrem\u0103 dreapta din Statele Unite \u0219i Europa au c\u0103utat \u00een mod activ rela\u021bii cu reprezentan\u021bi ai extremei drepte din Ucraina, \u00een special cu Corpul Na\u021bional \u0219i mili\u021bia asociat\u0103 acestuia, Regimentul Azov\u201d. Acesta adaug\u0103 c\u0103 \u201dpersoane cu sediul \u00een SUA au vorbit sau au scris despre modul \u00een care preg\u0103tirea disponibil\u0103 \u00een Ucraina i-ar putea ajuta pe ei \u0219i pe al\u021bii \u00een activit\u0103\u021bile lor de tip paramilitar de acas\u0103\u201d.<\/p>\n\n\n\n<p class=\"has-black-color has-text-color has-medium-font-size wp-block-paragraph\">Chiar \u0219i FBI, de\u0219i mai preocupat \u00een mod public de RIM, a fost nevoit s\u0103 admit\u0103 c\u0103 suprema\u021bia alb\u0103 cu sediul \u00een SUA a cultivat leg\u0103turi cu grupul, Biroul declar\u00e2nd \u00eentr-un rechizitoriu din 2018 c\u0103 Azov \u201dse crede c\u0103 a participat la instruirea \u0219i radicalizarea organiza\u021biilor de suprema\u021bie alb\u0103 cu sediul \u00een Statele Unite\u201d. \u00cen schimb, nu exist\u0103 \u00een continuare nicio dovad\u0103 a unor leg\u0103turi concrete ale unui singur cet\u0103\u021bean american cu RIM.<\/p>\n\n\n\n<p class=\"has-black-color has-text-color has-medium-font-size wp-block-paragraph\">\u00cen condi\u021biile \u00een care CIA sus\u021bine acum o insurgen\u021b\u0103 despre care fo\u0219ti oficiali proeminen\u021bi ai CIA pretind c\u0103 se va \u201dr\u0103sp\u00e2ndi peste mai multe grani\u021be\u201d, faptul c\u0103 printre for\u021bele antrenate \u0219i \u00eenarmate de agen\u021bie ca parte a acestei \u201dinsurgen\u021be viitoare\u201d se num\u0103r\u0103 \u0219i batalionul Azov este semnificativ. Se pare c\u0103 CIA este hot\u0103r\u00e2t\u0103 s\u0103 creeze \u00eenc\u0103 o profe\u021bie care se auto\u00eempline\u0219te, cre\u00e2nd chiar re\u021beaua de \u201dsuprema\u021bie alb\u0103 global\u0103\u201d despre care oficialii serviciilor de informa\u021bii au afirmat c\u0103 ar fi \u201durm\u0103toarea\u201d mare amenin\u021bare dup\u0103 ce criza Covid-19 se va diminua.<\/p>\n\n\n\n<p class=\"has-black-color has-text-color has-medium-font-size wp-block-paragraph\">Injectarea grupului RIM \u00een aceast\u0103 poveste ar trebui, de asemenea, s\u0103 fie \u00eengrijor\u0103toare. Pare plauzibil, av\u00e2nd \u00een vedere desemnarea grupului ca grup terorist \u00eenainte de conflict (\u0219i presupusele sale leg\u0103turi din trecut cu conflictul din Ucraina) ca un insurgent ucrainean antrenat de CIA, poate dintr-un grup precum Azov sau un grup echivalent, s\u0103 se prezinte de bun\u0103voie ca membru al RIM. \u0218i astfel s\u0103 determine ca RIM s\u0103 fie etichetat ca fiind \u201dnoul Al-Qaeda\u201d, cu baza sa de opera\u021biuni situat\u0103, convenabil, \u00een Rusia. \u0218i cu prezen\u021ba sa acolo \u201dtolerat\u0103\u201d de Moscova. Aceasta ar servi cu siguran\u021b\u0103 nara\u021biunii destul de r\u0103sp\u00e2ndit\u0103 \u00een prezent, care \u00eel echivaleaz\u0103 pe Putin cu Adolf Hitler, \u00een urma deciziei Rusiei de a lansa campania militar\u0103 \u00een Ucraina. De asemenea, ar servi la lansarea, \u00een mod serios, a R\u0103zboiului \u00eempotriva terorismului intern, p\u00e2n\u0103 acum \u00een mare parte adormit, a c\u0103rui infrastructur\u0103 a fost lansat\u0103 de administra\u021bia Biden chiar anul trecut.<\/p>\n\n\n\n<p class=\"has-black-color has-text-color has-medium-font-size wp-block-paragraph\">\u00cen timp ce ziua de 6 ianuarie a fost folosit\u0103 cu inten\u021bia de a echivala sprijinul pentru fostul pre\u0219edinte Donald Trump cu neonazismul \u0219i suprema\u021bia alb\u0103, articole recente care au urmat campaniei militare a Rusiei \u00eempotriva Ucrainei leag\u0103 \u00een mod deliberat nara\u021biunea \u201dPutin egal Hitler\u201d de republicanii americani. Conservatorii din SUA au fost mult timp \u00een centrul temerilor legate de \u201dteroarea intern\u0103\u201d \u00een ultimii ani (ace\u0219tia sunt, de asemenea, \u00eent\u00e2mpl\u0103tor, majoritatea de\u021bin\u0103torilor de arme de foc).<\/p>\n\n\n\n<p class=\"has-black-color has-text-color has-medium-font-size wp-block-paragraph\">Un editorial al lui Robert Reich publicat \u00een The Guardian la 1 martie sus\u021bine c\u0103 \u201d<strong>lumea este \u00eenfrico\u0219\u0103tor de blocat\u0103 \u00eentr-o b\u0103t\u0103lie p\u00e2n\u0103 la moarte \u00eentre democra\u021bie \u0219i autoritarism<\/strong>\u201d. Reich continu\u0103 s\u0103 afirme c\u0103 incursiunea Rusiei \u00een Ucraina \u201e<strong>este un nou r\u0103zboi rece\u2026 Cea mai mare diferen\u021b\u0103 \u00eentre vechiul r\u0103zboi rece \u0219i cel nou este c\u0103 neofascismul autoritar nu mai este doar o amenin\u021bare extern\u0103 la adresa Americii \u0219i a Europei. O versiune a acestuia se dezvolt\u0103 \u0219i \u00een interiorul Europei occidentale \u0219i al SUA. A preluat chiar \u0219i controlul asupra unuia dintre principalele partide politice din America. Partidul Republican condus de Trump nu \u00eel sus\u021bine \u00een mod deschis pe Putin, iar animozitatea partidului republican fa\u021b\u0103 de democra\u021bie este exprimat\u0103 \u00een moduri familiare lui Putin \u0219i altor autocra\u021bi.<\/strong>\u201d Alte articole cu afirma\u021bii similare au ap\u0103rut \u00een The New York Times \u0219i The Intercept, printre altele, doar \u00een ultima s\u0103pt\u0103m\u00e2n\u0103.<\/p>\n\n\n\n<p class=\"has-black-color has-text-color has-medium-font-size wp-block-paragraph\">Pe 2 martie, Salon a urmat articolul lui Reich intitulat \u201dCum alimenteaz\u0103 suprema\u021bia alb\u0103 rela\u021bia de dragoste a republicanilor cu Vladimir Putin\u201d, care se \u00eencheie cu afirma\u021bia c\u0103 \u201dPartidul Republican de ast\u0103zi este cea mai mare organiza\u021bie de suprema\u021bie alb\u0103 \u0219i de identitate alb\u0103 din America \u0219i din lume\u201d \u0219i \u201dconservatorismul\u201d \u0219i rasismul sunt acum pe deplin unul \u0219i acela\u0219i lucru aici, \u00een America\u201d.<\/p>\n\n\n\n<p class=\"has-black-color has-text-color has-medium-font-size wp-block-paragraph\">Pe m\u0103sur\u0103 ce aceast\u0103 tulburare a apelor \u00een ceea ce prive\u0219te rela\u021bia dintre Putin, Partidul Republican din SUA \u0219i suprema\u021bia alb\u0103 se intensific\u0103, avem, de asemenea, agen\u021bii de informa\u021bii din Europa \u0219i SUA care leag\u0103 din ce \u00een ce mai mult opozi\u021bia fa\u021b\u0103 de m\u0103surile Covid (cum ar fi \u00eenchiderile \u0219i mandatele de vaccinare) de neonazism, suprema\u021bia alb\u0103 \u0219i extrema dreapt\u0103. Adesea cu dovezi pu\u021bine sau deloc. Acest lucru s-a \u00eent\u00e2mplat recent cu Freedom Convoy \u00een Canada. \u0218i, mai recent, agen\u021biile \u0219i oficialii de securitate germani au afirmat, cu doar c\u00e2teva zile \u00een urm\u0103, c\u0103 nu mai pot face distinc\u021bia \u00eentre \u201dradicalii de extrem\u0103 dreapta\u201d \u0219i cei care se opun mandatelor de vaccinare \u0219i restric\u021biilor Covid. Eforturile de a lega opozi\u021bia fa\u021b\u0103 de m\u0103surile Covid cu \u201dterorismul intern\u201d \u0219i cu extrema dreapt\u0103 dateaz\u0103 \u00eenc\u0103 din 2020.<\/p>\n\n\n\n<p class=\"has-black-color has-text-color has-medium-font-size wp-block-paragraph\">\u00cen plus fa\u021b\u0103 de aceste tendin\u021be, pare, de asemenea, inevitabil ca eticheta \u201ddezinformare rus\u0103\u201d, folosit\u0103 \u0219i abuzat\u0103 \u00een ultimii ani, astfel \u00eenc\u00e2t orice nara\u021biune disident\u0103 era adesea etichetat\u0103 ca fiind de origine \u201drus\u0103\u201d, s\u0103 revin\u0103 \u00een context \u0219i s\u0103 ofere justificarea unei campanii de cenzur\u0103 online zeloas\u0103. \u00cen special pe re\u021belele sociale, de care se spune c\u0103 aceast\u0103 \u201dre\u021bea transna\u021bional\u0103 de suprema\u021bie alb\u0103\u201d ar depinde pentru presupusul s\u0103u succes.<\/p>\n\n\n\n<p class=\"has-black-color has-text-color has-medium-font-size wp-block-paragraph\">Amenin\u021barea terorist\u0103 a \u201dsuprema\u021biei albilor la nivel mondial\u201d care se apropie, dac\u0103 e s\u0103 d\u0103m crezare oficialilor no\u0219tri neobi\u0219nuit de prev\u0103z\u0103tori din serviciile de informa\u021bii, pare s\u0103 fie \u201durm\u0103torul lucru\u201d care se va \u00eent\u00e2mpla \u00een lume pe m\u0103sur\u0103 ce criza Covidului se diminueaz\u0103. Se pare, de asemenea, c\u0103 CIA s-a \u00eencoronat moa\u0219\u0103 \u0219i a ales Ucraina ca loc de na\u0219tere a acestei noi \u201damenin\u021b\u0103ri teroriste\u201d. Ea va crea nu numai urm\u0103torul r\u0103zboi prin procur\u0103 \u00eentre imperiul american \u0219i adversarii s\u0103i, ci \u0219i pretextul pentru a lansa \u201dR\u0103zboiul \u00eempotriva terorii interne\u201d \u00een America de Nord \u0219i Europa.<\/p>\n\n\n\n<p class=\"wp-block-paragraph\">Articol preluat din  <a href=\"https:\/\/opozitia.net\/2022\/04\/07\/ucraina-si-noul-al-qaeda\/\" target=\"_blank\" rel=\"noreferrer noopener\">opozitia.net<\/a><\/p>\n\n\n\n<p class=\"wp-block-paragraph\">autor <a href=\"https:\/\/opozitia.net\/author\/whitney-webb\/\">Whitney Webb<\/a><\/p>\n        <div class=\"booster-block booster-reactions-block\">\n            <div class=\"twp-reactions-icons\">\n                \n                <div class=\"twp-reacts-wrap\">\n                    <a react-data=\"be-react-1\" post-id=\"4979\" class=\"be-face-icons un-reacted\" href=\"javascript:void(0)\">\n                        <img decoding=\"async\" src=\"https:\/\/desteptati-va.ro\/wp-content\/plugins\/booster-extension\/\/assets\/icon\/happy.svg\" alt=\"Happy\">\n                    <\/a>\n                    <div class=\"twp-reaction-title\">\n                        Happy                    <\/div>\n                    <div class=\"twp-count-percent\">\n                                                    <span style=\"display: none;\" class=\"twp-react-count\">0<\/span>\n                        \n                                                <span class=\"twp-react-percent\"><span>0<\/span> %<\/span>\n                                            <\/div>\n                <\/div>\n\n                <div class=\"twp-reacts-wrap\">\n                    <a react-data=\"be-react-2\" post-id=\"4979\" class=\"be-face-icons un-reacted\" href=\"javascript:void(0)\">\n                        <img decoding=\"async\" src=\"https:\/\/desteptati-va.ro\/wp-content\/plugins\/booster-extension\/\/assets\/icon\/sad.svg\" alt=\"Sad\">\n                    <\/a>\n                    <div class=\"twp-reaction-title\">\n                        Sad                    <\/div>\n                    <div class=\"twp-count-percent\">\n                                                    <span style=\"display: none;\" class=\"twp-react-count\">0<\/span>\n                                                                        <span class=\"twp-react-percent\"><span>0<\/span> %<\/span>\n                                            <\/div>\n                <\/div>\n\n                <div class=\"twp-reacts-wrap\">\n                    <a react-data=\"be-react-3\" post-id=\"4979\" class=\"be-face-icons un-reacted\" href=\"javascript:void(0)\">\n                        <img decoding=\"async\" src=\"https:\/\/desteptati-va.ro\/wp-content\/plugins\/booster-extension\/\/assets\/icon\/excited.svg\" alt=\"Excited\">\n                    <\/a>\n                    <div class=\"twp-reaction-title\">\n                        Excited                    <\/div>\n                    <div class=\"twp-count-percent\">\n                                                    <span style=\"display: none;\" class=\"twp-react-count\">0<\/span>\n                                                                        <span class=\"twp-react-percent\"><span>0<\/span> %<\/span>\n                                            <\/div>\n                <\/div>\n\n                <div class=\"twp-reacts-wrap\">\n                    <a react-data=\"be-react-6\" post-id=\"4979\" class=\"be-face-icons un-reacted\" href=\"javascript:void(0)\">\n                        <img decoding=\"async\" src=\"https:\/\/desteptati-va.ro\/wp-content\/plugins\/booster-extension\/\/assets\/icon\/sleepy.svg\" alt=\"Sleepy\">\n                    <\/a>\n                    <div class=\"twp-reaction-title\">\n                        Sleepy                    <\/div>\n                    <div class=\"twp-count-percent\">\n                                                    <span style=\"display: none;\" class=\"twp-react-count\">0<\/span>\n                        \n                                                <span class=\"twp-react-percent\"><span>0<\/span> %<\/span>\n                                            <\/div>\n                <\/div>\n\n                <div class=\"twp-reacts-wrap\">\n                    <a react-data=\"be-react-4\" post-id=\"4979\" class=\"be-face-icons un-reacted\" href=\"javascript:void(0)\">\n                        <img decoding=\"async\" src=\"https:\/\/desteptati-va.ro\/wp-content\/plugins\/booster-extension\/\/assets\/icon\/angry.svg\" alt=\"Angry\">\n                    <\/a>\n                    <div class=\"twp-reaction-title\">Angry<\/div>\n                    <div class=\"twp-count-percent\">\n                                                    <span style=\"display: none;\" class=\"twp-react-count\">0<\/span>\n                                                                        <span class=\"twp-react-percent\"><span>0<\/span> %<\/span>\n                        \n                    <\/div>\n                <\/div>\n\n                <div class=\"twp-reacts-wrap\">\n                    <a react-data=\"be-react-5\" post-id=\"4979\" class=\"be-face-icons un-reacted\" href=\"javascript:void(0)\">\n                        <img decoding=\"async\" src=\"https:\/\/desteptati-va.ro\/wp-content\/plugins\/booster-extension\/\/assets\/icon\/surprise.svg\" alt=\"Surprise\">\n                    <\/a>\n                    <div class=\"twp-reaction-title\">Surprise<\/div>\n                    <div class=\"twp-count-percent\">\n                                                    <span style=\"display: none;\" class=\"twp-react-count\">0<\/span>\n                                                                        <span class=\"twp-react-percent\"><span>0<\/span> %<\/span>\n                                            <\/div>\n                <\/div>\n\n            <\/div>\n        <\/div>\n\n    <\/div>","protected":false},"excerpt":{"rendered":"<p>Izbucnirea r\u0103zboiului dintre Rusia \u0219i Ucraina pare s\u0103 fi oferit CIA pretextul pentru a lansa o insurgen\u021b\u0103 planificat\u0103 de mult<a href=\"https:\/\/desteptati-va.ro\/index.php\/2022\/04\/11\/ucraina-si-noul-al-qaeda\/\">Read More<i class=\"fa fa-long-arrow-right\" aria-hidden=\"true\"><\/i><\/a><\/p>\n","protected":false},"author":1,"featured_media":4981,"comment_status":"open","ping_status":"open","sticky":false,"template":"","format":"standard","meta":{"_crdt_document":"","footnotes":""},"categories":[1758],"tags":[],"class_list":["post-4979","post","type-post","status-publish","format-standard","has-post-thumbnail","hentry","category-articole-despre-ucraina"],"rise-blocks_total_comments":0,"rise-blocks_categories":[{"term_id":1758,"name":"Despre UCRAINA","slug":"articole-despre-ucraina","term_group":0,"term_taxonomy_id":1758,"taxonomy":"category","description":"","parent":1756,"count":7,"filter":"raw"}],"rise-blocks_excerpt":"Izbucnirea r\u0103zboiului dintre Rusia \u0219i Ucraina pare s\u0103 fi oferit CIA pretextul pentru a lansa o insurgen\u021b\u0103 planificat\u0103 de mult timp \u00een aceast\u0103 \u021bar\u0103. O insurgen\u021b\u0103 gata s\u0103 se extind\u0103 mult dincolo de grani\u021bele Ucrainei, cu implica\u021bii majore pentru \u201dR\u0103zboiul \u00eempotriva terorismului intern\u201d al lui Biden. \u00cen timp ce conflictul dintre Ucraina \u0219i Rusia continu\u0103 s\u0103 se intensifice \u0219i s\u0103..","yoast_head":"<!-- This site is optimized with the Yoast SEO plugin v26.9 - https:\/\/yoast.com\/product\/yoast-seo-wordpress\/ -->\r\n<title>Ucraina \u0219i noul Al Qaeda -<\/title>\r\n<meta name=\"robots\" content=\"index, follow, max-snippet:-1, max-image-preview:large, max-video-preview:-1\" \/>\r\n<link rel=\"canonical\" href=\"https:\/\/desteptati-va.ro\/index.php\/2022\/04\/11\/ucraina-si-noul-al-qaeda\/\" \/>\r\n<meta property=\"og:locale\" content=\"ro_RO\" \/>\r\n<meta property=\"og:type\" content=\"article\" \/>\r\n<meta property=\"og:title\" content=\"Ucraina \u0219i noul Al Qaeda -\" \/>\r\n<meta property=\"og:description\" content=\"Izbucnirea r\u0103zboiului dintre Rusia \u0219i Ucraina pare s\u0103 fi oferit CIA pretextul pentru a lansa o insurgen\u021b\u0103 planificat\u0103 de multRead More\" \/>\r\n<meta property=\"og:url\" content=\"https:\/\/desteptati-va.ro\/index.php\/2022\/04\/11\/ucraina-si-noul-al-qaeda\/\" \/>\r\n<meta property=\"article:published_time\" content=\"2022-04-11T12:03:46+00:00\" \/>\r\n<meta property=\"article:modified_time\" content=\"2022-04-11T12:27:11+00:00\" \/>\r\n<meta property=\"og:image\" content=\"https:\/\/desteptati-va.ro\/wp-content\/uploads\/2022\/04\/ucrainaalquaeda.jpg\" \/>\r\n\t<meta property=\"og:image:width\" content=\"760\" \/>\r\n\t<meta property=\"og:image:height\" content=\"403\" \/>\r\n\t<meta property=\"og:image:type\" content=\"image\/jpeg\" \/>\r\n<meta name=\"author\" content=\"wolfsoftcompany\" \/>\r\n<meta name=\"twitter:card\" content=\"summary_large_image\" \/>\r\n<meta name=\"twitter:label1\" content=\"Scris de\" \/>\n\t<meta name=\"twitter:data1\" content=\"wolfsoftcompany\" \/>\n\t<meta name=\"twitter:label2\" content=\"Timp estimat pentru citire\" \/>\n\t<meta name=\"twitter:data2\" content=\"30 de minute\" \/>\r\n<script type=\"application\/ld+json\" class=\"yoast-schema-graph\">{\"@context\":\"https:\/\/schema.org\",\"@graph\":[{\"@type\":\"Article\",\"@id\":\"https:\/\/desteptati-va.ro\/index.php\/2022\/04\/11\/ucraina-si-noul-al-qaeda\/#article\",\"isPartOf\":{\"@id\":\"https:\/\/desteptati-va.ro\/index.php\/2022\/04\/11\/ucraina-si-noul-al-qaeda\/\"},\"author\":{\"name\":\"wolfsoftcompany\",\"@id\":\"https:\/\/desteptati-va.ro\/#\/schema\/person\/13182deeebd44920914899f7bb262d6b\"},\"headline\":\"Ucraina \u0219i noul Al Qaeda\",\"datePublished\":\"2022-04-11T12:03:46+00:00\",\"dateModified\":\"2022-04-11T12:27:11+00:00\",\"mainEntityOfPage\":{\"@id\":\"https:\/\/desteptati-va.ro\/index.php\/2022\/04\/11\/ucraina-si-noul-al-qaeda\/\"},\"wordCount\":5790,\"commentCount\":0,\"image\":{\"@id\":\"https:\/\/desteptati-va.ro\/index.php\/2022\/04\/11\/ucraina-si-noul-al-qaeda\/#primaryimage\"},\"thumbnailUrl\":\"https:\/\/desteptati-va.ro\/wp-content\/uploads\/2022\/04\/ucrainaalquaeda.jpg\",\"articleSection\":[\"Despre UCRAINA\"],\"inLanguage\":\"ro-RO\",\"potentialAction\":[{\"@type\":\"CommentAction\",\"name\":\"Comment\",\"target\":[\"https:\/\/desteptati-va.ro\/index.php\/2022\/04\/11\/ucraina-si-noul-al-qaeda\/#respond\"]}]},{\"@type\":\"WebPage\",\"@id\":\"https:\/\/desteptati-va.ro\/index.php\/2022\/04\/11\/ucraina-si-noul-al-qaeda\/\",\"url\":\"https:\/\/desteptati-va.ro\/index.php\/2022\/04\/11\/ucraina-si-noul-al-qaeda\/\",\"name\":\"Ucraina \u0219i noul Al Qaeda -\",\"isPartOf\":{\"@id\":\"https:\/\/desteptati-va.ro\/#website\"},\"primaryImageOfPage\":{\"@id\":\"https:\/\/desteptati-va.ro\/index.php\/2022\/04\/11\/ucraina-si-noul-al-qaeda\/#primaryimage\"},\"image\":{\"@id\":\"https:\/\/desteptati-va.ro\/index.php\/2022\/04\/11\/ucraina-si-noul-al-qaeda\/#primaryimage\"},\"thumbnailUrl\":\"https:\/\/desteptati-va.ro\/wp-content\/uploads\/2022\/04\/ucrainaalquaeda.jpg\",\"datePublished\":\"2022-04-11T12:03:46+00:00\",\"dateModified\":\"2022-04-11T12:27:11+00:00\",\"author\":{\"@id\":\"https:\/\/desteptati-va.ro\/#\/schema\/person\/13182deeebd44920914899f7bb262d6b\"},\"breadcrumb\":{\"@id\":\"https:\/\/desteptati-va.ro\/index.php\/2022\/04\/11\/ucraina-si-noul-al-qaeda\/#breadcrumb\"},\"inLanguage\":\"ro-RO\",\"potentialAction\":[{\"@type\":\"ReadAction\",\"target\":[\"https:\/\/desteptati-va.ro\/index.php\/2022\/04\/11\/ucraina-si-noul-al-qaeda\/\"]}]},{\"@type\":\"ImageObject\",\"inLanguage\":\"ro-RO\",\"@id\":\"https:\/\/desteptati-va.ro\/index.php\/2022\/04\/11\/ucraina-si-noul-al-qaeda\/#primaryimage\",\"url\":\"https:\/\/desteptati-va.ro\/wp-content\/uploads\/2022\/04\/ucrainaalquaeda.jpg\",\"contentUrl\":\"https:\/\/desteptati-va.ro\/wp-content\/uploads\/2022\/04\/ucrainaalquaeda.jpg\",\"width\":760,\"height\":403},{\"@type\":\"BreadcrumbList\",\"@id\":\"https:\/\/desteptati-va.ro\/index.php\/2022\/04\/11\/ucraina-si-noul-al-qaeda\/#breadcrumb\",\"itemListElement\":[{\"@type\":\"ListItem\",\"position\":1,\"name\":\"Prima pagin\u0103\",\"item\":\"https:\/\/desteptati-va.ro\/\"},{\"@type\":\"ListItem\",\"position\":2,\"name\":\"Ucraina \u0219i noul Al Qaeda\"}]},{\"@type\":\"WebSite\",\"@id\":\"https:\/\/desteptati-va.ro\/#website\",\"url\":\"https:\/\/desteptati-va.ro\/\",\"name\":\"\",\"description\":\"\",\"potentialAction\":[{\"@type\":\"SearchAction\",\"target\":{\"@type\":\"EntryPoint\",\"urlTemplate\":\"https:\/\/desteptati-va.ro\/?s={search_term_string}\"},\"query-input\":{\"@type\":\"PropertyValueSpecification\",\"valueRequired\":true,\"valueName\":\"search_term_string\"}}],\"inLanguage\":\"ro-RO\"},{\"@type\":\"Person\",\"@id\":\"https:\/\/desteptati-va.ro\/#\/schema\/person\/13182deeebd44920914899f7bb262d6b\",\"name\":\"wolfsoftcompany\",\"image\":{\"@type\":\"ImageObject\",\"inLanguage\":\"ro-RO\",\"@id\":\"https:\/\/desteptati-va.ro\/#\/schema\/person\/image\/\",\"url\":\"https:\/\/secure.gravatar.com\/avatar\/a6cce9b6d101d27d91690e7073e300fed94c0899890bf998e082cb9d2c3d121e?s=96&d=mm&r=g\",\"contentUrl\":\"https:\/\/secure.gravatar.com\/avatar\/a6cce9b6d101d27d91690e7073e300fed94c0899890bf998e082cb9d2c3d121e?s=96&d=mm&r=g\",\"caption\":\"wolfsoftcompany\"},\"sameAs\":[\"http:\/\/desteptati-va.ro\"],\"url\":\"https:\/\/desteptati-va.ro\/index.php\/author\/wolfsoftcompany\/\"}]}<\/script>\r\n<!-- \/ Yoast SEO plugin. -->","yoast_head_json":{"title":"Ucraina \u0219i noul Al Qaeda -","robots":{"index":"index","follow":"follow","max-snippet":"max-snippet:-1","max-image-preview":"max-image-preview:large","max-video-preview":"max-video-preview:-1"},"canonical":"https:\/\/desteptati-va.ro\/index.php\/2022\/04\/11\/ucraina-si-noul-al-qaeda\/","og_locale":"ro_RO","og_type":"article","og_title":"Ucraina \u0219i noul Al Qaeda -","og_description":"Izbucnirea r\u0103zboiului dintre Rusia \u0219i Ucraina pare s\u0103 fi oferit CIA pretextul pentru a lansa o insurgen\u021b\u0103 planificat\u0103 de multRead More","og_url":"https:\/\/desteptati-va.ro\/index.php\/2022\/04\/11\/ucraina-si-noul-al-qaeda\/","article_published_time":"2022-04-11T12:03:46+00:00","article_modified_time":"2022-04-11T12:27:11+00:00","og_image":[{"width":760,"height":403,"url":"https:\/\/desteptati-va.ro\/wp-content\/uploads\/2022\/04\/ucrainaalquaeda.jpg","type":"image\/jpeg"}],"author":"wolfsoftcompany","twitter_card":"summary_large_image","twitter_misc":{"Scris de":"wolfsoftcompany","Timp estimat pentru citire":"30 de minute"},"schema":{"@context":"https:\/\/schema.org","@graph":[{"@type":"Article","@id":"https:\/\/desteptati-va.ro\/index.php\/2022\/04\/11\/ucraina-si-noul-al-qaeda\/#article","isPartOf":{"@id":"https:\/\/desteptati-va.ro\/index.php\/2022\/04\/11\/ucraina-si-noul-al-qaeda\/"},"author":{"name":"wolfsoftcompany","@id":"https:\/\/desteptati-va.ro\/#\/schema\/person\/13182deeebd44920914899f7bb262d6b"},"headline":"Ucraina \u0219i noul Al Qaeda","datePublished":"2022-04-11T12:03:46+00:00","dateModified":"2022-04-11T12:27:11+00:00","mainEntityOfPage":{"@id":"https:\/\/desteptati-va.ro\/index.php\/2022\/04\/11\/ucraina-si-noul-al-qaeda\/"},"wordCount":5790,"commentCount":0,"image":{"@id":"https:\/\/desteptati-va.ro\/index.php\/2022\/04\/11\/ucraina-si-noul-al-qaeda\/#primaryimage"},"thumbnailUrl":"https:\/\/desteptati-va.ro\/wp-content\/uploads\/2022\/04\/ucrainaalquaeda.jpg","articleSection":["Despre UCRAINA"],"inLanguage":"ro-RO","potentialAction":[{"@type":"CommentAction","name":"Comment","target":["https:\/\/desteptati-va.ro\/index.php\/2022\/04\/11\/ucraina-si-noul-al-qaeda\/#respond"]}]},{"@type":"WebPage","@id":"https:\/\/desteptati-va.ro\/index.php\/2022\/04\/11\/ucraina-si-noul-al-qaeda\/","url":"https:\/\/desteptati-va.ro\/index.php\/2022\/04\/11\/ucraina-si-noul-al-qaeda\/","name":"Ucraina \u0219i noul Al Qaeda -","isPartOf":{"@id":"https:\/\/desteptati-va.ro\/#website"},"primaryImageOfPage":{"@id":"https:\/\/desteptati-va.ro\/index.php\/2022\/04\/11\/ucraina-si-noul-al-qaeda\/#primaryimage"},"image":{"@id":"https:\/\/desteptati-va.ro\/index.php\/2022\/04\/11\/ucraina-si-noul-al-qaeda\/#primaryimage"},"thumbnailUrl":"https:\/\/desteptati-va.ro\/wp-content\/uploads\/2022\/04\/ucrainaalquaeda.jpg","datePublished":"2022-04-11T12:03:46+00:00","dateModified":"2022-04-11T12:27:11+00:00","author":{"@id":"https:\/\/desteptati-va.ro\/#\/schema\/person\/13182deeebd44920914899f7bb262d6b"},"breadcrumb":{"@id":"https:\/\/desteptati-va.ro\/index.php\/2022\/04\/11\/ucraina-si-noul-al-qaeda\/#breadcrumb"},"inLanguage":"ro-RO","potentialAction":[{"@type":"ReadAction","target":["https:\/\/desteptati-va.ro\/index.php\/2022\/04\/11\/ucraina-si-noul-al-qaeda\/"]}]},{"@type":"ImageObject","inLanguage":"ro-RO","@id":"https:\/\/desteptati-va.ro\/index.php\/2022\/04\/11\/ucraina-si-noul-al-qaeda\/#primaryimage","url":"https:\/\/desteptati-va.ro\/wp-content\/uploads\/2022\/04\/ucrainaalquaeda.jpg","contentUrl":"https:\/\/desteptati-va.ro\/wp-content\/uploads\/2022\/04\/ucrainaalquaeda.jpg","width":760,"height":403},{"@type":"BreadcrumbList","@id":"https:\/\/desteptati-va.ro\/index.php\/2022\/04\/11\/ucraina-si-noul-al-qaeda\/#breadcrumb","itemListElement":[{"@type":"ListItem","position":1,"name":"Prima pagin\u0103","item":"https:\/\/desteptati-va.ro\/"},{"@type":"ListItem","position":2,"name":"Ucraina \u0219i noul Al Qaeda"}]},{"@type":"WebSite","@id":"https:\/\/desteptati-va.ro\/#website","url":"https:\/\/desteptati-va.ro\/","name":"","description":"","potentialAction":[{"@type":"SearchAction","target":{"@type":"EntryPoint","urlTemplate":"https:\/\/desteptati-va.ro\/?s={search_term_string}"},"query-input":{"@type":"PropertyValueSpecification","valueRequired":true,"valueName":"search_term_string"}}],"inLanguage":"ro-RO"},{"@type":"Person","@id":"https:\/\/desteptati-va.ro\/#\/schema\/person\/13182deeebd44920914899f7bb262d6b","name":"wolfsoftcompany","image":{"@type":"ImageObject","inLanguage":"ro-RO","@id":"https:\/\/desteptati-va.ro\/#\/schema\/person\/image\/","url":"https:\/\/secure.gravatar.com\/avatar\/a6cce9b6d101d27d91690e7073e300fed94c0899890bf998e082cb9d2c3d121e?s=96&d=mm&r=g","contentUrl":"https:\/\/secure.gravatar.com\/avatar\/a6cce9b6d101d27d91690e7073e300fed94c0899890bf998e082cb9d2c3d121e?s=96&d=mm&r=g","caption":"wolfsoftcompany"},"sameAs":["http:\/\/desteptati-va.ro"],"url":"https:\/\/desteptati-va.ro\/index.php\/author\/wolfsoftcompany\/"}]}},"_links":{"self":[{"href":"https:\/\/desteptati-va.ro\/index.php\/wp-json\/wp\/v2\/posts\/4979","targetHints":{"allow":["GET"]}}],"collection":[{"href":"https:\/\/desteptati-va.ro\/index.php\/wp-json\/wp\/v2\/posts"}],"about":[{"href":"https:\/\/desteptati-va.ro\/index.php\/wp-json\/wp\/v2\/types\/post"}],"author":[{"embeddable":true,"href":"https:\/\/desteptati-va.ro\/index.php\/wp-json\/wp\/v2\/users\/1"}],"replies":[{"embeddable":true,"href":"https:\/\/desteptati-va.ro\/index.php\/wp-json\/wp\/v2\/comments?post=4979"}],"version-history":[{"count":9,"href":"https:\/\/desteptati-va.ro\/index.php\/wp-json\/wp\/v2\/posts\/4979\/revisions"}],"predecessor-version":[{"id":5002,"href":"https:\/\/desteptati-va.ro\/index.php\/wp-json\/wp\/v2\/posts\/4979\/revisions\/5002"}],"wp:featuredmedia":[{"embeddable":true,"href":"https:\/\/desteptati-va.ro\/index.php\/wp-json\/wp\/v2\/media\/4981"}],"wp:attachment":[{"href":"https:\/\/desteptati-va.ro\/index.php\/wp-json\/wp\/v2\/media?parent=4979"}],"wp:term":[{"taxonomy":"category","embeddable":true,"href":"https:\/\/desteptati-va.ro\/index.php\/wp-json\/wp\/v2\/categories?post=4979"},{"taxonomy":"post_tag","embeddable":true,"href":"https:\/\/desteptati-va.ro\/index.php\/wp-json\/wp\/v2\/tags?post=4979"}],"curies":[{"name":"wp","href":"https:\/\/api.w.org\/{rel}","templated":true}]}}