{"id":5004,"date":"2022-04-19T12:10:43","date_gmt":"2022-04-19T10:10:43","guid":{"rendered":"https:\/\/desteptati-va.ro\/?p=5004"},"modified":"2022-05-27T08:55:27","modified_gmt":"2022-05-27T06:55:27","slug":"ucraina-nu-este-o-sfanta","status":"publish","type":"post","link":"https:\/\/desteptati-va.ro\/index.php\/2022\/04\/19\/ucraina-nu-este-o-sfanta\/","title":{"rendered":"UCRAINA NU ESTE O SF\u00c2NT\u0102"},"content":{"rendered":"<div class=\"post-content\"><div class='booster-block booster-read-block'>\n                <div class=\"twp-read-time\">\n                \t<i class=\"booster-icon twp-clock\"><\/i> <span>Read Time:<\/span>27 Minute, 18 Second                <\/div>\n\n            <\/div>\n<p class=\"has-medium-font-size wp-block-paragraph\">Despre autor<\/p>\n\n\n<div class=\"wp-block-image\">\n<figure class=\"aligncenter size-full is-resized\"><img loading=\"lazy\" decoding=\"async\" src=\"https:\/\/desteptati-va.ro\/wp-content\/uploads\/2022\/04\/Jacques-Baud.jpg\" alt=\"\" class=\"wp-image-5007\" width=\"434\" height=\"434\"\/><figcaption>Jacques Baud&nbsp;<\/figcaption><\/figure>\n<\/div>\n\n\n<p class=\"has-cyan-bluish-gray-background-color has-background has-medium-font-size wp-block-paragraph\"><strong>Jacques Baud este un fost colonel al Statului Major General, fost membru al informa\u021biilor strategice elve\u021biene, specialist \u00een \u021b\u0103rile din Est.&nbsp;A fost instruit \u00een serviciile de informa\u021bii americane \u0219i britanice.&nbsp;El a fost \u0219ef de politic\u0103 pentru opera\u021biunile de pace ale Na\u021biunilor Unite.&nbsp;\u00cen calitate de expert ONU \u00een statul de drept \u0219i institu\u021biile de securitate, el a proiectat \u0219i a condus prima unitate multidimensional\u0103 de informa\u021bii ONU din Sudan.&nbsp;A lucrat pentru Uniunea African\u0103 \u0219i a fost timp de 5 ani responsabil pentru lupta, la NATO, \u00eempotriva prolifer\u0103rii armelor de calibru mic.&nbsp;El a fost implicat \u00een discu\u021bii cu cei mai \u00eenal\u021bi oficiali ai armatei \u0219i a serviciilor de informa\u021bii ruse imediat dup\u0103 c\u0103derea URSS.&nbsp;\u00cen cadrul NATO, el a urm\u0103rit criza ucrainean\u0103 din 2014 \u0219i, ulterior, a participat la programe de asistare a Ucrainei.&nbsp;Este autorul mai multor c\u0103r\u021bi despre informa\u021bii, r\u0103zboi \u0219i terorism,&nbsp;\u00een special Le D\u00e9tournement publicat de SIGEST, Gouverner par les fake news, L&#8217;affaire Navalny.&nbsp;Cea mai recent\u0103 carte a lui este Poutine, ma\u00eetre du jeu?&nbsp;publicat de Max Milo.<\/strong><\/p>\n\n\n\n<p class=\"has-black-color has-text-color has-medium-font-size wp-block-paragraph\"><\/p>\n\n\n\n<p class=\"has-black-color has-text-color has-medium-font-size wp-block-paragraph\">Toat\u0103 lumea pare s\u0103 aib\u0103 o p\u0103rere despre evenimentele recente \u0219i \u00een curs din Ucraina.<\/p>\n\n\n\n<p class=\"has-black-color has-text-color has-medium-font-size wp-block-paragraph\">Dar c\u00e2\u021bi \u0219i-au f\u0103cut timp \u0219i efort s\u0103 cerceteze exact care este istoria conflictului care ar putea ajuta la informarea acestei opinii?<\/p>\n\n\n\n<p class=\"has-black-color has-text-color has-medium-font-size wp-block-paragraph\">Tenta\u021bia de a vedea totul \u00een termeni c\u00e2t mai simpli\u0219ti posibil este puternic\u0103 acolo unde dorin\u021ba de a se scufunda \u00een detalii este absent\u0103.&nbsp;C\u00e2t de u\u0219or ne este s\u0103 accept\u0103m nara\u021biunile alb-negru, bune \u0219i rele pe care politicienii no\u0219tri, presa \u0219i mass-media ne \u00eendeamn\u0103.<\/p>\n\n\n\n<p class=\"has-black-color has-text-color has-medium-font-size wp-block-paragraph\">Ei bine, iat\u0103 o \u0219ans\u0103 pentru to\u021bi cei care doresc s\u0103 aprofundeze, dar nu sunt siguri de unde \u0219i cum s\u0103 \u00eenceap\u0103.<\/p>\n\n\n\n<p class=\"has-medium-font-size wp-block-paragraph\">Oliver Stone a fost ast\u0103zi pe Twitter pentru a recomanda tuturor s\u0103 citeasc\u0103 aceast\u0103 relatare detaliat\u0103 a situa\u021biei actuale din Ucraina de c\u0103tre un fost ofi\u021ber elve\u021bian de informa\u021bii militare.<br><br><strong>SITUA\u021aIA MILITAR\u0102 DIN UCRAINA<\/strong><br><br><strong>Prima parte: Drumul c\u0103tre r\u0103zboi<\/strong><br><br>De ani de zile, din Mali p\u00e2n\u0103 \u00een Afganistan, am lucrat pentru pace \u0219i mi-am riscat via\u021ba pentru aceasta.\u00a0Prin urmare, nu este vorba de a justifica r\u0103zboiul, ci de a \u00een\u021belege ce ne-a condus la el.<br><br>S\u0103 \u00eencerc\u0103m s\u0103 examin\u0103m r\u0103d\u0103cinile conflictului ucrainean.\u00a0Se \u00eencepe cu cei care \u00een ultimii opt ani vorbesc despre \u201esepara\u021bi\u0219ti\u201d sau \u201eindependen\u021bi\u201d din Donbass.\u00a0Aceasta este o denumire gre\u0219it\u0103.\u00a0Referendumele desf\u0103\u0219urate de cele dou\u0103 republici autoproclamate Done\u021bk \u0219i Lugansk \u00een mai 2014, nu au fost referendumuri de \u201eindependen\u021b\u0103\u201d (\u043d\u0435\u0437\u0430\u0432\u0438\u0441\u0438\u043c\u043e\u0441\u0442\u044c), a\u0219a cum au sus\u021binut unii jurnali\u0219ti f\u0103r\u0103 scrupule, ci referendumuri de \u201eautodeterminare\u201d sau \u201eautonomie\u201d (\u0441\u0430\u043c\u0441\u043e\u043b\u0441\u0442\u044c\u043d\u044f ).\u00a0Calificativul \u201epro-rus\u201d sugereaz\u0103 c\u0103 Rusia a fost parte la conflict, ceea ce nu a fost cazul, iar termenul \u201evorbitori de rus\u0103\u201d ar fi fost mai sincer.\u00a0Mai mult, aceste referendumuri au fost f\u0103cute \u00eempotriva sfaturilor lui Vladimir Putin.<br><br>De fapt, aceste republici nu c\u0103utau s\u0103 se separe de Ucraina, ci s\u0103 aib\u0103 un statut de autonomie, garant\u00e2ndu-le folosirea limbii ruse ca limb\u0103 oficial\u0103 \u2014 deoarece primul act legislativ al noului guvern rezultat \u00een urma r\u0103sturn\u0103rii sus\u021binute de americani. a pre\u0219edintelui [alesul democratic] Ianukovici, a fost abolirea, la 23 februarie 2014, a legii Kivalov-Kolesnichenko din 2012, care a f\u0103cut din limba rus\u0103 limba oficial\u0103 \u00een Ucraina.\u00a0Un pic ca \u0219i cum putschi\u0219tii germani ar decide c\u0103 franceza \u0219i italiana nu vor mai fi limbi oficiale \u00een Elve\u021bia.<br><br>Aceast\u0103 decizie a provocat o furtun\u0103 \u00een popula\u021bia de limb\u0103 rus\u0103.\u00a0Rezultatul a fost o represiune acerb\u0103 \u00eempotriva regiunilor de limb\u0103 rus\u0103 (Odesa, Dnepropetrovsk, Harkov, Lugansk \u0219i Done\u021bk), care a fost efectuat\u0103 \u00eencep\u00e2nd cu februarie 2014 \u0219i a dus la o militarizare a situa\u021biei \u0219i la unele masacre oribile ale popula\u021biei ruse (la Odesa \u0219i Mariupol, cel mai notabil).<br><br>\u00cen aceast\u0103 etap\u0103, prea rigid\u0103 \u0219i absorbit\u0103 \u00eentr-o abordare doctrinar\u0103 a opera\u021biunilor, statul major ucrainean a supus inamicul dar f\u0103r\u0103 a reu\u0219i s\u0103 \u00eenving\u0103 efectiv.\u00a0R\u0103zboiul purtat de autonomi\u0219ti a constat \u00een opera\u021biuni extrem de mobile desf\u0103\u0219urate cu mijloace u\u0219oare.\u00a0Cu o abordare mai flexibil\u0103 \u0219i mai pu\u021bin doctrinar\u0103, rebelii au reu\u0219it s\u0103 exploateze iner\u021bia for\u021belor ucrainene pentru a-i \u201eprinde\u201d \u00een mod repetat.<br><br>\u00cen 2014, c\u00e2nd eram la NATO, eram responsabil pentru lupta \u00eempotriva prolifer\u0103rii armelor de calibru mic \u0219i \u00eencercam s\u0103 detect\u0103m livr\u0103rile de arme ruse\u0219ti c\u0103tre rebeli, s\u0103 vedem dac\u0103 Moscova este implicat\u0103.\u00a0Informa\u021biile pe care le-am primit atunci proveneau aproape \u00een \u00eentregime de la serviciile de informa\u021bii poloneze \u0219i nu \u201ese potriveau\u201d cu informa\u021biile venite de la OSCE [Organiza\u021bia pentru Securitate \u0219i Cooperare \u00een Europa] \u2013 \u0219i, \u00een ciuda acuza\u021biilor destul de grosolane, nu au existat livr\u0103ri de arme \u0219i echipament militar din Rusia.<br><br>Rebelii au fost \u00eenarma\u021bi datorit\u0103 dezert\u0103rii unit\u0103\u021bilor ucrainene de limb\u0103 rus\u0103 care au trecut de partea rebel\u0103.\u00a0Pe m\u0103sur\u0103 ce e\u0219ecurile ucrainene au continuat, batalioanele de tancuri, artilerie \u0219i antiaeriene au crescut r\u00e2ndurile autonomi\u0219tilor.\u00a0Acesta este ceea ce i-a \u00eempins pe ucraineni s\u0103 se angajeze \u00een acordurile de la Minsk.<br><br>Dar imediat dup\u0103 semnarea Acordurilor de la Minsk 1, pre\u0219edintele ucrainean Petro Poro\u0219enko a lansat o \u201eopera\u021biune antiterorist\u0103\u201d masiv\u0103 (ATO\/\u0410\u043d\u0442\u0438\u0442\u0435\u0440\u043e\u0440\u0438\u0441\u0442\u0438\u0447\u043d\u0430 \u043e\u043f\u0435\u0440\u0430\u0446\u0456\u044f) \u00eempotriva Donbasului.\u00a0Prost sf\u0103tui\u021bi de ofi\u021berii NATO, ucrainenii au suferit o \u00eenfr\u00e2ngere zdrobitoare la Debaltsevo, ceea ce ia for\u021bat s\u0103 se angajeze \u00een Acordurile Minsk 2.<\/p>\n\n\n<div class=\"wp-block-image\">\n<figure class=\"aligncenter size-full is-resized\"><img loading=\"lazy\" decoding=\"async\" src=\"https:\/\/desteptati-va.ro\/wp-content\/uploads\/2022\/04\/Petro-Porosenko.jpg\" alt=\"\" class=\"wp-image-5012\" width=\"249\" height=\"374\"\/><figcaption>Petro Poro\u0219enko<\/figcaption><\/figure>\n<\/div>\n\n\n<p class=\"has-black-color has-text-color has-medium-font-size wp-block-paragraph\">Este esen\u021bial s\u0103 reamintim aici c\u0103 Acordurile Minsk 1 (septembrie 2014) \u0219i Minsk 2 (februarie 2015) nu prevedeau separarea sau independen\u021ba republicilor, ci autonomia acestora \u00een cadrul Ucrainei.&nbsp;Cei care au citit Acordurile (sunt foarte pu\u021bini care au de fapt) vor observa c\u0103 este scris c\u0103 statutul Republicilor urma s\u0103 fie negociat \u00eentre Kiev \u0219i reprezentan\u021bii Republicilor, pentru o solu\u021bie intern\u0103 \u00een cadrul Ucrainei.<br><br>De aceea, din 2014, Rusia a cerut sistematic implementarea Acordurilor de la Minsk, refuz\u00e2nd \u00een acela\u0219i timp s\u0103 fie parte la negocieri, deoarece era o chestiune intern\u0103 a Ucrainei.&nbsp;Pe de alt\u0103 parte, Occidentul \u2013 condus de Fran\u021ba \u2013 a \u00eencercat sistematic s\u0103 \u00eenlocuiasc\u0103 Acordurile de la Minsk cu \u201eformatul Normandiei\u201d, care i-a pus fa\u021b\u0103 \u00een fa\u021b\u0103 pe ru\u0219i \u0219i ucraineni.&nbsp;Cu toate acestea, s\u0103 ne amintim c\u0103 nu au existat niciodat\u0103 trupe ruse\u0219ti \u00een Donbass \u00eenainte de 23-24 februarie 2022. \u00cen plus, observatorii OSCE nu au observat niciodat\u0103 cea mai mic\u0103 urm\u0103 de unit\u0103\u021bi ruse\u0219ti care opereaz\u0103 \u00een Donbass p\u00e2n\u0103 atunci.&nbsp;De exemplu, harta serviciilor de informa\u021bii americane publicat\u0103 de Washington Post la 3 decembrie 2021 nu arat\u0103 trupe ruse\u0219ti \u00een Donbass.<br><br>\u00cen octombrie 2015, Vasyl Hrytsak, directorul Serviciului de Securitate al Ucrainei (SBU), a m\u0103rturisit c\u0103 doar 56 de lupt\u0103tori ru\u0219i au fost observa\u021bi \u00een Donbass.&nbsp;Acest lucru era exact comparabil cu elve\u021bienii care mergeau s\u0103 lupte \u00een Bosnia \u00een weekend, \u00een anii 1990, sau cu francezii care merg ast\u0103zi s\u0103 lupte \u00een Ucraina.<\/p>\n\n\n<div class=\"wp-block-image\">\n<figure class=\"aligncenter size-full is-resized\"><img loading=\"lazy\" decoding=\"async\" src=\"https:\/\/desteptati-va.ro\/wp-content\/uploads\/2022\/04\/Vasyl-Hrytsak.jpg\" alt=\"\" class=\"wp-image-5013\" width=\"353\" height=\"353\"\/><figcaption>Vasyl Hrytsak<\/figcaption><\/figure>\n<\/div>\n\n\n<p class=\"has-black-color has-text-color has-medium-font-size wp-block-paragraph\">Armata ucrainean\u0103 se afla atunci \u00eentr-o stare deplorabil\u0103.&nbsp;\u00cen octombrie 2018, dup\u0103 patru ani de r\u0103zboi, procurorul-\u0219ef militar ucrainean, Anatoly Matios, a declarat c\u0103 Ucraina a pierdut 2.700 de b\u0103rba\u021bi \u00een Donbass: 891 din cauza bolilor, 318 din accidente rutiere, 177 din alte accidente, 175 din otr\u0103viri (alcool, droguri), 172 din manipularea neglijent\u0103 a armelor, 101 din \u00eenc\u0103lcarea reglement\u0103rilor de securitate, 228 din crime \u0219i 615 din sinucideri.<br><br>De altfel, armata ucrainean\u0103 a fost subminat\u0103 de corup\u021bia cadrelor sale \u0219i nu se mai bucura de sprijinul popula\u021biei.&nbsp;Potrivit unui raport al Ministerului de Interne britanic, \u00een rechemarea din martie\/aprilie 2014 a rezervi\u0219tilor, 70% nu s-au prezentat la prima sesiune, 80% la a doua, 90% la a treia \u0219i 95% la a patra.&nbsp;\u00cen octombrie\/noiembrie 2017, 70% dintre recru\u021bi nu s-au prezentat la campania de rechemare \u201eToamna 2017\u201d.&nbsp;Aici nu se iau \u00een calcul sinuciderile \u0219i dezert\u0103rile (de multe ori peste autonomi\u0219ti), care au ajuns la 30 la sut\u0103 din for\u021ba de munc\u0103 din zona ATO.&nbsp;Tinerii ucraineni au refuzat s\u0103 mearg\u0103 s\u0103 lupte \u00een Donbass \u0219i au preferat emigrarea, ceea ce explic\u0103 \u0219i, cel pu\u021bin par\u021bial, deficitul demografic al \u021b\u0103rii.<br><br>Ministerul ucrainean al Ap\u0103r\u0103rii a apelat apoi la NATO pentru a-\u0219i face for\u021bele armate mai \u201eatractive\u201d.&nbsp;Dup\u0103 ce am lucrat deja la proiecte similare \u00een cadrul Na\u021biunilor Unite, am fost solicitat de NATO s\u0103 particip la un program de restabilire a imaginii for\u021belor armate ucrainene.&nbsp;Dar acesta este un proces pe termen lung \u0219i ucrainenii au vrut s\u0103 se mi\u0219te rapid.<br><br>A\u0219adar, pentru a compensa lipsa de solda\u021bi, guvernul ucrainean a apelat la mili\u021biile paramilitare.&nbsp;\u00cen 2020, ei reprezentau aproximativ 40% din for\u021bele ucrainene \u0219i num\u0103rau aproximativ 102.000 de oameni, potrivit Reuters.&nbsp;Au fost \u00eenarma\u021bi, finan\u021ba\u021bi \u0219i antrena\u021bi de Statele Unite, Marea Britanie, Canada \u0219i Fran\u021ba.&nbsp;Au fost peste 19 na\u021bionalit\u0103\u021bi.<br><br>Aceste mili\u021bii operau \u00een Donbass din 2014, cu sprijin occidental.&nbsp;Chiar dac\u0103 se poate argumenta cu privire la termenul \u201enazist\u201d, r\u0103m\u00e2ne faptul c\u0103 aceste mili\u021bii sunt violente, transmit o ideologie grea\u021b\u0103 \u0219i sunt virulent antisemite&#8230;[\u0219i] sunt compuse din indivizi fanatici \u0219i brutali.&nbsp;Cel mai cunoscut dintre acestea este Regimentul Azov, a c\u0103rui emblem\u0103 aminte\u0219te de Divizia a 2-a SS Das Reich Panzer, care este venerat\u0103 \u00een Ucraina pentru eliberarea Harkovului de sub sovietici \u00een 1943, \u00eenainte de a efectua masacrul de la Oradour-sur-Glane din 1944. Fran\u0163a.<br><br>Caracterizarea paramilitarilor ucraineni drept \u201enazi\u201d sau \u201eneonazi\u015fti\u201d este considerat\u0103 propagand\u0103 rus\u0103.&nbsp;Dar aceasta nu este punctul de vedere al Times of Israel sau al Centrului de lupt\u0103 \u00eempotriva terorismului al Academiei West Point.&nbsp;\u00cen 2014, revista Newsweek p\u0103rea c\u0103 \u00eei asociaz\u0103 mai mult cu&#8230; Statul Islamic.&nbsp;Alege!<br>A\u0219adar, Occidentul a sprijinit \u0219i a continuat s\u0103 \u00eenarmeze mili\u021biile care s-au f\u0103cut vinovate de numeroase crime \u00eempotriva popula\u021biilor civile din 2014: viol, tortur\u0103 \u0219i masacre&#8230;<br>Integrarea acestor for\u021be paramilitare \u00een Garda Na\u021bional\u0103 a Ucrainei nu a fost deloc \u00eenso\u021bit\u0103 de un \u201e denazificare\u201d, dup\u0103 cum sus\u021bin unii.<br>\u00cen 2022, foarte schematic, for\u021bele armate ucrainene care luptau \u00een ofensiva rus\u0103 au fost organizate astfel:<\/p>\n\n\n\n<p class=\"has-black-color has-text-color has-medium-font-size wp-block-paragraph\">Armata, aflat\u0103 \u00een subordinea Ministerului Ap\u0103r\u0103rii.&nbsp;Este organizat \u00een 3 corpuri de armat\u0103 \u0219i compus din forma\u021biuni de manevr\u0103 (tancuri, artilerie grea, rachete etc.).<\/p>\n\n\n\n<p class=\"has-black-color has-text-color has-medium-font-size wp-block-paragraph\">Garda Na\u021bional\u0103, care depinde de Ministerul de Interne \u0219i este organizat\u0103 \u00een 5 comenzi teritoriale.<\/p>\n\n\n\n<p class=\"has-black-color has-text-color has-medium-font-size wp-block-paragraph\"><br>Garda Na\u021bional\u0103 este a\u0219adar o for\u021b\u0103 de ap\u0103rare teritorial\u0103 care nu face parte din armata ucrainean\u0103.&nbsp;Include mili\u021biile paramilitare, numite \u201ebatalioane de voluntari\u201d (\u0434\u043e\u0431\u0440\u043e\u0432\u043e\u043b\u044c\u0447\u0456 \u0431\u0430\u0442\u0430\u043b\u044c\u0439\u043e\u043d\u0456), cunoscute \u0219i sub numele evocator de \u201ebatalioane de represalii\u201d, \u0219i compuse din infanterie.&nbsp;Antrena\u021bi \u00een primul r\u00e2nd pentru lupt\u0103 urban\u0103, acum ap\u0103r\u0103 ora\u0219e precum Harkov, Mariupol, Odesa, Kiev etc.<br><br><strong>Partea a doua: R\u0103zboiul<\/strong><br><br>\u00cen calitate de fost \u0219ef de analiz\u0103 al for\u021belor Pactului de la Var\u0219ovia \u00een serviciul de informa\u021bii strategice elve\u021biene, observ cu triste\u021be \u2013 dar nu este uimire \u2014 c\u0103 serviciile noastre nu mai sunt capabile s\u0103 \u00een\u021beleag\u0103 situa\u021bia militar\u0103 din Ucraina.&nbsp;\u201eExper\u021bii\u201d autoproclama\u021bi care defileaz\u0103 pe ecranele noastre TV transmit neobosit acelea\u0219i informa\u021bii modulate de afirma\u021bia c\u0103 Rusia \u2013 \u0219i Vladimir Putin \u2013 sunt ira\u021bionale.<br><br><strong>1. Izbucnirea r\u0103zboiului<\/strong><br><br>Din noiembrie 2021, americanii amenin\u021b\u0103 \u00een mod constant cu o invazie rus\u0103 a Ucrainei.&nbsp;Cu toate acestea, ucrainenii la \u00eenceput nu p\u0103reau s\u0103 fie de acord.&nbsp;De ce nu?<br>Trebuie s\u0103 ne \u00eentoarcem la 24 martie 2021. \u00cen acea zi, Volodymyr Zelensky a emis un decret pentru recucerirea Crimeei \u0219i a \u00eenceput s\u0103-\u0219i desf\u0103\u0219oare for\u021bele \u00een sudul \u021b\u0103rii.&nbsp;\u00cen acela\u0219i timp, \u00eentre Marea Neagr\u0103 \u0219i Marea Baltic\u0103 s-au desf\u0103\u0219urat mai multe exerci\u021bii NATO, \u00eenso\u021bite de o cre\u0219tere semnificativ\u0103 a zborurilor de recunoa\u0219tere de-a lungul grani\u021bei cu Rusia.&nbsp;Rusia a efectuat apoi mai multe exerci\u021bii pentru a testa preg\u0103tirea opera\u021bional\u0103 a trupelor sale \u0219i pentru a ar\u0103ta c\u0103 urm\u0103re\u0219te evolu\u021bia situa\u021biei.<br><br>Lucrurile s-au calmat p\u00e2n\u0103 \u00een octombrie-noiembrie odat\u0103 cu \u00eencheierea exerci\u021biilor ZAPAD 21, ale c\u0103ror mi\u0219c\u0103ri de trupe au fost interpretate ca o \u00eent\u0103rire pentru o ofensiv\u0103 \u00eempotriva Ucrainei.&nbsp;Cu toate acestea, chiar \u0219i autorit\u0103\u021bile ucrainene au respins ideea preg\u0103tirilor ruse\u0219ti pentru un r\u0103zboi, iar Oleksiy Reznikov, ministrul ucrainean al ap\u0103r\u0103rii, afirm\u0103 c\u0103 nu a avut loc nicio schimbare la grani\u021ba sa din prim\u0103var\u0103.<\/p>\n\n\n\n<div class=\"wp-block-columns is-layout-flex wp-container-core-columns-is-layout-8f761849 wp-block-columns-is-layout-flex\">\n<div class=\"wp-block-column is-layout-flow wp-block-column-is-layout-flow\"><div class=\"wp-block-image\">\n<figure class=\"aligncenter size-full is-resized\"><img loading=\"lazy\" decoding=\"async\" src=\"https:\/\/desteptati-va.ro\/wp-content\/uploads\/2022\/04\/Volodymyr-Zelensky.jpg\" alt=\"\" class=\"wp-image-4988\" width=\"235\" height=\"319\"\/><figcaption>Volodymyr Zelensky<\/figcaption><\/figure>\n<\/div><\/div>\n\n\n\n<div class=\"wp-block-column is-layout-flow wp-block-column-is-layout-flow\"><div class=\"wp-block-image\">\n<figure class=\"aligncenter size-full is-resized\"><img loading=\"lazy\" decoding=\"async\" src=\"https:\/\/desteptati-va.ro\/wp-content\/uploads\/2022\/04\/Vasyl-Hrytsak-1.jpg\" alt=\"\" class=\"wp-image-5015\" width=\"315\" height=\"315\"\/><figcaption>Oleksiy Reznikov<\/figcaption><\/figure>\n<\/div><\/div>\n<\/div>\n\n\n\n<p class=\"has-black-color has-text-color has-medium-font-size wp-block-paragraph\">Cu \u00eenc\u0103lcarea Acordurilor de la Minsk, Ucraina desf\u0103\u0219ura opera\u021biuni aeriene \u00een Donbass folosind drone, inclusiv cel pu\u021bin o lovitur\u0103 \u00eempotriva unui depozit de combustibil din Done\u021bk \u00een octombrie 2021. Presa american\u0103 a remarcat acest lucru, dar nu \u0219i europenii;&nbsp;\u0219i nimeni nu a condamnat aceste \u00eenc\u0103lc\u0103ri.<br><br>\u00cen februarie 2022, evenimentele au ajuns la un cap.&nbsp;Pe 7 februarie, \u00een timpul vizitei sale la Moscova, Emmanuel Macron i-a reafirmat lui Vladimir Putin angajamentul s\u0103u fa\u021b\u0103 de Acordurile de la Minsk, angajament pe care \u00eel va repeta dup\u0103 \u00eent\u00e2lnirea cu Volodymyr Zelensky a doua zi.&nbsp;Dar pe 11 februarie, la Berlin, dup\u0103 nou\u0103 ore de munc\u0103, \u00eent\u00e2lnirea consilierilor politici ai liderilor \u201eformatului Normandia\u201d s-a \u00eencheiat f\u0103r\u0103 niciun rezultat concret: ucrainenii au refuzat \u00een continuare s\u0103 aplice Acordurile de la Minsk, aparent sub presiunea United. state.&nbsp;Vladimir Putin a remarcat c\u0103 Macron a f\u0103cut promisiuni goale \u0219i c\u0103 Occidentul nu este preg\u0103tit s\u0103 pun\u0103 \u00een aplicare acordurile, aceea\u0219i opozi\u021bie fa\u021b\u0103 de o \u00een\u021belegere pe care o manifestase timp de opt ani.<br><br>Preg\u0103tirile ucrainene \u00een zona de contact au continuat.&nbsp;Parlamentul rus s-a alarmat;&nbsp;iar pe 15 februarie i-a cerut lui Vladimir Putin s\u0103 recunoasc\u0103 independen\u021ba republicilor, ceea ce a refuzat ini\u021bial s\u0103 o fac\u0103.<br><\/p>\n\n\n\n<div class=\"wp-block-columns is-layout-flex wp-container-core-columns-is-layout-8f761849 wp-block-columns-is-layout-flex\">\n<div class=\"wp-block-column is-layout-flow wp-block-column-is-layout-flow\"><div class=\"wp-block-image\">\n<figure class=\"aligncenter size-full is-resized\"><img loading=\"lazy\" decoding=\"async\" src=\"https:\/\/desteptati-va.ro\/wp-content\/uploads\/2022\/04\/Vladimir-Putin.jpg\" alt=\"\" class=\"wp-image-5019\" width=\"199\" height=\"270\"\/><figcaption>Vladimir Putin<\/figcaption><\/figure>\n<\/div><\/div>\n\n\n\n<div class=\"wp-block-column is-layout-flow wp-block-column-is-layout-flow\"><div class=\"wp-block-image\">\n<figure class=\"aligncenter size-full\"><img loading=\"lazy\" decoding=\"async\" width=\"187\" height=\"270\" src=\"https:\/\/desteptati-va.ro\/wp-content\/uploads\/2022\/03\/Francois-Macron.jpg\" alt=\"\" class=\"wp-image-4866\"\/><figcaption>Emmanuel Macron<\/figcaption><\/figure>\n<\/div><\/div>\n\n\n\n<div class=\"wp-block-column is-layout-flow wp-block-column-is-layout-flow\"><div class=\"wp-block-image\">\n<figure class=\"aligncenter size-full is-resized\"><img loading=\"lazy\" decoding=\"async\" src=\"https:\/\/desteptati-va.ro\/wp-content\/uploads\/2022\/04\/Joe-Biden.jpg\" alt=\"\" class=\"wp-image-4986\" width=\"216\" height=\"269\"\/><figcaption>Joe Biden<\/figcaption><\/figure>\n<\/div><\/div>\n<\/div>\n\n\n\n<p class=\"has-black-color has-text-color has-medium-font-size wp-block-paragraph\"><br>La 17 februarie, pre\u0219edintele Joe Biden a anun\u021bat c\u0103 Rusia va ataca Ucraina \u00een urm\u0103toarele zile.&nbsp;De unde \u0219tia el asta?&nbsp;Este un mister.&nbsp;Dar din 16, bombardamentele de artilerie ale popula\u021biei din Donbass au crescut dramatic, a\u0219a cum arat\u0103 rapoartele zilnice ale observatorilor OSCE.&nbsp;Desigur, nici mass-media, nici Uniunea European\u0103, nici NATO, nici vreun guvern occidental nu a reac\u0163ionat sau intervenit.&nbsp;S-ar spune mai t\u00e2rziu c\u0103 aceasta a fost dezinformarea rus\u0103.&nbsp;De altfel, se pare c\u0103 Uniunea European\u0103 \u0219i unele \u021b\u0103ri au p\u0103strat \u00een mod deliberat t\u0103cerea cu privire la masacrul popula\u021biei din Donbass, \u0219tiind c\u0103 acest lucru ar provoca o interven\u021bie rus\u0103.<br><br>\u00cen acela\u0219i timp, au existat rapoarte de sabotaj \u00een Donbass.&nbsp;Pe 18 ianuarie, lupt\u0103torii din Donbass au interceptat sabotori, care vorbeau polonez\u0103 \u0219i erau echipa\u021bi cu echipamente occidentale \u0219i care \u00eencercau s\u0103 creeze incidente chimice \u00een Gorlivka.&nbsp;Ar fi putut fi mercenari CIA, condu\u0219i sau \u201esf\u0103tui\u021bi\u201d de americani \u0219i alc\u0103tui\u021bi din lupt\u0103tori ucraineni sau europeni, pentru a desf\u0103\u0219ura ac\u021biuni de sabotaj \u00een Republicile Donbass.<br><br>De fapt, \u00eenc\u0103 din 16 februarie, Joe Biden \u0219tia c\u0103 ucrainenii au \u00eenceput s\u0103 bombardeze intens popula\u021bia civil\u0103 din Donbass, for\u021b\u00e2ndu-l pe Vladimir Putin s\u0103 fac\u0103 o alegere dificil\u0103: s\u0103 ajute Donbass-ul din punct de vedere militar \u0219i s\u0103 creeze o problem\u0103 interna\u021bional\u0103 sau s\u0103 stea deoparte \u0219i s\u0103 priveasc\u0103. poporul rusofon din Donbass fiind zdrobit.<br><br>Dac\u0103 ar decide s\u0103 intervin\u0103, Putin ar putea invoca obliga\u021bia interna\u021bional\u0103 de \u201eResponsabilitate de a proteja\u201d (R2P).&nbsp;Dar \u0219tia c\u0103, indiferent de natura sau amploarea ei, interven\u021bia va declan\u0219a o furtun\u0103 de sanc\u021biuni.&nbsp;Prin urmare, indiferent dac\u0103 interven\u021bia rus\u0103 s-a limitat la Donbass sau a mers mai departe pentru a pune presiune asupra Occidentului asupra statutului Ucrainei, pre\u021bul de pl\u0103tit ar fi acela\u0219i.&nbsp;A\u0219a a explicat \u00een discursul s\u0103u din 21 februarie. \u00cen acea zi, a fost de acord cu cererea Dumei \u0219i a recunoscut independen\u021ba celor dou\u0103 Republici Donbass \u0219i, \u00een acela\u0219i timp, a semnat cu acestea tratate de prietenie \u0219i asisten\u021b\u0103.<br><br>A continuat bombardamentul de artilerie ucrainean\u0103 asupra popula\u021biei din Donbass \u0219i, la 23 februarie, cele dou\u0103 republici au cerut asisten\u021b\u0103 militar\u0103 Rusiei.&nbsp;La 24 februarie, Vladimir Putin a invocat articolul 51 din Carta Na\u021biunilor Unite, care prevede asisten\u021b\u0103 militar\u0103 reciproc\u0103 \u00een cadrul unei alian\u021be defensive.<br><br>Pentru a face ca interven\u021bia rus\u0103 s\u0103 par\u0103 total ilegal\u0103 \u00een ochii publicului, puterile occidentale au ascuns \u00een mod deliberat faptul c\u0103 r\u0103zboiul a \u00eenceput efectiv pe 16 februarie. Armata ucrainean\u0103 se preg\u0103tea s\u0103 atace Donbasul \u00eenc\u0103 din 2021, \u00eentruc\u00e2t unii ru\u0219i \u0219i Serviciile europene de informa\u021bii erau bine con\u0219tiente.<br><br>\u00cen discursul s\u0103u din 24 februarie, Vladimir Putin a afirmat cele dou\u0103 obiective ale opera\u021biunii sale: \u201edemilitarizarea\u201d \u0219i \u201edenazificarea\u201d Ucrainei.&nbsp;Deci, nu era vorba de preluarea Ucrainei, nici m\u0103car, probabil, de ocuparea ei;&nbsp;\u0219i cu siguran\u021b\u0103 nu de a o distruge.<br><br>De atunci, cuno\u0219tin\u021bele noastre despre cursul opera\u021biunii sunt limitate: ru\u0219ii au o securitate excelent\u0103 pentru opera\u021biunile lor (OPSEC) \u0219i detaliile planific\u0103rii lor nu sunt cunoscute.&nbsp;\u00cens\u0103 destul de repede, cursul opera\u021biunii ne permite s\u0103 \u00een\u021belegem cum s-au transpus obiectivele strategice la nivel opera\u021bional.<br><br><strong>Demilitarizare:<\/strong><br><br>* distrugerea la sol a avia\u021biei ucrainene, a sistemelor de ap\u0103rare aerian\u0103 \u0219i a mijloacelor de recunoa\u0219tere;<br><br>* neutralizarea structurilor de comand\u0103 \u0219i informa\u021bii (C3I), precum \u0219i a principalelor rute logistice din ad\u00e2ncimea teritoriului;<br>\u00eencercuirea majorit\u0103\u021bii armatei ucrainene \u00een masa \u00een sud-estul \u021b\u0103rii.<br><br><strong>Denazificare:<\/strong><br><br>* distrugerea sau neutralizarea batalioanelor de voluntari care opereaz\u0103 \u00een ora\u0219ele Odesa, Harkov \u0219i Mariupol, precum \u0219i \u00een diferite instala\u021bii din teritoriu.<\/p>\n\n\n\n<p class=\"has-black-color has-text-color has-medium-font-size wp-block-paragraph\"><strong>2. Demilitarizarea<\/strong><br><br>Ofensiva rus\u0103 s-a desf\u0103\u0219urat \u00eentr-o manier\u0103 foarte \u201eclasic\u0103\u201d.&nbsp;Ini\u021bial &#8211; a\u0219a cum f\u0103cuser\u0103 israelienii \u00een 1967 &#8211; cu distrugerea la sol a for\u021belor aeriene \u00een primele ore.&nbsp;Apoi, am asistat la o progresie simultan\u0103 de-a lungul mai multor axe dup\u0103 principiul \u201eap\u0103 curg\u0103toare\u201d: \u00eenainta\u021bi peste tot unde rezisten\u021ba a fost slab\u0103 \u0219i l\u0103sa\u021bi ora\u0219ele (foarte solicitante \u00een ceea ce prive\u0219te trupele) pentru mai t\u00e2rziu.&nbsp;\u00cen nord, centrala de la Cernob\u00eel a fost ocupat\u0103 imediat pentru a preveni actele de sabotaj.&nbsp;Imaginile solda\u021bilor ucraineni \u0219i ru\u0219i care p\u0103zesc \u00eempreun\u0103 fabrica nu sunt, desigur, afi\u0219ate.<br><br>Ideea c\u0103 Rusia \u00eencearc\u0103 s\u0103 preia Kievul, capitala, pentru a-l elimina pe Zelensky, vine de obicei din Occident.&nbsp;Dar Vladimir Putin nu a inten\u021bionat niciodat\u0103 s\u0103-l \u00eempu\u0219te sau s\u0103-l r\u0103stoarne pe Zelensky.&nbsp;\u00cen schimb, Rusia caut\u0103 s\u0103-l men\u021bin\u0103 la putere \u00eemping\u00e2ndu-l s\u0103 negocieze, \u00eenconjur\u00e2nd Kievul.&nbsp;Ru\u0219ii vor s\u0103 ob\u021bin\u0103 neutralitatea Ucrainei.<br><br>Mul\u021bi comentatori occidentali au fost surprin\u0219i de faptul c\u0103 ru\u0219ii au continuat s\u0103 caute o solu\u021bie negociat\u0103 \u00een timp ce desf\u0103\u0219urau opera\u021biuni militare.&nbsp;Explica\u021bia const\u0103 \u00een perspectiva strategic\u0103 a Rusiei \u00eenc\u0103 din epoca sovietic\u0103.&nbsp;Pentru Occident, r\u0103zboiul \u00eencepe c\u00e2nd politica se termin\u0103.&nbsp;Totu\u0219i, abordarea rus\u0103 urmeaz\u0103 o inspira\u021bie clauusewitzian\u0103: r\u0103zboiul este continuitatea politicii \u0219i se poate trece fluid de la unul la altul, chiar \u0219i \u00een timpul luptei.&nbsp;Acest lucru permite s\u0103 creeze presiune asupra adversarului \u0219i s\u0103-l \u00eemping\u0103 s\u0103 negocieze.<br><br>Din punct de vedere opera\u021bional, ofensiva rus\u0103 a fost un exemplu de ac\u021biune \u0219i planificare militar\u0103 anterioar\u0103: \u00een \u0219ase zile, ru\u0219ii au ocupat un teritoriu la fel de mare precum Regatul Unit, cu o vitez\u0103 de \u00eenaintare mai mare dec\u00e2t cea realizat\u0103 Wehrmacht-ul \u00een 1940. Cea&nbsp;mai<br><br>mare parte a armatei ucrainene a fost desf\u0103\u0219urat\u0103 \u00een sudul \u021b\u0103rii \u00een preg\u0103tirea unei opera\u021biuni majore \u00eempotriva Donbasului.&nbsp;Acesta este motivul pentru care for\u021bele ruse au reu\u0219it s\u0103-l \u00eencercuiasc\u0103 de la \u00eenceputul lunii martie \u00een \u201ec\u0103ldarea\u201d dintre Slaviansk, Kramatorsk \u0219i Severodonetsk, cu o trac\u021biune dinspre Est prin Harkov \u0219i alta dinspre Sud din Crimeea.&nbsp;Trupele din Republicile Done\u021bk (DPR) \u0219i Lugansk (LPR) completeaz\u0103 for\u021bele ruse cu un impuls dinspre Est.<br><br>\u00cen aceast\u0103 etap\u0103, for\u021bele ruse str\u00e2ng \u00eencet la\u021bul, dar nu mai sunt sub nicio presiune de timp sau program.&nbsp;Scopul lor de demilitarizare este aproape atins, iar for\u021bele ucrainene r\u0103mase nu mai au o structur\u0103 de comand\u0103 opera\u021bional\u0103 \u0219i strategic\u0103.<br><br>\u201e\u00cencetinirea\u201d pe care \u201eexper\u021bii\u201d no\u0219tri o atribuie unei logisticii proaste este doar consecin\u021ba faptului c\u0103 \u0219i-au atins obiectivele.&nbsp;Rusia nu vrea s\u0103 se angajeze \u00eentr-o ocupare a \u00eentregului teritoriu ucrainean.&nbsp;De fapt, se pare c\u0103 Rusia \u00eencearc\u0103 s\u0103-\u0219i limiteze avansul la grani\u021ba lingvistic\u0103 a \u021b\u0103rii.<br><br>Presa noastr\u0103 vorbe\u0219te despre bombardamentele f\u0103r\u0103 discern\u0103m\u00e2nt \u00eempotriva popula\u021biei civile, \u00een special \u00een Harkov, iar imaginile \u00eengrozitoare sunt difuzate pe scar\u0103 larg\u0103.&nbsp;Cu toate acestea, Gonzalo Lira, un corespondent latino-american care locuie\u0219te acolo, ne prezint\u0103 un ora\u0219 lini\u0219tit pe 10 \u0219i 11 martie. Este adev\u0103rat c\u0103 este un ora\u0219 mare \u0219i nu vedem totul \u2014 dar asta pare s\u0103 indice c\u0103 suntem nu in razboiul total in care suntem serviti continuu pe ecranele noastre TV.&nbsp;C\u00e2t despre Republicile Donbass, acestea \u0219i-au \u201eeliberat\u201d propriile teritorii \u0219i lupt\u0103 \u00een ora\u0219ul Mariupol.<\/p>\n\n\n\n<p class=\"has-black-color has-text-color has-medium-font-size wp-block-paragraph\"><strong>3. Denazificarea<\/strong><br><br>\u00cen ora\u0219e precum Harkov, Mariupol \u0219i Odesa, ap\u0103rarea ucrainei este asigurat\u0103 de mili\u021biile paramilitare.&nbsp;Ei \u0219tiu c\u0103 obiectivul \u201edenazific\u0103rii\u201d \u00eei vizeaz\u0103 \u00een primul r\u00e2nd.&nbsp;Pentru un atacator dintr-o zon\u0103 urbanizat\u0103, civilii sunt o problem\u0103.&nbsp;Acesta este motivul pentru care Rusia caut\u0103 s\u0103 creeze coridoare umanitare pentru a goli ora\u0219ele de civili \u0219i a l\u0103sa doar mili\u021biile, pentru a le lupta mai u\u0219or.<br><br>\u00cen schimb, aceste mili\u021bii \u00eencearc\u0103 s\u0103 \u00eempiedice evacuarea civililor din ora\u0219e pentru a descuraja armata rus\u0103 s\u0103 lupte acolo.&nbsp;Acesta este motivul pentru care sunt reticen\u021bi \u00een a implementa aceste coridoare \u0219i fac totul pentru a se asigura c\u0103 eforturile ruse nu au succes &#8211; folosesc popula\u021bia civil\u0103 ca \u201escuturi umane\u201d.&nbsp;Videoclipurile care prezint\u0103 civili care \u00eencearc\u0103 s\u0103 p\u0103r\u0103seasc\u0103 Mariupol \u0219i b\u0103tu\u021bi de lupt\u0103torii regimentului Azov sunt, desigur, cenzurate cu aten\u021bie de presa occidental\u0103.<br><br>Pe Facebook, grupul Azov a fost considerat \u00een aceea\u0219i categorie cu Statul Islamic [ISIS] \u0219i supus \u201epoliticii platformei privind indivizii \u0219i organiza\u021biile periculoase\u201d.&nbsp;Prin urmare, era interzis\u0103 glorificarea activit\u0103\u021bilor sale, iar \u201eposturile\u201d care \u00eei erau favorabile erau interzise sistematic.&nbsp;Dar pe 24 februarie, Facebook \u0219i-a schimbat politica \u0219i a permis post\u0103ri favorabile mili\u021biei.&nbsp;\u00cen acela\u0219i spirit, \u00een martie, platforma a autorizat, \u00een fostele \u021b\u0103ri din Est, solicit\u0103ri pentru uciderea solda\u021bilor \u0219i liderilor ru\u0219i.&nbsp;At\u00e2t despre valorile care ne inspir\u0103 liderii.<br><br>Mass-media noastr\u0103 propag\u0103 o imagine romantic\u0103 a rezisten\u021bei populare a poporului ucrainean.&nbsp;Tocmai aceast\u0103 imagine a determinat Uniunea European\u0103 s\u0103 finan\u021beze distribuirea de arme c\u0103tre popula\u021bia civil\u0103.&nbsp;\u00cen calitatea mea de \u0219ef al men\u021binerii p\u0103cii la ONU, am lucrat la problema protec\u021biei civile.&nbsp;Am constatat c\u0103 violen\u021ba \u00eempotriva civililor a avut loc \u00een contexte foarte specifice.&nbsp;\u00cen special, atunci c\u00e2nd armele sunt abundente \u0219i nu exist\u0103 structuri de comand\u0103.<br><br>Aceste structuri de comand\u0103 sunt esen\u021ba armatelor: func\u021bia lor este de a canaliza folosirea for\u021bei c\u0103tre un obiectiv.&nbsp;\u00cenarmand cet\u0103\u021benii \u00eentr-o manier\u0103 \u00eent\u00e2mpl\u0103toare, a\u0219a cum se \u00eent\u00e2mpl\u0103 \u00een prezent, UE \u00eei transform\u0103 \u00een combatan\u021bi, cu efectul \u00een consecin\u021b\u0103 de a-i transforma \u00een poten\u021biale \u021binte.&nbsp;Mai mult dec\u00e2t at\u00e2t, f\u0103r\u0103 comand\u0103, f\u0103r\u0103 scopuri opera\u021bionale, distribuirea armelor duce inevitabil la aranjarea de scoruri, banditism \u0219i ac\u021biuni mai mult mortale dec\u00e2t eficiente.&nbsp;R\u0103zboiul devine o chestiune de emo\u021bii.&nbsp;For\u021ba devine violen\u021b\u0103.&nbsp;A\u0219a s-a \u00eent\u00e2mplat \u00een Tawarga (Libia) \u00een perioada 11-13 august 2011, unde 30.000 de africani de culoare au fost masacra\u021bi cu arme para\u0219utate (ilegal) de Fran\u021ba.&nbsp;Apropo, Institutul Regal Britanic pentru Studii Strategice (RUSI) nu vede nicio valoare ad\u0103ugat\u0103 \u00een aceste livr\u0103ri de arme.<br><br>Mai mult, livr\u00e2nd arme unei \u021b\u0103ri aflate \u00een r\u0103zboi, cineva se expune la a fi considerat un beligerant.&nbsp;Grevele ruse\u0219ti din 13 martie 2022 \u00eempotriva bazei aeriene Mykolayev urmeaz\u0103 avertismentele ruse\u0219ti c\u0103 transporturile de arme vor fi tratate ca \u021binte ostile.<br><br>UE repet\u0103 experien\u021ba dezastruoas\u0103 a celui de-al Treilea Reich \u00een ultimele ore ale b\u0103t\u0103liei de la Berlin.&nbsp;R\u0103zboiul trebuie l\u0103sat \u00een seama armatei \u0219i atunci c\u00e2nd o parte a pierdut, trebuie admis.&nbsp;Iar dac\u0103 trebuie s\u0103 existe rezisten\u021b\u0103, aceasta trebuie condus\u0103 \u0219i structurat\u0103.&nbsp;Dar facem exact invers \u2013 \u00eempingem cet\u0103\u021benii s\u0103 mearg\u0103 s\u0103 lupte \u0219i, \u00een acela\u0219i timp, Facebook autorizeaz\u0103 apeluri pentru uciderea solda\u021bilor \u0219i liderilor ru\u0219i.&nbsp;At\u00e2t despre valorile care ne inspir\u0103.<br><br>Unele servicii de informa\u021bii v\u0103d aceast\u0103 decizie iresponsabil\u0103 ca pe o modalitate de a folosi popula\u021bia ucrainean\u0103 drept carne de tun pentru a lupta \u00eempotriva Rusiei lui Vladimir Putin.&nbsp;Ar fi fost mai bine s\u0103 se angajeze \u00een negocieri \u0219i s\u0103 ob\u021bin\u0103 astfel garan\u021bii pentru popula\u021bia civil\u0103 dec\u00e2t s\u0103 pun\u0103 combustibil \u00een foc.&nbsp;Este u\u0219or s\u0103 fii combativ cu s\u00e2ngele altora.<\/p>\n\n\n\n<p class=\"has-black-color has-text-color has-medium-font-size wp-block-paragraph\"><strong>4. Maternitatea de la Mariupol<\/strong><br><br>Este important s\u0103 \u00een\u021belegem dinainte c\u0103 nu armata ucrainean\u0103 \u00eel ap\u0103r\u0103 pe Mariupol, ci mili\u021bia Azov, format\u0103 din mercenari str\u0103ini.<br><br>\u00cen rezumatul situa\u021biei din 7 martie 2022, misiunea rus\u0103 a ONU din New York a declarat c\u0103 \u201eReziden\u021bii raporteaz\u0103 c\u0103 for\u021bele armate ucrainene au expulzat personalul din spitalul de na\u0219tere nr. 1 din Mariupol \u0219i au \u00eenfiin\u021bat un post de tragere \u00een interiorul unit\u0103\u021bii\u201d.&nbsp;Pe 8 martie, presa independent\u0103 rus\u0103&nbsp;<a href=\"https:\/\/vk.com\/away.php?to=http%3A%2F%2FLenta.ru&amp;cc_key=\">Lenta.ru<\/a>&nbsp;, a publicat m\u0103rturia unor civili din Mariupol care au povestit c\u0103 maternitatea a fost preluat\u0103 de mili\u021bia regimentului Azov, \u0219i care i-au alungat pe ocupan\u021bii civili amenin\u021b\u0103ndu-i cu armele.&nbsp;Ace\u0219tia au confirmat declara\u021biile ambasadorului rus cu c\u00e2teva ore mai devreme.<br><br>Spitalul din Mariupol ocup\u0103 o pozi\u0163ie dominant\u0103, perfect potrivit pentru instalarea armelor antitanc \u015fi pentru observare.&nbsp;Pe 9 martie, for\u021bele ruse au lovit cl\u0103direa.&nbsp;Potrivit CNN, 17 persoane au fost r\u0103nite, \u00eens\u0103 imaginile nu arat\u0103 nicio victim\u0103 \u00een cl\u0103dire \u0219i nu exist\u0103 dovezi c\u0103 victimele men\u021bionate ar fi legate de aceast\u0103 grev\u0103.&nbsp;Se vorbe\u0219te despre copii, dar, \u00een realitate, nu exist\u0103 nimic.&nbsp;Acest lucru nu \u00eei \u00eempiedic\u0103 pe liderii UE s\u0103 vad\u0103 asta ca pe o crim\u0103 de r\u0103zboi.&nbsp;\u0218i acest lucru \u00eei permite lui Zelensky s\u0103 solicite o zon\u0103 interzis\u0103 de zbor deasupra Ucrainei.<br><br>\u00cen realitate, nu \u0219tim exact ce s-a \u00eent\u00e2mplat.&nbsp;Dar succesiunea evenimentelor tinde s\u0103 confirme c\u0103 for\u021bele ruse au lovit o pozi\u021bie a regimentului Azov \u0219i c\u0103 maternitatea era atunci liber\u0103 de civili.<br><br>Problema este c\u0103 mili\u021biile paramilitare care ap\u0103r\u0103 ora\u0219ele sunt \u00eencurajate de comunitatea interna\u021bional\u0103 s\u0103 nu respecte regulile r\u0103zboiului.&nbsp;Se pare c\u0103 ucrainenii au reluat scenariul maternit\u0103\u021bii din Kuweit City \u00een 1990, care a fost pus \u00een scen\u0103 \u00een totalitate de firma Hill &amp; Knowlton pentru 10,7 milioane de dolari pentru a convinge Consiliul de Securitate al Na\u021biunilor Unite s\u0103 intervin\u0103 \u00een Irak pentru opera\u021biunea Desert Shield\/Storm. .<br><br>Politicienii occidentali au acceptat grevele civile \u00een Donbass timp de opt ani f\u0103r\u0103 a adopta nicio sanc\u021biune \u00eempotriva guvernului ucrainean.&nbsp;Am intrat de mult \u00eentr-o dinamic\u0103 \u00een care politicienii occidentali au fost de acord s\u0103 sacrifice dreptul interna\u021bional pentru scopul lor de a sl\u0103bi Rusia.<\/p>\n\n\n\n<p class=\"has-black-color has-text-color has-medium-font-size wp-block-paragraph\"><strong>Partea a treia: Concluzii<\/strong><br><br>Ca fost profesionist de informa\u021bii, primul lucru care m\u0103 frapeaz\u0103 este absen\u021ba total\u0103 a serviciilor de informa\u021bii occidentale \u00een a reprezenta cu exactitate situa\u021bia din ultimul an.&nbsp;De fapt, se pare c\u0103 \u00een \u00eentreaga lume occidental\u0103 serviciile de informa\u021bii au fost cople\u0219ite de politicieni.&nbsp;Problema este c\u0103 politicienii sunt cei care decid \u2014 cel mai bun serviciu de informa\u021bii din lume este inutil dac\u0103 decidentul nu ascult\u0103.&nbsp;Iat\u0103 ce s-a \u00eent\u00e2mplat \u00een aceast\u0103 criz\u0103.<br><br>Acestea fiind spuse, \u00een timp ce c\u00e2teva servicii de informa\u021bii aveau o imagine foarte exact\u0103 \u0219i ra\u021bional\u0103 a situa\u021biei, altele aveau \u00een mod clar aceea\u0219i imagine ca cea propagat\u0103 de mass-media noastr\u0103.&nbsp;Problema este c\u0103, din experien\u021b\u0103, le-am g\u0103sit extrem de proaste la nivel analitic \u2014 doctrinare, le lipse\u0219te independen\u021ba intelectual\u0103 \u0219i politic\u0103 necesar\u0103 pentru a evalua o situa\u021bie cu \u201ecalitate\u201d militar\u0103.<br><br>\u00cen al doilea r\u00e2nd, se pare c\u0103 \u00een unele \u021b\u0103ri europene, politicienii au r\u0103spuns \u00een mod deliberat ideologic la situa\u021bie.&nbsp;De aceea aceast\u0103 criz\u0103 a fost ira\u021bional\u0103 de la \u00eenceput.&nbsp;De men\u021bionat c\u0103 toate documentele care au fost prezentate publicului \u00een aceast\u0103 criz\u0103 au fost prezentate de politicieni pe baza surselor comerciale.<br><br>Unii politicieni occidentali au vrut, evident, s\u0103 existe un conflict.&nbsp;\u00cen Statele Unite, scenariile de atac prezentate de Anthony Blinken Consiliului de Securitate al ONU au fost doar produsul imagina\u021biei unei echipe Tiger care lucra pentru el \u2013 el a f\u0103cut exact a\u0219a cum a f\u0103cut Donald Rumsfeld \u00een 2002, care a \u201eocolit\u201d CIA \u0219i alte serviciile de informa\u021bii care erau mult mai pu\u021bin asertive cu privire la armele chimice irakiene.<br><br>Evolu\u021biile dramatice la care asist\u0103m ast\u0103zi au cauze despre care \u0219tiam, dar am refuzat s\u0103 le vedem:<br><br>* la nivel strategic, extinderea NATO (de care nu ne-am ocupat aici);<br><br>* la nivel politic, refuzul occidental de a implementa Acordurile de la Minsk;<br><br>* \u0219i opera\u021bional, atacurile continue \u0219i repetate asupra popula\u021biei civile din Donbass \u00een ultimii ani \u0219i cre\u0219terea dramatic\u0103 la sf\u00e2r\u0219itul lunii februarie 2022.<br><br>Cu alte cuvinte, putem deplora \u0219i condamna \u00een mod firesc atacul rusesc.&nbsp;Dar NOI (adic\u0103 Statele Unite, Fran\u021ba \u0219i Uniunea European\u0103 \u00een frunte) am creat condi\u021biile pentru a izbucni un conflict.&nbsp;Ar\u0103t\u0103m compasiune pentru poporul ucrainean \u0219i pentru cele dou\u0103 milioane de refugia\u021bi.&nbsp;Asta este bine.&nbsp;Dar dac\u0103 am fi avut un pic de compasiune pentru acela\u0219i num\u0103r de refugia\u021bi din popula\u021biile ucrainene din Donbass masacrate de propriul guvern \u0219i care au c\u0103utat refugiu \u00een Rusia timp de opt ani, probabil c\u0103 nimic din toate acestea nu s-ar fi \u00eent\u00e2mplat.<br><br>Dac\u0103 termenul \u201egenocid\u201d se aplic\u0103 abuzurilor suferite de oamenii din Donbass este o \u00eentrebare deschis\u0103.&nbsp;Termenul este \u00een general rezervat cazurilor de amploare mai mare (Holocaust etc.).&nbsp;Dar defini\u021bia dat\u0103 de Conven\u021bia de genocid este probabil suficient de larg\u0103 pentru a se aplica acestui caz.<br><br>\u00cen mod clar, acest conflict ne-a condus \u00een isterie.&nbsp;Sanc\u021biunile par s\u0103 fi devenit instrumentul preferat al politicii noastre externe.&nbsp;Dac\u0103 am fi insistat ca Ucraina s\u0103 respecte Acordurile de la Minsk, pe care le-am negociat \u0219i aprobat, nimic din toate acestea nu s-ar fi \u00eent\u00e2mplat.&nbsp;Condamnarea lui Vladimir Putin este \u0219i a noastr\u0103.&nbsp;Nu are rost s\u0103 ne pl\u00e2ngem dup\u0103 &#8211; ar fi trebuit s\u0103 ac\u021bion\u0103m mai devreme.&nbsp;Totu\u0219i, nici Emmanuel Macron (\u00een calitate de garant \u0219i membru al Consiliului de Securitate al ONU), nici Olaf Scholz, nici Volodymyr Zelensky nu \u0219i-au respectat angajamentele.&nbsp;P\u00e2n\u0103 la urm\u0103, adev\u0103rata \u00eenfr\u00e2ngere este cea a celor care nu au voce.<br><br>Uniunea European\u0103 nu a fost \u00een m\u0103sur\u0103 s\u0103 promoveze punerea \u00een aplicare a acordurilor de la Minsk \u2013 dimpotriv\u0103, nu a reac\u021bionat atunci c\u00e2nd Ucraina \u00ee\u0219i bombarda propria popula\u021bie \u00een Donbass.&nbsp;Dac\u0103 ar fi f\u0103cut-o, Vladimir Putin nu ar fi trebuit s\u0103 reac\u021bioneze.&nbsp;Absent\u0103 din faza diplomatic\u0103, UE s-a remarcat prin alimentarea conflictului.&nbsp;Pe 27 februarie, guvernul ucrainean a fost de acord s\u0103 intre \u00een negocieri cu Rusia.&nbsp;Dar c\u00e2teva ore mai t\u00e2rziu, Uniunea European\u0103 a votat un buget de 450 de milioane de euro pentru furnizarea de arme Ucrainei, ad\u0103ug\u00e2nd combustibil incendiului.&nbsp;De atunci, ucrainenii au sim\u021bit c\u0103 nu trebuie s\u0103 ajung\u0103 la o \u00een\u021belegere.&nbsp;Rezisten\u021ba mili\u021biei Azov de la Mariupol a dus chiar \u0219i la un spor de 500 de milioane de euro pentru arme.<br><br>\u00cen Ucraina, cu binecuv\u00e2ntarea \u021b\u0103rilor occidentale, cei care sunt \u00een favoarea unei negocieri au fost elimina\u021bi.&nbsp;Este cazul lui Denis Kireyev, unul dintre negociatorii ucraineni, asasinat pe 5 martie de serviciile secrete ucrainene (SBU) pentru c\u0103 era prea favorabil Rusiei \u0219i era considerat un tr\u0103d\u0103tor.&nbsp;Aceea\u0219i soart\u0103 a avut-o \u0219i Dmitri Demyanenko, fostul \u0219ef adjunct al direc\u021biei principale a SBU pentru Kiev \u0219i regiunea sa, care a fost asasinat pe 10 martie pentru c\u0103 era prea favorabil unui acord cu Rusia \u2014 a fost \u00eempu\u0219cat de mili\u021bia Mirotvorets (\u201eF\u0103c\u0103tor de pace\u201d). .&nbsp;Aceast\u0103 mili\u021bie este asociat\u0103 cu site-ul Mirotvorets, care listeaz\u0103 \u201edu\u0219manii Ucrainei\u201d, cu datele lor personale, adresele \u0219i numerele de telefon, astfel \u00eenc\u00e2t s\u0103 poat\u0103 fi h\u0103r\u021bui\u021bi sau chiar elimina\u021bi;&nbsp;o practic\u0103 care este pedepsit\u0103 \u00een multe \u021b\u0103ri,&nbsp;dar nu \u00een Ucraina.&nbsp;ONU \u0219i unele \u021b\u0103ri europene au cerut \u00eenchiderea acestui site, dar aceast\u0103 cerere a fost refuzat\u0103 de Rada [parlamentul ucrainean].<br><br>\u00cen cele din urm\u0103, pre\u021bul va fi mare, dar Vladimir Putin va atinge probabil obiectivele pe care \u0219i le-a propus.&nbsp;L-am \u00eempins \u00een bra\u021bele Chinei.&nbsp;Leg\u0103turile lui cu Beijingul s-au consolidat.&nbsp;China devine un mediator \u00een conflict.&nbsp;Americanii trebuie s\u0103 le cear\u0103 petrolului Venezuelei \u0219i Iranului pentru a ie\u0219i din impasul energetic \u00een care s-au b\u0103gat \u2013 iar Statele Unite ale Americii trebuie s\u0103 se \u00eentoarc\u0103 cu jale la sanc\u021biunile impuse inamicilor s\u0103i.<br><br>Mini\u0219trii occidentali care \u00eencearc\u0103 s\u0103 pr\u0103bu\u0219easc\u0103 economia rus\u0103 \u0219i s\u0103 fac\u0103 poporul rus s\u0103 sufere, sau chiar cheam\u0103 la asasinarea lui Putin, arat\u0103 (chiar dac\u0103 \u0219i-au inversat par\u021bial forma cuvintelor, dar nu \u0219i substan\u021ba!) c\u0103 liderii no\u0219tri nu sunt mai bine dec\u00e2t cei pe care \u00eei ur\u00e2m \u2014 sanc\u021bionarea sportivilor ru\u0219i la Jocurile Paraolimpice sau a arti\u0219tilor ru\u0219i nu are nimic de-a face cu lupta cu Putin.<br><br>Ce face conflictul din Ucraina mai blamabil dec\u00e2t r\u0103zboaiele noastre din Irak, Afganistan sau Libia?&nbsp;Ce sanc\u021biuni am adoptat \u00eempotriva celor care au min\u021bit \u00een mod deliberat comunitatea interna\u021bional\u0103 pentru a duce r\u0103zboaie nedrepte, nejustificate \u0219i criminale?&nbsp;Am adoptat o singur\u0103 sanc\u021biune \u00eempotriva \u021b\u0103rilor, companiilor sau politicienilor care furnizeaz\u0103 arme pentru conflictul din Yemen, considerat a fi \u201ecel mai mare dezastru umanitar din lume?\u201d<br><br>A pune \u00eentrebarea \u00eenseamn\u0103 a-i r\u0103spunde&#8230; \u0219i r\u0103spunsul nu este frumos.<\/p>\n\n\n\n<p class=\"wp-block-paragraph\">Articol preluat din <a href=\"https:\/\/aearnur.substack.com\/p\/oliver-stones-recommended-read-on?s=w&amp;fbclid=IwAR1PvAwT1dZGXEzi5Pttah_EFGeUbRbb3fiiDeFPaL_E5vp83xrxv-VR6CI\">https:\/\/aearnur.substack.com<\/a><\/p>\n        <div class=\"booster-block booster-reactions-block\">\n            <div class=\"twp-reactions-icons\">\n                \n                <div class=\"twp-reacts-wrap\">\n                    <a react-data=\"be-react-1\" post-id=\"5004\" class=\"be-face-icons un-reacted\" href=\"javascript:void(0)\">\n                        <img decoding=\"async\" src=\"https:\/\/desteptati-va.ro\/wp-content\/plugins\/booster-extension\/\/assets\/icon\/happy.svg\" alt=\"Happy\">\n                    <\/a>\n                    <div class=\"twp-reaction-title\">\n                        Happy                    <\/div>\n                    <div class=\"twp-count-percent\">\n                                                    <span style=\"display: none;\" class=\"twp-react-count\">0<\/span>\n                        \n                                                <span class=\"twp-react-percent\"><span>0<\/span> %<\/span>\n                                            <\/div>\n                <\/div>\n\n                <div class=\"twp-reacts-wrap\">\n                    <a react-data=\"be-react-2\" post-id=\"5004\" class=\"be-face-icons un-reacted\" href=\"javascript:void(0)\">\n                        <img decoding=\"async\" src=\"https:\/\/desteptati-va.ro\/wp-content\/plugins\/booster-extension\/\/assets\/icon\/sad.svg\" alt=\"Sad\">\n                    <\/a>\n                    <div class=\"twp-reaction-title\">\n                        Sad                    <\/div>\n                    <div class=\"twp-count-percent\">\n                                                    <span style=\"display: none;\" class=\"twp-react-count\">4<\/span>\n                                                                        <span class=\"twp-react-percent\"><span>80<\/span> %<\/span>\n                                            <\/div>\n                <\/div>\n\n                <div class=\"twp-reacts-wrap\">\n                    <a react-data=\"be-react-3\" post-id=\"5004\" class=\"be-face-icons un-reacted\" href=\"javascript:void(0)\">\n                        <img decoding=\"async\" src=\"https:\/\/desteptati-va.ro\/wp-content\/plugins\/booster-extension\/\/assets\/icon\/excited.svg\" alt=\"Excited\">\n                    <\/a>\n                    <div class=\"twp-reaction-title\">\n                        Excited                    <\/div>\n                    <div class=\"twp-count-percent\">\n                                                    <span style=\"display: none;\" class=\"twp-react-count\">0<\/span>\n                                                                        <span class=\"twp-react-percent\"><span>0<\/span> %<\/span>\n                                            <\/div>\n                <\/div>\n\n                <div class=\"twp-reacts-wrap\">\n                    <a react-data=\"be-react-6\" post-id=\"5004\" class=\"be-face-icons un-reacted\" href=\"javascript:void(0)\">\n                        <img decoding=\"async\" src=\"https:\/\/desteptati-va.ro\/wp-content\/plugins\/booster-extension\/\/assets\/icon\/sleepy.svg\" alt=\"Sleepy\">\n                    <\/a>\n                    <div class=\"twp-reaction-title\">\n                        Sleepy                    <\/div>\n                    <div class=\"twp-count-percent\">\n                                                    <span style=\"display: none;\" class=\"twp-react-count\">0<\/span>\n                        \n                                                <span class=\"twp-react-percent\"><span>0<\/span> %<\/span>\n                                            <\/div>\n                <\/div>\n\n                <div class=\"twp-reacts-wrap\">\n                    <a react-data=\"be-react-4\" post-id=\"5004\" class=\"be-face-icons un-reacted\" href=\"javascript:void(0)\">\n                        <img decoding=\"async\" src=\"https:\/\/desteptati-va.ro\/wp-content\/plugins\/booster-extension\/\/assets\/icon\/angry.svg\" alt=\"Angry\">\n                    <\/a>\n                    <div class=\"twp-reaction-title\">Angry<\/div>\n                    <div class=\"twp-count-percent\">\n                                                    <span style=\"display: none;\" class=\"twp-react-count\">0<\/span>\n                                                                        <span class=\"twp-react-percent\"><span>0<\/span> %<\/span>\n                        \n                    <\/div>\n                <\/div>\n\n                <div class=\"twp-reacts-wrap\">\n                    <a react-data=\"be-react-5\" post-id=\"5004\" class=\"be-face-icons un-reacted\" href=\"javascript:void(0)\">\n                        <img decoding=\"async\" src=\"https:\/\/desteptati-va.ro\/wp-content\/plugins\/booster-extension\/\/assets\/icon\/surprise.svg\" alt=\"Surprise\">\n                    <\/a>\n                    <div class=\"twp-reaction-title\">Surprise<\/div>\n                    <div class=\"twp-count-percent\">\n                                                    <span style=\"display: none;\" class=\"twp-react-count\">1<\/span>\n                                                                        <span class=\"twp-react-percent\"><span>20<\/span> %<\/span>\n                                            <\/div>\n                <\/div>\n\n            <\/div>\n        <\/div>\n\n    <\/div>","protected":false},"excerpt":{"rendered":"<p>Despre autor Jacques Baud este un fost colonel al Statului Major General, fost membru al informa\u021biilor strategice elve\u021biene, specialist \u00een<a href=\"https:\/\/desteptati-va.ro\/index.php\/2022\/04\/19\/ucraina-nu-este-o-sfanta\/\">Read More<i class=\"fa fa-long-arrow-right\" aria-hidden=\"true\"><\/i><\/a><\/p>\n","protected":false},"author":1,"featured_media":5005,"comment_status":"open","ping_status":"open","sticky":false,"template":"","format":"standard","meta":{"_crdt_document":"","footnotes":""},"categories":[1758],"tags":[],"class_list":["post-5004","post","type-post","status-publish","format-standard","has-post-thumbnail","hentry","category-articole-despre-ucraina"],"rise-blocks_total_comments":1,"rise-blocks_categories":[{"term_id":1758,"name":"Despre UCRAINA","slug":"articole-despre-ucraina","term_group":0,"term_taxonomy_id":1758,"taxonomy":"category","description":"","parent":1756,"count":7,"filter":"raw"}],"rise-blocks_excerpt":"Despre autor Jacques Baud este un fost colonel al Statului Major General, fost membru al informa\u021biilor strategice elve\u021biene, specialist \u00een \u021b\u0103rile din Est.&nbsp;A fost instruit \u00een serviciile de informa\u021bii americane \u0219i britanice.&nbsp;El a fost \u0219ef de politic\u0103 pentru opera\u021biunile de pace ale Na\u021biunilor Unite.&nbsp;\u00cen calitate de expert ONU \u00een statul de drept \u0219i institu\u021biile de securitate, el a proiectat \u0219i..","yoast_head":"<!-- This site is optimized with the Yoast SEO plugin v26.9 - https:\/\/yoast.com\/product\/yoast-seo-wordpress\/ -->\r\n<title>UCRAINA NU ESTE O SF\u00c2NT\u0102 -<\/title>\r\n<meta name=\"description\" content=\"ucraina, razboi, pace, Putin, Biden, Zelenski\" \/>\r\n<meta name=\"robots\" content=\"index, follow, max-snippet:-1, max-image-preview:large, max-video-preview:-1\" \/>\r\n<link rel=\"canonical\" href=\"https:\/\/desteptati-va.ro\/index.php\/2022\/04\/19\/ucraina-nu-este-o-sfanta\/\" \/>\r\n<meta property=\"og:locale\" content=\"ro_RO\" \/>\r\n<meta property=\"og:type\" content=\"article\" \/>\r\n<meta property=\"og:title\" content=\"UCRAINA NU ESTE O SF\u00c2NT\u0102 -\" \/>\r\n<meta property=\"og:description\" content=\"ucraina, razboi, pace, Putin, Biden, Zelenski\" \/>\r\n<meta property=\"og:url\" content=\"https:\/\/desteptati-va.ro\/index.php\/2022\/04\/19\/ucraina-nu-este-o-sfanta\/\" \/>\r\n<meta property=\"article:published_time\" content=\"2022-04-19T10:10:43+00:00\" \/>\r\n<meta property=\"article:modified_time\" content=\"2022-05-27T06:55:27+00:00\" \/>\r\n<meta property=\"og:image\" content=\"https:\/\/desteptati-va.ro\/wp-content\/uploads\/2022\/04\/imagUcraina.jpeg\" \/>\r\n\t<meta property=\"og:image:width\" content=\"1600\" \/>\r\n\t<meta property=\"og:image:height\" content=\"533\" \/>\r\n\t<meta property=\"og:image:type\" content=\"image\/jpeg\" \/>\r\n<meta name=\"author\" content=\"wolfsoftcompany\" \/>\r\n<meta name=\"twitter:card\" content=\"summary_large_image\" \/>\r\n<meta name=\"twitter:label1\" content=\"Scris de\" \/>\n\t<meta name=\"twitter:data1\" content=\"wolfsoftcompany\" \/>\n\t<meta name=\"twitter:label2\" content=\"Timp estimat pentru citire\" \/>\n\t<meta name=\"twitter:data2\" content=\"30 de minute\" \/>\r\n<script type=\"application\/ld+json\" class=\"yoast-schema-graph\">{\"@context\":\"https:\/\/schema.org\",\"@graph\":[{\"@type\":\"Article\",\"@id\":\"https:\/\/desteptati-va.ro\/index.php\/2022\/04\/19\/ucraina-nu-este-o-sfanta\/#article\",\"isPartOf\":{\"@id\":\"https:\/\/desteptati-va.ro\/index.php\/2022\/04\/19\/ucraina-nu-este-o-sfanta\/\"},\"author\":{\"name\":\"wolfsoftcompany\",\"@id\":\"https:\/\/desteptati-va.ro\/#\/schema\/person\/13182deeebd44920914899f7bb262d6b\"},\"headline\":\"UCRAINA NU ESTE O SF\u00c2NT\u0102\",\"datePublished\":\"2022-04-19T10:10:43+00:00\",\"dateModified\":\"2022-05-27T06:55:27+00:00\",\"mainEntityOfPage\":{\"@id\":\"https:\/\/desteptati-va.ro\/index.php\/2022\/04\/19\/ucraina-nu-este-o-sfanta\/\"},\"wordCount\":6515,\"commentCount\":1,\"image\":{\"@id\":\"https:\/\/desteptati-va.ro\/index.php\/2022\/04\/19\/ucraina-nu-este-o-sfanta\/#primaryimage\"},\"thumbnailUrl\":\"https:\/\/desteptati-va.ro\/wp-content\/uploads\/2022\/04\/imagUcraina.jpeg\",\"articleSection\":[\"Despre UCRAINA\"],\"inLanguage\":\"ro-RO\",\"potentialAction\":[{\"@type\":\"CommentAction\",\"name\":\"Comment\",\"target\":[\"https:\/\/desteptati-va.ro\/index.php\/2022\/04\/19\/ucraina-nu-este-o-sfanta\/#respond\"]}]},{\"@type\":\"WebPage\",\"@id\":\"https:\/\/desteptati-va.ro\/index.php\/2022\/04\/19\/ucraina-nu-este-o-sfanta\/\",\"url\":\"https:\/\/desteptati-va.ro\/index.php\/2022\/04\/19\/ucraina-nu-este-o-sfanta\/\",\"name\":\"UCRAINA NU ESTE O SF\u00c2NT\u0102 -\",\"isPartOf\":{\"@id\":\"https:\/\/desteptati-va.ro\/#website\"},\"primaryImageOfPage\":{\"@id\":\"https:\/\/desteptati-va.ro\/index.php\/2022\/04\/19\/ucraina-nu-este-o-sfanta\/#primaryimage\"},\"image\":{\"@id\":\"https:\/\/desteptati-va.ro\/index.php\/2022\/04\/19\/ucraina-nu-este-o-sfanta\/#primaryimage\"},\"thumbnailUrl\":\"https:\/\/desteptati-va.ro\/wp-content\/uploads\/2022\/04\/imagUcraina.jpeg\",\"datePublished\":\"2022-04-19T10:10:43+00:00\",\"dateModified\":\"2022-05-27T06:55:27+00:00\",\"author\":{\"@id\":\"https:\/\/desteptati-va.ro\/#\/schema\/person\/13182deeebd44920914899f7bb262d6b\"},\"description\":\"ucraina, razboi, pace, Putin, Biden, Zelenski\",\"breadcrumb\":{\"@id\":\"https:\/\/desteptati-va.ro\/index.php\/2022\/04\/19\/ucraina-nu-este-o-sfanta\/#breadcrumb\"},\"inLanguage\":\"ro-RO\",\"potentialAction\":[{\"@type\":\"ReadAction\",\"target\":[\"https:\/\/desteptati-va.ro\/index.php\/2022\/04\/19\/ucraina-nu-este-o-sfanta\/\"]}]},{\"@type\":\"ImageObject\",\"inLanguage\":\"ro-RO\",\"@id\":\"https:\/\/desteptati-va.ro\/index.php\/2022\/04\/19\/ucraina-nu-este-o-sfanta\/#primaryimage\",\"url\":\"https:\/\/desteptati-va.ro\/wp-content\/uploads\/2022\/04\/imagUcraina.jpeg\",\"contentUrl\":\"https:\/\/desteptati-va.ro\/wp-content\/uploads\/2022\/04\/imagUcraina.jpeg\",\"width\":1600,\"height\":533},{\"@type\":\"BreadcrumbList\",\"@id\":\"https:\/\/desteptati-va.ro\/index.php\/2022\/04\/19\/ucraina-nu-este-o-sfanta\/#breadcrumb\",\"itemListElement\":[{\"@type\":\"ListItem\",\"position\":1,\"name\":\"Prima pagin\u0103\",\"item\":\"https:\/\/desteptati-va.ro\/\"},{\"@type\":\"ListItem\",\"position\":2,\"name\":\"UCRAINA NU ESTE O SF\u00c2NT\u0102\"}]},{\"@type\":\"WebSite\",\"@id\":\"https:\/\/desteptati-va.ro\/#website\",\"url\":\"https:\/\/desteptati-va.ro\/\",\"name\":\"\",\"description\":\"\",\"potentialAction\":[{\"@type\":\"SearchAction\",\"target\":{\"@type\":\"EntryPoint\",\"urlTemplate\":\"https:\/\/desteptati-va.ro\/?s={search_term_string}\"},\"query-input\":{\"@type\":\"PropertyValueSpecification\",\"valueRequired\":true,\"valueName\":\"search_term_string\"}}],\"inLanguage\":\"ro-RO\"},{\"@type\":\"Person\",\"@id\":\"https:\/\/desteptati-va.ro\/#\/schema\/person\/13182deeebd44920914899f7bb262d6b\",\"name\":\"wolfsoftcompany\",\"image\":{\"@type\":\"ImageObject\",\"inLanguage\":\"ro-RO\",\"@id\":\"https:\/\/desteptati-va.ro\/#\/schema\/person\/image\/\",\"url\":\"https:\/\/secure.gravatar.com\/avatar\/a6cce9b6d101d27d91690e7073e300fed94c0899890bf998e082cb9d2c3d121e?s=96&d=mm&r=g\",\"contentUrl\":\"https:\/\/secure.gravatar.com\/avatar\/a6cce9b6d101d27d91690e7073e300fed94c0899890bf998e082cb9d2c3d121e?s=96&d=mm&r=g\",\"caption\":\"wolfsoftcompany\"},\"sameAs\":[\"http:\/\/desteptati-va.ro\"],\"url\":\"https:\/\/desteptati-va.ro\/index.php\/author\/wolfsoftcompany\/\"}]}<\/script>\r\n<!-- \/ Yoast SEO plugin. -->","yoast_head_json":{"title":"UCRAINA NU ESTE O SF\u00c2NT\u0102 -","description":"ucraina, razboi, pace, Putin, Biden, Zelenski","robots":{"index":"index","follow":"follow","max-snippet":"max-snippet:-1","max-image-preview":"max-image-preview:large","max-video-preview":"max-video-preview:-1"},"canonical":"https:\/\/desteptati-va.ro\/index.php\/2022\/04\/19\/ucraina-nu-este-o-sfanta\/","og_locale":"ro_RO","og_type":"article","og_title":"UCRAINA NU ESTE O SF\u00c2NT\u0102 -","og_description":"ucraina, razboi, pace, Putin, Biden, Zelenski","og_url":"https:\/\/desteptati-va.ro\/index.php\/2022\/04\/19\/ucraina-nu-este-o-sfanta\/","article_published_time":"2022-04-19T10:10:43+00:00","article_modified_time":"2022-05-27T06:55:27+00:00","og_image":[{"width":1600,"height":533,"url":"https:\/\/desteptati-va.ro\/wp-content\/uploads\/2022\/04\/imagUcraina.jpeg","type":"image\/jpeg"}],"author":"wolfsoftcompany","twitter_card":"summary_large_image","twitter_misc":{"Scris de":"wolfsoftcompany","Timp estimat pentru citire":"30 de minute"},"schema":{"@context":"https:\/\/schema.org","@graph":[{"@type":"Article","@id":"https:\/\/desteptati-va.ro\/index.php\/2022\/04\/19\/ucraina-nu-este-o-sfanta\/#article","isPartOf":{"@id":"https:\/\/desteptati-va.ro\/index.php\/2022\/04\/19\/ucraina-nu-este-o-sfanta\/"},"author":{"name":"wolfsoftcompany","@id":"https:\/\/desteptati-va.ro\/#\/schema\/person\/13182deeebd44920914899f7bb262d6b"},"headline":"UCRAINA NU ESTE O SF\u00c2NT\u0102","datePublished":"2022-04-19T10:10:43+00:00","dateModified":"2022-05-27T06:55:27+00:00","mainEntityOfPage":{"@id":"https:\/\/desteptati-va.ro\/index.php\/2022\/04\/19\/ucraina-nu-este-o-sfanta\/"},"wordCount":6515,"commentCount":1,"image":{"@id":"https:\/\/desteptati-va.ro\/index.php\/2022\/04\/19\/ucraina-nu-este-o-sfanta\/#primaryimage"},"thumbnailUrl":"https:\/\/desteptati-va.ro\/wp-content\/uploads\/2022\/04\/imagUcraina.jpeg","articleSection":["Despre UCRAINA"],"inLanguage":"ro-RO","potentialAction":[{"@type":"CommentAction","name":"Comment","target":["https:\/\/desteptati-va.ro\/index.php\/2022\/04\/19\/ucraina-nu-este-o-sfanta\/#respond"]}]},{"@type":"WebPage","@id":"https:\/\/desteptati-va.ro\/index.php\/2022\/04\/19\/ucraina-nu-este-o-sfanta\/","url":"https:\/\/desteptati-va.ro\/index.php\/2022\/04\/19\/ucraina-nu-este-o-sfanta\/","name":"UCRAINA NU ESTE O SF\u00c2NT\u0102 -","isPartOf":{"@id":"https:\/\/desteptati-va.ro\/#website"},"primaryImageOfPage":{"@id":"https:\/\/desteptati-va.ro\/index.php\/2022\/04\/19\/ucraina-nu-este-o-sfanta\/#primaryimage"},"image":{"@id":"https:\/\/desteptati-va.ro\/index.php\/2022\/04\/19\/ucraina-nu-este-o-sfanta\/#primaryimage"},"thumbnailUrl":"https:\/\/desteptati-va.ro\/wp-content\/uploads\/2022\/04\/imagUcraina.jpeg","datePublished":"2022-04-19T10:10:43+00:00","dateModified":"2022-05-27T06:55:27+00:00","author":{"@id":"https:\/\/desteptati-va.ro\/#\/schema\/person\/13182deeebd44920914899f7bb262d6b"},"description":"ucraina, razboi, pace, Putin, Biden, Zelenski","breadcrumb":{"@id":"https:\/\/desteptati-va.ro\/index.php\/2022\/04\/19\/ucraina-nu-este-o-sfanta\/#breadcrumb"},"inLanguage":"ro-RO","potentialAction":[{"@type":"ReadAction","target":["https:\/\/desteptati-va.ro\/index.php\/2022\/04\/19\/ucraina-nu-este-o-sfanta\/"]}]},{"@type":"ImageObject","inLanguage":"ro-RO","@id":"https:\/\/desteptati-va.ro\/index.php\/2022\/04\/19\/ucraina-nu-este-o-sfanta\/#primaryimage","url":"https:\/\/desteptati-va.ro\/wp-content\/uploads\/2022\/04\/imagUcraina.jpeg","contentUrl":"https:\/\/desteptati-va.ro\/wp-content\/uploads\/2022\/04\/imagUcraina.jpeg","width":1600,"height":533},{"@type":"BreadcrumbList","@id":"https:\/\/desteptati-va.ro\/index.php\/2022\/04\/19\/ucraina-nu-este-o-sfanta\/#breadcrumb","itemListElement":[{"@type":"ListItem","position":1,"name":"Prima pagin\u0103","item":"https:\/\/desteptati-va.ro\/"},{"@type":"ListItem","position":2,"name":"UCRAINA NU ESTE O SF\u00c2NT\u0102"}]},{"@type":"WebSite","@id":"https:\/\/desteptati-va.ro\/#website","url":"https:\/\/desteptati-va.ro\/","name":"","description":"","potentialAction":[{"@type":"SearchAction","target":{"@type":"EntryPoint","urlTemplate":"https:\/\/desteptati-va.ro\/?s={search_term_string}"},"query-input":{"@type":"PropertyValueSpecification","valueRequired":true,"valueName":"search_term_string"}}],"inLanguage":"ro-RO"},{"@type":"Person","@id":"https:\/\/desteptati-va.ro\/#\/schema\/person\/13182deeebd44920914899f7bb262d6b","name":"wolfsoftcompany","image":{"@type":"ImageObject","inLanguage":"ro-RO","@id":"https:\/\/desteptati-va.ro\/#\/schema\/person\/image\/","url":"https:\/\/secure.gravatar.com\/avatar\/a6cce9b6d101d27d91690e7073e300fed94c0899890bf998e082cb9d2c3d121e?s=96&d=mm&r=g","contentUrl":"https:\/\/secure.gravatar.com\/avatar\/a6cce9b6d101d27d91690e7073e300fed94c0899890bf998e082cb9d2c3d121e?s=96&d=mm&r=g","caption":"wolfsoftcompany"},"sameAs":["http:\/\/desteptati-va.ro"],"url":"https:\/\/desteptati-va.ro\/index.php\/author\/wolfsoftcompany\/"}]}},"_links":{"self":[{"href":"https:\/\/desteptati-va.ro\/index.php\/wp-json\/wp\/v2\/posts\/5004","targetHints":{"allow":["GET"]}}],"collection":[{"href":"https:\/\/desteptati-va.ro\/index.php\/wp-json\/wp\/v2\/posts"}],"about":[{"href":"https:\/\/desteptati-va.ro\/index.php\/wp-json\/wp\/v2\/types\/post"}],"author":[{"embeddable":true,"href":"https:\/\/desteptati-va.ro\/index.php\/wp-json\/wp\/v2\/users\/1"}],"replies":[{"embeddable":true,"href":"https:\/\/desteptati-va.ro\/index.php\/wp-json\/wp\/v2\/comments?post=5004"}],"version-history":[{"count":9,"href":"https:\/\/desteptati-va.ro\/index.php\/wp-json\/wp\/v2\/posts\/5004\/revisions"}],"predecessor-version":[{"id":5059,"href":"https:\/\/desteptati-va.ro\/index.php\/wp-json\/wp\/v2\/posts\/5004\/revisions\/5059"}],"wp:featuredmedia":[{"embeddable":true,"href":"https:\/\/desteptati-va.ro\/index.php\/wp-json\/wp\/v2\/media\/5005"}],"wp:attachment":[{"href":"https:\/\/desteptati-va.ro\/index.php\/wp-json\/wp\/v2\/media?parent=5004"}],"wp:term":[{"taxonomy":"category","embeddable":true,"href":"https:\/\/desteptati-va.ro\/index.php\/wp-json\/wp\/v2\/categories?post=5004"},{"taxonomy":"post_tag","embeddable":true,"href":"https:\/\/desteptati-va.ro\/index.php\/wp-json\/wp\/v2\/tags?post=5004"}],"curies":[{"name":"wp","href":"https:\/\/api.w.org\/{rel}","templated":true}]}}