{"id":5014,"date":"2022-04-19T12:44:39","date_gmt":"2022-04-19T10:44:39","guid":{"rendered":"https:\/\/desteptati-va.ro\/?p=5014"},"modified":"2022-04-19T20:47:43","modified_gmt":"2022-04-19T18:47:43","slug":"in-ce-parta-a-istoriei-stati-dar-mai-ales-veti-sta","status":"publish","type":"post","link":"https:\/\/desteptati-va.ro\/index.php\/2022\/04\/19\/in-ce-parta-a-istoriei-stati-dar-mai-ales-veti-sta\/","title":{"rendered":"\u00ceN CE PARTE A ISTORIEI STA\u021aI, DAR MAI ALES VE\u021aI STA?"},"content":{"rendered":"<div class=\"post-content\"><div class='booster-block booster-read-block'>\n                <div class=\"twp-read-time\">\n                \t<i class=\"booster-icon twp-clock\"><\/i> <span>Read Time:<\/span>3 Minute, 58 Second                <\/div>\n\n            <\/div>\n<p class=\"has-black-color has-cyan-bluish-gray-background-color has-text-color has-background has-medium-font-size wp-block-paragraph\"><strong>Schimb\u0103rile importante care au loc acum vor forma forma de via\u021b\u0103 pentru toate genera\u021biile viitoare.<\/strong><\/p>\n\n\n\n<p class=\"has-black-color has-text-color has-medium-font-size wp-block-paragraph\"><strong>Oricare ar fi rezultatul final al luptei titanice care are loc \u00een prezent, cu siguran\u021b\u0103 vom tr\u0103i pe o planet\u0103 radical diferit\u0103 de cea pe care o cunosc genera\u021biile anterioare ale noastre.<\/strong><\/p>\n\n\n\n<p class=\"has-black-color has-text-color has-medium-font-size wp-block-paragraph\"><strong>Elitele Occidentului colectiv sunt destul de clar hot\u0103r\u00e2te s\u0103 insiste ca defini\u021bia lor a conduitei corecte, a conducerii corecte \u0219i a sistemelor corecte de guvernare s\u0103 fie acceptate \u00een \u00eentreaga lume \u0219i sunt dispuse s\u0103 fac\u0103 aproape orice pentru a se asigura c\u0103 viziunea lor pentru lume este realizat\u0103.<\/strong><\/p>\n\n\n\n<p class=\"has-black-color has-text-color has-medium-font-size wp-block-paragraph\"><strong>O lume omogen\u0103 \u00een care hegemonia liberal\u0103 predomin\u0103 la nivel global este viziunea lor, una care refuz\u0103 existen\u021ba oric\u0103rei opozi\u021bii \u00een numele a ceea ce ei \u00eencadreaz\u0103 drept \u201elibertate\u201d, \u201edemocra\u021bie\u201d, \u201evalori liberale occidentale\u201d \u0219i un \u201esistem bazat pe reguli\u201d, conform definitiei desingn-lui lor. <\/strong><\/p>\n\n\n\n<p class=\"has-black-color has-text-color has-medium-font-size wp-block-paragraph\"><strong>Lumea viitoare, dac\u0103 este determinat\u0103 de elitele din Occident, nu va suporta nicio rezisten\u021b\u0103 fa\u021b\u0103 de standardele stabilite de acestea \u0219i va cere ascultare de codurile de conduit\u0103 despre care insist\u0103 c\u0103 sunt singurul standard acceptabil.<\/strong><\/p>\n\n\n\n<p class=\"has-black-color has-text-color has-medium-font-size wp-block-paragraph\"><strong>Toleran\u021ba fa\u021b\u0103 de orice forme de guvernare dec\u00e2t cele stabilite ca standard de acestea se va \u00eencheia.&nbsp;Monitorizarea poten\u021bialelor abateri de la aceste standarde va fi constant\u0103 \u0219i orice \u00eenc\u0103lcare a acestor standarde va fi cu siguran\u021b\u0103 pedepsit\u0103 \u00eentr-o form\u0103 sau alta.<\/strong><\/p>\n\n\n\n<p class=\"has-black-color has-text-color has-medium-font-size wp-block-paragraph\"><strong>Va exista un set de principii, o form\u0103 de justi\u021bie, o nara\u021biune despre evenimentele lumii \u0219i o putere dominant\u0103 de control.<\/strong><\/p>\n\n\n\n<p class=\"has-black-color has-text-color has-medium-font-size wp-block-paragraph\"><strong>\u00cen prezent exist\u0103 multe forme de guvernare care, dac\u0103 puterile occidentale \u00ee\u0219i vor atinge obiectivele, vor disp\u0103rea pentru totdeauna pentru a nu fi niciodat\u0103 \u00eenlocuite.&nbsp;Hot\u0103r\u00e2rea este \u00een mod clar de a \u00eenlocui toate acestea deviatii, elimin\u00e2ndu-le \u0219i \u00eenlocuind-le cu  sisteme care ader\u0103 la standardele, valorile, principiile \u0219i sistemele Occidentului colectiv.<\/strong><\/p>\n\n\n\n<p class=\"has-black-color has-text-color has-medium-font-size wp-block-paragraph\"><strong>Aceast\u0103 lume standardizat\u0103 va lua inevitabil contur dac\u0103 la \u00eencheierea luptei care se desf\u0103\u0219oar\u0103 acum, puterile occidentale \u00ee\u0219i realizeaz\u0103 obiectivele.<\/strong><\/p>\n\n\n\n<p class=\"has-black-color has-text-color has-medium-font-size wp-block-paragraph\"><strong>Totu\u0219i, dac\u0103 cele pe care puterile occidentale \u00eencearc\u0103 s\u0103 le elimine \u0219i s\u0103 le \u00eenlocuiasc\u0103 vor prevala, vor continua s\u0103 existe o varietate divers\u0103 de sisteme de guvernare, seturi de principii privind modul \u00een care este cel mai bine tr\u0103it\u0103 via\u021ba, standarde etice \u0219i morale \u0219i amestecul de restric\u021bii \u0219i libert\u0103\u021bi v\u0103zut acum.&nbsp;Nu va avea loc nicio omogenizare \u0219i proiectul occidental de transformare a lumii se va \u00eencheia printr-un esec total.<\/strong><\/p>\n\n\n\n<p class=\"has-black-color has-text-color has-medium-font-size wp-block-paragraph\"><strong>Odat\u0103 cu r\u0103zboiul purtat de Occident \u00eempotriva celor care nu sunt dispu\u0219i s\u0103 accepte o lume colectiv\u0103 ordonat\u0103 \u00een Occident, o lumea unipolar\u0103 cu  elite occidentale esuate, incapabile s\u0103-\u0219i apese cererile, ce lume va rezulta atunci?<\/strong><\/p>\n\n\n\n<p class=\"has-black-color has-text-color has-medium-font-size wp-block-paragraph\"><strong>China \u0219i Rusia, fiind cei doi adversari principali ai sistemului unipolar de domina\u021bie mondial\u0103, sunt \u00een mod clar neinteresate de tipul de uniformitate c\u0103utat de SUA, Marea Britanie \u0219i alia\u021bii lor.&nbsp;Comer\u021bul \u00een vederea promov\u0103rii unor condi\u021bii mai bune de via\u021b\u0103 pentru popula\u021biile lor sunt obiectivele lor principale clare.&nbsp;Toleran\u021ba fa\u021b\u0103 de diversitate \u0219i absen\u021ba oric\u0103rei inten\u021bii de a elimina sau schimba radical sistemele de guvernare, principiile de via\u021b\u0103, valorile etice sau morale par a fi fundamentul acelei noi lumi \u00een perspectiv\u0103.<\/strong><\/p>\n\n\n\n<p class=\"has-black-color has-text-color has-medium-font-size wp-block-paragraph\"><strong>Pe l\u00e2ng\u0103 toleran\u021ba fa\u021b\u0103 de toate sistemele diverse ale acelei lumi \u0219i \u00een paralel cu aceasta, ar fi a\u0219teptarea ca propriile tradi\u021bii, valori \u0219i sisteme s\u0103 fie respectate, deoarece le tolereaz\u0103 pe cele ale altora.&nbsp;Securitatea \u0219i suveranitatea, cu acordul la cel mai \u00eenalt nivel, ar asigura rela\u021biile permise pentru ca rela\u021biile comerciale s\u0103 continue nestingherite.<\/strong><\/p>\n\n\n\n<figure class=\"wp-block-image\"><img decoding=\"async\" src=\"https:\/\/cdn.substack.com\/image\/fetch\/w_1456,c_limit,f_auto,q_auto:good,fl_progressive:steep\/https%3A%2F%2Fbucketeer-e05bbc84-baa3-437e-9518-adb32be77984.s3.amazonaws.com%2Fpublic%2Fimages%2F6ca2c90d-87cd-4538-92c0-6116b05bc158_828x511.jpeg\" alt=\"\"\/><\/figure>\n\n\n\n<p class=\"wp-block-paragraph\"><a target=\"_blank\" rel=\"noreferrer noopener\" href=\"https:\/\/cdn.substack.com\/image\/fetch\/f_auto,q_auto:good,fl_progressive:steep\/https%3A%2F%2Fbucketeer-e05bbc84-baa3-437e-9518-adb32be77984.s3.amazonaws.com%2Fpublic%2Fimages%2F6ca2c90d-87cd-4538-92c0-6116b05bc158_828x511.jpeg\"><\/a><\/p>\n\n\n\n<p class=\"has-black-color has-text-color has-medium-font-size wp-block-paragraph\"><strong>Acestea sunt cele dou\u0103 lumi posibile care ne a\u0219teapt\u0103.&nbsp;Una este o lume strict monitorizat\u0103 de puterile occidentale care insist\u0103 acum c\u0103 toate na\u021biunile TREBUIE s\u0103 adere la principiile de comportament \u0219i guvernare de care au nevoie ca standard.&nbsp;Cealalt\u0103 este o lume nu foarte diferit\u0103 de cea pe care o cunoa\u0219tem p\u00e2n\u0103 \u00een prezent, \u00een care exist\u0103 o mare diversitate \u00eentr-un cadru de comer\u021b \u0219i coexisten\u021b\u0103.<\/strong><\/p>\n\n\n\n<p class=\"has-black-color has-text-color has-medium-font-size wp-block-paragraph\"><strong>\u00cen prezent, unitatea general\u0103 c\u0103utat\u0103 de institu\u021bia Na\u021biunilor Unite este \u00eenlocuit\u0103 de puterile occidentale inten\u021bionate cu propriilor obiective, pe care le concep ca fiind mai urgente dec\u00e2t men\u021binerea p\u0103cii.&nbsp;Dac\u0103 vor predomina, de o asemenea institutie nu va mai fi nevoie, voin\u021ba Occidentului va stabilii propiile  sistemele de control \u0219i pedeaps\u0103 si vor asigura c\u0103 acest lucru sa se intample pentru orice abatere de la standardele sale.<\/strong><\/p>\n\n\n\n<p class=\"has-black-color has-text-color has-medium-font-size wp-block-paragraph\"><strong>\u00cen lumea alternativ\u0103, dac\u0103 China \u0219i Rusia prevaleaz\u0103, Na\u021biunile Unite vor atinge un v\u00e2rf de influen\u021b\u0103 visat doar \u00een trecut.<\/strong><\/p>\n\n\n\n<p class=\"has-black-color has-text-color has-medium-font-size wp-block-paragraph\"><strong>Lumea a\u0219a cum am cunoscut-o se termin\u0103.&nbsp;Lumea viitoare nu va mai fi a\u0219a cum a fost p\u00e2n\u0103 acum.<\/strong><\/p>\n\n\n\n<p class=\"has-black-color has-text-color has-medium-font-size wp-block-paragraph\"><strong>Fiecare dintre noi acum va fi afectat de schimb\u0103rile importante care au loc \u00een prezent \u0219i fiecare dintre noi trebuie s\u0103 decid\u0103 de ce parte a istoriei ne afl\u0103m.<\/strong><\/p>\n\n\n\n<figure class=\"wp-block-image\"><img decoding=\"async\" src=\"https:\/\/cdn.substack.com\/image\/fetch\/w_1456,c_limit,f_auto,q_auto:good,fl_progressive:steep\/https%3A%2F%2Fbucketeer-e05bbc84-baa3-437e-9518-adb32be77984.s3.amazonaws.com%2Fpublic%2Fimages%2F568b7fd2-e2a7-44a9-953d-3e0e30a18ed4_850x484.jpeg\" alt=\"\"\/><\/figure>\n\n\n\n<p class=\"has-medium-font-size wp-block-paragraph\"><strong>Articol preluat : https:\/\/aearnur.substack.com\/p\/the-world-as-we-have-known-it-is?s=r<\/strong><a href=\"https:\/\/cdn.substack.com\/image\/fetch\/f_auto,q_auto:good,fl_progressive:steep\/https%3A%2F%2Fbucketeer-e05bbc84-baa3-437e-9518-adb32be77984.s3.amazonaws.com%2Fpublic%2Fimages%2F568b7fd2-e2a7-44a9-953d-3e0e30a18ed4_850x484.jpeg\" target=\"_blank\" rel=\"noreferrer noopener\"><\/a><\/p>\n\n\n\n<h4 class=\"wp-block-heading\" id=\"cookie-banner-title\"><\/h4>\n        <div class=\"booster-block booster-reactions-block\">\n            <div class=\"twp-reactions-icons\">\n                \n                <div class=\"twp-reacts-wrap\">\n                    <a react-data=\"be-react-1\" post-id=\"5014\" class=\"be-face-icons un-reacted\" href=\"javascript:void(0)\">\n                        <img decoding=\"async\" src=\"https:\/\/desteptati-va.ro\/wp-content\/plugins\/booster-extension\/\/assets\/icon\/happy.svg\" alt=\"Happy\">\n                    <\/a>\n                    <div class=\"twp-reaction-title\">\n                        Happy                    <\/div>\n                    <div class=\"twp-count-percent\">\n                                                    <span style=\"display: none;\" class=\"twp-react-count\">0<\/span>\n                        \n                                                <span class=\"twp-react-percent\"><span>0<\/span> %<\/span>\n                                            <\/div>\n                <\/div>\n\n                <div class=\"twp-reacts-wrap\">\n                    <a react-data=\"be-react-2\" post-id=\"5014\" class=\"be-face-icons un-reacted\" href=\"javascript:void(0)\">\n                        <img decoding=\"async\" src=\"https:\/\/desteptati-va.ro\/wp-content\/plugins\/booster-extension\/\/assets\/icon\/sad.svg\" alt=\"Sad\">\n                    <\/a>\n                    <div class=\"twp-reaction-title\">\n                        Sad                    <\/div>\n                    <div class=\"twp-count-percent\">\n                                                    <span style=\"display: none;\" class=\"twp-react-count\">0<\/span>\n                                                                        <span class=\"twp-react-percent\"><span>0<\/span> %<\/span>\n                                            <\/div>\n                <\/div>\n\n                <div class=\"twp-reacts-wrap\">\n                    <a react-data=\"be-react-3\" post-id=\"5014\" class=\"be-face-icons un-reacted\" href=\"javascript:void(0)\">\n                        <img decoding=\"async\" src=\"https:\/\/desteptati-va.ro\/wp-content\/plugins\/booster-extension\/\/assets\/icon\/excited.svg\" alt=\"Excited\">\n                    <\/a>\n                    <div class=\"twp-reaction-title\">\n                        Excited                    <\/div>\n                    <div class=\"twp-count-percent\">\n                                                    <span style=\"display: none;\" class=\"twp-react-count\">0<\/span>\n                                                                        <span class=\"twp-react-percent\"><span>0<\/span> %<\/span>\n                                            <\/div>\n                <\/div>\n\n                <div class=\"twp-reacts-wrap\">\n                    <a react-data=\"be-react-6\" post-id=\"5014\" class=\"be-face-icons un-reacted\" href=\"javascript:void(0)\">\n                        <img decoding=\"async\" src=\"https:\/\/desteptati-va.ro\/wp-content\/plugins\/booster-extension\/\/assets\/icon\/sleepy.svg\" alt=\"Sleepy\">\n                    <\/a>\n                    <div class=\"twp-reaction-title\">\n                        Sleepy                    <\/div>\n                    <div class=\"twp-count-percent\">\n                                                    <span style=\"display: none;\" class=\"twp-react-count\">0<\/span>\n                        \n                                                <span class=\"twp-react-percent\"><span>0<\/span> %<\/span>\n                                            <\/div>\n                <\/div>\n\n                <div class=\"twp-reacts-wrap\">\n                    <a react-data=\"be-react-4\" post-id=\"5014\" class=\"be-face-icons un-reacted\" href=\"javascript:void(0)\">\n                        <img decoding=\"async\" src=\"https:\/\/desteptati-va.ro\/wp-content\/plugins\/booster-extension\/\/assets\/icon\/angry.svg\" alt=\"Angry\">\n                    <\/a>\n                    <div class=\"twp-reaction-title\">Angry<\/div>\n                    <div class=\"twp-count-percent\">\n                                                    <span style=\"display: none;\" class=\"twp-react-count\">0<\/span>\n                                                                        <span class=\"twp-react-percent\"><span>0<\/span> %<\/span>\n                        \n                    <\/div>\n                <\/div>\n\n                <div class=\"twp-reacts-wrap\">\n                    <a react-data=\"be-react-5\" post-id=\"5014\" class=\"be-face-icons un-reacted\" href=\"javascript:void(0)\">\n                        <img decoding=\"async\" src=\"https:\/\/desteptati-va.ro\/wp-content\/plugins\/booster-extension\/\/assets\/icon\/surprise.svg\" alt=\"Surprise\">\n                    <\/a>\n                    <div class=\"twp-reaction-title\">Surprise<\/div>\n                    <div class=\"twp-count-percent\">\n                                                    <span style=\"display: none;\" class=\"twp-react-count\">0<\/span>\n                                                                        <span class=\"twp-react-percent\"><span>0<\/span> %<\/span>\n                                            <\/div>\n                <\/div>\n\n            <\/div>\n        <\/div>\n\n    <\/div>","protected":false},"excerpt":{"rendered":"<p>Schimb\u0103rile importante care au loc acum vor forma forma de via\u021b\u0103 pentru toate genera\u021biile viitoare. Oricare ar fi rezultatul final<a href=\"https:\/\/desteptati-va.ro\/index.php\/2022\/04\/19\/in-ce-parta-a-istoriei-stati-dar-mai-ales-veti-sta\/\">Read More<i class=\"fa fa-long-arrow-right\" aria-hidden=\"true\"><\/i><\/a><\/p>\n","protected":false},"author":1,"featured_media":5021,"comment_status":"open","ping_status":"open","sticky":false,"template":"","format":"standard","meta":{"_crdt_document":"","footnotes":""},"categories":[1761],"tags":[],"class_list":["post-5014","post","type-post","status-publish","format-standard","has-post-thumbnail","hentry","category-politici-internationale"],"rise-blocks_total_comments":1,"rise-blocks_categories":[{"term_id":1761,"name":"Politici internationale","slug":"politici-internationale","term_group":0,"term_taxonomy_id":1761,"taxonomy":"category","description":"","parent":1756,"count":9,"filter":"raw"}],"rise-blocks_excerpt":"Schimb\u0103rile importante care au loc acum vor forma forma de via\u021b\u0103 pentru toate genera\u021biile viitoare. Oricare ar fi rezultatul final al luptei titanice care are loc \u00een prezent, cu siguran\u021b\u0103 vom tr\u0103i pe o planet\u0103 radical diferit\u0103 de cea pe care o cunosc genera\u021biile anterioare ale noastre. Elitele Occidentului colectiv sunt destul de clar hot\u0103r\u00e2te s\u0103 insiste ca defini\u021bia lor..","yoast_head":"<!-- This site is optimized with the Yoast SEO plugin v26.9 - https:\/\/yoast.com\/product\/yoast-seo-wordpress\/ -->\r\n<title>\u00ceN CE PARTE A ISTORIEI STA\u021aI, DAR MAI ALES VE\u021aI STA? -<\/title>\r\n<meta name=\"description\" content=\"-\" \/>\r\n<meta name=\"robots\" content=\"index, follow, max-snippet:-1, max-image-preview:large, max-video-preview:-1\" \/>\r\n<link rel=\"canonical\" href=\"https:\/\/desteptati-va.ro\/index.php\/2022\/04\/19\/in-ce-parta-a-istoriei-stati-dar-mai-ales-veti-sta\/\" \/>\r\n<meta property=\"og:locale\" content=\"ro_RO\" \/>\r\n<meta property=\"og:type\" content=\"article\" \/>\r\n<meta property=\"og:title\" content=\"\u00ceN CE PARTE A ISTORIEI STA\u021aI, DAR MAI ALES VE\u021aI STA? -\" \/>\r\n<meta property=\"og:description\" content=\"-\" \/>\r\n<meta property=\"og:url\" content=\"https:\/\/desteptati-va.ro\/index.php\/2022\/04\/19\/in-ce-parta-a-istoriei-stati-dar-mai-ales-veti-sta\/\" \/>\r\n<meta property=\"article:published_time\" content=\"2022-04-19T10:44:39+00:00\" \/>\r\n<meta property=\"article:modified_time\" content=\"2022-04-19T18:47:43+00:00\" \/>\r\n<meta property=\"og:image\" content=\"https:\/\/desteptati-va.ro\/wp-content\/uploads\/2022\/04\/Rau-Bine.jpeg\" \/>\r\n\t<meta property=\"og:image:width\" content=\"1280\" \/>\r\n\t<meta property=\"og:image:height\" content=\"807\" \/>\r\n\t<meta property=\"og:image:type\" content=\"image\/jpeg\" \/>\r\n<meta name=\"author\" content=\"wolfsoftcompany\" \/>\r\n<meta name=\"twitter:card\" content=\"summary_large_image\" \/>\r\n<meta name=\"twitter:label1\" content=\"Scris de\" \/>\n\t<meta name=\"twitter:data1\" content=\"wolfsoftcompany\" \/>\n\t<meta name=\"twitter:label2\" content=\"Timp estimat pentru citire\" \/>\n\t<meta name=\"twitter:data2\" content=\"5 minute\" \/>\r\n<script type=\"application\/ld+json\" class=\"yoast-schema-graph\">{\"@context\":\"https:\/\/schema.org\",\"@graph\":[{\"@type\":\"Article\",\"@id\":\"https:\/\/desteptati-va.ro\/index.php\/2022\/04\/19\/in-ce-parta-a-istoriei-stati-dar-mai-ales-veti-sta\/#article\",\"isPartOf\":{\"@id\":\"https:\/\/desteptati-va.ro\/index.php\/2022\/04\/19\/in-ce-parta-a-istoriei-stati-dar-mai-ales-veti-sta\/\"},\"author\":{\"name\":\"wolfsoftcompany\",\"@id\":\"https:\/\/desteptati-va.ro\/#\/schema\/person\/13182deeebd44920914899f7bb262d6b\"},\"headline\":\"\u00ceN CE PARTE A ISTORIEI STA\u021aI, DAR MAI ALES VE\u021aI STA?\",\"datePublished\":\"2022-04-19T10:44:39+00:00\",\"dateModified\":\"2022-04-19T18:47:43+00:00\",\"mainEntityOfPage\":{\"@id\":\"https:\/\/desteptati-va.ro\/index.php\/2022\/04\/19\/in-ce-parta-a-istoriei-stati-dar-mai-ales-veti-sta\/\"},\"wordCount\":858,\"commentCount\":0,\"image\":{\"@id\":\"https:\/\/desteptati-va.ro\/index.php\/2022\/04\/19\/in-ce-parta-a-istoriei-stati-dar-mai-ales-veti-sta\/#primaryimage\"},\"thumbnailUrl\":\"https:\/\/desteptati-va.ro\/wp-content\/uploads\/2022\/04\/Rau-Bine.jpeg\",\"articleSection\":[\"Politici internationale\"],\"inLanguage\":\"ro-RO\",\"potentialAction\":[{\"@type\":\"CommentAction\",\"name\":\"Comment\",\"target\":[\"https:\/\/desteptati-va.ro\/index.php\/2022\/04\/19\/in-ce-parta-a-istoriei-stati-dar-mai-ales-veti-sta\/#respond\"]}]},{\"@type\":\"WebPage\",\"@id\":\"https:\/\/desteptati-va.ro\/index.php\/2022\/04\/19\/in-ce-parta-a-istoriei-stati-dar-mai-ales-veti-sta\/\",\"url\":\"https:\/\/desteptati-va.ro\/index.php\/2022\/04\/19\/in-ce-parta-a-istoriei-stati-dar-mai-ales-veti-sta\/\",\"name\":\"\u00ceN CE PARTE A ISTORIEI STA\u021aI, DAR MAI ALES VE\u021aI STA? -\",\"isPartOf\":{\"@id\":\"https:\/\/desteptati-va.ro\/#website\"},\"primaryImageOfPage\":{\"@id\":\"https:\/\/desteptati-va.ro\/index.php\/2022\/04\/19\/in-ce-parta-a-istoriei-stati-dar-mai-ales-veti-sta\/#primaryimage\"},\"image\":{\"@id\":\"https:\/\/desteptati-va.ro\/index.php\/2022\/04\/19\/in-ce-parta-a-istoriei-stati-dar-mai-ales-veti-sta\/#primaryimage\"},\"thumbnailUrl\":\"https:\/\/desteptati-va.ro\/wp-content\/uploads\/2022\/04\/Rau-Bine.jpeg\",\"datePublished\":\"2022-04-19T10:44:39+00:00\",\"dateModified\":\"2022-04-19T18:47:43+00:00\",\"author\":{\"@id\":\"https:\/\/desteptati-va.ro\/#\/schema\/person\/13182deeebd44920914899f7bb262d6b\"},\"description\":\"-\",\"breadcrumb\":{\"@id\":\"https:\/\/desteptati-va.ro\/index.php\/2022\/04\/19\/in-ce-parta-a-istoriei-stati-dar-mai-ales-veti-sta\/#breadcrumb\"},\"inLanguage\":\"ro-RO\",\"potentialAction\":[{\"@type\":\"ReadAction\",\"target\":[\"https:\/\/desteptati-va.ro\/index.php\/2022\/04\/19\/in-ce-parta-a-istoriei-stati-dar-mai-ales-veti-sta\/\"]}]},{\"@type\":\"ImageObject\",\"inLanguage\":\"ro-RO\",\"@id\":\"https:\/\/desteptati-va.ro\/index.php\/2022\/04\/19\/in-ce-parta-a-istoriei-stati-dar-mai-ales-veti-sta\/#primaryimage\",\"url\":\"https:\/\/desteptati-va.ro\/wp-content\/uploads\/2022\/04\/Rau-Bine.jpeg\",\"contentUrl\":\"https:\/\/desteptati-va.ro\/wp-content\/uploads\/2022\/04\/Rau-Bine.jpeg\",\"width\":1280,\"height\":807},{\"@type\":\"BreadcrumbList\",\"@id\":\"https:\/\/desteptati-va.ro\/index.php\/2022\/04\/19\/in-ce-parta-a-istoriei-stati-dar-mai-ales-veti-sta\/#breadcrumb\",\"itemListElement\":[{\"@type\":\"ListItem\",\"position\":1,\"name\":\"Prima pagin\u0103\",\"item\":\"https:\/\/desteptati-va.ro\/\"},{\"@type\":\"ListItem\",\"position\":2,\"name\":\"\u00ceN CE PARTE A ISTORIEI STA\u021aI, DAR MAI ALES VE\u021aI STA?\"}]},{\"@type\":\"WebSite\",\"@id\":\"https:\/\/desteptati-va.ro\/#website\",\"url\":\"https:\/\/desteptati-va.ro\/\",\"name\":\"\",\"description\":\"\",\"potentialAction\":[{\"@type\":\"SearchAction\",\"target\":{\"@type\":\"EntryPoint\",\"urlTemplate\":\"https:\/\/desteptati-va.ro\/?s={search_term_string}\"},\"query-input\":{\"@type\":\"PropertyValueSpecification\",\"valueRequired\":true,\"valueName\":\"search_term_string\"}}],\"inLanguage\":\"ro-RO\"},{\"@type\":\"Person\",\"@id\":\"https:\/\/desteptati-va.ro\/#\/schema\/person\/13182deeebd44920914899f7bb262d6b\",\"name\":\"wolfsoftcompany\",\"image\":{\"@type\":\"ImageObject\",\"inLanguage\":\"ro-RO\",\"@id\":\"https:\/\/desteptati-va.ro\/#\/schema\/person\/image\/\",\"url\":\"https:\/\/secure.gravatar.com\/avatar\/a6cce9b6d101d27d91690e7073e300fed94c0899890bf998e082cb9d2c3d121e?s=96&d=mm&r=g\",\"contentUrl\":\"https:\/\/secure.gravatar.com\/avatar\/a6cce9b6d101d27d91690e7073e300fed94c0899890bf998e082cb9d2c3d121e?s=96&d=mm&r=g\",\"caption\":\"wolfsoftcompany\"},\"sameAs\":[\"http:\/\/desteptati-va.ro\"],\"url\":\"https:\/\/desteptati-va.ro\/index.php\/author\/wolfsoftcompany\/\"}]}<\/script>\r\n<!-- \/ Yoast SEO plugin. -->","yoast_head_json":{"title":"\u00ceN CE PARTE A ISTORIEI STA\u021aI, DAR MAI ALES VE\u021aI STA? -","description":"-","robots":{"index":"index","follow":"follow","max-snippet":"max-snippet:-1","max-image-preview":"max-image-preview:large","max-video-preview":"max-video-preview:-1"},"canonical":"https:\/\/desteptati-va.ro\/index.php\/2022\/04\/19\/in-ce-parta-a-istoriei-stati-dar-mai-ales-veti-sta\/","og_locale":"ro_RO","og_type":"article","og_title":"\u00ceN CE PARTE A ISTORIEI STA\u021aI, DAR MAI ALES VE\u021aI STA? -","og_description":"-","og_url":"https:\/\/desteptati-va.ro\/index.php\/2022\/04\/19\/in-ce-parta-a-istoriei-stati-dar-mai-ales-veti-sta\/","article_published_time":"2022-04-19T10:44:39+00:00","article_modified_time":"2022-04-19T18:47:43+00:00","og_image":[{"width":1280,"height":807,"url":"https:\/\/desteptati-va.ro\/wp-content\/uploads\/2022\/04\/Rau-Bine.jpeg","type":"image\/jpeg"}],"author":"wolfsoftcompany","twitter_card":"summary_large_image","twitter_misc":{"Scris de":"wolfsoftcompany","Timp estimat pentru citire":"5 minute"},"schema":{"@context":"https:\/\/schema.org","@graph":[{"@type":"Article","@id":"https:\/\/desteptati-va.ro\/index.php\/2022\/04\/19\/in-ce-parta-a-istoriei-stati-dar-mai-ales-veti-sta\/#article","isPartOf":{"@id":"https:\/\/desteptati-va.ro\/index.php\/2022\/04\/19\/in-ce-parta-a-istoriei-stati-dar-mai-ales-veti-sta\/"},"author":{"name":"wolfsoftcompany","@id":"https:\/\/desteptati-va.ro\/#\/schema\/person\/13182deeebd44920914899f7bb262d6b"},"headline":"\u00ceN CE PARTE A ISTORIEI STA\u021aI, DAR MAI ALES VE\u021aI STA?","datePublished":"2022-04-19T10:44:39+00:00","dateModified":"2022-04-19T18:47:43+00:00","mainEntityOfPage":{"@id":"https:\/\/desteptati-va.ro\/index.php\/2022\/04\/19\/in-ce-parta-a-istoriei-stati-dar-mai-ales-veti-sta\/"},"wordCount":858,"commentCount":0,"image":{"@id":"https:\/\/desteptati-va.ro\/index.php\/2022\/04\/19\/in-ce-parta-a-istoriei-stati-dar-mai-ales-veti-sta\/#primaryimage"},"thumbnailUrl":"https:\/\/desteptati-va.ro\/wp-content\/uploads\/2022\/04\/Rau-Bine.jpeg","articleSection":["Politici internationale"],"inLanguage":"ro-RO","potentialAction":[{"@type":"CommentAction","name":"Comment","target":["https:\/\/desteptati-va.ro\/index.php\/2022\/04\/19\/in-ce-parta-a-istoriei-stati-dar-mai-ales-veti-sta\/#respond"]}]},{"@type":"WebPage","@id":"https:\/\/desteptati-va.ro\/index.php\/2022\/04\/19\/in-ce-parta-a-istoriei-stati-dar-mai-ales-veti-sta\/","url":"https:\/\/desteptati-va.ro\/index.php\/2022\/04\/19\/in-ce-parta-a-istoriei-stati-dar-mai-ales-veti-sta\/","name":"\u00ceN CE PARTE A ISTORIEI STA\u021aI, DAR MAI ALES VE\u021aI STA? -","isPartOf":{"@id":"https:\/\/desteptati-va.ro\/#website"},"primaryImageOfPage":{"@id":"https:\/\/desteptati-va.ro\/index.php\/2022\/04\/19\/in-ce-parta-a-istoriei-stati-dar-mai-ales-veti-sta\/#primaryimage"},"image":{"@id":"https:\/\/desteptati-va.ro\/index.php\/2022\/04\/19\/in-ce-parta-a-istoriei-stati-dar-mai-ales-veti-sta\/#primaryimage"},"thumbnailUrl":"https:\/\/desteptati-va.ro\/wp-content\/uploads\/2022\/04\/Rau-Bine.jpeg","datePublished":"2022-04-19T10:44:39+00:00","dateModified":"2022-04-19T18:47:43+00:00","author":{"@id":"https:\/\/desteptati-va.ro\/#\/schema\/person\/13182deeebd44920914899f7bb262d6b"},"description":"-","breadcrumb":{"@id":"https:\/\/desteptati-va.ro\/index.php\/2022\/04\/19\/in-ce-parta-a-istoriei-stati-dar-mai-ales-veti-sta\/#breadcrumb"},"inLanguage":"ro-RO","potentialAction":[{"@type":"ReadAction","target":["https:\/\/desteptati-va.ro\/index.php\/2022\/04\/19\/in-ce-parta-a-istoriei-stati-dar-mai-ales-veti-sta\/"]}]},{"@type":"ImageObject","inLanguage":"ro-RO","@id":"https:\/\/desteptati-va.ro\/index.php\/2022\/04\/19\/in-ce-parta-a-istoriei-stati-dar-mai-ales-veti-sta\/#primaryimage","url":"https:\/\/desteptati-va.ro\/wp-content\/uploads\/2022\/04\/Rau-Bine.jpeg","contentUrl":"https:\/\/desteptati-va.ro\/wp-content\/uploads\/2022\/04\/Rau-Bine.jpeg","width":1280,"height":807},{"@type":"BreadcrumbList","@id":"https:\/\/desteptati-va.ro\/index.php\/2022\/04\/19\/in-ce-parta-a-istoriei-stati-dar-mai-ales-veti-sta\/#breadcrumb","itemListElement":[{"@type":"ListItem","position":1,"name":"Prima pagin\u0103","item":"https:\/\/desteptati-va.ro\/"},{"@type":"ListItem","position":2,"name":"\u00ceN CE PARTE A ISTORIEI STA\u021aI, DAR MAI ALES VE\u021aI STA?"}]},{"@type":"WebSite","@id":"https:\/\/desteptati-va.ro\/#website","url":"https:\/\/desteptati-va.ro\/","name":"","description":"","potentialAction":[{"@type":"SearchAction","target":{"@type":"EntryPoint","urlTemplate":"https:\/\/desteptati-va.ro\/?s={search_term_string}"},"query-input":{"@type":"PropertyValueSpecification","valueRequired":true,"valueName":"search_term_string"}}],"inLanguage":"ro-RO"},{"@type":"Person","@id":"https:\/\/desteptati-va.ro\/#\/schema\/person\/13182deeebd44920914899f7bb262d6b","name":"wolfsoftcompany","image":{"@type":"ImageObject","inLanguage":"ro-RO","@id":"https:\/\/desteptati-va.ro\/#\/schema\/person\/image\/","url":"https:\/\/secure.gravatar.com\/avatar\/a6cce9b6d101d27d91690e7073e300fed94c0899890bf998e082cb9d2c3d121e?s=96&d=mm&r=g","contentUrl":"https:\/\/secure.gravatar.com\/avatar\/a6cce9b6d101d27d91690e7073e300fed94c0899890bf998e082cb9d2c3d121e?s=96&d=mm&r=g","caption":"wolfsoftcompany"},"sameAs":["http:\/\/desteptati-va.ro"],"url":"https:\/\/desteptati-va.ro\/index.php\/author\/wolfsoftcompany\/"}]}},"_links":{"self":[{"href":"https:\/\/desteptati-va.ro\/index.php\/wp-json\/wp\/v2\/posts\/5014","targetHints":{"allow":["GET"]}}],"collection":[{"href":"https:\/\/desteptati-va.ro\/index.php\/wp-json\/wp\/v2\/posts"}],"about":[{"href":"https:\/\/desteptati-va.ro\/index.php\/wp-json\/wp\/v2\/types\/post"}],"author":[{"embeddable":true,"href":"https:\/\/desteptati-va.ro\/index.php\/wp-json\/wp\/v2\/users\/1"}],"replies":[{"embeddable":true,"href":"https:\/\/desteptati-va.ro\/index.php\/wp-json\/wp\/v2\/comments?post=5014"}],"version-history":[{"count":6,"href":"https:\/\/desteptati-va.ro\/index.php\/wp-json\/wp\/v2\/posts\/5014\/revisions"}],"predecessor-version":[{"id":5036,"href":"https:\/\/desteptati-va.ro\/index.php\/wp-json\/wp\/v2\/posts\/5014\/revisions\/5036"}],"wp:featuredmedia":[{"embeddable":true,"href":"https:\/\/desteptati-va.ro\/index.php\/wp-json\/wp\/v2\/media\/5021"}],"wp:attachment":[{"href":"https:\/\/desteptati-va.ro\/index.php\/wp-json\/wp\/v2\/media?parent=5014"}],"wp:term":[{"taxonomy":"category","embeddable":true,"href":"https:\/\/desteptati-va.ro\/index.php\/wp-json\/wp\/v2\/categories?post=5014"},{"taxonomy":"post_tag","embeddable":true,"href":"https:\/\/desteptati-va.ro\/index.php\/wp-json\/wp\/v2\/tags?post=5014"}],"curies":[{"name":"wp","href":"https:\/\/api.w.org\/{rel}","templated":true}]}}