{"id":5061,"date":"2022-07-12T13:09:39","date_gmt":"2022-07-12T11:09:39","guid":{"rendered":"https:\/\/desteptati-va.ro\/?p=5061"},"modified":"2022-07-12T20:19:29","modified_gmt":"2022-07-12T18:19:29","slug":"am-gresit-am-gresit-am-gresit","status":"publish","type":"post","link":"https:\/\/desteptati-va.ro\/index.php\/2022\/07\/12\/am-gresit-am-gresit-am-gresit\/","title":{"rendered":"\u00a0AM GRE\u0218IT, AM GRE\u0218IT, AM GRE\u0218IT!"},"content":{"rendered":"<div class=\"post-content\"><div class='booster-block booster-read-block'>\n                <div class=\"twp-read-time\">\n                \t<i class=\"booster-icon twp-clock\"><\/i> <span>Read Time:<\/span>5 Minute, 28 Second                <\/div>\n\n            <\/div>\n<p class=\"has-large-font-size wp-block-paragraph\"><strong>Urmeaz\u0103 Marea \u00cenfometare \u0219i Marea Deposedare<\/strong><\/p>\n\n\n\n<p class=\"wp-block-paragraph\">DE&nbsp;<a href=\"https:\/\/www.activenews.ro\/autori\/Toma-Albert-568\">TOMA ALBERT<\/a>&nbsp; \/ &nbsp;&nbsp;OPINII&nbsp;&nbsp; \/ &nbsp; Publicat: Luni, 11 iulie 2022, 11:10&nbsp;&nbsp; \/ &nbsp;<\/p>\n\n\n\n<p class=\"wp-block-paragraph\"><a href=\"https:\/\/www.activenews.ro\/images\/articole\/175126.jpg\">&nbsp;&nbsp;<\/a><\/p>\n\n\n\n<ul class=\"has-vivid-red-color has-pale-cyan-blue-background-color has-text-color has-background wp-block-list\"><li>&nbsp;<strong><em> ActiveNews se confrunt\u0103 cu cenzura<\/em><\/strong><em>&nbsp;pe re\u021bele sociale \u0219i pe internet. Intra\u021bi direct pe site pentru a ne citi \u0219i abona\u021bi-v\u0103 la&nbsp;<\/em><em><u><a href=\"https:\/\/www.activenews.ro\/inregistrare-newsletter\">buletinul nostru gratuit<\/a><\/u><\/em><em>. Dac\u0103 dori\u021bi s\u0103 ne sprijini\u021bi,&nbsp;<\/em><em><u><a href=\"https:\/\/www.activenews.ro\/sustineactivenews\">orice dona\u021bie este binevenit\u0103<\/a><\/u><\/em><em>. Doamne, ajut\u0103!<\/em><\/li><\/ul>\n\n\n\n<p class=\"has-black-color has-text-color has-medium-font-size wp-block-paragraph\"><strong>Am gre\u0219it atunci c\u00e2nd am crezut pove\u0219tile sfor\u0103itoare \u0219i adormitoare despre democra\u021bie, libert\u0103\u021bile \u0219i drepturile omului.<\/strong><\/p>\n\n\n\n<p class=\"has-black-color has-text-color has-medium-font-size wp-block-paragraph\">Am gre\u0219it atunci c\u00e2nd am participat la farsele electorale, gir\u00e2nd \u0219i consolid\u00e2nd astfel, prin participarea noastr\u0103, sistemul putred \u0219i g\u0103unos al &#8222;democra\u021biei de mas\u0103&#8221;, \u00een fapt, o mascarad\u0103 ieftin\u0103 pentru maimu\u021be, o circotec\u0103 telenovelistic\u0103 trucat\u0103 de la cap \u0219i p\u00e2n\u0103 la coad\u0103.<\/p>\n\n\n\n<p class=\"has-black-color has-text-color has-medium-font-size wp-block-paragraph\">Am gre\u0219it atunci c\u00e2nd am presupus c\u0103 to\u021bi cei pl\u0103ti\u021bi din munca noastr\u0103, bugetari despre care noi credeam c\u0103 se \u00eengrijesc de bunul mers al societ\u0103\u021bii, de educa\u021bia copiilor \u0219i nepo\u021bilor no\u0219tri, de s\u0103n\u0103tatea lor \u0219i a noastr\u0103, sunt oameni de bun\u0103 credin\u021b\u0103.<\/p>\n\n\n\n<p class=\"has-black-color has-text-color has-medium-font-size wp-block-paragraph\">Am gre\u0219it atunci c\u00e2nd am crezut c\u0103 ni\u0219te bugetari pl\u0103ti\u021bi rege\u0219te din truda \u0219i s\u00e2ngele nostru, magistra\u021bii \u0219i to\u021bi cei din sistemul de (in)justi\u021bie, ar avea ca misiune \u0219i preocupare dreptatea \u0219i echitatea social\u0103.<\/p>\n\n\n\n<p class=\"has-black-color has-text-color has-medium-font-size wp-block-paragraph\">Am gre\u0219it atunci c\u00e2nd am crezut alt\u0103 minciun\u0103 sfruntat\u0103 \u0219i gogonat\u0103, precum c\u0103 presa ar fi a patra putere \u00een stat, \u00een opozi\u021bie cu haitele pr\u0103d\u0103toare de politruci, securici terori\u0219ti \u0219i bugetari venali \u0219i corup\u021bi.<\/p>\n\n\n\n<p class=\"has-black-color has-text-color has-medium-font-size wp-block-paragraph\">Am gre\u0219it atunci c\u00e2nd am crezut c\u0103 urma\u0219ii securicilor terori\u0219ti ceau\u0219i\u0219ti s-au dat de trei ori peste cap \u0219i s-au transformat \u00een prietenii cei mai buni ai rom\u00e2nului \u0219i \u00een patrio\u021bi ce apar\u0103 valorile na\u021bionale. Aiurea, au r\u0103mas tot ni\u0219te animale de prad\u0103, chiar mai lacome, mai s\u0103lbatice \u0219i mai \u00eensetate de s\u00e2nge, ni\u0219te hiene canibale rudimentare.<\/p>\n\n\n\n<p class=\"has-black-color has-text-color has-medium-font-size wp-block-paragraph\">Despre to\u021bi ace\u0219tia am fost for\u021ba\u021bi s\u0103 afl\u0103m \u00een cel mai dureros \u0219i stupefiant mod cu putin\u021b\u0103, de aproape 33 de ani \u00eencoace, dar mai cu seam\u0103 \u00een ultimii doi ani \u0219i jum\u0103tate, c\u0103, de\u0219i sunt \u0219i ei tot ni\u0219te sclavi ca \u0219i noi, misiunea lor a fost s\u0103 ne \u00eendobitoceasc\u0103, s\u0103 ne \u021bin\u0103 \u00een teroare \u0219i \u00eentuneric, s\u0103 ne asasineze \u0219i s\u0103 ne bage pumnii \u0219i bocancii \u00een gur\u0103. Ce au fost toate pove\u0219tile lor tr\u0103snite? Au fost doar ni\u0219te tranchilizante, menite s\u0103 \u00een\u0219ele \u0219i s\u0103 adoarm\u0103 chiar \u0219i pe cei mai inteligen\u021bi \u0219i mai vigilen\u021bi dintre noi.<\/p>\n\n\n\n<p class=\"has-black-color has-text-color has-medium-font-size wp-block-paragraph\">\u0218i pentru ce au f\u0103cut ace\u0219ti nemernici tr\u0103d\u0103tori asemenea asasinate \u00een mas\u0103 \u0219i tic\u0103lo\u0219ii? Pentru ni\u0219te efemere \u0219i iluzorii avantaje. Pentru satisfac\u021bia lor t\u00e2mp\u0103 de a se \u00eembuiba pe s\u0103turate, \u00een timp ce confra\u021bii lor se zb\u0103teau \u00een neajunsuri interminabile. Pentru bucuria de a avea asigurat\u0103 cel pu\u021bin o zi \u00een plus de via\u021b\u0103 mizerabil\u0103. N-au cum s\u0103 priceap\u0103 imbecilii c\u0103 vor fi arunca\u021bi animalelor \u0219i p\u0103s\u0103rilor de prad\u0103 de\u00eendat\u0103 ce \u00ee\u0219i vor fi \u00eendeplinit misiunea.<\/p>\n\n\n\n<p class=\"has-black-color has-text-color has-medium-font-size wp-block-paragraph\">Dar, spre ghinionul \u0219i pieirea noastr\u0103, am s\u0103v\u00e2r\u0219it cea mai grav\u0103 \u0219i mortal\u0103 gre\u0219eal\u0103. Am pus um\u0103rul cu to\u021bii la digitalizarea, robotizarea \u0219i dezumanizarea sistemului economic \u0219i social mondial, f\u0103r\u0103 s\u0103 ne g\u00e2ndim c\u0103 asta va convinge st\u0103p\u00e2nii planetei de inutilitatea noastr\u0103 pentru ei. Acum ei ne v\u0103d doar ca pe un balast inutil, vor s\u0103 arunce peste bord vreo 95% dintre noi.<\/p>\n\n\n\n<p class=\"has-black-color has-text-color has-medium-font-size wp-block-paragraph\">Ce ne a\u0219teapt\u0103 \u00een viitorul foarte apropiat, dac\u0103 nu ne trezim? Despropiet\u0103rirea general\u0103, adic\u0103 confiscarea tuturor propriet\u0103\u021bilor. Nu pentru valoarea pe care credem noi c\u0103 o au, satani\u0219tii mondiali nu dau doi bani pe aceste &#8222;valori&#8221;, ei oricum se consider\u0103 proprietarii \u00eentregii planete \u0219i st\u0103p\u00e2nii miliardelor de sclavi care populeaz\u0103 planeta. S\u0103 nu ave\u021bi nici cea mai mic\u0103 \u00eendoial\u0103 asupra statutului de sclavi pe care ni-l atribuie p\u0103pu\u0219arii psihopa\u021bi ai planetei. \u0218i, cel mai important, aminti\u021bi-v\u0103 termenii rela\u021biei st\u0103p\u00e2n &#8211; sclav. Sclavul nu poate dispune de nimic. Doar st\u0103p\u00e2nul s\u0103u poate dispune de via\u021ba sa \u0219i propriet\u0103\u021bile de\u021binute p\u00e2n\u0103 la la momentul intr\u0103riii \u00een sclavie. \u00cen\u021belege\u021bi de ce ei se consider\u0103 \u00eendrept\u0103\u021bi\u021bi s\u0103 ne decimeze prin orice mijloace? \u0218i, pentru ca cei mai idio\u021bi dintre noi s\u0103 le fie \u0219i recunosc\u0103tori, au \u0219i &#8222;delicate\u021bea&#8221; s\u0103 ne decimeze sub pretextul &#8222;protej\u0103rii&#8221; noastre. Despropiet\u0103rirea noastr\u0103 se va face doar pentru ca noi s\u0103 pierdem orice brum\u0103 de independen\u021b\u0103, s\u0103 c\u0103dem \u00een genunchi \u0219i, cu capul plecat, s\u0103 a\u0219tept\u0103m decizia de via\u021b\u0103 sau de moarte asupra vie\u021bilor noastre.<\/p>\n\n\n\n<p class=\"has-black-color has-text-color has-medium-font-size wp-block-paragraph\">Pentru asta se preg\u0103tesc at\u00e2t de intens &#8222;Jocurile Foamei&#8221;, pentru a s selecta pe cei mai la\u0219i \u0219i mai slugarnici dintre noi, cei care merit\u0103 s\u0103 &#8222;tr\u0103iasc\u0103&#8221; pentru a fi sclavii mancurtiza\u021bi ai st\u0103p\u00e2nilor asasini mondiali. Ei vor fi &#8222;ferici\u021bii&#8221; despre care vorbea satanistul \u0219ef c\u0103 nu vor mai de\u021bine nimic \u0219i vor fi ferici\u021bi. Pentru oamenii ra\u021bionali nu va mai exista nicio \u0219ans\u0103.<\/p>\n\n\n\n<p class=\"has-black-color has-text-color has-medium-font-size wp-block-paragraph\">Emiterea de moned\u0103 \u0219i inventarea taxelor \u0219i impozitelor sunt cele mai geniale furturi din istorie. \u0218i poate ve\u021bi crede c\u0103 sunt apanajul guvernelor na\u021bionale \u0219i a b\u0103ncilor na\u021bionale. Trebuie s\u0103 v\u0103 trezi\u021bi, de mult\u0103 vreme nu mai exist\u0103 a\u0219a ceva, exist\u0103 doar guverne \u0219i b\u0103nci antina\u021bionale. \u0218i emiterea monedei, al\u0103turi de \u00eempilarea prin taxe \u0219i impozite tot mai mari \u0219i mai absurde, nu este folosit\u0103 pentru \u00eembog\u0103\u021birea st\u0103p\u00e2nilor planetei, ei oricum de\u021bin \u00eentreaga planet\u0103, ci pentru \u00eenvr\u0103jbirea noastr\u0103, a sclavilor, pe o infinitate de criterii. Dar peste toate criteriile troneaz\u0103 unul, cel mai important dintre toate:<\/p>\n\n\n\n<p class=\"has-black-color has-text-color has-medium-font-size wp-block-paragraph\">&#8222;Cu c\u00e2t un sclav ocup\u0103 o func\u021bie mai important\u0103 \u0219i va fi mai eficient \u00een \u00eendobitocirea, \u00eengenuncherea \u0219i asasinarea confra\u021bilor s\u0103i \u00eentru sclavagism, cu at\u00e2t va primi o felie mai consistent\u0103 din tortul destinat turmelor de sclavi. Dimpotriv\u0103, cu c\u00e2t un sclav presteaz\u0103 o munc\u0103 mai important\u0103 \u0219i mai util\u0103 pentru supravie\u021buirea confra\u021bilor s\u0103i \u00eentru sclavagism, cu at\u00e2t va primi o felie mai sub\u021bire din acel tort&#8221;.<\/p>\n\n\n\n<p class=\"has-black-color has-text-color has-medium-font-size wp-block-paragraph\">Poate ve\u021bi spune c\u0103 \u00een felul acesta se va bloca societatea ultra-sclavagist\u0103 \u00een care tr\u0103im. Nu, doar se gripeaz\u0103 mereu, dar \u00eenc\u0103 nu am ajuns la Marele Blocaj. Este distrac\u021bia preferat\u0103 a st\u0103p\u00e2nilor planetei, s\u0103 vad\u0103 c\u00e2t sunt sclavii de creativi \u00een a g\u0103si noi solu\u021bii \u0219i metode de deblocare a oric\u0103ror dificult\u0103\u021bi. P\u0103pu\u0219arii r\u0103m\u00e2n uimi\u021bi mereu de c\u00e2t suflet \u0219i inteligen\u021b\u0103 pun sclavii pentru a rezolva toate problemele \u0219i pentru a-\u0219i prelungi \u0219i mai mult starea de sclavie. Normal, func\u021bioneaz\u0103 instinctul de supravie\u021buire, este \u00een firea omului s\u0103 spere c\u0103 m\u00e2ine va fi mai bine dec\u00e2t azi. Doar c\u0103 nu prea are cum s\u0103 fie mai bine dac\u0103 tot ce facem este s\u0103 ne supunem \u0219i s\u0103 ne acomod\u0103m cu sclavi.<\/p>\n\n\n\n<p class=\"has-black-color has-text-color has-medium-font-size wp-block-paragraph\"><strong>P\u0103pu\u0219arii vor trage fr\u00e2na de m\u00e2n\u0103 \u0219i mai mult, din ce \u00een ce mai mult. P\u00e2n\u0103 c\u00e2nd? Pan\u0103 c\u00e2nd crap\u0103 sclavul&#8230; Sau, poate p\u00e2n\u0103 se rupe hamul&#8230;<\/strong><\/p>\n        <div class=\"booster-block booster-reactions-block\">\n            <div class=\"twp-reactions-icons\">\n                \n                <div class=\"twp-reacts-wrap\">\n                    <a react-data=\"be-react-1\" post-id=\"5061\" class=\"be-face-icons un-reacted\" href=\"javascript:void(0)\">\n                        <img decoding=\"async\" src=\"https:\/\/desteptati-va.ro\/wp-content\/plugins\/booster-extension\/\/assets\/icon\/happy.svg\" alt=\"Happy\">\n                    <\/a>\n                    <div class=\"twp-reaction-title\">\n                        Happy                    <\/div>\n                    <div class=\"twp-count-percent\">\n                                                    <span style=\"display: none;\" class=\"twp-react-count\">1<\/span>\n                        \n                                                <span class=\"twp-react-percent\"><span>100<\/span> %<\/span>\n                                            <\/div>\n                <\/div>\n\n                <div class=\"twp-reacts-wrap\">\n                    <a react-data=\"be-react-2\" post-id=\"5061\" class=\"be-face-icons un-reacted\" href=\"javascript:void(0)\">\n                        <img decoding=\"async\" src=\"https:\/\/desteptati-va.ro\/wp-content\/plugins\/booster-extension\/\/assets\/icon\/sad.svg\" alt=\"Sad\">\n                    <\/a>\n                    <div class=\"twp-reaction-title\">\n                        Sad                    <\/div>\n                    <div class=\"twp-count-percent\">\n                                                    <span style=\"display: none;\" class=\"twp-react-count\">0<\/span>\n                                                                        <span class=\"twp-react-percent\"><span>0<\/span> %<\/span>\n                                            <\/div>\n                <\/div>\n\n                <div class=\"twp-reacts-wrap\">\n                    <a react-data=\"be-react-3\" post-id=\"5061\" class=\"be-face-icons un-reacted\" href=\"javascript:void(0)\">\n                        <img decoding=\"async\" src=\"https:\/\/desteptati-va.ro\/wp-content\/plugins\/booster-extension\/\/assets\/icon\/excited.svg\" alt=\"Excited\">\n                    <\/a>\n                    <div class=\"twp-reaction-title\">\n                        Excited                    <\/div>\n                    <div class=\"twp-count-percent\">\n                                                    <span style=\"display: none;\" class=\"twp-react-count\">0<\/span>\n                                                                        <span class=\"twp-react-percent\"><span>0<\/span> %<\/span>\n                                            <\/div>\n                <\/div>\n\n                <div class=\"twp-reacts-wrap\">\n                    <a react-data=\"be-react-6\" post-id=\"5061\" class=\"be-face-icons un-reacted\" href=\"javascript:void(0)\">\n                        <img decoding=\"async\" src=\"https:\/\/desteptati-va.ro\/wp-content\/plugins\/booster-extension\/\/assets\/icon\/sleepy.svg\" alt=\"Sleepy\">\n                    <\/a>\n                    <div class=\"twp-reaction-title\">\n                        Sleepy                    <\/div>\n                    <div class=\"twp-count-percent\">\n                                                    <span style=\"display: none;\" class=\"twp-react-count\">0<\/span>\n                        \n                                                <span class=\"twp-react-percent\"><span>0<\/span> %<\/span>\n                                            <\/div>\n                <\/div>\n\n                <div class=\"twp-reacts-wrap\">\n                    <a react-data=\"be-react-4\" post-id=\"5061\" class=\"be-face-icons un-reacted\" href=\"javascript:void(0)\">\n                        <img decoding=\"async\" src=\"https:\/\/desteptati-va.ro\/wp-content\/plugins\/booster-extension\/\/assets\/icon\/angry.svg\" alt=\"Angry\">\n                    <\/a>\n                    <div class=\"twp-reaction-title\">Angry<\/div>\n                    <div class=\"twp-count-percent\">\n                                                    <span style=\"display: none;\" class=\"twp-react-count\">0<\/span>\n                                                                        <span class=\"twp-react-percent\"><span>0<\/span> %<\/span>\n                        \n                    <\/div>\n                <\/div>\n\n                <div class=\"twp-reacts-wrap\">\n                    <a react-data=\"be-react-5\" post-id=\"5061\" class=\"be-face-icons un-reacted\" href=\"javascript:void(0)\">\n                        <img decoding=\"async\" src=\"https:\/\/desteptati-va.ro\/wp-content\/plugins\/booster-extension\/\/assets\/icon\/surprise.svg\" alt=\"Surprise\">\n                    <\/a>\n                    <div class=\"twp-reaction-title\">Surprise<\/div>\n                    <div class=\"twp-count-percent\">\n                                                    <span style=\"display: none;\" class=\"twp-react-count\">0<\/span>\n                                                                        <span class=\"twp-react-percent\"><span>0<\/span> %<\/span>\n                                            <\/div>\n                <\/div>\n\n            <\/div>\n        <\/div>\n\n    <\/div>","protected":false},"excerpt":{"rendered":"<p>Urmeaz\u0103 Marea \u00cenfometare \u0219i Marea Deposedare DE&nbsp;TOMA ALBERT&nbsp; \/ &nbsp;&nbsp;OPINII&nbsp;&nbsp; \/ &nbsp; Publicat: Luni, 11 iulie 2022, 11:10&nbsp;&nbsp; \/ &nbsp;<a href=\"https:\/\/desteptati-va.ro\/index.php\/2022\/07\/12\/am-gresit-am-gresit-am-gresit\/\">Read More<i class=\"fa fa-long-arrow-right\" aria-hidden=\"true\"><\/i><\/a><\/p>\n","protected":false},"author":1,"featured_media":5062,"comment_status":"open","ping_status":"open","sticky":false,"template":"","format":"standard","meta":{"_crdt_document":"","footnotes":""},"categories":[25],"tags":[],"class_list":["post-5061","post","type-post","status-publish","format-standard","has-post-thumbnail","hentry","category-politica-de-gasca"],"rise-blocks_total_comments":1,"rise-blocks_categories":[{"term_id":25,"name":"Hotie si ticalosie","slug":"politica-de-gasca","term_group":0,"term_taxonomy_id":25,"taxonomy":"category","description":"","parent":20,"count":6,"filter":"raw"}],"rise-blocks_excerpt":"Urmeaz\u0103 Marea \u00cenfometare \u0219i Marea Deposedare DE&nbsp;TOMA ALBERT&nbsp; \/ &nbsp;&nbsp;OPINII&nbsp;&nbsp; \/ &nbsp; Publicat: Luni, 11 iulie 2022, 11:10&nbsp;&nbsp; \/ &nbsp; &nbsp;&nbsp; &nbsp; ActiveNews se confrunt\u0103 cu cenzura&nbsp;pe re\u021bele sociale \u0219i pe internet. Intra\u021bi direct pe site pentru a ne citi \u0219i abona\u021bi-v\u0103 la&nbsp;buletinul nostru gratuit. Dac\u0103 dori\u021bi s\u0103 ne sprijini\u021bi,&nbsp;orice dona\u021bie este binevenit\u0103. Doamne, ajut\u0103! Am gre\u0219it atunci c\u00e2nd am..","yoast_head":"<!-- This site is optimized with the Yoast SEO plugin v26.9 - https:\/\/yoast.com\/product\/yoast-seo-wordpress\/ -->\r\n<title>\u00a0AM GRE\u0218IT, AM GRE\u0218IT, AM GRE\u0218IT! -<\/title>\r\n<meta name=\"robots\" content=\"index, follow, max-snippet:-1, max-image-preview:large, max-video-preview:-1\" \/>\r\n<link rel=\"canonical\" href=\"https:\/\/desteptati-va.ro\/index.php\/2022\/07\/12\/am-gresit-am-gresit-am-gresit\/\" \/>\r\n<meta property=\"og:locale\" content=\"ro_RO\" \/>\r\n<meta property=\"og:type\" content=\"article\" \/>\r\n<meta property=\"og:title\" content=\"\u00a0AM GRE\u0218IT, AM GRE\u0218IT, AM GRE\u0218IT! -\" \/>\r\n<meta property=\"og:description\" content=\"Urmeaz\u0103 Marea \u00cenfometare \u0219i Marea Deposedare DE&nbsp;TOMA ALBERT&nbsp; \/ &nbsp;&nbsp;OPINII&nbsp;&nbsp; \/ &nbsp; Publicat: Luni, 11 iulie 2022, 11:10&nbsp;&nbsp; \/ &nbsp;Read More\" \/>\r\n<meta property=\"og:url\" content=\"https:\/\/desteptati-va.ro\/index.php\/2022\/07\/12\/am-gresit-am-gresit-am-gresit\/\" \/>\r\n<meta property=\"article:published_time\" content=\"2022-07-12T11:09:39+00:00\" \/>\r\n<meta property=\"article:modified_time\" content=\"2022-07-12T18:19:29+00:00\" \/>\r\n<meta property=\"og:image\" content=\"https:\/\/desteptati-va.ro\/wp-content\/uploads\/2022\/07\/Foamete.jpg\" \/>\r\n\t<meta property=\"og:image:width\" content=\"637\" \/>\r\n\t<meta property=\"og:image:height\" content=\"409\" \/>\r\n\t<meta property=\"og:image:type\" content=\"image\/jpeg\" \/>\r\n<meta name=\"author\" content=\"wolfsoftcompany\" \/>\r\n<meta name=\"twitter:card\" content=\"summary_large_image\" \/>\r\n<meta name=\"twitter:label1\" content=\"Scris de\" \/>\n\t<meta name=\"twitter:data1\" content=\"wolfsoftcompany\" \/>\n\t<meta name=\"twitter:label2\" content=\"Timp estimat pentru citire\" \/>\n\t<meta name=\"twitter:data2\" content=\"6 minute\" \/>\r\n<script type=\"application\/ld+json\" class=\"yoast-schema-graph\">{\"@context\":\"https:\/\/schema.org\",\"@graph\":[{\"@type\":\"Article\",\"@id\":\"https:\/\/desteptati-va.ro\/index.php\/2022\/07\/12\/am-gresit-am-gresit-am-gresit\/#article\",\"isPartOf\":{\"@id\":\"https:\/\/desteptati-va.ro\/index.php\/2022\/07\/12\/am-gresit-am-gresit-am-gresit\/\"},\"author\":{\"name\":\"wolfsoftcompany\",\"@id\":\"https:\/\/desteptati-va.ro\/#\/schema\/person\/13182deeebd44920914899f7bb262d6b\"},\"headline\":\"\u00a0AM GRE\u0218IT, AM GRE\u0218IT, AM GRE\u0218IT!\",\"datePublished\":\"2022-07-12T11:09:39+00:00\",\"dateModified\":\"2022-07-12T18:19:29+00:00\",\"mainEntityOfPage\":{\"@id\":\"https:\/\/desteptati-va.ro\/index.php\/2022\/07\/12\/am-gresit-am-gresit-am-gresit\/\"},\"wordCount\":1294,\"commentCount\":0,\"image\":{\"@id\":\"https:\/\/desteptati-va.ro\/index.php\/2022\/07\/12\/am-gresit-am-gresit-am-gresit\/#primaryimage\"},\"thumbnailUrl\":\"https:\/\/desteptati-va.ro\/wp-content\/uploads\/2022\/07\/Foamete.jpg\",\"articleSection\":[\"Hotie si ticalosie\"],\"inLanguage\":\"ro-RO\",\"potentialAction\":[{\"@type\":\"CommentAction\",\"name\":\"Comment\",\"target\":[\"https:\/\/desteptati-va.ro\/index.php\/2022\/07\/12\/am-gresit-am-gresit-am-gresit\/#respond\"]}]},{\"@type\":\"WebPage\",\"@id\":\"https:\/\/desteptati-va.ro\/index.php\/2022\/07\/12\/am-gresit-am-gresit-am-gresit\/\",\"url\":\"https:\/\/desteptati-va.ro\/index.php\/2022\/07\/12\/am-gresit-am-gresit-am-gresit\/\",\"name\":\"\u00a0AM GRE\u0218IT, AM GRE\u0218IT, AM GRE\u0218IT! -\",\"isPartOf\":{\"@id\":\"https:\/\/desteptati-va.ro\/#website\"},\"primaryImageOfPage\":{\"@id\":\"https:\/\/desteptati-va.ro\/index.php\/2022\/07\/12\/am-gresit-am-gresit-am-gresit\/#primaryimage\"},\"image\":{\"@id\":\"https:\/\/desteptati-va.ro\/index.php\/2022\/07\/12\/am-gresit-am-gresit-am-gresit\/#primaryimage\"},\"thumbnailUrl\":\"https:\/\/desteptati-va.ro\/wp-content\/uploads\/2022\/07\/Foamete.jpg\",\"datePublished\":\"2022-07-12T11:09:39+00:00\",\"dateModified\":\"2022-07-12T18:19:29+00:00\",\"author\":{\"@id\":\"https:\/\/desteptati-va.ro\/#\/schema\/person\/13182deeebd44920914899f7bb262d6b\"},\"breadcrumb\":{\"@id\":\"https:\/\/desteptati-va.ro\/index.php\/2022\/07\/12\/am-gresit-am-gresit-am-gresit\/#breadcrumb\"},\"inLanguage\":\"ro-RO\",\"potentialAction\":[{\"@type\":\"ReadAction\",\"target\":[\"https:\/\/desteptati-va.ro\/index.php\/2022\/07\/12\/am-gresit-am-gresit-am-gresit\/\"]}]},{\"@type\":\"ImageObject\",\"inLanguage\":\"ro-RO\",\"@id\":\"https:\/\/desteptati-va.ro\/index.php\/2022\/07\/12\/am-gresit-am-gresit-am-gresit\/#primaryimage\",\"url\":\"https:\/\/desteptati-va.ro\/wp-content\/uploads\/2022\/07\/Foamete.jpg\",\"contentUrl\":\"https:\/\/desteptati-va.ro\/wp-content\/uploads\/2022\/07\/Foamete.jpg\",\"width\":637,\"height\":409},{\"@type\":\"BreadcrumbList\",\"@id\":\"https:\/\/desteptati-va.ro\/index.php\/2022\/07\/12\/am-gresit-am-gresit-am-gresit\/#breadcrumb\",\"itemListElement\":[{\"@type\":\"ListItem\",\"position\":1,\"name\":\"Prima pagin\u0103\",\"item\":\"https:\/\/desteptati-va.ro\/\"},{\"@type\":\"ListItem\",\"position\":2,\"name\":\"\u00a0AM GRE\u0218IT, AM GRE\u0218IT, AM GRE\u0218IT!\"}]},{\"@type\":\"WebSite\",\"@id\":\"https:\/\/desteptati-va.ro\/#website\",\"url\":\"https:\/\/desteptati-va.ro\/\",\"name\":\"\",\"description\":\"\",\"potentialAction\":[{\"@type\":\"SearchAction\",\"target\":{\"@type\":\"EntryPoint\",\"urlTemplate\":\"https:\/\/desteptati-va.ro\/?s={search_term_string}\"},\"query-input\":{\"@type\":\"PropertyValueSpecification\",\"valueRequired\":true,\"valueName\":\"search_term_string\"}}],\"inLanguage\":\"ro-RO\"},{\"@type\":\"Person\",\"@id\":\"https:\/\/desteptati-va.ro\/#\/schema\/person\/13182deeebd44920914899f7bb262d6b\",\"name\":\"wolfsoftcompany\",\"image\":{\"@type\":\"ImageObject\",\"inLanguage\":\"ro-RO\",\"@id\":\"https:\/\/desteptati-va.ro\/#\/schema\/person\/image\/\",\"url\":\"https:\/\/secure.gravatar.com\/avatar\/a6cce9b6d101d27d91690e7073e300fed94c0899890bf998e082cb9d2c3d121e?s=96&d=mm&r=g\",\"contentUrl\":\"https:\/\/secure.gravatar.com\/avatar\/a6cce9b6d101d27d91690e7073e300fed94c0899890bf998e082cb9d2c3d121e?s=96&d=mm&r=g\",\"caption\":\"wolfsoftcompany\"},\"sameAs\":[\"http:\/\/desteptati-va.ro\"],\"url\":\"https:\/\/desteptati-va.ro\/index.php\/author\/wolfsoftcompany\/\"}]}<\/script>\r\n<!-- \/ Yoast SEO plugin. -->","yoast_head_json":{"title":"\u00a0AM GRE\u0218IT, AM GRE\u0218IT, AM GRE\u0218IT! -","robots":{"index":"index","follow":"follow","max-snippet":"max-snippet:-1","max-image-preview":"max-image-preview:large","max-video-preview":"max-video-preview:-1"},"canonical":"https:\/\/desteptati-va.ro\/index.php\/2022\/07\/12\/am-gresit-am-gresit-am-gresit\/","og_locale":"ro_RO","og_type":"article","og_title":"\u00a0AM GRE\u0218IT, AM GRE\u0218IT, AM GRE\u0218IT! -","og_description":"Urmeaz\u0103 Marea \u00cenfometare \u0219i Marea Deposedare DE&nbsp;TOMA ALBERT&nbsp; \/ &nbsp;&nbsp;OPINII&nbsp;&nbsp; \/ &nbsp; Publicat: Luni, 11 iulie 2022, 11:10&nbsp;&nbsp; \/ &nbsp;Read More","og_url":"https:\/\/desteptati-va.ro\/index.php\/2022\/07\/12\/am-gresit-am-gresit-am-gresit\/","article_published_time":"2022-07-12T11:09:39+00:00","article_modified_time":"2022-07-12T18:19:29+00:00","og_image":[{"width":637,"height":409,"url":"https:\/\/desteptati-va.ro\/wp-content\/uploads\/2022\/07\/Foamete.jpg","type":"image\/jpeg"}],"author":"wolfsoftcompany","twitter_card":"summary_large_image","twitter_misc":{"Scris de":"wolfsoftcompany","Timp estimat pentru citire":"6 minute"},"schema":{"@context":"https:\/\/schema.org","@graph":[{"@type":"Article","@id":"https:\/\/desteptati-va.ro\/index.php\/2022\/07\/12\/am-gresit-am-gresit-am-gresit\/#article","isPartOf":{"@id":"https:\/\/desteptati-va.ro\/index.php\/2022\/07\/12\/am-gresit-am-gresit-am-gresit\/"},"author":{"name":"wolfsoftcompany","@id":"https:\/\/desteptati-va.ro\/#\/schema\/person\/13182deeebd44920914899f7bb262d6b"},"headline":"\u00a0AM GRE\u0218IT, AM GRE\u0218IT, AM GRE\u0218IT!","datePublished":"2022-07-12T11:09:39+00:00","dateModified":"2022-07-12T18:19:29+00:00","mainEntityOfPage":{"@id":"https:\/\/desteptati-va.ro\/index.php\/2022\/07\/12\/am-gresit-am-gresit-am-gresit\/"},"wordCount":1294,"commentCount":0,"image":{"@id":"https:\/\/desteptati-va.ro\/index.php\/2022\/07\/12\/am-gresit-am-gresit-am-gresit\/#primaryimage"},"thumbnailUrl":"https:\/\/desteptati-va.ro\/wp-content\/uploads\/2022\/07\/Foamete.jpg","articleSection":["Hotie si ticalosie"],"inLanguage":"ro-RO","potentialAction":[{"@type":"CommentAction","name":"Comment","target":["https:\/\/desteptati-va.ro\/index.php\/2022\/07\/12\/am-gresit-am-gresit-am-gresit\/#respond"]}]},{"@type":"WebPage","@id":"https:\/\/desteptati-va.ro\/index.php\/2022\/07\/12\/am-gresit-am-gresit-am-gresit\/","url":"https:\/\/desteptati-va.ro\/index.php\/2022\/07\/12\/am-gresit-am-gresit-am-gresit\/","name":"\u00a0AM GRE\u0218IT, AM GRE\u0218IT, AM GRE\u0218IT! -","isPartOf":{"@id":"https:\/\/desteptati-va.ro\/#website"},"primaryImageOfPage":{"@id":"https:\/\/desteptati-va.ro\/index.php\/2022\/07\/12\/am-gresit-am-gresit-am-gresit\/#primaryimage"},"image":{"@id":"https:\/\/desteptati-va.ro\/index.php\/2022\/07\/12\/am-gresit-am-gresit-am-gresit\/#primaryimage"},"thumbnailUrl":"https:\/\/desteptati-va.ro\/wp-content\/uploads\/2022\/07\/Foamete.jpg","datePublished":"2022-07-12T11:09:39+00:00","dateModified":"2022-07-12T18:19:29+00:00","author":{"@id":"https:\/\/desteptati-va.ro\/#\/schema\/person\/13182deeebd44920914899f7bb262d6b"},"breadcrumb":{"@id":"https:\/\/desteptati-va.ro\/index.php\/2022\/07\/12\/am-gresit-am-gresit-am-gresit\/#breadcrumb"},"inLanguage":"ro-RO","potentialAction":[{"@type":"ReadAction","target":["https:\/\/desteptati-va.ro\/index.php\/2022\/07\/12\/am-gresit-am-gresit-am-gresit\/"]}]},{"@type":"ImageObject","inLanguage":"ro-RO","@id":"https:\/\/desteptati-va.ro\/index.php\/2022\/07\/12\/am-gresit-am-gresit-am-gresit\/#primaryimage","url":"https:\/\/desteptati-va.ro\/wp-content\/uploads\/2022\/07\/Foamete.jpg","contentUrl":"https:\/\/desteptati-va.ro\/wp-content\/uploads\/2022\/07\/Foamete.jpg","width":637,"height":409},{"@type":"BreadcrumbList","@id":"https:\/\/desteptati-va.ro\/index.php\/2022\/07\/12\/am-gresit-am-gresit-am-gresit\/#breadcrumb","itemListElement":[{"@type":"ListItem","position":1,"name":"Prima pagin\u0103","item":"https:\/\/desteptati-va.ro\/"},{"@type":"ListItem","position":2,"name":"\u00a0AM GRE\u0218IT, AM GRE\u0218IT, AM GRE\u0218IT!"}]},{"@type":"WebSite","@id":"https:\/\/desteptati-va.ro\/#website","url":"https:\/\/desteptati-va.ro\/","name":"","description":"","potentialAction":[{"@type":"SearchAction","target":{"@type":"EntryPoint","urlTemplate":"https:\/\/desteptati-va.ro\/?s={search_term_string}"},"query-input":{"@type":"PropertyValueSpecification","valueRequired":true,"valueName":"search_term_string"}}],"inLanguage":"ro-RO"},{"@type":"Person","@id":"https:\/\/desteptati-va.ro\/#\/schema\/person\/13182deeebd44920914899f7bb262d6b","name":"wolfsoftcompany","image":{"@type":"ImageObject","inLanguage":"ro-RO","@id":"https:\/\/desteptati-va.ro\/#\/schema\/person\/image\/","url":"https:\/\/secure.gravatar.com\/avatar\/a6cce9b6d101d27d91690e7073e300fed94c0899890bf998e082cb9d2c3d121e?s=96&d=mm&r=g","contentUrl":"https:\/\/secure.gravatar.com\/avatar\/a6cce9b6d101d27d91690e7073e300fed94c0899890bf998e082cb9d2c3d121e?s=96&d=mm&r=g","caption":"wolfsoftcompany"},"sameAs":["http:\/\/desteptati-va.ro"],"url":"https:\/\/desteptati-va.ro\/index.php\/author\/wolfsoftcompany\/"}]}},"_links":{"self":[{"href":"https:\/\/desteptati-va.ro\/index.php\/wp-json\/wp\/v2\/posts\/5061","targetHints":{"allow":["GET"]}}],"collection":[{"href":"https:\/\/desteptati-va.ro\/index.php\/wp-json\/wp\/v2\/posts"}],"about":[{"href":"https:\/\/desteptati-va.ro\/index.php\/wp-json\/wp\/v2\/types\/post"}],"author":[{"embeddable":true,"href":"https:\/\/desteptati-va.ro\/index.php\/wp-json\/wp\/v2\/users\/1"}],"replies":[{"embeddable":true,"href":"https:\/\/desteptati-va.ro\/index.php\/wp-json\/wp\/v2\/comments?post=5061"}],"version-history":[{"count":4,"href":"https:\/\/desteptati-va.ro\/index.php\/wp-json\/wp\/v2\/posts\/5061\/revisions"}],"predecessor-version":[{"id":5067,"href":"https:\/\/desteptati-va.ro\/index.php\/wp-json\/wp\/v2\/posts\/5061\/revisions\/5067"}],"wp:featuredmedia":[{"embeddable":true,"href":"https:\/\/desteptati-va.ro\/index.php\/wp-json\/wp\/v2\/media\/5062"}],"wp:attachment":[{"href":"https:\/\/desteptati-va.ro\/index.php\/wp-json\/wp\/v2\/media?parent=5061"}],"wp:term":[{"taxonomy":"category","embeddable":true,"href":"https:\/\/desteptati-va.ro\/index.php\/wp-json\/wp\/v2\/categories?post=5061"},{"taxonomy":"post_tag","embeddable":true,"href":"https:\/\/desteptati-va.ro\/index.php\/wp-json\/wp\/v2\/tags?post=5061"}],"curies":[{"name":"wp","href":"https:\/\/api.w.org\/{rel}","templated":true}]}}