{"id":5071,"date":"2022-07-19T10:49:36","date_gmt":"2022-07-19T08:49:36","guid":{"rendered":"https:\/\/desteptati-va.ro\/?p=5071"},"modified":"2022-07-19T10:59:47","modified_gmt":"2022-07-19T08:59:47","slug":"cel-mai-mare-jaf-facut-de-sua-in-romania","status":"publish","type":"post","link":"https:\/\/desteptati-va.ro\/index.php\/2022\/07\/19\/cel-mai-mare-jaf-facut-de-sua-in-romania\/","title":{"rendered":"Cel mai mare jaf  f\u0103cut de SUA \u00een Rom\u00e2nia"},"content":{"rendered":"<div class=\"post-content\"><div class='booster-block booster-read-block'>\n                <div class=\"twp-read-time\">\n                \t<i class=\"booster-icon twp-clock\"><\/i> <span>Read Time:<\/span>8 Minute, 43 Second                <\/div>\n\n            <\/div>\n<p class=\"has-vivid-red-color has-text-color has-medium-font-size wp-block-paragraph\"><strong>Cel mai mare jaf din istorie f\u0103cut de SUA \u00een Rom\u00e2nia: Peste 3 miliarde de dolari din averea poporului rom\u00e2n, oferite gratuit de B\u0103sescu americanilor<\/strong><\/p>\n\n\n\n<p class=\"has-black-color has-pale-cyan-blue-background-color has-text-color has-background has-medium-font-size wp-block-paragraph\"><strong>Dup\u0103 asasinarea cuplului Ceau\u0219escu \u0219i lovitura de stat din 22 decembrie 1989, cei care au venit la putere au \u00eenceput jefuirea statului rom\u00e2n continu\u00e2nd p\u00e2n\u0103 \u00een zilele noastre sub mandatul lui Klaus Werner Iohannis, un pre\u0219edinte mai ur\u00e2t de popor chiar dec\u00e2t Ion Iliescu. Partenerii no\u0219tri strategici de peste ocean sunt ni\u0219te jefuitori la fel de periculo\u0219i ca armata invadatoare rus\u0103, iar asta se vede \u00een statul e\u0219uat patronat de Klaus Iohannis. Vinova\u021bi de e\u0219ecul statului rom\u00e2n sunt patronii de la Washington \u00eempreun\u0103 cu slugile lor de pe plaiurile mioritice.<\/strong><\/p>\n\n\n\n<p class=\"has-black-color has-text-color has-medium-font-size wp-block-paragraph\">Unul dintre cele mai mari jafuri din istoria poporului rom\u00e2n este transferarea Fondului Proprietatea cu titlu gratuit c\u0103tre Statele Unite ale Americii sub semn\u0103tura pre\u0219edintelui rom\u00e2n Traian B\u0103sescu, pentru a ob\u021bine pentru sine \u00eenc\u0103 un mandat de pre\u0219edinte. Mai mult, acest bandit B\u0103sescu Traian i-a spus pre\u0219edintelui Joe Biden s\u0103 o accepte pe Elena Udrea ca succesor la Cotroceni dup\u0103 2014. Mai, mai s\u0103 \u00eei pice fa\u021ba tovar\u0103\u0219ului de la Washington. Azi, Elena e la T\u00e2rg\u0219or, iar Traian e un biet turn\u0103tor la Securitate.<\/p>\n\n\n\n<p class=\"has-black-color has-text-color has-medium-font-size wp-block-paragraph\"><strong>Rom\u00e2nii trebuie s\u0103 \u00eei \u201d<em>mul\u021bumeasc\u0103<\/em>\u201d, ast\u0103zi, pre\u0219edintelui american Joe Biden, fostului pre\u0219edinte Traian B\u0103sescu, fostului premier \u0219i actual primar de Cluj, Emil Boc, \u0219i fostului ambasador SUA Mark Gitenstein, pentru cele 3,4 miliarde de dolari evaporate din averea poporului rom\u00e2n.<\/strong><\/p>\n\n\n\n<p class=\"has-medium-font-size wp-block-paragraph\"><strong>Ambasadorul statului paralel, Mark Gitenstein<\/strong><\/p>\n\n\n\n<p class=\"has-black-color has-text-color has-medium-font-size wp-block-paragraph\">Retragerea lui Mark Gitenstein din func\u021bia de ambasador al SUA la Bucure\u0219ti, \u00een 2012, a fost v\u0103zut\u0103 de mul\u021bi ca o victorie, mai ales pe fondul opiniilor exprimate de acesta \u0219i a v\u0103ditelor imixtiuni \u00een treburile interne ale Statului Rom\u00e2n, nepermise credem noi, cu privire la func\u021bionarea Justi\u021biei din Rom\u00e2nia.&nbsp;Numai c\u0103, odat\u0103 plecat de la Ambasada Statelor Unite ale Americii din Bucure\u0219ti, Gitenstein a ie\u0219it \u201earanjat\u201d \u0219i cu Fondul Proprietatea.&nbsp;<\/p>\n\n\n\n<figure class=\"wp-block-image size-full\"><img loading=\"lazy\" decoding=\"async\" width=\"700\" height=\"465\" src=\"https:\/\/desteptati-va.ro\/wp-content\/uploads\/2022\/07\/BaseGitenstein.jpg\" alt=\"\" class=\"wp-image-5075\"\/><\/figure>\n\n\n\n<p class=\"has-text-align-center wp-block-paragraph\"><strong>B\u0103sescu \u2013 Gitenstein<\/strong><\/p>\n\n\n\n<p class=\"has-black-color has-text-color has-medium-font-size wp-block-paragraph\">Este vorba despre o telegram\u0103 care relev\u0103 c\u0103, pe c\u00e2nd de\u021binea func\u021bia de ambasador al SUA la Bucure\u0219ti, Mark Gitenstein a beneficiat de sprijinul fostului pre\u0219edinte Traian B\u0103sescu \u0219i al fostului premier Emil Boc pentru atribuirea contractului de administrare a Fondului Proprietatea de c\u0103tre&nbsp;<strong>Franklin Templeton Investments<\/strong>, grup britanic care face parte dintr-o organiza\u021bie global\u0103 de administrare a investi\u021biilor, cu sediul \u00een San Mateo, California:&nbsp;<strong><em>\u201eAngajamentul personal, la cererea ambasadorului, at\u00e2t a pre\u0219edintelui B\u0103sescu, c\u00e2t \u0219i a primului-ministru Boc a rezolvat \u00een cele din urm\u0103 problema litigioasa\u201d<\/em>&nbsp;<\/strong>[\u2026].<\/p>\n\n\n\n<p class=\"has-black-color has-text-color has-medium-font-size wp-block-paragraph\">Practic, din pozi\u021bia de ambasador al SUA la Bucure\u0219ti, Gitenstein a reu\u0219it s\u0103 pun\u0103 m\u00e2na pe Fondul Proprietatea, devenind membru al Comitetului Reprezentan\u021bilor de la Fondul Proprietatea, vreme de peste 8 ani, perioad\u0103 \u00een care a de\u021binut \u0219i func\u021bia de pre\u0219edinte al Funda\u021biei Biden.&nbsp;<\/p>\n\n\n\n<p class=\"has-black-color has-text-color has-medium-font-size wp-block-paragraph\"><strong>\u00cen iulie 2021, Mark Gitenstein a fost numit de c\u0103tre pre\u0219edintele Statelor Unite ale Americii, Joe Biden, \u00een func\u021bia de ambasador al SUA la Uniunea European\u0103<\/strong><\/p>\n\n\n\n<figure class=\"wp-block-image size-full\"><img loading=\"lazy\" decoding=\"async\" width=\"720\" height=\"478\" src=\"https:\/\/desteptati-va.ro\/wp-content\/uploads\/2022\/07\/BidenGitenstein.jpg\" alt=\"\" class=\"wp-image-5077\"\/><\/figure>\n\n\n\n<p class=\"has-text-align-center wp-block-paragraph\"><strong>Joe Biden \u2013 Mark Gitenstein<\/strong><\/p>\n\n\n\n<p class=\"has-black-color has-text-color has-medium-font-size wp-block-paragraph\">\u201eDup\u0103 ce a aranjat, profit\u00e2nd de calitatea sa de ambasador, ca&nbsp;<strong>Manchester Securities Corp.<\/strong>&nbsp;s\u0103 devin\u0103 ac\u021bionar semnificativ, iar&nbsp;<strong>Franklin Templeton Investment Ltd.<\/strong>&nbsp;s\u0103 devin\u0103 administrator unic,<strong>&nbsp;Mark Gitenstein a cules cirea\u0219a de pe tort, intr\u00e2nd personal \u00een conducerea (board-ul) Fondului Proprietatea \u00een aprilie 2013, la c\u00e2teva luni dup\u0103 \u00eencetarea mandatului de ambasador \u0219i la c\u00e2teva zile dup\u0103 promovarea protejatei sale Laura Codru\u021ba Kovesi \u00een func\u021bia de procuror \u0219ef al DNA.<\/strong><\/p>\n\n\n\n<figure class=\"wp-block-image size-full is-resized\"><img loading=\"lazy\" decoding=\"async\" src=\"https:\/\/desteptati-va.ro\/wp-content\/uploads\/2022\/07\/CodrutaGitenstein.jpg\" alt=\"\" class=\"wp-image-5079\" width=\"716\" height=\"403\"\/><\/figure>\n\n\n\n<p class=\"has-text-align-center wp-block-paragraph\"><strong>Codruta Kovesi \u2013 Mark Gitenstein<\/strong><\/p>\n\n\n\n<p class=\"has-medium-font-size wp-block-paragraph\">Gitenstein a devenit atunci membru al Comitetului Reprezentan\u021bilor de la Fondul Proprietatea,&nbsp;<strong>\u00een fapt un \u0219ef suprem al acestui fond<\/strong>, pentru un mandat de 3 ani \u0219i cu o indemniza\u021bie consistent\u0103 (la \u00eenceput a fost de 20.000 lei\/lun\u0103). \u00cen 2016 \u0219i \u00een 2019, fostul ambasador american a repreluat sinecura de la Fondul Proprietatea, ob\u021bin\u00e2nd noi mandate de c\u00e2te 3 ani \u00een Comitetul Reprezentan\u021bilor \u0219i cumul\u00e2nd astfel peste 8 ani \u00een boardul fondului.<\/p>\n\n\n\n<p class=\"has-medium-font-size wp-block-paragraph\"><strong>\u00cen perioada \u00een care s-a aflat la timon\u0103 Fondului Proprietatea, nici DNA sau alt organ judiciar, nici serviciile secrete sau autorit\u0103\u021bile de control financiar n-au catadicsit s\u0103 fac\u0103 verific\u0103ri la acest fond, \u00een pofida informa\u021biilor \u0219i indiciilor privind devaliz\u0103rile substan\u021biale produse.<\/strong><\/p>\n\n\n\n<p class=\"has-medium-font-size wp-block-paragraph\">\u00cen perioada 2016-2019, Gitenstein a de\u021binut \u0219i func\u021bia de&nbsp;<strong>pre\u0219edinte al Funda\u021biei Biden<\/strong>, \u00eenc\u0103 o dovad\u0103 a leg\u0103turii sale apropiate cu actualul pre\u0219edinte al Statelor Unite\u201d.<\/p>\n\n\n\n<p class=\"has-vivid-red-color has-text-color has-medium-font-size wp-block-paragraph\"><strong>Cum a influen\u021bat un ambasador american justi\u021bia rom\u00e2n\u0103<\/strong><\/p>\n\n\n\n<p class=\"has-black-color has-cyan-bluish-gray-background-color has-text-color has-background has-medium-font-size wp-block-paragraph\">[\u2026]&nbsp;<em>Din telegram transmis\u0103 de ambasada Statelor Unite de la Bucure\u0219ti Secretarului de Stat \u0219i Secretarului Departamentului Trezoreriei SUA \u00een data de 25 februarie 2010&nbsp;<\/em>(f\u0103cut\u0103 public\u0103 de organiza\u021bia WikiLeaks n.r.)<em>, rezult\u0103 c\u0103 ambasadorul american Gitenstein a intervenit pe l\u00e2ng\u0103 pre\u0219edintele Traian B\u0103sescu \u0219i pe l\u00e2ng\u0103 primul-ministru Emil Boc pentru a determina respingerea cererilor de chemare \u00een judecat\u0103 formulate de un ac\u021bionar al Fondului Proprietatea (avocata Ioana Sf\u00e2r\u00e2ial\u0103), care a solicitat anularea unor hot\u0103r\u00e2ri considerate nelegale ale Adun\u0103rii Generale a Ac\u021bionarilor Fondului Proprietatea, prin care Franklin Templeton Investment Management Ltd. a devenit administrator unic al acestui fond valoros. \u00cen aceast\u0103 telegram\u0103 este consemnat textual:<strong>&nbsp;\u201eAngajamentul personal, la cererea ambasadorului, at\u00e2t a pre\u0219edintelui B\u0103sescu, c\u00e2t \u0219i a primului-ministru Boc a rezolvat \u00een cele din urm\u0103 problema litigioasa\u201d.<\/strong><\/em><\/p>\n\n\n\n<figure class=\"wp-block-image size-full is-resized\"><img loading=\"lazy\" decoding=\"async\" src=\"https:\/\/desteptati-va.ro\/wp-content\/uploads\/2022\/07\/BocBasescu.jpg\" alt=\"\" class=\"wp-image-5078\" width=\"784\" height=\"490\"\/><\/figure>\n\n\n\n<p class=\"has-text-align-center wp-block-paragraph\"><strong>Emil Boc \u2013 Traian B\u0103sescu<\/strong><\/p>\n\n\n\n<p class=\"has-black-color has-text-color has-medium-font-size wp-block-paragraph\"><em>Aceast\u0103 interven\u021bie s-a produs dup\u0103 ce, prin hot\u0103r\u00e2rile pronun\u021bate de Tribunalul Bucure\u0219ti \u0219i de Curtea de Apel Bucure\u0219ti \u00een dosarele&nbsp;<strong>47039\/3\/2010<\/strong>&nbsp;\u0219i&nbsp;<strong>7548\/3\/2011<\/strong>, \u00een care ac\u021bionarul Ioana Sf\u00e2r\u00e2ial\u0103 a avut calitatea de reclamant, au fost anulate mai multe hot\u0103r\u00e2ri ale Adun\u0103rii Generale a Ac\u021bionarilor prin care au fost \u00eenlocui\u021bi \u00een conducerea Fondului Proprietatea reprezentan\u021bii numi\u021bi de Ministerul Finan\u021belor cu un administrator unic privat \u0219i str\u0103in, Franklin Templeton Investment Ltd.<\/em><\/p>\n\n\n\n<figure class=\"wp-block-image size-full\"><img loading=\"lazy\" decoding=\"async\" width=\"1024\" height=\"479\" src=\"https:\/\/desteptati-va.ro\/wp-content\/uploads\/2022\/07\/Actiuni-Franklin.jpg\" alt=\"\" class=\"wp-image-5073\"\/><\/figure>\n\n\n\n<p class=\"has-text-align-center wp-block-paragraph\"><strong><em>Ac\u021bionarii Franklin Templeton Investment Ltd<\/em><\/strong><\/p>\n\n\n\n<p class=\"has-black-color has-text-color has-medium-font-size wp-block-paragraph\"><em>Toate aceste manopere au fost realizate dup\u0103 ce ac\u021bionar semnificativ al Fondului Proprietatea s-a declarat&nbsp;<strong>Manchester Securities Corp.<\/strong>, la care era ac\u021bionar&nbsp;<strong>Eliot Asociates LLC<\/strong>, un fond de investi\u021bii \u00een care ambasadorul Gitenstein avea interese, f\u0103r\u0103 a exista o explica\u021bie pentru modul \u00een care Manchester Securities Corp. a devenit ac\u021bionar semnificativ, \u00een condi\u021biile \u00een care Fondul Proprietatea fusese p\u00e2n\u0103 \u00een acel moment o societate \u00eenchis\u0103, iar tranzac\u021biile f\u0103cute cu ac\u021biunile acesteia erau sanc\u021bionate cu nulitatea absolut\u0103, sanc\u021biune care nu s-a aplicat niciodat\u0103, deoarece nicio autoritate a statului rom\u00e2n nu s-a sesizat.<\/em><\/p>\n\n\n\n<p class=\"has-black-color has-text-color has-medium-font-size wp-block-paragraph\"><em>\u00cen urma interven\u021biilor ambasadorului Gitenstein (reprezentat de aceea\u0219i societate de avocatur\u0103 ca \u0219i Fondul Proprietatea) \u0219i a promisiunii pre\u0219edintelui B\u0103sescu (reprezentat de aceea\u0219i societate de avocatur\u0103) de rezolvare a situa\u021biei litigioase la nivelul instan\u021belor de judecat\u0103, prin sentin\u021ba civil\u0103 nr.&nbsp;<strong>9514\/2012<\/strong>, pronun\u021bat\u0103 \u00een dosarul nr.&nbsp;<strong>3295\/3\/2012<\/strong>, care a fost confirmat\u0103 ulterior de Curtea de Apel Bucure\u0219ti, cererea de anulare formulat\u0103 de ac\u021bionarul Ioana Sf\u00e2r\u00e2iala a fost respins\u0103 ca lipsit\u0103 de interes, cu motivarea hilar\u0103 c\u0103 nu de\u021binea un num\u0103r suficient de ac\u021biuni. Aceast\u0103 solu\u021bie a fost repetat\u0103 apoi, cu o motivare identic\u0103, de Tribunalul Bucure\u0219ti \u0219i Curtea de Apel Bucure\u0219ti \u00een toate litigiile intentate de acela\u0219i ac\u021bionar, care a fost obligat la cheltuiei judiciare exorbitante, \u00een scopul intimid\u0103rii sale \u0219i al execut\u0103rii silite a ac\u021biunilor pe care le de\u021binea la Fondul Proprietatea\u201d.<\/em><\/p>\n\n\n\n<figure class=\"wp-block-image size-full\"><img loading=\"lazy\" decoding=\"async\" width=\"741\" height=\"785\" src=\"https:\/\/desteptati-va.ro\/wp-content\/uploads\/2022\/07\/Decizia-Civila-2081.jpg\" alt=\"\" class=\"wp-image-5080\"\/><figcaption class=\"wp-element-caption\"><strong>Joe Biden \u2013 Mark Gitenstein<\/strong><\/figcaption><\/figure>\n\n\n\n<p class=\"has-vivid-red-color has-text-color has-medium-font-size wp-block-paragraph\"><strong>Folosirea magistra\u021bilor conexa\u021bi la serviciile secrete<\/strong><\/p>\n\n\n\n<p class=\"has-black-color has-text-color has-medium-font-size wp-block-paragraph\">Potrivit ac\u021bionarului reclamant, pentru ob\u021binerea acestor solu\u021bii de respingere, dosarele au fost direc\u021bionate c\u0103tre anumi\u021bi judec\u0103tori, cu concursul pre\u0219edintei de atunci a Sec\u021biei a-VI-a Comerciale de la Tribunalul Bucure\u0219ti, sau au fost solu\u021bionate direct de aceast\u0103, cum a fost cazul dosarelor nr. 48726\/3\/2010, 11640\/299\/2011 \u0219i 24153\/3\/2014. &nbsp;\u00cen cazul \u00een care unele dosare au ajuns la complete care nu erau controlate, au fost retrase de la acestea \u0219i au fost repartizate altor complete, care apoi respingeau cererile formulate. \u00cen dosarul nr. 48726\/3\/2010, care a fost primul solu\u021bionat din seria de litigii cu Fondul Proprietatea \u0219i a avut c\u0103 obiect suspendarea hotararirii Adun\u0103rii Generale a Ac\u021bionarilor de numire a Franklin Templeton c\u0103 administrator, \u0219efa Sec\u021biei a VI-a Comerciale a pronun\u021bat o solu\u021bie de respingere, cu motivarea c\u0103 spe\u021b\u0103 este prea simpl\u0103 iar solu\u021bionarea litigiului ar antama fondul, \u00een condi\u021biile \u00een care, \u00een aceea\u0219i perioad\u0103, a admis o ordonan\u021b\u0103 de suspendare identic\u0103, dar cu alte p\u0103r\u021bi, cu o motivare opus\u0103.<\/p>\n\n\n\n<p class=\"has-black-color has-text-color has-medium-font-size wp-block-paragraph\">Pentru ob\u021binerea solu\u021biilor dorite de fostul ambasador american, au fost exploatate leg\u0103turile pe care anumi\u021bi magistra\u021bi implica\u021bi le aveau cu serviciile secrete afate \u00een subordinea pre\u0219edintelui Traian B\u0103sescu. Dou\u0103 dintre judec\u0103toarele implicate erau suspectate c\u0103 aveau leg\u0103turi directe de colaborare \u0219i de subordonare cu anumite servicii secrete. Alte dou\u0103 judec\u0103toare implicate aveau leg\u0103turi cu serviciile secrete prin so\u021bii lor, respectiv so\u021bul uneia era ofi\u021ber \u00een SRI, iar so\u021bul pre\u0219edintei Sec\u021biei a VI-a Comerciale era ofi\u021ber \u00een serviciul de informa\u021bii al Ministerului Ap\u0103r\u0103rii Na\u021bionale.<\/p>\n\n\n\n<p class=\"has-black-color has-text-color has-medium-font-size wp-block-paragraph\"><strong>Prin interven\u021biile lor asupra instan\u021belor de judecat\u0103, \u00een vederea solu\u021bion\u0103rii favorabile a unor litigii privind anumi\u021bi administratori \u0219i ac\u021bionari ai Fondului Proprietatea, Mark Gittenstein, Traian B\u0103sescu \u0219i Emil Boc sunt culpabili de s\u0103v\u00e2r\u0219irea infrac\u021biunii de folosirea influen\u021bei ori autorit\u0103\u021bii \u00een scopul ob\u021binerii pentru sine sau pentru altul de bani, bunuri sau alte foloase necuvenite, prev\u0103zut\u0103 de articolul 13 din Legea nr. 78\/2000 privind prevenirea, descoperirea \u0219i sanc\u021bionarea faptelor de corup\u021bie.<\/strong><\/p>\n\n\n\n<figure class=\"wp-block-image size-full\"><img loading=\"lazy\" decoding=\"async\" width=\"610\" height=\"538\" src=\"https:\/\/desteptati-va.ro\/wp-content\/uploads\/2022\/07\/BasescuCVTudor.jpg\" alt=\"\" class=\"wp-image-5076\"\/><\/figure>\n\n\n\n<p class=\"has-text-align-center wp-block-paragraph\"><strong>B\u0103sescu la pu\u0219c\u0103rie<\/strong>\u2013 C. V. Tudor<\/p>\n\n\n\n<p class=\"has-black-color has-text-color has-medium-font-size wp-block-paragraph\">\u00cen spe\u021b\u0103 este vorba de ob\u021binerea unor foloase necuvenite pentru administratorul Frankin Tempeton \u0219i de ac\u021bionarul Manchester Securities de la Fondul Proprietatea. Marii lupt\u0103tori anticorup\u021bie Laura Codru\u021ba Kovesi \u0219i Florian Coldea nu s-au sesizat \u00eens\u0103 niciodat\u0103 asupra acestor fapte. Nici nu le-ar fi trecut prin g\u00e2nd av\u00e2nd \u00een vedere c\u0103 f\u0103pta\u0219ii erau principalii lor dirijori \u0219i protectori.&nbsp;&nbsp;<\/p>\n\n\n\n<p class=\"has-black-color has-text-color has-medium-font-size wp-block-paragraph\">Fondului Proprietatea, entitatea care gestioneaz\u0103 ac\u021biunile companiilor din Rom\u00e2nia \u0219i care a conlucrat, \u00een epoca B\u0103sescu, \u00een mod direct cu Autoritatea Na\u021bional\u0103 pentru Restituirea Propriet\u0103\u021bilor (ANRP). \u201eUngerea\u201d lui Gitenstein, apropiatul familiei lui Joe Biden, la Fondul Proprietatea a fost, conform unor surse, rezultatul unei puternice opera\u021biuni de lobby pe l\u00e2ng\u0103 Pre\u0219edin\u021bia Rom\u00e2niei \u0219i pe l\u00e2ng\u0103 Guvernul Rom\u00e2niei de la acel moment. \u00cen condi\u021biile \u00een care administratorul unic al Fondului Proprietatea, care se ocupa \u0219i de administrarea fondului de investi\u021bii alternative este grupul financiar interna\u021bional, controlat de americani, dar cu sediul la Luxemburg, Franklin Templeton International Services S.R.R.L., parte a concernului Franklin Inc.<\/p>\n\n\n\n<p class=\"has-black-color has-text-color has-medium-font-size wp-block-paragraph\">La\u00a0Fondul Proprietatea de\u021bine ac\u021biuni \u0219i magnatul american Bill Gates, fondatorul grupului Microsoft. Funda\u021bia Bill \u0219i Melinda Gates a achizi\u021bionat, pe bursa de la Londra, 120 de milioane de ac\u021biuni la Fondul Proprietatea.\u00a0<\/p>\n\n\n\n<p class=\"has-vivid-red-color has-pale-cyan-blue-background-color has-text-color has-background has-medium-font-size wp-block-paragraph\"><strong>Informa\u021biile provin din diferite surse publice, fiind coroborate pentru a aduce la cuno\u0219tin\u021b\u0103 poporului rom\u00e2n cine sunt adev\u0103ra\u021bii p\u0103pu\u0219ari ai sistemului mafiot care conduce Rom\u00e2nia de 32 de ani.<\/strong><\/p>\n\n\n\n<p class=\"has-vivid-red-color has-pale-cyan-blue-background-color has-text-color has-background has-medium-font-size wp-block-paragraph\"><strong>Distribuie acest articol!<\/strong><\/p>\n        <div class=\"booster-block booster-reactions-block\">\n            <div class=\"twp-reactions-icons\">\n                \n                <div class=\"twp-reacts-wrap\">\n                    <a react-data=\"be-react-1\" post-id=\"5071\" class=\"be-face-icons un-reacted\" href=\"javascript:void(0)\">\n                        <img decoding=\"async\" src=\"https:\/\/desteptati-va.ro\/wp-content\/plugins\/booster-extension\/\/assets\/icon\/happy.svg\" alt=\"Happy\">\n                    <\/a>\n                    <div class=\"twp-reaction-title\">\n                        Happy                    <\/div>\n                    <div class=\"twp-count-percent\">\n                                                    <span style=\"display: none;\" class=\"twp-react-count\">0<\/span>\n                        \n                                                <span class=\"twp-react-percent\"><span>0<\/span> %<\/span>\n                                            <\/div>\n                <\/div>\n\n                <div class=\"twp-reacts-wrap\">\n                    <a react-data=\"be-react-2\" post-id=\"5071\" class=\"be-face-icons un-reacted\" href=\"javascript:void(0)\">\n                        <img decoding=\"async\" src=\"https:\/\/desteptati-va.ro\/wp-content\/plugins\/booster-extension\/\/assets\/icon\/sad.svg\" alt=\"Sad\">\n                    <\/a>\n                    <div class=\"twp-reaction-title\">\n                        Sad                    <\/div>\n                    <div class=\"twp-count-percent\">\n                                                    <span style=\"display: none;\" class=\"twp-react-count\">0<\/span>\n                                                                        <span class=\"twp-react-percent\"><span>0<\/span> %<\/span>\n                                            <\/div>\n                <\/div>\n\n                <div class=\"twp-reacts-wrap\">\n                    <a react-data=\"be-react-3\" post-id=\"5071\" class=\"be-face-icons un-reacted\" href=\"javascript:void(0)\">\n                        <img decoding=\"async\" src=\"https:\/\/desteptati-va.ro\/wp-content\/plugins\/booster-extension\/\/assets\/icon\/excited.svg\" alt=\"Excited\">\n                    <\/a>\n                    <div class=\"twp-reaction-title\">\n                        Excited                    <\/div>\n                    <div class=\"twp-count-percent\">\n                                                    <span style=\"display: none;\" class=\"twp-react-count\">0<\/span>\n                                                                        <span class=\"twp-react-percent\"><span>0<\/span> %<\/span>\n                                            <\/div>\n                <\/div>\n\n                <div class=\"twp-reacts-wrap\">\n                    <a react-data=\"be-react-6\" post-id=\"5071\" class=\"be-face-icons un-reacted\" href=\"javascript:void(0)\">\n                        <img decoding=\"async\" src=\"https:\/\/desteptati-va.ro\/wp-content\/plugins\/booster-extension\/\/assets\/icon\/sleepy.svg\" alt=\"Sleepy\">\n                    <\/a>\n                    <div class=\"twp-reaction-title\">\n                        Sleepy                    <\/div>\n                    <div class=\"twp-count-percent\">\n                                                    <span style=\"display: none;\" class=\"twp-react-count\">0<\/span>\n                        \n                                                <span class=\"twp-react-percent\"><span>0<\/span> %<\/span>\n                                            <\/div>\n                <\/div>\n\n                <div class=\"twp-reacts-wrap\">\n                    <a react-data=\"be-react-4\" post-id=\"5071\" class=\"be-face-icons un-reacted\" href=\"javascript:void(0)\">\n                        <img decoding=\"async\" src=\"https:\/\/desteptati-va.ro\/wp-content\/plugins\/booster-extension\/\/assets\/icon\/angry.svg\" alt=\"Angry\">\n                    <\/a>\n                    <div class=\"twp-reaction-title\">Angry<\/div>\n                    <div class=\"twp-count-percent\">\n                                                    <span style=\"display: none;\" class=\"twp-react-count\">0<\/span>\n                                                                        <span class=\"twp-react-percent\"><span>0<\/span> %<\/span>\n                        \n                    <\/div>\n                <\/div>\n\n                <div class=\"twp-reacts-wrap\">\n                    <a react-data=\"be-react-5\" post-id=\"5071\" class=\"be-face-icons un-reacted\" href=\"javascript:void(0)\">\n                        <img decoding=\"async\" src=\"https:\/\/desteptati-va.ro\/wp-content\/plugins\/booster-extension\/\/assets\/icon\/surprise.svg\" alt=\"Surprise\">\n                    <\/a>\n                    <div class=\"twp-reaction-title\">Surprise<\/div>\n                    <div class=\"twp-count-percent\">\n                                                    <span style=\"display: none;\" class=\"twp-react-count\">0<\/span>\n                                                                        <span class=\"twp-react-percent\"><span>0<\/span> %<\/span>\n                                            <\/div>\n                <\/div>\n\n            <\/div>\n        <\/div>\n\n    <\/div>","protected":false},"excerpt":{"rendered":"<p>Cel mai mare jaf din istorie f\u0103cut de SUA \u00een Rom\u00e2nia: Peste 3 miliarde de dolari din averea poporului rom\u00e2n,<a href=\"https:\/\/desteptati-va.ro\/index.php\/2022\/07\/19\/cel-mai-mare-jaf-facut-de-sua-in-romania\/\">Read More<i class=\"fa fa-long-arrow-right\" aria-hidden=\"true\"><\/i><\/a><\/p>\n","protected":false},"author":1,"featured_media":5074,"comment_status":"open","ping_status":"open","sticky":false,"template":"","format":"standard","meta":{"_crdt_document":"","footnotes":""},"categories":[1,16],"tags":[],"class_list":["post-5071","post","type-post","status-publish","format-standard","has-post-thumbnail","hentry","category-fara-categorie","category-o-tara-furata"],"rise-blocks_total_comments":0,"rise-blocks_categories":[{"term_id":1,"name":"F\u0103r\u0103 categorie","slug":"fara-categorie","term_group":0,"term_taxonomy_id":1,"taxonomy":"category","description":"","parent":0,"count":7,"filter":"raw"}],"rise-blocks_excerpt":"Cel mai mare jaf din istorie f\u0103cut de SUA \u00een Rom\u00e2nia: Peste 3 miliarde de dolari din averea poporului rom\u00e2n, oferite gratuit de B\u0103sescu americanilor Dup\u0103 asasinarea cuplului Ceau\u0219escu \u0219i lovitura de stat din 22 decembrie 1989, cei care au venit la putere au \u00eenceput jefuirea statului rom\u00e2n continu\u00e2nd p\u00e2n\u0103 \u00een zilele noastre sub mandatul lui Klaus Werner Iohannis, un..","yoast_head":"<!-- This site is optimized with the Yoast SEO plugin v26.9 - https:\/\/yoast.com\/product\/yoast-seo-wordpress\/ -->\r\n<title>Cel mai mare jaf f\u0103cut de SUA \u00een Rom\u00e2nia -<\/title>\r\n<meta name=\"robots\" content=\"index, follow, max-snippet:-1, max-image-preview:large, max-video-preview:-1\" \/>\r\n<link rel=\"canonical\" href=\"https:\/\/desteptati-va.ro\/index.php\/2022\/07\/19\/cel-mai-mare-jaf-facut-de-sua-in-romania\/\" \/>\r\n<meta property=\"og:locale\" content=\"ro_RO\" \/>\r\n<meta property=\"og:type\" content=\"article\" \/>\r\n<meta property=\"og:title\" content=\"Cel mai mare jaf f\u0103cut de SUA \u00een Rom\u00e2nia -\" \/>\r\n<meta property=\"og:description\" content=\"Cel mai mare jaf din istorie f\u0103cut de SUA \u00een Rom\u00e2nia: Peste 3 miliarde de dolari din averea poporului rom\u00e2n,Read More\" \/>\r\n<meta property=\"og:url\" content=\"https:\/\/desteptati-va.ro\/index.php\/2022\/07\/19\/cel-mai-mare-jaf-facut-de-sua-in-romania\/\" \/>\r\n<meta property=\"article:published_time\" content=\"2022-07-19T08:49:36+00:00\" \/>\r\n<meta property=\"article:modified_time\" content=\"2022-07-19T08:59:47+00:00\" \/>\r\n<meta property=\"og:image\" content=\"https:\/\/desteptati-va.ro\/wp-content\/uploads\/2022\/07\/BaseBiden.jpg\" \/>\r\n\t<meta property=\"og:image:width\" content=\"594\" \/>\r\n\t<meta property=\"og:image:height\" content=\"367\" \/>\r\n\t<meta property=\"og:image:type\" content=\"image\/jpeg\" \/>\r\n<meta name=\"author\" content=\"wolfsoftcompany\" \/>\r\n<meta name=\"twitter:card\" content=\"summary_large_image\" \/>\r\n<meta name=\"twitter:label1\" content=\"Scris de\" \/>\n\t<meta name=\"twitter:data1\" content=\"wolfsoftcompany\" \/>\n\t<meta name=\"twitter:label2\" content=\"Timp estimat pentru citire\" \/>\n\t<meta name=\"twitter:data2\" content=\"11 minute\" \/>\r\n<script type=\"application\/ld+json\" class=\"yoast-schema-graph\">{\"@context\":\"https:\/\/schema.org\",\"@graph\":[{\"@type\":\"Article\",\"@id\":\"https:\/\/desteptati-va.ro\/index.php\/2022\/07\/19\/cel-mai-mare-jaf-facut-de-sua-in-romania\/#article\",\"isPartOf\":{\"@id\":\"https:\/\/desteptati-va.ro\/index.php\/2022\/07\/19\/cel-mai-mare-jaf-facut-de-sua-in-romania\/\"},\"author\":{\"name\":\"wolfsoftcompany\",\"@id\":\"https:\/\/desteptati-va.ro\/#\/schema\/person\/13182deeebd44920914899f7bb262d6b\"},\"headline\":\"Cel mai mare jaf f\u0103cut de SUA \u00een Rom\u00e2nia\",\"datePublished\":\"2022-07-19T08:49:36+00:00\",\"dateModified\":\"2022-07-19T08:59:47+00:00\",\"mainEntityOfPage\":{\"@id\":\"https:\/\/desteptati-va.ro\/index.php\/2022\/07\/19\/cel-mai-mare-jaf-facut-de-sua-in-romania\/\"},\"wordCount\":1976,\"commentCount\":0,\"image\":{\"@id\":\"https:\/\/desteptati-va.ro\/index.php\/2022\/07\/19\/cel-mai-mare-jaf-facut-de-sua-in-romania\/#primaryimage\"},\"thumbnailUrl\":\"https:\/\/desteptati-va.ro\/wp-content\/uploads\/2022\/07\/BaseBiden.jpg\",\"articleSection\":{\"1\":\"O tara furata\"},\"inLanguage\":\"ro-RO\",\"potentialAction\":[{\"@type\":\"CommentAction\",\"name\":\"Comment\",\"target\":[\"https:\/\/desteptati-va.ro\/index.php\/2022\/07\/19\/cel-mai-mare-jaf-facut-de-sua-in-romania\/#respond\"]}]},{\"@type\":\"WebPage\",\"@id\":\"https:\/\/desteptati-va.ro\/index.php\/2022\/07\/19\/cel-mai-mare-jaf-facut-de-sua-in-romania\/\",\"url\":\"https:\/\/desteptati-va.ro\/index.php\/2022\/07\/19\/cel-mai-mare-jaf-facut-de-sua-in-romania\/\",\"name\":\"Cel mai mare jaf f\u0103cut de SUA \u00een Rom\u00e2nia -\",\"isPartOf\":{\"@id\":\"https:\/\/desteptati-va.ro\/#website\"},\"primaryImageOfPage\":{\"@id\":\"https:\/\/desteptati-va.ro\/index.php\/2022\/07\/19\/cel-mai-mare-jaf-facut-de-sua-in-romania\/#primaryimage\"},\"image\":{\"@id\":\"https:\/\/desteptati-va.ro\/index.php\/2022\/07\/19\/cel-mai-mare-jaf-facut-de-sua-in-romania\/#primaryimage\"},\"thumbnailUrl\":\"https:\/\/desteptati-va.ro\/wp-content\/uploads\/2022\/07\/BaseBiden.jpg\",\"datePublished\":\"2022-07-19T08:49:36+00:00\",\"dateModified\":\"2022-07-19T08:59:47+00:00\",\"author\":{\"@id\":\"https:\/\/desteptati-va.ro\/#\/schema\/person\/13182deeebd44920914899f7bb262d6b\"},\"breadcrumb\":{\"@id\":\"https:\/\/desteptati-va.ro\/index.php\/2022\/07\/19\/cel-mai-mare-jaf-facut-de-sua-in-romania\/#breadcrumb\"},\"inLanguage\":\"ro-RO\",\"potentialAction\":[{\"@type\":\"ReadAction\",\"target\":[\"https:\/\/desteptati-va.ro\/index.php\/2022\/07\/19\/cel-mai-mare-jaf-facut-de-sua-in-romania\/\"]}]},{\"@type\":\"ImageObject\",\"inLanguage\":\"ro-RO\",\"@id\":\"https:\/\/desteptati-va.ro\/index.php\/2022\/07\/19\/cel-mai-mare-jaf-facut-de-sua-in-romania\/#primaryimage\",\"url\":\"https:\/\/desteptati-va.ro\/wp-content\/uploads\/2022\/07\/BaseBiden.jpg\",\"contentUrl\":\"https:\/\/desteptati-va.ro\/wp-content\/uploads\/2022\/07\/BaseBiden.jpg\",\"width\":594,\"height\":367},{\"@type\":\"BreadcrumbList\",\"@id\":\"https:\/\/desteptati-va.ro\/index.php\/2022\/07\/19\/cel-mai-mare-jaf-facut-de-sua-in-romania\/#breadcrumb\",\"itemListElement\":[{\"@type\":\"ListItem\",\"position\":1,\"name\":\"Prima pagin\u0103\",\"item\":\"https:\/\/desteptati-va.ro\/\"},{\"@type\":\"ListItem\",\"position\":2,\"name\":\"Cel mai mare jaf f\u0103cut de SUA \u00een Rom\u00e2nia\"}]},{\"@type\":\"WebSite\",\"@id\":\"https:\/\/desteptati-va.ro\/#website\",\"url\":\"https:\/\/desteptati-va.ro\/\",\"name\":\"\",\"description\":\"\",\"potentialAction\":[{\"@type\":\"SearchAction\",\"target\":{\"@type\":\"EntryPoint\",\"urlTemplate\":\"https:\/\/desteptati-va.ro\/?s={search_term_string}\"},\"query-input\":{\"@type\":\"PropertyValueSpecification\",\"valueRequired\":true,\"valueName\":\"search_term_string\"}}],\"inLanguage\":\"ro-RO\"},{\"@type\":\"Person\",\"@id\":\"https:\/\/desteptati-va.ro\/#\/schema\/person\/13182deeebd44920914899f7bb262d6b\",\"name\":\"wolfsoftcompany\",\"image\":{\"@type\":\"ImageObject\",\"inLanguage\":\"ro-RO\",\"@id\":\"https:\/\/desteptati-va.ro\/#\/schema\/person\/image\/\",\"url\":\"https:\/\/secure.gravatar.com\/avatar\/a6cce9b6d101d27d91690e7073e300fed94c0899890bf998e082cb9d2c3d121e?s=96&d=mm&r=g\",\"contentUrl\":\"https:\/\/secure.gravatar.com\/avatar\/a6cce9b6d101d27d91690e7073e300fed94c0899890bf998e082cb9d2c3d121e?s=96&d=mm&r=g\",\"caption\":\"wolfsoftcompany\"},\"sameAs\":[\"http:\/\/desteptati-va.ro\"],\"url\":\"https:\/\/desteptati-va.ro\/index.php\/author\/wolfsoftcompany\/\"}]}<\/script>\r\n<!-- \/ Yoast SEO plugin. -->","yoast_head_json":{"title":"Cel mai mare jaf f\u0103cut de SUA \u00een Rom\u00e2nia -","robots":{"index":"index","follow":"follow","max-snippet":"max-snippet:-1","max-image-preview":"max-image-preview:large","max-video-preview":"max-video-preview:-1"},"canonical":"https:\/\/desteptati-va.ro\/index.php\/2022\/07\/19\/cel-mai-mare-jaf-facut-de-sua-in-romania\/","og_locale":"ro_RO","og_type":"article","og_title":"Cel mai mare jaf f\u0103cut de SUA \u00een Rom\u00e2nia -","og_description":"Cel mai mare jaf din istorie f\u0103cut de SUA \u00een Rom\u00e2nia: Peste 3 miliarde de dolari din averea poporului rom\u00e2n,Read More","og_url":"https:\/\/desteptati-va.ro\/index.php\/2022\/07\/19\/cel-mai-mare-jaf-facut-de-sua-in-romania\/","article_published_time":"2022-07-19T08:49:36+00:00","article_modified_time":"2022-07-19T08:59:47+00:00","og_image":[{"width":594,"height":367,"url":"https:\/\/desteptati-va.ro\/wp-content\/uploads\/2022\/07\/BaseBiden.jpg","type":"image\/jpeg"}],"author":"wolfsoftcompany","twitter_card":"summary_large_image","twitter_misc":{"Scris de":"wolfsoftcompany","Timp estimat pentru citire":"11 minute"},"schema":{"@context":"https:\/\/schema.org","@graph":[{"@type":"Article","@id":"https:\/\/desteptati-va.ro\/index.php\/2022\/07\/19\/cel-mai-mare-jaf-facut-de-sua-in-romania\/#article","isPartOf":{"@id":"https:\/\/desteptati-va.ro\/index.php\/2022\/07\/19\/cel-mai-mare-jaf-facut-de-sua-in-romania\/"},"author":{"name":"wolfsoftcompany","@id":"https:\/\/desteptati-va.ro\/#\/schema\/person\/13182deeebd44920914899f7bb262d6b"},"headline":"Cel mai mare jaf f\u0103cut de SUA \u00een Rom\u00e2nia","datePublished":"2022-07-19T08:49:36+00:00","dateModified":"2022-07-19T08:59:47+00:00","mainEntityOfPage":{"@id":"https:\/\/desteptati-va.ro\/index.php\/2022\/07\/19\/cel-mai-mare-jaf-facut-de-sua-in-romania\/"},"wordCount":1976,"commentCount":0,"image":{"@id":"https:\/\/desteptati-va.ro\/index.php\/2022\/07\/19\/cel-mai-mare-jaf-facut-de-sua-in-romania\/#primaryimage"},"thumbnailUrl":"https:\/\/desteptati-va.ro\/wp-content\/uploads\/2022\/07\/BaseBiden.jpg","articleSection":{"1":"O tara furata"},"inLanguage":"ro-RO","potentialAction":[{"@type":"CommentAction","name":"Comment","target":["https:\/\/desteptati-va.ro\/index.php\/2022\/07\/19\/cel-mai-mare-jaf-facut-de-sua-in-romania\/#respond"]}]},{"@type":"WebPage","@id":"https:\/\/desteptati-va.ro\/index.php\/2022\/07\/19\/cel-mai-mare-jaf-facut-de-sua-in-romania\/","url":"https:\/\/desteptati-va.ro\/index.php\/2022\/07\/19\/cel-mai-mare-jaf-facut-de-sua-in-romania\/","name":"Cel mai mare jaf f\u0103cut de SUA \u00een Rom\u00e2nia -","isPartOf":{"@id":"https:\/\/desteptati-va.ro\/#website"},"primaryImageOfPage":{"@id":"https:\/\/desteptati-va.ro\/index.php\/2022\/07\/19\/cel-mai-mare-jaf-facut-de-sua-in-romania\/#primaryimage"},"image":{"@id":"https:\/\/desteptati-va.ro\/index.php\/2022\/07\/19\/cel-mai-mare-jaf-facut-de-sua-in-romania\/#primaryimage"},"thumbnailUrl":"https:\/\/desteptati-va.ro\/wp-content\/uploads\/2022\/07\/BaseBiden.jpg","datePublished":"2022-07-19T08:49:36+00:00","dateModified":"2022-07-19T08:59:47+00:00","author":{"@id":"https:\/\/desteptati-va.ro\/#\/schema\/person\/13182deeebd44920914899f7bb262d6b"},"breadcrumb":{"@id":"https:\/\/desteptati-va.ro\/index.php\/2022\/07\/19\/cel-mai-mare-jaf-facut-de-sua-in-romania\/#breadcrumb"},"inLanguage":"ro-RO","potentialAction":[{"@type":"ReadAction","target":["https:\/\/desteptati-va.ro\/index.php\/2022\/07\/19\/cel-mai-mare-jaf-facut-de-sua-in-romania\/"]}]},{"@type":"ImageObject","inLanguage":"ro-RO","@id":"https:\/\/desteptati-va.ro\/index.php\/2022\/07\/19\/cel-mai-mare-jaf-facut-de-sua-in-romania\/#primaryimage","url":"https:\/\/desteptati-va.ro\/wp-content\/uploads\/2022\/07\/BaseBiden.jpg","contentUrl":"https:\/\/desteptati-va.ro\/wp-content\/uploads\/2022\/07\/BaseBiden.jpg","width":594,"height":367},{"@type":"BreadcrumbList","@id":"https:\/\/desteptati-va.ro\/index.php\/2022\/07\/19\/cel-mai-mare-jaf-facut-de-sua-in-romania\/#breadcrumb","itemListElement":[{"@type":"ListItem","position":1,"name":"Prima pagin\u0103","item":"https:\/\/desteptati-va.ro\/"},{"@type":"ListItem","position":2,"name":"Cel mai mare jaf f\u0103cut de SUA \u00een Rom\u00e2nia"}]},{"@type":"WebSite","@id":"https:\/\/desteptati-va.ro\/#website","url":"https:\/\/desteptati-va.ro\/","name":"","description":"","potentialAction":[{"@type":"SearchAction","target":{"@type":"EntryPoint","urlTemplate":"https:\/\/desteptati-va.ro\/?s={search_term_string}"},"query-input":{"@type":"PropertyValueSpecification","valueRequired":true,"valueName":"search_term_string"}}],"inLanguage":"ro-RO"},{"@type":"Person","@id":"https:\/\/desteptati-va.ro\/#\/schema\/person\/13182deeebd44920914899f7bb262d6b","name":"wolfsoftcompany","image":{"@type":"ImageObject","inLanguage":"ro-RO","@id":"https:\/\/desteptati-va.ro\/#\/schema\/person\/image\/","url":"https:\/\/secure.gravatar.com\/avatar\/a6cce9b6d101d27d91690e7073e300fed94c0899890bf998e082cb9d2c3d121e?s=96&d=mm&r=g","contentUrl":"https:\/\/secure.gravatar.com\/avatar\/a6cce9b6d101d27d91690e7073e300fed94c0899890bf998e082cb9d2c3d121e?s=96&d=mm&r=g","caption":"wolfsoftcompany"},"sameAs":["http:\/\/desteptati-va.ro"],"url":"https:\/\/desteptati-va.ro\/index.php\/author\/wolfsoftcompany\/"}]}},"_links":{"self":[{"href":"https:\/\/desteptati-va.ro\/index.php\/wp-json\/wp\/v2\/posts\/5071","targetHints":{"allow":["GET"]}}],"collection":[{"href":"https:\/\/desteptati-va.ro\/index.php\/wp-json\/wp\/v2\/posts"}],"about":[{"href":"https:\/\/desteptati-va.ro\/index.php\/wp-json\/wp\/v2\/types\/post"}],"author":[{"embeddable":true,"href":"https:\/\/desteptati-va.ro\/index.php\/wp-json\/wp\/v2\/users\/1"}],"replies":[{"embeddable":true,"href":"https:\/\/desteptati-va.ro\/index.php\/wp-json\/wp\/v2\/comments?post=5071"}],"version-history":[{"count":3,"href":"https:\/\/desteptati-va.ro\/index.php\/wp-json\/wp\/v2\/posts\/5071\/revisions"}],"predecessor-version":[{"id":5083,"href":"https:\/\/desteptati-va.ro\/index.php\/wp-json\/wp\/v2\/posts\/5071\/revisions\/5083"}],"wp:featuredmedia":[{"embeddable":true,"href":"https:\/\/desteptati-va.ro\/index.php\/wp-json\/wp\/v2\/media\/5074"}],"wp:attachment":[{"href":"https:\/\/desteptati-va.ro\/index.php\/wp-json\/wp\/v2\/media?parent=5071"}],"wp:term":[{"taxonomy":"category","embeddable":true,"href":"https:\/\/desteptati-va.ro\/index.php\/wp-json\/wp\/v2\/categories?post=5071"},{"taxonomy":"post_tag","embeddable":true,"href":"https:\/\/desteptati-va.ro\/index.php\/wp-json\/wp\/v2\/tags?post=5071"}],"curies":[{"name":"wp","href":"https:\/\/api.w.org\/{rel}","templated":true}]}}