{"id":5103,"date":"2022-07-28T12:29:07","date_gmt":"2022-07-28T10:29:07","guid":{"rendered":"https:\/\/desteptati-va.ro\/?p=5103"},"modified":"2022-07-28T12:40:53","modified_gmt":"2022-07-28T10:40:53","slug":"anatomia-unei-lovituri-de-stat-cum-a-pus-cia-bazele-razboiului-din-ucraina","status":"publish","type":"post","link":"https:\/\/desteptati-va.ro\/index.php\/2022\/07\/28\/anatomia-unei-lovituri-de-stat-cum-a-pus-cia-bazele-razboiului-din-ucraina\/","title":{"rendered":"Anatomia unei lovituri de stat: Cum a pus CIA bazele r\u0103zboiului din Ucraina"},"content":{"rendered":"<div class=\"post-content\"><div class='booster-block booster-read-block'>\n                <div class=\"twp-read-time\">\n                \t<i class=\"booster-icon twp-clock\"><\/i> <span>Read Time:<\/span>17 Minute, 14 Second                <\/div>\n\n            <\/div>\n<p class=\"wp-block-paragraph\">De c\u0103tre &nbsp;<a href=\"https:\/\/anonimus.ro\/author\/anonimus\/\">Anonimus<\/a>&nbsp;-27 iulie, 2022<\/p>\n\n\n\n<p class=\"has-vivid-red-color has-pale-cyan-blue-background-color has-text-color has-background has-medium-font-size wp-block-paragraph\">Un articol de Kit Klarenberg, jurnalist de investiga\u021bie britanic a c\u0103rui activitate exploreaz\u0103 rolul serviciilor de informa\u021bii \u00een modelarea politicii \u0219i a percep\u021biilor:<\/p>\n\n\n\n<p class=\"has-vivid-red-color has-white-background-color has-text-color has-background has-medium-font-size wp-block-paragraph\">Exemplele evidente de ac\u021biuni secrete ale Agen\u021biei Centrale de Informa\u021bii \u00een str\u0103in\u0103tate sunt greu de identificat \u00een prezent, cu excep\u021bia unor calamit\u0103\u021bi recunoscute ocazional, cum ar fi efortul \u00eendelungat de 1 miliard de dolari pentru r\u0103sturnarea guvernului Siriei, prin finan\u021barea, antrenarea \u0219i \u00eenarmarea unor grupuri jihadiste barbare.<\/p>\n\n\n\n<p class=\"wp-block-paragraph\"><a href=\"https:\/\/anonimus.ro\/2022\/07\/20347\/#respond\" rel=\"nofollow\">0<\/a><\/p>\n\n\n<div class=\"wp-block-image\">\n<figure class=\"aligncenter is-resized\"><img loading=\"lazy\" decoding=\"async\" src=\"https:\/\/anonimus.ro\/wp-content\/uploads\/2015\/07\/Victoria%20Nuland-300x225.jpg\" alt=\"Victoria Nuland\" class=\"wp-image-2825\" width=\"467\" height=\"350\"\/><\/figure>\n<\/div>\n\n\n<p class=\"has-black-color has-text-color has-medium-font-size wp-block-paragraph\">\u00cen parte, acest lucru provine din faptul c\u0103 multe dintre responsabilit\u0103\u021bile \u0219i activit\u0103\u021bile tradi\u021bionale ale CIA au fost \u00eencredin\u021bate unor organiza\u021bii \u201edeschise\u201d, \u00een special National Endowment for Democracy (NED).  <a href=\"https:\/\/www.ned.org\/\">https:\/\/www.ned.org\/<\/a><\/p>\n\n\n\n<p class=\"has-black-color has-text-color has-medium-font-size wp-block-paragraph\">Directorul CIA de atunci, William Casey, s-a aflat \u00een centrul cre\u0103rii NED, \u00een noiembrie 1983. El a c\u0103utat s\u0103 construiasc\u0103 un mecanism public pentru a sprijini grupurile de opozi\u021bie, mi\u0219c\u0103rile activiste \u0219i mijloacele de informare \u00een mas\u0103 din str\u0103in\u0103tate care s\u0103 se angajeze \u00een propagand\u0103 \u0219i activism politic pentru a perturba, destabiliza \u0219i, \u00een cele din urm\u0103, a \u00eenl\u0103tura regimurile \u201einamice\u201d. Subterfugii cu fa\u021b\u0103 uman\u0103, ca s\u0103 folosesc o expresie.<\/p>\n\n\n\n<p class=\"has-black-color has-text-color has-medium-font-size wp-block-paragraph\">Subliniind adev\u0103rata natur\u0103 insidioas\u0103 a Fondului, \u00eentr-un articol publicat \u00een 1991 \u00een Washington Post, \u00een care se l\u0103uda cu ispr\u0103vile sale \u00een r\u0103sturnarea comunismului \u00een Europa de Est, Allen Weinstein, oficial de rang \u00eenalt al NED, recuno\u0219tea: \u201eMulte din ceea ce facem ast\u0103zi au fost f\u0103cute sub acoperire acum 25 de ani de c\u0103tre CIA\u201d.<\/p>\n\n\n\n<p class=\"has-black-color has-text-color has-medium-font-size wp-block-paragraph\"><strong>A \u00eenceput<\/strong><\/p>\n\n\n\n<p class=\"has-black-color has-text-color has-medium-font-size wp-block-paragraph\">Trecem&nbsp;rapid la septembrie 2013, iar Carl Gershman, \u0219eful NED de la lansare \u0219i p\u00e2n\u0103 \u00een vara anului 2021, a scris un articol de opinie pentru The Washington Post, subliniind modul \u00een care organiza\u021bia sa lucra din greu pentru a smulge \u021b\u0103rile din vecin\u0103tatea apropiat\u0103 a Rusiei \u2013&nbsp;constela\u021bia de foste republici sovietice \u0219i state din Pactul de la Var\u0219ovia \u2013&nbsp;de pe orbita Moscovei.<\/p>\n\n\n\n<p class=\"has-black-color has-text-color has-medium-font-size wp-block-paragraph\">Pe parcurs, el a descris Ucraina ca fiind \u201ecel mai mare premiu\u201d din regiune, suger\u00e2nd c\u0103 aderarea Kievului la Europa ar \u201eaccelera dispari\u021bia\u201d pre\u0219edintelui rus Vladimir Putin. \u0218ase luni mai t\u00e2rziu, pre\u0219edintele ales al Ucrainei, Viktor Ianukovici, a fost \u00eenl\u0103turat \u00een urma unei lovituri de stat violente.<\/p>\n\n\n\n<p class=\"has-black-color has-text-color has-medium-font-size wp-block-paragraph\">Scriind \u00een Consortium News la \u00eenceputul acelei luni, legenda investiga\u021biilor Robert Parry a consemnat cum, \u00een anul precedent, NED a finan\u021bat 65 de proiecte \u00een Ucraina, \u00een valoare total\u0103 de peste 20 de milioane de dolari. Acest lucru a \u00eensemnat ceea ce regretatul jurnalist a numit \u201eo structur\u0103 politic\u0103 din umbr\u0103 a grupurilor media \u0219i a grupurilor de activi\u0219ti care ar putea fi desf\u0103\u0219urat\u0103 pentru a st\u00e2rni tulbur\u0103ri atunci c\u00e2nd guvernul ucrainean nu ac\u021bioneaz\u0103 a\u0219a cum dore\u0219te\u201d.<\/p>\n\n\n\n<p class=\"has-black-color has-text-color has-medium-font-size wp-block-paragraph\">Rolul esen\u021bial al NED \u00een \u00eenl\u0103turarea lui Ianukovici poate fi considerat incontestabil, o chestiune de eviden\u021b\u0103 f\u0103r\u0103 echivoc \u2013&nbsp;totu\u0219i, nu numai c\u0103 fenomenul nu este niciodat\u0103 recunoscut \u00een presa mainstream, dar jurnali\u0219tii occidentali resping agresiv ideea, atac\u00e2ndu-i cu r\u0103utate pe acei pu\u021bini care \u00eendr\u0103znesc s\u0103 conteste ortodoxia stabilit\u0103 a inocen\u021bei SUA.<\/p>\n\n\n\n<p class=\"has-black-color has-text-color has-medium-font-size wp-block-paragraph\">Ca \u0219i cum ar fi ajutat la aceast\u0103 \u00een\u0219el\u0103ciune, NED a eliminat multe intr\u0103ri de pe site-ul s\u0103u \u00een anii care au trecut de la lovitura de stat, informa\u021bii ce subliniaz\u0103 amplu rolul s\u0103u \u00een r\u0103sturnarea lui Ianukovici.<\/p>\n\n\n\n<p class=\"has-black-color has-text-color has-medium-font-size wp-block-paragraph\">De exemplu, pe 3 februarie 2014, cu mai pu\u021bin de trei s\u0103pt\u0103m\u00e2ni \u00eenainte ca poli\u021bia s\u0103 se retrag\u0103 din Kiev, pred\u00e2nd efectiv ora\u0219ul protestatarilor \u00eenarma\u021bi \u0219i determin\u00e2ndu-l pe Ianukovici s\u0103 fug\u0103 din \u021bar\u0103, NED a convocat un eveniment, \u00abLec\u021biile \u00eenv\u0103\u021bate de Ucraina: de la Revolu\u021bia portocalie la Euromaidan\u00bb.<\/p>\n\n\n\n<p class=\"has-black-color has-text-color has-medium-font-size wp-block-paragraph\">Evenimentul a fost condus de jurnalistul ucrainean Sergii Leshchenko. La acea vreme, Leshchenko \u00ee\u0219i \u00eencheia o burs\u0103 Reagan-Fascell pentru democra\u021bie sponsorizat\u0103 de NED la Washington DC.<\/p>\n\n\n\n<p class=\"has-black-color has-text-color has-medium-font-size wp-block-paragraph\">Al\u0103turi de el a fost Nadia Diuk, consilier principal al NED pentru Europa \u0219i Eurasia la acea vreme \u0219i absolvent\u0103 a St. Antony\u2019s College Oxford, un renumit centru de recrutare pentru serviciile secrete britanice, fondat de fo\u0219ti spioni. Chiar \u00eenainte de moartea sa, \u00een ianuarie 2019, i s-a conferit Ordinul Prin\u021besei Olga, una dintre cele mai \u00eenalte distinc\u021bii ale Kievului, un exemplu deosebit de palpabil al leg\u0103turilor intime \u0219i durabile dintre NED \u0219i guvernul ucrainean.<\/p>\n\n\n\n<p class=\"has-black-color has-text-color has-medium-font-size wp-block-paragraph\">\u00cen timp ce lista online a evenimentului r\u0103m\u00e2ne \u00een vigoare \u0219i ast\u0103zi, documentele justificative legate de acesta \u2013&nbsp;inclusiv slide-urile Powerpoint care au \u00eenso\u021bit discursul lui Leshchenko \u0219i un rezumat al \u201epunctelor importante ale evenimentului\u201d \u2013&nbsp;au fost \u0219terse.<\/p>\n\n\n\n<p class=\"has-black-color has-text-color has-medium-font-size wp-block-paragraph\">Nu este clar ce a determinat epurarea, de\u0219i ar putea fi semnificativ faptul c\u0103 discursul lui Leshchenko a oferit un plan clar pentru a garanta c\u0103 e\u0219ecul Revolu\u021biei Portocalii din 2004 \u2013&nbsp;un alt puci orchestrat de NED \u2013&nbsp;nu se va repeta, iar \u021bara va r\u0103m\u00e2ne capturat\u0103 de interesele financiare, politice \u0219i ideologice occidentale dup\u0103 Maidan. A fost o foaie de parcurs pe care NED a urmat-o ulterior la liter\u0103.<\/p>\n\n\n\n<p class=\"has-black-color has-text-color has-medium-font-size wp-block-paragraph\">Pe parcurs, Leshchenko a subliniat \u00een mod special importan\u021ba finan\u021b\u0103rii ONG-urilor, a exploat\u0103rii internetului \u0219i a re\u021belelor de socializare ca \u201esurse [alternative] de informare\u201d \u0219i pericolul \u201eteleviziunii de stat nereformate\u201d.<\/p>\n\n\n\n<p class=\"has-black-color has-text-color has-medium-font-size wp-block-paragraph\">A\u0219a se face c\u0103, pe 19 martie, reprezentan\u021bii partidului de extrem\u0103 dreapta Svoboda (legat de un masacru sub steag fals al protestatarilor pe 20 februarie, eveniment care a f\u0103cut ca c\u0103derea guvernului Ianukovici s\u0103 fie un fapt \u00eemplinit) au p\u0103truns \u00een biroul lui Oleksandr Panteleymonov, \u0219eful televiziunii de stat din Ucraina, \u0219i l-au b\u0103tut p\u00e2n\u0103 c\u00e2nd a semnat o scrisoare de demisie.<\/p>\n\n\n\n<p class=\"has-black-color has-text-color has-medium-font-size wp-block-paragraph\">Incidentul \u0219ocant, motivat de faptul c\u0103 postul a difuzat o ceremonie de la Kremlin \u00een cadrul c\u0103reia Vladimir Putin a semnat un proiect de lege care oficializa apartenen\u021ba Crimeei la Rusia, a fost unul dintre multele transmise \u00een direct de protestatari, pe internet.<\/p>\n\n\n\n<p class=\"has-black-color has-text-color has-medium-font-size wp-block-paragraph\">\u00cen pofida elimin\u0103rii brutale a \u0219efului televiziunii de stat din Ucraina, o mare parte din transmisiunile \u00een direct au servit la prezentarea publicului str\u0103in a unei nara\u021biuni extrem de romantice despre demonstra\u021bii \u0219i participan\u021bii la acestea. Ele nu aveau nicio leg\u0103tur\u0103 sau foarte pu\u021bin\u0103 cu realitatea.<\/p>\n\n\n\n<p class=\"has-black-color has-text-color has-medium-font-size wp-block-paragraph\"><strong>Revolu\u021bia va fi televizat\u0103<\/strong><\/p>\n\n\n\n<p class=\"has-black-color has-text-color has-medium-font-size wp-block-paragraph\">Scriind \u00een publica\u021bia academic\u0103 trimestrial\u0103 a NED, Journal of Democracy, \u00een luna iulie a aceluia\u0219i an, Leshchenko a discutat \u00een detaliu rolul mass-media \u00een succesul loviturii de stat de pe Maidan, atr\u0103g\u00e2nd \u00een mod special aten\u021bia asupra rolului fundamental al \u201ejurnalistului online\u201d Mustafa Nayyem.<\/p>\n\n\n\n<p class=\"has-black-color has-text-color has-medium-font-size wp-block-paragraph\">Nayyem a dat startul protestelor \u00een luna noiembrie a anului precedent, mobiliz\u00e2nd sute de adep\u021bi ai s\u0103i de pe Facebook pentru a protesta \u00een Pia\u021ba Independen\u021bei din Kiev \u2013&nbsp;\u00een prezent Pia\u021ba Maidan \u2013&nbsp;dup\u0103 ce Ianukovici a renun\u021bat la Acordul de asociere Ucraina-Europa \u00een favoarea unui acord mai convenabil cu Moscova.<\/p>\n\n\n\n<p class=\"has-black-color has-text-color has-medium-font-size wp-block-paragraph\">Nayyem nu era un \u201ejurnalist online\u201d obi\u0219nuit. \u00cen octombrie 2012, el a fost unul dintre cei \u0219ase ucraineni trimi\u0219i la Washington DC de Meridian International, o organiza\u021bie legat\u0103 de Departamentul de Stat care identific\u0103 \u0219i preg\u0103te\u0219te viitorii lideri de peste hotare, pentru a \u201eobserva \u0219i experimenta\u201d alegerile preziden\u021biale din acel an.<\/p>\n\n\n\n<p class=\"has-black-color has-text-color has-medium-font-size wp-block-paragraph\">Finan\u021ba\u021bi de ambasada SUA la Kiev, timp de 10 zile, ace\u0219tia \u201eau dob\u00e2ndit o \u00een\u021belegere mai profund\u0103 a procesului electoral american\u201d, \u00eent\u00e2lnindu-se cu candida\u021bi \u0219i func\u021bionari electorali \u0219i vizit\u00e2nd centrele de votare. De asemenea, au fost invita\u021bi s\u0103 discute despre \u201eprogresul Ucrainei c\u0103tre un proces electoral mai corect \u0219i mai transparent\u201d cu reprezentan\u021bi \u201ela fel de curio\u0219i\u201d ai agen\u021biilor guvernamentale americane.<\/p>\n\n\n\n<p class=\"has-black-color has-text-color has-medium-font-size wp-block-paragraph\">Cu cine s-a \u00eent\u00e2lnit sextetul nu a fost precizat, de\u0219i imaginile promo\u021bionale \u00eel arat\u0103 pe Nayyem film\u00e2nd cu smartphone-ul s\u0103u un summit personal cu John McCain. Videoclipul a fost postat pe canalul s\u0103u personal de YouTube \u2013&nbsp;vedem cum Nayyem \u00eei cere cunoscutului r\u0103zboinic p\u0103rerea despre Ucraina, la care McCain r\u0103spunde: \u201eSunt \u00eengrijorat de influen\u021ba Rusiei\u201d.<\/p>\n\n\n\n<figure class=\"wp-block-image\" id=\"attachment_20348\"><img decoding=\"async\" src=\"https:\/\/anonimus.ro\/wp-content\/uploads\/2022\/07\/Victoria-Nuland-la-intalnirea-cu-presedintele-ucrainean-Viktor-Ianukovici-la-Kiev-300x180.jpg\" alt=\"\" class=\"wp-image-20348\"\/><figcaption class=\"wp-element-caption\">Victoria Nuland la \u00eent\u00e2lnirea cu pre\u0219edintele ucrainean, Viktor Ianukovici, la Kiev<\/figcaption><\/figure>\n\n\n\n<p class=\"has-black-color has-text-color has-medium-font-size wp-block-paragraph\">\u00cent\u00e2mplarea este frapant\u0103, \u00eentruc\u00e2t McCain a zburat la Kiev \u00een decembrie 2013 pentru a \u021bine un discurs \u00een fa\u021ba protestatarilor de pe Maidan, flancat de cunoscutul neonazist Oleh Tyahnybok. Oficialul de atunci al Departamentului de Stat, Victoria Nuland, \u00een prezent subsecretar de stat pentru afaceri politice, a fost de asemenea prezent\u0103, \u00eemp\u0103r\u021bind \u00een mod notoriu fursecuri motiva\u021bionale participan\u021bilor.<\/p>\n\n\n\n<p class=\"has-black-color has-text-color has-medium-font-size wp-block-paragraph\">Pe 4 februarie 2014, la o zi dup\u0103 prezentarea lui Leshchenko la NED, a fost difuzat\u0103 o \u00eenregistrare interceptat\u0103 a unei convorbiri telefonice \u00eentre Nuland \u0219i ambasadorul SUA \u00een Ucraina, Geoffrey Pyatt. Cei doi discutau despre modul \u00een care Washingtonul \u201emijlocea\u201d \u00eenl\u0103turarea lui Ianukovici \u0219i numea mai multe persoane alese cu grij\u0103 pentru a conduce guvernul post lovitur\u0103 de stat.<\/p>\n\n\n\n<p class=\"has-black-color has-text-color has-medium-font-size wp-block-paragraph\">Nu este sigur dac\u0103 contactele influente ale lui Nayyem \u00een SUA au motivat \u00een vreun fel decizia sa de a declan\u0219a demonstra\u021biile de pe Maidan din noiembrie 2013. Rolul esen\u021bial pe care l-a jucat \u00een promovarea protestelor la nivel global este mult mai clar, \u00eentruc\u00e2t Nayyem a fost un fondator cheie al postului de televiziune digital\u0103 Hromadske TV.<\/p>\n\n\n\n<p class=\"has-black-color has-text-color has-medium-font-size wp-block-paragraph\">\u00cen articolul s\u0103u din Journal of Democracy, Leshchenko consemneaz\u0103 cum Hromadske nici m\u0103car nu se lansase oficial c\u00e2nd a \u00eenceput s\u0103 transmit\u0103 \u00een direct demonstra\u021biile de pe Maidan, \u00een secunda \u00een care au izbucnit la \u00eendemnul lui Nayyem.<\/p>\n\n\n\n<p class=\"has-black-color has-text-color has-medium-font-size wp-block-paragraph\">\u00cen timp ce Leshchenko afirm\u0103 timid c\u0103 Hromadske \u201e\u0219i-a atras cea mai mare parte a finan\u021b\u0103rii sale modeste de la organiza\u021bii interna\u021bionale \u0219i de la dona\u021biile cet\u0103\u021benilor ucraineni\u201d, postul a primit de fapt sute de mii de dolari de la o varietate de surse dubioase, inclusiv de la Ambasada SUA \u00een Ucraina, frontul de informa\u021bii USAID, Funda\u021bia Interna\u021bional\u0103 Rena\u0219terea a lui George Soros, oligarhul american Pierre Omidyar \u0219i \u2013&nbsp;desigur \u2013&nbsp;NED.<\/p>\n\n\n\n<p class=\"has-black-color has-text-color has-medium-font-size wp-block-paragraph\">Ulterior, audien\u021ba lui Hromadske s-a extins rapid at\u00e2t \u00een Ucraina, c\u00e2t \u0219i \u00een afara \u021b\u0103rii, iar produc\u021bia sa a fost reciclat\u0103 cu entuziasm de nenum\u0103rate institu\u021bii de \u0219tiri principale. Ceea ce \u00eenseamn\u0103 c\u0103 telespectatorilor occidentali li s-a prezentat o singur\u0103 perspectiv\u0103 partizan\u0103 asupra tulbur\u0103rilor \u2013&nbsp;\u0219i \u00eenc\u0103 una extrem de \u00een\u0219el\u0103toare.<\/p>\n\n\n\n<p class=\"has-black-color has-text-color has-medium-font-size wp-block-paragraph\">Pe baza reportajului realizat de Hromadske, spectatorii de peste m\u0103ri \u0219i \u021b\u0103ri ar fi fost complet ierta\u021bi dac\u0103 ar fi concluzionat c\u0103 protestele au fost \u00een \u00eentregime alimentate de preocup\u0103rile legate de drepturile omului \u0219i de democra\u021bie. Fiind \u0219i cople\u0219itor de populare, chiar dac\u0103 nu \u00een mod universal.<\/p>\n\n\n\n<p class=\"has-black-color has-text-color has-medium-font-size wp-block-paragraph\">\u00centr-un eseu reprezentativ din februarie 2014, \u00een care respingea drept propagand\u0103 rus\u0103 faptul c\u0103 at\u00e2t printre demonstran\u021bii de pe Maidan, c\u00e2t \u0219i printre liderii acestora se aflau mul\u021bi neonazi\u0219ti, academicianul \u0219i colaboratorul Journal of Democracy Andreas Umland a declarat cu \u00eendr\u0103zneal\u0103 c\u0103 \u201emi\u0219carea \u00een ansamblu\u2026 reflect\u0103 \u00eentreaga popula\u021bie ucrainean\u0103, t\u00e2n\u0103r\u0103 \u0219i b\u0103tr\u00e2n\u0103\u201d.<\/p>\n\n\n\n<p class=\"has-black-color has-text-color has-medium-font-size wp-block-paragraph\">Nimic nu ar fi putut fi mai departe de adev\u0103r. Un articol de opinie extraordinar de revelator din Washington Post al academicienilor nord-americani Keith Darden \u0219i Lucan Way, publicat \u00een aceea\u0219i lun\u0103, a detonat nara\u021biunea care de atunci a d\u0103inuit \u0219i s-a intensificat.<\/p>\n\n\n\n<p class=\"has-black-color has-text-color has-medium-font-size wp-block-paragraph\">Cei doi au expus \u00een mod forensic modul cum mai pu\u021bin de 20% dintre protestatari au declarat c\u0103 sunt motiva\u021bi de \u201e\u00eenc\u0103lc\u0103ri ale democra\u021biei sau de amenin\u021barea dictaturii\u201d, doar 40 \u2013&nbsp;45% dintre ucraineni erau \u00een favoarea integr\u0103rii europene, Ianukovici a r\u0103mas \u201ecea mai popular\u0103 figur\u0103 politic\u0103 din \u021bar\u0103\u201d \u0219i niciun sondaj efectuat p\u00e2n\u0103 \u00een prezent nu a indicat vreodat\u0103 un sprijin majoritar pentru revolt\u0103.<\/p>\n\n\n\n<p class=\"has-black-color has-text-color has-medium-font-size wp-block-paragraph\">De fapt, \u201emajorit\u0103\u021bi destul de mari se opun prelu\u0103rii guvernelor regionale de c\u0103tre opozi\u021bie\u201d, iar popula\u021bia a r\u0103mas amarnic divizat\u0103 \u00een ceea ce prive\u0219te viitorul Ucrainei, au scris Darden \u0219i Way. O astfel de ostilitate provenea din \u201eretorica antiruseasc\u0103 \u0219i din iconografia na\u021bionalismului ucrainean occidental\u201d, r\u0103sp\u00e2ndit\u0103 \u00een r\u00e2ndul demonstran\u021bilor, care \u201enu [se] bucur\u0103 de succes \u00een r\u00e2ndul majorit\u0103\u021bii ucrainene\u201d.<\/p>\n\n\n\n<p class=\"has-black-color has-text-color has-medium-font-size wp-block-paragraph\">Dintre cei 50% din popula\u021bia Ucrainei care locuiesc \u00een regiuni \u201eidentificate puternic cu Rusia\u201d timp de peste dou\u0103 secole, \u201eaproape to\u021bi [au fost] \u00eenstr\u0103ina\u021bi de retorica \u0219i simbolurile antiruse\u0219ti\u201d.<\/p>\n\n\n\n<p class=\"has-black-color has-text-color has-medium-font-size wp-block-paragraph\">\u201eFormele antiruse\u0219ti ale na\u021bionalismului ucrainean exprimate pe Maidan nu sunt cu siguran\u021b\u0103 reprezentative pentru opinia general\u0103 a ucrainenilor. Sprijinul electoral pentru aceste opinii \u0219i partidele politice care le \u00eembr\u0103\u021bi\u0219eaz\u0103 a fost \u00eentotdeauna limitat\u201d, au concluzionat Darden \u0219i Way. \u201ePrezen\u021ba \u0219i influen\u021ba lor \u00een mi\u0219carea de protest dep\u0103\u0219esc cu mult rolul lor \u00een politica ucrainean\u0103, iar sprijinul lor abia se extinde geografic dincolo de c\u00e2teva provincii occidentale\u201d.<\/p>\n\n\n\n<p class=\"has-black-color has-text-color has-medium-font-size wp-block-paragraph\"><strong>Agenda pro-ucrainean\u0103<\/strong><\/p>\n\n\n\n<p class=\"has-black-color has-text-color has-medium-font-size wp-block-paragraph\">\u00cen ciuda \u2013&nbsp;sau poate din cauza \u2013&nbsp;unei astfel de acoperiri tenden\u021bioase, Hromadske nu a f\u0103cut dec\u00e2t s\u0103 creasc\u0103 din ce \u00een ce mai mult ulterior. Leshchenko noteaz\u0103 c\u0103 popularitatea sa a fost at\u00e2t de mare, \u00eenc\u00e2t chiar \u0219i radiodifuzorul de stat din Ucraina \u201ea \u00eencheiat un acord\u201d pentru a-i amplifica produc\u021bia, \u201eoferind astfel acestei mici \u00eentreprinderi de webcasting \u2018de garaj\u2019 o audien\u021b\u0103 de milioane de oameni\u201d. \u00cen acest proces, ucrainenii \u2013&nbsp;\u0219i lumea \u00eentreag\u0103 \u2013&nbsp;au fost bine educa\u021bi \u00een falsa nara\u021biune a r\u0103sturn\u0103rii lui Ianukovici prin voin\u021b\u0103 popular\u0103.<\/p>\n\n\n\n<p class=\"has-black-color has-text-color has-medium-font-size wp-block-paragraph\">Poten\u021bialul lui Hromadske de a influen\u021ba percep\u021biile nu a fost, \u00een mod evident, pierdut nici pentru alte guverne occidentale. \u00cen 2015, Ministerul britanic de Externe a oferit fonduri semnificative pentru a dezvolta ini\u021biative de \u201eradiodifuziune\u201d \u00een regiunile cu majoritate rus\u0103 Done\u021bk \u0219i Luhansk, pentru un proiect denumit \u00abDonbas calling\u00bb. \u00cen anul urm\u0103tor, Londra a livrat mai multe sume pentru acest organ de pres\u0103, astfel \u00eenc\u00e2t s\u0103 poat\u0103 servi ca \u201efurnizor de informa\u021bii\u201d local pentru o \u201eaudien\u021b\u0103 de p\u00e2n\u0103 la un milion de persoane\u201d.<\/p>\n\n\n\n<p class=\"has-black-color has-text-color has-medium-font-size wp-block-paragraph\">\u00cen 2017, Hromadske a primit din nou sute de mii de lire sterline cu scopul de a se extinde \u0219i mai mult \u00een regiunile separatiste. Printre altele, Marea Britanie a sprijinit instalarea \u201ea 16 emi\u021b\u0103toare FM \u00een zonele controlate de Ucraina de-a lungul liniei de contact \u0219i a \u2018zonei gri\u2019 din est\u201d, ceea ce \u00eenseamn\u0103 c\u0103 postul putea ajunge la p\u00e2n\u0103 la dou\u0103 milioane de cet\u0103\u021beni poten\u021bial \u201eposeda\u021bi\u201d de perspective separatiste.<\/p>\n\n\n\n<p class=\"has-black-color has-text-color has-medium-font-size wp-block-paragraph\">\u00cen acela\u0219i timp, profilurile publice ale lui Leshchenko \u0219i Nayyem au crescut \u0219i ele exponen\u021bial. La alegerile din Ucraina din octombrie 2014, ambii au fost ale\u0219i \u00een parlament ca parte a blocului lui Petro Poro\u0219enko, primul devenind membru al comisiei anticorup\u021bie, iar cel de-al doilea al grupului transpartinic pentru integrare european\u0103. Ceea ce a condus la profile str\u0103lucitoare \u00een mass-media occidentale. \u00cen tot acest timp, NED a monitorizat \u00eendeaproape progresul lor, salut\u00e2ndu-i pe cei doi ca embleme ale noii Ucraine eliberate \u0219i \u00eenfloritoare \u00een urma Maidanului.<\/p>\n\n\n\n<p class=\"has-black-color has-text-color has-medium-font-size wp-block-paragraph\">\u00cens\u0103 angajamentul personal al lui Leshchenko fa\u021b\u0103 de democra\u021bie a fost mai degrab\u0103 subminat \u00een august 2016, c\u00e2nd el \u0219i Artem Sytnyk, \u0219eful Biroului Na\u021bional Anticorup\u021bie de la Kiev, au dezv\u0103luit presei americane documente \u2013&nbsp;supranumite \u201eregistrul negru\u201d \u2013&nbsp;care identificau pl\u0103\u021bile c\u0103tre Paul Manafort, pe atunci director de campanie al lui Donald Trump, de la Partidul Regiunilor al lui Ianukovici.<\/p>\n\n\n\n<p class=\"has-black-color has-text-color has-medium-font-size wp-block-paragraph\">Leshchenko \u0219i-a exprimat \u201esperan\u021ba\u201d c\u0103 aceast\u0103 dezv\u0103luire va afecta \u0219ansele electorale ale lui Trump \u0219i va fi \u201eultimul cui \u00een capacul sicriului lui Manafort\u201d, \u00eentruc\u00e2t \u201eo pre\u0219edin\u021bie Trump ar schimba agenda pro-ucrainean\u0103 \u00een politica extern\u0103 american\u0103\u201d. El a fost unul dintre mai mul\u021bi politicieni proeminen\u021bi de la Kiev \u201eimplica\u021bi \u00eentr-o m\u0103sur\u0103 f\u0103r\u0103 precedent \u00een \u00eencercarea de a sl\u0103bi trenul Trump\u201d, dup\u0103 cum a recunoscut la vremea respectiv\u0103 Consiliul Atlantic, bra\u021bul de propagand\u0103 al NATO.<\/p>\n\n\n\n<p class=\"has-black-color has-text-color has-medium-font-size wp-block-paragraph\">Manafort a demisionat \u00een mod corespunz\u0103tor, iar racketul RussiaGate a izbucnit \u2013&nbsp;o coniven\u021b\u0103 care a contribuit \u00eentr-o oarecare m\u0103sur\u0103 la asigurarea faptului c\u0103 \u201eagenda pro-ucrainean\u0103 \u00een politica extern\u0103 american\u0103\u201d nu a fost compromis\u0103 nici m\u0103car o iot\u0103.<\/p>\n\n\n\n<p class=\"has-black-color has-text-color has-medium-font-size wp-block-paragraph\">\u00centr-adev\u0103r, mandatul lui Trump a fost caracterizat de o ostilitate tot mai accentuat\u0103 \u00eentre Washington \u0219i Moscova, rezidentul Biroului Oval merg\u00e2nd p\u00e2n\u0103 la limite periculoase de care predecesorul s\u0103u se ab\u021binuse \u00een mod constant pentru a \u00eenarma \u0219i a galvaniza cele mai reac\u021bionare \u0219i violente elemente ale for\u021belor armate ucrainene, inclusiv faimosul Batalion neonazist Azov, \u0219i pentru a rupe tratatele de control al armelor din R\u0103zboiul Rece, spre marea nemul\u021bumire a Moscovei.<\/p>\n\n\n\n<p class=\"has-black-color has-text-color has-medium-font-size wp-block-paragraph\">\u00cen decembrie 2018, un tribunal ucrainean a decis c\u0103 publicarea \u201eregistrului negru\u201d de c\u0103tre Leshchenko \u0219i Sytnyk a fost ilegal\u0103, echival\u00e2nd cu \u201einterferen\u021ba \u00een procesele electorale din SUA\u201d care \u201ea adus atingere intereselor Ucrainei ca stat\u201d.<\/p>\n\n\n\n<p class=\"has-black-color has-text-color has-medium-font-size wp-block-paragraph\">\u00cen luna mai a anului urm\u0103tor, a fost lansat\u0103 o anchet\u0103 de corup\u021bie dup\u0103 ce Leshchenko a cump\u0103rat un apartament de 300.000 de dolari \u00een centrul Kievului, o sum\u0103 mult peste mijloacele sale aparente. Dou\u0103 luni mai t\u00e2rziu, el a fost eliminat din parlament, un candidat al partidului Servitorul Poporului al lui Zelensky lu\u00e2ndu-i locul cu o majoritate zdrobitoare. Prietenul \u0219i colaboratorul s\u0103u Nayyem a ales pur \u0219i simplu s\u0103 nu candideze, pentru a c\u0103uta un post guvernamental \u201elegat de Donbas\u201d.<\/p>\n\n\n\n<p class=\"has-black-color has-text-color has-medium-font-size wp-block-paragraph\">\u00cen ciuda faptului c\u0103 nu mai f\u0103cea parte din legislativul ucrainean, Leshchenko a continuat s\u0103 exercite o influen\u021b\u0103 semnificativ\u0103 asupra guvernului ucrainean, sf\u0103tuindu-l direct pe Zelensky \u00een ceea ce prive\u0219te \u201edezinformarea rus\u0103\u201d.<\/p>\n\n\n\n<p class=\"has-black-color has-text-color has-medium-font-size wp-block-paragraph\">Nu este sigur ce influen\u021b\u0103 direct\u0103 mai exercit\u0103 NED asupra lui \u2013&nbsp;\u0219i, prin extensie, asupra pre\u0219edintelui Ucrainei. Cu toate c\u0103, cu doar c\u00e2teva zile \u00eenainte de \u00eenceperea invaziei ruse\u0219ti, \u00eentr-un interviu acordat publica\u021biei The Guardian, Leshchenko s-a referit la Acordurile de la Minsk ca fiind \u201etoxice\u201d, suger\u00e2nd c\u0103 liderul \u0219i-ar \u201etr\u0103da\u201d \u021bara dac\u0103 le-ar respecta \u2013&nbsp;acordarea de autonomie pentru Done\u021bk \u0219i Luhansk.<\/p>\n\n\n\n<p class=\"has-black-color has-text-color has-medium-font-size wp-block-paragraph\">Pe 14 februarie anul acesta, Journal of Democracy reflecta pozi\u021bia NED \u00eentr-un articol potrivit c\u0103ruia Acordurile sunt \u201eo idee proast\u0103 pentru Occident \u0219i o amenin\u021bare serioas\u0103 la adresa democra\u021biei \u0219i stabilit\u0103\u021bii ucrainene\u201d, nu \u00een ultimul r\u00e2nd pentru c\u0103 ar \u00eensemna \u201eacceptarea tacit\u0103 a nara\u021biunilor false ale Rusiei despre conflictul din Donbas\u201d. Nara\u021biuni ce pretind c\u0103 respctivul conflict \u201ea fost cauzat de lovitura de stat orchestrat\u0103 de Occident \u00een 2014\u201d.<\/p>\n\n\n\n<p class=\"has-black-color has-text-color has-medium-font-size wp-block-paragraph\">Cu alte cuvinte, o analiz\u0103 obiectiv\u0103 a ceea ce s-a \u00eent\u00e2mplat de fapt \u0219i de ce, \u00een care NED de\u021bine o pozi\u021bie central\u0103. Cu toate acestea, organiza\u021bia nu trebuia s\u0103 se bazeze exclusiv pe Leshchenko pentru a men\u021bine muribunde Acordurile de la Minsk. Re\u021beaua sa extins\u0103 de active \u00een \u021bar\u0103 \u0219i alian\u021ba obscur\u0103 a Washingtonului cu extrema dreapt\u0103 ucrainean\u0103 au fost mai mult dec\u00e2t suficiente pentru a se asigura c\u0103 misiunea cov\u00e2r\u0219itor de popular\u0103 a lui Zelensky de a restabili rela\u021biile cu Rusia nu va fi \u0219i nu va putea fi \u00eendeplinit\u0103 niciodat\u0103.<\/p>\n\n\n\n<p class=\"has-black-color has-text-color has-medium-font-size wp-block-paragraph\"><strong>Declara\u021bie de solidaritate<\/strong><\/p>\n\n\n\n<p class=\"has-black-color has-text-color has-medium-font-size wp-block-paragraph\">\u00cen orele de dup\u0103 invazia Rusiei \u00een Ucraina, NED s-a gr\u0103bit s\u0103 elimine de pe site-ul s\u0103u orice urm\u0103 a finan\u021b\u0103rii sale pentru organiza\u021biile din Ucraina.<\/p>\n\n\n\n<p class=\"has-black-color has-text-color has-medium-font-size wp-block-paragraph\">O c\u0103utare a bazei de date a granturilor NED de ast\u0103zi pentru Ucraina returneaz\u0103 \u201eniciun rezultat\u201d, dar o imagine instantanee a paginii capturate pe 25 februarie arat\u0103 c\u0103, \u00eencep\u00e2nd cu 2014, un total de 334 de proiecte din aceast\u0103 \u021bar\u0103 au primit suma uluitoare de 22,4 milioane de dolari. Dup\u0103 calculele pre\u0219edintelui NED, Duane Wilson, Kievul este al patrulea cel mai mare beneficiar de finan\u021bare al organiza\u021biei la nivel mondial.<\/p>\n\n\n\n<p class=\"has-black-color has-text-color has-medium-font-size wp-block-paragraph\">O arhiv\u0103 a finan\u021b\u0103rii NED \u00een Ucraina pe parcursul anului 2021 \u2013&nbsp;care acum a fost \u00eenlocuit\u0103 cu o declara\u021bie \u201ede solidaritate\u201d cu Kievul \u2013&nbsp;ofer\u0103 detalii ample despre proiectele sus\u021binute de frontul CIA \u00een acea perioad\u0103 crucial\u0103 de 12 luni.<\/p>\n\n\n\n<p class=\"has-black-color has-text-color has-medium-font-size wp-block-paragraph\">Declara\u021bia indic\u0103 o concentrare preponderent\u0103 asupra presupuselor f\u0103r\u0103delegi ruse\u0219ti din estul Ucrainei. Un grant, \u00een valoare de 58.000 de dolari, a fost acordat ONG-ului Truth Hounds pentru \u201emonitorizarea, documentarea \u0219i eviden\u021bierea \u00eenc\u0103lc\u0103rilor drepturilor omului\u201d \u0219i a \u201ecrimelor de r\u0103zboi\u201d din regiunile Done\u021bk \u0219i Luhansk.<\/p>\n\n\n\n<p class=\"has-black-color has-text-color has-medium-font-size wp-block-paragraph\">Un altul, \u00een valoare de 48.000 de dolari, a fost acordat Muzeului Copil\u0103riei de R\u0103zboi din Ucraina pentru \u201ea educa publicul ucrainean cu privire la consecin\u021bele r\u0103zboiului printr-o serie de evenimente publice\u201d. Un altul,&nbsp;primit de organiza\u021bia caritabil\u0103 East-SOS,&nbsp;a avut ca scop \u201esensibilizarea publicului\u201d cu privire la \u201epoliticile de persecu\u021bie \u0219i colonizare ale Rusiei \u00een regiune \u0219i documentarea unor cazuri ilustrative\u201d, concluziile sale fiind distribuite Consiliului ONU pentru Drepturile Omului, Cur\u021bilor Europene pentru Drepturile Omului \u0219i Cur\u021bii Interna\u021bionale de Justi\u021bie.<\/p>\n\n\n\n<p class=\"has-black-color has-text-color has-medium-font-size wp-block-paragraph\">Nu a existat nicio sugestie c\u0103 acest izvor ar fi folosit pentru a documenta orice abuzuri ale for\u021belor guvernamentale ucrainene. Cercet\u0103rile ONU indic\u0103 faptul c\u0103, \u00een perioada 2018 \u2013&nbsp;2021, peste 80% din victimele civile au fost \u00eenregistrate \u00een partea Donbasului. \u00centre timp, rapoartele Organiza\u021biei pentru Securitate \u0219i Cooperare \u00een Europa arat\u0103 c\u0103 bombardamentele asupra zonelor civile din regiunile separatiste s-au intensificat dramatic \u00een s\u0103pt\u0103m\u00e2nile premerg\u0103toare datei de 24 februarie, ceea ce ar putea fi un precursor al unei ofensive militare \u00een toat\u0103 regula.<\/p>\n\n\n\n<p class=\"has-black-color has-text-color has-medium-font-size wp-block-paragraph\">Ca atare, \u0219tergerea de c\u0103tre NED a \u00eenregistr\u0103rilor care expun rolul s\u0103u \u00een stimularea \u0219i precipitarea ororii desf\u0103\u0219urate acum \u00een sud-estul Ucrainei nu numai c\u0103 protejeaz\u0103 de facto agen\u021bii CIA de pe teren. De asemenea, \u00eent\u0103re\u0219te \u0219i legitimeaz\u0103 nara\u021biunea frauduloas\u0103 \u0219i tentacular\u0103 a administra\u021biei Biden, reiterat\u0103 la nesf\u00e2r\u0219it \u0219i necritic \u00een mass-media occidental\u0103, potrivit c\u0103reia invazia Rusiei a fost complet neprovocat\u0103 \u0219i lipsit\u0103 de temei.<\/p>\n\n\n\n<p class=\"has-black-color has-text-color has-medium-font-size wp-block-paragraph\">Ucrainenii tr\u0103iesc acum cu mo\u0219tenirea nefast\u0103 a acelui amestec nes\u0103buit \u0219i neadmis \u00een cel mai brutal mod imaginabil. Este foarte posibil s\u0103 o fac\u0103 pentru mul\u021bi ani de acum \u00eencolo. \u00centre timp, b\u0103rba\u021bii \u0219i femeile care au orchestrat amestecul \u00een Ucraina se odihnesc confortabil la Washington DC, izola\u021bi de orice control sau consecin\u021be de orice fel, pun\u00e2nd la cale \u00een fiecare zi noi planuri pentru a submina \u0219i r\u0103sturna lideri str\u0103ini incomozi, aclama\u021bi ca campioni ai libert\u0103\u021bii de c\u0103tre presa mainstream, la fiecare pas.<\/p>\n        <div class=\"booster-block booster-reactions-block\">\n            <div class=\"twp-reactions-icons\">\n                \n                <div class=\"twp-reacts-wrap\">\n                    <a react-data=\"be-react-1\" post-id=\"5103\" class=\"be-face-icons un-reacted\" href=\"javascript:void(0)\">\n                        <img decoding=\"async\" src=\"https:\/\/desteptati-va.ro\/wp-content\/plugins\/booster-extension\/\/assets\/icon\/happy.svg\" alt=\"Happy\">\n                    <\/a>\n                    <div class=\"twp-reaction-title\">\n                        Happy                    <\/div>\n                    <div class=\"twp-count-percent\">\n                                                    <span style=\"display: none;\" class=\"twp-react-count\">0<\/span>\n                        \n                                                <span class=\"twp-react-percent\"><span>0<\/span> %<\/span>\n                                            <\/div>\n                <\/div>\n\n                <div class=\"twp-reacts-wrap\">\n                    <a react-data=\"be-react-2\" post-id=\"5103\" class=\"be-face-icons un-reacted\" href=\"javascript:void(0)\">\n                        <img decoding=\"async\" src=\"https:\/\/desteptati-va.ro\/wp-content\/plugins\/booster-extension\/\/assets\/icon\/sad.svg\" alt=\"Sad\">\n                    <\/a>\n                    <div class=\"twp-reaction-title\">\n                        Sad                    <\/div>\n                    <div class=\"twp-count-percent\">\n                                                    <span style=\"display: none;\" class=\"twp-react-count\">0<\/span>\n                                                                        <span class=\"twp-react-percent\"><span>0<\/span> %<\/span>\n                                            <\/div>\n                <\/div>\n\n                <div class=\"twp-reacts-wrap\">\n                    <a react-data=\"be-react-3\" post-id=\"5103\" class=\"be-face-icons un-reacted\" href=\"javascript:void(0)\">\n                        <img decoding=\"async\" src=\"https:\/\/desteptati-va.ro\/wp-content\/plugins\/booster-extension\/\/assets\/icon\/excited.svg\" alt=\"Excited\">\n                    <\/a>\n                    <div class=\"twp-reaction-title\">\n                        Excited                    <\/div>\n                    <div class=\"twp-count-percent\">\n                                                    <span style=\"display: none;\" class=\"twp-react-count\">0<\/span>\n                                                                        <span class=\"twp-react-percent\"><span>0<\/span> %<\/span>\n                                            <\/div>\n                <\/div>\n\n                <div class=\"twp-reacts-wrap\">\n                    <a react-data=\"be-react-6\" post-id=\"5103\" class=\"be-face-icons un-reacted\" href=\"javascript:void(0)\">\n                        <img decoding=\"async\" src=\"https:\/\/desteptati-va.ro\/wp-content\/plugins\/booster-extension\/\/assets\/icon\/sleepy.svg\" alt=\"Sleepy\">\n                    <\/a>\n                    <div class=\"twp-reaction-title\">\n                        Sleepy                    <\/div>\n                    <div class=\"twp-count-percent\">\n                                                    <span style=\"display: none;\" class=\"twp-react-count\">0<\/span>\n                        \n                                                <span class=\"twp-react-percent\"><span>0<\/span> %<\/span>\n                                            <\/div>\n                <\/div>\n\n                <div class=\"twp-reacts-wrap\">\n                    <a react-data=\"be-react-4\" post-id=\"5103\" class=\"be-face-icons un-reacted\" href=\"javascript:void(0)\">\n                        <img decoding=\"async\" src=\"https:\/\/desteptati-va.ro\/wp-content\/plugins\/booster-extension\/\/assets\/icon\/angry.svg\" alt=\"Angry\">\n                    <\/a>\n                    <div class=\"twp-reaction-title\">Angry<\/div>\n                    <div class=\"twp-count-percent\">\n                                                    <span style=\"display: none;\" class=\"twp-react-count\">0<\/span>\n                                                                        <span class=\"twp-react-percent\"><span>0<\/span> %<\/span>\n                        \n                    <\/div>\n                <\/div>\n\n                <div class=\"twp-reacts-wrap\">\n                    <a react-data=\"be-react-5\" post-id=\"5103\" class=\"be-face-icons un-reacted\" href=\"javascript:void(0)\">\n                        <img decoding=\"async\" src=\"https:\/\/desteptati-va.ro\/wp-content\/plugins\/booster-extension\/\/assets\/icon\/surprise.svg\" alt=\"Surprise\">\n                    <\/a>\n                    <div class=\"twp-reaction-title\">Surprise<\/div>\n                    <div class=\"twp-count-percent\">\n                                                    <span style=\"display: none;\" class=\"twp-react-count\">0<\/span>\n                                                                        <span class=\"twp-react-percent\"><span>0<\/span> %<\/span>\n                                            <\/div>\n                <\/div>\n\n            <\/div>\n        <\/div>\n\n    <\/div>","protected":false},"excerpt":{"rendered":"<p>De c\u0103tre &nbsp;Anonimus&nbsp;-27 iulie, 2022 Un articol de Kit Klarenberg, jurnalist de investiga\u021bie britanic a c\u0103rui activitate exploreaz\u0103 rolul serviciilor<a href=\"https:\/\/desteptati-va.ro\/index.php\/2022\/07\/28\/anatomia-unei-lovituri-de-stat-cum-a-pus-cia-bazele-razboiului-din-ucraina\/\">Read More<i class=\"fa fa-long-arrow-right\" aria-hidden=\"true\"><\/i><\/a><\/p>\n","protected":false},"author":1,"featured_media":2825,"comment_status":"open","ping_status":"open","sticky":false,"template":"","format":"standard","meta":{"_crdt_document":"","footnotes":""},"categories":[1758],"tags":[],"class_list":["post-5103","post","type-post","status-publish","format-standard","has-post-thumbnail","hentry","category-articole-despre-ucraina"],"rise-blocks_total_comments":0,"rise-blocks_categories":[{"term_id":1758,"name":"Despre UCRAINA","slug":"articole-despre-ucraina","term_group":0,"term_taxonomy_id":1758,"taxonomy":"category","description":"","parent":1756,"count":7,"filter":"raw"}],"rise-blocks_excerpt":"De c\u0103tre &nbsp;Anonimus&nbsp;-27 iulie, 2022 Un articol de Kit Klarenberg, jurnalist de investiga\u021bie britanic a c\u0103rui activitate exploreaz\u0103 rolul serviciilor de informa\u021bii \u00een modelarea politicii \u0219i a percep\u021biilor: Exemplele evidente de ac\u021biuni secrete ale Agen\u021biei Centrale de Informa\u021bii \u00een str\u0103in\u0103tate sunt greu de identificat \u00een prezent, cu excep\u021bia unor calamit\u0103\u021bi recunoscute ocazional, cum ar fi efortul \u00eendelungat de 1 miliard..","yoast_head":"<!-- This site is optimized with the Yoast SEO plugin v26.9 - https:\/\/yoast.com\/product\/yoast-seo-wordpress\/ -->\r\n<title>Anatomia unei lovituri de stat: Cum a pus CIA bazele r\u0103zboiului din Ucraina -<\/title>\r\n<meta name=\"robots\" content=\"index, follow, max-snippet:-1, max-image-preview:large, max-video-preview:-1\" \/>\r\n<link rel=\"canonical\" href=\"https:\/\/desteptati-va.ro\/index.php\/2022\/07\/28\/anatomia-unei-lovituri-de-stat-cum-a-pus-cia-bazele-razboiului-din-ucraina\/\" \/>\r\n<meta property=\"og:locale\" content=\"ro_RO\" \/>\r\n<meta property=\"og:type\" content=\"article\" \/>\r\n<meta property=\"og:title\" content=\"Anatomia unei lovituri de stat: Cum a pus CIA bazele r\u0103zboiului din Ucraina -\" \/>\r\n<meta property=\"og:description\" content=\"De c\u0103tre &nbsp;Anonimus&nbsp;-27 iulie, 2022 Un articol de Kit Klarenberg, jurnalist de investiga\u021bie britanic a c\u0103rui activitate exploreaz\u0103 rolul serviciilorRead More\" \/>\r\n<meta property=\"og:url\" content=\"https:\/\/desteptati-va.ro\/index.php\/2022\/07\/28\/anatomia-unei-lovituri-de-stat-cum-a-pus-cia-bazele-razboiului-din-ucraina\/\" \/>\r\n<meta property=\"article:published_time\" content=\"2022-07-28T10:29:07+00:00\" \/>\r\n<meta property=\"article:modified_time\" content=\"2022-07-28T10:40:53+00:00\" \/>\r\n<meta property=\"og:image\" content=\"https:\/\/desteptati-va.ro\/wp-content\/uploads\/2021\/04\/images-1-1.jpg\" \/>\r\n\t<meta property=\"og:image:width\" content=\"300\" \/>\r\n\t<meta property=\"og:image:height\" content=\"168\" \/>\r\n\t<meta property=\"og:image:type\" content=\"image\/jpeg\" \/>\r\n<meta name=\"author\" content=\"wolfsoftcompany\" \/>\r\n<meta name=\"twitter:card\" content=\"summary_large_image\" \/>\r\n<meta name=\"twitter:label1\" content=\"Scris de\" \/>\n\t<meta name=\"twitter:data1\" content=\"wolfsoftcompany\" \/>\n\t<meta name=\"twitter:label2\" content=\"Timp estimat pentru citire\" \/>\n\t<meta name=\"twitter:data2\" content=\"19 minute\" \/>\r\n<script type=\"application\/ld+json\" class=\"yoast-schema-graph\">{\"@context\":\"https:\/\/schema.org\",\"@graph\":[{\"@type\":\"Article\",\"@id\":\"https:\/\/desteptati-va.ro\/index.php\/2022\/07\/28\/anatomia-unei-lovituri-de-stat-cum-a-pus-cia-bazele-razboiului-din-ucraina\/#article\",\"isPartOf\":{\"@id\":\"https:\/\/desteptati-va.ro\/index.php\/2022\/07\/28\/anatomia-unei-lovituri-de-stat-cum-a-pus-cia-bazele-razboiului-din-ucraina\/\"},\"author\":{\"name\":\"wolfsoftcompany\",\"@id\":\"https:\/\/desteptati-va.ro\/#\/schema\/person\/13182deeebd44920914899f7bb262d6b\"},\"headline\":\"Anatomia unei lovituri de stat: Cum a pus CIA bazele r\u0103zboiului din Ucraina\",\"datePublished\":\"2022-07-28T10:29:07+00:00\",\"dateModified\":\"2022-07-28T10:40:53+00:00\",\"mainEntityOfPage\":{\"@id\":\"https:\/\/desteptati-va.ro\/index.php\/2022\/07\/28\/anatomia-unei-lovituri-de-stat-cum-a-pus-cia-bazele-razboiului-din-ucraina\/\"},\"wordCount\":3782,\"commentCount\":0,\"image\":{\"@id\":\"https:\/\/desteptati-va.ro\/index.php\/2022\/07\/28\/anatomia-unei-lovituri-de-stat-cum-a-pus-cia-bazele-razboiului-din-ucraina\/#primaryimage\"},\"thumbnailUrl\":\"https:\/\/desteptati-va.ro\/wp-content\/uploads\/2021\/04\/images-1-1.jpg\",\"articleSection\":[\"Despre UCRAINA\"],\"inLanguage\":\"ro-RO\",\"potentialAction\":[{\"@type\":\"CommentAction\",\"name\":\"Comment\",\"target\":[\"https:\/\/desteptati-va.ro\/index.php\/2022\/07\/28\/anatomia-unei-lovituri-de-stat-cum-a-pus-cia-bazele-razboiului-din-ucraina\/#respond\"]}]},{\"@type\":\"WebPage\",\"@id\":\"https:\/\/desteptati-va.ro\/index.php\/2022\/07\/28\/anatomia-unei-lovituri-de-stat-cum-a-pus-cia-bazele-razboiului-din-ucraina\/\",\"url\":\"https:\/\/desteptati-va.ro\/index.php\/2022\/07\/28\/anatomia-unei-lovituri-de-stat-cum-a-pus-cia-bazele-razboiului-din-ucraina\/\",\"name\":\"Anatomia unei lovituri de stat: Cum a pus CIA bazele r\u0103zboiului din Ucraina -\",\"isPartOf\":{\"@id\":\"https:\/\/desteptati-va.ro\/#website\"},\"primaryImageOfPage\":{\"@id\":\"https:\/\/desteptati-va.ro\/index.php\/2022\/07\/28\/anatomia-unei-lovituri-de-stat-cum-a-pus-cia-bazele-razboiului-din-ucraina\/#primaryimage\"},\"image\":{\"@id\":\"https:\/\/desteptati-va.ro\/index.php\/2022\/07\/28\/anatomia-unei-lovituri-de-stat-cum-a-pus-cia-bazele-razboiului-din-ucraina\/#primaryimage\"},\"thumbnailUrl\":\"https:\/\/desteptati-va.ro\/wp-content\/uploads\/2021\/04\/images-1-1.jpg\",\"datePublished\":\"2022-07-28T10:29:07+00:00\",\"dateModified\":\"2022-07-28T10:40:53+00:00\",\"author\":{\"@id\":\"https:\/\/desteptati-va.ro\/#\/schema\/person\/13182deeebd44920914899f7bb262d6b\"},\"breadcrumb\":{\"@id\":\"https:\/\/desteptati-va.ro\/index.php\/2022\/07\/28\/anatomia-unei-lovituri-de-stat-cum-a-pus-cia-bazele-razboiului-din-ucraina\/#breadcrumb\"},\"inLanguage\":\"ro-RO\",\"potentialAction\":[{\"@type\":\"ReadAction\",\"target\":[\"https:\/\/desteptati-va.ro\/index.php\/2022\/07\/28\/anatomia-unei-lovituri-de-stat-cum-a-pus-cia-bazele-razboiului-din-ucraina\/\"]}]},{\"@type\":\"ImageObject\",\"inLanguage\":\"ro-RO\",\"@id\":\"https:\/\/desteptati-va.ro\/index.php\/2022\/07\/28\/anatomia-unei-lovituri-de-stat-cum-a-pus-cia-bazele-razboiului-din-ucraina\/#primaryimage\",\"url\":\"https:\/\/desteptati-va.ro\/wp-content\/uploads\/2021\/04\/images-1-1.jpg\",\"contentUrl\":\"https:\/\/desteptati-va.ro\/wp-content\/uploads\/2021\/04\/images-1-1.jpg\",\"width\":300,\"height\":168},{\"@type\":\"BreadcrumbList\",\"@id\":\"https:\/\/desteptati-va.ro\/index.php\/2022\/07\/28\/anatomia-unei-lovituri-de-stat-cum-a-pus-cia-bazele-razboiului-din-ucraina\/#breadcrumb\",\"itemListElement\":[{\"@type\":\"ListItem\",\"position\":1,\"name\":\"Prima pagin\u0103\",\"item\":\"https:\/\/desteptati-va.ro\/\"},{\"@type\":\"ListItem\",\"position\":2,\"name\":\"Anatomia unei lovituri de stat: Cum a pus CIA bazele r\u0103zboiului din Ucraina\"}]},{\"@type\":\"WebSite\",\"@id\":\"https:\/\/desteptati-va.ro\/#website\",\"url\":\"https:\/\/desteptati-va.ro\/\",\"name\":\"\",\"description\":\"\",\"potentialAction\":[{\"@type\":\"SearchAction\",\"target\":{\"@type\":\"EntryPoint\",\"urlTemplate\":\"https:\/\/desteptati-va.ro\/?s={search_term_string}\"},\"query-input\":{\"@type\":\"PropertyValueSpecification\",\"valueRequired\":true,\"valueName\":\"search_term_string\"}}],\"inLanguage\":\"ro-RO\"},{\"@type\":\"Person\",\"@id\":\"https:\/\/desteptati-va.ro\/#\/schema\/person\/13182deeebd44920914899f7bb262d6b\",\"name\":\"wolfsoftcompany\",\"image\":{\"@type\":\"ImageObject\",\"inLanguage\":\"ro-RO\",\"@id\":\"https:\/\/desteptati-va.ro\/#\/schema\/person\/image\/\",\"url\":\"https:\/\/secure.gravatar.com\/avatar\/a6cce9b6d101d27d91690e7073e300fed94c0899890bf998e082cb9d2c3d121e?s=96&d=mm&r=g\",\"contentUrl\":\"https:\/\/secure.gravatar.com\/avatar\/a6cce9b6d101d27d91690e7073e300fed94c0899890bf998e082cb9d2c3d121e?s=96&d=mm&r=g\",\"caption\":\"wolfsoftcompany\"},\"sameAs\":[\"http:\/\/desteptati-va.ro\"],\"url\":\"https:\/\/desteptati-va.ro\/index.php\/author\/wolfsoftcompany\/\"}]}<\/script>\r\n<!-- \/ Yoast SEO plugin. -->","yoast_head_json":{"title":"Anatomia unei lovituri de stat: Cum a pus CIA bazele r\u0103zboiului din Ucraina -","robots":{"index":"index","follow":"follow","max-snippet":"max-snippet:-1","max-image-preview":"max-image-preview:large","max-video-preview":"max-video-preview:-1"},"canonical":"https:\/\/desteptati-va.ro\/index.php\/2022\/07\/28\/anatomia-unei-lovituri-de-stat-cum-a-pus-cia-bazele-razboiului-din-ucraina\/","og_locale":"ro_RO","og_type":"article","og_title":"Anatomia unei lovituri de stat: Cum a pus CIA bazele r\u0103zboiului din Ucraina -","og_description":"De c\u0103tre &nbsp;Anonimus&nbsp;-27 iulie, 2022 Un articol de Kit Klarenberg, jurnalist de investiga\u021bie britanic a c\u0103rui activitate exploreaz\u0103 rolul serviciilorRead More","og_url":"https:\/\/desteptati-va.ro\/index.php\/2022\/07\/28\/anatomia-unei-lovituri-de-stat-cum-a-pus-cia-bazele-razboiului-din-ucraina\/","article_published_time":"2022-07-28T10:29:07+00:00","article_modified_time":"2022-07-28T10:40:53+00:00","og_image":[{"width":300,"height":168,"url":"https:\/\/desteptati-va.ro\/wp-content\/uploads\/2021\/04\/images-1-1.jpg","type":"image\/jpeg"}],"author":"wolfsoftcompany","twitter_card":"summary_large_image","twitter_misc":{"Scris de":"wolfsoftcompany","Timp estimat pentru citire":"19 minute"},"schema":{"@context":"https:\/\/schema.org","@graph":[{"@type":"Article","@id":"https:\/\/desteptati-va.ro\/index.php\/2022\/07\/28\/anatomia-unei-lovituri-de-stat-cum-a-pus-cia-bazele-razboiului-din-ucraina\/#article","isPartOf":{"@id":"https:\/\/desteptati-va.ro\/index.php\/2022\/07\/28\/anatomia-unei-lovituri-de-stat-cum-a-pus-cia-bazele-razboiului-din-ucraina\/"},"author":{"name":"wolfsoftcompany","@id":"https:\/\/desteptati-va.ro\/#\/schema\/person\/13182deeebd44920914899f7bb262d6b"},"headline":"Anatomia unei lovituri de stat: Cum a pus CIA bazele r\u0103zboiului din Ucraina","datePublished":"2022-07-28T10:29:07+00:00","dateModified":"2022-07-28T10:40:53+00:00","mainEntityOfPage":{"@id":"https:\/\/desteptati-va.ro\/index.php\/2022\/07\/28\/anatomia-unei-lovituri-de-stat-cum-a-pus-cia-bazele-razboiului-din-ucraina\/"},"wordCount":3782,"commentCount":0,"image":{"@id":"https:\/\/desteptati-va.ro\/index.php\/2022\/07\/28\/anatomia-unei-lovituri-de-stat-cum-a-pus-cia-bazele-razboiului-din-ucraina\/#primaryimage"},"thumbnailUrl":"https:\/\/desteptati-va.ro\/wp-content\/uploads\/2021\/04\/images-1-1.jpg","articleSection":["Despre UCRAINA"],"inLanguage":"ro-RO","potentialAction":[{"@type":"CommentAction","name":"Comment","target":["https:\/\/desteptati-va.ro\/index.php\/2022\/07\/28\/anatomia-unei-lovituri-de-stat-cum-a-pus-cia-bazele-razboiului-din-ucraina\/#respond"]}]},{"@type":"WebPage","@id":"https:\/\/desteptati-va.ro\/index.php\/2022\/07\/28\/anatomia-unei-lovituri-de-stat-cum-a-pus-cia-bazele-razboiului-din-ucraina\/","url":"https:\/\/desteptati-va.ro\/index.php\/2022\/07\/28\/anatomia-unei-lovituri-de-stat-cum-a-pus-cia-bazele-razboiului-din-ucraina\/","name":"Anatomia unei lovituri de stat: Cum a pus CIA bazele r\u0103zboiului din Ucraina -","isPartOf":{"@id":"https:\/\/desteptati-va.ro\/#website"},"primaryImageOfPage":{"@id":"https:\/\/desteptati-va.ro\/index.php\/2022\/07\/28\/anatomia-unei-lovituri-de-stat-cum-a-pus-cia-bazele-razboiului-din-ucraina\/#primaryimage"},"image":{"@id":"https:\/\/desteptati-va.ro\/index.php\/2022\/07\/28\/anatomia-unei-lovituri-de-stat-cum-a-pus-cia-bazele-razboiului-din-ucraina\/#primaryimage"},"thumbnailUrl":"https:\/\/desteptati-va.ro\/wp-content\/uploads\/2021\/04\/images-1-1.jpg","datePublished":"2022-07-28T10:29:07+00:00","dateModified":"2022-07-28T10:40:53+00:00","author":{"@id":"https:\/\/desteptati-va.ro\/#\/schema\/person\/13182deeebd44920914899f7bb262d6b"},"breadcrumb":{"@id":"https:\/\/desteptati-va.ro\/index.php\/2022\/07\/28\/anatomia-unei-lovituri-de-stat-cum-a-pus-cia-bazele-razboiului-din-ucraina\/#breadcrumb"},"inLanguage":"ro-RO","potentialAction":[{"@type":"ReadAction","target":["https:\/\/desteptati-va.ro\/index.php\/2022\/07\/28\/anatomia-unei-lovituri-de-stat-cum-a-pus-cia-bazele-razboiului-din-ucraina\/"]}]},{"@type":"ImageObject","inLanguage":"ro-RO","@id":"https:\/\/desteptati-va.ro\/index.php\/2022\/07\/28\/anatomia-unei-lovituri-de-stat-cum-a-pus-cia-bazele-razboiului-din-ucraina\/#primaryimage","url":"https:\/\/desteptati-va.ro\/wp-content\/uploads\/2021\/04\/images-1-1.jpg","contentUrl":"https:\/\/desteptati-va.ro\/wp-content\/uploads\/2021\/04\/images-1-1.jpg","width":300,"height":168},{"@type":"BreadcrumbList","@id":"https:\/\/desteptati-va.ro\/index.php\/2022\/07\/28\/anatomia-unei-lovituri-de-stat-cum-a-pus-cia-bazele-razboiului-din-ucraina\/#breadcrumb","itemListElement":[{"@type":"ListItem","position":1,"name":"Prima pagin\u0103","item":"https:\/\/desteptati-va.ro\/"},{"@type":"ListItem","position":2,"name":"Anatomia unei lovituri de stat: Cum a pus CIA bazele r\u0103zboiului din Ucraina"}]},{"@type":"WebSite","@id":"https:\/\/desteptati-va.ro\/#website","url":"https:\/\/desteptati-va.ro\/","name":"","description":"","potentialAction":[{"@type":"SearchAction","target":{"@type":"EntryPoint","urlTemplate":"https:\/\/desteptati-va.ro\/?s={search_term_string}"},"query-input":{"@type":"PropertyValueSpecification","valueRequired":true,"valueName":"search_term_string"}}],"inLanguage":"ro-RO"},{"@type":"Person","@id":"https:\/\/desteptati-va.ro\/#\/schema\/person\/13182deeebd44920914899f7bb262d6b","name":"wolfsoftcompany","image":{"@type":"ImageObject","inLanguage":"ro-RO","@id":"https:\/\/desteptati-va.ro\/#\/schema\/person\/image\/","url":"https:\/\/secure.gravatar.com\/avatar\/a6cce9b6d101d27d91690e7073e300fed94c0899890bf998e082cb9d2c3d121e?s=96&d=mm&r=g","contentUrl":"https:\/\/secure.gravatar.com\/avatar\/a6cce9b6d101d27d91690e7073e300fed94c0899890bf998e082cb9d2c3d121e?s=96&d=mm&r=g","caption":"wolfsoftcompany"},"sameAs":["http:\/\/desteptati-va.ro"],"url":"https:\/\/desteptati-va.ro\/index.php\/author\/wolfsoftcompany\/"}]}},"_links":{"self":[{"href":"https:\/\/desteptati-va.ro\/index.php\/wp-json\/wp\/v2\/posts\/5103","targetHints":{"allow":["GET"]}}],"collection":[{"href":"https:\/\/desteptati-va.ro\/index.php\/wp-json\/wp\/v2\/posts"}],"about":[{"href":"https:\/\/desteptati-va.ro\/index.php\/wp-json\/wp\/v2\/types\/post"}],"author":[{"embeddable":true,"href":"https:\/\/desteptati-va.ro\/index.php\/wp-json\/wp\/v2\/users\/1"}],"replies":[{"embeddable":true,"href":"https:\/\/desteptati-va.ro\/index.php\/wp-json\/wp\/v2\/comments?post=5103"}],"version-history":[{"count":7,"href":"https:\/\/desteptati-va.ro\/index.php\/wp-json\/wp\/v2\/posts\/5103\/revisions"}],"predecessor-version":[{"id":5111,"href":"https:\/\/desteptati-va.ro\/index.php\/wp-json\/wp\/v2\/posts\/5103\/revisions\/5111"}],"wp:featuredmedia":[{"embeddable":true,"href":"https:\/\/desteptati-va.ro\/index.php\/wp-json\/wp\/v2\/media\/2825"}],"wp:attachment":[{"href":"https:\/\/desteptati-va.ro\/index.php\/wp-json\/wp\/v2\/media?parent=5103"}],"wp:term":[{"taxonomy":"category","embeddable":true,"href":"https:\/\/desteptati-va.ro\/index.php\/wp-json\/wp\/v2\/categories?post=5103"},{"taxonomy":"post_tag","embeddable":true,"href":"https:\/\/desteptati-va.ro\/index.php\/wp-json\/wp\/v2\/tags?post=5103"}],"curies":[{"name":"wp","href":"https:\/\/api.w.org\/{rel}","templated":true}]}}