{"id":5153,"date":"2022-08-11T12:36:09","date_gmt":"2022-08-11T10:36:09","guid":{"rendered":"https:\/\/desteptati-va.ro\/?p=5153"},"modified":"2022-09-05T13:56:04","modified_gmt":"2022-09-05T11:56:04","slug":"comandouri-n-a-t-o-in-ucraina","status":"publish","type":"post","link":"https:\/\/desteptati-va.ro\/index.php\/2022\/08\/11\/comandouri-n-a-t-o-in-ucraina\/","title":{"rendered":"Comandouri N.A.T.O. in Ucraina"},"content":{"rendered":"<div class=\"post-content\"><div class='booster-block booster-read-block'>\n                <div class=\"twp-read-time\">\n                \t<i class=\"booster-icon twp-clock\"><\/i> <span>Read Time:<\/span>11 Minute, 4 Second                <\/div>\n\n            <\/div>\r\n<p class=\"has-medium-font-size wp-block-paragraph\"><strong>Comandouri N.A.T.O. au efectuat opera\u021biuni \u00een Ucraina\u201d<\/strong><\/p>\r\n\r\n\r\n\r\n<p class=\"wp-block-paragraph\"><strong><a href=\"https:\/\/www.art-emis.ro\/redactia-art-emis\/\">Redactia ART-EMIS<\/a><\/strong><strong><\/strong><\/p>\r\n\r\n\r\n\r\n<p class=\"wp-block-paragraph\">&nbsp;29 Iunie 2022<\/p>\r\n\r\n\r\n\r\n<p class=\"wp-block-paragraph\"><a href=\"https:\/\/www.art-emis.ro\/images\/stories\/jurnalistica\/Rusia-NATO-Ares.jpg\"><\/a><\/p>\r\n\r\n\r\n\r\n<p class=\"has-black-color has-text-color has-medium-font-size wp-block-paragraph\"><strong>Trei jurnali\u0219ti americani fac dezv\u0103luiri care ar putea declan\u0219a un r\u0103zboi \u00eentre Rusia \u0219i N.A.T.O.<\/strong><\/p>\r\n\r\n\r\n\r\n<p class=\"has-black-color has-text-color has-medium-font-size wp-block-paragraph\">O opera\u021biune secret\u0103 \u00een care sunt implicate for\u021bele de opera\u021biuni speciale ale SUA las\u0103 s\u0103 se \u00eentrevad\u0103 amploarea efortului de a ajuta armata ucrainean\u0103, care este \u00eenc\u0103 \u00een inferioritate de arme, informeaz\u0103 publica\u021bia \u201eNew York Times\u201d \u00eentr-o anchet\u0103 semnat\u0103 de trei jurnali\u0219ti americani cu experien\u021b\u0103 \u00een mediile serviciilor de informa\u021bii americane \u0219i diplomatice. \u00cen timp ce trupele ruse\u0219ti avanseaz\u0103 cu o campanie de for\u021b\u0103 pentru a cuceri estul Ucrainei, capacitatea na\u021biunii de a rezista asaltului depinde mai mult ca niciodat\u0103 de ajutorul Statelor Unite \u0219i al alia\u021bilor s\u0103i &#8211; inclusiv de o re\u021bea invizibil\u0103 de comandouri \u0219i spioni care se gr\u0103besc s\u0103 furnizeze arme, informa\u021bii \u0219i preg\u0103tire, potrivit oficialilor americani \u0219i europeni.<\/p>\r\n\r\n\r\n\r\n<p class=\"has-black-color has-text-color has-medium-font-size wp-block-paragraph\">O mare parte din aceast\u0103 munc\u0103 se desf\u0103\u0219oar\u0103 \u00een afara Ucrainei, \u00een bazele din Germania, Fran\u021ba \u0219i Marea Britanie, de exemplu. Dar, chiar dac\u0103 administra\u021bia Biden a declarat c\u0103 nu va desf\u0103\u0219ura trupe americane \u00een Ucraina, unii membri ai C.I.A. au continuat s\u0103 opereze \u00een secret \u00een \u021bar\u0103, mai ales \u00een capitala Kiev, dirij\u00e2nd o mare parte din cantitatea uria\u0219\u0103 de informa\u021bii pe care Statele Unite o \u00eemp\u0103rt\u0103\u0219esc cu for\u021bele ucrainene, potrivit unor actuali \u0219i fo\u0219ti oficiali.<\/p>\r\n\r\n\r\n\r\n<p class=\"has-black-color has-text-color has-medium-font-size wp-block-paragraph\">\u00cen acela\u0219i timp, c\u00e2teva zeci de comandouri din alte \u021b\u0103ri N.A.T.O., inclusiv Marea Britanie, Fran\u021ba, Canada \u0219i Lituania, au lucrat, de asemenea, \u00een interiorul Ucrainei. Statele Unite \u0219i-au retras propriii 150 de instructori militari \u00eenainte de \u00eenceperea r\u0103zboiului \u00een februarie, dar comandourile acestor alia\u021bi fie au r\u0103mas, fie au intrat \u0219i au ie\u0219it din \u021bar\u0103 de atunci, antren\u00e2nd \u0219i consilierea trupelor ucrainene \u0219i oferind un canal pe teren pentru arme \u0219i alte ajutoare, au declarat trei oficiali americani.<\/p>\r\n\r\n\r\n\r\n<p class=\"has-black-color has-text-color has-medium-font-size wp-block-paragraph\">Pu\u021bine alte detalii au ap\u0103rut despre ceea ce face personalul C.I.A. sau comandourile, dar prezen\u021ba lor \u00een \u021bar\u0103 &#8211; pe l\u00e2ng\u0103 membrii personalului diplomatic care s-au \u00eentors dup\u0103 ce Rusia a renun\u021bat la asediul asupra Kievului &#8211; sugereaz\u0103 amploarea efortului secret de asisten\u021b\u0103 pentru Ucraina care este \u00een curs de desf\u0103\u0219urare \u0219i riscurile pe care Washingtonul \u0219i alia\u021bii s\u0103i \u0219i le asum\u0103.<\/p>\r\n\r\n\r\n\r\n<p class=\"has-black-color has-text-color has-medium-font-size wp-block-paragraph\">Ucraina r\u0103m\u00e2ne \u00een inferioritate de for\u021be, iar s\u00e2mb\u0103t\u0103, for\u021bele ruse\u0219ti au declan\u0219at un atac cu rachete asupra unor \u021binte din \u00eentreaga \u021bar\u0103, inclusiv \u00een zonele din nord \u0219i vest, care au fost \u00een mare parte cru\u021bate \u00een ultimele s\u0103pt\u0103m\u00e2ni. Se a\u0219teapt\u0103 ca pre\u0219edintele Biden \u0219i liderii alia\u021bi s\u0103 discute despre un sprijin suplimentar pentru Ucraina la o reuniune a Grupului celor 7 na\u021biuni industrializate care \u00eencepe duminic\u0103 \u00een Germania \u0219i la un summit N.A.T.O. \u00een Spania, la sf\u00e2r\u0219itul s\u0103pt\u0103m\u00e2nii.<\/p>\r\n\r\n\r\n\r\n<p class=\"has-black-color has-text-color has-medium-font-size wp-block-paragraph\">La scurt timp dup\u0103 ce Rusia a invadat Ucraina \u00een februarie, Grupul 10 al for\u021belor speciale ale armatei, care \u00eenainte de r\u0103zboi a antrenat comandouri ucrainene la o baz\u0103 din vestul \u021b\u0103rii, a \u00eenfiin\u021bat \u00een mod discret o celul\u0103 de planificare a coali\u021biei \u00een Germania pentru a coordona asisten\u021ba militar\u0103 pentru comandourile ucrainene \u0219i alte trupe ucrainene. Celula s-a extins acum la 20 de na\u021biuni.<\/p>\r\n\r\n\r\n<div class=\"wp-block-image\">\r\n<figure class=\"aligncenter size-full is-resized\"><img loading=\"lazy\" decoding=\"async\" src=\"https:\/\/desteptati-va.ro\/wp-content\/uploads\/2022\/08\/Christine-Wormuth.jpg\" alt=\"\" class=\"wp-image-5159\" width=\"426\" height=\"533\"\/><figcaption class=\"wp-element-caption\">Secretarul armatei, Christine E. Wormuth<\/figcaption><\/figure>\r\n<\/div>\r\n\r\n\r\n<p class=\"has-black-color has-text-color has-medium-font-size wp-block-paragraph\">Secretarul armatei, Christine E. Wormuth, a oferit luna trecut\u0103 o privire asupra opera\u021biunii, spun\u00e2nd c\u0103 celula de opera\u021biuni speciale a ajutat la gestionarea fluxului de arme \u0219i echipamente \u00een Ucraina.&nbsp;<em>\u201ePe m\u0103sur\u0103 ce ucrainenii \u00eencearc\u0103 s\u0103 mute asta \u0219i s\u0103 se fereasc\u0103 de ru\u0219ii care ar putea \u00eencerca s\u0103 \u021binteasc\u0103 convoaiele, \u0219ti\u021bi, \u00eencerc\u0103m s\u0103 fim capabili s\u0103 ajut\u0103m la coordonarea deplas\u0103rii tuturor acestor diferite tipuri de transporturi\u201d<\/em>, a declarat ea la un eveniment de securitate na\u021bional\u0103 organizat de Consiliul Atlantic.&nbsp;<em>\u201eUn alt lucru cu care cred c\u0103 putem ajuta&#8221;, a spus ea, \u201eeste furnizarea de informa\u021bii despre unde ar putea fi amenin\u021b\u0103rile la adresa acestor convoaie\u201d.<\/em><\/p>\r\n\r\n\r\n\r\n<p class=\"has-black-color has-text-color has-medium-font-size wp-block-paragraph\">Celula, care a fost modelat\u0103 dup\u0103 o structur\u0103 folosit\u0103 \u00een Afganistan, face parte dintr-un set mai larg de celule de coordonare opera\u021bional\u0103 \u0219i de informa\u021bii gestionate de Comandamentul European al Pentagonului pentru a accelera asisten\u021ba aliat\u0103 pentru trupele ucrainene. La baza aerian\u0103 Ramstein din Germania, de exemplu, o echip\u0103 a For\u021belor Aeriene \u0219i a G\u0103rzii Na\u021bionale Aeriene americane, denumit\u0103 \u201eGrey Wolf\u201d, ofer\u0103 sprijin, inclusiv \u00een ceea ce prive\u0219te tacticile \u0219i tehnicile, for\u021belor aeriene ucrainene, a declarat un purt\u0103tor de cuv\u00e2nt militar.<\/p>\r\n\r\n\r\n\r\n<p class=\"has-black-color has-text-color has-medium-font-size wp-block-paragraph\">Comandourile nu se afl\u0103 pe linia frontului al\u0103turi de trupele ucrainene \u0219i, \u00een schimb, ofer\u0103 consultan\u021b\u0103 de la cartierele generale din alte p\u0103r\u021bi ale \u021b\u0103rii sau de la distan\u021b\u0103, prin comunica\u021bii criptate, potrivit oficialilor americani \u0219i altor oficiali occidentali, care au vorbit sub protec\u021bia anonimatului pentru a discuta chestiuni opera\u021bionale. Dar semnele sprijinului lor invizibil \u00een materie de logistic\u0103, instruire \u0219i informa\u021bii sunt tangibile pe c\u00e2mpul de lupt\u0103.<\/p>\r\n\r\n\r\n\r\n<p class=\"has-black-color has-text-color has-medium-font-size wp-block-paragraph\">Mai mul\u021bi comandan\u021bi ucraineni de nivel inferior \u0219i-au exprimat recent aprecierea fa\u021b\u0103 de Statele Unite pentru informa\u021biile culese din imaginile ob\u021binute prin satelit, pe care le pot consulta pe tablete electronice furnizate de alia\u021bi. Tabletele ruleaz\u0103 o aplica\u021bie de cartografiere a c\u00e2mpului de lupt\u0103 pe care ucrainenii o folosesc pentru a \u021binti \u0219i ataca trupele ruse\u0219ti.<\/p>\r\n\r\n\r\n\r\n<p class=\"has-black-color has-text-color has-medium-font-size wp-block-paragraph\">Pe o strad\u0103 din Bakhmut, un ora\u0219 din regiunea Donbas din estul Ucrainei, care face obiectul unor dispute aprinse, un grup de for\u021be ucrainene pentru opera\u021biuni speciale avea pete cu steagul american pe echipament \u0219i erau echipate cu noi rachete portabile sol-aer, precum \u0219i cu pu\u0219ti de asalt belgiene \u0219i americane.<\/p>\r\n\r\n\r\n<div class=\"wp-block-image\">\r\n<figure class=\"aligncenter size-full is-resized\"><img loading=\"lazy\" decoding=\"async\" src=\"https:\/\/desteptati-va.ro\/wp-content\/uploads\/2022\/08\/Lt._Gen._Jonathan_P._Braga.jpg\" alt=\"\" class=\"wp-image-5164\" width=\"402\" height=\"503\"\/><figcaption class=\"wp-element-caption\">General Jonathan P. Braga, comandantul Comandamentului pentru opera\u021biuni speciale al armatei americane<\/figcaption><\/figure>\r\n<\/div>\r\n\r\n\r\n<p class=\"has-black-color has-text-color has-medium-font-size wp-block-paragraph\"><em>\u201eCeea ce este o poveste nespus\u0103 este parteneriatul interna\u021bional cu for\u021bele pentru opera\u021biuni speciale ale unei multitudini de \u021b\u0103ri diferite\u201d<\/em>, a declarat \u00een aprilie, \u00een fa\u021ba senatorilor, locotenentul general Jonathan P. Braga, comandantul Comandamentului pentru opera\u021biuni speciale al armatei americane, descriind celula de planificare.&nbsp;<em>\u201eEi s-au unit \u00een mod absolut \u00eentr-un impact mult mai mare\u201d<\/em>&nbsp;pentru a sprijini armata \u0219i for\u021bele speciale ale Ucrainei.<\/p>\r\n\r\n\r\n\r\n<p class=\"has-black-color has-text-color has-medium-font-size wp-block-paragraph\">Reprezentantul Jason Crow, un democrat din Colorado fost militar Ranger care face parte din comisiile pentru servicii armate \u0219i de informa\u021bii din Camera Reprezentan\u021bilor, a declarat \u00eentr-un interviu c\u0103 rela\u021biile pe care comandourile ucrainene le-au dezvoltat cu omologii americani \u0219i cu al\u021bi omologi \u00een ultimii ani s-au dovedit a fi de nepre\u021buit \u00een lupta \u00eempotriva Rusiei:&nbsp;<em>\u201eA fost esen\u021bial s\u0103 \u0219tim cu cine s\u0103 trat\u0103m \u00een situa\u021bii haotice pe c\u00e2mpul de lupt\u0103 \u0219i cui s\u0103 facem rost de arme&#8221;, a declarat Crow,. &#8222;F\u0103r\u0103 aceste rela\u021bii, acest lucru ar fi durat mult mai mult\u201d.<\/em><\/p>\r\n\r\n\r\n<div class=\"wp-block-image\">\r\n<figure class=\"aligncenter size-full is-resized\"><img loading=\"lazy\" decoding=\"async\" src=\"https:\/\/desteptati-va.ro\/wp-content\/uploads\/2022\/08\/Douglas-H.-Wise.jpg\" alt=\"\" class=\"wp-image-5167\" width=\"400\" height=\"500\"\/><figcaption class=\"wp-element-caption\">Douglas H. Wise, fost director adjunct al Agen\u021biei de Informa\u021bii a Ap\u0103r\u0103rii \u0219i ofi\u021ber superior al C.I.A. \u00een retragere.<\/figcaption><\/figure>\r\n<\/div>\r\n\r\n\r\n<p class=\"has-black-color has-text-color has-medium-font-size wp-block-paragraph\">Ofi\u021berii C.I.A. care opereaz\u0103 \u00een Ucraina s-au concentrat pe direc\u021bionarea informa\u021biilor pe care guvernul SUA le-a furnizat guvernului ucrainean. Cea mai mare parte a activit\u0103\u021bii lor s-a desf\u0103\u0219urat la Kiev, potrivit unor actuali \u0219i fo\u0219ti oficiali.&nbsp;<strong>\u00cen timp ce guvernul SUA nu recunoa\u0219te c\u0103 C.I.A. opereaz\u0103 \u00een Ucraina sau \u00een orice alt\u0103 \u021bar\u0103, prezen\u021ba ofi\u021berilor este bine \u00een\u021beleas\u0103 de Rusia \u0219i de alte servicii de informa\u021bii din \u00eentreaga lume.<\/strong>&nbsp;Dar expertiza agen\u021biei \u00een materie de preg\u0103tire este \u00een opera\u021biuni de contrainsurgen\u021b\u0103 \u0219i de combatere a terorismului, spun fo\u0219tii oficiali din serviciile de informa\u021bii. Ceea ce au nevoie ucrainenii \u00een acest moment este o preg\u0103tire militar\u0103 clasic\u0103 \u00een ceea ce prive\u0219te modul de utilizare a artileriei cu rachete, cum ar fi High Mobility Artillery Rocket Systems, sau \u201eHIMARS\u201d, \u0219i a altor arme sofisticate, a declarat Douglas H. Wise, fost director adjunct al Agen\u021biei de Informa\u021bii a Ap\u0103r\u0103rii \u0219i ofi\u021ber superior al C.I.A. \u00een retragere.<\/p>\r\n\r\n\r\n\r\n<p class=\"has-black-color has-text-color has-medium-font-size wp-block-paragraph\"><em>\u201eVorbim aici de lupte pe scar\u0103 larg\u0103, vorbim despre b\u0103t\u0103lii moderne tanc contra tanc cu for\u021be militare masive. Nu-mi pot imagina c\u0103 C.I.A. \u00eei antreneaz\u0103 pe ucraineni cum s\u0103 trag\u0103 cu HIMARS\u201d<\/em>, a spus Wise.<\/p>\r\n\r\n\r\n\r\n<p class=\"has-black-color has-text-color has-medium-font-size wp-block-paragraph\">Administra\u021bia Biden a trimis p\u00e2n\u0103 \u00een prezent patru dintre sistemele mobile de rachete cu lansare multipl\u0103 \u00een Ucraina \u0219i a anun\u021bat joi c\u0103 alte patru sunt pe drum. Acestea sunt cele mai avansate arme pe care Statele Unite le-au furnizat p\u00e2n\u0103 acum Ucrainei, cu rachete care au o raz\u0103 de ac\u021biune de p\u00e2n\u0103 la 40 de mile, mai mare dec\u00e2t tot ce are Ucraina \u00een prezent.<\/p>\r\n\r\n\r\n<div class=\"wp-block-image\">\r\n<figure class=\"aligncenter size-full is-resized\"><img loading=\"lazy\" decoding=\"async\" src=\"https:\/\/desteptati-va.ro\/wp-content\/uploads\/2022\/08\/General_Mark_A._Milley-1.jpg\" alt=\"\" class=\"wp-image-5168\" width=\"518\" height=\"646\"\/><figcaption class=\"wp-element-caption\">U.S. Army Gen. Mark A. Milley, 20th Chairman, Joint Chiefs of Staff, poses for a command portrait in the Army portrait studio at the Pentagon in Arlington, Va., Sept. 26, 2019.  (U.S. Army photo by Monica King)<\/figcaption><\/figure>\r\n<\/div>\r\n\r\n\r\n<p class=\"has-black-color has-text-color has-medium-font-size wp-block-paragraph\">Oficiali ai Pentagonului spun c\u0103 un prim grup de 60 de solda\u021bi ucraineni a fost instruit cu privire la modul de utilizare a sistemelor, iar un al doilea grup este acum \u00een curs de instruire \u00een Germania. Generalul Mark A. Milley, \u0219eful Statului Major \u00centrunit, a declarat c\u0103 antrenamentul a \u00eenceput \u00eentr-o manier\u0103 \u201era\u021bional\u0103 \u0219i deliberat\u0103\u201d, pe m\u0103sur\u0103 ce ucrainenii care au folosit \u00een mod istoric sisteme din epoca sovietic\u0103 \u00eenva\u021b\u0103 mecanica armelor americane, mai high-tech.&nbsp;<em>\u201eNu este bine s\u0103 arunc\u0103m pur \u0219i simplu aceste sisteme pe c\u00e2mpul de lupt\u0103\u201d<\/em>, a declarat generalul Milley reporterilor care c\u0103l\u0103toreau cu el \u00eentr-un zbor recent de \u00eentoarcere \u00een Statele Unite, dup\u0103 \u00eent\u00e2lniri cu \u0219efii militari europeni \u00een Fran\u021ba.<\/p>\r\n\r\n\r\n\r\n<p class=\"has-black-color has-text-color has-medium-font-size wp-block-paragraph\">Dup\u0103 o \u00eent\u00e2lnire la Bruxelles \u00een aceast\u0103 lun\u0103, generalul Milley \u0219i liderii militari din aproape 50 de \u021b\u0103ri s-au angajat s\u0103 creasc\u0103 fluxul de artilerie avansat\u0103 \u0219i alte arme c\u0103tre Ucraina.&nbsp;<em>\u201eToate acestea necesit\u0103 un pic de timp \u0219i un efort semnificativ&#8221;, a declarat generalul Milley. Trupele americane au nevoie de \u0219ase p\u00e2n\u0103 la opt s\u0103pt\u0103m\u00e2ni pentru a \u00eenv\u0103\u021ba cum s\u0103 foloseasc\u0103 sistemele, dar ucrainenii au un program de preg\u0103tire accelerat\u0103 de dou\u0103 s\u0103pt\u0103m\u00e2ni\u201d<\/em>, a spus el. Cu toate acestea, fo\u0219ti oficiali militari care au lucrat cu armata ucrainean\u0103 \u0219i-au exprimat frustrarea cu privire la unele dintre eforturile de instruire.<\/p>\r\n\r\n\r\n\r\n<p class=\"has-black-color has-text-color has-medium-font-size wp-block-paragraph\">De exemplu, ucrainenii au \u00eent\u00e2mpinat dificult\u0103\u021bi \u00een evacuarea solda\u021bilor r\u0103ni\u021bi pe linia frontului. Statele Unite ar putea intensifica instruirea \u00een domeniul primului ajutor \u00een prima linie \u0219i s\u0103-i consilieze pe ucraineni cu privire la modul \u00een care s\u0103 \u00eenfiin\u021beze o re\u021bea de spitale mobile intermediare pentru a stabiliza r\u0103ni\u021bii \u0219i a-i transporta, au declarat fo\u0219tii oficiali.<\/p>\r\n\r\n\r\n\r\n<p class=\"has-black-color has-text-color has-medium-font-size wp-block-paragraph\"><em>\u201eEi pierd 100 de solda\u021bi pe zi. Este aproape ca la apogeul R\u0103zboiului din Vietnam pentru noi; este teribil \u0219i pierd o mul\u021bime de oameni cu experien\u021b\u0103\u201d<\/em>, a declarat un fost oficial al administra\u021biei Trump. \u201eBeretele verzi\u201d ale armatei din Germania au \u00eenceput recent instruirea medical\u0103 pentru trupele ucrainene, care au fost scoase din \u021bar\u0103 pentru instruire, a declarat un oficial militar american. Din 2015 \u0219i p\u00e2n\u0103 la \u00eenceputul acestui an, instructori ai For\u021belor Speciale americane \u0219i ai G\u0103rzii Na\u021bionale au instruit peste 27.000 de solda\u021bi ucraineni la Centrul de preg\u0103tire pentru lupt\u0103 Yavoriv din vestul Ucrainei, \u00een apropiere de ora\u0219ul Lviv, au declarat oficiali ai Pentagonului.<\/p>\r\n\r\n\r\n\r\n<p class=\"has-black-color has-text-color has-medium-font-size wp-block-paragraph\">Consilieri militari din aproximativ o duzin\u0103 de \u021b\u0103ri aliate au antrenat, de asemenea, mii de militari ucraineni \u00een Ucraina \u00een ultimii ani. Din 2014, c\u00e2nd Rusia a invadat pentru prima dat\u0103 p\u0103r\u021bi ale \u021b\u0103rii, Ucraina \u0219i-a extins micile for\u021be speciale de la o singur\u0103 unitate la trei brig\u0103zi \u0219i un regiment de antrenament. \u00cen ultimele 18 luni, a ad\u0103ugat o companie de gard\u0103 intern\u0103 &#8211; antrenat\u0103 \u00een tactici de rezisten\u021b\u0103 &#8211; la fiecare dintre aceste brig\u0103zi, a declarat \u00een aprilie \u00een Senat generalul Richard D. Clarke, \u0219eful Comandamentului pentru opera\u021biuni speciale al Pentagonului, \u00een fa\u021ba Senatului.<\/p>\r\n\r\n\r\n\r\n<p class=\"has-black-color has-text-color has-medium-font-size wp-block-paragraph\"><strong>Cea mai acut\u0103 problem\u0103 de preg\u0103tire a armatei ucrainene \u00een acest moment este c\u0103 \u00ee\u0219i pierde for\u021bele cele mai experimentate \u0219i bine antrenate, potrivit unor fo\u0219ti oficiali americani care au lucrat cu ucrainenii.<\/strong><\/p>\r\n\r\n\r\n\r\n<p class=\"has-black-color has-text-color has-medium-font-size wp-block-paragraph\">Fostul oficial al administra\u021biei Trump a declarat c\u0103 Comandamentul pentru Opera\u021biuni Speciale avea grupuri mici de operatori americani care lucrau pe teren cu oficialii ucraineni \u00eenainte de r\u0103zboi. Echipele americane erau uneori numite Jedburgh, o referire la un efort din Al Doilea R\u0103zboi Mondial de a antrena partizani \u00een spatele liniilor inamice, a spus oficialul.<\/p>\r\n\r\n\r\n\r\n<p class=\"has-black-color has-text-color has-medium-font-size wp-block-paragraph\">Echipele moderne de opera\u021biuni speciale se concentrau \u00een principal pe instruirea \u00een tacticile unit\u0103\u021bilor mici, dar lucrau, de asemenea, \u00een domeniul comunica\u021biilor, al medicinei de pe c\u00e2mpul de lupt\u0103, al recunoa\u0219terii \u0219i al altor abilit\u0103\u021bi solicitate de for\u021bele ucrainene. Aceste eforturi, a spus oficialul, s-au \u00eencheiat \u00eenainte de invazia rus\u0103, dar ar fi fost utile dac\u0103 ar fi continuat \u00een timpul r\u0103zboiului.<\/p>\r\n\r\n\r\n\r\n<p class=\"has-black-color has-text-color has-medium-font-size wp-block-paragraph\">A avea instructori americani pe teren acum ar putea s\u0103 nu merite riscurile, au declarat al\u021bi fo\u0219ti oficiali, mai ales dac\u0103 ar determina o escaladare din partea pre\u0219edintelui rus Vladimir Putin.<\/p>\r\n\r\n\r\n\r\n<p class=\"has-black-color has-text-color has-medium-font-size wp-block-paragraph\">\u201eAr merita oare \u00eembun\u0103t\u0103\u021birea preg\u0103tirii s\u0103 merite posibilul pre\u021b care va trebui s\u0103 fie pl\u0103tit? Un r\u0103spuns este probabil c\u0103 nu\u201d a spus Wise.<\/p>\r\n\r\n\r\n\r\n<p class=\"has-black-color has-text-color has-medium-font-size wp-block-paragraph\">Cine sunt cei trei jurnali\u0219ti care semneaz\u0103 ancheta?<\/p>\r\n\r\n\r\n<div class=\"wp-block-image\">\r\n<figure class=\"alignleft size-full is-resized\"><img loading=\"lazy\" decoding=\"async\" src=\"https:\/\/desteptati-va.ro\/wp-content\/uploads\/2022\/08\/Eric_S._Schmitt_-_SBD_-_Federalist_Society_-_Missouri-13_49451147401_cropped.jpg\" alt=\"\" class=\"wp-image-5160\" width=\"264\" height=\"340\"\/><figcaption class=\"wp-element-caption\"> Eric Schmitt<\/figcaption><\/figure>\r\n<\/div>\r\n\r\n\r\n<p class=\"has-black-color has-text-color has-medium-font-size wp-block-paragraph\">&#8211; Eric Schmitt este un publicist experimentat care a c\u0103l\u0103torit \u00een lume acoperind teme precum terorismul \u0219i securitatea na\u021bional\u0103. El a fost, de asemenea, corespondent la Pentagon. Membru al echipei Times din 1983, el c\u00e2\u0219tigat patru premii Pulitzer.<\/p>\r\n\r\n\r\n<div class=\"wp-block-image\">\r\n<figure class=\"alignleft size-full is-resized\"><img loading=\"lazy\" decoding=\"async\" src=\"https:\/\/desteptati-va.ro\/wp-content\/uploads\/2022\/08\/Julian-E.-Barnes.jpg\" alt=\"\" class=\"wp-image-5163\" width=\"437\" height=\"291\"\/><figcaption class=\"wp-element-caption\"> Julian E. Barnes<\/figcaption><\/figure>\r\n<\/div>\r\n\r\n\r\n<p class=\"has-black-color has-text-color has-medium-font-size wp-block-paragraph\">&#8211; Julian E. Barnes este un reporter de securitate na\u021bional\u0103 cu sediul la Washington, care acoper\u0103 agen\u021biile de informa\u021bii. \u00cenainte de a se al\u0103tura The Times \u00een 2018, a scris despre chestiuni de securitate pentru The Wall Street Journal.<\/p>\r\n\r\n\r\n<div class=\"wp-block-image\">\r\n<figure class=\"alignleft size-full is-resized\"><img loading=\"lazy\" decoding=\"async\" src=\"https:\/\/desteptati-va.ro\/wp-content\/uploads\/2022\/08\/Helene-Cooper.jpg\" alt=\"\" class=\"wp-image-5162\" width=\"239\" height=\"316\"\/><\/figure>\r\n<\/div>\r\n\r\n\r\n<p class=\"has-black-color has-text-color has-medium-font-size wp-block-paragraph\">&#8211; Helene Cooper este corespondent la Pentagon. Anterior, a fost redactor, corespondent diplomatic \u0219i corespondent la Casa Alb\u0103 \u0219i a f\u0103cut parte din echipa care a primit Premiul Pulitzer pentru reportaj interna\u021bional \u00een 2015, pentru acoperirea epidemiei de Ebola[1].<\/p>\r\n        <div class=\"booster-block booster-reactions-block\">\n            <div class=\"twp-reactions-icons\">\n                \n                <div class=\"twp-reacts-wrap\">\n                    <a react-data=\"be-react-1\" post-id=\"5153\" class=\"be-face-icons un-reacted\" href=\"javascript:void(0)\">\n                        <img decoding=\"async\" src=\"https:\/\/desteptati-va.ro\/wp-content\/plugins\/booster-extension\/\/assets\/icon\/happy.svg\" alt=\"Happy\">\n                    <\/a>\n                    <div class=\"twp-reaction-title\">\n                        Happy                    <\/div>\n                    <div class=\"twp-count-percent\">\n                                                    <span style=\"display: none;\" class=\"twp-react-count\">0<\/span>\n                        \n                                                <span class=\"twp-react-percent\"><span>0<\/span> %<\/span>\n                                            <\/div>\n                <\/div>\n\n                <div class=\"twp-reacts-wrap\">\n                    <a react-data=\"be-react-2\" post-id=\"5153\" class=\"be-face-icons un-reacted\" href=\"javascript:void(0)\">\n                        <img decoding=\"async\" src=\"https:\/\/desteptati-va.ro\/wp-content\/plugins\/booster-extension\/\/assets\/icon\/sad.svg\" alt=\"Sad\">\n                    <\/a>\n                    <div class=\"twp-reaction-title\">\n                        Sad                    <\/div>\n                    <div class=\"twp-count-percent\">\n                                                    <span style=\"display: none;\" class=\"twp-react-count\">0<\/span>\n                                                                        <span class=\"twp-react-percent\"><span>0<\/span> %<\/span>\n                                            <\/div>\n                <\/div>\n\n                <div class=\"twp-reacts-wrap\">\n                    <a react-data=\"be-react-3\" post-id=\"5153\" class=\"be-face-icons un-reacted\" href=\"javascript:void(0)\">\n                        <img decoding=\"async\" src=\"https:\/\/desteptati-va.ro\/wp-content\/plugins\/booster-extension\/\/assets\/icon\/excited.svg\" alt=\"Excited\">\n                    <\/a>\n                    <div class=\"twp-reaction-title\">\n                        Excited                    <\/div>\n                    <div class=\"twp-count-percent\">\n                                                    <span style=\"display: none;\" class=\"twp-react-count\">0<\/span>\n                                                                        <span class=\"twp-react-percent\"><span>0<\/span> %<\/span>\n                                            <\/div>\n                <\/div>\n\n                <div class=\"twp-reacts-wrap\">\n                    <a react-data=\"be-react-6\" post-id=\"5153\" class=\"be-face-icons un-reacted\" href=\"javascript:void(0)\">\n                        <img decoding=\"async\" src=\"https:\/\/desteptati-va.ro\/wp-content\/plugins\/booster-extension\/\/assets\/icon\/sleepy.svg\" alt=\"Sleepy\">\n                    <\/a>\n                    <div class=\"twp-reaction-title\">\n                        Sleepy                    <\/div>\n                    <div class=\"twp-count-percent\">\n                                                    <span style=\"display: none;\" class=\"twp-react-count\">0<\/span>\n                        \n                                                <span class=\"twp-react-percent\"><span>0<\/span> %<\/span>\n                                            <\/div>\n                <\/div>\n\n                <div class=\"twp-reacts-wrap\">\n                    <a react-data=\"be-react-4\" post-id=\"5153\" class=\"be-face-icons un-reacted\" href=\"javascript:void(0)\">\n                        <img decoding=\"async\" src=\"https:\/\/desteptati-va.ro\/wp-content\/plugins\/booster-extension\/\/assets\/icon\/angry.svg\" alt=\"Angry\">\n                    <\/a>\n                    <div class=\"twp-reaction-title\">Angry<\/div>\n                    <div class=\"twp-count-percent\">\n                                                    <span style=\"display: none;\" class=\"twp-react-count\">0<\/span>\n                                                                        <span class=\"twp-react-percent\"><span>0<\/span> %<\/span>\n                        \n                    <\/div>\n                <\/div>\n\n                <div class=\"twp-reacts-wrap\">\n                    <a react-data=\"be-react-5\" post-id=\"5153\" class=\"be-face-icons un-reacted\" href=\"javascript:void(0)\">\n                        <img decoding=\"async\" src=\"https:\/\/desteptati-va.ro\/wp-content\/plugins\/booster-extension\/\/assets\/icon\/surprise.svg\" alt=\"Surprise\">\n                    <\/a>\n                    <div class=\"twp-reaction-title\">Surprise<\/div>\n                    <div class=\"twp-count-percent\">\n                                                    <span style=\"display: none;\" class=\"twp-react-count\">0<\/span>\n                                                                        <span class=\"twp-react-percent\"><span>0<\/span> %<\/span>\n                                            <\/div>\n                <\/div>\n\n            <\/div>\n        <\/div>\n\n    <\/div>","protected":false},"excerpt":{"rendered":"<p>Comandouri N.A.T.O. au efectuat opera\u021biuni \u00een Ucraina\u201d Redactia ART-EMIS &nbsp;29 Iunie 2022 Trei jurnali\u0219ti americani fac dezv\u0103luiri care ar putea<a href=\"https:\/\/desteptati-va.ro\/index.php\/2022\/08\/11\/comandouri-n-a-t-o-in-ucraina\/\">Read More<i class=\"fa fa-long-arrow-right\" aria-hidden=\"true\"><\/i><\/a><\/p>\n","protected":false},"author":1,"featured_media":5165,"comment_status":"open","ping_status":"open","sticky":false,"template":"","format":"standard","meta":{"_crdt_document":"","footnotes":""},"categories":[1758,1],"tags":[],"class_list":["post-5153","post","type-post","status-publish","format-standard","has-post-thumbnail","hentry","category-articole-despre-ucraina","category-fara-categorie"],"rise-blocks_total_comments":133,"rise-blocks_categories":[{"term_id":1,"name":"F\u0103r\u0103 categorie","slug":"fara-categorie","term_group":0,"term_taxonomy_id":1,"taxonomy":"category","description":"","parent":0,"count":7,"filter":"raw"}],"rise-blocks_excerpt":"Comandouri N.A.T.O. au efectuat opera\u021biuni \u00een Ucraina\u201d Redactia ART-EMIS &nbsp;29 Iunie 2022 Trei jurnali\u0219ti americani fac dezv\u0103luiri care ar putea declan\u0219a un r\u0103zboi \u00eentre Rusia \u0219i N.A.T.O. O opera\u021biune secret\u0103 \u00een care sunt implicate for\u021bele de opera\u021biuni speciale ale SUA las\u0103 s\u0103 se \u00eentrevad\u0103 amploarea efortului de a ajuta armata ucrainean\u0103, care este \u00eenc\u0103 \u00een inferioritate de arme, informeaz\u0103 publica\u021bia..","yoast_head":"<!-- This site is optimized with the Yoast SEO plugin v26.9 - https:\/\/yoast.com\/product\/yoast-seo-wordpress\/ -->\r\n<title>Comandouri N.A.T.O. in Ucraina -<\/title>\r\n<meta name=\"robots\" content=\"index, follow, max-snippet:-1, max-image-preview:large, max-video-preview:-1\" \/>\r\n<link rel=\"canonical\" href=\"https:\/\/desteptati-va.ro\/index.php\/2022\/08\/11\/comandouri-n-a-t-o-in-ucraina\/\" \/>\r\n<meta property=\"og:locale\" content=\"ro_RO\" \/>\r\n<meta property=\"og:type\" content=\"article\" \/>\r\n<meta property=\"og:title\" content=\"Comandouri N.A.T.O. in Ucraina -\" \/>\r\n<meta property=\"og:description\" content=\"Comandouri N.A.T.O. au efectuat opera\u021biuni \u00een Ucraina\u201d Redactia ART-EMIS &nbsp;29 Iunie 2022 Trei jurnali\u0219ti americani fac dezv\u0103luiri care ar puteaRead More\" \/>\r\n<meta property=\"og:url\" content=\"https:\/\/desteptati-va.ro\/index.php\/2022\/08\/11\/comandouri-n-a-t-o-in-ucraina\/\" \/>\r\n<meta property=\"article:published_time\" content=\"2022-08-11T10:36:09+00:00\" \/>\r\n<meta property=\"article:modified_time\" content=\"2022-09-05T11:56:04+00:00\" \/>\r\n<meta property=\"og:image\" content=\"https:\/\/desteptati-va.ro\/wp-content\/uploads\/2022\/08\/Trupe-Comando-SUA.jpg\" \/>\r\n\t<meta property=\"og:image:width\" content=\"295\" \/>\r\n\t<meta property=\"og:image:height\" content=\"171\" \/>\r\n\t<meta property=\"og:image:type\" content=\"image\/jpeg\" \/>\r\n<meta name=\"author\" content=\"wolfsoftcompany\" \/>\r\n<meta name=\"twitter:card\" content=\"summary_large_image\" \/>\r\n<meta name=\"twitter:label1\" content=\"Scris de\" \/>\n\t<meta name=\"twitter:data1\" content=\"wolfsoftcompany\" \/>\n\t<meta name=\"twitter:label2\" content=\"Timp estimat pentru citire\" \/>\n\t<meta name=\"twitter:data2\" content=\"14 minute\" \/>\r\n<script type=\"application\/ld+json\" class=\"yoast-schema-graph\">{\"@context\":\"https:\/\/schema.org\",\"@graph\":[{\"@type\":\"Article\",\"@id\":\"https:\/\/desteptati-va.ro\/index.php\/2022\/08\/11\/comandouri-n-a-t-o-in-ucraina\/#article\",\"isPartOf\":{\"@id\":\"https:\/\/desteptati-va.ro\/index.php\/2022\/08\/11\/comandouri-n-a-t-o-in-ucraina\/\"},\"author\":{\"name\":\"wolfsoftcompany\",\"@id\":\"https:\/\/desteptati-va.ro\/#\/schema\/person\/13182deeebd44920914899f7bb262d6b\"},\"headline\":\"Comandouri N.A.T.O. in Ucraina\",\"datePublished\":\"2022-08-11T10:36:09+00:00\",\"dateModified\":\"2022-09-05T11:56:04+00:00\",\"mainEntityOfPage\":{\"@id\":\"https:\/\/desteptati-va.ro\/index.php\/2022\/08\/11\/comandouri-n-a-t-o-in-ucraina\/\"},\"wordCount\":2435,\"commentCount\":13,\"image\":{\"@id\":\"https:\/\/desteptati-va.ro\/index.php\/2022\/08\/11\/comandouri-n-a-t-o-in-ucraina\/#primaryimage\"},\"thumbnailUrl\":\"https:\/\/desteptati-va.ro\/wp-content\/uploads\/2022\/08\/Trupe-Comando-SUA.jpg\",\"articleSection\":[\"Despre UCRAINA\"],\"inLanguage\":\"ro-RO\",\"potentialAction\":[{\"@type\":\"CommentAction\",\"name\":\"Comment\",\"target\":[\"https:\/\/desteptati-va.ro\/index.php\/2022\/08\/11\/comandouri-n-a-t-o-in-ucraina\/#respond\"]}]},{\"@type\":\"WebPage\",\"@id\":\"https:\/\/desteptati-va.ro\/index.php\/2022\/08\/11\/comandouri-n-a-t-o-in-ucraina\/\",\"url\":\"https:\/\/desteptati-va.ro\/index.php\/2022\/08\/11\/comandouri-n-a-t-o-in-ucraina\/\",\"name\":\"Comandouri N.A.T.O. in Ucraina -\",\"isPartOf\":{\"@id\":\"https:\/\/desteptati-va.ro\/#website\"},\"primaryImageOfPage\":{\"@id\":\"https:\/\/desteptati-va.ro\/index.php\/2022\/08\/11\/comandouri-n-a-t-o-in-ucraina\/#primaryimage\"},\"image\":{\"@id\":\"https:\/\/desteptati-va.ro\/index.php\/2022\/08\/11\/comandouri-n-a-t-o-in-ucraina\/#primaryimage\"},\"thumbnailUrl\":\"https:\/\/desteptati-va.ro\/wp-content\/uploads\/2022\/08\/Trupe-Comando-SUA.jpg\",\"datePublished\":\"2022-08-11T10:36:09+00:00\",\"dateModified\":\"2022-09-05T11:56:04+00:00\",\"author\":{\"@id\":\"https:\/\/desteptati-va.ro\/#\/schema\/person\/13182deeebd44920914899f7bb262d6b\"},\"breadcrumb\":{\"@id\":\"https:\/\/desteptati-va.ro\/index.php\/2022\/08\/11\/comandouri-n-a-t-o-in-ucraina\/#breadcrumb\"},\"inLanguage\":\"ro-RO\",\"potentialAction\":[{\"@type\":\"ReadAction\",\"target\":[\"https:\/\/desteptati-va.ro\/index.php\/2022\/08\/11\/comandouri-n-a-t-o-in-ucraina\/\"]}]},{\"@type\":\"ImageObject\",\"inLanguage\":\"ro-RO\",\"@id\":\"https:\/\/desteptati-va.ro\/index.php\/2022\/08\/11\/comandouri-n-a-t-o-in-ucraina\/#primaryimage\",\"url\":\"https:\/\/desteptati-va.ro\/wp-content\/uploads\/2022\/08\/Trupe-Comando-SUA.jpg\",\"contentUrl\":\"https:\/\/desteptati-va.ro\/wp-content\/uploads\/2022\/08\/Trupe-Comando-SUA.jpg\",\"width\":295,\"height\":171},{\"@type\":\"BreadcrumbList\",\"@id\":\"https:\/\/desteptati-va.ro\/index.php\/2022\/08\/11\/comandouri-n-a-t-o-in-ucraina\/#breadcrumb\",\"itemListElement\":[{\"@type\":\"ListItem\",\"position\":1,\"name\":\"Prima pagin\u0103\",\"item\":\"https:\/\/desteptati-va.ro\/\"},{\"@type\":\"ListItem\",\"position\":2,\"name\":\"Comandouri N.A.T.O. in Ucraina\"}]},{\"@type\":\"WebSite\",\"@id\":\"https:\/\/desteptati-va.ro\/#website\",\"url\":\"https:\/\/desteptati-va.ro\/\",\"name\":\"\",\"description\":\"\",\"potentialAction\":[{\"@type\":\"SearchAction\",\"target\":{\"@type\":\"EntryPoint\",\"urlTemplate\":\"https:\/\/desteptati-va.ro\/?s={search_term_string}\"},\"query-input\":{\"@type\":\"PropertyValueSpecification\",\"valueRequired\":true,\"valueName\":\"search_term_string\"}}],\"inLanguage\":\"ro-RO\"},{\"@type\":\"Person\",\"@id\":\"https:\/\/desteptati-va.ro\/#\/schema\/person\/13182deeebd44920914899f7bb262d6b\",\"name\":\"wolfsoftcompany\",\"image\":{\"@type\":\"ImageObject\",\"inLanguage\":\"ro-RO\",\"@id\":\"https:\/\/desteptati-va.ro\/#\/schema\/person\/image\/\",\"url\":\"https:\/\/secure.gravatar.com\/avatar\/a6cce9b6d101d27d91690e7073e300fed94c0899890bf998e082cb9d2c3d121e?s=96&d=mm&r=g\",\"contentUrl\":\"https:\/\/secure.gravatar.com\/avatar\/a6cce9b6d101d27d91690e7073e300fed94c0899890bf998e082cb9d2c3d121e?s=96&d=mm&r=g\",\"caption\":\"wolfsoftcompany\"},\"sameAs\":[\"http:\/\/desteptati-va.ro\"],\"url\":\"https:\/\/desteptati-va.ro\/index.php\/author\/wolfsoftcompany\/\"}]}<\/script>\r\n<!-- \/ Yoast SEO plugin. -->","yoast_head_json":{"title":"Comandouri N.A.T.O. in Ucraina -","robots":{"index":"index","follow":"follow","max-snippet":"max-snippet:-1","max-image-preview":"max-image-preview:large","max-video-preview":"max-video-preview:-1"},"canonical":"https:\/\/desteptati-va.ro\/index.php\/2022\/08\/11\/comandouri-n-a-t-o-in-ucraina\/","og_locale":"ro_RO","og_type":"article","og_title":"Comandouri N.A.T.O. in Ucraina -","og_description":"Comandouri N.A.T.O. au efectuat opera\u021biuni \u00een Ucraina\u201d Redactia ART-EMIS &nbsp;29 Iunie 2022 Trei jurnali\u0219ti americani fac dezv\u0103luiri care ar puteaRead More","og_url":"https:\/\/desteptati-va.ro\/index.php\/2022\/08\/11\/comandouri-n-a-t-o-in-ucraina\/","article_published_time":"2022-08-11T10:36:09+00:00","article_modified_time":"2022-09-05T11:56:04+00:00","og_image":[{"width":295,"height":171,"url":"https:\/\/desteptati-va.ro\/wp-content\/uploads\/2022\/08\/Trupe-Comando-SUA.jpg","type":"image\/jpeg"}],"author":"wolfsoftcompany","twitter_card":"summary_large_image","twitter_misc":{"Scris de":"wolfsoftcompany","Timp estimat pentru citire":"14 minute"},"schema":{"@context":"https:\/\/schema.org","@graph":[{"@type":"Article","@id":"https:\/\/desteptati-va.ro\/index.php\/2022\/08\/11\/comandouri-n-a-t-o-in-ucraina\/#article","isPartOf":{"@id":"https:\/\/desteptati-va.ro\/index.php\/2022\/08\/11\/comandouri-n-a-t-o-in-ucraina\/"},"author":{"name":"wolfsoftcompany","@id":"https:\/\/desteptati-va.ro\/#\/schema\/person\/13182deeebd44920914899f7bb262d6b"},"headline":"Comandouri N.A.T.O. in Ucraina","datePublished":"2022-08-11T10:36:09+00:00","dateModified":"2022-09-05T11:56:04+00:00","mainEntityOfPage":{"@id":"https:\/\/desteptati-va.ro\/index.php\/2022\/08\/11\/comandouri-n-a-t-o-in-ucraina\/"},"wordCount":2435,"commentCount":13,"image":{"@id":"https:\/\/desteptati-va.ro\/index.php\/2022\/08\/11\/comandouri-n-a-t-o-in-ucraina\/#primaryimage"},"thumbnailUrl":"https:\/\/desteptati-va.ro\/wp-content\/uploads\/2022\/08\/Trupe-Comando-SUA.jpg","articleSection":["Despre UCRAINA"],"inLanguage":"ro-RO","potentialAction":[{"@type":"CommentAction","name":"Comment","target":["https:\/\/desteptati-va.ro\/index.php\/2022\/08\/11\/comandouri-n-a-t-o-in-ucraina\/#respond"]}]},{"@type":"WebPage","@id":"https:\/\/desteptati-va.ro\/index.php\/2022\/08\/11\/comandouri-n-a-t-o-in-ucraina\/","url":"https:\/\/desteptati-va.ro\/index.php\/2022\/08\/11\/comandouri-n-a-t-o-in-ucraina\/","name":"Comandouri N.A.T.O. in Ucraina -","isPartOf":{"@id":"https:\/\/desteptati-va.ro\/#website"},"primaryImageOfPage":{"@id":"https:\/\/desteptati-va.ro\/index.php\/2022\/08\/11\/comandouri-n-a-t-o-in-ucraina\/#primaryimage"},"image":{"@id":"https:\/\/desteptati-va.ro\/index.php\/2022\/08\/11\/comandouri-n-a-t-o-in-ucraina\/#primaryimage"},"thumbnailUrl":"https:\/\/desteptati-va.ro\/wp-content\/uploads\/2022\/08\/Trupe-Comando-SUA.jpg","datePublished":"2022-08-11T10:36:09+00:00","dateModified":"2022-09-05T11:56:04+00:00","author":{"@id":"https:\/\/desteptati-va.ro\/#\/schema\/person\/13182deeebd44920914899f7bb262d6b"},"breadcrumb":{"@id":"https:\/\/desteptati-va.ro\/index.php\/2022\/08\/11\/comandouri-n-a-t-o-in-ucraina\/#breadcrumb"},"inLanguage":"ro-RO","potentialAction":[{"@type":"ReadAction","target":["https:\/\/desteptati-va.ro\/index.php\/2022\/08\/11\/comandouri-n-a-t-o-in-ucraina\/"]}]},{"@type":"ImageObject","inLanguage":"ro-RO","@id":"https:\/\/desteptati-va.ro\/index.php\/2022\/08\/11\/comandouri-n-a-t-o-in-ucraina\/#primaryimage","url":"https:\/\/desteptati-va.ro\/wp-content\/uploads\/2022\/08\/Trupe-Comando-SUA.jpg","contentUrl":"https:\/\/desteptati-va.ro\/wp-content\/uploads\/2022\/08\/Trupe-Comando-SUA.jpg","width":295,"height":171},{"@type":"BreadcrumbList","@id":"https:\/\/desteptati-va.ro\/index.php\/2022\/08\/11\/comandouri-n-a-t-o-in-ucraina\/#breadcrumb","itemListElement":[{"@type":"ListItem","position":1,"name":"Prima pagin\u0103","item":"https:\/\/desteptati-va.ro\/"},{"@type":"ListItem","position":2,"name":"Comandouri N.A.T.O. in Ucraina"}]},{"@type":"WebSite","@id":"https:\/\/desteptati-va.ro\/#website","url":"https:\/\/desteptati-va.ro\/","name":"","description":"","potentialAction":[{"@type":"SearchAction","target":{"@type":"EntryPoint","urlTemplate":"https:\/\/desteptati-va.ro\/?s={search_term_string}"},"query-input":{"@type":"PropertyValueSpecification","valueRequired":true,"valueName":"search_term_string"}}],"inLanguage":"ro-RO"},{"@type":"Person","@id":"https:\/\/desteptati-va.ro\/#\/schema\/person\/13182deeebd44920914899f7bb262d6b","name":"wolfsoftcompany","image":{"@type":"ImageObject","inLanguage":"ro-RO","@id":"https:\/\/desteptati-va.ro\/#\/schema\/person\/image\/","url":"https:\/\/secure.gravatar.com\/avatar\/a6cce9b6d101d27d91690e7073e300fed94c0899890bf998e082cb9d2c3d121e?s=96&d=mm&r=g","contentUrl":"https:\/\/secure.gravatar.com\/avatar\/a6cce9b6d101d27d91690e7073e300fed94c0899890bf998e082cb9d2c3d121e?s=96&d=mm&r=g","caption":"wolfsoftcompany"},"sameAs":["http:\/\/desteptati-va.ro"],"url":"https:\/\/desteptati-va.ro\/index.php\/author\/wolfsoftcompany\/"}]}},"_links":{"self":[{"href":"https:\/\/desteptati-va.ro\/index.php\/wp-json\/wp\/v2\/posts\/5153","targetHints":{"allow":["GET"]}}],"collection":[{"href":"https:\/\/desteptati-va.ro\/index.php\/wp-json\/wp\/v2\/posts"}],"about":[{"href":"https:\/\/desteptati-va.ro\/index.php\/wp-json\/wp\/v2\/types\/post"}],"author":[{"embeddable":true,"href":"https:\/\/desteptati-va.ro\/index.php\/wp-json\/wp\/v2\/users\/1"}],"replies":[{"embeddable":true,"href":"https:\/\/desteptati-va.ro\/index.php\/wp-json\/wp\/v2\/comments?post=5153"}],"version-history":[{"count":4,"href":"https:\/\/desteptati-va.ro\/index.php\/wp-json\/wp\/v2\/posts\/5153\/revisions"}],"predecessor-version":[{"id":5188,"href":"https:\/\/desteptati-va.ro\/index.php\/wp-json\/wp\/v2\/posts\/5153\/revisions\/5188"}],"wp:featuredmedia":[{"embeddable":true,"href":"https:\/\/desteptati-va.ro\/index.php\/wp-json\/wp\/v2\/media\/5165"}],"wp:attachment":[{"href":"https:\/\/desteptati-va.ro\/index.php\/wp-json\/wp\/v2\/media?parent=5153"}],"wp:term":[{"taxonomy":"category","embeddable":true,"href":"https:\/\/desteptati-va.ro\/index.php\/wp-json\/wp\/v2\/categories?post=5153"},{"taxonomy":"post_tag","embeddable":true,"href":"https:\/\/desteptati-va.ro\/index.php\/wp-json\/wp\/v2\/tags?post=5153"}],"curies":[{"name":"wp","href":"https:\/\/api.w.org\/{rel}","templated":true}]}}